{"id":27057,"date":"2023-07-09T00:04:22","date_gmt":"2023-07-08T22:04:22","guid":{"rendered":"https:\/\/stuttgarti-katolikusok.de\/?p=27057"},"modified":"2023-07-09T00:05:43","modified_gmt":"2023-07-08T22:05:43","slug":"evkozi-14-vasarnap","status":"publish","type":"post","link":"https:\/\/stuttgarti-katolikusok.de\/index.php\/evkozi-14-vasarnap\/","title":{"rendered":"\u00c9vk\u00f6zi 14. vas\u00e1rnap"},"content":{"rendered":"<p><span style=\"color: #008000;\">Kezd\u0151\u00e9nek:<\/span><br \/>\nJ\u00f3s\u00e1godr\u00f3l elm\u00e9lked\u00fcnk, Isten\u00fcnk, templomod belsej\u00e9ben. Isten\u00fcnk, mik\u00e9nt m\u00e1r neved is, \u00fagy f\u00f6ls\u00e9ged is bet\u00f6lt minden f\u00f6ldhat\u00e1rt; jobbod telve igazs\u00e1ggal. (Zsolt 47,10-11)<\/p>\n<p><span style=\"color: #008000;\">K\u00f6ny\u00f6rg\u00e9s:<\/span><br \/>\nIsten\u00fcnk, te szent Fiad megal\u00e1ztat\u00e1sa \u00e1ltal f\u00f6lemelted az elesett emberis\u00e9get. Adj szent \u00f6r\u00f6met nek\u00fcnk, akiket kiragadt\u00e1l a b\u0171n szolgas\u00e1g\u00e1b\u00f3l, \u00e9s fogadj be egykor az \u00f6r\u00f6k boldogs\u00e1gba. A mi Urunk, J\u00e9zus Krisztus, a te Fiad \u00e1ltal, aki veled \u00e9l \u00e9s uralkodik a Szentl\u00e9lekkel egys\u00e9gben, Isten mind\u00f6r\u00f6kk\u00f6n \u00f6r\u00f6kk\u00e9.<\/p>\n<p align=\"justify\"><span style=\"color: #008000;\">OLVASM\u00c1NY Zakari\u00e1s pr\u00f3f\u00e9ta k\u00f6nyv\u00e9b\u0151l (Zak 9,9-10)<\/span><br \/>\n<em>\u00cdme, k\u00f6zeleg kir\u00e1lyod.<\/em><br \/>\nEzt mondja az \u00dar: Ujjongj, Sion le\u00e1nya! Zengj \u00e9neket, Jeruzs\u00e1lem le\u00e1nya! \u00cdme, k\u00f6zeleg kir\u00e1lyod: igaz \u00e9s gy\u0151zedelmes, al\u00e1zatos, szam\u00e1ron j\u00f6n, szam\u00e1r h\u00e1t\u00e1n, szam\u00e1rnak csikaj\u00e1n.<br \/>\nElpuszt\u00edtja Efraimban a harci szekereket, \u00e9s Jeruzs\u00e1lemben a lovakat. Sz\u00e9tt\u00f6ri a harci \u00edjakat, \u00e9s b\u00e9k\u00e9t hirdet a n\u00e9peknek, uralkodik tengert\u0151l tengerig, a foly\u00f3t\u00f3l eg\u00e9szen a f\u00f6ld hat\u00e1r\u00e1ig.<br \/>\nEz az Isten ig\u00e9je.<\/p>\n<p align=\"justify\"><span style=\"color: #008000;\">V\u00c1LASZOS ZSOLT\u00c1R (Zsolt 144,1-2.8-9.10-11.13cd-14)<\/span><br \/>\nV\u00e1lasz:\u00a0<strong>Istenem \u00e9s kir\u00e1lyom, magasztallak t\u00e9ged: * szent nevedet \u00e1ldom \u00f6r\u00f6kk\u00f6n \u00f6r\u00f6kk\u00e9.<\/strong> 5. t\u00f3nus.<br \/>\nVagy:\u00a0<strong>Alleluja.<\/strong>\u00a05. sz\u00e1m.<br \/>\nEl\u0151\u00e9nekes: Magasztallak t\u00e9ged, Istenem, Kir\u00e1lyom, * \u00e9s \u00e1ldom nevedet \u00f6r\u00f6kk\u00f6n \u00f6r\u00f6kk\u00e9.<br \/>\nMindennap \u00e1ldalak t\u00e9ged, * \u00e9s dics\u0151\u00edtem nevedet \u00f6r\u00f6kk\u00f6n \u00f6r\u00f6kk\u00e9.<br \/>\nH\u00edvek: Istenem \u00e9s kir\u00e1lyom, magasztallak t\u00e9ged: * szent nevedet \u00e1ldom \u00f6r\u00f6kk\u00f6n \u00f6r\u00f6kk\u00e9.<br \/>\nVagy: Alleluja.<br \/>\nE: Irgalmas az \u00dar \u00e9s kegyelmes, * nagy irgalm\u00fa \u00e9s hosszan t\u0171r\u0151.<br \/>\nAz \u00dar mindenkihez j\u00f3s\u00e1gos, * \u00e9s irgalmas minden m\u0171v\u00e9hez.<br \/>\nH: Istenem \u00e9s kir\u00e1lyom, magasztallak t\u00e9ged: * szent nevedet \u00e1ldom \u00f6r\u00f6kk\u00f6n \u00f6r\u00f6kk\u00e9.<br \/>\nVagy: Alleluja.<br \/>\nE: Magasztaljon t\u00e9ged, Uram, minden m\u0171ved, * szentjeid \u00e1ld\u00e1st mondjanak.<br \/>\nOrsz\u00e1god dics\u0151s\u00e9g\u00e9r\u0151l sz\u00f3ljanak, * \u00e9s hatalmadat mindenek hirdess\u00e9k.<br \/>\nH: Istenem \u00e9s kir\u00e1lyom, magasztallak t\u00e9ged: * szent nevedet \u00e1ldom \u00f6r\u00f6kk\u00f6n \u00f6r\u00f6kk\u00e9.<br \/>\nVagy: Alleluja.<br \/>\nE: H\u0171s\u00e9ges az \u00dar minden szav\u00e1ban, * \u00e9s tettei szentnek hirdetik.<br \/>\nAz \u00dar a botladoz\u00f3t fenntartja, * \u00e9s f\u00f6lemeli, akit megal\u00e1ztak.<br \/>\nH: Istenem \u00e9s kir\u00e1lyom, magasztallak t\u00e9ged: * szent nevedet \u00e1ldom \u00f6r\u00f6kk\u00f6n \u00f6r\u00f6kk\u00e9.<br \/>\nVagy: Alleluja.<\/p>\n<p align=\"justify\"><span style=\"color: #008000;\">SZENTLECKE Szent P\u00e1l apostolnak a r\u00f3maiakhoz \u00edrt level\u00e9b\u0151l (R\u00f3m 8,9.11-13)<\/span><br \/>\n<em>Ha l\u00e9lekkel elfojtj\u00e1tok a test szerinti tetteket, \u00e9lni fogtok.<\/em><br \/>\nTestv\u00e9reim!<br \/>\nTi nem test, hanem l\u00e9lek szerint \u00e9ltek, ha val\u00f3ban Isten Lelke lakik bennetek. Ha pedig bennetek lakik annak Lelke, aki felt\u00e1masztotta ,J\u00e9zust a hal\u00e1lb\u00f3l, \u0151, aki Krisztust felt\u00e1masztotta a halottak k\u00f6z\u00fcl, haland\u00f3 testeteket is \u00e9letre kelti a bennetek lak\u00f3 Lelke \u00e1ltal.<br \/>\n\u00cdgy teh\u00e1t, testv\u00e9reim, nem tartozunk a testnek azzal, hogy test szerint \u00e9lj\u00fcnk. Mert ha test szerint \u00e9ltek, biztosan meghaltok, de ha l\u00e9lekkel elfojtj\u00e1tok a test szerinti tetteket, \u00e9lni fogtok.<br \/>\nEz az Isten ig\u00e9je.<\/p>\n<p align=\"justify\"><span style=\"color: #008000;\">ALLELUJA<\/span><br \/>\n\u00c1ldalak t\u00e9ged, Aty\u00e1m, mennynek \u00e9s f\u00f6ldnek Istene, * mert felt\u00e1rtad a kicsinyeknek orsz\u00e1god titkait. Mt 11,25 \u2013 8 G. t\u00f3nus.<\/p>\n<p align=\"justify\"><span style=\"color: #339966;\">\u2020 EVANG\u00c9LIUM Szent M\u00e1t\u00e9 k\u00f6nyv\u00e9b\u0151l (Mt 11,25-30)<\/span><br \/>\n<em>\u00c9n szel\u00edd vagyok \u00e9s al\u00e1zatos sz\u00edv\u0171 \u2013 mondja az \u00dar.<\/em><br \/>\nAbban az id\u0151ben J\u00e9zus megsz\u00f3lalt, \u00e9s ezt mondta:<br \/>\nMagasztallak t\u00e9ged, Aty\u00e1m, \u00e9g \u00e9s f\u00f6ld Ura, mert elrejtetted mindezt a b\u00f6lcsek \u00e9s okosak el\u0151l, \u00e9s kinyilatkoztattad a kicsinyeknek! Igen, Aty\u00e1m, \u00edgy tetszett ez neked! Az \u00e9n Aty\u00e1m mindent \u00e1tadott nekem, \u00e9s nem ismeri a Fi\u00fat senki m\u00e1s, csak az Atya, s az Aty\u00e1t sem ismeri m\u00e1s, csak a Fi\u00fa, \u00e9s akinek a Fi\u00fa ki akarja nyilatkoztatni.<br \/>\nJ\u00f6jjetek hozz\u00e1m mindny\u00e1jan, akik f\u00e1radtak vagytok, \u00e9s terhek alatt g\u00f6rnyedtek: \u00e9n fel\u00fcd\u00edtlek titeket! Vegy\u00e9tek magatokra ig\u00e1mat, \u00e9s tanuljatok t\u0151lem, mert \u00e9n szel\u00edd vagyok \u00e9s al\u00e1zatos sz\u00edv\u0171 \u2013 \u00e9s nyugalmat tal\u00e1l lelketek. Mert az \u00e9n ig\u00e1m \u00e9des, s az \u00e9n terhem k\u00f6nny\u0171.<br \/>\nEzek az evang\u00e9lium ig\u00e9i.<\/p>\n<p><span style=\"color: #008000;\">EGYETEMES K\u00d6NY\u00d6RG\u00c9SEK<\/span><br \/>\nPap: Testv\u00e9reim! Im\u00e1dkozzunk Urunkhoz, J\u00e9zus Krisztushoz, aki elj\u00f6tt k\u00f6z\u00e9nk, \u00e9s p\u00e9ld\u00e1t adott az al\u00e1zatoss\u00e1g \u00e9s a szel\u00edds\u00e9g gyakorl\u00e1s\u00e1ra!<br \/>\nLektor: 1. Hogy ne a test szerint, hanem a Szentl\u00e9lek szerint \u00e9lj\u00fcnk ebben a vil\u00e1gban!<br \/>\nH\u00edvek: K\u00e9r\u00fcnk T\u00e9ged, hallgass meg minket!<br \/>\n2. Hogy Egyh\u00e1zad p\u00e1sztorai szel\u00edds\u00e9ggel vezess\u00e9k a h\u00edv\u0151ket \u00e9s szeretettel ints\u00e9k j\u00f3ra a megt\u00e9vedteket!<br \/>\nH\u00edvek: K\u00e9r\u00fcnk T\u00e9ged, hallgass meg minket!<br \/>\n3. Hogy a n\u00e9pek k\u00f6z\u00f6tt sz\u0171nj\u00e9k meg a hatalmi verseng\u00e9s \u00e9s a gazdagod\u00e1s f\u00e9ktelen v\u00e1gya!<br \/>\nH\u00edvek: K\u00e9r\u00fcnk T\u00e9ged, hallgass meg minket!<br \/>\n4. Hogy csal\u00e1djaink k\u00f6r\u00e9ben uralkodj\u00e9k a kereszt\u00e9ny szel\u00edds\u00e9g \u00e9s t\u00fcrelem!<br \/>\nH\u00edvek: K\u00e9r\u00fcnk T\u00e9ged, hallgass meg minket!<br \/>\n5. Hogy akik elf\u00e1radtak, \u00e9s az \u00e9let terh\u00e9t hordozz\u00e1k, n\u00e1lad keress\u00e9k \u00e9s tal\u00e1lj\u00e1k meg a fel\u00fcd\u00fcl\u00e9st!<br \/>\nH\u00edvek: K\u00e9r\u00fcnk T\u00e9ged, hallgass meg minket!<br \/>\nPap: Urunk, J\u00e9zus Krisztus! Te szeretettel h\u00edvod magadhoz a f\u00e1radt \u00e9s megt\u00f6rt sz\u00edv\u0171 embereket, \u00e9s megenyh\u00edted \u0151ket. Tan\u00edts minket is r\u00e9szvev\u0151 sz\u00edvvel j\u00e1rmi embert\u00e1rsaink k\u00f6z\u00f6tt! Aki \u00e9lsz \u00e9s uralkodol mind\u00f6r\u00f6kk\u00f6n \u00f6r\u00f6kk\u00e9.<br \/>\nH\u00edvek: \u00c1men.<\/p>\n<p><span style=\"color: #008000;\">Felaj\u00e1nl\u00f3 k\u00f6ny\u00f6rg\u00e9s:<\/span><br \/>\nIsten\u00fcnk, tiszt\u00edtson meg minket ez a nevednek szentelt \u00e1ldozat, hogy napr\u00f3l napra szentebb \u00e9letet \u00e9lj\u00fcnk. Krisztus, a mi Urunk \u00e1ltal.<\/p>\n<p><span style=\"color: #008000;\">\u00c1ldoz\u00e1si \u00e9nek:<\/span><br \/>\n\u00cdzlelj\u00e9tek \u00e9s l\u00e1ss\u00e1tok, mily \u00e9des az \u00dar, boldog az az ember, aki benne b\u00edzik. (Zsolt 33,9)<br \/>\n<span style=\"color: #008000;\"><em>vagy<\/em><\/span><br \/>\nGyertek hozz\u00e1m mindny\u00e1jan, akik elf\u00e1radtatok s akik terhet hordoztok, \u00e9n megk\u00f6nny\u00edtlek titeket \u2013 mondja az \u00dar. (Mt 11,28)<\/p>\n<p><span style=\"color: #008000;\">\u00c1ldoz\u00e1s ut\u00e1ni k\u00f6ny\u00f6rg\u00e9s:<\/span><br \/>\nIsten\u00fcnk, hat\u00e1rtalan szereteted aj\u00e1nd\u00e9kaival eltelve arra k\u00e9r\u00fcnk, hogy \u00e9lni tudjunk \u00fcdv\u00f6ss\u00e9gszerz\u0151 javaiddal, \u00e9s mindig buzg\u00f3k legy\u00fcnk dics\u00e9retedben. Krisztus, a mi Urunk \u00e1ltal.<\/p>\n<p><em>(K\u00e9pe forr\u00e1sa: N\u00e9meti Gergely)<\/em><\/p>\n","protected":false},"excerpt":{"rendered":"<p>Kezd\u0151\u00e9nek: J\u00f3s\u00e1godr\u00f3l elm\u00e9lked\u00fcnk, Isten\u00fcnk, templomod belsej\u00e9ben. Isten\u00fcnk, mik\u00e9nt m\u00e1r neved is, \u00fagy f\u00f6ls\u00e9ged is bet\u00f6lt minden f\u00f6ldhat\u00e1rt; jobbod telve igazs\u00e1ggal. (Zsolt 47,10-11) K\u00f6ny\u00f6rg\u00e9s: Isten\u00fcnk, te szent Fiad megal\u00e1ztat\u00e1sa \u00e1ltal f\u00f6lemelted az elesett emberis\u00e9get. Adj szent \u00f6r\u00f6met nek\u00fcnk, akiket kiragadt\u00e1l a b\u0171n szolgas\u00e1g\u00e1b\u00f3l, \u00e9s fogadj be egykor az \u00f6r\u00f6k boldogs\u00e1gba. A mi Urunk, J\u00e9zus Krisztus, a te Fiad \u00e1ltal, aki veled \u00e9l \u00e9s uralkodik a Szentl\u00e9lekkel egys\u00e9gben, Isten mind\u00f6r\u00f6kk\u00f6n \u00f6r\u00f6kk\u00e9. OLVASM\u00c1NY Zakari\u00e1s pr\u00f3f\u00e9ta k\u00f6nyv\u00e9b\u0151l (Zak 9,9-10) \u00cdme, k\u00f6zeleg kir\u00e1lyod. Ezt mondja az \u00dar: Ujjongj, Sion le\u00e1nya! Zengj \u00e9neket, Jeruzs\u00e1lem le\u00e1nya! \u00cdme, k\u00f6zeleg kir\u00e1lyod: igaz \u00e9s gy\u0151zedelmes, al\u00e1zatos, szam\u00e1ron j\u00f6n, szam\u00e1r h\u00e1t\u00e1n, szam\u00e1rnak csikaj\u00e1n. Elpuszt\u00edtja Efraimban a harci szekereket, \u00e9s Jeruzs\u00e1lemben a lovakat. Sz\u00e9tt\u00f6ri a harci \u00edjakat, \u00e9s b\u00e9k\u00e9t hirdet a n\u00e9peknek, uralkodik tengert\u0151l tengerig, a foly\u00f3t\u00f3l eg\u00e9szen a f\u00f6ld hat\u00e1r\u00e1ig. Ez az Isten ig\u00e9je. V\u00c1LASZOS ZSOLT\u00c1R (Zsolt 144,1-2.8-9.10-11.13cd-14) V\u00e1lasz:\u00a0Istenem \u00e9s kir\u00e1lyom, magasztallak t\u00e9ged: * szent nevedet \u00e1ldom \u00f6r\u00f6kk\u00f6n \u00f6r\u00f6kk\u00e9. 5. t\u00f3nus. Vagy:\u00a0Alleluja.\u00a05. sz\u00e1m. El\u0151\u00e9nekes: Magasztallak t\u00e9ged, Istenem, Kir\u00e1lyom, * \u00e9s \u00e1ldom nevedet \u00f6r\u00f6kk\u00f6n \u00f6r\u00f6kk\u00e9. Mindennap \u00e1ldalak t\u00e9ged, * \u00e9s dics\u0151\u00edtem nevedet \u00f6r\u00f6kk\u00f6n \u00f6r\u00f6kk\u00e9. H\u00edvek: Istenem \u00e9s kir\u00e1lyom, magasztallak t\u00e9ged: * szent nevedet \u00e1ldom \u00f6r\u00f6kk\u00f6n \u00f6r\u00f6kk\u00e9. Vagy: Alleluja. E: Irgalmas az \u00dar \u00e9s kegyelmes, * nagy irgalm\u00fa \u00e9s hosszan t\u0171r\u0151. Az \u00dar mindenkihez j\u00f3s\u00e1gos, * \u00e9s irgalmas minden m\u0171v\u00e9hez. H: Istenem \u00e9s kir\u00e1lyom, magasztallak t\u00e9ged: * szent nevedet \u00e1ldom \u00f6r\u00f6kk\u00f6n \u00f6r\u00f6kk\u00e9. Vagy: Alleluja. E: Magasztaljon t\u00e9ged, Uram, minden m\u0171ved, * szentjeid \u00e1ld\u00e1st mondjanak. Orsz\u00e1god dics\u0151s\u00e9g\u00e9r\u0151l sz\u00f3ljanak, * \u00e9s hatalmadat mindenek hirdess\u00e9k. H: Istenem \u00e9s kir\u00e1lyom, magasztallak t\u00e9ged: * szent nevedet \u00e1ldom \u00f6r\u00f6kk\u00f6n \u00f6r\u00f6kk\u00e9. Vagy: Alleluja. E: H\u0171s\u00e9ges az \u00dar minden szav\u00e1ban, * \u00e9s tettei szentnek hirdetik. Az \u00dar a botladoz\u00f3t fenntartja, * \u00e9s f\u00f6lemeli, akit megal\u00e1ztak. H: Istenem \u00e9s kir\u00e1lyom, magasztallak t\u00e9ged: * szent nevedet \u00e1ldom \u00f6r\u00f6kk\u00f6n \u00f6r\u00f6kk\u00e9. Vagy: Alleluja. SZENTLECKE Szent P\u00e1l apostolnak a r\u00f3maiakhoz \u00edrt level\u00e9b\u0151l (R\u00f3m 8,9.11-13) Ha l\u00e9lekkel&#8230; <\/p>\n<p><a class=\"readmore\" href=\"https:\/\/stuttgarti-katolikusok.de\/index.php\/evkozi-14-vasarnap\/\">R\u00e9szletek<\/a><\/p>\n","protected":false},"author":3,"featured_media":27058,"comment_status":"closed","ping_status":"closed","sticky":false,"template":"","format":"standard","meta":{"footnotes":""},"categories":[85,63],"tags":[],"class_list":["post-27057","post","type-post","status-publish","format-standard","has-post-thumbnail","hentry","category-a-liturgia-olvasmanyai","category-vasarnapi-gondolatok"],"yoast_head":"<!-- This site is optimized with the Yoast SEO plugin v27.3 - https:\/\/yoast.com\/product\/yoast-seo-wordpress\/ -->\n<title>\u00c9vk\u00f6zi 14. vas\u00e1rnap - Stuttgarti Katolikusok<\/title>\n<meta name=\"robots\" content=\"index, follow, max-snippet:-1, max-image-preview:large, max-video-preview:-1\" \/>\n<link rel=\"canonical\" href=\"https:\/\/stuttgarti-katolikusok.de\/index.php\/evkozi-14-vasarnap\/\" \/>\n<meta property=\"og:locale\" content=\"hu_HU\" \/>\n<meta property=\"og:type\" content=\"article\" \/>\n<meta property=\"og:title\" content=\"\u00c9vk\u00f6zi 14. vas\u00e1rnap - Stuttgarti Katolikusok\" \/>\n<meta property=\"og:description\" content=\"Kezd\u0151\u00e9nek: J\u00f3s\u00e1godr\u00f3l elm\u00e9lked\u00fcnk, Isten\u00fcnk, templomod belsej\u00e9ben. Isten\u00fcnk, mik\u00e9nt m\u00e1r neved is, \u00fagy f\u00f6ls\u00e9ged is bet\u00f6lt minden f\u00f6ldhat\u00e1rt; jobbod telve igazs\u00e1ggal. (Zsolt 47,10-11) K\u00f6ny\u00f6rg\u00e9s: Isten\u00fcnk, te szent Fiad megal\u00e1ztat\u00e1sa \u00e1ltal f\u00f6lemelted az elesett emberis\u00e9get. Adj szent \u00f6r\u00f6met nek\u00fcnk, akiket kiragadt\u00e1l a b\u0171n szolgas\u00e1g\u00e1b\u00f3l, \u00e9s fogadj be egykor az \u00f6r\u00f6k boldogs\u00e1gba. A mi Urunk, J\u00e9zus Krisztus, a te Fiad \u00e1ltal, aki veled \u00e9l \u00e9s uralkodik a Szentl\u00e9lekkel egys\u00e9gben, Isten mind\u00f6r\u00f6kk\u00f6n \u00f6r\u00f6kk\u00e9. OLVASM\u00c1NY Zakari\u00e1s pr\u00f3f\u00e9ta k\u00f6nyv\u00e9b\u0151l (Zak 9,9-10) \u00cdme, k\u00f6zeleg kir\u00e1lyod. Ezt mondja az \u00dar: Ujjongj, Sion le\u00e1nya! Zengj \u00e9neket, Jeruzs\u00e1lem le\u00e1nya! \u00cdme, k\u00f6zeleg kir\u00e1lyod: igaz \u00e9s gy\u0151zedelmes, al\u00e1zatos, szam\u00e1ron j\u00f6n, szam\u00e1r h\u00e1t\u00e1n, szam\u00e1rnak csikaj\u00e1n. Elpuszt\u00edtja Efraimban a harci szekereket, \u00e9s Jeruzs\u00e1lemben a lovakat. Sz\u00e9tt\u00f6ri a harci \u00edjakat, \u00e9s b\u00e9k\u00e9t hirdet a n\u00e9peknek, uralkodik tengert\u0151l tengerig, a foly\u00f3t\u00f3l eg\u00e9szen a f\u00f6ld hat\u00e1r\u00e1ig. Ez az Isten ig\u00e9je. V\u00c1LASZOS ZSOLT\u00c1R (Zsolt 144,1-2.8-9.10-11.13cd-14) V\u00e1lasz:\u00a0Istenem \u00e9s kir\u00e1lyom, magasztallak t\u00e9ged: * szent nevedet \u00e1ldom \u00f6r\u00f6kk\u00f6n \u00f6r\u00f6kk\u00e9. 5. t\u00f3nus. Vagy:\u00a0Alleluja.\u00a05. sz\u00e1m. El\u0151\u00e9nekes: Magasztallak t\u00e9ged, Istenem, Kir\u00e1lyom, * \u00e9s \u00e1ldom nevedet \u00f6r\u00f6kk\u00f6n \u00f6r\u00f6kk\u00e9. Mindennap \u00e1ldalak t\u00e9ged, * \u00e9s dics\u0151\u00edtem nevedet \u00f6r\u00f6kk\u00f6n \u00f6r\u00f6kk\u00e9. H\u00edvek: Istenem \u00e9s kir\u00e1lyom, magasztallak t\u00e9ged: * szent nevedet \u00e1ldom \u00f6r\u00f6kk\u00f6n \u00f6r\u00f6kk\u00e9. Vagy: Alleluja. E: Irgalmas az \u00dar \u00e9s kegyelmes, * nagy irgalm\u00fa \u00e9s hosszan t\u0171r\u0151. Az \u00dar mindenkihez j\u00f3s\u00e1gos, * \u00e9s irgalmas minden m\u0171v\u00e9hez. H: Istenem \u00e9s kir\u00e1lyom, magasztallak t\u00e9ged: * szent nevedet \u00e1ldom \u00f6r\u00f6kk\u00f6n \u00f6r\u00f6kk\u00e9. Vagy: Alleluja. E: Magasztaljon t\u00e9ged, Uram, minden m\u0171ved, * szentjeid \u00e1ld\u00e1st mondjanak. Orsz\u00e1god dics\u0151s\u00e9g\u00e9r\u0151l sz\u00f3ljanak, * \u00e9s hatalmadat mindenek hirdess\u00e9k. H: Istenem \u00e9s kir\u00e1lyom, magasztallak t\u00e9ged: * szent nevedet \u00e1ldom \u00f6r\u00f6kk\u00f6n \u00f6r\u00f6kk\u00e9. Vagy: Alleluja. E: H\u0171s\u00e9ges az \u00dar minden szav\u00e1ban, * \u00e9s tettei szentnek hirdetik. Az \u00dar a botladoz\u00f3t fenntartja, * \u00e9s f\u00f6lemeli, akit megal\u00e1ztak. H: Istenem \u00e9s kir\u00e1lyom, magasztallak t\u00e9ged: * szent nevedet \u00e1ldom \u00f6r\u00f6kk\u00f6n \u00f6r\u00f6kk\u00e9. Vagy: Alleluja. SZENTLECKE Szent P\u00e1l apostolnak a r\u00f3maiakhoz \u00edrt level\u00e9b\u0151l (R\u00f3m 8,9.11-13) Ha l\u00e9lekkel... R\u00e9szletek\" \/>\n<meta property=\"og:url\" content=\"https:\/\/stuttgarti-katolikusok.de\/index.php\/evkozi-14-vasarnap\/\" \/>\n<meta property=\"og:site_name\" content=\"Stuttgarti Katolikusok\" \/>\n<meta property=\"article:published_time\" content=\"2023-07-08T22:04:22+00:00\" \/>\n<meta property=\"article:modified_time\" content=\"2023-07-08T22:05:43+00:00\" \/>\n<meta property=\"og:image\" content=\"https:\/\/stuttgarti-katolikusok.de\/wp-content\/uploads\/2023\/07\/nemeti-gergely-greetsiel-web.jpg\" \/>\n\t<meta property=\"og:image:width\" content=\"1920\" \/>\n\t<meta property=\"og:image:height\" content=\"1280\" \/>\n\t<meta property=\"og:image:type\" content=\"image\/jpeg\" \/>\n<meta name=\"author\" content=\"Tibor atya\" \/>\n<meta name=\"twitter:card\" content=\"summary_large_image\" \/>\n<meta name=\"twitter:label1\" content=\"Szerz\u0151:\" \/>\n\t<meta name=\"twitter:data1\" content=\"Tibor atya\" \/>\n\t<meta name=\"twitter:label2\" content=\"Becs\u00fclt olvas\u00e1si id\u0151\" \/>\n\t<meta name=\"twitter:data2\" content=\"5 perc\" \/>\n<script type=\"application\/ld+json\" class=\"yoast-schema-graph\">{\"@context\":\"https:\\\/\\\/schema.org\",\"@graph\":[{\"@type\":\"Article\",\"@id\":\"https:\\\/\\\/stuttgarti-katolikusok.de\\\/index.php\\\/evkozi-14-vasarnap\\\/#article\",\"isPartOf\":{\"@id\":\"https:\\\/\\\/stuttgarti-katolikusok.de\\\/index.php\\\/evkozi-14-vasarnap\\\/\"},\"author\":{\"name\":\"Tibor atya\",\"@id\":\"https:\\\/\\\/stuttgarti-katolikusok.de\\\/#\\\/schema\\\/person\\\/75908d6f8fdc03a57889d27209df7795\"},\"headline\":\"\u00c9vk\u00f6zi 14. vas\u00e1rnap\",\"datePublished\":\"2023-07-08T22:04:22+00:00\",\"dateModified\":\"2023-07-08T22:05:43+00:00\",\"mainEntityOfPage\":{\"@id\":\"https:\\\/\\\/stuttgarti-katolikusok.de\\\/index.php\\\/evkozi-14-vasarnap\\\/\"},\"wordCount\":1093,\"image\":{\"@id\":\"https:\\\/\\\/stuttgarti-katolikusok.de\\\/index.php\\\/evkozi-14-vasarnap\\\/#primaryimage\"},\"thumbnailUrl\":\"https:\\\/\\\/stuttgarti-katolikusok.de\\\/wp-content\\\/uploads\\\/2023\\\/07\\\/nemeti-gergely-greetsiel-web.jpg\",\"articleSection\":[\"A liturgia olvasm\u00e1nyai\",\"Vas\u00e1rnapi gondolatok\"],\"inLanguage\":\"hu\"},{\"@type\":\"WebPage\",\"@id\":\"https:\\\/\\\/stuttgarti-katolikusok.de\\\/index.php\\\/evkozi-14-vasarnap\\\/\",\"url\":\"https:\\\/\\\/stuttgarti-katolikusok.de\\\/index.php\\\/evkozi-14-vasarnap\\\/\",\"name\":\"\u00c9vk\u00f6zi 14. vas\u00e1rnap - Stuttgarti Katolikusok\",\"isPartOf\":{\"@id\":\"https:\\\/\\\/stuttgarti-katolikusok.de\\\/#website\"},\"primaryImageOfPage\":{\"@id\":\"https:\\\/\\\/stuttgarti-katolikusok.de\\\/index.php\\\/evkozi-14-vasarnap\\\/#primaryimage\"},\"image\":{\"@id\":\"https:\\\/\\\/stuttgarti-katolikusok.de\\\/index.php\\\/evkozi-14-vasarnap\\\/#primaryimage\"},\"thumbnailUrl\":\"https:\\\/\\\/stuttgarti-katolikusok.de\\\/wp-content\\\/uploads\\\/2023\\\/07\\\/nemeti-gergely-greetsiel-web.jpg\",\"datePublished\":\"2023-07-08T22:04:22+00:00\",\"dateModified\":\"2023-07-08T22:05:43+00:00\",\"author\":{\"@id\":\"https:\\\/\\\/stuttgarti-katolikusok.de\\\/#\\\/schema\\\/person\\\/75908d6f8fdc03a57889d27209df7795\"},\"breadcrumb\":{\"@id\":\"https:\\\/\\\/stuttgarti-katolikusok.de\\\/index.php\\\/evkozi-14-vasarnap\\\/#breadcrumb\"},\"inLanguage\":\"hu\",\"potentialAction\":[{\"@type\":\"ReadAction\",\"target\":[\"https:\\\/\\\/stuttgarti-katolikusok.de\\\/index.php\\\/evkozi-14-vasarnap\\\/\"]}]},{\"@type\":\"ImageObject\",\"inLanguage\":\"hu\",\"@id\":\"https:\\\/\\\/stuttgarti-katolikusok.de\\\/index.php\\\/evkozi-14-vasarnap\\\/#primaryimage\",\"url\":\"https:\\\/\\\/stuttgarti-katolikusok.de\\\/wp-content\\\/uploads\\\/2023\\\/07\\\/nemeti-gergely-greetsiel-web.jpg\",\"contentUrl\":\"https:\\\/\\\/stuttgarti-katolikusok.de\\\/wp-content\\\/uploads\\\/2023\\\/07\\\/nemeti-gergely-greetsiel-web.jpg\",\"width\":1920,\"height\":1280},{\"@type\":\"BreadcrumbList\",\"@id\":\"https:\\\/\\\/stuttgarti-katolikusok.de\\\/index.php\\\/evkozi-14-vasarnap\\\/#breadcrumb\",\"itemListElement\":[{\"@type\":\"ListItem\",\"position\":1,\"name\":\"Kezd\u0151lap\",\"item\":\"https:\\\/\\\/stuttgarti-katolikusok.de\\\/\"},{\"@type\":\"ListItem\",\"position\":2,\"name\":\"\u00c9vk\u00f6zi 14. vas\u00e1rnap\"}]},{\"@type\":\"WebSite\",\"@id\":\"https:\\\/\\\/stuttgarti-katolikusok.de\\\/#website\",\"url\":\"https:\\\/\\\/stuttgarti-katolikusok.de\\\/\",\"name\":\"Stuttgarti Katolikusok\",\"description\":\"\",\"potentialAction\":[{\"@type\":\"SearchAction\",\"target\":{\"@type\":\"EntryPoint\",\"urlTemplate\":\"https:\\\/\\\/stuttgarti-katolikusok.de\\\/?s={search_term_string}\"},\"query-input\":{\"@type\":\"PropertyValueSpecification\",\"valueRequired\":true,\"valueName\":\"search_term_string\"}}],\"inLanguage\":\"hu\"},{\"@type\":\"Person\",\"@id\":\"https:\\\/\\\/stuttgarti-katolikusok.de\\\/#\\\/schema\\\/person\\\/75908d6f8fdc03a57889d27209df7795\",\"name\":\"Tibor atya\",\"image\":{\"@type\":\"ImageObject\",\"inLanguage\":\"hu\",\"@id\":\"https:\\\/\\\/secure.gravatar.com\\\/avatar\\\/61d268e57d1f4525b111222e29d2d5a7f8c420fdbf231ba5566a8ceac74fa960?s=96&d=mm&r=g\",\"url\":\"https:\\\/\\\/secure.gravatar.com\\\/avatar\\\/61d268e57d1f4525b111222e29d2d5a7f8c420fdbf231ba5566a8ceac74fa960?s=96&d=mm&r=g\",\"contentUrl\":\"https:\\\/\\\/secure.gravatar.com\\\/avatar\\\/61d268e57d1f4525b111222e29d2d5a7f8c420fdbf231ba5566a8ceac74fa960?s=96&d=mm&r=g\",\"caption\":\"Tibor atya\"},\"url\":\"https:\\\/\\\/stuttgarti-katolikusok.de\\\/index.php\\\/author\\\/tibor-atya\\\/\"}]}<\/script>\n<!-- \/ Yoast SEO plugin. -->","yoast_head_json":{"title":"\u00c9vk\u00f6zi 14. vas\u00e1rnap - Stuttgarti Katolikusok","robots":{"index":"index","follow":"follow","max-snippet":"max-snippet:-1","max-image-preview":"max-image-preview:large","max-video-preview":"max-video-preview:-1"},"canonical":"https:\/\/stuttgarti-katolikusok.de\/index.php\/evkozi-14-vasarnap\/","og_locale":"hu_HU","og_type":"article","og_title":"\u00c9vk\u00f6zi 14. vas\u00e1rnap - Stuttgarti Katolikusok","og_description":"Kezd\u0151\u00e9nek: J\u00f3s\u00e1godr\u00f3l elm\u00e9lked\u00fcnk, Isten\u00fcnk, templomod belsej\u00e9ben. Isten\u00fcnk, mik\u00e9nt m\u00e1r neved is, \u00fagy f\u00f6ls\u00e9ged is bet\u00f6lt minden f\u00f6ldhat\u00e1rt; jobbod telve igazs\u00e1ggal. (Zsolt 47,10-11) K\u00f6ny\u00f6rg\u00e9s: Isten\u00fcnk, te szent Fiad megal\u00e1ztat\u00e1sa \u00e1ltal f\u00f6lemelted az elesett emberis\u00e9get. Adj szent \u00f6r\u00f6met nek\u00fcnk, akiket kiragadt\u00e1l a b\u0171n szolgas\u00e1g\u00e1b\u00f3l, \u00e9s fogadj be egykor az \u00f6r\u00f6k boldogs\u00e1gba. A mi Urunk, J\u00e9zus Krisztus, a te Fiad \u00e1ltal, aki veled \u00e9l \u00e9s uralkodik a Szentl\u00e9lekkel egys\u00e9gben, Isten mind\u00f6r\u00f6kk\u00f6n \u00f6r\u00f6kk\u00e9. OLVASM\u00c1NY Zakari\u00e1s pr\u00f3f\u00e9ta k\u00f6nyv\u00e9b\u0151l (Zak 9,9-10) \u00cdme, k\u00f6zeleg kir\u00e1lyod. Ezt mondja az \u00dar: Ujjongj, Sion le\u00e1nya! Zengj \u00e9neket, Jeruzs\u00e1lem le\u00e1nya! \u00cdme, k\u00f6zeleg kir\u00e1lyod: igaz \u00e9s gy\u0151zedelmes, al\u00e1zatos, szam\u00e1ron j\u00f6n, szam\u00e1r h\u00e1t\u00e1n, szam\u00e1rnak csikaj\u00e1n. Elpuszt\u00edtja Efraimban a harci szekereket, \u00e9s Jeruzs\u00e1lemben a lovakat. Sz\u00e9tt\u00f6ri a harci \u00edjakat, \u00e9s b\u00e9k\u00e9t hirdet a n\u00e9peknek, uralkodik tengert\u0151l tengerig, a foly\u00f3t\u00f3l eg\u00e9szen a f\u00f6ld hat\u00e1r\u00e1ig. Ez az Isten ig\u00e9je. V\u00c1LASZOS ZSOLT\u00c1R (Zsolt 144,1-2.8-9.10-11.13cd-14) V\u00e1lasz:\u00a0Istenem \u00e9s kir\u00e1lyom, magasztallak t\u00e9ged: * szent nevedet \u00e1ldom \u00f6r\u00f6kk\u00f6n \u00f6r\u00f6kk\u00e9. 5. t\u00f3nus. Vagy:\u00a0Alleluja.\u00a05. sz\u00e1m. El\u0151\u00e9nekes: Magasztallak t\u00e9ged, Istenem, Kir\u00e1lyom, * \u00e9s \u00e1ldom nevedet \u00f6r\u00f6kk\u00f6n \u00f6r\u00f6kk\u00e9. Mindennap \u00e1ldalak t\u00e9ged, * \u00e9s dics\u0151\u00edtem nevedet \u00f6r\u00f6kk\u00f6n \u00f6r\u00f6kk\u00e9. H\u00edvek: Istenem \u00e9s kir\u00e1lyom, magasztallak t\u00e9ged: * szent nevedet \u00e1ldom \u00f6r\u00f6kk\u00f6n \u00f6r\u00f6kk\u00e9. Vagy: Alleluja. E: Irgalmas az \u00dar \u00e9s kegyelmes, * nagy irgalm\u00fa \u00e9s hosszan t\u0171r\u0151. Az \u00dar mindenkihez j\u00f3s\u00e1gos, * \u00e9s irgalmas minden m\u0171v\u00e9hez. H: Istenem \u00e9s kir\u00e1lyom, magasztallak t\u00e9ged: * szent nevedet \u00e1ldom \u00f6r\u00f6kk\u00f6n \u00f6r\u00f6kk\u00e9. Vagy: Alleluja. E: Magasztaljon t\u00e9ged, Uram, minden m\u0171ved, * szentjeid \u00e1ld\u00e1st mondjanak. Orsz\u00e1god dics\u0151s\u00e9g\u00e9r\u0151l sz\u00f3ljanak, * \u00e9s hatalmadat mindenek hirdess\u00e9k. H: Istenem \u00e9s kir\u00e1lyom, magasztallak t\u00e9ged: * szent nevedet \u00e1ldom \u00f6r\u00f6kk\u00f6n \u00f6r\u00f6kk\u00e9. Vagy: Alleluja. E: H\u0171s\u00e9ges az \u00dar minden szav\u00e1ban, * \u00e9s tettei szentnek hirdetik. Az \u00dar a botladoz\u00f3t fenntartja, * \u00e9s f\u00f6lemeli, akit megal\u00e1ztak. H: Istenem \u00e9s kir\u00e1lyom, magasztallak t\u00e9ged: * szent nevedet \u00e1ldom \u00f6r\u00f6kk\u00f6n \u00f6r\u00f6kk\u00e9. Vagy: Alleluja. SZENTLECKE Szent P\u00e1l apostolnak a r\u00f3maiakhoz \u00edrt level\u00e9b\u0151l (R\u00f3m 8,9.11-13) Ha l\u00e9lekkel... R\u00e9szletek","og_url":"https:\/\/stuttgarti-katolikusok.de\/index.php\/evkozi-14-vasarnap\/","og_site_name":"Stuttgarti Katolikusok","article_published_time":"2023-07-08T22:04:22+00:00","article_modified_time":"2023-07-08T22:05:43+00:00","og_image":[{"width":1920,"height":1280,"url":"https:\/\/stuttgarti-katolikusok.de\/wp-content\/uploads\/2023\/07\/nemeti-gergely-greetsiel-web.jpg","type":"image\/jpeg"}],"author":"Tibor atya","twitter_card":"summary_large_image","twitter_misc":{"Szerz\u0151:":"Tibor atya","Becs\u00fclt olvas\u00e1si id\u0151":"5 perc"},"schema":{"@context":"https:\/\/schema.org","@graph":[{"@type":"Article","@id":"https:\/\/stuttgarti-katolikusok.de\/index.php\/evkozi-14-vasarnap\/#article","isPartOf":{"@id":"https:\/\/stuttgarti-katolikusok.de\/index.php\/evkozi-14-vasarnap\/"},"author":{"name":"Tibor atya","@id":"https:\/\/stuttgarti-katolikusok.de\/#\/schema\/person\/75908d6f8fdc03a57889d27209df7795"},"headline":"\u00c9vk\u00f6zi 14. vas\u00e1rnap","datePublished":"2023-07-08T22:04:22+00:00","dateModified":"2023-07-08T22:05:43+00:00","mainEntityOfPage":{"@id":"https:\/\/stuttgarti-katolikusok.de\/index.php\/evkozi-14-vasarnap\/"},"wordCount":1093,"image":{"@id":"https:\/\/stuttgarti-katolikusok.de\/index.php\/evkozi-14-vasarnap\/#primaryimage"},"thumbnailUrl":"https:\/\/stuttgarti-katolikusok.de\/wp-content\/uploads\/2023\/07\/nemeti-gergely-greetsiel-web.jpg","articleSection":["A liturgia olvasm\u00e1nyai","Vas\u00e1rnapi gondolatok"],"inLanguage":"hu"},{"@type":"WebPage","@id":"https:\/\/stuttgarti-katolikusok.de\/index.php\/evkozi-14-vasarnap\/","url":"https:\/\/stuttgarti-katolikusok.de\/index.php\/evkozi-14-vasarnap\/","name":"\u00c9vk\u00f6zi 14. vas\u00e1rnap - Stuttgarti Katolikusok","isPartOf":{"@id":"https:\/\/stuttgarti-katolikusok.de\/#website"},"primaryImageOfPage":{"@id":"https:\/\/stuttgarti-katolikusok.de\/index.php\/evkozi-14-vasarnap\/#primaryimage"},"image":{"@id":"https:\/\/stuttgarti-katolikusok.de\/index.php\/evkozi-14-vasarnap\/#primaryimage"},"thumbnailUrl":"https:\/\/stuttgarti-katolikusok.de\/wp-content\/uploads\/2023\/07\/nemeti-gergely-greetsiel-web.jpg","datePublished":"2023-07-08T22:04:22+00:00","dateModified":"2023-07-08T22:05:43+00:00","author":{"@id":"https:\/\/stuttgarti-katolikusok.de\/#\/schema\/person\/75908d6f8fdc03a57889d27209df7795"},"breadcrumb":{"@id":"https:\/\/stuttgarti-katolikusok.de\/index.php\/evkozi-14-vasarnap\/#breadcrumb"},"inLanguage":"hu","potentialAction":[{"@type":"ReadAction","target":["https:\/\/stuttgarti-katolikusok.de\/index.php\/evkozi-14-vasarnap\/"]}]},{"@type":"ImageObject","inLanguage":"hu","@id":"https:\/\/stuttgarti-katolikusok.de\/index.php\/evkozi-14-vasarnap\/#primaryimage","url":"https:\/\/stuttgarti-katolikusok.de\/wp-content\/uploads\/2023\/07\/nemeti-gergely-greetsiel-web.jpg","contentUrl":"https:\/\/stuttgarti-katolikusok.de\/wp-content\/uploads\/2023\/07\/nemeti-gergely-greetsiel-web.jpg","width":1920,"height":1280},{"@type":"BreadcrumbList","@id":"https:\/\/stuttgarti-katolikusok.de\/index.php\/evkozi-14-vasarnap\/#breadcrumb","itemListElement":[{"@type":"ListItem","position":1,"name":"Kezd\u0151lap","item":"https:\/\/stuttgarti-katolikusok.de\/"},{"@type":"ListItem","position":2,"name":"\u00c9vk\u00f6zi 14. vas\u00e1rnap"}]},{"@type":"WebSite","@id":"https:\/\/stuttgarti-katolikusok.de\/#website","url":"https:\/\/stuttgarti-katolikusok.de\/","name":"Stuttgarti Katolikusok","description":"","potentialAction":[{"@type":"SearchAction","target":{"@type":"EntryPoint","urlTemplate":"https:\/\/stuttgarti-katolikusok.de\/?s={search_term_string}"},"query-input":{"@type":"PropertyValueSpecification","valueRequired":true,"valueName":"search_term_string"}}],"inLanguage":"hu"},{"@type":"Person","@id":"https:\/\/stuttgarti-katolikusok.de\/#\/schema\/person\/75908d6f8fdc03a57889d27209df7795","name":"Tibor atya","image":{"@type":"ImageObject","inLanguage":"hu","@id":"https:\/\/secure.gravatar.com\/avatar\/61d268e57d1f4525b111222e29d2d5a7f8c420fdbf231ba5566a8ceac74fa960?s=96&d=mm&r=g","url":"https:\/\/secure.gravatar.com\/avatar\/61d268e57d1f4525b111222e29d2d5a7f8c420fdbf231ba5566a8ceac74fa960?s=96&d=mm&r=g","contentUrl":"https:\/\/secure.gravatar.com\/avatar\/61d268e57d1f4525b111222e29d2d5a7f8c420fdbf231ba5566a8ceac74fa960?s=96&d=mm&r=g","caption":"Tibor atya"},"url":"https:\/\/stuttgarti-katolikusok.de\/index.php\/author\/tibor-atya\/"}]}},"_links":{"self":[{"href":"https:\/\/stuttgarti-katolikusok.de\/index.php\/wp-json\/wp\/v2\/posts\/27057","targetHints":{"allow":["GET"]}}],"collection":[{"href":"https:\/\/stuttgarti-katolikusok.de\/index.php\/wp-json\/wp\/v2\/posts"}],"about":[{"href":"https:\/\/stuttgarti-katolikusok.de\/index.php\/wp-json\/wp\/v2\/types\/post"}],"author":[{"embeddable":true,"href":"https:\/\/stuttgarti-katolikusok.de\/index.php\/wp-json\/wp\/v2\/users\/3"}],"replies":[{"embeddable":true,"href":"https:\/\/stuttgarti-katolikusok.de\/index.php\/wp-json\/wp\/v2\/comments?post=27057"}],"version-history":[{"count":2,"href":"https:\/\/stuttgarti-katolikusok.de\/index.php\/wp-json\/wp\/v2\/posts\/27057\/revisions"}],"predecessor-version":[{"id":27061,"href":"https:\/\/stuttgarti-katolikusok.de\/index.php\/wp-json\/wp\/v2\/posts\/27057\/revisions\/27061"}],"wp:featuredmedia":[{"embeddable":true,"href":"https:\/\/stuttgarti-katolikusok.de\/index.php\/wp-json\/wp\/v2\/media\/27058"}],"wp:attachment":[{"href":"https:\/\/stuttgarti-katolikusok.de\/index.php\/wp-json\/wp\/v2\/media?parent=27057"}],"wp:term":[{"taxonomy":"category","embeddable":true,"href":"https:\/\/stuttgarti-katolikusok.de\/index.php\/wp-json\/wp\/v2\/categories?post=27057"},{"taxonomy":"post_tag","embeddable":true,"href":"https:\/\/stuttgarti-katolikusok.de\/index.php\/wp-json\/wp\/v2\/tags?post=27057"}],"curies":[{"name":"wp","href":"https:\/\/api.w.org\/{rel}","templated":true}]}}