{"id":27053,"date":"2023-07-07T12:35:57","date_gmt":"2023-07-07T10:35:57","guid":{"rendered":"https:\/\/stuttgarti-katolikusok.de\/?p=27053"},"modified":"2023-07-07T12:35:57","modified_gmt":"2023-07-07T10:35:57","slug":"bermalas-stuttgartban-a-szent-gellert-egyhazkozsegi-bucsuunnepunkon","status":"publish","type":"post","link":"https:\/\/stuttgarti-katolikusok.de\/index.php\/bermalas-stuttgartban-a-szent-gellert-egyhazkozsegi-bucsuunnepunkon\/","title":{"rendered":"B\u00e9rm\u00e1l\u00e1s Stuttgartban a Szent Gell\u00e9rt egyh\u00e1zk\u00f6zs\u00e9gi b\u00facs\u00fa\u00fcnnep\u00fcnk\u00f6n"},"content":{"rendered":"<p>Nagy \u00f6r\u00f6mmel \u00e9rtes\u00edtelek benneteket, hogy ezen esztend\u0151ben, 2023. szeptember 17-\u00e9n, Stuttgartban a 11.30 \u00f3rakor kezd\u0151d\u0151 szentmis\u00e9n nem csup\u00e1n k\u00f6z\u00f6ss\u00e9g\u00fcnk b\u00facs\u00fa\u00fcnnep\u00e9t tartjuk, hanem egyben a b\u00e9rm\u00e1l\u00e1s szents\u00e9g\u00e9nek kiszolg\u00e1ltat\u00e1s\u00e1ra is sor ker\u00fcl.<\/p>\n<p>A szentmise f\u0151celebr\u00e1nsa \u00e9s a b\u00e9rm\u00e1l\u00e1s szents\u00e9g\u00e9nek kiszolg\u00e1ltat\u00f3ja Nm. \u00e9s Ft. Mohos G\u00e1bor, az Esztergom-Budapesti F\u0151egyh\u00e1zmegye seg\u00e9dp\u00fcsp\u00f6ke. Nem mellesleg p\u00fcsp\u00f6k atya a MKPK k\u00fclf\u00f6ld\u00f6n \u00e9l\u0151 magyarok lelkipasztor\u00e1ci\u00f3j\u00e1\u00e9rt felel\u0151s p\u00fcsp\u00f6k.<\/p>\n<p>\u00d6r\u00f6m\u00f6m annak is sz\u00f3l, hogy most erre k\u00fcl\u00f6n enged\u00e9lyt kaptunk. Ugyanis Egyh\u00e1zmegy\u00e9nkben most m\u00e1r gyakorlat, hogy minden m\u00e1sodik iskolai \u00e9vben maga a helyi pl\u00e9b\u00e1nos szolg\u00e1ltathatja ki e szents\u00e9get. Magam r\u00e9sz\u00e9r\u0151l viszont fontos, \u00e9s ezzel h\u00edveim is \u00edgy vannak, hogy e szents\u00e9get tov\u00e1bbra is, amennyiben lehets\u00e9ges, p\u00fcsp\u00f6k szolg\u00e1ltassa ki.<\/p>\n<p>Egyben pedig ezen \u00fcnnep\u00e9lyes szentmise lehet\u0151s\u00e9get k\u00edn\u00e1l mindannyiunk sz\u00e1m\u00e1ra, hogy p\u00fcsp\u00f6k aty\u00e1val egy\u00fctt \u00fcnnepelhess\u00fcnk, vele szem\u00e9lyesen tal\u00e1lkozhassunk.<\/p>\n<p><em>Tibor atya<\/em><\/p>\n<p><em>(K\u00e9p forr\u00e1sa: Magyar Kur\u00edr)<\/em><\/p>\n","protected":false},"excerpt":{"rendered":"<p>Nagy \u00f6r\u00f6mmel \u00e9rtes\u00edtelek benneteket, hogy ezen esztend\u0151ben, 2023. szeptember 17-\u00e9n, Stuttgartban a 11.30 \u00f3rakor kezd\u0151d\u0151 szentmis\u00e9n nem csup\u00e1n k\u00f6z\u00f6ss\u00e9g\u00fcnk b\u00facs\u00fa\u00fcnnep\u00e9t tartjuk, hanem egyben a b\u00e9rm\u00e1l\u00e1s szents\u00e9g\u00e9nek kiszolg\u00e1ltat\u00e1s\u00e1ra is sor ker\u00fcl. A szentmise f\u0151celebr\u00e1nsa \u00e9s a b\u00e9rm\u00e1l\u00e1s szents\u00e9g\u00e9nek kiszolg\u00e1ltat\u00f3ja Nm. \u00e9s Ft. Mohos G\u00e1bor, az Esztergom-Budapesti F\u0151egyh\u00e1zmegye seg\u00e9dp\u00fcsp\u00f6ke. Nem mellesleg p\u00fcsp\u00f6k atya a MKPK k\u00fclf\u00f6ld\u00f6n \u00e9l\u0151 magyarok lelkipasztor\u00e1ci\u00f3j\u00e1\u00e9rt felel\u0151s p\u00fcsp\u00f6k. \u00d6r\u00f6m\u00f6m annak is sz\u00f3l, hogy most erre k\u00fcl\u00f6n enged\u00e9lyt kaptunk. Ugyanis Egyh\u00e1zmegy\u00e9nkben most m\u00e1r gyakorlat, hogy minden m\u00e1sodik iskolai \u00e9vben maga a helyi pl\u00e9b\u00e1nos szolg\u00e1ltathatja ki e szents\u00e9get. Magam r\u00e9sz\u00e9r\u0151l viszont fontos, \u00e9s ezzel h\u00edveim is \u00edgy vannak, hogy e szents\u00e9get tov\u00e1bbra is, amennyiben lehets\u00e9ges, p\u00fcsp\u00f6k szolg\u00e1ltassa ki. Egyben pedig ezen \u00fcnnep\u00e9lyes szentmise lehet\u0151s\u00e9get k\u00edn\u00e1l mindannyiunk sz\u00e1m\u00e1ra, hogy p\u00fcsp\u00f6k aty\u00e1val egy\u00fctt \u00fcnnepelhess\u00fcnk, vele szem\u00e9lyesen tal\u00e1lkozhassunk. Tibor atya (K\u00e9p forr\u00e1sa: Magyar Kur\u00edr)<\/p>\n","protected":false},"author":3,"featured_media":27054,"comment_status":"closed","ping_status":"closed","sticky":false,"template":"","format":"standard","meta":{"footnotes":""},"categories":[5],"tags":[],"class_list":["post-27053","post","type-post","status-publish","format-standard","has-post-thumbnail","hentry","category-hirek"],"yoast_head":"<!-- This site is optimized with the Yoast SEO plugin v27.3 - https:\/\/yoast.com\/product\/yoast-seo-wordpress\/ -->\n<title>B\u00e9rm\u00e1l\u00e1s Stuttgartban a Szent Gell\u00e9rt egyh\u00e1zk\u00f6zs\u00e9gi b\u00facs\u00fa\u00fcnnep\u00fcnk\u00f6n - Stuttgarti Katolikusok<\/title>\n<meta name=\"robots\" content=\"index, follow, max-snippet:-1, max-image-preview:large, max-video-preview:-1\" \/>\n<link rel=\"canonical\" href=\"https:\/\/stuttgarti-katolikusok.de\/index.php\/bermalas-stuttgartban-a-szent-gellert-egyhazkozsegi-bucsuunnepunkon\/\" \/>\n<meta property=\"og:locale\" content=\"hu_HU\" \/>\n<meta property=\"og:type\" content=\"article\" \/>\n<meta property=\"og:title\" content=\"B\u00e9rm\u00e1l\u00e1s Stuttgartban a Szent Gell\u00e9rt egyh\u00e1zk\u00f6zs\u00e9gi b\u00facs\u00fa\u00fcnnep\u00fcnk\u00f6n - Stuttgarti Katolikusok\" \/>\n<meta property=\"og:description\" content=\"Nagy \u00f6r\u00f6mmel \u00e9rtes\u00edtelek benneteket, hogy ezen esztend\u0151ben, 2023. szeptember 17-\u00e9n, Stuttgartban a 11.30 \u00f3rakor kezd\u0151d\u0151 szentmis\u00e9n nem csup\u00e1n k\u00f6z\u00f6ss\u00e9g\u00fcnk b\u00facs\u00fa\u00fcnnep\u00e9t tartjuk, hanem egyben a b\u00e9rm\u00e1l\u00e1s szents\u00e9g\u00e9nek kiszolg\u00e1ltat\u00e1s\u00e1ra is sor ker\u00fcl. A szentmise f\u0151celebr\u00e1nsa \u00e9s a b\u00e9rm\u00e1l\u00e1s szents\u00e9g\u00e9nek kiszolg\u00e1ltat\u00f3ja Nm. \u00e9s Ft. Mohos G\u00e1bor, az Esztergom-Budapesti F\u0151egyh\u00e1zmegye seg\u00e9dp\u00fcsp\u00f6ke. Nem mellesleg p\u00fcsp\u00f6k atya a MKPK k\u00fclf\u00f6ld\u00f6n \u00e9l\u0151 magyarok lelkipasztor\u00e1ci\u00f3j\u00e1\u00e9rt felel\u0151s p\u00fcsp\u00f6k. \u00d6r\u00f6m\u00f6m annak is sz\u00f3l, hogy most erre k\u00fcl\u00f6n enged\u00e9lyt kaptunk. Ugyanis Egyh\u00e1zmegy\u00e9nkben most m\u00e1r gyakorlat, hogy minden m\u00e1sodik iskolai \u00e9vben maga a helyi pl\u00e9b\u00e1nos szolg\u00e1ltathatja ki e szents\u00e9get. Magam r\u00e9sz\u00e9r\u0151l viszont fontos, \u00e9s ezzel h\u00edveim is \u00edgy vannak, hogy e szents\u00e9get tov\u00e1bbra is, amennyiben lehets\u00e9ges, p\u00fcsp\u00f6k szolg\u00e1ltassa ki. Egyben pedig ezen \u00fcnnep\u00e9lyes szentmise lehet\u0151s\u00e9get k\u00edn\u00e1l mindannyiunk sz\u00e1m\u00e1ra, hogy p\u00fcsp\u00f6k aty\u00e1val egy\u00fctt \u00fcnnepelhess\u00fcnk, vele szem\u00e9lyesen tal\u00e1lkozhassunk. Tibor atya (K\u00e9p forr\u00e1sa: Magyar Kur\u00edr)\" \/>\n<meta property=\"og:url\" content=\"https:\/\/stuttgarti-katolikusok.de\/index.php\/bermalas-stuttgartban-a-szent-gellert-egyhazkozsegi-bucsuunnepunkon\/\" \/>\n<meta property=\"og:site_name\" content=\"Stuttgarti Katolikusok\" \/>\n<meta property=\"article:published_time\" content=\"2023-07-07T10:35:57+00:00\" \/>\n<meta property=\"og:image\" content=\"https:\/\/stuttgarti-katolikusok.de\/wp-content\/uploads\/2023\/07\/mohos-gabor.jpeg\" \/>\n\t<meta property=\"og:image:width\" content=\"1024\" \/>\n\t<meta property=\"og:image:height\" content=\"682\" \/>\n\t<meta property=\"og:image:type\" content=\"image\/jpeg\" \/>\n<meta name=\"author\" content=\"Tibor atya\" \/>\n<meta name=\"twitter:card\" content=\"summary_large_image\" \/>\n<meta name=\"twitter:label1\" content=\"Szerz\u0151:\" \/>\n\t<meta name=\"twitter:data1\" content=\"Tibor atya\" \/>\n\t<meta name=\"twitter:label2\" content=\"Becs\u00fclt olvas\u00e1si id\u0151\" \/>\n\t<meta name=\"twitter:data2\" content=\"1 perc\" \/>\n<script type=\"application\/ld+json\" class=\"yoast-schema-graph\">{\"@context\":\"https:\\\/\\\/schema.org\",\"@graph\":[{\"@type\":\"Article\",\"@id\":\"https:\\\/\\\/stuttgarti-katolikusok.de\\\/index.php\\\/bermalas-stuttgartban-a-szent-gellert-egyhazkozsegi-bucsuunnepunkon\\\/#article\",\"isPartOf\":{\"@id\":\"https:\\\/\\\/stuttgarti-katolikusok.de\\\/index.php\\\/bermalas-stuttgartban-a-szent-gellert-egyhazkozsegi-bucsuunnepunkon\\\/\"},\"author\":{\"name\":\"Tibor atya\",\"@id\":\"https:\\\/\\\/stuttgarti-katolikusok.de\\\/#\\\/schema\\\/person\\\/75908d6f8fdc03a57889d27209df7795\"},\"headline\":\"B\u00e9rm\u00e1l\u00e1s Stuttgartban a Szent Gell\u00e9rt egyh\u00e1zk\u00f6zs\u00e9gi b\u00facs\u00fa\u00fcnnep\u00fcnk\u00f6n\",\"datePublished\":\"2023-07-07T10:35:57+00:00\",\"mainEntityOfPage\":{\"@id\":\"https:\\\/\\\/stuttgarti-katolikusok.de\\\/index.php\\\/bermalas-stuttgartban-a-szent-gellert-egyhazkozsegi-bucsuunnepunkon\\\/\"},\"wordCount\":236,\"image\":{\"@id\":\"https:\\\/\\\/stuttgarti-katolikusok.de\\\/index.php\\\/bermalas-stuttgartban-a-szent-gellert-egyhazkozsegi-bucsuunnepunkon\\\/#primaryimage\"},\"thumbnailUrl\":\"https:\\\/\\\/stuttgarti-katolikusok.de\\\/wp-content\\\/uploads\\\/2023\\\/07\\\/mohos-gabor.jpeg\",\"articleSection\":[\"H\u00edrek\"],\"inLanguage\":\"hu\"},{\"@type\":\"WebPage\",\"@id\":\"https:\\\/\\\/stuttgarti-katolikusok.de\\\/index.php\\\/bermalas-stuttgartban-a-szent-gellert-egyhazkozsegi-bucsuunnepunkon\\\/\",\"url\":\"https:\\\/\\\/stuttgarti-katolikusok.de\\\/index.php\\\/bermalas-stuttgartban-a-szent-gellert-egyhazkozsegi-bucsuunnepunkon\\\/\",\"name\":\"B\u00e9rm\u00e1l\u00e1s Stuttgartban a Szent Gell\u00e9rt egyh\u00e1zk\u00f6zs\u00e9gi b\u00facs\u00fa\u00fcnnep\u00fcnk\u00f6n - Stuttgarti Katolikusok\",\"isPartOf\":{\"@id\":\"https:\\\/\\\/stuttgarti-katolikusok.de\\\/#website\"},\"primaryImageOfPage\":{\"@id\":\"https:\\\/\\\/stuttgarti-katolikusok.de\\\/index.php\\\/bermalas-stuttgartban-a-szent-gellert-egyhazkozsegi-bucsuunnepunkon\\\/#primaryimage\"},\"image\":{\"@id\":\"https:\\\/\\\/stuttgarti-katolikusok.de\\\/index.php\\\/bermalas-stuttgartban-a-szent-gellert-egyhazkozsegi-bucsuunnepunkon\\\/#primaryimage\"},\"thumbnailUrl\":\"https:\\\/\\\/stuttgarti-katolikusok.de\\\/wp-content\\\/uploads\\\/2023\\\/07\\\/mohos-gabor.jpeg\",\"datePublished\":\"2023-07-07T10:35:57+00:00\",\"author\":{\"@id\":\"https:\\\/\\\/stuttgarti-katolikusok.de\\\/#\\\/schema\\\/person\\\/75908d6f8fdc03a57889d27209df7795\"},\"breadcrumb\":{\"@id\":\"https:\\\/\\\/stuttgarti-katolikusok.de\\\/index.php\\\/bermalas-stuttgartban-a-szent-gellert-egyhazkozsegi-bucsuunnepunkon\\\/#breadcrumb\"},\"inLanguage\":\"hu\",\"potentialAction\":[{\"@type\":\"ReadAction\",\"target\":[\"https:\\\/\\\/stuttgarti-katolikusok.de\\\/index.php\\\/bermalas-stuttgartban-a-szent-gellert-egyhazkozsegi-bucsuunnepunkon\\\/\"]}]},{\"@type\":\"ImageObject\",\"inLanguage\":\"hu\",\"@id\":\"https:\\\/\\\/stuttgarti-katolikusok.de\\\/index.php\\\/bermalas-stuttgartban-a-szent-gellert-egyhazkozsegi-bucsuunnepunkon\\\/#primaryimage\",\"url\":\"https:\\\/\\\/stuttgarti-katolikusok.de\\\/wp-content\\\/uploads\\\/2023\\\/07\\\/mohos-gabor.jpeg\",\"contentUrl\":\"https:\\\/\\\/stuttgarti-katolikusok.de\\\/wp-content\\\/uploads\\\/2023\\\/07\\\/mohos-gabor.jpeg\",\"width\":1024,\"height\":682},{\"@type\":\"BreadcrumbList\",\"@id\":\"https:\\\/\\\/stuttgarti-katolikusok.de\\\/index.php\\\/bermalas-stuttgartban-a-szent-gellert-egyhazkozsegi-bucsuunnepunkon\\\/#breadcrumb\",\"itemListElement\":[{\"@type\":\"ListItem\",\"position\":1,\"name\":\"Kezd\u0151lap\",\"item\":\"https:\\\/\\\/stuttgarti-katolikusok.de\\\/\"},{\"@type\":\"ListItem\",\"position\":2,\"name\":\"B\u00e9rm\u00e1l\u00e1s Stuttgartban a Szent Gell\u00e9rt egyh\u00e1zk\u00f6zs\u00e9gi b\u00facs\u00fa\u00fcnnep\u00fcnk\u00f6n\"}]},{\"@type\":\"WebSite\",\"@id\":\"https:\\\/\\\/stuttgarti-katolikusok.de\\\/#website\",\"url\":\"https:\\\/\\\/stuttgarti-katolikusok.de\\\/\",\"name\":\"Stuttgarti Katolikusok\",\"description\":\"\",\"potentialAction\":[{\"@type\":\"SearchAction\",\"target\":{\"@type\":\"EntryPoint\",\"urlTemplate\":\"https:\\\/\\\/stuttgarti-katolikusok.de\\\/?s={search_term_string}\"},\"query-input\":{\"@type\":\"PropertyValueSpecification\",\"valueRequired\":true,\"valueName\":\"search_term_string\"}}],\"inLanguage\":\"hu\"},{\"@type\":\"Person\",\"@id\":\"https:\\\/\\\/stuttgarti-katolikusok.de\\\/#\\\/schema\\\/person\\\/75908d6f8fdc03a57889d27209df7795\",\"name\":\"Tibor atya\",\"image\":{\"@type\":\"ImageObject\",\"inLanguage\":\"hu\",\"@id\":\"https:\\\/\\\/secure.gravatar.com\\\/avatar\\\/61d268e57d1f4525b111222e29d2d5a7f8c420fdbf231ba5566a8ceac74fa960?s=96&d=mm&r=g\",\"url\":\"https:\\\/\\\/secure.gravatar.com\\\/avatar\\\/61d268e57d1f4525b111222e29d2d5a7f8c420fdbf231ba5566a8ceac74fa960?s=96&d=mm&r=g\",\"contentUrl\":\"https:\\\/\\\/secure.gravatar.com\\\/avatar\\\/61d268e57d1f4525b111222e29d2d5a7f8c420fdbf231ba5566a8ceac74fa960?s=96&d=mm&r=g\",\"caption\":\"Tibor atya\"},\"url\":\"https:\\\/\\\/stuttgarti-katolikusok.de\\\/index.php\\\/author\\\/tibor-atya\\\/\"}]}<\/script>\n<!-- \/ Yoast SEO plugin. -->","yoast_head_json":{"title":"B\u00e9rm\u00e1l\u00e1s Stuttgartban a Szent Gell\u00e9rt egyh\u00e1zk\u00f6zs\u00e9gi b\u00facs\u00fa\u00fcnnep\u00fcnk\u00f6n - Stuttgarti Katolikusok","robots":{"index":"index","follow":"follow","max-snippet":"max-snippet:-1","max-image-preview":"max-image-preview:large","max-video-preview":"max-video-preview:-1"},"canonical":"https:\/\/stuttgarti-katolikusok.de\/index.php\/bermalas-stuttgartban-a-szent-gellert-egyhazkozsegi-bucsuunnepunkon\/","og_locale":"hu_HU","og_type":"article","og_title":"B\u00e9rm\u00e1l\u00e1s Stuttgartban a Szent Gell\u00e9rt egyh\u00e1zk\u00f6zs\u00e9gi b\u00facs\u00fa\u00fcnnep\u00fcnk\u00f6n - Stuttgarti Katolikusok","og_description":"Nagy \u00f6r\u00f6mmel \u00e9rtes\u00edtelek benneteket, hogy ezen esztend\u0151ben, 2023. szeptember 17-\u00e9n, Stuttgartban a 11.30 \u00f3rakor kezd\u0151d\u0151 szentmis\u00e9n nem csup\u00e1n k\u00f6z\u00f6ss\u00e9g\u00fcnk b\u00facs\u00fa\u00fcnnep\u00e9t tartjuk, hanem egyben a b\u00e9rm\u00e1l\u00e1s szents\u00e9g\u00e9nek kiszolg\u00e1ltat\u00e1s\u00e1ra is sor ker\u00fcl. A szentmise f\u0151celebr\u00e1nsa \u00e9s a b\u00e9rm\u00e1l\u00e1s szents\u00e9g\u00e9nek kiszolg\u00e1ltat\u00f3ja Nm. \u00e9s Ft. Mohos G\u00e1bor, az Esztergom-Budapesti F\u0151egyh\u00e1zmegye seg\u00e9dp\u00fcsp\u00f6ke. Nem mellesleg p\u00fcsp\u00f6k atya a MKPK k\u00fclf\u00f6ld\u00f6n \u00e9l\u0151 magyarok lelkipasztor\u00e1ci\u00f3j\u00e1\u00e9rt felel\u0151s p\u00fcsp\u00f6k. \u00d6r\u00f6m\u00f6m annak is sz\u00f3l, hogy most erre k\u00fcl\u00f6n enged\u00e9lyt kaptunk. Ugyanis Egyh\u00e1zmegy\u00e9nkben most m\u00e1r gyakorlat, hogy minden m\u00e1sodik iskolai \u00e9vben maga a helyi pl\u00e9b\u00e1nos szolg\u00e1ltathatja ki e szents\u00e9get. Magam r\u00e9sz\u00e9r\u0151l viszont fontos, \u00e9s ezzel h\u00edveim is \u00edgy vannak, hogy e szents\u00e9get tov\u00e1bbra is, amennyiben lehets\u00e9ges, p\u00fcsp\u00f6k szolg\u00e1ltassa ki. Egyben pedig ezen \u00fcnnep\u00e9lyes szentmise lehet\u0151s\u00e9get k\u00edn\u00e1l mindannyiunk sz\u00e1m\u00e1ra, hogy p\u00fcsp\u00f6k aty\u00e1val egy\u00fctt \u00fcnnepelhess\u00fcnk, vele szem\u00e9lyesen tal\u00e1lkozhassunk. Tibor atya (K\u00e9p forr\u00e1sa: Magyar Kur\u00edr)","og_url":"https:\/\/stuttgarti-katolikusok.de\/index.php\/bermalas-stuttgartban-a-szent-gellert-egyhazkozsegi-bucsuunnepunkon\/","og_site_name":"Stuttgarti Katolikusok","article_published_time":"2023-07-07T10:35:57+00:00","og_image":[{"width":1024,"height":682,"url":"https:\/\/stuttgarti-katolikusok.de\/wp-content\/uploads\/2023\/07\/mohos-gabor.jpeg","type":"image\/jpeg"}],"author":"Tibor atya","twitter_card":"summary_large_image","twitter_misc":{"Szerz\u0151:":"Tibor atya","Becs\u00fclt olvas\u00e1si id\u0151":"1 perc"},"schema":{"@context":"https:\/\/schema.org","@graph":[{"@type":"Article","@id":"https:\/\/stuttgarti-katolikusok.de\/index.php\/bermalas-stuttgartban-a-szent-gellert-egyhazkozsegi-bucsuunnepunkon\/#article","isPartOf":{"@id":"https:\/\/stuttgarti-katolikusok.de\/index.php\/bermalas-stuttgartban-a-szent-gellert-egyhazkozsegi-bucsuunnepunkon\/"},"author":{"name":"Tibor atya","@id":"https:\/\/stuttgarti-katolikusok.de\/#\/schema\/person\/75908d6f8fdc03a57889d27209df7795"},"headline":"B\u00e9rm\u00e1l\u00e1s Stuttgartban a Szent Gell\u00e9rt egyh\u00e1zk\u00f6zs\u00e9gi b\u00facs\u00fa\u00fcnnep\u00fcnk\u00f6n","datePublished":"2023-07-07T10:35:57+00:00","mainEntityOfPage":{"@id":"https:\/\/stuttgarti-katolikusok.de\/index.php\/bermalas-stuttgartban-a-szent-gellert-egyhazkozsegi-bucsuunnepunkon\/"},"wordCount":236,"image":{"@id":"https:\/\/stuttgarti-katolikusok.de\/index.php\/bermalas-stuttgartban-a-szent-gellert-egyhazkozsegi-bucsuunnepunkon\/#primaryimage"},"thumbnailUrl":"https:\/\/stuttgarti-katolikusok.de\/wp-content\/uploads\/2023\/07\/mohos-gabor.jpeg","articleSection":["H\u00edrek"],"inLanguage":"hu"},{"@type":"WebPage","@id":"https:\/\/stuttgarti-katolikusok.de\/index.php\/bermalas-stuttgartban-a-szent-gellert-egyhazkozsegi-bucsuunnepunkon\/","url":"https:\/\/stuttgarti-katolikusok.de\/index.php\/bermalas-stuttgartban-a-szent-gellert-egyhazkozsegi-bucsuunnepunkon\/","name":"B\u00e9rm\u00e1l\u00e1s Stuttgartban a Szent Gell\u00e9rt egyh\u00e1zk\u00f6zs\u00e9gi b\u00facs\u00fa\u00fcnnep\u00fcnk\u00f6n - Stuttgarti Katolikusok","isPartOf":{"@id":"https:\/\/stuttgarti-katolikusok.de\/#website"},"primaryImageOfPage":{"@id":"https:\/\/stuttgarti-katolikusok.de\/index.php\/bermalas-stuttgartban-a-szent-gellert-egyhazkozsegi-bucsuunnepunkon\/#primaryimage"},"image":{"@id":"https:\/\/stuttgarti-katolikusok.de\/index.php\/bermalas-stuttgartban-a-szent-gellert-egyhazkozsegi-bucsuunnepunkon\/#primaryimage"},"thumbnailUrl":"https:\/\/stuttgarti-katolikusok.de\/wp-content\/uploads\/2023\/07\/mohos-gabor.jpeg","datePublished":"2023-07-07T10:35:57+00:00","author":{"@id":"https:\/\/stuttgarti-katolikusok.de\/#\/schema\/person\/75908d6f8fdc03a57889d27209df7795"},"breadcrumb":{"@id":"https:\/\/stuttgarti-katolikusok.de\/index.php\/bermalas-stuttgartban-a-szent-gellert-egyhazkozsegi-bucsuunnepunkon\/#breadcrumb"},"inLanguage":"hu","potentialAction":[{"@type":"ReadAction","target":["https:\/\/stuttgarti-katolikusok.de\/index.php\/bermalas-stuttgartban-a-szent-gellert-egyhazkozsegi-bucsuunnepunkon\/"]}]},{"@type":"ImageObject","inLanguage":"hu","@id":"https:\/\/stuttgarti-katolikusok.de\/index.php\/bermalas-stuttgartban-a-szent-gellert-egyhazkozsegi-bucsuunnepunkon\/#primaryimage","url":"https:\/\/stuttgarti-katolikusok.de\/wp-content\/uploads\/2023\/07\/mohos-gabor.jpeg","contentUrl":"https:\/\/stuttgarti-katolikusok.de\/wp-content\/uploads\/2023\/07\/mohos-gabor.jpeg","width":1024,"height":682},{"@type":"BreadcrumbList","@id":"https:\/\/stuttgarti-katolikusok.de\/index.php\/bermalas-stuttgartban-a-szent-gellert-egyhazkozsegi-bucsuunnepunkon\/#breadcrumb","itemListElement":[{"@type":"ListItem","position":1,"name":"Kezd\u0151lap","item":"https:\/\/stuttgarti-katolikusok.de\/"},{"@type":"ListItem","position":2,"name":"B\u00e9rm\u00e1l\u00e1s Stuttgartban a Szent Gell\u00e9rt egyh\u00e1zk\u00f6zs\u00e9gi b\u00facs\u00fa\u00fcnnep\u00fcnk\u00f6n"}]},{"@type":"WebSite","@id":"https:\/\/stuttgarti-katolikusok.de\/#website","url":"https:\/\/stuttgarti-katolikusok.de\/","name":"Stuttgarti Katolikusok","description":"","potentialAction":[{"@type":"SearchAction","target":{"@type":"EntryPoint","urlTemplate":"https:\/\/stuttgarti-katolikusok.de\/?s={search_term_string}"},"query-input":{"@type":"PropertyValueSpecification","valueRequired":true,"valueName":"search_term_string"}}],"inLanguage":"hu"},{"@type":"Person","@id":"https:\/\/stuttgarti-katolikusok.de\/#\/schema\/person\/75908d6f8fdc03a57889d27209df7795","name":"Tibor atya","image":{"@type":"ImageObject","inLanguage":"hu","@id":"https:\/\/secure.gravatar.com\/avatar\/61d268e57d1f4525b111222e29d2d5a7f8c420fdbf231ba5566a8ceac74fa960?s=96&d=mm&r=g","url":"https:\/\/secure.gravatar.com\/avatar\/61d268e57d1f4525b111222e29d2d5a7f8c420fdbf231ba5566a8ceac74fa960?s=96&d=mm&r=g","contentUrl":"https:\/\/secure.gravatar.com\/avatar\/61d268e57d1f4525b111222e29d2d5a7f8c420fdbf231ba5566a8ceac74fa960?s=96&d=mm&r=g","caption":"Tibor atya"},"url":"https:\/\/stuttgarti-katolikusok.de\/index.php\/author\/tibor-atya\/"}]}},"_links":{"self":[{"href":"https:\/\/stuttgarti-katolikusok.de\/index.php\/wp-json\/wp\/v2\/posts\/27053","targetHints":{"allow":["GET"]}}],"collection":[{"href":"https:\/\/stuttgarti-katolikusok.de\/index.php\/wp-json\/wp\/v2\/posts"}],"about":[{"href":"https:\/\/stuttgarti-katolikusok.de\/index.php\/wp-json\/wp\/v2\/types\/post"}],"author":[{"embeddable":true,"href":"https:\/\/stuttgarti-katolikusok.de\/index.php\/wp-json\/wp\/v2\/users\/3"}],"replies":[{"embeddable":true,"href":"https:\/\/stuttgarti-katolikusok.de\/index.php\/wp-json\/wp\/v2\/comments?post=27053"}],"version-history":[{"count":1,"href":"https:\/\/stuttgarti-katolikusok.de\/index.php\/wp-json\/wp\/v2\/posts\/27053\/revisions"}],"predecessor-version":[{"id":27055,"href":"https:\/\/stuttgarti-katolikusok.de\/index.php\/wp-json\/wp\/v2\/posts\/27053\/revisions\/27055"}],"wp:featuredmedia":[{"embeddable":true,"href":"https:\/\/stuttgarti-katolikusok.de\/index.php\/wp-json\/wp\/v2\/media\/27054"}],"wp:attachment":[{"href":"https:\/\/stuttgarti-katolikusok.de\/index.php\/wp-json\/wp\/v2\/media?parent=27053"}],"wp:term":[{"taxonomy":"category","embeddable":true,"href":"https:\/\/stuttgarti-katolikusok.de\/index.php\/wp-json\/wp\/v2\/categories?post=27053"},{"taxonomy":"post_tag","embeddable":true,"href":"https:\/\/stuttgarti-katolikusok.de\/index.php\/wp-json\/wp\/v2\/tags?post=27053"}],"curies":[{"name":"wp","href":"https:\/\/api.w.org\/{rel}","templated":true}]}}