{"id":27027,"date":"2023-07-01T12:12:13","date_gmt":"2023-07-01T10:12:13","guid":{"rendered":"https:\/\/stuttgarti-katolikusok.de\/?p=27027"},"modified":"2023-07-01T12:12:13","modified_gmt":"2023-07-01T10:12:13","slug":"evkozi-13-vasarnap-2","status":"publish","type":"post","link":"https:\/\/stuttgarti-katolikusok.de\/index.php\/evkozi-13-vasarnap-2\/","title":{"rendered":"\u00c9vk\u00f6zi 13. vas\u00e1rnap"},"content":{"rendered":"<p><span style=\"color: #339966;\">Kezd\u0151\u00e9nek:<\/span><br \/>\nTapsoljatok, nemzetek, mindny\u00e1jan, ujjongjatok Istennek dics\u00e9r\u0151 sz\u00f3val! (Zsolt 46,2)<\/p>\n<p><span style=\"color: #339966;\">K\u00f6ny\u00f6rg\u00e9s:<\/span><br \/>\nIsten\u00fcnk, aki kegyelmeddel gyermekeidd\u00e9 fogadt\u00e1l \u00e9s a vil\u00e1goss\u00e1g fiaiv\u00e1 tett\u00e9l minket, k\u00e9r\u00fcnk, tartsd t\u00e1vol t\u0151l\u00fcnk a t\u00e9ved\u00e9s hom\u00e1ly\u00e1t, \u00e9s seg\u00edts, hogy igazs\u00e1god ragyog\u00f3 f\u00e9nye mindig t\u00fcnd\u00f6k\u00f6lj\u00f6n lelk\u00fcnkben. A mi Urunk, J\u00e9zus Krisztus, a te Fiad \u00e1ltal, aki veled \u00e9l \u00e9s uralkodik a Szentl\u00e9lekkel egys\u00e9gben, Isten mind\u00f6r\u00f6kk\u00f6n \u00f6r\u00f6kk\u00e9.<\/p>\n<p align=\"justify\"><span style=\"color: #339966;\">OLVASM\u00c1NY a Kir\u00e1lyok m\u00e1sodik k\u00f6nyv\u00e9b\u0151l (2Kir 4,8-11.14-16a)<\/span><br \/>\n<em>Isten megjutalmazza a sunemi asszonyt, aki seg\u00edti az Isten ember\u00e9t.<\/em><\/p>\n<p align=\"justify\">T\u00f6rt\u00e9nt egy napon, hogy Elizeus pr\u00f3f\u00e9ta elindult \u00e9s \u00e1tment Sunembe. Lakott ott egy el\u0151kel\u0151 asszony, aki megh\u00edvta asztal\u00e1hoz, s \u00edgy ah\u00e1nyszor csak \u00e1tment, mindig bet\u00e9rt hozz\u00e1 enni. Az (asszony) \u00edgy sz\u00f3lt f\u00e9rj\u00e9hez: \u201eN\u00e9zd, tudom, hogy Istennek szent embere az, aki mindig bet\u00e9r hozz\u00e1nk. Rendezz\u00fcnk h\u00e1t be neki a tet\u0151n egy kis szob\u00e1t, tegy\u00fcnk bele \u00e1gyat, asztalt, sz\u00e9ket meg m\u00e9csest, s ah\u00e1nyszor csak bet\u00e9r hozz\u00e1nk, ott sz\u00e1lljon meg.\u201d<br \/>\nT\u00f6rt\u00e9nt, hogy Elizeus egy nap meg\u00e9rkezett, bet\u00e9rt a f\u00f6nti szob\u00e1ba \u00e9s lefek\u00fcdt. Azt\u00e1n \u00edgy sz\u00f3lt szolg\u00e1j\u00e1hoz, Geh\u00e1szihoz: \u201eMi lenne az, amivel viszonz\u00e1st adhatn\u00e9k az asszonynak?\u201d Geh\u00e1szi \u00edgy v\u00e1laszolt: \u201e\u00d3, nincs neki fia, \u00e9s a f\u00e9rje \u00f6reg.\u201d Erre megparancsolta: \u201eH\u00edvd ide!\u201d Odah\u00edvta, az meg\u00e1llt az ajt\u00f3ban. Akkor Elizeus \u00edgy sz\u00f3lt hozz\u00e1: \u201eEgy esztend\u0151 eltelt\u00e9vel ilyen id\u0151 t\u00e1jt fi\u00fat dajk\u00e1lsz.\u201d<br \/>\nEz az Isten ig\u00e9je.<\/p>\n<p align=\"justify\">\n<span style=\"color: #339966;\">V\u00c1LASZOS ZSOLT\u00c1R (Zsolt 88,2-3.16-17.18-19)<\/span><br \/>\nV\u00e1lasz:\u00a0<strong>Hadd \u00e9nekeljem \u00f6r\u00f6kk\u00e9 * Urunknak irgalmas j\u00f3s\u00e1g\u00e1t.<\/strong>\u00a06. t\u00f3nus.<br \/>\nEl\u0151\u00e9nekes: Az \u00dar irgalm\u00e1r\u00f3l \u00e9nekelek \u00f6r\u00f6kk\u00f6n \u00f6r\u00f6kk\u00e9, * h\u0171s\u00e9gedet nemzed\u00e9kr\u0151l nemzed\u00e9kre hirdeti ajkam.<br \/>\n\u00cdgy sz\u00f3lt\u00e1l: \u2020 \u201eIrgalmam szil\u00e1rdan \u00e1ll mind\u00f6r\u00f6kk\u00e9.\u201d * Val\u00f3ban, a te h\u0171s\u00e9ged er\u0151s, mik\u00e9nt a mennybolt.<br \/>\nH\u00edvek: Hadd \u00e9nekeljem \u00f6r\u00f6kk\u00e9 * Urunknak irgalmas j\u00f3s\u00e1g\u00e1t.<br \/>\nE: Boldog a n\u00e9p, amely tud \u00fcnnepelni, * az ilyen arcod f\u00e9ny\u00e9ben j\u00e1rhat,<br \/>\nUram. Eg\u00e9sz nap \u00f6rvendeznek nevednek, * \u00e9s igazs\u00e1god felmagasztalja \u0151ket.<br \/>\nH: Hadd \u00e9nekeljem \u00f6r\u00f6kk\u00e9 * Urunknak irgalmas j\u00f3s\u00e1g\u00e1t.<br \/>\nE: Te vagy n\u00e9ped er\u0151ss\u00e9ge, * \u00e9s j\u00f3voltodb\u00f3l emelj\u00fck fel fej\u00fcnket.<br \/>\nMert a mi pajzsunk az \u00dart\u00f3l van, * \u00e9s kir\u00e1lyunk Izrael Szentj\u00e9t\u0151l.<br \/>\nH: Hadd \u00e9nekeljem \u00f6r\u00f6kk\u00e9 * Urunknak irgalmas j\u00f3s\u00e1g\u00e1t.<\/p>\n<p align=\"justify\"><span style=\"color: #339966;\">SZENTLECKE Szent P\u00e1l apostolnak a r\u00f3maiakhoz \u00edrt level\u00e9b\u0151l (R\u00f3m 6,3-4.8-11)<\/span><\/p>\n<p align=\"justify\"><em>A kereszts\u00e9gben eltemetkezt\u00fcnk Krisztussal egy\u00fctt a hal\u00e1lba, hogy \u00faj \u00e9letre kelj\u00fcnk.<\/em><br \/>\nTestv\u00e9reim!<br \/>\nMi, akik Krisztus J\u00e9zusban megkeresztelkedt\u00fcnk, az \u0151 hal\u00e1l\u00e1ban keresztelkedt\u00fcnk meg. A kereszts\u00e9gben ugyanis eltemetkezt\u00fcnk vele egy\u00fctt a hal\u00e1lba, hogy mik\u00e9nt Krisztus az Atya dics\u0151s\u00e9g\u00e9re felt\u00e1madt a hal\u00e1lb\u00f3l, \u00fagy mi is \u00faj \u00e9letre kelj\u00fcnk.<br \/>\nHa Krisztussal meghaltunk, hissz\u00fck, hogy vele egy\u00fctt \u00e9lni is fogunk. Tudjuk ugyanis, hogy Krisztus felt\u00e1madt a hal\u00e1lb\u00f3l, \u00e9s t\u00f6bb\u00e9 nem hal meg: a hal\u00e1l nem uralkodik t\u00f6bb\u00e9 rajta. Hal\u00e1l\u00e1val egyszer s mindenkorra meghalt a b\u0171nnek, de \u00e9let\u00e9vel Istennek \u00e9l.<br \/>\n\u00dagy tekints\u00e9tek teh\u00e1t magatokat, mint akik meghaltatok a b\u0171nnek, \u00e9s most az Istennek \u00e9ltek, a mi Urunk J\u00e9zus Krisztusban.<br \/>\nEz az Isten ig\u00e9je.<\/p>\n<p align=\"justify\"><span style=\"color: #339966;\">ALLELUJA<\/span><br \/>\nTi mindny\u00e1jan v\u00e1lasztott nemzets\u00e9g, kir\u00e1lyi paps\u00e1g, szent nemzet vagytok. * Hirdess\u00e9tek annak erej\u00e9t, aki a s\u00f6t\u00e9ts\u00e9gb\u0151l csod\u00e1latos vil\u00e1goss\u00e1g\u00e1ra h\u00edvott meg titeket. 1P\u00e9t 2,9 \u2013 8 G. t\u00f3nus.<\/p>\n<p align=\"justify\"><span style=\"color: #339966;\">\u2020 EVANG\u00c9LIUM Szent M\u00e1t\u00e9 k\u00f6nyv\u00e9b\u0151l (Mt 10,37-42)<\/span><br \/>\n<em>Aki a keresztj\u00e9t f\u00f6l nem veszi, nem m\u00e9lt\u00f3 hozz\u00e1m.<br \/>\nAki titeket befogad, engem fogad be.<\/em><\/p>\n<p align=\"justify\">\nAbban az id\u0151ben J\u00e9zus ezt mondta apostolainak:<br \/>\nAki apj\u00e1t vagy anyj\u00e1t jobban szereti, mint engem, nem m\u00e9lt\u00f3 hozz\u00e1m. Aki nem veszi f\u00f6l a keresztj\u00e9t \u00e9s nem k\u00f6vet engem, nem m\u00e9lt\u00f3 hozz\u00e1m. Aki megtal\u00e1lja \u00e9let\u00e9t, elvesz\u00edti azt, de aki \u00e9rtem elvesz\u00edti \u00e9let\u00e9t, megtal\u00e1lja azt.<br \/>\nAki titeket befogad, engem fogad be, \u00e9s aki engem befogad, azt fogadja be, aki engem k\u00fcld\u00f6tt. Aki befogadja a pr\u00f3f\u00e9t\u00e1t, mert pr\u00f3f\u00e9ta, az a pr\u00f3f\u00e9ta jutalm\u00e1t kapja. \u00c9s aki az igazat befogadja, mert igaz, az az igaznak jutalm\u00e1t kapja.<br \/>\nS ha valaki csak egy poh\u00e1r friss vizet ad is e legkisebbek egyik\u00e9nek az\u00e9rt, mert az \u00e9n tan\u00edtv\u00e1nyom, bizony mondom nektek, nem marad el a jutalma.<br \/>\nEzek az evang\u00e9lium ig\u00e9i.<\/p>\n<p><span style=\"color: #339966;\">EGYETEMES K\u00d6NY\u00d6RG\u00c9SEK<\/span><br \/>\nPap: Testv\u00e9reim! Krisztus megv\u00e1ltott benn\u00fcnket, \u00e9s a kereszts\u00e9g \u00e1ltal Isten gyermekeiv\u00e9 lett\u00fcnk. Forduljunk teh\u00e1t gyermeki bizalommal mennyei Aty\u00e1nkhoz!<br \/>\nLektor: 1. Add, Urunk, hogy N. p\u00e1p\u00e1nak, p\u00fcsp\u00f6keinknek \u00e9s papjainknak tan\u00edt\u00e1s\u00e1t k\u00f6vetve mindig a felt\u00e1madt Krisztus gy\u0151zelm\u00e9nek hit\u00e9ben \u00e9lj\u00fcnk!<br \/>\nH\u00edvek: K\u00e9r\u00fcnk t\u00e9ged, hallgass meg minket!<br \/>\n2. Add, Urunk, hogy embert\u00e1rsainkban mindig J\u00e9zust l\u00e1ssuk, \u00e9s szeretettel legy\u00fcnk seg\u00edts\u00e9g\u00fckre!<br \/>\nH\u00edvek: K\u00e9r\u00fcnk t\u00e9ged . . .<br \/>\n3. Add, Urunk, hogy akik a kereszts\u00e9gben meghaltunk a b\u0171nnek, \u00faj \u00e9letet \u00e9lj\u00fcnk Krisztusban!<br \/>\nH\u00edvek: K\u00e9r\u00fcnk t\u00e9ged . . .<br \/>\n4. Add, Urunk, hogy az elhagyottak \u00e9s szomorkod\u00f3k vigasztal\u00e1st mer\u00edtsenek szent Fiad felt\u00e1mad\u00e1s\u00e1nak hit\u00e9b\u0151l!<br \/>\nH\u00edvek: K\u00e9r\u00fcnk t\u00e9ged . . .<br \/>\n5. Add, Urunk, hogy elhunyt testv\u00e9reink dics\u0151s\u00e9ges \u00e9letre t\u00e1madjanak az utols\u00f3 napon!<br \/>\nH\u00edvek: K\u00e9r\u00fcnk t\u00e9ged . . .<br \/>\nPap: Mennyei Aty\u00e1nk! Add, hogy kereszts\u00e9g\u00fcnk kegyelm\u00e9hez m\u00e9lt\u00f3k maradjunk, t\u00e9ged mindenn\u00e9l jobban szeress\u00fcnk, embert\u00e1rsainkban pedig Krisztust l\u00e1ssuk Aki \u00e9l \u00e9s uralkodik mind\u00f6r\u00f6kk\u00f6n \u00f6r\u00f6kk\u00e9.<br \/>\nH\u00edvek: \u00c1men.<\/p>\n<p><span style=\"color: #339966;\">Felaj\u00e1nl\u00f3 k\u00f6ny\u00f6rg\u00e9s:<\/span><br \/>\nIsten\u00fcnk, te a szents\u00e9gi jelek \u00e1ltal \u00e1rasztod lelk\u00fcnkbe a megv\u00e1lt\u00e1s kegyelm\u00e9t. Add, hogy szolg\u00e1latunk m\u00e9lt\u00f3 legyen szent titkaidhoz. Krisztus, a mi Urunk \u00e1ltal.<\/p>\n<p><span style=\"color: #339966;\">\u00c1ldoz\u00e1si \u00e9nek:<\/span><br \/>\n\u00c1ldjad, lelkem, az Urat, eg\u00e9sz bens\u0151m az \u0151 szent nev\u00e9t \u00e1ldja! (Zsolt 102,1)<br \/>\n<em>vagy<\/em><br \/>\nAty\u00e1m, \u00e9rt\u00fck k\u00f6ny\u00f6rg\u00f6k, hogy legyenek mindny\u00e1jan egy benn\u00fcnk, hogy \u00edgy elhiggye a vil\u00e1g, hogy te k\u00fcldt\u00e9l engem \u2013 mondja az \u00dar. (Jn 17,20-21)<\/p>\n<p><span style=\"color: #339966;\">\u00c1ldoz\u00e1s ut\u00e1ni k\u00f6ny\u00f6rg\u00e9s:<\/span><br \/>\nK\u00e9r\u00fcnk, Isten\u00fcnk, \u00e9ltessen minket ez a szent \u00e1ldozat, amelyet bemutattunk, \u00e9s amelyben r\u00e9szesedt\u00fcnk, hogy \u00f6r\u00f6k szeretettel hozz\u00e1d kapcsol\u00f3dva \u00f6r\u00f6k \u00e9letre sz\u00f3l\u00f3 gy\u00fcm\u00f6lcs\u00f6t hozzunk. Krisztus, a mi Urunk \u00e1ltal.<\/p>\n<p><em>(K\u00e9p forr\u00e1sa: pixabay.com)<\/em><\/p>\n","protected":false},"excerpt":{"rendered":"<p>Kezd\u0151\u00e9nek: Tapsoljatok, nemzetek, mindny\u00e1jan, ujjongjatok Istennek dics\u00e9r\u0151 sz\u00f3val! (Zsolt 46,2) K\u00f6ny\u00f6rg\u00e9s: Isten\u00fcnk, aki kegyelmeddel gyermekeidd\u00e9 fogadt\u00e1l \u00e9s a vil\u00e1goss\u00e1g fiaiv\u00e1 tett\u00e9l minket, k\u00e9r\u00fcnk, tartsd t\u00e1vol t\u0151l\u00fcnk a t\u00e9ved\u00e9s hom\u00e1ly\u00e1t, \u00e9s seg\u00edts, hogy igazs\u00e1god ragyog\u00f3 f\u00e9nye mindig t\u00fcnd\u00f6k\u00f6lj\u00f6n lelk\u00fcnkben. A mi Urunk, J\u00e9zus Krisztus, a te Fiad \u00e1ltal, aki veled \u00e9l \u00e9s uralkodik a Szentl\u00e9lekkel egys\u00e9gben, Isten mind\u00f6r\u00f6kk\u00f6n \u00f6r\u00f6kk\u00e9. OLVASM\u00c1NY a Kir\u00e1lyok m\u00e1sodik k\u00f6nyv\u00e9b\u0151l (2Kir 4,8-11.14-16a) Isten megjutalmazza a sunemi asszonyt, aki seg\u00edti az Isten ember\u00e9t. T\u00f6rt\u00e9nt egy napon, hogy Elizeus pr\u00f3f\u00e9ta elindult \u00e9s \u00e1tment Sunembe. Lakott ott egy el\u0151kel\u0151 asszony, aki megh\u00edvta asztal\u00e1hoz, s \u00edgy ah\u00e1nyszor csak \u00e1tment, mindig bet\u00e9rt hozz\u00e1 enni. Az (asszony) \u00edgy sz\u00f3lt f\u00e9rj\u00e9hez: \u201eN\u00e9zd, tudom, hogy Istennek szent embere az, aki mindig bet\u00e9r hozz\u00e1nk. Rendezz\u00fcnk h\u00e1t be neki a tet\u0151n egy kis szob\u00e1t, tegy\u00fcnk bele \u00e1gyat, asztalt, sz\u00e9ket meg m\u00e9csest, s ah\u00e1nyszor csak bet\u00e9r hozz\u00e1nk, ott sz\u00e1lljon meg.\u201d T\u00f6rt\u00e9nt, hogy Elizeus egy nap meg\u00e9rkezett, bet\u00e9rt a f\u00f6nti szob\u00e1ba \u00e9s lefek\u00fcdt. Azt\u00e1n \u00edgy sz\u00f3lt szolg\u00e1j\u00e1hoz, Geh\u00e1szihoz: \u201eMi lenne az, amivel viszonz\u00e1st adhatn\u00e9k az asszonynak?\u201d Geh\u00e1szi \u00edgy v\u00e1laszolt: \u201e\u00d3, nincs neki fia, \u00e9s a f\u00e9rje \u00f6reg.\u201d Erre megparancsolta: \u201eH\u00edvd ide!\u201d Odah\u00edvta, az meg\u00e1llt az ajt\u00f3ban. Akkor Elizeus \u00edgy sz\u00f3lt hozz\u00e1: \u201eEgy esztend\u0151 eltelt\u00e9vel ilyen id\u0151 t\u00e1jt fi\u00fat dajk\u00e1lsz.\u201d Ez az Isten ig\u00e9je. V\u00c1LASZOS ZSOLT\u00c1R (Zsolt 88,2-3.16-17.18-19) V\u00e1lasz:\u00a0Hadd \u00e9nekeljem \u00f6r\u00f6kk\u00e9 * Urunknak irgalmas j\u00f3s\u00e1g\u00e1t.\u00a06. t\u00f3nus. El\u0151\u00e9nekes: Az \u00dar irgalm\u00e1r\u00f3l \u00e9nekelek \u00f6r\u00f6kk\u00f6n \u00f6r\u00f6kk\u00e9, * h\u0171s\u00e9gedet nemzed\u00e9kr\u0151l nemzed\u00e9kre hirdeti ajkam. \u00cdgy sz\u00f3lt\u00e1l: \u2020 \u201eIrgalmam szil\u00e1rdan \u00e1ll mind\u00f6r\u00f6kk\u00e9.\u201d * Val\u00f3ban, a te h\u0171s\u00e9ged er\u0151s, mik\u00e9nt a mennybolt. H\u00edvek: Hadd \u00e9nekeljem \u00f6r\u00f6kk\u00e9 * Urunknak irgalmas j\u00f3s\u00e1g\u00e1t. E: Boldog a n\u00e9p, amely tud \u00fcnnepelni, * az ilyen arcod f\u00e9ny\u00e9ben j\u00e1rhat, Uram. Eg\u00e9sz nap \u00f6rvendeznek nevednek, * \u00e9s igazs\u00e1god felmagasztalja \u0151ket. H: Hadd \u00e9nekeljem \u00f6r\u00f6kk\u00e9 * Urunknak irgalmas j\u00f3s\u00e1g\u00e1t. E: Te vagy n\u00e9ped er\u0151ss\u00e9ge, * \u00e9s j\u00f3voltodb\u00f3l emelj\u00fck fel fej\u00fcnket. Mert a mi pajzsunk az&#8230; <\/p>\n<p><a class=\"readmore\" href=\"https:\/\/stuttgarti-katolikusok.de\/index.php\/evkozi-13-vasarnap-2\/\">R\u00e9szletek<\/a><\/p>\n","protected":false},"author":3,"featured_media":27028,"comment_status":"closed","ping_status":"closed","sticky":false,"template":"","format":"standard","meta":{"footnotes":""},"categories":[85,63],"tags":[],"class_list":["post-27027","post","type-post","status-publish","format-standard","has-post-thumbnail","hentry","category-a-liturgia-olvasmanyai","category-vasarnapi-gondolatok"],"yoast_head":"<!-- This site is optimized with the Yoast SEO plugin v27.3 - https:\/\/yoast.com\/product\/yoast-seo-wordpress\/ -->\n<title>\u00c9vk\u00f6zi 13. vas\u00e1rnap - Stuttgarti Katolikusok<\/title>\n<meta name=\"robots\" content=\"index, follow, max-snippet:-1, max-image-preview:large, max-video-preview:-1\" \/>\n<link rel=\"canonical\" href=\"https:\/\/stuttgarti-katolikusok.de\/index.php\/evkozi-13-vasarnap-2\/\" \/>\n<meta property=\"og:locale\" content=\"hu_HU\" \/>\n<meta property=\"og:type\" content=\"article\" \/>\n<meta property=\"og:title\" content=\"\u00c9vk\u00f6zi 13. vas\u00e1rnap - Stuttgarti Katolikusok\" \/>\n<meta property=\"og:description\" content=\"Kezd\u0151\u00e9nek: Tapsoljatok, nemzetek, mindny\u00e1jan, ujjongjatok Istennek dics\u00e9r\u0151 sz\u00f3val! (Zsolt 46,2) K\u00f6ny\u00f6rg\u00e9s: Isten\u00fcnk, aki kegyelmeddel gyermekeidd\u00e9 fogadt\u00e1l \u00e9s a vil\u00e1goss\u00e1g fiaiv\u00e1 tett\u00e9l minket, k\u00e9r\u00fcnk, tartsd t\u00e1vol t\u0151l\u00fcnk a t\u00e9ved\u00e9s hom\u00e1ly\u00e1t, \u00e9s seg\u00edts, hogy igazs\u00e1god ragyog\u00f3 f\u00e9nye mindig t\u00fcnd\u00f6k\u00f6lj\u00f6n lelk\u00fcnkben. A mi Urunk, J\u00e9zus Krisztus, a te Fiad \u00e1ltal, aki veled \u00e9l \u00e9s uralkodik a Szentl\u00e9lekkel egys\u00e9gben, Isten mind\u00f6r\u00f6kk\u00f6n \u00f6r\u00f6kk\u00e9. OLVASM\u00c1NY a Kir\u00e1lyok m\u00e1sodik k\u00f6nyv\u00e9b\u0151l (2Kir 4,8-11.14-16a) Isten megjutalmazza a sunemi asszonyt, aki seg\u00edti az Isten ember\u00e9t. T\u00f6rt\u00e9nt egy napon, hogy Elizeus pr\u00f3f\u00e9ta elindult \u00e9s \u00e1tment Sunembe. Lakott ott egy el\u0151kel\u0151 asszony, aki megh\u00edvta asztal\u00e1hoz, s \u00edgy ah\u00e1nyszor csak \u00e1tment, mindig bet\u00e9rt hozz\u00e1 enni. Az (asszony) \u00edgy sz\u00f3lt f\u00e9rj\u00e9hez: \u201eN\u00e9zd, tudom, hogy Istennek szent embere az, aki mindig bet\u00e9r hozz\u00e1nk. Rendezz\u00fcnk h\u00e1t be neki a tet\u0151n egy kis szob\u00e1t, tegy\u00fcnk bele \u00e1gyat, asztalt, sz\u00e9ket meg m\u00e9csest, s ah\u00e1nyszor csak bet\u00e9r hozz\u00e1nk, ott sz\u00e1lljon meg.\u201d T\u00f6rt\u00e9nt, hogy Elizeus egy nap meg\u00e9rkezett, bet\u00e9rt a f\u00f6nti szob\u00e1ba \u00e9s lefek\u00fcdt. Azt\u00e1n \u00edgy sz\u00f3lt szolg\u00e1j\u00e1hoz, Geh\u00e1szihoz: \u201eMi lenne az, amivel viszonz\u00e1st adhatn\u00e9k az asszonynak?\u201d Geh\u00e1szi \u00edgy v\u00e1laszolt: \u201e\u00d3, nincs neki fia, \u00e9s a f\u00e9rje \u00f6reg.\u201d Erre megparancsolta: \u201eH\u00edvd ide!\u201d Odah\u00edvta, az meg\u00e1llt az ajt\u00f3ban. Akkor Elizeus \u00edgy sz\u00f3lt hozz\u00e1: \u201eEgy esztend\u0151 eltelt\u00e9vel ilyen id\u0151 t\u00e1jt fi\u00fat dajk\u00e1lsz.\u201d Ez az Isten ig\u00e9je. V\u00c1LASZOS ZSOLT\u00c1R (Zsolt 88,2-3.16-17.18-19) V\u00e1lasz:\u00a0Hadd \u00e9nekeljem \u00f6r\u00f6kk\u00e9 * Urunknak irgalmas j\u00f3s\u00e1g\u00e1t.\u00a06. t\u00f3nus. El\u0151\u00e9nekes: Az \u00dar irgalm\u00e1r\u00f3l \u00e9nekelek \u00f6r\u00f6kk\u00f6n \u00f6r\u00f6kk\u00e9, * h\u0171s\u00e9gedet nemzed\u00e9kr\u0151l nemzed\u00e9kre hirdeti ajkam. \u00cdgy sz\u00f3lt\u00e1l: \u2020 \u201eIrgalmam szil\u00e1rdan \u00e1ll mind\u00f6r\u00f6kk\u00e9.\u201d * Val\u00f3ban, a te h\u0171s\u00e9ged er\u0151s, mik\u00e9nt a mennybolt. H\u00edvek: Hadd \u00e9nekeljem \u00f6r\u00f6kk\u00e9 * Urunknak irgalmas j\u00f3s\u00e1g\u00e1t. E: Boldog a n\u00e9p, amely tud \u00fcnnepelni, * az ilyen arcod f\u00e9ny\u00e9ben j\u00e1rhat, Uram. Eg\u00e9sz nap \u00f6rvendeznek nevednek, * \u00e9s igazs\u00e1god felmagasztalja \u0151ket. H: Hadd \u00e9nekeljem \u00f6r\u00f6kk\u00e9 * Urunknak irgalmas j\u00f3s\u00e1g\u00e1t. E: Te vagy n\u00e9ped er\u0151ss\u00e9ge, * \u00e9s j\u00f3voltodb\u00f3l emelj\u00fck fel fej\u00fcnket. Mert a mi pajzsunk az... R\u00e9szletek\" \/>\n<meta property=\"og:url\" content=\"https:\/\/stuttgarti-katolikusok.de\/index.php\/evkozi-13-vasarnap-2\/\" \/>\n<meta property=\"og:site_name\" content=\"Stuttgarti Katolikusok\" \/>\n<meta property=\"article:published_time\" content=\"2023-07-01T10:12:13+00:00\" \/>\n<meta property=\"og:image\" content=\"https:\/\/stuttgarti-katolikusok.de\/wp-content\/uploads\/2023\/07\/kereszt.jpg\" \/>\n\t<meta property=\"og:image:width\" content=\"1280\" \/>\n\t<meta property=\"og:image:height\" content=\"853\" \/>\n\t<meta property=\"og:image:type\" content=\"image\/jpeg\" \/>\n<meta name=\"author\" content=\"Tibor atya\" \/>\n<meta name=\"twitter:card\" content=\"summary_large_image\" \/>\n<meta name=\"twitter:label1\" content=\"Szerz\u0151:\" \/>\n\t<meta name=\"twitter:data1\" content=\"Tibor atya\" \/>\n\t<meta name=\"twitter:label2\" content=\"Becs\u00fclt olvas\u00e1si id\u0151\" \/>\n\t<meta name=\"twitter:data2\" content=\"5 perc\" \/>\n<script type=\"application\/ld+json\" class=\"yoast-schema-graph\">{\"@context\":\"https:\\\/\\\/schema.org\",\"@graph\":[{\"@type\":\"Article\",\"@id\":\"https:\\\/\\\/stuttgarti-katolikusok.de\\\/index.php\\\/evkozi-13-vasarnap-2\\\/#article\",\"isPartOf\":{\"@id\":\"https:\\\/\\\/stuttgarti-katolikusok.de\\\/index.php\\\/evkozi-13-vasarnap-2\\\/\"},\"author\":{\"name\":\"Tibor atya\",\"@id\":\"https:\\\/\\\/stuttgarti-katolikusok.de\\\/#\\\/schema\\\/person\\\/75908d6f8fdc03a57889d27209df7795\"},\"headline\":\"\u00c9vk\u00f6zi 13. vas\u00e1rnap\",\"datePublished\":\"2023-07-01T10:12:13+00:00\",\"mainEntityOfPage\":{\"@id\":\"https:\\\/\\\/stuttgarti-katolikusok.de\\\/index.php\\\/evkozi-13-vasarnap-2\\\/\"},\"wordCount\":1200,\"image\":{\"@id\":\"https:\\\/\\\/stuttgarti-katolikusok.de\\\/index.php\\\/evkozi-13-vasarnap-2\\\/#primaryimage\"},\"thumbnailUrl\":\"https:\\\/\\\/stuttgarti-katolikusok.de\\\/wp-content\\\/uploads\\\/2023\\\/07\\\/kereszt.jpg\",\"articleSection\":[\"A liturgia olvasm\u00e1nyai\",\"Vas\u00e1rnapi gondolatok\"],\"inLanguage\":\"hu\"},{\"@type\":\"WebPage\",\"@id\":\"https:\\\/\\\/stuttgarti-katolikusok.de\\\/index.php\\\/evkozi-13-vasarnap-2\\\/\",\"url\":\"https:\\\/\\\/stuttgarti-katolikusok.de\\\/index.php\\\/evkozi-13-vasarnap-2\\\/\",\"name\":\"\u00c9vk\u00f6zi 13. vas\u00e1rnap - Stuttgarti Katolikusok\",\"isPartOf\":{\"@id\":\"https:\\\/\\\/stuttgarti-katolikusok.de\\\/#website\"},\"primaryImageOfPage\":{\"@id\":\"https:\\\/\\\/stuttgarti-katolikusok.de\\\/index.php\\\/evkozi-13-vasarnap-2\\\/#primaryimage\"},\"image\":{\"@id\":\"https:\\\/\\\/stuttgarti-katolikusok.de\\\/index.php\\\/evkozi-13-vasarnap-2\\\/#primaryimage\"},\"thumbnailUrl\":\"https:\\\/\\\/stuttgarti-katolikusok.de\\\/wp-content\\\/uploads\\\/2023\\\/07\\\/kereszt.jpg\",\"datePublished\":\"2023-07-01T10:12:13+00:00\",\"author\":{\"@id\":\"https:\\\/\\\/stuttgarti-katolikusok.de\\\/#\\\/schema\\\/person\\\/75908d6f8fdc03a57889d27209df7795\"},\"breadcrumb\":{\"@id\":\"https:\\\/\\\/stuttgarti-katolikusok.de\\\/index.php\\\/evkozi-13-vasarnap-2\\\/#breadcrumb\"},\"inLanguage\":\"hu\",\"potentialAction\":[{\"@type\":\"ReadAction\",\"target\":[\"https:\\\/\\\/stuttgarti-katolikusok.de\\\/index.php\\\/evkozi-13-vasarnap-2\\\/\"]}]},{\"@type\":\"ImageObject\",\"inLanguage\":\"hu\",\"@id\":\"https:\\\/\\\/stuttgarti-katolikusok.de\\\/index.php\\\/evkozi-13-vasarnap-2\\\/#primaryimage\",\"url\":\"https:\\\/\\\/stuttgarti-katolikusok.de\\\/wp-content\\\/uploads\\\/2023\\\/07\\\/kereszt.jpg\",\"contentUrl\":\"https:\\\/\\\/stuttgarti-katolikusok.de\\\/wp-content\\\/uploads\\\/2023\\\/07\\\/kereszt.jpg\",\"width\":1280,\"height\":853},{\"@type\":\"BreadcrumbList\",\"@id\":\"https:\\\/\\\/stuttgarti-katolikusok.de\\\/index.php\\\/evkozi-13-vasarnap-2\\\/#breadcrumb\",\"itemListElement\":[{\"@type\":\"ListItem\",\"position\":1,\"name\":\"Kezd\u0151lap\",\"item\":\"https:\\\/\\\/stuttgarti-katolikusok.de\\\/\"},{\"@type\":\"ListItem\",\"position\":2,\"name\":\"\u00c9vk\u00f6zi 13. vas\u00e1rnap\"}]},{\"@type\":\"WebSite\",\"@id\":\"https:\\\/\\\/stuttgarti-katolikusok.de\\\/#website\",\"url\":\"https:\\\/\\\/stuttgarti-katolikusok.de\\\/\",\"name\":\"Stuttgarti Katolikusok\",\"description\":\"\",\"potentialAction\":[{\"@type\":\"SearchAction\",\"target\":{\"@type\":\"EntryPoint\",\"urlTemplate\":\"https:\\\/\\\/stuttgarti-katolikusok.de\\\/?s={search_term_string}\"},\"query-input\":{\"@type\":\"PropertyValueSpecification\",\"valueRequired\":true,\"valueName\":\"search_term_string\"}}],\"inLanguage\":\"hu\"},{\"@type\":\"Person\",\"@id\":\"https:\\\/\\\/stuttgarti-katolikusok.de\\\/#\\\/schema\\\/person\\\/75908d6f8fdc03a57889d27209df7795\",\"name\":\"Tibor atya\",\"image\":{\"@type\":\"ImageObject\",\"inLanguage\":\"hu\",\"@id\":\"https:\\\/\\\/secure.gravatar.com\\\/avatar\\\/61d268e57d1f4525b111222e29d2d5a7f8c420fdbf231ba5566a8ceac74fa960?s=96&d=mm&r=g\",\"url\":\"https:\\\/\\\/secure.gravatar.com\\\/avatar\\\/61d268e57d1f4525b111222e29d2d5a7f8c420fdbf231ba5566a8ceac74fa960?s=96&d=mm&r=g\",\"contentUrl\":\"https:\\\/\\\/secure.gravatar.com\\\/avatar\\\/61d268e57d1f4525b111222e29d2d5a7f8c420fdbf231ba5566a8ceac74fa960?s=96&d=mm&r=g\",\"caption\":\"Tibor atya\"},\"url\":\"https:\\\/\\\/stuttgarti-katolikusok.de\\\/index.php\\\/author\\\/tibor-atya\\\/\"}]}<\/script>\n<!-- \/ Yoast SEO plugin. -->","yoast_head_json":{"title":"\u00c9vk\u00f6zi 13. vas\u00e1rnap - Stuttgarti Katolikusok","robots":{"index":"index","follow":"follow","max-snippet":"max-snippet:-1","max-image-preview":"max-image-preview:large","max-video-preview":"max-video-preview:-1"},"canonical":"https:\/\/stuttgarti-katolikusok.de\/index.php\/evkozi-13-vasarnap-2\/","og_locale":"hu_HU","og_type":"article","og_title":"\u00c9vk\u00f6zi 13. vas\u00e1rnap - Stuttgarti Katolikusok","og_description":"Kezd\u0151\u00e9nek: Tapsoljatok, nemzetek, mindny\u00e1jan, ujjongjatok Istennek dics\u00e9r\u0151 sz\u00f3val! (Zsolt 46,2) K\u00f6ny\u00f6rg\u00e9s: Isten\u00fcnk, aki kegyelmeddel gyermekeidd\u00e9 fogadt\u00e1l \u00e9s a vil\u00e1goss\u00e1g fiaiv\u00e1 tett\u00e9l minket, k\u00e9r\u00fcnk, tartsd t\u00e1vol t\u0151l\u00fcnk a t\u00e9ved\u00e9s hom\u00e1ly\u00e1t, \u00e9s seg\u00edts, hogy igazs\u00e1god ragyog\u00f3 f\u00e9nye mindig t\u00fcnd\u00f6k\u00f6lj\u00f6n lelk\u00fcnkben. A mi Urunk, J\u00e9zus Krisztus, a te Fiad \u00e1ltal, aki veled \u00e9l \u00e9s uralkodik a Szentl\u00e9lekkel egys\u00e9gben, Isten mind\u00f6r\u00f6kk\u00f6n \u00f6r\u00f6kk\u00e9. OLVASM\u00c1NY a Kir\u00e1lyok m\u00e1sodik k\u00f6nyv\u00e9b\u0151l (2Kir 4,8-11.14-16a) Isten megjutalmazza a sunemi asszonyt, aki seg\u00edti az Isten ember\u00e9t. T\u00f6rt\u00e9nt egy napon, hogy Elizeus pr\u00f3f\u00e9ta elindult \u00e9s \u00e1tment Sunembe. Lakott ott egy el\u0151kel\u0151 asszony, aki megh\u00edvta asztal\u00e1hoz, s \u00edgy ah\u00e1nyszor csak \u00e1tment, mindig bet\u00e9rt hozz\u00e1 enni. Az (asszony) \u00edgy sz\u00f3lt f\u00e9rj\u00e9hez: \u201eN\u00e9zd, tudom, hogy Istennek szent embere az, aki mindig bet\u00e9r hozz\u00e1nk. Rendezz\u00fcnk h\u00e1t be neki a tet\u0151n egy kis szob\u00e1t, tegy\u00fcnk bele \u00e1gyat, asztalt, sz\u00e9ket meg m\u00e9csest, s ah\u00e1nyszor csak bet\u00e9r hozz\u00e1nk, ott sz\u00e1lljon meg.\u201d T\u00f6rt\u00e9nt, hogy Elizeus egy nap meg\u00e9rkezett, bet\u00e9rt a f\u00f6nti szob\u00e1ba \u00e9s lefek\u00fcdt. Azt\u00e1n \u00edgy sz\u00f3lt szolg\u00e1j\u00e1hoz, Geh\u00e1szihoz: \u201eMi lenne az, amivel viszonz\u00e1st adhatn\u00e9k az asszonynak?\u201d Geh\u00e1szi \u00edgy v\u00e1laszolt: \u201e\u00d3, nincs neki fia, \u00e9s a f\u00e9rje \u00f6reg.\u201d Erre megparancsolta: \u201eH\u00edvd ide!\u201d Odah\u00edvta, az meg\u00e1llt az ajt\u00f3ban. Akkor Elizeus \u00edgy sz\u00f3lt hozz\u00e1: \u201eEgy esztend\u0151 eltelt\u00e9vel ilyen id\u0151 t\u00e1jt fi\u00fat dajk\u00e1lsz.\u201d Ez az Isten ig\u00e9je. V\u00c1LASZOS ZSOLT\u00c1R (Zsolt 88,2-3.16-17.18-19) V\u00e1lasz:\u00a0Hadd \u00e9nekeljem \u00f6r\u00f6kk\u00e9 * Urunknak irgalmas j\u00f3s\u00e1g\u00e1t.\u00a06. t\u00f3nus. El\u0151\u00e9nekes: Az \u00dar irgalm\u00e1r\u00f3l \u00e9nekelek \u00f6r\u00f6kk\u00f6n \u00f6r\u00f6kk\u00e9, * h\u0171s\u00e9gedet nemzed\u00e9kr\u0151l nemzed\u00e9kre hirdeti ajkam. \u00cdgy sz\u00f3lt\u00e1l: \u2020 \u201eIrgalmam szil\u00e1rdan \u00e1ll mind\u00f6r\u00f6kk\u00e9.\u201d * Val\u00f3ban, a te h\u0171s\u00e9ged er\u0151s, mik\u00e9nt a mennybolt. H\u00edvek: Hadd \u00e9nekeljem \u00f6r\u00f6kk\u00e9 * Urunknak irgalmas j\u00f3s\u00e1g\u00e1t. E: Boldog a n\u00e9p, amely tud \u00fcnnepelni, * az ilyen arcod f\u00e9ny\u00e9ben j\u00e1rhat, Uram. Eg\u00e9sz nap \u00f6rvendeznek nevednek, * \u00e9s igazs\u00e1god felmagasztalja \u0151ket. H: Hadd \u00e9nekeljem \u00f6r\u00f6kk\u00e9 * Urunknak irgalmas j\u00f3s\u00e1g\u00e1t. E: Te vagy n\u00e9ped er\u0151ss\u00e9ge, * \u00e9s j\u00f3voltodb\u00f3l emelj\u00fck fel fej\u00fcnket. Mert a mi pajzsunk az... R\u00e9szletek","og_url":"https:\/\/stuttgarti-katolikusok.de\/index.php\/evkozi-13-vasarnap-2\/","og_site_name":"Stuttgarti Katolikusok","article_published_time":"2023-07-01T10:12:13+00:00","og_image":[{"width":1280,"height":853,"url":"https:\/\/stuttgarti-katolikusok.de\/wp-content\/uploads\/2023\/07\/kereszt.jpg","type":"image\/jpeg"}],"author":"Tibor atya","twitter_card":"summary_large_image","twitter_misc":{"Szerz\u0151:":"Tibor atya","Becs\u00fclt olvas\u00e1si id\u0151":"5 perc"},"schema":{"@context":"https:\/\/schema.org","@graph":[{"@type":"Article","@id":"https:\/\/stuttgarti-katolikusok.de\/index.php\/evkozi-13-vasarnap-2\/#article","isPartOf":{"@id":"https:\/\/stuttgarti-katolikusok.de\/index.php\/evkozi-13-vasarnap-2\/"},"author":{"name":"Tibor atya","@id":"https:\/\/stuttgarti-katolikusok.de\/#\/schema\/person\/75908d6f8fdc03a57889d27209df7795"},"headline":"\u00c9vk\u00f6zi 13. vas\u00e1rnap","datePublished":"2023-07-01T10:12:13+00:00","mainEntityOfPage":{"@id":"https:\/\/stuttgarti-katolikusok.de\/index.php\/evkozi-13-vasarnap-2\/"},"wordCount":1200,"image":{"@id":"https:\/\/stuttgarti-katolikusok.de\/index.php\/evkozi-13-vasarnap-2\/#primaryimage"},"thumbnailUrl":"https:\/\/stuttgarti-katolikusok.de\/wp-content\/uploads\/2023\/07\/kereszt.jpg","articleSection":["A liturgia olvasm\u00e1nyai","Vas\u00e1rnapi gondolatok"],"inLanguage":"hu"},{"@type":"WebPage","@id":"https:\/\/stuttgarti-katolikusok.de\/index.php\/evkozi-13-vasarnap-2\/","url":"https:\/\/stuttgarti-katolikusok.de\/index.php\/evkozi-13-vasarnap-2\/","name":"\u00c9vk\u00f6zi 13. vas\u00e1rnap - Stuttgarti Katolikusok","isPartOf":{"@id":"https:\/\/stuttgarti-katolikusok.de\/#website"},"primaryImageOfPage":{"@id":"https:\/\/stuttgarti-katolikusok.de\/index.php\/evkozi-13-vasarnap-2\/#primaryimage"},"image":{"@id":"https:\/\/stuttgarti-katolikusok.de\/index.php\/evkozi-13-vasarnap-2\/#primaryimage"},"thumbnailUrl":"https:\/\/stuttgarti-katolikusok.de\/wp-content\/uploads\/2023\/07\/kereszt.jpg","datePublished":"2023-07-01T10:12:13+00:00","author":{"@id":"https:\/\/stuttgarti-katolikusok.de\/#\/schema\/person\/75908d6f8fdc03a57889d27209df7795"},"breadcrumb":{"@id":"https:\/\/stuttgarti-katolikusok.de\/index.php\/evkozi-13-vasarnap-2\/#breadcrumb"},"inLanguage":"hu","potentialAction":[{"@type":"ReadAction","target":["https:\/\/stuttgarti-katolikusok.de\/index.php\/evkozi-13-vasarnap-2\/"]}]},{"@type":"ImageObject","inLanguage":"hu","@id":"https:\/\/stuttgarti-katolikusok.de\/index.php\/evkozi-13-vasarnap-2\/#primaryimage","url":"https:\/\/stuttgarti-katolikusok.de\/wp-content\/uploads\/2023\/07\/kereszt.jpg","contentUrl":"https:\/\/stuttgarti-katolikusok.de\/wp-content\/uploads\/2023\/07\/kereszt.jpg","width":1280,"height":853},{"@type":"BreadcrumbList","@id":"https:\/\/stuttgarti-katolikusok.de\/index.php\/evkozi-13-vasarnap-2\/#breadcrumb","itemListElement":[{"@type":"ListItem","position":1,"name":"Kezd\u0151lap","item":"https:\/\/stuttgarti-katolikusok.de\/"},{"@type":"ListItem","position":2,"name":"\u00c9vk\u00f6zi 13. vas\u00e1rnap"}]},{"@type":"WebSite","@id":"https:\/\/stuttgarti-katolikusok.de\/#website","url":"https:\/\/stuttgarti-katolikusok.de\/","name":"Stuttgarti Katolikusok","description":"","potentialAction":[{"@type":"SearchAction","target":{"@type":"EntryPoint","urlTemplate":"https:\/\/stuttgarti-katolikusok.de\/?s={search_term_string}"},"query-input":{"@type":"PropertyValueSpecification","valueRequired":true,"valueName":"search_term_string"}}],"inLanguage":"hu"},{"@type":"Person","@id":"https:\/\/stuttgarti-katolikusok.de\/#\/schema\/person\/75908d6f8fdc03a57889d27209df7795","name":"Tibor atya","image":{"@type":"ImageObject","inLanguage":"hu","@id":"https:\/\/secure.gravatar.com\/avatar\/61d268e57d1f4525b111222e29d2d5a7f8c420fdbf231ba5566a8ceac74fa960?s=96&d=mm&r=g","url":"https:\/\/secure.gravatar.com\/avatar\/61d268e57d1f4525b111222e29d2d5a7f8c420fdbf231ba5566a8ceac74fa960?s=96&d=mm&r=g","contentUrl":"https:\/\/secure.gravatar.com\/avatar\/61d268e57d1f4525b111222e29d2d5a7f8c420fdbf231ba5566a8ceac74fa960?s=96&d=mm&r=g","caption":"Tibor atya"},"url":"https:\/\/stuttgarti-katolikusok.de\/index.php\/author\/tibor-atya\/"}]}},"_links":{"self":[{"href":"https:\/\/stuttgarti-katolikusok.de\/index.php\/wp-json\/wp\/v2\/posts\/27027","targetHints":{"allow":["GET"]}}],"collection":[{"href":"https:\/\/stuttgarti-katolikusok.de\/index.php\/wp-json\/wp\/v2\/posts"}],"about":[{"href":"https:\/\/stuttgarti-katolikusok.de\/index.php\/wp-json\/wp\/v2\/types\/post"}],"author":[{"embeddable":true,"href":"https:\/\/stuttgarti-katolikusok.de\/index.php\/wp-json\/wp\/v2\/users\/3"}],"replies":[{"embeddable":true,"href":"https:\/\/stuttgarti-katolikusok.de\/index.php\/wp-json\/wp\/v2\/comments?post=27027"}],"version-history":[{"count":1,"href":"https:\/\/stuttgarti-katolikusok.de\/index.php\/wp-json\/wp\/v2\/posts\/27027\/revisions"}],"predecessor-version":[{"id":27029,"href":"https:\/\/stuttgarti-katolikusok.de\/index.php\/wp-json\/wp\/v2\/posts\/27027\/revisions\/27029"}],"wp:featuredmedia":[{"embeddable":true,"href":"https:\/\/stuttgarti-katolikusok.de\/index.php\/wp-json\/wp\/v2\/media\/27028"}],"wp:attachment":[{"href":"https:\/\/stuttgarti-katolikusok.de\/index.php\/wp-json\/wp\/v2\/media?parent=27027"}],"wp:term":[{"taxonomy":"category","embeddable":true,"href":"https:\/\/stuttgarti-katolikusok.de\/index.php\/wp-json\/wp\/v2\/categories?post=27027"},{"taxonomy":"post_tag","embeddable":true,"href":"https:\/\/stuttgarti-katolikusok.de\/index.php\/wp-json\/wp\/v2\/tags?post=27027"}],"curies":[{"name":"wp","href":"https:\/\/api.w.org\/{rel}","templated":true}]}}