{"id":27024,"date":"2023-07-08T09:26:30","date_gmt":"2023-07-08T07:26:30","guid":{"rendered":"https:\/\/stuttgarti-katolikusok.de\/?p=27024"},"modified":"2023-07-09T00:18:13","modified_gmt":"2023-07-08T22:18:13","slug":"csaladi-nap-a-barensee-mellett-4","status":"publish","type":"post","link":"https:\/\/stuttgarti-katolikusok.de\/index.php\/csaladi-nap-a-barensee-mellett-4\/","title":{"rendered":"Csal\u00e1di Nap a B\u00e4rensee mellett"},"content":{"rendered":"<p><strong>J\u00falius 9<\/strong><strong>-\u00e9n<\/strong>, \u00e9vk\u00f6zi 14. vas\u00e1rnapon,<span style=\"color: #ff6600;\"> <strong><em>Csal\u00e1di Nap<\/em><\/strong><\/span> <em><span style=\"color: #ff6600;\">a B\u00e4rensee mellett<\/span><\/em>.<\/p>\n<p><span style=\"color: #ff0000;\"><em><strong>Sajn\u00e1lattal k\u00f6z\u00f6lj\u00fck, hogy a nagy h\u0151s\u00e9gre val\u00f3 tekintettel mind a t\u0171zolt\u00f3s\u00e1g, mind a rendv\u00e9delmi szervek k\u00f6z\u00f6lt\u00e9k, t\u0171zrak\u00e1si tilalom van!<\/strong><\/em><\/span><\/p>\n<p><span style=\"color: #ff0000;\"><em><strong>A gyakorlatban ez azt jelenti, hogy <span style=\"text-decoration: underline;\">nem lehet t\u00fczet rakni \u00e9s grillezni<\/span>. \u00c9ppen ez\u00e9rt arra k\u00e9r\u00fcnk minden kedves r\u00e9sztvev\u0151t, hogy otthonr\u00f3l szendvicseket, illetve olyan \u00e9telt hozzanak, amit nem kell grillezni.<\/strong><\/em><\/span><\/p>\n<p><span style=\"color: #ff0000;\"><span style=\"color: #ff0000;\"><b><i>Meg\u00e9rt\u00e9seteket<\/i><\/b><\/span><em style=\"color: #ff0000;\"><strong>\u00a0h\u00e1l\u00e1san k\u00f6sz\u00f6nj\u00fck!<\/strong><\/em><\/span><\/p>\n<p>10.00 \u00f3rakor <em>szentmise<\/em>, majd k\u00f6z\u00f6s <em>eb\u00e9d<\/em>, <em>sport<\/em> \u00e9s <em>bar\u00e1ti egy\u00fcttl\u00e9t<\/em> k\u00e9s\u0151 d\u00e9lut\u00e1nig!<\/p>\n<p><em><span style=\"color: #ff6600;\">Az al\u00e1bbiakban a hasznos inf\u00f3k, ahogyan eljuthatunk:<\/span><\/em><\/p>\n<p><a href=\"https:\/\/goo.gl\/maps\/cTqfgvteHuR7krhNA\">Tal\u00e1lkoz\u00f3nk helye<\/a><\/p>\n<p>Wildparkstra\u00dfe 81, 70197 Stuttgart<\/p>\n<p><a href=\"https:\/\/goo.gl\/maps\/g8PN5bfEucjetA4W8\">Parkol\u00f3 hely<\/a><\/p>\n<p>Unnamed Road, 70197, 70197 Stuttgart<\/p>\n","protected":false},"excerpt":{"rendered":"<p>J\u00falius 9-\u00e9n, \u00e9vk\u00f6zi 14. vas\u00e1rnapon, Csal\u00e1di Nap a B\u00e4rensee mellett. Sajn\u00e1lattal k\u00f6z\u00f6lj\u00fck, hogy a nagy h\u0151s\u00e9gre val\u00f3 tekintettel mind a t\u0171zolt\u00f3s\u00e1g, mind a rendv\u00e9delmi szervek k\u00f6z\u00f6lt\u00e9k, t\u0171zrak\u00e1si tilalom van! A gyakorlatban ez azt jelenti, hogy nem lehet t\u00fczet rakni \u00e9s grillezni. \u00c9ppen ez\u00e9rt arra k\u00e9r\u00fcnk minden kedves r\u00e9sztvev\u0151t, hogy otthonr\u00f3l szendvicseket, illetve olyan \u00e9telt hozzanak, amit nem kell grillezni. Meg\u00e9rt\u00e9seteket\u00a0h\u00e1l\u00e1san k\u00f6sz\u00f6nj\u00fck! 10.00 \u00f3rakor szentmise, majd k\u00f6z\u00f6s eb\u00e9d, sport \u00e9s bar\u00e1ti egy\u00fcttl\u00e9t k\u00e9s\u0151 d\u00e9lut\u00e1nig! Az al\u00e1bbiakban a hasznos inf\u00f3k, ahogyan eljuthatunk: Tal\u00e1lkoz\u00f3nk helye Wildparkstra\u00dfe 81, 70197 Stuttgart Parkol\u00f3 hely Unnamed Road, 70197, 70197 Stuttgart<\/p>\n","protected":false},"author":3,"featured_media":23554,"comment_status":"closed","ping_status":"closed","sticky":false,"template":"","format":"standard","meta":{"footnotes":""},"categories":[86],"tags":[],"class_list":["post-27024","post","type-post","status-publish","format-standard","has-post-thumbnail","hentry","category-csaladi-nap"],"yoast_head":"<!-- This site is optimized with the Yoast SEO plugin v27.3 - https:\/\/yoast.com\/product\/yoast-seo-wordpress\/ -->\n<title>Csal\u00e1di Nap a B\u00e4rensee mellett - Stuttgarti Katolikusok<\/title>\n<meta name=\"robots\" content=\"index, follow, max-snippet:-1, max-image-preview:large, max-video-preview:-1\" \/>\n<link rel=\"canonical\" href=\"https:\/\/stuttgarti-katolikusok.de\/index.php\/csaladi-nap-a-barensee-mellett-4\/\" \/>\n<meta property=\"og:locale\" content=\"hu_HU\" \/>\n<meta property=\"og:type\" content=\"article\" \/>\n<meta property=\"og:title\" content=\"Csal\u00e1di Nap a B\u00e4rensee mellett - Stuttgarti Katolikusok\" \/>\n<meta property=\"og:description\" content=\"J\u00falius 9-\u00e9n, \u00e9vk\u00f6zi 14. vas\u00e1rnapon, Csal\u00e1di Nap a B\u00e4rensee mellett. Sajn\u00e1lattal k\u00f6z\u00f6lj\u00fck, hogy a nagy h\u0151s\u00e9gre val\u00f3 tekintettel mind a t\u0171zolt\u00f3s\u00e1g, mind a rendv\u00e9delmi szervek k\u00f6z\u00f6lt\u00e9k, t\u0171zrak\u00e1si tilalom van! A gyakorlatban ez azt jelenti, hogy nem lehet t\u00fczet rakni \u00e9s grillezni. \u00c9ppen ez\u00e9rt arra k\u00e9r\u00fcnk minden kedves r\u00e9sztvev\u0151t, hogy otthonr\u00f3l szendvicseket, illetve olyan \u00e9telt hozzanak, amit nem kell grillezni. Meg\u00e9rt\u00e9seteket\u00a0h\u00e1l\u00e1san k\u00f6sz\u00f6nj\u00fck! 10.00 \u00f3rakor szentmise, majd k\u00f6z\u00f6s eb\u00e9d, sport \u00e9s bar\u00e1ti egy\u00fcttl\u00e9t k\u00e9s\u0151 d\u00e9lut\u00e1nig! Az al\u00e1bbiakban a hasznos inf\u00f3k, ahogyan eljuthatunk: Tal\u00e1lkoz\u00f3nk helye Wildparkstra\u00dfe 81, 70197 Stuttgart Parkol\u00f3 hely Unnamed Road, 70197, 70197 Stuttgart\" \/>\n<meta property=\"og:url\" content=\"https:\/\/stuttgarti-katolikusok.de\/index.php\/csaladi-nap-a-barensee-mellett-4\/\" \/>\n<meta property=\"og:site_name\" content=\"Stuttgarti Katolikusok\" \/>\n<meta property=\"article:published_time\" content=\"2023-07-08T07:26:30+00:00\" \/>\n<meta property=\"article:modified_time\" content=\"2023-07-08T22:18:13+00:00\" \/>\n<meta property=\"og:image\" content=\"https:\/\/stuttgarti-katolikusok.de\/wp-content\/uploads\/2022\/07\/img-20220712-wa0010.jpg\" \/>\n\t<meta property=\"og:image:width\" content=\"2048\" \/>\n\t<meta property=\"og:image:height\" content=\"1365\" \/>\n\t<meta property=\"og:image:type\" content=\"image\/jpeg\" \/>\n<meta name=\"author\" content=\"Tibor atya\" \/>\n<meta name=\"twitter:card\" content=\"summary_large_image\" \/>\n<meta name=\"twitter:label1\" content=\"Szerz\u0151:\" \/>\n\t<meta name=\"twitter:data1\" content=\"Tibor atya\" \/>\n\t<meta name=\"twitter:label2\" content=\"Becs\u00fclt olvas\u00e1si id\u0151\" \/>\n\t<meta name=\"twitter:data2\" content=\"1 perc\" \/>\n<script type=\"application\/ld+json\" class=\"yoast-schema-graph\">{\"@context\":\"https:\\\/\\\/schema.org\",\"@graph\":[{\"@type\":\"Article\",\"@id\":\"https:\\\/\\\/stuttgarti-katolikusok.de\\\/index.php\\\/csaladi-nap-a-barensee-mellett-4\\\/#article\",\"isPartOf\":{\"@id\":\"https:\\\/\\\/stuttgarti-katolikusok.de\\\/index.php\\\/csaladi-nap-a-barensee-mellett-4\\\/\"},\"author\":{\"name\":\"Tibor atya\",\"@id\":\"https:\\\/\\\/stuttgarti-katolikusok.de\\\/#\\\/schema\\\/person\\\/75908d6f8fdc03a57889d27209df7795\"},\"headline\":\"Csal\u00e1di Nap a B\u00e4rensee mellett\",\"datePublished\":\"2023-07-08T07:26:30+00:00\",\"dateModified\":\"2023-07-08T22:18:13+00:00\",\"mainEntityOfPage\":{\"@id\":\"https:\\\/\\\/stuttgarti-katolikusok.de\\\/index.php\\\/csaladi-nap-a-barensee-mellett-4\\\/\"},\"wordCount\":144,\"image\":{\"@id\":\"https:\\\/\\\/stuttgarti-katolikusok.de\\\/index.php\\\/csaladi-nap-a-barensee-mellett-4\\\/#primaryimage\"},\"thumbnailUrl\":\"https:\\\/\\\/stuttgarti-katolikusok.de\\\/wp-content\\\/uploads\\\/2022\\\/07\\\/img-20220712-wa0010.jpg\",\"articleSection\":[\"Csal\u00e1di Nap\"],\"inLanguage\":\"hu\"},{\"@type\":\"WebPage\",\"@id\":\"https:\\\/\\\/stuttgarti-katolikusok.de\\\/index.php\\\/csaladi-nap-a-barensee-mellett-4\\\/\",\"url\":\"https:\\\/\\\/stuttgarti-katolikusok.de\\\/index.php\\\/csaladi-nap-a-barensee-mellett-4\\\/\",\"name\":\"Csal\u00e1di Nap a B\u00e4rensee mellett - Stuttgarti Katolikusok\",\"isPartOf\":{\"@id\":\"https:\\\/\\\/stuttgarti-katolikusok.de\\\/#website\"},\"primaryImageOfPage\":{\"@id\":\"https:\\\/\\\/stuttgarti-katolikusok.de\\\/index.php\\\/csaladi-nap-a-barensee-mellett-4\\\/#primaryimage\"},\"image\":{\"@id\":\"https:\\\/\\\/stuttgarti-katolikusok.de\\\/index.php\\\/csaladi-nap-a-barensee-mellett-4\\\/#primaryimage\"},\"thumbnailUrl\":\"https:\\\/\\\/stuttgarti-katolikusok.de\\\/wp-content\\\/uploads\\\/2022\\\/07\\\/img-20220712-wa0010.jpg\",\"datePublished\":\"2023-07-08T07:26:30+00:00\",\"dateModified\":\"2023-07-08T22:18:13+00:00\",\"author\":{\"@id\":\"https:\\\/\\\/stuttgarti-katolikusok.de\\\/#\\\/schema\\\/person\\\/75908d6f8fdc03a57889d27209df7795\"},\"breadcrumb\":{\"@id\":\"https:\\\/\\\/stuttgarti-katolikusok.de\\\/index.php\\\/csaladi-nap-a-barensee-mellett-4\\\/#breadcrumb\"},\"inLanguage\":\"hu\",\"potentialAction\":[{\"@type\":\"ReadAction\",\"target\":[\"https:\\\/\\\/stuttgarti-katolikusok.de\\\/index.php\\\/csaladi-nap-a-barensee-mellett-4\\\/\"]}]},{\"@type\":\"ImageObject\",\"inLanguage\":\"hu\",\"@id\":\"https:\\\/\\\/stuttgarti-katolikusok.de\\\/index.php\\\/csaladi-nap-a-barensee-mellett-4\\\/#primaryimage\",\"url\":\"https:\\\/\\\/stuttgarti-katolikusok.de\\\/wp-content\\\/uploads\\\/2022\\\/07\\\/img-20220712-wa0010.jpg\",\"contentUrl\":\"https:\\\/\\\/stuttgarti-katolikusok.de\\\/wp-content\\\/uploads\\\/2022\\\/07\\\/img-20220712-wa0010.jpg\",\"width\":2048,\"height\":1365},{\"@type\":\"BreadcrumbList\",\"@id\":\"https:\\\/\\\/stuttgarti-katolikusok.de\\\/index.php\\\/csaladi-nap-a-barensee-mellett-4\\\/#breadcrumb\",\"itemListElement\":[{\"@type\":\"ListItem\",\"position\":1,\"name\":\"Kezd\u0151lap\",\"item\":\"https:\\\/\\\/stuttgarti-katolikusok.de\\\/\"},{\"@type\":\"ListItem\",\"position\":2,\"name\":\"Csal\u00e1di Nap a B\u00e4rensee mellett\"}]},{\"@type\":\"WebSite\",\"@id\":\"https:\\\/\\\/stuttgarti-katolikusok.de\\\/#website\",\"url\":\"https:\\\/\\\/stuttgarti-katolikusok.de\\\/\",\"name\":\"Stuttgarti Katolikusok\",\"description\":\"\",\"potentialAction\":[{\"@type\":\"SearchAction\",\"target\":{\"@type\":\"EntryPoint\",\"urlTemplate\":\"https:\\\/\\\/stuttgarti-katolikusok.de\\\/?s={search_term_string}\"},\"query-input\":{\"@type\":\"PropertyValueSpecification\",\"valueRequired\":true,\"valueName\":\"search_term_string\"}}],\"inLanguage\":\"hu\"},{\"@type\":\"Person\",\"@id\":\"https:\\\/\\\/stuttgarti-katolikusok.de\\\/#\\\/schema\\\/person\\\/75908d6f8fdc03a57889d27209df7795\",\"name\":\"Tibor atya\",\"image\":{\"@type\":\"ImageObject\",\"inLanguage\":\"hu\",\"@id\":\"https:\\\/\\\/secure.gravatar.com\\\/avatar\\\/61d268e57d1f4525b111222e29d2d5a7f8c420fdbf231ba5566a8ceac74fa960?s=96&d=mm&r=g\",\"url\":\"https:\\\/\\\/secure.gravatar.com\\\/avatar\\\/61d268e57d1f4525b111222e29d2d5a7f8c420fdbf231ba5566a8ceac74fa960?s=96&d=mm&r=g\",\"contentUrl\":\"https:\\\/\\\/secure.gravatar.com\\\/avatar\\\/61d268e57d1f4525b111222e29d2d5a7f8c420fdbf231ba5566a8ceac74fa960?s=96&d=mm&r=g\",\"caption\":\"Tibor atya\"},\"url\":\"https:\\\/\\\/stuttgarti-katolikusok.de\\\/index.php\\\/author\\\/tibor-atya\\\/\"}]}<\/script>\n<!-- \/ Yoast SEO plugin. -->","yoast_head_json":{"title":"Csal\u00e1di Nap a B\u00e4rensee mellett - Stuttgarti Katolikusok","robots":{"index":"index","follow":"follow","max-snippet":"max-snippet:-1","max-image-preview":"max-image-preview:large","max-video-preview":"max-video-preview:-1"},"canonical":"https:\/\/stuttgarti-katolikusok.de\/index.php\/csaladi-nap-a-barensee-mellett-4\/","og_locale":"hu_HU","og_type":"article","og_title":"Csal\u00e1di Nap a B\u00e4rensee mellett - Stuttgarti Katolikusok","og_description":"J\u00falius 9-\u00e9n, \u00e9vk\u00f6zi 14. vas\u00e1rnapon, Csal\u00e1di Nap a B\u00e4rensee mellett. Sajn\u00e1lattal k\u00f6z\u00f6lj\u00fck, hogy a nagy h\u0151s\u00e9gre val\u00f3 tekintettel mind a t\u0171zolt\u00f3s\u00e1g, mind a rendv\u00e9delmi szervek k\u00f6z\u00f6lt\u00e9k, t\u0171zrak\u00e1si tilalom van! A gyakorlatban ez azt jelenti, hogy nem lehet t\u00fczet rakni \u00e9s grillezni. \u00c9ppen ez\u00e9rt arra k\u00e9r\u00fcnk minden kedves r\u00e9sztvev\u0151t, hogy otthonr\u00f3l szendvicseket, illetve olyan \u00e9telt hozzanak, amit nem kell grillezni. Meg\u00e9rt\u00e9seteket\u00a0h\u00e1l\u00e1san k\u00f6sz\u00f6nj\u00fck! 10.00 \u00f3rakor szentmise, majd k\u00f6z\u00f6s eb\u00e9d, sport \u00e9s bar\u00e1ti egy\u00fcttl\u00e9t k\u00e9s\u0151 d\u00e9lut\u00e1nig! Az al\u00e1bbiakban a hasznos inf\u00f3k, ahogyan eljuthatunk: Tal\u00e1lkoz\u00f3nk helye Wildparkstra\u00dfe 81, 70197 Stuttgart Parkol\u00f3 hely Unnamed Road, 70197, 70197 Stuttgart","og_url":"https:\/\/stuttgarti-katolikusok.de\/index.php\/csaladi-nap-a-barensee-mellett-4\/","og_site_name":"Stuttgarti Katolikusok","article_published_time":"2023-07-08T07:26:30+00:00","article_modified_time":"2023-07-08T22:18:13+00:00","og_image":[{"width":2048,"height":1365,"url":"https:\/\/stuttgarti-katolikusok.de\/wp-content\/uploads\/2022\/07\/img-20220712-wa0010.jpg","type":"image\/jpeg"}],"author":"Tibor atya","twitter_card":"summary_large_image","twitter_misc":{"Szerz\u0151:":"Tibor atya","Becs\u00fclt olvas\u00e1si id\u0151":"1 perc"},"schema":{"@context":"https:\/\/schema.org","@graph":[{"@type":"Article","@id":"https:\/\/stuttgarti-katolikusok.de\/index.php\/csaladi-nap-a-barensee-mellett-4\/#article","isPartOf":{"@id":"https:\/\/stuttgarti-katolikusok.de\/index.php\/csaladi-nap-a-barensee-mellett-4\/"},"author":{"name":"Tibor atya","@id":"https:\/\/stuttgarti-katolikusok.de\/#\/schema\/person\/75908d6f8fdc03a57889d27209df7795"},"headline":"Csal\u00e1di Nap a B\u00e4rensee mellett","datePublished":"2023-07-08T07:26:30+00:00","dateModified":"2023-07-08T22:18:13+00:00","mainEntityOfPage":{"@id":"https:\/\/stuttgarti-katolikusok.de\/index.php\/csaladi-nap-a-barensee-mellett-4\/"},"wordCount":144,"image":{"@id":"https:\/\/stuttgarti-katolikusok.de\/index.php\/csaladi-nap-a-barensee-mellett-4\/#primaryimage"},"thumbnailUrl":"https:\/\/stuttgarti-katolikusok.de\/wp-content\/uploads\/2022\/07\/img-20220712-wa0010.jpg","articleSection":["Csal\u00e1di Nap"],"inLanguage":"hu"},{"@type":"WebPage","@id":"https:\/\/stuttgarti-katolikusok.de\/index.php\/csaladi-nap-a-barensee-mellett-4\/","url":"https:\/\/stuttgarti-katolikusok.de\/index.php\/csaladi-nap-a-barensee-mellett-4\/","name":"Csal\u00e1di Nap a B\u00e4rensee mellett - Stuttgarti Katolikusok","isPartOf":{"@id":"https:\/\/stuttgarti-katolikusok.de\/#website"},"primaryImageOfPage":{"@id":"https:\/\/stuttgarti-katolikusok.de\/index.php\/csaladi-nap-a-barensee-mellett-4\/#primaryimage"},"image":{"@id":"https:\/\/stuttgarti-katolikusok.de\/index.php\/csaladi-nap-a-barensee-mellett-4\/#primaryimage"},"thumbnailUrl":"https:\/\/stuttgarti-katolikusok.de\/wp-content\/uploads\/2022\/07\/img-20220712-wa0010.jpg","datePublished":"2023-07-08T07:26:30+00:00","dateModified":"2023-07-08T22:18:13+00:00","author":{"@id":"https:\/\/stuttgarti-katolikusok.de\/#\/schema\/person\/75908d6f8fdc03a57889d27209df7795"},"breadcrumb":{"@id":"https:\/\/stuttgarti-katolikusok.de\/index.php\/csaladi-nap-a-barensee-mellett-4\/#breadcrumb"},"inLanguage":"hu","potentialAction":[{"@type":"ReadAction","target":["https:\/\/stuttgarti-katolikusok.de\/index.php\/csaladi-nap-a-barensee-mellett-4\/"]}]},{"@type":"ImageObject","inLanguage":"hu","@id":"https:\/\/stuttgarti-katolikusok.de\/index.php\/csaladi-nap-a-barensee-mellett-4\/#primaryimage","url":"https:\/\/stuttgarti-katolikusok.de\/wp-content\/uploads\/2022\/07\/img-20220712-wa0010.jpg","contentUrl":"https:\/\/stuttgarti-katolikusok.de\/wp-content\/uploads\/2022\/07\/img-20220712-wa0010.jpg","width":2048,"height":1365},{"@type":"BreadcrumbList","@id":"https:\/\/stuttgarti-katolikusok.de\/index.php\/csaladi-nap-a-barensee-mellett-4\/#breadcrumb","itemListElement":[{"@type":"ListItem","position":1,"name":"Kezd\u0151lap","item":"https:\/\/stuttgarti-katolikusok.de\/"},{"@type":"ListItem","position":2,"name":"Csal\u00e1di Nap a B\u00e4rensee mellett"}]},{"@type":"WebSite","@id":"https:\/\/stuttgarti-katolikusok.de\/#website","url":"https:\/\/stuttgarti-katolikusok.de\/","name":"Stuttgarti Katolikusok","description":"","potentialAction":[{"@type":"SearchAction","target":{"@type":"EntryPoint","urlTemplate":"https:\/\/stuttgarti-katolikusok.de\/?s={search_term_string}"},"query-input":{"@type":"PropertyValueSpecification","valueRequired":true,"valueName":"search_term_string"}}],"inLanguage":"hu"},{"@type":"Person","@id":"https:\/\/stuttgarti-katolikusok.de\/#\/schema\/person\/75908d6f8fdc03a57889d27209df7795","name":"Tibor atya","image":{"@type":"ImageObject","inLanguage":"hu","@id":"https:\/\/secure.gravatar.com\/avatar\/61d268e57d1f4525b111222e29d2d5a7f8c420fdbf231ba5566a8ceac74fa960?s=96&d=mm&r=g","url":"https:\/\/secure.gravatar.com\/avatar\/61d268e57d1f4525b111222e29d2d5a7f8c420fdbf231ba5566a8ceac74fa960?s=96&d=mm&r=g","contentUrl":"https:\/\/secure.gravatar.com\/avatar\/61d268e57d1f4525b111222e29d2d5a7f8c420fdbf231ba5566a8ceac74fa960?s=96&d=mm&r=g","caption":"Tibor atya"},"url":"https:\/\/stuttgarti-katolikusok.de\/index.php\/author\/tibor-atya\/"}]}},"_links":{"self":[{"href":"https:\/\/stuttgarti-katolikusok.de\/index.php\/wp-json\/wp\/v2\/posts\/27024","targetHints":{"allow":["GET"]}}],"collection":[{"href":"https:\/\/stuttgarti-katolikusok.de\/index.php\/wp-json\/wp\/v2\/posts"}],"about":[{"href":"https:\/\/stuttgarti-katolikusok.de\/index.php\/wp-json\/wp\/v2\/types\/post"}],"author":[{"embeddable":true,"href":"https:\/\/stuttgarti-katolikusok.de\/index.php\/wp-json\/wp\/v2\/users\/3"}],"replies":[{"embeddable":true,"href":"https:\/\/stuttgarti-katolikusok.de\/index.php\/wp-json\/wp\/v2\/comments?post=27024"}],"version-history":[{"count":4,"href":"https:\/\/stuttgarti-katolikusok.de\/index.php\/wp-json\/wp\/v2\/posts\/27024\/revisions"}],"predecessor-version":[{"id":27063,"href":"https:\/\/stuttgarti-katolikusok.de\/index.php\/wp-json\/wp\/v2\/posts\/27024\/revisions\/27063"}],"wp:featuredmedia":[{"embeddable":true,"href":"https:\/\/stuttgarti-katolikusok.de\/index.php\/wp-json\/wp\/v2\/media\/23554"}],"wp:attachment":[{"href":"https:\/\/stuttgarti-katolikusok.de\/index.php\/wp-json\/wp\/v2\/media?parent=27024"}],"wp:term":[{"taxonomy":"category","embeddable":true,"href":"https:\/\/stuttgarti-katolikusok.de\/index.php\/wp-json\/wp\/v2\/categories?post=27024"},{"taxonomy":"post_tag","embeddable":true,"href":"https:\/\/stuttgarti-katolikusok.de\/index.php\/wp-json\/wp\/v2\/tags?post=27024"}],"curies":[{"name":"wp","href":"https:\/\/api.w.org\/{rel}","templated":true}]}}