{"id":27014,"date":"2023-06-25T01:06:58","date_gmt":"2023-06-24T23:06:58","guid":{"rendered":"https:\/\/stuttgarti-katolikusok.de\/?p=27014"},"modified":"2023-06-25T01:06:58","modified_gmt":"2023-06-24T23:06:58","slug":"evkozi-12-vasarnap","status":"publish","type":"post","link":"https:\/\/stuttgarti-katolikusok.de\/index.php\/evkozi-12-vasarnap\/","title":{"rendered":"\u00c9vk\u00f6zi 12. vas\u00e1rnap"},"content":{"rendered":"<p><span style=\"color: #339966;\">Kezd\u0151\u00e9nek:<\/span><br \/>\nN\u00e9p\u00e9nek er\u0151ss\u00e9ge az \u00dar, F\u00f6lkentj\u00e9nek szabadul\u00e1sa \u00e9s mened\u00e9ke. Szabad\u00edtsd meg, Uram, n\u00e9ped, \u00e1ldd meg a te \u00f6r\u00f6ks\u00e9ged, l\u00e9gy p\u00e1sztora \u00e9s te vezesd mind\u00f6r\u00f6kk\u00e9! (Zsolt 27,8-9)<\/p>\n<p><span style=\"color: #339966;\">K\u00f6ny\u00f6rg\u00e9s:<\/span><br \/>\nUrunk, Isten\u00fcnk, add, hogy szent nevedet mindenkor tisztelj\u00fck \u00e9s szeress\u00fck, mert gondvisel\u0151 oltalmadat soha nem vonod meg azokt\u00f3l, akiket \u00e1llhatatos szeretetedre tan\u00edtasz. A mi Urunk, J\u00e9zus Krisztus, a te Fiad \u00e1ltal, aki veled \u00e9l \u00e9s uralkodik a Szentl\u00e9lekkel egys\u00e9gben, Isten mind\u00f6r\u00f6kk\u00f6n \u00f6r\u00f6kk\u00e9.<\/p>\n<p align=\"justify\"><span style=\"color: #339966;\">OLVASM\u00c1NY Jeremi\u00e1s pr\u00f3f\u00e9ta k\u00f6nyv\u00e9b\u0151l (Jer 20,10-13)<\/span><br \/>\n<em>Megszabad\u00edtotta a szeg\u00e9nynek lelk\u00e9t a gonoszok kez\u00e9b\u0151l.<\/em><br \/>\nJeremi\u00e1s pr\u00f3f\u00e9ta \u00edgy panaszkodik szenved\u00e9se idej\u00e9n: Hallom sokak gyal\u00e1zkod\u00e1s\u00e1t: \u201eRetteg\u00e9s minden\u00fctt! Jelents\u00e9tek f\u00f6l! F\u00f6ljelentj\u00fck!\u201d M\u00e9g azok is, akik bar\u00e1taim voltak, buk\u00e1somra lestek: \u201eH\u00e1tha valamik\u00e9pp t\u0151rbe csalhatn\u00e1nk, legy\u0151zhetn\u00e9nk, \u00e9s bossz\u00fat \u00e1llhatn\u00e1nk rajta.\u201d<br \/>\nDe az \u00dar, mint h\u0151s harcos, mellettem \u00e1ll. Ellenfeleim meginognak, s nem b\u00edrnak velem, sz\u00e9gyent vallnak \u00e9s elbuknak.<br \/>\n\u00d6r\u00f6kk\u00e9 tart\u00f3, soha el nem m\u00fal\u00f3 gyal\u00e1zatban lesz r\u00e9sz\u00fck. Te pedig, Seregek Ura, igazs\u00e1gos B\u00edr\u00f3, aki a ves\u00e9k \u00e9s sz\u00edvek vizsg\u00e1l\u00f3ja vagy, engedd, hadd l\u00e1ssam, mik\u00e9nt \u00e1llsz rajtuk bossz\u00fat, mert el\u00e9d t\u00e1rtam \u00fcgyemet.<br \/>\n\u00c9nekeljetek az \u00darnak! Dics\u0151\u00edts\u00e9tek az Urat, mert kiszabad\u00edtotta a szeg\u00e9nynek lelk\u00e9t a gonoszok kez\u00e9b\u0151l.<br \/>\nEz az Isten ig\u00e9je.<\/p>\n<p align=\"justify\"><span style=\"color: #339966;\">V\u00c1LASZOS ZSOLT\u00c1R (Zsolt 68,8-10.14 \u00e9s 17.33-35)<\/span><br \/>\nV\u00e1lasz:\u00a0<strong>Uram, hallgass meg engem, * nagy irgalmass\u00e1god szerint.<\/strong>\u00a02. t\u00f3nus.<br \/>\nEl\u0151\u00e9nekes: A gyal\u00e1zatot \u00e9rted viselem, * arcomat \u00e9rted bor\u00edtja sz\u00e9gyen.<br \/>\nTestv\u00e9reim el\u0151tt idegenn\u00e9 lettem, * any\u00e1m fiai sem ismernek re\u00e1m.<br \/>\nH\u00edvek: Uram, hallgass meg engem, * nagy irgalmass\u00e1god szerint.<br \/>\nE: A h\u00e1zad\u00e9rt val\u00f3 buzg\u00f3s\u00e1g em\u00e9szt engem, * r\u00e1m hull a gyal\u00e1zat, ha t\u00e9ged gyal\u00e1znak.<br \/>\nDe \u00e9n hozz\u00e1d im\u00e1dkozom, Uram, * kegyelmed idej\u00e9n, Istenem.<br \/>\nH: Uram, hallgass meg engem, * nagy irgalmass\u00e1god szerint.<br \/>\nE: M\u00e9rhetetlen j\u00f3s\u00e1godban hallgass meg, * h\u0171s\u00e9ged szerint seg\u00edts rajtam.<br \/>\nHallgass meg, Uram, hisz kegyelmed j\u00f3s\u00e1gos, * irgalmad b\u0151s\u00e9g\u00e9ben tekints re\u00e1m.<br \/>\nH: Uram, hallgass meg engem, * nagy irgalmass\u00e1god szerint.<br \/>\nE: Az al\u00e1zatosak l\u00e1tj\u00e1k ezt \u00e9s \u00f6r\u00fclnek, * keress\u00e9tek Istent, \u00e9s sz\u00edvetek \u00fajra \u00e9led.<br \/>\nMert az \u00dar meghallgat minden szeg\u00e9nyt, * \u00e9s foglyait nem hagyja magukra.<br \/>\nH: Uram, hallgass meg engem, * nagy irgalmass\u00e1god szerint.<br \/>\nE: Dics\u00e9rje \u0151t az \u00e9g, a f\u00f6ld \u00e9s a tenger, * \u00e9s benn\u00fck minden \u00e9l\u0151l\u00e9ny.<br \/>\nH: Uram, hallgass meg engem, * nagy irgalmass\u00e1god szerint.<\/p>\n<p align=\"justify\"><span style=\"color: #339966;\">SZENTLECKE Szent P\u00e1l apostolnak a r\u00f3maiakhoz \u00edrt level\u00e9b\u0151l (R\u00f3m 5,12-15)<\/span><br \/>\n<em>A kegyelem hat\u00e1sa nem olyan, mint a b\u0171nbees\u00e9s\u00e9.<\/em><br \/>\nTestv\u00e9reim!<br \/>\nA b\u0171n egy ember \u00e1ltal l\u00e9pett a vil\u00e1gba, \u00e9s a b\u0171n k\u00f6vetkezm\u00e9nyek\u00e9nt a hal\u00e1l. \u00cdgy a hal\u00e1l minden ember oszt\u00e1lyr\u00e9sze lett, mert mindny\u00e1jan b\u0171nbe estek.<br \/>\nVolt a vil\u00e1gon b\u0171n a m\u00f3zesi t\u00f6rv\u00e9ny el\u0151tt is, de a b\u0171n, ha nincs t\u00f6rv\u00e9ny, nem sz\u00e1m\u00edt b\u0171nnek. \u00c1m a hal\u00e1l m\u00e9gis uralkodott \u00c1d\u00e1mt\u00f3l M\u00f3zesig azokon is, akik nem v\u00e9tkeztek mint \u00c1d\u00e1m, aki az Elj\u00f6vend\u0151nek el\u0151k\u00e9pe.<br \/>\nA kegyelem hat\u00e1sa azonban nem olyan, mint a b\u0171nbees\u00e9s\u00e9. Mert ha egynek b\u0171nbees\u00e9se miatt sokan meghaltak, Isten kegyelme \u00e9s az egy embernek, J\u00e9zus Krisztusnak irgalm\u00e1b\u00f3l nyert aj\u00e1nd\u00e9k m\u00e9g ink\u00e1bb ki\u00e1rad sokakra.<br \/>\nEz az Isten ig\u00e9je.<\/p>\n<p align=\"justify\"><span style=\"color: #339966;\">ALLELUJA<\/span><br \/>\n\u201eAz igazs\u00e1g Lelke majd tan\u00fas\u00e1got tesz r\u00f3lam\u201d, mondja az \u00dar, * \u201e\u00e9s ti is tan\u00fas\u00e1got tesztek r\u00f3lam\u201d. Jn 15,26b \u00e9s 27a \u2013 7b. t\u00f3nus.<\/p>\n<p align=\"justify\"><span style=\"color: #339966;\">\u2020 EVANG\u00c9LIUM Szent M\u00e1t\u00e9 k\u00f6nyv\u00e9b\u0151l (Mt 10,26-33)<\/span><br \/>\n<em>Ne f\u00e9ljetek azokt\u00f3l, akik a testet \u00f6lik meg!<\/em><br \/>\nAbban az id\u0151ben J\u00e9zus ezt mondta apostolainak: Ne f\u00e9ljetek az emberekt\u0151l! Nincs rejtett dolog, amelyre f\u00e9ny ne der\u00fclne, sem titok, amely ki ne tud\u00f3dn\u00e9k. Amit \u00e9n s\u00f6t\u00e9tben mondok nektek, azt ti mondj\u00e1tok el vil\u00e1gosban: \u00e9s amit f\u00fclbe s\u00fagva hallotok, hirdess\u00e9tek a h\u00e1ztet\u0151k\u00f6n!<br \/>\n\u00c9s ne f\u00e9ljetek azokt\u00f3l, akik a testet meg\u00f6lik, de a lelket nem tudj\u00e1k meg\u00f6lni. Ink\u00e1bb att\u00f3l f\u00e9ljetek, aki a lelket is, a testet is a pokolba tasz\u00edthatja.<br \/>\nEgy fill\u00e9r\u00e9rt ugye k\u00e9t verebet adnak? \u00c9s m\u00e9gsem hull a f\u00f6ldre egy se k\u00f6z\u00fcl\u00fck Aty\u00e1tok tudta n\u00e9lk\u00fcl? Nektek pedig minden sz\u00e1l hajatokat sz\u00e1mon tartj\u00e1k! Ne f\u00e9ljetek h\u00e1t: sokkal t\u00f6bbet \u00e9rtek ti a verebekn\u00e9l! Ha valaki megvall engem az emberek el\u0151tt, \u00e9n is megvallom \u0151t Aty\u00e1m el\u0151tt, aki a mennyekben van. De ha valaki megtagad engem az emberek el\u0151tt, \u00e9n is megtagadom \u0151t Aty\u00e1m el\u0151tt, aki a mennyekben van.<br \/>\nEzek az evang\u00e9lium ig\u00e9i.<\/p>\n<p><span style=\"color: #339966;\">EGYETEMES K\u00d6NY\u00d6RG\u00c9SEK<\/span><br \/>\nPap: Testv\u00e9reim! Isten megseg\u00edt, \u00e9s gondoskodik r\u00f3lunk. Forduljunk hozz\u00e1 bizalommal!<br \/>\nLektor: 1. Add, Urunk, hogy az Egyh\u00e1z b\u00e1tran hirdesse \u00e9s vallja meg az evang\u00e9liumot az eg\u00e9sz vil\u00e1g el\u0151tt!<br \/>\nH\u00edvek: K\u00e9r\u00fcnk T\u00e9ged, hallgass meg minket!<br \/>\n2. Add, Urunk, hogy a kegyelem t\u00fal\u00e1rad\u00e1sa megf\u00e9kezze a vil\u00e1gban a b\u0171n hatalm\u00e1t!<br \/>\nH\u00edvek: K\u00e9r\u00fcnk T\u00e9ged, hallgass meg minket!<br \/>\n3. Add, Urunk, hogy a betegek \u00e9s a szenved\u0151k kegyelmedb\u0151l er\u0151t \u00e9s vigasztal\u00e1st mer\u00edtsenek!<br \/>\nH\u00edvek: K\u00e9r\u00fcnk T\u00e9ged, hallgass meg minket!<br \/>\n4. Add, Urunk, hogy h\u00edveid szavukkal \u00e9s \u00e9let\u00fckkel tegyenek r\u00f3lad tan\u00fas\u00e1got az emberek el\u0151tt!<br \/>\nH\u00edvek: K\u00e9r\u00fcnk T\u00e9ged, hallgass meg minket!<br \/>\n5. Add, Urunk, hogy elhunyt szeretteink min\u00e9l el\u0151bb eljussanak szent sz\u00edned boldog\u00edt\u00f3 l\u00e1t\u00e1s\u00e1ra!<br \/>\nH\u00edvek: K\u00e9r\u00fcnk T\u00e9ged, hallgass meg minket!<br \/>\nPap: Isten\u00fcnk! Vil\u00e1gos\u00edtsd meg kegyelmeddel h\u00edv\u0151 n\u00e9pedet, hogy mindenn\u00e9l t\u00f6bbre becs\u00fclj\u00fck a l\u00e9lek \u00f6r\u00f6k \u00e9rt\u00e9keit! Krisztus, a mi Urunk \u00e1ltal.<br \/>\nH\u00edvek: \u00c1men.<\/p>\n<p><span style=\"color: #339966;\">Felaj\u00e1nl\u00f3 k\u00f6ny\u00f6rg\u00e9s:<\/span><br \/>\nIsten\u00fcnk, fogadd el szent Fiad engesztel\u0151 \u00e9s dics\u00e9r\u0151 \u00e1ldozat\u00e1t, hogy annak erej\u00e9b\u0151l megtisztulva sz\u00edv\u00fcnk odaad\u00e1sa is kedves \u00e1ldozatt\u00e1 legyen el\u0151tted. Krisztus, a mi Urunk \u00e1ltal.<\/p>\n<p><span style=\"color: #339966;\">\u00c1ldoz\u00e1si \u00e9nek:<\/span><br \/>\nMindenek szeme b\u00edz\u00f3n r\u00e1d tekint, Urunk, \u00e9s te enni\u00fck adsz kell\u0151 id\u0151ben. (Zsolt 144,15)<br \/>\n<em>vagy<\/em><br \/>\n\u00c9n vagyok a j\u00f3 P\u00e1sztor, \u00e9letemet adom a juhok\u00e9rt \u2013 mondja az \u00dar. (Jn 10,11.15)<\/p>\n<p><span style=\"color: #339966;\">\u00c1ldoz\u00e1s ut\u00e1ni k\u00f6ny\u00f6rg\u00e9s:<\/span><br \/>\nTested \u00e9s v\u00e9red \u00e1ldott t\u00e1pl\u00e1l\u00e9ka meg\u00faj\u00edt minket, Urunk. K\u00e9rj\u00fck irgalmadat, hogy amit \u00e1h\u00edtatos l\u00e9lekkel \u00fajra meg \u00fajra \u00fcnnepl\u00fcnk, megv\u00e1lt\u00e1sod kegyelm\u00e9b\u0151l biztosan el is \u00e9rj\u00fck. Aki \u00e9lsz \u00e9s uralkodol mind\u00f6r\u00f6kk\u00f6n \u00f6r\u00f6kk\u00e9.<\/p>\n<p><em>(K\u00e9p forr\u00e1sa: N\u00e9meti Gergely)<\/em><\/p>\n","protected":false},"excerpt":{"rendered":"<p>Kezd\u0151\u00e9nek: N\u00e9p\u00e9nek er\u0151ss\u00e9ge az \u00dar, F\u00f6lkentj\u00e9nek szabadul\u00e1sa \u00e9s mened\u00e9ke. Szabad\u00edtsd meg, Uram, n\u00e9ped, \u00e1ldd meg a te \u00f6r\u00f6ks\u00e9ged, l\u00e9gy p\u00e1sztora \u00e9s te vezesd mind\u00f6r\u00f6kk\u00e9! (Zsolt 27,8-9) K\u00f6ny\u00f6rg\u00e9s: Urunk, Isten\u00fcnk, add, hogy szent nevedet mindenkor tisztelj\u00fck \u00e9s szeress\u00fck, mert gondvisel\u0151 oltalmadat soha nem vonod meg azokt\u00f3l, akiket \u00e1llhatatos szeretetedre tan\u00edtasz. A mi Urunk, J\u00e9zus Krisztus, a te Fiad \u00e1ltal, aki veled \u00e9l \u00e9s uralkodik a Szentl\u00e9lekkel egys\u00e9gben, Isten mind\u00f6r\u00f6kk\u00f6n \u00f6r\u00f6kk\u00e9. OLVASM\u00c1NY Jeremi\u00e1s pr\u00f3f\u00e9ta k\u00f6nyv\u00e9b\u0151l (Jer 20,10-13) Megszabad\u00edtotta a szeg\u00e9nynek lelk\u00e9t a gonoszok kez\u00e9b\u0151l. Jeremi\u00e1s pr\u00f3f\u00e9ta \u00edgy panaszkodik szenved\u00e9se idej\u00e9n: Hallom sokak gyal\u00e1zkod\u00e1s\u00e1t: \u201eRetteg\u00e9s minden\u00fctt! Jelents\u00e9tek f\u00f6l! F\u00f6ljelentj\u00fck!\u201d M\u00e9g azok is, akik bar\u00e1taim voltak, buk\u00e1somra lestek: \u201eH\u00e1tha valamik\u00e9pp t\u0151rbe csalhatn\u00e1nk, legy\u0151zhetn\u00e9nk, \u00e9s bossz\u00fat \u00e1llhatn\u00e1nk rajta.\u201d De az \u00dar, mint h\u0151s harcos, mellettem \u00e1ll. Ellenfeleim meginognak, s nem b\u00edrnak velem, sz\u00e9gyent vallnak \u00e9s elbuknak. \u00d6r\u00f6kk\u00e9 tart\u00f3, soha el nem m\u00fal\u00f3 gyal\u00e1zatban lesz r\u00e9sz\u00fck. Te pedig, Seregek Ura, igazs\u00e1gos B\u00edr\u00f3, aki a ves\u00e9k \u00e9s sz\u00edvek vizsg\u00e1l\u00f3ja vagy, engedd, hadd l\u00e1ssam, mik\u00e9nt \u00e1llsz rajtuk bossz\u00fat, mert el\u00e9d t\u00e1rtam \u00fcgyemet. \u00c9nekeljetek az \u00darnak! Dics\u0151\u00edts\u00e9tek az Urat, mert kiszabad\u00edtotta a szeg\u00e9nynek lelk\u00e9t a gonoszok kez\u00e9b\u0151l. Ez az Isten ig\u00e9je. V\u00c1LASZOS ZSOLT\u00c1R (Zsolt 68,8-10.14 \u00e9s 17.33-35) V\u00e1lasz:\u00a0Uram, hallgass meg engem, * nagy irgalmass\u00e1god szerint.\u00a02. t\u00f3nus. El\u0151\u00e9nekes: A gyal\u00e1zatot \u00e9rted viselem, * arcomat \u00e9rted bor\u00edtja sz\u00e9gyen. Testv\u00e9reim el\u0151tt idegenn\u00e9 lettem, * any\u00e1m fiai sem ismernek re\u00e1m. H\u00edvek: Uram, hallgass meg engem, * nagy irgalmass\u00e1god szerint. E: A h\u00e1zad\u00e9rt val\u00f3 buzg\u00f3s\u00e1g em\u00e9szt engem, * r\u00e1m hull a gyal\u00e1zat, ha t\u00e9ged gyal\u00e1znak. De \u00e9n hozz\u00e1d im\u00e1dkozom, Uram, * kegyelmed idej\u00e9n, Istenem. H: Uram, hallgass meg engem, * nagy irgalmass\u00e1god szerint. E: M\u00e9rhetetlen j\u00f3s\u00e1godban hallgass meg, * h\u0171s\u00e9ged szerint seg\u00edts rajtam. Hallgass meg, Uram, hisz kegyelmed j\u00f3s\u00e1gos, * irgalmad b\u0151s\u00e9g\u00e9ben tekints re\u00e1m. H: Uram, hallgass meg engem, * nagy irgalmass\u00e1god szerint. E: Az al\u00e1zatosak l\u00e1tj\u00e1k ezt \u00e9s \u00f6r\u00fclnek, * keress\u00e9tek Istent, \u00e9s&#8230; <\/p>\n<p><a class=\"readmore\" href=\"https:\/\/stuttgarti-katolikusok.de\/index.php\/evkozi-12-vasarnap\/\">R\u00e9szletek<\/a><\/p>\n","protected":false},"author":3,"featured_media":27015,"comment_status":"closed","ping_status":"closed","sticky":false,"template":"","format":"standard","meta":{"footnotes":""},"categories":[85,63],"tags":[],"class_list":["post-27014","post","type-post","status-publish","format-standard","has-post-thumbnail","hentry","category-a-liturgia-olvasmanyai","category-vasarnapi-gondolatok"],"yoast_head":"<!-- This site is optimized with the Yoast SEO plugin v27.3 - https:\/\/yoast.com\/product\/yoast-seo-wordpress\/ -->\n<title>\u00c9vk\u00f6zi 12. vas\u00e1rnap - Stuttgarti Katolikusok<\/title>\n<meta name=\"robots\" content=\"index, follow, max-snippet:-1, max-image-preview:large, max-video-preview:-1\" \/>\n<link rel=\"canonical\" href=\"https:\/\/stuttgarti-katolikusok.de\/index.php\/evkozi-12-vasarnap\/\" \/>\n<meta property=\"og:locale\" content=\"hu_HU\" \/>\n<meta property=\"og:type\" content=\"article\" \/>\n<meta property=\"og:title\" content=\"\u00c9vk\u00f6zi 12. vas\u00e1rnap - Stuttgarti Katolikusok\" \/>\n<meta property=\"og:description\" content=\"Kezd\u0151\u00e9nek: N\u00e9p\u00e9nek er\u0151ss\u00e9ge az \u00dar, F\u00f6lkentj\u00e9nek szabadul\u00e1sa \u00e9s mened\u00e9ke. Szabad\u00edtsd meg, Uram, n\u00e9ped, \u00e1ldd meg a te \u00f6r\u00f6ks\u00e9ged, l\u00e9gy p\u00e1sztora \u00e9s te vezesd mind\u00f6r\u00f6kk\u00e9! (Zsolt 27,8-9) K\u00f6ny\u00f6rg\u00e9s: Urunk, Isten\u00fcnk, add, hogy szent nevedet mindenkor tisztelj\u00fck \u00e9s szeress\u00fck, mert gondvisel\u0151 oltalmadat soha nem vonod meg azokt\u00f3l, akiket \u00e1llhatatos szeretetedre tan\u00edtasz. A mi Urunk, J\u00e9zus Krisztus, a te Fiad \u00e1ltal, aki veled \u00e9l \u00e9s uralkodik a Szentl\u00e9lekkel egys\u00e9gben, Isten mind\u00f6r\u00f6kk\u00f6n \u00f6r\u00f6kk\u00e9. OLVASM\u00c1NY Jeremi\u00e1s pr\u00f3f\u00e9ta k\u00f6nyv\u00e9b\u0151l (Jer 20,10-13) Megszabad\u00edtotta a szeg\u00e9nynek lelk\u00e9t a gonoszok kez\u00e9b\u0151l. Jeremi\u00e1s pr\u00f3f\u00e9ta \u00edgy panaszkodik szenved\u00e9se idej\u00e9n: Hallom sokak gyal\u00e1zkod\u00e1s\u00e1t: \u201eRetteg\u00e9s minden\u00fctt! Jelents\u00e9tek f\u00f6l! F\u00f6ljelentj\u00fck!\u201d M\u00e9g azok is, akik bar\u00e1taim voltak, buk\u00e1somra lestek: \u201eH\u00e1tha valamik\u00e9pp t\u0151rbe csalhatn\u00e1nk, legy\u0151zhetn\u00e9nk, \u00e9s bossz\u00fat \u00e1llhatn\u00e1nk rajta.\u201d De az \u00dar, mint h\u0151s harcos, mellettem \u00e1ll. Ellenfeleim meginognak, s nem b\u00edrnak velem, sz\u00e9gyent vallnak \u00e9s elbuknak. \u00d6r\u00f6kk\u00e9 tart\u00f3, soha el nem m\u00fal\u00f3 gyal\u00e1zatban lesz r\u00e9sz\u00fck. Te pedig, Seregek Ura, igazs\u00e1gos B\u00edr\u00f3, aki a ves\u00e9k \u00e9s sz\u00edvek vizsg\u00e1l\u00f3ja vagy, engedd, hadd l\u00e1ssam, mik\u00e9nt \u00e1llsz rajtuk bossz\u00fat, mert el\u00e9d t\u00e1rtam \u00fcgyemet. \u00c9nekeljetek az \u00darnak! Dics\u0151\u00edts\u00e9tek az Urat, mert kiszabad\u00edtotta a szeg\u00e9nynek lelk\u00e9t a gonoszok kez\u00e9b\u0151l. Ez az Isten ig\u00e9je. V\u00c1LASZOS ZSOLT\u00c1R (Zsolt 68,8-10.14 \u00e9s 17.33-35) V\u00e1lasz:\u00a0Uram, hallgass meg engem, * nagy irgalmass\u00e1god szerint.\u00a02. t\u00f3nus. El\u0151\u00e9nekes: A gyal\u00e1zatot \u00e9rted viselem, * arcomat \u00e9rted bor\u00edtja sz\u00e9gyen. Testv\u00e9reim el\u0151tt idegenn\u00e9 lettem, * any\u00e1m fiai sem ismernek re\u00e1m. H\u00edvek: Uram, hallgass meg engem, * nagy irgalmass\u00e1god szerint. E: A h\u00e1zad\u00e9rt val\u00f3 buzg\u00f3s\u00e1g em\u00e9szt engem, * r\u00e1m hull a gyal\u00e1zat, ha t\u00e9ged gyal\u00e1znak. De \u00e9n hozz\u00e1d im\u00e1dkozom, Uram, * kegyelmed idej\u00e9n, Istenem. H: Uram, hallgass meg engem, * nagy irgalmass\u00e1god szerint. E: M\u00e9rhetetlen j\u00f3s\u00e1godban hallgass meg, * h\u0171s\u00e9ged szerint seg\u00edts rajtam. Hallgass meg, Uram, hisz kegyelmed j\u00f3s\u00e1gos, * irgalmad b\u0151s\u00e9g\u00e9ben tekints re\u00e1m. H: Uram, hallgass meg engem, * nagy irgalmass\u00e1god szerint. E: Az al\u00e1zatosak l\u00e1tj\u00e1k ezt \u00e9s \u00f6r\u00fclnek, * keress\u00e9tek Istent, \u00e9s... R\u00e9szletek\" \/>\n<meta property=\"og:url\" content=\"https:\/\/stuttgarti-katolikusok.de\/index.php\/evkozi-12-vasarnap\/\" \/>\n<meta property=\"og:site_name\" content=\"Stuttgarti Katolikusok\" \/>\n<meta property=\"article:published_time\" content=\"2023-06-24T23:06:58+00:00\" \/>\n<meta property=\"og:image\" content=\"https:\/\/stuttgarti-katolikusok.de\/wp-content\/uploads\/2023\/06\/termeszet.jpg\" \/>\n\t<meta property=\"og:image:width\" content=\"1881\" \/>\n\t<meta property=\"og:image:height\" content=\"2048\" \/>\n\t<meta property=\"og:image:type\" content=\"image\/jpeg\" \/>\n<meta name=\"author\" content=\"Tibor atya\" \/>\n<meta name=\"twitter:card\" content=\"summary_large_image\" \/>\n<meta name=\"twitter:label1\" content=\"Szerz\u0151:\" \/>\n\t<meta name=\"twitter:data1\" content=\"Tibor atya\" \/>\n\t<meta name=\"twitter:label2\" content=\"Becs\u00fclt olvas\u00e1si id\u0151\" \/>\n\t<meta name=\"twitter:data2\" content=\"5 perc\" \/>\n<script type=\"application\/ld+json\" class=\"yoast-schema-graph\">{\"@context\":\"https:\\\/\\\/schema.org\",\"@graph\":[{\"@type\":\"Article\",\"@id\":\"https:\\\/\\\/stuttgarti-katolikusok.de\\\/index.php\\\/evkozi-12-vasarnap\\\/#article\",\"isPartOf\":{\"@id\":\"https:\\\/\\\/stuttgarti-katolikusok.de\\\/index.php\\\/evkozi-12-vasarnap\\\/\"},\"author\":{\"name\":\"Tibor atya\",\"@id\":\"https:\\\/\\\/stuttgarti-katolikusok.de\\\/#\\\/schema\\\/person\\\/75908d6f8fdc03a57889d27209df7795\"},\"headline\":\"\u00c9vk\u00f6zi 12. vas\u00e1rnap\",\"datePublished\":\"2023-06-24T23:06:58+00:00\",\"mainEntityOfPage\":{\"@id\":\"https:\\\/\\\/stuttgarti-katolikusok.de\\\/index.php\\\/evkozi-12-vasarnap\\\/\"},\"wordCount\":1252,\"image\":{\"@id\":\"https:\\\/\\\/stuttgarti-katolikusok.de\\\/index.php\\\/evkozi-12-vasarnap\\\/#primaryimage\"},\"thumbnailUrl\":\"https:\\\/\\\/stuttgarti-katolikusok.de\\\/wp-content\\\/uploads\\\/2023\\\/06\\\/termeszet.jpg\",\"articleSection\":[\"A liturgia olvasm\u00e1nyai\",\"Vas\u00e1rnapi gondolatok\"],\"inLanguage\":\"hu\"},{\"@type\":\"WebPage\",\"@id\":\"https:\\\/\\\/stuttgarti-katolikusok.de\\\/index.php\\\/evkozi-12-vasarnap\\\/\",\"url\":\"https:\\\/\\\/stuttgarti-katolikusok.de\\\/index.php\\\/evkozi-12-vasarnap\\\/\",\"name\":\"\u00c9vk\u00f6zi 12. vas\u00e1rnap - Stuttgarti Katolikusok\",\"isPartOf\":{\"@id\":\"https:\\\/\\\/stuttgarti-katolikusok.de\\\/#website\"},\"primaryImageOfPage\":{\"@id\":\"https:\\\/\\\/stuttgarti-katolikusok.de\\\/index.php\\\/evkozi-12-vasarnap\\\/#primaryimage\"},\"image\":{\"@id\":\"https:\\\/\\\/stuttgarti-katolikusok.de\\\/index.php\\\/evkozi-12-vasarnap\\\/#primaryimage\"},\"thumbnailUrl\":\"https:\\\/\\\/stuttgarti-katolikusok.de\\\/wp-content\\\/uploads\\\/2023\\\/06\\\/termeszet.jpg\",\"datePublished\":\"2023-06-24T23:06:58+00:00\",\"author\":{\"@id\":\"https:\\\/\\\/stuttgarti-katolikusok.de\\\/#\\\/schema\\\/person\\\/75908d6f8fdc03a57889d27209df7795\"},\"breadcrumb\":{\"@id\":\"https:\\\/\\\/stuttgarti-katolikusok.de\\\/index.php\\\/evkozi-12-vasarnap\\\/#breadcrumb\"},\"inLanguage\":\"hu\",\"potentialAction\":[{\"@type\":\"ReadAction\",\"target\":[\"https:\\\/\\\/stuttgarti-katolikusok.de\\\/index.php\\\/evkozi-12-vasarnap\\\/\"]}]},{\"@type\":\"ImageObject\",\"inLanguage\":\"hu\",\"@id\":\"https:\\\/\\\/stuttgarti-katolikusok.de\\\/index.php\\\/evkozi-12-vasarnap\\\/#primaryimage\",\"url\":\"https:\\\/\\\/stuttgarti-katolikusok.de\\\/wp-content\\\/uploads\\\/2023\\\/06\\\/termeszet.jpg\",\"contentUrl\":\"https:\\\/\\\/stuttgarti-katolikusok.de\\\/wp-content\\\/uploads\\\/2023\\\/06\\\/termeszet.jpg\",\"width\":1881,\"height\":2048},{\"@type\":\"BreadcrumbList\",\"@id\":\"https:\\\/\\\/stuttgarti-katolikusok.de\\\/index.php\\\/evkozi-12-vasarnap\\\/#breadcrumb\",\"itemListElement\":[{\"@type\":\"ListItem\",\"position\":1,\"name\":\"Kezd\u0151lap\",\"item\":\"https:\\\/\\\/stuttgarti-katolikusok.de\\\/\"},{\"@type\":\"ListItem\",\"position\":2,\"name\":\"\u00c9vk\u00f6zi 12. vas\u00e1rnap\"}]},{\"@type\":\"WebSite\",\"@id\":\"https:\\\/\\\/stuttgarti-katolikusok.de\\\/#website\",\"url\":\"https:\\\/\\\/stuttgarti-katolikusok.de\\\/\",\"name\":\"Stuttgarti Katolikusok\",\"description\":\"\",\"potentialAction\":[{\"@type\":\"SearchAction\",\"target\":{\"@type\":\"EntryPoint\",\"urlTemplate\":\"https:\\\/\\\/stuttgarti-katolikusok.de\\\/?s={search_term_string}\"},\"query-input\":{\"@type\":\"PropertyValueSpecification\",\"valueRequired\":true,\"valueName\":\"search_term_string\"}}],\"inLanguage\":\"hu\"},{\"@type\":\"Person\",\"@id\":\"https:\\\/\\\/stuttgarti-katolikusok.de\\\/#\\\/schema\\\/person\\\/75908d6f8fdc03a57889d27209df7795\",\"name\":\"Tibor atya\",\"image\":{\"@type\":\"ImageObject\",\"inLanguage\":\"hu\",\"@id\":\"https:\\\/\\\/secure.gravatar.com\\\/avatar\\\/61d268e57d1f4525b111222e29d2d5a7f8c420fdbf231ba5566a8ceac74fa960?s=96&d=mm&r=g\",\"url\":\"https:\\\/\\\/secure.gravatar.com\\\/avatar\\\/61d268e57d1f4525b111222e29d2d5a7f8c420fdbf231ba5566a8ceac74fa960?s=96&d=mm&r=g\",\"contentUrl\":\"https:\\\/\\\/secure.gravatar.com\\\/avatar\\\/61d268e57d1f4525b111222e29d2d5a7f8c420fdbf231ba5566a8ceac74fa960?s=96&d=mm&r=g\",\"caption\":\"Tibor atya\"},\"url\":\"https:\\\/\\\/stuttgarti-katolikusok.de\\\/index.php\\\/author\\\/tibor-atya\\\/\"}]}<\/script>\n<!-- \/ Yoast SEO plugin. -->","yoast_head_json":{"title":"\u00c9vk\u00f6zi 12. vas\u00e1rnap - Stuttgarti Katolikusok","robots":{"index":"index","follow":"follow","max-snippet":"max-snippet:-1","max-image-preview":"max-image-preview:large","max-video-preview":"max-video-preview:-1"},"canonical":"https:\/\/stuttgarti-katolikusok.de\/index.php\/evkozi-12-vasarnap\/","og_locale":"hu_HU","og_type":"article","og_title":"\u00c9vk\u00f6zi 12. vas\u00e1rnap - Stuttgarti Katolikusok","og_description":"Kezd\u0151\u00e9nek: N\u00e9p\u00e9nek er\u0151ss\u00e9ge az \u00dar, F\u00f6lkentj\u00e9nek szabadul\u00e1sa \u00e9s mened\u00e9ke. Szabad\u00edtsd meg, Uram, n\u00e9ped, \u00e1ldd meg a te \u00f6r\u00f6ks\u00e9ged, l\u00e9gy p\u00e1sztora \u00e9s te vezesd mind\u00f6r\u00f6kk\u00e9! (Zsolt 27,8-9) K\u00f6ny\u00f6rg\u00e9s: Urunk, Isten\u00fcnk, add, hogy szent nevedet mindenkor tisztelj\u00fck \u00e9s szeress\u00fck, mert gondvisel\u0151 oltalmadat soha nem vonod meg azokt\u00f3l, akiket \u00e1llhatatos szeretetedre tan\u00edtasz. A mi Urunk, J\u00e9zus Krisztus, a te Fiad \u00e1ltal, aki veled \u00e9l \u00e9s uralkodik a Szentl\u00e9lekkel egys\u00e9gben, Isten mind\u00f6r\u00f6kk\u00f6n \u00f6r\u00f6kk\u00e9. OLVASM\u00c1NY Jeremi\u00e1s pr\u00f3f\u00e9ta k\u00f6nyv\u00e9b\u0151l (Jer 20,10-13) Megszabad\u00edtotta a szeg\u00e9nynek lelk\u00e9t a gonoszok kez\u00e9b\u0151l. Jeremi\u00e1s pr\u00f3f\u00e9ta \u00edgy panaszkodik szenved\u00e9se idej\u00e9n: Hallom sokak gyal\u00e1zkod\u00e1s\u00e1t: \u201eRetteg\u00e9s minden\u00fctt! Jelents\u00e9tek f\u00f6l! F\u00f6ljelentj\u00fck!\u201d M\u00e9g azok is, akik bar\u00e1taim voltak, buk\u00e1somra lestek: \u201eH\u00e1tha valamik\u00e9pp t\u0151rbe csalhatn\u00e1nk, legy\u0151zhetn\u00e9nk, \u00e9s bossz\u00fat \u00e1llhatn\u00e1nk rajta.\u201d De az \u00dar, mint h\u0151s harcos, mellettem \u00e1ll. Ellenfeleim meginognak, s nem b\u00edrnak velem, sz\u00e9gyent vallnak \u00e9s elbuknak. \u00d6r\u00f6kk\u00e9 tart\u00f3, soha el nem m\u00fal\u00f3 gyal\u00e1zatban lesz r\u00e9sz\u00fck. Te pedig, Seregek Ura, igazs\u00e1gos B\u00edr\u00f3, aki a ves\u00e9k \u00e9s sz\u00edvek vizsg\u00e1l\u00f3ja vagy, engedd, hadd l\u00e1ssam, mik\u00e9nt \u00e1llsz rajtuk bossz\u00fat, mert el\u00e9d t\u00e1rtam \u00fcgyemet. \u00c9nekeljetek az \u00darnak! Dics\u0151\u00edts\u00e9tek az Urat, mert kiszabad\u00edtotta a szeg\u00e9nynek lelk\u00e9t a gonoszok kez\u00e9b\u0151l. Ez az Isten ig\u00e9je. V\u00c1LASZOS ZSOLT\u00c1R (Zsolt 68,8-10.14 \u00e9s 17.33-35) V\u00e1lasz:\u00a0Uram, hallgass meg engem, * nagy irgalmass\u00e1god szerint.\u00a02. t\u00f3nus. El\u0151\u00e9nekes: A gyal\u00e1zatot \u00e9rted viselem, * arcomat \u00e9rted bor\u00edtja sz\u00e9gyen. Testv\u00e9reim el\u0151tt idegenn\u00e9 lettem, * any\u00e1m fiai sem ismernek re\u00e1m. H\u00edvek: Uram, hallgass meg engem, * nagy irgalmass\u00e1god szerint. E: A h\u00e1zad\u00e9rt val\u00f3 buzg\u00f3s\u00e1g em\u00e9szt engem, * r\u00e1m hull a gyal\u00e1zat, ha t\u00e9ged gyal\u00e1znak. De \u00e9n hozz\u00e1d im\u00e1dkozom, Uram, * kegyelmed idej\u00e9n, Istenem. H: Uram, hallgass meg engem, * nagy irgalmass\u00e1god szerint. E: M\u00e9rhetetlen j\u00f3s\u00e1godban hallgass meg, * h\u0171s\u00e9ged szerint seg\u00edts rajtam. Hallgass meg, Uram, hisz kegyelmed j\u00f3s\u00e1gos, * irgalmad b\u0151s\u00e9g\u00e9ben tekints re\u00e1m. H: Uram, hallgass meg engem, * nagy irgalmass\u00e1god szerint. E: Az al\u00e1zatosak l\u00e1tj\u00e1k ezt \u00e9s \u00f6r\u00fclnek, * keress\u00e9tek Istent, \u00e9s... R\u00e9szletek","og_url":"https:\/\/stuttgarti-katolikusok.de\/index.php\/evkozi-12-vasarnap\/","og_site_name":"Stuttgarti Katolikusok","article_published_time":"2023-06-24T23:06:58+00:00","og_image":[{"width":1881,"height":2048,"url":"https:\/\/stuttgarti-katolikusok.de\/wp-content\/uploads\/2023\/06\/termeszet.jpg","type":"image\/jpeg"}],"author":"Tibor atya","twitter_card":"summary_large_image","twitter_misc":{"Szerz\u0151:":"Tibor atya","Becs\u00fclt olvas\u00e1si id\u0151":"5 perc"},"schema":{"@context":"https:\/\/schema.org","@graph":[{"@type":"Article","@id":"https:\/\/stuttgarti-katolikusok.de\/index.php\/evkozi-12-vasarnap\/#article","isPartOf":{"@id":"https:\/\/stuttgarti-katolikusok.de\/index.php\/evkozi-12-vasarnap\/"},"author":{"name":"Tibor atya","@id":"https:\/\/stuttgarti-katolikusok.de\/#\/schema\/person\/75908d6f8fdc03a57889d27209df7795"},"headline":"\u00c9vk\u00f6zi 12. vas\u00e1rnap","datePublished":"2023-06-24T23:06:58+00:00","mainEntityOfPage":{"@id":"https:\/\/stuttgarti-katolikusok.de\/index.php\/evkozi-12-vasarnap\/"},"wordCount":1252,"image":{"@id":"https:\/\/stuttgarti-katolikusok.de\/index.php\/evkozi-12-vasarnap\/#primaryimage"},"thumbnailUrl":"https:\/\/stuttgarti-katolikusok.de\/wp-content\/uploads\/2023\/06\/termeszet.jpg","articleSection":["A liturgia olvasm\u00e1nyai","Vas\u00e1rnapi gondolatok"],"inLanguage":"hu"},{"@type":"WebPage","@id":"https:\/\/stuttgarti-katolikusok.de\/index.php\/evkozi-12-vasarnap\/","url":"https:\/\/stuttgarti-katolikusok.de\/index.php\/evkozi-12-vasarnap\/","name":"\u00c9vk\u00f6zi 12. vas\u00e1rnap - Stuttgarti Katolikusok","isPartOf":{"@id":"https:\/\/stuttgarti-katolikusok.de\/#website"},"primaryImageOfPage":{"@id":"https:\/\/stuttgarti-katolikusok.de\/index.php\/evkozi-12-vasarnap\/#primaryimage"},"image":{"@id":"https:\/\/stuttgarti-katolikusok.de\/index.php\/evkozi-12-vasarnap\/#primaryimage"},"thumbnailUrl":"https:\/\/stuttgarti-katolikusok.de\/wp-content\/uploads\/2023\/06\/termeszet.jpg","datePublished":"2023-06-24T23:06:58+00:00","author":{"@id":"https:\/\/stuttgarti-katolikusok.de\/#\/schema\/person\/75908d6f8fdc03a57889d27209df7795"},"breadcrumb":{"@id":"https:\/\/stuttgarti-katolikusok.de\/index.php\/evkozi-12-vasarnap\/#breadcrumb"},"inLanguage":"hu","potentialAction":[{"@type":"ReadAction","target":["https:\/\/stuttgarti-katolikusok.de\/index.php\/evkozi-12-vasarnap\/"]}]},{"@type":"ImageObject","inLanguage":"hu","@id":"https:\/\/stuttgarti-katolikusok.de\/index.php\/evkozi-12-vasarnap\/#primaryimage","url":"https:\/\/stuttgarti-katolikusok.de\/wp-content\/uploads\/2023\/06\/termeszet.jpg","contentUrl":"https:\/\/stuttgarti-katolikusok.de\/wp-content\/uploads\/2023\/06\/termeszet.jpg","width":1881,"height":2048},{"@type":"BreadcrumbList","@id":"https:\/\/stuttgarti-katolikusok.de\/index.php\/evkozi-12-vasarnap\/#breadcrumb","itemListElement":[{"@type":"ListItem","position":1,"name":"Kezd\u0151lap","item":"https:\/\/stuttgarti-katolikusok.de\/"},{"@type":"ListItem","position":2,"name":"\u00c9vk\u00f6zi 12. vas\u00e1rnap"}]},{"@type":"WebSite","@id":"https:\/\/stuttgarti-katolikusok.de\/#website","url":"https:\/\/stuttgarti-katolikusok.de\/","name":"Stuttgarti Katolikusok","description":"","potentialAction":[{"@type":"SearchAction","target":{"@type":"EntryPoint","urlTemplate":"https:\/\/stuttgarti-katolikusok.de\/?s={search_term_string}"},"query-input":{"@type":"PropertyValueSpecification","valueRequired":true,"valueName":"search_term_string"}}],"inLanguage":"hu"},{"@type":"Person","@id":"https:\/\/stuttgarti-katolikusok.de\/#\/schema\/person\/75908d6f8fdc03a57889d27209df7795","name":"Tibor atya","image":{"@type":"ImageObject","inLanguage":"hu","@id":"https:\/\/secure.gravatar.com\/avatar\/61d268e57d1f4525b111222e29d2d5a7f8c420fdbf231ba5566a8ceac74fa960?s=96&d=mm&r=g","url":"https:\/\/secure.gravatar.com\/avatar\/61d268e57d1f4525b111222e29d2d5a7f8c420fdbf231ba5566a8ceac74fa960?s=96&d=mm&r=g","contentUrl":"https:\/\/secure.gravatar.com\/avatar\/61d268e57d1f4525b111222e29d2d5a7f8c420fdbf231ba5566a8ceac74fa960?s=96&d=mm&r=g","caption":"Tibor atya"},"url":"https:\/\/stuttgarti-katolikusok.de\/index.php\/author\/tibor-atya\/"}]}},"_links":{"self":[{"href":"https:\/\/stuttgarti-katolikusok.de\/index.php\/wp-json\/wp\/v2\/posts\/27014","targetHints":{"allow":["GET"]}}],"collection":[{"href":"https:\/\/stuttgarti-katolikusok.de\/index.php\/wp-json\/wp\/v2\/posts"}],"about":[{"href":"https:\/\/stuttgarti-katolikusok.de\/index.php\/wp-json\/wp\/v2\/types\/post"}],"author":[{"embeddable":true,"href":"https:\/\/stuttgarti-katolikusok.de\/index.php\/wp-json\/wp\/v2\/users\/3"}],"replies":[{"embeddable":true,"href":"https:\/\/stuttgarti-katolikusok.de\/index.php\/wp-json\/wp\/v2\/comments?post=27014"}],"version-history":[{"count":1,"href":"https:\/\/stuttgarti-katolikusok.de\/index.php\/wp-json\/wp\/v2\/posts\/27014\/revisions"}],"predecessor-version":[{"id":27016,"href":"https:\/\/stuttgarti-katolikusok.de\/index.php\/wp-json\/wp\/v2\/posts\/27014\/revisions\/27016"}],"wp:featuredmedia":[{"embeddable":true,"href":"https:\/\/stuttgarti-katolikusok.de\/index.php\/wp-json\/wp\/v2\/media\/27015"}],"wp:attachment":[{"href":"https:\/\/stuttgarti-katolikusok.de\/index.php\/wp-json\/wp\/v2\/media?parent=27014"}],"wp:term":[{"taxonomy":"category","embeddable":true,"href":"https:\/\/stuttgarti-katolikusok.de\/index.php\/wp-json\/wp\/v2\/categories?post=27014"},{"taxonomy":"post_tag","embeddable":true,"href":"https:\/\/stuttgarti-katolikusok.de\/index.php\/wp-json\/wp\/v2\/tags?post=27014"}],"curies":[{"name":"wp","href":"https:\/\/api.w.org\/{rel}","templated":true}]}}