{"id":26999,"date":"2023-06-19T11:19:23","date_gmt":"2023-06-19T09:19:23","guid":{"rendered":"https:\/\/stuttgarti-katolikusok.de\/?p=26999"},"modified":"2023-06-19T11:19:23","modified_gmt":"2023-06-19T09:19:23","slug":"2023-junius-19-es-25-kozott","status":"publish","type":"post","link":"https:\/\/stuttgarti-katolikusok.de\/index.php\/2023-junius-19-es-25-kozott\/","title":{"rendered":"2023. J\u00daNIUS 19 \u00c9S 25 K\u00d6Z\u00d6TT"},"content":{"rendered":"<p><span style=\"color: #339966;\"><strong>Programel\u0151zetes<\/strong><\/span><\/p>\n<p style=\"text-align: center;\"><span style=\"color: #339966;\"><em>*<\/em><\/span><\/p>\n<p><strong>J\u00fanius 23-\u00e1n<\/strong>, p\u00e9nteken,<span style=\"color: #339966;\"><strong><em> Stuttgarti d\u00e9lut\u00e1n<\/em><\/strong><\/span>,<\/p>\n<p>17.30 \u00f3rakor <em>szentmise,<\/em><\/p>\n<p>18.00 \u00f3rakor<em> Bar\u00e1ts\u00e1gklub, <\/em>keret\u00e9ben<\/p>\n<p><a href=\"https:\/\/stuttgarti-katolikusok.de\/wp-content\/uploads\/2023\/06\/baratsagklub-javitott-junius.jpg\"><img loading=\"lazy\" decoding=\"async\" class=\"alignnone size-full wp-image-27001\" src=\"https:\/\/stuttgarti-katolikusok.de\/wp-content\/uploads\/2023\/06\/baratsagklub-javitott-junius.jpg\" alt=\"\" width=\"1132\" height=\"1600\" srcset=\"https:\/\/stuttgarti-katolikusok.de\/wp-content\/uploads\/2023\/06\/baratsagklub-javitott-junius.jpg 1132w, https:\/\/stuttgarti-katolikusok.de\/wp-content\/uploads\/2023\/06\/baratsagklub-javitott-junius-212x300.jpg 212w, https:\/\/stuttgarti-katolikusok.de\/wp-content\/uploads\/2023\/06\/baratsagklub-javitott-junius-724x1024.jpg 724w, https:\/\/stuttgarti-katolikusok.de\/wp-content\/uploads\/2023\/06\/baratsagklub-javitott-junius-1087x1536.jpg 1087w\" sizes=\"auto, (max-width: 1132px) 100vw, 1132px\" \/><\/a><\/p>\n<p style=\"text-align: center;\"><span style=\"color: #339966;\"><strong><em>*<\/em><\/strong><\/span><\/p>\n<p><strong>J\u00fanius 24-\u00e9n<\/strong>, szombaton,<\/p>\n<p><span style=\"color: #339966;\"><strong>Stuttgartban<\/strong><\/span> 9.00 \u00e9s 14.00 \u00f3ra k\u00f6z\u00f6tt <span style=\"color: #ff6600;\"><em>Egyh\u00e1ztan\u00e1csosok \u00e9s Leg\u00e1tusok tal\u00e1lkoz\u00f3ja<\/em><\/span>. A tal\u00e1lkoz\u00f3 \u00e9rdemi r\u00e9sze 10.00 \u00e9s 13.00 \u00f3ra k\u00f6z\u00f6tt lesz a kik\u00fcld\u00f6tt megh\u00edv\u00f3 alapj\u00e1n.<\/p>\n<p><span style=\"color: #339966;\"><strong>Tuttlingenben<\/strong><\/span><em>, <\/em>16.00 \u00f3rakor <em>szentmise, <\/em>ut\u00e1na <em>agap\u00e9.<\/em><\/p>\n<p style=\"text-align: center;\"><span style=\"color: #339966;\"><strong><em>\u00a0*<\/em><\/strong><\/span><\/p>\n<p><strong>J\u00fanius 25-\u00e9n<em>, <span style=\"color: #339966;\">\u00c9vk\u00f6zi 12. vas\u00e1rnap<\/span><\/em><\/strong><em>,<\/em><\/p>\n<p><span style=\"color: #339966;\"><strong>B\u00f6blingenben<\/strong><\/span><strong><em>\u00a0<\/em><\/strong>9.30 \u00f3rakor <em>b\u00facs\u00fas-szentmise,<\/em> <span style=\"color: #ff6600;\"><em>Boldog Dr. Scheffler J\u00e1nos p\u00fcsp\u00f6k<\/em> <em>\u00fcnnepe<\/em><\/span>, ut\u00e1na <em>agap\u00e9 (k\u00f6z\u00f6s eb\u00e9d),<\/em><\/p>\n<p><span style=\"color: #339966;\"><strong>Heilbronnban<\/strong><\/span> 15.30 \u00f3rakor<em> szentmise, <\/em>ut\u00e1na <em>agap\u00e9.<\/em><\/p>\n<p style=\"text-align: center;\"><span style=\"color: #339966;\"><strong>*<\/strong><\/span><\/p>\n<p>Minden helyen mindenkit szeretettel v\u00e1r a k\u00f6z\u00f6ss\u00e9g \u00e9s Tibor atya!<\/p>\n<p style=\"text-align: center;\"><span style=\"color: #ff6600;\"><strong>*<\/strong><\/span><\/p>\n<p><a href=\"https:\/\/stuttgarti-katolikusok.de\/wp-content\/uploads\/2021\/06\/oltarkep2-copy-scaled.jpg\"><img loading=\"lazy\" decoding=\"async\" class=\"alignnone size-full wp-image-22069\" src=\"https:\/\/stuttgarti-katolikusok.de\/wp-content\/uploads\/2021\/06\/oltarkep2-copy-scaled.jpg\" alt=\"\" width=\"2560\" height=\"2060\" srcset=\"https:\/\/stuttgarti-katolikusok.de\/wp-content\/uploads\/2021\/06\/oltarkep2-copy-scaled.jpg 2560w, https:\/\/stuttgarti-katolikusok.de\/wp-content\/uploads\/2021\/06\/oltarkep2-copy-300x241.jpg 300w, https:\/\/stuttgarti-katolikusok.de\/wp-content\/uploads\/2021\/06\/oltarkep2-copy-1024x824.jpg 1024w, https:\/\/stuttgarti-katolikusok.de\/wp-content\/uploads\/2021\/06\/oltarkep2-copy-1536x1236.jpg 1536w, https:\/\/stuttgarti-katolikusok.de\/wp-content\/uploads\/2021\/06\/oltarkep2-copy-2048x1648.jpg 2048w\" sizes=\"auto, (max-width: 2560px) 100vw, 2560px\" \/><\/a><\/p>\n<p style=\"text-align: center;\"><span style=\"color: #ff6600;\"><strong><em>*<\/em><\/strong><\/span><\/p>\n<p><span style=\"color: #339966;\"><strong><em>Kegyelemteljes napokat, tartalmas besz\u00e9lget\u00e9seket \u00e9s \u00f6r\u00f6mteli tal\u00e1lkoz\u00e1sokat k\u00edv\u00e1nunk minden Kedves H\u00edv\u00fcnknek!<\/em><\/strong><\/span><\/p>\n<p style=\"text-align: center;\"><span style=\"color: #339966;\"><strong><em>*<\/em><\/strong><\/span><\/p>\n<p><strong><em>\u201eNagy vagy te, Uram, Istenem,<\/em><\/strong><\/p>\n<p><strong><em>minden dics\u00e9ret t\u00e9ged illet!<\/em><\/strong><\/p>\n<p><strong><em>Dics\u0151\u00edtenek mind az emberek,<\/em><\/strong><\/p>\n<p><strong><em>teremt\u00e9sed par\u00e1nyi m\u0171vei.<\/em><\/strong><\/p>\n<p><strong><em>Te magad rendelted, hogy \u00edgy legyen:<\/em><\/strong><\/p>\n<p><strong><em>te teremtett\u00e9l magad sz\u00e1m\u00e1ra minket,<\/em><\/strong><\/p>\n<p><strong><em>\u00e9s nyugtalan mindv\u00e9gig a sz\u00edv\u00fcnk,<\/em><\/strong><\/p>\n<p><strong><em>m\u00edg meg nem nyugszik benned, Istenem.\u201d<\/em><\/strong><\/p>\n<p><em>(Szent \u00c1goston \u2013 <\/em><em>hipp\u00f3i p\u00fcsp\u00f6k, egyh\u00e1zatya, filoz\u00f3fus<\/em><em> &#8211; 354 &#8211; 430)<\/em><\/p>\n","protected":false},"excerpt":{"rendered":"<p>Programel\u0151zetes * J\u00fanius 23-\u00e1n, p\u00e9nteken, Stuttgarti d\u00e9lut\u00e1n, 17.30 \u00f3rakor szentmise, 18.00 \u00f3rakor Bar\u00e1ts\u00e1gklub, keret\u00e9ben * J\u00fanius 24-\u00e9n, szombaton, Stuttgartban 9.00 \u00e9s 14.00 \u00f3ra k\u00f6z\u00f6tt Egyh\u00e1ztan\u00e1csosok \u00e9s Leg\u00e1tusok tal\u00e1lkoz\u00f3ja. A tal\u00e1lkoz\u00f3 \u00e9rdemi r\u00e9sze 10.00 \u00e9s 13.00 \u00f3ra k\u00f6z\u00f6tt lesz a kik\u00fcld\u00f6tt megh\u00edv\u00f3 alapj\u00e1n. Tuttlingenben, 16.00 \u00f3rakor szentmise, ut\u00e1na agap\u00e9. \u00a0* J\u00fanius 25-\u00e9n, \u00c9vk\u00f6zi 12. vas\u00e1rnap, B\u00f6blingenben\u00a09.30 \u00f3rakor b\u00facs\u00fas-szentmise, Boldog Dr. Scheffler J\u00e1nos p\u00fcsp\u00f6k \u00fcnnepe, ut\u00e1na agap\u00e9 (k\u00f6z\u00f6s eb\u00e9d), Heilbronnban 15.30 \u00f3rakor szentmise, ut\u00e1na agap\u00e9. * Minden helyen mindenkit szeretettel v\u00e1r a k\u00f6z\u00f6ss\u00e9g \u00e9s Tibor atya! * * Kegyelemteljes napokat, tartalmas besz\u00e9lget\u00e9seket \u00e9s \u00f6r\u00f6mteli tal\u00e1lkoz\u00e1sokat k\u00edv\u00e1nunk minden Kedves H\u00edv\u00fcnknek! * \u201eNagy vagy te, Uram, Istenem, minden dics\u00e9ret t\u00e9ged illet! Dics\u0151\u00edtenek mind az emberek, teremt\u00e9sed par\u00e1nyi m\u0171vei. Te magad rendelted, hogy \u00edgy legyen: te teremtett\u00e9l magad sz\u00e1m\u00e1ra minket, \u00e9s nyugtalan mindv\u00e9gig a sz\u00edv\u00fcnk, m\u00edg meg nem nyugszik benned, Istenem.\u201d (Szent \u00c1goston \u2013 hipp\u00f3i p\u00fcsp\u00f6k, egyh\u00e1zatya, filoz\u00f3fus &#8211; 354 &#8211; 430)<\/p>\n","protected":false},"author":3,"featured_media":23500,"comment_status":"closed","ping_status":"closed","sticky":false,"template":"","format":"standard","meta":{"footnotes":""},"categories":[37],"tags":[],"class_list":["post-26999","post","type-post","status-publish","format-standard","has-post-thumbnail","hentry","category-progamelozetes"],"yoast_head":"<!-- This site is optimized with the Yoast SEO plugin v27.3 - https:\/\/yoast.com\/product\/yoast-seo-wordpress\/ -->\n<title>2023. J\u00daNIUS 19 \u00c9S 25 K\u00d6Z\u00d6TT - Stuttgarti Katolikusok<\/title>\n<meta name=\"robots\" content=\"index, follow, max-snippet:-1, max-image-preview:large, max-video-preview:-1\" \/>\n<link rel=\"canonical\" href=\"https:\/\/stuttgarti-katolikusok.de\/index.php\/2023-junius-19-es-25-kozott\/\" \/>\n<meta property=\"og:locale\" content=\"hu_HU\" \/>\n<meta property=\"og:type\" content=\"article\" \/>\n<meta property=\"og:title\" content=\"2023. J\u00daNIUS 19 \u00c9S 25 K\u00d6Z\u00d6TT - Stuttgarti Katolikusok\" \/>\n<meta property=\"og:description\" content=\"Programel\u0151zetes * J\u00fanius 23-\u00e1n, p\u00e9nteken, Stuttgarti d\u00e9lut\u00e1n, 17.30 \u00f3rakor szentmise, 18.00 \u00f3rakor Bar\u00e1ts\u00e1gklub, keret\u00e9ben * J\u00fanius 24-\u00e9n, szombaton, Stuttgartban 9.00 \u00e9s 14.00 \u00f3ra k\u00f6z\u00f6tt Egyh\u00e1ztan\u00e1csosok \u00e9s Leg\u00e1tusok tal\u00e1lkoz\u00f3ja. A tal\u00e1lkoz\u00f3 \u00e9rdemi r\u00e9sze 10.00 \u00e9s 13.00 \u00f3ra k\u00f6z\u00f6tt lesz a kik\u00fcld\u00f6tt megh\u00edv\u00f3 alapj\u00e1n. Tuttlingenben, 16.00 \u00f3rakor szentmise, ut\u00e1na agap\u00e9. \u00a0* J\u00fanius 25-\u00e9n, \u00c9vk\u00f6zi 12. vas\u00e1rnap, B\u00f6blingenben\u00a09.30 \u00f3rakor b\u00facs\u00fas-szentmise, Boldog Dr. Scheffler J\u00e1nos p\u00fcsp\u00f6k \u00fcnnepe, ut\u00e1na agap\u00e9 (k\u00f6z\u00f6s eb\u00e9d), Heilbronnban 15.30 \u00f3rakor szentmise, ut\u00e1na agap\u00e9. * Minden helyen mindenkit szeretettel v\u00e1r a k\u00f6z\u00f6ss\u00e9g \u00e9s Tibor atya! * * Kegyelemteljes napokat, tartalmas besz\u00e9lget\u00e9seket \u00e9s \u00f6r\u00f6mteli tal\u00e1lkoz\u00e1sokat k\u00edv\u00e1nunk minden Kedves H\u00edv\u00fcnknek! * \u201eNagy vagy te, Uram, Istenem, minden dics\u00e9ret t\u00e9ged illet! Dics\u0151\u00edtenek mind az emberek, teremt\u00e9sed par\u00e1nyi m\u0171vei. Te magad rendelted, hogy \u00edgy legyen: te teremtett\u00e9l magad sz\u00e1m\u00e1ra minket, \u00e9s nyugtalan mindv\u00e9gig a sz\u00edv\u00fcnk, m\u00edg meg nem nyugszik benned, Istenem.\u201d (Szent \u00c1goston \u2013 hipp\u00f3i p\u00fcsp\u00f6k, egyh\u00e1zatya, filoz\u00f3fus &#8211; 354 &#8211; 430)\" \/>\n<meta property=\"og:url\" content=\"https:\/\/stuttgarti-katolikusok.de\/index.php\/2023-junius-19-es-25-kozott\/\" \/>\n<meta property=\"og:site_name\" content=\"Stuttgarti Katolikusok\" \/>\n<meta property=\"article:published_time\" content=\"2023-06-19T09:19:23+00:00\" \/>\n<meta property=\"og:image\" content=\"https:\/\/stuttgarti-katolikusok.de\/wp-content\/uploads\/2022\/06\/kepernyofelvetel-38.png\" \/>\n\t<meta property=\"og:image:width\" content=\"1450\" \/>\n\t<meta property=\"og:image:height\" content=\"921\" \/>\n\t<meta property=\"og:image:type\" content=\"image\/png\" \/>\n<meta name=\"author\" content=\"Tibor atya\" \/>\n<meta name=\"twitter:card\" content=\"summary_large_image\" \/>\n<meta name=\"twitter:label1\" content=\"Szerz\u0151:\" \/>\n\t<meta name=\"twitter:data1\" content=\"Tibor atya\" \/>\n\t<meta name=\"twitter:label2\" content=\"Becs\u00fclt olvas\u00e1si id\u0151\" \/>\n\t<meta name=\"twitter:data2\" content=\"2 perc\" \/>\n<script type=\"application\/ld+json\" class=\"yoast-schema-graph\">{\"@context\":\"https:\\\/\\\/schema.org\",\"@graph\":[{\"@type\":\"Article\",\"@id\":\"https:\\\/\\\/stuttgarti-katolikusok.de\\\/index.php\\\/2023-junius-19-es-25-kozott\\\/#article\",\"isPartOf\":{\"@id\":\"https:\\\/\\\/stuttgarti-katolikusok.de\\\/index.php\\\/2023-junius-19-es-25-kozott\\\/\"},\"author\":{\"name\":\"Tibor atya\",\"@id\":\"https:\\\/\\\/stuttgarti-katolikusok.de\\\/#\\\/schema\\\/person\\\/75908d6f8fdc03a57889d27209df7795\"},\"headline\":\"2023. J\u00daNIUS 19 \u00c9S 25 K\u00d6Z\u00d6TT\",\"datePublished\":\"2023-06-19T09:19:23+00:00\",\"mainEntityOfPage\":{\"@id\":\"https:\\\/\\\/stuttgarti-katolikusok.de\\\/index.php\\\/2023-junius-19-es-25-kozott\\\/\"},\"wordCount\":207,\"image\":{\"@id\":\"https:\\\/\\\/stuttgarti-katolikusok.de\\\/index.php\\\/2023-junius-19-es-25-kozott\\\/#primaryimage\"},\"thumbnailUrl\":\"https:\\\/\\\/stuttgarti-katolikusok.de\\\/wp-content\\\/uploads\\\/2022\\\/06\\\/kepernyofelvetel-38.png\",\"articleSection\":[\"Progamel\u0151zetes\"],\"inLanguage\":\"hu\"},{\"@type\":\"WebPage\",\"@id\":\"https:\\\/\\\/stuttgarti-katolikusok.de\\\/index.php\\\/2023-junius-19-es-25-kozott\\\/\",\"url\":\"https:\\\/\\\/stuttgarti-katolikusok.de\\\/index.php\\\/2023-junius-19-es-25-kozott\\\/\",\"name\":\"2023. J\u00daNIUS 19 \u00c9S 25 K\u00d6Z\u00d6TT - Stuttgarti Katolikusok\",\"isPartOf\":{\"@id\":\"https:\\\/\\\/stuttgarti-katolikusok.de\\\/#website\"},\"primaryImageOfPage\":{\"@id\":\"https:\\\/\\\/stuttgarti-katolikusok.de\\\/index.php\\\/2023-junius-19-es-25-kozott\\\/#primaryimage\"},\"image\":{\"@id\":\"https:\\\/\\\/stuttgarti-katolikusok.de\\\/index.php\\\/2023-junius-19-es-25-kozott\\\/#primaryimage\"},\"thumbnailUrl\":\"https:\\\/\\\/stuttgarti-katolikusok.de\\\/wp-content\\\/uploads\\\/2022\\\/06\\\/kepernyofelvetel-38.png\",\"datePublished\":\"2023-06-19T09:19:23+00:00\",\"author\":{\"@id\":\"https:\\\/\\\/stuttgarti-katolikusok.de\\\/#\\\/schema\\\/person\\\/75908d6f8fdc03a57889d27209df7795\"},\"breadcrumb\":{\"@id\":\"https:\\\/\\\/stuttgarti-katolikusok.de\\\/index.php\\\/2023-junius-19-es-25-kozott\\\/#breadcrumb\"},\"inLanguage\":\"hu\",\"potentialAction\":[{\"@type\":\"ReadAction\",\"target\":[\"https:\\\/\\\/stuttgarti-katolikusok.de\\\/index.php\\\/2023-junius-19-es-25-kozott\\\/\"]}]},{\"@type\":\"ImageObject\",\"inLanguage\":\"hu\",\"@id\":\"https:\\\/\\\/stuttgarti-katolikusok.de\\\/index.php\\\/2023-junius-19-es-25-kozott\\\/#primaryimage\",\"url\":\"https:\\\/\\\/stuttgarti-katolikusok.de\\\/wp-content\\\/uploads\\\/2022\\\/06\\\/kepernyofelvetel-38.png\",\"contentUrl\":\"https:\\\/\\\/stuttgarti-katolikusok.de\\\/wp-content\\\/uploads\\\/2022\\\/06\\\/kepernyofelvetel-38.png\",\"width\":1450,\"height\":921},{\"@type\":\"BreadcrumbList\",\"@id\":\"https:\\\/\\\/stuttgarti-katolikusok.de\\\/index.php\\\/2023-junius-19-es-25-kozott\\\/#breadcrumb\",\"itemListElement\":[{\"@type\":\"ListItem\",\"position\":1,\"name\":\"Kezd\u0151lap\",\"item\":\"https:\\\/\\\/stuttgarti-katolikusok.de\\\/\"},{\"@type\":\"ListItem\",\"position\":2,\"name\":\"2023. J\u00daNIUS 19 \u00c9S 25 K\u00d6Z\u00d6TT\"}]},{\"@type\":\"WebSite\",\"@id\":\"https:\\\/\\\/stuttgarti-katolikusok.de\\\/#website\",\"url\":\"https:\\\/\\\/stuttgarti-katolikusok.de\\\/\",\"name\":\"Stuttgarti Katolikusok\",\"description\":\"\",\"potentialAction\":[{\"@type\":\"SearchAction\",\"target\":{\"@type\":\"EntryPoint\",\"urlTemplate\":\"https:\\\/\\\/stuttgarti-katolikusok.de\\\/?s={search_term_string}\"},\"query-input\":{\"@type\":\"PropertyValueSpecification\",\"valueRequired\":true,\"valueName\":\"search_term_string\"}}],\"inLanguage\":\"hu\"},{\"@type\":\"Person\",\"@id\":\"https:\\\/\\\/stuttgarti-katolikusok.de\\\/#\\\/schema\\\/person\\\/75908d6f8fdc03a57889d27209df7795\",\"name\":\"Tibor atya\",\"image\":{\"@type\":\"ImageObject\",\"inLanguage\":\"hu\",\"@id\":\"https:\\\/\\\/secure.gravatar.com\\\/avatar\\\/61d268e57d1f4525b111222e29d2d5a7f8c420fdbf231ba5566a8ceac74fa960?s=96&d=mm&r=g\",\"url\":\"https:\\\/\\\/secure.gravatar.com\\\/avatar\\\/61d268e57d1f4525b111222e29d2d5a7f8c420fdbf231ba5566a8ceac74fa960?s=96&d=mm&r=g\",\"contentUrl\":\"https:\\\/\\\/secure.gravatar.com\\\/avatar\\\/61d268e57d1f4525b111222e29d2d5a7f8c420fdbf231ba5566a8ceac74fa960?s=96&d=mm&r=g\",\"caption\":\"Tibor atya\"},\"url\":\"https:\\\/\\\/stuttgarti-katolikusok.de\\\/index.php\\\/author\\\/tibor-atya\\\/\"}]}<\/script>\n<!-- \/ Yoast SEO plugin. -->","yoast_head_json":{"title":"2023. J\u00daNIUS 19 \u00c9S 25 K\u00d6Z\u00d6TT - Stuttgarti Katolikusok","robots":{"index":"index","follow":"follow","max-snippet":"max-snippet:-1","max-image-preview":"max-image-preview:large","max-video-preview":"max-video-preview:-1"},"canonical":"https:\/\/stuttgarti-katolikusok.de\/index.php\/2023-junius-19-es-25-kozott\/","og_locale":"hu_HU","og_type":"article","og_title":"2023. J\u00daNIUS 19 \u00c9S 25 K\u00d6Z\u00d6TT - Stuttgarti Katolikusok","og_description":"Programel\u0151zetes * J\u00fanius 23-\u00e1n, p\u00e9nteken, Stuttgarti d\u00e9lut\u00e1n, 17.30 \u00f3rakor szentmise, 18.00 \u00f3rakor Bar\u00e1ts\u00e1gklub, keret\u00e9ben * J\u00fanius 24-\u00e9n, szombaton, Stuttgartban 9.00 \u00e9s 14.00 \u00f3ra k\u00f6z\u00f6tt Egyh\u00e1ztan\u00e1csosok \u00e9s Leg\u00e1tusok tal\u00e1lkoz\u00f3ja. A tal\u00e1lkoz\u00f3 \u00e9rdemi r\u00e9sze 10.00 \u00e9s 13.00 \u00f3ra k\u00f6z\u00f6tt lesz a kik\u00fcld\u00f6tt megh\u00edv\u00f3 alapj\u00e1n. Tuttlingenben, 16.00 \u00f3rakor szentmise, ut\u00e1na agap\u00e9. \u00a0* J\u00fanius 25-\u00e9n, \u00c9vk\u00f6zi 12. vas\u00e1rnap, B\u00f6blingenben\u00a09.30 \u00f3rakor b\u00facs\u00fas-szentmise, Boldog Dr. Scheffler J\u00e1nos p\u00fcsp\u00f6k \u00fcnnepe, ut\u00e1na agap\u00e9 (k\u00f6z\u00f6s eb\u00e9d), Heilbronnban 15.30 \u00f3rakor szentmise, ut\u00e1na agap\u00e9. * Minden helyen mindenkit szeretettel v\u00e1r a k\u00f6z\u00f6ss\u00e9g \u00e9s Tibor atya! * * Kegyelemteljes napokat, tartalmas besz\u00e9lget\u00e9seket \u00e9s \u00f6r\u00f6mteli tal\u00e1lkoz\u00e1sokat k\u00edv\u00e1nunk minden Kedves H\u00edv\u00fcnknek! * \u201eNagy vagy te, Uram, Istenem, minden dics\u00e9ret t\u00e9ged illet! Dics\u0151\u00edtenek mind az emberek, teremt\u00e9sed par\u00e1nyi m\u0171vei. Te magad rendelted, hogy \u00edgy legyen: te teremtett\u00e9l magad sz\u00e1m\u00e1ra minket, \u00e9s nyugtalan mindv\u00e9gig a sz\u00edv\u00fcnk, m\u00edg meg nem nyugszik benned, Istenem.\u201d (Szent \u00c1goston \u2013 hipp\u00f3i p\u00fcsp\u00f6k, egyh\u00e1zatya, filoz\u00f3fus &#8211; 354 &#8211; 430)","og_url":"https:\/\/stuttgarti-katolikusok.de\/index.php\/2023-junius-19-es-25-kozott\/","og_site_name":"Stuttgarti Katolikusok","article_published_time":"2023-06-19T09:19:23+00:00","og_image":[{"width":1450,"height":921,"url":"https:\/\/stuttgarti-katolikusok.de\/wp-content\/uploads\/2022\/06\/kepernyofelvetel-38.png","type":"image\/png"}],"author":"Tibor atya","twitter_card":"summary_large_image","twitter_misc":{"Szerz\u0151:":"Tibor atya","Becs\u00fclt olvas\u00e1si id\u0151":"2 perc"},"schema":{"@context":"https:\/\/schema.org","@graph":[{"@type":"Article","@id":"https:\/\/stuttgarti-katolikusok.de\/index.php\/2023-junius-19-es-25-kozott\/#article","isPartOf":{"@id":"https:\/\/stuttgarti-katolikusok.de\/index.php\/2023-junius-19-es-25-kozott\/"},"author":{"name":"Tibor atya","@id":"https:\/\/stuttgarti-katolikusok.de\/#\/schema\/person\/75908d6f8fdc03a57889d27209df7795"},"headline":"2023. J\u00daNIUS 19 \u00c9S 25 K\u00d6Z\u00d6TT","datePublished":"2023-06-19T09:19:23+00:00","mainEntityOfPage":{"@id":"https:\/\/stuttgarti-katolikusok.de\/index.php\/2023-junius-19-es-25-kozott\/"},"wordCount":207,"image":{"@id":"https:\/\/stuttgarti-katolikusok.de\/index.php\/2023-junius-19-es-25-kozott\/#primaryimage"},"thumbnailUrl":"https:\/\/stuttgarti-katolikusok.de\/wp-content\/uploads\/2022\/06\/kepernyofelvetel-38.png","articleSection":["Progamel\u0151zetes"],"inLanguage":"hu"},{"@type":"WebPage","@id":"https:\/\/stuttgarti-katolikusok.de\/index.php\/2023-junius-19-es-25-kozott\/","url":"https:\/\/stuttgarti-katolikusok.de\/index.php\/2023-junius-19-es-25-kozott\/","name":"2023. J\u00daNIUS 19 \u00c9S 25 K\u00d6Z\u00d6TT - Stuttgarti Katolikusok","isPartOf":{"@id":"https:\/\/stuttgarti-katolikusok.de\/#website"},"primaryImageOfPage":{"@id":"https:\/\/stuttgarti-katolikusok.de\/index.php\/2023-junius-19-es-25-kozott\/#primaryimage"},"image":{"@id":"https:\/\/stuttgarti-katolikusok.de\/index.php\/2023-junius-19-es-25-kozott\/#primaryimage"},"thumbnailUrl":"https:\/\/stuttgarti-katolikusok.de\/wp-content\/uploads\/2022\/06\/kepernyofelvetel-38.png","datePublished":"2023-06-19T09:19:23+00:00","author":{"@id":"https:\/\/stuttgarti-katolikusok.de\/#\/schema\/person\/75908d6f8fdc03a57889d27209df7795"},"breadcrumb":{"@id":"https:\/\/stuttgarti-katolikusok.de\/index.php\/2023-junius-19-es-25-kozott\/#breadcrumb"},"inLanguage":"hu","potentialAction":[{"@type":"ReadAction","target":["https:\/\/stuttgarti-katolikusok.de\/index.php\/2023-junius-19-es-25-kozott\/"]}]},{"@type":"ImageObject","inLanguage":"hu","@id":"https:\/\/stuttgarti-katolikusok.de\/index.php\/2023-junius-19-es-25-kozott\/#primaryimage","url":"https:\/\/stuttgarti-katolikusok.de\/wp-content\/uploads\/2022\/06\/kepernyofelvetel-38.png","contentUrl":"https:\/\/stuttgarti-katolikusok.de\/wp-content\/uploads\/2022\/06\/kepernyofelvetel-38.png","width":1450,"height":921},{"@type":"BreadcrumbList","@id":"https:\/\/stuttgarti-katolikusok.de\/index.php\/2023-junius-19-es-25-kozott\/#breadcrumb","itemListElement":[{"@type":"ListItem","position":1,"name":"Kezd\u0151lap","item":"https:\/\/stuttgarti-katolikusok.de\/"},{"@type":"ListItem","position":2,"name":"2023. J\u00daNIUS 19 \u00c9S 25 K\u00d6Z\u00d6TT"}]},{"@type":"WebSite","@id":"https:\/\/stuttgarti-katolikusok.de\/#website","url":"https:\/\/stuttgarti-katolikusok.de\/","name":"Stuttgarti Katolikusok","description":"","potentialAction":[{"@type":"SearchAction","target":{"@type":"EntryPoint","urlTemplate":"https:\/\/stuttgarti-katolikusok.de\/?s={search_term_string}"},"query-input":{"@type":"PropertyValueSpecification","valueRequired":true,"valueName":"search_term_string"}}],"inLanguage":"hu"},{"@type":"Person","@id":"https:\/\/stuttgarti-katolikusok.de\/#\/schema\/person\/75908d6f8fdc03a57889d27209df7795","name":"Tibor atya","image":{"@type":"ImageObject","inLanguage":"hu","@id":"https:\/\/secure.gravatar.com\/avatar\/61d268e57d1f4525b111222e29d2d5a7f8c420fdbf231ba5566a8ceac74fa960?s=96&d=mm&r=g","url":"https:\/\/secure.gravatar.com\/avatar\/61d268e57d1f4525b111222e29d2d5a7f8c420fdbf231ba5566a8ceac74fa960?s=96&d=mm&r=g","contentUrl":"https:\/\/secure.gravatar.com\/avatar\/61d268e57d1f4525b111222e29d2d5a7f8c420fdbf231ba5566a8ceac74fa960?s=96&d=mm&r=g","caption":"Tibor atya"},"url":"https:\/\/stuttgarti-katolikusok.de\/index.php\/author\/tibor-atya\/"}]}},"_links":{"self":[{"href":"https:\/\/stuttgarti-katolikusok.de\/index.php\/wp-json\/wp\/v2\/posts\/26999","targetHints":{"allow":["GET"]}}],"collection":[{"href":"https:\/\/stuttgarti-katolikusok.de\/index.php\/wp-json\/wp\/v2\/posts"}],"about":[{"href":"https:\/\/stuttgarti-katolikusok.de\/index.php\/wp-json\/wp\/v2\/types\/post"}],"author":[{"embeddable":true,"href":"https:\/\/stuttgarti-katolikusok.de\/index.php\/wp-json\/wp\/v2\/users\/3"}],"replies":[{"embeddable":true,"href":"https:\/\/stuttgarti-katolikusok.de\/index.php\/wp-json\/wp\/v2\/comments?post=26999"}],"version-history":[{"count":1,"href":"https:\/\/stuttgarti-katolikusok.de\/index.php\/wp-json\/wp\/v2\/posts\/26999\/revisions"}],"predecessor-version":[{"id":27002,"href":"https:\/\/stuttgarti-katolikusok.de\/index.php\/wp-json\/wp\/v2\/posts\/26999\/revisions\/27002"}],"wp:featuredmedia":[{"embeddable":true,"href":"https:\/\/stuttgarti-katolikusok.de\/index.php\/wp-json\/wp\/v2\/media\/23500"}],"wp:attachment":[{"href":"https:\/\/stuttgarti-katolikusok.de\/index.php\/wp-json\/wp\/v2\/media?parent=26999"}],"wp:term":[{"taxonomy":"category","embeddable":true,"href":"https:\/\/stuttgarti-katolikusok.de\/index.php\/wp-json\/wp\/v2\/categories?post=26999"},{"taxonomy":"post_tag","embeddable":true,"href":"https:\/\/stuttgarti-katolikusok.de\/index.php\/wp-json\/wp\/v2\/tags?post=26999"}],"curies":[{"name":"wp","href":"https:\/\/api.w.org\/{rel}","templated":true}]}}