{"id":26989,"date":"2023-06-18T07:03:36","date_gmt":"2023-06-18T05:03:36","guid":{"rendered":"https:\/\/stuttgarti-katolikusok.de\/?p=26989"},"modified":"2023-06-18T07:03:36","modified_gmt":"2023-06-18T05:03:36","slug":"evkozi-11-vasarnap","status":"publish","type":"post","link":"https:\/\/stuttgarti-katolikusok.de\/index.php\/evkozi-11-vasarnap\/","title":{"rendered":"\u00c9vk\u00f6zi 11. vas\u00e1rnap"},"content":{"rendered":"<p><span style=\"color: #339966;\">Kezd\u0151\u00e9nek:<\/span><br \/>\nHallgasd meg, Uram, h\u00edv\u00f3 hangomat! Seg\u00edts\u00e9gem te vagy, el ne tasz\u00edts, ne hagyj magamra, megment\u0151 Istenem. (Zsolt 26,7.9)<\/p>\n<p><span style=\"color: #339966;\">K\u00f6ny\u00f6rg\u00e9s:<\/span><br \/>\nIsten\u00fcnk, benned b\u00edz\u00f3k er\u0151ss\u00e9ge, n\u00e9lk\u00fcled semmit sem tehet a gyenge haland\u00f3. K\u00e9r\u00fcnk, add nek\u00fcnk mindenkor kegyelmed seg\u00edts\u00e9g\u00e9t, hogy j\u00f3 sz\u00e1nd\u00e9kkal teljes\u00edts\u00fck parancsaidat, \u00e9s cselekedeteinkkel megnyerj\u00fck tetsz\u00e9sedet. A mi Urunk, J\u00e9zus Krisztus, a te Fiad \u00e1ltal, aki veled \u00e9l \u00e9s uralkodik a Szentl\u00e9lekkel egys\u00e9gben, Isten mind\u00f6r\u00f6kk\u00f6n \u00f6r\u00f6kk\u00e9.<\/p>\n<p align=\"justify\"><span style=\"color: #339966;\">OLVASM\u00c1NY M\u00f3zes m\u00e1sodik k\u00f6nyv\u00e9b\u0151l (Kiv 19,2-6a)<\/span><br \/>\n<em>Papi kir\u00e1lys\u00e1gom \u00e9s szent n\u00e9pem lesztek.<\/em><br \/>\nAz Egyiptomb\u00f3l val\u00f3 kivonul\u00e1s harmadik h\u00f3napj\u00e1ban Izrael fiai elindultak Refidimb\u0151l. A S\u00ednai puszt\u00e1ba \u00e9rkeztek, \u00e9s ott let\u00e1boroztak. T\u00e1borukat a heggyel szemben \u00fct\u00f6tt\u00e9k f\u00f6l.<br \/>\nM\u00f3zes elindult Isten el\u00e9, az \u00dar pedig a hegyr\u0151l \u00edgy sz\u00f3lt hozz\u00e1: \u201eEzt k\u00f6z\u00f6ld J\u00e1kob h\u00e1z\u00e1val \u00e9s hirdesd Izrael fiainak: L\u00e1tt\u00e1tok, mit tettem az egyiptomiakkal, \u00e9s mi m\u00f3don hordoztalak titeket sassz\u00e1rnyon \u00e9s hoztalak ide magamhoz. Ha teh\u00e1t hallgattok szavamra \u00e9s megtartj\u00e1tok sz\u00f6vets\u00e9gemet, akkor az \u00f6sszes n\u00e9pek k\u00f6z\u00f6tt k\u00fcl\u00f6nleges tulajdonomm\u00e1 teszlek benneteket, hiszen az eg\u00e9sz f\u00f6ld az eny\u00e9m. Papi kir\u00e1lys\u00e1gom \u00e9s szent n\u00e9pem lesztek.\u201d<br \/>\nEz az Isten ig\u00e9je.<\/p>\n<p align=\"justify\"><span style=\"color: #339966;\">V\u00c1LASZOS ZSOLT\u00c1R (Zsolt 99,2.3.5)<\/span><br \/>\nV\u00e1lasz:\u00a0<strong>Mi vagyunk az Isten n\u00e9pe, * j\u00f3 P\u00e1sztorunk t\u00e1pl\u00e1l minket.<\/strong>\u00a01. t\u00f3nus.<br \/>\nEl\u0151\u00e9nekes: Ujjongjatok az \u00darnak, minden f\u00f6ldek, * szolg\u00e1ljatok az \u00darnak vigass\u00e1ggal.<br \/>\nJ\u00e1ruljatok sz\u00edne el\u00e9, * vid\u00e1m _\u00e9neksz\u00f3val.<br \/>\nH\u00edvek: Mi vagyunk az Isten n\u00e9pe, * j\u00f3 P\u00e1sztorunk t\u00e1pl\u00e1l minket.<br \/>\n. E: Tudj\u00e1tok meg, hogy az \u00dar az Isten, * \u00f6v\u00e9 vagyunk, \u0151 alkotott minket.<br \/>\nAz \u0151 n\u00e9pe vagyunk, * legel\u0151j\u00e9nek ny\u00e1ja.<br \/>\nH: Mi vagyunk az Isten n\u00e9pe, * j\u00f3 P\u00e1sztorunk t\u00e1pl\u00e1l minket.<br \/>\nE: Val\u00f3ban j\u00f3 az \u00dar, \u2020 irgalma \u00f6r\u00f6kk\u00e9 megmarad, * \u00e9s h\u0171s\u00e9ge nemzed\u00e9kr\u0151l nemzed\u00e9kre.<br \/>\nH: Mi vagyunk az Isten n\u00e9pe, * j\u00f3 P\u00e1sztorunk t\u00e1pl\u00e1l minket.<\/p>\n<p align=\"justify\"><span style=\"color: #339966;\">SZENTLECKE Szent P\u00e1l apostolnak a r\u00f3maiakhoz \u00edrt level\u00e9b\u0151l (R\u00f3m 5,6-11)<\/span><br \/>\n<em>Ha Fia hal\u00e1la \u00e1ltal kiengesztel\u0151d\u00f6tt vel\u00fcnk az Isten, mennyivel ink\u00e1bb megszabadulunk most, az \u0151 \u00e9let\u00e9be oltva.<\/em><br \/>\nTestv\u00e9reim!<br \/>\nAmikor m\u00e9g er\u0151tlenek voltunk, Krisztus az erre alkalmas id\u0151ben meghalt a b\u0171n\u00f6s\u00f6k\u00e9rt, pedig az igaz\u00e9rt is alig hal meg valaki, legfeljebb a j\u00f3tev\u0151\u00e9rt adja \u00e9let\u00e9t az ember. Isten azonban azzal bizony\u00edtja ir\u00e1ntunk val\u00f3 szeretet\u00e9t, hogy amikor m\u00e9g b\u0171n\u00f6s\u00f6k voltunk, Krisztus meghalt \u00e9rt\u00fcnk.<br \/>\nMost, hogy v\u00e9re \u00e1r\u00e1n igazz\u00e1 v\u00e1ltunk, m\u00e9g sokkal ink\u00e1bb megment benn\u00fcnket haragj\u00e1t\u00f3l. Mert ha Fia hal\u00e1la \u00e1ltal kiengesztel\u0151d\u00f6tt vel\u00fcnk az Isten, most, hogy kib\u00e9k\u00fclt\u00fcnk vele, az \u0151 \u00e9let\u00e9be oltva, mennyivel ink\u00e1bb megszabadulunk.<br \/>\nS\u0151t, ezenfel\u00fcl m\u00e9g dicseksz\u00fcnk is az Istenben, Urunk J\u00e9zus Krisztus \u00e1ltal, aki megszerezte nek\u00fcnk a kiengesztel\u0151d\u00e9st.<br \/>\nEz az Isten ig\u00e9je.<\/p>\n<p align=\"justify\"><span style=\"color: #339966;\">ALLELUJA<\/span><br \/>\nK\u00f6zel van az Isten orsz\u00e1ga, * tartsatok b\u0171nb\u00e1natot, \u00e9s higgyetek az evang\u00e9liumban. Mt 1,15 \u2013 8 G. t\u00f3nus.<\/p>\n<p align=\"justify\"><span style=\"color: #339966;\">\u2020 EVANG\u00c9LIUM Szent M\u00e1t\u00e9 k\u00f6nyv\u00e9b\u0151l (Mt 9,36\u201310,8)<\/span><br \/>\n<em>J\u00e9zus \u00f6sszeh\u00edvta tizenk\u00e9t tan\u00edtv\u00e1ny\u00e1t, \u00e9s t\u00e9r\u00edteni k\u00fcldte \u0151ket.<\/em><br \/>\nAbban az id\u0151ben:<br \/>\nJ\u00e9zus megl\u00e1tta a t\u00f6meget, \u00e9s megesett rajta a sz\u00edve, mert olyan kimer\u00fcltek \u00e9s levertek voltak, mint a juhok, amelyeknek nincsen p\u00e1sztoruk. \u00cdgy sz\u00f3lt tan\u00edtv\u00e1nyaihoz: \u201eAz aratnival\u00f3 sok, de a munk\u00e1s kev\u00e9s. K\u00e9rj\u00e9tek az arat\u00e1s Ur\u00e1t, k\u00fcldj\u00f6n munk\u00e1sokat arat\u00e1s\u00e1ba.\u201d Majd odah\u00edvta mag\u00e1hoz tizenk\u00e9t tan\u00edtv\u00e1ny\u00e1t, \u00e9s megadta nekik a hatalmat, hogy ki\u0171zz\u00e9k a tiszt\u00e1talan szellemeket, \u00e9s meggy\u00f3gy\u00edtsanak minden bajt \u00e9s minden betegs\u00e9get.<br \/>\nA tizenk\u00e9t apostol neve a k\u00f6vetkez\u0151: Az els\u0151 Simon, m\u00e1s n\u00e9ven P\u00e9ter, azut\u00e1n a testv\u00e9re, Andr\u00e1s, Zebedeus fia Jakab, \u00e9s testv\u00e9re, J\u00e1nos, tov\u00e1bb\u00e1 F\u00fcl\u00f6p \u00e9s Bertalan, Tam\u00e1s \u00e9s M\u00e1t\u00e9, a v\u00e1mos; Alfeus fia Jakab, T\u00e1d\u00e9, a k\u00e1na\u00e1ni Simon, \u00e9s v\u00e9g\u00fcl kari\u00f3ti J\u00fad\u00e1s, aki k\u00e9s\u0151bb el\u00e1rulta \u0151t. Ezt a tizenkett\u0151t k\u00fcldte J\u00e9zus, \u00e9s megparancsolta nekik: \u201eNe l\u00e9pjetek a pog\u00e1nyokhoz vezet\u0151 \u00fatra, s a szamarit\u00e1nusok v\u00e1ros\u00e1ba be ne t\u00e9rjetek. Menjetek ink\u00e1bb Izrael h\u00e1z\u00e1nak elveszett juhaihoz. Menjetek, \u00e9s hirdess\u00e9tek, hogy elk\u00f6zelgett a mennyek orsz\u00e1ga. Gy\u00f3gy\u00edts\u00e1tok a betegeket, t\u00e1masszatok fel halottakat, tiszt\u00edts\u00e1tok meg a lepr\u00e1sokat, \u0171zz\u00e9tek ki a gonosz szellemeket.<br \/>\nIngyen kapt\u00e1tok, ingyen is adj\u00e1tok!<br \/>\nEzek az evang\u00e9lium ig\u00e9i.<\/p>\n<p align=\"justify\">\n<span style=\"color: #339966;\">EGYETEMES K\u00d6NY\u00d6RG\u00c9SEK<\/span><br \/>\nPap: Testv\u00e9reim! Isten kir\u00e1lyi paps\u00e1gg\u00e1 \u00e9s szent n\u00e9pp\u00e9 tett benn\u00fcnket. K\u00e9rj\u00fck kegyelmeit, hogy m\u00e9lt\u00f3k legy\u00fcnk a t\u0151le kapott szent hivat\u00e1shoz!<br \/>\nLektor: 1. Vezesd, Urunk, Szentaty\u00e1nkat, p\u00fcsp\u00f6keinket \u00e9s papjainkat, hogy apostoli \u00e9let\u00fckkel tegyenek tan\u00fas\u00e1got r\u00f3lad!<br \/>\nH\u00edvek: K\u00e9r\u00fcnk T\u00e9ged, hallgass meg minket!<br \/>\n2. N\u00f6veld a papi hivat\u00e1sok sz\u00e1m\u00e1t, \u00e9s k\u00fcldj munk\u00e1sokat arat\u00e1sodba!<br \/>\nH\u00edvek: K\u00e9r\u00fcnk T\u00e9ged, hallgass meg minket!<br \/>\n3. T\u00e1massz szerzetesi hivat\u00e1sokat az im\u00e1ds\u00e1gos \u00e9letre \u00e9s az \u00e1ldozatos emberszeretet gyakorl\u00e1s\u00e1ra!<br \/>\nH\u00edvek: K\u00e9r\u00fcnk T\u00e9ged, hallgass meg minket!<br \/>\n4. Add, hogy betegeink megtal\u00e1lj\u00e1k saj\u00e1tos hivat\u00e1sukat, \u00e9s tudjanak egy\u00fctt szenvedni a megfesz\u00edtett Krisztussal!<br \/>\nH\u00edvek: K\u00e9r\u00fcnk T\u00e9ged, hallgass meg minket!<br \/>\n5. Hal\u00e1lunk \u00f3r\u00e1j\u00e1n h\u00edvj magadhoz minket, \u00e9s r\u00e9szes\u00edts dics\u0151s\u00e9gedben!<br \/>\nH\u00edvek: K\u00e9r\u00fcnk T\u00e9ged, hallgass meg minket!<br \/>\nPap: Mindenhat\u00f3 Isten\u00fcnk! \u00c1raszd re\u00e1nk \u00e1ld\u00e1sodat, hogy megh\u00edv\u00e1sod kegyelm\u00e9hez m\u00e9lt\u00f3an, val\u00f3ban szent n\u00e9pp\u00e9 \u00e9s kir\u00e1lyi paps\u00e1gg\u00e1 legy\u00fcnk. Krisztus, a mi Urunk \u00e1ltal.<br \/>\nH\u00edvek: \u00c1men.<\/p>\n<p><span style=\"color: #339966;\">Felaj\u00e1nl\u00f3 k\u00f6ny\u00f6rg\u00e9s:<\/span><br \/>\nIsten\u00fcnk, te az ember test\u00e9t \u00e9s lelk\u00e9t a keny\u00e9rrel \u00e9s borral mint eledellel t\u00e1pl\u00e1lod, mint szents\u00e9ggel \u00fajj\u00e1alkotod. Add, hogy ugyanezen aj\u00e1nd\u00e9kaid test\u00fcnk \u00e9s lelk\u00fcnk jav\u00e1ra v\u00e1ljanak. Krisztus; a mi Urunk \u00e1ltal.<\/p>\n<p><span style=\"color: #339966;\">\u00c1ldoz\u00e1si \u00e9nek:<\/span><br \/>\nCsak egyet k\u00e9rek az \u00dart\u00f3l, egy a v\u00e1gyam: hogy az \u00dar h\u00e1z\u00e1ban lakjam \u00e9letem minden napj\u00e1n. (Zsolt 26,4)<br \/>\n<em>vagy<\/em><br \/>\nSzent Aty\u00e1m, tartsd meg \u0151ket a nevedben, akiket nekem adt\u00e1l, hogy egy legyenek, mint mi \u2013 mondja az \u00dar. (Jn 17,11)<\/p>\n<p><span style=\"color: #339966;\">\u00c1ldoz\u00e1s ut\u00e1ni k\u00f6ny\u00f6rg\u00e9s:<\/span><br \/>\nUrunk, Isten\u00fcnk, szent lakom\u00e1dban val\u00f3 r\u00e9szesed\u00e9s\u00fcnk l\u00e1that\u00f3v\u00e1 teszi a h\u00edvek benned val\u00f3 egys\u00e9g\u00e9t. Add, hogy ez a szent\u00e1ldoz\u00e1s munk\u00e1lja is hat\u00e9konyan ezt az egys\u00e9get Egyh\u00e1zadban. Krisztus, a mi Urunk \u00e1ltal.<\/p>\n<p><em>(K\u00e9p forr\u00e1sa: Ulm &#8211; olasz k\u00f6z\u00f6ss\u00e9g Madonn\u00e1ja)<\/em><\/p>\n","protected":false},"excerpt":{"rendered":"<p>Kezd\u0151\u00e9nek: Hallgasd meg, Uram, h\u00edv\u00f3 hangomat! Seg\u00edts\u00e9gem te vagy, el ne tasz\u00edts, ne hagyj magamra, megment\u0151 Istenem. (Zsolt 26,7.9) K\u00f6ny\u00f6rg\u00e9s: Isten\u00fcnk, benned b\u00edz\u00f3k er\u0151ss\u00e9ge, n\u00e9lk\u00fcled semmit sem tehet a gyenge haland\u00f3. K\u00e9r\u00fcnk, add nek\u00fcnk mindenkor kegyelmed seg\u00edts\u00e9g\u00e9t, hogy j\u00f3 sz\u00e1nd\u00e9kkal teljes\u00edts\u00fck parancsaidat, \u00e9s cselekedeteinkkel megnyerj\u00fck tetsz\u00e9sedet. A mi Urunk, J\u00e9zus Krisztus, a te Fiad \u00e1ltal, aki veled \u00e9l \u00e9s uralkodik a Szentl\u00e9lekkel egys\u00e9gben, Isten mind\u00f6r\u00f6kk\u00f6n \u00f6r\u00f6kk\u00e9. OLVASM\u00c1NY M\u00f3zes m\u00e1sodik k\u00f6nyv\u00e9b\u0151l (Kiv 19,2-6a) Papi kir\u00e1lys\u00e1gom \u00e9s szent n\u00e9pem lesztek. Az Egyiptomb\u00f3l val\u00f3 kivonul\u00e1s harmadik h\u00f3napj\u00e1ban Izrael fiai elindultak Refidimb\u0151l. A S\u00ednai puszt\u00e1ba \u00e9rkeztek, \u00e9s ott let\u00e1boroztak. T\u00e1borukat a heggyel szemben \u00fct\u00f6tt\u00e9k f\u00f6l. M\u00f3zes elindult Isten el\u00e9, az \u00dar pedig a hegyr\u0151l \u00edgy sz\u00f3lt hozz\u00e1: \u201eEzt k\u00f6z\u00f6ld J\u00e1kob h\u00e1z\u00e1val \u00e9s hirdesd Izrael fiainak: L\u00e1tt\u00e1tok, mit tettem az egyiptomiakkal, \u00e9s mi m\u00f3don hordoztalak titeket sassz\u00e1rnyon \u00e9s hoztalak ide magamhoz. Ha teh\u00e1t hallgattok szavamra \u00e9s megtartj\u00e1tok sz\u00f6vets\u00e9gemet, akkor az \u00f6sszes n\u00e9pek k\u00f6z\u00f6tt k\u00fcl\u00f6nleges tulajdonomm\u00e1 teszlek benneteket, hiszen az eg\u00e9sz f\u00f6ld az eny\u00e9m. Papi kir\u00e1lys\u00e1gom \u00e9s szent n\u00e9pem lesztek.\u201d Ez az Isten ig\u00e9je. V\u00c1LASZOS ZSOLT\u00c1R (Zsolt 99,2.3.5) V\u00e1lasz:\u00a0Mi vagyunk az Isten n\u00e9pe, * j\u00f3 P\u00e1sztorunk t\u00e1pl\u00e1l minket.\u00a01. t\u00f3nus. El\u0151\u00e9nekes: Ujjongjatok az \u00darnak, minden f\u00f6ldek, * szolg\u00e1ljatok az \u00darnak vigass\u00e1ggal. J\u00e1ruljatok sz\u00edne el\u00e9, * vid\u00e1m _\u00e9neksz\u00f3val. H\u00edvek: Mi vagyunk az Isten n\u00e9pe, * j\u00f3 P\u00e1sztorunk t\u00e1pl\u00e1l minket. . E: Tudj\u00e1tok meg, hogy az \u00dar az Isten, * \u00f6v\u00e9 vagyunk, \u0151 alkotott minket. Az \u0151 n\u00e9pe vagyunk, * legel\u0151j\u00e9nek ny\u00e1ja. H: Mi vagyunk az Isten n\u00e9pe, * j\u00f3 P\u00e1sztorunk t\u00e1pl\u00e1l minket. E: Val\u00f3ban j\u00f3 az \u00dar, \u2020 irgalma \u00f6r\u00f6kk\u00e9 megmarad, * \u00e9s h\u0171s\u00e9ge nemzed\u00e9kr\u0151l nemzed\u00e9kre. H: Mi vagyunk az Isten n\u00e9pe, * j\u00f3 P\u00e1sztorunk t\u00e1pl\u00e1l minket. SZENTLECKE Szent P\u00e1l apostolnak a r\u00f3maiakhoz \u00edrt level\u00e9b\u0151l (R\u00f3m 5,6-11) Ha Fia hal\u00e1la \u00e1ltal kiengesztel\u0151d\u00f6tt vel\u00fcnk az Isten, mennyivel ink\u00e1bb megszabadulunk most, az \u0151 \u00e9let\u00e9be oltva. Testv\u00e9reim! Amikor m\u00e9g er\u0151tlenek voltunk,&#8230; <\/p>\n<p><a class=\"readmore\" href=\"https:\/\/stuttgarti-katolikusok.de\/index.php\/evkozi-11-vasarnap\/\">R\u00e9szletek<\/a><\/p>\n","protected":false},"author":3,"featured_media":26990,"comment_status":"closed","ping_status":"closed","sticky":false,"template":"","format":"standard","meta":{"footnotes":""},"categories":[85,63],"tags":[],"class_list":["post-26989","post","type-post","status-publish","format-standard","has-post-thumbnail","hentry","category-a-liturgia-olvasmanyai","category-vasarnapi-gondolatok"],"yoast_head":"<!-- This site is optimized with the Yoast SEO plugin v27.3 - https:\/\/yoast.com\/product\/yoast-seo-wordpress\/ -->\n<title>\u00c9vk\u00f6zi 11. vas\u00e1rnap - Stuttgarti Katolikusok<\/title>\n<meta name=\"robots\" content=\"index, follow, max-snippet:-1, max-image-preview:large, max-video-preview:-1\" \/>\n<link rel=\"canonical\" href=\"https:\/\/stuttgarti-katolikusok.de\/index.php\/evkozi-11-vasarnap\/\" \/>\n<meta property=\"og:locale\" content=\"hu_HU\" \/>\n<meta property=\"og:type\" content=\"article\" \/>\n<meta property=\"og:title\" content=\"\u00c9vk\u00f6zi 11. vas\u00e1rnap - Stuttgarti Katolikusok\" \/>\n<meta property=\"og:description\" content=\"Kezd\u0151\u00e9nek: Hallgasd meg, Uram, h\u00edv\u00f3 hangomat! Seg\u00edts\u00e9gem te vagy, el ne tasz\u00edts, ne hagyj magamra, megment\u0151 Istenem. (Zsolt 26,7.9) K\u00f6ny\u00f6rg\u00e9s: Isten\u00fcnk, benned b\u00edz\u00f3k er\u0151ss\u00e9ge, n\u00e9lk\u00fcled semmit sem tehet a gyenge haland\u00f3. K\u00e9r\u00fcnk, add nek\u00fcnk mindenkor kegyelmed seg\u00edts\u00e9g\u00e9t, hogy j\u00f3 sz\u00e1nd\u00e9kkal teljes\u00edts\u00fck parancsaidat, \u00e9s cselekedeteinkkel megnyerj\u00fck tetsz\u00e9sedet. A mi Urunk, J\u00e9zus Krisztus, a te Fiad \u00e1ltal, aki veled \u00e9l \u00e9s uralkodik a Szentl\u00e9lekkel egys\u00e9gben, Isten mind\u00f6r\u00f6kk\u00f6n \u00f6r\u00f6kk\u00e9. OLVASM\u00c1NY M\u00f3zes m\u00e1sodik k\u00f6nyv\u00e9b\u0151l (Kiv 19,2-6a) Papi kir\u00e1lys\u00e1gom \u00e9s szent n\u00e9pem lesztek. Az Egyiptomb\u00f3l val\u00f3 kivonul\u00e1s harmadik h\u00f3napj\u00e1ban Izrael fiai elindultak Refidimb\u0151l. A S\u00ednai puszt\u00e1ba \u00e9rkeztek, \u00e9s ott let\u00e1boroztak. T\u00e1borukat a heggyel szemben \u00fct\u00f6tt\u00e9k f\u00f6l. M\u00f3zes elindult Isten el\u00e9, az \u00dar pedig a hegyr\u0151l \u00edgy sz\u00f3lt hozz\u00e1: \u201eEzt k\u00f6z\u00f6ld J\u00e1kob h\u00e1z\u00e1val \u00e9s hirdesd Izrael fiainak: L\u00e1tt\u00e1tok, mit tettem az egyiptomiakkal, \u00e9s mi m\u00f3don hordoztalak titeket sassz\u00e1rnyon \u00e9s hoztalak ide magamhoz. Ha teh\u00e1t hallgattok szavamra \u00e9s megtartj\u00e1tok sz\u00f6vets\u00e9gemet, akkor az \u00f6sszes n\u00e9pek k\u00f6z\u00f6tt k\u00fcl\u00f6nleges tulajdonomm\u00e1 teszlek benneteket, hiszen az eg\u00e9sz f\u00f6ld az eny\u00e9m. Papi kir\u00e1lys\u00e1gom \u00e9s szent n\u00e9pem lesztek.\u201d Ez az Isten ig\u00e9je. V\u00c1LASZOS ZSOLT\u00c1R (Zsolt 99,2.3.5) V\u00e1lasz:\u00a0Mi vagyunk az Isten n\u00e9pe, * j\u00f3 P\u00e1sztorunk t\u00e1pl\u00e1l minket.\u00a01. t\u00f3nus. El\u0151\u00e9nekes: Ujjongjatok az \u00darnak, minden f\u00f6ldek, * szolg\u00e1ljatok az \u00darnak vigass\u00e1ggal. J\u00e1ruljatok sz\u00edne el\u00e9, * vid\u00e1m _\u00e9neksz\u00f3val. H\u00edvek: Mi vagyunk az Isten n\u00e9pe, * j\u00f3 P\u00e1sztorunk t\u00e1pl\u00e1l minket. . E: Tudj\u00e1tok meg, hogy az \u00dar az Isten, * \u00f6v\u00e9 vagyunk, \u0151 alkotott minket. Az \u0151 n\u00e9pe vagyunk, * legel\u0151j\u00e9nek ny\u00e1ja. H: Mi vagyunk az Isten n\u00e9pe, * j\u00f3 P\u00e1sztorunk t\u00e1pl\u00e1l minket. E: Val\u00f3ban j\u00f3 az \u00dar, \u2020 irgalma \u00f6r\u00f6kk\u00e9 megmarad, * \u00e9s h\u0171s\u00e9ge nemzed\u00e9kr\u0151l nemzed\u00e9kre. H: Mi vagyunk az Isten n\u00e9pe, * j\u00f3 P\u00e1sztorunk t\u00e1pl\u00e1l minket. SZENTLECKE Szent P\u00e1l apostolnak a r\u00f3maiakhoz \u00edrt level\u00e9b\u0151l (R\u00f3m 5,6-11) Ha Fia hal\u00e1la \u00e1ltal kiengesztel\u0151d\u00f6tt vel\u00fcnk az Isten, mennyivel ink\u00e1bb megszabadulunk most, az \u0151 \u00e9let\u00e9be oltva. Testv\u00e9reim! Amikor m\u00e9g er\u0151tlenek voltunk,... R\u00e9szletek\" \/>\n<meta property=\"og:url\" content=\"https:\/\/stuttgarti-katolikusok.de\/index.php\/evkozi-11-vasarnap\/\" \/>\n<meta property=\"og:site_name\" content=\"Stuttgarti Katolikusok\" \/>\n<meta property=\"article:published_time\" content=\"2023-06-18T05:03:36+00:00\" \/>\n<meta property=\"og:image\" content=\"https:\/\/stuttgarti-katolikusok.de\/wp-content\/uploads\/2023\/06\/ulm-olasz-kozosseg.jpg\" \/>\n\t<meta property=\"og:image:width\" content=\"1600\" \/>\n\t<meta property=\"og:image:height\" content=\"1200\" \/>\n\t<meta property=\"og:image:type\" content=\"image\/jpeg\" \/>\n<meta name=\"author\" content=\"Tibor atya\" \/>\n<meta name=\"twitter:card\" content=\"summary_large_image\" \/>\n<meta name=\"twitter:label1\" content=\"Szerz\u0151:\" \/>\n\t<meta name=\"twitter:data1\" content=\"Tibor atya\" \/>\n\t<meta name=\"twitter:label2\" content=\"Becs\u00fclt olvas\u00e1si id\u0151\" \/>\n\t<meta name=\"twitter:data2\" content=\"5 perc\" \/>\n<script type=\"application\/ld+json\" class=\"yoast-schema-graph\">{\"@context\":\"https:\\\/\\\/schema.org\",\"@graph\":[{\"@type\":\"Article\",\"@id\":\"https:\\\/\\\/stuttgarti-katolikusok.de\\\/index.php\\\/evkozi-11-vasarnap\\\/#article\",\"isPartOf\":{\"@id\":\"https:\\\/\\\/stuttgarti-katolikusok.de\\\/index.php\\\/evkozi-11-vasarnap\\\/\"},\"author\":{\"name\":\"Tibor atya\",\"@id\":\"https:\\\/\\\/stuttgarti-katolikusok.de\\\/#\\\/schema\\\/person\\\/75908d6f8fdc03a57889d27209df7795\"},\"headline\":\"\u00c9vk\u00f6zi 11. vas\u00e1rnap\",\"datePublished\":\"2023-06-18T05:03:36+00:00\",\"mainEntityOfPage\":{\"@id\":\"https:\\\/\\\/stuttgarti-katolikusok.de\\\/index.php\\\/evkozi-11-vasarnap\\\/\"},\"wordCount\":1242,\"image\":{\"@id\":\"https:\\\/\\\/stuttgarti-katolikusok.de\\\/index.php\\\/evkozi-11-vasarnap\\\/#primaryimage\"},\"thumbnailUrl\":\"https:\\\/\\\/stuttgarti-katolikusok.de\\\/wp-content\\\/uploads\\\/2023\\\/06\\\/ulm-olasz-kozosseg.jpg\",\"articleSection\":[\"A liturgia olvasm\u00e1nyai\",\"Vas\u00e1rnapi gondolatok\"],\"inLanguage\":\"hu\"},{\"@type\":\"WebPage\",\"@id\":\"https:\\\/\\\/stuttgarti-katolikusok.de\\\/index.php\\\/evkozi-11-vasarnap\\\/\",\"url\":\"https:\\\/\\\/stuttgarti-katolikusok.de\\\/index.php\\\/evkozi-11-vasarnap\\\/\",\"name\":\"\u00c9vk\u00f6zi 11. vas\u00e1rnap - Stuttgarti Katolikusok\",\"isPartOf\":{\"@id\":\"https:\\\/\\\/stuttgarti-katolikusok.de\\\/#website\"},\"primaryImageOfPage\":{\"@id\":\"https:\\\/\\\/stuttgarti-katolikusok.de\\\/index.php\\\/evkozi-11-vasarnap\\\/#primaryimage\"},\"image\":{\"@id\":\"https:\\\/\\\/stuttgarti-katolikusok.de\\\/index.php\\\/evkozi-11-vasarnap\\\/#primaryimage\"},\"thumbnailUrl\":\"https:\\\/\\\/stuttgarti-katolikusok.de\\\/wp-content\\\/uploads\\\/2023\\\/06\\\/ulm-olasz-kozosseg.jpg\",\"datePublished\":\"2023-06-18T05:03:36+00:00\",\"author\":{\"@id\":\"https:\\\/\\\/stuttgarti-katolikusok.de\\\/#\\\/schema\\\/person\\\/75908d6f8fdc03a57889d27209df7795\"},\"breadcrumb\":{\"@id\":\"https:\\\/\\\/stuttgarti-katolikusok.de\\\/index.php\\\/evkozi-11-vasarnap\\\/#breadcrumb\"},\"inLanguage\":\"hu\",\"potentialAction\":[{\"@type\":\"ReadAction\",\"target\":[\"https:\\\/\\\/stuttgarti-katolikusok.de\\\/index.php\\\/evkozi-11-vasarnap\\\/\"]}]},{\"@type\":\"ImageObject\",\"inLanguage\":\"hu\",\"@id\":\"https:\\\/\\\/stuttgarti-katolikusok.de\\\/index.php\\\/evkozi-11-vasarnap\\\/#primaryimage\",\"url\":\"https:\\\/\\\/stuttgarti-katolikusok.de\\\/wp-content\\\/uploads\\\/2023\\\/06\\\/ulm-olasz-kozosseg.jpg\",\"contentUrl\":\"https:\\\/\\\/stuttgarti-katolikusok.de\\\/wp-content\\\/uploads\\\/2023\\\/06\\\/ulm-olasz-kozosseg.jpg\",\"width\":1600,\"height\":1200},{\"@type\":\"BreadcrumbList\",\"@id\":\"https:\\\/\\\/stuttgarti-katolikusok.de\\\/index.php\\\/evkozi-11-vasarnap\\\/#breadcrumb\",\"itemListElement\":[{\"@type\":\"ListItem\",\"position\":1,\"name\":\"Kezd\u0151lap\",\"item\":\"https:\\\/\\\/stuttgarti-katolikusok.de\\\/\"},{\"@type\":\"ListItem\",\"position\":2,\"name\":\"\u00c9vk\u00f6zi 11. vas\u00e1rnap\"}]},{\"@type\":\"WebSite\",\"@id\":\"https:\\\/\\\/stuttgarti-katolikusok.de\\\/#website\",\"url\":\"https:\\\/\\\/stuttgarti-katolikusok.de\\\/\",\"name\":\"Stuttgarti Katolikusok\",\"description\":\"\",\"potentialAction\":[{\"@type\":\"SearchAction\",\"target\":{\"@type\":\"EntryPoint\",\"urlTemplate\":\"https:\\\/\\\/stuttgarti-katolikusok.de\\\/?s={search_term_string}\"},\"query-input\":{\"@type\":\"PropertyValueSpecification\",\"valueRequired\":true,\"valueName\":\"search_term_string\"}}],\"inLanguage\":\"hu\"},{\"@type\":\"Person\",\"@id\":\"https:\\\/\\\/stuttgarti-katolikusok.de\\\/#\\\/schema\\\/person\\\/75908d6f8fdc03a57889d27209df7795\",\"name\":\"Tibor atya\",\"image\":{\"@type\":\"ImageObject\",\"inLanguage\":\"hu\",\"@id\":\"https:\\\/\\\/secure.gravatar.com\\\/avatar\\\/61d268e57d1f4525b111222e29d2d5a7f8c420fdbf231ba5566a8ceac74fa960?s=96&d=mm&r=g\",\"url\":\"https:\\\/\\\/secure.gravatar.com\\\/avatar\\\/61d268e57d1f4525b111222e29d2d5a7f8c420fdbf231ba5566a8ceac74fa960?s=96&d=mm&r=g\",\"contentUrl\":\"https:\\\/\\\/secure.gravatar.com\\\/avatar\\\/61d268e57d1f4525b111222e29d2d5a7f8c420fdbf231ba5566a8ceac74fa960?s=96&d=mm&r=g\",\"caption\":\"Tibor atya\"},\"url\":\"https:\\\/\\\/stuttgarti-katolikusok.de\\\/index.php\\\/author\\\/tibor-atya\\\/\"}]}<\/script>\n<!-- \/ Yoast SEO plugin. -->","yoast_head_json":{"title":"\u00c9vk\u00f6zi 11. vas\u00e1rnap - Stuttgarti Katolikusok","robots":{"index":"index","follow":"follow","max-snippet":"max-snippet:-1","max-image-preview":"max-image-preview:large","max-video-preview":"max-video-preview:-1"},"canonical":"https:\/\/stuttgarti-katolikusok.de\/index.php\/evkozi-11-vasarnap\/","og_locale":"hu_HU","og_type":"article","og_title":"\u00c9vk\u00f6zi 11. vas\u00e1rnap - Stuttgarti Katolikusok","og_description":"Kezd\u0151\u00e9nek: Hallgasd meg, Uram, h\u00edv\u00f3 hangomat! Seg\u00edts\u00e9gem te vagy, el ne tasz\u00edts, ne hagyj magamra, megment\u0151 Istenem. (Zsolt 26,7.9) K\u00f6ny\u00f6rg\u00e9s: Isten\u00fcnk, benned b\u00edz\u00f3k er\u0151ss\u00e9ge, n\u00e9lk\u00fcled semmit sem tehet a gyenge haland\u00f3. K\u00e9r\u00fcnk, add nek\u00fcnk mindenkor kegyelmed seg\u00edts\u00e9g\u00e9t, hogy j\u00f3 sz\u00e1nd\u00e9kkal teljes\u00edts\u00fck parancsaidat, \u00e9s cselekedeteinkkel megnyerj\u00fck tetsz\u00e9sedet. A mi Urunk, J\u00e9zus Krisztus, a te Fiad \u00e1ltal, aki veled \u00e9l \u00e9s uralkodik a Szentl\u00e9lekkel egys\u00e9gben, Isten mind\u00f6r\u00f6kk\u00f6n \u00f6r\u00f6kk\u00e9. OLVASM\u00c1NY M\u00f3zes m\u00e1sodik k\u00f6nyv\u00e9b\u0151l (Kiv 19,2-6a) Papi kir\u00e1lys\u00e1gom \u00e9s szent n\u00e9pem lesztek. Az Egyiptomb\u00f3l val\u00f3 kivonul\u00e1s harmadik h\u00f3napj\u00e1ban Izrael fiai elindultak Refidimb\u0151l. A S\u00ednai puszt\u00e1ba \u00e9rkeztek, \u00e9s ott let\u00e1boroztak. T\u00e1borukat a heggyel szemben \u00fct\u00f6tt\u00e9k f\u00f6l. M\u00f3zes elindult Isten el\u00e9, az \u00dar pedig a hegyr\u0151l \u00edgy sz\u00f3lt hozz\u00e1: \u201eEzt k\u00f6z\u00f6ld J\u00e1kob h\u00e1z\u00e1val \u00e9s hirdesd Izrael fiainak: L\u00e1tt\u00e1tok, mit tettem az egyiptomiakkal, \u00e9s mi m\u00f3don hordoztalak titeket sassz\u00e1rnyon \u00e9s hoztalak ide magamhoz. Ha teh\u00e1t hallgattok szavamra \u00e9s megtartj\u00e1tok sz\u00f6vets\u00e9gemet, akkor az \u00f6sszes n\u00e9pek k\u00f6z\u00f6tt k\u00fcl\u00f6nleges tulajdonomm\u00e1 teszlek benneteket, hiszen az eg\u00e9sz f\u00f6ld az eny\u00e9m. Papi kir\u00e1lys\u00e1gom \u00e9s szent n\u00e9pem lesztek.\u201d Ez az Isten ig\u00e9je. V\u00c1LASZOS ZSOLT\u00c1R (Zsolt 99,2.3.5) V\u00e1lasz:\u00a0Mi vagyunk az Isten n\u00e9pe, * j\u00f3 P\u00e1sztorunk t\u00e1pl\u00e1l minket.\u00a01. t\u00f3nus. El\u0151\u00e9nekes: Ujjongjatok az \u00darnak, minden f\u00f6ldek, * szolg\u00e1ljatok az \u00darnak vigass\u00e1ggal. J\u00e1ruljatok sz\u00edne el\u00e9, * vid\u00e1m _\u00e9neksz\u00f3val. H\u00edvek: Mi vagyunk az Isten n\u00e9pe, * j\u00f3 P\u00e1sztorunk t\u00e1pl\u00e1l minket. . E: Tudj\u00e1tok meg, hogy az \u00dar az Isten, * \u00f6v\u00e9 vagyunk, \u0151 alkotott minket. Az \u0151 n\u00e9pe vagyunk, * legel\u0151j\u00e9nek ny\u00e1ja. H: Mi vagyunk az Isten n\u00e9pe, * j\u00f3 P\u00e1sztorunk t\u00e1pl\u00e1l minket. E: Val\u00f3ban j\u00f3 az \u00dar, \u2020 irgalma \u00f6r\u00f6kk\u00e9 megmarad, * \u00e9s h\u0171s\u00e9ge nemzed\u00e9kr\u0151l nemzed\u00e9kre. H: Mi vagyunk az Isten n\u00e9pe, * j\u00f3 P\u00e1sztorunk t\u00e1pl\u00e1l minket. SZENTLECKE Szent P\u00e1l apostolnak a r\u00f3maiakhoz \u00edrt level\u00e9b\u0151l (R\u00f3m 5,6-11) Ha Fia hal\u00e1la \u00e1ltal kiengesztel\u0151d\u00f6tt vel\u00fcnk az Isten, mennyivel ink\u00e1bb megszabadulunk most, az \u0151 \u00e9let\u00e9be oltva. Testv\u00e9reim! Amikor m\u00e9g er\u0151tlenek voltunk,... R\u00e9szletek","og_url":"https:\/\/stuttgarti-katolikusok.de\/index.php\/evkozi-11-vasarnap\/","og_site_name":"Stuttgarti Katolikusok","article_published_time":"2023-06-18T05:03:36+00:00","og_image":[{"width":1600,"height":1200,"url":"https:\/\/stuttgarti-katolikusok.de\/wp-content\/uploads\/2023\/06\/ulm-olasz-kozosseg.jpg","type":"image\/jpeg"}],"author":"Tibor atya","twitter_card":"summary_large_image","twitter_misc":{"Szerz\u0151:":"Tibor atya","Becs\u00fclt olvas\u00e1si id\u0151":"5 perc"},"schema":{"@context":"https:\/\/schema.org","@graph":[{"@type":"Article","@id":"https:\/\/stuttgarti-katolikusok.de\/index.php\/evkozi-11-vasarnap\/#article","isPartOf":{"@id":"https:\/\/stuttgarti-katolikusok.de\/index.php\/evkozi-11-vasarnap\/"},"author":{"name":"Tibor atya","@id":"https:\/\/stuttgarti-katolikusok.de\/#\/schema\/person\/75908d6f8fdc03a57889d27209df7795"},"headline":"\u00c9vk\u00f6zi 11. vas\u00e1rnap","datePublished":"2023-06-18T05:03:36+00:00","mainEntityOfPage":{"@id":"https:\/\/stuttgarti-katolikusok.de\/index.php\/evkozi-11-vasarnap\/"},"wordCount":1242,"image":{"@id":"https:\/\/stuttgarti-katolikusok.de\/index.php\/evkozi-11-vasarnap\/#primaryimage"},"thumbnailUrl":"https:\/\/stuttgarti-katolikusok.de\/wp-content\/uploads\/2023\/06\/ulm-olasz-kozosseg.jpg","articleSection":["A liturgia olvasm\u00e1nyai","Vas\u00e1rnapi gondolatok"],"inLanguage":"hu"},{"@type":"WebPage","@id":"https:\/\/stuttgarti-katolikusok.de\/index.php\/evkozi-11-vasarnap\/","url":"https:\/\/stuttgarti-katolikusok.de\/index.php\/evkozi-11-vasarnap\/","name":"\u00c9vk\u00f6zi 11. vas\u00e1rnap - Stuttgarti Katolikusok","isPartOf":{"@id":"https:\/\/stuttgarti-katolikusok.de\/#website"},"primaryImageOfPage":{"@id":"https:\/\/stuttgarti-katolikusok.de\/index.php\/evkozi-11-vasarnap\/#primaryimage"},"image":{"@id":"https:\/\/stuttgarti-katolikusok.de\/index.php\/evkozi-11-vasarnap\/#primaryimage"},"thumbnailUrl":"https:\/\/stuttgarti-katolikusok.de\/wp-content\/uploads\/2023\/06\/ulm-olasz-kozosseg.jpg","datePublished":"2023-06-18T05:03:36+00:00","author":{"@id":"https:\/\/stuttgarti-katolikusok.de\/#\/schema\/person\/75908d6f8fdc03a57889d27209df7795"},"breadcrumb":{"@id":"https:\/\/stuttgarti-katolikusok.de\/index.php\/evkozi-11-vasarnap\/#breadcrumb"},"inLanguage":"hu","potentialAction":[{"@type":"ReadAction","target":["https:\/\/stuttgarti-katolikusok.de\/index.php\/evkozi-11-vasarnap\/"]}]},{"@type":"ImageObject","inLanguage":"hu","@id":"https:\/\/stuttgarti-katolikusok.de\/index.php\/evkozi-11-vasarnap\/#primaryimage","url":"https:\/\/stuttgarti-katolikusok.de\/wp-content\/uploads\/2023\/06\/ulm-olasz-kozosseg.jpg","contentUrl":"https:\/\/stuttgarti-katolikusok.de\/wp-content\/uploads\/2023\/06\/ulm-olasz-kozosseg.jpg","width":1600,"height":1200},{"@type":"BreadcrumbList","@id":"https:\/\/stuttgarti-katolikusok.de\/index.php\/evkozi-11-vasarnap\/#breadcrumb","itemListElement":[{"@type":"ListItem","position":1,"name":"Kezd\u0151lap","item":"https:\/\/stuttgarti-katolikusok.de\/"},{"@type":"ListItem","position":2,"name":"\u00c9vk\u00f6zi 11. vas\u00e1rnap"}]},{"@type":"WebSite","@id":"https:\/\/stuttgarti-katolikusok.de\/#website","url":"https:\/\/stuttgarti-katolikusok.de\/","name":"Stuttgarti Katolikusok","description":"","potentialAction":[{"@type":"SearchAction","target":{"@type":"EntryPoint","urlTemplate":"https:\/\/stuttgarti-katolikusok.de\/?s={search_term_string}"},"query-input":{"@type":"PropertyValueSpecification","valueRequired":true,"valueName":"search_term_string"}}],"inLanguage":"hu"},{"@type":"Person","@id":"https:\/\/stuttgarti-katolikusok.de\/#\/schema\/person\/75908d6f8fdc03a57889d27209df7795","name":"Tibor atya","image":{"@type":"ImageObject","inLanguage":"hu","@id":"https:\/\/secure.gravatar.com\/avatar\/61d268e57d1f4525b111222e29d2d5a7f8c420fdbf231ba5566a8ceac74fa960?s=96&d=mm&r=g","url":"https:\/\/secure.gravatar.com\/avatar\/61d268e57d1f4525b111222e29d2d5a7f8c420fdbf231ba5566a8ceac74fa960?s=96&d=mm&r=g","contentUrl":"https:\/\/secure.gravatar.com\/avatar\/61d268e57d1f4525b111222e29d2d5a7f8c420fdbf231ba5566a8ceac74fa960?s=96&d=mm&r=g","caption":"Tibor atya"},"url":"https:\/\/stuttgarti-katolikusok.de\/index.php\/author\/tibor-atya\/"}]}},"_links":{"self":[{"href":"https:\/\/stuttgarti-katolikusok.de\/index.php\/wp-json\/wp\/v2\/posts\/26989","targetHints":{"allow":["GET"]}}],"collection":[{"href":"https:\/\/stuttgarti-katolikusok.de\/index.php\/wp-json\/wp\/v2\/posts"}],"about":[{"href":"https:\/\/stuttgarti-katolikusok.de\/index.php\/wp-json\/wp\/v2\/types\/post"}],"author":[{"embeddable":true,"href":"https:\/\/stuttgarti-katolikusok.de\/index.php\/wp-json\/wp\/v2\/users\/3"}],"replies":[{"embeddable":true,"href":"https:\/\/stuttgarti-katolikusok.de\/index.php\/wp-json\/wp\/v2\/comments?post=26989"}],"version-history":[{"count":1,"href":"https:\/\/stuttgarti-katolikusok.de\/index.php\/wp-json\/wp\/v2\/posts\/26989\/revisions"}],"predecessor-version":[{"id":26991,"href":"https:\/\/stuttgarti-katolikusok.de\/index.php\/wp-json\/wp\/v2\/posts\/26989\/revisions\/26991"}],"wp:featuredmedia":[{"embeddable":true,"href":"https:\/\/stuttgarti-katolikusok.de\/index.php\/wp-json\/wp\/v2\/media\/26990"}],"wp:attachment":[{"href":"https:\/\/stuttgarti-katolikusok.de\/index.php\/wp-json\/wp\/v2\/media?parent=26989"}],"wp:term":[{"taxonomy":"category","embeddable":true,"href":"https:\/\/stuttgarti-katolikusok.de\/index.php\/wp-json\/wp\/v2\/categories?post=26989"},{"taxonomy":"post_tag","embeddable":true,"href":"https:\/\/stuttgarti-katolikusok.de\/index.php\/wp-json\/wp\/v2\/tags?post=26989"}],"curies":[{"name":"wp","href":"https:\/\/api.w.org\/{rel}","templated":true}]}}