{"id":26962,"date":"2023-06-10T12:55:47","date_gmt":"2023-06-10T10:55:47","guid":{"rendered":"https:\/\/stuttgarti-katolikusok.de\/?p=26962"},"modified":"2023-06-10T12:55:47","modified_gmt":"2023-06-10T10:55:47","slug":"evkozi-10-vasarnap","status":"publish","type":"post","link":"https:\/\/stuttgarti-katolikusok.de\/index.php\/evkozi-10-vasarnap\/","title":{"rendered":"\u00c9vk\u00f6zi 10. vas\u00e1rnap"},"content":{"rendered":"<p><em><strong><span style=\"color: #339966;\">OLVASM\u00c1NY\u00a0 (Oz 6, 3-6)<\/span><\/strong><\/em><br \/>\n<em>\u00a0 \u00a0 \u00a0Igaz\u00e1ban az \u00f3sz\u00f6vets\u00e9gi kinyilatkoztat\u00e1s is mag\u00e1t az embert akarta \u00e1tform\u00e1lni. A k\u00fcls\u0151<\/em><br \/>\n<em>tettek, a vezekl\u00e9s, az ima, az \u00e1ldozatbemutat\u00e1s arra val\u00f3 volt, hogy a bels\u0151 h\u00f3dolatot fejezze<\/em><br \/>\n<em>ki. Isten k\u00f6zeled\u00e9se \u00e1ld\u00e1st jelent, az\u00e9rt annak \u00f6r\u00fclni kell, mint a hajnali dereng\u00e9snek vagy a<\/em><br \/>\n<em>term\u00e9st hoz\u00f3 es\u0151nek. A n\u00e9p istentisztelete azonban kimer\u00fclt a k\u00fcls\u0151s\u00e9gekben. Olyan mint a<\/em><br \/>\n<em>k\u00f6d, amely elsz\u00e1ll, ha kis\u00fct a nap, mert nincs benn\u00fck igazi hit \u00e9s engedelmess\u00e9g.<\/em><\/p>\n<p><span style=\"color: #339966;\">OLVASM\u00c1NY Oze\u00e1s pr\u00f3f\u00e9ta k\u00f6nyv\u00e9b\u0151l<\/span><br \/>\n<em>Nem az \u00e1ldozat kell nekem, hanem a szeretet.<\/em><\/p>\n<p>\u201eT\u00f6rekedj\u00fcnk megismerni az Urat:<br \/>\nbiztosan elj\u00f6n, mint a hajnal,<br \/>\nmegj\u00f6n, mint a z\u00e1por,<br \/>\nmint a tavaszi es\u0151, amely meg\u00f6nt\u00f6zi a f\u00f6ldet.\u201d<br \/>\nMit tegyek veled, Efraim?<br \/>\nMit tegyek veled, J\u00fada?<br \/>\nH\u0171s\u00e9ged, mint a reggeli felh\u0151,<br \/>\n\u00e9s mint a harmat, hamar tovat\u0171nik.<br \/>\nEz\u00e9rt s\u00fajtottam \u0151ket a pr\u00f3f\u00e9t\u00e1k szav\u00e1val,<br \/>\nez\u00e9rt puszt\u00edtottam \u0151ket ajkam sz\u00f3zat\u00e1val,<br \/>\n\u00edt\u00e9letem el\u00e9rkezik, mint a vil\u00e1goss\u00e1g.<br \/>\nMert nem az \u00e1ldozat kell nekem, hanem a szeretet,<br \/>\nnem az \u00e9g\u0151\u00e1ldozat, hanem az Isten ismerete.<br \/>\nEz az Isten ig\u00e9je.<\/p>\n<p><em><strong><span style=\"color: #339966;\">V\u00c1LASZOS ZSOLT\u00c1R\u00a0 (49, 1 \u00e9s 8. 12-13. 14-15 9. t\u00f3nus)<\/span><\/strong><\/em><\/p>\n<p>V\u00e1lasz: <em><strong>Boldog, akinek \u00fatja szepl\u0151telen, * megmutatom neki \u00fcdv\u00f6ss\u00e9gem <\/strong><\/em>\u00a0(23b. vers.)<\/p>\n<p>El\u0151\u00e9nekes: Sz\u00f3lott az \u00dar, az istenek Istene, * h\u00edvta a f\u00f6ldet napkelett\u0151l napnyugatig.<br \/>\n\u201eNem \u00e1ldozataid miatt feddlek meg, * \u00e9g\u0151\u00e1ldozataidat mindig l\u00e1tom.<br \/>\nH\u00edvek: Boldog, akinek \u00fatja szepl\u0151telen, * megmutatom neki \u00fcdv\u00f6ss\u00e9gem.<br \/>\nE: Ha \u00e9hezn\u00e9k, nem sz\u00f3ln\u00e9k neked, * mert eny\u00e9m a f\u00f6ld \u00e9s eg\u00e9sz teljess\u00e9ge.<br \/>\nMegeszem tal\u00e1n a bik\u00e1k h\u00fas\u00e1t, * vagy a bakok v\u00e9r\u00e9t iszom?<br \/>\nH: Boldog, akinek \u00fatja szepl\u0151telen, * megmutatom neki \u00fcdv\u00f6ss\u00e9gem.<br \/>\nE: Aj\u00e1nld f\u00f6l Istennek a dics\u00e9ret \u00e1ldozat\u00e1t, * \u00e9s teljes\u00edtsd a F\u00f6ls\u00e9ges el\u0151tt fogadalmad!<br \/>\nA gy\u00f6trelem napj\u00e1n engem h\u00edvj\u00e1l, * megmentelek \u00e9s \u00e1ldasz engem.<br \/>\nH: Boldog, akinek \u00fatja szepl\u0151telen, * megmutatom neki \u00fcdv\u00f6ss\u00e9gem.<\/p>\n<p><span style=\"color: #339966;\"><em><strong>SZENTLECKE R\u00f3m 4, 18-25<\/strong><\/em><\/span><\/p>\n<p><em>\u00a0 \u00a0 \u00a0\u00c1brah\u00e1m olyan hitet hordozott mag\u00e1ban, hogy a lehetetlen helyzetben is tudott<\/em><br \/>\n<em>rem\u00e9nykedni. Tudta, hogy Isten mindenhat\u00f3 \u00e9s h\u0171 marad \u00edg\u00e9ret\u00e9hez. Az \u0151 idej\u00e9ben m\u00e9g nem<\/em><br \/>\n<em>volt meg a m\u00f3zesi t\u00f6rv\u00e9ny, az\u00e9rt \u0151 az igazi engedelmess\u00e9get nem ker\u00fclhette meg a bet\u0171h\u00f6z<\/em><br \/>\n<em>val\u00f3 ragaszkod\u00e1ssal. A mi vall\u00e1soss\u00e1gunk alapja is az Istenbe vetett hit, aki erej\u00e9t \u00e9s irgalm\u00e1t<\/em><br \/>\n<em>megmutatta Krisztus felt\u00e1mad\u00e1s\u00e1ban, akinek hal\u00e1la meghozta, a b\u0171n\u00f6k kiengesztel\u00e9s\u00e9t,<\/em><br \/>\n<em>felt\u00e1mad\u00e1sa pedig a kegyelem ki\u00e1rad\u00e1s\u00e1t<\/em><\/p>\n<p><span style=\"color: #339966;\">SZENTLECKE Szent P\u00e1l apostolnak a r\u00f3maiakhoz \u00edrt level\u00e9b\u0151l<\/span><br \/>\n<em>\u00c1brah\u00e1m er\u0151t mer\u00edtett hit\u00e9b\u0151l, \u00e9s magasztalta Istent.<\/em><\/p>\n<p>Testv\u00e9reim! \u00c1brah\u00e1m a rem\u00e9nytelens\u00e9gben is rem\u00e9nykedve hitte, hogy sok n\u00e9p atyja<br \/>\nlesz, Isten \u00edg\u00e9rete szerint: \u201eNagy lesz a te nemzets\u00e9ged!\u201d Hite nem gyeng\u00fclt meg, j\u00f3llehet<br \/>\ntudta, hogy teste megv\u00e9nhedt, hisz sz\u00e1zadik esztendeje fel\u00e9 j\u00e1rt, \u00e9s S\u00e1ra m\u00e9he is elapadt.<br \/>\nNem k\u00e9telkedett hitetlen\u00fcl Isten \u00edg\u00e9ret\u00e9ben, ink\u00e1bb meger\u0151s\u00f6d\u00f6tt a hitben, megdics\u0151\u00edtve<br \/>\nez\u00e1ltal az Istent. Meg volt ugyanis gy\u0151z\u0151dve arr\u00f3l, hogy amit Isten \u00edg\u00e9rt, azt meg is tudja<br \/>\nval\u00f3s\u00edtani. \u00c1brah\u00e1m ez\u00e1ltal v\u00e1lt igazz\u00e1.<br \/>\nDe nemcsak \u0151r\u00e1 vonatkozik, amit r\u00f3la \u00edrtak, hogy \u201eez\u00e1ltal v\u00e1lt igazz\u00e1\u201d, hanem mire\u00e1nk is.<br \/>\nMi is igazz\u00e1 v\u00e1lunk, ha hisz\u00fcnk Istenben, aki felt\u00e1masztotta a hal\u00e1lb\u00f3l Urunkat, J\u00e9zus<br \/>\nKrisztust. \u0150 hal\u00e1lt szenvedett a mi b\u0171neink\u00e9rt, \u00e9s felt\u00e1madt, hogy mi igazak lehess\u00fcnk.<br \/>\nEz az Isten ig\u00e9je.<\/p>\n<p><span style=\"color: #339966;\">ALLELUJA<\/span><br \/>\nAlleluja. 4. sz\u00e1m.<br \/>\n\u201e\u00c9n a vil\u00e1g vil\u00e1goss\u00e1ga vagyok\u201d, mondja a mi Urunk. * \u201eAki engem k\u00f6vet, \u00f6v\u00e9 lesz az \u00e9let<br \/>\nvil\u00e1goss\u00e1ga.\u201d Jn 8, 12 \u2013 4g. t\u00f3nus.<br \/>\nAlleluja.<\/p>\n<p><span style=\"color: #339966;\"><em><strong>EVANG\u00c9LIUM Mt 9, 9-13<\/strong><\/em><\/span><br \/>\n<em>\u00a0 \u00a0 \u00a0J\u00e9zus meghozta a v\u00e9gleges kinyilatkoztat\u00e1st, ez\u00e9rt az egyes evang\u00e9liumi esem\u00e9nyeknek<\/em><br \/>\n<em>megvan a jelent\u00e9s\u00fck. M\u00e1t\u00e9 megh\u00edv\u00e1sa jelezte, hogy J\u00e9zus a gyarl\u00f3 embert h\u00edvja b\u0171nb\u00e1natra<\/em><br \/>\n<em>\u00e9s \u00fcdv\u00f6ss\u00e9gre, s\u0151t munkat\u00e1rs\u00e1v\u00e1 tudja tenni. A farizeusok ellenben a Messi\u00e1st\u00f3l n\u00e9p\u00fck<\/em><br \/>\n<em>diadalmas felemel\u00e9s\u00e9t, f\u00f6ldi dics\u0151s\u00e9g\u00e9t v\u00e1rt\u00e1k, s n\u00e1luk a szents\u00e9g az elk\u00fcl\u00f6n\u00fcl\u00e9st jelentette,<\/em><br \/>\n<em>nem az irgalmat. Ez\u00e9rt mondja J\u00e9zus, hogy a betegnek kell az orvos, nem az eg\u00e9szs\u00e9geseknek.<\/em><br \/>\n<em>\u0150 az Atya irgalm\u00e1t testes\u00edti meg a f\u00f6ld\u00f6n.<\/em><\/p>\n<p><span style=\"color: #339966;\">+ EVANG\u00c9LIUM Szent M\u00e1t\u00e9 k\u00f6nyv\u00e9b\u0151l<\/span><br \/>\n<em>Nem az\u00e9rt j\u00f6ttem, hogy az igazakat h\u00edvjam, hanem a b\u0171n\u00f6s\u00f6ket.<\/em><\/p>\n<p>Abban az id\u0151ben:<br \/>\nAmint J\u00e9zus tov\u00e1bb haladt, l\u00e1tott egy M\u00e1t\u00e9 nev\u0171 embert a v\u00e1masztaln\u00e1l \u00fclni. \u00cdgy sz\u00f3lt<br \/>\nhozz\u00e1: \u201eK\u00f6vess engem!\u201d Az fel\u00e1llt \u00e9s k\u00f6vette \u0151t. K\u00e9s\u0151bb, amikor J\u00e9zus az \u0151 h\u00e1z\u00e1ban<br \/>\nvend\u00e9geskedett, elj\u00f6tt sok v\u00e1mos \u00e9s b\u0171n\u00f6s, \u00e9s helyet foglaltak az asztaln\u00e1l J\u00e9zussal \u00e9s<br \/>\ntan\u00edtv\u00e1nyaival egy\u00fctt. Megl\u00e1tt\u00e1k ezt a farizeusok \u00e9s megk\u00e9rdezt\u00e9k tan\u00edtv\u00e1nyait: \u201eMi\u00e9rt eszik a ti Mesteretek v\u00e1mosokkal \u00e9s b\u0171n\u00f6s\u00f6kkel?\u201d J\u00e9zus meghallotta ezt, \u00e9s \u00edgy v\u00e1laszolt: \u201eNem az<br \/>\neg\u00e9szs\u00e9geseknek kell az orvos, hanem a betegeknek. Menjetek csak, \u00e9s tanulj\u00e1tok meg, mit<br \/>\njelent ez: \u00bbIrgalmass\u00e1got v\u00e1rok \u00e9s nem \u00e1ldozatot.\u00ab Nem az\u00e9rt j\u00f6ttem, hogy az igazakat<br \/>\nh\u00edvjam, hanem hogy a b\u0171n\u00f6s\u00f6ket.\u201d<br \/>\nEzek az evang\u00e9lium ig\u00e9i.<\/p>\n<p><em>(K\u00e9p forr\u00e1sa: Prokop P\u00e9ter festm\u00e9nye a szegedi szemin\u00e1riumban)<\/em><\/p>\n","protected":false},"excerpt":{"rendered":"<p>OLVASM\u00c1NY\u00a0 (Oz 6, 3-6) \u00a0 \u00a0 \u00a0Igaz\u00e1ban az \u00f3sz\u00f6vets\u00e9gi kinyilatkoztat\u00e1s is mag\u00e1t az embert akarta \u00e1tform\u00e1lni. A k\u00fcls\u0151 tettek, a vezekl\u00e9s, az ima, az \u00e1ldozatbemutat\u00e1s arra val\u00f3 volt, hogy a bels\u0151 h\u00f3dolatot fejezze ki. Isten k\u00f6zeled\u00e9se \u00e1ld\u00e1st jelent, az\u00e9rt annak \u00f6r\u00fclni kell, mint a hajnali dereng\u00e9snek vagy a term\u00e9st hoz\u00f3 es\u0151nek. A n\u00e9p istentisztelete azonban kimer\u00fclt a k\u00fcls\u0151s\u00e9gekben. Olyan mint a k\u00f6d, amely elsz\u00e1ll, ha kis\u00fct a nap, mert nincs benn\u00fck igazi hit \u00e9s engedelmess\u00e9g. OLVASM\u00c1NY Oze\u00e1s pr\u00f3f\u00e9ta k\u00f6nyv\u00e9b\u0151l Nem az \u00e1ldozat kell nekem, hanem a szeretet. \u201eT\u00f6rekedj\u00fcnk megismerni az Urat: biztosan elj\u00f6n, mint a hajnal, megj\u00f6n, mint a z\u00e1por, mint a tavaszi es\u0151, amely meg\u00f6nt\u00f6zi a f\u00f6ldet.\u201d Mit tegyek veled, Efraim? Mit tegyek veled, J\u00fada? H\u0171s\u00e9ged, mint a reggeli felh\u0151, \u00e9s mint a harmat, hamar tovat\u0171nik. Ez\u00e9rt s\u00fajtottam \u0151ket a pr\u00f3f\u00e9t\u00e1k szav\u00e1val, ez\u00e9rt puszt\u00edtottam \u0151ket ajkam sz\u00f3zat\u00e1val, \u00edt\u00e9letem el\u00e9rkezik, mint a vil\u00e1goss\u00e1g. Mert nem az \u00e1ldozat kell nekem, hanem a szeretet, nem az \u00e9g\u0151\u00e1ldozat, hanem az Isten ismerete. Ez az Isten ig\u00e9je. V\u00c1LASZOS ZSOLT\u00c1R\u00a0 (49, 1 \u00e9s 8. 12-13. 14-15 9. t\u00f3nus) V\u00e1lasz: Boldog, akinek \u00fatja szepl\u0151telen, * megmutatom neki \u00fcdv\u00f6ss\u00e9gem \u00a0(23b. vers.) El\u0151\u00e9nekes: Sz\u00f3lott az \u00dar, az istenek Istene, * h\u00edvta a f\u00f6ldet napkelett\u0151l napnyugatig. \u201eNem \u00e1ldozataid miatt feddlek meg, * \u00e9g\u0151\u00e1ldozataidat mindig l\u00e1tom. H\u00edvek: Boldog, akinek \u00fatja szepl\u0151telen, * megmutatom neki \u00fcdv\u00f6ss\u00e9gem. E: Ha \u00e9hezn\u00e9k, nem sz\u00f3ln\u00e9k neked, * mert eny\u00e9m a f\u00f6ld \u00e9s eg\u00e9sz teljess\u00e9ge. Megeszem tal\u00e1n a bik\u00e1k h\u00fas\u00e1t, * vagy a bakok v\u00e9r\u00e9t iszom? H: Boldog, akinek \u00fatja szepl\u0151telen, * megmutatom neki \u00fcdv\u00f6ss\u00e9gem. E: Aj\u00e1nld f\u00f6l Istennek a dics\u00e9ret \u00e1ldozat\u00e1t, * \u00e9s teljes\u00edtsd a F\u00f6ls\u00e9ges el\u0151tt fogadalmad! A gy\u00f6trelem napj\u00e1n engem h\u00edvj\u00e1l, * megmentelek \u00e9s \u00e1ldasz engem. H: Boldog, akinek \u00fatja szepl\u0151telen, * megmutatom neki \u00fcdv\u00f6ss\u00e9gem. SZENTLECKE R\u00f3m 4, 18-25 \u00a0 \u00a0 \u00a0\u00c1brah\u00e1m olyan hitet hordozott mag\u00e1ban, hogy a lehetetlen helyzetben is tudott rem\u00e9nykedni&#8230;. <\/p>\n<p><a class=\"readmore\" href=\"https:\/\/stuttgarti-katolikusok.de\/index.php\/evkozi-10-vasarnap\/\">R\u00e9szletek<\/a><\/p>\n","protected":false},"author":3,"featured_media":26963,"comment_status":"closed","ping_status":"closed","sticky":false,"template":"","format":"standard","meta":{"footnotes":""},"categories":[85,63],"tags":[],"class_list":["post-26962","post","type-post","status-publish","format-standard","has-post-thumbnail","hentry","category-a-liturgia-olvasmanyai","category-vasarnapi-gondolatok"],"yoast_head":"<!-- This site is optimized with the Yoast SEO plugin v27.3 - https:\/\/yoast.com\/product\/yoast-seo-wordpress\/ -->\n<title>\u00c9vk\u00f6zi 10. vas\u00e1rnap - Stuttgarti Katolikusok<\/title>\n<meta name=\"robots\" content=\"index, follow, max-snippet:-1, max-image-preview:large, max-video-preview:-1\" \/>\n<link rel=\"canonical\" href=\"https:\/\/stuttgarti-katolikusok.de\/index.php\/evkozi-10-vasarnap\/\" \/>\n<meta property=\"og:locale\" content=\"hu_HU\" \/>\n<meta property=\"og:type\" content=\"article\" \/>\n<meta property=\"og:title\" content=\"\u00c9vk\u00f6zi 10. vas\u00e1rnap - Stuttgarti Katolikusok\" \/>\n<meta property=\"og:description\" content=\"OLVASM\u00c1NY\u00a0 (Oz 6, 3-6) \u00a0 \u00a0 \u00a0Igaz\u00e1ban az \u00f3sz\u00f6vets\u00e9gi kinyilatkoztat\u00e1s is mag\u00e1t az embert akarta \u00e1tform\u00e1lni. A k\u00fcls\u0151 tettek, a vezekl\u00e9s, az ima, az \u00e1ldozatbemutat\u00e1s arra val\u00f3 volt, hogy a bels\u0151 h\u00f3dolatot fejezze ki. Isten k\u00f6zeled\u00e9se \u00e1ld\u00e1st jelent, az\u00e9rt annak \u00f6r\u00fclni kell, mint a hajnali dereng\u00e9snek vagy a term\u00e9st hoz\u00f3 es\u0151nek. A n\u00e9p istentisztelete azonban kimer\u00fclt a k\u00fcls\u0151s\u00e9gekben. Olyan mint a k\u00f6d, amely elsz\u00e1ll, ha kis\u00fct a nap, mert nincs benn\u00fck igazi hit \u00e9s engedelmess\u00e9g. OLVASM\u00c1NY Oze\u00e1s pr\u00f3f\u00e9ta k\u00f6nyv\u00e9b\u0151l Nem az \u00e1ldozat kell nekem, hanem a szeretet. \u201eT\u00f6rekedj\u00fcnk megismerni az Urat: biztosan elj\u00f6n, mint a hajnal, megj\u00f6n, mint a z\u00e1por, mint a tavaszi es\u0151, amely meg\u00f6nt\u00f6zi a f\u00f6ldet.\u201d Mit tegyek veled, Efraim? Mit tegyek veled, J\u00fada? H\u0171s\u00e9ged, mint a reggeli felh\u0151, \u00e9s mint a harmat, hamar tovat\u0171nik. Ez\u00e9rt s\u00fajtottam \u0151ket a pr\u00f3f\u00e9t\u00e1k szav\u00e1val, ez\u00e9rt puszt\u00edtottam \u0151ket ajkam sz\u00f3zat\u00e1val, \u00edt\u00e9letem el\u00e9rkezik, mint a vil\u00e1goss\u00e1g. Mert nem az \u00e1ldozat kell nekem, hanem a szeretet, nem az \u00e9g\u0151\u00e1ldozat, hanem az Isten ismerete. Ez az Isten ig\u00e9je. V\u00c1LASZOS ZSOLT\u00c1R\u00a0 (49, 1 \u00e9s 8. 12-13. 14-15 9. t\u00f3nus) V\u00e1lasz: Boldog, akinek \u00fatja szepl\u0151telen, * megmutatom neki \u00fcdv\u00f6ss\u00e9gem \u00a0(23b. vers.) El\u0151\u00e9nekes: Sz\u00f3lott az \u00dar, az istenek Istene, * h\u00edvta a f\u00f6ldet napkelett\u0151l napnyugatig. \u201eNem \u00e1ldozataid miatt feddlek meg, * \u00e9g\u0151\u00e1ldozataidat mindig l\u00e1tom. H\u00edvek: Boldog, akinek \u00fatja szepl\u0151telen, * megmutatom neki \u00fcdv\u00f6ss\u00e9gem. E: Ha \u00e9hezn\u00e9k, nem sz\u00f3ln\u00e9k neked, * mert eny\u00e9m a f\u00f6ld \u00e9s eg\u00e9sz teljess\u00e9ge. Megeszem tal\u00e1n a bik\u00e1k h\u00fas\u00e1t, * vagy a bakok v\u00e9r\u00e9t iszom? H: Boldog, akinek \u00fatja szepl\u0151telen, * megmutatom neki \u00fcdv\u00f6ss\u00e9gem. E: Aj\u00e1nld f\u00f6l Istennek a dics\u00e9ret \u00e1ldozat\u00e1t, * \u00e9s teljes\u00edtsd a F\u00f6ls\u00e9ges el\u0151tt fogadalmad! A gy\u00f6trelem napj\u00e1n engem h\u00edvj\u00e1l, * megmentelek \u00e9s \u00e1ldasz engem. H: Boldog, akinek \u00fatja szepl\u0151telen, * megmutatom neki \u00fcdv\u00f6ss\u00e9gem. SZENTLECKE R\u00f3m 4, 18-25 \u00a0 \u00a0 \u00a0\u00c1brah\u00e1m olyan hitet hordozott mag\u00e1ban, hogy a lehetetlen helyzetben is tudott rem\u00e9nykedni.... R\u00e9szletek\" \/>\n<meta property=\"og:url\" content=\"https:\/\/stuttgarti-katolikusok.de\/index.php\/evkozi-10-vasarnap\/\" \/>\n<meta property=\"og:site_name\" content=\"Stuttgarti Katolikusok\" \/>\n<meta property=\"article:published_time\" content=\"2023-06-10T10:55:47+00:00\" \/>\n<meta property=\"og:image\" content=\"https:\/\/stuttgarti-katolikusok.de\/wp-content\/uploads\/2023\/06\/prokop-peter-festmenye-a-szegedi-szeminariumban.jpg\" \/>\n\t<meta property=\"og:image:width\" content=\"1141\" \/>\n\t<meta property=\"og:image:height\" content=\"642\" \/>\n\t<meta property=\"og:image:type\" content=\"image\/jpeg\" \/>\n<meta name=\"author\" content=\"Tibor atya\" \/>\n<meta name=\"twitter:card\" content=\"summary_large_image\" \/>\n<meta name=\"twitter:label1\" content=\"Szerz\u0151:\" \/>\n\t<meta name=\"twitter:data1\" content=\"Tibor atya\" \/>\n\t<meta name=\"twitter:label2\" content=\"Becs\u00fclt olvas\u00e1si id\u0151\" \/>\n\t<meta name=\"twitter:data2\" content=\"4 perc\" \/>\n<script type=\"application\/ld+json\" class=\"yoast-schema-graph\">{\"@context\":\"https:\\\/\\\/schema.org\",\"@graph\":[{\"@type\":\"Article\",\"@id\":\"https:\\\/\\\/stuttgarti-katolikusok.de\\\/index.php\\\/evkozi-10-vasarnap\\\/#article\",\"isPartOf\":{\"@id\":\"https:\\\/\\\/stuttgarti-katolikusok.de\\\/index.php\\\/evkozi-10-vasarnap\\\/\"},\"author\":{\"name\":\"Tibor atya\",\"@id\":\"https:\\\/\\\/stuttgarti-katolikusok.de\\\/#\\\/schema\\\/person\\\/75908d6f8fdc03a57889d27209df7795\"},\"headline\":\"\u00c9vk\u00f6zi 10. vas\u00e1rnap\",\"datePublished\":\"2023-06-10T10:55:47+00:00\",\"mainEntityOfPage\":{\"@id\":\"https:\\\/\\\/stuttgarti-katolikusok.de\\\/index.php\\\/evkozi-10-vasarnap\\\/\"},\"wordCount\":1017,\"image\":{\"@id\":\"https:\\\/\\\/stuttgarti-katolikusok.de\\\/index.php\\\/evkozi-10-vasarnap\\\/#primaryimage\"},\"thumbnailUrl\":\"https:\\\/\\\/stuttgarti-katolikusok.de\\\/wp-content\\\/uploads\\\/2023\\\/06\\\/prokop-peter-festmenye-a-szegedi-szeminariumban.jpg\",\"articleSection\":[\"A liturgia olvasm\u00e1nyai\",\"Vas\u00e1rnapi gondolatok\"],\"inLanguage\":\"hu\"},{\"@type\":\"WebPage\",\"@id\":\"https:\\\/\\\/stuttgarti-katolikusok.de\\\/index.php\\\/evkozi-10-vasarnap\\\/\",\"url\":\"https:\\\/\\\/stuttgarti-katolikusok.de\\\/index.php\\\/evkozi-10-vasarnap\\\/\",\"name\":\"\u00c9vk\u00f6zi 10. vas\u00e1rnap - Stuttgarti Katolikusok\",\"isPartOf\":{\"@id\":\"https:\\\/\\\/stuttgarti-katolikusok.de\\\/#website\"},\"primaryImageOfPage\":{\"@id\":\"https:\\\/\\\/stuttgarti-katolikusok.de\\\/index.php\\\/evkozi-10-vasarnap\\\/#primaryimage\"},\"image\":{\"@id\":\"https:\\\/\\\/stuttgarti-katolikusok.de\\\/index.php\\\/evkozi-10-vasarnap\\\/#primaryimage\"},\"thumbnailUrl\":\"https:\\\/\\\/stuttgarti-katolikusok.de\\\/wp-content\\\/uploads\\\/2023\\\/06\\\/prokop-peter-festmenye-a-szegedi-szeminariumban.jpg\",\"datePublished\":\"2023-06-10T10:55:47+00:00\",\"author\":{\"@id\":\"https:\\\/\\\/stuttgarti-katolikusok.de\\\/#\\\/schema\\\/person\\\/75908d6f8fdc03a57889d27209df7795\"},\"breadcrumb\":{\"@id\":\"https:\\\/\\\/stuttgarti-katolikusok.de\\\/index.php\\\/evkozi-10-vasarnap\\\/#breadcrumb\"},\"inLanguage\":\"hu\",\"potentialAction\":[{\"@type\":\"ReadAction\",\"target\":[\"https:\\\/\\\/stuttgarti-katolikusok.de\\\/index.php\\\/evkozi-10-vasarnap\\\/\"]}]},{\"@type\":\"ImageObject\",\"inLanguage\":\"hu\",\"@id\":\"https:\\\/\\\/stuttgarti-katolikusok.de\\\/index.php\\\/evkozi-10-vasarnap\\\/#primaryimage\",\"url\":\"https:\\\/\\\/stuttgarti-katolikusok.de\\\/wp-content\\\/uploads\\\/2023\\\/06\\\/prokop-peter-festmenye-a-szegedi-szeminariumban.jpg\",\"contentUrl\":\"https:\\\/\\\/stuttgarti-katolikusok.de\\\/wp-content\\\/uploads\\\/2023\\\/06\\\/prokop-peter-festmenye-a-szegedi-szeminariumban.jpg\",\"width\":1141,\"height\":642},{\"@type\":\"BreadcrumbList\",\"@id\":\"https:\\\/\\\/stuttgarti-katolikusok.de\\\/index.php\\\/evkozi-10-vasarnap\\\/#breadcrumb\",\"itemListElement\":[{\"@type\":\"ListItem\",\"position\":1,\"name\":\"Kezd\u0151lap\",\"item\":\"https:\\\/\\\/stuttgarti-katolikusok.de\\\/\"},{\"@type\":\"ListItem\",\"position\":2,\"name\":\"\u00c9vk\u00f6zi 10. vas\u00e1rnap\"}]},{\"@type\":\"WebSite\",\"@id\":\"https:\\\/\\\/stuttgarti-katolikusok.de\\\/#website\",\"url\":\"https:\\\/\\\/stuttgarti-katolikusok.de\\\/\",\"name\":\"Stuttgarti Katolikusok\",\"description\":\"\",\"potentialAction\":[{\"@type\":\"SearchAction\",\"target\":{\"@type\":\"EntryPoint\",\"urlTemplate\":\"https:\\\/\\\/stuttgarti-katolikusok.de\\\/?s={search_term_string}\"},\"query-input\":{\"@type\":\"PropertyValueSpecification\",\"valueRequired\":true,\"valueName\":\"search_term_string\"}}],\"inLanguage\":\"hu\"},{\"@type\":\"Person\",\"@id\":\"https:\\\/\\\/stuttgarti-katolikusok.de\\\/#\\\/schema\\\/person\\\/75908d6f8fdc03a57889d27209df7795\",\"name\":\"Tibor atya\",\"image\":{\"@type\":\"ImageObject\",\"inLanguage\":\"hu\",\"@id\":\"https:\\\/\\\/secure.gravatar.com\\\/avatar\\\/61d268e57d1f4525b111222e29d2d5a7f8c420fdbf231ba5566a8ceac74fa960?s=96&d=mm&r=g\",\"url\":\"https:\\\/\\\/secure.gravatar.com\\\/avatar\\\/61d268e57d1f4525b111222e29d2d5a7f8c420fdbf231ba5566a8ceac74fa960?s=96&d=mm&r=g\",\"contentUrl\":\"https:\\\/\\\/secure.gravatar.com\\\/avatar\\\/61d268e57d1f4525b111222e29d2d5a7f8c420fdbf231ba5566a8ceac74fa960?s=96&d=mm&r=g\",\"caption\":\"Tibor atya\"},\"url\":\"https:\\\/\\\/stuttgarti-katolikusok.de\\\/index.php\\\/author\\\/tibor-atya\\\/\"}]}<\/script>\n<!-- \/ Yoast SEO plugin. -->","yoast_head_json":{"title":"\u00c9vk\u00f6zi 10. vas\u00e1rnap - Stuttgarti Katolikusok","robots":{"index":"index","follow":"follow","max-snippet":"max-snippet:-1","max-image-preview":"max-image-preview:large","max-video-preview":"max-video-preview:-1"},"canonical":"https:\/\/stuttgarti-katolikusok.de\/index.php\/evkozi-10-vasarnap\/","og_locale":"hu_HU","og_type":"article","og_title":"\u00c9vk\u00f6zi 10. vas\u00e1rnap - Stuttgarti Katolikusok","og_description":"OLVASM\u00c1NY\u00a0 (Oz 6, 3-6) \u00a0 \u00a0 \u00a0Igaz\u00e1ban az \u00f3sz\u00f6vets\u00e9gi kinyilatkoztat\u00e1s is mag\u00e1t az embert akarta \u00e1tform\u00e1lni. A k\u00fcls\u0151 tettek, a vezekl\u00e9s, az ima, az \u00e1ldozatbemutat\u00e1s arra val\u00f3 volt, hogy a bels\u0151 h\u00f3dolatot fejezze ki. Isten k\u00f6zeled\u00e9se \u00e1ld\u00e1st jelent, az\u00e9rt annak \u00f6r\u00fclni kell, mint a hajnali dereng\u00e9snek vagy a term\u00e9st hoz\u00f3 es\u0151nek. A n\u00e9p istentisztelete azonban kimer\u00fclt a k\u00fcls\u0151s\u00e9gekben. Olyan mint a k\u00f6d, amely elsz\u00e1ll, ha kis\u00fct a nap, mert nincs benn\u00fck igazi hit \u00e9s engedelmess\u00e9g. OLVASM\u00c1NY Oze\u00e1s pr\u00f3f\u00e9ta k\u00f6nyv\u00e9b\u0151l Nem az \u00e1ldozat kell nekem, hanem a szeretet. \u201eT\u00f6rekedj\u00fcnk megismerni az Urat: biztosan elj\u00f6n, mint a hajnal, megj\u00f6n, mint a z\u00e1por, mint a tavaszi es\u0151, amely meg\u00f6nt\u00f6zi a f\u00f6ldet.\u201d Mit tegyek veled, Efraim? Mit tegyek veled, J\u00fada? H\u0171s\u00e9ged, mint a reggeli felh\u0151, \u00e9s mint a harmat, hamar tovat\u0171nik. Ez\u00e9rt s\u00fajtottam \u0151ket a pr\u00f3f\u00e9t\u00e1k szav\u00e1val, ez\u00e9rt puszt\u00edtottam \u0151ket ajkam sz\u00f3zat\u00e1val, \u00edt\u00e9letem el\u00e9rkezik, mint a vil\u00e1goss\u00e1g. Mert nem az \u00e1ldozat kell nekem, hanem a szeretet, nem az \u00e9g\u0151\u00e1ldozat, hanem az Isten ismerete. Ez az Isten ig\u00e9je. V\u00c1LASZOS ZSOLT\u00c1R\u00a0 (49, 1 \u00e9s 8. 12-13. 14-15 9. t\u00f3nus) V\u00e1lasz: Boldog, akinek \u00fatja szepl\u0151telen, * megmutatom neki \u00fcdv\u00f6ss\u00e9gem \u00a0(23b. vers.) El\u0151\u00e9nekes: Sz\u00f3lott az \u00dar, az istenek Istene, * h\u00edvta a f\u00f6ldet napkelett\u0151l napnyugatig. \u201eNem \u00e1ldozataid miatt feddlek meg, * \u00e9g\u0151\u00e1ldozataidat mindig l\u00e1tom. H\u00edvek: Boldog, akinek \u00fatja szepl\u0151telen, * megmutatom neki \u00fcdv\u00f6ss\u00e9gem. E: Ha \u00e9hezn\u00e9k, nem sz\u00f3ln\u00e9k neked, * mert eny\u00e9m a f\u00f6ld \u00e9s eg\u00e9sz teljess\u00e9ge. Megeszem tal\u00e1n a bik\u00e1k h\u00fas\u00e1t, * vagy a bakok v\u00e9r\u00e9t iszom? H: Boldog, akinek \u00fatja szepl\u0151telen, * megmutatom neki \u00fcdv\u00f6ss\u00e9gem. E: Aj\u00e1nld f\u00f6l Istennek a dics\u00e9ret \u00e1ldozat\u00e1t, * \u00e9s teljes\u00edtsd a F\u00f6ls\u00e9ges el\u0151tt fogadalmad! A gy\u00f6trelem napj\u00e1n engem h\u00edvj\u00e1l, * megmentelek \u00e9s \u00e1ldasz engem. H: Boldog, akinek \u00fatja szepl\u0151telen, * megmutatom neki \u00fcdv\u00f6ss\u00e9gem. SZENTLECKE R\u00f3m 4, 18-25 \u00a0 \u00a0 \u00a0\u00c1brah\u00e1m olyan hitet hordozott mag\u00e1ban, hogy a lehetetlen helyzetben is tudott rem\u00e9nykedni.... R\u00e9szletek","og_url":"https:\/\/stuttgarti-katolikusok.de\/index.php\/evkozi-10-vasarnap\/","og_site_name":"Stuttgarti Katolikusok","article_published_time":"2023-06-10T10:55:47+00:00","og_image":[{"width":1141,"height":642,"url":"https:\/\/stuttgarti-katolikusok.de\/wp-content\/uploads\/2023\/06\/prokop-peter-festmenye-a-szegedi-szeminariumban.jpg","type":"image\/jpeg"}],"author":"Tibor atya","twitter_card":"summary_large_image","twitter_misc":{"Szerz\u0151:":"Tibor atya","Becs\u00fclt olvas\u00e1si id\u0151":"4 perc"},"schema":{"@context":"https:\/\/schema.org","@graph":[{"@type":"Article","@id":"https:\/\/stuttgarti-katolikusok.de\/index.php\/evkozi-10-vasarnap\/#article","isPartOf":{"@id":"https:\/\/stuttgarti-katolikusok.de\/index.php\/evkozi-10-vasarnap\/"},"author":{"name":"Tibor atya","@id":"https:\/\/stuttgarti-katolikusok.de\/#\/schema\/person\/75908d6f8fdc03a57889d27209df7795"},"headline":"\u00c9vk\u00f6zi 10. vas\u00e1rnap","datePublished":"2023-06-10T10:55:47+00:00","mainEntityOfPage":{"@id":"https:\/\/stuttgarti-katolikusok.de\/index.php\/evkozi-10-vasarnap\/"},"wordCount":1017,"image":{"@id":"https:\/\/stuttgarti-katolikusok.de\/index.php\/evkozi-10-vasarnap\/#primaryimage"},"thumbnailUrl":"https:\/\/stuttgarti-katolikusok.de\/wp-content\/uploads\/2023\/06\/prokop-peter-festmenye-a-szegedi-szeminariumban.jpg","articleSection":["A liturgia olvasm\u00e1nyai","Vas\u00e1rnapi gondolatok"],"inLanguage":"hu"},{"@type":"WebPage","@id":"https:\/\/stuttgarti-katolikusok.de\/index.php\/evkozi-10-vasarnap\/","url":"https:\/\/stuttgarti-katolikusok.de\/index.php\/evkozi-10-vasarnap\/","name":"\u00c9vk\u00f6zi 10. vas\u00e1rnap - Stuttgarti Katolikusok","isPartOf":{"@id":"https:\/\/stuttgarti-katolikusok.de\/#website"},"primaryImageOfPage":{"@id":"https:\/\/stuttgarti-katolikusok.de\/index.php\/evkozi-10-vasarnap\/#primaryimage"},"image":{"@id":"https:\/\/stuttgarti-katolikusok.de\/index.php\/evkozi-10-vasarnap\/#primaryimage"},"thumbnailUrl":"https:\/\/stuttgarti-katolikusok.de\/wp-content\/uploads\/2023\/06\/prokop-peter-festmenye-a-szegedi-szeminariumban.jpg","datePublished":"2023-06-10T10:55:47+00:00","author":{"@id":"https:\/\/stuttgarti-katolikusok.de\/#\/schema\/person\/75908d6f8fdc03a57889d27209df7795"},"breadcrumb":{"@id":"https:\/\/stuttgarti-katolikusok.de\/index.php\/evkozi-10-vasarnap\/#breadcrumb"},"inLanguage":"hu","potentialAction":[{"@type":"ReadAction","target":["https:\/\/stuttgarti-katolikusok.de\/index.php\/evkozi-10-vasarnap\/"]}]},{"@type":"ImageObject","inLanguage":"hu","@id":"https:\/\/stuttgarti-katolikusok.de\/index.php\/evkozi-10-vasarnap\/#primaryimage","url":"https:\/\/stuttgarti-katolikusok.de\/wp-content\/uploads\/2023\/06\/prokop-peter-festmenye-a-szegedi-szeminariumban.jpg","contentUrl":"https:\/\/stuttgarti-katolikusok.de\/wp-content\/uploads\/2023\/06\/prokop-peter-festmenye-a-szegedi-szeminariumban.jpg","width":1141,"height":642},{"@type":"BreadcrumbList","@id":"https:\/\/stuttgarti-katolikusok.de\/index.php\/evkozi-10-vasarnap\/#breadcrumb","itemListElement":[{"@type":"ListItem","position":1,"name":"Kezd\u0151lap","item":"https:\/\/stuttgarti-katolikusok.de\/"},{"@type":"ListItem","position":2,"name":"\u00c9vk\u00f6zi 10. vas\u00e1rnap"}]},{"@type":"WebSite","@id":"https:\/\/stuttgarti-katolikusok.de\/#website","url":"https:\/\/stuttgarti-katolikusok.de\/","name":"Stuttgarti Katolikusok","description":"","potentialAction":[{"@type":"SearchAction","target":{"@type":"EntryPoint","urlTemplate":"https:\/\/stuttgarti-katolikusok.de\/?s={search_term_string}"},"query-input":{"@type":"PropertyValueSpecification","valueRequired":true,"valueName":"search_term_string"}}],"inLanguage":"hu"},{"@type":"Person","@id":"https:\/\/stuttgarti-katolikusok.de\/#\/schema\/person\/75908d6f8fdc03a57889d27209df7795","name":"Tibor atya","image":{"@type":"ImageObject","inLanguage":"hu","@id":"https:\/\/secure.gravatar.com\/avatar\/61d268e57d1f4525b111222e29d2d5a7f8c420fdbf231ba5566a8ceac74fa960?s=96&d=mm&r=g","url":"https:\/\/secure.gravatar.com\/avatar\/61d268e57d1f4525b111222e29d2d5a7f8c420fdbf231ba5566a8ceac74fa960?s=96&d=mm&r=g","contentUrl":"https:\/\/secure.gravatar.com\/avatar\/61d268e57d1f4525b111222e29d2d5a7f8c420fdbf231ba5566a8ceac74fa960?s=96&d=mm&r=g","caption":"Tibor atya"},"url":"https:\/\/stuttgarti-katolikusok.de\/index.php\/author\/tibor-atya\/"}]}},"_links":{"self":[{"href":"https:\/\/stuttgarti-katolikusok.de\/index.php\/wp-json\/wp\/v2\/posts\/26962","targetHints":{"allow":["GET"]}}],"collection":[{"href":"https:\/\/stuttgarti-katolikusok.de\/index.php\/wp-json\/wp\/v2\/posts"}],"about":[{"href":"https:\/\/stuttgarti-katolikusok.de\/index.php\/wp-json\/wp\/v2\/types\/post"}],"author":[{"embeddable":true,"href":"https:\/\/stuttgarti-katolikusok.de\/index.php\/wp-json\/wp\/v2\/users\/3"}],"replies":[{"embeddable":true,"href":"https:\/\/stuttgarti-katolikusok.de\/index.php\/wp-json\/wp\/v2\/comments?post=26962"}],"version-history":[{"count":1,"href":"https:\/\/stuttgarti-katolikusok.de\/index.php\/wp-json\/wp\/v2\/posts\/26962\/revisions"}],"predecessor-version":[{"id":26964,"href":"https:\/\/stuttgarti-katolikusok.de\/index.php\/wp-json\/wp\/v2\/posts\/26962\/revisions\/26964"}],"wp:featuredmedia":[{"embeddable":true,"href":"https:\/\/stuttgarti-katolikusok.de\/index.php\/wp-json\/wp\/v2\/media\/26963"}],"wp:attachment":[{"href":"https:\/\/stuttgarti-katolikusok.de\/index.php\/wp-json\/wp\/v2\/media?parent=26962"}],"wp:term":[{"taxonomy":"category","embeddable":true,"href":"https:\/\/stuttgarti-katolikusok.de\/index.php\/wp-json\/wp\/v2\/categories?post=26962"},{"taxonomy":"post_tag","embeddable":true,"href":"https:\/\/stuttgarti-katolikusok.de\/index.php\/wp-json\/wp\/v2\/tags?post=26962"}],"curies":[{"name":"wp","href":"https:\/\/api.w.org\/{rel}","templated":true}]}}