{"id":26959,"date":"2023-06-08T23:59:01","date_gmt":"2023-06-08T21:59:01","guid":{"rendered":"https:\/\/stuttgarti-katolikusok.de\/?p=26959"},"modified":"2023-06-08T23:59:01","modified_gmt":"2023-06-08T21:59:01","slug":"krisztus-szent-teste-es-vere-urnapja","status":"publish","type":"post","link":"https:\/\/stuttgarti-katolikusok.de\/index.php\/krisztus-szent-teste-es-vere-urnapja\/","title":{"rendered":"Krisztus Szent Teste \u00e9s V\u00e9re, \u00darnapja"},"content":{"rendered":"<p><span style=\"color: #ff0000;\">Kezd\u0151\u00e9nek:<\/span><br \/>\nA gabona jav\u00e1val t\u00e1pl\u00e1lta \u0151ket az \u00dar, \u00e9s j\u00f3llakatta m\u00e9zzel a szikl\u00e1b\u00f3l. (Zsolt 80,17)<\/p>\n<p><span style=\"color: #ff0000;\">K\u00f6ny\u00f6rg\u00e9s:<\/span><br \/>\nUrunk, J\u00e9zus Krisztus, te ebben a csod\u00e1latos szents\u00e9gben k\u00ednszenved\u00e9sed eml\u00e9k\u00e9t hagytad r\u00e1nk. Add, k\u00e9r\u00fcnk, tested \u00e9s v\u00e9red szent titk\u00e1t \u00fagy tiszteln\u00fcnk, hogy megv\u00e1lt\u00e1sod gy\u00fcm\u00f6lcs\u00e9t sz\u00fcntelen\u00fcl \u00e9lvezz\u00fck. Aki \u00e9lsz \u00e9s uralkodol a Szentl\u00e9lekkel egys\u00e9gben, Isten mind\u00f6r\u00f6kk\u00f6n \u00f6r\u00f6kk\u00e9.<\/p>\n<p align=\"justify\"><span style=\"color: #ff0000;\">OLVASM\u00c1NY M\u00f3zes \u00f6t\u00f6dik k\u00f6nyv\u00e9b\u0151l (MT\u00f6rv 8,2-3.14b-16a)<\/span><br \/>\n<em>Az \u00dar a puszt\u00e1ban mann\u00e1val t\u00e1pl\u00e1lta n\u00e9p\u00e9t.<\/em><br \/>\nA negyven\u00e9ves pusztai v\u00e1ndorl\u00e1s ut\u00e1n M\u00f3zes \u00edgy besz\u00e9lt a n\u00e9phez: Gondolj az eg\u00e9sz \u00fatra, amelyen az \u00dar, a te Istened negyven \u00e9ven \u00e1t vezetett a puszt\u00e1ban, hogy megsanyargasson, pr\u00f3b\u00e1ra tegyen, megvizsg\u00e1lja a sz\u00edvedet, vajon megtartod-e majd parancsait vagy sem. Sanyargatott \u00e9s hagyta, hogy \u00e9hezz, azt\u00e1n mann\u00e1val t\u00e1pl\u00e1lt, amelyet nem ismert\u00e9l \u00e9s aty\u00e1id sem ismertek, hogy megtudd: nemcsak keny\u00e9rrel \u00e9l az ember, hanem mindazzal, ami az \u00dar sz\u00e1j\u00e1b\u00f3l sz\u00e1rmazik.<br \/>\nNe felejtsd el az Urat, a te Istenedet, aki kihozott Egyiptom f\u00f6ldj\u00e9r\u0151l, a szolgas\u00e1g h\u00e1z\u00e1b\u00f3l, \u00e1tvezetett a m\u00e9rges k\u00edgy\u00f3k \u00e9s skorpi\u00f3k lakta nagy \u00e9s f\u00e9lelmetes puszt\u00e1n meg a v\u00edztelen sivatagon. A k\u0151szikl\u00e1b\u00f3l fakasztott vizet neked, a puszt\u00e1ban pedig mann\u00e1val t\u00e1pl\u00e1lt, amelyet aty\u00e1id sem ismertek.<br \/>\nEz az Isten ig\u00e9je.<\/p>\n<p align=\"justify\"><span style=\"color: #ff0000;\">V\u00c1LASZOS ZSOLT\u00c1R (Zsolt 147,12-13.14-15.19-20)<\/span><br \/>\nV\u00e1lasz:\u00a0<strong>Jeruzs\u00e1lem, szentek otthona, * dics\u00e9rd f\u00f6ls\u00e9ges Istened!<\/strong>\u00a07b. t\u00f3nus.<br \/>\nEl\u0151\u00e9nekes: Dics\u00e9rd Uradat, Jeruzs\u00e1lem, * magasztald, Sion, Istenedet.<br \/>\nMert er\u0151ss\u00e9 tette kapuid z\u00e1r\u00e1t, * \u00e9s meg\u00e1ldotta benned fiaidat.<br \/>\nH\u00edvek: Jeruzs\u00e1lem, szentek otthona, * dics\u00e9rd f\u00f6ls\u00e9ges Istened!<br \/>\nE: Hat\u00e1raidon \u0151 ad b\u00e9k\u00e9t, * \u00e9s j\u00f3llakat k\u00f6v\u00e9r b\u00faz\u00e1val.<br \/>\nElk\u00fcldi szav\u00e1t a f\u00f6ldre, * az \u0151 ig\u00e9je gyorsan terjed.<br \/>\nH: Jeruzs\u00e1lem, szentek otthona, * dics\u00e9rd f\u00f6ls\u00e9ges Istened!<br \/>\nE: Ig\u00e9j\u00e9t J\u00e1kobnak hirdeti, * t\u00f6rv\u00e9nyeit \u00e9s v\u00e9gz\u00e9seit Izraelnek.<br \/>\nEgyetlen n\u00e9ppel sem b\u00e1nt \u00edgy, * v\u00e9gz\u00e9seit nem fedte fel senki m\u00e1snak.<br \/>\nH: Jeruzs\u00e1lem, szentek otthona, * dics\u00e9rd f\u00f6ls\u00e9ges Istened!<\/p>\n<p align=\"justify\"><span style=\"color: #ff0000;\">SZENTLECKE Szent P\u00e1l apostolnak a korintusiakhoz \u00edrt els\u0151 level\u00e9b\u0151l (1Kor 10,16-17)<\/span><br \/>\n<em>Sokan egy keny\u00e9r, egy test vagyunk.<\/em><br \/>\nTestv\u00e9reim!<br \/>\nAz \u00e1ld\u00e1s kelyhe, amelyet meg\u00e1ldunk, nemde Krisztus v\u00e9r\u00e9ben val\u00f3 r\u00e9szesed\u00e9s? \u00c9s a keny\u00e9r, amelyet megt\u00f6r\u00fcnk, nemde Krisztus test\u00e9ben val\u00f3 r\u00e9szesed\u00e9s?<br \/>\nMi ugyanis sokan egy keny\u00e9r, egy test vagyunk; mert mindny\u00e1jan egy keny\u00e9rb\u0151l r\u00e9szes\u00fcl\u00fcnk.<br \/>\nEz az Isten ig\u00e9je.<\/p>\n<p align=\"justify\">\n<span style=\"color: #ff0000;\">ALLELUJA<\/span><br \/>\nJ\u00e9zus mondja: \u2020 \u201e\u00c9n vagyok az \u00e9gb\u0151l sz\u00e1llott \u00e9l\u0151 keny\u00e9r. * Aki eszik ebb\u0151l a keny\u00e9rb\u0151l, \u00f6r\u00f6kk\u00e9 \u00e9lni fog.\u201d Jn 6,51-52 \u2013 5. t\u00f3nus.<\/p>\n<p align=\"justify\"><span style=\"color: #ff0000;\">\u2020 EVANG\u00c9LIUM Szent J\u00e1nos k\u00f6nyv\u00e9b\u0151l (Jn 6,51-58)<\/span><br \/>\n<em>Az \u00e9n testem val\u00f3ban \u00e9tel, az \u00e9n v\u00e9rem val\u00f3ban ital.<\/em><br \/>\nAbban az id\u0151ben \u00edgy besz\u00e9lt J\u00e9zus a zsid\u00f3 t\u00f6meghez: \u201e\u00c9n vagyok a mennyb\u0151l al\u00e1sz\u00e1llott, \u00e9l\u0151 keny\u00e9r. Aki ebb\u0151l a keny\u00e9rb\u0151l eszik, \u00f6r\u00f6kk\u00e9 fog \u00e9lni. Az a keny\u00e9r, amelyet \u00e9n adok, az \u00e9n testem a vil\u00e1g \u00e9let\u00e9\u00e9rt.\u201d<br \/>\nVita t\u00e1madt erre a zsid\u00f3k k\u00f6z\u00f6tt: \u201eHogyan adhatja ez test\u00e9t eledel\u00fcl nek\u00fcnk?\u201d J\u00e9zus \u00edgy felelt nekik: \u201eBizony, bizony, mondom nektek: Ha nem eszitek az Emberfia test\u00e9t, \u00e9s nem issz\u00e1tok az \u0151 v\u00e9r\u00e9t, nem lesz \u00e9let bennetek. Aki eszi az \u00e9n testemet, \u00e9s issza az \u00e9n v\u00e9remet, annak \u00f6r\u00f6k \u00e9lete van, \u00e9s \u00e9n felt\u00e1masztom \u0151t az utols\u00f3 napon. Mert az \u00e9n testem val\u00f3ban \u00e9tel, \u00e9s az \u00e9n v\u00e9rem val\u00f3ban ital. Aki eszi az \u00e9n testemet, \u00e9s issza az \u00e9n v\u00e9remet, az bennem marad, \u00e9s \u00e9n \u0151benne. Amint engem az \u00e9l\u0151 Atya k\u00fcld\u00f6tt, \u00e9s \u00e9n az Atya \u00e1ltal \u00e9lek, \u00fagy az is, aki engem eszik, \u00e9n\u00e1ltalam \u00e9l. Ez az \u00e9gb\u0151l al\u00e1sz\u00e1llott keny\u00e9r! Nem az, amelyet aty\u00e1itok ettek \u00e9s meghaltak! Aki ezt a kenyeret eszi, \u00f6r\u00f6kk\u00e9 \u00e9l!\u201d \u00cdgy tan\u00edtott J\u00e9zus a kafarnaumi zsinag\u00f3g\u00e1ban.<br \/>\nEzek az evang\u00e9lium ig\u00e9i.<\/p>\n<p><span style=\"color: #ff0000;\">EGYETEMES K\u00d6NY\u00d6RG\u00c9SEK<\/span><br \/>\nPap: Testv\u00e9reim! \u00dcnnepi \u00f6r\u00f6mmel im\u00e1djuk az Olt\u00e1riszents\u00e9get! K\u00e9rj\u00fck Megv\u00e1lt\u00f3nkat \u00e9s j\u00f3 P\u00e1sztorunkat, hogy hallgassa meg al\u00e1zatos k\u00f6ny\u00f6rg\u00e9s\u00fcnket!<br \/>\nLektor: 1. Add, Urunk, hogy Egyh\u00e1zad mindig egy legyen a keny\u00e9rt\u00f6r\u00e9s k\u00f6z\u00f6ss\u00e9g\u00e9ben!<br \/>\nH\u00edvek: K\u00e9r\u00fcnk t\u00e9ged, hallgass meg minket!<br \/>\n2. Szenteld meg papjainkat, hogy szentek legyenek \u00e9s szent\u00fcl szolg\u00e1ltass\u00e1k ki szents\u00e9geidet!<br \/>\nH\u00edvek: K\u00e9r\u00fcnk t\u00e9ged . . .<br \/>\n3. \u00dagy nevelj minket az Olt\u00e1riszents\u00e9g gyakori v\u00e9tele \u00e1ltal, hogy mindenn\u00e9l t\u00f6bbre becs\u00fclj\u00fck lelk\u00fcnk kegyelmi \u00e1llapot\u00e1t!<br \/>\nH\u00edvek: K\u00e9r\u00fcnk t\u00e9ged . . .<br \/>\n4. Add, Urunk, hogy szeretetlakom\u00e1dra, a szentmis\u00e9re sz\u00f3l\u00f3 h\u00edv\u00e1snak mindig \u00f6r\u00f6mmel \u00e9s \u00e1ldozatk\u00e9sz l\u00e9lekkel engedelmeskedj\u00fcnk!<br \/>\nH\u00edvek: K\u00e9r\u00fcnk t\u00e9ged . . .<br \/>\n5. V\u00e9g\u00fcl ne engedd, Urunk, hogy a Szent \u00datraval\u00f3 n\u00e9lk\u00fcl t\u00e1vozzunk a f\u00f6ldi \u00e9letb\u0151l!<br \/>\nH\u00edvek: K\u00e9r\u00fcnk t\u00e9ged . . .<br \/>\nPap: Urunk, J\u00e9zus Krisztus! Add, k\u00e9r\u00fcnk, hogy a szentmise kegyelmeiben mindig b\u0151ven r\u00e9szes\u00fclj\u00fcnk, \u00e9s az Olt\u00e1riszents\u00e9gben \u0151szinte odaad\u00e1ssal, tiszta l\u00e9lekkel vegy\u00fcnk magunkhoz. Aki \u00e9lsz \u00e9s uralkodol mind\u00f6r\u00f6kk\u00f6n \u00f6r\u00f6kk\u00e9.<br \/>\nH\u00edvek: \u00c1men.<\/p>\n<p><span style=\"color: #ff0000;\">Felaj\u00e1nl\u00f3 k\u00f6ny\u00f6rg\u00e9s:<\/span><br \/>\nK\u00e9r\u00fcnk, Isten\u00fcnk, add meg Egyh\u00e1zadnak az egys\u00e9g \u00e9s a b\u00e9ke aj\u00e1nd\u00e9k\u00e1t, amelyet a felaj\u00e1nlott \u00e1ldozati adom\u00e1nyok titokzatosan jelk\u00e9peznek. Krisztus, a mi Urunk \u00e1ltal.<\/p>\n<p><span style=\"color: #ff0000;\">Pref\u00e1ci\u00f3:<\/span><br \/>\n<em><span style=\"color: #ff0000;\">A LEGSZENTEBB OLT\u00c1RISZENTS\u00c9GR\u0150L I.<\/span><br \/>\nAz Eucharisztia Krisztus \u00e1ldozata \u00e9s szents\u00e9ge<br \/>\nA k\u00f6vetkez\u0151 pref\u00e1ci\u00f3t Nagycs\u00fct\u00f6rt\u00f6k\u00f6n mondjuk; mondhat\u00f3 m\u00e9g Krisztus szent teste \u00e9s v\u00e9re: \u00darnapja f\u0151\u00fcnnep\u00e9n, tov\u00e1bb\u00e1 az Olt\u00e1riszents\u00e9gr\u0151l sz\u00f3l\u00f3 vot\u00edv mis\u00e9kben.<\/em><\/p>\n<p>Az \u00dar legyen veletek.<br \/>\nH.: \u00c9s a te lelkeddel.<br \/>\nEmelj\u00fck f\u00f6l sz\u00edv\u00fcnket.<br \/>\nH.: F\u00f6lemelt\u00fck az \u00darhoz.<br \/>\nAdjunk h\u00e1l\u00e1t Urunknak, Isten\u00fcnknek.<br \/>\nH.: M\u00e9lt\u00f3 \u00e9s igazs\u00e1gos.<br \/>\n(Mert) Val\u00f3ban m\u00e9lt\u00f3 \u00e9s igazs\u00e1gos, ill\u0151 \u00e9s \u00fcdv\u00f6s, hogy mindig \u00e9s minden\u00fctt h\u00e1l\u00e1t adjunk n\u00e9ked, mi Urunk, szents\u00e9ges Aty\u00e1nk, mindenhat\u00f3, \u00f6r\u00f6k Isten: Krisztus, a mi Urunk \u00e1ltal.<br \/>\n(Mert) \u0150 az igazi \u00f6r\u00f6k F\u0151pap, ki \u00fcdv\u00f6ss\u00e9g\u00fcnk\u00e9rt fel\u00e1ldozta \u00f6nmag\u00e1t, \u2013 \u00e9s minden id\u0151kre sz\u00f3l\u00f3 \u00e1ldozatot RENdelt, meghagyva, hogy eml\u00e9kezet\u00e9re mi is felaj\u00e1nljuk n\u00e9ked. Ha \u00e9rt\u00fcnk adott test\u00e9t magunkhoz vessz\u00fck, er\u0151t \u00e1raszt lelk\u00fcnkbe, \u2013 ha \u00e9rt\u00fcnk ontott v\u00e9r\u00e9t ISSZuk, tiszt\u00e1ra mos minket.<br \/>\n(\u00c9s) Ez\u00e9rt mi is, mik\u00e9nt az angyalok \u00e9s f\u0151angyalok, a tr\u00f3nod k\u00f6r\u00fcl \u00e1ll\u00f3 hatalmas \u00e9gi szellemek, \u00e9s minden seregek a mennyben, (a te) dics\u0151s\u00e9ged himnusz\u00e1t zengj\u00fck, \u2013 \u00e9s vel\u00fck EGy\u00fctt v\u00e9g n\u00e9lk\u00fcl mondjuk: (\u00e9nekelj\u00fck:)<\/p>\n<p><span style=\"color: #ff0000;\">\u00c1ldoz\u00e1si \u00e9nek:<\/span><br \/>\nAki eszi az \u00e9n testemet \u00e9s issza az \u00e9n v\u00e9remet, az bennem marad, \u00e9n meg benne &#8211; mondja az \u00dar. (Jn 6,57)<\/p>\n<p><span style=\"color: #ff0000;\">\u00c1ldoz\u00e1s ut\u00e1ni k\u00f6ny\u00f6rg\u00e9s:<\/span><br \/>\nK\u00e9r\u00fcnk, Urunk, t\u00f6ltsd be lelk\u00fcnket istens\u00e9ged \u00f6r\u00f6kk\u00e9val\u00f3 \u00e9lvezet\u00e9vel, amelyet dr\u00e1ga testednek \u00e9s v\u00e9rednek mostani v\u00e9tele m\u00e1r el\u0151re jelez. Aki \u00e9lsz \u00e9s uralkodol mind\u00f6r\u00f6kk\u00f6n \u00f6r\u00f6kk\u00e9.<\/p>\n<p><em>(Weingarten &#8211; Bazilika &#8211; \u00darnapja)<\/em><\/p>\n","protected":false},"excerpt":{"rendered":"<p>Kezd\u0151\u00e9nek: A gabona jav\u00e1val t\u00e1pl\u00e1lta \u0151ket az \u00dar, \u00e9s j\u00f3llakatta m\u00e9zzel a szikl\u00e1b\u00f3l. (Zsolt 80,17) K\u00f6ny\u00f6rg\u00e9s: Urunk, J\u00e9zus Krisztus, te ebben a csod\u00e1latos szents\u00e9gben k\u00ednszenved\u00e9sed eml\u00e9k\u00e9t hagytad r\u00e1nk. Add, k\u00e9r\u00fcnk, tested \u00e9s v\u00e9red szent titk\u00e1t \u00fagy tiszteln\u00fcnk, hogy megv\u00e1lt\u00e1sod gy\u00fcm\u00f6lcs\u00e9t sz\u00fcntelen\u00fcl \u00e9lvezz\u00fck. Aki \u00e9lsz \u00e9s uralkodol a Szentl\u00e9lekkel egys\u00e9gben, Isten mind\u00f6r\u00f6kk\u00f6n \u00f6r\u00f6kk\u00e9. OLVASM\u00c1NY M\u00f3zes \u00f6t\u00f6dik k\u00f6nyv\u00e9b\u0151l (MT\u00f6rv 8,2-3.14b-16a) Az \u00dar a puszt\u00e1ban mann\u00e1val t\u00e1pl\u00e1lta n\u00e9p\u00e9t. A negyven\u00e9ves pusztai v\u00e1ndorl\u00e1s ut\u00e1n M\u00f3zes \u00edgy besz\u00e9lt a n\u00e9phez: Gondolj az eg\u00e9sz \u00fatra, amelyen az \u00dar, a te Istened negyven \u00e9ven \u00e1t vezetett a puszt\u00e1ban, hogy megsanyargasson, pr\u00f3b\u00e1ra tegyen, megvizsg\u00e1lja a sz\u00edvedet, vajon megtartod-e majd parancsait vagy sem. Sanyargatott \u00e9s hagyta, hogy \u00e9hezz, azt\u00e1n mann\u00e1val t\u00e1pl\u00e1lt, amelyet nem ismert\u00e9l \u00e9s aty\u00e1id sem ismertek, hogy megtudd: nemcsak keny\u00e9rrel \u00e9l az ember, hanem mindazzal, ami az \u00dar sz\u00e1j\u00e1b\u00f3l sz\u00e1rmazik. Ne felejtsd el az Urat, a te Istenedet, aki kihozott Egyiptom f\u00f6ldj\u00e9r\u0151l, a szolgas\u00e1g h\u00e1z\u00e1b\u00f3l, \u00e1tvezetett a m\u00e9rges k\u00edgy\u00f3k \u00e9s skorpi\u00f3k lakta nagy \u00e9s f\u00e9lelmetes puszt\u00e1n meg a v\u00edztelen sivatagon. A k\u0151szikl\u00e1b\u00f3l fakasztott vizet neked, a puszt\u00e1ban pedig mann\u00e1val t\u00e1pl\u00e1lt, amelyet aty\u00e1id sem ismertek. Ez az Isten ig\u00e9je. V\u00c1LASZOS ZSOLT\u00c1R (Zsolt 147,12-13.14-15.19-20) V\u00e1lasz:\u00a0Jeruzs\u00e1lem, szentek otthona, * dics\u00e9rd f\u00f6ls\u00e9ges Istened!\u00a07b. t\u00f3nus. El\u0151\u00e9nekes: Dics\u00e9rd Uradat, Jeruzs\u00e1lem, * magasztald, Sion, Istenedet. Mert er\u0151ss\u00e9 tette kapuid z\u00e1r\u00e1t, * \u00e9s meg\u00e1ldotta benned fiaidat. H\u00edvek: Jeruzs\u00e1lem, szentek otthona, * dics\u00e9rd f\u00f6ls\u00e9ges Istened! E: Hat\u00e1raidon \u0151 ad b\u00e9k\u00e9t, * \u00e9s j\u00f3llakat k\u00f6v\u00e9r b\u00faz\u00e1val. Elk\u00fcldi szav\u00e1t a f\u00f6ldre, * az \u0151 ig\u00e9je gyorsan terjed. H: Jeruzs\u00e1lem, szentek otthona, * dics\u00e9rd f\u00f6ls\u00e9ges Istened! E: Ig\u00e9j\u00e9t J\u00e1kobnak hirdeti, * t\u00f6rv\u00e9nyeit \u00e9s v\u00e9gz\u00e9seit Izraelnek. Egyetlen n\u00e9ppel sem b\u00e1nt \u00edgy, * v\u00e9gz\u00e9seit nem fedte fel senki m\u00e1snak. H: Jeruzs\u00e1lem, szentek otthona, * dics\u00e9rd f\u00f6ls\u00e9ges Istened! SZENTLECKE Szent P\u00e1l apostolnak a korintusiakhoz \u00edrt els\u0151 level\u00e9b\u0151l (1Kor 10,16-17) Sokan egy keny\u00e9r, egy test vagyunk. Testv\u00e9reim! Az \u00e1ld\u00e1s kelyhe, amelyet meg\u00e1ldunk, nemde&#8230; <\/p>\n<p><a class=\"readmore\" href=\"https:\/\/stuttgarti-katolikusok.de\/index.php\/krisztus-szent-teste-es-vere-urnapja\/\">R\u00e9szletek<\/a><\/p>\n","protected":false},"author":3,"featured_media":26960,"comment_status":"closed","ping_status":"closed","sticky":false,"template":"","format":"standard","meta":{"footnotes":""},"categories":[85],"tags":[],"class_list":["post-26959","post","type-post","status-publish","format-standard","has-post-thumbnail","hentry","category-a-liturgia-olvasmanyai"],"yoast_head":"<!-- This site is optimized with the Yoast SEO plugin v27.3 - https:\/\/yoast.com\/product\/yoast-seo-wordpress\/ -->\n<title>Krisztus Szent Teste \u00e9s V\u00e9re, \u00darnapja - Stuttgarti Katolikusok<\/title>\n<meta name=\"robots\" content=\"index, follow, max-snippet:-1, max-image-preview:large, max-video-preview:-1\" \/>\n<link rel=\"canonical\" href=\"https:\/\/stuttgarti-katolikusok.de\/index.php\/krisztus-szent-teste-es-vere-urnapja\/\" \/>\n<meta property=\"og:locale\" content=\"hu_HU\" \/>\n<meta property=\"og:type\" content=\"article\" \/>\n<meta property=\"og:title\" content=\"Krisztus Szent Teste \u00e9s V\u00e9re, \u00darnapja - Stuttgarti Katolikusok\" \/>\n<meta property=\"og:description\" content=\"Kezd\u0151\u00e9nek: A gabona jav\u00e1val t\u00e1pl\u00e1lta \u0151ket az \u00dar, \u00e9s j\u00f3llakatta m\u00e9zzel a szikl\u00e1b\u00f3l. (Zsolt 80,17) K\u00f6ny\u00f6rg\u00e9s: Urunk, J\u00e9zus Krisztus, te ebben a csod\u00e1latos szents\u00e9gben k\u00ednszenved\u00e9sed eml\u00e9k\u00e9t hagytad r\u00e1nk. Add, k\u00e9r\u00fcnk, tested \u00e9s v\u00e9red szent titk\u00e1t \u00fagy tiszteln\u00fcnk, hogy megv\u00e1lt\u00e1sod gy\u00fcm\u00f6lcs\u00e9t sz\u00fcntelen\u00fcl \u00e9lvezz\u00fck. Aki \u00e9lsz \u00e9s uralkodol a Szentl\u00e9lekkel egys\u00e9gben, Isten mind\u00f6r\u00f6kk\u00f6n \u00f6r\u00f6kk\u00e9. OLVASM\u00c1NY M\u00f3zes \u00f6t\u00f6dik k\u00f6nyv\u00e9b\u0151l (MT\u00f6rv 8,2-3.14b-16a) Az \u00dar a puszt\u00e1ban mann\u00e1val t\u00e1pl\u00e1lta n\u00e9p\u00e9t. A negyven\u00e9ves pusztai v\u00e1ndorl\u00e1s ut\u00e1n M\u00f3zes \u00edgy besz\u00e9lt a n\u00e9phez: Gondolj az eg\u00e9sz \u00fatra, amelyen az \u00dar, a te Istened negyven \u00e9ven \u00e1t vezetett a puszt\u00e1ban, hogy megsanyargasson, pr\u00f3b\u00e1ra tegyen, megvizsg\u00e1lja a sz\u00edvedet, vajon megtartod-e majd parancsait vagy sem. Sanyargatott \u00e9s hagyta, hogy \u00e9hezz, azt\u00e1n mann\u00e1val t\u00e1pl\u00e1lt, amelyet nem ismert\u00e9l \u00e9s aty\u00e1id sem ismertek, hogy megtudd: nemcsak keny\u00e9rrel \u00e9l az ember, hanem mindazzal, ami az \u00dar sz\u00e1j\u00e1b\u00f3l sz\u00e1rmazik. Ne felejtsd el az Urat, a te Istenedet, aki kihozott Egyiptom f\u00f6ldj\u00e9r\u0151l, a szolgas\u00e1g h\u00e1z\u00e1b\u00f3l, \u00e1tvezetett a m\u00e9rges k\u00edgy\u00f3k \u00e9s skorpi\u00f3k lakta nagy \u00e9s f\u00e9lelmetes puszt\u00e1n meg a v\u00edztelen sivatagon. A k\u0151szikl\u00e1b\u00f3l fakasztott vizet neked, a puszt\u00e1ban pedig mann\u00e1val t\u00e1pl\u00e1lt, amelyet aty\u00e1id sem ismertek. Ez az Isten ig\u00e9je. V\u00c1LASZOS ZSOLT\u00c1R (Zsolt 147,12-13.14-15.19-20) V\u00e1lasz:\u00a0Jeruzs\u00e1lem, szentek otthona, * dics\u00e9rd f\u00f6ls\u00e9ges Istened!\u00a07b. t\u00f3nus. El\u0151\u00e9nekes: Dics\u00e9rd Uradat, Jeruzs\u00e1lem, * magasztald, Sion, Istenedet. Mert er\u0151ss\u00e9 tette kapuid z\u00e1r\u00e1t, * \u00e9s meg\u00e1ldotta benned fiaidat. H\u00edvek: Jeruzs\u00e1lem, szentek otthona, * dics\u00e9rd f\u00f6ls\u00e9ges Istened! E: Hat\u00e1raidon \u0151 ad b\u00e9k\u00e9t, * \u00e9s j\u00f3llakat k\u00f6v\u00e9r b\u00faz\u00e1val. Elk\u00fcldi szav\u00e1t a f\u00f6ldre, * az \u0151 ig\u00e9je gyorsan terjed. H: Jeruzs\u00e1lem, szentek otthona, * dics\u00e9rd f\u00f6ls\u00e9ges Istened! E: Ig\u00e9j\u00e9t J\u00e1kobnak hirdeti, * t\u00f6rv\u00e9nyeit \u00e9s v\u00e9gz\u00e9seit Izraelnek. Egyetlen n\u00e9ppel sem b\u00e1nt \u00edgy, * v\u00e9gz\u00e9seit nem fedte fel senki m\u00e1snak. H: Jeruzs\u00e1lem, szentek otthona, * dics\u00e9rd f\u00f6ls\u00e9ges Istened! SZENTLECKE Szent P\u00e1l apostolnak a korintusiakhoz \u00edrt els\u0151 level\u00e9b\u0151l (1Kor 10,16-17) Sokan egy keny\u00e9r, egy test vagyunk. Testv\u00e9reim! Az \u00e1ld\u00e1s kelyhe, amelyet meg\u00e1ldunk, nemde... R\u00e9szletek\" \/>\n<meta property=\"og:url\" content=\"https:\/\/stuttgarti-katolikusok.de\/index.php\/krisztus-szent-teste-es-vere-urnapja\/\" \/>\n<meta property=\"og:site_name\" content=\"Stuttgarti Katolikusok\" \/>\n<meta property=\"article:published_time\" content=\"2023-06-08T21:59:01+00:00\" \/>\n<meta property=\"og:image\" content=\"https:\/\/stuttgarti-katolikusok.de\/wp-content\/uploads\/2023\/06\/urnapja-weingarten-1.jpg\" \/>\n\t<meta property=\"og:image:width\" content=\"1530\" \/>\n\t<meta property=\"og:image:height\" content=\"2040\" \/>\n\t<meta property=\"og:image:type\" content=\"image\/jpeg\" \/>\n<meta name=\"author\" content=\"Tibor atya\" \/>\n<meta name=\"twitter:card\" content=\"summary_large_image\" \/>\n<meta name=\"twitter:label1\" content=\"Szerz\u0151:\" \/>\n\t<meta name=\"twitter:data1\" content=\"Tibor atya\" \/>\n\t<meta name=\"twitter:label2\" content=\"Becs\u00fclt olvas\u00e1si id\u0151\" \/>\n\t<meta name=\"twitter:data2\" content=\"5 perc\" \/>\n<script type=\"application\/ld+json\" class=\"yoast-schema-graph\">{\"@context\":\"https:\\\/\\\/schema.org\",\"@graph\":[{\"@type\":\"Article\",\"@id\":\"https:\\\/\\\/stuttgarti-katolikusok.de\\\/index.php\\\/krisztus-szent-teste-es-vere-urnapja\\\/#article\",\"isPartOf\":{\"@id\":\"https:\\\/\\\/stuttgarti-katolikusok.de\\\/index.php\\\/krisztus-szent-teste-es-vere-urnapja\\\/\"},\"author\":{\"name\":\"Tibor atya\",\"@id\":\"https:\\\/\\\/stuttgarti-katolikusok.de\\\/#\\\/schema\\\/person\\\/75908d6f8fdc03a57889d27209df7795\"},\"headline\":\"Krisztus Szent Teste \u00e9s V\u00e9re, \u00darnapja\",\"datePublished\":\"2023-06-08T21:59:01+00:00\",\"mainEntityOfPage\":{\"@id\":\"https:\\\/\\\/stuttgarti-katolikusok.de\\\/index.php\\\/krisztus-szent-teste-es-vere-urnapja\\\/\"},\"wordCount\":1359,\"image\":{\"@id\":\"https:\\\/\\\/stuttgarti-katolikusok.de\\\/index.php\\\/krisztus-szent-teste-es-vere-urnapja\\\/#primaryimage\"},\"thumbnailUrl\":\"https:\\\/\\\/stuttgarti-katolikusok.de\\\/wp-content\\\/uploads\\\/2023\\\/06\\\/urnapja-weingarten-1.jpg\",\"articleSection\":[\"A liturgia olvasm\u00e1nyai\"],\"inLanguage\":\"hu\"},{\"@type\":\"WebPage\",\"@id\":\"https:\\\/\\\/stuttgarti-katolikusok.de\\\/index.php\\\/krisztus-szent-teste-es-vere-urnapja\\\/\",\"url\":\"https:\\\/\\\/stuttgarti-katolikusok.de\\\/index.php\\\/krisztus-szent-teste-es-vere-urnapja\\\/\",\"name\":\"Krisztus Szent Teste \u00e9s V\u00e9re, \u00darnapja - Stuttgarti Katolikusok\",\"isPartOf\":{\"@id\":\"https:\\\/\\\/stuttgarti-katolikusok.de\\\/#website\"},\"primaryImageOfPage\":{\"@id\":\"https:\\\/\\\/stuttgarti-katolikusok.de\\\/index.php\\\/krisztus-szent-teste-es-vere-urnapja\\\/#primaryimage\"},\"image\":{\"@id\":\"https:\\\/\\\/stuttgarti-katolikusok.de\\\/index.php\\\/krisztus-szent-teste-es-vere-urnapja\\\/#primaryimage\"},\"thumbnailUrl\":\"https:\\\/\\\/stuttgarti-katolikusok.de\\\/wp-content\\\/uploads\\\/2023\\\/06\\\/urnapja-weingarten-1.jpg\",\"datePublished\":\"2023-06-08T21:59:01+00:00\",\"author\":{\"@id\":\"https:\\\/\\\/stuttgarti-katolikusok.de\\\/#\\\/schema\\\/person\\\/75908d6f8fdc03a57889d27209df7795\"},\"breadcrumb\":{\"@id\":\"https:\\\/\\\/stuttgarti-katolikusok.de\\\/index.php\\\/krisztus-szent-teste-es-vere-urnapja\\\/#breadcrumb\"},\"inLanguage\":\"hu\",\"potentialAction\":[{\"@type\":\"ReadAction\",\"target\":[\"https:\\\/\\\/stuttgarti-katolikusok.de\\\/index.php\\\/krisztus-szent-teste-es-vere-urnapja\\\/\"]}]},{\"@type\":\"ImageObject\",\"inLanguage\":\"hu\",\"@id\":\"https:\\\/\\\/stuttgarti-katolikusok.de\\\/index.php\\\/krisztus-szent-teste-es-vere-urnapja\\\/#primaryimage\",\"url\":\"https:\\\/\\\/stuttgarti-katolikusok.de\\\/wp-content\\\/uploads\\\/2023\\\/06\\\/urnapja-weingarten-1.jpg\",\"contentUrl\":\"https:\\\/\\\/stuttgarti-katolikusok.de\\\/wp-content\\\/uploads\\\/2023\\\/06\\\/urnapja-weingarten-1.jpg\",\"width\":1530,\"height\":2040},{\"@type\":\"BreadcrumbList\",\"@id\":\"https:\\\/\\\/stuttgarti-katolikusok.de\\\/index.php\\\/krisztus-szent-teste-es-vere-urnapja\\\/#breadcrumb\",\"itemListElement\":[{\"@type\":\"ListItem\",\"position\":1,\"name\":\"Kezd\u0151lap\",\"item\":\"https:\\\/\\\/stuttgarti-katolikusok.de\\\/\"},{\"@type\":\"ListItem\",\"position\":2,\"name\":\"Krisztus Szent Teste \u00e9s V\u00e9re, \u00darnapja\"}]},{\"@type\":\"WebSite\",\"@id\":\"https:\\\/\\\/stuttgarti-katolikusok.de\\\/#website\",\"url\":\"https:\\\/\\\/stuttgarti-katolikusok.de\\\/\",\"name\":\"Stuttgarti Katolikusok\",\"description\":\"\",\"potentialAction\":[{\"@type\":\"SearchAction\",\"target\":{\"@type\":\"EntryPoint\",\"urlTemplate\":\"https:\\\/\\\/stuttgarti-katolikusok.de\\\/?s={search_term_string}\"},\"query-input\":{\"@type\":\"PropertyValueSpecification\",\"valueRequired\":true,\"valueName\":\"search_term_string\"}}],\"inLanguage\":\"hu\"},{\"@type\":\"Person\",\"@id\":\"https:\\\/\\\/stuttgarti-katolikusok.de\\\/#\\\/schema\\\/person\\\/75908d6f8fdc03a57889d27209df7795\",\"name\":\"Tibor atya\",\"image\":{\"@type\":\"ImageObject\",\"inLanguage\":\"hu\",\"@id\":\"https:\\\/\\\/secure.gravatar.com\\\/avatar\\\/61d268e57d1f4525b111222e29d2d5a7f8c420fdbf231ba5566a8ceac74fa960?s=96&d=mm&r=g\",\"url\":\"https:\\\/\\\/secure.gravatar.com\\\/avatar\\\/61d268e57d1f4525b111222e29d2d5a7f8c420fdbf231ba5566a8ceac74fa960?s=96&d=mm&r=g\",\"contentUrl\":\"https:\\\/\\\/secure.gravatar.com\\\/avatar\\\/61d268e57d1f4525b111222e29d2d5a7f8c420fdbf231ba5566a8ceac74fa960?s=96&d=mm&r=g\",\"caption\":\"Tibor atya\"},\"url\":\"https:\\\/\\\/stuttgarti-katolikusok.de\\\/index.php\\\/author\\\/tibor-atya\\\/\"}]}<\/script>\n<!-- \/ Yoast SEO plugin. -->","yoast_head_json":{"title":"Krisztus Szent Teste \u00e9s V\u00e9re, \u00darnapja - Stuttgarti Katolikusok","robots":{"index":"index","follow":"follow","max-snippet":"max-snippet:-1","max-image-preview":"max-image-preview:large","max-video-preview":"max-video-preview:-1"},"canonical":"https:\/\/stuttgarti-katolikusok.de\/index.php\/krisztus-szent-teste-es-vere-urnapja\/","og_locale":"hu_HU","og_type":"article","og_title":"Krisztus Szent Teste \u00e9s V\u00e9re, \u00darnapja - Stuttgarti Katolikusok","og_description":"Kezd\u0151\u00e9nek: A gabona jav\u00e1val t\u00e1pl\u00e1lta \u0151ket az \u00dar, \u00e9s j\u00f3llakatta m\u00e9zzel a szikl\u00e1b\u00f3l. (Zsolt 80,17) K\u00f6ny\u00f6rg\u00e9s: Urunk, J\u00e9zus Krisztus, te ebben a csod\u00e1latos szents\u00e9gben k\u00ednszenved\u00e9sed eml\u00e9k\u00e9t hagytad r\u00e1nk. Add, k\u00e9r\u00fcnk, tested \u00e9s v\u00e9red szent titk\u00e1t \u00fagy tiszteln\u00fcnk, hogy megv\u00e1lt\u00e1sod gy\u00fcm\u00f6lcs\u00e9t sz\u00fcntelen\u00fcl \u00e9lvezz\u00fck. Aki \u00e9lsz \u00e9s uralkodol a Szentl\u00e9lekkel egys\u00e9gben, Isten mind\u00f6r\u00f6kk\u00f6n \u00f6r\u00f6kk\u00e9. OLVASM\u00c1NY M\u00f3zes \u00f6t\u00f6dik k\u00f6nyv\u00e9b\u0151l (MT\u00f6rv 8,2-3.14b-16a) Az \u00dar a puszt\u00e1ban mann\u00e1val t\u00e1pl\u00e1lta n\u00e9p\u00e9t. A negyven\u00e9ves pusztai v\u00e1ndorl\u00e1s ut\u00e1n M\u00f3zes \u00edgy besz\u00e9lt a n\u00e9phez: Gondolj az eg\u00e9sz \u00fatra, amelyen az \u00dar, a te Istened negyven \u00e9ven \u00e1t vezetett a puszt\u00e1ban, hogy megsanyargasson, pr\u00f3b\u00e1ra tegyen, megvizsg\u00e1lja a sz\u00edvedet, vajon megtartod-e majd parancsait vagy sem. Sanyargatott \u00e9s hagyta, hogy \u00e9hezz, azt\u00e1n mann\u00e1val t\u00e1pl\u00e1lt, amelyet nem ismert\u00e9l \u00e9s aty\u00e1id sem ismertek, hogy megtudd: nemcsak keny\u00e9rrel \u00e9l az ember, hanem mindazzal, ami az \u00dar sz\u00e1j\u00e1b\u00f3l sz\u00e1rmazik. Ne felejtsd el az Urat, a te Istenedet, aki kihozott Egyiptom f\u00f6ldj\u00e9r\u0151l, a szolgas\u00e1g h\u00e1z\u00e1b\u00f3l, \u00e1tvezetett a m\u00e9rges k\u00edgy\u00f3k \u00e9s skorpi\u00f3k lakta nagy \u00e9s f\u00e9lelmetes puszt\u00e1n meg a v\u00edztelen sivatagon. A k\u0151szikl\u00e1b\u00f3l fakasztott vizet neked, a puszt\u00e1ban pedig mann\u00e1val t\u00e1pl\u00e1lt, amelyet aty\u00e1id sem ismertek. Ez az Isten ig\u00e9je. V\u00c1LASZOS ZSOLT\u00c1R (Zsolt 147,12-13.14-15.19-20) V\u00e1lasz:\u00a0Jeruzs\u00e1lem, szentek otthona, * dics\u00e9rd f\u00f6ls\u00e9ges Istened!\u00a07b. t\u00f3nus. El\u0151\u00e9nekes: Dics\u00e9rd Uradat, Jeruzs\u00e1lem, * magasztald, Sion, Istenedet. Mert er\u0151ss\u00e9 tette kapuid z\u00e1r\u00e1t, * \u00e9s meg\u00e1ldotta benned fiaidat. H\u00edvek: Jeruzs\u00e1lem, szentek otthona, * dics\u00e9rd f\u00f6ls\u00e9ges Istened! E: Hat\u00e1raidon \u0151 ad b\u00e9k\u00e9t, * \u00e9s j\u00f3llakat k\u00f6v\u00e9r b\u00faz\u00e1val. Elk\u00fcldi szav\u00e1t a f\u00f6ldre, * az \u0151 ig\u00e9je gyorsan terjed. H: Jeruzs\u00e1lem, szentek otthona, * dics\u00e9rd f\u00f6ls\u00e9ges Istened! E: Ig\u00e9j\u00e9t J\u00e1kobnak hirdeti, * t\u00f6rv\u00e9nyeit \u00e9s v\u00e9gz\u00e9seit Izraelnek. Egyetlen n\u00e9ppel sem b\u00e1nt \u00edgy, * v\u00e9gz\u00e9seit nem fedte fel senki m\u00e1snak. H: Jeruzs\u00e1lem, szentek otthona, * dics\u00e9rd f\u00f6ls\u00e9ges Istened! SZENTLECKE Szent P\u00e1l apostolnak a korintusiakhoz \u00edrt els\u0151 level\u00e9b\u0151l (1Kor 10,16-17) Sokan egy keny\u00e9r, egy test vagyunk. Testv\u00e9reim! Az \u00e1ld\u00e1s kelyhe, amelyet meg\u00e1ldunk, nemde... R\u00e9szletek","og_url":"https:\/\/stuttgarti-katolikusok.de\/index.php\/krisztus-szent-teste-es-vere-urnapja\/","og_site_name":"Stuttgarti Katolikusok","article_published_time":"2023-06-08T21:59:01+00:00","og_image":[{"width":1530,"height":2040,"url":"https:\/\/stuttgarti-katolikusok.de\/wp-content\/uploads\/2023\/06\/urnapja-weingarten-1.jpg","type":"image\/jpeg"}],"author":"Tibor atya","twitter_card":"summary_large_image","twitter_misc":{"Szerz\u0151:":"Tibor atya","Becs\u00fclt olvas\u00e1si id\u0151":"5 perc"},"schema":{"@context":"https:\/\/schema.org","@graph":[{"@type":"Article","@id":"https:\/\/stuttgarti-katolikusok.de\/index.php\/krisztus-szent-teste-es-vere-urnapja\/#article","isPartOf":{"@id":"https:\/\/stuttgarti-katolikusok.de\/index.php\/krisztus-szent-teste-es-vere-urnapja\/"},"author":{"name":"Tibor atya","@id":"https:\/\/stuttgarti-katolikusok.de\/#\/schema\/person\/75908d6f8fdc03a57889d27209df7795"},"headline":"Krisztus Szent Teste \u00e9s V\u00e9re, \u00darnapja","datePublished":"2023-06-08T21:59:01+00:00","mainEntityOfPage":{"@id":"https:\/\/stuttgarti-katolikusok.de\/index.php\/krisztus-szent-teste-es-vere-urnapja\/"},"wordCount":1359,"image":{"@id":"https:\/\/stuttgarti-katolikusok.de\/index.php\/krisztus-szent-teste-es-vere-urnapja\/#primaryimage"},"thumbnailUrl":"https:\/\/stuttgarti-katolikusok.de\/wp-content\/uploads\/2023\/06\/urnapja-weingarten-1.jpg","articleSection":["A liturgia olvasm\u00e1nyai"],"inLanguage":"hu"},{"@type":"WebPage","@id":"https:\/\/stuttgarti-katolikusok.de\/index.php\/krisztus-szent-teste-es-vere-urnapja\/","url":"https:\/\/stuttgarti-katolikusok.de\/index.php\/krisztus-szent-teste-es-vere-urnapja\/","name":"Krisztus Szent Teste \u00e9s V\u00e9re, \u00darnapja - Stuttgarti Katolikusok","isPartOf":{"@id":"https:\/\/stuttgarti-katolikusok.de\/#website"},"primaryImageOfPage":{"@id":"https:\/\/stuttgarti-katolikusok.de\/index.php\/krisztus-szent-teste-es-vere-urnapja\/#primaryimage"},"image":{"@id":"https:\/\/stuttgarti-katolikusok.de\/index.php\/krisztus-szent-teste-es-vere-urnapja\/#primaryimage"},"thumbnailUrl":"https:\/\/stuttgarti-katolikusok.de\/wp-content\/uploads\/2023\/06\/urnapja-weingarten-1.jpg","datePublished":"2023-06-08T21:59:01+00:00","author":{"@id":"https:\/\/stuttgarti-katolikusok.de\/#\/schema\/person\/75908d6f8fdc03a57889d27209df7795"},"breadcrumb":{"@id":"https:\/\/stuttgarti-katolikusok.de\/index.php\/krisztus-szent-teste-es-vere-urnapja\/#breadcrumb"},"inLanguage":"hu","potentialAction":[{"@type":"ReadAction","target":["https:\/\/stuttgarti-katolikusok.de\/index.php\/krisztus-szent-teste-es-vere-urnapja\/"]}]},{"@type":"ImageObject","inLanguage":"hu","@id":"https:\/\/stuttgarti-katolikusok.de\/index.php\/krisztus-szent-teste-es-vere-urnapja\/#primaryimage","url":"https:\/\/stuttgarti-katolikusok.de\/wp-content\/uploads\/2023\/06\/urnapja-weingarten-1.jpg","contentUrl":"https:\/\/stuttgarti-katolikusok.de\/wp-content\/uploads\/2023\/06\/urnapja-weingarten-1.jpg","width":1530,"height":2040},{"@type":"BreadcrumbList","@id":"https:\/\/stuttgarti-katolikusok.de\/index.php\/krisztus-szent-teste-es-vere-urnapja\/#breadcrumb","itemListElement":[{"@type":"ListItem","position":1,"name":"Kezd\u0151lap","item":"https:\/\/stuttgarti-katolikusok.de\/"},{"@type":"ListItem","position":2,"name":"Krisztus Szent Teste \u00e9s V\u00e9re, \u00darnapja"}]},{"@type":"WebSite","@id":"https:\/\/stuttgarti-katolikusok.de\/#website","url":"https:\/\/stuttgarti-katolikusok.de\/","name":"Stuttgarti Katolikusok","description":"","potentialAction":[{"@type":"SearchAction","target":{"@type":"EntryPoint","urlTemplate":"https:\/\/stuttgarti-katolikusok.de\/?s={search_term_string}"},"query-input":{"@type":"PropertyValueSpecification","valueRequired":true,"valueName":"search_term_string"}}],"inLanguage":"hu"},{"@type":"Person","@id":"https:\/\/stuttgarti-katolikusok.de\/#\/schema\/person\/75908d6f8fdc03a57889d27209df7795","name":"Tibor atya","image":{"@type":"ImageObject","inLanguage":"hu","@id":"https:\/\/secure.gravatar.com\/avatar\/61d268e57d1f4525b111222e29d2d5a7f8c420fdbf231ba5566a8ceac74fa960?s=96&d=mm&r=g","url":"https:\/\/secure.gravatar.com\/avatar\/61d268e57d1f4525b111222e29d2d5a7f8c420fdbf231ba5566a8ceac74fa960?s=96&d=mm&r=g","contentUrl":"https:\/\/secure.gravatar.com\/avatar\/61d268e57d1f4525b111222e29d2d5a7f8c420fdbf231ba5566a8ceac74fa960?s=96&d=mm&r=g","caption":"Tibor atya"},"url":"https:\/\/stuttgarti-katolikusok.de\/index.php\/author\/tibor-atya\/"}]}},"_links":{"self":[{"href":"https:\/\/stuttgarti-katolikusok.de\/index.php\/wp-json\/wp\/v2\/posts\/26959","targetHints":{"allow":["GET"]}}],"collection":[{"href":"https:\/\/stuttgarti-katolikusok.de\/index.php\/wp-json\/wp\/v2\/posts"}],"about":[{"href":"https:\/\/stuttgarti-katolikusok.de\/index.php\/wp-json\/wp\/v2\/types\/post"}],"author":[{"embeddable":true,"href":"https:\/\/stuttgarti-katolikusok.de\/index.php\/wp-json\/wp\/v2\/users\/3"}],"replies":[{"embeddable":true,"href":"https:\/\/stuttgarti-katolikusok.de\/index.php\/wp-json\/wp\/v2\/comments?post=26959"}],"version-history":[{"count":1,"href":"https:\/\/stuttgarti-katolikusok.de\/index.php\/wp-json\/wp\/v2\/posts\/26959\/revisions"}],"predecessor-version":[{"id":26961,"href":"https:\/\/stuttgarti-katolikusok.de\/index.php\/wp-json\/wp\/v2\/posts\/26959\/revisions\/26961"}],"wp:featuredmedia":[{"embeddable":true,"href":"https:\/\/stuttgarti-katolikusok.de\/index.php\/wp-json\/wp\/v2\/media\/26960"}],"wp:attachment":[{"href":"https:\/\/stuttgarti-katolikusok.de\/index.php\/wp-json\/wp\/v2\/media?parent=26959"}],"wp:term":[{"taxonomy":"category","embeddable":true,"href":"https:\/\/stuttgarti-katolikusok.de\/index.php\/wp-json\/wp\/v2\/categories?post=26959"},{"taxonomy":"post_tag","embeddable":true,"href":"https:\/\/stuttgarti-katolikusok.de\/index.php\/wp-json\/wp\/v2\/tags?post=26959"}],"curies":[{"name":"wp","href":"https:\/\/api.w.org\/{rel}","templated":true}]}}