{"id":26918,"date":"2023-06-05T02:24:17","date_gmt":"2023-06-05T00:24:17","guid":{"rendered":"https:\/\/stuttgarti-katolikusok.de\/?p=26918"},"modified":"2023-06-05T10:01:07","modified_gmt":"2023-06-05T08:01:07","slug":"nemzeti-osszetartozas-napja-stuttgart-2023-junius-4","status":"publish","type":"post","link":"https:\/\/stuttgarti-katolikusok.de\/index.php\/nemzeti-osszetartozas-napja-stuttgart-2023-junius-4\/","title":{"rendered":"Nemzeti \u00d6sszetartoz\u00e1s Napja &#8211; Stuttgart &#8211; 2023. j\u00fanius 4."},"content":{"rendered":"<p>Szenth\u00e1roms\u00e1g vas\u00e1rnapj\u00e1n, Stuttgartban, a szentmis\u00e9t k\u00f6vet\u0151en a T\u00f6rt\u00e9nelmi Vit\u00e9zi Rend N\u00e9metorsz\u00e1gi Alcsoportja megeml\u00e9kez\u0151 m\u0171sor keret\u00e9ben eml\u00e9kezett meg a Nemzeti \u00d6sszetartoz\u00e1s Napj\u00e1r\u00f3l.<\/p>\n<div class=\"brlbs-cmpnt-container brlbs-cmpnt-content-blocker brlbs-cmpnt-with-individual-styles\" data-borlabs-cookie-content-blocker-id=\"youtube-content-blocker\" data-borlabs-cookie-content=\"PGlmcmFtZSB0aXRsZT0iTmVtemV0aSDDlnNzemV0YXJ0b3rDoXMgTmFwamEgLSBTdHV0dGdhcnQgLSAyMDIzLiBqw7puaXVzIDQuIiB3aWR0aD0iOTQwIiBoZWlnaHQ9IjUyOSIgc3JjPSJodHRwczovL3d3dy55b3V0dWJlLW5vY29va2llLmNvbS9lbWJlZC9QZjgxR1c3SnhIQT9mZWF0dXJlPW9lbWJlZCIgZnJhbWVib3JkZXI9IjAiIGFsbG93PSJhY2NlbGVyb21ldGVyOyBhdXRvcGxheTsgY2xpcGJvYXJkLXdyaXRlOyBlbmNyeXB0ZWQtbWVkaWE7IGd5cm9zY29wZTsgcGljdHVyZS1pbi1waWN0dXJlOyB3ZWItc2hhcmUiIGFsbG93ZnVsbHNjcmVlbj48L2lmcmFtZT4=\">\n<div class=\"brlbs-cmpnt-cb-preset-c brlbs-cmpnt-cb-youtube\">\n<div class=\"brlbs-cmpnt-cb-thumbnail\" style=\"background-image: url('https:\/\/stuttgarti-katolikusok.de\/wp-content\/uploads\/borlabs-cookie\/1\/yt_Pf81GW7JxHA_hqdefault.jpg')\"><\/div>\n<div class=\"brlbs-cmpnt-cb-main\">\n<div class=\"brlbs-cmpnt-cb-play-button\"><\/div>\n<div class=\"brlbs-cmpnt-cb-content\">\n<p class=\"brlbs-cmpnt-cb-description\">You are currently viewing a placeholder content from <strong>YouTube<\/strong>. To access the actual content, click the button below. Please note that doing so will share data with third-party providers.<\/p>\n<p> <a class=\"brlbs-cmpnt-cb-provider-toggle\" href=\"#\" data-borlabs-cookie-show-provider-information role=\"button\">More Information<\/a> <\/div>\n<div class=\"brlbs-cmpnt-cb-buttons\"> <a class=\"brlbs-cmpnt-cb-btn\" href=\"#\" data-borlabs-cookie-unblock role=\"button\">Unblock content<\/a> <a class=\"brlbs-cmpnt-cb-btn\" href=\"#\" data-borlabs-cookie-accept-service role=\"button\" style=\"display: inherit\">Accept required service and unblock content<\/a> <\/div><\/div><\/div>\n<\/div>\n<p><a href=\"https:\/\/stuttgarti-katolikusok.de\/wp-content\/uploads\/2023\/06\/david-ferenc-4.jpg\"><img loading=\"lazy\" decoding=\"async\" class=\"alignnone size-full wp-image-26946\" src=\"https:\/\/stuttgarti-katolikusok.de\/wp-content\/uploads\/2023\/06\/david-ferenc-4.jpg\" alt=\"\" width=\"2000\" height=\"1125\" srcset=\"https:\/\/stuttgarti-katolikusok.de\/wp-content\/uploads\/2023\/06\/david-ferenc-4.jpg 2000w, https:\/\/stuttgarti-katolikusok.de\/wp-content\/uploads\/2023\/06\/david-ferenc-4-300x169.jpg 300w, https:\/\/stuttgarti-katolikusok.de\/wp-content\/uploads\/2023\/06\/david-ferenc-4-1024x576.jpg 1024w, https:\/\/stuttgarti-katolikusok.de\/wp-content\/uploads\/2023\/06\/david-ferenc-4-1536x864.jpg 1536w\" sizes=\"auto, (max-width: 2000px) 100vw, 2000px\" \/><\/a> <a href=\"https:\/\/stuttgarti-katolikusok.de\/wp-content\/uploads\/2023\/06\/david-ferenc-5.jpg\"><img loading=\"lazy\" decoding=\"async\" class=\"alignnone size-full wp-image-26947\" src=\"https:\/\/stuttgarti-katolikusok.de\/wp-content\/uploads\/2023\/06\/david-ferenc-5.jpg\" alt=\"\" width=\"2000\" height=\"1125\" srcset=\"https:\/\/stuttgarti-katolikusok.de\/wp-content\/uploads\/2023\/06\/david-ferenc-5.jpg 2000w, https:\/\/stuttgarti-katolikusok.de\/wp-content\/uploads\/2023\/06\/david-ferenc-5-300x169.jpg 300w, https:\/\/stuttgarti-katolikusok.de\/wp-content\/uploads\/2023\/06\/david-ferenc-5-1024x576.jpg 1024w, https:\/\/stuttgarti-katolikusok.de\/wp-content\/uploads\/2023\/06\/david-ferenc-5-1536x864.jpg 1536w\" sizes=\"auto, (max-width: 2000px) 100vw, 2000px\" \/><\/a> <a href=\"https:\/\/stuttgarti-katolikusok.de\/wp-content\/uploads\/2023\/06\/david-ferenc-6-1.jpg\"><img loading=\"lazy\" decoding=\"async\" class=\"alignnone size-full wp-image-26948\" src=\"https:\/\/stuttgarti-katolikusok.de\/wp-content\/uploads\/2023\/06\/david-ferenc-6-1.jpg\" alt=\"\" width=\"2000\" height=\"1125\" srcset=\"https:\/\/stuttgarti-katolikusok.de\/wp-content\/uploads\/2023\/06\/david-ferenc-6-1.jpg 2000w, https:\/\/stuttgarti-katolikusok.de\/wp-content\/uploads\/2023\/06\/david-ferenc-6-1-300x169.jpg 300w, https:\/\/stuttgarti-katolikusok.de\/wp-content\/uploads\/2023\/06\/david-ferenc-6-1-1024x576.jpg 1024w, https:\/\/stuttgarti-katolikusok.de\/wp-content\/uploads\/2023\/06\/david-ferenc-6-1-1536x864.jpg 1536w\" sizes=\"auto, (max-width: 2000px) 100vw, 2000px\" \/><\/a> <a href=\"https:\/\/stuttgarti-katolikusok.de\/wp-content\/uploads\/2023\/06\/david-ferenc-7.jpg\"><img loading=\"lazy\" decoding=\"async\" class=\"alignnone size-full wp-image-26949\" src=\"https:\/\/stuttgarti-katolikusok.de\/wp-content\/uploads\/2023\/06\/david-ferenc-7.jpg\" alt=\"\" width=\"2000\" height=\"1125\" srcset=\"https:\/\/stuttgarti-katolikusok.de\/wp-content\/uploads\/2023\/06\/david-ferenc-7.jpg 2000w, https:\/\/stuttgarti-katolikusok.de\/wp-content\/uploads\/2023\/06\/david-ferenc-7-300x169.jpg 300w, https:\/\/stuttgarti-katolikusok.de\/wp-content\/uploads\/2023\/06\/david-ferenc-7-1024x576.jpg 1024w, https:\/\/stuttgarti-katolikusok.de\/wp-content\/uploads\/2023\/06\/david-ferenc-7-1536x864.jpg 1536w\" sizes=\"auto, (max-width: 2000px) 100vw, 2000px\" \/><\/a> <a href=\"https:\/\/stuttgarti-katolikusok.de\/wp-content\/uploads\/2023\/06\/david-ferenc-1.jpg\"><img loading=\"lazy\" decoding=\"async\" class=\"alignnone size-full wp-image-26950\" src=\"https:\/\/stuttgarti-katolikusok.de\/wp-content\/uploads\/2023\/06\/david-ferenc-1.jpg\" alt=\"\" width=\"2000\" height=\"1125\" srcset=\"https:\/\/stuttgarti-katolikusok.de\/wp-content\/uploads\/2023\/06\/david-ferenc-1.jpg 2000w, https:\/\/stuttgarti-katolikusok.de\/wp-content\/uploads\/2023\/06\/david-ferenc-1-300x169.jpg 300w, https:\/\/stuttgarti-katolikusok.de\/wp-content\/uploads\/2023\/06\/david-ferenc-1-1024x576.jpg 1024w, https:\/\/stuttgarti-katolikusok.de\/wp-content\/uploads\/2023\/06\/david-ferenc-1-1536x864.jpg 1536w\" sizes=\"auto, (max-width: 2000px) 100vw, 2000px\" \/><\/a> <a href=\"https:\/\/stuttgarti-katolikusok.de\/wp-content\/uploads\/2023\/06\/david-ferenc-2.jpg\"><img loading=\"lazy\" decoding=\"async\" class=\"alignnone size-full wp-image-26951\" src=\"https:\/\/stuttgarti-katolikusok.de\/wp-content\/uploads\/2023\/06\/david-ferenc-2.jpg\" alt=\"\" width=\"2000\" height=\"1125\" srcset=\"https:\/\/stuttgarti-katolikusok.de\/wp-content\/uploads\/2023\/06\/david-ferenc-2.jpg 2000w, https:\/\/stuttgarti-katolikusok.de\/wp-content\/uploads\/2023\/06\/david-ferenc-2-300x169.jpg 300w, https:\/\/stuttgarti-katolikusok.de\/wp-content\/uploads\/2023\/06\/david-ferenc-2-1024x576.jpg 1024w, https:\/\/stuttgarti-katolikusok.de\/wp-content\/uploads\/2023\/06\/david-ferenc-2-1536x864.jpg 1536w\" sizes=\"auto, (max-width: 2000px) 100vw, 2000px\" \/><\/a> <a href=\"https:\/\/stuttgarti-katolikusok.de\/wp-content\/uploads\/2023\/06\/david-ferenc-3.jpg\"><img loading=\"lazy\" decoding=\"async\" class=\"alignnone size-full wp-image-26952\" src=\"https:\/\/stuttgarti-katolikusok.de\/wp-content\/uploads\/2023\/06\/david-ferenc-3.jpg\" alt=\"\" width=\"2000\" height=\"1125\" srcset=\"https:\/\/stuttgarti-katolikusok.de\/wp-content\/uploads\/2023\/06\/david-ferenc-3.jpg 2000w, https:\/\/stuttgarti-katolikusok.de\/wp-content\/uploads\/2023\/06\/david-ferenc-3-300x169.jpg 300w, https:\/\/stuttgarti-katolikusok.de\/wp-content\/uploads\/2023\/06\/david-ferenc-3-1024x576.jpg 1024w, https:\/\/stuttgarti-katolikusok.de\/wp-content\/uploads\/2023\/06\/david-ferenc-3-1536x864.jpg 1536w\" sizes=\"auto, (max-width: 2000px) 100vw, 2000px\" \/><\/a><\/p>\n","protected":false},"excerpt":{"rendered":"<p>Szenth\u00e1roms\u00e1g vas\u00e1rnapj\u00e1n, Stuttgartban, a szentmis\u00e9t k\u00f6vet\u0151en a T\u00f6rt\u00e9nelmi Vit\u00e9zi Rend N\u00e9metorsz\u00e1gi Alcsoportja megeml\u00e9kez\u0151 m\u0171sor keret\u00e9ben eml\u00e9kezett meg a Nemzeti \u00d6sszetartoz\u00e1s Napj\u00e1r\u00f3l. You are currently viewing a placeholder content from YouTube. To access the actual content, click the button below. Please note that doing so will share data with third-party providers. More Information Unblock content Accept required service and unblock content<\/p>\n","protected":false},"author":3,"featured_media":26919,"comment_status":"closed","ping_status":"closed","sticky":false,"template":"","format":"standard","meta":{"footnotes":""},"categories":[5],"tags":[],"class_list":["post-26918","post","type-post","status-publish","format-standard","has-post-thumbnail","hentry","category-hirek"],"yoast_head":"<!-- This site is optimized with the Yoast SEO plugin v27.3 - https:\/\/yoast.com\/product\/yoast-seo-wordpress\/ -->\n<title>Nemzeti \u00d6sszetartoz\u00e1s Napja - Stuttgart - 2023. j\u00fanius 4. - Stuttgarti Katolikusok<\/title>\n<meta name=\"robots\" content=\"index, follow, max-snippet:-1, max-image-preview:large, max-video-preview:-1\" \/>\n<link rel=\"canonical\" href=\"https:\/\/stuttgarti-katolikusok.de\/index.php\/nemzeti-osszetartozas-napja-stuttgart-2023-junius-4\/\" \/>\n<meta property=\"og:locale\" content=\"hu_HU\" \/>\n<meta property=\"og:type\" content=\"article\" \/>\n<meta property=\"og:title\" content=\"Nemzeti \u00d6sszetartoz\u00e1s Napja - Stuttgart - 2023. j\u00fanius 4. - Stuttgarti Katolikusok\" \/>\n<meta property=\"og:description\" content=\"Szenth\u00e1roms\u00e1g vas\u00e1rnapj\u00e1n, Stuttgartban, a szentmis\u00e9t k\u00f6vet\u0151en a T\u00f6rt\u00e9nelmi Vit\u00e9zi Rend N\u00e9metorsz\u00e1gi Alcsoportja megeml\u00e9kez\u0151 m\u0171sor keret\u00e9ben eml\u00e9kezett meg a Nemzeti \u00d6sszetartoz\u00e1s Napj\u00e1r\u00f3l. You are currently viewing a placeholder content from YouTube. To access the actual content, click the button below. Please note that doing so will share data with third-party providers. More Information Unblock content Accept required service and unblock content\" \/>\n<meta property=\"og:url\" content=\"https:\/\/stuttgarti-katolikusok.de\/index.php\/nemzeti-osszetartozas-napja-stuttgart-2023-junius-4\/\" \/>\n<meta property=\"og:site_name\" content=\"Stuttgarti Katolikusok\" \/>\n<meta property=\"article:published_time\" content=\"2023-06-05T00:24:17+00:00\" \/>\n<meta property=\"article:modified_time\" content=\"2023-06-05T08:01:07+00:00\" \/>\n<meta property=\"og:image\" content=\"https:\/\/stuttgarti-katolikusok.de\/wp-content\/uploads\/2023\/06\/piros-feher-zold.jpg\" \/>\n\t<meta property=\"og:image:width\" content=\"1600\" \/>\n\t<meta property=\"og:image:height\" content=\"900\" \/>\n\t<meta property=\"og:image:type\" content=\"image\/jpeg\" \/>\n<meta name=\"author\" content=\"Tibor atya\" \/>\n<meta name=\"twitter:card\" content=\"summary_large_image\" \/>\n<meta name=\"twitter:label1\" content=\"Szerz\u0151:\" \/>\n\t<meta name=\"twitter:data1\" content=\"Tibor atya\" \/>\n\t<meta name=\"twitter:label2\" content=\"Becs\u00fclt olvas\u00e1si id\u0151\" \/>\n\t<meta name=\"twitter:data2\" content=\"2 perc\" \/>\n<script type=\"application\/ld+json\" class=\"yoast-schema-graph\">{\"@context\":\"https:\\\/\\\/schema.org\",\"@graph\":[{\"@type\":\"Article\",\"@id\":\"https:\\\/\\\/stuttgarti-katolikusok.de\\\/index.php\\\/nemzeti-osszetartozas-napja-stuttgart-2023-junius-4\\\/#article\",\"isPartOf\":{\"@id\":\"https:\\\/\\\/stuttgarti-katolikusok.de\\\/index.php\\\/nemzeti-osszetartozas-napja-stuttgart-2023-junius-4\\\/\"},\"author\":{\"name\":\"Tibor atya\",\"@id\":\"https:\\\/\\\/stuttgarti-katolikusok.de\\\/#\\\/schema\\\/person\\\/75908d6f8fdc03a57889d27209df7795\"},\"headline\":\"Nemzeti \u00d6sszetartoz\u00e1s Napja &#8211; Stuttgart &#8211; 2023. j\u00fanius 4.\",\"datePublished\":\"2023-06-05T00:24:17+00:00\",\"dateModified\":\"2023-06-05T08:01:07+00:00\",\"mainEntityOfPage\":{\"@id\":\"https:\\\/\\\/stuttgarti-katolikusok.de\\\/index.php\\\/nemzeti-osszetartozas-napja-stuttgart-2023-junius-4\\\/\"},\"wordCount\":55,\"image\":{\"@id\":\"https:\\\/\\\/stuttgarti-katolikusok.de\\\/index.php\\\/nemzeti-osszetartozas-napja-stuttgart-2023-junius-4\\\/#primaryimage\"},\"thumbnailUrl\":\"https:\\\/\\\/stuttgarti-katolikusok.de\\\/wp-content\\\/uploads\\\/2023\\\/06\\\/piros-feher-zold.jpg\",\"articleSection\":[\"H\u00edrek\"],\"inLanguage\":\"hu\"},{\"@type\":\"WebPage\",\"@id\":\"https:\\\/\\\/stuttgarti-katolikusok.de\\\/index.php\\\/nemzeti-osszetartozas-napja-stuttgart-2023-junius-4\\\/\",\"url\":\"https:\\\/\\\/stuttgarti-katolikusok.de\\\/index.php\\\/nemzeti-osszetartozas-napja-stuttgart-2023-junius-4\\\/\",\"name\":\"Nemzeti \u00d6sszetartoz\u00e1s Napja - Stuttgart - 2023. j\u00fanius 4. - Stuttgarti Katolikusok\",\"isPartOf\":{\"@id\":\"https:\\\/\\\/stuttgarti-katolikusok.de\\\/#website\"},\"primaryImageOfPage\":{\"@id\":\"https:\\\/\\\/stuttgarti-katolikusok.de\\\/index.php\\\/nemzeti-osszetartozas-napja-stuttgart-2023-junius-4\\\/#primaryimage\"},\"image\":{\"@id\":\"https:\\\/\\\/stuttgarti-katolikusok.de\\\/index.php\\\/nemzeti-osszetartozas-napja-stuttgart-2023-junius-4\\\/#primaryimage\"},\"thumbnailUrl\":\"https:\\\/\\\/stuttgarti-katolikusok.de\\\/wp-content\\\/uploads\\\/2023\\\/06\\\/piros-feher-zold.jpg\",\"datePublished\":\"2023-06-05T00:24:17+00:00\",\"dateModified\":\"2023-06-05T08:01:07+00:00\",\"author\":{\"@id\":\"https:\\\/\\\/stuttgarti-katolikusok.de\\\/#\\\/schema\\\/person\\\/75908d6f8fdc03a57889d27209df7795\"},\"breadcrumb\":{\"@id\":\"https:\\\/\\\/stuttgarti-katolikusok.de\\\/index.php\\\/nemzeti-osszetartozas-napja-stuttgart-2023-junius-4\\\/#breadcrumb\"},\"inLanguage\":\"hu\",\"potentialAction\":[{\"@type\":\"ReadAction\",\"target\":[\"https:\\\/\\\/stuttgarti-katolikusok.de\\\/index.php\\\/nemzeti-osszetartozas-napja-stuttgart-2023-junius-4\\\/\"]}]},{\"@type\":\"ImageObject\",\"inLanguage\":\"hu\",\"@id\":\"https:\\\/\\\/stuttgarti-katolikusok.de\\\/index.php\\\/nemzeti-osszetartozas-napja-stuttgart-2023-junius-4\\\/#primaryimage\",\"url\":\"https:\\\/\\\/stuttgarti-katolikusok.de\\\/wp-content\\\/uploads\\\/2023\\\/06\\\/piros-feher-zold.jpg\",\"contentUrl\":\"https:\\\/\\\/stuttgarti-katolikusok.de\\\/wp-content\\\/uploads\\\/2023\\\/06\\\/piros-feher-zold.jpg\",\"width\":1600,\"height\":900},{\"@type\":\"BreadcrumbList\",\"@id\":\"https:\\\/\\\/stuttgarti-katolikusok.de\\\/index.php\\\/nemzeti-osszetartozas-napja-stuttgart-2023-junius-4\\\/#breadcrumb\",\"itemListElement\":[{\"@type\":\"ListItem\",\"position\":1,\"name\":\"Kezd\u0151lap\",\"item\":\"https:\\\/\\\/stuttgarti-katolikusok.de\\\/\"},{\"@type\":\"ListItem\",\"position\":2,\"name\":\"Nemzeti \u00d6sszetartoz\u00e1s Napja &#8211; Stuttgart &#8211; 2023. j\u00fanius 4.\"}]},{\"@type\":\"WebSite\",\"@id\":\"https:\\\/\\\/stuttgarti-katolikusok.de\\\/#website\",\"url\":\"https:\\\/\\\/stuttgarti-katolikusok.de\\\/\",\"name\":\"Stuttgarti Katolikusok\",\"description\":\"\",\"potentialAction\":[{\"@type\":\"SearchAction\",\"target\":{\"@type\":\"EntryPoint\",\"urlTemplate\":\"https:\\\/\\\/stuttgarti-katolikusok.de\\\/?s={search_term_string}\"},\"query-input\":{\"@type\":\"PropertyValueSpecification\",\"valueRequired\":true,\"valueName\":\"search_term_string\"}}],\"inLanguage\":\"hu\"},{\"@type\":\"Person\",\"@id\":\"https:\\\/\\\/stuttgarti-katolikusok.de\\\/#\\\/schema\\\/person\\\/75908d6f8fdc03a57889d27209df7795\",\"name\":\"Tibor atya\",\"image\":{\"@type\":\"ImageObject\",\"inLanguage\":\"hu\",\"@id\":\"https:\\\/\\\/secure.gravatar.com\\\/avatar\\\/61d268e57d1f4525b111222e29d2d5a7f8c420fdbf231ba5566a8ceac74fa960?s=96&d=mm&r=g\",\"url\":\"https:\\\/\\\/secure.gravatar.com\\\/avatar\\\/61d268e57d1f4525b111222e29d2d5a7f8c420fdbf231ba5566a8ceac74fa960?s=96&d=mm&r=g\",\"contentUrl\":\"https:\\\/\\\/secure.gravatar.com\\\/avatar\\\/61d268e57d1f4525b111222e29d2d5a7f8c420fdbf231ba5566a8ceac74fa960?s=96&d=mm&r=g\",\"caption\":\"Tibor atya\"},\"url\":\"https:\\\/\\\/stuttgarti-katolikusok.de\\\/index.php\\\/author\\\/tibor-atya\\\/\"}]}<\/script>\n<!-- \/ Yoast SEO plugin. -->","yoast_head_json":{"title":"Nemzeti \u00d6sszetartoz\u00e1s Napja - Stuttgart - 2023. j\u00fanius 4. - Stuttgarti Katolikusok","robots":{"index":"index","follow":"follow","max-snippet":"max-snippet:-1","max-image-preview":"max-image-preview:large","max-video-preview":"max-video-preview:-1"},"canonical":"https:\/\/stuttgarti-katolikusok.de\/index.php\/nemzeti-osszetartozas-napja-stuttgart-2023-junius-4\/","og_locale":"hu_HU","og_type":"article","og_title":"Nemzeti \u00d6sszetartoz\u00e1s Napja - Stuttgart - 2023. j\u00fanius 4. - Stuttgarti Katolikusok","og_description":"Szenth\u00e1roms\u00e1g vas\u00e1rnapj\u00e1n, Stuttgartban, a szentmis\u00e9t k\u00f6vet\u0151en a T\u00f6rt\u00e9nelmi Vit\u00e9zi Rend N\u00e9metorsz\u00e1gi Alcsoportja megeml\u00e9kez\u0151 m\u0171sor keret\u00e9ben eml\u00e9kezett meg a Nemzeti \u00d6sszetartoz\u00e1s Napj\u00e1r\u00f3l. You are currently viewing a placeholder content from YouTube. To access the actual content, click the button below. Please note that doing so will share data with third-party providers. More Information Unblock content Accept required service and unblock content","og_url":"https:\/\/stuttgarti-katolikusok.de\/index.php\/nemzeti-osszetartozas-napja-stuttgart-2023-junius-4\/","og_site_name":"Stuttgarti Katolikusok","article_published_time":"2023-06-05T00:24:17+00:00","article_modified_time":"2023-06-05T08:01:07+00:00","og_image":[{"width":1600,"height":900,"url":"https:\/\/stuttgarti-katolikusok.de\/wp-content\/uploads\/2023\/06\/piros-feher-zold.jpg","type":"image\/jpeg"}],"author":"Tibor atya","twitter_card":"summary_large_image","twitter_misc":{"Szerz\u0151:":"Tibor atya","Becs\u00fclt olvas\u00e1si id\u0151":"2 perc"},"schema":{"@context":"https:\/\/schema.org","@graph":[{"@type":"Article","@id":"https:\/\/stuttgarti-katolikusok.de\/index.php\/nemzeti-osszetartozas-napja-stuttgart-2023-junius-4\/#article","isPartOf":{"@id":"https:\/\/stuttgarti-katolikusok.de\/index.php\/nemzeti-osszetartozas-napja-stuttgart-2023-junius-4\/"},"author":{"name":"Tibor atya","@id":"https:\/\/stuttgarti-katolikusok.de\/#\/schema\/person\/75908d6f8fdc03a57889d27209df7795"},"headline":"Nemzeti \u00d6sszetartoz\u00e1s Napja &#8211; Stuttgart &#8211; 2023. j\u00fanius 4.","datePublished":"2023-06-05T00:24:17+00:00","dateModified":"2023-06-05T08:01:07+00:00","mainEntityOfPage":{"@id":"https:\/\/stuttgarti-katolikusok.de\/index.php\/nemzeti-osszetartozas-napja-stuttgart-2023-junius-4\/"},"wordCount":55,"image":{"@id":"https:\/\/stuttgarti-katolikusok.de\/index.php\/nemzeti-osszetartozas-napja-stuttgart-2023-junius-4\/#primaryimage"},"thumbnailUrl":"https:\/\/stuttgarti-katolikusok.de\/wp-content\/uploads\/2023\/06\/piros-feher-zold.jpg","articleSection":["H\u00edrek"],"inLanguage":"hu"},{"@type":"WebPage","@id":"https:\/\/stuttgarti-katolikusok.de\/index.php\/nemzeti-osszetartozas-napja-stuttgart-2023-junius-4\/","url":"https:\/\/stuttgarti-katolikusok.de\/index.php\/nemzeti-osszetartozas-napja-stuttgart-2023-junius-4\/","name":"Nemzeti \u00d6sszetartoz\u00e1s Napja - Stuttgart - 2023. j\u00fanius 4. - Stuttgarti Katolikusok","isPartOf":{"@id":"https:\/\/stuttgarti-katolikusok.de\/#website"},"primaryImageOfPage":{"@id":"https:\/\/stuttgarti-katolikusok.de\/index.php\/nemzeti-osszetartozas-napja-stuttgart-2023-junius-4\/#primaryimage"},"image":{"@id":"https:\/\/stuttgarti-katolikusok.de\/index.php\/nemzeti-osszetartozas-napja-stuttgart-2023-junius-4\/#primaryimage"},"thumbnailUrl":"https:\/\/stuttgarti-katolikusok.de\/wp-content\/uploads\/2023\/06\/piros-feher-zold.jpg","datePublished":"2023-06-05T00:24:17+00:00","dateModified":"2023-06-05T08:01:07+00:00","author":{"@id":"https:\/\/stuttgarti-katolikusok.de\/#\/schema\/person\/75908d6f8fdc03a57889d27209df7795"},"breadcrumb":{"@id":"https:\/\/stuttgarti-katolikusok.de\/index.php\/nemzeti-osszetartozas-napja-stuttgart-2023-junius-4\/#breadcrumb"},"inLanguage":"hu","potentialAction":[{"@type":"ReadAction","target":["https:\/\/stuttgarti-katolikusok.de\/index.php\/nemzeti-osszetartozas-napja-stuttgart-2023-junius-4\/"]}]},{"@type":"ImageObject","inLanguage":"hu","@id":"https:\/\/stuttgarti-katolikusok.de\/index.php\/nemzeti-osszetartozas-napja-stuttgart-2023-junius-4\/#primaryimage","url":"https:\/\/stuttgarti-katolikusok.de\/wp-content\/uploads\/2023\/06\/piros-feher-zold.jpg","contentUrl":"https:\/\/stuttgarti-katolikusok.de\/wp-content\/uploads\/2023\/06\/piros-feher-zold.jpg","width":1600,"height":900},{"@type":"BreadcrumbList","@id":"https:\/\/stuttgarti-katolikusok.de\/index.php\/nemzeti-osszetartozas-napja-stuttgart-2023-junius-4\/#breadcrumb","itemListElement":[{"@type":"ListItem","position":1,"name":"Kezd\u0151lap","item":"https:\/\/stuttgarti-katolikusok.de\/"},{"@type":"ListItem","position":2,"name":"Nemzeti \u00d6sszetartoz\u00e1s Napja &#8211; Stuttgart &#8211; 2023. j\u00fanius 4."}]},{"@type":"WebSite","@id":"https:\/\/stuttgarti-katolikusok.de\/#website","url":"https:\/\/stuttgarti-katolikusok.de\/","name":"Stuttgarti Katolikusok","description":"","potentialAction":[{"@type":"SearchAction","target":{"@type":"EntryPoint","urlTemplate":"https:\/\/stuttgarti-katolikusok.de\/?s={search_term_string}"},"query-input":{"@type":"PropertyValueSpecification","valueRequired":true,"valueName":"search_term_string"}}],"inLanguage":"hu"},{"@type":"Person","@id":"https:\/\/stuttgarti-katolikusok.de\/#\/schema\/person\/75908d6f8fdc03a57889d27209df7795","name":"Tibor atya","image":{"@type":"ImageObject","inLanguage":"hu","@id":"https:\/\/secure.gravatar.com\/avatar\/61d268e57d1f4525b111222e29d2d5a7f8c420fdbf231ba5566a8ceac74fa960?s=96&d=mm&r=g","url":"https:\/\/secure.gravatar.com\/avatar\/61d268e57d1f4525b111222e29d2d5a7f8c420fdbf231ba5566a8ceac74fa960?s=96&d=mm&r=g","contentUrl":"https:\/\/secure.gravatar.com\/avatar\/61d268e57d1f4525b111222e29d2d5a7f8c420fdbf231ba5566a8ceac74fa960?s=96&d=mm&r=g","caption":"Tibor atya"},"url":"https:\/\/stuttgarti-katolikusok.de\/index.php\/author\/tibor-atya\/"}]}},"_links":{"self":[{"href":"https:\/\/stuttgarti-katolikusok.de\/index.php\/wp-json\/wp\/v2\/posts\/26918","targetHints":{"allow":["GET"]}}],"collection":[{"href":"https:\/\/stuttgarti-katolikusok.de\/index.php\/wp-json\/wp\/v2\/posts"}],"about":[{"href":"https:\/\/stuttgarti-katolikusok.de\/index.php\/wp-json\/wp\/v2\/types\/post"}],"author":[{"embeddable":true,"href":"https:\/\/stuttgarti-katolikusok.de\/index.php\/wp-json\/wp\/v2\/users\/3"}],"replies":[{"embeddable":true,"href":"https:\/\/stuttgarti-katolikusok.de\/index.php\/wp-json\/wp\/v2\/comments?post=26918"}],"version-history":[{"count":3,"href":"https:\/\/stuttgarti-katolikusok.de\/index.php\/wp-json\/wp\/v2\/posts\/26918\/revisions"}],"predecessor-version":[{"id":26954,"href":"https:\/\/stuttgarti-katolikusok.de\/index.php\/wp-json\/wp\/v2\/posts\/26918\/revisions\/26954"}],"wp:featuredmedia":[{"embeddable":true,"href":"https:\/\/stuttgarti-katolikusok.de\/index.php\/wp-json\/wp\/v2\/media\/26919"}],"wp:attachment":[{"href":"https:\/\/stuttgarti-katolikusok.de\/index.php\/wp-json\/wp\/v2\/media?parent=26918"}],"wp:term":[{"taxonomy":"category","embeddable":true,"href":"https:\/\/stuttgarti-katolikusok.de\/index.php\/wp-json\/wp\/v2\/categories?post=26918"},{"taxonomy":"post_tag","embeddable":true,"href":"https:\/\/stuttgarti-katolikusok.de\/index.php\/wp-json\/wp\/v2\/tags?post=26918"}],"curies":[{"name":"wp","href":"https:\/\/api.w.org\/{rel}","templated":true}]}}