{"id":26912,"date":"2023-06-03T11:55:53","date_gmt":"2023-06-03T09:55:53","guid":{"rendered":"https:\/\/stuttgarti-katolikusok.de\/?p=26912"},"modified":"2023-06-03T11:59:02","modified_gmt":"2023-06-03T09:59:02","slug":"szentharomsag-vasarnapja","status":"publish","type":"post","link":"https:\/\/stuttgarti-katolikusok.de\/index.php\/szentharomsag-vasarnapja\/","title":{"rendered":"Szenth\u00e1roms\u00e1g vas\u00e1rnapja"},"content":{"rendered":"<p><span style=\"color: #ff0000;\">Kezd\u0151\u00e9nek:<\/span><br \/>\n\u00c1ldott legyen az Atyaisten, \u00e9s Isten egysz\u00fcl\u00f6tt Fia, valamint a Szentl\u00e9lek, mert irgalmass\u00e1got gyakorolt vel\u00fcnk.<\/p>\n<p><span style=\"color: #ff0000;\">K\u00f6ny\u00f6rg\u00e9s:<\/span><br \/>\nMennyei Aty\u00e1nk, te elk\u00fcldted a vil\u00e1gba Fiadat, az igazs\u00e1g Ig\u00e9j\u00e9t \u00e9s a megszentel\u0151 Szentlelket, \u00e9s ezzel kinyilatkoztattad bels\u0151 \u00e9leted csod\u00e1latos titk\u00e1t. Add, hogy az igaz hit megvall\u00e1s\u00e1val a Szenth\u00e1roms\u00e1g dics\u0151s\u00e9g\u00e9t megismerj\u00fck, \u00e9s a f\u00f6ls\u00e9ges hatalm\u00fa egy Istent im\u00e1djuk. A mi Urunk, J\u00e9zus Krisztus, a te Fiad \u00e1ltal, aki veled \u00e9l \u00e9s uralkodik a Szentl\u00e9lekkel egys\u00e9gben, Isten mind\u00f6r\u00f6kk\u00f6n \u00f6r\u00f6kk\u00e9.<\/p>\n<p align=\"justify\"><span style=\"color: #ff0000;\">OLVASM\u00c1NY M\u00f3zes m\u00e1sodik k\u00f6nyv\u00e9b\u0151l (Kiv 34,4b-6.8-9)<\/span><br \/>\n<em>Az \u00dar irgalmas \u00e9s k\u00f6ny\u00f6r\u00fcl\u0151 Isten.<\/em><br \/>\nM\u00f3zes, miut\u00e1n elpuszt\u00edtotta az aranyborj\u00fat \u00e9s kiengesztelte az Urat, m\u00e1snap kor\u00e1n reggel elindult a Sinai-hegyre, \u00e9s vitte mag\u00e1val a k\u00e9t k\u0151t\u00e1bl\u00e1t, ahogy az \u00dar megparancsolta. Az \u00dar leereszkedett felh\u0151ben, \u0151 pedig el\u00e9je j\u00e1rult \u00e9s seg\u00edts\u00e9g\u00fcl h\u00edvta az \u00dar nev\u00e9t. Az \u00dar elvonult M\u00f3zes el\u0151tt \u00e9s ezt mondta: \u201eAz \u00dar, az \u00dar, irgalmas \u00e9s k\u00f6ny\u00f6r\u00fcl\u0151 Isten, hosszant\u0171r\u0151, kegyelemben \u00e9s h\u0171s\u00e9gben gazdag.\u201d<br \/>\nM\u00f3zes sietve a f\u00f6ldig hajolt, leborult, \u00e9s \u00edgy sz\u00f3lt: \u201eHa kegyelmet tal\u00e1ltam a szemedben, Uram, akkor a mi Urunk vonuljon vel\u00fcnk. B\u00e1r kem\u00e9nynyak\u00fa n\u00e9p ez, m\u00e9gis bocs\u00e1sd meg b\u0171neinket, \u00e9s fogadj el minket \u00f6r\u00f6ks\u00e9ged\u00fcl.\u201d<br \/>\nEz az Isten ig\u00e9je.<\/p>\n<p align=\"justify\"><span style=\"color: #ff0000;\">V\u00c1LASZOS ZSOLT\u00c1R (D\u00e1n 3,52.53.54.55.56)<\/span><br \/>\nV\u00e1lasz:\u00a0<strong>* Dics\u00e9retre m\u00e9lt\u00f3 \u00e9s magasztos\u00a0<u>\u00f6<\/u>r\u00f6kk\u00f6n \u00f6r\u00f6kk\u00e9.<\/strong>\u00a06. t\u00f3nus.<br \/>\nEl\u0151\u00e9nekes: \u00c1ldott vagy, Urunk, aty\u00e1ink Istene.*<br \/>\nH\u00edvek:\u00a0<strong>* Dics\u00e9retre m\u00e9lt\u00f3 \u00e9s magasztos\u00a0<u>\u00f6<\/u>r\u00f6kk\u00f6n \u00f6r\u00f6kk\u00e9.<\/strong><br \/>\nE: \u00c1ldott a te dics\u0151s\u00e9ges szent neved.*<br \/>\nH:\u00a0<strong>* Dics\u00e9retre m\u00e9lt\u00f3 \u00e9s magasztos\u00a0<u>\u00f6<\/u>r\u00f6kk\u00f6n \u00f6r\u00f6kk\u00e9.<\/strong><br \/>\nE: \u00c1ldott vagy templomodban, dics\u0151s\u00e9ged szent hely\u00e9n.*<br \/>\nH:\u00a0<strong>* Dics\u00e9retre m\u00e9lt\u00f3 \u00e9s magasztos\u00a0<u>\u00f6<\/u>r\u00f6kk\u00f6n \u00f6r\u00f6kk\u00e9.<\/strong><br \/>\nE: \u00c1ldott vagy kir\u00e1lyi tr\u00f3nodon.*<br \/>\nH:\u00a0<strong>* Dics\u00e9retre m\u00e9lt\u00f3 \u00e9s magasztos\u00a0<u>\u00f6<\/u>r\u00f6kk\u00f6n \u00f6r\u00f6kk\u00e9.<\/strong><br \/>\nE: \u00c1ldott vagy, aki m\u00e9lys\u00e9gekbe tekintesz, \u2020 \u00e9s a kerubok f\u00f6l\u00f6tt tr\u00f3nolsz.*<br \/>\nH:\u00a0<strong>* Dics\u00e9retre m\u00e9lt\u00f3 \u00e9s magasztos\u00a0<u>\u00f6<\/u>r\u00f6kk\u00f6n \u00f6r\u00f6kk\u00e9.<\/strong><br \/>\nE: \u00c1ldott vagy az \u00e9gbolt f\u00f6l\u00f6tt.*<br \/>\nH:\u00a0<strong>* Dics\u00e9retre m\u00e9lt\u00f3 \u00e9s magasztos\u00a0<u>\u00f6<\/u>r\u00f6kk\u00f6n \u00f6r\u00f6kk\u00e9.<\/strong><\/p>\n<p align=\"justify\"><span style=\"color: #ff0000;\">SZENTLECKE Szent P\u00e1l apostolnak a korintusiakhoz \u00edrt m\u00e1sodik level\u00e9b\u0151l (2Kor 13,11-13)<\/span><br \/>\n<em>Urunk, J\u00e9zus Krisztus kegyelme, Isten szeretete \u00e9s a Szentl\u00e9lek k\u00f6z\u00f6ss\u00e9ge k\u00f6ti \u00f6ssze a h\u00edveket.<\/em><br \/>\nTestv\u00e9reim!<br \/>\n\u00d6rvendjetek \u00e9s t\u00f6k\u00e9letesedjetek! Buzd\u00edts\u00e1tok egym\u00e1st, \u00e9ljetek egyet\u00e9rt\u00e9sben \u00e9s b\u00e9k\u00e9ben! Akkor veletek lesz a szeretet \u00e9s a b\u00e9ke Istene. K\u00f6sz\u00f6nts\u00e9tek egym\u00e1st szent cs\u00f3kkal. A szentek mind k\u00f6sz\u00f6ntenek titeket.<br \/>\nUrunk J\u00e9zus Krisztus kegyelme, Isten szeretete \u00e9s a Szentl\u00e9lek k\u00f6z\u00f6ss\u00e9ge legyen mindny\u00e1jatokkal!<br \/>\nEz az Isten ig\u00e9je.<\/p>\n<p align=\"justify\">ALLELUJA<br \/>\nDics\u0151s\u00e9g az Aty\u00e1nak, a Fi\u00fanak \u00e9s a Szentl\u00e9leknek: * Istennek, aki van, aki volt, \u00e9s aki elj\u00f6n \u00fajra! V\u00f6. Jel 1,8 \u2013 9. t\u00f3nus.<\/p>\n<p align=\"justify\"><span style=\"color: #ff0000;\">\u2020 EVANG\u00c9LIUM Szent J\u00e1nos k\u00f6nyv\u00e9b\u0151l (Jn 3,16-18)<\/span><br \/>\n<em>Isten elk\u00fcldte Fi\u00e1t, hogy \u00fcdv\u00f6z\u00fclj\u00f6n \u00e1ltala a vil\u00e1g.<\/em><br \/>\nAbban az id\u0151ben J\u00e9zus ezt mondta Nikod\u00e9musnak:<br \/>\n\u00dagy szerette Isten a vil\u00e1got, hogy egysz\u00fcl\u00f6tt Fi\u00e1t adta oda, hogy mindaz, aki benne hisz, el ne vesszen, hanem \u00f6r\u00f6k \u00e9lete legyen. Isten nem az\u00e9rt k\u00fcldte Fi\u00e1t a vil\u00e1gba, hogy el\u00edt\u00e9lje a vil\u00e1got, hanem hogy \u00e1ltala \u00fcdv\u00f6z\u00fclj\u00f6n a vil\u00e1g. Aki hisz benne, az nem esik \u00edt\u00e9let al\u00e1, de aki nem hisz, az m\u00e1r \u00edt\u00e9letet vont mag\u00e1ra, mert nem hitt Isten egysz\u00fcl\u00f6tt Fi\u00e1ban.<br \/>\nEzek az evang\u00e9lium ig\u00e9i.<\/p>\n<p><span style=\"color: #ff0000;\">EGYETEMES K\u00d6NY\u00d6RG\u00c9SEK<\/span><br \/>\nPap: Testv\u00e9reim! A mennyei Atya gyermekei, a Fi\u00fa testv\u00e9rei \u00e9s a Szentl\u00e9lek templomai vagyunk! K\u00e9rj\u00fck az Aty\u00e1t a Fi\u00fa \u00e1ltal a Szentl\u00e9lekben, hogy seg\u00edtse h\u00edv\u0151 n\u00e9p\u00e9t!<br \/>\nLektor: 1. A Szenth\u00e1roms\u00e1g egy Istent dics\u0151\u00edts\u00e9k \u00e9let\u00fckkel az Atya, a Fi\u00fa \u00e9s a Szentl\u00e9lek nev\u00e9ben megkeresztelt emberek!<br \/>\nH\u00edvek: K\u00e9r\u00fcnk T\u00e9ged, hallgass meg minket!<br \/>\n2. A Szenth\u00e1roms\u00e1g egys\u00e9g\u00e9nek titka vezesse a hit \u00e9s szeretet egys\u00e9g\u00e9re az eg\u00e9sz kereszt\u00e9ny vil\u00e1got!<br \/>\nH\u00edvek: K\u00e9r\u00fcnk T\u00e9ged, hallgass meg minket!<br \/>\n3. A Szenth\u00e1roms\u00e1g ki\u00e1rad\u00f3 szeretete vezessen minden embert az Evang\u00e9lium vil\u00e1goss\u00e1g\u00e1ra!<br \/>\nH\u00edvek: K\u00e9r\u00fcnk T\u00e9ged, hallgass meg minket!<br \/>\n4. A Szenth\u00e1roms\u00e1g egys\u00e9ge \u00e9s b\u00e9k\u00e9je uralkodj\u00e9k a n\u00e9pek \u00e9s vezet\u0151ik sz\u00edv\u00e9ben!<br \/>\nH\u00edvek: K\u00e9r\u00fcnk T\u00e9ged, hallgass meg minket!<br \/>\n5. Az Atya hatalma, a Fi\u00fa b\u00f6lcsess\u00e9ge \u00e9s a Szentl\u00e9lek kegyelme \u0151rizze meg csal\u00e1djaink egys\u00e9g\u00e9t \u00e9s boldogs\u00e1g\u00e1t!<br \/>\nH\u00edvek: K\u00e9r\u00fcnk T\u00e9ged, hallgass meg minket!<br \/>\nPap: Mindenhat\u00f3, \u00f6r\u00f6k Isten, engedd, hogy akik a kereszts\u00e9gben gyermekeid lett\u00fcnk, kegyelmeddel a Szenth\u00e1roms\u00e1g boldog\u00edt\u00f3 l\u00e1t\u00e1s\u00e1ra eljussunk. Krisztus, a mi Urunk \u00e1ltal.<br \/>\nH\u00edvek: \u00c1men.<\/p>\n<p><span style=\"color: #ff0000;\">Felaj\u00e1nl\u00f3 k\u00f6ny\u00f6rg\u00e9s:<\/span><br \/>\nK\u00e9r\u00fcnk, Urunk, Isten\u00fcnk, neved seg\u00edts\u00e9g\u00fcl h\u00edv\u00e1sa \u00e1ltal szenteld meg felaj\u00e1nlott adom\u00e1nyainkat, \u00e9s t\u00e9gy minket \u00e1ltaluk neked szentelt \u00f6r\u00f6k \u00e1ldozatt\u00e1. Krisztus, a mi Urunk \u00e1ltal.<\/p>\n<p><span style=\"color: #ff0000;\">Pref\u00e1ci\u00f3:<\/span><br \/>\n<em>A Szenth\u00e1roms\u00e1g titk\u00e1r\u00f3l<\/em><br \/>\nAz \u00dar legyen veletek.<br \/>\nH.: \u00c9s a te lelkeddel.<br \/>\nEmelj\u00fck f\u00f6l sz\u00edv\u00fcnket.<br \/>\nH.: F\u00f6lemelt\u00fck az \u00darhoz.<br \/>\nAdjunk h\u00e1l\u00e1t Urunknak, Isten\u00fcnknek.<br \/>\nH.: M\u00e9lt\u00f3 \u00e9s igazs\u00e1gos.<br \/>\n(Mert) Val\u00f3ban m\u00e9lt\u00f3 \u00e9s igazs\u00e1gos, ill\u0151 \u00e9s \u00fcdv\u00f6s, hogy mindig \u00e9s minden\u00fctt h\u00e1l\u00e1t adjunk neked, \u2013 mi Urunk, szents\u00e9ges ATy\u00e1nk, mindenhat\u00f3, \u00f6r\u00f6k Isten:<br \/>\nTe egysz\u00fcl\u00f6tt Fiaddal \u00e9s a Szentl\u00e9lekkel egy\u00fctt egy Isten \u00e9s egy \u00dar vagy, nem szem\u00e9ly szerint val\u00f3 egys\u00e9gben, \u2013 hanem h\u00e1rom SZEm\u00e9lyben \u00e9s m\u00e9gis egyetlen l\u00e9nyegben.<br \/>\n\u00cdgy, amit isteni szavadra dics\u0151s\u00e9gedr\u0151l hittel vallunk, azt Fiadr\u00f3l is \u00e1ll\u00edtjuk, a Szentl\u00e9lekr\u0151l is hirdetj\u00fck minden k\u00fcl\u00f6nbs\u00e9gt\u00e9tel n\u00e9lk\u00fcl.<br \/>\nAz igaz \u00e9s \u00f6r\u00f6k istens\u00e9get \u00fagy valljuk, hogy h\u00e1rom k\u00fcl\u00f6nb\u00f6z\u0151 Szem\u00e9lyt im\u00e1dunk benne \u2013 egyetlen L\u00c9nyegben \u00e9s egyetlen fens\u00e9gben.<br \/>\nEzt dics\u0151\u00edtik az angyalok \u00e9s f\u0151angyalok, a kerub- \u00e9s szer\u00e1fk\u00f3rusok, \u2013 kik \u00f6r\u00f6kk\u00e9 \u00c9Neklik, \u00e9s egy\u00fctt zengik: (mondj\u00e1k:)<\/p>\n<p><span style=\"color: #ff0000;\">\u00c1ldoz\u00e1si \u00e9nek:<\/span><br \/>\nMivel az Isten fiai vagytok, a Fia Lelk\u00e9t \u00e1rasztotta sz\u00edvetekbe az Isten, aki \u0151t \u00edgy sz\u00f3l\u00edtja: Abba, Atya! (Gal 4,6)<\/p>\n<p><span style=\"color: #ff0000;\">\u00c1ldoz\u00e1s ut\u00e1ni k\u00f6ny\u00f6rg\u00e9s:<\/span><br \/>\nUrunk, Isten\u00fcnk, e szents\u00e9g v\u00e9tele, \u00e9s az \u00f6r\u00f6kk\u00e9val\u00f3, egy \u00e9s oszthatatlan Szenth\u00e1roms\u00e1g megvall\u00e1sa szolg\u00e1ljon test\u00fcnk-lelk\u00fcnk \u00fcdv\u00f6ss\u00e9g\u00e9re. Krisztus, a mi Urunk \u00e1ltal.<\/p>\n<p><em>(Szenth\u00e1roms\u00e1g templom &#8211; Heidenheim)<\/em><\/p>\n","protected":false},"excerpt":{"rendered":"<p>Kezd\u0151\u00e9nek: \u00c1ldott legyen az Atyaisten, \u00e9s Isten egysz\u00fcl\u00f6tt Fia, valamint a Szentl\u00e9lek, mert irgalmass\u00e1got gyakorolt vel\u00fcnk. K\u00f6ny\u00f6rg\u00e9s: Mennyei Aty\u00e1nk, te elk\u00fcldted a vil\u00e1gba Fiadat, az igazs\u00e1g Ig\u00e9j\u00e9t \u00e9s a megszentel\u0151 Szentlelket, \u00e9s ezzel kinyilatkoztattad bels\u0151 \u00e9leted csod\u00e1latos titk\u00e1t. Add, hogy az igaz hit megvall\u00e1s\u00e1val a Szenth\u00e1roms\u00e1g dics\u0151s\u00e9g\u00e9t megismerj\u00fck, \u00e9s a f\u00f6ls\u00e9ges hatalm\u00fa egy Istent im\u00e1djuk. A mi Urunk, J\u00e9zus Krisztus, a te Fiad \u00e1ltal, aki veled \u00e9l \u00e9s uralkodik a Szentl\u00e9lekkel egys\u00e9gben, Isten mind\u00f6r\u00f6kk\u00f6n \u00f6r\u00f6kk\u00e9. OLVASM\u00c1NY M\u00f3zes m\u00e1sodik k\u00f6nyv\u00e9b\u0151l (Kiv 34,4b-6.8-9) Az \u00dar irgalmas \u00e9s k\u00f6ny\u00f6r\u00fcl\u0151 Isten. M\u00f3zes, miut\u00e1n elpuszt\u00edtotta az aranyborj\u00fat \u00e9s kiengesztelte az Urat, m\u00e1snap kor\u00e1n reggel elindult a Sinai-hegyre, \u00e9s vitte mag\u00e1val a k\u00e9t k\u0151t\u00e1bl\u00e1t, ahogy az \u00dar megparancsolta. Az \u00dar leereszkedett felh\u0151ben, \u0151 pedig el\u00e9je j\u00e1rult \u00e9s seg\u00edts\u00e9g\u00fcl h\u00edvta az \u00dar nev\u00e9t. Az \u00dar elvonult M\u00f3zes el\u0151tt \u00e9s ezt mondta: \u201eAz \u00dar, az \u00dar, irgalmas \u00e9s k\u00f6ny\u00f6r\u00fcl\u0151 Isten, hosszant\u0171r\u0151, kegyelemben \u00e9s h\u0171s\u00e9gben gazdag.\u201d M\u00f3zes sietve a f\u00f6ldig hajolt, leborult, \u00e9s \u00edgy sz\u00f3lt: \u201eHa kegyelmet tal\u00e1ltam a szemedben, Uram, akkor a mi Urunk vonuljon vel\u00fcnk. B\u00e1r kem\u00e9nynyak\u00fa n\u00e9p ez, m\u00e9gis bocs\u00e1sd meg b\u0171neinket, \u00e9s fogadj el minket \u00f6r\u00f6ks\u00e9ged\u00fcl.\u201d Ez az Isten ig\u00e9je. V\u00c1LASZOS ZSOLT\u00c1R (D\u00e1n 3,52.53.54.55.56) V\u00e1lasz:\u00a0* Dics\u00e9retre m\u00e9lt\u00f3 \u00e9s magasztos\u00a0\u00f6r\u00f6kk\u00f6n \u00f6r\u00f6kk\u00e9.\u00a06. t\u00f3nus. El\u0151\u00e9nekes: \u00c1ldott vagy, Urunk, aty\u00e1ink Istene.* H\u00edvek:\u00a0* Dics\u00e9retre m\u00e9lt\u00f3 \u00e9s magasztos\u00a0\u00f6r\u00f6kk\u00f6n \u00f6r\u00f6kk\u00e9. E: \u00c1ldott a te dics\u0151s\u00e9ges szent neved.* H:\u00a0* Dics\u00e9retre m\u00e9lt\u00f3 \u00e9s magasztos\u00a0\u00f6r\u00f6kk\u00f6n \u00f6r\u00f6kk\u00e9. E: \u00c1ldott vagy templomodban, dics\u0151s\u00e9ged szent hely\u00e9n.* H:\u00a0* Dics\u00e9retre m\u00e9lt\u00f3 \u00e9s magasztos\u00a0\u00f6r\u00f6kk\u00f6n \u00f6r\u00f6kk\u00e9. E: \u00c1ldott vagy kir\u00e1lyi tr\u00f3nodon.* H:\u00a0* Dics\u00e9retre m\u00e9lt\u00f3 \u00e9s magasztos\u00a0\u00f6r\u00f6kk\u00f6n \u00f6r\u00f6kk\u00e9. E: \u00c1ldott vagy, aki m\u00e9lys\u00e9gekbe tekintesz, \u2020 \u00e9s a kerubok f\u00f6l\u00f6tt tr\u00f3nolsz.* H:\u00a0* Dics\u00e9retre m\u00e9lt\u00f3 \u00e9s magasztos\u00a0\u00f6r\u00f6kk\u00f6n \u00f6r\u00f6kk\u00e9. E: \u00c1ldott vagy az \u00e9gbolt f\u00f6l\u00f6tt.* H:\u00a0* Dics\u00e9retre m\u00e9lt\u00f3 \u00e9s magasztos\u00a0\u00f6r\u00f6kk\u00f6n \u00f6r\u00f6kk\u00e9. SZENTLECKE Szent P\u00e1l apostolnak a korintusiakhoz \u00edrt m\u00e1sodik level\u00e9b\u0151l (2Kor 13,11-13) Urunk, J\u00e9zus Krisztus kegyelme, Isten szeretete \u00e9s a Szentl\u00e9lek k\u00f6z\u00f6ss\u00e9ge k\u00f6ti \u00f6ssze a h\u00edveket&#8230;. <\/p>\n<p><a class=\"readmore\" href=\"https:\/\/stuttgarti-katolikusok.de\/index.php\/szentharomsag-vasarnapja\/\">R\u00e9szletek<\/a><\/p>\n","protected":false},"author":3,"featured_media":23500,"comment_status":"closed","ping_status":"closed","sticky":false,"template":"","format":"standard","meta":{"footnotes":""},"categories":[85,63],"tags":[],"class_list":["post-26912","post","type-post","status-publish","format-standard","has-post-thumbnail","hentry","category-a-liturgia-olvasmanyai","category-vasarnapi-gondolatok"],"yoast_head":"<!-- This site is optimized with the Yoast SEO plugin v27.3 - https:\/\/yoast.com\/product\/yoast-seo-wordpress\/ -->\n<title>Szenth\u00e1roms\u00e1g vas\u00e1rnapja - Stuttgarti Katolikusok<\/title>\n<meta name=\"robots\" content=\"index, follow, max-snippet:-1, max-image-preview:large, max-video-preview:-1\" \/>\n<link rel=\"canonical\" href=\"https:\/\/stuttgarti-katolikusok.de\/index.php\/szentharomsag-vasarnapja\/\" \/>\n<meta property=\"og:locale\" content=\"hu_HU\" \/>\n<meta property=\"og:type\" content=\"article\" \/>\n<meta property=\"og:title\" content=\"Szenth\u00e1roms\u00e1g vas\u00e1rnapja - Stuttgarti Katolikusok\" \/>\n<meta property=\"og:description\" content=\"Kezd\u0151\u00e9nek: \u00c1ldott legyen az Atyaisten, \u00e9s Isten egysz\u00fcl\u00f6tt Fia, valamint a Szentl\u00e9lek, mert irgalmass\u00e1got gyakorolt vel\u00fcnk. K\u00f6ny\u00f6rg\u00e9s: Mennyei Aty\u00e1nk, te elk\u00fcldted a vil\u00e1gba Fiadat, az igazs\u00e1g Ig\u00e9j\u00e9t \u00e9s a megszentel\u0151 Szentlelket, \u00e9s ezzel kinyilatkoztattad bels\u0151 \u00e9leted csod\u00e1latos titk\u00e1t. Add, hogy az igaz hit megvall\u00e1s\u00e1val a Szenth\u00e1roms\u00e1g dics\u0151s\u00e9g\u00e9t megismerj\u00fck, \u00e9s a f\u00f6ls\u00e9ges hatalm\u00fa egy Istent im\u00e1djuk. A mi Urunk, J\u00e9zus Krisztus, a te Fiad \u00e1ltal, aki veled \u00e9l \u00e9s uralkodik a Szentl\u00e9lekkel egys\u00e9gben, Isten mind\u00f6r\u00f6kk\u00f6n \u00f6r\u00f6kk\u00e9. OLVASM\u00c1NY M\u00f3zes m\u00e1sodik k\u00f6nyv\u00e9b\u0151l (Kiv 34,4b-6.8-9) Az \u00dar irgalmas \u00e9s k\u00f6ny\u00f6r\u00fcl\u0151 Isten. M\u00f3zes, miut\u00e1n elpuszt\u00edtotta az aranyborj\u00fat \u00e9s kiengesztelte az Urat, m\u00e1snap kor\u00e1n reggel elindult a Sinai-hegyre, \u00e9s vitte mag\u00e1val a k\u00e9t k\u0151t\u00e1bl\u00e1t, ahogy az \u00dar megparancsolta. Az \u00dar leereszkedett felh\u0151ben, \u0151 pedig el\u00e9je j\u00e1rult \u00e9s seg\u00edts\u00e9g\u00fcl h\u00edvta az \u00dar nev\u00e9t. Az \u00dar elvonult M\u00f3zes el\u0151tt \u00e9s ezt mondta: \u201eAz \u00dar, az \u00dar, irgalmas \u00e9s k\u00f6ny\u00f6r\u00fcl\u0151 Isten, hosszant\u0171r\u0151, kegyelemben \u00e9s h\u0171s\u00e9gben gazdag.\u201d M\u00f3zes sietve a f\u00f6ldig hajolt, leborult, \u00e9s \u00edgy sz\u00f3lt: \u201eHa kegyelmet tal\u00e1ltam a szemedben, Uram, akkor a mi Urunk vonuljon vel\u00fcnk. B\u00e1r kem\u00e9nynyak\u00fa n\u00e9p ez, m\u00e9gis bocs\u00e1sd meg b\u0171neinket, \u00e9s fogadj el minket \u00f6r\u00f6ks\u00e9ged\u00fcl.\u201d Ez az Isten ig\u00e9je. V\u00c1LASZOS ZSOLT\u00c1R (D\u00e1n 3,52.53.54.55.56) V\u00e1lasz:\u00a0* Dics\u00e9retre m\u00e9lt\u00f3 \u00e9s magasztos\u00a0\u00f6r\u00f6kk\u00f6n \u00f6r\u00f6kk\u00e9.\u00a06. t\u00f3nus. El\u0151\u00e9nekes: \u00c1ldott vagy, Urunk, aty\u00e1ink Istene.* H\u00edvek:\u00a0* Dics\u00e9retre m\u00e9lt\u00f3 \u00e9s magasztos\u00a0\u00f6r\u00f6kk\u00f6n \u00f6r\u00f6kk\u00e9. E: \u00c1ldott a te dics\u0151s\u00e9ges szent neved.* H:\u00a0* Dics\u00e9retre m\u00e9lt\u00f3 \u00e9s magasztos\u00a0\u00f6r\u00f6kk\u00f6n \u00f6r\u00f6kk\u00e9. E: \u00c1ldott vagy templomodban, dics\u0151s\u00e9ged szent hely\u00e9n.* H:\u00a0* Dics\u00e9retre m\u00e9lt\u00f3 \u00e9s magasztos\u00a0\u00f6r\u00f6kk\u00f6n \u00f6r\u00f6kk\u00e9. E: \u00c1ldott vagy kir\u00e1lyi tr\u00f3nodon.* H:\u00a0* Dics\u00e9retre m\u00e9lt\u00f3 \u00e9s magasztos\u00a0\u00f6r\u00f6kk\u00f6n \u00f6r\u00f6kk\u00e9. E: \u00c1ldott vagy, aki m\u00e9lys\u00e9gekbe tekintesz, \u2020 \u00e9s a kerubok f\u00f6l\u00f6tt tr\u00f3nolsz.* H:\u00a0* Dics\u00e9retre m\u00e9lt\u00f3 \u00e9s magasztos\u00a0\u00f6r\u00f6kk\u00f6n \u00f6r\u00f6kk\u00e9. E: \u00c1ldott vagy az \u00e9gbolt f\u00f6l\u00f6tt.* H:\u00a0* Dics\u00e9retre m\u00e9lt\u00f3 \u00e9s magasztos\u00a0\u00f6r\u00f6kk\u00f6n \u00f6r\u00f6kk\u00e9. SZENTLECKE Szent P\u00e1l apostolnak a korintusiakhoz \u00edrt m\u00e1sodik level\u00e9b\u0151l (2Kor 13,11-13) Urunk, J\u00e9zus Krisztus kegyelme, Isten szeretete \u00e9s a Szentl\u00e9lek k\u00f6z\u00f6ss\u00e9ge k\u00f6ti \u00f6ssze a h\u00edveket.... R\u00e9szletek\" \/>\n<meta property=\"og:url\" content=\"https:\/\/stuttgarti-katolikusok.de\/index.php\/szentharomsag-vasarnapja\/\" \/>\n<meta property=\"og:site_name\" content=\"Stuttgarti Katolikusok\" \/>\n<meta property=\"article:published_time\" content=\"2023-06-03T09:55:53+00:00\" \/>\n<meta property=\"article:modified_time\" content=\"2023-06-03T09:59:02+00:00\" \/>\n<meta property=\"og:image\" content=\"https:\/\/stuttgarti-katolikusok.de\/wp-content\/uploads\/2022\/06\/kepernyofelvetel-38.png\" \/>\n\t<meta property=\"og:image:width\" content=\"1450\" \/>\n\t<meta property=\"og:image:height\" content=\"921\" \/>\n\t<meta property=\"og:image:type\" content=\"image\/png\" \/>\n<meta name=\"author\" content=\"Tibor atya\" \/>\n<meta name=\"twitter:card\" content=\"summary_large_image\" \/>\n<meta name=\"twitter:label1\" content=\"Szerz\u0151:\" \/>\n\t<meta name=\"twitter:data1\" content=\"Tibor atya\" \/>\n\t<meta name=\"twitter:label2\" content=\"Becs\u00fclt olvas\u00e1si id\u0151\" \/>\n\t<meta name=\"twitter:data2\" content=\"5 perc\" \/>\n<script type=\"application\/ld+json\" class=\"yoast-schema-graph\">{\"@context\":\"https:\\\/\\\/schema.org\",\"@graph\":[{\"@type\":\"Article\",\"@id\":\"https:\\\/\\\/stuttgarti-katolikusok.de\\\/index.php\\\/szentharomsag-vasarnapja\\\/#article\",\"isPartOf\":{\"@id\":\"https:\\\/\\\/stuttgarti-katolikusok.de\\\/index.php\\\/szentharomsag-vasarnapja\\\/\"},\"author\":{\"name\":\"Tibor atya\",\"@id\":\"https:\\\/\\\/stuttgarti-katolikusok.de\\\/#\\\/schema\\\/person\\\/75908d6f8fdc03a57889d27209df7795\"},\"headline\":\"Szenth\u00e1roms\u00e1g vas\u00e1rnapja\",\"datePublished\":\"2023-06-03T09:55:53+00:00\",\"dateModified\":\"2023-06-03T09:59:02+00:00\",\"mainEntityOfPage\":{\"@id\":\"https:\\\/\\\/stuttgarti-katolikusok.de\\\/index.php\\\/szentharomsag-vasarnapja\\\/\"},\"wordCount\":1234,\"image\":{\"@id\":\"https:\\\/\\\/stuttgarti-katolikusok.de\\\/index.php\\\/szentharomsag-vasarnapja\\\/#primaryimage\"},\"thumbnailUrl\":\"https:\\\/\\\/stuttgarti-katolikusok.de\\\/wp-content\\\/uploads\\\/2022\\\/06\\\/kepernyofelvetel-38.png\",\"articleSection\":[\"A liturgia olvasm\u00e1nyai\",\"Vas\u00e1rnapi gondolatok\"],\"inLanguage\":\"hu\"},{\"@type\":\"WebPage\",\"@id\":\"https:\\\/\\\/stuttgarti-katolikusok.de\\\/index.php\\\/szentharomsag-vasarnapja\\\/\",\"url\":\"https:\\\/\\\/stuttgarti-katolikusok.de\\\/index.php\\\/szentharomsag-vasarnapja\\\/\",\"name\":\"Szenth\u00e1roms\u00e1g vas\u00e1rnapja - Stuttgarti Katolikusok\",\"isPartOf\":{\"@id\":\"https:\\\/\\\/stuttgarti-katolikusok.de\\\/#website\"},\"primaryImageOfPage\":{\"@id\":\"https:\\\/\\\/stuttgarti-katolikusok.de\\\/index.php\\\/szentharomsag-vasarnapja\\\/#primaryimage\"},\"image\":{\"@id\":\"https:\\\/\\\/stuttgarti-katolikusok.de\\\/index.php\\\/szentharomsag-vasarnapja\\\/#primaryimage\"},\"thumbnailUrl\":\"https:\\\/\\\/stuttgarti-katolikusok.de\\\/wp-content\\\/uploads\\\/2022\\\/06\\\/kepernyofelvetel-38.png\",\"datePublished\":\"2023-06-03T09:55:53+00:00\",\"dateModified\":\"2023-06-03T09:59:02+00:00\",\"author\":{\"@id\":\"https:\\\/\\\/stuttgarti-katolikusok.de\\\/#\\\/schema\\\/person\\\/75908d6f8fdc03a57889d27209df7795\"},\"breadcrumb\":{\"@id\":\"https:\\\/\\\/stuttgarti-katolikusok.de\\\/index.php\\\/szentharomsag-vasarnapja\\\/#breadcrumb\"},\"inLanguage\":\"hu\",\"potentialAction\":[{\"@type\":\"ReadAction\",\"target\":[\"https:\\\/\\\/stuttgarti-katolikusok.de\\\/index.php\\\/szentharomsag-vasarnapja\\\/\"]}]},{\"@type\":\"ImageObject\",\"inLanguage\":\"hu\",\"@id\":\"https:\\\/\\\/stuttgarti-katolikusok.de\\\/index.php\\\/szentharomsag-vasarnapja\\\/#primaryimage\",\"url\":\"https:\\\/\\\/stuttgarti-katolikusok.de\\\/wp-content\\\/uploads\\\/2022\\\/06\\\/kepernyofelvetel-38.png\",\"contentUrl\":\"https:\\\/\\\/stuttgarti-katolikusok.de\\\/wp-content\\\/uploads\\\/2022\\\/06\\\/kepernyofelvetel-38.png\",\"width\":1450,\"height\":921},{\"@type\":\"BreadcrumbList\",\"@id\":\"https:\\\/\\\/stuttgarti-katolikusok.de\\\/index.php\\\/szentharomsag-vasarnapja\\\/#breadcrumb\",\"itemListElement\":[{\"@type\":\"ListItem\",\"position\":1,\"name\":\"Kezd\u0151lap\",\"item\":\"https:\\\/\\\/stuttgarti-katolikusok.de\\\/\"},{\"@type\":\"ListItem\",\"position\":2,\"name\":\"Szenth\u00e1roms\u00e1g vas\u00e1rnapja\"}]},{\"@type\":\"WebSite\",\"@id\":\"https:\\\/\\\/stuttgarti-katolikusok.de\\\/#website\",\"url\":\"https:\\\/\\\/stuttgarti-katolikusok.de\\\/\",\"name\":\"Stuttgarti Katolikusok\",\"description\":\"\",\"potentialAction\":[{\"@type\":\"SearchAction\",\"target\":{\"@type\":\"EntryPoint\",\"urlTemplate\":\"https:\\\/\\\/stuttgarti-katolikusok.de\\\/?s={search_term_string}\"},\"query-input\":{\"@type\":\"PropertyValueSpecification\",\"valueRequired\":true,\"valueName\":\"search_term_string\"}}],\"inLanguage\":\"hu\"},{\"@type\":\"Person\",\"@id\":\"https:\\\/\\\/stuttgarti-katolikusok.de\\\/#\\\/schema\\\/person\\\/75908d6f8fdc03a57889d27209df7795\",\"name\":\"Tibor atya\",\"image\":{\"@type\":\"ImageObject\",\"inLanguage\":\"hu\",\"@id\":\"https:\\\/\\\/secure.gravatar.com\\\/avatar\\\/61d268e57d1f4525b111222e29d2d5a7f8c420fdbf231ba5566a8ceac74fa960?s=96&d=mm&r=g\",\"url\":\"https:\\\/\\\/secure.gravatar.com\\\/avatar\\\/61d268e57d1f4525b111222e29d2d5a7f8c420fdbf231ba5566a8ceac74fa960?s=96&d=mm&r=g\",\"contentUrl\":\"https:\\\/\\\/secure.gravatar.com\\\/avatar\\\/61d268e57d1f4525b111222e29d2d5a7f8c420fdbf231ba5566a8ceac74fa960?s=96&d=mm&r=g\",\"caption\":\"Tibor atya\"},\"url\":\"https:\\\/\\\/stuttgarti-katolikusok.de\\\/index.php\\\/author\\\/tibor-atya\\\/\"}]}<\/script>\n<!-- \/ Yoast SEO plugin. -->","yoast_head_json":{"title":"Szenth\u00e1roms\u00e1g vas\u00e1rnapja - Stuttgarti Katolikusok","robots":{"index":"index","follow":"follow","max-snippet":"max-snippet:-1","max-image-preview":"max-image-preview:large","max-video-preview":"max-video-preview:-1"},"canonical":"https:\/\/stuttgarti-katolikusok.de\/index.php\/szentharomsag-vasarnapja\/","og_locale":"hu_HU","og_type":"article","og_title":"Szenth\u00e1roms\u00e1g vas\u00e1rnapja - Stuttgarti Katolikusok","og_description":"Kezd\u0151\u00e9nek: \u00c1ldott legyen az Atyaisten, \u00e9s Isten egysz\u00fcl\u00f6tt Fia, valamint a Szentl\u00e9lek, mert irgalmass\u00e1got gyakorolt vel\u00fcnk. K\u00f6ny\u00f6rg\u00e9s: Mennyei Aty\u00e1nk, te elk\u00fcldted a vil\u00e1gba Fiadat, az igazs\u00e1g Ig\u00e9j\u00e9t \u00e9s a megszentel\u0151 Szentlelket, \u00e9s ezzel kinyilatkoztattad bels\u0151 \u00e9leted csod\u00e1latos titk\u00e1t. Add, hogy az igaz hit megvall\u00e1s\u00e1val a Szenth\u00e1roms\u00e1g dics\u0151s\u00e9g\u00e9t megismerj\u00fck, \u00e9s a f\u00f6ls\u00e9ges hatalm\u00fa egy Istent im\u00e1djuk. A mi Urunk, J\u00e9zus Krisztus, a te Fiad \u00e1ltal, aki veled \u00e9l \u00e9s uralkodik a Szentl\u00e9lekkel egys\u00e9gben, Isten mind\u00f6r\u00f6kk\u00f6n \u00f6r\u00f6kk\u00e9. OLVASM\u00c1NY M\u00f3zes m\u00e1sodik k\u00f6nyv\u00e9b\u0151l (Kiv 34,4b-6.8-9) Az \u00dar irgalmas \u00e9s k\u00f6ny\u00f6r\u00fcl\u0151 Isten. M\u00f3zes, miut\u00e1n elpuszt\u00edtotta az aranyborj\u00fat \u00e9s kiengesztelte az Urat, m\u00e1snap kor\u00e1n reggel elindult a Sinai-hegyre, \u00e9s vitte mag\u00e1val a k\u00e9t k\u0151t\u00e1bl\u00e1t, ahogy az \u00dar megparancsolta. Az \u00dar leereszkedett felh\u0151ben, \u0151 pedig el\u00e9je j\u00e1rult \u00e9s seg\u00edts\u00e9g\u00fcl h\u00edvta az \u00dar nev\u00e9t. Az \u00dar elvonult M\u00f3zes el\u0151tt \u00e9s ezt mondta: \u201eAz \u00dar, az \u00dar, irgalmas \u00e9s k\u00f6ny\u00f6r\u00fcl\u0151 Isten, hosszant\u0171r\u0151, kegyelemben \u00e9s h\u0171s\u00e9gben gazdag.\u201d M\u00f3zes sietve a f\u00f6ldig hajolt, leborult, \u00e9s \u00edgy sz\u00f3lt: \u201eHa kegyelmet tal\u00e1ltam a szemedben, Uram, akkor a mi Urunk vonuljon vel\u00fcnk. B\u00e1r kem\u00e9nynyak\u00fa n\u00e9p ez, m\u00e9gis bocs\u00e1sd meg b\u0171neinket, \u00e9s fogadj el minket \u00f6r\u00f6ks\u00e9ged\u00fcl.\u201d Ez az Isten ig\u00e9je. V\u00c1LASZOS ZSOLT\u00c1R (D\u00e1n 3,52.53.54.55.56) V\u00e1lasz:\u00a0* Dics\u00e9retre m\u00e9lt\u00f3 \u00e9s magasztos\u00a0\u00f6r\u00f6kk\u00f6n \u00f6r\u00f6kk\u00e9.\u00a06. t\u00f3nus. El\u0151\u00e9nekes: \u00c1ldott vagy, Urunk, aty\u00e1ink Istene.* H\u00edvek:\u00a0* Dics\u00e9retre m\u00e9lt\u00f3 \u00e9s magasztos\u00a0\u00f6r\u00f6kk\u00f6n \u00f6r\u00f6kk\u00e9. E: \u00c1ldott a te dics\u0151s\u00e9ges szent neved.* H:\u00a0* Dics\u00e9retre m\u00e9lt\u00f3 \u00e9s magasztos\u00a0\u00f6r\u00f6kk\u00f6n \u00f6r\u00f6kk\u00e9. E: \u00c1ldott vagy templomodban, dics\u0151s\u00e9ged szent hely\u00e9n.* H:\u00a0* Dics\u00e9retre m\u00e9lt\u00f3 \u00e9s magasztos\u00a0\u00f6r\u00f6kk\u00f6n \u00f6r\u00f6kk\u00e9. E: \u00c1ldott vagy kir\u00e1lyi tr\u00f3nodon.* H:\u00a0* Dics\u00e9retre m\u00e9lt\u00f3 \u00e9s magasztos\u00a0\u00f6r\u00f6kk\u00f6n \u00f6r\u00f6kk\u00e9. E: \u00c1ldott vagy, aki m\u00e9lys\u00e9gekbe tekintesz, \u2020 \u00e9s a kerubok f\u00f6l\u00f6tt tr\u00f3nolsz.* H:\u00a0* Dics\u00e9retre m\u00e9lt\u00f3 \u00e9s magasztos\u00a0\u00f6r\u00f6kk\u00f6n \u00f6r\u00f6kk\u00e9. E: \u00c1ldott vagy az \u00e9gbolt f\u00f6l\u00f6tt.* H:\u00a0* Dics\u00e9retre m\u00e9lt\u00f3 \u00e9s magasztos\u00a0\u00f6r\u00f6kk\u00f6n \u00f6r\u00f6kk\u00e9. SZENTLECKE Szent P\u00e1l apostolnak a korintusiakhoz \u00edrt m\u00e1sodik level\u00e9b\u0151l (2Kor 13,11-13) Urunk, J\u00e9zus Krisztus kegyelme, Isten szeretete \u00e9s a Szentl\u00e9lek k\u00f6z\u00f6ss\u00e9ge k\u00f6ti \u00f6ssze a h\u00edveket.... R\u00e9szletek","og_url":"https:\/\/stuttgarti-katolikusok.de\/index.php\/szentharomsag-vasarnapja\/","og_site_name":"Stuttgarti Katolikusok","article_published_time":"2023-06-03T09:55:53+00:00","article_modified_time":"2023-06-03T09:59:02+00:00","og_image":[{"width":1450,"height":921,"url":"https:\/\/stuttgarti-katolikusok.de\/wp-content\/uploads\/2022\/06\/kepernyofelvetel-38.png","type":"image\/png"}],"author":"Tibor atya","twitter_card":"summary_large_image","twitter_misc":{"Szerz\u0151:":"Tibor atya","Becs\u00fclt olvas\u00e1si id\u0151":"5 perc"},"schema":{"@context":"https:\/\/schema.org","@graph":[{"@type":"Article","@id":"https:\/\/stuttgarti-katolikusok.de\/index.php\/szentharomsag-vasarnapja\/#article","isPartOf":{"@id":"https:\/\/stuttgarti-katolikusok.de\/index.php\/szentharomsag-vasarnapja\/"},"author":{"name":"Tibor atya","@id":"https:\/\/stuttgarti-katolikusok.de\/#\/schema\/person\/75908d6f8fdc03a57889d27209df7795"},"headline":"Szenth\u00e1roms\u00e1g vas\u00e1rnapja","datePublished":"2023-06-03T09:55:53+00:00","dateModified":"2023-06-03T09:59:02+00:00","mainEntityOfPage":{"@id":"https:\/\/stuttgarti-katolikusok.de\/index.php\/szentharomsag-vasarnapja\/"},"wordCount":1234,"image":{"@id":"https:\/\/stuttgarti-katolikusok.de\/index.php\/szentharomsag-vasarnapja\/#primaryimage"},"thumbnailUrl":"https:\/\/stuttgarti-katolikusok.de\/wp-content\/uploads\/2022\/06\/kepernyofelvetel-38.png","articleSection":["A liturgia olvasm\u00e1nyai","Vas\u00e1rnapi gondolatok"],"inLanguage":"hu"},{"@type":"WebPage","@id":"https:\/\/stuttgarti-katolikusok.de\/index.php\/szentharomsag-vasarnapja\/","url":"https:\/\/stuttgarti-katolikusok.de\/index.php\/szentharomsag-vasarnapja\/","name":"Szenth\u00e1roms\u00e1g vas\u00e1rnapja - Stuttgarti Katolikusok","isPartOf":{"@id":"https:\/\/stuttgarti-katolikusok.de\/#website"},"primaryImageOfPage":{"@id":"https:\/\/stuttgarti-katolikusok.de\/index.php\/szentharomsag-vasarnapja\/#primaryimage"},"image":{"@id":"https:\/\/stuttgarti-katolikusok.de\/index.php\/szentharomsag-vasarnapja\/#primaryimage"},"thumbnailUrl":"https:\/\/stuttgarti-katolikusok.de\/wp-content\/uploads\/2022\/06\/kepernyofelvetel-38.png","datePublished":"2023-06-03T09:55:53+00:00","dateModified":"2023-06-03T09:59:02+00:00","author":{"@id":"https:\/\/stuttgarti-katolikusok.de\/#\/schema\/person\/75908d6f8fdc03a57889d27209df7795"},"breadcrumb":{"@id":"https:\/\/stuttgarti-katolikusok.de\/index.php\/szentharomsag-vasarnapja\/#breadcrumb"},"inLanguage":"hu","potentialAction":[{"@type":"ReadAction","target":["https:\/\/stuttgarti-katolikusok.de\/index.php\/szentharomsag-vasarnapja\/"]}]},{"@type":"ImageObject","inLanguage":"hu","@id":"https:\/\/stuttgarti-katolikusok.de\/index.php\/szentharomsag-vasarnapja\/#primaryimage","url":"https:\/\/stuttgarti-katolikusok.de\/wp-content\/uploads\/2022\/06\/kepernyofelvetel-38.png","contentUrl":"https:\/\/stuttgarti-katolikusok.de\/wp-content\/uploads\/2022\/06\/kepernyofelvetel-38.png","width":1450,"height":921},{"@type":"BreadcrumbList","@id":"https:\/\/stuttgarti-katolikusok.de\/index.php\/szentharomsag-vasarnapja\/#breadcrumb","itemListElement":[{"@type":"ListItem","position":1,"name":"Kezd\u0151lap","item":"https:\/\/stuttgarti-katolikusok.de\/"},{"@type":"ListItem","position":2,"name":"Szenth\u00e1roms\u00e1g vas\u00e1rnapja"}]},{"@type":"WebSite","@id":"https:\/\/stuttgarti-katolikusok.de\/#website","url":"https:\/\/stuttgarti-katolikusok.de\/","name":"Stuttgarti Katolikusok","description":"","potentialAction":[{"@type":"SearchAction","target":{"@type":"EntryPoint","urlTemplate":"https:\/\/stuttgarti-katolikusok.de\/?s={search_term_string}"},"query-input":{"@type":"PropertyValueSpecification","valueRequired":true,"valueName":"search_term_string"}}],"inLanguage":"hu"},{"@type":"Person","@id":"https:\/\/stuttgarti-katolikusok.de\/#\/schema\/person\/75908d6f8fdc03a57889d27209df7795","name":"Tibor atya","image":{"@type":"ImageObject","inLanguage":"hu","@id":"https:\/\/secure.gravatar.com\/avatar\/61d268e57d1f4525b111222e29d2d5a7f8c420fdbf231ba5566a8ceac74fa960?s=96&d=mm&r=g","url":"https:\/\/secure.gravatar.com\/avatar\/61d268e57d1f4525b111222e29d2d5a7f8c420fdbf231ba5566a8ceac74fa960?s=96&d=mm&r=g","contentUrl":"https:\/\/secure.gravatar.com\/avatar\/61d268e57d1f4525b111222e29d2d5a7f8c420fdbf231ba5566a8ceac74fa960?s=96&d=mm&r=g","caption":"Tibor atya"},"url":"https:\/\/stuttgarti-katolikusok.de\/index.php\/author\/tibor-atya\/"}]}},"_links":{"self":[{"href":"https:\/\/stuttgarti-katolikusok.de\/index.php\/wp-json\/wp\/v2\/posts\/26912","targetHints":{"allow":["GET"]}}],"collection":[{"href":"https:\/\/stuttgarti-katolikusok.de\/index.php\/wp-json\/wp\/v2\/posts"}],"about":[{"href":"https:\/\/stuttgarti-katolikusok.de\/index.php\/wp-json\/wp\/v2\/types\/post"}],"author":[{"embeddable":true,"href":"https:\/\/stuttgarti-katolikusok.de\/index.php\/wp-json\/wp\/v2\/users\/3"}],"replies":[{"embeddable":true,"href":"https:\/\/stuttgarti-katolikusok.de\/index.php\/wp-json\/wp\/v2\/comments?post=26912"}],"version-history":[{"count":3,"href":"https:\/\/stuttgarti-katolikusok.de\/index.php\/wp-json\/wp\/v2\/posts\/26912\/revisions"}],"predecessor-version":[{"id":26915,"href":"https:\/\/stuttgarti-katolikusok.de\/index.php\/wp-json\/wp\/v2\/posts\/26912\/revisions\/26915"}],"wp:featuredmedia":[{"embeddable":true,"href":"https:\/\/stuttgarti-katolikusok.de\/index.php\/wp-json\/wp\/v2\/media\/23500"}],"wp:attachment":[{"href":"https:\/\/stuttgarti-katolikusok.de\/index.php\/wp-json\/wp\/v2\/media?parent=26912"}],"wp:term":[{"taxonomy":"category","embeddable":true,"href":"https:\/\/stuttgarti-katolikusok.de\/index.php\/wp-json\/wp\/v2\/categories?post=26912"},{"taxonomy":"post_tag","embeddable":true,"href":"https:\/\/stuttgarti-katolikusok.de\/index.php\/wp-json\/wp\/v2\/tags?post=26912"}],"curies":[{"name":"wp","href":"https:\/\/api.w.org\/{rel}","templated":true}]}}