{"id":26888,"date":"2023-05-30T11:16:24","date_gmt":"2023-05-30T09:16:24","guid":{"rendered":"https:\/\/stuttgarti-katolikusok.de\/?p=26888"},"modified":"2023-05-30T11:20:40","modified_gmt":"2023-05-30T09:20:40","slug":"2023-majus-30-es-junius-4-kozott","status":"publish","type":"post","link":"https:\/\/stuttgarti-katolikusok.de\/index.php\/2023-majus-30-es-junius-4-kozott\/","title":{"rendered":"2023. M\u00c1JUS 30 \u00c9S J\u00daNIUS 4 K\u00d6Z\u00d6TT"},"content":{"rendered":"<p><span style=\"color: #ff6600;\"><em><strong>Programel\u0151zetes<\/strong><\/em><\/span><\/p>\n<p style=\"text-align: center;\"><span style=\"color: #ff6600;\"><em>\u00a0<\/em><strong>*<\/strong><\/span><\/p>\n<p><span style=\"color: #000000;\"><strong>J\u00fanius 2-\u00e1n<\/strong><\/span>,\u00a0p\u00e9nteken,<em>\u00a0<strong><span style=\"color: #ff6600;\">Stuttgarti d\u00e9lut\u00e1n<\/span><\/strong>, <\/em>18.00 \u00f3rakor <em>szentmise, <\/em>el\u0151tte <em>r\u00f3zsaf\u00fcz\u00e9rt im\u00e1dkozunk. <\/em>Szentmise v\u00e9gezt\u00e9vel <em>els\u0151p\u00e9nteki \u00e1jtatoss\u00e1got <\/em>tartunk.<\/p>\n<p style=\"text-align: center;\"><span style=\"color: #ff6600;\"><strong>*<\/strong><\/span><\/p>\n<p><span style=\"color: #ff6600;\"><strong><span style=\"color: #000000;\">J\u00fanius 3-\u00e1n<\/span><\/strong><\/span>, szombaton, <span style=\"color: #ff6600;\"><strong>Balingenben <\/strong><\/span>16.00 \u00f3rakor <em>szentmise<\/em>, ut\u00e1na <em>agap\u00e9<\/em>.<\/p>\n<p style=\"text-align: center;\"><span style=\"color: #ff6600;\"><strong>*<\/strong><\/span><\/p>\n<p><span style=\"color: #ff6600;\"><span style=\"color: #000000;\"><strong>J\u00fanius 4-\u00e9n<\/strong><em><strong>,<\/strong><\/em><\/span>\u00a0<em><strong>Szenth\u00e1roms\u00e1g vas\u00e1rnapja<\/strong><span style=\"color: #000000;\">,\u00a0<\/span><\/em><\/span><\/p>\n<p><span style=\"color: #ff6600;\"><strong>Schw\u00e4bisch-Gm\u00fcndben<\/strong><\/span><em><strong>\u00a0<\/strong><\/em>9.30 \u00f3rakor<em>\u00a0szentmise<\/em>, ut\u00e1na <em>agap\u00e9,<\/em><\/p>\n<p><span style=\"color: #ff6600;\"><strong>Stuttgartban &#8211; <\/strong><em><strong>Nemzeti \u00d6sszetartoz\u00e1s Napj<\/strong><\/em><strong>a<\/strong><\/span><\/p>\n<p>15.00 \u00f3rakor<em> szentmise<\/em> &#8211; 16.00 \u00f3rakor <em>megeml\u00e9kez\u00e9s<\/em><\/p>\n<p><a href=\"https:\/\/stuttgarti-katolikusok.de\/wp-content\/uploads\/2023\/05\/nemezeti-osszetart-meghivo-junius4.jpg\"><img loading=\"lazy\" decoding=\"async\" class=\"alignnone size-full wp-image-26889\" src=\"https:\/\/stuttgarti-katolikusok.de\/wp-content\/uploads\/2023\/05\/nemezeti-osszetart-meghivo-junius4.jpg\" alt=\"\" width=\"2000\" height=\"1500\" srcset=\"https:\/\/stuttgarti-katolikusok.de\/wp-content\/uploads\/2023\/05\/nemezeti-osszetart-meghivo-junius4.jpg 2000w, https:\/\/stuttgarti-katolikusok.de\/wp-content\/uploads\/2023\/05\/nemezeti-osszetart-meghivo-junius4-300x225.jpg 300w, https:\/\/stuttgarti-katolikusok.de\/wp-content\/uploads\/2023\/05\/nemezeti-osszetart-meghivo-junius4-1024x768.jpg 1024w, https:\/\/stuttgarti-katolikusok.de\/wp-content\/uploads\/2023\/05\/nemezeti-osszetart-meghivo-junius4-1536x1152.jpg 1536w, https:\/\/stuttgarti-katolikusok.de\/wp-content\/uploads\/2023\/05\/nemezeti-osszetart-meghivo-junius4-164x124.jpg 164w\" sizes=\"auto, (max-width: 2000px) 100vw, 2000px\" \/><\/a><\/p>\n<p style=\"text-align: center;\"><span style=\"color: #ff6600;\"><em><strong>\u00a0*<\/strong><\/em><\/span><\/p>\n<p>Minden helyen mindenkit szeretettel v\u00e1r a k\u00f6z\u00f6ss\u00e9g \u00e9s Tibor atya!<\/p>\n<p style=\"text-align: center;\"><span style=\"color: #ff6600;\"><strong>*<\/strong><\/span><\/p>\n<p><a href=\"https:\/\/stuttgarti-katolikusok.de\/wp-content\/uploads\/2021\/05\/church-window-1016443-1280.jpg\"><img loading=\"lazy\" decoding=\"async\" class=\"alignnone size-full wp-image-21952\" src=\"https:\/\/stuttgarti-katolikusok.de\/wp-content\/uploads\/2021\/05\/church-window-1016443-1280.jpg\" alt=\"\" width=\"1280\" height=\"853\" srcset=\"https:\/\/stuttgarti-katolikusok.de\/wp-content\/uploads\/2021\/05\/church-window-1016443-1280.jpg 1280w, https:\/\/stuttgarti-katolikusok.de\/wp-content\/uploads\/2021\/05\/church-window-1016443-1280-300x200.jpg 300w, https:\/\/stuttgarti-katolikusok.de\/wp-content\/uploads\/2021\/05\/church-window-1016443-1280-1024x682.jpg 1024w, https:\/\/stuttgarti-katolikusok.de\/wp-content\/uploads\/2021\/05\/church-window-1016443-1280-420x280.jpg 420w, https:\/\/stuttgarti-katolikusok.de\/wp-content\/uploads\/2021\/05\/church-window-1016443-1280-690x460.jpg 690w\" sizes=\"auto, (max-width: 1280px) 100vw, 1280px\" \/><\/a><\/p>\n<p style=\"text-align: center;\"><span style=\"color: #ff6600;\"><em><strong>*<\/strong><\/em><\/span><\/p>\n<p><em><strong><span style=\"color: #ff6600;\">Kegyelemteljes napokat, tartalmas besz\u00e9lget\u00e9seket \u00e9s \u00f6r\u00f6mteli tal\u00e1lkoz\u00e1sokat k\u00edv\u00e1nunk minden Kedves H\u00edv\u00fcnknek!<\/span><\/strong><\/em><\/p>\n<p style=\"text-align: center;\"><span style=\"color: #ff6600;\"><em><strong>*<\/strong><\/em><\/span><\/p>\n<p><em><span style=\"color: #ff6600;\">\u201eA hamiss\u00e1g mindenk\u00e9pp \u00f6nz\u00e9sb\u0151l fakad, sorsa is sz\u00fcks\u00e9gszer\u0171en v\u00e9ges. Vele szemben az igazs\u00e1g csak ideiglenesen vesz\u00edthet, sorsa viszont sz\u00fcks\u00e9gszer\u0171en torkollik a v\u00e9gtelenbe. Az igazs\u00e1g ez\u00e9rt sose lehet t\u00fcrelmetlen vagy t\u00e1mad\u00f3, \u00e9s sose ir\u00e1nyulhat senki ellen. Tartalm\u00e1ra hogyan is c\u00e1folhatna r\u00e1 term\u00e9szete? Gy\u0151zelme a szel\u00eddekre v\u00e1r, \u00e9s a t\u00fcrelmesekre.\u201d<\/span> (Pilinszky J\u00e1nos, k\u00f6lt\u0151 \u2013 1921 \u2013 1981)<\/em><\/p>\n<p><em>(K\u00e9pek forr\u00e1sa: pixabay.com)<\/em><\/p>\n","protected":false},"excerpt":{"rendered":"<p>Programel\u0151zetes \u00a0* J\u00fanius 2-\u00e1n,\u00a0p\u00e9nteken,\u00a0Stuttgarti d\u00e9lut\u00e1n, 18.00 \u00f3rakor szentmise, el\u0151tte r\u00f3zsaf\u00fcz\u00e9rt im\u00e1dkozunk. Szentmise v\u00e9gezt\u00e9vel els\u0151p\u00e9nteki \u00e1jtatoss\u00e1got tartunk. * J\u00fanius 3-\u00e1n, szombaton, Balingenben 16.00 \u00f3rakor szentmise, ut\u00e1na agap\u00e9. * J\u00fanius 4-\u00e9n,\u00a0Szenth\u00e1roms\u00e1g vas\u00e1rnapja,\u00a0 Schw\u00e4bisch-Gm\u00fcndben\u00a09.30 \u00f3rakor\u00a0szentmise, ut\u00e1na agap\u00e9, Stuttgartban &#8211; Nemzeti \u00d6sszetartoz\u00e1s Napja 15.00 \u00f3rakor szentmise &#8211; 16.00 \u00f3rakor megeml\u00e9kez\u00e9s \u00a0* Minden helyen mindenkit szeretettel v\u00e1r a k\u00f6z\u00f6ss\u00e9g \u00e9s Tibor atya! * * Kegyelemteljes napokat, tartalmas besz\u00e9lget\u00e9seket \u00e9s \u00f6r\u00f6mteli tal\u00e1lkoz\u00e1sokat k\u00edv\u00e1nunk minden Kedves H\u00edv\u00fcnknek! * \u201eA hamiss\u00e1g mindenk\u00e9pp \u00f6nz\u00e9sb\u0151l fakad, sorsa is sz\u00fcks\u00e9gszer\u0171en v\u00e9ges. Vele szemben az igazs\u00e1g csak ideiglenesen vesz\u00edthet, sorsa viszont sz\u00fcks\u00e9gszer\u0171en torkollik a v\u00e9gtelenbe. Az igazs\u00e1g ez\u00e9rt sose lehet t\u00fcrelmetlen vagy t\u00e1mad\u00f3, \u00e9s sose ir\u00e1nyulhat senki ellen. Tartalm\u00e1ra hogyan is c\u00e1folhatna r\u00e1 term\u00e9szete? Gy\u0151zelme a szel\u00eddekre v\u00e1r, \u00e9s a t\u00fcrelmesekre.\u201d (Pilinszky J\u00e1nos, k\u00f6lt\u0151 \u2013 1921 \u2013 1981) (K\u00e9pek forr\u00e1sa: pixabay.com)<\/p>\n","protected":false},"author":3,"featured_media":21953,"comment_status":"closed","ping_status":"closed","sticky":false,"template":"","format":"standard","meta":{"footnotes":""},"categories":[37],"tags":[],"class_list":["post-26888","post","type-post","status-publish","format-standard","has-post-thumbnail","hentry","category-progamelozetes"],"yoast_head":"<!-- This site is optimized with the Yoast SEO plugin v27.3 - https:\/\/yoast.com\/product\/yoast-seo-wordpress\/ -->\n<title>2023. M\u00c1JUS 30 \u00c9S J\u00daNIUS 4 K\u00d6Z\u00d6TT - Stuttgarti Katolikusok<\/title>\n<meta name=\"robots\" content=\"index, follow, max-snippet:-1, max-image-preview:large, max-video-preview:-1\" \/>\n<link rel=\"canonical\" href=\"https:\/\/stuttgarti-katolikusok.de\/index.php\/2023-majus-30-es-junius-4-kozott\/\" \/>\n<meta property=\"og:locale\" content=\"hu_HU\" \/>\n<meta property=\"og:type\" content=\"article\" \/>\n<meta property=\"og:title\" content=\"2023. M\u00c1JUS 30 \u00c9S J\u00daNIUS 4 K\u00d6Z\u00d6TT - Stuttgarti Katolikusok\" \/>\n<meta property=\"og:description\" content=\"Programel\u0151zetes \u00a0* J\u00fanius 2-\u00e1n,\u00a0p\u00e9nteken,\u00a0Stuttgarti d\u00e9lut\u00e1n, 18.00 \u00f3rakor szentmise, el\u0151tte r\u00f3zsaf\u00fcz\u00e9rt im\u00e1dkozunk. Szentmise v\u00e9gezt\u00e9vel els\u0151p\u00e9nteki \u00e1jtatoss\u00e1got tartunk. * J\u00fanius 3-\u00e1n, szombaton, Balingenben 16.00 \u00f3rakor szentmise, ut\u00e1na agap\u00e9. * J\u00fanius 4-\u00e9n,\u00a0Szenth\u00e1roms\u00e1g vas\u00e1rnapja,\u00a0 Schw\u00e4bisch-Gm\u00fcndben\u00a09.30 \u00f3rakor\u00a0szentmise, ut\u00e1na agap\u00e9, Stuttgartban &#8211; Nemzeti \u00d6sszetartoz\u00e1s Napja 15.00 \u00f3rakor szentmise &#8211; 16.00 \u00f3rakor megeml\u00e9kez\u00e9s \u00a0* Minden helyen mindenkit szeretettel v\u00e1r a k\u00f6z\u00f6ss\u00e9g \u00e9s Tibor atya! * * Kegyelemteljes napokat, tartalmas besz\u00e9lget\u00e9seket \u00e9s \u00f6r\u00f6mteli tal\u00e1lkoz\u00e1sokat k\u00edv\u00e1nunk minden Kedves H\u00edv\u00fcnknek! * \u201eA hamiss\u00e1g mindenk\u00e9pp \u00f6nz\u00e9sb\u0151l fakad, sorsa is sz\u00fcks\u00e9gszer\u0171en v\u00e9ges. Vele szemben az igazs\u00e1g csak ideiglenesen vesz\u00edthet, sorsa viszont sz\u00fcks\u00e9gszer\u0171en torkollik a v\u00e9gtelenbe. Az igazs\u00e1g ez\u00e9rt sose lehet t\u00fcrelmetlen vagy t\u00e1mad\u00f3, \u00e9s sose ir\u00e1nyulhat senki ellen. Tartalm\u00e1ra hogyan is c\u00e1folhatna r\u00e1 term\u00e9szete? Gy\u0151zelme a szel\u00eddekre v\u00e1r, \u00e9s a t\u00fcrelmesekre.\u201d (Pilinszky J\u00e1nos, k\u00f6lt\u0151 \u2013 1921 \u2013 1981) (K\u00e9pek forr\u00e1sa: pixabay.com)\" \/>\n<meta property=\"og:url\" content=\"https:\/\/stuttgarti-katolikusok.de\/index.php\/2023-majus-30-es-junius-4-kozott\/\" \/>\n<meta property=\"og:site_name\" content=\"Stuttgarti Katolikusok\" \/>\n<meta property=\"article:published_time\" content=\"2023-05-30T09:16:24+00:00\" \/>\n<meta property=\"article:modified_time\" content=\"2023-05-30T09:20:40+00:00\" \/>\n<meta property=\"og:image\" content=\"https:\/\/stuttgarti-katolikusok.de\/wp-content\/uploads\/2021\/05\/szentharomsag.jpg\" \/>\n\t<meta property=\"og:image:width\" content=\"1280\" \/>\n\t<meta property=\"og:image:height\" content=\"929\" \/>\n\t<meta property=\"og:image:type\" content=\"image\/jpeg\" \/>\n<meta name=\"author\" content=\"Tibor atya\" \/>\n<meta name=\"twitter:card\" content=\"summary_large_image\" \/>\n<meta name=\"twitter:label1\" content=\"Szerz\u0151:\" \/>\n\t<meta name=\"twitter:data1\" content=\"Tibor atya\" \/>\n\t<meta name=\"twitter:label2\" content=\"Becs\u00fclt olvas\u00e1si id\u0151\" \/>\n\t<meta name=\"twitter:data2\" content=\"2 perc\" \/>\n<script type=\"application\/ld+json\" class=\"yoast-schema-graph\">{\"@context\":\"https:\\\/\\\/schema.org\",\"@graph\":[{\"@type\":\"Article\",\"@id\":\"https:\\\/\\\/stuttgarti-katolikusok.de\\\/index.php\\\/2023-majus-30-es-junius-4-kozott\\\/#article\",\"isPartOf\":{\"@id\":\"https:\\\/\\\/stuttgarti-katolikusok.de\\\/index.php\\\/2023-majus-30-es-junius-4-kozott\\\/\"},\"author\":{\"name\":\"Tibor atya\",\"@id\":\"https:\\\/\\\/stuttgarti-katolikusok.de\\\/#\\\/schema\\\/person\\\/75908d6f8fdc03a57889d27209df7795\"},\"headline\":\"2023. M\u00c1JUS 30 \u00c9S J\u00daNIUS 4 K\u00d6Z\u00d6TT\",\"datePublished\":\"2023-05-30T09:16:24+00:00\",\"dateModified\":\"2023-05-30T09:20:40+00:00\",\"mainEntityOfPage\":{\"@id\":\"https:\\\/\\\/stuttgarti-katolikusok.de\\\/index.php\\\/2023-majus-30-es-junius-4-kozott\\\/\"},\"wordCount\":201,\"image\":{\"@id\":\"https:\\\/\\\/stuttgarti-katolikusok.de\\\/index.php\\\/2023-majus-30-es-junius-4-kozott\\\/#primaryimage\"},\"thumbnailUrl\":\"https:\\\/\\\/stuttgarti-katolikusok.de\\\/wp-content\\\/uploads\\\/2021\\\/05\\\/szentharomsag.jpg\",\"articleSection\":[\"Progamel\u0151zetes\"],\"inLanguage\":\"hu\"},{\"@type\":\"WebPage\",\"@id\":\"https:\\\/\\\/stuttgarti-katolikusok.de\\\/index.php\\\/2023-majus-30-es-junius-4-kozott\\\/\",\"url\":\"https:\\\/\\\/stuttgarti-katolikusok.de\\\/index.php\\\/2023-majus-30-es-junius-4-kozott\\\/\",\"name\":\"2023. M\u00c1JUS 30 \u00c9S J\u00daNIUS 4 K\u00d6Z\u00d6TT - Stuttgarti Katolikusok\",\"isPartOf\":{\"@id\":\"https:\\\/\\\/stuttgarti-katolikusok.de\\\/#website\"},\"primaryImageOfPage\":{\"@id\":\"https:\\\/\\\/stuttgarti-katolikusok.de\\\/index.php\\\/2023-majus-30-es-junius-4-kozott\\\/#primaryimage\"},\"image\":{\"@id\":\"https:\\\/\\\/stuttgarti-katolikusok.de\\\/index.php\\\/2023-majus-30-es-junius-4-kozott\\\/#primaryimage\"},\"thumbnailUrl\":\"https:\\\/\\\/stuttgarti-katolikusok.de\\\/wp-content\\\/uploads\\\/2021\\\/05\\\/szentharomsag.jpg\",\"datePublished\":\"2023-05-30T09:16:24+00:00\",\"dateModified\":\"2023-05-30T09:20:40+00:00\",\"author\":{\"@id\":\"https:\\\/\\\/stuttgarti-katolikusok.de\\\/#\\\/schema\\\/person\\\/75908d6f8fdc03a57889d27209df7795\"},\"breadcrumb\":{\"@id\":\"https:\\\/\\\/stuttgarti-katolikusok.de\\\/index.php\\\/2023-majus-30-es-junius-4-kozott\\\/#breadcrumb\"},\"inLanguage\":\"hu\",\"potentialAction\":[{\"@type\":\"ReadAction\",\"target\":[\"https:\\\/\\\/stuttgarti-katolikusok.de\\\/index.php\\\/2023-majus-30-es-junius-4-kozott\\\/\"]}]},{\"@type\":\"ImageObject\",\"inLanguage\":\"hu\",\"@id\":\"https:\\\/\\\/stuttgarti-katolikusok.de\\\/index.php\\\/2023-majus-30-es-junius-4-kozott\\\/#primaryimage\",\"url\":\"https:\\\/\\\/stuttgarti-katolikusok.de\\\/wp-content\\\/uploads\\\/2021\\\/05\\\/szentharomsag.jpg\",\"contentUrl\":\"https:\\\/\\\/stuttgarti-katolikusok.de\\\/wp-content\\\/uploads\\\/2021\\\/05\\\/szentharomsag.jpg\",\"width\":1280,\"height\":929},{\"@type\":\"BreadcrumbList\",\"@id\":\"https:\\\/\\\/stuttgarti-katolikusok.de\\\/index.php\\\/2023-majus-30-es-junius-4-kozott\\\/#breadcrumb\",\"itemListElement\":[{\"@type\":\"ListItem\",\"position\":1,\"name\":\"Kezd\u0151lap\",\"item\":\"https:\\\/\\\/stuttgarti-katolikusok.de\\\/\"},{\"@type\":\"ListItem\",\"position\":2,\"name\":\"2023. M\u00c1JUS 30 \u00c9S J\u00daNIUS 4 K\u00d6Z\u00d6TT\"}]},{\"@type\":\"WebSite\",\"@id\":\"https:\\\/\\\/stuttgarti-katolikusok.de\\\/#website\",\"url\":\"https:\\\/\\\/stuttgarti-katolikusok.de\\\/\",\"name\":\"Stuttgarti Katolikusok\",\"description\":\"\",\"potentialAction\":[{\"@type\":\"SearchAction\",\"target\":{\"@type\":\"EntryPoint\",\"urlTemplate\":\"https:\\\/\\\/stuttgarti-katolikusok.de\\\/?s={search_term_string}\"},\"query-input\":{\"@type\":\"PropertyValueSpecification\",\"valueRequired\":true,\"valueName\":\"search_term_string\"}}],\"inLanguage\":\"hu\"},{\"@type\":\"Person\",\"@id\":\"https:\\\/\\\/stuttgarti-katolikusok.de\\\/#\\\/schema\\\/person\\\/75908d6f8fdc03a57889d27209df7795\",\"name\":\"Tibor atya\",\"image\":{\"@type\":\"ImageObject\",\"inLanguage\":\"hu\",\"@id\":\"https:\\\/\\\/secure.gravatar.com\\\/avatar\\\/61d268e57d1f4525b111222e29d2d5a7f8c420fdbf231ba5566a8ceac74fa960?s=96&d=mm&r=g\",\"url\":\"https:\\\/\\\/secure.gravatar.com\\\/avatar\\\/61d268e57d1f4525b111222e29d2d5a7f8c420fdbf231ba5566a8ceac74fa960?s=96&d=mm&r=g\",\"contentUrl\":\"https:\\\/\\\/secure.gravatar.com\\\/avatar\\\/61d268e57d1f4525b111222e29d2d5a7f8c420fdbf231ba5566a8ceac74fa960?s=96&d=mm&r=g\",\"caption\":\"Tibor atya\"},\"url\":\"https:\\\/\\\/stuttgarti-katolikusok.de\\\/index.php\\\/author\\\/tibor-atya\\\/\"}]}<\/script>\n<!-- \/ Yoast SEO plugin. -->","yoast_head_json":{"title":"2023. M\u00c1JUS 30 \u00c9S J\u00daNIUS 4 K\u00d6Z\u00d6TT - Stuttgarti Katolikusok","robots":{"index":"index","follow":"follow","max-snippet":"max-snippet:-1","max-image-preview":"max-image-preview:large","max-video-preview":"max-video-preview:-1"},"canonical":"https:\/\/stuttgarti-katolikusok.de\/index.php\/2023-majus-30-es-junius-4-kozott\/","og_locale":"hu_HU","og_type":"article","og_title":"2023. M\u00c1JUS 30 \u00c9S J\u00daNIUS 4 K\u00d6Z\u00d6TT - Stuttgarti Katolikusok","og_description":"Programel\u0151zetes \u00a0* J\u00fanius 2-\u00e1n,\u00a0p\u00e9nteken,\u00a0Stuttgarti d\u00e9lut\u00e1n, 18.00 \u00f3rakor szentmise, el\u0151tte r\u00f3zsaf\u00fcz\u00e9rt im\u00e1dkozunk. Szentmise v\u00e9gezt\u00e9vel els\u0151p\u00e9nteki \u00e1jtatoss\u00e1got tartunk. * J\u00fanius 3-\u00e1n, szombaton, Balingenben 16.00 \u00f3rakor szentmise, ut\u00e1na agap\u00e9. * J\u00fanius 4-\u00e9n,\u00a0Szenth\u00e1roms\u00e1g vas\u00e1rnapja,\u00a0 Schw\u00e4bisch-Gm\u00fcndben\u00a09.30 \u00f3rakor\u00a0szentmise, ut\u00e1na agap\u00e9, Stuttgartban &#8211; Nemzeti \u00d6sszetartoz\u00e1s Napja 15.00 \u00f3rakor szentmise &#8211; 16.00 \u00f3rakor megeml\u00e9kez\u00e9s \u00a0* Minden helyen mindenkit szeretettel v\u00e1r a k\u00f6z\u00f6ss\u00e9g \u00e9s Tibor atya! * * Kegyelemteljes napokat, tartalmas besz\u00e9lget\u00e9seket \u00e9s \u00f6r\u00f6mteli tal\u00e1lkoz\u00e1sokat k\u00edv\u00e1nunk minden Kedves H\u00edv\u00fcnknek! * \u201eA hamiss\u00e1g mindenk\u00e9pp \u00f6nz\u00e9sb\u0151l fakad, sorsa is sz\u00fcks\u00e9gszer\u0171en v\u00e9ges. Vele szemben az igazs\u00e1g csak ideiglenesen vesz\u00edthet, sorsa viszont sz\u00fcks\u00e9gszer\u0171en torkollik a v\u00e9gtelenbe. Az igazs\u00e1g ez\u00e9rt sose lehet t\u00fcrelmetlen vagy t\u00e1mad\u00f3, \u00e9s sose ir\u00e1nyulhat senki ellen. Tartalm\u00e1ra hogyan is c\u00e1folhatna r\u00e1 term\u00e9szete? Gy\u0151zelme a szel\u00eddekre v\u00e1r, \u00e9s a t\u00fcrelmesekre.\u201d (Pilinszky J\u00e1nos, k\u00f6lt\u0151 \u2013 1921 \u2013 1981) (K\u00e9pek forr\u00e1sa: pixabay.com)","og_url":"https:\/\/stuttgarti-katolikusok.de\/index.php\/2023-majus-30-es-junius-4-kozott\/","og_site_name":"Stuttgarti Katolikusok","article_published_time":"2023-05-30T09:16:24+00:00","article_modified_time":"2023-05-30T09:20:40+00:00","og_image":[{"width":1280,"height":929,"url":"https:\/\/stuttgarti-katolikusok.de\/wp-content\/uploads\/2021\/05\/szentharomsag.jpg","type":"image\/jpeg"}],"author":"Tibor atya","twitter_card":"summary_large_image","twitter_misc":{"Szerz\u0151:":"Tibor atya","Becs\u00fclt olvas\u00e1si id\u0151":"2 perc"},"schema":{"@context":"https:\/\/schema.org","@graph":[{"@type":"Article","@id":"https:\/\/stuttgarti-katolikusok.de\/index.php\/2023-majus-30-es-junius-4-kozott\/#article","isPartOf":{"@id":"https:\/\/stuttgarti-katolikusok.de\/index.php\/2023-majus-30-es-junius-4-kozott\/"},"author":{"name":"Tibor atya","@id":"https:\/\/stuttgarti-katolikusok.de\/#\/schema\/person\/75908d6f8fdc03a57889d27209df7795"},"headline":"2023. M\u00c1JUS 30 \u00c9S J\u00daNIUS 4 K\u00d6Z\u00d6TT","datePublished":"2023-05-30T09:16:24+00:00","dateModified":"2023-05-30T09:20:40+00:00","mainEntityOfPage":{"@id":"https:\/\/stuttgarti-katolikusok.de\/index.php\/2023-majus-30-es-junius-4-kozott\/"},"wordCount":201,"image":{"@id":"https:\/\/stuttgarti-katolikusok.de\/index.php\/2023-majus-30-es-junius-4-kozott\/#primaryimage"},"thumbnailUrl":"https:\/\/stuttgarti-katolikusok.de\/wp-content\/uploads\/2021\/05\/szentharomsag.jpg","articleSection":["Progamel\u0151zetes"],"inLanguage":"hu"},{"@type":"WebPage","@id":"https:\/\/stuttgarti-katolikusok.de\/index.php\/2023-majus-30-es-junius-4-kozott\/","url":"https:\/\/stuttgarti-katolikusok.de\/index.php\/2023-majus-30-es-junius-4-kozott\/","name":"2023. M\u00c1JUS 30 \u00c9S J\u00daNIUS 4 K\u00d6Z\u00d6TT - Stuttgarti Katolikusok","isPartOf":{"@id":"https:\/\/stuttgarti-katolikusok.de\/#website"},"primaryImageOfPage":{"@id":"https:\/\/stuttgarti-katolikusok.de\/index.php\/2023-majus-30-es-junius-4-kozott\/#primaryimage"},"image":{"@id":"https:\/\/stuttgarti-katolikusok.de\/index.php\/2023-majus-30-es-junius-4-kozott\/#primaryimage"},"thumbnailUrl":"https:\/\/stuttgarti-katolikusok.de\/wp-content\/uploads\/2021\/05\/szentharomsag.jpg","datePublished":"2023-05-30T09:16:24+00:00","dateModified":"2023-05-30T09:20:40+00:00","author":{"@id":"https:\/\/stuttgarti-katolikusok.de\/#\/schema\/person\/75908d6f8fdc03a57889d27209df7795"},"breadcrumb":{"@id":"https:\/\/stuttgarti-katolikusok.de\/index.php\/2023-majus-30-es-junius-4-kozott\/#breadcrumb"},"inLanguage":"hu","potentialAction":[{"@type":"ReadAction","target":["https:\/\/stuttgarti-katolikusok.de\/index.php\/2023-majus-30-es-junius-4-kozott\/"]}]},{"@type":"ImageObject","inLanguage":"hu","@id":"https:\/\/stuttgarti-katolikusok.de\/index.php\/2023-majus-30-es-junius-4-kozott\/#primaryimage","url":"https:\/\/stuttgarti-katolikusok.de\/wp-content\/uploads\/2021\/05\/szentharomsag.jpg","contentUrl":"https:\/\/stuttgarti-katolikusok.de\/wp-content\/uploads\/2021\/05\/szentharomsag.jpg","width":1280,"height":929},{"@type":"BreadcrumbList","@id":"https:\/\/stuttgarti-katolikusok.de\/index.php\/2023-majus-30-es-junius-4-kozott\/#breadcrumb","itemListElement":[{"@type":"ListItem","position":1,"name":"Kezd\u0151lap","item":"https:\/\/stuttgarti-katolikusok.de\/"},{"@type":"ListItem","position":2,"name":"2023. M\u00c1JUS 30 \u00c9S J\u00daNIUS 4 K\u00d6Z\u00d6TT"}]},{"@type":"WebSite","@id":"https:\/\/stuttgarti-katolikusok.de\/#website","url":"https:\/\/stuttgarti-katolikusok.de\/","name":"Stuttgarti Katolikusok","description":"","potentialAction":[{"@type":"SearchAction","target":{"@type":"EntryPoint","urlTemplate":"https:\/\/stuttgarti-katolikusok.de\/?s={search_term_string}"},"query-input":{"@type":"PropertyValueSpecification","valueRequired":true,"valueName":"search_term_string"}}],"inLanguage":"hu"},{"@type":"Person","@id":"https:\/\/stuttgarti-katolikusok.de\/#\/schema\/person\/75908d6f8fdc03a57889d27209df7795","name":"Tibor atya","image":{"@type":"ImageObject","inLanguage":"hu","@id":"https:\/\/secure.gravatar.com\/avatar\/61d268e57d1f4525b111222e29d2d5a7f8c420fdbf231ba5566a8ceac74fa960?s=96&d=mm&r=g","url":"https:\/\/secure.gravatar.com\/avatar\/61d268e57d1f4525b111222e29d2d5a7f8c420fdbf231ba5566a8ceac74fa960?s=96&d=mm&r=g","contentUrl":"https:\/\/secure.gravatar.com\/avatar\/61d268e57d1f4525b111222e29d2d5a7f8c420fdbf231ba5566a8ceac74fa960?s=96&d=mm&r=g","caption":"Tibor atya"},"url":"https:\/\/stuttgarti-katolikusok.de\/index.php\/author\/tibor-atya\/"}]}},"_links":{"self":[{"href":"https:\/\/stuttgarti-katolikusok.de\/index.php\/wp-json\/wp\/v2\/posts\/26888","targetHints":{"allow":["GET"]}}],"collection":[{"href":"https:\/\/stuttgarti-katolikusok.de\/index.php\/wp-json\/wp\/v2\/posts"}],"about":[{"href":"https:\/\/stuttgarti-katolikusok.de\/index.php\/wp-json\/wp\/v2\/types\/post"}],"author":[{"embeddable":true,"href":"https:\/\/stuttgarti-katolikusok.de\/index.php\/wp-json\/wp\/v2\/users\/3"}],"replies":[{"embeddable":true,"href":"https:\/\/stuttgarti-katolikusok.de\/index.php\/wp-json\/wp\/v2\/comments?post=26888"}],"version-history":[{"count":4,"href":"https:\/\/stuttgarti-katolikusok.de\/index.php\/wp-json\/wp\/v2\/posts\/26888\/revisions"}],"predecessor-version":[{"id":26893,"href":"https:\/\/stuttgarti-katolikusok.de\/index.php\/wp-json\/wp\/v2\/posts\/26888\/revisions\/26893"}],"wp:featuredmedia":[{"embeddable":true,"href":"https:\/\/stuttgarti-katolikusok.de\/index.php\/wp-json\/wp\/v2\/media\/21953"}],"wp:attachment":[{"href":"https:\/\/stuttgarti-katolikusok.de\/index.php\/wp-json\/wp\/v2\/media?parent=26888"}],"wp:term":[{"taxonomy":"category","embeddable":true,"href":"https:\/\/stuttgarti-katolikusok.de\/index.php\/wp-json\/wp\/v2\/categories?post=26888"},{"taxonomy":"post_tag","embeddable":true,"href":"https:\/\/stuttgarti-katolikusok.de\/index.php\/wp-json\/wp\/v2\/tags?post=26888"}],"curies":[{"name":"wp","href":"https:\/\/api.w.org\/{rel}","templated":true}]}}