{"id":26883,"date":"2023-05-27T23:10:44","date_gmt":"2023-05-27T21:10:44","guid":{"rendered":"https:\/\/stuttgarti-katolikusok.de\/?p=26883"},"modified":"2023-05-27T23:10:44","modified_gmt":"2023-05-27T21:10:44","slug":"punkosdvasarnap","status":"publish","type":"post","link":"https:\/\/stuttgarti-katolikusok.de\/index.php\/punkosdvasarnap\/","title":{"rendered":"P\u00fcnk\u00f6sdvas\u00e1rnap"},"content":{"rendered":"<p><span style=\"color: #ff0000;\">Kezd\u0151\u00e9nek:<\/span><br \/>\nAz \u00darnak lelke bet\u00f6lti a f\u00f6ldkereks\u00e9get, \u00e9s aki egybefogja a mindens\u00e9get, tud minden sz\u00f3r\u00f3l, alleluja. (B\u00f6lcs 1,7)<br \/>\n<em>vagy<\/em><br \/>\nIsten szeretete ki\u00e1radt sz\u00edv\u00fcnkbe a benn\u00fcnk lak\u00f3 Szentl\u00e9lek \u00e1ltal, alleluja. (R\u00f3m 5,5;10,11)<\/p>\n<p><span style=\"color: #ff0000;\">K\u00f6ny\u00f6rg\u00e9s:<\/span><br \/>\nIsten\u00fcnk, te a mai szents\u00e9ges \u00fcnnepen Egyh\u00e1zadat \u00e9s \u00e1ltala a vil\u00e1g minden n\u00e9p\u00e9t \u00e9s nemzet\u00e9t megszentelted. \u00c1raszd ki a Szentl\u00e9lek aj\u00e1nd\u00e9kait az eg\u00e9sz vil\u00e1gra, \u00e9s t\u00f6ltsd be h\u00edveid sz\u00edv\u00e9t isteni kegyelmeddel, amellyel egykor elind\u00edtottad az evang\u00e9lium hirdet\u00e9s\u00e9t. A mi Urunk, J\u00e9zus Krisztus, a te Fiad \u00e1ltal, aki veled \u00e9l \u00e9s uralkodik a Szentl\u00e9lekkel egys\u00e9gben, Isten mind\u00f6r\u00f6kk\u00f6n \u00f6r\u00f6kk\u00e9.<\/p>\n<p align=\"justify\"><span style=\"color: #ff0000;\">OLVASM\u00c1NY az Apostolok Cselekedeteib\u0151l (ApCsel 2,1-11)<\/span><br \/>\n<em>Mindannyiukat elt\u00f6lt\u00f6tte a Szentl\u00e9lek, \u00e9s besz\u00e9lni kezdtek.<\/em><br \/>\nAmikor el\u00e9rkezett P\u00fcnk\u00f6sd napja, ugyanazon a helyen (az emeleti teremben) mindny\u00e1jan egy\u00fctt voltak az apostolok. Hirtelen z\u00fag\u00e1s t\u00e1madt az \u00e9gb\u0151l, mintha heves sz\u00e9lvihar k\u00f6zeledett volna, \u00e9s eg\u00e9szen bet\u00f6lt\u00f6tte a h\u00e1zat, ahol egy\u00fctt voltak. Majd l\u00e1ngnyelvek t\u0171ntek fel, \u00e9s sz\u00e9toszolva leereszkedtek mindegyik\u00fckre. Mindannyiukat elt\u00f6lt\u00f6tte a Szentl\u00e9lek, \u00e9s nyelveken kezdtek besz\u00e9lni, ahogyan a L\u00e9lek ind\u00edtotta \u0151ket.<br \/>\nEz id\u0151 t\u00e1jt vall\u00e1sos f\u00e9rfiak tart\u00f3zkodtak Jeruzs\u00e1lemben, minden n\u00e9pb\u0151l az \u00e9g alatt. Amikor ez a z\u00fag\u00e1s t\u00e1madt, nagy t\u00f6meg ver\u0151d\u00f6tt \u00f6ssze. Nagy volt a megd\u00f6bben\u00e9s, mert mindenki a saj\u00e1t nyelv\u00e9n hallotta, amint besz\u00e9ltek. Nagy meglepet\u00e9s\u00fckben csod\u00e1lkozva k\u00e9rdezgett\u00e9k: \u201eNem Galile\u00e1b\u00f3l val\u00f3k mindny\u00e1jan, akik itt besz\u00e9lnek? Hogyan hallhatja h\u00e1t \u0151ket mindegyik\u00fcnk a saj\u00e1t nyelv\u00e9n, amelyben sz\u00fcletett? Mi, p\u00e1rtusok, m\u00e9dek, elamit\u00e1k; \u00e9s Mezopot\u00e1mi\u00e1nak, Jude\u00e1nak, Kappad\u00f3ci\u00e1nak, Pontusznak, \u00c1zsi\u00e1nak, Frigi\u00e1nak \u00e9s Pamfili\u00e1nak lak\u00f3i; Egyiptomb\u00f3l, a l\u00edbiai Cir\u00e9ne vid\u00e9k\u00e9r\u0151l \u00e9s R\u00f3m\u00e1b\u00f3l val\u00f3 zar\u00e1ndokok; zsid\u00f3k \u00e9s prozelit\u00e1k, kr\u00e9taiak \u00e9s arabok: mi mindannyian \u00fagy halljuk, hogy a mi nyelv\u00fcnk\u00f6n hirdetik Isten csod\u00e1s tetteit!\u201d<br \/>\nEz az Isten ig\u00e9je.<\/p>\n<p align=\"justify\">\n<span style=\"color: #ff0000;\">V\u00c1LASZOS ZSOLT\u00c1R (Zsolt 103,1ab \u00e9s 24ac.29bc-30.31 \u00e9s 34)<\/span><\/p>\n<p align=\"justify\">V\u00e1lasz:\u00a0<strong>\u00c1raszd r\u00e1nk Lelkedet, Isten\u00fcnk: * \u00faj\u00edtsd meg a f\u00f6ld sz\u00edn\u00e9t.<\/strong>\u00a08 G. t\u00f3nus.<br \/>\nVagy:\u00a0<strong>Alleluja.<\/strong>\u00a08. sz\u00e1m.<br \/>\nEl\u0151\u00e9nekes: Mondj \u00e1ld\u00e1st, lelkem, az \u00darnak! * Nagy vagy nagyon, \u00e9n Uram, Istenem.<br \/>\nMily sokr\u00e9t\u0171 a te m\u0171ved, Uram! * teremtm\u00e9nyeid bet\u00f6ltik a f\u00f6ldet.<br \/>\nH\u00edvek: \u00c1raszd r\u00e1nk Lelkedet, Isten\u00fcnk: * \u00faj\u00edtsd meg a f\u00f6ld sz\u00edn\u00e9t.<br \/>\nVagy: Alleluja.<br \/>\nE: Ha megvonod \u00e9ltet\u0151 er\u0151det, * elpusztulnak \u00e9s a porba t\u00e9rnek.<br \/>\n\u00c1m, ha \u00fajra ki\u00e1rasztod lelkedet, \u00e9letre kelnek, * \u00e9s a f\u00f6ld sz\u00edn\u00e9t meg\u00faj\u00edtod.<br \/>\nH: \u00c1raszd r\u00e1nk Lelkedet, Isten\u00fcnk: * \u00faj\u00edtsd meg a f\u00f6ld sz\u00edn\u00e9t.<br \/>\nVagy: Alleluja<br \/>\nE: Dics\u0151s\u00e9g legyen az \u00darnak \u00f6r\u00f6kk\u00f6n \u00f6r\u00f6kk\u00e9, * \u00f6r\u00fcl az \u00dar minden m\u0171v\u00e9nek.<br \/>\nLegyen el\u0151tte kedves az \u00e9nekem, * gy\u00f6ny\u00f6r\u0171s\u00e9gemet \u0151benne tal\u00e1lom.<br \/>\nH: \u00c1raszd r\u00e1nk Lelkedet, Isten\u00fcnk: * \u00faj\u00edtsd meg a f\u00f6ld sz\u00edn\u00e9t.<br \/>\nVagy: Alleluja<\/p>\n<p align=\"justify\"><span style=\"color: #ff0000;\">SZENTLECKE Szent P\u00e1l apostolnak a korintusiakhoz \u00edrt els\u0151 level\u00e9b\u0151l (1Kor 12,3b-7.12-13)<\/span><br \/>\n<em>Mi mindannyian egy L\u00e9lekben egy testt\u00e9 lett\u00fcnk kereszts\u00e9g\u00fcnk \u00e1ltal.<\/em><br \/>\nTestv\u00e9reim!<br \/>\nSenki sem mondhatja mag\u00e1t\u00f3l: ,J\u00e9zus az \u00dar!\u201d, csak a Szentl\u00e9lek \u00e1ltal.<br \/>\nA lelki adom\u00e1nyok ugyan k\u00fcl\u00f6nf\u00e9l\u00e9k, a L\u00e9lek azonban ugyanaz. A szolg\u00e1latok is k\u00fcl\u00f6nf\u00e9l\u00e9k, de az \u00dar ugyanaz. Sokf\u00e9l\u00e9k a csodajelek is, de Isten, aki mindenben mindent v\u00e9ghezvisz, ugyanaz. A L\u00e9lek aj\u00e1nd\u00e9kait mindenki az\u00e9rt kapja, hogy haszn\u00e1ljon vele.<br \/>\nA test ugyan egy, de sok tagja van. A testnek ez a sok tagja m\u00e9gis egy test. \u00cdgy van ez Krisztussal is. Mi ugyanis mindny\u00e1jan egy L\u00e9lekben egy testt\u00e9 lett\u00fcnk kereszts\u00e9g\u00fcnk \u00e1ltal: ak\u00e1r zsid\u00f3k, ak\u00e1r pog\u00e1nyok, ak\u00e1r rabszolg\u00e1k, ak\u00e1r szabadok vagyunk. Valamennyi\u00fcnket ugyanaz a L\u00e9lek t\u00f6lt\u00f6tt el.<br \/>\nEz az Isten ig\u00e9je.<\/p>\n<p align=\"justify\"><span style=\"color: #ff0000;\">ALLELUJA<\/span><br \/>\nJ\u00f6jj el, Szentl\u00e9lek Isten, \u2020 t\u00f6ltsd el h\u00edveid sz\u00edv\u00e9t, * \u00e9s szereteted t\u00fcz\u00e9t gyullaszd f\u00f6l benn\u00fcnk! \u2013 8 G. t\u00f3nus.<\/p>\n<p align=\"justify\"><span style=\"color: #ff0000;\">\u2020 EVANG\u00c9LIUM Szent J\u00e1nos k\u00f6nyv\u00e9b\u0151l (Jn 20,19-23)<\/span><\/p>\n<p align=\"justify\"><em>Amint engem k\u00fcld\u00f6tt az Atya, \u00fagy k\u00fcldelek \u00e9n is titeket: Vegy\u00e9tek a Szentlelket!<\/em><br \/>\nAmikor a h\u00e9t els\u0151 napj\u00e1n (h\u00fasv\u00e9tvas\u00e1rnap) beesteledett, J\u00e9zus megjelent a tan\u00edtv\u00e1nyoknak ott, ahol egy\u00fctt voltak, pedig a zsid\u00f3kt\u00f3l val\u00f3 f\u00e9lelm\u00fckben z\u00e1rva tartott\u00e1k az ajt\u00f3t. Bel\u00e9pett \u00e9s \u00edgy sz\u00f3lt hozz\u00e1juk: \u201eB\u00e9kess\u00e9g nektek!\u201d Miut\u00e1n ezt mondta, megmutatta nekik a kez\u00e9t \u00e9s az oldal\u00e1t. Az \u00dar l\u00e1tt\u00e1ra \u00f6r\u00f6m t\u00f6lt\u00f6tte el a tan\u00edtv\u00e1nyokat.<br \/>\nJ\u00e9zus megism\u00e9telt: \u201eB\u00e9kess\u00e9g nektek! Amint engem k\u00fcld\u00f6tt az Atya, \u00fagy k\u00fcldelek \u00e9n is titeket.\u201d E szavak ut\u00e1n r\u00e1juk lehelt, \u00e9s \u00edgy folytatta: \u201eVegy\u00e9tek a Szentlelket! Akinek megbocs\u00e1tj\u00e1tok b\u0171neit, az bocs\u00e1natot nyer, s akinek nem bocs\u00e1tj\u00e1tok meg, az nem nyer bocs\u00e1natot.\u201d<br \/>\nEzek az evang\u00e9lium ig\u00e9i.<\/p>\n<p align=\"justify\"><span style=\"color: #ff0000;\">EGYETEMES K\u00d6NY\u00d6RG\u00c9SEK<\/span><br \/>\nPap: K\u00e9rj\u00fck, testv\u00e9reim, a mindenhat\u00f3 Atyaistent, hogy \u00e1rassza kegyelmi aj\u00e1nd\u00e9kait a h\u00edvekre \u00e9s p\u00e1sztoraikra, akiket az Egyh\u00e1zban egyes\u00edt a Szentl\u00e9lek!<br \/>\nLektor: 1. Vezesd, Urunk, Egyh\u00e1zadat az igazs\u00e1g, a szeretet \u00e9s a lelki egys\u00e9g \u00fatj\u00e1n!<br \/>\nH\u00edvek: K\u00e9r\u00fcnk T\u00e9ged, hallgass meg minket!<br \/>\n2. \u0150rizd meg Szentaty\u00e1nkat, Ferenc p\u00e1p\u00e1t testi-lelki \u00e9ps\u00e9gben n\u00e9ped korm\u00e1nyz\u00e1s\u00e1ra!<br \/>\nH\u00edvek: K\u00e9r\u00fcnk T\u00e9ged, hallgass meg minket!<br \/>\n3. \u00c1raszd Szentlelked aj\u00e1nd\u00e9kait az Egyh\u00e1z p\u00fcsp\u00f6keire \u00e9s papjaira!<br \/>\nH\u00edvek: K\u00e9r\u00fcnk T\u00e9ged, hallgass meg minket!<br \/>\n4. A b\u00e9rm\u00e1lkoz\u00e1sra k\u00e9sz\u00fcl\u0151knek add a Szentl\u00e9lek megvil\u00e1gos\u00edt\u00f3 \u00e9s meger\u0151s\u00edt\u0151 kegyelm\u00e9t, a megb\u00e9rm\u00e1ltaknak pedig adj \u00e1llhatatoss\u00e1got!<br \/>\nH\u00edvek: K\u00e9r\u00fcnk T\u00e9ged, hallgass meg minket!<br \/>\n5. Adj a sz\u00e9th\u00faz\u00f3 vil\u00e1gnak igaz b\u00e9kess\u00e9get \u00e9s \u0151szinte egyet\u00e9rt\u00e9st!<br \/>\nH\u00edvek: K\u00e9r\u00fcnk T\u00e9ged, hallgass meg minket!<br \/>\n6. Add Szentlelked vigasztal\u00e1s\u00e1t a betegeknek \u00e9s a szenved\u0151knek!<br \/>\nH\u00edvek: K\u00e9r\u00fcnk T\u00e9ged, hallgass meg minket!<br \/>\nPap: Urunk \u00e9s Isten\u00fcnk! Te P\u00fcnk\u00f6sd \u00fcnnep\u00e9n h\u0151si lelk\u00fclettel aj\u00e1nd\u00e9koztad meg az apostolokat. \u00c1raszd Szentlelkedet mindny\u00e1junk sz\u00edv\u00e9be, hogy hit\u00fcnket megvalljuk \u00e9s hit\u00fcnk szerint \u00e9lj\u00fcnk! Krisztus, a mi Urunk \u00e1ltal.<br \/>\nH\u00edvek: \u00c1men.<\/p>\n<p><span style=\"color: #ff0000;\">Felaj\u00e1nl\u00f3 k\u00f6ny\u00f6rg\u00e9s:<\/span><br \/>\nK\u00e9r\u00fcnk, Isten\u00fcnk, hogy nyilatkoztassa ki egyre gazdagabban a Szentl\u00e9lek ennek az \u00e1ldozatnak titokzatos \u00e9rtelm\u00e9t, \u00e9s tan\u00edtson meg minden igazs\u00e1gra, amint szent Fiad meg\u00edg\u00e9rte. Aki \u00e9l \u00e9s uralkodik mind\u00f6r\u00f6kk\u00f6n \u00f6r\u00f6kk\u00e9.<\/p>\n<p><span style=\"color: #ff0000;\">Pref\u00e1ci\u00f3:<\/span><br \/>\n<em>P\u00fcnk\u00f6sd szent titk\u00e1r\u00f3l<\/em><br \/>\nAz \u00dar legyen veletek.<br \/>\nH.: \u00c9s a te lelkeddel.<br \/>\nEmelj\u00fck f\u00f6l sz\u00edv\u00fcnket.<br \/>\nH.: F\u00f6lemelt\u00fck az \u00darhoz.<br \/>\nAdjunk h\u00e1l\u00e1t Urunknak, Isten\u00fcnknek.<br \/>\nH.: M\u00e9lt\u00f3 \u00e9s igazs\u00e1gos.<br \/>\n(Mert) Val\u00f3ban m\u00e9lt\u00f3 \u00e9s igazs\u00e1gos, ill\u0151 \u00e9s \u00fcdv\u00f6s, hogy mindig \u00e9s minden\u00fctt h\u00e1l\u00e1t adjunk neked \u2013 mi Urunk, szents\u00e9ges ATy\u00e1nk, mindenhat\u00f3, \u00f6r\u00f6k Isten:<br \/>\nTe h\u00fasv\u00e9t szent titk\u00e1t azzal tetted teljess\u00e9, hogy ezen a napon elk\u00fcldted a Szentlelket azoknak, \u2013 akiket az egysz\u00fcl\u00f6tt Fiaddal val\u00f3 k\u00f6z\u00f6ss\u00e9g R\u00e9v\u00e9n gyermekeidd\u00e9 fogadt\u00e1l. A Szentl\u00e9lek p\u00fcnk\u00f6sdkor, az Egyh\u00e1z sz\u00fclet\u00e9se napj\u00e1n minden n\u00e9pre ki\u00e1rasztotta az istenismeret f\u00e9ny\u00e9t, \u2013 \u00e9s a sok k\u00fcl\u00f6nb\u00f6z\u0151 nyelv\u0171 EMbert az egy k\u00f6z\u00f6s hit megvall\u00e1s\u00e1ban egyes\u00edtette.<br \/>\nA h\u00fasv\u00e9ti \u00f6r\u00f6m ez\u00e9rt ki\u00e1rad az eg\u00e9sz f\u00f6ldre, \u00e9s a nagyvil\u00e1g \u00f6rvendezve ujjong, a mennyei er\u0151k \u00e9s a hatalmas angyalok \u2013 ( a te) dics\u0151s\u00e9ged himnusz\u00e1t ZENgik, \u00e9s v\u00e9g n\u00e9lk\u00fcl mondj\u00e1k: (\u00e9neklik:)<\/p>\n<p><span style=\"color: #ff0000;\">\u00c1ldoz\u00e1si \u00e9nek:<\/span><br \/>\nMindannyiukat elt\u00f6lt\u00f6tte a Szentl\u00e9lek, \u00e9s hirdett\u00e9k Isten nagy tetteit, alleluja. (ApCsel 2,4.11)<\/p>\n<p><span style=\"color: #ff0000;\">\u00c1ldoz\u00e1s ut\u00e1ni k\u00f6ny\u00f6rg\u00e9s:<\/span><br \/>\nIsten\u00fcnk, te b\u0151s\u00e9gesen \u00e1rasztod Egyh\u00e1zadra mennyei aj\u00e1nd\u00e9kaidat. \u0150rizd benn\u00fcnk a kegyelmet, amelyet adt\u00e1l, hogy a Szentl\u00e9lek bel\u00e9nk \u00f6nt\u00f6tt ereje mindenkor elevenen m\u0171k\u00f6dj\u00e9k, \u00e9s a lelki t\u00e1pl\u00e1l\u00e9k gyarap\u00edtsa benn\u00fcnk a kegyelmi \u00e9letet. Krisztus, a mi Urunk \u00e1ltal.<\/p>\n","protected":false},"excerpt":{"rendered":"<p>Kezd\u0151\u00e9nek: Az \u00darnak lelke bet\u00f6lti a f\u00f6ldkereks\u00e9get, \u00e9s aki egybefogja a mindens\u00e9get, tud minden sz\u00f3r\u00f3l, alleluja. (B\u00f6lcs 1,7) vagy Isten szeretete ki\u00e1radt sz\u00edv\u00fcnkbe a benn\u00fcnk lak\u00f3 Szentl\u00e9lek \u00e1ltal, alleluja. (R\u00f3m 5,5;10,11) K\u00f6ny\u00f6rg\u00e9s: Isten\u00fcnk, te a mai szents\u00e9ges \u00fcnnepen Egyh\u00e1zadat \u00e9s \u00e1ltala a vil\u00e1g minden n\u00e9p\u00e9t \u00e9s nemzet\u00e9t megszentelted. \u00c1raszd ki a Szentl\u00e9lek aj\u00e1nd\u00e9kait az eg\u00e9sz vil\u00e1gra, \u00e9s t\u00f6ltsd be h\u00edveid sz\u00edv\u00e9t isteni kegyelmeddel, amellyel egykor elind\u00edtottad az evang\u00e9lium hirdet\u00e9s\u00e9t. A mi Urunk, J\u00e9zus Krisztus, a te Fiad \u00e1ltal, aki veled \u00e9l \u00e9s uralkodik a Szentl\u00e9lekkel egys\u00e9gben, Isten mind\u00f6r\u00f6kk\u00f6n \u00f6r\u00f6kk\u00e9. OLVASM\u00c1NY az Apostolok Cselekedeteib\u0151l (ApCsel 2,1-11) Mindannyiukat elt\u00f6lt\u00f6tte a Szentl\u00e9lek, \u00e9s besz\u00e9lni kezdtek. Amikor el\u00e9rkezett P\u00fcnk\u00f6sd napja, ugyanazon a helyen (az emeleti teremben) mindny\u00e1jan egy\u00fctt voltak az apostolok. Hirtelen z\u00fag\u00e1s t\u00e1madt az \u00e9gb\u0151l, mintha heves sz\u00e9lvihar k\u00f6zeledett volna, \u00e9s eg\u00e9szen bet\u00f6lt\u00f6tte a h\u00e1zat, ahol egy\u00fctt voltak. Majd l\u00e1ngnyelvek t\u0171ntek fel, \u00e9s sz\u00e9toszolva leereszkedtek mindegyik\u00fckre. Mindannyiukat elt\u00f6lt\u00f6tte a Szentl\u00e9lek, \u00e9s nyelveken kezdtek besz\u00e9lni, ahogyan a L\u00e9lek ind\u00edtotta \u0151ket. Ez id\u0151 t\u00e1jt vall\u00e1sos f\u00e9rfiak tart\u00f3zkodtak Jeruzs\u00e1lemben, minden n\u00e9pb\u0151l az \u00e9g alatt. Amikor ez a z\u00fag\u00e1s t\u00e1madt, nagy t\u00f6meg ver\u0151d\u00f6tt \u00f6ssze. Nagy volt a megd\u00f6bben\u00e9s, mert mindenki a saj\u00e1t nyelv\u00e9n hallotta, amint besz\u00e9ltek. Nagy meglepet\u00e9s\u00fckben csod\u00e1lkozva k\u00e9rdezgett\u00e9k: \u201eNem Galile\u00e1b\u00f3l val\u00f3k mindny\u00e1jan, akik itt besz\u00e9lnek? Hogyan hallhatja h\u00e1t \u0151ket mindegyik\u00fcnk a saj\u00e1t nyelv\u00e9n, amelyben sz\u00fcletett? Mi, p\u00e1rtusok, m\u00e9dek, elamit\u00e1k; \u00e9s Mezopot\u00e1mi\u00e1nak, Jude\u00e1nak, Kappad\u00f3ci\u00e1nak, Pontusznak, \u00c1zsi\u00e1nak, Frigi\u00e1nak \u00e9s Pamfili\u00e1nak lak\u00f3i; Egyiptomb\u00f3l, a l\u00edbiai Cir\u00e9ne vid\u00e9k\u00e9r\u0151l \u00e9s R\u00f3m\u00e1b\u00f3l val\u00f3 zar\u00e1ndokok; zsid\u00f3k \u00e9s prozelit\u00e1k, kr\u00e9taiak \u00e9s arabok: mi mindannyian \u00fagy halljuk, hogy a mi nyelv\u00fcnk\u00f6n hirdetik Isten csod\u00e1s tetteit!\u201d Ez az Isten ig\u00e9je. V\u00c1LASZOS ZSOLT\u00c1R (Zsolt 103,1ab \u00e9s 24ac.29bc-30.31 \u00e9s 34) V\u00e1lasz:\u00a0\u00c1raszd r\u00e1nk Lelkedet, Isten\u00fcnk: * \u00faj\u00edtsd meg a f\u00f6ld sz\u00edn\u00e9t.\u00a08 G. t\u00f3nus. Vagy:\u00a0Alleluja.\u00a08. sz\u00e1m. El\u0151\u00e9nekes: Mondj \u00e1ld\u00e1st, lelkem, az \u00darnak! * Nagy vagy nagyon, \u00e9n Uram, Istenem. Mily sokr\u00e9t\u0171 a te m\u0171ved, Uram! * teremtm\u00e9nyeid bet\u00f6ltik a&#8230; <\/p>\n<p><a class=\"readmore\" href=\"https:\/\/stuttgarti-katolikusok.de\/index.php\/punkosdvasarnap\/\">R\u00e9szletek<\/a><\/p>\n","protected":false},"author":3,"featured_media":21911,"comment_status":"closed","ping_status":"closed","sticky":false,"template":"","format":"standard","meta":{"footnotes":""},"categories":[85,63],"tags":[],"class_list":["post-26883","post","type-post","status-publish","format-standard","has-post-thumbnail","hentry","category-a-liturgia-olvasmanyai","category-vasarnapi-gondolatok"],"yoast_head":"<!-- This site is optimized with the Yoast SEO plugin v27.3 - https:\/\/yoast.com\/product\/yoast-seo-wordpress\/ -->\n<title>P\u00fcnk\u00f6sdvas\u00e1rnap - Stuttgarti Katolikusok<\/title>\n<meta name=\"robots\" content=\"index, follow, max-snippet:-1, max-image-preview:large, max-video-preview:-1\" \/>\n<link rel=\"canonical\" href=\"https:\/\/stuttgarti-katolikusok.de\/index.php\/punkosdvasarnap\/\" \/>\n<meta property=\"og:locale\" content=\"hu_HU\" \/>\n<meta property=\"og:type\" content=\"article\" \/>\n<meta property=\"og:title\" content=\"P\u00fcnk\u00f6sdvas\u00e1rnap - Stuttgarti Katolikusok\" \/>\n<meta property=\"og:description\" content=\"Kezd\u0151\u00e9nek: Az \u00darnak lelke bet\u00f6lti a f\u00f6ldkereks\u00e9get, \u00e9s aki egybefogja a mindens\u00e9get, tud minden sz\u00f3r\u00f3l, alleluja. (B\u00f6lcs 1,7) vagy Isten szeretete ki\u00e1radt sz\u00edv\u00fcnkbe a benn\u00fcnk lak\u00f3 Szentl\u00e9lek \u00e1ltal, alleluja. (R\u00f3m 5,5;10,11) K\u00f6ny\u00f6rg\u00e9s: Isten\u00fcnk, te a mai szents\u00e9ges \u00fcnnepen Egyh\u00e1zadat \u00e9s \u00e1ltala a vil\u00e1g minden n\u00e9p\u00e9t \u00e9s nemzet\u00e9t megszentelted. \u00c1raszd ki a Szentl\u00e9lek aj\u00e1nd\u00e9kait az eg\u00e9sz vil\u00e1gra, \u00e9s t\u00f6ltsd be h\u00edveid sz\u00edv\u00e9t isteni kegyelmeddel, amellyel egykor elind\u00edtottad az evang\u00e9lium hirdet\u00e9s\u00e9t. A mi Urunk, J\u00e9zus Krisztus, a te Fiad \u00e1ltal, aki veled \u00e9l \u00e9s uralkodik a Szentl\u00e9lekkel egys\u00e9gben, Isten mind\u00f6r\u00f6kk\u00f6n \u00f6r\u00f6kk\u00e9. OLVASM\u00c1NY az Apostolok Cselekedeteib\u0151l (ApCsel 2,1-11) Mindannyiukat elt\u00f6lt\u00f6tte a Szentl\u00e9lek, \u00e9s besz\u00e9lni kezdtek. Amikor el\u00e9rkezett P\u00fcnk\u00f6sd napja, ugyanazon a helyen (az emeleti teremben) mindny\u00e1jan egy\u00fctt voltak az apostolok. Hirtelen z\u00fag\u00e1s t\u00e1madt az \u00e9gb\u0151l, mintha heves sz\u00e9lvihar k\u00f6zeledett volna, \u00e9s eg\u00e9szen bet\u00f6lt\u00f6tte a h\u00e1zat, ahol egy\u00fctt voltak. Majd l\u00e1ngnyelvek t\u0171ntek fel, \u00e9s sz\u00e9toszolva leereszkedtek mindegyik\u00fckre. Mindannyiukat elt\u00f6lt\u00f6tte a Szentl\u00e9lek, \u00e9s nyelveken kezdtek besz\u00e9lni, ahogyan a L\u00e9lek ind\u00edtotta \u0151ket. Ez id\u0151 t\u00e1jt vall\u00e1sos f\u00e9rfiak tart\u00f3zkodtak Jeruzs\u00e1lemben, minden n\u00e9pb\u0151l az \u00e9g alatt. Amikor ez a z\u00fag\u00e1s t\u00e1madt, nagy t\u00f6meg ver\u0151d\u00f6tt \u00f6ssze. Nagy volt a megd\u00f6bben\u00e9s, mert mindenki a saj\u00e1t nyelv\u00e9n hallotta, amint besz\u00e9ltek. Nagy meglepet\u00e9s\u00fckben csod\u00e1lkozva k\u00e9rdezgett\u00e9k: \u201eNem Galile\u00e1b\u00f3l val\u00f3k mindny\u00e1jan, akik itt besz\u00e9lnek? Hogyan hallhatja h\u00e1t \u0151ket mindegyik\u00fcnk a saj\u00e1t nyelv\u00e9n, amelyben sz\u00fcletett? Mi, p\u00e1rtusok, m\u00e9dek, elamit\u00e1k; \u00e9s Mezopot\u00e1mi\u00e1nak, Jude\u00e1nak, Kappad\u00f3ci\u00e1nak, Pontusznak, \u00c1zsi\u00e1nak, Frigi\u00e1nak \u00e9s Pamfili\u00e1nak lak\u00f3i; Egyiptomb\u00f3l, a l\u00edbiai Cir\u00e9ne vid\u00e9k\u00e9r\u0151l \u00e9s R\u00f3m\u00e1b\u00f3l val\u00f3 zar\u00e1ndokok; zsid\u00f3k \u00e9s prozelit\u00e1k, kr\u00e9taiak \u00e9s arabok: mi mindannyian \u00fagy halljuk, hogy a mi nyelv\u00fcnk\u00f6n hirdetik Isten csod\u00e1s tetteit!\u201d Ez az Isten ig\u00e9je. V\u00c1LASZOS ZSOLT\u00c1R (Zsolt 103,1ab \u00e9s 24ac.29bc-30.31 \u00e9s 34) V\u00e1lasz:\u00a0\u00c1raszd r\u00e1nk Lelkedet, Isten\u00fcnk: * \u00faj\u00edtsd meg a f\u00f6ld sz\u00edn\u00e9t.\u00a08 G. t\u00f3nus. Vagy:\u00a0Alleluja.\u00a08. sz\u00e1m. El\u0151\u00e9nekes: Mondj \u00e1ld\u00e1st, lelkem, az \u00darnak! * Nagy vagy nagyon, \u00e9n Uram, Istenem. Mily sokr\u00e9t\u0171 a te m\u0171ved, Uram! * teremtm\u00e9nyeid bet\u00f6ltik a... R\u00e9szletek\" \/>\n<meta property=\"og:url\" content=\"https:\/\/stuttgarti-katolikusok.de\/index.php\/punkosdvasarnap\/\" \/>\n<meta property=\"og:site_name\" content=\"Stuttgarti Katolikusok\" \/>\n<meta property=\"article:published_time\" content=\"2023-05-27T21:10:44+00:00\" \/>\n<meta property=\"og:image\" content=\"https:\/\/stuttgarti-katolikusok.de\/wp-content\/uploads\/2021\/05\/whatsapp-image-2021-05-18-at-000413.jpeg\" \/>\n\t<meta property=\"og:image:width\" content=\"1600\" \/>\n\t<meta property=\"og:image:height\" content=\"1200\" \/>\n\t<meta property=\"og:image:type\" content=\"image\/jpeg\" \/>\n<meta name=\"author\" content=\"Tibor atya\" \/>\n<meta name=\"twitter:card\" content=\"summary_large_image\" \/>\n<meta name=\"twitter:label1\" content=\"Szerz\u0151:\" \/>\n\t<meta name=\"twitter:data1\" content=\"Tibor atya\" \/>\n\t<meta name=\"twitter:label2\" content=\"Becs\u00fclt olvas\u00e1si id\u0151\" \/>\n\t<meta name=\"twitter:data2\" content=\"6 perc\" \/>\n<script type=\"application\/ld+json\" class=\"yoast-schema-graph\">{\"@context\":\"https:\\\/\\\/schema.org\",\"@graph\":[{\"@type\":\"Article\",\"@id\":\"https:\\\/\\\/stuttgarti-katolikusok.de\\\/index.php\\\/punkosdvasarnap\\\/#article\",\"isPartOf\":{\"@id\":\"https:\\\/\\\/stuttgarti-katolikusok.de\\\/index.php\\\/punkosdvasarnap\\\/\"},\"author\":{\"name\":\"Tibor atya\",\"@id\":\"https:\\\/\\\/stuttgarti-katolikusok.de\\\/#\\\/schema\\\/person\\\/75908d6f8fdc03a57889d27209df7795\"},\"headline\":\"P\u00fcnk\u00f6sdvas\u00e1rnap\",\"datePublished\":\"2023-05-27T21:10:44+00:00\",\"mainEntityOfPage\":{\"@id\":\"https:\\\/\\\/stuttgarti-katolikusok.de\\\/index.php\\\/punkosdvasarnap\\\/\"},\"wordCount\":1522,\"image\":{\"@id\":\"https:\\\/\\\/stuttgarti-katolikusok.de\\\/index.php\\\/punkosdvasarnap\\\/#primaryimage\"},\"thumbnailUrl\":\"https:\\\/\\\/stuttgarti-katolikusok.de\\\/wp-content\\\/uploads\\\/2021\\\/05\\\/whatsapp-image-2021-05-18-at-000413.jpeg\",\"articleSection\":[\"A liturgia olvasm\u00e1nyai\",\"Vas\u00e1rnapi gondolatok\"],\"inLanguage\":\"hu\"},{\"@type\":\"WebPage\",\"@id\":\"https:\\\/\\\/stuttgarti-katolikusok.de\\\/index.php\\\/punkosdvasarnap\\\/\",\"url\":\"https:\\\/\\\/stuttgarti-katolikusok.de\\\/index.php\\\/punkosdvasarnap\\\/\",\"name\":\"P\u00fcnk\u00f6sdvas\u00e1rnap - Stuttgarti Katolikusok\",\"isPartOf\":{\"@id\":\"https:\\\/\\\/stuttgarti-katolikusok.de\\\/#website\"},\"primaryImageOfPage\":{\"@id\":\"https:\\\/\\\/stuttgarti-katolikusok.de\\\/index.php\\\/punkosdvasarnap\\\/#primaryimage\"},\"image\":{\"@id\":\"https:\\\/\\\/stuttgarti-katolikusok.de\\\/index.php\\\/punkosdvasarnap\\\/#primaryimage\"},\"thumbnailUrl\":\"https:\\\/\\\/stuttgarti-katolikusok.de\\\/wp-content\\\/uploads\\\/2021\\\/05\\\/whatsapp-image-2021-05-18-at-000413.jpeg\",\"datePublished\":\"2023-05-27T21:10:44+00:00\",\"author\":{\"@id\":\"https:\\\/\\\/stuttgarti-katolikusok.de\\\/#\\\/schema\\\/person\\\/75908d6f8fdc03a57889d27209df7795\"},\"breadcrumb\":{\"@id\":\"https:\\\/\\\/stuttgarti-katolikusok.de\\\/index.php\\\/punkosdvasarnap\\\/#breadcrumb\"},\"inLanguage\":\"hu\",\"potentialAction\":[{\"@type\":\"ReadAction\",\"target\":[\"https:\\\/\\\/stuttgarti-katolikusok.de\\\/index.php\\\/punkosdvasarnap\\\/\"]}]},{\"@type\":\"ImageObject\",\"inLanguage\":\"hu\",\"@id\":\"https:\\\/\\\/stuttgarti-katolikusok.de\\\/index.php\\\/punkosdvasarnap\\\/#primaryimage\",\"url\":\"https:\\\/\\\/stuttgarti-katolikusok.de\\\/wp-content\\\/uploads\\\/2021\\\/05\\\/whatsapp-image-2021-05-18-at-000413.jpeg\",\"contentUrl\":\"https:\\\/\\\/stuttgarti-katolikusok.de\\\/wp-content\\\/uploads\\\/2021\\\/05\\\/whatsapp-image-2021-05-18-at-000413.jpeg\",\"width\":1600,\"height\":1200},{\"@type\":\"BreadcrumbList\",\"@id\":\"https:\\\/\\\/stuttgarti-katolikusok.de\\\/index.php\\\/punkosdvasarnap\\\/#breadcrumb\",\"itemListElement\":[{\"@type\":\"ListItem\",\"position\":1,\"name\":\"Kezd\u0151lap\",\"item\":\"https:\\\/\\\/stuttgarti-katolikusok.de\\\/\"},{\"@type\":\"ListItem\",\"position\":2,\"name\":\"P\u00fcnk\u00f6sdvas\u00e1rnap\"}]},{\"@type\":\"WebSite\",\"@id\":\"https:\\\/\\\/stuttgarti-katolikusok.de\\\/#website\",\"url\":\"https:\\\/\\\/stuttgarti-katolikusok.de\\\/\",\"name\":\"Stuttgarti Katolikusok\",\"description\":\"\",\"potentialAction\":[{\"@type\":\"SearchAction\",\"target\":{\"@type\":\"EntryPoint\",\"urlTemplate\":\"https:\\\/\\\/stuttgarti-katolikusok.de\\\/?s={search_term_string}\"},\"query-input\":{\"@type\":\"PropertyValueSpecification\",\"valueRequired\":true,\"valueName\":\"search_term_string\"}}],\"inLanguage\":\"hu\"},{\"@type\":\"Person\",\"@id\":\"https:\\\/\\\/stuttgarti-katolikusok.de\\\/#\\\/schema\\\/person\\\/75908d6f8fdc03a57889d27209df7795\",\"name\":\"Tibor atya\",\"image\":{\"@type\":\"ImageObject\",\"inLanguage\":\"hu\",\"@id\":\"https:\\\/\\\/secure.gravatar.com\\\/avatar\\\/61d268e57d1f4525b111222e29d2d5a7f8c420fdbf231ba5566a8ceac74fa960?s=96&d=mm&r=g\",\"url\":\"https:\\\/\\\/secure.gravatar.com\\\/avatar\\\/61d268e57d1f4525b111222e29d2d5a7f8c420fdbf231ba5566a8ceac74fa960?s=96&d=mm&r=g\",\"contentUrl\":\"https:\\\/\\\/secure.gravatar.com\\\/avatar\\\/61d268e57d1f4525b111222e29d2d5a7f8c420fdbf231ba5566a8ceac74fa960?s=96&d=mm&r=g\",\"caption\":\"Tibor atya\"},\"url\":\"https:\\\/\\\/stuttgarti-katolikusok.de\\\/index.php\\\/author\\\/tibor-atya\\\/\"}]}<\/script>\n<!-- \/ Yoast SEO plugin. -->","yoast_head_json":{"title":"P\u00fcnk\u00f6sdvas\u00e1rnap - Stuttgarti Katolikusok","robots":{"index":"index","follow":"follow","max-snippet":"max-snippet:-1","max-image-preview":"max-image-preview:large","max-video-preview":"max-video-preview:-1"},"canonical":"https:\/\/stuttgarti-katolikusok.de\/index.php\/punkosdvasarnap\/","og_locale":"hu_HU","og_type":"article","og_title":"P\u00fcnk\u00f6sdvas\u00e1rnap - Stuttgarti Katolikusok","og_description":"Kezd\u0151\u00e9nek: Az \u00darnak lelke bet\u00f6lti a f\u00f6ldkereks\u00e9get, \u00e9s aki egybefogja a mindens\u00e9get, tud minden sz\u00f3r\u00f3l, alleluja. (B\u00f6lcs 1,7) vagy Isten szeretete ki\u00e1radt sz\u00edv\u00fcnkbe a benn\u00fcnk lak\u00f3 Szentl\u00e9lek \u00e1ltal, alleluja. (R\u00f3m 5,5;10,11) K\u00f6ny\u00f6rg\u00e9s: Isten\u00fcnk, te a mai szents\u00e9ges \u00fcnnepen Egyh\u00e1zadat \u00e9s \u00e1ltala a vil\u00e1g minden n\u00e9p\u00e9t \u00e9s nemzet\u00e9t megszentelted. \u00c1raszd ki a Szentl\u00e9lek aj\u00e1nd\u00e9kait az eg\u00e9sz vil\u00e1gra, \u00e9s t\u00f6ltsd be h\u00edveid sz\u00edv\u00e9t isteni kegyelmeddel, amellyel egykor elind\u00edtottad az evang\u00e9lium hirdet\u00e9s\u00e9t. A mi Urunk, J\u00e9zus Krisztus, a te Fiad \u00e1ltal, aki veled \u00e9l \u00e9s uralkodik a Szentl\u00e9lekkel egys\u00e9gben, Isten mind\u00f6r\u00f6kk\u00f6n \u00f6r\u00f6kk\u00e9. OLVASM\u00c1NY az Apostolok Cselekedeteib\u0151l (ApCsel 2,1-11) Mindannyiukat elt\u00f6lt\u00f6tte a Szentl\u00e9lek, \u00e9s besz\u00e9lni kezdtek. Amikor el\u00e9rkezett P\u00fcnk\u00f6sd napja, ugyanazon a helyen (az emeleti teremben) mindny\u00e1jan egy\u00fctt voltak az apostolok. Hirtelen z\u00fag\u00e1s t\u00e1madt az \u00e9gb\u0151l, mintha heves sz\u00e9lvihar k\u00f6zeledett volna, \u00e9s eg\u00e9szen bet\u00f6lt\u00f6tte a h\u00e1zat, ahol egy\u00fctt voltak. Majd l\u00e1ngnyelvek t\u0171ntek fel, \u00e9s sz\u00e9toszolva leereszkedtek mindegyik\u00fckre. Mindannyiukat elt\u00f6lt\u00f6tte a Szentl\u00e9lek, \u00e9s nyelveken kezdtek besz\u00e9lni, ahogyan a L\u00e9lek ind\u00edtotta \u0151ket. Ez id\u0151 t\u00e1jt vall\u00e1sos f\u00e9rfiak tart\u00f3zkodtak Jeruzs\u00e1lemben, minden n\u00e9pb\u0151l az \u00e9g alatt. Amikor ez a z\u00fag\u00e1s t\u00e1madt, nagy t\u00f6meg ver\u0151d\u00f6tt \u00f6ssze. Nagy volt a megd\u00f6bben\u00e9s, mert mindenki a saj\u00e1t nyelv\u00e9n hallotta, amint besz\u00e9ltek. Nagy meglepet\u00e9s\u00fckben csod\u00e1lkozva k\u00e9rdezgett\u00e9k: \u201eNem Galile\u00e1b\u00f3l val\u00f3k mindny\u00e1jan, akik itt besz\u00e9lnek? Hogyan hallhatja h\u00e1t \u0151ket mindegyik\u00fcnk a saj\u00e1t nyelv\u00e9n, amelyben sz\u00fcletett? Mi, p\u00e1rtusok, m\u00e9dek, elamit\u00e1k; \u00e9s Mezopot\u00e1mi\u00e1nak, Jude\u00e1nak, Kappad\u00f3ci\u00e1nak, Pontusznak, \u00c1zsi\u00e1nak, Frigi\u00e1nak \u00e9s Pamfili\u00e1nak lak\u00f3i; Egyiptomb\u00f3l, a l\u00edbiai Cir\u00e9ne vid\u00e9k\u00e9r\u0151l \u00e9s R\u00f3m\u00e1b\u00f3l val\u00f3 zar\u00e1ndokok; zsid\u00f3k \u00e9s prozelit\u00e1k, kr\u00e9taiak \u00e9s arabok: mi mindannyian \u00fagy halljuk, hogy a mi nyelv\u00fcnk\u00f6n hirdetik Isten csod\u00e1s tetteit!\u201d Ez az Isten ig\u00e9je. V\u00c1LASZOS ZSOLT\u00c1R (Zsolt 103,1ab \u00e9s 24ac.29bc-30.31 \u00e9s 34) V\u00e1lasz:\u00a0\u00c1raszd r\u00e1nk Lelkedet, Isten\u00fcnk: * \u00faj\u00edtsd meg a f\u00f6ld sz\u00edn\u00e9t.\u00a08 G. t\u00f3nus. Vagy:\u00a0Alleluja.\u00a08. sz\u00e1m. El\u0151\u00e9nekes: Mondj \u00e1ld\u00e1st, lelkem, az \u00darnak! * Nagy vagy nagyon, \u00e9n Uram, Istenem. Mily sokr\u00e9t\u0171 a te m\u0171ved, Uram! * teremtm\u00e9nyeid bet\u00f6ltik a... R\u00e9szletek","og_url":"https:\/\/stuttgarti-katolikusok.de\/index.php\/punkosdvasarnap\/","og_site_name":"Stuttgarti Katolikusok","article_published_time":"2023-05-27T21:10:44+00:00","og_image":[{"width":1600,"height":1200,"url":"https:\/\/stuttgarti-katolikusok.de\/wp-content\/uploads\/2021\/05\/whatsapp-image-2021-05-18-at-000413.jpeg","type":"image\/jpeg"}],"author":"Tibor atya","twitter_card":"summary_large_image","twitter_misc":{"Szerz\u0151:":"Tibor atya","Becs\u00fclt olvas\u00e1si id\u0151":"6 perc"},"schema":{"@context":"https:\/\/schema.org","@graph":[{"@type":"Article","@id":"https:\/\/stuttgarti-katolikusok.de\/index.php\/punkosdvasarnap\/#article","isPartOf":{"@id":"https:\/\/stuttgarti-katolikusok.de\/index.php\/punkosdvasarnap\/"},"author":{"name":"Tibor atya","@id":"https:\/\/stuttgarti-katolikusok.de\/#\/schema\/person\/75908d6f8fdc03a57889d27209df7795"},"headline":"P\u00fcnk\u00f6sdvas\u00e1rnap","datePublished":"2023-05-27T21:10:44+00:00","mainEntityOfPage":{"@id":"https:\/\/stuttgarti-katolikusok.de\/index.php\/punkosdvasarnap\/"},"wordCount":1522,"image":{"@id":"https:\/\/stuttgarti-katolikusok.de\/index.php\/punkosdvasarnap\/#primaryimage"},"thumbnailUrl":"https:\/\/stuttgarti-katolikusok.de\/wp-content\/uploads\/2021\/05\/whatsapp-image-2021-05-18-at-000413.jpeg","articleSection":["A liturgia olvasm\u00e1nyai","Vas\u00e1rnapi gondolatok"],"inLanguage":"hu"},{"@type":"WebPage","@id":"https:\/\/stuttgarti-katolikusok.de\/index.php\/punkosdvasarnap\/","url":"https:\/\/stuttgarti-katolikusok.de\/index.php\/punkosdvasarnap\/","name":"P\u00fcnk\u00f6sdvas\u00e1rnap - Stuttgarti Katolikusok","isPartOf":{"@id":"https:\/\/stuttgarti-katolikusok.de\/#website"},"primaryImageOfPage":{"@id":"https:\/\/stuttgarti-katolikusok.de\/index.php\/punkosdvasarnap\/#primaryimage"},"image":{"@id":"https:\/\/stuttgarti-katolikusok.de\/index.php\/punkosdvasarnap\/#primaryimage"},"thumbnailUrl":"https:\/\/stuttgarti-katolikusok.de\/wp-content\/uploads\/2021\/05\/whatsapp-image-2021-05-18-at-000413.jpeg","datePublished":"2023-05-27T21:10:44+00:00","author":{"@id":"https:\/\/stuttgarti-katolikusok.de\/#\/schema\/person\/75908d6f8fdc03a57889d27209df7795"},"breadcrumb":{"@id":"https:\/\/stuttgarti-katolikusok.de\/index.php\/punkosdvasarnap\/#breadcrumb"},"inLanguage":"hu","potentialAction":[{"@type":"ReadAction","target":["https:\/\/stuttgarti-katolikusok.de\/index.php\/punkosdvasarnap\/"]}]},{"@type":"ImageObject","inLanguage":"hu","@id":"https:\/\/stuttgarti-katolikusok.de\/index.php\/punkosdvasarnap\/#primaryimage","url":"https:\/\/stuttgarti-katolikusok.de\/wp-content\/uploads\/2021\/05\/whatsapp-image-2021-05-18-at-000413.jpeg","contentUrl":"https:\/\/stuttgarti-katolikusok.de\/wp-content\/uploads\/2021\/05\/whatsapp-image-2021-05-18-at-000413.jpeg","width":1600,"height":1200},{"@type":"BreadcrumbList","@id":"https:\/\/stuttgarti-katolikusok.de\/index.php\/punkosdvasarnap\/#breadcrumb","itemListElement":[{"@type":"ListItem","position":1,"name":"Kezd\u0151lap","item":"https:\/\/stuttgarti-katolikusok.de\/"},{"@type":"ListItem","position":2,"name":"P\u00fcnk\u00f6sdvas\u00e1rnap"}]},{"@type":"WebSite","@id":"https:\/\/stuttgarti-katolikusok.de\/#website","url":"https:\/\/stuttgarti-katolikusok.de\/","name":"Stuttgarti Katolikusok","description":"","potentialAction":[{"@type":"SearchAction","target":{"@type":"EntryPoint","urlTemplate":"https:\/\/stuttgarti-katolikusok.de\/?s={search_term_string}"},"query-input":{"@type":"PropertyValueSpecification","valueRequired":true,"valueName":"search_term_string"}}],"inLanguage":"hu"},{"@type":"Person","@id":"https:\/\/stuttgarti-katolikusok.de\/#\/schema\/person\/75908d6f8fdc03a57889d27209df7795","name":"Tibor atya","image":{"@type":"ImageObject","inLanguage":"hu","@id":"https:\/\/secure.gravatar.com\/avatar\/61d268e57d1f4525b111222e29d2d5a7f8c420fdbf231ba5566a8ceac74fa960?s=96&d=mm&r=g","url":"https:\/\/secure.gravatar.com\/avatar\/61d268e57d1f4525b111222e29d2d5a7f8c420fdbf231ba5566a8ceac74fa960?s=96&d=mm&r=g","contentUrl":"https:\/\/secure.gravatar.com\/avatar\/61d268e57d1f4525b111222e29d2d5a7f8c420fdbf231ba5566a8ceac74fa960?s=96&d=mm&r=g","caption":"Tibor atya"},"url":"https:\/\/stuttgarti-katolikusok.de\/index.php\/author\/tibor-atya\/"}]}},"_links":{"self":[{"href":"https:\/\/stuttgarti-katolikusok.de\/index.php\/wp-json\/wp\/v2\/posts\/26883","targetHints":{"allow":["GET"]}}],"collection":[{"href":"https:\/\/stuttgarti-katolikusok.de\/index.php\/wp-json\/wp\/v2\/posts"}],"about":[{"href":"https:\/\/stuttgarti-katolikusok.de\/index.php\/wp-json\/wp\/v2\/types\/post"}],"author":[{"embeddable":true,"href":"https:\/\/stuttgarti-katolikusok.de\/index.php\/wp-json\/wp\/v2\/users\/3"}],"replies":[{"embeddable":true,"href":"https:\/\/stuttgarti-katolikusok.de\/index.php\/wp-json\/wp\/v2\/comments?post=26883"}],"version-history":[{"count":1,"href":"https:\/\/stuttgarti-katolikusok.de\/index.php\/wp-json\/wp\/v2\/posts\/26883\/revisions"}],"predecessor-version":[{"id":26884,"href":"https:\/\/stuttgarti-katolikusok.de\/index.php\/wp-json\/wp\/v2\/posts\/26883\/revisions\/26884"}],"wp:featuredmedia":[{"embeddable":true,"href":"https:\/\/stuttgarti-katolikusok.de\/index.php\/wp-json\/wp\/v2\/media\/21911"}],"wp:attachment":[{"href":"https:\/\/stuttgarti-katolikusok.de\/index.php\/wp-json\/wp\/v2\/media?parent=26883"}],"wp:term":[{"taxonomy":"category","embeddable":true,"href":"https:\/\/stuttgarti-katolikusok.de\/index.php\/wp-json\/wp\/v2\/categories?post=26883"},{"taxonomy":"post_tag","embeddable":true,"href":"https:\/\/stuttgarti-katolikusok.de\/index.php\/wp-json\/wp\/v2\/tags?post=26883"}],"curies":[{"name":"wp","href":"https:\/\/api.w.org\/{rel}","templated":true}]}}