{"id":26855,"date":"2023-05-20T12:16:35","date_gmt":"2023-05-20T10:16:35","guid":{"rendered":"https:\/\/stuttgarti-katolikusok.de\/?p=26855"},"modified":"2023-05-20T12:16:35","modified_gmt":"2023-05-20T10:16:35","slug":"husvet-7-vasarnapja","status":"publish","type":"post","link":"https:\/\/stuttgarti-katolikusok.de\/index.php\/husvet-7-vasarnapja\/","title":{"rendered":"H\u00fasv\u00e9t 7. vas\u00e1rnapja"},"content":{"rendered":"<p><strong><span style=\"color: #ff0000;\">OLVASM\u00c1NY\u00a0 (ApCsel 1, 12-14)<\/span><\/strong><\/p>\n<p><em>J\u00e9zus mennybemenetele ut\u00e1n megkezd\u0151d\u00f6tt az Egyh\u00e1z id\u0151szaka. A fels\u0151 terem, ahol \u00f6sszegy\u0171ltek, bizony\u00e1ra az utols\u00f3 vacsora sz\u00ednhelye volt Az apostolok nev\u00e9nek felsorol\u00f3sa mutatja, hogy J\u00e9zus m\u00e1r szervezett k\u00f6z\u00f6ss\u00e9get hagyott itt s ez volt az Egyh\u00e1z magja De \u00e9let\u00e9nek kibontakoz\u00e1s\u00e1hoz meg kellett v\u00e1rni a Szentl\u00e9lek e j\u00f6vetel\u00e9i s erre im\u00e1ds\u00e1ggal k\u00e9sz\u00fclnek. Az Egyh\u00e1z els\u0151sorban h\u00edv\u0151 Egyh\u00e1z, amely fel\u00fclr\u0151l kapja a term\u00e9szetf\u00f6l\u00f6tti aj\u00e1nd\u00e9kot M\u00e1ria \u00fagy van a k\u00f6z\u00f6ss\u00e9gben, mint J\u00e9zus anyja \u00e9s mint az Egyh\u00e1z anyja.<\/em><\/p>\n<p><strong>OLVASM\u00c1NY az Apostolok Cselekedeteib\u0151l<\/strong><\/p>\n<p><em>Egy sz\u00edvvel, egy l\u00e9lekkel, \u00e1llhatatosan im\u00e1dkoztak.<\/em><\/p>\n<p>Miut\u00e1n ,J\u00e9zus f\u00f6lv\u00e9tetett a mennybe, az apostolok az Olajf\u00e1k-hegy\u00e9r\u0151l, amely Jeruzs\u00e1lemt\u0151l egy szombatnapi j\u00e1r\u00e1sra van, visszat\u00e9rtek Jeruzs\u00e1lembe. Amint meg\u00e9rkeztek, f\u00f6lmentek az emeleti terembe, ahol egy\u00fctt szoktak lenni: P\u00e9ter \u00e9s J\u00e1nos, Jakab \u00e9s Andr\u00e1s, F\u00fcl\u00f6p \u00e9s Tam\u00e1s, Bertalan \u00e9s M\u00e1t\u00e9, Alfeus fia Jakab, a buzg\u00f3 Simon \u00e9s Jakab testv\u00e9re, J\u00fad\u00e1s. Mindannyian egy sz\u00edvvel, egy l\u00e9lekkel, \u00e1llhatatosan im\u00e1dkoztak, az asszonyokkal, M\u00e1ri\u00e1val, J\u00e9zus anyj\u00e1val \u00e9s testv\u00e9reivel egy\u00fctt.<\/p>\n<p>Ez az Isten ig\u00e9je.<\/p>\n<p><strong><span style=\"color: #ff0000;\">V\u00c1LASZOS ZSOLT\u00c1R (26, 1. 4. 7-8a )\u00a0 \u00a02. t\u00f3nus.<\/span><\/strong><br \/>\nV\u00e1lasz: Hiszem, hogy megl\u00e1tom az \u00dar javait, * az \u00e9l\u0151k f\u00f6ldj\u00e9n. 13. vers.<br \/>\nVagy: Alleluja.<\/p>\n<p>El\u0151\u00e9nekes: Vil\u00e1goss\u00e1gom \u00e9s \u00fcdv\u00f6ss\u00e9gem az \u00dar, * kit\u0151l f\u00e9ln\u00e9k?<br \/>\n\u00c9letem oltalmaz\u00f3ja az \u00dar, * kit\u0151l rettegn\u00e9k?<br \/>\nH\u00edvek: Hiszem, hogy megl\u00e1tom az \u00dar javait, * az \u00e9l\u0151k f\u00f6ldj\u00e9n.<br \/>\nVagy: Alleluja.<\/p>\n<p>E: Egyet k\u00e9rek az \u00dart\u00f3l, + csak egy a v\u00e1gyam, * hogy az \u00dar h\u00e1z\u00e1ban lakjam \u00e9letem minden napj\u00e1n,<br \/>\nhogy \u00e9lvezhessem az \u00dar \u00f6r\u00f6m\u00e9t, * \u00e9s hogy szeml\u00e9lhessem szent templom\u00e1t.<br \/>\nH: Hiszem, hogy megl\u00e1tom az \u00dar javait, * az \u00e9l\u0151k f\u00f6ldj\u00e9n. Vagy: Alleluja.<\/p>\n<p>E: Uram, halld meg ki\u00e1lt\u00f3 szavamat, * k\u00f6ny\u00f6r\u00fclj rajtam, \u00e9s hallgass meg engem.<br \/>\nSz\u00edvem r\u00f3lad mondta, * ,,Keress\u00e9tek az \u0151 arc\u00e1t&#8221;.<br \/>\nH: Hiszem, hogy megl\u00e1tom az \u00dar javait, * az \u00e9l\u0151k f\u00f6ldj\u00e9n. Vagy: Alleluja.<\/p>\n<p><strong><span style=\"color: #ff0000;\">SZENTLECKE\u00a0 (1 P\u00e9t 4, 13-16)<\/span><\/strong><\/p>\n<p><em>\u00a0 Az Egyh\u00e1z \u00fagy indult el, hogy J\u00e9zus m\u0171v\u00e9t folytatja, \u00e9s k\u00fczdelmeit, \u00fcld\u00f6ztet\u00e9s\u00e9t is \u00fagy fogta fel, mint J\u00e9zus szenved\u00e9s\u00e9ben val\u00f3 r\u00e9szesed\u00e9st. Ez\u00e9rt jutalma is az lesz, hogy majd osztozik dics\u0151s\u00e9g\u00e9ben. Az \u00e1llhatatoss\u00e1ghoz az er\u0151fa Szentl\u00e9lek adja, akit Krisztus k\u00fcld\u00f6ttel az Aty\u00e1t\u00f3l. Az Egyh\u00e1z teh\u00e1t term\u00e9szetf\u00f6l\u00f6tti k\u00f6rnyezet is az egyes h\u00edv\u0151 sz\u00e1m\u00e1ra.<\/em><\/p>\n<p><strong>SZENTLECKE Szent P\u00e9ter apostol els\u0151 level\u00e9b\u0151l<\/strong><\/p>\n<p><em>Boldogok vagytok., ha Krisztus nev\u00e9\u00e9rt gyal\u00e1znak titeket.<\/em><\/p>\n<p>Szeretteim! \u00d6rvendezzetek, ha r\u00e9szt vehettek Krisztus szenved\u00e9seiben, hogy amikor dics\u0151s\u00e9ge kinyilv\u00e1nul, akkor is ujjongva \u00f6r\u00fclhessetek. Boldogok vagytok, ha Krisztus\u00e9rt gyal\u00e1znak titeket, mert a dics\u0151s\u00e9g Lelke: az Isten Lelke nyugszik rajtatok. Senki ne szenvedjen az\u00e9rt k\u00f6z\u00fcletek, mert gyilkos vagy tolvaj, gonosztev\u0151 vagy bujtogat\u00f3. Aki azonban kereszt\u00e9ny volta miatt szenved, ne sz\u00e9gyellje ezt, hanem dics\u0151\u00edtse meg Istent a kereszt\u00e9ny n\u00e9vvel.<\/p>\n<p>Ez az Isten ig\u00e9je.<\/p>\n<p><span style=\"color: #ff0000;\"><strong>ALLELUJA<\/strong><\/span><\/p>\n<p>Alleluja.\u00a0 \u00a0 \u00a04. sz\u00e1m.<br \/>\nJ\u00e9zus mondja: + ,,Nem hagylak \u00e1rv\u00e1n titeket. * Visszaj\u00f6v\u00f6k hozz\u00e1tok, \u00e9s \u00f6r\u00fcl majd sz\u00edvetek.&#8221; Jn 14, 18<br \/>\nAlleluja.<\/p>\n<p><span style=\"color: #ff0000;\"><strong>EVANG\u00c9LIUM\u00a0 (Jn 17, 1-11a)<\/strong><\/span><\/p>\n<p><em>Az \u00fagynevezett f\u0151papi im\u00e1ban J\u00e9zus \u00f6sszefoglalja m\u0171k\u00f6d\u00e9s\u00e9nek jelent\u0151s\u00e9g\u00e9t, tov\u00e1bb\u00e1 im\u00e1dkozik apostolai\u00e9rt \u00e9s Egyh\u00e1z\u00e1\u00e9rt. E j\u00f6tt ,,az \u00f3ra&#8221;, amikor ki kell mondani az utols\u00f3 szavakat, \u00e9s marad\u00e9k n\u00e9lk\u00fcl meg kell tenni az Atya akarat\u00e1t. Szenved\u00e9s\u00e9t \u00fagy tekinti, hogy \u0151 abban megdics\u0151\u00edti az Aty\u00e1t \u00e9s az Atya is megdics\u0151\u00edti majd \u0151t Az emberis\u00e9g megv\u00e1lt\u00e1sa teh\u00e1t r\u00e9sze az Atya \u00e9s a Fi\u00fa p\u00e1rbesz\u00e9d\u00e9nek. J\u00e9zus f\u00f6ldi m\u0171k\u00f6d\u00e9se is azt c\u00e9lozta, hogy az Atya nev\u00e9t megismertesse az emberekkel, s ezzel nyitotta meg sz\u00e1mukra az utat, hogy az Atya gyermekeiv\u00e9 v\u00e1ljanak, akik \u00e9let\u00fckkel szint\u00e9n megdics\u0151\u00edtik az Aty\u00e1t<\/em><\/p>\n<p><strong>+ EVANG\u00c9LIUM Szent J\u00e1nos k\u00f6nyv\u00e9b\u0151l<\/strong><\/p>\n<p><em> Aty\u00e1m, dics\u0151\u00edtsd meg Fiadat!<\/em><\/p>\n<p>Abban az id\u0151ben:<br \/>\nJ\u00e9zus az \u00e9gre emelte tekintet\u00e9t, \u00e9s \u00edgy im\u00e1dkozott:<br \/>\nAty\u00e1m! El\u00e9rkezett az \u00f3ra! Dics\u0151\u00edtsd meg Fiadat, hogy Fiad is megdics\u0151\u00edthessen t\u00e9ged. Te hatalmat adt\u00e1l neki minden ember f\u00f6l\u00f6tt, hogy mindenkinek, akit neki adt\u00e1l, \u00f6r\u00f6k \u00e9letet adjon. Az \u00f6r\u00f6k \u00e9let pedig az, hogy megismerjenek t\u00e9ged, az egy igaz Istent, \u00e9s J\u00e9zus Krisztust, akit te k\u00fcldt\u00e9l.<br \/>\n\u00c9n megdics\u0151\u00edtettelek t\u00e9ged a f\u00f6ld\u00f6n. A feladatot, amelyet r\u00e1m b\u00edzt\u00e1l, elv\u00e9geztem. Most te dics\u0151\u00edts meg engem, Aty\u00e1m, ott n\u00e1lad, azzal a dics\u0151s\u00e9ggel, melyben r\u00e9szem volt n\u00e1lad a vil\u00e1g teremt\u00e9se el\u0151tt!<br \/>\nKinyilatkoztattam nevedet az embereknek, akiket a vil\u00e1gb\u00f3l nekem adt\u00e1l. A tieid voltak, \u00e9s nekem adtad \u0151ket. Tan\u00edt\u00e1sodat megtartott\u00e1k. Most m\u00e1r tudj\u00e1k, hogy minden, amit nekem adt\u00e1l, t\u0151led van. Mert a szavakat, amelyeket nekem adt\u00e1l, tov\u00e1bbadtam nekik, \u00e9s \u0151k elfogadt\u00e1k azokat. Biztosan felismert\u00e9k, hogy t\u0151led j\u00f6ttem, \u00e9s hittel elfogadt\u00e1k, hogy te k\u00fcldt\u00e9l engem.<br \/>\n\u00c9rt\u00fck k\u00f6ny\u00f6rg\u00f6k. Nem a vil\u00e1g\u00e9rt k\u00f6ny\u00f6rg\u00f6k, hanem azok\u00e9rt, akiket nekem adt\u00e1l, \u2013 mert a tieid \u0151k. Hiszen a tied mindaz, ami az eny\u00e9m, \u00e9s minden az eny\u00e9m, ami a ti\u00e9d! \u2013 \u00c9s \u00e9n megdics\u0151\u00fcltem benn\u00fck.<br \/>\n\u00c9n nem maradok tov\u00e1bb a vil\u00e1gban. \u0150k azonban a vil\u00e1gban maradnak, \u00e9n meg visszat\u00e9rek hozz\u00e1d.<\/p>\n<p>Ezek az evang\u00e9lium ig\u00e9i.<\/p>\n<p><span style=\"color: #ff0000;\"><strong>Egyetemes k\u00f6ny\u00f6rg\u00e9sek H\u00fasv\u00e9t 7. vas\u00e1rnapj\u00e1ra<\/strong><\/span><\/p>\n<p>Pap:\u00a0\u00a0\u00a0 Testv\u00e9reim! Az apostolok egyek voltak az im\u00e1ds\u00e1gban \u00e9s a Szentl\u00e9lek \u00e1llhatatos v\u00e1r\u00e1s\u00e1ban. K\u00e9rj\u00fck mi is egy sz\u00edvvel-l\u00e9lekkel Urunkat, Isten\u00fcnket!<\/p>\n<p>Lektor:<br \/>\n1.\u00a0\u00a0\u00a0 \u00c1raszd, Urunk, kegyelmedet itt egybegy\u0171lt \u00e9s az eg\u00e9sz vil\u00e1gon elterjedt Egyh\u00e1zadra!<br \/>\nH\u00edvek: K\u00e9r\u00fcnk t\u00e9ged, hallgass meg minket!<\/p>\n<p>2.\u00a0\u00a0\u00a0 Seg\u00edtsd N. p\u00e1p\u00e1nkat, f\u0151p\u00e1sztorainkat \u00e9s papjainkat, hogy mindig \u00e9s mindenben a te dics\u0151s\u00e9gedet szolg\u00e1lj\u00e1k!<br \/>\nH\u00edvek: K\u00e9r\u00fcnk t\u00e9ged . . .<\/p>\n<p>3.\u00a0\u00a0\u00a0 Add meg, Urunk, hogy a kereszt\u00e9nyek b\u00e9kess\u00e9gben \u00e9s egyet\u00e9rt\u00e9sben \u00e9ljenek!<br \/>\nH\u00edvek: K\u00e9r\u00fcnk t\u00e9ged . . .<\/p>\n<p>4.\u00a0\u00a0\u00a0 Engedd, Urunk, hogy az \u00e9let keresztj\u00e9t Krisztus p\u00e9ld\u00e1ja szerint, k\u00e9szs\u00e9ges l\u00e9lekkel hordozzuk!<br \/>\nH\u00edvek: K\u00e9r\u00fcnk t\u00e9ged . . .<\/p>\n<p>5.\u00a0\u00a0\u00a0 Jutalmazd \u00f6r\u00f6k boldogs\u00e1ggal azokat, akik f\u00f6ldi \u00e9let\u00fckben h\u0171s\u00e9gesen k\u00f6vett\u00e9k szent Fiadat!<br \/>\nH\u00edvek: K\u00e9r\u00fcnk t\u00e9ged . . .<\/p>\n<p>Pap:\u00a0\u00a0\u00a0 Mennyei Aty\u00e1nk! K\u00fcldd el im\u00e1dkoz\u00f3 n\u00e9pednek a Szentlelket, hogy \u00e1ltala meger\u0151s\u00f6dj\u00e9k hit\u00e9ben, \u00e9s minden j\u00f3cselekedetre k\u00e9sz legyen. Krisztus, a mi Urunk \u00e1ltal.<br \/>\nH\u00edvek:\u00a0\u00a0\u00a0 \u00c1men.<\/p>\n","protected":false},"excerpt":{"rendered":"<p>OLVASM\u00c1NY\u00a0 (ApCsel 1, 12-14) J\u00e9zus mennybemenetele ut\u00e1n megkezd\u0151d\u00f6tt az Egyh\u00e1z id\u0151szaka. A fels\u0151 terem, ahol \u00f6sszegy\u0171ltek, bizony\u00e1ra az utols\u00f3 vacsora sz\u00ednhelye volt Az apostolok nev\u00e9nek felsorol\u00f3sa mutatja, hogy J\u00e9zus m\u00e1r szervezett k\u00f6z\u00f6ss\u00e9get hagyott itt s ez volt az Egyh\u00e1z magja De \u00e9let\u00e9nek kibontakoz\u00e1s\u00e1hoz meg kellett v\u00e1rni a Szentl\u00e9lek e j\u00f6vetel\u00e9i s erre im\u00e1ds\u00e1ggal k\u00e9sz\u00fclnek. Az Egyh\u00e1z els\u0151sorban h\u00edv\u0151 Egyh\u00e1z, amely fel\u00fclr\u0151l kapja a term\u00e9szetf\u00f6l\u00f6tti aj\u00e1nd\u00e9kot M\u00e1ria \u00fagy van a k\u00f6z\u00f6ss\u00e9gben, mint J\u00e9zus anyja \u00e9s mint az Egyh\u00e1z anyja. OLVASM\u00c1NY az Apostolok Cselekedeteib\u0151l Egy sz\u00edvvel, egy l\u00e9lekkel, \u00e1llhatatosan im\u00e1dkoztak. Miut\u00e1n ,J\u00e9zus f\u00f6lv\u00e9tetett a mennybe, az apostolok az Olajf\u00e1k-hegy\u00e9r\u0151l, amely Jeruzs\u00e1lemt\u0151l egy szombatnapi j\u00e1r\u00e1sra van, visszat\u00e9rtek Jeruzs\u00e1lembe. Amint meg\u00e9rkeztek, f\u00f6lmentek az emeleti terembe, ahol egy\u00fctt szoktak lenni: P\u00e9ter \u00e9s J\u00e1nos, Jakab \u00e9s Andr\u00e1s, F\u00fcl\u00f6p \u00e9s Tam\u00e1s, Bertalan \u00e9s M\u00e1t\u00e9, Alfeus fia Jakab, a buzg\u00f3 Simon \u00e9s Jakab testv\u00e9re, J\u00fad\u00e1s. Mindannyian egy sz\u00edvvel, egy l\u00e9lekkel, \u00e1llhatatosan im\u00e1dkoztak, az asszonyokkal, M\u00e1ri\u00e1val, J\u00e9zus anyj\u00e1val \u00e9s testv\u00e9reivel egy\u00fctt. Ez az Isten ig\u00e9je. V\u00c1LASZOS ZSOLT\u00c1R (26, 1. 4. 7-8a )\u00a0 \u00a02. t\u00f3nus. V\u00e1lasz: Hiszem, hogy megl\u00e1tom az \u00dar javait, * az \u00e9l\u0151k f\u00f6ldj\u00e9n. 13. vers. Vagy: Alleluja. El\u0151\u00e9nekes: Vil\u00e1goss\u00e1gom \u00e9s \u00fcdv\u00f6ss\u00e9gem az \u00dar, * kit\u0151l f\u00e9ln\u00e9k? \u00c9letem oltalmaz\u00f3ja az \u00dar, * kit\u0151l rettegn\u00e9k? H\u00edvek: Hiszem, hogy megl\u00e1tom az \u00dar javait, * az \u00e9l\u0151k f\u00f6ldj\u00e9n. Vagy: Alleluja. E: Egyet k\u00e9rek az \u00dart\u00f3l, + csak egy a v\u00e1gyam, * hogy az \u00dar h\u00e1z\u00e1ban lakjam \u00e9letem minden napj\u00e1n, hogy \u00e9lvezhessem az \u00dar \u00f6r\u00f6m\u00e9t, * \u00e9s hogy szeml\u00e9lhessem szent templom\u00e1t. H: Hiszem, hogy megl\u00e1tom az \u00dar javait, * az \u00e9l\u0151k f\u00f6ldj\u00e9n. Vagy: Alleluja. E: Uram, halld meg ki\u00e1lt\u00f3 szavamat, * k\u00f6ny\u00f6r\u00fclj rajtam, \u00e9s hallgass meg engem. Sz\u00edvem r\u00f3lad mondta, * ,,Keress\u00e9tek az \u0151 arc\u00e1t&#8221;. H: Hiszem, hogy megl\u00e1tom az \u00dar javait, * az \u00e9l\u0151k f\u00f6ldj\u00e9n. Vagy: Alleluja. SZENTLECKE\u00a0 (1 P\u00e9t 4, 13-16) \u00a0 Az Egyh\u00e1z \u00fagy indult el, hogy J\u00e9zus m\u0171v\u00e9t&#8230; <\/p>\n<p><a class=\"readmore\" href=\"https:\/\/stuttgarti-katolikusok.de\/index.php\/husvet-7-vasarnapja\/\">R\u00e9szletek<\/a><\/p>\n","protected":false},"author":3,"featured_media":23292,"comment_status":"closed","ping_status":"closed","sticky":false,"template":"","format":"standard","meta":{"footnotes":""},"categories":[85,63],"tags":[],"class_list":["post-26855","post","type-post","status-publish","format-standard","has-post-thumbnail","hentry","category-a-liturgia-olvasmanyai","category-vasarnapi-gondolatok"],"yoast_head":"<!-- This site is optimized with the Yoast SEO plugin v27.3 - https:\/\/yoast.com\/product\/yoast-seo-wordpress\/ -->\n<title>H\u00fasv\u00e9t 7. vas\u00e1rnapja - Stuttgarti Katolikusok<\/title>\n<meta name=\"robots\" content=\"index, follow, max-snippet:-1, max-image-preview:large, max-video-preview:-1\" \/>\n<link rel=\"canonical\" href=\"https:\/\/stuttgarti-katolikusok.de\/index.php\/husvet-7-vasarnapja\/\" \/>\n<meta property=\"og:locale\" content=\"hu_HU\" \/>\n<meta property=\"og:type\" content=\"article\" \/>\n<meta property=\"og:title\" content=\"H\u00fasv\u00e9t 7. vas\u00e1rnapja - Stuttgarti Katolikusok\" \/>\n<meta property=\"og:description\" content=\"OLVASM\u00c1NY\u00a0 (ApCsel 1, 12-14) J\u00e9zus mennybemenetele ut\u00e1n megkezd\u0151d\u00f6tt az Egyh\u00e1z id\u0151szaka. A fels\u0151 terem, ahol \u00f6sszegy\u0171ltek, bizony\u00e1ra az utols\u00f3 vacsora sz\u00ednhelye volt Az apostolok nev\u00e9nek felsorol\u00f3sa mutatja, hogy J\u00e9zus m\u00e1r szervezett k\u00f6z\u00f6ss\u00e9get hagyott itt s ez volt az Egyh\u00e1z magja De \u00e9let\u00e9nek kibontakoz\u00e1s\u00e1hoz meg kellett v\u00e1rni a Szentl\u00e9lek e j\u00f6vetel\u00e9i s erre im\u00e1ds\u00e1ggal k\u00e9sz\u00fclnek. Az Egyh\u00e1z els\u0151sorban h\u00edv\u0151 Egyh\u00e1z, amely fel\u00fclr\u0151l kapja a term\u00e9szetf\u00f6l\u00f6tti aj\u00e1nd\u00e9kot M\u00e1ria \u00fagy van a k\u00f6z\u00f6ss\u00e9gben, mint J\u00e9zus anyja \u00e9s mint az Egyh\u00e1z anyja. OLVASM\u00c1NY az Apostolok Cselekedeteib\u0151l Egy sz\u00edvvel, egy l\u00e9lekkel, \u00e1llhatatosan im\u00e1dkoztak. Miut\u00e1n ,J\u00e9zus f\u00f6lv\u00e9tetett a mennybe, az apostolok az Olajf\u00e1k-hegy\u00e9r\u0151l, amely Jeruzs\u00e1lemt\u0151l egy szombatnapi j\u00e1r\u00e1sra van, visszat\u00e9rtek Jeruzs\u00e1lembe. Amint meg\u00e9rkeztek, f\u00f6lmentek az emeleti terembe, ahol egy\u00fctt szoktak lenni: P\u00e9ter \u00e9s J\u00e1nos, Jakab \u00e9s Andr\u00e1s, F\u00fcl\u00f6p \u00e9s Tam\u00e1s, Bertalan \u00e9s M\u00e1t\u00e9, Alfeus fia Jakab, a buzg\u00f3 Simon \u00e9s Jakab testv\u00e9re, J\u00fad\u00e1s. Mindannyian egy sz\u00edvvel, egy l\u00e9lekkel, \u00e1llhatatosan im\u00e1dkoztak, az asszonyokkal, M\u00e1ri\u00e1val, J\u00e9zus anyj\u00e1val \u00e9s testv\u00e9reivel egy\u00fctt. Ez az Isten ig\u00e9je. V\u00c1LASZOS ZSOLT\u00c1R (26, 1. 4. 7-8a )\u00a0 \u00a02. t\u00f3nus. V\u00e1lasz: Hiszem, hogy megl\u00e1tom az \u00dar javait, * az \u00e9l\u0151k f\u00f6ldj\u00e9n. 13. vers. Vagy: Alleluja. El\u0151\u00e9nekes: Vil\u00e1goss\u00e1gom \u00e9s \u00fcdv\u00f6ss\u00e9gem az \u00dar, * kit\u0151l f\u00e9ln\u00e9k? \u00c9letem oltalmaz\u00f3ja az \u00dar, * kit\u0151l rettegn\u00e9k? H\u00edvek: Hiszem, hogy megl\u00e1tom az \u00dar javait, * az \u00e9l\u0151k f\u00f6ldj\u00e9n. Vagy: Alleluja. E: Egyet k\u00e9rek az \u00dart\u00f3l, + csak egy a v\u00e1gyam, * hogy az \u00dar h\u00e1z\u00e1ban lakjam \u00e9letem minden napj\u00e1n, hogy \u00e9lvezhessem az \u00dar \u00f6r\u00f6m\u00e9t, * \u00e9s hogy szeml\u00e9lhessem szent templom\u00e1t. H: Hiszem, hogy megl\u00e1tom az \u00dar javait, * az \u00e9l\u0151k f\u00f6ldj\u00e9n. Vagy: Alleluja. E: Uram, halld meg ki\u00e1lt\u00f3 szavamat, * k\u00f6ny\u00f6r\u00fclj rajtam, \u00e9s hallgass meg engem. Sz\u00edvem r\u00f3lad mondta, * ,,Keress\u00e9tek az \u0151 arc\u00e1t&#8221;. H: Hiszem, hogy megl\u00e1tom az \u00dar javait, * az \u00e9l\u0151k f\u00f6ldj\u00e9n. Vagy: Alleluja. SZENTLECKE\u00a0 (1 P\u00e9t 4, 13-16) \u00a0 Az Egyh\u00e1z \u00fagy indult el, hogy J\u00e9zus m\u0171v\u00e9t... R\u00e9szletek\" \/>\n<meta property=\"og:url\" content=\"https:\/\/stuttgarti-katolikusok.de\/index.php\/husvet-7-vasarnapja\/\" \/>\n<meta property=\"og:site_name\" content=\"Stuttgarti Katolikusok\" \/>\n<meta property=\"article:published_time\" content=\"2023-05-20T10:16:35+00:00\" \/>\n<meta name=\"author\" content=\"Tibor atya\" \/>\n<meta name=\"twitter:card\" content=\"summary_large_image\" \/>\n<meta name=\"twitter:label1\" content=\"Szerz\u0151:\" \/>\n\t<meta name=\"twitter:data1\" content=\"Tibor atya\" \/>\n\t<meta name=\"twitter:label2\" content=\"Becs\u00fclt olvas\u00e1si id\u0151\" \/>\n\t<meta name=\"twitter:data2\" content=\"5 perc\" \/>\n<script type=\"application\/ld+json\" class=\"yoast-schema-graph\">{\"@context\":\"https:\\\/\\\/schema.org\",\"@graph\":[{\"@type\":\"Article\",\"@id\":\"https:\\\/\\\/stuttgarti-katolikusok.de\\\/index.php\\\/husvet-7-vasarnapja\\\/#article\",\"isPartOf\":{\"@id\":\"https:\\\/\\\/stuttgarti-katolikusok.de\\\/index.php\\\/husvet-7-vasarnapja\\\/\"},\"author\":{\"name\":\"Tibor atya\",\"@id\":\"https:\\\/\\\/stuttgarti-katolikusok.de\\\/#\\\/schema\\\/person\\\/75908d6f8fdc03a57889d27209df7795\"},\"headline\":\"H\u00fasv\u00e9t 7. vas\u00e1rnapja\",\"datePublished\":\"2023-05-20T10:16:35+00:00\",\"mainEntityOfPage\":{\"@id\":\"https:\\\/\\\/stuttgarti-katolikusok.de\\\/index.php\\\/husvet-7-vasarnapja\\\/\"},\"wordCount\":1256,\"image\":{\"@id\":\"https:\\\/\\\/stuttgarti-katolikusok.de\\\/index.php\\\/husvet-7-vasarnapja\\\/#primaryimage\"},\"thumbnailUrl\":\"https:\\\/\\\/stuttgarti-katolikusok.de\\\/wp-content\\\/uploads\\\/2022\\\/05\\\/75-jubileum-honlap.bmp\",\"articleSection\":[\"A liturgia olvasm\u00e1nyai\",\"Vas\u00e1rnapi gondolatok\"],\"inLanguage\":\"hu\"},{\"@type\":\"WebPage\",\"@id\":\"https:\\\/\\\/stuttgarti-katolikusok.de\\\/index.php\\\/husvet-7-vasarnapja\\\/\",\"url\":\"https:\\\/\\\/stuttgarti-katolikusok.de\\\/index.php\\\/husvet-7-vasarnapja\\\/\",\"name\":\"H\u00fasv\u00e9t 7. vas\u00e1rnapja - Stuttgarti Katolikusok\",\"isPartOf\":{\"@id\":\"https:\\\/\\\/stuttgarti-katolikusok.de\\\/#website\"},\"primaryImageOfPage\":{\"@id\":\"https:\\\/\\\/stuttgarti-katolikusok.de\\\/index.php\\\/husvet-7-vasarnapja\\\/#primaryimage\"},\"image\":{\"@id\":\"https:\\\/\\\/stuttgarti-katolikusok.de\\\/index.php\\\/husvet-7-vasarnapja\\\/#primaryimage\"},\"thumbnailUrl\":\"https:\\\/\\\/stuttgarti-katolikusok.de\\\/wp-content\\\/uploads\\\/2022\\\/05\\\/75-jubileum-honlap.bmp\",\"datePublished\":\"2023-05-20T10:16:35+00:00\",\"author\":{\"@id\":\"https:\\\/\\\/stuttgarti-katolikusok.de\\\/#\\\/schema\\\/person\\\/75908d6f8fdc03a57889d27209df7795\"},\"breadcrumb\":{\"@id\":\"https:\\\/\\\/stuttgarti-katolikusok.de\\\/index.php\\\/husvet-7-vasarnapja\\\/#breadcrumb\"},\"inLanguage\":\"hu\",\"potentialAction\":[{\"@type\":\"ReadAction\",\"target\":[\"https:\\\/\\\/stuttgarti-katolikusok.de\\\/index.php\\\/husvet-7-vasarnapja\\\/\"]}]},{\"@type\":\"ImageObject\",\"inLanguage\":\"hu\",\"@id\":\"https:\\\/\\\/stuttgarti-katolikusok.de\\\/index.php\\\/husvet-7-vasarnapja\\\/#primaryimage\",\"url\":\"https:\\\/\\\/stuttgarti-katolikusok.de\\\/wp-content\\\/uploads\\\/2022\\\/05\\\/75-jubileum-honlap.bmp\",\"contentUrl\":\"https:\\\/\\\/stuttgarti-katolikusok.de\\\/wp-content\\\/uploads\\\/2022\\\/05\\\/75-jubileum-honlap.bmp\",\"width\":720,\"height\":761},{\"@type\":\"BreadcrumbList\",\"@id\":\"https:\\\/\\\/stuttgarti-katolikusok.de\\\/index.php\\\/husvet-7-vasarnapja\\\/#breadcrumb\",\"itemListElement\":[{\"@type\":\"ListItem\",\"position\":1,\"name\":\"Kezd\u0151lap\",\"item\":\"https:\\\/\\\/stuttgarti-katolikusok.de\\\/\"},{\"@type\":\"ListItem\",\"position\":2,\"name\":\"H\u00fasv\u00e9t 7. vas\u00e1rnapja\"}]},{\"@type\":\"WebSite\",\"@id\":\"https:\\\/\\\/stuttgarti-katolikusok.de\\\/#website\",\"url\":\"https:\\\/\\\/stuttgarti-katolikusok.de\\\/\",\"name\":\"Stuttgarti Katolikusok\",\"description\":\"\",\"potentialAction\":[{\"@type\":\"SearchAction\",\"target\":{\"@type\":\"EntryPoint\",\"urlTemplate\":\"https:\\\/\\\/stuttgarti-katolikusok.de\\\/?s={search_term_string}\"},\"query-input\":{\"@type\":\"PropertyValueSpecification\",\"valueRequired\":true,\"valueName\":\"search_term_string\"}}],\"inLanguage\":\"hu\"},{\"@type\":\"Person\",\"@id\":\"https:\\\/\\\/stuttgarti-katolikusok.de\\\/#\\\/schema\\\/person\\\/75908d6f8fdc03a57889d27209df7795\",\"name\":\"Tibor atya\",\"image\":{\"@type\":\"ImageObject\",\"inLanguage\":\"hu\",\"@id\":\"https:\\\/\\\/secure.gravatar.com\\\/avatar\\\/61d268e57d1f4525b111222e29d2d5a7f8c420fdbf231ba5566a8ceac74fa960?s=96&d=mm&r=g\",\"url\":\"https:\\\/\\\/secure.gravatar.com\\\/avatar\\\/61d268e57d1f4525b111222e29d2d5a7f8c420fdbf231ba5566a8ceac74fa960?s=96&d=mm&r=g\",\"contentUrl\":\"https:\\\/\\\/secure.gravatar.com\\\/avatar\\\/61d268e57d1f4525b111222e29d2d5a7f8c420fdbf231ba5566a8ceac74fa960?s=96&d=mm&r=g\",\"caption\":\"Tibor atya\"},\"url\":\"https:\\\/\\\/stuttgarti-katolikusok.de\\\/index.php\\\/author\\\/tibor-atya\\\/\"}]}<\/script>\n<!-- \/ Yoast SEO plugin. -->","yoast_head_json":{"title":"H\u00fasv\u00e9t 7. vas\u00e1rnapja - Stuttgarti Katolikusok","robots":{"index":"index","follow":"follow","max-snippet":"max-snippet:-1","max-image-preview":"max-image-preview:large","max-video-preview":"max-video-preview:-1"},"canonical":"https:\/\/stuttgarti-katolikusok.de\/index.php\/husvet-7-vasarnapja\/","og_locale":"hu_HU","og_type":"article","og_title":"H\u00fasv\u00e9t 7. vas\u00e1rnapja - Stuttgarti Katolikusok","og_description":"OLVASM\u00c1NY\u00a0 (ApCsel 1, 12-14) J\u00e9zus mennybemenetele ut\u00e1n megkezd\u0151d\u00f6tt az Egyh\u00e1z id\u0151szaka. A fels\u0151 terem, ahol \u00f6sszegy\u0171ltek, bizony\u00e1ra az utols\u00f3 vacsora sz\u00ednhelye volt Az apostolok nev\u00e9nek felsorol\u00f3sa mutatja, hogy J\u00e9zus m\u00e1r szervezett k\u00f6z\u00f6ss\u00e9get hagyott itt s ez volt az Egyh\u00e1z magja De \u00e9let\u00e9nek kibontakoz\u00e1s\u00e1hoz meg kellett v\u00e1rni a Szentl\u00e9lek e j\u00f6vetel\u00e9i s erre im\u00e1ds\u00e1ggal k\u00e9sz\u00fclnek. Az Egyh\u00e1z els\u0151sorban h\u00edv\u0151 Egyh\u00e1z, amely fel\u00fclr\u0151l kapja a term\u00e9szetf\u00f6l\u00f6tti aj\u00e1nd\u00e9kot M\u00e1ria \u00fagy van a k\u00f6z\u00f6ss\u00e9gben, mint J\u00e9zus anyja \u00e9s mint az Egyh\u00e1z anyja. OLVASM\u00c1NY az Apostolok Cselekedeteib\u0151l Egy sz\u00edvvel, egy l\u00e9lekkel, \u00e1llhatatosan im\u00e1dkoztak. Miut\u00e1n ,J\u00e9zus f\u00f6lv\u00e9tetett a mennybe, az apostolok az Olajf\u00e1k-hegy\u00e9r\u0151l, amely Jeruzs\u00e1lemt\u0151l egy szombatnapi j\u00e1r\u00e1sra van, visszat\u00e9rtek Jeruzs\u00e1lembe. Amint meg\u00e9rkeztek, f\u00f6lmentek az emeleti terembe, ahol egy\u00fctt szoktak lenni: P\u00e9ter \u00e9s J\u00e1nos, Jakab \u00e9s Andr\u00e1s, F\u00fcl\u00f6p \u00e9s Tam\u00e1s, Bertalan \u00e9s M\u00e1t\u00e9, Alfeus fia Jakab, a buzg\u00f3 Simon \u00e9s Jakab testv\u00e9re, J\u00fad\u00e1s. Mindannyian egy sz\u00edvvel, egy l\u00e9lekkel, \u00e1llhatatosan im\u00e1dkoztak, az asszonyokkal, M\u00e1ri\u00e1val, J\u00e9zus anyj\u00e1val \u00e9s testv\u00e9reivel egy\u00fctt. Ez az Isten ig\u00e9je. V\u00c1LASZOS ZSOLT\u00c1R (26, 1. 4. 7-8a )\u00a0 \u00a02. t\u00f3nus. V\u00e1lasz: Hiszem, hogy megl\u00e1tom az \u00dar javait, * az \u00e9l\u0151k f\u00f6ldj\u00e9n. 13. vers. Vagy: Alleluja. El\u0151\u00e9nekes: Vil\u00e1goss\u00e1gom \u00e9s \u00fcdv\u00f6ss\u00e9gem az \u00dar, * kit\u0151l f\u00e9ln\u00e9k? \u00c9letem oltalmaz\u00f3ja az \u00dar, * kit\u0151l rettegn\u00e9k? H\u00edvek: Hiszem, hogy megl\u00e1tom az \u00dar javait, * az \u00e9l\u0151k f\u00f6ldj\u00e9n. Vagy: Alleluja. E: Egyet k\u00e9rek az \u00dart\u00f3l, + csak egy a v\u00e1gyam, * hogy az \u00dar h\u00e1z\u00e1ban lakjam \u00e9letem minden napj\u00e1n, hogy \u00e9lvezhessem az \u00dar \u00f6r\u00f6m\u00e9t, * \u00e9s hogy szeml\u00e9lhessem szent templom\u00e1t. H: Hiszem, hogy megl\u00e1tom az \u00dar javait, * az \u00e9l\u0151k f\u00f6ldj\u00e9n. Vagy: Alleluja. E: Uram, halld meg ki\u00e1lt\u00f3 szavamat, * k\u00f6ny\u00f6r\u00fclj rajtam, \u00e9s hallgass meg engem. Sz\u00edvem r\u00f3lad mondta, * ,,Keress\u00e9tek az \u0151 arc\u00e1t&#8221;. H: Hiszem, hogy megl\u00e1tom az \u00dar javait, * az \u00e9l\u0151k f\u00f6ldj\u00e9n. Vagy: Alleluja. SZENTLECKE\u00a0 (1 P\u00e9t 4, 13-16) \u00a0 Az Egyh\u00e1z \u00fagy indult el, hogy J\u00e9zus m\u0171v\u00e9t... R\u00e9szletek","og_url":"https:\/\/stuttgarti-katolikusok.de\/index.php\/husvet-7-vasarnapja\/","og_site_name":"Stuttgarti Katolikusok","article_published_time":"2023-05-20T10:16:35+00:00","author":"Tibor atya","twitter_card":"summary_large_image","twitter_misc":{"Szerz\u0151:":"Tibor atya","Becs\u00fclt olvas\u00e1si id\u0151":"5 perc"},"schema":{"@context":"https:\/\/schema.org","@graph":[{"@type":"Article","@id":"https:\/\/stuttgarti-katolikusok.de\/index.php\/husvet-7-vasarnapja\/#article","isPartOf":{"@id":"https:\/\/stuttgarti-katolikusok.de\/index.php\/husvet-7-vasarnapja\/"},"author":{"name":"Tibor atya","@id":"https:\/\/stuttgarti-katolikusok.de\/#\/schema\/person\/75908d6f8fdc03a57889d27209df7795"},"headline":"H\u00fasv\u00e9t 7. vas\u00e1rnapja","datePublished":"2023-05-20T10:16:35+00:00","mainEntityOfPage":{"@id":"https:\/\/stuttgarti-katolikusok.de\/index.php\/husvet-7-vasarnapja\/"},"wordCount":1256,"image":{"@id":"https:\/\/stuttgarti-katolikusok.de\/index.php\/husvet-7-vasarnapja\/#primaryimage"},"thumbnailUrl":"https:\/\/stuttgarti-katolikusok.de\/wp-content\/uploads\/2022\/05\/75-jubileum-honlap.bmp","articleSection":["A liturgia olvasm\u00e1nyai","Vas\u00e1rnapi gondolatok"],"inLanguage":"hu"},{"@type":"WebPage","@id":"https:\/\/stuttgarti-katolikusok.de\/index.php\/husvet-7-vasarnapja\/","url":"https:\/\/stuttgarti-katolikusok.de\/index.php\/husvet-7-vasarnapja\/","name":"H\u00fasv\u00e9t 7. vas\u00e1rnapja - Stuttgarti Katolikusok","isPartOf":{"@id":"https:\/\/stuttgarti-katolikusok.de\/#website"},"primaryImageOfPage":{"@id":"https:\/\/stuttgarti-katolikusok.de\/index.php\/husvet-7-vasarnapja\/#primaryimage"},"image":{"@id":"https:\/\/stuttgarti-katolikusok.de\/index.php\/husvet-7-vasarnapja\/#primaryimage"},"thumbnailUrl":"https:\/\/stuttgarti-katolikusok.de\/wp-content\/uploads\/2022\/05\/75-jubileum-honlap.bmp","datePublished":"2023-05-20T10:16:35+00:00","author":{"@id":"https:\/\/stuttgarti-katolikusok.de\/#\/schema\/person\/75908d6f8fdc03a57889d27209df7795"},"breadcrumb":{"@id":"https:\/\/stuttgarti-katolikusok.de\/index.php\/husvet-7-vasarnapja\/#breadcrumb"},"inLanguage":"hu","potentialAction":[{"@type":"ReadAction","target":["https:\/\/stuttgarti-katolikusok.de\/index.php\/husvet-7-vasarnapja\/"]}]},{"@type":"ImageObject","inLanguage":"hu","@id":"https:\/\/stuttgarti-katolikusok.de\/index.php\/husvet-7-vasarnapja\/#primaryimage","url":"https:\/\/stuttgarti-katolikusok.de\/wp-content\/uploads\/2022\/05\/75-jubileum-honlap.bmp","contentUrl":"https:\/\/stuttgarti-katolikusok.de\/wp-content\/uploads\/2022\/05\/75-jubileum-honlap.bmp","width":720,"height":761},{"@type":"BreadcrumbList","@id":"https:\/\/stuttgarti-katolikusok.de\/index.php\/husvet-7-vasarnapja\/#breadcrumb","itemListElement":[{"@type":"ListItem","position":1,"name":"Kezd\u0151lap","item":"https:\/\/stuttgarti-katolikusok.de\/"},{"@type":"ListItem","position":2,"name":"H\u00fasv\u00e9t 7. vas\u00e1rnapja"}]},{"@type":"WebSite","@id":"https:\/\/stuttgarti-katolikusok.de\/#website","url":"https:\/\/stuttgarti-katolikusok.de\/","name":"Stuttgarti Katolikusok","description":"","potentialAction":[{"@type":"SearchAction","target":{"@type":"EntryPoint","urlTemplate":"https:\/\/stuttgarti-katolikusok.de\/?s={search_term_string}"},"query-input":{"@type":"PropertyValueSpecification","valueRequired":true,"valueName":"search_term_string"}}],"inLanguage":"hu"},{"@type":"Person","@id":"https:\/\/stuttgarti-katolikusok.de\/#\/schema\/person\/75908d6f8fdc03a57889d27209df7795","name":"Tibor atya","image":{"@type":"ImageObject","inLanguage":"hu","@id":"https:\/\/secure.gravatar.com\/avatar\/61d268e57d1f4525b111222e29d2d5a7f8c420fdbf231ba5566a8ceac74fa960?s=96&d=mm&r=g","url":"https:\/\/secure.gravatar.com\/avatar\/61d268e57d1f4525b111222e29d2d5a7f8c420fdbf231ba5566a8ceac74fa960?s=96&d=mm&r=g","contentUrl":"https:\/\/secure.gravatar.com\/avatar\/61d268e57d1f4525b111222e29d2d5a7f8c420fdbf231ba5566a8ceac74fa960?s=96&d=mm&r=g","caption":"Tibor atya"},"url":"https:\/\/stuttgarti-katolikusok.de\/index.php\/author\/tibor-atya\/"}]}},"_links":{"self":[{"href":"https:\/\/stuttgarti-katolikusok.de\/index.php\/wp-json\/wp\/v2\/posts\/26855","targetHints":{"allow":["GET"]}}],"collection":[{"href":"https:\/\/stuttgarti-katolikusok.de\/index.php\/wp-json\/wp\/v2\/posts"}],"about":[{"href":"https:\/\/stuttgarti-katolikusok.de\/index.php\/wp-json\/wp\/v2\/types\/post"}],"author":[{"embeddable":true,"href":"https:\/\/stuttgarti-katolikusok.de\/index.php\/wp-json\/wp\/v2\/users\/3"}],"replies":[{"embeddable":true,"href":"https:\/\/stuttgarti-katolikusok.de\/index.php\/wp-json\/wp\/v2\/comments?post=26855"}],"version-history":[{"count":1,"href":"https:\/\/stuttgarti-katolikusok.de\/index.php\/wp-json\/wp\/v2\/posts\/26855\/revisions"}],"predecessor-version":[{"id":26856,"href":"https:\/\/stuttgarti-katolikusok.de\/index.php\/wp-json\/wp\/v2\/posts\/26855\/revisions\/26856"}],"wp:featuredmedia":[{"embeddable":true,"href":"https:\/\/stuttgarti-katolikusok.de\/index.php\/wp-json\/wp\/v2\/media\/23292"}],"wp:attachment":[{"href":"https:\/\/stuttgarti-katolikusok.de\/index.php\/wp-json\/wp\/v2\/media?parent=26855"}],"wp:term":[{"taxonomy":"category","embeddable":true,"href":"https:\/\/stuttgarti-katolikusok.de\/index.php\/wp-json\/wp\/v2\/categories?post=26855"},{"taxonomy":"post_tag","embeddable":true,"href":"https:\/\/stuttgarti-katolikusok.de\/index.php\/wp-json\/wp\/v2\/tags?post=26855"}],"curies":[{"name":"wp","href":"https:\/\/api.w.org\/{rel}","templated":true}]}}