{"id":26847,"date":"2023-05-18T00:12:43","date_gmt":"2023-05-17T22:12:43","guid":{"rendered":"https:\/\/stuttgarti-katolikusok.de\/?p=26847"},"modified":"2023-05-18T00:12:43","modified_gmt":"2023-05-17T22:12:43","slug":"urunk-mennybemenetele-2","status":"publish","type":"post","link":"https:\/\/stuttgarti-katolikusok.de\/index.php\/urunk-mennybemenetele-2\/","title":{"rendered":"Urunk mennybemenetele"},"content":{"rendered":"<p><span style=\"color: #ff0000;\">Kezd\u0151\u00e9nek:<\/span><br \/>\nGalileai f\u00e9rfiak! Mit n\u00e9ztek csod\u00e1lkozva az \u00e9gre? Ahogyan szemetek l\u00e1tt\u00e1ra J\u00e9zus a mennybe ment, \u00fagy j\u00f6n el egykor ism\u00e9t, alleluja. (ApCsel 1,11)<\/p>\n<p><span style=\"color: #ff0000;\">K\u00f6ny\u00f6rg\u00e9s:<\/span><br \/>\nMindenhat\u00f3 Isten\u00fcnk, hadd ujjongjunk szent \u00f6r\u00f6mmel \u00e9s hadd vigadjunk gyermeki h\u00e1laad\u00e1ssal, mert szent Fiadnak, Krisztusnak mennybemenetele a mi f\u00f6lemelked\u00e9s\u00fcnk: ahov\u00e1 ugyanis a F\u0151 eljutott dics\u0151s\u00e9gben, oda kapott megh\u00edv\u00e1st az eg\u00e9sz test, az Egyh\u00e1z, rem\u00e9nys\u00e9gben. A mi Urunk, J\u00e9zus Krisztus, a te Fiad \u00e1ltal, aki veled \u00e9l \u00e9s uralkodik a Szentl\u00e9lekkel egys\u00e9gben, Isten mind\u00f6r\u00f6kk\u00f6n \u00f6r\u00f6kk\u00e9.<\/p>\n<p align=\"justify\"><span style=\"color: #ff0000;\">OLVASM\u00c1NY az Apostolok Cselekedeteib\u0151l (ApCsel 1,1-11)<\/span><br \/>\n<em>A szem\u00fck l\u00e1tt\u00e1ra f\u00f6lemelkedett.<\/em><br \/>\nEls\u0151 k\u00f6nyvemben, kedves Teofil, elbesz\u00e9ltem, mi mindent tett \u00e9s tan\u00edtott J\u00e9zus eg\u00e9szen addig a napig, amelyen megb\u00edz\u00e1st adott a Szentl\u00e9lek \u00e1ltal kiv\u00e1lasztott apostoloknak, \u00e9s f\u00f6lv\u00e9tetett a mennybe. Szenved\u00e9se ut\u00e1n sokf\u00e9lek\u00e9ppen bebizony\u00edtotta, hogy \u00e9l: negyven napon \u00e1t ism\u00e9telten megjelent nekik, \u00e9s besz\u00e9lt az Isten orsz\u00e1g\u00e1r\u00f3l.<br \/>\nAmikor egy alkalommal egy\u00fctt \u00e9tkezett vel\u00fck, megparancsolta nekik, hogy ne hagyj\u00e1k el Jeruzs\u00e1lemet, hanem v\u00e1rjanak az Atya \u00edg\u00e9ret\u00e9re, amelyr\u0151l, mint mondta, t\u0151lem hallottatok: ,J\u00e1nos csak v\u00edzzel keresztelt, de ti n\u00e9h\u00e1ny nap m\u00falva a Szentl\u00e9lekkel fogtok megkeresztelkedni.\u201d Az egybegy\u0171ltek erre megk\u00e9rdezt\u00e9k: \u201eUram, most fogod helyre\u00e1ll\u00edtani Izrael orsz\u00e1g\u00e1t?\u201d \u0150 azt felelte: \u201eNem a ti dolgotok, hogy ismerj\u00e9tek az id\u0151pontokat \u00e9s az alkalmakat. Ezeket az Atya szabta meg a saj\u00e1t tetsz\u00e9se szerint. De amikor lesz\u00e1ll r\u00e1tok a Szentl\u00e9lek, er\u0151 t\u00f6lt el benneteket, \u00e9s tan\u00faim lesztek Jeruzs\u00e1lemben, eg\u00e9sz J\u00fade\u00e1ban \u00e9s Szamari\u00e1ban, s\u0151t eg\u00e9szen a f\u00f6ld v\u00e9gs\u0151 hat\u00e1r\u00e1ig.\u201d Miut\u00e1n ezeket elmondta, a szem\u00fck l\u00e1tt\u00e1ra f\u00f6lemelkedett, \u00e9s egy felh\u0151 elfedte, \u00fagy hogy tov\u00e1bb m\u00e1r nem l\u00e1thatt\u00e1k.<br \/>\nMik\u00f6zben fesz\u00fclten figyelt\u00e9k, hogyan emelkedik az \u00e9gbe, egyszerre k\u00e9t f\u00e9rfi \u00e1llt meg mellett\u00fck feh\u00e9r ruh\u00e1ba \u00f6lt\u00f6zve, \u00e9s megsz\u00f3l\u00edtotta \u0151ket: \u201eGalileai f\u00e9rfiak! Mi\u00e9rt \u00e1lltok itt \u00e9gre emelt tekintettel? Ez a J\u00e9zus, aki k\u00f6z\u00fcletek az \u00e9gbe emelkedett, \u00fagy j\u00f6n el ism\u00e9t, ahogyan most szemetek l\u00e1tt\u00e1ra a mennybe ment.\u201d<br \/>\nEz az Isten ig\u00e9je.<\/p>\n<p align=\"justify\">\n<span style=\"color: #ff0000;\">V\u00c1LASZOS ZSOLT\u00c1R (Zsolt 46,2-3.6-7.8-9)<\/span><br \/>\nV\u00e1lasz:\u00a0<strong>Ujjong\u00e1s k\u00f6zt ment f\u00f6l Isten, * az \u00dar \u00e9gbe emelkedett harsonasz\u00f3val.<\/strong>\u00a05. t\u00f3nus.<br \/>\nVagy:\u00a0<strong>Alleluja.<\/strong>\u00a05. sz\u00e1m.<br \/>\nEl\u0151\u00e9nekes: Tapsoljatok, nemzetek, mindny\u00e1jan, * ujjongjatok Istennek dics\u00e9r\u0151 sz\u00f3val.<br \/>\nMert f\u00e9lelmetes az \u00dar, a f\u00f6ls\u00e9ges Isten, * nagy kir\u00e1ly az eg\u00e9sz f\u00f6ld\u00f6n.<br \/>\nH\u00edvek: Ujjong\u00e1s k\u00f6zt ment f\u00f6l Isten, * az \u00dar \u00e9gbe emelkedett harsonasz\u00f3val.<br \/>\nVagy: Alleluja.<br \/>\nE: Ujjong\u00e1s k\u00f6zt ment f\u00f6l Isten, * az \u00dar \u00e9gbe emelkedett harsonasz\u00f3val.<br \/>\nZengjetek dalt Isten\u00fcnknek, zengjetek, * zengjetek dalt kir\u00e1lyunknak, zsolt\u00e1rt zengjetek!<br \/>\nH: Ujjong\u00e1s k\u00f6zt ment f\u00f6l Isten, * az \u00dar \u00e9gbe emelkedett harsonasz\u00f3val.<br \/>\nVagy: Alleluja.<br \/>\nE: Mivel Isten az eg\u00e9sz f\u00f6ld kir\u00e1lya, * b\u00f6lcsess\u00e9ggel neki \u00e9neket zengjetek.<br \/>\nIsten orsz\u00e1gol a nemzetek f\u00f6l\u00f6tt, * szent tr\u00f3nus\u00e1n \u00fcl az Isten.<br \/>\nH: Ujjong\u00e1s k\u00f6zt ment f\u00f6l Isten, * az \u00dar \u00e9gbe emelkedett harsonasz\u00f3val.<br \/>\nVagy: Alleluja.<\/p>\n<p align=\"justify\"><span style=\"color: #ff0000;\">SZENTLECKE Szent P\u00e1l apostolnak az efezusiakhoz \u00edrt level\u00e9b\u0151l (Ef 1,17-23)<\/span><br \/>\n<em>Isten J\u00e9zus Krisztust a mennyben jobbj\u00e1ra \u00fcltette.<\/em><br \/>\nTestv\u00e9reim!<br \/>\nUrunk, J\u00e9zus Krisztus Istene, a dics\u0151s\u00e9g Atyja adja meg nektek a b\u00f6lcsess\u00e9g \u00e9s kinyilatkoztat\u00e1s lelk\u00e9t, hogy megismerj\u00e9tek \u0151t! Gy\u00fajtson vil\u00e1goss\u00e1got lelketekben, hogy meg\u00e9rts\u00e9tek: milyen rem\u00e9nyre h\u00edvott meg titeket, milyen gazdag az a fens\u00e9ges \u00f6r\u00f6ks\u00e9g, amelyet \u0151 a szenteknek sz\u00e1n, \u00e9s milyen m\u00e9rhetetlen\u00fcl nagy az \u0151 hatalma mirajtunk, h\u00edv\u0151k\u00f6n. Nagyszer\u0171 erej\u00e9t Krisztusban mutatta meg, amikor a hal\u00e1lb\u00f3l felt\u00e1masztotta \u0151t, \u00e9s a mennyben jobbj\u00e1ra \u00fcltette. F\u00f6l\u00e9 emelte minden fejedelems\u00e9gnek, hatalomnak, er\u0151nek \u00e9s uralomnak, s minden n\u00e9ven nevezend\u0151 m\u00e9lt\u00f3s\u00e1gnak, nemcsak ezen a vil\u00e1gon, hanem az elj\u00f6vend\u0151ben is.<br \/>\nMindent l\u00e1ba al\u00e1 vetett, \u0151t mag\u00e1t pedig az eg\u00e9sz Egyh\u00e1z fej\u00e9v\u00e9 tette: ez az \u0151 teste, \u00e9s teljess\u00e9ge annak, aki mindent mindenben bet\u00f6lt.<br \/>\nEz az Isten ig\u00e9je.<\/p>\n<p align=\"justify\"><span style=\"color: #ff0000;\">ALLELUJA<\/span><br \/>\nJ\u00e9zus mondja: \u2020 Menjetek, tegyetek tan\u00edtv\u00e1nyomm\u00e1 minden n\u00e9pet! \u00c9n veletek vagyok a vil\u00e1g v\u00e9g\u00e9ig. Mt 28,19a.20b \u2013 5. t\u00f3nus.<\/p>\n<p align=\"justify\"><span style=\"color: #ff0000;\">\u2020 EVANG\u00c9LIUM Szent M\u00e1t\u00e9 k\u00f6nyv\u00e9b\u0151l (Mt 28,16-20)<\/span><br \/>\n<em>\u00c9n kaptam meg minden hatalmat az \u00e9gen \u00e9s a f\u00f6ld\u00f6n.<\/em><br \/>\nAbban az id\u0151ben:<br \/>\nA tizenegy tan\u00edtv\u00e1ny elment Galile\u00e1ba, fel arra a hegyre, ahova J\u00e9zus rendelte \u0151ket. Amikor megl\u00e1tt\u00e1k \u0151t, leborultak el\u0151tte a f\u00f6ldre. Egyesek azonban m\u00e9g mindig k\u00e9telkedtek. J\u00e9zus odament hozz\u00e1juk, \u00e9s ezt mondta nekik: \u201e\u00c9n kaptam meg minden hatalmat az \u00e9gen \u00e9s a f\u00f6ld\u00f6n. Ez\u00e9rt most menjetek el, \u00e9s tegyetek tan\u00edtv\u00e1nyomm\u00e1 minden nemzetet! Keresztelj\u00e9tek meg \u0151ket az Atya, a Fi\u00fa \u00e9s a Szentl\u00e9lek nev\u00e9ben! Tan\u00edts\u00e1tok meg \u0151ket mindannak megtart\u00e1s\u00e1ra, amit parancsoltam nektek! \u00c9s \u00edme, \u00e9n veletek vagyok mindennap a vil\u00e1g v\u00e9g\u00e9ig!\u201d<br \/>\nEzek az evang\u00e9lium ig\u00e9i.<\/p>\n<p><span style=\"color: #ff0000;\">EGYETEMES K\u00d6NY\u00d6RG\u00c9SEK<\/span><br \/>\nPap: Forduljunk, testv\u00e9reim, \u00f6rvendez\u0151 l\u00e9lekkel Isten\u00fcnkh\u00f6z, mert a mi Urunk felment a mennybe, elfoglalta tr\u00f3nj\u00e1t Atyj\u00e1nak jobbj\u00e1n, mi pedig v\u00e1rva v\u00e1rjuk dics\u0151s\u00e9ges elj\u00f6vetel\u00e9t!<br \/>\nLektor: 1. K\u00f6ny\u00f6r\u00f6gj\u00fcnk Isten szent Egyh\u00e1z\u00e1\u00e9rt, hogy a vil\u00e1gban tan\u00fas\u00e1got tegyen Urunkr\u00f3l, J\u00e9zus Krisztusr\u00f3l!<br \/>\nH\u00edvek: K\u00e9r\u00fcnk T\u00e9ged, hallgass meg minket!<br \/>\n2. K\u00f6ny\u00f6r\u00f6gj\u00fcnk az Egyh\u00e1z el\u00f6lj\u00e1r\u00f3i\u00e9rt, hogy az \u00edt\u00e9let napj\u00e1n \u00f6r\u00f6mmel adhassanak sz\u00e1mot a mi lelk\u00fcnkr\u0151l!<br \/>\nH\u00edvek: K\u00e9r\u00fcnk T\u00e9ged, hallgass meg minket!<br \/>\n3. K\u00f6ny\u00f6r\u00f6gj\u00fcnk a n\u00e9pek vezet\u0151i\u00e9rt, hogy igazs\u00e1goss\u00e1gban \u00e9s szeretetben, b\u00e9k\u00e9ben \u00e9s szabads\u00e1gban korm\u00e1nyozz\u00e1k a n\u00e9peket!<br \/>\nH\u00edvek: K\u00e9r\u00fcnk T\u00e9ged, hallgass meg minket!<br \/>\n4. K\u00f6ny\u00f6r\u00f6gj\u00fcnk az Egyh\u00e1z tagjai\u00e9rt, hogy Urunk mennybemenetele adjon er\u0151t nekik a k\u00eds\u00e9rt\u00e9sekben, \u00e9s h\u0171s\u00e9gesnek tal\u00e1ltassanak!<br \/>\nH\u00edvek: K\u00e9r\u00fcnk T\u00e9ged, hallgass meg minket!<br \/>\n5. K\u00f6ny\u00f6r\u00f6gj\u00fcnk egyh\u00e1zk\u00f6zs\u00e9g\u00fcnk\u00e9rt, hogy egykor mindny\u00e1jan egy\u00fctt lehess\u00fcnk Krisztusnak \u00e9s az \u0151 szentjeinek dics\u0151s\u00e9g\u00e9ben!<br \/>\nH\u00edvek: K\u00e9r\u00fcnk T\u00e9ged, hallgass meg minket!<br \/>\nPap: Urunk, Isten\u00fcnk! Seg\u00edts, hogy mindig h\u00edven szolg\u00e1ljunk Szent F\u00f6ls\u00e9gednek, el ne vesz\u00edts\u00fck kegyelmed aj\u00e1nd\u00e9kait, \u00e9s \u00edgy folytonosan vel\u00fcnk maradj a f\u00f6ld\u00f6n, m\u00edg egykor eljutunk hozz\u00e1d a mennyei dics\u0151s\u00e9gbe. Krisztus, a mi Urunk \u00e1ltal.<br \/>\nH\u00edvek: \u00c1men.<\/p>\n<p><span style=\"color: #ff0000;\">Felaj\u00e1nl\u00f3 k\u00f6ny\u00f6rg\u00e9s:<\/span><br \/>\nIsten\u00fcnk, h\u00e1la\u00e1ldozatot mutatunk be neked Fiad mennybemenetel\u00e9nek \u00fcnnep\u00e9n. Al\u00e1zattal k\u00e9r\u00fcnk, viszonz\u00e1sul add, hogy szents\u00e9gi aj\u00e1nd\u00e9kaid mennyei \u00e9letre keltsenek minket. Krisztus, a mi Urunk \u00e1ltal.<\/p>\n<p><span style=\"color: #ff0000;\">Pref\u00e1ci\u00f3:<\/span><br \/>\n<em><span style=\"color: #ff0000;\">URUNK MENNYBEMENETEL\u00c9R\u0150L I.<\/span><br \/>\nA mennybemenetel miszt\u00e9riuma<br \/>\nA k\u00f6vetkez\u0151 pref\u00e1ci\u00f3t Urunk mennybemenetel\u00e9nek napj\u00e1n mondjuk; mondhat\u00f3 Urunk mennybemenetele ut\u00e1ni napokon p\u00fcnk\u00f6sd el\u0151tti szombatig azokban a mis\u00e9kben, amelyeknek nincs saj\u00e1t pref\u00e1ci\u00f3juk.<\/em><\/p>\n<p>Az \u00dar legyen veletek.<br \/>\nH.: \u00c9s a te lelkeddel.<br \/>\nEmelj\u00fck f\u00f6l sz\u00edv\u00fcnket.<br \/>\nH.: F\u00f6lemelt\u00fck az \u00darhoz.<br \/>\nAdjunk h\u00e1l\u00e1t Urunknak, Isten\u00fcnknek.<br \/>\nH.: M\u00e9lt\u00f3 \u00e9s igazs\u00e1gos.<br \/>\n(Mert) Val\u00f3ban m\u00e9lt\u00f3 \u00e9s igazs\u00e1gos, ill\u0151 \u00e9s \u00fcdv\u00f6s, hogy mindig \u00e9s minden\u00fctt h\u00e1l\u00e1t adjunk n\u00e9ked, \u2013 mi Urunk, szents\u00e9ges ATy\u00e1nk, mindenhat\u00f3, \u00f6r\u00f6k Isten:<br \/>\nMert Urunk J\u00e9zus, dics\u0151s\u00e9ges kir\u00e1lyunk a b\u0171nt \u00e9s a hal\u00e1lt legy\u0151zte, \u00e9s az angyalok csod\u00e1lat\u00e1ra (a mai napon) f\u00f6lment a mennybe, hogy Istenn\u00e9l \u00e9rt\u00fcnk, emberek\u00e9rt k\u00f6zbenj\u00e1rjon \u2013 \u00edt\u00e9lje a VIl\u00e1got, \u00e9s uralkodj\u00e9k rajta. \u0150 nem az\u00e9rt t\u00e1vozott, hogy mag\u00e1ra hagyja az esend\u0151 embert, s\u0151t rem\u00e9nys\u00e9ggel t\u00f6lt el minket, titokzatos test\u00e9nek tagjait, \u2013 hogy k\u00f6vethetj\u00fck a MENNYbe, ahov\u00e1 mint az Egyh\u00e1z feje \u00e9s az \u00e9let szerz\u0151je \u00e9rkezett.<br \/>\nA h\u00fasv\u00e9ti \u00f6r\u00f6m ez\u00e9rt ki\u00e1rad az eg\u00e9sz f\u00f6ldre, a nagyvil\u00e1g \u00f6rvendezve ujjong, a mennyei er\u0151k \u00e9s a hatalmas angyalok, \u2013 (a te) dics\u0151s\u00e9ged himnusz\u00e1t ZENgik, \u00e9s v\u00e9g n\u00e9lk\u00fcl mondj\u00e1k: (\u00e9neklik:)<\/p>\n<p><span style=\"color: #ff0000;\">\u00c1ldoz\u00e1si \u00e9nek:<\/span><br \/>\n\u00cdme, \u00e9n veletek vagyok mindennap, a vil\u00e1g v\u00e9g\u00e9ig, alleluja. (Mt 28,20)<\/p>\n<p><span style=\"color: #ff0000;\">\u00c1ldoz\u00e1s ut\u00e1ni k\u00f6ny\u00f6rg\u00e9s:<\/span><br \/>\nMindenhat\u00f3, \u00f6r\u00f6k Isten, te minket m\u00e1r a f\u00f6ld\u00f6n mennyei eledellel t\u00e1pl\u00e1lsz. Add, hogy \u00e1ldozatos buzg\u00f3s\u00e1ggal t\u00f6rekedj\u00fcnk a mennybe, ahov\u00e1 m\u00e1r f\u00f6lvetted emberi term\u00e9szet\u00fcnket. Krisztus, a mi Urunk \u00e1ltal.<\/p>\n","protected":false},"excerpt":{"rendered":"<p>Kezd\u0151\u00e9nek: Galileai f\u00e9rfiak! Mit n\u00e9ztek csod\u00e1lkozva az \u00e9gre? Ahogyan szemetek l\u00e1tt\u00e1ra J\u00e9zus a mennybe ment, \u00fagy j\u00f6n el egykor ism\u00e9t, alleluja. (ApCsel 1,11) K\u00f6ny\u00f6rg\u00e9s: Mindenhat\u00f3 Isten\u00fcnk, hadd ujjongjunk szent \u00f6r\u00f6mmel \u00e9s hadd vigadjunk gyermeki h\u00e1laad\u00e1ssal, mert szent Fiadnak, Krisztusnak mennybemenetele a mi f\u00f6lemelked\u00e9s\u00fcnk: ahov\u00e1 ugyanis a F\u0151 eljutott dics\u0151s\u00e9gben, oda kapott megh\u00edv\u00e1st az eg\u00e9sz test, az Egyh\u00e1z, rem\u00e9nys\u00e9gben. A mi Urunk, J\u00e9zus Krisztus, a te Fiad \u00e1ltal, aki veled \u00e9l \u00e9s uralkodik a Szentl\u00e9lekkel egys\u00e9gben, Isten mind\u00f6r\u00f6kk\u00f6n \u00f6r\u00f6kk\u00e9. OLVASM\u00c1NY az Apostolok Cselekedeteib\u0151l (ApCsel 1,1-11) A szem\u00fck l\u00e1tt\u00e1ra f\u00f6lemelkedett. Els\u0151 k\u00f6nyvemben, kedves Teofil, elbesz\u00e9ltem, mi mindent tett \u00e9s tan\u00edtott J\u00e9zus eg\u00e9szen addig a napig, amelyen megb\u00edz\u00e1st adott a Szentl\u00e9lek \u00e1ltal kiv\u00e1lasztott apostoloknak, \u00e9s f\u00f6lv\u00e9tetett a mennybe. Szenved\u00e9se ut\u00e1n sokf\u00e9lek\u00e9ppen bebizony\u00edtotta, hogy \u00e9l: negyven napon \u00e1t ism\u00e9telten megjelent nekik, \u00e9s besz\u00e9lt az Isten orsz\u00e1g\u00e1r\u00f3l. Amikor egy alkalommal egy\u00fctt \u00e9tkezett vel\u00fck, megparancsolta nekik, hogy ne hagyj\u00e1k el Jeruzs\u00e1lemet, hanem v\u00e1rjanak az Atya \u00edg\u00e9ret\u00e9re, amelyr\u0151l, mint mondta, t\u0151lem hallottatok: ,J\u00e1nos csak v\u00edzzel keresztelt, de ti n\u00e9h\u00e1ny nap m\u00falva a Szentl\u00e9lekkel fogtok megkeresztelkedni.\u201d Az egybegy\u0171ltek erre megk\u00e9rdezt\u00e9k: \u201eUram, most fogod helyre\u00e1ll\u00edtani Izrael orsz\u00e1g\u00e1t?\u201d \u0150 azt felelte: \u201eNem a ti dolgotok, hogy ismerj\u00e9tek az id\u0151pontokat \u00e9s az alkalmakat. Ezeket az Atya szabta meg a saj\u00e1t tetsz\u00e9se szerint. De amikor lesz\u00e1ll r\u00e1tok a Szentl\u00e9lek, er\u0151 t\u00f6lt el benneteket, \u00e9s tan\u00faim lesztek Jeruzs\u00e1lemben, eg\u00e9sz J\u00fade\u00e1ban \u00e9s Szamari\u00e1ban, s\u0151t eg\u00e9szen a f\u00f6ld v\u00e9gs\u0151 hat\u00e1r\u00e1ig.\u201d Miut\u00e1n ezeket elmondta, a szem\u00fck l\u00e1tt\u00e1ra f\u00f6lemelkedett, \u00e9s egy felh\u0151 elfedte, \u00fagy hogy tov\u00e1bb m\u00e1r nem l\u00e1thatt\u00e1k. Mik\u00f6zben fesz\u00fclten figyelt\u00e9k, hogyan emelkedik az \u00e9gbe, egyszerre k\u00e9t f\u00e9rfi \u00e1llt meg mellett\u00fck feh\u00e9r ruh\u00e1ba \u00f6lt\u00f6zve, \u00e9s megsz\u00f3l\u00edtotta \u0151ket: \u201eGalileai f\u00e9rfiak! Mi\u00e9rt \u00e1lltok itt \u00e9gre emelt tekintettel? Ez a J\u00e9zus, aki k\u00f6z\u00fcletek az \u00e9gbe emelkedett, \u00fagy j\u00f6n el ism\u00e9t, ahogyan most szemetek l\u00e1tt\u00e1ra a mennybe ment.\u201d Ez az Isten ig\u00e9je. V\u00c1LASZOS ZSOLT\u00c1R (Zsolt 46,2-3.6-7.8-9) V\u00e1lasz:\u00a0Ujjong\u00e1s k\u00f6zt ment f\u00f6l&#8230; <\/p>\n<p><a class=\"readmore\" href=\"https:\/\/stuttgarti-katolikusok.de\/index.php\/urunk-mennybemenetele-2\/\">R\u00e9szletek<\/a><\/p>\n","protected":false},"author":3,"featured_media":21851,"comment_status":"closed","ping_status":"closed","sticky":false,"template":"","format":"standard","meta":{"footnotes":""},"categories":[85],"tags":[],"class_list":["post-26847","post","type-post","status-publish","format-standard","has-post-thumbnail","hentry","category-a-liturgia-olvasmanyai"],"yoast_head":"<!-- This site is optimized with the Yoast SEO plugin v27.3 - https:\/\/yoast.com\/product\/yoast-seo-wordpress\/ -->\n<title>Urunk mennybemenetele - Stuttgarti Katolikusok<\/title>\n<meta name=\"robots\" content=\"index, follow, max-snippet:-1, max-image-preview:large, max-video-preview:-1\" \/>\n<link rel=\"canonical\" href=\"https:\/\/stuttgarti-katolikusok.de\/index.php\/urunk-mennybemenetele-2\/\" \/>\n<meta property=\"og:locale\" content=\"hu_HU\" \/>\n<meta property=\"og:type\" content=\"article\" \/>\n<meta property=\"og:title\" content=\"Urunk mennybemenetele - Stuttgarti Katolikusok\" \/>\n<meta property=\"og:description\" content=\"Kezd\u0151\u00e9nek: Galileai f\u00e9rfiak! Mit n\u00e9ztek csod\u00e1lkozva az \u00e9gre? Ahogyan szemetek l\u00e1tt\u00e1ra J\u00e9zus a mennybe ment, \u00fagy j\u00f6n el egykor ism\u00e9t, alleluja. (ApCsel 1,11) K\u00f6ny\u00f6rg\u00e9s: Mindenhat\u00f3 Isten\u00fcnk, hadd ujjongjunk szent \u00f6r\u00f6mmel \u00e9s hadd vigadjunk gyermeki h\u00e1laad\u00e1ssal, mert szent Fiadnak, Krisztusnak mennybemenetele a mi f\u00f6lemelked\u00e9s\u00fcnk: ahov\u00e1 ugyanis a F\u0151 eljutott dics\u0151s\u00e9gben, oda kapott megh\u00edv\u00e1st az eg\u00e9sz test, az Egyh\u00e1z, rem\u00e9nys\u00e9gben. A mi Urunk, J\u00e9zus Krisztus, a te Fiad \u00e1ltal, aki veled \u00e9l \u00e9s uralkodik a Szentl\u00e9lekkel egys\u00e9gben, Isten mind\u00f6r\u00f6kk\u00f6n \u00f6r\u00f6kk\u00e9. OLVASM\u00c1NY az Apostolok Cselekedeteib\u0151l (ApCsel 1,1-11) A szem\u00fck l\u00e1tt\u00e1ra f\u00f6lemelkedett. Els\u0151 k\u00f6nyvemben, kedves Teofil, elbesz\u00e9ltem, mi mindent tett \u00e9s tan\u00edtott J\u00e9zus eg\u00e9szen addig a napig, amelyen megb\u00edz\u00e1st adott a Szentl\u00e9lek \u00e1ltal kiv\u00e1lasztott apostoloknak, \u00e9s f\u00f6lv\u00e9tetett a mennybe. Szenved\u00e9se ut\u00e1n sokf\u00e9lek\u00e9ppen bebizony\u00edtotta, hogy \u00e9l: negyven napon \u00e1t ism\u00e9telten megjelent nekik, \u00e9s besz\u00e9lt az Isten orsz\u00e1g\u00e1r\u00f3l. Amikor egy alkalommal egy\u00fctt \u00e9tkezett vel\u00fck, megparancsolta nekik, hogy ne hagyj\u00e1k el Jeruzs\u00e1lemet, hanem v\u00e1rjanak az Atya \u00edg\u00e9ret\u00e9re, amelyr\u0151l, mint mondta, t\u0151lem hallottatok: ,J\u00e1nos csak v\u00edzzel keresztelt, de ti n\u00e9h\u00e1ny nap m\u00falva a Szentl\u00e9lekkel fogtok megkeresztelkedni.\u201d Az egybegy\u0171ltek erre megk\u00e9rdezt\u00e9k: \u201eUram, most fogod helyre\u00e1ll\u00edtani Izrael orsz\u00e1g\u00e1t?\u201d \u0150 azt felelte: \u201eNem a ti dolgotok, hogy ismerj\u00e9tek az id\u0151pontokat \u00e9s az alkalmakat. Ezeket az Atya szabta meg a saj\u00e1t tetsz\u00e9se szerint. De amikor lesz\u00e1ll r\u00e1tok a Szentl\u00e9lek, er\u0151 t\u00f6lt el benneteket, \u00e9s tan\u00faim lesztek Jeruzs\u00e1lemben, eg\u00e9sz J\u00fade\u00e1ban \u00e9s Szamari\u00e1ban, s\u0151t eg\u00e9szen a f\u00f6ld v\u00e9gs\u0151 hat\u00e1r\u00e1ig.\u201d Miut\u00e1n ezeket elmondta, a szem\u00fck l\u00e1tt\u00e1ra f\u00f6lemelkedett, \u00e9s egy felh\u0151 elfedte, \u00fagy hogy tov\u00e1bb m\u00e1r nem l\u00e1thatt\u00e1k. Mik\u00f6zben fesz\u00fclten figyelt\u00e9k, hogyan emelkedik az \u00e9gbe, egyszerre k\u00e9t f\u00e9rfi \u00e1llt meg mellett\u00fck feh\u00e9r ruh\u00e1ba \u00f6lt\u00f6zve, \u00e9s megsz\u00f3l\u00edtotta \u0151ket: \u201eGalileai f\u00e9rfiak! Mi\u00e9rt \u00e1lltok itt \u00e9gre emelt tekintettel? Ez a J\u00e9zus, aki k\u00f6z\u00fcletek az \u00e9gbe emelkedett, \u00fagy j\u00f6n el ism\u00e9t, ahogyan most szemetek l\u00e1tt\u00e1ra a mennybe ment.\u201d Ez az Isten ig\u00e9je. V\u00c1LASZOS ZSOLT\u00c1R (Zsolt 46,2-3.6-7.8-9) V\u00e1lasz:\u00a0Ujjong\u00e1s k\u00f6zt ment f\u00f6l... R\u00e9szletek\" \/>\n<meta property=\"og:url\" content=\"https:\/\/stuttgarti-katolikusok.de\/index.php\/urunk-mennybemenetele-2\/\" \/>\n<meta property=\"og:site_name\" content=\"Stuttgarti Katolikusok\" \/>\n<meta property=\"article:published_time\" content=\"2023-05-17T22:12:43+00:00\" \/>\n<meta property=\"og:image\" content=\"https:\/\/stuttgarti-katolikusok.de\/wp-content\/uploads\/2021\/05\/jesus-christ-898330-640.jpg\" \/>\n\t<meta property=\"og:image:width\" content=\"640\" \/>\n\t<meta property=\"og:image:height\" content=\"426\" \/>\n\t<meta property=\"og:image:type\" content=\"image\/jpeg\" \/>\n<meta name=\"author\" content=\"Tibor atya\" \/>\n<meta name=\"twitter:card\" content=\"summary_large_image\" \/>\n<meta name=\"twitter:label1\" content=\"Szerz\u0151:\" \/>\n\t<meta name=\"twitter:data1\" content=\"Tibor atya\" \/>\n\t<meta name=\"twitter:label2\" content=\"Becs\u00fclt olvas\u00e1si id\u0151\" \/>\n\t<meta name=\"twitter:data2\" content=\"6 perc\" \/>\n<script type=\"application\/ld+json\" class=\"yoast-schema-graph\">{\"@context\":\"https:\\\/\\\/schema.org\",\"@graph\":[{\"@type\":\"Article\",\"@id\":\"https:\\\/\\\/stuttgarti-katolikusok.de\\\/index.php\\\/urunk-mennybemenetele-2\\\/#article\",\"isPartOf\":{\"@id\":\"https:\\\/\\\/stuttgarti-katolikusok.de\\\/index.php\\\/urunk-mennybemenetele-2\\\/\"},\"author\":{\"name\":\"Tibor atya\",\"@id\":\"https:\\\/\\\/stuttgarti-katolikusok.de\\\/#\\\/schema\\\/person\\\/75908d6f8fdc03a57889d27209df7795\"},\"headline\":\"Urunk mennybemenetele\",\"datePublished\":\"2023-05-17T22:12:43+00:00\",\"mainEntityOfPage\":{\"@id\":\"https:\\\/\\\/stuttgarti-katolikusok.de\\\/index.php\\\/urunk-mennybemenetele-2\\\/\"},\"wordCount\":1584,\"image\":{\"@id\":\"https:\\\/\\\/stuttgarti-katolikusok.de\\\/index.php\\\/urunk-mennybemenetele-2\\\/#primaryimage\"},\"thumbnailUrl\":\"https:\\\/\\\/stuttgarti-katolikusok.de\\\/wp-content\\\/uploads\\\/2021\\\/05\\\/jesus-christ-898330-640.jpg\",\"articleSection\":[\"A liturgia olvasm\u00e1nyai\"],\"inLanguage\":\"hu\"},{\"@type\":\"WebPage\",\"@id\":\"https:\\\/\\\/stuttgarti-katolikusok.de\\\/index.php\\\/urunk-mennybemenetele-2\\\/\",\"url\":\"https:\\\/\\\/stuttgarti-katolikusok.de\\\/index.php\\\/urunk-mennybemenetele-2\\\/\",\"name\":\"Urunk mennybemenetele - Stuttgarti Katolikusok\",\"isPartOf\":{\"@id\":\"https:\\\/\\\/stuttgarti-katolikusok.de\\\/#website\"},\"primaryImageOfPage\":{\"@id\":\"https:\\\/\\\/stuttgarti-katolikusok.de\\\/index.php\\\/urunk-mennybemenetele-2\\\/#primaryimage\"},\"image\":{\"@id\":\"https:\\\/\\\/stuttgarti-katolikusok.de\\\/index.php\\\/urunk-mennybemenetele-2\\\/#primaryimage\"},\"thumbnailUrl\":\"https:\\\/\\\/stuttgarti-katolikusok.de\\\/wp-content\\\/uploads\\\/2021\\\/05\\\/jesus-christ-898330-640.jpg\",\"datePublished\":\"2023-05-17T22:12:43+00:00\",\"author\":{\"@id\":\"https:\\\/\\\/stuttgarti-katolikusok.de\\\/#\\\/schema\\\/person\\\/75908d6f8fdc03a57889d27209df7795\"},\"breadcrumb\":{\"@id\":\"https:\\\/\\\/stuttgarti-katolikusok.de\\\/index.php\\\/urunk-mennybemenetele-2\\\/#breadcrumb\"},\"inLanguage\":\"hu\",\"potentialAction\":[{\"@type\":\"ReadAction\",\"target\":[\"https:\\\/\\\/stuttgarti-katolikusok.de\\\/index.php\\\/urunk-mennybemenetele-2\\\/\"]}]},{\"@type\":\"ImageObject\",\"inLanguage\":\"hu\",\"@id\":\"https:\\\/\\\/stuttgarti-katolikusok.de\\\/index.php\\\/urunk-mennybemenetele-2\\\/#primaryimage\",\"url\":\"https:\\\/\\\/stuttgarti-katolikusok.de\\\/wp-content\\\/uploads\\\/2021\\\/05\\\/jesus-christ-898330-640.jpg\",\"contentUrl\":\"https:\\\/\\\/stuttgarti-katolikusok.de\\\/wp-content\\\/uploads\\\/2021\\\/05\\\/jesus-christ-898330-640.jpg\",\"width\":640,\"height\":426},{\"@type\":\"BreadcrumbList\",\"@id\":\"https:\\\/\\\/stuttgarti-katolikusok.de\\\/index.php\\\/urunk-mennybemenetele-2\\\/#breadcrumb\",\"itemListElement\":[{\"@type\":\"ListItem\",\"position\":1,\"name\":\"Kezd\u0151lap\",\"item\":\"https:\\\/\\\/stuttgarti-katolikusok.de\\\/\"},{\"@type\":\"ListItem\",\"position\":2,\"name\":\"Urunk mennybemenetele\"}]},{\"@type\":\"WebSite\",\"@id\":\"https:\\\/\\\/stuttgarti-katolikusok.de\\\/#website\",\"url\":\"https:\\\/\\\/stuttgarti-katolikusok.de\\\/\",\"name\":\"Stuttgarti Katolikusok\",\"description\":\"\",\"potentialAction\":[{\"@type\":\"SearchAction\",\"target\":{\"@type\":\"EntryPoint\",\"urlTemplate\":\"https:\\\/\\\/stuttgarti-katolikusok.de\\\/?s={search_term_string}\"},\"query-input\":{\"@type\":\"PropertyValueSpecification\",\"valueRequired\":true,\"valueName\":\"search_term_string\"}}],\"inLanguage\":\"hu\"},{\"@type\":\"Person\",\"@id\":\"https:\\\/\\\/stuttgarti-katolikusok.de\\\/#\\\/schema\\\/person\\\/75908d6f8fdc03a57889d27209df7795\",\"name\":\"Tibor atya\",\"image\":{\"@type\":\"ImageObject\",\"inLanguage\":\"hu\",\"@id\":\"https:\\\/\\\/secure.gravatar.com\\\/avatar\\\/61d268e57d1f4525b111222e29d2d5a7f8c420fdbf231ba5566a8ceac74fa960?s=96&d=mm&r=g\",\"url\":\"https:\\\/\\\/secure.gravatar.com\\\/avatar\\\/61d268e57d1f4525b111222e29d2d5a7f8c420fdbf231ba5566a8ceac74fa960?s=96&d=mm&r=g\",\"contentUrl\":\"https:\\\/\\\/secure.gravatar.com\\\/avatar\\\/61d268e57d1f4525b111222e29d2d5a7f8c420fdbf231ba5566a8ceac74fa960?s=96&d=mm&r=g\",\"caption\":\"Tibor atya\"},\"url\":\"https:\\\/\\\/stuttgarti-katolikusok.de\\\/index.php\\\/author\\\/tibor-atya\\\/\"}]}<\/script>\n<!-- \/ Yoast SEO plugin. -->","yoast_head_json":{"title":"Urunk mennybemenetele - Stuttgarti Katolikusok","robots":{"index":"index","follow":"follow","max-snippet":"max-snippet:-1","max-image-preview":"max-image-preview:large","max-video-preview":"max-video-preview:-1"},"canonical":"https:\/\/stuttgarti-katolikusok.de\/index.php\/urunk-mennybemenetele-2\/","og_locale":"hu_HU","og_type":"article","og_title":"Urunk mennybemenetele - Stuttgarti Katolikusok","og_description":"Kezd\u0151\u00e9nek: Galileai f\u00e9rfiak! Mit n\u00e9ztek csod\u00e1lkozva az \u00e9gre? Ahogyan szemetek l\u00e1tt\u00e1ra J\u00e9zus a mennybe ment, \u00fagy j\u00f6n el egykor ism\u00e9t, alleluja. (ApCsel 1,11) K\u00f6ny\u00f6rg\u00e9s: Mindenhat\u00f3 Isten\u00fcnk, hadd ujjongjunk szent \u00f6r\u00f6mmel \u00e9s hadd vigadjunk gyermeki h\u00e1laad\u00e1ssal, mert szent Fiadnak, Krisztusnak mennybemenetele a mi f\u00f6lemelked\u00e9s\u00fcnk: ahov\u00e1 ugyanis a F\u0151 eljutott dics\u0151s\u00e9gben, oda kapott megh\u00edv\u00e1st az eg\u00e9sz test, az Egyh\u00e1z, rem\u00e9nys\u00e9gben. A mi Urunk, J\u00e9zus Krisztus, a te Fiad \u00e1ltal, aki veled \u00e9l \u00e9s uralkodik a Szentl\u00e9lekkel egys\u00e9gben, Isten mind\u00f6r\u00f6kk\u00f6n \u00f6r\u00f6kk\u00e9. OLVASM\u00c1NY az Apostolok Cselekedeteib\u0151l (ApCsel 1,1-11) A szem\u00fck l\u00e1tt\u00e1ra f\u00f6lemelkedett. Els\u0151 k\u00f6nyvemben, kedves Teofil, elbesz\u00e9ltem, mi mindent tett \u00e9s tan\u00edtott J\u00e9zus eg\u00e9szen addig a napig, amelyen megb\u00edz\u00e1st adott a Szentl\u00e9lek \u00e1ltal kiv\u00e1lasztott apostoloknak, \u00e9s f\u00f6lv\u00e9tetett a mennybe. Szenved\u00e9se ut\u00e1n sokf\u00e9lek\u00e9ppen bebizony\u00edtotta, hogy \u00e9l: negyven napon \u00e1t ism\u00e9telten megjelent nekik, \u00e9s besz\u00e9lt az Isten orsz\u00e1g\u00e1r\u00f3l. Amikor egy alkalommal egy\u00fctt \u00e9tkezett vel\u00fck, megparancsolta nekik, hogy ne hagyj\u00e1k el Jeruzs\u00e1lemet, hanem v\u00e1rjanak az Atya \u00edg\u00e9ret\u00e9re, amelyr\u0151l, mint mondta, t\u0151lem hallottatok: ,J\u00e1nos csak v\u00edzzel keresztelt, de ti n\u00e9h\u00e1ny nap m\u00falva a Szentl\u00e9lekkel fogtok megkeresztelkedni.\u201d Az egybegy\u0171ltek erre megk\u00e9rdezt\u00e9k: \u201eUram, most fogod helyre\u00e1ll\u00edtani Izrael orsz\u00e1g\u00e1t?\u201d \u0150 azt felelte: \u201eNem a ti dolgotok, hogy ismerj\u00e9tek az id\u0151pontokat \u00e9s az alkalmakat. Ezeket az Atya szabta meg a saj\u00e1t tetsz\u00e9se szerint. De amikor lesz\u00e1ll r\u00e1tok a Szentl\u00e9lek, er\u0151 t\u00f6lt el benneteket, \u00e9s tan\u00faim lesztek Jeruzs\u00e1lemben, eg\u00e9sz J\u00fade\u00e1ban \u00e9s Szamari\u00e1ban, s\u0151t eg\u00e9szen a f\u00f6ld v\u00e9gs\u0151 hat\u00e1r\u00e1ig.\u201d Miut\u00e1n ezeket elmondta, a szem\u00fck l\u00e1tt\u00e1ra f\u00f6lemelkedett, \u00e9s egy felh\u0151 elfedte, \u00fagy hogy tov\u00e1bb m\u00e1r nem l\u00e1thatt\u00e1k. Mik\u00f6zben fesz\u00fclten figyelt\u00e9k, hogyan emelkedik az \u00e9gbe, egyszerre k\u00e9t f\u00e9rfi \u00e1llt meg mellett\u00fck feh\u00e9r ruh\u00e1ba \u00f6lt\u00f6zve, \u00e9s megsz\u00f3l\u00edtotta \u0151ket: \u201eGalileai f\u00e9rfiak! Mi\u00e9rt \u00e1lltok itt \u00e9gre emelt tekintettel? Ez a J\u00e9zus, aki k\u00f6z\u00fcletek az \u00e9gbe emelkedett, \u00fagy j\u00f6n el ism\u00e9t, ahogyan most szemetek l\u00e1tt\u00e1ra a mennybe ment.\u201d Ez az Isten ig\u00e9je. V\u00c1LASZOS ZSOLT\u00c1R (Zsolt 46,2-3.6-7.8-9) V\u00e1lasz:\u00a0Ujjong\u00e1s k\u00f6zt ment f\u00f6l... R\u00e9szletek","og_url":"https:\/\/stuttgarti-katolikusok.de\/index.php\/urunk-mennybemenetele-2\/","og_site_name":"Stuttgarti Katolikusok","article_published_time":"2023-05-17T22:12:43+00:00","og_image":[{"width":640,"height":426,"url":"https:\/\/stuttgarti-katolikusok.de\/wp-content\/uploads\/2021\/05\/jesus-christ-898330-640.jpg","type":"image\/jpeg"}],"author":"Tibor atya","twitter_card":"summary_large_image","twitter_misc":{"Szerz\u0151:":"Tibor atya","Becs\u00fclt olvas\u00e1si id\u0151":"6 perc"},"schema":{"@context":"https:\/\/schema.org","@graph":[{"@type":"Article","@id":"https:\/\/stuttgarti-katolikusok.de\/index.php\/urunk-mennybemenetele-2\/#article","isPartOf":{"@id":"https:\/\/stuttgarti-katolikusok.de\/index.php\/urunk-mennybemenetele-2\/"},"author":{"name":"Tibor atya","@id":"https:\/\/stuttgarti-katolikusok.de\/#\/schema\/person\/75908d6f8fdc03a57889d27209df7795"},"headline":"Urunk mennybemenetele","datePublished":"2023-05-17T22:12:43+00:00","mainEntityOfPage":{"@id":"https:\/\/stuttgarti-katolikusok.de\/index.php\/urunk-mennybemenetele-2\/"},"wordCount":1584,"image":{"@id":"https:\/\/stuttgarti-katolikusok.de\/index.php\/urunk-mennybemenetele-2\/#primaryimage"},"thumbnailUrl":"https:\/\/stuttgarti-katolikusok.de\/wp-content\/uploads\/2021\/05\/jesus-christ-898330-640.jpg","articleSection":["A liturgia olvasm\u00e1nyai"],"inLanguage":"hu"},{"@type":"WebPage","@id":"https:\/\/stuttgarti-katolikusok.de\/index.php\/urunk-mennybemenetele-2\/","url":"https:\/\/stuttgarti-katolikusok.de\/index.php\/urunk-mennybemenetele-2\/","name":"Urunk mennybemenetele - Stuttgarti Katolikusok","isPartOf":{"@id":"https:\/\/stuttgarti-katolikusok.de\/#website"},"primaryImageOfPage":{"@id":"https:\/\/stuttgarti-katolikusok.de\/index.php\/urunk-mennybemenetele-2\/#primaryimage"},"image":{"@id":"https:\/\/stuttgarti-katolikusok.de\/index.php\/urunk-mennybemenetele-2\/#primaryimage"},"thumbnailUrl":"https:\/\/stuttgarti-katolikusok.de\/wp-content\/uploads\/2021\/05\/jesus-christ-898330-640.jpg","datePublished":"2023-05-17T22:12:43+00:00","author":{"@id":"https:\/\/stuttgarti-katolikusok.de\/#\/schema\/person\/75908d6f8fdc03a57889d27209df7795"},"breadcrumb":{"@id":"https:\/\/stuttgarti-katolikusok.de\/index.php\/urunk-mennybemenetele-2\/#breadcrumb"},"inLanguage":"hu","potentialAction":[{"@type":"ReadAction","target":["https:\/\/stuttgarti-katolikusok.de\/index.php\/urunk-mennybemenetele-2\/"]}]},{"@type":"ImageObject","inLanguage":"hu","@id":"https:\/\/stuttgarti-katolikusok.de\/index.php\/urunk-mennybemenetele-2\/#primaryimage","url":"https:\/\/stuttgarti-katolikusok.de\/wp-content\/uploads\/2021\/05\/jesus-christ-898330-640.jpg","contentUrl":"https:\/\/stuttgarti-katolikusok.de\/wp-content\/uploads\/2021\/05\/jesus-christ-898330-640.jpg","width":640,"height":426},{"@type":"BreadcrumbList","@id":"https:\/\/stuttgarti-katolikusok.de\/index.php\/urunk-mennybemenetele-2\/#breadcrumb","itemListElement":[{"@type":"ListItem","position":1,"name":"Kezd\u0151lap","item":"https:\/\/stuttgarti-katolikusok.de\/"},{"@type":"ListItem","position":2,"name":"Urunk mennybemenetele"}]},{"@type":"WebSite","@id":"https:\/\/stuttgarti-katolikusok.de\/#website","url":"https:\/\/stuttgarti-katolikusok.de\/","name":"Stuttgarti Katolikusok","description":"","potentialAction":[{"@type":"SearchAction","target":{"@type":"EntryPoint","urlTemplate":"https:\/\/stuttgarti-katolikusok.de\/?s={search_term_string}"},"query-input":{"@type":"PropertyValueSpecification","valueRequired":true,"valueName":"search_term_string"}}],"inLanguage":"hu"},{"@type":"Person","@id":"https:\/\/stuttgarti-katolikusok.de\/#\/schema\/person\/75908d6f8fdc03a57889d27209df7795","name":"Tibor atya","image":{"@type":"ImageObject","inLanguage":"hu","@id":"https:\/\/secure.gravatar.com\/avatar\/61d268e57d1f4525b111222e29d2d5a7f8c420fdbf231ba5566a8ceac74fa960?s=96&d=mm&r=g","url":"https:\/\/secure.gravatar.com\/avatar\/61d268e57d1f4525b111222e29d2d5a7f8c420fdbf231ba5566a8ceac74fa960?s=96&d=mm&r=g","contentUrl":"https:\/\/secure.gravatar.com\/avatar\/61d268e57d1f4525b111222e29d2d5a7f8c420fdbf231ba5566a8ceac74fa960?s=96&d=mm&r=g","caption":"Tibor atya"},"url":"https:\/\/stuttgarti-katolikusok.de\/index.php\/author\/tibor-atya\/"}]}},"_links":{"self":[{"href":"https:\/\/stuttgarti-katolikusok.de\/index.php\/wp-json\/wp\/v2\/posts\/26847","targetHints":{"allow":["GET"]}}],"collection":[{"href":"https:\/\/stuttgarti-katolikusok.de\/index.php\/wp-json\/wp\/v2\/posts"}],"about":[{"href":"https:\/\/stuttgarti-katolikusok.de\/index.php\/wp-json\/wp\/v2\/types\/post"}],"author":[{"embeddable":true,"href":"https:\/\/stuttgarti-katolikusok.de\/index.php\/wp-json\/wp\/v2\/users\/3"}],"replies":[{"embeddable":true,"href":"https:\/\/stuttgarti-katolikusok.de\/index.php\/wp-json\/wp\/v2\/comments?post=26847"}],"version-history":[{"count":1,"href":"https:\/\/stuttgarti-katolikusok.de\/index.php\/wp-json\/wp\/v2\/posts\/26847\/revisions"}],"predecessor-version":[{"id":26848,"href":"https:\/\/stuttgarti-katolikusok.de\/index.php\/wp-json\/wp\/v2\/posts\/26847\/revisions\/26848"}],"wp:featuredmedia":[{"embeddable":true,"href":"https:\/\/stuttgarti-katolikusok.de\/index.php\/wp-json\/wp\/v2\/media\/21851"}],"wp:attachment":[{"href":"https:\/\/stuttgarti-katolikusok.de\/index.php\/wp-json\/wp\/v2\/media?parent=26847"}],"wp:term":[{"taxonomy":"category","embeddable":true,"href":"https:\/\/stuttgarti-katolikusok.de\/index.php\/wp-json\/wp\/v2\/categories?post=26847"},{"taxonomy":"post_tag","embeddable":true,"href":"https:\/\/stuttgarti-katolikusok.de\/index.php\/wp-json\/wp\/v2\/tags?post=26847"}],"curies":[{"name":"wp","href":"https:\/\/api.w.org\/{rel}","templated":true}]}}