{"id":26802,"date":"2023-05-15T10:55:46","date_gmt":"2023-05-15T08:55:46","guid":{"rendered":"https:\/\/stuttgarti-katolikusok.de\/?p=26802"},"modified":"2023-05-15T23:43:41","modified_gmt":"2023-05-15T21:43:41","slug":"26802","status":"publish","type":"post","link":"https:\/\/stuttgarti-katolikusok.de\/index.php\/26802\/","title":{"rendered":"2023. M\u00c1JUS 15 \u00c9S 21 K\u00d6Z\u00d6TT"},"content":{"rendered":"<p><span style=\"color: #ff6600;\"><strong><em>Programel\u0151zetes<\/em><\/strong><\/span><\/p>\n<p><strong>M\u00e1jus 18-\u00e1n<\/strong>,\u00a0cs\u00fct\u00f6rt\u00f6k\u00f6n<em>,\u00a0<strong><span style=\"color: #ff6600;\">Urunk mennybemenetel\u00e9nek \u00fcnnepe<\/span><\/strong>,<\/em><\/p>\n<ul>\n<li><span style=\"color: #ff6600;\"><strong>Heidenheimban<\/strong><\/span> 10.00 \u00f3rakor <span style=\"color: #ff6600;\"><strong><em>Csal\u00e1di Nap\u00a0 &#8211; keret\u00e9ben igeistentisztelet <\/em><\/strong><\/span>(Helysz\u00edn: j\u00f3 id\u0151 eset\u00e9n \u2013 <strong><em>Suppenkopf<\/em><\/strong> &#8211; <a href=\"https:\/\/goo.gl\/maps\/TLFYR3Fc4ogeAFRr6\">https:\/\/goo.gl\/maps\/TLFYR3Fc4ogeAFRr6<\/a> &#8211; rossz id\u0151 eset\u00e9n: 89518 Heidenheim an der Brenz, Verdi Str. 13 \u2013 Dreifaltigkeitskirche k\u00f6z\u00f6ss\u00e9gi terme),<\/li>\n<li><span style=\"color: #ff6600;\"><strong>Weingartenben <\/strong><\/span>11.00 \u00f3rakor <em>szentmise<\/em> a <span style=\"color: #ff6600;\">14 Nothelfer Kapelle<\/span>-ben,<\/li>\n<li><span style=\"color: #ff6600;\"><strong>Ulmban <\/strong><\/span>15.00 \u00f3rakor <em>szentmise<\/em>,<\/li>\n<li><span style=\"color: #ff6600;\"><strong>Stuttgartban <\/strong><\/span>18.00 \u00f3rakor <em>szentmise<\/em>.<\/li>\n<\/ul>\n<p style=\"text-align: center;\"><span style=\"color: #ff6600;\"><strong>*<\/strong><\/span><\/p>\n<p><strong>M\u00e1jus 19-\u00e9n<\/strong>, p\u00e9nteken, <span style=\"color: #ff6600;\"><strong><em>Stuttgarti d\u00e9lut\u00e1n<\/em><\/strong><\/span>, 17.30 \u00f3rakor <em>r\u00f3zsaf\u00fcz\u00e9r, <\/em>ut\u00e1na <em>m\u00e1jusi \u00e1jtatoss\u00e1g, <\/em>azt\u00e1n <em>szentmise. <\/em><\/p>\n<p style=\"text-align: center;\"><span style=\"color: #ff6600;\"><strong>*<\/strong><\/span><\/p>\n<p><strong>M\u00e1jus 20-\u00e1n<\/strong><em>, <\/em>szombaton<em>, <\/em><span style=\"color: #ff6600;\"><strong>Heidenheimban <\/strong><\/span>15.30 \u00f3rakor <em>szentmise, <\/em>keret\u00e9ben els\u0151\u00e1ldoz\u00e1s, ut\u00e1na <em>agap\u00e9.<\/em><\/p>\n<p style=\"text-align: center;\"><span style=\"color: #ff6600;\"><strong><em>\u00a0<\/em><\/strong><strong>*<\/strong><\/span><\/p>\n<p><strong>M\u00e1jus 21-\u00e9n<em>,<\/em><\/strong>\u00a0<span style=\"color: #ff6600;\"><strong><em>H\u00fasv\u00e9t 7. vas\u00e1rnapja<\/em><\/strong><\/span><em>,\u00a0<\/em><\/p>\n<p><strong><span style=\"color: #ff6600;\">Stuttgartban<\/span><em>\u00a0<\/em><\/strong>11.30 \u00f3rakor <em><span style=\"color: #ff6600;\">h\u00e1laad\u00f3\u00a0szentmise Egyh\u00e1zk\u00f6zs\u00e9g\u00fcnk alap\u00edt\u00e1s\u00e1nak 76. \u00e9vfordul\u00f3ja alkalm\u00e1b\u00f3l<\/span>, <\/em>ut\u00e1na <em>k\u00f6z\u00f6s eb\u00e9den vesz\u00fcnk r\u00e9szt. <\/em>A szentmis\u00e9n k\u00f6zrem\u0171k\u00f6dik K\u00e1pl\u00e1n Gy\u00f6rgy \u00e9nekm\u0171v\u00e9sz, a Magyar Kult\u00fara Lovagja, aki magyar szentjeink dics\u00e9reteit hozza el.<\/p>\n<p><a href=\"https:\/\/stuttgarti-katolikusok.de\/wp-content\/uploads\/2023\/05\/kaplan-gyorgy-majus21-2.jpg\"><img loading=\"lazy\" decoding=\"async\" class=\"alignnone size-full wp-image-26803\" src=\"https:\/\/stuttgarti-katolikusok.de\/wp-content\/uploads\/2023\/05\/kaplan-gyorgy-majus21-2.jpg\" alt=\"\" width=\"616\" height=\"640\" srcset=\"https:\/\/stuttgarti-katolikusok.de\/wp-content\/uploads\/2023\/05\/kaplan-gyorgy-majus21-2.jpg 616w, https:\/\/stuttgarti-katolikusok.de\/wp-content\/uploads\/2023\/05\/kaplan-gyorgy-majus21-2-289x300.jpg 289w\" sizes=\"auto, (max-width: 616px) 100vw, 616px\" \/><\/a><\/p>\n<p><span style=\"color: #ff6600;\"><strong>Eislingenben <\/strong><\/span>15.30 \u00f3rakor<em> szentmise, <\/em>ut\u00e1na <em>agap\u00e9.<\/em><\/p>\n<p style=\"text-align: center;\"><span style=\"color: #ff6600;\"><strong><em>\u00a0*<\/em><\/strong><\/span><\/p>\n<p>Minden helyen mindenkit szeretettel v\u00e1r a k\u00f6z\u00f6ss\u00e9g \u00e9s Tibor atya!<\/p>\n<p style=\"text-align: center;\"><span style=\"color: #ff6600;\"><strong>*<\/strong><\/span><\/p>\n<p><a href=\"https:\/\/stuttgarti-katolikusok.de\/wp-content\/uploads\/2023\/05\/szent-gellert-kep.jpg\"><img loading=\"lazy\" decoding=\"async\" class=\"alignnone size-full wp-image-26804\" src=\"https:\/\/stuttgarti-katolikusok.de\/wp-content\/uploads\/2023\/05\/szent-gellert-kep.jpg\" alt=\"\" width=\"1430\" height=\"1430\" srcset=\"https:\/\/stuttgarti-katolikusok.de\/wp-content\/uploads\/2023\/05\/szent-gellert-kep.jpg 1430w, https:\/\/stuttgarti-katolikusok.de\/wp-content\/uploads\/2023\/05\/szent-gellert-kep-300x300.jpg 300w, https:\/\/stuttgarti-katolikusok.de\/wp-content\/uploads\/2023\/05\/szent-gellert-kep-1024x1024.jpg 1024w, https:\/\/stuttgarti-katolikusok.de\/wp-content\/uploads\/2023\/05\/szent-gellert-kep-150x150.jpg 150w, https:\/\/stuttgarti-katolikusok.de\/wp-content\/uploads\/2023\/05\/szent-gellert-kep-460x460.jpg 460w\" sizes=\"auto, (max-width: 1430px) 100vw, 1430px\" \/><\/a><\/p>\n<p>&nbsp;<\/p>\n<p style=\"text-align: center;\"><em>(term\u00e9szetesen id\u00e9n az alap\u00edt\u00e1s 76. \u00e9vfordul\u00f3ja van)<\/em><\/p>\n<p style=\"text-align: center;\"><span style=\"color: #ff6600;\"><strong><em>*<\/em><\/strong><\/span><\/p>\n<p><span style=\"color: #ff6600;\"><strong><em>Kegyelemteljes h\u00fasv\u00e9ti napokat, tartalmas besz\u00e9lget\u00e9seket \u00e9s \u00f6r\u00f6mteli tal\u00e1lkoz\u00e1sokat k\u00edv\u00e1nunk minden Kedves H\u00edv\u00fcnknek!<\/em><\/strong><\/span><\/p>\n<p style=\"text-align: center;\"><span style=\"color: #ff6600;\"><strong><em>*<\/em><\/strong><\/span><\/p>\n<p><span style=\"color: #ff6600;\"><strong><em>\u201eAk\u00e1r \u00f3ri\u00e1sok \u00e9p\u00edtik a kast\u00e9lyokat, ak\u00e1r emberek a kunyh\u00f3kat: kast\u00e9lyok, kunyh\u00f3k mind muland\u00f3 dolgok. Csup\u00e1n a hegyek, a v\u00f6lgyek, a foly\u00f3k \u00e9s a n\u00e9pek \u00f6r\u00f6kk\u00e9val\u00f3k, mert azokat Isten teremtette!\u201d<\/em><\/strong><\/span><strong><em>\u00a0<\/em><\/strong><em>(Wass Albert, erd\u00e9lyi magyar \u00edr\u00f3 \u00e9s k\u00f6lt\u0151 &#8211; 1908 \u2013 1998)<\/em><\/p>\n<p><em>(K\u00e9p forr\u00e1sa: pixabay.com)<\/em><\/p>\n","protected":false},"excerpt":{"rendered":"<p>Programel\u0151zetes M\u00e1jus 18-\u00e1n,\u00a0cs\u00fct\u00f6rt\u00f6k\u00f6n,\u00a0Urunk mennybemenetel\u00e9nek \u00fcnnepe, Heidenheimban 10.00 \u00f3rakor Csal\u00e1di Nap\u00a0 &#8211; keret\u00e9ben igeistentisztelet (Helysz\u00edn: j\u00f3 id\u0151 eset\u00e9n \u2013 Suppenkopf &#8211; https:\/\/goo.gl\/maps\/TLFYR3Fc4ogeAFRr6 &#8211; rossz id\u0151 eset\u00e9n: 89518 Heidenheim an der Brenz, Verdi Str. 13 \u2013 Dreifaltigkeitskirche k\u00f6z\u00f6ss\u00e9gi terme), Weingartenben 11.00 \u00f3rakor szentmise a 14 Nothelfer Kapelle-ben, Ulmban 15.00 \u00f3rakor szentmise, Stuttgartban 18.00 \u00f3rakor szentmise. * M\u00e1jus 19-\u00e9n, p\u00e9nteken, Stuttgarti d\u00e9lut\u00e1n, 17.30 \u00f3rakor r\u00f3zsaf\u00fcz\u00e9r, ut\u00e1na m\u00e1jusi \u00e1jtatoss\u00e1g, azt\u00e1n szentmise. * M\u00e1jus 20-\u00e1n, szombaton, Heidenheimban 15.30 \u00f3rakor szentmise, keret\u00e9ben els\u0151\u00e1ldoz\u00e1s, ut\u00e1na agap\u00e9. \u00a0* M\u00e1jus 21-\u00e9n,\u00a0H\u00fasv\u00e9t 7. vas\u00e1rnapja,\u00a0 Stuttgartban\u00a011.30 \u00f3rakor h\u00e1laad\u00f3\u00a0szentmise Egyh\u00e1zk\u00f6zs\u00e9g\u00fcnk alap\u00edt\u00e1s\u00e1nak 76. \u00e9vfordul\u00f3ja alkalm\u00e1b\u00f3l, ut\u00e1na k\u00f6z\u00f6s eb\u00e9den vesz\u00fcnk r\u00e9szt. A szentmis\u00e9n k\u00f6zrem\u0171k\u00f6dik K\u00e1pl\u00e1n Gy\u00f6rgy \u00e9nekm\u0171v\u00e9sz, a Magyar Kult\u00fara Lovagja, aki magyar szentjeink dics\u00e9reteit hozza el. Eislingenben 15.30 \u00f3rakor szentmise, ut\u00e1na agap\u00e9. \u00a0* Minden helyen mindenkit szeretettel v\u00e1r a k\u00f6z\u00f6ss\u00e9g \u00e9s Tibor atya! * &nbsp; (term\u00e9szetesen id\u00e9n az alap\u00edt\u00e1s 76. \u00e9vfordul\u00f3ja van) * Kegyelemteljes h\u00fasv\u00e9ti napokat, tartalmas besz\u00e9lget\u00e9seket \u00e9s \u00f6r\u00f6mteli tal\u00e1lkoz\u00e1sokat k\u00edv\u00e1nunk minden Kedves H\u00edv\u00fcnknek! * \u201eAk\u00e1r \u00f3ri\u00e1sok \u00e9p\u00edtik a kast\u00e9lyokat, ak\u00e1r emberek a kunyh\u00f3kat: kast\u00e9lyok, kunyh\u00f3k mind muland\u00f3 dolgok. Csup\u00e1n a hegyek, a v\u00f6lgyek, a foly\u00f3k \u00e9s a n\u00e9pek \u00f6r\u00f6kk\u00e9val\u00f3k, mert azokat Isten teremtette!\u201d\u00a0(Wass Albert, erd\u00e9lyi magyar \u00edr\u00f3 \u00e9s k\u00f6lt\u0151 &#8211; 1908 \u2013 1998) (K\u00e9p forr\u00e1sa: pixabay.com)<\/p>\n","protected":false},"author":3,"featured_media":21852,"comment_status":"closed","ping_status":"closed","sticky":false,"template":"","format":"standard","meta":{"footnotes":""},"categories":[37],"tags":[],"class_list":["post-26802","post","type-post","status-publish","format-standard","has-post-thumbnail","hentry","category-progamelozetes"],"yoast_head":"<!-- This site is optimized with the Yoast SEO plugin v27.3 - https:\/\/yoast.com\/product\/yoast-seo-wordpress\/ -->\n<title>2023. M\u00c1JUS 15 \u00c9S 21 K\u00d6Z\u00d6TT - Stuttgarti Katolikusok<\/title>\n<meta name=\"robots\" content=\"index, follow, max-snippet:-1, max-image-preview:large, max-video-preview:-1\" \/>\n<link rel=\"canonical\" href=\"https:\/\/stuttgarti-katolikusok.de\/index.php\/26802\/\" \/>\n<meta property=\"og:locale\" content=\"hu_HU\" \/>\n<meta property=\"og:type\" content=\"article\" \/>\n<meta property=\"og:title\" content=\"2023. M\u00c1JUS 15 \u00c9S 21 K\u00d6Z\u00d6TT - Stuttgarti Katolikusok\" \/>\n<meta property=\"og:description\" content=\"Programel\u0151zetes M\u00e1jus 18-\u00e1n,\u00a0cs\u00fct\u00f6rt\u00f6k\u00f6n,\u00a0Urunk mennybemenetel\u00e9nek \u00fcnnepe, Heidenheimban 10.00 \u00f3rakor Csal\u00e1di Nap\u00a0 &#8211; keret\u00e9ben igeistentisztelet (Helysz\u00edn: j\u00f3 id\u0151 eset\u00e9n \u2013 Suppenkopf &#8211; https:\/\/goo.gl\/maps\/TLFYR3Fc4ogeAFRr6 &#8211; rossz id\u0151 eset\u00e9n: 89518 Heidenheim an der Brenz, Verdi Str. 13 \u2013 Dreifaltigkeitskirche k\u00f6z\u00f6ss\u00e9gi terme), Weingartenben 11.00 \u00f3rakor szentmise a 14 Nothelfer Kapelle-ben, Ulmban 15.00 \u00f3rakor szentmise, Stuttgartban 18.00 \u00f3rakor szentmise. * M\u00e1jus 19-\u00e9n, p\u00e9nteken, Stuttgarti d\u00e9lut\u00e1n, 17.30 \u00f3rakor r\u00f3zsaf\u00fcz\u00e9r, ut\u00e1na m\u00e1jusi \u00e1jtatoss\u00e1g, azt\u00e1n szentmise. * M\u00e1jus 20-\u00e1n, szombaton, Heidenheimban 15.30 \u00f3rakor szentmise, keret\u00e9ben els\u0151\u00e1ldoz\u00e1s, ut\u00e1na agap\u00e9. \u00a0* M\u00e1jus 21-\u00e9n,\u00a0H\u00fasv\u00e9t 7. vas\u00e1rnapja,\u00a0 Stuttgartban\u00a011.30 \u00f3rakor h\u00e1laad\u00f3\u00a0szentmise Egyh\u00e1zk\u00f6zs\u00e9g\u00fcnk alap\u00edt\u00e1s\u00e1nak 76. \u00e9vfordul\u00f3ja alkalm\u00e1b\u00f3l, ut\u00e1na k\u00f6z\u00f6s eb\u00e9den vesz\u00fcnk r\u00e9szt. A szentmis\u00e9n k\u00f6zrem\u0171k\u00f6dik K\u00e1pl\u00e1n Gy\u00f6rgy \u00e9nekm\u0171v\u00e9sz, a Magyar Kult\u00fara Lovagja, aki magyar szentjeink dics\u00e9reteit hozza el. Eislingenben 15.30 \u00f3rakor szentmise, ut\u00e1na agap\u00e9. \u00a0* Minden helyen mindenkit szeretettel v\u00e1r a k\u00f6z\u00f6ss\u00e9g \u00e9s Tibor atya! * &nbsp; (term\u00e9szetesen id\u00e9n az alap\u00edt\u00e1s 76. \u00e9vfordul\u00f3ja van) * Kegyelemteljes h\u00fasv\u00e9ti napokat, tartalmas besz\u00e9lget\u00e9seket \u00e9s \u00f6r\u00f6mteli tal\u00e1lkoz\u00e1sokat k\u00edv\u00e1nunk minden Kedves H\u00edv\u00fcnknek! * \u201eAk\u00e1r \u00f3ri\u00e1sok \u00e9p\u00edtik a kast\u00e9lyokat, ak\u00e1r emberek a kunyh\u00f3kat: kast\u00e9lyok, kunyh\u00f3k mind muland\u00f3 dolgok. Csup\u00e1n a hegyek, a v\u00f6lgyek, a foly\u00f3k \u00e9s a n\u00e9pek \u00f6r\u00f6kk\u00e9val\u00f3k, mert azokat Isten teremtette!\u201d\u00a0(Wass Albert, erd\u00e9lyi magyar \u00edr\u00f3 \u00e9s k\u00f6lt\u0151 &#8211; 1908 \u2013 1998) (K\u00e9p forr\u00e1sa: pixabay.com)\" \/>\n<meta property=\"og:url\" content=\"https:\/\/stuttgarti-katolikusok.de\/index.php\/26802\/\" \/>\n<meta property=\"og:site_name\" content=\"Stuttgarti Katolikusok\" \/>\n<meta property=\"article:published_time\" content=\"2023-05-15T08:55:46+00:00\" \/>\n<meta property=\"article:modified_time\" content=\"2023-05-15T21:43:41+00:00\" \/>\n<meta property=\"og:image\" content=\"https:\/\/stuttgarti-katolikusok.de\/wp-content\/uploads\/2021\/05\/ascension-4770112-1280.jpg\" \/>\n\t<meta property=\"og:image:width\" content=\"1280\" \/>\n\t<meta property=\"og:image:height\" content=\"853\" \/>\n\t<meta property=\"og:image:type\" content=\"image\/jpeg\" \/>\n<meta name=\"author\" content=\"Tibor atya\" \/>\n<meta name=\"twitter:card\" content=\"summary_large_image\" \/>\n<meta name=\"twitter:label1\" content=\"Szerz\u0151:\" \/>\n\t<meta name=\"twitter:data1\" content=\"Tibor atya\" \/>\n\t<meta name=\"twitter:label2\" content=\"Becs\u00fclt olvas\u00e1si id\u0151\" \/>\n\t<meta name=\"twitter:data2\" content=\"2 perc\" \/>\n<script type=\"application\/ld+json\" class=\"yoast-schema-graph\">{\"@context\":\"https:\\\/\\\/schema.org\",\"@graph\":[{\"@type\":\"Article\",\"@id\":\"https:\\\/\\\/stuttgarti-katolikusok.de\\\/index.php\\\/26802\\\/#article\",\"isPartOf\":{\"@id\":\"https:\\\/\\\/stuttgarti-katolikusok.de\\\/index.php\\\/26802\\\/\"},\"author\":{\"name\":\"Tibor atya\",\"@id\":\"https:\\\/\\\/stuttgarti-katolikusok.de\\\/#\\\/schema\\\/person\\\/75908d6f8fdc03a57889d27209df7795\"},\"headline\":\"2023. M\u00c1JUS 15 \u00c9S 21 K\u00d6Z\u00d6TT\",\"datePublished\":\"2023-05-15T08:55:46+00:00\",\"dateModified\":\"2023-05-15T21:43:41+00:00\",\"mainEntityOfPage\":{\"@id\":\"https:\\\/\\\/stuttgarti-katolikusok.de\\\/index.php\\\/26802\\\/\"},\"wordCount\":295,\"image\":{\"@id\":\"https:\\\/\\\/stuttgarti-katolikusok.de\\\/index.php\\\/26802\\\/#primaryimage\"},\"thumbnailUrl\":\"https:\\\/\\\/stuttgarti-katolikusok.de\\\/wp-content\\\/uploads\\\/2021\\\/05\\\/ascension-4770112-1280.jpg\",\"articleSection\":[\"Progamel\u0151zetes\"],\"inLanguage\":\"hu\"},{\"@type\":\"WebPage\",\"@id\":\"https:\\\/\\\/stuttgarti-katolikusok.de\\\/index.php\\\/26802\\\/\",\"url\":\"https:\\\/\\\/stuttgarti-katolikusok.de\\\/index.php\\\/26802\\\/\",\"name\":\"2023. M\u00c1JUS 15 \u00c9S 21 K\u00d6Z\u00d6TT - Stuttgarti Katolikusok\",\"isPartOf\":{\"@id\":\"https:\\\/\\\/stuttgarti-katolikusok.de\\\/#website\"},\"primaryImageOfPage\":{\"@id\":\"https:\\\/\\\/stuttgarti-katolikusok.de\\\/index.php\\\/26802\\\/#primaryimage\"},\"image\":{\"@id\":\"https:\\\/\\\/stuttgarti-katolikusok.de\\\/index.php\\\/26802\\\/#primaryimage\"},\"thumbnailUrl\":\"https:\\\/\\\/stuttgarti-katolikusok.de\\\/wp-content\\\/uploads\\\/2021\\\/05\\\/ascension-4770112-1280.jpg\",\"datePublished\":\"2023-05-15T08:55:46+00:00\",\"dateModified\":\"2023-05-15T21:43:41+00:00\",\"author\":{\"@id\":\"https:\\\/\\\/stuttgarti-katolikusok.de\\\/#\\\/schema\\\/person\\\/75908d6f8fdc03a57889d27209df7795\"},\"breadcrumb\":{\"@id\":\"https:\\\/\\\/stuttgarti-katolikusok.de\\\/index.php\\\/26802\\\/#breadcrumb\"},\"inLanguage\":\"hu\",\"potentialAction\":[{\"@type\":\"ReadAction\",\"target\":[\"https:\\\/\\\/stuttgarti-katolikusok.de\\\/index.php\\\/26802\\\/\"]}]},{\"@type\":\"ImageObject\",\"inLanguage\":\"hu\",\"@id\":\"https:\\\/\\\/stuttgarti-katolikusok.de\\\/index.php\\\/26802\\\/#primaryimage\",\"url\":\"https:\\\/\\\/stuttgarti-katolikusok.de\\\/wp-content\\\/uploads\\\/2021\\\/05\\\/ascension-4770112-1280.jpg\",\"contentUrl\":\"https:\\\/\\\/stuttgarti-katolikusok.de\\\/wp-content\\\/uploads\\\/2021\\\/05\\\/ascension-4770112-1280.jpg\",\"width\":1280,\"height\":853},{\"@type\":\"BreadcrumbList\",\"@id\":\"https:\\\/\\\/stuttgarti-katolikusok.de\\\/index.php\\\/26802\\\/#breadcrumb\",\"itemListElement\":[{\"@type\":\"ListItem\",\"position\":1,\"name\":\"Kezd\u0151lap\",\"item\":\"https:\\\/\\\/stuttgarti-katolikusok.de\\\/\"},{\"@type\":\"ListItem\",\"position\":2,\"name\":\"2023. M\u00c1JUS 15 \u00c9S 21 K\u00d6Z\u00d6TT\"}]},{\"@type\":\"WebSite\",\"@id\":\"https:\\\/\\\/stuttgarti-katolikusok.de\\\/#website\",\"url\":\"https:\\\/\\\/stuttgarti-katolikusok.de\\\/\",\"name\":\"Stuttgarti Katolikusok\",\"description\":\"\",\"potentialAction\":[{\"@type\":\"SearchAction\",\"target\":{\"@type\":\"EntryPoint\",\"urlTemplate\":\"https:\\\/\\\/stuttgarti-katolikusok.de\\\/?s={search_term_string}\"},\"query-input\":{\"@type\":\"PropertyValueSpecification\",\"valueRequired\":true,\"valueName\":\"search_term_string\"}}],\"inLanguage\":\"hu\"},{\"@type\":\"Person\",\"@id\":\"https:\\\/\\\/stuttgarti-katolikusok.de\\\/#\\\/schema\\\/person\\\/75908d6f8fdc03a57889d27209df7795\",\"name\":\"Tibor atya\",\"image\":{\"@type\":\"ImageObject\",\"inLanguage\":\"hu\",\"@id\":\"https:\\\/\\\/secure.gravatar.com\\\/avatar\\\/61d268e57d1f4525b111222e29d2d5a7f8c420fdbf231ba5566a8ceac74fa960?s=96&d=mm&r=g\",\"url\":\"https:\\\/\\\/secure.gravatar.com\\\/avatar\\\/61d268e57d1f4525b111222e29d2d5a7f8c420fdbf231ba5566a8ceac74fa960?s=96&d=mm&r=g\",\"contentUrl\":\"https:\\\/\\\/secure.gravatar.com\\\/avatar\\\/61d268e57d1f4525b111222e29d2d5a7f8c420fdbf231ba5566a8ceac74fa960?s=96&d=mm&r=g\",\"caption\":\"Tibor atya\"},\"url\":\"https:\\\/\\\/stuttgarti-katolikusok.de\\\/index.php\\\/author\\\/tibor-atya\\\/\"}]}<\/script>\n<!-- \/ Yoast SEO plugin. -->","yoast_head_json":{"title":"2023. M\u00c1JUS 15 \u00c9S 21 K\u00d6Z\u00d6TT - Stuttgarti Katolikusok","robots":{"index":"index","follow":"follow","max-snippet":"max-snippet:-1","max-image-preview":"max-image-preview:large","max-video-preview":"max-video-preview:-1"},"canonical":"https:\/\/stuttgarti-katolikusok.de\/index.php\/26802\/","og_locale":"hu_HU","og_type":"article","og_title":"2023. M\u00c1JUS 15 \u00c9S 21 K\u00d6Z\u00d6TT - Stuttgarti Katolikusok","og_description":"Programel\u0151zetes M\u00e1jus 18-\u00e1n,\u00a0cs\u00fct\u00f6rt\u00f6k\u00f6n,\u00a0Urunk mennybemenetel\u00e9nek \u00fcnnepe, Heidenheimban 10.00 \u00f3rakor Csal\u00e1di Nap\u00a0 &#8211; keret\u00e9ben igeistentisztelet (Helysz\u00edn: j\u00f3 id\u0151 eset\u00e9n \u2013 Suppenkopf &#8211; https:\/\/goo.gl\/maps\/TLFYR3Fc4ogeAFRr6 &#8211; rossz id\u0151 eset\u00e9n: 89518 Heidenheim an der Brenz, Verdi Str. 13 \u2013 Dreifaltigkeitskirche k\u00f6z\u00f6ss\u00e9gi terme), Weingartenben 11.00 \u00f3rakor szentmise a 14 Nothelfer Kapelle-ben, Ulmban 15.00 \u00f3rakor szentmise, Stuttgartban 18.00 \u00f3rakor szentmise. * M\u00e1jus 19-\u00e9n, p\u00e9nteken, Stuttgarti d\u00e9lut\u00e1n, 17.30 \u00f3rakor r\u00f3zsaf\u00fcz\u00e9r, ut\u00e1na m\u00e1jusi \u00e1jtatoss\u00e1g, azt\u00e1n szentmise. * M\u00e1jus 20-\u00e1n, szombaton, Heidenheimban 15.30 \u00f3rakor szentmise, keret\u00e9ben els\u0151\u00e1ldoz\u00e1s, ut\u00e1na agap\u00e9. \u00a0* M\u00e1jus 21-\u00e9n,\u00a0H\u00fasv\u00e9t 7. vas\u00e1rnapja,\u00a0 Stuttgartban\u00a011.30 \u00f3rakor h\u00e1laad\u00f3\u00a0szentmise Egyh\u00e1zk\u00f6zs\u00e9g\u00fcnk alap\u00edt\u00e1s\u00e1nak 76. \u00e9vfordul\u00f3ja alkalm\u00e1b\u00f3l, ut\u00e1na k\u00f6z\u00f6s eb\u00e9den vesz\u00fcnk r\u00e9szt. A szentmis\u00e9n k\u00f6zrem\u0171k\u00f6dik K\u00e1pl\u00e1n Gy\u00f6rgy \u00e9nekm\u0171v\u00e9sz, a Magyar Kult\u00fara Lovagja, aki magyar szentjeink dics\u00e9reteit hozza el. Eislingenben 15.30 \u00f3rakor szentmise, ut\u00e1na agap\u00e9. \u00a0* Minden helyen mindenkit szeretettel v\u00e1r a k\u00f6z\u00f6ss\u00e9g \u00e9s Tibor atya! * &nbsp; (term\u00e9szetesen id\u00e9n az alap\u00edt\u00e1s 76. \u00e9vfordul\u00f3ja van) * Kegyelemteljes h\u00fasv\u00e9ti napokat, tartalmas besz\u00e9lget\u00e9seket \u00e9s \u00f6r\u00f6mteli tal\u00e1lkoz\u00e1sokat k\u00edv\u00e1nunk minden Kedves H\u00edv\u00fcnknek! * \u201eAk\u00e1r \u00f3ri\u00e1sok \u00e9p\u00edtik a kast\u00e9lyokat, ak\u00e1r emberek a kunyh\u00f3kat: kast\u00e9lyok, kunyh\u00f3k mind muland\u00f3 dolgok. Csup\u00e1n a hegyek, a v\u00f6lgyek, a foly\u00f3k \u00e9s a n\u00e9pek \u00f6r\u00f6kk\u00e9val\u00f3k, mert azokat Isten teremtette!\u201d\u00a0(Wass Albert, erd\u00e9lyi magyar \u00edr\u00f3 \u00e9s k\u00f6lt\u0151 &#8211; 1908 \u2013 1998) (K\u00e9p forr\u00e1sa: pixabay.com)","og_url":"https:\/\/stuttgarti-katolikusok.de\/index.php\/26802\/","og_site_name":"Stuttgarti Katolikusok","article_published_time":"2023-05-15T08:55:46+00:00","article_modified_time":"2023-05-15T21:43:41+00:00","og_image":[{"width":1280,"height":853,"url":"https:\/\/stuttgarti-katolikusok.de\/wp-content\/uploads\/2021\/05\/ascension-4770112-1280.jpg","type":"image\/jpeg"}],"author":"Tibor atya","twitter_card":"summary_large_image","twitter_misc":{"Szerz\u0151:":"Tibor atya","Becs\u00fclt olvas\u00e1si id\u0151":"2 perc"},"schema":{"@context":"https:\/\/schema.org","@graph":[{"@type":"Article","@id":"https:\/\/stuttgarti-katolikusok.de\/index.php\/26802\/#article","isPartOf":{"@id":"https:\/\/stuttgarti-katolikusok.de\/index.php\/26802\/"},"author":{"name":"Tibor atya","@id":"https:\/\/stuttgarti-katolikusok.de\/#\/schema\/person\/75908d6f8fdc03a57889d27209df7795"},"headline":"2023. M\u00c1JUS 15 \u00c9S 21 K\u00d6Z\u00d6TT","datePublished":"2023-05-15T08:55:46+00:00","dateModified":"2023-05-15T21:43:41+00:00","mainEntityOfPage":{"@id":"https:\/\/stuttgarti-katolikusok.de\/index.php\/26802\/"},"wordCount":295,"image":{"@id":"https:\/\/stuttgarti-katolikusok.de\/index.php\/26802\/#primaryimage"},"thumbnailUrl":"https:\/\/stuttgarti-katolikusok.de\/wp-content\/uploads\/2021\/05\/ascension-4770112-1280.jpg","articleSection":["Progamel\u0151zetes"],"inLanguage":"hu"},{"@type":"WebPage","@id":"https:\/\/stuttgarti-katolikusok.de\/index.php\/26802\/","url":"https:\/\/stuttgarti-katolikusok.de\/index.php\/26802\/","name":"2023. M\u00c1JUS 15 \u00c9S 21 K\u00d6Z\u00d6TT - Stuttgarti Katolikusok","isPartOf":{"@id":"https:\/\/stuttgarti-katolikusok.de\/#website"},"primaryImageOfPage":{"@id":"https:\/\/stuttgarti-katolikusok.de\/index.php\/26802\/#primaryimage"},"image":{"@id":"https:\/\/stuttgarti-katolikusok.de\/index.php\/26802\/#primaryimage"},"thumbnailUrl":"https:\/\/stuttgarti-katolikusok.de\/wp-content\/uploads\/2021\/05\/ascension-4770112-1280.jpg","datePublished":"2023-05-15T08:55:46+00:00","dateModified":"2023-05-15T21:43:41+00:00","author":{"@id":"https:\/\/stuttgarti-katolikusok.de\/#\/schema\/person\/75908d6f8fdc03a57889d27209df7795"},"breadcrumb":{"@id":"https:\/\/stuttgarti-katolikusok.de\/index.php\/26802\/#breadcrumb"},"inLanguage":"hu","potentialAction":[{"@type":"ReadAction","target":["https:\/\/stuttgarti-katolikusok.de\/index.php\/26802\/"]}]},{"@type":"ImageObject","inLanguage":"hu","@id":"https:\/\/stuttgarti-katolikusok.de\/index.php\/26802\/#primaryimage","url":"https:\/\/stuttgarti-katolikusok.de\/wp-content\/uploads\/2021\/05\/ascension-4770112-1280.jpg","contentUrl":"https:\/\/stuttgarti-katolikusok.de\/wp-content\/uploads\/2021\/05\/ascension-4770112-1280.jpg","width":1280,"height":853},{"@type":"BreadcrumbList","@id":"https:\/\/stuttgarti-katolikusok.de\/index.php\/26802\/#breadcrumb","itemListElement":[{"@type":"ListItem","position":1,"name":"Kezd\u0151lap","item":"https:\/\/stuttgarti-katolikusok.de\/"},{"@type":"ListItem","position":2,"name":"2023. M\u00c1JUS 15 \u00c9S 21 K\u00d6Z\u00d6TT"}]},{"@type":"WebSite","@id":"https:\/\/stuttgarti-katolikusok.de\/#website","url":"https:\/\/stuttgarti-katolikusok.de\/","name":"Stuttgarti Katolikusok","description":"","potentialAction":[{"@type":"SearchAction","target":{"@type":"EntryPoint","urlTemplate":"https:\/\/stuttgarti-katolikusok.de\/?s={search_term_string}"},"query-input":{"@type":"PropertyValueSpecification","valueRequired":true,"valueName":"search_term_string"}}],"inLanguage":"hu"},{"@type":"Person","@id":"https:\/\/stuttgarti-katolikusok.de\/#\/schema\/person\/75908d6f8fdc03a57889d27209df7795","name":"Tibor atya","image":{"@type":"ImageObject","inLanguage":"hu","@id":"https:\/\/secure.gravatar.com\/avatar\/61d268e57d1f4525b111222e29d2d5a7f8c420fdbf231ba5566a8ceac74fa960?s=96&d=mm&r=g","url":"https:\/\/secure.gravatar.com\/avatar\/61d268e57d1f4525b111222e29d2d5a7f8c420fdbf231ba5566a8ceac74fa960?s=96&d=mm&r=g","contentUrl":"https:\/\/secure.gravatar.com\/avatar\/61d268e57d1f4525b111222e29d2d5a7f8c420fdbf231ba5566a8ceac74fa960?s=96&d=mm&r=g","caption":"Tibor atya"},"url":"https:\/\/stuttgarti-katolikusok.de\/index.php\/author\/tibor-atya\/"}]}},"_links":{"self":[{"href":"https:\/\/stuttgarti-katolikusok.de\/index.php\/wp-json\/wp\/v2\/posts\/26802","targetHints":{"allow":["GET"]}}],"collection":[{"href":"https:\/\/stuttgarti-katolikusok.de\/index.php\/wp-json\/wp\/v2\/posts"}],"about":[{"href":"https:\/\/stuttgarti-katolikusok.de\/index.php\/wp-json\/wp\/v2\/types\/post"}],"author":[{"embeddable":true,"href":"https:\/\/stuttgarti-katolikusok.de\/index.php\/wp-json\/wp\/v2\/users\/3"}],"replies":[{"embeddable":true,"href":"https:\/\/stuttgarti-katolikusok.de\/index.php\/wp-json\/wp\/v2\/comments?post=26802"}],"version-history":[{"count":8,"href":"https:\/\/stuttgarti-katolikusok.de\/index.php\/wp-json\/wp\/v2\/posts\/26802\/revisions"}],"predecessor-version":[{"id":26826,"href":"https:\/\/stuttgarti-katolikusok.de\/index.php\/wp-json\/wp\/v2\/posts\/26802\/revisions\/26826"}],"wp:featuredmedia":[{"embeddable":true,"href":"https:\/\/stuttgarti-katolikusok.de\/index.php\/wp-json\/wp\/v2\/media\/21852"}],"wp:attachment":[{"href":"https:\/\/stuttgarti-katolikusok.de\/index.php\/wp-json\/wp\/v2\/media?parent=26802"}],"wp:term":[{"taxonomy":"category","embeddable":true,"href":"https:\/\/stuttgarti-katolikusok.de\/index.php\/wp-json\/wp\/v2\/categories?post=26802"},{"taxonomy":"post_tag","embeddable":true,"href":"https:\/\/stuttgarti-katolikusok.de\/index.php\/wp-json\/wp\/v2\/tags?post=26802"}],"curies":[{"name":"wp","href":"https:\/\/api.w.org\/{rel}","templated":true}]}}