{"id":26792,"date":"2023-05-13T13:36:00","date_gmt":"2023-05-13T11:36:00","guid":{"rendered":"https:\/\/stuttgarti-katolikusok.de\/?p=26792"},"modified":"2023-05-13T13:36:00","modified_gmt":"2023-05-13T11:36:00","slug":"husvet-6-vasarnapja-2","status":"publish","type":"post","link":"https:\/\/stuttgarti-katolikusok.de\/index.php\/husvet-6-vasarnapja-2\/","title":{"rendered":"H\u00fasv\u00e9t 6. vas\u00e1rnapja"},"content":{"rendered":"<p><span style=\"color: #ff0000;\"><strong>H\u00fasv\u00e9t 6. vas\u00e1rnapja \u2013 A t\u00e1rsadalmi kommunik\u00e1ci\u00f3 vil\u00e1gnapja<\/strong><\/span><\/p>\n<p><span style=\"color: #ff0000;\">Kezd\u0151\u00e9nek:<\/span><br \/>\nUjjong\u00f3 sz\u00f3val hirdess\u00e9tek, hogy mindenki hallja, hirdess\u00e9tek minden\u00fctt a f\u00f6ld\u00f6n: megv\u00e1ltotta az \u00dar az \u0151 n\u00e9p\u00e9t, alleluja. (V\u00f6. Iz 48,20)<\/p>\n<p><span style=\"color: #ff0000;\">K\u00f6ny\u00f6rg\u00e9s:<\/span><br \/>\nMindenhat\u00f3 Isten\u00fcnk, add, hogy odaad\u00f3 buzg\u00f3s\u00e1ggal \u00fcnnepelj\u00fck Urunk felt\u00e1mad\u00e1s\u00e1nak \u00f6r\u00f6mnapjait. Engedd, hogy cselekedeteinkkel mindenkor \u00e9letre v\u00e1ltsuk, amit az eml\u00e9kez\u00e9ssel felid\u00e9z\u00fcnk. A mi Urunk, J\u00e9zus Krisztus, a te Fiad \u00e1ltal, aki veled \u00e9l \u00e9s uralkodik a Szentl\u00e9lekkel egys\u00e9gben, Isten mind\u00f6r\u00f6kk\u00f6n \u00f6r\u00f6kk\u00e9.<\/p>\n<p align=\"justify\"><span style=\"color: #ff0000;\">OLVASM\u00c1NY az Apostolok Cselekedeteib\u0151l (ApCsel 8,5-8.14-17)<\/span><br \/>\n<em>R\u00e1juk tett\u00e9k a kez\u00fcket, s azok megkapt\u00e1k a Szentlelket.<\/em><br \/>\nAbban az id\u0151ben:<br \/>\nF\u00fcl\u00f6p elment Szamaria v\u00e1ros\u00e1ba, \u00e9s hirdetni kezdte Krisztust. A n\u00e9p, hallva \u00e9s l\u00e1tva a csod\u00e1kat, amelyeket v\u00e9gbevitt, fesz\u00fclt figyelemmel hallgatta. A tiszt\u00e1talan lelkek ugyanis nagy ki\u00e1lt\u00e1ssal elt\u00e1voztak sok megsz\u00e1llottb\u00f3l, \u00e9s sok b\u00e9na meg s\u00e1nta meggy\u00f3gyult. Nagy lett az \u00f6r\u00f6m abban a v\u00e1rosban.<br \/>\nAmikor a Jeruzs\u00e1lemben maradt apostolok meghallott\u00e1k, hogy Szamaria befogadta az Isten szav\u00e1t, elk\u00fcldt\u00e9k hozz\u00e1juk P\u00e9tert \u00e9s J\u00e1nost. Mikor meg\u00e9rkeztek, im\u00e1dkoztak \u00e9rt\u00fck, hogy sz\u00e1lljon le r\u00e1juk a Szentl\u00e9lek. Mert addig m\u00e9g nem sz\u00e1llt le r\u00e1juk, csak meg voltak keresztelve Urunk J\u00e9zus nev\u00e9ben. R\u00e1juk tett\u00e9k teh\u00e1t a kez\u00fcket, \u00e9s azok megkapt\u00e1k a Szentlelket.<br \/>\nEz az Isten ig\u00e9je.<\/p>\n<p align=\"justify\"><span style=\"color: #ff0000;\">V\u00c1LASZOS ZSOLT\u00c1R (Zsolt 65,1-3a.4-5.6-7a.16 \u00e9s 20)<\/span><br \/>\nV\u00e1lasz:\u00a0<strong>Minden f\u00f6ld Istent dics\u00e9rje!<\/strong>\u00a010. t\u00f3nus, 13. dallam.<br \/>\nVagy:\u00a0<strong>Alleluja, alleluja.<\/strong>\u00a010. sz\u00e1m.<br \/>\nEl\u0151\u00e9nekes: Minden f\u00f6ld dics\u00e9rje az Istent, * dics\u0151 nev\u00e9nek zsolt\u00e1rt zengjetek.<br \/>\nMagasztal\u00f3 \u00e9nekkel mondj\u00e1tok Istennek: * \u201eMily csod\u00e1sak a te m\u0171veid!\u201d<br \/>\nH\u00edvek: Minden f\u00f6ld Istent dics\u00e9rje!<br \/>\nVagy: Alleluja, alleluja.<br \/>\nE: Az eg\u00e9sz f\u00f6ld im\u00e1djon \u00e9s magasztaljon t\u00e9ged, * nevedet zsolt\u00e1rral dics\u00e9rje.<br \/>\nJ\u00f6jjetek, \u00e9s l\u00e1ss\u00e1tok Isten m\u0171veit, * csod\u00e1latos, amit az emberek\u00e9rt v\u00e9gbevitt.<br \/>\nH: Minden f\u00f6ld Istent dics\u00e9rje!<br \/>\nVagy: Alleluja, alleluja.<br \/>\nE: Sz\u00e1razf\u00f6ldd\u00e9 tette a tengert, * gyalogszerrel keltek \u00e1t a v\u00edzen.<br \/>\n\u00d6rvendezz\u00fcnk teh\u00e1t \u0151benne, * mert hatalm\u00e1val uralkodik mind\u00f6r\u00f6kk\u00e9.<br \/>\nH: Minden f\u00f6ld Istent dics\u00e9rje!<br \/>\nVagy: Alleluja, alleluja.<br \/>\nE: Jertek ide mind, \u00e9s hallj\u00e1tok, \u2020 kik f\u00e9litek az Istent, * elmondom, mily nagy dolgot tett v\u00e9lem.<br \/>\n\u00c1ldott legyen az Isten, aki nem vetette el im\u00e1mat, * \u00e9s nem vonta meg t\u0151lem irgalm\u00e1t.<br \/>\nH: Minden f\u00f6ld Istent dics\u00e9rje!<br \/>\nVagy: Alleluja, alleluja.<\/p>\n<p align=\"justify\"><span style=\"color: #ff0000;\">SZENTLECKE Szent P\u00e9ter apostol els\u0151 level\u00e9b\u0151l (1P\u00e9t 3,15-18)<\/span><br \/>\n<em>Test szerint ugyan meg\u00f6lt\u00e9k J\u00e9zust, de a L\u00e9lek szerint \u00e9letre kelt.<\/em><br \/>\nSzeretteim!<br \/>\nUrunkat, Krisztust szent\u00fcl tisztelj\u00e9tek sz\u00edvetekben!<br \/>\nLegyetek mindig k\u00e9szen arra, hogy mindenkinek v\u00e1laszolni tudjatok, aki csak k\u00e9rdezi, mi az alapja rem\u00e9nyeteknek. De ezt szel\u00edden, tiszteletteljesen \u00e9s j\u00f3 lelkiismerettel tegy\u00e9tek, hogy akik Krisztusban val\u00f3 sz\u00e9p \u00e9letetek miatt gyal\u00e1znak titeket, sz\u00e9gyenben maradjanak r\u00e1galmaikkal.<br \/>\nJobb ugyanis, ha ink\u00e1bb j\u00f3tetteitek\u00e9rt szenvedtek, mikor ez az Isten akarata, mintsem gonoszs\u00e1gaitok\u00e9rt. Mert Krisztus is meghalt egykor a b\u0171n\u00f6k miatt, az Igaz a b\u0171n\u00f6s\u00f6k\u00e9rt, hogy Istenhez vezessen minket. Test szerint ugyan meg\u00f6lt\u00e9k \u0151t, de a L\u00e9lek szerint \u00e9letre kelt.<br \/>\nEz az Isten ig\u00e9je.<\/p>\n<p align=\"justify\">\n<span style=\"color: #ff0000;\">ALLELUJA<\/span><br \/>\nJ\u00e9zus mondja: \u2020 \u201eAki szeret engem, megfogadja szavamat. * Aty\u00e1m is szeretni fogja, \u00e9s hozz\u00e1 k\u00f6lt\u00f6z\u00fcnk. Jn 14,23 \u2013 8 G. t\u00f3nus.<\/p>\n<p align=\"justify\"><span style=\"color: #ff0000;\">\u2020 EVANG\u00c9LIUM Szent J\u00e1nos k\u00f6nyv\u00e9b\u0151l (Jn 14,15-21)<\/span><br \/>\n<em>K\u00e9rni fogom az Aty\u00e1t, \u00e9s m\u00e1s Vigasztal\u00f3t ad majd nektek.<\/em><br \/>\nAbban az id\u0151ben J\u00e9zus \u00edgy sz\u00f3lt tan\u00edtv\u00e1nyaihoz:<br \/>\nHa szerettek engem, tarts\u00e1tok meg parancsaimat. \u00c9n pedig k\u00e9rni fogom az Aty\u00e1t, \u00e9s \u0151 m\u00e1s Vigasztal\u00f3t ad majd nektek: az Igazs\u00e1g Lelk\u00e9t, aki \u00f6r\u00f6kre veletek marad. A vil\u00e1g nem kaphatja meg, mert nem l\u00e1tja \u00e9s nem ismeri. De ti ismeritek \u0151t, mert veletek marad \u00e9s bennetek lakik. Nem hagylak \u00e1rv\u00e1n titeket: visszaj\u00f6v\u00f6k hozz\u00e1tok. R\u00f6vid id\u0151, \u00e9s m\u00e1r nem l\u00e1t engem a vil\u00e1g. Ti azonban l\u00e1ttok, mert \u00e9n \u00e9lek, \u00e9s ti is \u00e9lni fogtok.<br \/>\nAzon a napon megtudj\u00e1tok majd, hogy \u00e9n Aty\u00e1mban vagyok, ti \u00e9nbennem, \u00e9n pedig tibennetek. Aki ismeri \u00e9s teljes\u00edti parancsaimat, az szeret engem. Aki pedig szeret engem, azt Aty\u00e1m is szereti, \u00e9n is szeretni fogom, \u00e9s \u00e9n megmutatom neki magamat.<br \/>\nEzek az evang\u00e9lium ig\u00e9i.<\/p>\n<p><span style=\"color: #ff0000;\">EGYETEMES K\u00d6NY\u00d6RG\u00c9SEK<\/span><br \/>\nPap: Testv\u00e9reim! A mennyei Atya azt akarja, hogy k\u00f6vess\u00fck szent Fi\u00e1t. K\u00e9rj\u00fck ehhez bizalommal seg\u00edts\u00e9g\u00e9t!<br \/>\nLektor: 1. Hogy Egyh\u00e1zad mindig Krisztus \u00fatj\u00e1n j\u00e1rjon!<br \/>\nH\u00edvek: K\u00e9r\u00fcnk t\u00e9ged, hallgass meg minket!<br \/>\n2. Hogy minden ember sz\u00e1m\u00e1ra Krisztus legyen az \u00fat, az igazs\u00e1g \u00e9s az \u00e9let!<br \/>\nH\u00edvek: K\u00e9r\u00fcnk t\u00e9ged . . .<br \/>\n3. Hogy az emberis\u00e9g az evang\u00e9lium f\u00e9ny\u00e9ben megtal\u00e1lja a b\u00e9k\u00e9re vezet\u0151 utat!<br \/>\nH\u00edvek: K\u00e9r\u00fcnk t\u00e9ged . . .<br \/>\n4. Hogy szent n\u00e9ped mindenben keresse \u00e9s teljes\u00edtse akaratodat!<br \/>\nH\u00edvek: K\u00e9r\u00fcnk t\u00e9ged . . .<br \/>\n5. Hogy a kereszt\u00e9nyek \u00e9let\u00fckkel tegyenek tan\u00fas\u00e1got a Krisztusban val\u00f3 hit\u00fckr\u0151l!<br \/>\nH\u00edvek: K\u00e9r\u00fcnk t\u00e9ged . . .<br \/>\nPap: Mennyei Aty\u00e1nk! Hallgasd meg k\u00f6ny\u00f6rg\u00e9s\u00fcnket. Seg\u00edts, hogy Fiad \u00fatj\u00e1n j\u00e1rjunk, k\u00f6vess\u00fck az \u0151 tan\u00edt\u00e1s\u00e1t, s \u00edgy elnyerj\u00fck az \u00f6r\u00f6k \u00e9letet. Krisztus, a mi Urunk \u00e1ltal.<br \/>\nH\u00edvek: \u00c1men.<\/p>\n<p><span style=\"color: #ff0000;\">Felaj\u00e1nl\u00f3 k\u00f6ny\u00f6rg\u00e9s:<\/span><br \/>\nUrunk, Isten\u00fcnk, fogadd el k\u00f6ny\u00f6rg\u00e9seinket \u00e1ldozati adom\u00e1nyainkkal egy\u00fctt. Add, hogy kegyelmed erej\u00e9b\u0151l megtisztulva atyai j\u00f3s\u00e1god szents\u00e9geihez m\u00e9lt\u00f3k legy\u00fcnk. Krisztus, a mi Urunk \u00e1ltal.<\/p>\n<p><span style=\"color: #ff0000;\">Pref\u00e1ci\u00f3:<\/span><br \/>\n<em><span style=\"color: #ff0000;\">H\u00daSV\u00c9TI PREF\u00c1CI\u00d3 I.<\/span><br \/>\nH\u00fasv\u00e9t szent titka<\/em><br \/>\n<em>A k\u00f6vetkez\u0151 pref\u00e1ci\u00f3t a h\u00fasv\u00e9ti id\u0151ben mondjuk.<\/em><\/p>\n<p>Az \u00dar legyen veletek.<br \/>\nH.: \u00c9s a te lelkeddel.<br \/>\nEmelj\u00fck f\u00f6l sz\u00edv\u00fcnket.<br \/>\nH.: F\u00f6lemelt\u00fck az \u00darhoz.<br \/>\nAdjunk h\u00e1l\u00e1t Urunknak, Isten\u00fcnknek.<br \/>\nH.: M\u00e9lt\u00f3 \u00e9s igazs\u00e1gos.<br \/>\n(Mert) Val\u00f3ban m\u00e9lt\u00f3 \u00e9s igazs\u00e1gos, ill\u0151 \u00e9s \u00fcdv\u00f6s, hogy minden id\u0151ben magasztaljunk, Urunk, t\u00e9ged, de k\u00fcl\u00f6n\u00f6sen most, a h\u00fasv\u00e9ti id\u0151ben, \u2013 mid\u0151n \u00e1ldozatt\u00e1 lett \u00e9rt\u00fcnk KRISZtus, a H\u00fasv\u00e9ti B\u00e1r\u00e1ny.<br \/>\nMert \u0151 az igazi B\u00e1r\u00e1ny, aki elvette a vil\u00e1g b\u0171neit, \u2013 hal\u00e1lunkat hal\u00e1l\u00e1val MEGt\u00f6rte, \u00e9s felt\u00e1mad\u00e1s\u00e1val \u00faj \u00e9letet szerzett n\u00e9k\u00fcnk.<br \/>\nA h\u00fasv\u00e9ti \u00f6r\u00f6m ez\u00e9rt ki\u00e1rad az eg\u00e9sz f\u00f6ldre, a nagyvil\u00e1g \u00f6rvendezve ujjong, a mennyei er\u0151k \u00e9s a hatalmas angyalok, \u2013 (a te) dics\u0151s\u00e9ged himnusz\u00e1t ZENgik, \u00e9s v\u00e9g n\u00e9lk\u00fcl mondj\u00e1k: (\u00e9neklik:)<\/p>\n<p><span style=\"color: #ff0000;\">\u00c1ldoz\u00e1si \u00e9nek:<\/span><br \/>\nHa szerettek engem, tarts\u00e1tok meg parancsaimat \u2013 mondja az \u00dar. \u00c9n pedig k\u00e9rni fogom az Aty\u00e1t, \u00e9s m\u00e1s Vigasztal\u00f3t ad nektek, aki veletek marad mind\u00f6r\u00f6kk\u00e9, alleluja. (Jn 14,15-16)<\/p>\n<p><span style=\"color: #ff0000;\">\u00c1ldoz\u00e1s ut\u00e1ni k\u00f6ny\u00f6rg\u00e9s:<\/span><br \/>\nMindenhat\u00f3, \u00f6r\u00f6k Isten, te Krisztus felt\u00e1mad\u00e1s\u00e1ban \u00fajj\u00e1teremtesz minket az \u00f6r\u00f6k \u00e9letre. N\u00f6veld benn\u00fcnk a h\u00fasv\u00e9ti szents\u00e9g kegyelm\u00e9t, \u00e9s az \u00fcdv\u00f6ss\u00e9g kenyer\u00e9nek erej\u00e9t \u00e1raszd sz\u00edv\u00fcnkbe. Krisztus, a mi Urunk \u00e1ltal.<\/p>\n<p><em>(K\u00e9p forr\u00e1sa: kattima.hu)<\/em><\/p>\n","protected":false},"excerpt":{"rendered":"<p>H\u00fasv\u00e9t 6. vas\u00e1rnapja \u2013 A t\u00e1rsadalmi kommunik\u00e1ci\u00f3 vil\u00e1gnapja Kezd\u0151\u00e9nek: Ujjong\u00f3 sz\u00f3val hirdess\u00e9tek, hogy mindenki hallja, hirdess\u00e9tek minden\u00fctt a f\u00f6ld\u00f6n: megv\u00e1ltotta az \u00dar az \u0151 n\u00e9p\u00e9t, alleluja. (V\u00f6. Iz 48,20) K\u00f6ny\u00f6rg\u00e9s: Mindenhat\u00f3 Isten\u00fcnk, add, hogy odaad\u00f3 buzg\u00f3s\u00e1ggal \u00fcnnepelj\u00fck Urunk felt\u00e1mad\u00e1s\u00e1nak \u00f6r\u00f6mnapjait. Engedd, hogy cselekedeteinkkel mindenkor \u00e9letre v\u00e1ltsuk, amit az eml\u00e9kez\u00e9ssel felid\u00e9z\u00fcnk. A mi Urunk, J\u00e9zus Krisztus, a te Fiad \u00e1ltal, aki veled \u00e9l \u00e9s uralkodik a Szentl\u00e9lekkel egys\u00e9gben, Isten mind\u00f6r\u00f6kk\u00f6n \u00f6r\u00f6kk\u00e9. OLVASM\u00c1NY az Apostolok Cselekedeteib\u0151l (ApCsel 8,5-8.14-17) R\u00e1juk tett\u00e9k a kez\u00fcket, s azok megkapt\u00e1k a Szentlelket. Abban az id\u0151ben: F\u00fcl\u00f6p elment Szamaria v\u00e1ros\u00e1ba, \u00e9s hirdetni kezdte Krisztust. A n\u00e9p, hallva \u00e9s l\u00e1tva a csod\u00e1kat, amelyeket v\u00e9gbevitt, fesz\u00fclt figyelemmel hallgatta. A tiszt\u00e1talan lelkek ugyanis nagy ki\u00e1lt\u00e1ssal elt\u00e1voztak sok megsz\u00e1llottb\u00f3l, \u00e9s sok b\u00e9na meg s\u00e1nta meggy\u00f3gyult. Nagy lett az \u00f6r\u00f6m abban a v\u00e1rosban. Amikor a Jeruzs\u00e1lemben maradt apostolok meghallott\u00e1k, hogy Szamaria befogadta az Isten szav\u00e1t, elk\u00fcldt\u00e9k hozz\u00e1juk P\u00e9tert \u00e9s J\u00e1nost. Mikor meg\u00e9rkeztek, im\u00e1dkoztak \u00e9rt\u00fck, hogy sz\u00e1lljon le r\u00e1juk a Szentl\u00e9lek. Mert addig m\u00e9g nem sz\u00e1llt le r\u00e1juk, csak meg voltak keresztelve Urunk J\u00e9zus nev\u00e9ben. R\u00e1juk tett\u00e9k teh\u00e1t a kez\u00fcket, \u00e9s azok megkapt\u00e1k a Szentlelket. Ez az Isten ig\u00e9je. V\u00c1LASZOS ZSOLT\u00c1R (Zsolt 65,1-3a.4-5.6-7a.16 \u00e9s 20) V\u00e1lasz:\u00a0Minden f\u00f6ld Istent dics\u00e9rje!\u00a010. t\u00f3nus, 13. dallam. Vagy:\u00a0Alleluja, alleluja.\u00a010. sz\u00e1m. El\u0151\u00e9nekes: Minden f\u00f6ld dics\u00e9rje az Istent, * dics\u0151 nev\u00e9nek zsolt\u00e1rt zengjetek. Magasztal\u00f3 \u00e9nekkel mondj\u00e1tok Istennek: * \u201eMily csod\u00e1sak a te m\u0171veid!\u201d H\u00edvek: Minden f\u00f6ld Istent dics\u00e9rje! Vagy: Alleluja, alleluja. E: Az eg\u00e9sz f\u00f6ld im\u00e1djon \u00e9s magasztaljon t\u00e9ged, * nevedet zsolt\u00e1rral dics\u00e9rje. J\u00f6jjetek, \u00e9s l\u00e1ss\u00e1tok Isten m\u0171veit, * csod\u00e1latos, amit az emberek\u00e9rt v\u00e9gbevitt. H: Minden f\u00f6ld Istent dics\u00e9rje! Vagy: Alleluja, alleluja. E: Sz\u00e1razf\u00f6ldd\u00e9 tette a tengert, * gyalogszerrel keltek \u00e1t a v\u00edzen. \u00d6rvendezz\u00fcnk teh\u00e1t \u0151benne, * mert hatalm\u00e1val uralkodik mind\u00f6r\u00f6kk\u00e9. H: Minden f\u00f6ld Istent dics\u00e9rje! Vagy: Alleluja, alleluja. E: Jertek ide mind, \u00e9s hallj\u00e1tok, \u2020 kik f\u00e9litek az Istent, *&#8230; <\/p>\n<p><a class=\"readmore\" href=\"https:\/\/stuttgarti-katolikusok.de\/index.php\/husvet-6-vasarnapja-2\/\">R\u00e9szletek<\/a><\/p>\n","protected":false},"author":3,"featured_media":26793,"comment_status":"closed","ping_status":"closed","sticky":false,"template":"","format":"standard","meta":{"footnotes":""},"categories":[85,63],"tags":[],"class_list":["post-26792","post","type-post","status-publish","format-standard","has-post-thumbnail","hentry","category-a-liturgia-olvasmanyai","category-vasarnapi-gondolatok"],"yoast_head":"<!-- This site is optimized with the Yoast SEO plugin v27.3 - https:\/\/yoast.com\/product\/yoast-seo-wordpress\/ -->\n<title>H\u00fasv\u00e9t 6. vas\u00e1rnapja - Stuttgarti Katolikusok<\/title>\n<meta name=\"robots\" content=\"index, follow, max-snippet:-1, max-image-preview:large, max-video-preview:-1\" \/>\n<link rel=\"canonical\" href=\"https:\/\/stuttgarti-katolikusok.de\/index.php\/husvet-6-vasarnapja-2\/\" \/>\n<meta property=\"og:locale\" content=\"hu_HU\" \/>\n<meta property=\"og:type\" content=\"article\" \/>\n<meta property=\"og:title\" content=\"H\u00fasv\u00e9t 6. vas\u00e1rnapja - Stuttgarti Katolikusok\" \/>\n<meta property=\"og:description\" content=\"H\u00fasv\u00e9t 6. vas\u00e1rnapja \u2013 A t\u00e1rsadalmi kommunik\u00e1ci\u00f3 vil\u00e1gnapja Kezd\u0151\u00e9nek: Ujjong\u00f3 sz\u00f3val hirdess\u00e9tek, hogy mindenki hallja, hirdess\u00e9tek minden\u00fctt a f\u00f6ld\u00f6n: megv\u00e1ltotta az \u00dar az \u0151 n\u00e9p\u00e9t, alleluja. (V\u00f6. Iz 48,20) K\u00f6ny\u00f6rg\u00e9s: Mindenhat\u00f3 Isten\u00fcnk, add, hogy odaad\u00f3 buzg\u00f3s\u00e1ggal \u00fcnnepelj\u00fck Urunk felt\u00e1mad\u00e1s\u00e1nak \u00f6r\u00f6mnapjait. Engedd, hogy cselekedeteinkkel mindenkor \u00e9letre v\u00e1ltsuk, amit az eml\u00e9kez\u00e9ssel felid\u00e9z\u00fcnk. A mi Urunk, J\u00e9zus Krisztus, a te Fiad \u00e1ltal, aki veled \u00e9l \u00e9s uralkodik a Szentl\u00e9lekkel egys\u00e9gben, Isten mind\u00f6r\u00f6kk\u00f6n \u00f6r\u00f6kk\u00e9. OLVASM\u00c1NY az Apostolok Cselekedeteib\u0151l (ApCsel 8,5-8.14-17) R\u00e1juk tett\u00e9k a kez\u00fcket, s azok megkapt\u00e1k a Szentlelket. Abban az id\u0151ben: F\u00fcl\u00f6p elment Szamaria v\u00e1ros\u00e1ba, \u00e9s hirdetni kezdte Krisztust. A n\u00e9p, hallva \u00e9s l\u00e1tva a csod\u00e1kat, amelyeket v\u00e9gbevitt, fesz\u00fclt figyelemmel hallgatta. A tiszt\u00e1talan lelkek ugyanis nagy ki\u00e1lt\u00e1ssal elt\u00e1voztak sok megsz\u00e1llottb\u00f3l, \u00e9s sok b\u00e9na meg s\u00e1nta meggy\u00f3gyult. Nagy lett az \u00f6r\u00f6m abban a v\u00e1rosban. Amikor a Jeruzs\u00e1lemben maradt apostolok meghallott\u00e1k, hogy Szamaria befogadta az Isten szav\u00e1t, elk\u00fcldt\u00e9k hozz\u00e1juk P\u00e9tert \u00e9s J\u00e1nost. Mikor meg\u00e9rkeztek, im\u00e1dkoztak \u00e9rt\u00fck, hogy sz\u00e1lljon le r\u00e1juk a Szentl\u00e9lek. Mert addig m\u00e9g nem sz\u00e1llt le r\u00e1juk, csak meg voltak keresztelve Urunk J\u00e9zus nev\u00e9ben. R\u00e1juk tett\u00e9k teh\u00e1t a kez\u00fcket, \u00e9s azok megkapt\u00e1k a Szentlelket. Ez az Isten ig\u00e9je. V\u00c1LASZOS ZSOLT\u00c1R (Zsolt 65,1-3a.4-5.6-7a.16 \u00e9s 20) V\u00e1lasz:\u00a0Minden f\u00f6ld Istent dics\u00e9rje!\u00a010. t\u00f3nus, 13. dallam. Vagy:\u00a0Alleluja, alleluja.\u00a010. sz\u00e1m. El\u0151\u00e9nekes: Minden f\u00f6ld dics\u00e9rje az Istent, * dics\u0151 nev\u00e9nek zsolt\u00e1rt zengjetek. Magasztal\u00f3 \u00e9nekkel mondj\u00e1tok Istennek: * \u201eMily csod\u00e1sak a te m\u0171veid!\u201d H\u00edvek: Minden f\u00f6ld Istent dics\u00e9rje! Vagy: Alleluja, alleluja. E: Az eg\u00e9sz f\u00f6ld im\u00e1djon \u00e9s magasztaljon t\u00e9ged, * nevedet zsolt\u00e1rral dics\u00e9rje. J\u00f6jjetek, \u00e9s l\u00e1ss\u00e1tok Isten m\u0171veit, * csod\u00e1latos, amit az emberek\u00e9rt v\u00e9gbevitt. H: Minden f\u00f6ld Istent dics\u00e9rje! Vagy: Alleluja, alleluja. E: Sz\u00e1razf\u00f6ldd\u00e9 tette a tengert, * gyalogszerrel keltek \u00e1t a v\u00edzen. \u00d6rvendezz\u00fcnk teh\u00e1t \u0151benne, * mert hatalm\u00e1val uralkodik mind\u00f6r\u00f6kk\u00e9. H: Minden f\u00f6ld Istent dics\u00e9rje! Vagy: Alleluja, alleluja. E: Jertek ide mind, \u00e9s hallj\u00e1tok, \u2020 kik f\u00e9litek az Istent, *... R\u00e9szletek\" \/>\n<meta property=\"og:url\" content=\"https:\/\/stuttgarti-katolikusok.de\/index.php\/husvet-6-vasarnapja-2\/\" \/>\n<meta property=\"og:site_name\" content=\"Stuttgarti Katolikusok\" \/>\n<meta property=\"article:published_time\" content=\"2023-05-13T11:36:00+00:00\" \/>\n<meta property=\"og:image\" content=\"https:\/\/stuttgarti-katolikusok.de\/wp-content\/uploads\/2023\/05\/husvet-6-vasarnap.jpg\" \/>\n\t<meta property=\"og:image:width\" content=\"1141\" \/>\n\t<meta property=\"og:image:height\" content=\"642\" \/>\n\t<meta property=\"og:image:type\" content=\"image\/jpeg\" \/>\n<meta name=\"author\" content=\"Tibor atya\" \/>\n<meta name=\"twitter:card\" content=\"summary_large_image\" \/>\n<meta name=\"twitter:label1\" content=\"Szerz\u0151:\" \/>\n\t<meta name=\"twitter:data1\" content=\"Tibor atya\" \/>\n\t<meta name=\"twitter:label2\" content=\"Becs\u00fclt olvas\u00e1si id\u0151\" \/>\n\t<meta name=\"twitter:data2\" content=\"6 perc\" \/>\n<script type=\"application\/ld+json\" class=\"yoast-schema-graph\">{\"@context\":\"https:\\\/\\\/schema.org\",\"@graph\":[{\"@type\":\"Article\",\"@id\":\"https:\\\/\\\/stuttgarti-katolikusok.de\\\/index.php\\\/husvet-6-vasarnapja-2\\\/#article\",\"isPartOf\":{\"@id\":\"https:\\\/\\\/stuttgarti-katolikusok.de\\\/index.php\\\/husvet-6-vasarnapja-2\\\/\"},\"author\":{\"name\":\"Tibor atya\",\"@id\":\"https:\\\/\\\/stuttgarti-katolikusok.de\\\/#\\\/schema\\\/person\\\/75908d6f8fdc03a57889d27209df7795\"},\"headline\":\"H\u00fasv\u00e9t 6. vas\u00e1rnapja\",\"datePublished\":\"2023-05-13T11:36:00+00:00\",\"mainEntityOfPage\":{\"@id\":\"https:\\\/\\\/stuttgarti-katolikusok.de\\\/index.php\\\/husvet-6-vasarnapja-2\\\/\"},\"wordCount\":1314,\"image\":{\"@id\":\"https:\\\/\\\/stuttgarti-katolikusok.de\\\/index.php\\\/husvet-6-vasarnapja-2\\\/#primaryimage\"},\"thumbnailUrl\":\"https:\\\/\\\/stuttgarti-katolikusok.de\\\/wp-content\\\/uploads\\\/2023\\\/05\\\/husvet-6-vasarnap.jpg\",\"articleSection\":[\"A liturgia olvasm\u00e1nyai\",\"Vas\u00e1rnapi gondolatok\"],\"inLanguage\":\"hu\"},{\"@type\":\"WebPage\",\"@id\":\"https:\\\/\\\/stuttgarti-katolikusok.de\\\/index.php\\\/husvet-6-vasarnapja-2\\\/\",\"url\":\"https:\\\/\\\/stuttgarti-katolikusok.de\\\/index.php\\\/husvet-6-vasarnapja-2\\\/\",\"name\":\"H\u00fasv\u00e9t 6. vas\u00e1rnapja - Stuttgarti Katolikusok\",\"isPartOf\":{\"@id\":\"https:\\\/\\\/stuttgarti-katolikusok.de\\\/#website\"},\"primaryImageOfPage\":{\"@id\":\"https:\\\/\\\/stuttgarti-katolikusok.de\\\/index.php\\\/husvet-6-vasarnapja-2\\\/#primaryimage\"},\"image\":{\"@id\":\"https:\\\/\\\/stuttgarti-katolikusok.de\\\/index.php\\\/husvet-6-vasarnapja-2\\\/#primaryimage\"},\"thumbnailUrl\":\"https:\\\/\\\/stuttgarti-katolikusok.de\\\/wp-content\\\/uploads\\\/2023\\\/05\\\/husvet-6-vasarnap.jpg\",\"datePublished\":\"2023-05-13T11:36:00+00:00\",\"author\":{\"@id\":\"https:\\\/\\\/stuttgarti-katolikusok.de\\\/#\\\/schema\\\/person\\\/75908d6f8fdc03a57889d27209df7795\"},\"breadcrumb\":{\"@id\":\"https:\\\/\\\/stuttgarti-katolikusok.de\\\/index.php\\\/husvet-6-vasarnapja-2\\\/#breadcrumb\"},\"inLanguage\":\"hu\",\"potentialAction\":[{\"@type\":\"ReadAction\",\"target\":[\"https:\\\/\\\/stuttgarti-katolikusok.de\\\/index.php\\\/husvet-6-vasarnapja-2\\\/\"]}]},{\"@type\":\"ImageObject\",\"inLanguage\":\"hu\",\"@id\":\"https:\\\/\\\/stuttgarti-katolikusok.de\\\/index.php\\\/husvet-6-vasarnapja-2\\\/#primaryimage\",\"url\":\"https:\\\/\\\/stuttgarti-katolikusok.de\\\/wp-content\\\/uploads\\\/2023\\\/05\\\/husvet-6-vasarnap.jpg\",\"contentUrl\":\"https:\\\/\\\/stuttgarti-katolikusok.de\\\/wp-content\\\/uploads\\\/2023\\\/05\\\/husvet-6-vasarnap.jpg\",\"width\":1141,\"height\":642},{\"@type\":\"BreadcrumbList\",\"@id\":\"https:\\\/\\\/stuttgarti-katolikusok.de\\\/index.php\\\/husvet-6-vasarnapja-2\\\/#breadcrumb\",\"itemListElement\":[{\"@type\":\"ListItem\",\"position\":1,\"name\":\"Kezd\u0151lap\",\"item\":\"https:\\\/\\\/stuttgarti-katolikusok.de\\\/\"},{\"@type\":\"ListItem\",\"position\":2,\"name\":\"H\u00fasv\u00e9t 6. vas\u00e1rnapja\"}]},{\"@type\":\"WebSite\",\"@id\":\"https:\\\/\\\/stuttgarti-katolikusok.de\\\/#website\",\"url\":\"https:\\\/\\\/stuttgarti-katolikusok.de\\\/\",\"name\":\"Stuttgarti Katolikusok\",\"description\":\"\",\"potentialAction\":[{\"@type\":\"SearchAction\",\"target\":{\"@type\":\"EntryPoint\",\"urlTemplate\":\"https:\\\/\\\/stuttgarti-katolikusok.de\\\/?s={search_term_string}\"},\"query-input\":{\"@type\":\"PropertyValueSpecification\",\"valueRequired\":true,\"valueName\":\"search_term_string\"}}],\"inLanguage\":\"hu\"},{\"@type\":\"Person\",\"@id\":\"https:\\\/\\\/stuttgarti-katolikusok.de\\\/#\\\/schema\\\/person\\\/75908d6f8fdc03a57889d27209df7795\",\"name\":\"Tibor atya\",\"image\":{\"@type\":\"ImageObject\",\"inLanguage\":\"hu\",\"@id\":\"https:\\\/\\\/secure.gravatar.com\\\/avatar\\\/61d268e57d1f4525b111222e29d2d5a7f8c420fdbf231ba5566a8ceac74fa960?s=96&d=mm&r=g\",\"url\":\"https:\\\/\\\/secure.gravatar.com\\\/avatar\\\/61d268e57d1f4525b111222e29d2d5a7f8c420fdbf231ba5566a8ceac74fa960?s=96&d=mm&r=g\",\"contentUrl\":\"https:\\\/\\\/secure.gravatar.com\\\/avatar\\\/61d268e57d1f4525b111222e29d2d5a7f8c420fdbf231ba5566a8ceac74fa960?s=96&d=mm&r=g\",\"caption\":\"Tibor atya\"},\"url\":\"https:\\\/\\\/stuttgarti-katolikusok.de\\\/index.php\\\/author\\\/tibor-atya\\\/\"}]}<\/script>\n<!-- \/ Yoast SEO plugin. -->","yoast_head_json":{"title":"H\u00fasv\u00e9t 6. vas\u00e1rnapja - Stuttgarti Katolikusok","robots":{"index":"index","follow":"follow","max-snippet":"max-snippet:-1","max-image-preview":"max-image-preview:large","max-video-preview":"max-video-preview:-1"},"canonical":"https:\/\/stuttgarti-katolikusok.de\/index.php\/husvet-6-vasarnapja-2\/","og_locale":"hu_HU","og_type":"article","og_title":"H\u00fasv\u00e9t 6. vas\u00e1rnapja - Stuttgarti Katolikusok","og_description":"H\u00fasv\u00e9t 6. vas\u00e1rnapja \u2013 A t\u00e1rsadalmi kommunik\u00e1ci\u00f3 vil\u00e1gnapja Kezd\u0151\u00e9nek: Ujjong\u00f3 sz\u00f3val hirdess\u00e9tek, hogy mindenki hallja, hirdess\u00e9tek minden\u00fctt a f\u00f6ld\u00f6n: megv\u00e1ltotta az \u00dar az \u0151 n\u00e9p\u00e9t, alleluja. (V\u00f6. Iz 48,20) K\u00f6ny\u00f6rg\u00e9s: Mindenhat\u00f3 Isten\u00fcnk, add, hogy odaad\u00f3 buzg\u00f3s\u00e1ggal \u00fcnnepelj\u00fck Urunk felt\u00e1mad\u00e1s\u00e1nak \u00f6r\u00f6mnapjait. Engedd, hogy cselekedeteinkkel mindenkor \u00e9letre v\u00e1ltsuk, amit az eml\u00e9kez\u00e9ssel felid\u00e9z\u00fcnk. A mi Urunk, J\u00e9zus Krisztus, a te Fiad \u00e1ltal, aki veled \u00e9l \u00e9s uralkodik a Szentl\u00e9lekkel egys\u00e9gben, Isten mind\u00f6r\u00f6kk\u00f6n \u00f6r\u00f6kk\u00e9. OLVASM\u00c1NY az Apostolok Cselekedeteib\u0151l (ApCsel 8,5-8.14-17) R\u00e1juk tett\u00e9k a kez\u00fcket, s azok megkapt\u00e1k a Szentlelket. Abban az id\u0151ben: F\u00fcl\u00f6p elment Szamaria v\u00e1ros\u00e1ba, \u00e9s hirdetni kezdte Krisztust. A n\u00e9p, hallva \u00e9s l\u00e1tva a csod\u00e1kat, amelyeket v\u00e9gbevitt, fesz\u00fclt figyelemmel hallgatta. A tiszt\u00e1talan lelkek ugyanis nagy ki\u00e1lt\u00e1ssal elt\u00e1voztak sok megsz\u00e1llottb\u00f3l, \u00e9s sok b\u00e9na meg s\u00e1nta meggy\u00f3gyult. Nagy lett az \u00f6r\u00f6m abban a v\u00e1rosban. Amikor a Jeruzs\u00e1lemben maradt apostolok meghallott\u00e1k, hogy Szamaria befogadta az Isten szav\u00e1t, elk\u00fcldt\u00e9k hozz\u00e1juk P\u00e9tert \u00e9s J\u00e1nost. Mikor meg\u00e9rkeztek, im\u00e1dkoztak \u00e9rt\u00fck, hogy sz\u00e1lljon le r\u00e1juk a Szentl\u00e9lek. Mert addig m\u00e9g nem sz\u00e1llt le r\u00e1juk, csak meg voltak keresztelve Urunk J\u00e9zus nev\u00e9ben. R\u00e1juk tett\u00e9k teh\u00e1t a kez\u00fcket, \u00e9s azok megkapt\u00e1k a Szentlelket. Ez az Isten ig\u00e9je. V\u00c1LASZOS ZSOLT\u00c1R (Zsolt 65,1-3a.4-5.6-7a.16 \u00e9s 20) V\u00e1lasz:\u00a0Minden f\u00f6ld Istent dics\u00e9rje!\u00a010. t\u00f3nus, 13. dallam. Vagy:\u00a0Alleluja, alleluja.\u00a010. sz\u00e1m. El\u0151\u00e9nekes: Minden f\u00f6ld dics\u00e9rje az Istent, * dics\u0151 nev\u00e9nek zsolt\u00e1rt zengjetek. Magasztal\u00f3 \u00e9nekkel mondj\u00e1tok Istennek: * \u201eMily csod\u00e1sak a te m\u0171veid!\u201d H\u00edvek: Minden f\u00f6ld Istent dics\u00e9rje! Vagy: Alleluja, alleluja. E: Az eg\u00e9sz f\u00f6ld im\u00e1djon \u00e9s magasztaljon t\u00e9ged, * nevedet zsolt\u00e1rral dics\u00e9rje. J\u00f6jjetek, \u00e9s l\u00e1ss\u00e1tok Isten m\u0171veit, * csod\u00e1latos, amit az emberek\u00e9rt v\u00e9gbevitt. H: Minden f\u00f6ld Istent dics\u00e9rje! Vagy: Alleluja, alleluja. E: Sz\u00e1razf\u00f6ldd\u00e9 tette a tengert, * gyalogszerrel keltek \u00e1t a v\u00edzen. \u00d6rvendezz\u00fcnk teh\u00e1t \u0151benne, * mert hatalm\u00e1val uralkodik mind\u00f6r\u00f6kk\u00e9. H: Minden f\u00f6ld Istent dics\u00e9rje! Vagy: Alleluja, alleluja. E: Jertek ide mind, \u00e9s hallj\u00e1tok, \u2020 kik f\u00e9litek az Istent, *... R\u00e9szletek","og_url":"https:\/\/stuttgarti-katolikusok.de\/index.php\/husvet-6-vasarnapja-2\/","og_site_name":"Stuttgarti Katolikusok","article_published_time":"2023-05-13T11:36:00+00:00","og_image":[{"width":1141,"height":642,"url":"https:\/\/stuttgarti-katolikusok.de\/wp-content\/uploads\/2023\/05\/husvet-6-vasarnap.jpg","type":"image\/jpeg"}],"author":"Tibor atya","twitter_card":"summary_large_image","twitter_misc":{"Szerz\u0151:":"Tibor atya","Becs\u00fclt olvas\u00e1si id\u0151":"6 perc"},"schema":{"@context":"https:\/\/schema.org","@graph":[{"@type":"Article","@id":"https:\/\/stuttgarti-katolikusok.de\/index.php\/husvet-6-vasarnapja-2\/#article","isPartOf":{"@id":"https:\/\/stuttgarti-katolikusok.de\/index.php\/husvet-6-vasarnapja-2\/"},"author":{"name":"Tibor atya","@id":"https:\/\/stuttgarti-katolikusok.de\/#\/schema\/person\/75908d6f8fdc03a57889d27209df7795"},"headline":"H\u00fasv\u00e9t 6. vas\u00e1rnapja","datePublished":"2023-05-13T11:36:00+00:00","mainEntityOfPage":{"@id":"https:\/\/stuttgarti-katolikusok.de\/index.php\/husvet-6-vasarnapja-2\/"},"wordCount":1314,"image":{"@id":"https:\/\/stuttgarti-katolikusok.de\/index.php\/husvet-6-vasarnapja-2\/#primaryimage"},"thumbnailUrl":"https:\/\/stuttgarti-katolikusok.de\/wp-content\/uploads\/2023\/05\/husvet-6-vasarnap.jpg","articleSection":["A liturgia olvasm\u00e1nyai","Vas\u00e1rnapi gondolatok"],"inLanguage":"hu"},{"@type":"WebPage","@id":"https:\/\/stuttgarti-katolikusok.de\/index.php\/husvet-6-vasarnapja-2\/","url":"https:\/\/stuttgarti-katolikusok.de\/index.php\/husvet-6-vasarnapja-2\/","name":"H\u00fasv\u00e9t 6. vas\u00e1rnapja - Stuttgarti Katolikusok","isPartOf":{"@id":"https:\/\/stuttgarti-katolikusok.de\/#website"},"primaryImageOfPage":{"@id":"https:\/\/stuttgarti-katolikusok.de\/index.php\/husvet-6-vasarnapja-2\/#primaryimage"},"image":{"@id":"https:\/\/stuttgarti-katolikusok.de\/index.php\/husvet-6-vasarnapja-2\/#primaryimage"},"thumbnailUrl":"https:\/\/stuttgarti-katolikusok.de\/wp-content\/uploads\/2023\/05\/husvet-6-vasarnap.jpg","datePublished":"2023-05-13T11:36:00+00:00","author":{"@id":"https:\/\/stuttgarti-katolikusok.de\/#\/schema\/person\/75908d6f8fdc03a57889d27209df7795"},"breadcrumb":{"@id":"https:\/\/stuttgarti-katolikusok.de\/index.php\/husvet-6-vasarnapja-2\/#breadcrumb"},"inLanguage":"hu","potentialAction":[{"@type":"ReadAction","target":["https:\/\/stuttgarti-katolikusok.de\/index.php\/husvet-6-vasarnapja-2\/"]}]},{"@type":"ImageObject","inLanguage":"hu","@id":"https:\/\/stuttgarti-katolikusok.de\/index.php\/husvet-6-vasarnapja-2\/#primaryimage","url":"https:\/\/stuttgarti-katolikusok.de\/wp-content\/uploads\/2023\/05\/husvet-6-vasarnap.jpg","contentUrl":"https:\/\/stuttgarti-katolikusok.de\/wp-content\/uploads\/2023\/05\/husvet-6-vasarnap.jpg","width":1141,"height":642},{"@type":"BreadcrumbList","@id":"https:\/\/stuttgarti-katolikusok.de\/index.php\/husvet-6-vasarnapja-2\/#breadcrumb","itemListElement":[{"@type":"ListItem","position":1,"name":"Kezd\u0151lap","item":"https:\/\/stuttgarti-katolikusok.de\/"},{"@type":"ListItem","position":2,"name":"H\u00fasv\u00e9t 6. vas\u00e1rnapja"}]},{"@type":"WebSite","@id":"https:\/\/stuttgarti-katolikusok.de\/#website","url":"https:\/\/stuttgarti-katolikusok.de\/","name":"Stuttgarti Katolikusok","description":"","potentialAction":[{"@type":"SearchAction","target":{"@type":"EntryPoint","urlTemplate":"https:\/\/stuttgarti-katolikusok.de\/?s={search_term_string}"},"query-input":{"@type":"PropertyValueSpecification","valueRequired":true,"valueName":"search_term_string"}}],"inLanguage":"hu"},{"@type":"Person","@id":"https:\/\/stuttgarti-katolikusok.de\/#\/schema\/person\/75908d6f8fdc03a57889d27209df7795","name":"Tibor atya","image":{"@type":"ImageObject","inLanguage":"hu","@id":"https:\/\/secure.gravatar.com\/avatar\/61d268e57d1f4525b111222e29d2d5a7f8c420fdbf231ba5566a8ceac74fa960?s=96&d=mm&r=g","url":"https:\/\/secure.gravatar.com\/avatar\/61d268e57d1f4525b111222e29d2d5a7f8c420fdbf231ba5566a8ceac74fa960?s=96&d=mm&r=g","contentUrl":"https:\/\/secure.gravatar.com\/avatar\/61d268e57d1f4525b111222e29d2d5a7f8c420fdbf231ba5566a8ceac74fa960?s=96&d=mm&r=g","caption":"Tibor atya"},"url":"https:\/\/stuttgarti-katolikusok.de\/index.php\/author\/tibor-atya\/"}]}},"_links":{"self":[{"href":"https:\/\/stuttgarti-katolikusok.de\/index.php\/wp-json\/wp\/v2\/posts\/26792","targetHints":{"allow":["GET"]}}],"collection":[{"href":"https:\/\/stuttgarti-katolikusok.de\/index.php\/wp-json\/wp\/v2\/posts"}],"about":[{"href":"https:\/\/stuttgarti-katolikusok.de\/index.php\/wp-json\/wp\/v2\/types\/post"}],"author":[{"embeddable":true,"href":"https:\/\/stuttgarti-katolikusok.de\/index.php\/wp-json\/wp\/v2\/users\/3"}],"replies":[{"embeddable":true,"href":"https:\/\/stuttgarti-katolikusok.de\/index.php\/wp-json\/wp\/v2\/comments?post=26792"}],"version-history":[{"count":1,"href":"https:\/\/stuttgarti-katolikusok.de\/index.php\/wp-json\/wp\/v2\/posts\/26792\/revisions"}],"predecessor-version":[{"id":26794,"href":"https:\/\/stuttgarti-katolikusok.de\/index.php\/wp-json\/wp\/v2\/posts\/26792\/revisions\/26794"}],"wp:featuredmedia":[{"embeddable":true,"href":"https:\/\/stuttgarti-katolikusok.de\/index.php\/wp-json\/wp\/v2\/media\/26793"}],"wp:attachment":[{"href":"https:\/\/stuttgarti-katolikusok.de\/index.php\/wp-json\/wp\/v2\/media?parent=26792"}],"wp:term":[{"taxonomy":"category","embeddable":true,"href":"https:\/\/stuttgarti-katolikusok.de\/index.php\/wp-json\/wp\/v2\/categories?post=26792"},{"taxonomy":"post_tag","embeddable":true,"href":"https:\/\/stuttgarti-katolikusok.de\/index.php\/wp-json\/wp\/v2\/tags?post=26792"}],"curies":[{"name":"wp","href":"https:\/\/api.w.org\/{rel}","templated":true}]}}