{"id":26789,"date":"2023-05-12T20:27:55","date_gmt":"2023-05-12T18:27:55","guid":{"rendered":"https:\/\/stuttgarti-katolikusok.de\/?p=26789"},"modified":"2023-05-16T00:00:56","modified_gmt":"2023-05-15T22:00:56","slug":"magyar-szentjeink-dicserete","status":"publish","type":"post","link":"https:\/\/stuttgarti-katolikusok.de\/index.php\/magyar-szentjeink-dicserete\/","title":{"rendered":"Magyar szentjeink dics\u00e9rete"},"content":{"rendered":"<p>2023. m\u00e1jus 21-\u00e9n, vas\u00e1rnap, 11.30 \u00f3rakor h\u00e1laad\u00f3 szentmis\u00e9re gy\u0171l\u00fcnk \u00f6ssze Stuttgartban. Ennek keret\u00e9ben k\u00f6sz\u00f6netet mondunk a gondvisel\u0151 Istennek, hogy imm\u00e1r 76 \u00e9ve lehet\u0151s\u00e9g\u00fcnk van arra, hogy \u00e9des anyanyelv\u00fcnk\u00f6n, magyarul dics\u00e9rhess\u00fck a j\u00f3 Istent.<\/p>\n<p>A szentmise keret\u00e9ben K\u00e1pl\u00e1n Gy\u00f6rgy \u00e9nekm\u0171v\u00e9sz, a Magyar Kult\u00fara Lovagja teszi sz\u00e9pp\u00e9 \u00e9s eml\u00e9kezetess\u00e9 \u00fcnnep\u00fcnket.<\/p>\n<p>A h\u00e1laad\u00f3 szentmis\u00e9t k\u00f6vet\u0151en pedig k\u00f6z\u00f6s eb\u00e9den vesz\u00fcnk r\u00e9szt.<\/p>\n<p>Szeretettel v\u00e1runk, egyben pedig sz\u00f3l\u00edtsd meg k\u00f6zeli ismer\u0151seidet, bar\u00e1taidat, hogy egy\u00fctt \u00fcnnepelhess\u00fcnk.<\/p>\n<p><em>Tibor atya<\/em><\/p>\n","protected":false},"excerpt":{"rendered":"<p>2023. m\u00e1jus 21-\u00e9n, vas\u00e1rnap, 11.30 \u00f3rakor h\u00e1laad\u00f3 szentmis\u00e9re gy\u0171l\u00fcnk \u00f6ssze Stuttgartban. Ennek keret\u00e9ben k\u00f6sz\u00f6netet mondunk a gondvisel\u0151 Istennek, hogy imm\u00e1r 76 \u00e9ve lehet\u0151s\u00e9g\u00fcnk van arra, hogy \u00e9des anyanyelv\u00fcnk\u00f6n, magyarul dics\u00e9rhess\u00fck a j\u00f3 Istent. A szentmise keret\u00e9ben K\u00e1pl\u00e1n Gy\u00f6rgy \u00e9nekm\u0171v\u00e9sz, a Magyar Kult\u00fara Lovagja teszi sz\u00e9pp\u00e9 \u00e9s eml\u00e9kezetess\u00e9 \u00fcnnep\u00fcnket. A h\u00e1laad\u00f3 szentmis\u00e9t k\u00f6vet\u0151en pedig k\u00f6z\u00f6s eb\u00e9den vesz\u00fcnk r\u00e9szt. Szeretettel v\u00e1runk, egyben pedig sz\u00f3l\u00edtsd meg k\u00f6zeli ismer\u0151seidet, bar\u00e1taidat, hogy egy\u00fctt \u00fcnnepelhess\u00fcnk. Tibor atya<\/p>\n","protected":false},"author":3,"featured_media":26803,"comment_status":"closed","ping_status":"closed","sticky":false,"template":"","format":"standard","meta":{"footnotes":""},"categories":[5],"tags":[],"class_list":["post-26789","post","type-post","status-publish","format-standard","has-post-thumbnail","hentry","category-hirek"],"yoast_head":"<!-- This site is optimized with the Yoast SEO plugin v27.3 - https:\/\/yoast.com\/product\/yoast-seo-wordpress\/ -->\n<title>Magyar szentjeink dics\u00e9rete - Stuttgarti Katolikusok<\/title>\n<meta name=\"robots\" content=\"index, follow, max-snippet:-1, max-image-preview:large, max-video-preview:-1\" \/>\n<link rel=\"canonical\" href=\"https:\/\/stuttgarti-katolikusok.de\/index.php\/magyar-szentjeink-dicserete\/\" \/>\n<meta property=\"og:locale\" content=\"hu_HU\" \/>\n<meta property=\"og:type\" content=\"article\" \/>\n<meta property=\"og:title\" content=\"Magyar szentjeink dics\u00e9rete - Stuttgarti Katolikusok\" \/>\n<meta property=\"og:description\" content=\"2023. m\u00e1jus 21-\u00e9n, vas\u00e1rnap, 11.30 \u00f3rakor h\u00e1laad\u00f3 szentmis\u00e9re gy\u0171l\u00fcnk \u00f6ssze Stuttgartban. Ennek keret\u00e9ben k\u00f6sz\u00f6netet mondunk a gondvisel\u0151 Istennek, hogy imm\u00e1r 76 \u00e9ve lehet\u0151s\u00e9g\u00fcnk van arra, hogy \u00e9des anyanyelv\u00fcnk\u00f6n, magyarul dics\u00e9rhess\u00fck a j\u00f3 Istent. A szentmise keret\u00e9ben K\u00e1pl\u00e1n Gy\u00f6rgy \u00e9nekm\u0171v\u00e9sz, a Magyar Kult\u00fara Lovagja teszi sz\u00e9pp\u00e9 \u00e9s eml\u00e9kezetess\u00e9 \u00fcnnep\u00fcnket. A h\u00e1laad\u00f3 szentmis\u00e9t k\u00f6vet\u0151en pedig k\u00f6z\u00f6s eb\u00e9den vesz\u00fcnk r\u00e9szt. Szeretettel v\u00e1runk, egyben pedig sz\u00f3l\u00edtsd meg k\u00f6zeli ismer\u0151seidet, bar\u00e1taidat, hogy egy\u00fctt \u00fcnnepelhess\u00fcnk. Tibor atya\" \/>\n<meta property=\"og:url\" content=\"https:\/\/stuttgarti-katolikusok.de\/index.php\/magyar-szentjeink-dicserete\/\" \/>\n<meta property=\"og:site_name\" content=\"Stuttgarti Katolikusok\" \/>\n<meta property=\"article:published_time\" content=\"2023-05-12T18:27:55+00:00\" \/>\n<meta property=\"article:modified_time\" content=\"2023-05-15T22:00:56+00:00\" \/>\n<meta property=\"og:image\" content=\"https:\/\/stuttgarti-katolikusok.de\/wp-content\/uploads\/2023\/05\/kaplan-gyorgy-majus21-2.jpg\" \/>\n\t<meta property=\"og:image:width\" content=\"616\" \/>\n\t<meta property=\"og:image:height\" content=\"640\" \/>\n\t<meta property=\"og:image:type\" content=\"image\/jpeg\" \/>\n<meta name=\"author\" content=\"Tibor atya\" \/>\n<meta name=\"twitter:card\" content=\"summary_large_image\" \/>\n<meta name=\"twitter:label1\" content=\"Szerz\u0151:\" \/>\n\t<meta name=\"twitter:data1\" content=\"Tibor atya\" \/>\n\t<meta name=\"twitter:label2\" content=\"Becs\u00fclt olvas\u00e1si id\u0151\" \/>\n\t<meta name=\"twitter:data2\" content=\"1 perc\" \/>\n<script type=\"application\/ld+json\" class=\"yoast-schema-graph\">{\"@context\":\"https:\\\/\\\/schema.org\",\"@graph\":[{\"@type\":\"Article\",\"@id\":\"https:\\\/\\\/stuttgarti-katolikusok.de\\\/index.php\\\/magyar-szentjeink-dicserete\\\/#article\",\"isPartOf\":{\"@id\":\"https:\\\/\\\/stuttgarti-katolikusok.de\\\/index.php\\\/magyar-szentjeink-dicserete\\\/\"},\"author\":{\"name\":\"Tibor atya\",\"@id\":\"https:\\\/\\\/stuttgarti-katolikusok.de\\\/#\\\/schema\\\/person\\\/75908d6f8fdc03a57889d27209df7795\"},\"headline\":\"Magyar szentjeink dics\u00e9rete\",\"datePublished\":\"2023-05-12T18:27:55+00:00\",\"dateModified\":\"2023-05-15T22:00:56+00:00\",\"mainEntityOfPage\":{\"@id\":\"https:\\\/\\\/stuttgarti-katolikusok.de\\\/index.php\\\/magyar-szentjeink-dicserete\\\/\"},\"wordCount\":117,\"image\":{\"@id\":\"https:\\\/\\\/stuttgarti-katolikusok.de\\\/index.php\\\/magyar-szentjeink-dicserete\\\/#primaryimage\"},\"thumbnailUrl\":\"https:\\\/\\\/stuttgarti-katolikusok.de\\\/wp-content\\\/uploads\\\/2023\\\/05\\\/kaplan-gyorgy-majus21-2.jpg\",\"articleSection\":[\"H\u00edrek\"],\"inLanguage\":\"hu\"},{\"@type\":\"WebPage\",\"@id\":\"https:\\\/\\\/stuttgarti-katolikusok.de\\\/index.php\\\/magyar-szentjeink-dicserete\\\/\",\"url\":\"https:\\\/\\\/stuttgarti-katolikusok.de\\\/index.php\\\/magyar-szentjeink-dicserete\\\/\",\"name\":\"Magyar szentjeink dics\u00e9rete - Stuttgarti Katolikusok\",\"isPartOf\":{\"@id\":\"https:\\\/\\\/stuttgarti-katolikusok.de\\\/#website\"},\"primaryImageOfPage\":{\"@id\":\"https:\\\/\\\/stuttgarti-katolikusok.de\\\/index.php\\\/magyar-szentjeink-dicserete\\\/#primaryimage\"},\"image\":{\"@id\":\"https:\\\/\\\/stuttgarti-katolikusok.de\\\/index.php\\\/magyar-szentjeink-dicserete\\\/#primaryimage\"},\"thumbnailUrl\":\"https:\\\/\\\/stuttgarti-katolikusok.de\\\/wp-content\\\/uploads\\\/2023\\\/05\\\/kaplan-gyorgy-majus21-2.jpg\",\"datePublished\":\"2023-05-12T18:27:55+00:00\",\"dateModified\":\"2023-05-15T22:00:56+00:00\",\"author\":{\"@id\":\"https:\\\/\\\/stuttgarti-katolikusok.de\\\/#\\\/schema\\\/person\\\/75908d6f8fdc03a57889d27209df7795\"},\"breadcrumb\":{\"@id\":\"https:\\\/\\\/stuttgarti-katolikusok.de\\\/index.php\\\/magyar-szentjeink-dicserete\\\/#breadcrumb\"},\"inLanguage\":\"hu\",\"potentialAction\":[{\"@type\":\"ReadAction\",\"target\":[\"https:\\\/\\\/stuttgarti-katolikusok.de\\\/index.php\\\/magyar-szentjeink-dicserete\\\/\"]}]},{\"@type\":\"ImageObject\",\"inLanguage\":\"hu\",\"@id\":\"https:\\\/\\\/stuttgarti-katolikusok.de\\\/index.php\\\/magyar-szentjeink-dicserete\\\/#primaryimage\",\"url\":\"https:\\\/\\\/stuttgarti-katolikusok.de\\\/wp-content\\\/uploads\\\/2023\\\/05\\\/kaplan-gyorgy-majus21-2.jpg\",\"contentUrl\":\"https:\\\/\\\/stuttgarti-katolikusok.de\\\/wp-content\\\/uploads\\\/2023\\\/05\\\/kaplan-gyorgy-majus21-2.jpg\",\"width\":616,\"height\":640},{\"@type\":\"BreadcrumbList\",\"@id\":\"https:\\\/\\\/stuttgarti-katolikusok.de\\\/index.php\\\/magyar-szentjeink-dicserete\\\/#breadcrumb\",\"itemListElement\":[{\"@type\":\"ListItem\",\"position\":1,\"name\":\"Kezd\u0151lap\",\"item\":\"https:\\\/\\\/stuttgarti-katolikusok.de\\\/\"},{\"@type\":\"ListItem\",\"position\":2,\"name\":\"Magyar szentjeink dics\u00e9rete\"}]},{\"@type\":\"WebSite\",\"@id\":\"https:\\\/\\\/stuttgarti-katolikusok.de\\\/#website\",\"url\":\"https:\\\/\\\/stuttgarti-katolikusok.de\\\/\",\"name\":\"Stuttgarti Katolikusok\",\"description\":\"\",\"potentialAction\":[{\"@type\":\"SearchAction\",\"target\":{\"@type\":\"EntryPoint\",\"urlTemplate\":\"https:\\\/\\\/stuttgarti-katolikusok.de\\\/?s={search_term_string}\"},\"query-input\":{\"@type\":\"PropertyValueSpecification\",\"valueRequired\":true,\"valueName\":\"search_term_string\"}}],\"inLanguage\":\"hu\"},{\"@type\":\"Person\",\"@id\":\"https:\\\/\\\/stuttgarti-katolikusok.de\\\/#\\\/schema\\\/person\\\/75908d6f8fdc03a57889d27209df7795\",\"name\":\"Tibor atya\",\"image\":{\"@type\":\"ImageObject\",\"inLanguage\":\"hu\",\"@id\":\"https:\\\/\\\/secure.gravatar.com\\\/avatar\\\/61d268e57d1f4525b111222e29d2d5a7f8c420fdbf231ba5566a8ceac74fa960?s=96&d=mm&r=g\",\"url\":\"https:\\\/\\\/secure.gravatar.com\\\/avatar\\\/61d268e57d1f4525b111222e29d2d5a7f8c420fdbf231ba5566a8ceac74fa960?s=96&d=mm&r=g\",\"contentUrl\":\"https:\\\/\\\/secure.gravatar.com\\\/avatar\\\/61d268e57d1f4525b111222e29d2d5a7f8c420fdbf231ba5566a8ceac74fa960?s=96&d=mm&r=g\",\"caption\":\"Tibor atya\"},\"url\":\"https:\\\/\\\/stuttgarti-katolikusok.de\\\/index.php\\\/author\\\/tibor-atya\\\/\"}]}<\/script>\n<!-- \/ Yoast SEO plugin. -->","yoast_head_json":{"title":"Magyar szentjeink dics\u00e9rete - Stuttgarti Katolikusok","robots":{"index":"index","follow":"follow","max-snippet":"max-snippet:-1","max-image-preview":"max-image-preview:large","max-video-preview":"max-video-preview:-1"},"canonical":"https:\/\/stuttgarti-katolikusok.de\/index.php\/magyar-szentjeink-dicserete\/","og_locale":"hu_HU","og_type":"article","og_title":"Magyar szentjeink dics\u00e9rete - Stuttgarti Katolikusok","og_description":"2023. m\u00e1jus 21-\u00e9n, vas\u00e1rnap, 11.30 \u00f3rakor h\u00e1laad\u00f3 szentmis\u00e9re gy\u0171l\u00fcnk \u00f6ssze Stuttgartban. Ennek keret\u00e9ben k\u00f6sz\u00f6netet mondunk a gondvisel\u0151 Istennek, hogy imm\u00e1r 76 \u00e9ve lehet\u0151s\u00e9g\u00fcnk van arra, hogy \u00e9des anyanyelv\u00fcnk\u00f6n, magyarul dics\u00e9rhess\u00fck a j\u00f3 Istent. A szentmise keret\u00e9ben K\u00e1pl\u00e1n Gy\u00f6rgy \u00e9nekm\u0171v\u00e9sz, a Magyar Kult\u00fara Lovagja teszi sz\u00e9pp\u00e9 \u00e9s eml\u00e9kezetess\u00e9 \u00fcnnep\u00fcnket. A h\u00e1laad\u00f3 szentmis\u00e9t k\u00f6vet\u0151en pedig k\u00f6z\u00f6s eb\u00e9den vesz\u00fcnk r\u00e9szt. Szeretettel v\u00e1runk, egyben pedig sz\u00f3l\u00edtsd meg k\u00f6zeli ismer\u0151seidet, bar\u00e1taidat, hogy egy\u00fctt \u00fcnnepelhess\u00fcnk. Tibor atya","og_url":"https:\/\/stuttgarti-katolikusok.de\/index.php\/magyar-szentjeink-dicserete\/","og_site_name":"Stuttgarti Katolikusok","article_published_time":"2023-05-12T18:27:55+00:00","article_modified_time":"2023-05-15T22:00:56+00:00","og_image":[{"width":616,"height":640,"url":"https:\/\/stuttgarti-katolikusok.de\/wp-content\/uploads\/2023\/05\/kaplan-gyorgy-majus21-2.jpg","type":"image\/jpeg"}],"author":"Tibor atya","twitter_card":"summary_large_image","twitter_misc":{"Szerz\u0151:":"Tibor atya","Becs\u00fclt olvas\u00e1si id\u0151":"1 perc"},"schema":{"@context":"https:\/\/schema.org","@graph":[{"@type":"Article","@id":"https:\/\/stuttgarti-katolikusok.de\/index.php\/magyar-szentjeink-dicserete\/#article","isPartOf":{"@id":"https:\/\/stuttgarti-katolikusok.de\/index.php\/magyar-szentjeink-dicserete\/"},"author":{"name":"Tibor atya","@id":"https:\/\/stuttgarti-katolikusok.de\/#\/schema\/person\/75908d6f8fdc03a57889d27209df7795"},"headline":"Magyar szentjeink dics\u00e9rete","datePublished":"2023-05-12T18:27:55+00:00","dateModified":"2023-05-15T22:00:56+00:00","mainEntityOfPage":{"@id":"https:\/\/stuttgarti-katolikusok.de\/index.php\/magyar-szentjeink-dicserete\/"},"wordCount":117,"image":{"@id":"https:\/\/stuttgarti-katolikusok.de\/index.php\/magyar-szentjeink-dicserete\/#primaryimage"},"thumbnailUrl":"https:\/\/stuttgarti-katolikusok.de\/wp-content\/uploads\/2023\/05\/kaplan-gyorgy-majus21-2.jpg","articleSection":["H\u00edrek"],"inLanguage":"hu"},{"@type":"WebPage","@id":"https:\/\/stuttgarti-katolikusok.de\/index.php\/magyar-szentjeink-dicserete\/","url":"https:\/\/stuttgarti-katolikusok.de\/index.php\/magyar-szentjeink-dicserete\/","name":"Magyar szentjeink dics\u00e9rete - Stuttgarti Katolikusok","isPartOf":{"@id":"https:\/\/stuttgarti-katolikusok.de\/#website"},"primaryImageOfPage":{"@id":"https:\/\/stuttgarti-katolikusok.de\/index.php\/magyar-szentjeink-dicserete\/#primaryimage"},"image":{"@id":"https:\/\/stuttgarti-katolikusok.de\/index.php\/magyar-szentjeink-dicserete\/#primaryimage"},"thumbnailUrl":"https:\/\/stuttgarti-katolikusok.de\/wp-content\/uploads\/2023\/05\/kaplan-gyorgy-majus21-2.jpg","datePublished":"2023-05-12T18:27:55+00:00","dateModified":"2023-05-15T22:00:56+00:00","author":{"@id":"https:\/\/stuttgarti-katolikusok.de\/#\/schema\/person\/75908d6f8fdc03a57889d27209df7795"},"breadcrumb":{"@id":"https:\/\/stuttgarti-katolikusok.de\/index.php\/magyar-szentjeink-dicserete\/#breadcrumb"},"inLanguage":"hu","potentialAction":[{"@type":"ReadAction","target":["https:\/\/stuttgarti-katolikusok.de\/index.php\/magyar-szentjeink-dicserete\/"]}]},{"@type":"ImageObject","inLanguage":"hu","@id":"https:\/\/stuttgarti-katolikusok.de\/index.php\/magyar-szentjeink-dicserete\/#primaryimage","url":"https:\/\/stuttgarti-katolikusok.de\/wp-content\/uploads\/2023\/05\/kaplan-gyorgy-majus21-2.jpg","contentUrl":"https:\/\/stuttgarti-katolikusok.de\/wp-content\/uploads\/2023\/05\/kaplan-gyorgy-majus21-2.jpg","width":616,"height":640},{"@type":"BreadcrumbList","@id":"https:\/\/stuttgarti-katolikusok.de\/index.php\/magyar-szentjeink-dicserete\/#breadcrumb","itemListElement":[{"@type":"ListItem","position":1,"name":"Kezd\u0151lap","item":"https:\/\/stuttgarti-katolikusok.de\/"},{"@type":"ListItem","position":2,"name":"Magyar szentjeink dics\u00e9rete"}]},{"@type":"WebSite","@id":"https:\/\/stuttgarti-katolikusok.de\/#website","url":"https:\/\/stuttgarti-katolikusok.de\/","name":"Stuttgarti Katolikusok","description":"","potentialAction":[{"@type":"SearchAction","target":{"@type":"EntryPoint","urlTemplate":"https:\/\/stuttgarti-katolikusok.de\/?s={search_term_string}"},"query-input":{"@type":"PropertyValueSpecification","valueRequired":true,"valueName":"search_term_string"}}],"inLanguage":"hu"},{"@type":"Person","@id":"https:\/\/stuttgarti-katolikusok.de\/#\/schema\/person\/75908d6f8fdc03a57889d27209df7795","name":"Tibor atya","image":{"@type":"ImageObject","inLanguage":"hu","@id":"https:\/\/secure.gravatar.com\/avatar\/61d268e57d1f4525b111222e29d2d5a7f8c420fdbf231ba5566a8ceac74fa960?s=96&d=mm&r=g","url":"https:\/\/secure.gravatar.com\/avatar\/61d268e57d1f4525b111222e29d2d5a7f8c420fdbf231ba5566a8ceac74fa960?s=96&d=mm&r=g","contentUrl":"https:\/\/secure.gravatar.com\/avatar\/61d268e57d1f4525b111222e29d2d5a7f8c420fdbf231ba5566a8ceac74fa960?s=96&d=mm&r=g","caption":"Tibor atya"},"url":"https:\/\/stuttgarti-katolikusok.de\/index.php\/author\/tibor-atya\/"}]}},"_links":{"self":[{"href":"https:\/\/stuttgarti-katolikusok.de\/index.php\/wp-json\/wp\/v2\/posts\/26789","targetHints":{"allow":["GET"]}}],"collection":[{"href":"https:\/\/stuttgarti-katolikusok.de\/index.php\/wp-json\/wp\/v2\/posts"}],"about":[{"href":"https:\/\/stuttgarti-katolikusok.de\/index.php\/wp-json\/wp\/v2\/types\/post"}],"author":[{"embeddable":true,"href":"https:\/\/stuttgarti-katolikusok.de\/index.php\/wp-json\/wp\/v2\/users\/3"}],"replies":[{"embeddable":true,"href":"https:\/\/stuttgarti-katolikusok.de\/index.php\/wp-json\/wp\/v2\/comments?post=26789"}],"version-history":[{"count":1,"href":"https:\/\/stuttgarti-katolikusok.de\/index.php\/wp-json\/wp\/v2\/posts\/26789\/revisions"}],"predecessor-version":[{"id":26791,"href":"https:\/\/stuttgarti-katolikusok.de\/index.php\/wp-json\/wp\/v2\/posts\/26789\/revisions\/26791"}],"wp:featuredmedia":[{"embeddable":true,"href":"https:\/\/stuttgarti-katolikusok.de\/index.php\/wp-json\/wp\/v2\/media\/26803"}],"wp:attachment":[{"href":"https:\/\/stuttgarti-katolikusok.de\/index.php\/wp-json\/wp\/v2\/media?parent=26789"}],"wp:term":[{"taxonomy":"category","embeddable":true,"href":"https:\/\/stuttgarti-katolikusok.de\/index.php\/wp-json\/wp\/v2\/categories?post=26789"},{"taxonomy":"post_tag","embeddable":true,"href":"https:\/\/stuttgarti-katolikusok.de\/index.php\/wp-json\/wp\/v2\/tags?post=26789"}],"curies":[{"name":"wp","href":"https:\/\/api.w.org\/{rel}","templated":true}]}}