{"id":26761,"date":"2023-05-06T12:50:10","date_gmt":"2023-05-06T10:50:10","guid":{"rendered":"https:\/\/stuttgarti-katolikusok.de\/?p=26761"},"modified":"2023-05-06T12:50:10","modified_gmt":"2023-05-06T10:50:10","slug":"husvet-5-vasarnapja","status":"publish","type":"post","link":"https:\/\/stuttgarti-katolikusok.de\/index.php\/husvet-5-vasarnapja\/","title":{"rendered":"H\u00daSV\u00c9T 5. VAS\u00c1RNAPJA"},"content":{"rendered":"<p><span style=\"color: #ff6600;\">Kezd\u0151\u00e9nek:<\/span><br \/>\nAz \u00darnak \u00faj dalt \u00e9nekeljetek, mivelhogy csod\u00e1kat m\u0171velt, tudtul adta h\u0171s\u00e9g\u00e9t a nemzeteknek, alleluja. (Zsolt 97,1-2)<\/p>\n<p><span style=\"color: #ff6600;\">K\u00f6ny\u00f6rg\u00e9s:<\/span><br \/>\nIsten\u00fcnk, te megv\u00e1ltott\u00e1l \u00e9s gyermekeidd\u00e9 fogadt\u00e1l benn\u00fcnket. Tekints j\u00f3s\u00e1gosan szeretett fiaidra, \u00e9s vezess el minket, Krisztusban h\u00edv\u0151ket az igazi szabads\u00e1gra \u00e9s a mennyei dics\u0151s\u00e9gbe. A mi Urunk, J\u00e9zus Krisztus, a te Fiad \u00e1ltal, aki veled \u00e9l \u00e9s uralkodik a Szentl\u00e9lekkel egys\u00e9gben, Isten mind\u00f6r\u00f6kk\u00f6n \u00f6r\u00f6kk\u00e9.<\/p>\n<p align=\"justify\"><span style=\"color: #ff6600;\">OLVASM\u00c1NY az Apostolok Cselekedeteib\u0151l (ApCsel 6,1-7)<\/span><br \/>\n<em>Kiv\u00e1lasztottak h\u00e9t j\u00f3 h\u00edrben \u00e1ll\u00f3, Szentl\u00e9lekkel eltelt f\u00e9rfit.<\/em><br \/>\nAzokban a napokban, amikor a tan\u00edtv\u00e1nyok sz\u00e1ma m\u00e1r megn\u00f6vekedett, z\u00fagol\u00f3d\u00e1s t\u00e1madt a g\u00f6r\u00f6g\u00f6k k\u00f6zt a zsid\u00f3k ellen, hogy a mindennapi alamizsnaoszt\u00e1skor az \u0151 \u00f6zvegyeiket h\u00e1tt\u00e9rbe szor\u00edtj\u00e1k. Ez\u00e9rt a Tizenkett\u0151 \u00f6sszeh\u00edvta a tan\u00edtv\u00e1nyokat, \u00e9s \u00edgy sz\u00f3ltak hozz\u00e1juk: \u201eNem volna rendj\u00e9n, hogy elhanyagoljuk Isten ig\u00e9j\u00e9t, s az asztal szolg\u00e1lat\u00e1t l\u00e1ssuk el. Szemeljetek h\u00e1t ki magatok k\u00f6z\u00fcl, testv\u00e9rek, h\u00e9t j\u00f3 h\u00edrben \u00e1ll\u00f3, L\u00e9lekkel eltelt b\u00f6lcs f\u00e9rfit, akiket megb\u00edzhatunk ezzel a feladattal. Mi pedig majd az im\u00e1ds\u00e1gnak \u00e9s az ige szolg\u00e1lat\u00e1nak szentelj\u00fck magunkat.\u201d<br \/>\nTetszett a javaslat az eg\u00e9sz k\u00f6z\u00f6ss\u00e9gnek, \u00e9s kiv\u00e1lasztott\u00e1k Istv\u00e1nt, ezt a hittel \u00e9s Szentl\u00e9lekkel eltelt f\u00e9rfit, azt\u00e1n F\u00fcl\u00f6p\u00f6t \u00e9s Proh\u00f3ruszt, Nik\u00e1nort \u00e9s Timont, Parmen\u00e1szt \u00e9s Mikl\u00f3st, az anti\u00f3chiai prozelit\u00e1t. Az apostolok el\u00e9 \u00e1ll\u00edtott\u00e1k \u0151ket, azok pedig im\u00e1dkoztak felett\u00fck, \u00e9s r\u00e1juk tett\u00e9k kez\u00fcket.<br \/>\n\u00c9s az Isten ig\u00e9je tov\u00e1bb terjedt, \u00fagyhogy a tan\u00edtv\u00e1nyok sz\u00e1ma igen megn\u0151tt Jeruzs\u00e1lemben. M\u00e9g a papok k\u00f6z\u00fcl is t\u00f6megesen h\u00f3doltak meg a hitnek.<br \/>\nEz az Isten ig\u00e9je.<\/p>\n<p align=\"justify\">\n<span style=\"color: #ff6600;\">V\u00c1LASZOS ZSOLT\u00c1R (Zsolt 32,1-2.4-5.18-19)<\/span><br \/>\nV\u00e1lasz:\u00a0<strong>Kegyes szemed legyen\u00a0<u>raj<\/u>tunk, * tebenned van\u00a0<u>bi<\/u>zodalmunk.<\/strong>\u00a05. t\u00f3nus.<br \/>\nVagy:\u00a0<strong>Alleluja.<\/strong>\u00a05. sz\u00e1m.<br \/>\nEl\u0151\u00e9nekes: \u00d6rvendezzetek, igazak, az \u00darban, * a szentekhez dics\u00e9ret illik.<br \/>\nDics\u00e9rj\u00e9tek az Urat citer\u00e1val, * t\u00edzh\u00far\u00fa h\u00e1rf\u00e1n zengjetek n\u00e9ki.<br \/>\nH\u00edvek:\u00a0<strong>Kegyes szemed legyen\u00a0<u>raj<\/u>tunk, * tebenned van\u00a0<u>bi<\/u>zodalmunk.<\/strong><br \/>\nVagy: Alleluja.<br \/>\nE: Sziklaszil\u00e1rd az \u00dar ig\u00e9je, * minden tett\u00e9t h\u0171s\u00e9g vezeti.<br \/>\nAz igazlelk\u0171s\u00e9get \u00e9s a t\u00f6rv\u00e9nyt szereti, * telve van a f\u00f6ld az \u00dar irgalm\u00e1val.<br \/>\nH:\u00a0<strong>Kegyes szemed legyen\u00a0<u>raj<\/u>tunk, * tebenned van\u00a0<u>bi<\/u>zodalmunk.<\/strong><br \/>\nVagy: Alleluja.<br \/>\nE: Az istenf\u00e9l\u0151kre \u00fcgyel az \u00dar szeme, * akik b\u00edznak az \u0151 irgalm\u00e1ban.<br \/>\nMegmenti lelk\u00fcket a hal\u00e1lt\u00f3l, * \u00e9s t\u00e1pl\u00e1lja \u0151ket \u00e9h\u00edns\u00e9g idej\u00e9n.<br \/>\nH:\u00a0<strong>Kegyes szemed legyen\u00a0<u>raj<\/u>tunk, * tebenned van\u00a0<u>bi<\/u>zodalmunk.<\/strong><br \/>\nVagy: Alleluja.<\/p>\n<p align=\"justify\"><span style=\"color: #ff6600;\">SZENTLECKE Szent P\u00e9ter apostol els\u0151 level\u00e9b\u0151l (1P\u00e9t 2,4-9)<\/span><\/p>\n<p align=\"justify\"><em>V\u00e1lasztott n\u00e9p, kir\u00e1lyi paps\u00e1g vagytok!<\/em><br \/>\nSzeretteim!<br \/>\nMenjetek az \u00darhoz, az \u00e9l\u0151 szikl\u00e1hoz, amelyet az emberek ugyan elvetettek, de Isten kiv\u00e1lasztott, \u00e9s felmagasztalt. Mint \u00e9l\u0151 k\u00f6vek, \u00e9p\u00fcljetek fel r\u00e1 lelki h\u00e1zz\u00e1, szent paps\u00e1gg\u00e1, hogy Istennek tetsz\u0151 lelki \u00e1ldozatokat hozzatok J\u00e9zus Krisztus \u00e1ltal.<br \/>\nEz\u00e9rt mondja az \u00cdr\u00e1s:<br \/>\n\u00cdme, Sionban kiv\u00e1lasztott, becses szegletk\u00f6vet helyezek el, \u00e9s nem vall sz\u00e9gyent, aki hisz benne.<br \/>\nNektek teh\u00e1t \u0151, mivel hisztek benne, a dics\u0151s\u00e9getekre v\u00e1lik. A hitetlenekre azonban ez vonatkozik:<br \/>\nA k\u0151, amelyet az \u00e9p\u00edt\u0151k elvetettek, szegletk\u0151v\u00e9 lett; a botl\u00e1s k\u00f6ve \u00e9s a botr\u00e1ny szikl\u00e1ja. Elbotlanak benne, mert nem fogadt\u00e1k el hittel a tan\u00edt\u00e1st, amelyre megh\u00edv\u00e1st kaptak.<br \/>\nTi azonban v\u00e1lasztott n\u00e9p, kir\u00e1lyi paps\u00e1g, szent nemzet, tulajdonul lefoglalt n\u00e9p vagytok, hogy annak dics\u0151s\u00e9g\u00e9t hirdess\u00e9tek, aki a s\u00f6t\u00e9ts\u00e9gb\u0151l megh\u00edvott benneteket az \u0151 csod\u00e1latos vil\u00e1goss\u00e1g\u00e1ra.<br \/>\nEz az Isten ig\u00e9je.<\/p>\n<p align=\"justify\"><span style=\"color: #ff6600;\">ALLELUJA<\/span><br \/>\nJ\u00e9zus mondja: \u2020 \u201e\u00c9n vagyok az \u00fat, az igazs\u00e1g \u00e9s az \u00e9let. * Senki sem jut Aty\u00e1mhoz, csak \u00e1ltalam.\u201d Jn 14,6 \u2013 4g t\u00f3nus.<\/p>\n<p align=\"justify\"><span style=\"color: #ff6600;\">\u2020 EVANG\u00c9LIUM Szent J\u00e1nos k\u00f6nyv\u00e9b\u0151l (Jn 14,1-12)<\/span><br \/>\n<em>\u00c9n vagyok az \u00fat, az igazs\u00e1g \u00e9s az \u00e9let.<\/em><br \/>\nAbban az id\u0151ben J\u00e9zus \u00edgy sz\u00f3lt tan\u00edtv\u00e1nyaihoz:<br \/>\n\u201eNe nyugtalankodj\u00e9k a sz\u00edvetek! Higgyetek az Istenben, \u00e9s bennem is higgyetek. Aty\u00e1m h\u00e1z\u00e1ban sok hely van. Ha nem \u00edgy lenne, mondtam volna-e: Elmegyek \u00e9s helyet k\u00e9sz\u00edtek nektek? Ha majd elmegyek \u00e9s helyet k\u00e9sz\u00edtek nektek, ism\u00e9t elj\u00f6v\u00f6k, \u00e9s magammal viszlek titeket, hogy ti is ott legyetek, ahol \u00e9n vagyok. Hiszen ismeritek az utat oda, ahova \u00e9n megyek!\u201d<br \/>\nEkkor Tam\u00e1s \u00edgy sz\u00f3lt: \u201eUram, mi nem tudjuk, hogy hova m\u00e9gy; hogyan ismerhetn\u00e9nk h\u00e1t az utat?\u201d J\u00e9zus ezt felelte: \u201e\u00c9n vagyok az \u00fat, az igazs\u00e1g \u00e9s az \u00e9let. Senki sem juthat el az Aty\u00e1hoz, csak \u00e1ltalam. Ha engem ismern\u00e9tek, Aty\u00e1mat is ismern\u00e9tek. De mostant\u00f3l fogva ismeritek \u0151t, \u00e9s l\u00e1tj\u00e1tok.\u201d<br \/>\nF\u00fcl\u00f6p megjegyezte: \u201eUram, mutasd meg nek\u00fcnk az Aty\u00e1t, \u00e9s ez el\u00e9g nek\u00fcnk!\u201d J\u00e9zus \u00edgy v\u00e1laszolt: \u201eM\u00e1r olyan r\u00e9g\u00f3ta veletek vagyok, \u00e9s nem ismersz engem, F\u00fcl\u00f6p? Aki engem l\u00e1t, az l\u00e1tja az Aty\u00e1t is. Hogyan mondhatod h\u00e1t: Mutasd meg nek\u00fcnk az Aty\u00e1t? Nem hiszed tal\u00e1n, hogy \u00e9n az Aty\u00e1ban vagyok s az Atya \u00e9nbennem? A szavakat, amelyeket hozz\u00e1tok int\u00e9zek, nem magamt\u00f3l mondom, \u00e9s a tetteket is Aty\u00e1m cselekszi, aki bennem van. Higgy\u00e9tek el, hogy \u00e9n az Aty\u00e1ban vagyok, \u00e9s az Atya \u00e9nbennem. Ha m\u00e1s\u00e9rt nem, legal\u00e1bb a tetteim\u00e9rt higgy\u00e9tek!<br \/>\nBizony, bizony mondom nektek: Aki hisz bennem, ugyanazokat a tetteket fogja v\u00e9gbevinni, amelyeket \u00e9n cselekszem, s\u0151t m\u00e9g nagyobbakat is tehet azokn\u00e1l, mert \u00e9n az Aty\u00e1hoz megyek.\u201d<br \/>\nEzek az evang\u00e9lium ig\u00e9i.<\/p>\n<p align=\"justify\">\n<span style=\"color: #ff6600;\">EGYETEMES K\u00d6NY\u00d6RG\u00c9SEK<\/span><br \/>\nPap: Im\u00e1dkozzunk, testv\u00e9reim, mennyei Aty\u00e1nkhoz, akinek h\u00e1z\u00e1ban J\u00e9zus Krisztus sz\u00e1munkra is lak\u00e1st k\u00e9sz\u00edtett!<br \/>\nLektor: 1. Hogy kereszt\u00e9ny n\u00e9ped \u00e1llhatatos hittel \u00e9s tev\u00e9keny szeretettel ki\u00e9rdemelje az \u00f6r\u00f6k hajl\u00e9kot!<br \/>\nH\u00edvek: K\u00e9r\u00fcnk t\u00e9ged, hallgass meg minket!<br \/>\n2. Hogy minden nemzetnek megadd a szeretetben \u00e9s az igazs\u00e1goss\u00e1gban gy\u00f6kerez\u0151 b\u00e9k\u00e9t!<br \/>\nH\u00edvek: K\u00e9r\u00fcnk t\u00e9ged . . .<br \/>\n3. Hogy a Szentl\u00e9lek ereje t\u00f6ltse el azokat, akiket n\u00e9ped szolg\u00e1lat\u00e1ra v\u00e1lasztott\u00e1l!<br \/>\nH\u00edvek: K\u00e9r\u00fcnk t\u00e9ged . . .<br \/>\n4. Hogy ifj\u00fas\u00e1gunk megbecs\u00fclje a tisztas\u00e1g er\u00e9ny\u00e9t, \u00e9s a csal\u00e1dok szeretetben \u00e9ljenek!<br \/>\nH\u00edvek: K\u00e9r\u00fcnk t\u00e9ged . . .<br \/>\n5. Hogy a betegeknek \u00e9s az elhagyatottaknak vigaszt adjon szenved\u00e9s\u00fckben az \u00e9gi haza rem\u00e9nye!<br \/>\nH\u00edvek: K\u00e9r\u00fcnk t\u00e9ged . . .<br \/>\nPap: Urunk \u00e9s Isten\u00fcnk! Tekints megengesztel\u0151dve n\u00e9pedre, amely szent Fiad \u00e1ldozat\u00e1val j\u00e1rul sz\u00edned el\u00e9. J\u00f3s\u00e1goddal seg\u00edtsd a f\u00f6ldi \u00e9letben, hogy elnyerje az \u00e9gi haz\u00e1t. Krisztus, a mi Urunk \u00e1ltal.<br \/>\nH\u00edvek: \u00c1men.<\/p>\n<p><span style=\"color: #ff6600;\">Felaj\u00e1nl\u00f3 k\u00f6ny\u00f6rg\u00e9s:<\/span><br \/>\nIsten\u00fcnk, te a csod\u00e1latos csere \u00e1ltal, amely ebben az \u00e1ldozatban megval\u00f3sul, isteni \u00e9leted r\u00e9szeseiv\u00e9 tett\u00e9l minket. Add, k\u00e9r\u00fcnk, hogy az \u00edgy megismert igazs\u00e1got m\u00e9lt\u00f3 \u00e9lettel meg is val\u00f3s\u00edtsuk. Krisztus, a mi Urunk \u00e1ltal.<\/p>\n<p><span style=\"color: #ff6600;\">Pref\u00e1ci\u00f3:<\/span><br \/>\n<em>H\u00daSV\u00c9TI PREF\u00c1CI\u00d3 I.<br \/>\nH\u00fasv\u00e9t szent titka<\/em><br \/>\n<em>A k\u00f6vetkez\u0151 pref\u00e1ci\u00f3t a h\u00fasv\u00e9ti id\u0151ben mondjuk.<\/em><\/p>\n<p>Az \u00dar legyen veletek.<br \/>\nH.: \u00c9s a te lelkeddel.<br \/>\nEmelj\u00fck f\u00f6l sz\u00edv\u00fcnket.<br \/>\nH.: F\u00f6lemelt\u00fck az \u00darhoz.<br \/>\nAdjunk h\u00e1l\u00e1t Urunknak, Isten\u00fcnknek.<br \/>\nH.: M\u00e9lt\u00f3 \u00e9s igazs\u00e1gos.<br \/>\n(Mert) Val\u00f3ban m\u00e9lt\u00f3 \u00e9s igazs\u00e1gos, ill\u0151 \u00e9s \u00fcdv\u00f6s, hogy minden id\u0151ben magasztaljunk, Urunk, t\u00e9ged, de k\u00fcl\u00f6n\u00f6sen most, a h\u00fasv\u00e9ti id\u0151ben, \u2013 mid\u0151n \u00e1ldozatt\u00e1 lett \u00e9rt\u00fcnk KRISZtus, a H\u00fasv\u00e9ti B\u00e1r\u00e1ny.<br \/>\nMert \u0151 az igazi B\u00e1r\u00e1ny, aki elvette a vil\u00e1g b\u0171neit, \u2013 hal\u00e1lunkat hal\u00e1l\u00e1val MEGt\u00f6rte, \u00e9s felt\u00e1mad\u00e1s\u00e1val \u00faj \u00e9letet szerzett n\u00e9k\u00fcnk.<br \/>\nA h\u00fasv\u00e9ti \u00f6r\u00f6m ez\u00e9rt ki\u00e1rad az eg\u00e9sz f\u00f6ldre, a nagyvil\u00e1g \u00f6rvendezve ujjong, a mennyei er\u0151k \u00e9s a hatalmas angyalok, \u2013 (a te) dics\u0151s\u00e9ged himnusz\u00e1t ZENgik, \u00e9s v\u00e9g n\u00e9lk\u00fcl mondj\u00e1k: (\u00e9neklik:)<\/p>\n<p><span style=\"color: #ff6600;\">\u00c1ldoz\u00e1si \u00e9nek:<\/span><br \/>\n\u00c9n vagyok az igazi sz\u0151l\u0151t\u0151, ti a sz\u0151l\u0151vessz\u0151k \u2013 mondja az \u00dar. Aki bennem marad \u00e9s \u00e9n \u0151benne, az b\u0151 term\u00e9st hoz, alleluja. (Jn 15,1.5)<\/p>\n<p><span style=\"color: #ff6600;\">\u00c1ldoz\u00e1s ut\u00e1ni k\u00f6ny\u00f6rg\u00e9s:<\/span><br \/>\nK\u00e9r\u00fcnk, Isten\u00fcnk, l\u00e9gy irgalmas a te n\u00e9pedhez, \u00e9s minket, akiket a mennyei miszt\u00e9riumokba beavatt\u00e1l, vezess \u00e1t a r\u00e9gib\u0151l az \u00faj \u00e9letbe. Krisztus, a mi Urunk \u00e1ltal.<\/p>\n<p><em>(K\u00e9p forr\u00e1sa: Radio Vaticana)<\/em><\/p>\n","protected":false},"excerpt":{"rendered":"<p>Kezd\u0151\u00e9nek: Az \u00darnak \u00faj dalt \u00e9nekeljetek, mivelhogy csod\u00e1kat m\u0171velt, tudtul adta h\u0171s\u00e9g\u00e9t a nemzeteknek, alleluja. (Zsolt 97,1-2) K\u00f6ny\u00f6rg\u00e9s: Isten\u00fcnk, te megv\u00e1ltott\u00e1l \u00e9s gyermekeidd\u00e9 fogadt\u00e1l benn\u00fcnket. Tekints j\u00f3s\u00e1gosan szeretett fiaidra, \u00e9s vezess el minket, Krisztusban h\u00edv\u0151ket az igazi szabads\u00e1gra \u00e9s a mennyei dics\u0151s\u00e9gbe. A mi Urunk, J\u00e9zus Krisztus, a te Fiad \u00e1ltal, aki veled \u00e9l \u00e9s uralkodik a Szentl\u00e9lekkel egys\u00e9gben, Isten mind\u00f6r\u00f6kk\u00f6n \u00f6r\u00f6kk\u00e9. OLVASM\u00c1NY az Apostolok Cselekedeteib\u0151l (ApCsel 6,1-7) Kiv\u00e1lasztottak h\u00e9t j\u00f3 h\u00edrben \u00e1ll\u00f3, Szentl\u00e9lekkel eltelt f\u00e9rfit. Azokban a napokban, amikor a tan\u00edtv\u00e1nyok sz\u00e1ma m\u00e1r megn\u00f6vekedett, z\u00fagol\u00f3d\u00e1s t\u00e1madt a g\u00f6r\u00f6g\u00f6k k\u00f6zt a zsid\u00f3k ellen, hogy a mindennapi alamizsnaoszt\u00e1skor az \u0151 \u00f6zvegyeiket h\u00e1tt\u00e9rbe szor\u00edtj\u00e1k. Ez\u00e9rt a Tizenkett\u0151 \u00f6sszeh\u00edvta a tan\u00edtv\u00e1nyokat, \u00e9s \u00edgy sz\u00f3ltak hozz\u00e1juk: \u201eNem volna rendj\u00e9n, hogy elhanyagoljuk Isten ig\u00e9j\u00e9t, s az asztal szolg\u00e1lat\u00e1t l\u00e1ssuk el. Szemeljetek h\u00e1t ki magatok k\u00f6z\u00fcl, testv\u00e9rek, h\u00e9t j\u00f3 h\u00edrben \u00e1ll\u00f3, L\u00e9lekkel eltelt b\u00f6lcs f\u00e9rfit, akiket megb\u00edzhatunk ezzel a feladattal. Mi pedig majd az im\u00e1ds\u00e1gnak \u00e9s az ige szolg\u00e1lat\u00e1nak szentelj\u00fck magunkat.\u201d Tetszett a javaslat az eg\u00e9sz k\u00f6z\u00f6ss\u00e9gnek, \u00e9s kiv\u00e1lasztott\u00e1k Istv\u00e1nt, ezt a hittel \u00e9s Szentl\u00e9lekkel eltelt f\u00e9rfit, azt\u00e1n F\u00fcl\u00f6p\u00f6t \u00e9s Proh\u00f3ruszt, Nik\u00e1nort \u00e9s Timont, Parmen\u00e1szt \u00e9s Mikl\u00f3st, az anti\u00f3chiai prozelit\u00e1t. Az apostolok el\u00e9 \u00e1ll\u00edtott\u00e1k \u0151ket, azok pedig im\u00e1dkoztak felett\u00fck, \u00e9s r\u00e1juk tett\u00e9k kez\u00fcket. \u00c9s az Isten ig\u00e9je tov\u00e1bb terjedt, \u00fagyhogy a tan\u00edtv\u00e1nyok sz\u00e1ma igen megn\u0151tt Jeruzs\u00e1lemben. M\u00e9g a papok k\u00f6z\u00fcl is t\u00f6megesen h\u00f3doltak meg a hitnek. Ez az Isten ig\u00e9je. V\u00c1LASZOS ZSOLT\u00c1R (Zsolt 32,1-2.4-5.18-19) V\u00e1lasz:\u00a0Kegyes szemed legyen\u00a0rajtunk, * tebenned van\u00a0bizodalmunk.\u00a05. t\u00f3nus. Vagy:\u00a0Alleluja.\u00a05. sz\u00e1m. El\u0151\u00e9nekes: \u00d6rvendezzetek, igazak, az \u00darban, * a szentekhez dics\u00e9ret illik. Dics\u00e9rj\u00e9tek az Urat citer\u00e1val, * t\u00edzh\u00far\u00fa h\u00e1rf\u00e1n zengjetek n\u00e9ki. H\u00edvek:\u00a0Kegyes szemed legyen\u00a0rajtunk, * tebenned van\u00a0bizodalmunk. Vagy: Alleluja. E: Sziklaszil\u00e1rd az \u00dar ig\u00e9je, * minden tett\u00e9t h\u0171s\u00e9g vezeti. Az igazlelk\u0171s\u00e9get \u00e9s a t\u00f6rv\u00e9nyt szereti, * telve van a f\u00f6ld az \u00dar irgalm\u00e1val. H:\u00a0Kegyes szemed legyen\u00a0rajtunk, * tebenned van\u00a0bizodalmunk. Vagy: Alleluja. E: Az istenf\u00e9l\u0151kre \u00fcgyel&#8230; <\/p>\n<p><a class=\"readmore\" href=\"https:\/\/stuttgarti-katolikusok.de\/index.php\/husvet-5-vasarnapja\/\">R\u00e9szletek<\/a><\/p>\n","protected":false},"author":3,"featured_media":26762,"comment_status":"closed","ping_status":"closed","sticky":false,"template":"","format":"standard","meta":{"footnotes":""},"categories":[85,63],"tags":[],"class_list":["post-26761","post","type-post","status-publish","format-standard","has-post-thumbnail","hentry","category-a-liturgia-olvasmanyai","category-vasarnapi-gondolatok"],"yoast_head":"<!-- This site is optimized with the Yoast SEO plugin v27.3 - https:\/\/yoast.com\/product\/yoast-seo-wordpress\/ -->\n<title>H\u00daSV\u00c9T 5. VAS\u00c1RNAPJA - Stuttgarti Katolikusok<\/title>\n<meta name=\"robots\" content=\"index, follow, max-snippet:-1, max-image-preview:large, max-video-preview:-1\" \/>\n<link rel=\"canonical\" href=\"https:\/\/stuttgarti-katolikusok.de\/index.php\/husvet-5-vasarnapja\/\" \/>\n<meta property=\"og:locale\" content=\"hu_HU\" \/>\n<meta property=\"og:type\" content=\"article\" \/>\n<meta property=\"og:title\" content=\"H\u00daSV\u00c9T 5. VAS\u00c1RNAPJA - Stuttgarti Katolikusok\" \/>\n<meta property=\"og:description\" content=\"Kezd\u0151\u00e9nek: Az \u00darnak \u00faj dalt \u00e9nekeljetek, mivelhogy csod\u00e1kat m\u0171velt, tudtul adta h\u0171s\u00e9g\u00e9t a nemzeteknek, alleluja. (Zsolt 97,1-2) K\u00f6ny\u00f6rg\u00e9s: Isten\u00fcnk, te megv\u00e1ltott\u00e1l \u00e9s gyermekeidd\u00e9 fogadt\u00e1l benn\u00fcnket. Tekints j\u00f3s\u00e1gosan szeretett fiaidra, \u00e9s vezess el minket, Krisztusban h\u00edv\u0151ket az igazi szabads\u00e1gra \u00e9s a mennyei dics\u0151s\u00e9gbe. A mi Urunk, J\u00e9zus Krisztus, a te Fiad \u00e1ltal, aki veled \u00e9l \u00e9s uralkodik a Szentl\u00e9lekkel egys\u00e9gben, Isten mind\u00f6r\u00f6kk\u00f6n \u00f6r\u00f6kk\u00e9. OLVASM\u00c1NY az Apostolok Cselekedeteib\u0151l (ApCsel 6,1-7) Kiv\u00e1lasztottak h\u00e9t j\u00f3 h\u00edrben \u00e1ll\u00f3, Szentl\u00e9lekkel eltelt f\u00e9rfit. Azokban a napokban, amikor a tan\u00edtv\u00e1nyok sz\u00e1ma m\u00e1r megn\u00f6vekedett, z\u00fagol\u00f3d\u00e1s t\u00e1madt a g\u00f6r\u00f6g\u00f6k k\u00f6zt a zsid\u00f3k ellen, hogy a mindennapi alamizsnaoszt\u00e1skor az \u0151 \u00f6zvegyeiket h\u00e1tt\u00e9rbe szor\u00edtj\u00e1k. Ez\u00e9rt a Tizenkett\u0151 \u00f6sszeh\u00edvta a tan\u00edtv\u00e1nyokat, \u00e9s \u00edgy sz\u00f3ltak hozz\u00e1juk: \u201eNem volna rendj\u00e9n, hogy elhanyagoljuk Isten ig\u00e9j\u00e9t, s az asztal szolg\u00e1lat\u00e1t l\u00e1ssuk el. Szemeljetek h\u00e1t ki magatok k\u00f6z\u00fcl, testv\u00e9rek, h\u00e9t j\u00f3 h\u00edrben \u00e1ll\u00f3, L\u00e9lekkel eltelt b\u00f6lcs f\u00e9rfit, akiket megb\u00edzhatunk ezzel a feladattal. Mi pedig majd az im\u00e1ds\u00e1gnak \u00e9s az ige szolg\u00e1lat\u00e1nak szentelj\u00fck magunkat.\u201d Tetszett a javaslat az eg\u00e9sz k\u00f6z\u00f6ss\u00e9gnek, \u00e9s kiv\u00e1lasztott\u00e1k Istv\u00e1nt, ezt a hittel \u00e9s Szentl\u00e9lekkel eltelt f\u00e9rfit, azt\u00e1n F\u00fcl\u00f6p\u00f6t \u00e9s Proh\u00f3ruszt, Nik\u00e1nort \u00e9s Timont, Parmen\u00e1szt \u00e9s Mikl\u00f3st, az anti\u00f3chiai prozelit\u00e1t. Az apostolok el\u00e9 \u00e1ll\u00edtott\u00e1k \u0151ket, azok pedig im\u00e1dkoztak felett\u00fck, \u00e9s r\u00e1juk tett\u00e9k kez\u00fcket. \u00c9s az Isten ig\u00e9je tov\u00e1bb terjedt, \u00fagyhogy a tan\u00edtv\u00e1nyok sz\u00e1ma igen megn\u0151tt Jeruzs\u00e1lemben. M\u00e9g a papok k\u00f6z\u00fcl is t\u00f6megesen h\u00f3doltak meg a hitnek. Ez az Isten ig\u00e9je. V\u00c1LASZOS ZSOLT\u00c1R (Zsolt 32,1-2.4-5.18-19) V\u00e1lasz:\u00a0Kegyes szemed legyen\u00a0rajtunk, * tebenned van\u00a0bizodalmunk.\u00a05. t\u00f3nus. Vagy:\u00a0Alleluja.\u00a05. sz\u00e1m. El\u0151\u00e9nekes: \u00d6rvendezzetek, igazak, az \u00darban, * a szentekhez dics\u00e9ret illik. Dics\u00e9rj\u00e9tek az Urat citer\u00e1val, * t\u00edzh\u00far\u00fa h\u00e1rf\u00e1n zengjetek n\u00e9ki. H\u00edvek:\u00a0Kegyes szemed legyen\u00a0rajtunk, * tebenned van\u00a0bizodalmunk. Vagy: Alleluja. E: Sziklaszil\u00e1rd az \u00dar ig\u00e9je, * minden tett\u00e9t h\u0171s\u00e9g vezeti. Az igazlelk\u0171s\u00e9get \u00e9s a t\u00f6rv\u00e9nyt szereti, * telve van a f\u00f6ld az \u00dar irgalm\u00e1val. H:\u00a0Kegyes szemed legyen\u00a0rajtunk, * tebenned van\u00a0bizodalmunk. Vagy: Alleluja. E: Az istenf\u00e9l\u0151kre \u00fcgyel... R\u00e9szletek\" \/>\n<meta property=\"og:url\" content=\"https:\/\/stuttgarti-katolikusok.de\/index.php\/husvet-5-vasarnapja\/\" \/>\n<meta property=\"og:site_name\" content=\"Stuttgarti Katolikusok\" \/>\n<meta property=\"article:published_time\" content=\"2023-05-06T10:50:10+00:00\" \/>\n<meta property=\"og:image\" content=\"https:\/\/stuttgarti-katolikusok.de\/wp-content\/uploads\/2023\/05\/cq5damthumbnailcropped750422.jpeg\" \/>\n\t<meta property=\"og:image:width\" content=\"750\" \/>\n\t<meta property=\"og:image:height\" content=\"422\" \/>\n\t<meta property=\"og:image:type\" content=\"image\/jpeg\" \/>\n<meta name=\"author\" content=\"Tibor atya\" \/>\n<meta name=\"twitter:card\" content=\"summary_large_image\" \/>\n<meta name=\"twitter:label1\" content=\"Szerz\u0151:\" \/>\n\t<meta name=\"twitter:data1\" content=\"Tibor atya\" \/>\n\t<meta name=\"twitter:label2\" content=\"Becs\u00fclt olvas\u00e1si id\u0151\" \/>\n\t<meta name=\"twitter:data2\" content=\"6 perc\" \/>\n<script type=\"application\/ld+json\" class=\"yoast-schema-graph\">{\"@context\":\"https:\\\/\\\/schema.org\",\"@graph\":[{\"@type\":\"Article\",\"@id\":\"https:\\\/\\\/stuttgarti-katolikusok.de\\\/index.php\\\/husvet-5-vasarnapja\\\/#article\",\"isPartOf\":{\"@id\":\"https:\\\/\\\/stuttgarti-katolikusok.de\\\/index.php\\\/husvet-5-vasarnapja\\\/\"},\"author\":{\"name\":\"Tibor atya\",\"@id\":\"https:\\\/\\\/stuttgarti-katolikusok.de\\\/#\\\/schema\\\/person\\\/75908d6f8fdc03a57889d27209df7795\"},\"headline\":\"H\u00daSV\u00c9T 5. VAS\u00c1RNAPJA\",\"datePublished\":\"2023-05-06T10:50:10+00:00\",\"mainEntityOfPage\":{\"@id\":\"https:\\\/\\\/stuttgarti-katolikusok.de\\\/index.php\\\/husvet-5-vasarnapja\\\/\"},\"wordCount\":1540,\"image\":{\"@id\":\"https:\\\/\\\/stuttgarti-katolikusok.de\\\/index.php\\\/husvet-5-vasarnapja\\\/#primaryimage\"},\"thumbnailUrl\":\"https:\\\/\\\/stuttgarti-katolikusok.de\\\/wp-content\\\/uploads\\\/2023\\\/05\\\/cq5damthumbnailcropped750422.jpeg\",\"articleSection\":[\"A liturgia olvasm\u00e1nyai\",\"Vas\u00e1rnapi gondolatok\"],\"inLanguage\":\"hu\"},{\"@type\":\"WebPage\",\"@id\":\"https:\\\/\\\/stuttgarti-katolikusok.de\\\/index.php\\\/husvet-5-vasarnapja\\\/\",\"url\":\"https:\\\/\\\/stuttgarti-katolikusok.de\\\/index.php\\\/husvet-5-vasarnapja\\\/\",\"name\":\"H\u00daSV\u00c9T 5. VAS\u00c1RNAPJA - Stuttgarti Katolikusok\",\"isPartOf\":{\"@id\":\"https:\\\/\\\/stuttgarti-katolikusok.de\\\/#website\"},\"primaryImageOfPage\":{\"@id\":\"https:\\\/\\\/stuttgarti-katolikusok.de\\\/index.php\\\/husvet-5-vasarnapja\\\/#primaryimage\"},\"image\":{\"@id\":\"https:\\\/\\\/stuttgarti-katolikusok.de\\\/index.php\\\/husvet-5-vasarnapja\\\/#primaryimage\"},\"thumbnailUrl\":\"https:\\\/\\\/stuttgarti-katolikusok.de\\\/wp-content\\\/uploads\\\/2023\\\/05\\\/cq5damthumbnailcropped750422.jpeg\",\"datePublished\":\"2023-05-06T10:50:10+00:00\",\"author\":{\"@id\":\"https:\\\/\\\/stuttgarti-katolikusok.de\\\/#\\\/schema\\\/person\\\/75908d6f8fdc03a57889d27209df7795\"},\"breadcrumb\":{\"@id\":\"https:\\\/\\\/stuttgarti-katolikusok.de\\\/index.php\\\/husvet-5-vasarnapja\\\/#breadcrumb\"},\"inLanguage\":\"hu\",\"potentialAction\":[{\"@type\":\"ReadAction\",\"target\":[\"https:\\\/\\\/stuttgarti-katolikusok.de\\\/index.php\\\/husvet-5-vasarnapja\\\/\"]}]},{\"@type\":\"ImageObject\",\"inLanguage\":\"hu\",\"@id\":\"https:\\\/\\\/stuttgarti-katolikusok.de\\\/index.php\\\/husvet-5-vasarnapja\\\/#primaryimage\",\"url\":\"https:\\\/\\\/stuttgarti-katolikusok.de\\\/wp-content\\\/uploads\\\/2023\\\/05\\\/cq5damthumbnailcropped750422.jpeg\",\"contentUrl\":\"https:\\\/\\\/stuttgarti-katolikusok.de\\\/wp-content\\\/uploads\\\/2023\\\/05\\\/cq5damthumbnailcropped750422.jpeg\",\"width\":750,\"height\":422},{\"@type\":\"BreadcrumbList\",\"@id\":\"https:\\\/\\\/stuttgarti-katolikusok.de\\\/index.php\\\/husvet-5-vasarnapja\\\/#breadcrumb\",\"itemListElement\":[{\"@type\":\"ListItem\",\"position\":1,\"name\":\"Kezd\u0151lap\",\"item\":\"https:\\\/\\\/stuttgarti-katolikusok.de\\\/\"},{\"@type\":\"ListItem\",\"position\":2,\"name\":\"H\u00daSV\u00c9T 5. VAS\u00c1RNAPJA\"}]},{\"@type\":\"WebSite\",\"@id\":\"https:\\\/\\\/stuttgarti-katolikusok.de\\\/#website\",\"url\":\"https:\\\/\\\/stuttgarti-katolikusok.de\\\/\",\"name\":\"Stuttgarti Katolikusok\",\"description\":\"\",\"potentialAction\":[{\"@type\":\"SearchAction\",\"target\":{\"@type\":\"EntryPoint\",\"urlTemplate\":\"https:\\\/\\\/stuttgarti-katolikusok.de\\\/?s={search_term_string}\"},\"query-input\":{\"@type\":\"PropertyValueSpecification\",\"valueRequired\":true,\"valueName\":\"search_term_string\"}}],\"inLanguage\":\"hu\"},{\"@type\":\"Person\",\"@id\":\"https:\\\/\\\/stuttgarti-katolikusok.de\\\/#\\\/schema\\\/person\\\/75908d6f8fdc03a57889d27209df7795\",\"name\":\"Tibor atya\",\"image\":{\"@type\":\"ImageObject\",\"inLanguage\":\"hu\",\"@id\":\"https:\\\/\\\/secure.gravatar.com\\\/avatar\\\/61d268e57d1f4525b111222e29d2d5a7f8c420fdbf231ba5566a8ceac74fa960?s=96&d=mm&r=g\",\"url\":\"https:\\\/\\\/secure.gravatar.com\\\/avatar\\\/61d268e57d1f4525b111222e29d2d5a7f8c420fdbf231ba5566a8ceac74fa960?s=96&d=mm&r=g\",\"contentUrl\":\"https:\\\/\\\/secure.gravatar.com\\\/avatar\\\/61d268e57d1f4525b111222e29d2d5a7f8c420fdbf231ba5566a8ceac74fa960?s=96&d=mm&r=g\",\"caption\":\"Tibor atya\"},\"url\":\"https:\\\/\\\/stuttgarti-katolikusok.de\\\/index.php\\\/author\\\/tibor-atya\\\/\"}]}<\/script>\n<!-- \/ Yoast SEO plugin. -->","yoast_head_json":{"title":"H\u00daSV\u00c9T 5. VAS\u00c1RNAPJA - Stuttgarti Katolikusok","robots":{"index":"index","follow":"follow","max-snippet":"max-snippet:-1","max-image-preview":"max-image-preview:large","max-video-preview":"max-video-preview:-1"},"canonical":"https:\/\/stuttgarti-katolikusok.de\/index.php\/husvet-5-vasarnapja\/","og_locale":"hu_HU","og_type":"article","og_title":"H\u00daSV\u00c9T 5. VAS\u00c1RNAPJA - Stuttgarti Katolikusok","og_description":"Kezd\u0151\u00e9nek: Az \u00darnak \u00faj dalt \u00e9nekeljetek, mivelhogy csod\u00e1kat m\u0171velt, tudtul adta h\u0171s\u00e9g\u00e9t a nemzeteknek, alleluja. (Zsolt 97,1-2) K\u00f6ny\u00f6rg\u00e9s: Isten\u00fcnk, te megv\u00e1ltott\u00e1l \u00e9s gyermekeidd\u00e9 fogadt\u00e1l benn\u00fcnket. Tekints j\u00f3s\u00e1gosan szeretett fiaidra, \u00e9s vezess el minket, Krisztusban h\u00edv\u0151ket az igazi szabads\u00e1gra \u00e9s a mennyei dics\u0151s\u00e9gbe. A mi Urunk, J\u00e9zus Krisztus, a te Fiad \u00e1ltal, aki veled \u00e9l \u00e9s uralkodik a Szentl\u00e9lekkel egys\u00e9gben, Isten mind\u00f6r\u00f6kk\u00f6n \u00f6r\u00f6kk\u00e9. OLVASM\u00c1NY az Apostolok Cselekedeteib\u0151l (ApCsel 6,1-7) Kiv\u00e1lasztottak h\u00e9t j\u00f3 h\u00edrben \u00e1ll\u00f3, Szentl\u00e9lekkel eltelt f\u00e9rfit. Azokban a napokban, amikor a tan\u00edtv\u00e1nyok sz\u00e1ma m\u00e1r megn\u00f6vekedett, z\u00fagol\u00f3d\u00e1s t\u00e1madt a g\u00f6r\u00f6g\u00f6k k\u00f6zt a zsid\u00f3k ellen, hogy a mindennapi alamizsnaoszt\u00e1skor az \u0151 \u00f6zvegyeiket h\u00e1tt\u00e9rbe szor\u00edtj\u00e1k. Ez\u00e9rt a Tizenkett\u0151 \u00f6sszeh\u00edvta a tan\u00edtv\u00e1nyokat, \u00e9s \u00edgy sz\u00f3ltak hozz\u00e1juk: \u201eNem volna rendj\u00e9n, hogy elhanyagoljuk Isten ig\u00e9j\u00e9t, s az asztal szolg\u00e1lat\u00e1t l\u00e1ssuk el. Szemeljetek h\u00e1t ki magatok k\u00f6z\u00fcl, testv\u00e9rek, h\u00e9t j\u00f3 h\u00edrben \u00e1ll\u00f3, L\u00e9lekkel eltelt b\u00f6lcs f\u00e9rfit, akiket megb\u00edzhatunk ezzel a feladattal. Mi pedig majd az im\u00e1ds\u00e1gnak \u00e9s az ige szolg\u00e1lat\u00e1nak szentelj\u00fck magunkat.\u201d Tetszett a javaslat az eg\u00e9sz k\u00f6z\u00f6ss\u00e9gnek, \u00e9s kiv\u00e1lasztott\u00e1k Istv\u00e1nt, ezt a hittel \u00e9s Szentl\u00e9lekkel eltelt f\u00e9rfit, azt\u00e1n F\u00fcl\u00f6p\u00f6t \u00e9s Proh\u00f3ruszt, Nik\u00e1nort \u00e9s Timont, Parmen\u00e1szt \u00e9s Mikl\u00f3st, az anti\u00f3chiai prozelit\u00e1t. Az apostolok el\u00e9 \u00e1ll\u00edtott\u00e1k \u0151ket, azok pedig im\u00e1dkoztak felett\u00fck, \u00e9s r\u00e1juk tett\u00e9k kez\u00fcket. \u00c9s az Isten ig\u00e9je tov\u00e1bb terjedt, \u00fagyhogy a tan\u00edtv\u00e1nyok sz\u00e1ma igen megn\u0151tt Jeruzs\u00e1lemben. M\u00e9g a papok k\u00f6z\u00fcl is t\u00f6megesen h\u00f3doltak meg a hitnek. Ez az Isten ig\u00e9je. V\u00c1LASZOS ZSOLT\u00c1R (Zsolt 32,1-2.4-5.18-19) V\u00e1lasz:\u00a0Kegyes szemed legyen\u00a0rajtunk, * tebenned van\u00a0bizodalmunk.\u00a05. t\u00f3nus. Vagy:\u00a0Alleluja.\u00a05. sz\u00e1m. El\u0151\u00e9nekes: \u00d6rvendezzetek, igazak, az \u00darban, * a szentekhez dics\u00e9ret illik. Dics\u00e9rj\u00e9tek az Urat citer\u00e1val, * t\u00edzh\u00far\u00fa h\u00e1rf\u00e1n zengjetek n\u00e9ki. H\u00edvek:\u00a0Kegyes szemed legyen\u00a0rajtunk, * tebenned van\u00a0bizodalmunk. Vagy: Alleluja. E: Sziklaszil\u00e1rd az \u00dar ig\u00e9je, * minden tett\u00e9t h\u0171s\u00e9g vezeti. Az igazlelk\u0171s\u00e9get \u00e9s a t\u00f6rv\u00e9nyt szereti, * telve van a f\u00f6ld az \u00dar irgalm\u00e1val. H:\u00a0Kegyes szemed legyen\u00a0rajtunk, * tebenned van\u00a0bizodalmunk. Vagy: Alleluja. E: Az istenf\u00e9l\u0151kre \u00fcgyel... R\u00e9szletek","og_url":"https:\/\/stuttgarti-katolikusok.de\/index.php\/husvet-5-vasarnapja\/","og_site_name":"Stuttgarti Katolikusok","article_published_time":"2023-05-06T10:50:10+00:00","og_image":[{"width":750,"height":422,"url":"https:\/\/stuttgarti-katolikusok.de\/wp-content\/uploads\/2023\/05\/cq5damthumbnailcropped750422.jpeg","type":"image\/jpeg"}],"author":"Tibor atya","twitter_card":"summary_large_image","twitter_misc":{"Szerz\u0151:":"Tibor atya","Becs\u00fclt olvas\u00e1si id\u0151":"6 perc"},"schema":{"@context":"https:\/\/schema.org","@graph":[{"@type":"Article","@id":"https:\/\/stuttgarti-katolikusok.de\/index.php\/husvet-5-vasarnapja\/#article","isPartOf":{"@id":"https:\/\/stuttgarti-katolikusok.de\/index.php\/husvet-5-vasarnapja\/"},"author":{"name":"Tibor atya","@id":"https:\/\/stuttgarti-katolikusok.de\/#\/schema\/person\/75908d6f8fdc03a57889d27209df7795"},"headline":"H\u00daSV\u00c9T 5. VAS\u00c1RNAPJA","datePublished":"2023-05-06T10:50:10+00:00","mainEntityOfPage":{"@id":"https:\/\/stuttgarti-katolikusok.de\/index.php\/husvet-5-vasarnapja\/"},"wordCount":1540,"image":{"@id":"https:\/\/stuttgarti-katolikusok.de\/index.php\/husvet-5-vasarnapja\/#primaryimage"},"thumbnailUrl":"https:\/\/stuttgarti-katolikusok.de\/wp-content\/uploads\/2023\/05\/cq5damthumbnailcropped750422.jpeg","articleSection":["A liturgia olvasm\u00e1nyai","Vas\u00e1rnapi gondolatok"],"inLanguage":"hu"},{"@type":"WebPage","@id":"https:\/\/stuttgarti-katolikusok.de\/index.php\/husvet-5-vasarnapja\/","url":"https:\/\/stuttgarti-katolikusok.de\/index.php\/husvet-5-vasarnapja\/","name":"H\u00daSV\u00c9T 5. VAS\u00c1RNAPJA - Stuttgarti Katolikusok","isPartOf":{"@id":"https:\/\/stuttgarti-katolikusok.de\/#website"},"primaryImageOfPage":{"@id":"https:\/\/stuttgarti-katolikusok.de\/index.php\/husvet-5-vasarnapja\/#primaryimage"},"image":{"@id":"https:\/\/stuttgarti-katolikusok.de\/index.php\/husvet-5-vasarnapja\/#primaryimage"},"thumbnailUrl":"https:\/\/stuttgarti-katolikusok.de\/wp-content\/uploads\/2023\/05\/cq5damthumbnailcropped750422.jpeg","datePublished":"2023-05-06T10:50:10+00:00","author":{"@id":"https:\/\/stuttgarti-katolikusok.de\/#\/schema\/person\/75908d6f8fdc03a57889d27209df7795"},"breadcrumb":{"@id":"https:\/\/stuttgarti-katolikusok.de\/index.php\/husvet-5-vasarnapja\/#breadcrumb"},"inLanguage":"hu","potentialAction":[{"@type":"ReadAction","target":["https:\/\/stuttgarti-katolikusok.de\/index.php\/husvet-5-vasarnapja\/"]}]},{"@type":"ImageObject","inLanguage":"hu","@id":"https:\/\/stuttgarti-katolikusok.de\/index.php\/husvet-5-vasarnapja\/#primaryimage","url":"https:\/\/stuttgarti-katolikusok.de\/wp-content\/uploads\/2023\/05\/cq5damthumbnailcropped750422.jpeg","contentUrl":"https:\/\/stuttgarti-katolikusok.de\/wp-content\/uploads\/2023\/05\/cq5damthumbnailcropped750422.jpeg","width":750,"height":422},{"@type":"BreadcrumbList","@id":"https:\/\/stuttgarti-katolikusok.de\/index.php\/husvet-5-vasarnapja\/#breadcrumb","itemListElement":[{"@type":"ListItem","position":1,"name":"Kezd\u0151lap","item":"https:\/\/stuttgarti-katolikusok.de\/"},{"@type":"ListItem","position":2,"name":"H\u00daSV\u00c9T 5. VAS\u00c1RNAPJA"}]},{"@type":"WebSite","@id":"https:\/\/stuttgarti-katolikusok.de\/#website","url":"https:\/\/stuttgarti-katolikusok.de\/","name":"Stuttgarti Katolikusok","description":"","potentialAction":[{"@type":"SearchAction","target":{"@type":"EntryPoint","urlTemplate":"https:\/\/stuttgarti-katolikusok.de\/?s={search_term_string}"},"query-input":{"@type":"PropertyValueSpecification","valueRequired":true,"valueName":"search_term_string"}}],"inLanguage":"hu"},{"@type":"Person","@id":"https:\/\/stuttgarti-katolikusok.de\/#\/schema\/person\/75908d6f8fdc03a57889d27209df7795","name":"Tibor atya","image":{"@type":"ImageObject","inLanguage":"hu","@id":"https:\/\/secure.gravatar.com\/avatar\/61d268e57d1f4525b111222e29d2d5a7f8c420fdbf231ba5566a8ceac74fa960?s=96&d=mm&r=g","url":"https:\/\/secure.gravatar.com\/avatar\/61d268e57d1f4525b111222e29d2d5a7f8c420fdbf231ba5566a8ceac74fa960?s=96&d=mm&r=g","contentUrl":"https:\/\/secure.gravatar.com\/avatar\/61d268e57d1f4525b111222e29d2d5a7f8c420fdbf231ba5566a8ceac74fa960?s=96&d=mm&r=g","caption":"Tibor atya"},"url":"https:\/\/stuttgarti-katolikusok.de\/index.php\/author\/tibor-atya\/"}]}},"_links":{"self":[{"href":"https:\/\/stuttgarti-katolikusok.de\/index.php\/wp-json\/wp\/v2\/posts\/26761","targetHints":{"allow":["GET"]}}],"collection":[{"href":"https:\/\/stuttgarti-katolikusok.de\/index.php\/wp-json\/wp\/v2\/posts"}],"about":[{"href":"https:\/\/stuttgarti-katolikusok.de\/index.php\/wp-json\/wp\/v2\/types\/post"}],"author":[{"embeddable":true,"href":"https:\/\/stuttgarti-katolikusok.de\/index.php\/wp-json\/wp\/v2\/users\/3"}],"replies":[{"embeddable":true,"href":"https:\/\/stuttgarti-katolikusok.de\/index.php\/wp-json\/wp\/v2\/comments?post=26761"}],"version-history":[{"count":1,"href":"https:\/\/stuttgarti-katolikusok.de\/index.php\/wp-json\/wp\/v2\/posts\/26761\/revisions"}],"predecessor-version":[{"id":26763,"href":"https:\/\/stuttgarti-katolikusok.de\/index.php\/wp-json\/wp\/v2\/posts\/26761\/revisions\/26763"}],"wp:featuredmedia":[{"embeddable":true,"href":"https:\/\/stuttgarti-katolikusok.de\/index.php\/wp-json\/wp\/v2\/media\/26762"}],"wp:attachment":[{"href":"https:\/\/stuttgarti-katolikusok.de\/index.php\/wp-json\/wp\/v2\/media?parent=26761"}],"wp:term":[{"taxonomy":"category","embeddable":true,"href":"https:\/\/stuttgarti-katolikusok.de\/index.php\/wp-json\/wp\/v2\/categories?post=26761"},{"taxonomy":"post_tag","embeddable":true,"href":"https:\/\/stuttgarti-katolikusok.de\/index.php\/wp-json\/wp\/v2\/tags?post=26761"}],"curies":[{"name":"wp","href":"https:\/\/api.w.org\/{rel}","templated":true}]}}