{"id":26704,"date":"2026-04-25T06:00:43","date_gmt":"2026-04-25T04:00:43","guid":{"rendered":"https:\/\/stuttgarti-katolikusok.de\/?p=26704"},"modified":"2026-04-25T14:50:56","modified_gmt":"2026-04-25T12:50:56","slug":"husvet-4-vasarnapja","status":"publish","type":"post","link":"https:\/\/stuttgarti-katolikusok.de\/index.php\/husvet-4-vasarnapja\/","title":{"rendered":"H\u00fasv\u00e9t 4. vas\u00e1rnapja &#8211; J\u00f3 p\u00e1sztor vas\u00e1rnapja"},"content":{"rendered":"<p><span style=\"color: #ff6600;\"><em>\u00dcnnepi liturgi\u00e1nkb\u00f3l a szentmise els\u0151 k\u00f6ny\u00f6rg\u00e9s\u00e9t \u00e9s annak k\u00f6zvet\u00edtett \u00fczenet\u00e9t szeretn\u00e9m idehozni. Benne azt k\u00e9rj\u00fck, hogy J\u00e9zus Krisztus, a J\u00f3 P\u00e1sztor, benn\u00fcnket, a gy\u00f6nge ny\u00e1jnak juhait elvezessen a mennyei \u00f6r\u00f6kk\u00e9val\u00f3s\u00e1gba. Egy nagyon fontos igazs\u00e1gra ir\u00e1ny\u00edtja r\u00e1 figyelm\u00fcnket, mintegy biztatva, v\u00e1ltoz\u00f3 vil\u00e1gban \u00e9l\u00fcnk. K\u00f6zben pedig mi magunk is v\u00e1ltozunk. Olykor egym\u00e1snak ellentmond\u00f3 ideol\u00f3gi\u00e1k keresztt\u00fcz\u00e9ben \u00e9l\u00fcnk, s mi magunk is \u00e1lland\u00f3an v\u00e1ltozunk. Fontos teh\u00e1t, hogy megtal\u00e1ljuk utunkat, s benne meg\u0151rizz\u00fck \u00f6nazonoss\u00e1gunkat.\u00a0<\/em><\/span><\/p>\n<p><span style=\"color: #ff6600;\"><em>Nagyon friss az \u00e9lm\u00e9nyem. Felvid\u00e9kr\u0151l elsz\u00e1rmaz\u00f3 csal\u00e1d gyermek\u00e9t kereszteltem meg most szombat d\u00e9lben. El\u0151tte pedig egy k\u00e9t\u00f3r\u00e1s tal\u00e1lkoz\u00f3n vett\u00fcnk r\u00e9szt Szegi Oszk\u00e1r testv\u00e9r\u00fcnkkel egy\u00fctt, a Szent Gell\u00e9rt Egyh\u00e1zk\u00f6zs\u00e9g k\u00e9pviselet\u00e9ben. Itt, a m\u00e1s anyanyelv\u0171 k\u00f6z\u00f6ss\u00e9gek k\u00e9pvisel\u0151i az Egyh\u00e1zmegye p\u00fcsp\u00f6k\u00e9vel tal\u00e1lkoztunk, v\u00e1laszt keresve, hogyan folytathatjuk utunkat ebben a v\u00e1ltoz\u00f3 vil\u00e1gban. Szem\u00e9ly szerint engem az a v\u00e1gy vez\u00e9rel, hogy Egyh\u00e1zk\u00f6zs\u00e9g\u00fcnk 79 esztend\u0151s nemes \u00f6r\u00f6ks\u00e9g\u00e9t tov\u00e1bb tudjuk vinni, s \u00e1t is tudjuk \u00f6r\u00f6k\u00edteni. A felel\u0151ss\u00e9g \u00f3ri\u00e1si! Amennyiben k\u00f6z\u00f6ss\u00e9g\u00fcnk tagja vagy, \u00fagy te is gondolkozz el azon, hogy mit tudsz hozz\u00e1tenni k\u00f6z\u00f6ss\u00e9g\u00fcnk \u00e9let\u00e9hez. Ne feledd, sz\u00fcks\u00e9g van r\u00e1d.\u00a0<\/em><\/span><\/p>\n<p><span style=\"color: #ff6600;\"><em>Most a keresztel\u0151n ugyanaz az \u00e9rz\u00e9s ker\u00edtett hatalm\u00e1ba, mint a cs\u00fct\u00f6rt\u00f6ki temet\u00e9s alkalm\u00e1val. Milyen nagy kegyelem, hogy l\u00e9tezik a mi k\u00f6z\u00f6ss\u00e9g\u00fcnk. K\u00f6z\u00f6ss\u00e9g\u00fcnk k\u00e9pviselet\u00e9ben pedig ott \u00e1llhatok egy csal\u00e1d mellett mind a f\u00e1jdalom \u00e9s gy\u00e1szban, mind pedig az \u00f6r\u00f6mben. Ajt\u00f3v\u00e1 v\u00e1lok, amin ki \u00e9s be lehet menni. H\u00e1t nem csod\u00e1latos!?<\/em><\/span><\/p>\n<p><span style=\"color: #ff6600;\"><em>A keresztel\u0151 v\u00e9gezt\u00e9vel \u00e9ppen k\u00e9sz\u00fcltem bez\u00e1rni a templomot, amikor megl\u00e1ttam, hogy egy fiatal h\u00f6lgy &#8222;bet\u00e9vedt&#8221; templomunkba. \u00dajb\u00f3l felkapcsoltam a f\u00e9nyeket, t\u00fcrelmesen v\u00e1rtam. Azt\u00e1n elkezdt\u00fcnk besz\u00e9lgetni. Kider\u00fclt, hogy n\u00e9gy \u00e9ve \u00e9l itt Stuttgartban. K\u00edn\u00e1b\u00f3l \u00e9rkezett, egy g\u00e9pkocsikat \u00e9rt\u00e9kes\u00edt\u0151 c\u00e9gn\u00e9l dolgozik. Mintegy f\u00e9l\u00f3r\u00e1t v\u00e1rtam, hogy sok-sok k\u00e9pet k\u00e9sz\u00edtsen, ahogyan ez az \u0151 kult\u00far\u00e1jukban szok\u00e1s. K\u00f6zben csendesen medit\u00e1ltam templomunk egyik sark\u00e1ban. \u00c9ppen arra gondoltam, itt az alkalom, hogy ajt\u00f3t nyissak. Majd \u0151 eld\u00f6nti, hogy bel\u00e9p-e ezen az ajt\u00f3n. V\u00e9g\u00fcl sz\u00f3ba elegyedt\u00fcnk. M\u00e9g megk\u00e9rt, hogy n\u00e9h\u00e1ny k\u00e9pet k\u00e9sz\u00edtsek, amelyen \u0151 rajta van. Eleget tettem k\u00e9r\u00e9s\u00e9nek, s majd k\u00f6vetkezett egy k\u00f6zel f\u00e9l\u00f3r\u00e1s besz\u00e9lget\u00e9s. Annyi mindent megtudtunk egym\u00e1sr\u00f3l. Cia, merthogy \u00edgy h\u00edvj\u00e1k \u0151t, elk\u00e9rte e-mail c\u00edmemet. Elk\u00fcldi majd a k\u00e9peket. S k\u00f6zben meg\u00edg\u00e9rte, m\u00e9g megkeres minket.\u00a0<\/em><\/span><\/p>\n<p><span style=\"color: #ff6600;\"><em>Az ajt\u00f3, amelyet megnyithatsz, Te vagy. Mindaz, ami hozz\u00e1d tartozik. Az id\u0151d, a figyelmed, szereteted. Jelenl\u00e9ted! Az, aki vagy, ahogyan odaaj\u00e1nd\u00e9kozod magad.<\/em><\/span><\/p>\n<p><span style=\"color: #ff6600;\"><em>H\u00e1rom tal\u00e1lkoz\u00e1s, k\u00f6z\u00f6s \u00fczenettel. Ajt\u00f3v\u00e1 v\u00e1lni \u00e9letsz\u00f3l\u00f3 k\u00fcldet\u00e9s. Nem feledhetem, sokkal t\u00f6bbet kapok ann\u00e1l, mint amit magamb\u00f3l adni tudok.\u00a0 \u00a0<\/em><\/span><\/p>\n<p><span style=\"color: #ff6600;\"><em>Tibor atya<\/em><\/span><\/p>\n<p><span style=\"color: #ff6600;\">Kezd\u0151\u00e9nek:<\/span><br \/>\nTelve van a f\u00f6ld az \u00dar irgalm\u00e1val, az egek az \u00dar szav\u00e1ra lettek, alleluja. (Zsolt 32,5-6)<\/p>\n<p><span style=\"color: #ff6600;\">K\u00f6ny\u00f6rg\u00e9s:<\/span><br \/>\nMindenhat\u00f3, \u00f6r\u00f6k Isten, vezess minket a mennyorsz\u00e1g boldog k\u00f6z\u00f6ss\u00e9g\u00e9be. Jusson el h\u00edveid gy\u00f6nge ny\u00e1ja oda, ahov\u00e1 el\u0151tt\u00fcnk ment J\u00e9zus, a mi er\u0151s P\u00e1sztorunk. Aki veled \u00e9l \u00e9s uralkodik a Szentl\u00e9lekkel egys\u00e9gben, Isten mind\u00f6r\u00f6kk\u00f6n \u00f6r\u00f6kk\u00e9.<\/p>\n<p align=\"justify\"><span style=\"color: #ff6600;\">OLVASM\u00c1NY az Apostolok Cselekedeteib\u0151l (ApCsel 2,14a.36-41)<\/span><br \/>\n<em>Isten \u00darr\u00e1 \u00e9s Messi\u00e1ss\u00e1 tette J\u00e9zust.<\/em><br \/>\nP\u00fcnk\u00f6sd napj\u00e1n P\u00e9ter a tizenegy (apostol) k\u00eds\u00e9ret\u00e9ben el\u0151l\u00e9pett \u00e9s hangos sz\u00f3val \u00edgy besz\u00e9lt:<br \/>\n\u201eTudja meg Izrael eg\u00e9sz h\u00e1za teljes bizonyoss\u00e1ggal, hogy Isten azt a J\u00e9zust, akit ti keresztre fesz\u00edtettetek, \u00darr\u00e1 \u00e9s Messi\u00e1ss\u00e1 tette!\u201d E szavak hallat\u00e1ra f\u00e1jdalom j\u00e1rta \u00e1t a sz\u00edv\u00fcket, \u00e9s megk\u00e9rdezt\u00e9k P\u00e9tert meg a t\u00f6bbi apostolt: \u201eMit tegy\u00fcnk h\u00e1t, emberek, testv\u00e9rek?\u201d P\u00e9ter azt felelte: \u201eTartsatok b\u0171nb\u00e1natot, \u00e9s keresztelkedj\u00e9k meg mindegyiktek J\u00e9zus Krisztus nev\u00e9ben b\u0171neitek bocs\u00e1nat\u00e1ra. Akkor elnyeritek a Szentl\u00e9lek aj\u00e1nd\u00e9k\u00e1t. Az \u00edg\u00e9ret ugyanis nektek \u00e9s gyermekeiteknek sz\u00f3l, \u00e9s mindazoknak, akik t\u00e1vol vannak ugyan, de a mi Urunk, Isten\u00fcnk h\u00edvja \u0151ket.\u201d M\u00e9g m\u00e1s szavakkal is biztatta \u00e9s buzd\u00edtotta \u0151ket: \u201eEngedj\u00e9tek, hogy kiments\u00fcnk benneteket ebb\u0151l a romlott nemzed\u00e9kb\u0151l!\u201d<br \/>\nErre azok, akik hajlottak szav\u00e1ra, megkeresztelkedtek. Aznap mintegy h\u00e1romezer l\u00e9lek t\u00e9rt meg.<br \/>\nEz az Isten ig\u00e9je.<\/p>\n<p align=\"justify\"><span style=\"color: #ff6600;\">V\u00c1LASZOS ZSOLT\u00c1R (Zsolt 22,1-3a.3b-4.5.6)<\/span><br \/>\nV\u00e1lasz:\u00a0<strong>Az \u00dar n\u00e9kem p\u00e1sztorom, * \u00edns\u00e9get nem kell l\u00e1tnom.<\/strong>\u00a09. t\u00f3nus.<br \/>\nVagy:\u00a0<strong>Alleluja, alleluja, alleluja.<\/strong>\u00a01. sz\u00e1m.<br \/>\nEl\u0151\u00e9nekes: Az \u00dar n\u00e9kem p\u00e1sztorom: * \u00edns\u00e9get nem kell l\u00e1tnom.<br \/>\nZ\u00f6ldell\u0151 mez\u0151k\u00f6n terelget engem, * csendes vizekhez vezet, \u00e9s lelkemet fel\u00fcd\u00edti.<br \/>\nH\u00edvek: Az \u00dar n\u00e9kem p\u00e1sztorom, * \u00edns\u00e9get nem kell l\u00e1tnom.<br \/>\nVagy: Alleluja, alleluja, alleluja.<br \/>\nE: Az igazs\u00e1g \u00f6sv\u00e9ny\u00e9n vezet engem, * ahogyan \u0151 meg\u00edg\u00e9rte.<br \/>\nA hal\u00e1l s\u00f6t\u00e9t v\u00f6lgy\u00e9ben sem f\u00e9lek, mert ott vagy v\u00e9lem, * biztons\u00e1got ad vessz\u0151d \u00e9s p\u00e1sztorbotod.<br \/>\nH: Az \u00dar n\u00e9kem p\u00e1sztorom, * \u00edns\u00e9get nem kell l\u00e1tnom.<br \/>\nVagy: Alleluja, alleluja, alleluja.<br \/>\nE: Sz\u00e1momra asztalt ter\u00edtett\u00e9l, * hogy \u00fcld\u00f6z\u0151imet sz\u00e9gyen \u00e9rje.<br \/>\nFejemen illatos olaj csillog, * serlegem megt\u00f6lt\u00f6d b\u0151kez\u0171en.<br \/>\nH: Az \u00dar n\u00e9kem p\u00e1sztorom, * \u00edns\u00e9get nem kell l\u00e1tnom.<br \/>\nVagy: Alleluja, alleluja, alleluja.<br \/>\nE: J\u00f3s\u00e1god \u00e9s irgalmad nyomon k\u00f6vet * \u00e9letemnek minden napj\u00e1n.<br \/>\nOtthonom lesz az Isten h\u00e1za, * mind\u00f6r\u00f6kk\u00e9 sz\u00fcnet n\u00e9lk\u00fcl.<br \/>\nH: Az \u00dar n\u00e9kem p\u00e1sztorom, * \u00edns\u00e9get nem kell l\u00e1tnom.<br \/>\nVagy: Alleluja, alleluja, alleluja.<\/p>\n<p align=\"justify\"><span style=\"color: #ff6600;\">SZENTLECKE Szent P\u00e9ter apostol els\u0151 level\u00e9b\u0151l (1P\u00e9t 2,20b-25)<\/span><br \/>\n<em>Megt\u00e9rtetek lelketek P\u00e1sztor\u00e1hoz.<\/em><br \/>\nSzeretteim!<br \/>\nHa a j\u00f3t teszitek \u00e9s t\u00fcrelmesen szenvedtek, az kedves az Isten el\u0151tt. Hiszen erre kaptatok megh\u00edv\u00e1st, mert Krisztus is szenvedett \u00e9rt\u00fcnk, p\u00e9ld\u00e1t hagyva nektek, hogy a nyom\u00e1ban j\u00e1rjatok: \u201eB\u0171nt nem k\u00f6vetett el, s hamiss\u00e1g nem volt a sz\u00e1j\u00e1ban.\u201d<br \/>\nAmikor szidalmazt\u00e1k, nem viszonozta a szidalmat; amikor szenvedett, nem fenyeget\u0151z\u00f6tt, hanem r\u00e1b\u00edzta mag\u00e1t az igazs\u00e1gos B\u00edr\u00f3ra. V\u00e9tkeinket saj\u00e1t test\u00e9ben f\u00f6lvitte a keresztf\u00e1ra, hogy meghaljunk a b\u0171n\u00f6knek, \u00e9s az igazs\u00e1gnak \u00e9lj\u00fcnk. Az \u0151 sebei szereztek sz\u00e1motokra gy\u00f3gyul\u00e1st. Olyanok voltatok ugyanis, mint a t\u00e9velyg\u0151 juhok, de most megt\u00e9rtetek lelketek P\u00e1sztor\u00e1hoz \u00e9s oltalmaz\u00f3j\u00e1hoz.<br \/>\nEz az Isten ig\u00e9je.<\/p>\n<p align=\"justify\"><span style=\"color: #ff6600;\">ALLELUJA<\/span><br \/>\nJ\u00e9zus mondja: \u2020 \u201e\u00c9n vagyok a j\u00f3 P\u00e1sztor. * Ismerem juhaimat, \u00e9s juhaim ismernek engem. Jn 10,14 \u2013 8G. t\u00f3nus.<\/p>\n<p align=\"justify\"><span style=\"color: #ff6600;\">\u2020 EVANG\u00c9LIUM Szent J\u00e1nos k\u00f6nyv\u00e9b\u0151l (Jn 10,1-10)<\/span><br \/>\n<em>\u00c9n vagyok a juhok kapuja.<\/em><br \/>\nAbban az id\u0151ben \u00edgy sz\u00f3lt J\u00e9zus:<br \/>\n\u201eBizony, bizony, mondom nektek: Aki nem a kapun megy be a juhok akl\u00e1ba, hanem m\u00e1shol, az tolvaj \u00e9s rabl\u00f3. Aki viszont az ajt\u00f3n megy be, az a juhok p\u00e1sztora. Az \u0151r ajt\u00f3t nyit neki, a juhok pedig hallgatnak szav\u00e1ra. Nev\u00fck\u00f6n sz\u00f3l\u00edtja juhait, \u00e9s kivezeti \u0151ket. Miut\u00e1n mind kivezette, el\u0151tt\u00fck halad, \u00e9s a juhok k\u00f6vetik, mert ismerik a hangj\u00e1t. Az idegent nem k\u00f6vetik, s\u0151t elfutnak t\u0151le, mert az idegen hangj\u00e1t nem ismerik.\u201d<br \/>\nJ\u00e9zus ezt a hasonlatot mondta nekik, de \u0151k nem \u00e9rtett\u00e9k meg, hogy mir\u0151l besz\u00e9l.<br \/>\nJ\u00e9zus ez\u00e9rt \u00edgy folytatta: \u201eBizony, bizony, mondom nektek: \u00c9n vagyok az ajt\u00f3 a juhok sz\u00e1m\u00e1ra. Akik el\u0151ttem j\u00f6ttek, azok tolvajok \u00e9s rabl\u00f3k. Nem is hallgattak r\u00e1juk a juhok. \u00c9n vagyok az ajt\u00f3: aki rajtam kereszt\u00fcl megy be, az \u00fcdv\u00f6z\u00fcl, ki- \u00e9s bej\u00e1r, s legel\u0151re tal\u00e1l. A tolvaj csak az\u00e9rt j\u00f6n, hogy lopjon, \u00f6lj\u00f6n \u00e9s puszt\u00edtson. \u00c9n az\u00e9rt j\u00f6ttem, hogy \u00e9let\u00fck legyen, \u00e9s b\u0151s\u00e9gben legyen.\u201d<br \/>\nEzek az evang\u00e9lium ig\u00e9i.<\/p>\n<p align=\"justify\"><span style=\"color: #ff6600;\">EGYETEMES K\u00d6NY\u00d6RG\u00c9SEK<\/span><br \/>\nPap: Im\u00e1dkozzunk, testv\u00e9reim, Krisztushoz, \u00f6r\u00f6k F\u0151papunkhoz, aki j\u00f3 P\u00e1sztork\u00e9nt j\u00f6tt el k\u00f6z\u00e9nk, hogy orsz\u00e1g\u00e1ba h\u00edvjon minket!<br \/>\nLektor: 1. \u00c1ldd meg, Urunk, Le\u00f3 p\u00e1p\u00e1t, f\u0151p\u00e1sztorainkat \u00e9s papjainkat, hogy a j\u00f3 P\u00e1sztor \u00e1ldozatoss\u00e1g\u00e1val vezess\u00e9k a r\u00e1juk b\u00edzottakat!<br \/>\nH\u00edvek:. K\u00e9r\u00fcnk T\u00e9ged, hallgass meg minket!<br \/>\n2. L\u00e9gy, Urunk, j\u00f3 P\u00e1sztora az eg\u00e9sz vil\u00e1gnak, hogy b\u00e9k\u00e9ben \u00e9ljenek a nemzetek!<br \/>\nH\u00edvek:. K\u00e9r\u00fcnk T\u00e9ged, hallgass meg minket!<br \/>\n3. Vezesd egys\u00e9gre ny\u00e1jadat, hogy egy akol legyen \u00e9s egy P\u00e1sztor!<br \/>\nH\u00edvek:. K\u00e9r\u00fcnk T\u00e9ged, hallgass meg minket!<br \/>\n4. \u00c1ldd meg, Urunk a kereszt\u00e9ny csal\u00e1dokat, \u00e9s t\u00e1massz bel\u0151l\u00fck szent papi \u00e9s szerzetesi hivat\u00e1sokat!<br \/>\nH\u00edvek:. K\u00e9r\u00fcnk T\u00e9ged, hallgass meg minket!<br \/>\n5. Adj er\u0151t a fiataloknak, akiket szolg\u00e1latodra kiv\u00e1lasztott\u00e1l, hogy felel\u0151ss\u00e9gteljesen elfogadj\u00e1k \u00e9s \u0151rizz\u00e9k a hivat\u00e1s kegyelm\u00e9t!<br \/>\nH\u00edvek:. K\u00e9r\u00fcnk T\u00e9ged, hallgass meg minket!<br \/>\nPap: Urunk \u00e9s Isten\u00fcnk! Te, a j\u00f3 P\u00e1sztor, \u00e9letedet adtad \u00e9rett\u00fcnk. Add, hogy sokan k\u00f6vess\u00e9k h\u00edv\u00f3 szavadat, \u00e9s a te \u00e1ldozatos szereteteddel dolgozzanak a lelkek\u00e9rt. Aki \u00e9lsz \u00e9s uralkodol mind\u00f6r\u00f6kk\u00f6n \u00f6r\u00f6kk\u00e9.<br \/>\nH\u00edvek: \u00c1men.<\/p>\n<p><span style=\"color: #ff6600;\">Felaj\u00e1nl\u00f3 k\u00f6ny\u00f6rg\u00e9s:<\/span><br \/>\nUrunk, Isten\u00fcnk, seg\u00edts minket, hogy mindenkor h\u00e1l\u00e1t adjunk a h\u00fasv\u00e9ti \u00e1ldozat \u00e1ltal, \u00e9s megv\u00e1lt\u00e1sunk folytonosan hat\u00f3 kegyelme sz\u00fcntelen \u00f6rvendez\u00e9s forr\u00e1sa legyen. Krisztus, a mi Urunk \u00e1ltal.<\/p>\n<p><span style=\"color: #ff6600;\">Pref\u00e1ci\u00f3:<\/span><br \/>\n<em><span style=\"color: #ff6600;\">H\u00daSV\u00c9TI PREF\u00c1CI\u00d3 I.<\/span><br \/>\nH\u00fasv\u00e9t szent titka<\/em><br \/>\n<em>A k\u00f6vetkez\u0151 pref\u00e1ci\u00f3t a h\u00fasv\u00e9ti id\u0151ben mondjuk.<\/em><\/p>\n<p>Az \u00dar legyen veletek.<br \/>\nH.: \u00c9s a te lelkeddel.<br \/>\nEmelj\u00fck f\u00f6l sz\u00edv\u00fcnket.<br \/>\nH.: F\u00f6lemelt\u00fck az \u00darhoz.<br \/>\nAdjunk h\u00e1l\u00e1t Urunknak, Isten\u00fcnknek.<br \/>\nH.: M\u00e9lt\u00f3 \u00e9s igazs\u00e1gos.<br \/>\n(Mert) Val\u00f3ban m\u00e9lt\u00f3 \u00e9s igazs\u00e1gos, ill\u0151 \u00e9s \u00fcdv\u00f6s, hogy minden id\u0151ben magasztaljunk, Urunk, t\u00e9ged, de k\u00fcl\u00f6n\u00f6sen most, a h\u00fasv\u00e9ti id\u0151ben, \u2013 mid\u0151n \u00e1ldozatt\u00e1 lett \u00e9rt\u00fcnk KRISZtus, a H\u00fasv\u00e9ti B\u00e1r\u00e1ny.<br \/>\nMert \u0151 az igazi B\u00e1r\u00e1ny, aki elvette a vil\u00e1g b\u0171neit, \u2013 hal\u00e1lunkat hal\u00e1l\u00e1val MEGt\u00f6rte, \u00e9s felt\u00e1mad\u00e1s\u00e1val \u00faj \u00e9letet szerzett n\u00e9k\u00fcnk.<br \/>\nA h\u00fasv\u00e9ti \u00f6r\u00f6m ez\u00e9rt ki\u00e1rad az eg\u00e9sz f\u00f6ldre, a nagyvil\u00e1g \u00f6rvendezve ujjong, a mennyei er\u0151k \u00e9s a hatalmas angyalok, \u2013 (a te) dics\u0151s\u00e9ged himnusz\u00e1t ZENgik, \u00e9s v\u00e9g n\u00e9lk\u00fcl mondj\u00e1k: (\u00e9neklik:)<\/p>\n<p><span style=\"color: #ff6600;\">\u00c1ldoz\u00e1si \u00e9nek:<\/span><br \/>\nFelt\u00e1madt a j\u00f3 P\u00e1sztor, aki \u00e9let\u00e9t adta juhai\u00e9rt \u00e9s meghalt az \u0151 ny\u00e1j\u00e1\u00e9rt, alleluja.<\/p>\n<p><span style=\"color: #ff6600;\">\u00c1ldoz\u00e1s ut\u00e1ni k\u00f6ny\u00f6rg\u00e9s:<\/span><br \/>\nJ\u00f3 P\u00e1sztorunk, tekints kegyesen ny\u00e1jadra, \u00e9s juhaidat, akiket Fiad dr\u00e1ga v\u00e9r\u00e9n megv\u00e1ltott\u00e1l, vezesd az \u00f6r\u00f6k \u00e9let orsz\u00e1g\u00e1ba. Krisztus, a mi Urunk \u00e1ltal.<\/p>\n<p><em>(K\u00e9p forr\u00e1sa: Zar\u00e1ndok.ma)<\/em><\/p>\n","protected":false},"excerpt":{"rendered":"<p>\u00dcnnepi liturgi\u00e1nkb\u00f3l a szentmise els\u0151 k\u00f6ny\u00f6rg\u00e9s\u00e9t \u00e9s annak k\u00f6zvet\u00edtett \u00fczenet\u00e9t szeretn\u00e9m idehozni. Benne azt k\u00e9rj\u00fck, hogy J\u00e9zus Krisztus, a J\u00f3 P\u00e1sztor, benn\u00fcnket, a gy\u00f6nge ny\u00e1jnak juhait elvezessen a mennyei \u00f6r\u00f6kk\u00e9val\u00f3s\u00e1gba. Egy nagyon fontos igazs\u00e1gra ir\u00e1ny\u00edtja r\u00e1 figyelm\u00fcnket, mintegy biztatva, v\u00e1ltoz\u00f3 vil\u00e1gban \u00e9l\u00fcnk. K\u00f6zben pedig mi magunk is v\u00e1ltozunk. Olykor egym\u00e1snak ellentmond\u00f3 ideol\u00f3gi\u00e1k keresztt\u00fcz\u00e9ben \u00e9l\u00fcnk, s mi magunk is \u00e1lland\u00f3an v\u00e1ltozunk. Fontos teh\u00e1t, hogy megtal\u00e1ljuk utunkat, s benne meg\u0151rizz\u00fck \u00f6nazonoss\u00e1gunkat.\u00a0 Nagyon friss az \u00e9lm\u00e9nyem. Felvid\u00e9kr\u0151l elsz\u00e1rmaz\u00f3 csal\u00e1d gyermek\u00e9t kereszteltem meg most szombat d\u00e9lben. El\u0151tte pedig egy k\u00e9t\u00f3r\u00e1s tal\u00e1lkoz\u00f3n vett\u00fcnk r\u00e9szt Szegi Oszk\u00e1r testv\u00e9r\u00fcnkkel egy\u00fctt, a Szent Gell\u00e9rt Egyh\u00e1zk\u00f6zs\u00e9g k\u00e9pviselet\u00e9ben. Itt, a m\u00e1s anyanyelv\u0171 k\u00f6z\u00f6ss\u00e9gek k\u00e9pvisel\u0151i az Egyh\u00e1zmegye p\u00fcsp\u00f6k\u00e9vel tal\u00e1lkoztunk, v\u00e1laszt keresve, hogyan folytathatjuk utunkat ebben a v\u00e1ltoz\u00f3 vil\u00e1gban. Szem\u00e9ly szerint engem az a v\u00e1gy vez\u00e9rel, hogy Egyh\u00e1zk\u00f6zs\u00e9g\u00fcnk 79 esztend\u0151s nemes \u00f6r\u00f6ks\u00e9g\u00e9t tov\u00e1bb tudjuk vinni, s \u00e1t is tudjuk \u00f6r\u00f6k\u00edteni. A felel\u0151ss\u00e9g \u00f3ri\u00e1si! Amennyiben k\u00f6z\u00f6ss\u00e9g\u00fcnk tagja vagy, \u00fagy te is gondolkozz el azon, hogy mit tudsz hozz\u00e1tenni k\u00f6z\u00f6ss\u00e9g\u00fcnk \u00e9let\u00e9hez. Ne feledd, sz\u00fcks\u00e9g van r\u00e1d.\u00a0 Most a keresztel\u0151n ugyanaz az \u00e9rz\u00e9s ker\u00edtett hatalm\u00e1ba, mint a cs\u00fct\u00f6rt\u00f6ki temet\u00e9s alkalm\u00e1val. Milyen nagy kegyelem, hogy l\u00e9tezik a mi k\u00f6z\u00f6ss\u00e9g\u00fcnk. K\u00f6z\u00f6ss\u00e9g\u00fcnk k\u00e9pviselet\u00e9ben pedig ott \u00e1llhatok egy csal\u00e1d mellett mind a f\u00e1jdalom \u00e9s gy\u00e1szban, mind pedig az \u00f6r\u00f6mben. Ajt\u00f3v\u00e1 v\u00e1lok, amin ki \u00e9s be lehet menni. H\u00e1t nem csod\u00e1latos!? A keresztel\u0151 v\u00e9gezt\u00e9vel \u00e9ppen k\u00e9sz\u00fcltem bez\u00e1rni a templomot, amikor megl\u00e1ttam, hogy egy fiatal h\u00f6lgy &#8222;bet\u00e9vedt&#8221; templomunkba. \u00dajb\u00f3l felkapcsoltam a f\u00e9nyeket, t\u00fcrelmesen v\u00e1rtam. Azt\u00e1n elkezdt\u00fcnk besz\u00e9lgetni. Kider\u00fclt, hogy n\u00e9gy \u00e9ve \u00e9l itt Stuttgartban. K\u00edn\u00e1b\u00f3l \u00e9rkezett, egy g\u00e9pkocsikat \u00e9rt\u00e9kes\u00edt\u0151 c\u00e9gn\u00e9l dolgozik. Mintegy f\u00e9l\u00f3r\u00e1t v\u00e1rtam, hogy sok-sok k\u00e9pet k\u00e9sz\u00edtsen, ahogyan ez az \u0151 kult\u00far\u00e1jukban szok\u00e1s. K\u00f6zben csendesen medit\u00e1ltam templomunk egyik sark\u00e1ban. \u00c9ppen arra gondoltam, itt az alkalom, hogy ajt\u00f3t nyissak. Majd \u0151 eld\u00f6nti, hogy bel\u00e9p-e ezen az ajt\u00f3n. V\u00e9g\u00fcl sz\u00f3ba elegyedt\u00fcnk. M\u00e9g megk\u00e9rt, hogy n\u00e9h\u00e1ny k\u00e9pet k\u00e9sz\u00edtsek, amelyen \u0151 rajta van. Eleget&#8230; <\/p>\n<p><a class=\"readmore\" href=\"https:\/\/stuttgarti-katolikusok.de\/index.php\/husvet-4-vasarnapja\/\">R\u00e9szletek<\/a><\/p>\n","protected":false},"author":3,"featured_media":33177,"comment_status":"closed","ping_status":"closed","sticky":false,"template":"","format":"standard","meta":{"footnotes":""},"categories":[85,63],"tags":[],"class_list":["post-26704","post","type-post","status-publish","format-standard","has-post-thumbnail","hentry","category-a-liturgia-olvasmanyai","category-vasarnapi-gondolatok"],"yoast_head":"<!-- This site is optimized with the Yoast SEO plugin v27.3 - https:\/\/yoast.com\/product\/yoast-seo-wordpress\/ -->\n<title>H\u00fasv\u00e9t 4. vas\u00e1rnapja - J\u00f3 p\u00e1sztor vas\u00e1rnapja - Stuttgarti Katolikusok<\/title>\n<meta name=\"robots\" content=\"index, follow, max-snippet:-1, max-image-preview:large, max-video-preview:-1\" \/>\n<link rel=\"canonical\" href=\"https:\/\/stuttgarti-katolikusok.de\/index.php\/husvet-4-vasarnapja\/\" \/>\n<meta property=\"og:locale\" content=\"hu_HU\" \/>\n<meta property=\"og:type\" content=\"article\" \/>\n<meta property=\"og:title\" content=\"H\u00fasv\u00e9t 4. vas\u00e1rnapja - J\u00f3 p\u00e1sztor vas\u00e1rnapja - Stuttgarti Katolikusok\" \/>\n<meta property=\"og:description\" content=\"\u00dcnnepi liturgi\u00e1nkb\u00f3l a szentmise els\u0151 k\u00f6ny\u00f6rg\u00e9s\u00e9t \u00e9s annak k\u00f6zvet\u00edtett \u00fczenet\u00e9t szeretn\u00e9m idehozni. Benne azt k\u00e9rj\u00fck, hogy J\u00e9zus Krisztus, a J\u00f3 P\u00e1sztor, benn\u00fcnket, a gy\u00f6nge ny\u00e1jnak juhait elvezessen a mennyei \u00f6r\u00f6kk\u00e9val\u00f3s\u00e1gba. Egy nagyon fontos igazs\u00e1gra ir\u00e1ny\u00edtja r\u00e1 figyelm\u00fcnket, mintegy biztatva, v\u00e1ltoz\u00f3 vil\u00e1gban \u00e9l\u00fcnk. K\u00f6zben pedig mi magunk is v\u00e1ltozunk. Olykor egym\u00e1snak ellentmond\u00f3 ideol\u00f3gi\u00e1k keresztt\u00fcz\u00e9ben \u00e9l\u00fcnk, s mi magunk is \u00e1lland\u00f3an v\u00e1ltozunk. Fontos teh\u00e1t, hogy megtal\u00e1ljuk utunkat, s benne meg\u0151rizz\u00fck \u00f6nazonoss\u00e1gunkat.\u00a0 Nagyon friss az \u00e9lm\u00e9nyem. Felvid\u00e9kr\u0151l elsz\u00e1rmaz\u00f3 csal\u00e1d gyermek\u00e9t kereszteltem meg most szombat d\u00e9lben. El\u0151tte pedig egy k\u00e9t\u00f3r\u00e1s tal\u00e1lkoz\u00f3n vett\u00fcnk r\u00e9szt Szegi Oszk\u00e1r testv\u00e9r\u00fcnkkel egy\u00fctt, a Szent Gell\u00e9rt Egyh\u00e1zk\u00f6zs\u00e9g k\u00e9pviselet\u00e9ben. Itt, a m\u00e1s anyanyelv\u0171 k\u00f6z\u00f6ss\u00e9gek k\u00e9pvisel\u0151i az Egyh\u00e1zmegye p\u00fcsp\u00f6k\u00e9vel tal\u00e1lkoztunk, v\u00e1laszt keresve, hogyan folytathatjuk utunkat ebben a v\u00e1ltoz\u00f3 vil\u00e1gban. Szem\u00e9ly szerint engem az a v\u00e1gy vez\u00e9rel, hogy Egyh\u00e1zk\u00f6zs\u00e9g\u00fcnk 79 esztend\u0151s nemes \u00f6r\u00f6ks\u00e9g\u00e9t tov\u00e1bb tudjuk vinni, s \u00e1t is tudjuk \u00f6r\u00f6k\u00edteni. A felel\u0151ss\u00e9g \u00f3ri\u00e1si! Amennyiben k\u00f6z\u00f6ss\u00e9g\u00fcnk tagja vagy, \u00fagy te is gondolkozz el azon, hogy mit tudsz hozz\u00e1tenni k\u00f6z\u00f6ss\u00e9g\u00fcnk \u00e9let\u00e9hez. Ne feledd, sz\u00fcks\u00e9g van r\u00e1d.\u00a0 Most a keresztel\u0151n ugyanaz az \u00e9rz\u00e9s ker\u00edtett hatalm\u00e1ba, mint a cs\u00fct\u00f6rt\u00f6ki temet\u00e9s alkalm\u00e1val. Milyen nagy kegyelem, hogy l\u00e9tezik a mi k\u00f6z\u00f6ss\u00e9g\u00fcnk. K\u00f6z\u00f6ss\u00e9g\u00fcnk k\u00e9pviselet\u00e9ben pedig ott \u00e1llhatok egy csal\u00e1d mellett mind a f\u00e1jdalom \u00e9s gy\u00e1szban, mind pedig az \u00f6r\u00f6mben. Ajt\u00f3v\u00e1 v\u00e1lok, amin ki \u00e9s be lehet menni. H\u00e1t nem csod\u00e1latos!? A keresztel\u0151 v\u00e9gezt\u00e9vel \u00e9ppen k\u00e9sz\u00fcltem bez\u00e1rni a templomot, amikor megl\u00e1ttam, hogy egy fiatal h\u00f6lgy &#8222;bet\u00e9vedt&#8221; templomunkba. \u00dajb\u00f3l felkapcsoltam a f\u00e9nyeket, t\u00fcrelmesen v\u00e1rtam. Azt\u00e1n elkezdt\u00fcnk besz\u00e9lgetni. Kider\u00fclt, hogy n\u00e9gy \u00e9ve \u00e9l itt Stuttgartban. K\u00edn\u00e1b\u00f3l \u00e9rkezett, egy g\u00e9pkocsikat \u00e9rt\u00e9kes\u00edt\u0151 c\u00e9gn\u00e9l dolgozik. Mintegy f\u00e9l\u00f3r\u00e1t v\u00e1rtam, hogy sok-sok k\u00e9pet k\u00e9sz\u00edtsen, ahogyan ez az \u0151 kult\u00far\u00e1jukban szok\u00e1s. K\u00f6zben csendesen medit\u00e1ltam templomunk egyik sark\u00e1ban. \u00c9ppen arra gondoltam, itt az alkalom, hogy ajt\u00f3t nyissak. Majd \u0151 eld\u00f6nti, hogy bel\u00e9p-e ezen az ajt\u00f3n. V\u00e9g\u00fcl sz\u00f3ba elegyedt\u00fcnk. M\u00e9g megk\u00e9rt, hogy n\u00e9h\u00e1ny k\u00e9pet k\u00e9sz\u00edtsek, amelyen \u0151 rajta van. Eleget... R\u00e9szletek\" \/>\n<meta property=\"og:url\" content=\"https:\/\/stuttgarti-katolikusok.de\/index.php\/husvet-4-vasarnapja\/\" \/>\n<meta property=\"og:site_name\" content=\"Stuttgarti Katolikusok\" \/>\n<meta property=\"article:published_time\" content=\"2026-04-25T04:00:43+00:00\" \/>\n<meta property=\"article:modified_time\" content=\"2026-04-25T12:50:56+00:00\" \/>\n<meta property=\"og:image\" content=\"https:\/\/stuttgarti-katolikusok.de\/wp-content\/uploads\/2023\/04\/jo-pasztor-vasarnapja-2-egyedi.jpg\" \/>\n\t<meta property=\"og:image:width\" content=\"1000\" \/>\n\t<meta property=\"og:image:height\" content=\"667\" \/>\n\t<meta property=\"og:image:type\" content=\"image\/jpeg\" \/>\n<meta name=\"author\" content=\"Tibor atya\" \/>\n<meta name=\"twitter:card\" content=\"summary_large_image\" \/>\n<meta name=\"twitter:label1\" content=\"Szerz\u0151:\" \/>\n\t<meta name=\"twitter:data1\" content=\"Tibor atya\" \/>\n\t<meta name=\"twitter:label2\" content=\"Becs\u00fclt olvas\u00e1si id\u0151\" \/>\n\t<meta name=\"twitter:data2\" content=\"8 perc\" \/>\n<script type=\"application\/ld+json\" class=\"yoast-schema-graph\">{\"@context\":\"https:\\\/\\\/schema.org\",\"@graph\":[{\"@type\":\"Article\",\"@id\":\"https:\\\/\\\/stuttgarti-katolikusok.de\\\/index.php\\\/husvet-4-vasarnapja\\\/#article\",\"isPartOf\":{\"@id\":\"https:\\\/\\\/stuttgarti-katolikusok.de\\\/index.php\\\/husvet-4-vasarnapja\\\/\"},\"author\":{\"name\":\"Tibor atya\",\"@id\":\"https:\\\/\\\/stuttgarti-katolikusok.de\\\/#\\\/schema\\\/person\\\/75908d6f8fdc03a57889d27209df7795\"},\"headline\":\"H\u00fasv\u00e9t 4. vas\u00e1rnapja &#8211; J\u00f3 p\u00e1sztor vas\u00e1rnapja\",\"datePublished\":\"2026-04-25T04:00:43+00:00\",\"dateModified\":\"2026-04-25T12:50:56+00:00\",\"mainEntityOfPage\":{\"@id\":\"https:\\\/\\\/stuttgarti-katolikusok.de\\\/index.php\\\/husvet-4-vasarnapja\\\/\"},\"wordCount\":2038,\"image\":{\"@id\":\"https:\\\/\\\/stuttgarti-katolikusok.de\\\/index.php\\\/husvet-4-vasarnapja\\\/#primaryimage\"},\"thumbnailUrl\":\"https:\\\/\\\/stuttgarti-katolikusok.de\\\/wp-content\\\/uploads\\\/2023\\\/04\\\/jo-pasztor-vasarnapja-2-egyedi.jpg\",\"articleSection\":[\"A liturgia olvasm\u00e1nyai\",\"Vas\u00e1rnapi gondolatok\"],\"inLanguage\":\"hu\"},{\"@type\":\"WebPage\",\"@id\":\"https:\\\/\\\/stuttgarti-katolikusok.de\\\/index.php\\\/husvet-4-vasarnapja\\\/\",\"url\":\"https:\\\/\\\/stuttgarti-katolikusok.de\\\/index.php\\\/husvet-4-vasarnapja\\\/\",\"name\":\"H\u00fasv\u00e9t 4. vas\u00e1rnapja - J\u00f3 p\u00e1sztor vas\u00e1rnapja - Stuttgarti Katolikusok\",\"isPartOf\":{\"@id\":\"https:\\\/\\\/stuttgarti-katolikusok.de\\\/#website\"},\"primaryImageOfPage\":{\"@id\":\"https:\\\/\\\/stuttgarti-katolikusok.de\\\/index.php\\\/husvet-4-vasarnapja\\\/#primaryimage\"},\"image\":{\"@id\":\"https:\\\/\\\/stuttgarti-katolikusok.de\\\/index.php\\\/husvet-4-vasarnapja\\\/#primaryimage\"},\"thumbnailUrl\":\"https:\\\/\\\/stuttgarti-katolikusok.de\\\/wp-content\\\/uploads\\\/2023\\\/04\\\/jo-pasztor-vasarnapja-2-egyedi.jpg\",\"datePublished\":\"2026-04-25T04:00:43+00:00\",\"dateModified\":\"2026-04-25T12:50:56+00:00\",\"author\":{\"@id\":\"https:\\\/\\\/stuttgarti-katolikusok.de\\\/#\\\/schema\\\/person\\\/75908d6f8fdc03a57889d27209df7795\"},\"breadcrumb\":{\"@id\":\"https:\\\/\\\/stuttgarti-katolikusok.de\\\/index.php\\\/husvet-4-vasarnapja\\\/#breadcrumb\"},\"inLanguage\":\"hu\",\"potentialAction\":[{\"@type\":\"ReadAction\",\"target\":[\"https:\\\/\\\/stuttgarti-katolikusok.de\\\/index.php\\\/husvet-4-vasarnapja\\\/\"]}]},{\"@type\":\"ImageObject\",\"inLanguage\":\"hu\",\"@id\":\"https:\\\/\\\/stuttgarti-katolikusok.de\\\/index.php\\\/husvet-4-vasarnapja\\\/#primaryimage\",\"url\":\"https:\\\/\\\/stuttgarti-katolikusok.de\\\/wp-content\\\/uploads\\\/2023\\\/04\\\/jo-pasztor-vasarnapja-2-egyedi.jpg\",\"contentUrl\":\"https:\\\/\\\/stuttgarti-katolikusok.de\\\/wp-content\\\/uploads\\\/2023\\\/04\\\/jo-pasztor-vasarnapja-2-egyedi.jpg\",\"width\":1000,\"height\":667},{\"@type\":\"BreadcrumbList\",\"@id\":\"https:\\\/\\\/stuttgarti-katolikusok.de\\\/index.php\\\/husvet-4-vasarnapja\\\/#breadcrumb\",\"itemListElement\":[{\"@type\":\"ListItem\",\"position\":1,\"name\":\"Kezd\u0151lap\",\"item\":\"https:\\\/\\\/stuttgarti-katolikusok.de\\\/\"},{\"@type\":\"ListItem\",\"position\":2,\"name\":\"H\u00fasv\u00e9t 4. vas\u00e1rnapja &#8211; J\u00f3 p\u00e1sztor vas\u00e1rnapja\"}]},{\"@type\":\"WebSite\",\"@id\":\"https:\\\/\\\/stuttgarti-katolikusok.de\\\/#website\",\"url\":\"https:\\\/\\\/stuttgarti-katolikusok.de\\\/\",\"name\":\"Stuttgarti Katolikusok\",\"description\":\"\",\"potentialAction\":[{\"@type\":\"SearchAction\",\"target\":{\"@type\":\"EntryPoint\",\"urlTemplate\":\"https:\\\/\\\/stuttgarti-katolikusok.de\\\/?s={search_term_string}\"},\"query-input\":{\"@type\":\"PropertyValueSpecification\",\"valueRequired\":true,\"valueName\":\"search_term_string\"}}],\"inLanguage\":\"hu\"},{\"@type\":\"Person\",\"@id\":\"https:\\\/\\\/stuttgarti-katolikusok.de\\\/#\\\/schema\\\/person\\\/75908d6f8fdc03a57889d27209df7795\",\"name\":\"Tibor atya\",\"image\":{\"@type\":\"ImageObject\",\"inLanguage\":\"hu\",\"@id\":\"https:\\\/\\\/secure.gravatar.com\\\/avatar\\\/61d268e57d1f4525b111222e29d2d5a7f8c420fdbf231ba5566a8ceac74fa960?s=96&d=mm&r=g\",\"url\":\"https:\\\/\\\/secure.gravatar.com\\\/avatar\\\/61d268e57d1f4525b111222e29d2d5a7f8c420fdbf231ba5566a8ceac74fa960?s=96&d=mm&r=g\",\"contentUrl\":\"https:\\\/\\\/secure.gravatar.com\\\/avatar\\\/61d268e57d1f4525b111222e29d2d5a7f8c420fdbf231ba5566a8ceac74fa960?s=96&d=mm&r=g\",\"caption\":\"Tibor atya\"},\"url\":\"https:\\\/\\\/stuttgarti-katolikusok.de\\\/index.php\\\/author\\\/tibor-atya\\\/\"}]}<\/script>\n<!-- \/ Yoast SEO plugin. -->","yoast_head_json":{"title":"H\u00fasv\u00e9t 4. vas\u00e1rnapja - J\u00f3 p\u00e1sztor vas\u00e1rnapja - Stuttgarti Katolikusok","robots":{"index":"index","follow":"follow","max-snippet":"max-snippet:-1","max-image-preview":"max-image-preview:large","max-video-preview":"max-video-preview:-1"},"canonical":"https:\/\/stuttgarti-katolikusok.de\/index.php\/husvet-4-vasarnapja\/","og_locale":"hu_HU","og_type":"article","og_title":"H\u00fasv\u00e9t 4. vas\u00e1rnapja - J\u00f3 p\u00e1sztor vas\u00e1rnapja - Stuttgarti Katolikusok","og_description":"\u00dcnnepi liturgi\u00e1nkb\u00f3l a szentmise els\u0151 k\u00f6ny\u00f6rg\u00e9s\u00e9t \u00e9s annak k\u00f6zvet\u00edtett \u00fczenet\u00e9t szeretn\u00e9m idehozni. Benne azt k\u00e9rj\u00fck, hogy J\u00e9zus Krisztus, a J\u00f3 P\u00e1sztor, benn\u00fcnket, a gy\u00f6nge ny\u00e1jnak juhait elvezessen a mennyei \u00f6r\u00f6kk\u00e9val\u00f3s\u00e1gba. Egy nagyon fontos igazs\u00e1gra ir\u00e1ny\u00edtja r\u00e1 figyelm\u00fcnket, mintegy biztatva, v\u00e1ltoz\u00f3 vil\u00e1gban \u00e9l\u00fcnk. K\u00f6zben pedig mi magunk is v\u00e1ltozunk. Olykor egym\u00e1snak ellentmond\u00f3 ideol\u00f3gi\u00e1k keresztt\u00fcz\u00e9ben \u00e9l\u00fcnk, s mi magunk is \u00e1lland\u00f3an v\u00e1ltozunk. Fontos teh\u00e1t, hogy megtal\u00e1ljuk utunkat, s benne meg\u0151rizz\u00fck \u00f6nazonoss\u00e1gunkat.\u00a0 Nagyon friss az \u00e9lm\u00e9nyem. Felvid\u00e9kr\u0151l elsz\u00e1rmaz\u00f3 csal\u00e1d gyermek\u00e9t kereszteltem meg most szombat d\u00e9lben. El\u0151tte pedig egy k\u00e9t\u00f3r\u00e1s tal\u00e1lkoz\u00f3n vett\u00fcnk r\u00e9szt Szegi Oszk\u00e1r testv\u00e9r\u00fcnkkel egy\u00fctt, a Szent Gell\u00e9rt Egyh\u00e1zk\u00f6zs\u00e9g k\u00e9pviselet\u00e9ben. Itt, a m\u00e1s anyanyelv\u0171 k\u00f6z\u00f6ss\u00e9gek k\u00e9pvisel\u0151i az Egyh\u00e1zmegye p\u00fcsp\u00f6k\u00e9vel tal\u00e1lkoztunk, v\u00e1laszt keresve, hogyan folytathatjuk utunkat ebben a v\u00e1ltoz\u00f3 vil\u00e1gban. Szem\u00e9ly szerint engem az a v\u00e1gy vez\u00e9rel, hogy Egyh\u00e1zk\u00f6zs\u00e9g\u00fcnk 79 esztend\u0151s nemes \u00f6r\u00f6ks\u00e9g\u00e9t tov\u00e1bb tudjuk vinni, s \u00e1t is tudjuk \u00f6r\u00f6k\u00edteni. A felel\u0151ss\u00e9g \u00f3ri\u00e1si! Amennyiben k\u00f6z\u00f6ss\u00e9g\u00fcnk tagja vagy, \u00fagy te is gondolkozz el azon, hogy mit tudsz hozz\u00e1tenni k\u00f6z\u00f6ss\u00e9g\u00fcnk \u00e9let\u00e9hez. Ne feledd, sz\u00fcks\u00e9g van r\u00e1d.\u00a0 Most a keresztel\u0151n ugyanaz az \u00e9rz\u00e9s ker\u00edtett hatalm\u00e1ba, mint a cs\u00fct\u00f6rt\u00f6ki temet\u00e9s alkalm\u00e1val. Milyen nagy kegyelem, hogy l\u00e9tezik a mi k\u00f6z\u00f6ss\u00e9g\u00fcnk. K\u00f6z\u00f6ss\u00e9g\u00fcnk k\u00e9pviselet\u00e9ben pedig ott \u00e1llhatok egy csal\u00e1d mellett mind a f\u00e1jdalom \u00e9s gy\u00e1szban, mind pedig az \u00f6r\u00f6mben. Ajt\u00f3v\u00e1 v\u00e1lok, amin ki \u00e9s be lehet menni. H\u00e1t nem csod\u00e1latos!? A keresztel\u0151 v\u00e9gezt\u00e9vel \u00e9ppen k\u00e9sz\u00fcltem bez\u00e1rni a templomot, amikor megl\u00e1ttam, hogy egy fiatal h\u00f6lgy &#8222;bet\u00e9vedt&#8221; templomunkba. \u00dajb\u00f3l felkapcsoltam a f\u00e9nyeket, t\u00fcrelmesen v\u00e1rtam. Azt\u00e1n elkezdt\u00fcnk besz\u00e9lgetni. Kider\u00fclt, hogy n\u00e9gy \u00e9ve \u00e9l itt Stuttgartban. K\u00edn\u00e1b\u00f3l \u00e9rkezett, egy g\u00e9pkocsikat \u00e9rt\u00e9kes\u00edt\u0151 c\u00e9gn\u00e9l dolgozik. Mintegy f\u00e9l\u00f3r\u00e1t v\u00e1rtam, hogy sok-sok k\u00e9pet k\u00e9sz\u00edtsen, ahogyan ez az \u0151 kult\u00far\u00e1jukban szok\u00e1s. K\u00f6zben csendesen medit\u00e1ltam templomunk egyik sark\u00e1ban. \u00c9ppen arra gondoltam, itt az alkalom, hogy ajt\u00f3t nyissak. Majd \u0151 eld\u00f6nti, hogy bel\u00e9p-e ezen az ajt\u00f3n. V\u00e9g\u00fcl sz\u00f3ba elegyedt\u00fcnk. M\u00e9g megk\u00e9rt, hogy n\u00e9h\u00e1ny k\u00e9pet k\u00e9sz\u00edtsek, amelyen \u0151 rajta van. Eleget... R\u00e9szletek","og_url":"https:\/\/stuttgarti-katolikusok.de\/index.php\/husvet-4-vasarnapja\/","og_site_name":"Stuttgarti Katolikusok","article_published_time":"2026-04-25T04:00:43+00:00","article_modified_time":"2026-04-25T12:50:56+00:00","og_image":[{"width":1000,"height":667,"url":"https:\/\/stuttgarti-katolikusok.de\/wp-content\/uploads\/2023\/04\/jo-pasztor-vasarnapja-2-egyedi.jpg","type":"image\/jpeg"}],"author":"Tibor atya","twitter_card":"summary_large_image","twitter_misc":{"Szerz\u0151:":"Tibor atya","Becs\u00fclt olvas\u00e1si id\u0151":"8 perc"},"schema":{"@context":"https:\/\/schema.org","@graph":[{"@type":"Article","@id":"https:\/\/stuttgarti-katolikusok.de\/index.php\/husvet-4-vasarnapja\/#article","isPartOf":{"@id":"https:\/\/stuttgarti-katolikusok.de\/index.php\/husvet-4-vasarnapja\/"},"author":{"name":"Tibor atya","@id":"https:\/\/stuttgarti-katolikusok.de\/#\/schema\/person\/75908d6f8fdc03a57889d27209df7795"},"headline":"H\u00fasv\u00e9t 4. vas\u00e1rnapja &#8211; J\u00f3 p\u00e1sztor vas\u00e1rnapja","datePublished":"2026-04-25T04:00:43+00:00","dateModified":"2026-04-25T12:50:56+00:00","mainEntityOfPage":{"@id":"https:\/\/stuttgarti-katolikusok.de\/index.php\/husvet-4-vasarnapja\/"},"wordCount":2038,"image":{"@id":"https:\/\/stuttgarti-katolikusok.de\/index.php\/husvet-4-vasarnapja\/#primaryimage"},"thumbnailUrl":"https:\/\/stuttgarti-katolikusok.de\/wp-content\/uploads\/2023\/04\/jo-pasztor-vasarnapja-2-egyedi.jpg","articleSection":["A liturgia olvasm\u00e1nyai","Vas\u00e1rnapi gondolatok"],"inLanguage":"hu"},{"@type":"WebPage","@id":"https:\/\/stuttgarti-katolikusok.de\/index.php\/husvet-4-vasarnapja\/","url":"https:\/\/stuttgarti-katolikusok.de\/index.php\/husvet-4-vasarnapja\/","name":"H\u00fasv\u00e9t 4. vas\u00e1rnapja - J\u00f3 p\u00e1sztor vas\u00e1rnapja - Stuttgarti Katolikusok","isPartOf":{"@id":"https:\/\/stuttgarti-katolikusok.de\/#website"},"primaryImageOfPage":{"@id":"https:\/\/stuttgarti-katolikusok.de\/index.php\/husvet-4-vasarnapja\/#primaryimage"},"image":{"@id":"https:\/\/stuttgarti-katolikusok.de\/index.php\/husvet-4-vasarnapja\/#primaryimage"},"thumbnailUrl":"https:\/\/stuttgarti-katolikusok.de\/wp-content\/uploads\/2023\/04\/jo-pasztor-vasarnapja-2-egyedi.jpg","datePublished":"2026-04-25T04:00:43+00:00","dateModified":"2026-04-25T12:50:56+00:00","author":{"@id":"https:\/\/stuttgarti-katolikusok.de\/#\/schema\/person\/75908d6f8fdc03a57889d27209df7795"},"breadcrumb":{"@id":"https:\/\/stuttgarti-katolikusok.de\/index.php\/husvet-4-vasarnapja\/#breadcrumb"},"inLanguage":"hu","potentialAction":[{"@type":"ReadAction","target":["https:\/\/stuttgarti-katolikusok.de\/index.php\/husvet-4-vasarnapja\/"]}]},{"@type":"ImageObject","inLanguage":"hu","@id":"https:\/\/stuttgarti-katolikusok.de\/index.php\/husvet-4-vasarnapja\/#primaryimage","url":"https:\/\/stuttgarti-katolikusok.de\/wp-content\/uploads\/2023\/04\/jo-pasztor-vasarnapja-2-egyedi.jpg","contentUrl":"https:\/\/stuttgarti-katolikusok.de\/wp-content\/uploads\/2023\/04\/jo-pasztor-vasarnapja-2-egyedi.jpg","width":1000,"height":667},{"@type":"BreadcrumbList","@id":"https:\/\/stuttgarti-katolikusok.de\/index.php\/husvet-4-vasarnapja\/#breadcrumb","itemListElement":[{"@type":"ListItem","position":1,"name":"Kezd\u0151lap","item":"https:\/\/stuttgarti-katolikusok.de\/"},{"@type":"ListItem","position":2,"name":"H\u00fasv\u00e9t 4. vas\u00e1rnapja &#8211; J\u00f3 p\u00e1sztor vas\u00e1rnapja"}]},{"@type":"WebSite","@id":"https:\/\/stuttgarti-katolikusok.de\/#website","url":"https:\/\/stuttgarti-katolikusok.de\/","name":"Stuttgarti Katolikusok","description":"","potentialAction":[{"@type":"SearchAction","target":{"@type":"EntryPoint","urlTemplate":"https:\/\/stuttgarti-katolikusok.de\/?s={search_term_string}"},"query-input":{"@type":"PropertyValueSpecification","valueRequired":true,"valueName":"search_term_string"}}],"inLanguage":"hu"},{"@type":"Person","@id":"https:\/\/stuttgarti-katolikusok.de\/#\/schema\/person\/75908d6f8fdc03a57889d27209df7795","name":"Tibor atya","image":{"@type":"ImageObject","inLanguage":"hu","@id":"https:\/\/secure.gravatar.com\/avatar\/61d268e57d1f4525b111222e29d2d5a7f8c420fdbf231ba5566a8ceac74fa960?s=96&d=mm&r=g","url":"https:\/\/secure.gravatar.com\/avatar\/61d268e57d1f4525b111222e29d2d5a7f8c420fdbf231ba5566a8ceac74fa960?s=96&d=mm&r=g","contentUrl":"https:\/\/secure.gravatar.com\/avatar\/61d268e57d1f4525b111222e29d2d5a7f8c420fdbf231ba5566a8ceac74fa960?s=96&d=mm&r=g","caption":"Tibor atya"},"url":"https:\/\/stuttgarti-katolikusok.de\/index.php\/author\/tibor-atya\/"}]}},"_links":{"self":[{"href":"https:\/\/stuttgarti-katolikusok.de\/index.php\/wp-json\/wp\/v2\/posts\/26704","targetHints":{"allow":["GET"]}}],"collection":[{"href":"https:\/\/stuttgarti-katolikusok.de\/index.php\/wp-json\/wp\/v2\/posts"}],"about":[{"href":"https:\/\/stuttgarti-katolikusok.de\/index.php\/wp-json\/wp\/v2\/types\/post"}],"author":[{"embeddable":true,"href":"https:\/\/stuttgarti-katolikusok.de\/index.php\/wp-json\/wp\/v2\/users\/3"}],"replies":[{"embeddable":true,"href":"https:\/\/stuttgarti-katolikusok.de\/index.php\/wp-json\/wp\/v2\/comments?post=26704"}],"version-history":[{"count":9,"href":"https:\/\/stuttgarti-katolikusok.de\/index.php\/wp-json\/wp\/v2\/posts\/26704\/revisions"}],"predecessor-version":[{"id":33183,"href":"https:\/\/stuttgarti-katolikusok.de\/index.php\/wp-json\/wp\/v2\/posts\/26704\/revisions\/33183"}],"wp:featuredmedia":[{"embeddable":true,"href":"https:\/\/stuttgarti-katolikusok.de\/index.php\/wp-json\/wp\/v2\/media\/33177"}],"wp:attachment":[{"href":"https:\/\/stuttgarti-katolikusok.de\/index.php\/wp-json\/wp\/v2\/media?parent=26704"}],"wp:term":[{"taxonomy":"category","embeddable":true,"href":"https:\/\/stuttgarti-katolikusok.de\/index.php\/wp-json\/wp\/v2\/categories?post=26704"},{"taxonomy":"post_tag","embeddable":true,"href":"https:\/\/stuttgarti-katolikusok.de\/index.php\/wp-json\/wp\/v2\/tags?post=26704"}],"curies":[{"name":"wp","href":"https:\/\/api.w.org\/{rel}","templated":true}]}}