{"id":26687,"date":"2023-04-24T10:42:45","date_gmt":"2023-04-24T08:42:45","guid":{"rendered":"https:\/\/stuttgarti-katolikusok.de\/?p=26687"},"modified":"2023-04-24T10:59:39","modified_gmt":"2023-04-24T08:59:39","slug":"egy-onfeledten-vidam-delutan","status":"publish","type":"post","link":"https:\/\/stuttgarti-katolikusok.de\/index.php\/egy-onfeledten-vidam-delutan\/","title":{"rendered":"Egy \u00f6nfeledten vid\u00e1m d\u00e9lut\u00e1n"},"content":{"rendered":"<p>N\u00e9ha m\u00e1r el is felejtj\u00fck, milyen j\u00f3 j\u00e1tszani \u00e9s nevetni, mindegy h\u00e1ny \u00e9vesek vagyunk.<\/p>\n<p>Az \u00e1prilis 21-i Bar\u00e1ts\u00e1gklub d\u00e9lut\u00e1nj\u00e1n ezt minden r\u00e9sztvev\u0151 megtapasztalhatta.<\/p>\n<p>\u00c9s a j\u00f3kedv ragad\u00f3s&#8230;<\/p>\n<p>Egy j\u00e1t\u00e9kos vet\u00e9lked\u0151 volt ez alkalommal a tarsolyban.<\/p>\n<p>Csapatokat alkottunk \u00e9s m\u00e1ris j\u00f6ttek a k\u00e9rd\u00e9sek.<\/p>\n<p>Kezdt\u00fck kv\u00edzj\u00e1t\u00e9kkal, amiben k\u00fcl\u00f6nb\u00f6z\u0151 \u00e9rdekes t\u00e9m\u00e1kban- irodalom, t\u00f6rt\u00e9nelem, k\u00e9pz\u0151m\u0171v\u00e9szet, vall\u00e1st\u00f6rt\u00e9net- kaptunk k\u00e9rd\u00e9seket.<\/p>\n<p>Egy \u00e9letre megjegyezt\u00fck, hogy Kolumbusz Krist\u00f3f olasz sz\u00e1rmaz\u00e1s\u00fa volt, \u00e9s nem portug\u00e1l vagy spanyol, mint azt sokan gondoltuk.<\/p>\n<p>Arra is f\u00e9ny der\u00fclt, ki is az a pacuha.<\/p>\n<p>Puzzle kirak\u00f3s, verses r\u00edmfarag\u00e1s &#8211; megadott szavakkal -, melyn\u00e9l igaz\u00e1n szellemes \u00e9s eredeti versek sz\u00fclettek.<\/p>\n<p>Azt\u00e1n mini asztali kugliz\u00e1s k\u00f6vetkezett.<\/p>\n<p>K\u00f6zben mindny\u00e1junknak esz\u00e9be jutottak gyermekkori j\u00e1t\u00e9kaink, visszarep\u00fclt\u00fcnk az id\u0151ben.<\/p>\n<p>A szusszan\u00e1snyi sz\u00fcnetekben Tibor atya r\u00f6vid t\u00f6rt\u00e9neteket mes\u00e9lt. Mindenb\u0151l egy kicsit&#8230;<\/p>\n<p>V\u00e9g\u00fcl zenei k\u00e9rd\u00e9seket kaptunk, egy-egy dalt mi is egy\u00fctt \u00e9nekelt\u00fcnk az el\u0151ad\u00f3kkal.<\/p>\n<p>Az Omega egy\u00fcttes Gy\u00f6ngyhaj\u00fa l\u00e1ny\u00e1t, Varga Mikl\u00f3s V\u00e9n Eur\u00f3p\u00e1j\u00e1t,\u00a0Zor\u00e1nt\u00f3l: Kell ott fenn egy orsz\u00e1got, amiknek dallamait haz\u00e1ig d\u00fadolni kellett, \u00e9s otthon \u00fajra meghallgatni, annyira gy\u00f6ny\u00f6r\u0171ek.<\/p>\n<p>K\u00f6zben r\u00e1nk s\u00f6t\u00e9tedett. de m\u00e9g mindig voltak \u00e9rdekes mes\u00e9lni val\u00f3nk.<\/p>\n<p>Ezen a d\u00e9lut\u00e1non mindenki nyertes volt, szinte k\u00e9zzelfoghat\u00f3an \u00e9rezt\u00fck a nevet\u00e9s gy\u00f3gy\u00edt\u00f3 erej\u00e9t, igy egy\u00fctt.<\/p>\n<p>Keress\u00fck mindig a vid\u00e1m perceket, meg\u00e9ri!<\/p>\n<p><em>Ro\u00f3b Katalin<\/em><\/p>\n<p><em><span style=\"color: #ff00ff;\">Egyh\u00e1zk\u00f6zs\u00e9g\u00fcnk facebook-os oldal\u00e1n tov\u00e1bbi k\u00e9peket tekinthetsz meg:\u00a0<\/span><\/em><\/p>\n<p><a href=\"https:\/\/www.facebook.com\/photo\/?fbid=605414564950766&amp;set=pcb.605414668284089\">Bar\u00e1ts\u00e1gklub &#8211; \u00e1prilis &#8211; k\u00e9pek<\/a><\/p>\n","protected":false},"excerpt":{"rendered":"<p>N\u00e9ha m\u00e1r el is felejtj\u00fck, milyen j\u00f3 j\u00e1tszani \u00e9s nevetni, mindegy h\u00e1ny \u00e9vesek vagyunk. Az \u00e1prilis 21-i Bar\u00e1ts\u00e1gklub d\u00e9lut\u00e1nj\u00e1n ezt minden r\u00e9sztvev\u0151 megtapasztalhatta. \u00c9s a j\u00f3kedv ragad\u00f3s&#8230; Egy j\u00e1t\u00e9kos vet\u00e9lked\u0151 volt ez alkalommal a tarsolyban. Csapatokat alkottunk \u00e9s m\u00e1ris j\u00f6ttek a k\u00e9rd\u00e9sek. Kezdt\u00fck kv\u00edzj\u00e1t\u00e9kkal, amiben k\u00fcl\u00f6nb\u00f6z\u0151 \u00e9rdekes t\u00e9m\u00e1kban- irodalom, t\u00f6rt\u00e9nelem, k\u00e9pz\u0151m\u0171v\u00e9szet, vall\u00e1st\u00f6rt\u00e9net- kaptunk k\u00e9rd\u00e9seket. Egy \u00e9letre megjegyezt\u00fck, hogy Kolumbusz Krist\u00f3f olasz sz\u00e1rmaz\u00e1s\u00fa volt, \u00e9s nem portug\u00e1l vagy spanyol, mint azt sokan gondoltuk. Arra is f\u00e9ny der\u00fclt, ki is az a pacuha. Puzzle kirak\u00f3s, verses r\u00edmfarag\u00e1s &#8211; megadott szavakkal -, melyn\u00e9l igaz\u00e1n szellemes \u00e9s eredeti versek sz\u00fclettek. Azt\u00e1n mini asztali kugliz\u00e1s k\u00f6vetkezett. K\u00f6zben mindny\u00e1junknak esz\u00e9be jutottak gyermekkori j\u00e1t\u00e9kaink, visszarep\u00fclt\u00fcnk az id\u0151ben. A szusszan\u00e1snyi sz\u00fcnetekben Tibor atya r\u00f6vid t\u00f6rt\u00e9neteket mes\u00e9lt. Mindenb\u0151l egy kicsit&#8230; V\u00e9g\u00fcl zenei k\u00e9rd\u00e9seket kaptunk, egy-egy dalt mi is egy\u00fctt \u00e9nekelt\u00fcnk az el\u0151ad\u00f3kkal. Az Omega egy\u00fcttes Gy\u00f6ngyhaj\u00fa l\u00e1ny\u00e1t, Varga Mikl\u00f3s V\u00e9n Eur\u00f3p\u00e1j\u00e1t,\u00a0Zor\u00e1nt\u00f3l: Kell ott fenn egy orsz\u00e1got, amiknek dallamait haz\u00e1ig d\u00fadolni kellett, \u00e9s otthon \u00fajra meghallgatni, annyira gy\u00f6ny\u00f6r\u0171ek. K\u00f6zben r\u00e1nk s\u00f6t\u00e9tedett. de m\u00e9g mindig voltak \u00e9rdekes mes\u00e9lni val\u00f3nk. Ezen a d\u00e9lut\u00e1non mindenki nyertes volt, szinte k\u00e9zzelfoghat\u00f3an \u00e9rezt\u00fck a nevet\u00e9s gy\u00f3gy\u00edt\u00f3 erej\u00e9t, igy egy\u00fctt. Keress\u00fck mindig a vid\u00e1m perceket, meg\u00e9ri! Ro\u00f3b Katalin Egyh\u00e1zk\u00f6zs\u00e9g\u00fcnk facebook-os oldal\u00e1n tov\u00e1bbi k\u00e9peket tekinthetsz meg:\u00a0 Bar\u00e1ts\u00e1gklub &#8211; \u00e1prilis &#8211; k\u00e9pek<\/p>\n","protected":false},"author":3,"featured_media":26688,"comment_status":"closed","ping_status":"closed","sticky":false,"template":"","format":"standard","meta":{"footnotes":""},"categories":[28],"tags":[],"class_list":["post-26687","post","type-post","status-publish","format-standard","has-post-thumbnail","hentry","category-olvasoink-irjak"],"yoast_head":"<!-- This site is optimized with the Yoast SEO plugin v27.3 - https:\/\/yoast.com\/product\/yoast-seo-wordpress\/ -->\n<title>Egy \u00f6nfeledten vid\u00e1m d\u00e9lut\u00e1n - Stuttgarti Katolikusok<\/title>\n<meta name=\"robots\" content=\"index, follow, max-snippet:-1, max-image-preview:large, max-video-preview:-1\" \/>\n<link rel=\"canonical\" href=\"https:\/\/stuttgarti-katolikusok.de\/index.php\/egy-onfeledten-vidam-delutan\/\" \/>\n<meta property=\"og:locale\" content=\"hu_HU\" \/>\n<meta property=\"og:type\" content=\"article\" \/>\n<meta property=\"og:title\" content=\"Egy \u00f6nfeledten vid\u00e1m d\u00e9lut\u00e1n - Stuttgarti Katolikusok\" \/>\n<meta property=\"og:description\" content=\"N\u00e9ha m\u00e1r el is felejtj\u00fck, milyen j\u00f3 j\u00e1tszani \u00e9s nevetni, mindegy h\u00e1ny \u00e9vesek vagyunk. Az \u00e1prilis 21-i Bar\u00e1ts\u00e1gklub d\u00e9lut\u00e1nj\u00e1n ezt minden r\u00e9sztvev\u0151 megtapasztalhatta. \u00c9s a j\u00f3kedv ragad\u00f3s&#8230; Egy j\u00e1t\u00e9kos vet\u00e9lked\u0151 volt ez alkalommal a tarsolyban. Csapatokat alkottunk \u00e9s m\u00e1ris j\u00f6ttek a k\u00e9rd\u00e9sek. Kezdt\u00fck kv\u00edzj\u00e1t\u00e9kkal, amiben k\u00fcl\u00f6nb\u00f6z\u0151 \u00e9rdekes t\u00e9m\u00e1kban- irodalom, t\u00f6rt\u00e9nelem, k\u00e9pz\u0151m\u0171v\u00e9szet, vall\u00e1st\u00f6rt\u00e9net- kaptunk k\u00e9rd\u00e9seket. Egy \u00e9letre megjegyezt\u00fck, hogy Kolumbusz Krist\u00f3f olasz sz\u00e1rmaz\u00e1s\u00fa volt, \u00e9s nem portug\u00e1l vagy spanyol, mint azt sokan gondoltuk. Arra is f\u00e9ny der\u00fclt, ki is az a pacuha. Puzzle kirak\u00f3s, verses r\u00edmfarag\u00e1s &#8211; megadott szavakkal -, melyn\u00e9l igaz\u00e1n szellemes \u00e9s eredeti versek sz\u00fclettek. Azt\u00e1n mini asztali kugliz\u00e1s k\u00f6vetkezett. K\u00f6zben mindny\u00e1junknak esz\u00e9be jutottak gyermekkori j\u00e1t\u00e9kaink, visszarep\u00fclt\u00fcnk az id\u0151ben. A szusszan\u00e1snyi sz\u00fcnetekben Tibor atya r\u00f6vid t\u00f6rt\u00e9neteket mes\u00e9lt. Mindenb\u0151l egy kicsit&#8230; V\u00e9g\u00fcl zenei k\u00e9rd\u00e9seket kaptunk, egy-egy dalt mi is egy\u00fctt \u00e9nekelt\u00fcnk az el\u0151ad\u00f3kkal. Az Omega egy\u00fcttes Gy\u00f6ngyhaj\u00fa l\u00e1ny\u00e1t, Varga Mikl\u00f3s V\u00e9n Eur\u00f3p\u00e1j\u00e1t,\u00a0Zor\u00e1nt\u00f3l: Kell ott fenn egy orsz\u00e1got, amiknek dallamait haz\u00e1ig d\u00fadolni kellett, \u00e9s otthon \u00fajra meghallgatni, annyira gy\u00f6ny\u00f6r\u0171ek. K\u00f6zben r\u00e1nk s\u00f6t\u00e9tedett. de m\u00e9g mindig voltak \u00e9rdekes mes\u00e9lni val\u00f3nk. Ezen a d\u00e9lut\u00e1non mindenki nyertes volt, szinte k\u00e9zzelfoghat\u00f3an \u00e9rezt\u00fck a nevet\u00e9s gy\u00f3gy\u00edt\u00f3 erej\u00e9t, igy egy\u00fctt. Keress\u00fck mindig a vid\u00e1m perceket, meg\u00e9ri! Ro\u00f3b Katalin Egyh\u00e1zk\u00f6zs\u00e9g\u00fcnk facebook-os oldal\u00e1n tov\u00e1bbi k\u00e9peket tekinthetsz meg:\u00a0 Bar\u00e1ts\u00e1gklub &#8211; \u00e1prilis &#8211; k\u00e9pek\" \/>\n<meta property=\"og:url\" content=\"https:\/\/stuttgarti-katolikusok.de\/index.php\/egy-onfeledten-vidam-delutan\/\" \/>\n<meta property=\"og:site_name\" content=\"Stuttgarti Katolikusok\" \/>\n<meta property=\"article:published_time\" content=\"2023-04-24T08:42:45+00:00\" \/>\n<meta property=\"article:modified_time\" content=\"2023-04-24T08:59:39+00:00\" \/>\n<meta property=\"og:image\" content=\"https:\/\/stuttgarti-katolikusok.de\/wp-content\/uploads\/2023\/04\/baratsagklub-aprilis.jpg\" \/>\n\t<meta property=\"og:image:width\" content=\"2016\" \/>\n\t<meta property=\"og:image:height\" content=\"1134\" \/>\n\t<meta property=\"og:image:type\" content=\"image\/jpeg\" \/>\n<meta name=\"author\" content=\"Tibor atya\" \/>\n<meta name=\"twitter:card\" content=\"summary_large_image\" \/>\n<meta name=\"twitter:label1\" content=\"Szerz\u0151:\" \/>\n\t<meta name=\"twitter:data1\" content=\"Tibor atya\" \/>\n\t<meta name=\"twitter:label2\" content=\"Becs\u00fclt olvas\u00e1si id\u0151\" \/>\n\t<meta name=\"twitter:data2\" content=\"2 perc\" \/>\n<script type=\"application\/ld+json\" class=\"yoast-schema-graph\">{\"@context\":\"https:\\\/\\\/schema.org\",\"@graph\":[{\"@type\":\"Article\",\"@id\":\"https:\\\/\\\/stuttgarti-katolikusok.de\\\/index.php\\\/egy-onfeledten-vidam-delutan\\\/#article\",\"isPartOf\":{\"@id\":\"https:\\\/\\\/stuttgarti-katolikusok.de\\\/index.php\\\/egy-onfeledten-vidam-delutan\\\/\"},\"author\":{\"name\":\"Tibor atya\",\"@id\":\"https:\\\/\\\/stuttgarti-katolikusok.de\\\/#\\\/schema\\\/person\\\/75908d6f8fdc03a57889d27209df7795\"},\"headline\":\"Egy \u00f6nfeledten vid\u00e1m d\u00e9lut\u00e1n\",\"datePublished\":\"2023-04-24T08:42:45+00:00\",\"dateModified\":\"2023-04-24T08:59:39+00:00\",\"mainEntityOfPage\":{\"@id\":\"https:\\\/\\\/stuttgarti-katolikusok.de\\\/index.php\\\/egy-onfeledten-vidam-delutan\\\/\"},\"wordCount\":338,\"image\":{\"@id\":\"https:\\\/\\\/stuttgarti-katolikusok.de\\\/index.php\\\/egy-onfeledten-vidam-delutan\\\/#primaryimage\"},\"thumbnailUrl\":\"https:\\\/\\\/stuttgarti-katolikusok.de\\\/wp-content\\\/uploads\\\/2023\\\/04\\\/baratsagklub-aprilis.jpg\",\"articleSection\":[\"Olvas\u00f3ink \u00edrj\u00e1k\"],\"inLanguage\":\"hu\"},{\"@type\":\"WebPage\",\"@id\":\"https:\\\/\\\/stuttgarti-katolikusok.de\\\/index.php\\\/egy-onfeledten-vidam-delutan\\\/\",\"url\":\"https:\\\/\\\/stuttgarti-katolikusok.de\\\/index.php\\\/egy-onfeledten-vidam-delutan\\\/\",\"name\":\"Egy \u00f6nfeledten vid\u00e1m d\u00e9lut\u00e1n - Stuttgarti Katolikusok\",\"isPartOf\":{\"@id\":\"https:\\\/\\\/stuttgarti-katolikusok.de\\\/#website\"},\"primaryImageOfPage\":{\"@id\":\"https:\\\/\\\/stuttgarti-katolikusok.de\\\/index.php\\\/egy-onfeledten-vidam-delutan\\\/#primaryimage\"},\"image\":{\"@id\":\"https:\\\/\\\/stuttgarti-katolikusok.de\\\/index.php\\\/egy-onfeledten-vidam-delutan\\\/#primaryimage\"},\"thumbnailUrl\":\"https:\\\/\\\/stuttgarti-katolikusok.de\\\/wp-content\\\/uploads\\\/2023\\\/04\\\/baratsagklub-aprilis.jpg\",\"datePublished\":\"2023-04-24T08:42:45+00:00\",\"dateModified\":\"2023-04-24T08:59:39+00:00\",\"author\":{\"@id\":\"https:\\\/\\\/stuttgarti-katolikusok.de\\\/#\\\/schema\\\/person\\\/75908d6f8fdc03a57889d27209df7795\"},\"breadcrumb\":{\"@id\":\"https:\\\/\\\/stuttgarti-katolikusok.de\\\/index.php\\\/egy-onfeledten-vidam-delutan\\\/#breadcrumb\"},\"inLanguage\":\"hu\",\"potentialAction\":[{\"@type\":\"ReadAction\",\"target\":[\"https:\\\/\\\/stuttgarti-katolikusok.de\\\/index.php\\\/egy-onfeledten-vidam-delutan\\\/\"]}]},{\"@type\":\"ImageObject\",\"inLanguage\":\"hu\",\"@id\":\"https:\\\/\\\/stuttgarti-katolikusok.de\\\/index.php\\\/egy-onfeledten-vidam-delutan\\\/#primaryimage\",\"url\":\"https:\\\/\\\/stuttgarti-katolikusok.de\\\/wp-content\\\/uploads\\\/2023\\\/04\\\/baratsagklub-aprilis.jpg\",\"contentUrl\":\"https:\\\/\\\/stuttgarti-katolikusok.de\\\/wp-content\\\/uploads\\\/2023\\\/04\\\/baratsagklub-aprilis.jpg\",\"width\":2016,\"height\":1134},{\"@type\":\"BreadcrumbList\",\"@id\":\"https:\\\/\\\/stuttgarti-katolikusok.de\\\/index.php\\\/egy-onfeledten-vidam-delutan\\\/#breadcrumb\",\"itemListElement\":[{\"@type\":\"ListItem\",\"position\":1,\"name\":\"Kezd\u0151lap\",\"item\":\"https:\\\/\\\/stuttgarti-katolikusok.de\\\/\"},{\"@type\":\"ListItem\",\"position\":2,\"name\":\"Egy \u00f6nfeledten vid\u00e1m d\u00e9lut\u00e1n\"}]},{\"@type\":\"WebSite\",\"@id\":\"https:\\\/\\\/stuttgarti-katolikusok.de\\\/#website\",\"url\":\"https:\\\/\\\/stuttgarti-katolikusok.de\\\/\",\"name\":\"Stuttgarti Katolikusok\",\"description\":\"\",\"potentialAction\":[{\"@type\":\"SearchAction\",\"target\":{\"@type\":\"EntryPoint\",\"urlTemplate\":\"https:\\\/\\\/stuttgarti-katolikusok.de\\\/?s={search_term_string}\"},\"query-input\":{\"@type\":\"PropertyValueSpecification\",\"valueRequired\":true,\"valueName\":\"search_term_string\"}}],\"inLanguage\":\"hu\"},{\"@type\":\"Person\",\"@id\":\"https:\\\/\\\/stuttgarti-katolikusok.de\\\/#\\\/schema\\\/person\\\/75908d6f8fdc03a57889d27209df7795\",\"name\":\"Tibor atya\",\"image\":{\"@type\":\"ImageObject\",\"inLanguage\":\"hu\",\"@id\":\"https:\\\/\\\/secure.gravatar.com\\\/avatar\\\/61d268e57d1f4525b111222e29d2d5a7f8c420fdbf231ba5566a8ceac74fa960?s=96&d=mm&r=g\",\"url\":\"https:\\\/\\\/secure.gravatar.com\\\/avatar\\\/61d268e57d1f4525b111222e29d2d5a7f8c420fdbf231ba5566a8ceac74fa960?s=96&d=mm&r=g\",\"contentUrl\":\"https:\\\/\\\/secure.gravatar.com\\\/avatar\\\/61d268e57d1f4525b111222e29d2d5a7f8c420fdbf231ba5566a8ceac74fa960?s=96&d=mm&r=g\",\"caption\":\"Tibor atya\"},\"url\":\"https:\\\/\\\/stuttgarti-katolikusok.de\\\/index.php\\\/author\\\/tibor-atya\\\/\"}]}<\/script>\n<!-- \/ Yoast SEO plugin. -->","yoast_head_json":{"title":"Egy \u00f6nfeledten vid\u00e1m d\u00e9lut\u00e1n - Stuttgarti Katolikusok","robots":{"index":"index","follow":"follow","max-snippet":"max-snippet:-1","max-image-preview":"max-image-preview:large","max-video-preview":"max-video-preview:-1"},"canonical":"https:\/\/stuttgarti-katolikusok.de\/index.php\/egy-onfeledten-vidam-delutan\/","og_locale":"hu_HU","og_type":"article","og_title":"Egy \u00f6nfeledten vid\u00e1m d\u00e9lut\u00e1n - Stuttgarti Katolikusok","og_description":"N\u00e9ha m\u00e1r el is felejtj\u00fck, milyen j\u00f3 j\u00e1tszani \u00e9s nevetni, mindegy h\u00e1ny \u00e9vesek vagyunk. Az \u00e1prilis 21-i Bar\u00e1ts\u00e1gklub d\u00e9lut\u00e1nj\u00e1n ezt minden r\u00e9sztvev\u0151 megtapasztalhatta. \u00c9s a j\u00f3kedv ragad\u00f3s&#8230; Egy j\u00e1t\u00e9kos vet\u00e9lked\u0151 volt ez alkalommal a tarsolyban. Csapatokat alkottunk \u00e9s m\u00e1ris j\u00f6ttek a k\u00e9rd\u00e9sek. Kezdt\u00fck kv\u00edzj\u00e1t\u00e9kkal, amiben k\u00fcl\u00f6nb\u00f6z\u0151 \u00e9rdekes t\u00e9m\u00e1kban- irodalom, t\u00f6rt\u00e9nelem, k\u00e9pz\u0151m\u0171v\u00e9szet, vall\u00e1st\u00f6rt\u00e9net- kaptunk k\u00e9rd\u00e9seket. Egy \u00e9letre megjegyezt\u00fck, hogy Kolumbusz Krist\u00f3f olasz sz\u00e1rmaz\u00e1s\u00fa volt, \u00e9s nem portug\u00e1l vagy spanyol, mint azt sokan gondoltuk. Arra is f\u00e9ny der\u00fclt, ki is az a pacuha. Puzzle kirak\u00f3s, verses r\u00edmfarag\u00e1s &#8211; megadott szavakkal -, melyn\u00e9l igaz\u00e1n szellemes \u00e9s eredeti versek sz\u00fclettek. Azt\u00e1n mini asztali kugliz\u00e1s k\u00f6vetkezett. K\u00f6zben mindny\u00e1junknak esz\u00e9be jutottak gyermekkori j\u00e1t\u00e9kaink, visszarep\u00fclt\u00fcnk az id\u0151ben. A szusszan\u00e1snyi sz\u00fcnetekben Tibor atya r\u00f6vid t\u00f6rt\u00e9neteket mes\u00e9lt. Mindenb\u0151l egy kicsit&#8230; V\u00e9g\u00fcl zenei k\u00e9rd\u00e9seket kaptunk, egy-egy dalt mi is egy\u00fctt \u00e9nekelt\u00fcnk az el\u0151ad\u00f3kkal. Az Omega egy\u00fcttes Gy\u00f6ngyhaj\u00fa l\u00e1ny\u00e1t, Varga Mikl\u00f3s V\u00e9n Eur\u00f3p\u00e1j\u00e1t,\u00a0Zor\u00e1nt\u00f3l: Kell ott fenn egy orsz\u00e1got, amiknek dallamait haz\u00e1ig d\u00fadolni kellett, \u00e9s otthon \u00fajra meghallgatni, annyira gy\u00f6ny\u00f6r\u0171ek. K\u00f6zben r\u00e1nk s\u00f6t\u00e9tedett. de m\u00e9g mindig voltak \u00e9rdekes mes\u00e9lni val\u00f3nk. Ezen a d\u00e9lut\u00e1non mindenki nyertes volt, szinte k\u00e9zzelfoghat\u00f3an \u00e9rezt\u00fck a nevet\u00e9s gy\u00f3gy\u00edt\u00f3 erej\u00e9t, igy egy\u00fctt. Keress\u00fck mindig a vid\u00e1m perceket, meg\u00e9ri! Ro\u00f3b Katalin Egyh\u00e1zk\u00f6zs\u00e9g\u00fcnk facebook-os oldal\u00e1n tov\u00e1bbi k\u00e9peket tekinthetsz meg:\u00a0 Bar\u00e1ts\u00e1gklub &#8211; \u00e1prilis &#8211; k\u00e9pek","og_url":"https:\/\/stuttgarti-katolikusok.de\/index.php\/egy-onfeledten-vidam-delutan\/","og_site_name":"Stuttgarti Katolikusok","article_published_time":"2023-04-24T08:42:45+00:00","article_modified_time":"2023-04-24T08:59:39+00:00","og_image":[{"width":2016,"height":1134,"url":"https:\/\/stuttgarti-katolikusok.de\/wp-content\/uploads\/2023\/04\/baratsagklub-aprilis.jpg","type":"image\/jpeg"}],"author":"Tibor atya","twitter_card":"summary_large_image","twitter_misc":{"Szerz\u0151:":"Tibor atya","Becs\u00fclt olvas\u00e1si id\u0151":"2 perc"},"schema":{"@context":"https:\/\/schema.org","@graph":[{"@type":"Article","@id":"https:\/\/stuttgarti-katolikusok.de\/index.php\/egy-onfeledten-vidam-delutan\/#article","isPartOf":{"@id":"https:\/\/stuttgarti-katolikusok.de\/index.php\/egy-onfeledten-vidam-delutan\/"},"author":{"name":"Tibor atya","@id":"https:\/\/stuttgarti-katolikusok.de\/#\/schema\/person\/75908d6f8fdc03a57889d27209df7795"},"headline":"Egy \u00f6nfeledten vid\u00e1m d\u00e9lut\u00e1n","datePublished":"2023-04-24T08:42:45+00:00","dateModified":"2023-04-24T08:59:39+00:00","mainEntityOfPage":{"@id":"https:\/\/stuttgarti-katolikusok.de\/index.php\/egy-onfeledten-vidam-delutan\/"},"wordCount":338,"image":{"@id":"https:\/\/stuttgarti-katolikusok.de\/index.php\/egy-onfeledten-vidam-delutan\/#primaryimage"},"thumbnailUrl":"https:\/\/stuttgarti-katolikusok.de\/wp-content\/uploads\/2023\/04\/baratsagklub-aprilis.jpg","articleSection":["Olvas\u00f3ink \u00edrj\u00e1k"],"inLanguage":"hu"},{"@type":"WebPage","@id":"https:\/\/stuttgarti-katolikusok.de\/index.php\/egy-onfeledten-vidam-delutan\/","url":"https:\/\/stuttgarti-katolikusok.de\/index.php\/egy-onfeledten-vidam-delutan\/","name":"Egy \u00f6nfeledten vid\u00e1m d\u00e9lut\u00e1n - Stuttgarti Katolikusok","isPartOf":{"@id":"https:\/\/stuttgarti-katolikusok.de\/#website"},"primaryImageOfPage":{"@id":"https:\/\/stuttgarti-katolikusok.de\/index.php\/egy-onfeledten-vidam-delutan\/#primaryimage"},"image":{"@id":"https:\/\/stuttgarti-katolikusok.de\/index.php\/egy-onfeledten-vidam-delutan\/#primaryimage"},"thumbnailUrl":"https:\/\/stuttgarti-katolikusok.de\/wp-content\/uploads\/2023\/04\/baratsagklub-aprilis.jpg","datePublished":"2023-04-24T08:42:45+00:00","dateModified":"2023-04-24T08:59:39+00:00","author":{"@id":"https:\/\/stuttgarti-katolikusok.de\/#\/schema\/person\/75908d6f8fdc03a57889d27209df7795"},"breadcrumb":{"@id":"https:\/\/stuttgarti-katolikusok.de\/index.php\/egy-onfeledten-vidam-delutan\/#breadcrumb"},"inLanguage":"hu","potentialAction":[{"@type":"ReadAction","target":["https:\/\/stuttgarti-katolikusok.de\/index.php\/egy-onfeledten-vidam-delutan\/"]}]},{"@type":"ImageObject","inLanguage":"hu","@id":"https:\/\/stuttgarti-katolikusok.de\/index.php\/egy-onfeledten-vidam-delutan\/#primaryimage","url":"https:\/\/stuttgarti-katolikusok.de\/wp-content\/uploads\/2023\/04\/baratsagklub-aprilis.jpg","contentUrl":"https:\/\/stuttgarti-katolikusok.de\/wp-content\/uploads\/2023\/04\/baratsagklub-aprilis.jpg","width":2016,"height":1134},{"@type":"BreadcrumbList","@id":"https:\/\/stuttgarti-katolikusok.de\/index.php\/egy-onfeledten-vidam-delutan\/#breadcrumb","itemListElement":[{"@type":"ListItem","position":1,"name":"Kezd\u0151lap","item":"https:\/\/stuttgarti-katolikusok.de\/"},{"@type":"ListItem","position":2,"name":"Egy \u00f6nfeledten vid\u00e1m d\u00e9lut\u00e1n"}]},{"@type":"WebSite","@id":"https:\/\/stuttgarti-katolikusok.de\/#website","url":"https:\/\/stuttgarti-katolikusok.de\/","name":"Stuttgarti Katolikusok","description":"","potentialAction":[{"@type":"SearchAction","target":{"@type":"EntryPoint","urlTemplate":"https:\/\/stuttgarti-katolikusok.de\/?s={search_term_string}"},"query-input":{"@type":"PropertyValueSpecification","valueRequired":true,"valueName":"search_term_string"}}],"inLanguage":"hu"},{"@type":"Person","@id":"https:\/\/stuttgarti-katolikusok.de\/#\/schema\/person\/75908d6f8fdc03a57889d27209df7795","name":"Tibor atya","image":{"@type":"ImageObject","inLanguage":"hu","@id":"https:\/\/secure.gravatar.com\/avatar\/61d268e57d1f4525b111222e29d2d5a7f8c420fdbf231ba5566a8ceac74fa960?s=96&d=mm&r=g","url":"https:\/\/secure.gravatar.com\/avatar\/61d268e57d1f4525b111222e29d2d5a7f8c420fdbf231ba5566a8ceac74fa960?s=96&d=mm&r=g","contentUrl":"https:\/\/secure.gravatar.com\/avatar\/61d268e57d1f4525b111222e29d2d5a7f8c420fdbf231ba5566a8ceac74fa960?s=96&d=mm&r=g","caption":"Tibor atya"},"url":"https:\/\/stuttgarti-katolikusok.de\/index.php\/author\/tibor-atya\/"}]}},"_links":{"self":[{"href":"https:\/\/stuttgarti-katolikusok.de\/index.php\/wp-json\/wp\/v2\/posts\/26687","targetHints":{"allow":["GET"]}}],"collection":[{"href":"https:\/\/stuttgarti-katolikusok.de\/index.php\/wp-json\/wp\/v2\/posts"}],"about":[{"href":"https:\/\/stuttgarti-katolikusok.de\/index.php\/wp-json\/wp\/v2\/types\/post"}],"author":[{"embeddable":true,"href":"https:\/\/stuttgarti-katolikusok.de\/index.php\/wp-json\/wp\/v2\/users\/3"}],"replies":[{"embeddable":true,"href":"https:\/\/stuttgarti-katolikusok.de\/index.php\/wp-json\/wp\/v2\/comments?post=26687"}],"version-history":[{"count":4,"href":"https:\/\/stuttgarti-katolikusok.de\/index.php\/wp-json\/wp\/v2\/posts\/26687\/revisions"}],"predecessor-version":[{"id":26692,"href":"https:\/\/stuttgarti-katolikusok.de\/index.php\/wp-json\/wp\/v2\/posts\/26687\/revisions\/26692"}],"wp:featuredmedia":[{"embeddable":true,"href":"https:\/\/stuttgarti-katolikusok.de\/index.php\/wp-json\/wp\/v2\/media\/26688"}],"wp:attachment":[{"href":"https:\/\/stuttgarti-katolikusok.de\/index.php\/wp-json\/wp\/v2\/media?parent=26687"}],"wp:term":[{"taxonomy":"category","embeddable":true,"href":"https:\/\/stuttgarti-katolikusok.de\/index.php\/wp-json\/wp\/v2\/categories?post=26687"},{"taxonomy":"post_tag","embeddable":true,"href":"https:\/\/stuttgarti-katolikusok.de\/index.php\/wp-json\/wp\/v2\/tags?post=26687"}],"curies":[{"name":"wp","href":"https:\/\/api.w.org\/{rel}","templated":true}]}}