{"id":26676,"date":"2023-04-22T11:01:15","date_gmt":"2023-04-22T09:01:15","guid":{"rendered":"https:\/\/stuttgarti-katolikusok.de\/?p=26676"},"modified":"2026-04-18T23:33:54","modified_gmt":"2026-04-18T21:33:54","slug":"husvet-3-vasarnapja","status":"publish","type":"post","link":"https:\/\/stuttgarti-katolikusok.de\/index.php\/husvet-3-vasarnapja\/","title":{"rendered":"H\u00fasv\u00e9t 3. vas\u00e1rnapja"},"content":{"rendered":"<p><span style=\"color: #ff6600;\"><strong>A. B. Pomeyrol: Emmausz<\/strong><\/span><\/p>\n<p><span style=\"color: #ff6600;\"><em>Urunk,<\/em><\/span><\/p>\n<p><span style=\"color: #ff6600;\"><em>mily r<\/em><em>\u00e9g<\/em><em>\u00f3ta <\/em><em>\u00faton vagyunk m<\/em><em>\u00e1r,<\/em><\/span><\/p>\n<p><span style=\"color: #ff6600;\"><em>\u00e9s nem ismert<\/em><em>\u00fcnk fel t<\/em><em>\u00e9ged!<\/em><\/span><\/p>\n<p><span style=\"color: #ff6600;\"><em>Csak ballagtunk egym<\/em><em>\u00e1s mellett,<\/em><\/span><\/p>\n<p><span style=\"color: #ff6600;\"><em>a sz<\/em><em>\u00edv<\/em><em>\u00fcnk tele volt keser<\/em><em>\u0171s<\/em><em>\u00e9ggel,<\/em><\/span><\/p>\n<p><span style=\"color: #ff6600;\"><em>csal<\/em><em>\u00f3d<\/em><em>\u00e1ssal, kedvtelens<\/em><em>\u00e9ggel,<\/em><\/span><\/p>\n<p><span style=\"color: #ff6600;\"><em>s tele volt k<\/em><em>\u00e9ts<\/em><em>\u00e9gekkel.<\/em><\/span><\/p>\n<p><span style=\"color: #ff6600;\"><em>Azt mondtuk: <\/em><em>\u00cdme v<\/em><em>\u00e9ge van nemzet<\/em><em>\u00fcnknek,<\/em><\/span><\/p>\n<p><span style=\"color: #ff6600;\"><em>\u00e9s a s<\/em><em>\u00edrk<\/em><em>\u0151<\/em><\/span><\/p>\n<p><span style=\"color: #ff6600;\"><em>rem<\/em><em>\u00e9ny<\/em><em>\u00fcnket is s<\/em><em>\u00edrba z<\/em><em>\u00e1rta.<\/em><\/span><\/p>\n<p><span style=\"color: #ff6600;\"><em>De most, ezen a hajnalom<\/em><\/span><\/p>\n<p><span style=\"color: #ff6600;\"><em>\u00fajra asztalodhoz h<\/em><em>\u00edvt<\/em><em>\u00e1l minket!<\/em><\/span><\/p>\n<p><span style=\"color: #ff6600;\"><em>Megt<\/em><em>\u00f6r<\/em><em>\u00f6d a Kenyeret,<\/em><\/span><\/p>\n<p><span style=\"color: #ff6600;\"><em>megnyitod a szem<\/em><em>\u00fcnket,<\/em><\/span><\/p>\n<p><span style=\"color: #ff6600;\"><em>\u00e9s <\/em><em>\u00fajra felismer<\/em><em>\u00fcnk t<\/em><em>\u00e9ged.<\/em><\/span><\/p>\n<p><span style=\"color: #ff6600;\"><em>S ez a nagy bar<\/em><em>\u00e1ti k<\/em><em>\u00f6z<\/em><em>\u00f6ss<\/em><em>\u00e9g,<\/em><\/span><\/p>\n<p><span style=\"color: #ff6600;\"><em>mely oly k<\/em><em>\u00fcl<\/em><em>\u00f6nb<\/em><em>\u00f6z<\/em><em>\u0151 emberekb<\/em><em>\u0151l <\/em><em>\u00e1ll,<\/em><\/span><\/p>\n<p><span style=\"color: #ff6600;\"><em>ez a te felt<\/em><em>\u00e1madt Tested.<\/em><\/span><\/p>\n<p><span style=\"color: #ff0000;\">Kezd\u0151\u00e9nek:<\/span><br \/>\nUjjongj az \u00darnak, f\u00f6ldkereks\u00e9g, nev\u00e9nek f\u00f6ns\u00e9g\u00e9r\u0151l \u00e9nekelj, zengj n\u00e9ki dics\u0151\u00edt\u0151 \u00e9neket, alleluja. (Zsolt 65,1-2)<\/p>\n<p><span style=\"color: #ff0000;\">K\u00f6ny\u00f6rg\u00e9s:<\/span><br \/>\nIsten\u00fcnk, te \u00fagy akartad, hogy n\u00e9ped sz\u00fcntelen\u00fcl vigadozz\u00e9k, mert visszaadtad lelke fiatals\u00e1g\u00e1t. Engedd, hogy akik most a fogadott fi\u00fas\u00e1g dics\u0151s\u00e9g\u00e9nek \u00f6rvendeznek, a biztos rem\u00e9ny \u00f6r\u00f6m\u00e9vel v\u00e1rj\u00e1k a felt\u00e1mad\u00e1s napj\u00e1t. A mi Urunk, J\u00e9zus Krisztus, a te Fiad \u00e1ltal, aki veled \u00e9l \u00e9s uralkodik a Szentl\u00e9lekkel egys\u00e9gben, Isten mind\u00f6r\u00f6kk\u00f6n \u00f6r\u00f6kk\u00e9.<\/p>\n<p align=\"justify\"><span style=\"color: #ff0000;\">OLVASM\u00c1NY Az Apostolok Cselekedeteib\u0151l (ApCsel 2,14.22-28)<\/span><br \/>\n<em>Lehetetlen volt, hogy a hal\u00e1l fogva tartsa.<\/em><br \/>\nP\u00fcnk\u00f6sd napj\u00e1n P\u00e9ter a tizenegy k\u00eds\u00e9ret\u00e9ben el\u0151l\u00e9pett, \u00e9s hangos sz\u00f3val \u00edgy besz\u00e9lt:<br \/>\n\u201eZsid\u00f3 f\u00e9rfiak \u00e9s Jeruzs\u00e1lem eg\u00e9sz n\u00e9pe! Figyeljetek \u00e9s hallgass\u00e1tok meg szavamat! Izraelita f\u00e9rfiak, fontolj\u00e1tok meg e dolgokat!<br \/>\nA n\u00e1z\u00e1reti J\u00e9zust az Isten igazolta el\u0151ttetek, amikor, mint tudj\u00e1tok, \u00e1ltala hatalmas csod\u00e1kat \u00e9s jeleket vitt v\u00e9gbe k\u00f6ztetek. Ezt az embert ti az Isten el\u0151re elhat\u00e1rozott terve szerint kiszolg\u00e1ltatt\u00e1tok, \u00e9s gonosz kezek \u00e1ltal keresztre fesz\u00edtett\u00e9tek, majd meg\u00f6lt\u00e9tek. Isten azonban feloldotta a hal\u00e1l bilincseit \u00e9s felt\u00e1masztotta \u0151t. Lehetetlen is volt, hogy a hal\u00e1l fogva tartsa, hiszen D\u00e1vid \u00edgy j\u00f6vend\u00f6lt r\u00f3la:<br \/>\nSzemem el\u0151tt az \u00dar mindenkoron, \u0151 \u00e1ll jobbomon, meg nem inoghatok. \u00d6rvend a sz\u00edvem, az ajkam \u00e9nekel, \u00e9s testem is b\u00e9k\u00e9ben nyugszik el. Lelkemet a holtak hon\u00e1ban nem hagyod, hogy Szented roml\u00e1st l\u00e1sson, nem akarod. Az \u00e9let \u00fatj\u00e1t mutatod meg nekem, sz\u00edned el\u0151tt \u00f6r\u00fclni gy\u00f6ny\u00f6r\u0171s\u00e9gem.\u201d<br \/>\nEz az Isten ig\u00e9je.<\/p>\n<p align=\"justify\"><span style=\"color: #ff0000;\">V\u00c1LASZOS ZSOLT\u00c1R (Zsolt 15,1-2a \u00e9s 5.7-8.9-10.11)<\/span><br \/>\nV\u00e1lasz:\u00a0<strong>Az \u00e9let \u00fatj\u00e1t * mutatod, Uram, n\u00e9kem.<\/strong>\u00a01 D<sup><small>2<\/small><\/sup>. t\u00f3nus.<br \/>\nVagy:\u00a0<strong>Alleluja, alleluja, alleluja.<\/strong><br \/>\nEl\u0151\u00e9nekes: Istenem, oltalmazz engem, mert benned b\u00edztam! * Azt mondom Uramnak: \u201eIstenem te vagy n\u00e9kem.\u201d<br \/>\nIsten az \u00e9n oszt\u00e1lyr\u00e9szem \u00e9s sorsom kelyhe: * \u00f6r\u00f6ks\u00e9gemet t\u0151le v\u00e1rom.<br \/>\nH\u00edvek: Az \u00e9let \u00fatj\u00e1t * mutatod, Uram, n\u00e9kem.<br \/>\nVagy: Alleluja, alleluja, alleluja.<br \/>\nE: \u00c1ldom az Urat, mert tan\u00e1csot adott nekem, * \u00e9jjel-nappal erre tan\u00edt sz\u00edvem m\u00e9lye.<br \/>\nMindenkor Istent tartom szemem el\u0151tt; * jobbomon \u0151 \u00e1ll, semmit\u0151l sem f\u00e9lek.<br \/>\nH: Az \u00e9let \u00fatj\u00e1t * mutatod, Uram, n\u00e9kem.<br \/>\nVagy: Alleluja, alleluja, alleluja.<br \/>\nE: \u00d6rvend a sz\u00edvem, \u00e9s dalt zeng a lelkem, * s\u0151t testem is megnyugszik b\u00edzva.<br \/>\nMert nem hagyod lelkem az alvil\u00e1g m\u00e9ly\u00e9n, * \u00e9s testemnek roml\u00e1s nem \u00e1rthat.<br \/>\nH: Az \u00e9let \u00fatj\u00e1t * mutatod, Uram, n\u00e9kem.<br \/>\nVagy: Alleluja, alleluja, alleluja.<br \/>\nE: Megmutatod nekem az \u00e9let \u00fatj\u00e1t, * \u00e9s a v\u00e9gtelen boldogs\u00e1got, mid\u0151n szent orc\u00e1d l\u00e1tom.<br \/>\nGy\u00f6ny\u00f6r\u0171s\u00e9gre h\u00edvt\u00e1l engem, * jobbod mellett sz\u00fcnet n\u00e9lk\u00fcl.<br \/>\nH Az \u00e9let \u00fatj\u00e1t * mutatod, Uram, n\u00e9kem.<br \/>\nVagy: Alleluja, alleluja, alleluja.<\/p>\n<p align=\"justify\"><span style=\"color: #ff0000;\">SZENTLECKE Szent P\u00e9ter apostol els\u0151 level\u00e9b\u0151l (1P\u00e9t 1,17-21)<\/span><br \/>\n<em>Krisztusnak, a szepl\u0151telen b\u00e1r\u00e1nynak dr\u00e1ga v\u00e9re v\u00e1ltott meg titeket.<\/em><br \/>\nSzeretteim!<br \/>\nSzent f\u00e9lelemmel \u00e9ljetek f\u00f6ldi zar\u00e1ndokl\u00e1stok idej\u00e9n, ha Aty\u00e1nak h\u00edvj\u00e1tok \u0151t, aki szem\u00e9lyv\u00e1logat\u00e1s n\u00e9lk\u00fcl \u00edt\u00e9lkezik kinek-kinek tettei szerint.<br \/>\nHiszen tudj\u00e1tok j\u00f3l, hogy nem veszend\u0151 ez\u00fcst\u00f6n vagy aranyon v\u00e1ltottak meg titeket az aty\u00e1itok \u00e1ltal r\u00e1tok hagyott, \u00e9rt\u00e9ktelen \u00e9letform\u00e1t\u00f3l, hanem Krisztusnak, a hib\u00e1tlan \u00e9s szepl\u0151telen b\u00e1r\u00e1nynak dr\u00e1ga v\u00e9re \u00e1r\u00e1n. \u0150t Isten el\u0151re kiv\u00e1lasztotta m\u00e1r a vil\u00e1g teremt\u00e9se el\u0151tt, de csak az utols\u00f3 id\u0151kben jelent meg, miattatok. \u00c1ltala hisztek Istenben, aki felt\u00e1masztotta \u0151t a halottak k\u00f6z\u00fcl, \u00e9s megdics\u0151\u00edtette, hogy higgyetek \u00e9s rem\u00e9ljetek Istenben.<br \/>\nEz az Isten ig\u00e9je.<\/p>\n<p align=\"justify\"><span style=\"color: #ff0000;\">ALLELUJA<\/span><br \/>\nUrunk J\u00e9zus, t\u00e1rd fel az \u00cdr\u00e1sok \u00e9rtelm\u00e9t, * hadd l\u00e1ngoljon a sz\u00edv\u00fcnk, mid\u0151n tan\u00edtasz minket! Lk 24,32 \u2013 6. t\u00f3nus.<\/p>\n<p align=\"justify\"><span style=\"color: #ff0000;\">\u2020 EVANG\u00c9LIUM Szent Luk\u00e1cs k\u00f6nyv\u00e9b\u0151l (Lk 24,13-35)<\/span><br \/>\nAmikor a kenyeret megt\u00f6rte, felismert\u00e9k.<br \/>\nH\u00fasv\u00e9tvas\u00e1rnap ketten a tan\u00edtv\u00e1nyok k\u00f6z\u00fcl egy Emmausz nev\u0171 faluba mentek, amely ,Jeruzs\u00e1lemt\u0151l hatvan st\u00e1diumra (k\u00e9t-h\u00e1rom \u00f3ra j\u00e1r\u00e1snyira) fekszik. \u00datk\u00f6zben megbesz\u00e9lt\u00e9k egym\u00e1s k\u00f6z\u00f6tt mindazt, ami t\u00f6rt\u00e9nt. M\u00edg besz\u00e9lgettek \u00e9s vitatkoztak, egyszerre maga J\u00e9zus k\u00f6zeledett fel\u00e9j\u00fck, \u00e9s hozz\u00e1juk szeg\u0151d\u00f6tt. \u0150k azonban nem ismert\u00e9k meg \u0151t, mert l\u00e1t\u00e1sukban akad\u00e1lyozva voltak. J\u00e9zus megk\u00e9rdezte \u0151ket: \u201eMilyen dolgokr\u00f3l besz\u00e9lgettetek egym\u00e1ssal \u00fatk\u00f6zben?\u201d Erre szomor\u00faan meg\u00e1lltak \u00e9s egyik\u00fck, akit Kleof\u00e1snak h\u00edvtak, ezt v\u00e1laszolta neki: \u201eTe vagy tal\u00e1n az egyetlen idegen Jeruzs\u00e1lemben, aki nem tudja, mi t\u00f6rt\u00e9nt ott ezekben a napokban?\u201d<br \/>\n\u0150 megk\u00e9rdezte: \u201eMi\u00e9rt, mi t\u00f6rt\u00e9nt?\u201d Azok ezt felelt\u00e9k: \u201eA n\u00e1z\u00e1reti J\u00e9zus esete, aki sz\u00f3ban \u00e9s tettben nagyhat\u00e1s\u00fa pr\u00f3f\u00e9ta volt Isten \u00e9s az eg\u00e9sz n\u00e9p el\u0151tt. F\u0151papjaink \u00e9s el\u00f6lj\u00e1r\u00f3ink kiszolg\u00e1ltatt\u00e1k \u0151t, hogy hal\u00e1lra \u00edt\u00e9lj\u00e9k, \u00e9s keresztre fesz\u00edts\u00e9k. Pedig mi azt rem\u00e9lt\u00fck, hogy \u0151 v\u00e1ltja meg Izraelt. Az\u00f3ta, hogy ezek t\u00f6rt\u00e9ntek, m\u00e1r h\u00e1rom nap telt el, \u00e9s n\u00e9h\u00e1ny hozz\u00e1nk tartoz\u00f3 asszony megzavart benn\u00fcnket. Hajnalban a s\u00edrn\u00e1l voltak, de nem tal\u00e1lt\u00e1k ott a holttest\u00e9t. Azzal a h\u00edrrel t\u00e9rtek vissza, hogy angyalok jelentek meg nekik, akik azt \u00e1ll\u00edtott\u00e1k, hogy \u00e9l. K\u00f6z\u00fcl\u00fcnk n\u00e9h\u00e1nyan el is mentek a s\u00edrhoz, \u00e9s \u00fagy tal\u00e1ltak mindent, ahogyan az asszonyok mondt\u00e1k, \u0151t mag\u00e1t azonban nem l\u00e1tt\u00e1k.<br \/>\nJ\u00e9zus erre \u00edgy sz\u00f3lt: \u201e\u00d3, ti oktalanok, k\u00e9sedelmes sz\u00edv\u0171ek! K\u00e9ptelenek vagytok hinni abban, amit a pr\u00f3f\u00e9t\u00e1k j\u00f6vend\u00f6ltek! H\u00e1t nem ezeket kellett elszenvednie a Messi\u00e1snak, hogy bemehessen dics\u0151s\u00e9g\u00e9be?\u201d Azt\u00e1n M\u00f3zesen kezdve valamennyi pr\u00f3f\u00e9t\u00e1b\u00f3l megmagyar\u00e1zta, ami az \u00cdr\u00e1sokban \u0151r\u00f3la sz\u00f3l.<br \/>\nK\u00f6zben oda\u00e9rtek a faluhoz, ahov\u00e1 tartottak. \u00dagy tett, mintha tov\u00e1bb akarna menni. De azok marasztalt\u00e1k \u00e9s k\u00e9rt\u00e9k: \u201eMaradj vel\u00fcnk, mert esteledik, \u00e9s lemen\u0151ben m\u00e1r a nap.\u201d Bet\u00e9rt teh\u00e1t, hogy vel\u00fck maradjon. Amikor asztalhoz \u00fcltek, kez\u00e9be vette a kenyeret, \u00e1ld\u00e1st mondott, megt\u00f6rte, \u00e9s odany\u00fajtotta nekik. Erre megny\u00edlt a szem\u00fck, \u00e9s f\u00f6lismert\u00e9k. De \u0151 elt\u0171nt el\u0151l\u00fck.<br \/>\nAkkor azt mondt\u00e1k egym\u00e1snak: \u201eUgye l\u00e1ngolt a sz\u00edv\u00fcnk, amikor \u00fatk\u00f6zben besz\u00e9lt hozz\u00e1nk, \u00e9s kifejtette az \u00cdr\u00e1sokat?\u201d M\u00e9g abban az \u00f3r\u00e1ban \u00fatra keltek \u00e9s visszat\u00e9rtek Jeruzs\u00e1lembe. Ott egybegy\u0171lve tal\u00e1lt\u00e1k a tizenegyet \u00e9s t\u00e1rsaikat. Azok ezzel fogadt\u00e1k \u0151ket: \u201eVal\u00f3ban felt\u00e1madt az \u00dar, \u00e9s megjelent Simonnak!\u201d Erre \u0151k is elbesz\u00e9lt\u00e9k, mi t\u00f6rt\u00e9nt az \u00faton, \u00e9s hogyan ismert\u00e9k fel J\u00e9zust a keny\u00e9rt\u00f6r\u00e9sben.<br \/>\nEzek az evang\u00e9lium ig\u00e9i.<\/p>\n<p><span style=\"color: #ff0000;\">EGYETEMES K\u00d6NY\u00d6RG\u00c9SEK<\/span><br \/>\nPap: K\u00e9rj\u00fck, testv\u00e9reim, mennyei Aty\u00e1nkat, hogy szent f\u00e9lelemmel \u00e9lj\u00fck f\u00f6ldi v\u00e1ndorl\u00e1sunk idej\u00e9t, \u00e9s Krisztussal egy\u00fctt mi is felt\u00e1madjunk!<br \/>\nLektor: 1. Hogy N. p\u00e1pa, a p\u00fcsp\u00f6k\u00f6k \u00e9s a paps\u00e1g biztosan vezess\u00e9k Isten n\u00e9p\u00e9t az \u00f6r\u00f6k haza fel\u00e9 vezet\u0151 \u00faton!<br \/>\nH\u00edvek: K\u00e9r\u00fcnk t\u00e9ged, hallgass meg minket!<br \/>\n2. Hogy Isten n\u00e9pe mindig felismerje a f\u00f6ldi \u00e9let \u00fatjain k\u00f6zt\u00fcnk j\u00e1r\u00f3 Krisztust!<br \/>\nH\u00edvek: K\u00e9r\u00fcnk t\u00e9ged . . .<br \/>\n3. Hogy a n\u00e9pek vezet\u0151i a helyes \u00fatra ir\u00e1ny\u00edts\u00e1k a r\u00e1juk b\u00edzottakat!<br \/>\nH\u00edvek: K\u00e9r\u00fcnk t\u00e9ged . . .<br \/>\n4. Hogy t\u00e9velyg\u0151 embert\u00e1rsaink r\u00e1tal\u00e1ljanak a fel\u00e9d vezet\u0151 \u00fatra!<br \/>\nH\u00edvek: K\u00e9r\u00fcnk t\u00e9ged . . .<br \/>\n5. Hogy \u00e9let\u00fcnk est\u00e9j\u00e9n Krisztus vel\u00fcnk maradjon, \u00e9s megadja nek\u00fcnk a boldog\u00edt\u00f3 istenl\u00e1t\u00e1s kegyelm\u00e9t!<br \/>\nH\u00edvek: K\u00e9r\u00fcnk t\u00e9ged . . .<br \/>\nPap: Mindenhat\u00f3, \u00f6r\u00f6k Isten! Te ismered minden l\u00e9p\u00e9s\u00fcnket. Seg\u00edts kegyelmeddel, hogy el ne t\u00e9vedj\u00fcnk a f\u00f6ldi \u00e9let zar\u00e1ndok\u00fatj\u00e1n, hanem szent Fiad t\u00e1rsas\u00e1g\u00e1ban biztosan eljussunk hozz\u00e1d. Krisztus, a mi Urunk \u00e1ltal.<br \/>\nH\u00edvek: \u00c1men.<\/p>\n<p><span style=\"color: #ff0000;\">Felaj\u00e1nl\u00f3 k\u00f6ny\u00f6rg\u00e9s:<\/span><br \/>\nK\u00e9r\u00fcnk, Isten\u00fcnk, fogadd el ezeket az adom\u00e1nyokat ujjong\u00f3 Egyh\u00e1zadt\u00f3l, amelynek most ilyen nagy \u00f6r\u00f6met okozt\u00e1l. Add, hogy egykor az \u00f6r\u00f6k boldogs\u00e1got is \u00e9lvezze. Krisztus, a mi Urunk \u00e1ltal.<\/p>\n<p><span style=\"color: #ff0000;\">Pref\u00e1ci\u00f3:<\/span><br \/>\n<em>H\u00daSV\u00c9TI PREF\u00c1CI\u00d3 I.<br \/>\nH\u00fasv\u00e9t szent titka<\/em><\/p>\n<p>Az \u00dar legyen veletek.<br \/>\nH.: \u00c9s a te lelkeddel.<br \/>\nEmelj\u00fck f\u00f6l sz\u00edv\u00fcnket.<br \/>\nH.: F\u00f6lemelt\u00fck az \u00darhoz.<br \/>\nAdjunk h\u00e1l\u00e1t Urunknak, Isten\u00fcnknek.<br \/>\nH.: M\u00e9lt\u00f3 \u00e9s igazs\u00e1gos.<br \/>\n(Mert) Val\u00f3ban m\u00e9lt\u00f3 \u00e9s igazs\u00e1gos, ill\u0151 \u00e9s \u00fcdv\u00f6s, hogy minden id\u0151ben magasztaljunk, Urunk, t\u00e9ged, de k\u00fcl\u00f6n\u00f6sen most, a h\u00fasv\u00e9ti id\u0151ben, \u2013 mid\u0151n \u00e1ldozatt\u00e1 lett \u00e9rt\u00fcnk KRISZtus, a H\u00fasv\u00e9ti B\u00e1r\u00e1ny.<br \/>\nMert \u0151 az igazi B\u00e1r\u00e1ny, aki elvette a vil\u00e1g b\u0171neit, \u2013 hal\u00e1lunkat hal\u00e1l\u00e1val MEGt\u00f6rte, \u00e9s felt\u00e1mad\u00e1s\u00e1val \u00faj \u00e9letet szerzett n\u00e9k\u00fcnk.<br \/>\nA h\u00fasv\u00e9ti \u00f6r\u00f6m ez\u00e9rt ki\u00e1rad az eg\u00e9sz f\u00f6ldre, a nagyvil\u00e1g \u00f6rvendezve ujjong, a mennyei er\u0151k \u00e9s a hatalmas angyalok, \u2013 (a te) dics\u0151s\u00e9ged himnusz\u00e1t ZENgik, \u00e9s v\u00e9g n\u00e9lk\u00fcl mondj\u00e1k: (\u00e9neklik:)<\/p>\n<p><span style=\"color: #ff0000;\">\u00c1ldoz\u00e1si \u00e9nek:<\/span><br \/>\nA tan\u00edtv\u00e1nyok felismert\u00e9k az \u00dar J\u00e9zust a keny\u00e9rt\u00f6r\u00e9skor, alleluja. (Lk 24,35)<\/p>\n<p><span style=\"color: #ff0000;\">\u00c1ldoz\u00e1s ut\u00e1ni k\u00f6ny\u00f6rg\u00e9s:<\/span><br \/>\nUrunk, Isten\u00fcnk, tekints j\u00f3s\u00e1gosan n\u00e9pedre, \u00e9s akiket \u00f6r\u00f6k \u00e9letre sz\u00f3l\u00f3 szents\u00e9geiddel meg\u00faj\u00edtott\u00e1l, azokat juttasd el a megdics\u0151\u00fcl\u0151 test romolhatatlan felt\u00e1mad\u00e1s\u00e1ra. Krisztus, a mi Urunk \u00e1ltal.<\/p>\n<p><em>(K\u00e9p forr\u00e1sa: MTL &#8211; Eislingen &#8211; Egli figur\u00e1k)<\/em><\/p>\n","protected":false},"excerpt":{"rendered":"<p>A. B. Pomeyrol: Emmausz Urunk, mily r\u00e9g\u00f3ta \u00faton vagyunk m\u00e1r, \u00e9s nem ismert\u00fcnk fel t\u00e9ged! Csak ballagtunk egym\u00e1s mellett, a sz\u00edv\u00fcnk tele volt keser\u0171s\u00e9ggel, csal\u00f3d\u00e1ssal, kedvtelens\u00e9ggel, s tele volt k\u00e9ts\u00e9gekkel. Azt mondtuk: \u00cdme v\u00e9ge van nemzet\u00fcnknek, \u00e9s a s\u00edrk\u0151 rem\u00e9ny\u00fcnket is s\u00edrba z\u00e1rta. De most, ezen a hajnalom \u00fajra asztalodhoz h\u00edvt\u00e1l minket! Megt\u00f6r\u00f6d a Kenyeret, megnyitod a szem\u00fcnket, \u00e9s \u00fajra felismer\u00fcnk t\u00e9ged. S ez a nagy bar\u00e1ti k\u00f6z\u00f6ss\u00e9g, mely oly k\u00fcl\u00f6nb\u00f6z\u0151 emberekb\u0151l \u00e1ll, ez a te felt\u00e1madt Tested. Kezd\u0151\u00e9nek: Ujjongj az \u00darnak, f\u00f6ldkereks\u00e9g, nev\u00e9nek f\u00f6ns\u00e9g\u00e9r\u0151l \u00e9nekelj, zengj n\u00e9ki dics\u0151\u00edt\u0151 \u00e9neket, alleluja. (Zsolt 65,1-2) K\u00f6ny\u00f6rg\u00e9s: Isten\u00fcnk, te \u00fagy akartad, hogy n\u00e9ped sz\u00fcntelen\u00fcl vigadozz\u00e9k, mert visszaadtad lelke fiatals\u00e1g\u00e1t. Engedd, hogy akik most a fogadott fi\u00fas\u00e1g dics\u0151s\u00e9g\u00e9nek \u00f6rvendeznek, a biztos rem\u00e9ny \u00f6r\u00f6m\u00e9vel v\u00e1rj\u00e1k a felt\u00e1mad\u00e1s napj\u00e1t. A mi Urunk, J\u00e9zus Krisztus, a te Fiad \u00e1ltal, aki veled \u00e9l \u00e9s uralkodik a Szentl\u00e9lekkel egys\u00e9gben, Isten mind\u00f6r\u00f6kk\u00f6n \u00f6r\u00f6kk\u00e9. OLVASM\u00c1NY Az Apostolok Cselekedeteib\u0151l (ApCsel 2,14.22-28) Lehetetlen volt, hogy a hal\u00e1l fogva tartsa. P\u00fcnk\u00f6sd napj\u00e1n P\u00e9ter a tizenegy k\u00eds\u00e9ret\u00e9ben el\u0151l\u00e9pett, \u00e9s hangos sz\u00f3val \u00edgy besz\u00e9lt: \u201eZsid\u00f3 f\u00e9rfiak \u00e9s Jeruzs\u00e1lem eg\u00e9sz n\u00e9pe! Figyeljetek \u00e9s hallgass\u00e1tok meg szavamat! Izraelita f\u00e9rfiak, fontolj\u00e1tok meg e dolgokat! A n\u00e1z\u00e1reti J\u00e9zust az Isten igazolta el\u0151ttetek, amikor, mint tudj\u00e1tok, \u00e1ltala hatalmas csod\u00e1kat \u00e9s jeleket vitt v\u00e9gbe k\u00f6ztetek. Ezt az embert ti az Isten el\u0151re elhat\u00e1rozott terve szerint kiszolg\u00e1ltatt\u00e1tok, \u00e9s gonosz kezek \u00e1ltal keresztre fesz\u00edtett\u00e9tek, majd meg\u00f6lt\u00e9tek. Isten azonban feloldotta a hal\u00e1l bilincseit \u00e9s felt\u00e1masztotta \u0151t. Lehetetlen is volt, hogy a hal\u00e1l fogva tartsa, hiszen D\u00e1vid \u00edgy j\u00f6vend\u00f6lt r\u00f3la: Szemem el\u0151tt az \u00dar mindenkoron, \u0151 \u00e1ll jobbomon, meg nem inoghatok. \u00d6rvend a sz\u00edvem, az ajkam \u00e9nekel, \u00e9s testem is b\u00e9k\u00e9ben nyugszik el. Lelkemet a holtak hon\u00e1ban nem hagyod, hogy Szented roml\u00e1st l\u00e1sson, nem akarod. Az \u00e9let \u00fatj\u00e1t mutatod meg nekem, sz\u00edned el\u0151tt \u00f6r\u00fclni gy\u00f6ny\u00f6r\u0171s\u00e9gem.\u201d Ez az Isten ig\u00e9je. V\u00c1LASZOS ZSOLT\u00c1R (Zsolt 15,1-2a \u00e9s 5.7-8.9-10.11) V\u00e1lasz:\u00a0Az&#8230; <\/p>\n<p><a class=\"readmore\" href=\"https:\/\/stuttgarti-katolikusok.de\/index.php\/husvet-3-vasarnapja\/\">R\u00e9szletek<\/a><\/p>\n","protected":false},"author":3,"featured_media":26677,"comment_status":"closed","ping_status":"closed","sticky":false,"template":"","format":"standard","meta":{"footnotes":""},"categories":[85,63],"tags":[],"class_list":["post-26676","post","type-post","status-publish","format-standard","has-post-thumbnail","hentry","category-a-liturgia-olvasmanyai","category-vasarnapi-gondolatok"],"yoast_head":"<!-- This site is optimized with the Yoast SEO plugin v27.3 - https:\/\/yoast.com\/product\/yoast-seo-wordpress\/ -->\n<title>H\u00fasv\u00e9t 3. vas\u00e1rnapja - Stuttgarti Katolikusok<\/title>\n<meta name=\"robots\" content=\"index, follow, max-snippet:-1, max-image-preview:large, max-video-preview:-1\" \/>\n<link rel=\"canonical\" href=\"https:\/\/stuttgarti-katolikusok.de\/index.php\/husvet-3-vasarnapja\/\" \/>\n<meta property=\"og:locale\" content=\"hu_HU\" \/>\n<meta property=\"og:type\" content=\"article\" \/>\n<meta property=\"og:title\" content=\"H\u00fasv\u00e9t 3. vas\u00e1rnapja - Stuttgarti Katolikusok\" \/>\n<meta property=\"og:description\" content=\"A. B. Pomeyrol: Emmausz Urunk, mily r\u00e9g\u00f3ta \u00faton vagyunk m\u00e1r, \u00e9s nem ismert\u00fcnk fel t\u00e9ged! Csak ballagtunk egym\u00e1s mellett, a sz\u00edv\u00fcnk tele volt keser\u0171s\u00e9ggel, csal\u00f3d\u00e1ssal, kedvtelens\u00e9ggel, s tele volt k\u00e9ts\u00e9gekkel. Azt mondtuk: \u00cdme v\u00e9ge van nemzet\u00fcnknek, \u00e9s a s\u00edrk\u0151 rem\u00e9ny\u00fcnket is s\u00edrba z\u00e1rta. De most, ezen a hajnalom \u00fajra asztalodhoz h\u00edvt\u00e1l minket! Megt\u00f6r\u00f6d a Kenyeret, megnyitod a szem\u00fcnket, \u00e9s \u00fajra felismer\u00fcnk t\u00e9ged. S ez a nagy bar\u00e1ti k\u00f6z\u00f6ss\u00e9g, mely oly k\u00fcl\u00f6nb\u00f6z\u0151 emberekb\u0151l \u00e1ll, ez a te felt\u00e1madt Tested. Kezd\u0151\u00e9nek: Ujjongj az \u00darnak, f\u00f6ldkereks\u00e9g, nev\u00e9nek f\u00f6ns\u00e9g\u00e9r\u0151l \u00e9nekelj, zengj n\u00e9ki dics\u0151\u00edt\u0151 \u00e9neket, alleluja. (Zsolt 65,1-2) K\u00f6ny\u00f6rg\u00e9s: Isten\u00fcnk, te \u00fagy akartad, hogy n\u00e9ped sz\u00fcntelen\u00fcl vigadozz\u00e9k, mert visszaadtad lelke fiatals\u00e1g\u00e1t. Engedd, hogy akik most a fogadott fi\u00fas\u00e1g dics\u0151s\u00e9g\u00e9nek \u00f6rvendeznek, a biztos rem\u00e9ny \u00f6r\u00f6m\u00e9vel v\u00e1rj\u00e1k a felt\u00e1mad\u00e1s napj\u00e1t. A mi Urunk, J\u00e9zus Krisztus, a te Fiad \u00e1ltal, aki veled \u00e9l \u00e9s uralkodik a Szentl\u00e9lekkel egys\u00e9gben, Isten mind\u00f6r\u00f6kk\u00f6n \u00f6r\u00f6kk\u00e9. OLVASM\u00c1NY Az Apostolok Cselekedeteib\u0151l (ApCsel 2,14.22-28) Lehetetlen volt, hogy a hal\u00e1l fogva tartsa. P\u00fcnk\u00f6sd napj\u00e1n P\u00e9ter a tizenegy k\u00eds\u00e9ret\u00e9ben el\u0151l\u00e9pett, \u00e9s hangos sz\u00f3val \u00edgy besz\u00e9lt: \u201eZsid\u00f3 f\u00e9rfiak \u00e9s Jeruzs\u00e1lem eg\u00e9sz n\u00e9pe! Figyeljetek \u00e9s hallgass\u00e1tok meg szavamat! Izraelita f\u00e9rfiak, fontolj\u00e1tok meg e dolgokat! A n\u00e1z\u00e1reti J\u00e9zust az Isten igazolta el\u0151ttetek, amikor, mint tudj\u00e1tok, \u00e1ltala hatalmas csod\u00e1kat \u00e9s jeleket vitt v\u00e9gbe k\u00f6ztetek. Ezt az embert ti az Isten el\u0151re elhat\u00e1rozott terve szerint kiszolg\u00e1ltatt\u00e1tok, \u00e9s gonosz kezek \u00e1ltal keresztre fesz\u00edtett\u00e9tek, majd meg\u00f6lt\u00e9tek. Isten azonban feloldotta a hal\u00e1l bilincseit \u00e9s felt\u00e1masztotta \u0151t. Lehetetlen is volt, hogy a hal\u00e1l fogva tartsa, hiszen D\u00e1vid \u00edgy j\u00f6vend\u00f6lt r\u00f3la: Szemem el\u0151tt az \u00dar mindenkoron, \u0151 \u00e1ll jobbomon, meg nem inoghatok. \u00d6rvend a sz\u00edvem, az ajkam \u00e9nekel, \u00e9s testem is b\u00e9k\u00e9ben nyugszik el. Lelkemet a holtak hon\u00e1ban nem hagyod, hogy Szented roml\u00e1st l\u00e1sson, nem akarod. Az \u00e9let \u00fatj\u00e1t mutatod meg nekem, sz\u00edned el\u0151tt \u00f6r\u00fclni gy\u00f6ny\u00f6r\u0171s\u00e9gem.\u201d Ez az Isten ig\u00e9je. V\u00c1LASZOS ZSOLT\u00c1R (Zsolt 15,1-2a \u00e9s 5.7-8.9-10.11) V\u00e1lasz:\u00a0Az... R\u00e9szletek\" \/>\n<meta property=\"og:url\" content=\"https:\/\/stuttgarti-katolikusok.de\/index.php\/husvet-3-vasarnapja\/\" \/>\n<meta property=\"og:site_name\" content=\"Stuttgarti Katolikusok\" \/>\n<meta property=\"article:published_time\" content=\"2023-04-22T09:01:15+00:00\" \/>\n<meta property=\"article:modified_time\" content=\"2026-04-18T21:33:54+00:00\" \/>\n<meta property=\"og:image\" content=\"https:\/\/stuttgarti-katolikusok.de\/wp-content\/uploads\/2023\/04\/eislingen-emmausz.jpg\" \/>\n\t<meta property=\"og:image:width\" content=\"1976\" \/>\n\t<meta property=\"og:image:height\" content=\"1100\" \/>\n\t<meta property=\"og:image:type\" content=\"image\/jpeg\" \/>\n<meta name=\"author\" content=\"Tibor atya\" \/>\n<meta name=\"twitter:card\" content=\"summary_large_image\" \/>\n<meta name=\"twitter:label1\" content=\"Szerz\u0151:\" \/>\n\t<meta name=\"twitter:data1\" content=\"Tibor atya\" \/>\n\t<meta name=\"twitter:label2\" content=\"Becs\u00fclt olvas\u00e1si id\u0151\" \/>\n\t<meta name=\"twitter:data2\" content=\"8 perc\" \/>\n<script type=\"application\/ld+json\" class=\"yoast-schema-graph\">{\"@context\":\"https:\\\/\\\/schema.org\",\"@graph\":[{\"@type\":\"Article\",\"@id\":\"https:\\\/\\\/stuttgarti-katolikusok.de\\\/index.php\\\/husvet-3-vasarnapja\\\/#article\",\"isPartOf\":{\"@id\":\"https:\\\/\\\/stuttgarti-katolikusok.de\\\/index.php\\\/husvet-3-vasarnapja\\\/\"},\"author\":{\"name\":\"Tibor atya\",\"@id\":\"https:\\\/\\\/stuttgarti-katolikusok.de\\\/#\\\/schema\\\/person\\\/75908d6f8fdc03a57889d27209df7795\"},\"headline\":\"H\u00fasv\u00e9t 3. vas\u00e1rnapja\",\"datePublished\":\"2023-04-22T09:01:15+00:00\",\"dateModified\":\"2026-04-18T21:33:54+00:00\",\"mainEntityOfPage\":{\"@id\":\"https:\\\/\\\/stuttgarti-katolikusok.de\\\/index.php\\\/husvet-3-vasarnapja\\\/\"},\"wordCount\":1885,\"image\":{\"@id\":\"https:\\\/\\\/stuttgarti-katolikusok.de\\\/index.php\\\/husvet-3-vasarnapja\\\/#primaryimage\"},\"thumbnailUrl\":\"https:\\\/\\\/stuttgarti-katolikusok.de\\\/wp-content\\\/uploads\\\/2023\\\/04\\\/eislingen-emmausz.jpg\",\"articleSection\":[\"A liturgia olvasm\u00e1nyai\",\"Vas\u00e1rnapi gondolatok\"],\"inLanguage\":\"hu\"},{\"@type\":\"WebPage\",\"@id\":\"https:\\\/\\\/stuttgarti-katolikusok.de\\\/index.php\\\/husvet-3-vasarnapja\\\/\",\"url\":\"https:\\\/\\\/stuttgarti-katolikusok.de\\\/index.php\\\/husvet-3-vasarnapja\\\/\",\"name\":\"H\u00fasv\u00e9t 3. vas\u00e1rnapja - Stuttgarti Katolikusok\",\"isPartOf\":{\"@id\":\"https:\\\/\\\/stuttgarti-katolikusok.de\\\/#website\"},\"primaryImageOfPage\":{\"@id\":\"https:\\\/\\\/stuttgarti-katolikusok.de\\\/index.php\\\/husvet-3-vasarnapja\\\/#primaryimage\"},\"image\":{\"@id\":\"https:\\\/\\\/stuttgarti-katolikusok.de\\\/index.php\\\/husvet-3-vasarnapja\\\/#primaryimage\"},\"thumbnailUrl\":\"https:\\\/\\\/stuttgarti-katolikusok.de\\\/wp-content\\\/uploads\\\/2023\\\/04\\\/eislingen-emmausz.jpg\",\"datePublished\":\"2023-04-22T09:01:15+00:00\",\"dateModified\":\"2026-04-18T21:33:54+00:00\",\"author\":{\"@id\":\"https:\\\/\\\/stuttgarti-katolikusok.de\\\/#\\\/schema\\\/person\\\/75908d6f8fdc03a57889d27209df7795\"},\"breadcrumb\":{\"@id\":\"https:\\\/\\\/stuttgarti-katolikusok.de\\\/index.php\\\/husvet-3-vasarnapja\\\/#breadcrumb\"},\"inLanguage\":\"hu\",\"potentialAction\":[{\"@type\":\"ReadAction\",\"target\":[\"https:\\\/\\\/stuttgarti-katolikusok.de\\\/index.php\\\/husvet-3-vasarnapja\\\/\"]}]},{\"@type\":\"ImageObject\",\"inLanguage\":\"hu\",\"@id\":\"https:\\\/\\\/stuttgarti-katolikusok.de\\\/index.php\\\/husvet-3-vasarnapja\\\/#primaryimage\",\"url\":\"https:\\\/\\\/stuttgarti-katolikusok.de\\\/wp-content\\\/uploads\\\/2023\\\/04\\\/eislingen-emmausz.jpg\",\"contentUrl\":\"https:\\\/\\\/stuttgarti-katolikusok.de\\\/wp-content\\\/uploads\\\/2023\\\/04\\\/eislingen-emmausz.jpg\",\"width\":1976,\"height\":1100},{\"@type\":\"BreadcrumbList\",\"@id\":\"https:\\\/\\\/stuttgarti-katolikusok.de\\\/index.php\\\/husvet-3-vasarnapja\\\/#breadcrumb\",\"itemListElement\":[{\"@type\":\"ListItem\",\"position\":1,\"name\":\"Kezd\u0151lap\",\"item\":\"https:\\\/\\\/stuttgarti-katolikusok.de\\\/\"},{\"@type\":\"ListItem\",\"position\":2,\"name\":\"H\u00fasv\u00e9t 3. vas\u00e1rnapja\"}]},{\"@type\":\"WebSite\",\"@id\":\"https:\\\/\\\/stuttgarti-katolikusok.de\\\/#website\",\"url\":\"https:\\\/\\\/stuttgarti-katolikusok.de\\\/\",\"name\":\"Stuttgarti Katolikusok\",\"description\":\"\",\"potentialAction\":[{\"@type\":\"SearchAction\",\"target\":{\"@type\":\"EntryPoint\",\"urlTemplate\":\"https:\\\/\\\/stuttgarti-katolikusok.de\\\/?s={search_term_string}\"},\"query-input\":{\"@type\":\"PropertyValueSpecification\",\"valueRequired\":true,\"valueName\":\"search_term_string\"}}],\"inLanguage\":\"hu\"},{\"@type\":\"Person\",\"@id\":\"https:\\\/\\\/stuttgarti-katolikusok.de\\\/#\\\/schema\\\/person\\\/75908d6f8fdc03a57889d27209df7795\",\"name\":\"Tibor atya\",\"image\":{\"@type\":\"ImageObject\",\"inLanguage\":\"hu\",\"@id\":\"https:\\\/\\\/secure.gravatar.com\\\/avatar\\\/61d268e57d1f4525b111222e29d2d5a7f8c420fdbf231ba5566a8ceac74fa960?s=96&d=mm&r=g\",\"url\":\"https:\\\/\\\/secure.gravatar.com\\\/avatar\\\/61d268e57d1f4525b111222e29d2d5a7f8c420fdbf231ba5566a8ceac74fa960?s=96&d=mm&r=g\",\"contentUrl\":\"https:\\\/\\\/secure.gravatar.com\\\/avatar\\\/61d268e57d1f4525b111222e29d2d5a7f8c420fdbf231ba5566a8ceac74fa960?s=96&d=mm&r=g\",\"caption\":\"Tibor atya\"},\"url\":\"https:\\\/\\\/stuttgarti-katolikusok.de\\\/index.php\\\/author\\\/tibor-atya\\\/\"}]}<\/script>\n<!-- \/ Yoast SEO plugin. -->","yoast_head_json":{"title":"H\u00fasv\u00e9t 3. vas\u00e1rnapja - Stuttgarti Katolikusok","robots":{"index":"index","follow":"follow","max-snippet":"max-snippet:-1","max-image-preview":"max-image-preview:large","max-video-preview":"max-video-preview:-1"},"canonical":"https:\/\/stuttgarti-katolikusok.de\/index.php\/husvet-3-vasarnapja\/","og_locale":"hu_HU","og_type":"article","og_title":"H\u00fasv\u00e9t 3. vas\u00e1rnapja - Stuttgarti Katolikusok","og_description":"A. B. Pomeyrol: Emmausz Urunk, mily r\u00e9g\u00f3ta \u00faton vagyunk m\u00e1r, \u00e9s nem ismert\u00fcnk fel t\u00e9ged! Csak ballagtunk egym\u00e1s mellett, a sz\u00edv\u00fcnk tele volt keser\u0171s\u00e9ggel, csal\u00f3d\u00e1ssal, kedvtelens\u00e9ggel, s tele volt k\u00e9ts\u00e9gekkel. Azt mondtuk: \u00cdme v\u00e9ge van nemzet\u00fcnknek, \u00e9s a s\u00edrk\u0151 rem\u00e9ny\u00fcnket is s\u00edrba z\u00e1rta. De most, ezen a hajnalom \u00fajra asztalodhoz h\u00edvt\u00e1l minket! Megt\u00f6r\u00f6d a Kenyeret, megnyitod a szem\u00fcnket, \u00e9s \u00fajra felismer\u00fcnk t\u00e9ged. S ez a nagy bar\u00e1ti k\u00f6z\u00f6ss\u00e9g, mely oly k\u00fcl\u00f6nb\u00f6z\u0151 emberekb\u0151l \u00e1ll, ez a te felt\u00e1madt Tested. Kezd\u0151\u00e9nek: Ujjongj az \u00darnak, f\u00f6ldkereks\u00e9g, nev\u00e9nek f\u00f6ns\u00e9g\u00e9r\u0151l \u00e9nekelj, zengj n\u00e9ki dics\u0151\u00edt\u0151 \u00e9neket, alleluja. (Zsolt 65,1-2) K\u00f6ny\u00f6rg\u00e9s: Isten\u00fcnk, te \u00fagy akartad, hogy n\u00e9ped sz\u00fcntelen\u00fcl vigadozz\u00e9k, mert visszaadtad lelke fiatals\u00e1g\u00e1t. Engedd, hogy akik most a fogadott fi\u00fas\u00e1g dics\u0151s\u00e9g\u00e9nek \u00f6rvendeznek, a biztos rem\u00e9ny \u00f6r\u00f6m\u00e9vel v\u00e1rj\u00e1k a felt\u00e1mad\u00e1s napj\u00e1t. A mi Urunk, J\u00e9zus Krisztus, a te Fiad \u00e1ltal, aki veled \u00e9l \u00e9s uralkodik a Szentl\u00e9lekkel egys\u00e9gben, Isten mind\u00f6r\u00f6kk\u00f6n \u00f6r\u00f6kk\u00e9. OLVASM\u00c1NY Az Apostolok Cselekedeteib\u0151l (ApCsel 2,14.22-28) Lehetetlen volt, hogy a hal\u00e1l fogva tartsa. P\u00fcnk\u00f6sd napj\u00e1n P\u00e9ter a tizenegy k\u00eds\u00e9ret\u00e9ben el\u0151l\u00e9pett, \u00e9s hangos sz\u00f3val \u00edgy besz\u00e9lt: \u201eZsid\u00f3 f\u00e9rfiak \u00e9s Jeruzs\u00e1lem eg\u00e9sz n\u00e9pe! Figyeljetek \u00e9s hallgass\u00e1tok meg szavamat! Izraelita f\u00e9rfiak, fontolj\u00e1tok meg e dolgokat! A n\u00e1z\u00e1reti J\u00e9zust az Isten igazolta el\u0151ttetek, amikor, mint tudj\u00e1tok, \u00e1ltala hatalmas csod\u00e1kat \u00e9s jeleket vitt v\u00e9gbe k\u00f6ztetek. Ezt az embert ti az Isten el\u0151re elhat\u00e1rozott terve szerint kiszolg\u00e1ltatt\u00e1tok, \u00e9s gonosz kezek \u00e1ltal keresztre fesz\u00edtett\u00e9tek, majd meg\u00f6lt\u00e9tek. Isten azonban feloldotta a hal\u00e1l bilincseit \u00e9s felt\u00e1masztotta \u0151t. Lehetetlen is volt, hogy a hal\u00e1l fogva tartsa, hiszen D\u00e1vid \u00edgy j\u00f6vend\u00f6lt r\u00f3la: Szemem el\u0151tt az \u00dar mindenkoron, \u0151 \u00e1ll jobbomon, meg nem inoghatok. \u00d6rvend a sz\u00edvem, az ajkam \u00e9nekel, \u00e9s testem is b\u00e9k\u00e9ben nyugszik el. Lelkemet a holtak hon\u00e1ban nem hagyod, hogy Szented roml\u00e1st l\u00e1sson, nem akarod. Az \u00e9let \u00fatj\u00e1t mutatod meg nekem, sz\u00edned el\u0151tt \u00f6r\u00fclni gy\u00f6ny\u00f6r\u0171s\u00e9gem.\u201d Ez az Isten ig\u00e9je. V\u00c1LASZOS ZSOLT\u00c1R (Zsolt 15,1-2a \u00e9s 5.7-8.9-10.11) V\u00e1lasz:\u00a0Az... R\u00e9szletek","og_url":"https:\/\/stuttgarti-katolikusok.de\/index.php\/husvet-3-vasarnapja\/","og_site_name":"Stuttgarti Katolikusok","article_published_time":"2023-04-22T09:01:15+00:00","article_modified_time":"2026-04-18T21:33:54+00:00","og_image":[{"width":1976,"height":1100,"url":"https:\/\/stuttgarti-katolikusok.de\/wp-content\/uploads\/2023\/04\/eislingen-emmausz.jpg","type":"image\/jpeg"}],"author":"Tibor atya","twitter_card":"summary_large_image","twitter_misc":{"Szerz\u0151:":"Tibor atya","Becs\u00fclt olvas\u00e1si id\u0151":"8 perc"},"schema":{"@context":"https:\/\/schema.org","@graph":[{"@type":"Article","@id":"https:\/\/stuttgarti-katolikusok.de\/index.php\/husvet-3-vasarnapja\/#article","isPartOf":{"@id":"https:\/\/stuttgarti-katolikusok.de\/index.php\/husvet-3-vasarnapja\/"},"author":{"name":"Tibor atya","@id":"https:\/\/stuttgarti-katolikusok.de\/#\/schema\/person\/75908d6f8fdc03a57889d27209df7795"},"headline":"H\u00fasv\u00e9t 3. vas\u00e1rnapja","datePublished":"2023-04-22T09:01:15+00:00","dateModified":"2026-04-18T21:33:54+00:00","mainEntityOfPage":{"@id":"https:\/\/stuttgarti-katolikusok.de\/index.php\/husvet-3-vasarnapja\/"},"wordCount":1885,"image":{"@id":"https:\/\/stuttgarti-katolikusok.de\/index.php\/husvet-3-vasarnapja\/#primaryimage"},"thumbnailUrl":"https:\/\/stuttgarti-katolikusok.de\/wp-content\/uploads\/2023\/04\/eislingen-emmausz.jpg","articleSection":["A liturgia olvasm\u00e1nyai","Vas\u00e1rnapi gondolatok"],"inLanguage":"hu"},{"@type":"WebPage","@id":"https:\/\/stuttgarti-katolikusok.de\/index.php\/husvet-3-vasarnapja\/","url":"https:\/\/stuttgarti-katolikusok.de\/index.php\/husvet-3-vasarnapja\/","name":"H\u00fasv\u00e9t 3. vas\u00e1rnapja - Stuttgarti Katolikusok","isPartOf":{"@id":"https:\/\/stuttgarti-katolikusok.de\/#website"},"primaryImageOfPage":{"@id":"https:\/\/stuttgarti-katolikusok.de\/index.php\/husvet-3-vasarnapja\/#primaryimage"},"image":{"@id":"https:\/\/stuttgarti-katolikusok.de\/index.php\/husvet-3-vasarnapja\/#primaryimage"},"thumbnailUrl":"https:\/\/stuttgarti-katolikusok.de\/wp-content\/uploads\/2023\/04\/eislingen-emmausz.jpg","datePublished":"2023-04-22T09:01:15+00:00","dateModified":"2026-04-18T21:33:54+00:00","author":{"@id":"https:\/\/stuttgarti-katolikusok.de\/#\/schema\/person\/75908d6f8fdc03a57889d27209df7795"},"breadcrumb":{"@id":"https:\/\/stuttgarti-katolikusok.de\/index.php\/husvet-3-vasarnapja\/#breadcrumb"},"inLanguage":"hu","potentialAction":[{"@type":"ReadAction","target":["https:\/\/stuttgarti-katolikusok.de\/index.php\/husvet-3-vasarnapja\/"]}]},{"@type":"ImageObject","inLanguage":"hu","@id":"https:\/\/stuttgarti-katolikusok.de\/index.php\/husvet-3-vasarnapja\/#primaryimage","url":"https:\/\/stuttgarti-katolikusok.de\/wp-content\/uploads\/2023\/04\/eislingen-emmausz.jpg","contentUrl":"https:\/\/stuttgarti-katolikusok.de\/wp-content\/uploads\/2023\/04\/eislingen-emmausz.jpg","width":1976,"height":1100},{"@type":"BreadcrumbList","@id":"https:\/\/stuttgarti-katolikusok.de\/index.php\/husvet-3-vasarnapja\/#breadcrumb","itemListElement":[{"@type":"ListItem","position":1,"name":"Kezd\u0151lap","item":"https:\/\/stuttgarti-katolikusok.de\/"},{"@type":"ListItem","position":2,"name":"H\u00fasv\u00e9t 3. vas\u00e1rnapja"}]},{"@type":"WebSite","@id":"https:\/\/stuttgarti-katolikusok.de\/#website","url":"https:\/\/stuttgarti-katolikusok.de\/","name":"Stuttgarti Katolikusok","description":"","potentialAction":[{"@type":"SearchAction","target":{"@type":"EntryPoint","urlTemplate":"https:\/\/stuttgarti-katolikusok.de\/?s={search_term_string}"},"query-input":{"@type":"PropertyValueSpecification","valueRequired":true,"valueName":"search_term_string"}}],"inLanguage":"hu"},{"@type":"Person","@id":"https:\/\/stuttgarti-katolikusok.de\/#\/schema\/person\/75908d6f8fdc03a57889d27209df7795","name":"Tibor atya","image":{"@type":"ImageObject","inLanguage":"hu","@id":"https:\/\/secure.gravatar.com\/avatar\/61d268e57d1f4525b111222e29d2d5a7f8c420fdbf231ba5566a8ceac74fa960?s=96&d=mm&r=g","url":"https:\/\/secure.gravatar.com\/avatar\/61d268e57d1f4525b111222e29d2d5a7f8c420fdbf231ba5566a8ceac74fa960?s=96&d=mm&r=g","contentUrl":"https:\/\/secure.gravatar.com\/avatar\/61d268e57d1f4525b111222e29d2d5a7f8c420fdbf231ba5566a8ceac74fa960?s=96&d=mm&r=g","caption":"Tibor atya"},"url":"https:\/\/stuttgarti-katolikusok.de\/index.php\/author\/tibor-atya\/"}]}},"_links":{"self":[{"href":"https:\/\/stuttgarti-katolikusok.de\/index.php\/wp-json\/wp\/v2\/posts\/26676","targetHints":{"allow":["GET"]}}],"collection":[{"href":"https:\/\/stuttgarti-katolikusok.de\/index.php\/wp-json\/wp\/v2\/posts"}],"about":[{"href":"https:\/\/stuttgarti-katolikusok.de\/index.php\/wp-json\/wp\/v2\/types\/post"}],"author":[{"embeddable":true,"href":"https:\/\/stuttgarti-katolikusok.de\/index.php\/wp-json\/wp\/v2\/users\/3"}],"replies":[{"embeddable":true,"href":"https:\/\/stuttgarti-katolikusok.de\/index.php\/wp-json\/wp\/v2\/comments?post=26676"}],"version-history":[{"count":4,"href":"https:\/\/stuttgarti-katolikusok.de\/index.php\/wp-json\/wp\/v2\/posts\/26676\/revisions"}],"predecessor-version":[{"id":33144,"href":"https:\/\/stuttgarti-katolikusok.de\/index.php\/wp-json\/wp\/v2\/posts\/26676\/revisions\/33144"}],"wp:featuredmedia":[{"embeddable":true,"href":"https:\/\/stuttgarti-katolikusok.de\/index.php\/wp-json\/wp\/v2\/media\/26677"}],"wp:attachment":[{"href":"https:\/\/stuttgarti-katolikusok.de\/index.php\/wp-json\/wp\/v2\/media?parent=26676"}],"wp:term":[{"taxonomy":"category","embeddable":true,"href":"https:\/\/stuttgarti-katolikusok.de\/index.php\/wp-json\/wp\/v2\/categories?post=26676"},{"taxonomy":"post_tag","embeddable":true,"href":"https:\/\/stuttgarti-katolikusok.de\/index.php\/wp-json\/wp\/v2\/tags?post=26676"}],"curies":[{"name":"wp","href":"https:\/\/api.w.org\/{rel}","templated":true}]}}