{"id":26644,"date":"2023-04-17T23:55:07","date_gmt":"2023-04-17T21:55:07","guid":{"rendered":"https:\/\/stuttgarti-katolikusok.de\/?p=26644"},"modified":"2023-04-17T23:56:12","modified_gmt":"2023-04-17T21:56:12","slug":"2023-aprilis-17-es-23-kozott","status":"publish","type":"post","link":"https:\/\/stuttgarti-katolikusok.de\/index.php\/2023-aprilis-17-es-23-kozott\/","title":{"rendered":"2023. \u00c1PRILIS 17 \u00c9S 23 K\u00d6Z\u00d6TT"},"content":{"rendered":"<p><span style=\"color: #ff6600;\"><strong><em>Programel\u0151zetes<\/em><\/strong><\/span><\/p>\n<p style=\"text-align: center;\"><strong><span style=\"color: #ff6600;\"><em>\u00a0<\/em>*<\/span><\/strong><\/p>\n<p><strong>\u00c1prilis 20-\u00e1n<\/strong>, cs\u00fct\u00f6rt\u00f6k\u00f6n<em>, <strong>Weingarteni d\u00e9lut\u00e1n<\/strong>, a 14 Nothelfer Kapelle-<\/em>ben 17.30 \u00f3rakor<em> r\u00f3zsaf\u00fcz\u00e9rt im\u00e1dkozunk, <\/em>ezt k\u00f6vet\u0151en<em> szentmise, <\/em>keret\u00e9ben<em> Besz\u00e9lget\u00e9sek a Katekizmusr\u00f3l.<\/em><\/p>\n<p style=\"text-align: center;\"><strong><span style=\"color: #ff6600;\"><em>\u00a0*<\/em><\/span><\/strong><\/p>\n<p><strong>\u00c1prilis 21-\u00e9n, <\/strong>p\u00e9nteken<em>, <strong>Stuttgarti d\u00e9lut\u00e1n, <\/strong><\/em>17.30 \u00f3rakor<em> szentmise, <\/em>el\u0151tte <em>r\u00f3zsaf\u00fcz\u00e9rt im\u00e1dkozunk, <\/em>szentmise ut\u00e1n<em> Bar\u00e1ts\u00e1gklub.<\/em><\/p>\n<p><a href=\"https:\/\/stuttgarti-katolikusok.de\/wp-content\/uploads\/2023\/04\/klubquiz0421hatter.jpg\"><img loading=\"lazy\" decoding=\"async\" class=\"alignnone size-full wp-image-26654\" src=\"https:\/\/stuttgarti-katolikusok.de\/wp-content\/uploads\/2023\/04\/klubquiz0421hatter.jpg\" alt=\"\" width=\"1654\" height=\"2339\" srcset=\"https:\/\/stuttgarti-katolikusok.de\/wp-content\/uploads\/2023\/04\/klubquiz0421hatter.jpg 1654w, https:\/\/stuttgarti-katolikusok.de\/wp-content\/uploads\/2023\/04\/klubquiz0421hatter-212x300.jpg 212w, https:\/\/stuttgarti-katolikusok.de\/wp-content\/uploads\/2023\/04\/klubquiz0421hatter-724x1024.jpg 724w, https:\/\/stuttgarti-katolikusok.de\/wp-content\/uploads\/2023\/04\/klubquiz0421hatter-1086x1536.jpg 1086w, https:\/\/stuttgarti-katolikusok.de\/wp-content\/uploads\/2023\/04\/klubquiz0421hatter-1448x2048.jpg 1448w\" sizes=\"auto, (max-width: 1654px) 100vw, 1654px\" \/><\/a><\/p>\n<p style=\"text-align: center;\"><em>\u00a0<span style=\"color: #ff6600;\"><strong>*<\/strong><\/span><\/em><\/p>\n<p><strong>\u00c1prilis 22-\u00e9n<\/strong>, szombaton,<strong> Tuttlingenben<\/strong> 16.00 \u00f3rakor <em>szentmise, <\/em>ut\u00e1na <em>agap\u00e9 <\/em>(egy a k\u00f6zelben l\u00e9v\u0151 helyen).<\/p>\n<p style=\"text-align: center;\"><strong><span style=\"color: #ff6600;\"><em>\u00a0*<\/em><\/span><\/strong><\/p>\n<p><strong>\u00c1prilis 23-\u00e1n<em>,<\/em><\/strong> <span style=\"color: #ff6600;\"><strong><em>H\u00fasv\u00e9t 3. vas\u00e1rnapja<\/em><\/strong><\/span><em>,<\/em><\/p>\n<p><strong>B\u00f6blingenbenben <\/strong>9.30 \u00f3rakor<em> szentmise, <\/em>ut\u00e1na <em>agap\u00e9,<\/em><\/p>\n<p><strong>Heilbronnban <\/strong>15.30 \u00f3rakor<em> b\u00facs\u00fas-szentmise,<strong> Szent Adalbert p\u00fcsp\u00f6k\u00f6t k\u00f6sz\u00f6ntj\u00fck<\/strong><\/em>, ut\u00e1na <em>agap\u00e9.<\/em><\/p>\n<p style=\"text-align: center;\"><a href=\"https:\/\/stuttgarti-katolikusok.de\/wp-content\/uploads\/2023\/04\/szent-adalbert-psk-foto.png\"><img loading=\"lazy\" decoding=\"async\" class=\"alignnone size-full wp-image-26655\" src=\"https:\/\/stuttgarti-katolikusok.de\/wp-content\/uploads\/2023\/04\/szent-adalbert-psk-foto.png\" alt=\"\" width=\"295\" height=\"877\" srcset=\"https:\/\/stuttgarti-katolikusok.de\/wp-content\/uploads\/2023\/04\/szent-adalbert-psk-foto.png 295w, https:\/\/stuttgarti-katolikusok.de\/wp-content\/uploads\/2023\/04\/szent-adalbert-psk-foto-101x300.png 101w\" sizes=\"auto, (max-width: 295px) 100vw, 295px\" \/><\/a><\/p>\n<p style=\"text-align: center;\"><span style=\"color: #ff6600;\"><strong><em>\u00a0*<\/em><\/strong><\/span><\/p>\n<p>Minden helyen mindenkit szeretettel v\u00e1r a k\u00f6z\u00f6ss\u00e9g \u00e9s Tibor atya!<\/p>\n<p style=\"text-align: center;\"><strong><span style=\"color: #ff6600;\">*<\/span><\/strong><\/p>\n<p><a href=\"https:\/\/stuttgarti-katolikusok.de\/wp-content\/uploads\/2023\/04\/eislingen-feltamadas.jpg\"><img loading=\"lazy\" decoding=\"async\" class=\"alignnone size-full wp-image-26645\" src=\"https:\/\/stuttgarti-katolikusok.de\/wp-content\/uploads\/2023\/04\/eislingen-feltamadas.jpg\" alt=\"\" width=\"1482\" height=\"2048\" srcset=\"https:\/\/stuttgarti-katolikusok.de\/wp-content\/uploads\/2023\/04\/eislingen-feltamadas.jpg 1482w, https:\/\/stuttgarti-katolikusok.de\/wp-content\/uploads\/2023\/04\/eislingen-feltamadas-217x300.jpg 217w, https:\/\/stuttgarti-katolikusok.de\/wp-content\/uploads\/2023\/04\/eislingen-feltamadas-741x1024.jpg 741w, https:\/\/stuttgarti-katolikusok.de\/wp-content\/uploads\/2023\/04\/eislingen-feltamadas-1112x1536.jpg 1112w\" sizes=\"auto, (max-width: 1482px) 100vw, 1482px\" \/><\/a><\/p>\n<p style=\"text-align: center;\"><em>(Eislingen \u2013 XV. \u00e1llom\u00e1s &#8211; Krisztus felt\u00e1mad\u00e1sa)<\/em><\/p>\n<p style=\"text-align: center;\"><span style=\"color: #ff6600;\"><strong><em>*<\/em><\/strong><\/span><\/p>\n<p><span style=\"color: #ff6600;\"><strong><em>Kegyelemteljes h\u00fasv\u00e9ti napokat, tartalmas besz\u00e9lget\u00e9seket \u00e9s \u00f6r\u00f6mteli tal\u00e1lkoz\u00e1sokat k\u00edv\u00e1nunk minden Kedves H\u00edv\u00fcnknek!<\/em><\/strong><\/span><\/p>\n<p style=\"text-align: center;\"><span style=\"color: #ff6600;\"><strong><em>*<\/em><\/strong><\/span><\/p>\n<p><strong><em><span style=\"color: #ff6600;\">\u201eIsten Orsz\u00e1g\u00e1ban megsz\u0171nnek az egy\u00e9n hat\u00e1rvonalai. Mindazt, amit eddig csak t\u00fck\u00f6r \u00e1ltal hom\u00e1lyosan tal\u00e1lgattunk, imm\u00e1r l\u00e1tni \u00e9s tudni fogjuk. Isten a vil\u00e1g l\u00e9nyeg\u00e9nek az \u00e1lland\u00f3s\u00e1ga nem zaj, hanem Csend.\u201d<\/span> <\/em><\/strong><em>(Csermely P\u00e9ter \u2013 kutat\u00f3, biok\u00e9mikus \u2013 1958 -)<\/em><\/p>\n<p><em>(K\u00e9p forr\u00e1sa: MTL) &#8211; (Nyit\u00f3k\u00e9p: Eislingen)<\/em><\/p>\n","protected":false},"excerpt":{"rendered":"<p>Programel\u0151zetes \u00a0* \u00c1prilis 20-\u00e1n, cs\u00fct\u00f6rt\u00f6k\u00f6n, Weingarteni d\u00e9lut\u00e1n, a 14 Nothelfer Kapelle-ben 17.30 \u00f3rakor r\u00f3zsaf\u00fcz\u00e9rt im\u00e1dkozunk, ezt k\u00f6vet\u0151en szentmise, keret\u00e9ben Besz\u00e9lget\u00e9sek a Katekizmusr\u00f3l. \u00a0* \u00c1prilis 21-\u00e9n, p\u00e9nteken, Stuttgarti d\u00e9lut\u00e1n, 17.30 \u00f3rakor szentmise, el\u0151tte r\u00f3zsaf\u00fcz\u00e9rt im\u00e1dkozunk, szentmise ut\u00e1n Bar\u00e1ts\u00e1gklub. \u00a0* \u00c1prilis 22-\u00e9n, szombaton, Tuttlingenben 16.00 \u00f3rakor szentmise, ut\u00e1na agap\u00e9 (egy a k\u00f6zelben l\u00e9v\u0151 helyen). \u00a0* \u00c1prilis 23-\u00e1n, H\u00fasv\u00e9t 3. vas\u00e1rnapja, B\u00f6blingenbenben 9.30 \u00f3rakor szentmise, ut\u00e1na agap\u00e9, Heilbronnban 15.30 \u00f3rakor b\u00facs\u00fas-szentmise, Szent Adalbert p\u00fcsp\u00f6k\u00f6t k\u00f6sz\u00f6ntj\u00fck, ut\u00e1na agap\u00e9. \u00a0* Minden helyen mindenkit szeretettel v\u00e1r a k\u00f6z\u00f6ss\u00e9g \u00e9s Tibor atya! * (Eislingen \u2013 XV. \u00e1llom\u00e1s &#8211; Krisztus felt\u00e1mad\u00e1sa) * Kegyelemteljes h\u00fasv\u00e9ti napokat, tartalmas besz\u00e9lget\u00e9seket \u00e9s \u00f6r\u00f6mteli tal\u00e1lkoz\u00e1sokat k\u00edv\u00e1nunk minden Kedves H\u00edv\u00fcnknek! * \u201eIsten Orsz\u00e1g\u00e1ban megsz\u0171nnek az egy\u00e9n hat\u00e1rvonalai. Mindazt, amit eddig csak t\u00fck\u00f6r \u00e1ltal hom\u00e1lyosan tal\u00e1lgattunk, imm\u00e1r l\u00e1tni \u00e9s tudni fogjuk. Isten a vil\u00e1g l\u00e9nyeg\u00e9nek az \u00e1lland\u00f3s\u00e1ga nem zaj, hanem Csend.\u201d (Csermely P\u00e9ter \u2013 kutat\u00f3, biok\u00e9mikus \u2013 1958 -) (K\u00e9p forr\u00e1sa: MTL) &#8211; (Nyit\u00f3k\u00e9p: Eislingen)<\/p>\n","protected":false},"author":3,"featured_media":26646,"comment_status":"closed","ping_status":"closed","sticky":false,"template":"","format":"standard","meta":{"footnotes":""},"categories":[37],"tags":[],"class_list":["post-26644","post","type-post","status-publish","format-standard","has-post-thumbnail","hentry","category-progamelozetes"],"yoast_head":"<!-- This site is optimized with the Yoast SEO plugin v27.3 - https:\/\/yoast.com\/product\/yoast-seo-wordpress\/ -->\n<title>2023. \u00c1PRILIS 17 \u00c9S 23 K\u00d6Z\u00d6TT - Stuttgarti Katolikusok<\/title>\n<meta name=\"robots\" content=\"index, follow, max-snippet:-1, max-image-preview:large, max-video-preview:-1\" \/>\n<link rel=\"canonical\" href=\"https:\/\/stuttgarti-katolikusok.de\/index.php\/2023-aprilis-17-es-23-kozott\/\" \/>\n<meta property=\"og:locale\" content=\"hu_HU\" \/>\n<meta property=\"og:type\" content=\"article\" \/>\n<meta property=\"og:title\" content=\"2023. \u00c1PRILIS 17 \u00c9S 23 K\u00d6Z\u00d6TT - Stuttgarti Katolikusok\" \/>\n<meta property=\"og:description\" content=\"Programel\u0151zetes \u00a0* \u00c1prilis 20-\u00e1n, cs\u00fct\u00f6rt\u00f6k\u00f6n, Weingarteni d\u00e9lut\u00e1n, a 14 Nothelfer Kapelle-ben 17.30 \u00f3rakor r\u00f3zsaf\u00fcz\u00e9rt im\u00e1dkozunk, ezt k\u00f6vet\u0151en szentmise, keret\u00e9ben Besz\u00e9lget\u00e9sek a Katekizmusr\u00f3l. \u00a0* \u00c1prilis 21-\u00e9n, p\u00e9nteken, Stuttgarti d\u00e9lut\u00e1n, 17.30 \u00f3rakor szentmise, el\u0151tte r\u00f3zsaf\u00fcz\u00e9rt im\u00e1dkozunk, szentmise ut\u00e1n Bar\u00e1ts\u00e1gklub. \u00a0* \u00c1prilis 22-\u00e9n, szombaton, Tuttlingenben 16.00 \u00f3rakor szentmise, ut\u00e1na agap\u00e9 (egy a k\u00f6zelben l\u00e9v\u0151 helyen). \u00a0* \u00c1prilis 23-\u00e1n, H\u00fasv\u00e9t 3. vas\u00e1rnapja, B\u00f6blingenbenben 9.30 \u00f3rakor szentmise, ut\u00e1na agap\u00e9, Heilbronnban 15.30 \u00f3rakor b\u00facs\u00fas-szentmise, Szent Adalbert p\u00fcsp\u00f6k\u00f6t k\u00f6sz\u00f6ntj\u00fck, ut\u00e1na agap\u00e9. \u00a0* Minden helyen mindenkit szeretettel v\u00e1r a k\u00f6z\u00f6ss\u00e9g \u00e9s Tibor atya! * (Eislingen \u2013 XV. \u00e1llom\u00e1s &#8211; Krisztus felt\u00e1mad\u00e1sa) * Kegyelemteljes h\u00fasv\u00e9ti napokat, tartalmas besz\u00e9lget\u00e9seket \u00e9s \u00f6r\u00f6mteli tal\u00e1lkoz\u00e1sokat k\u00edv\u00e1nunk minden Kedves H\u00edv\u00fcnknek! * \u201eIsten Orsz\u00e1g\u00e1ban megsz\u0171nnek az egy\u00e9n hat\u00e1rvonalai. Mindazt, amit eddig csak t\u00fck\u00f6r \u00e1ltal hom\u00e1lyosan tal\u00e1lgattunk, imm\u00e1r l\u00e1tni \u00e9s tudni fogjuk. Isten a vil\u00e1g l\u00e9nyeg\u00e9nek az \u00e1lland\u00f3s\u00e1ga nem zaj, hanem Csend.\u201d (Csermely P\u00e9ter \u2013 kutat\u00f3, biok\u00e9mikus \u2013 1958 -) (K\u00e9p forr\u00e1sa: MTL) &#8211; (Nyit\u00f3k\u00e9p: Eislingen)\" \/>\n<meta property=\"og:url\" content=\"https:\/\/stuttgarti-katolikusok.de\/index.php\/2023-aprilis-17-es-23-kozott\/\" \/>\n<meta property=\"og:site_name\" content=\"Stuttgarti Katolikusok\" \/>\n<meta property=\"article:published_time\" content=\"2023-04-17T21:55:07+00:00\" \/>\n<meta property=\"article:modified_time\" content=\"2023-04-17T21:56:12+00:00\" \/>\n<meta property=\"og:image\" content=\"https:\/\/stuttgarti-katolikusok.de\/wp-content\/uploads\/2023\/04\/eislingen-oltar-husvet.jpg\" \/>\n\t<meta property=\"og:image:width\" content=\"1995\" \/>\n\t<meta property=\"og:image:height\" content=\"1497\" \/>\n\t<meta property=\"og:image:type\" content=\"image\/jpeg\" \/>\n<meta name=\"author\" content=\"Tibor atya\" \/>\n<meta name=\"twitter:card\" content=\"summary_large_image\" \/>\n<meta name=\"twitter:label1\" content=\"Szerz\u0151:\" \/>\n\t<meta name=\"twitter:data1\" content=\"Tibor atya\" \/>\n\t<meta name=\"twitter:label2\" content=\"Becs\u00fclt olvas\u00e1si id\u0151\" \/>\n\t<meta name=\"twitter:data2\" content=\"2 perc\" \/>\n<script type=\"application\/ld+json\" class=\"yoast-schema-graph\">{\"@context\":\"https:\\\/\\\/schema.org\",\"@graph\":[{\"@type\":\"Article\",\"@id\":\"https:\\\/\\\/stuttgarti-katolikusok.de\\\/index.php\\\/2023-aprilis-17-es-23-kozott\\\/#article\",\"isPartOf\":{\"@id\":\"https:\\\/\\\/stuttgarti-katolikusok.de\\\/index.php\\\/2023-aprilis-17-es-23-kozott\\\/\"},\"author\":{\"name\":\"Tibor atya\",\"@id\":\"https:\\\/\\\/stuttgarti-katolikusok.de\\\/#\\\/schema\\\/person\\\/75908d6f8fdc03a57889d27209df7795\"},\"headline\":\"2023. \u00c1PRILIS 17 \u00c9S 23 K\u00d6Z\u00d6TT\",\"datePublished\":\"2023-04-17T21:55:07+00:00\",\"dateModified\":\"2023-04-17T21:56:12+00:00\",\"mainEntityOfPage\":{\"@id\":\"https:\\\/\\\/stuttgarti-katolikusok.de\\\/index.php\\\/2023-aprilis-17-es-23-kozott\\\/\"},\"wordCount\":225,\"image\":{\"@id\":\"https:\\\/\\\/stuttgarti-katolikusok.de\\\/index.php\\\/2023-aprilis-17-es-23-kozott\\\/#primaryimage\"},\"thumbnailUrl\":\"https:\\\/\\\/stuttgarti-katolikusok.de\\\/wp-content\\\/uploads\\\/2023\\\/04\\\/eislingen-oltar-husvet.jpg\",\"articleSection\":[\"Progamel\u0151zetes\"],\"inLanguage\":\"hu\"},{\"@type\":\"WebPage\",\"@id\":\"https:\\\/\\\/stuttgarti-katolikusok.de\\\/index.php\\\/2023-aprilis-17-es-23-kozott\\\/\",\"url\":\"https:\\\/\\\/stuttgarti-katolikusok.de\\\/index.php\\\/2023-aprilis-17-es-23-kozott\\\/\",\"name\":\"2023. \u00c1PRILIS 17 \u00c9S 23 K\u00d6Z\u00d6TT - Stuttgarti Katolikusok\",\"isPartOf\":{\"@id\":\"https:\\\/\\\/stuttgarti-katolikusok.de\\\/#website\"},\"primaryImageOfPage\":{\"@id\":\"https:\\\/\\\/stuttgarti-katolikusok.de\\\/index.php\\\/2023-aprilis-17-es-23-kozott\\\/#primaryimage\"},\"image\":{\"@id\":\"https:\\\/\\\/stuttgarti-katolikusok.de\\\/index.php\\\/2023-aprilis-17-es-23-kozott\\\/#primaryimage\"},\"thumbnailUrl\":\"https:\\\/\\\/stuttgarti-katolikusok.de\\\/wp-content\\\/uploads\\\/2023\\\/04\\\/eislingen-oltar-husvet.jpg\",\"datePublished\":\"2023-04-17T21:55:07+00:00\",\"dateModified\":\"2023-04-17T21:56:12+00:00\",\"author\":{\"@id\":\"https:\\\/\\\/stuttgarti-katolikusok.de\\\/#\\\/schema\\\/person\\\/75908d6f8fdc03a57889d27209df7795\"},\"breadcrumb\":{\"@id\":\"https:\\\/\\\/stuttgarti-katolikusok.de\\\/index.php\\\/2023-aprilis-17-es-23-kozott\\\/#breadcrumb\"},\"inLanguage\":\"hu\",\"potentialAction\":[{\"@type\":\"ReadAction\",\"target\":[\"https:\\\/\\\/stuttgarti-katolikusok.de\\\/index.php\\\/2023-aprilis-17-es-23-kozott\\\/\"]}]},{\"@type\":\"ImageObject\",\"inLanguage\":\"hu\",\"@id\":\"https:\\\/\\\/stuttgarti-katolikusok.de\\\/index.php\\\/2023-aprilis-17-es-23-kozott\\\/#primaryimage\",\"url\":\"https:\\\/\\\/stuttgarti-katolikusok.de\\\/wp-content\\\/uploads\\\/2023\\\/04\\\/eislingen-oltar-husvet.jpg\",\"contentUrl\":\"https:\\\/\\\/stuttgarti-katolikusok.de\\\/wp-content\\\/uploads\\\/2023\\\/04\\\/eislingen-oltar-husvet.jpg\",\"width\":1995,\"height\":1497},{\"@type\":\"BreadcrumbList\",\"@id\":\"https:\\\/\\\/stuttgarti-katolikusok.de\\\/index.php\\\/2023-aprilis-17-es-23-kozott\\\/#breadcrumb\",\"itemListElement\":[{\"@type\":\"ListItem\",\"position\":1,\"name\":\"Kezd\u0151lap\",\"item\":\"https:\\\/\\\/stuttgarti-katolikusok.de\\\/\"},{\"@type\":\"ListItem\",\"position\":2,\"name\":\"2023. \u00c1PRILIS 17 \u00c9S 23 K\u00d6Z\u00d6TT\"}]},{\"@type\":\"WebSite\",\"@id\":\"https:\\\/\\\/stuttgarti-katolikusok.de\\\/#website\",\"url\":\"https:\\\/\\\/stuttgarti-katolikusok.de\\\/\",\"name\":\"Stuttgarti Katolikusok\",\"description\":\"\",\"potentialAction\":[{\"@type\":\"SearchAction\",\"target\":{\"@type\":\"EntryPoint\",\"urlTemplate\":\"https:\\\/\\\/stuttgarti-katolikusok.de\\\/?s={search_term_string}\"},\"query-input\":{\"@type\":\"PropertyValueSpecification\",\"valueRequired\":true,\"valueName\":\"search_term_string\"}}],\"inLanguage\":\"hu\"},{\"@type\":\"Person\",\"@id\":\"https:\\\/\\\/stuttgarti-katolikusok.de\\\/#\\\/schema\\\/person\\\/75908d6f8fdc03a57889d27209df7795\",\"name\":\"Tibor atya\",\"image\":{\"@type\":\"ImageObject\",\"inLanguage\":\"hu\",\"@id\":\"https:\\\/\\\/secure.gravatar.com\\\/avatar\\\/61d268e57d1f4525b111222e29d2d5a7f8c420fdbf231ba5566a8ceac74fa960?s=96&d=mm&r=g\",\"url\":\"https:\\\/\\\/secure.gravatar.com\\\/avatar\\\/61d268e57d1f4525b111222e29d2d5a7f8c420fdbf231ba5566a8ceac74fa960?s=96&d=mm&r=g\",\"contentUrl\":\"https:\\\/\\\/secure.gravatar.com\\\/avatar\\\/61d268e57d1f4525b111222e29d2d5a7f8c420fdbf231ba5566a8ceac74fa960?s=96&d=mm&r=g\",\"caption\":\"Tibor atya\"},\"url\":\"https:\\\/\\\/stuttgarti-katolikusok.de\\\/index.php\\\/author\\\/tibor-atya\\\/\"}]}<\/script>\n<!-- \/ Yoast SEO plugin. -->","yoast_head_json":{"title":"2023. \u00c1PRILIS 17 \u00c9S 23 K\u00d6Z\u00d6TT - Stuttgarti Katolikusok","robots":{"index":"index","follow":"follow","max-snippet":"max-snippet:-1","max-image-preview":"max-image-preview:large","max-video-preview":"max-video-preview:-1"},"canonical":"https:\/\/stuttgarti-katolikusok.de\/index.php\/2023-aprilis-17-es-23-kozott\/","og_locale":"hu_HU","og_type":"article","og_title":"2023. \u00c1PRILIS 17 \u00c9S 23 K\u00d6Z\u00d6TT - Stuttgarti Katolikusok","og_description":"Programel\u0151zetes \u00a0* \u00c1prilis 20-\u00e1n, cs\u00fct\u00f6rt\u00f6k\u00f6n, Weingarteni d\u00e9lut\u00e1n, a 14 Nothelfer Kapelle-ben 17.30 \u00f3rakor r\u00f3zsaf\u00fcz\u00e9rt im\u00e1dkozunk, ezt k\u00f6vet\u0151en szentmise, keret\u00e9ben Besz\u00e9lget\u00e9sek a Katekizmusr\u00f3l. \u00a0* \u00c1prilis 21-\u00e9n, p\u00e9nteken, Stuttgarti d\u00e9lut\u00e1n, 17.30 \u00f3rakor szentmise, el\u0151tte r\u00f3zsaf\u00fcz\u00e9rt im\u00e1dkozunk, szentmise ut\u00e1n Bar\u00e1ts\u00e1gklub. \u00a0* \u00c1prilis 22-\u00e9n, szombaton, Tuttlingenben 16.00 \u00f3rakor szentmise, ut\u00e1na agap\u00e9 (egy a k\u00f6zelben l\u00e9v\u0151 helyen). \u00a0* \u00c1prilis 23-\u00e1n, H\u00fasv\u00e9t 3. vas\u00e1rnapja, B\u00f6blingenbenben 9.30 \u00f3rakor szentmise, ut\u00e1na agap\u00e9, Heilbronnban 15.30 \u00f3rakor b\u00facs\u00fas-szentmise, Szent Adalbert p\u00fcsp\u00f6k\u00f6t k\u00f6sz\u00f6ntj\u00fck, ut\u00e1na agap\u00e9. \u00a0* Minden helyen mindenkit szeretettel v\u00e1r a k\u00f6z\u00f6ss\u00e9g \u00e9s Tibor atya! * (Eislingen \u2013 XV. \u00e1llom\u00e1s &#8211; Krisztus felt\u00e1mad\u00e1sa) * Kegyelemteljes h\u00fasv\u00e9ti napokat, tartalmas besz\u00e9lget\u00e9seket \u00e9s \u00f6r\u00f6mteli tal\u00e1lkoz\u00e1sokat k\u00edv\u00e1nunk minden Kedves H\u00edv\u00fcnknek! * \u201eIsten Orsz\u00e1g\u00e1ban megsz\u0171nnek az egy\u00e9n hat\u00e1rvonalai. Mindazt, amit eddig csak t\u00fck\u00f6r \u00e1ltal hom\u00e1lyosan tal\u00e1lgattunk, imm\u00e1r l\u00e1tni \u00e9s tudni fogjuk. Isten a vil\u00e1g l\u00e9nyeg\u00e9nek az \u00e1lland\u00f3s\u00e1ga nem zaj, hanem Csend.\u201d (Csermely P\u00e9ter \u2013 kutat\u00f3, biok\u00e9mikus \u2013 1958 -) (K\u00e9p forr\u00e1sa: MTL) &#8211; (Nyit\u00f3k\u00e9p: Eislingen)","og_url":"https:\/\/stuttgarti-katolikusok.de\/index.php\/2023-aprilis-17-es-23-kozott\/","og_site_name":"Stuttgarti Katolikusok","article_published_time":"2023-04-17T21:55:07+00:00","article_modified_time":"2023-04-17T21:56:12+00:00","og_image":[{"width":1995,"height":1497,"url":"https:\/\/stuttgarti-katolikusok.de\/wp-content\/uploads\/2023\/04\/eislingen-oltar-husvet.jpg","type":"image\/jpeg"}],"author":"Tibor atya","twitter_card":"summary_large_image","twitter_misc":{"Szerz\u0151:":"Tibor atya","Becs\u00fclt olvas\u00e1si id\u0151":"2 perc"},"schema":{"@context":"https:\/\/schema.org","@graph":[{"@type":"Article","@id":"https:\/\/stuttgarti-katolikusok.de\/index.php\/2023-aprilis-17-es-23-kozott\/#article","isPartOf":{"@id":"https:\/\/stuttgarti-katolikusok.de\/index.php\/2023-aprilis-17-es-23-kozott\/"},"author":{"name":"Tibor atya","@id":"https:\/\/stuttgarti-katolikusok.de\/#\/schema\/person\/75908d6f8fdc03a57889d27209df7795"},"headline":"2023. \u00c1PRILIS 17 \u00c9S 23 K\u00d6Z\u00d6TT","datePublished":"2023-04-17T21:55:07+00:00","dateModified":"2023-04-17T21:56:12+00:00","mainEntityOfPage":{"@id":"https:\/\/stuttgarti-katolikusok.de\/index.php\/2023-aprilis-17-es-23-kozott\/"},"wordCount":225,"image":{"@id":"https:\/\/stuttgarti-katolikusok.de\/index.php\/2023-aprilis-17-es-23-kozott\/#primaryimage"},"thumbnailUrl":"https:\/\/stuttgarti-katolikusok.de\/wp-content\/uploads\/2023\/04\/eislingen-oltar-husvet.jpg","articleSection":["Progamel\u0151zetes"],"inLanguage":"hu"},{"@type":"WebPage","@id":"https:\/\/stuttgarti-katolikusok.de\/index.php\/2023-aprilis-17-es-23-kozott\/","url":"https:\/\/stuttgarti-katolikusok.de\/index.php\/2023-aprilis-17-es-23-kozott\/","name":"2023. \u00c1PRILIS 17 \u00c9S 23 K\u00d6Z\u00d6TT - Stuttgarti Katolikusok","isPartOf":{"@id":"https:\/\/stuttgarti-katolikusok.de\/#website"},"primaryImageOfPage":{"@id":"https:\/\/stuttgarti-katolikusok.de\/index.php\/2023-aprilis-17-es-23-kozott\/#primaryimage"},"image":{"@id":"https:\/\/stuttgarti-katolikusok.de\/index.php\/2023-aprilis-17-es-23-kozott\/#primaryimage"},"thumbnailUrl":"https:\/\/stuttgarti-katolikusok.de\/wp-content\/uploads\/2023\/04\/eislingen-oltar-husvet.jpg","datePublished":"2023-04-17T21:55:07+00:00","dateModified":"2023-04-17T21:56:12+00:00","author":{"@id":"https:\/\/stuttgarti-katolikusok.de\/#\/schema\/person\/75908d6f8fdc03a57889d27209df7795"},"breadcrumb":{"@id":"https:\/\/stuttgarti-katolikusok.de\/index.php\/2023-aprilis-17-es-23-kozott\/#breadcrumb"},"inLanguage":"hu","potentialAction":[{"@type":"ReadAction","target":["https:\/\/stuttgarti-katolikusok.de\/index.php\/2023-aprilis-17-es-23-kozott\/"]}]},{"@type":"ImageObject","inLanguage":"hu","@id":"https:\/\/stuttgarti-katolikusok.de\/index.php\/2023-aprilis-17-es-23-kozott\/#primaryimage","url":"https:\/\/stuttgarti-katolikusok.de\/wp-content\/uploads\/2023\/04\/eislingen-oltar-husvet.jpg","contentUrl":"https:\/\/stuttgarti-katolikusok.de\/wp-content\/uploads\/2023\/04\/eislingen-oltar-husvet.jpg","width":1995,"height":1497},{"@type":"BreadcrumbList","@id":"https:\/\/stuttgarti-katolikusok.de\/index.php\/2023-aprilis-17-es-23-kozott\/#breadcrumb","itemListElement":[{"@type":"ListItem","position":1,"name":"Kezd\u0151lap","item":"https:\/\/stuttgarti-katolikusok.de\/"},{"@type":"ListItem","position":2,"name":"2023. \u00c1PRILIS 17 \u00c9S 23 K\u00d6Z\u00d6TT"}]},{"@type":"WebSite","@id":"https:\/\/stuttgarti-katolikusok.de\/#website","url":"https:\/\/stuttgarti-katolikusok.de\/","name":"Stuttgarti Katolikusok","description":"","potentialAction":[{"@type":"SearchAction","target":{"@type":"EntryPoint","urlTemplate":"https:\/\/stuttgarti-katolikusok.de\/?s={search_term_string}"},"query-input":{"@type":"PropertyValueSpecification","valueRequired":true,"valueName":"search_term_string"}}],"inLanguage":"hu"},{"@type":"Person","@id":"https:\/\/stuttgarti-katolikusok.de\/#\/schema\/person\/75908d6f8fdc03a57889d27209df7795","name":"Tibor atya","image":{"@type":"ImageObject","inLanguage":"hu","@id":"https:\/\/secure.gravatar.com\/avatar\/61d268e57d1f4525b111222e29d2d5a7f8c420fdbf231ba5566a8ceac74fa960?s=96&d=mm&r=g","url":"https:\/\/secure.gravatar.com\/avatar\/61d268e57d1f4525b111222e29d2d5a7f8c420fdbf231ba5566a8ceac74fa960?s=96&d=mm&r=g","contentUrl":"https:\/\/secure.gravatar.com\/avatar\/61d268e57d1f4525b111222e29d2d5a7f8c420fdbf231ba5566a8ceac74fa960?s=96&d=mm&r=g","caption":"Tibor atya"},"url":"https:\/\/stuttgarti-katolikusok.de\/index.php\/author\/tibor-atya\/"}]}},"_links":{"self":[{"href":"https:\/\/stuttgarti-katolikusok.de\/index.php\/wp-json\/wp\/v2\/posts\/26644","targetHints":{"allow":["GET"]}}],"collection":[{"href":"https:\/\/stuttgarti-katolikusok.de\/index.php\/wp-json\/wp\/v2\/posts"}],"about":[{"href":"https:\/\/stuttgarti-katolikusok.de\/index.php\/wp-json\/wp\/v2\/types\/post"}],"author":[{"embeddable":true,"href":"https:\/\/stuttgarti-katolikusok.de\/index.php\/wp-json\/wp\/v2\/users\/3"}],"replies":[{"embeddable":true,"href":"https:\/\/stuttgarti-katolikusok.de\/index.php\/wp-json\/wp\/v2\/comments?post=26644"}],"version-history":[{"count":4,"href":"https:\/\/stuttgarti-katolikusok.de\/index.php\/wp-json\/wp\/v2\/posts\/26644\/revisions"}],"predecessor-version":[{"id":26657,"href":"https:\/\/stuttgarti-katolikusok.de\/index.php\/wp-json\/wp\/v2\/posts\/26644\/revisions\/26657"}],"wp:featuredmedia":[{"embeddable":true,"href":"https:\/\/stuttgarti-katolikusok.de\/index.php\/wp-json\/wp\/v2\/media\/26646"}],"wp:attachment":[{"href":"https:\/\/stuttgarti-katolikusok.de\/index.php\/wp-json\/wp\/v2\/media?parent=26644"}],"wp:term":[{"taxonomy":"category","embeddable":true,"href":"https:\/\/stuttgarti-katolikusok.de\/index.php\/wp-json\/wp\/v2\/categories?post=26644"},{"taxonomy":"post_tag","embeddable":true,"href":"https:\/\/stuttgarti-katolikusok.de\/index.php\/wp-json\/wp\/v2\/tags?post=26644"}],"curies":[{"name":"wp","href":"https:\/\/api.w.org\/{rel}","templated":true}]}}