{"id":26635,"date":"2026-04-10T09:59:42","date_gmt":"2026-04-10T07:59:42","guid":{"rendered":"https:\/\/stuttgarti-katolikusok.de\/?p=26635"},"modified":"2026-04-10T11:48:00","modified_gmt":"2026-04-10T09:48:00","slug":"husvet-2-vasarnapja-az-isteni-irgalmassag-vasarnapja","status":"publish","type":"post","link":"https:\/\/stuttgarti-katolikusok.de\/index.php\/husvet-2-vasarnapja-az-isteni-irgalmassag-vasarnapja\/","title":{"rendered":"H\u00fasv\u00e9t 2. vas\u00e1rnapja, az isteni Irgalmass\u00e1g vas\u00e1rnapja"},"content":{"rendered":"<div class=\"keretes\">\n<p><span style=\"color: #ff6600;\"><em><span style=\"font-size: 12pt;\"><strong>\u201eAz emberis\u00e9g mindaddig nem tal\u00e1l b\u00e9k\u00e9t, m\u00edg nem fordul bizalommal irgalmamhoz.\u201d<\/strong> (Szent Faustyna Kowalska:\u00a0Napl\u00f3 300)<\/span><\/em><\/span><\/p>\n<\/div>\n<p><span style=\"color: #ff6600;\"><em>Most k\u00fcl\u00f6n\u00f6sen is helyt\u00e1ll\u00f3 Fausztina n\u0151v\u00e9r napl\u00f3 bejegyz\u00e9se. H\u00fasv\u00e9t 2. vas\u00e1rnapj\u00e1n az Isteni Irgalmass\u00e1g vas\u00e1rnapj\u00e1t \u00fcnnepelj\u00fck.\u00a0<\/em><\/span><\/p>\n<p><span style=\"color: #ff6600;\"><em><span style=\"font-size: 12pt;\">Szent II. J\u00e1nos P\u00e1l eg\u00e9sz p\u00e1pas\u00e1g\u00e1ban k\u00f6zponti helyet foglalt el az Isteni Irgalmass\u00e1g gondolata. M\u00e1r megv\u00e1laszt\u00e1sa ut\u00e1n k\u00e9t \u00e9vvel, 1980 adventj\u00e9nek kezdet\u00e9n kiadta m\u00e1sodik, Dives in misericordia (Irgalomban gazdag Isten) kezdet\u0171 enciklik\u00e1j\u00e1t, mellyel mintegy programot is adott: \u201eMin\u00e9l ink\u00e1bb elt\u00e1volodik az ember Istent\u0151l \u00e9s az irgalom miszt\u00e9rium\u00e1t\u00f3l, s min\u00e9l ink\u00e1bb elvesz\u00edti a vil\u00e1g eszm\u00e9inek hat\u00e1s\u00e1ra az irgalom sz\u00f3 \u00e9rtelm\u00e9t, az Egyh\u00e1znak ann\u00e1l ink\u00e1bb joga \u00e9s k\u00f6teless\u00e9ge, hogy \u00bbhathat\u00f3s ki\u00e1lt\u00e1ssal\u00ab forduljon az isteni irgalomhoz.\u201d (96)<\/span><\/em><\/span><\/p>\n<p><span style=\"color: #ff6600;\"><em><span style=\"font-size: 12pt;\">Az irgalmass\u00e1g gondolata \u00e9s \u00fczenete v\u00e9gig jelen van a Szent\u00edr\u00e1sban. A II. vil\u00e1gh\u00e1bor\u00fa el\u0151tt az Isteni Irgalmass\u00e1g \u00fczenete nagy er\u0151vel k\u00f6sz\u00f6nt vissza Fausztina n\u0151v\u00e9r \u00e9let\u00e9ben \u00e9s m\u0171k\u00f6d\u00e9s\u00e9ben. \u00a0Le\u00edr\u00e1sra ker\u00fclt: a vil\u00e1gban nem lesz b\u00e9ke addig, m\u00edg nem fordulunk az Isteni Irgalmass\u00e1ghoz.<\/span><\/em><\/span><\/p>\n<div class=\"keretes\"><span style=\"color: #ff6600;\"><em><span style=\"font-size: 12pt;\">Jelen vil\u00e1gunk \u00fajra vissza kell, hogy forduljon az irgalmass\u00e1g fel\u00e9. Ez az orvoss\u00e1g, egyben a kegyelem, korunk vesz\u00e9lyes ideol\u00f3gi\u00e1ival folytatott harcaiban. Tal\u00e1n Isten \u00edgy ad \u00fatmutat\u00e1st: azt \u00fczeni, hogy irgalmass\u00e1g\u00e1hoz fordulva tudjuk a vil\u00e1g gondjait, probl\u00e9m\u00e1it orvosolni, gy\u00f3gy\u00edtani.<\/span><\/em><\/span><\/div>\n<div><\/div>\n<div style=\"text-align: center;\"><strong><span style=\"color: #ff6600;\"><em>Isten irgalm\u00e1ban b\u00e9k\u00e9re lelni!<\/em><\/span><\/strong><\/div>\n<div><\/div>\n<div style=\"text-align: center;\"><a href=\"https:\/\/stuttgarti-katolikusok.de\/wp-content\/uploads\/2024\/04\/img1.jpeg\"><img loading=\"lazy\" decoding=\"async\" class=\"alignnone size-full wp-image-28740\" src=\"https:\/\/stuttgarti-katolikusok.de\/wp-content\/uploads\/2024\/04\/img1.jpeg\" alt=\"\" width=\"360\" height=\"720\" srcset=\"https:\/\/stuttgarti-katolikusok.de\/wp-content\/uploads\/2024\/04\/img1.jpeg 360w, https:\/\/stuttgarti-katolikusok.de\/wp-content\/uploads\/2024\/04\/img1-150x300.jpeg 150w\" sizes=\"auto, (max-width: 360px) 100vw, 360px\" \/><\/a><\/div>\n<p><span style=\"color: #ff6600;\">Kezd\u0151\u00e9nek:<\/span><br \/>\nMint \u00fajsz\u00fcl\u00f6tt csecsem\u0151k k\u00edv\u00e1njatok lelki, vizezetlen tejet, hogy t\u0151le feln\u0151jetek az \u00fcdv\u00f6ss\u00e9gre, alleluja. (1P\u00e9t 2,2)<br \/>\n<em>vagy<\/em><br \/>\n\u00d6r\u00fcljetek dics\u0151s\u00e9gteknek, adjatok h\u00e1l\u00e1t Istennek, aki megh\u00edvott titeket a mennyek orsz\u00e1g\u00e1ba, alleluja. (4Ezdr 2,36-37)<\/p>\n<p><span style=\"color: #ff6600;\">K\u00f6ny\u00f6rg\u00e9s:\u00a0<\/span><br \/>\n\u00d6r\u00f6kk\u00e9 irgalmas Isten\u00fcnk, te l\u00e1ngra lobbantod a neked szentelt n\u00e9p hit\u00e9t, amikor \u00e9vr\u0151l \u00e9vre visszat\u00e9r H\u00fasv\u00e9t \u00fcnnepe. N\u00f6veld kegyelmedet, amelyet megadt\u00e1l nek\u00fcnk. Add, hogy m\u00e9lt\u00f3k\u00e9ppen meg\u00e9rts\u00fck, milyen csod\u00e1latos, hogy megtisztultunk a keresztv\u00edz \u00e1ltal, \u00fajj\u00e1sz\u00fclett\u00fcnk a Szentl\u00e9lekb\u0151l, \u00e9s elnyert\u00fck a megv\u00e1lt\u00e1st Krisztus v\u00e9re \u00e1r\u00e1n. Aki veled \u00e9l \u00e9s uralkodik a Szentl\u00e9lekkel egys\u00e9gben, Isten mind\u00f6r\u00f6kk\u00f6n \u00f6r\u00f6kk\u00e9.<\/p>\n<p align=\"justify\"><span style=\"color: #ff6600;\">OLVASM\u00c1NY az Apostolok Cselekedeteib\u0151l (ApCsel 2,42-47)<\/span><br \/>\n<em>A h\u00edvek mind \u00f6sszetartottak, \u00e9s k\u00f6z\u00f6s volt minden\u00fck.<\/em><br \/>\nA jeruzs\u00e1lemi h\u00edvek \u00e1llhatatosan kitartottak az apostolok tan\u00edt\u00e1s\u00e1ban \u00e9s k\u00f6z\u00f6ss\u00e9g\u00e9ben, a keny\u00e9rt\u00f6r\u00e9sben \u00e9s az im\u00e1ds\u00e1gban. Szent f\u00e9lelem t\u00f6lt\u00f6tt el mindenkit, mert az apostolok r\u00e9v\u00e9n sok csoda t\u00f6rt\u00e9nt \u00e9s sok jel adatott. A h\u00edvek mind \u00f6sszetartottak, \u00e9s k\u00f6z\u00f6s volt minden\u00fck. Birtokaikat eladt\u00e1k, \u00e9s az \u00e1r\u00e1t sz\u00e9tosztott\u00e1k azok k\u00f6z\u00f6tt, akik sz\u00fcks\u00e9get szenvedtek. Mindennap \u00f6sszegy\u0171ltek a templomban egy sz\u00edvvel- l\u00e9lekkel. A kenyeret h\u00e1zakn\u00e1l t\u00f6rt\u00e9k meg. \u00d6r\u00f6mmel \u00e9s tiszta sz\u00edvvel vett\u00e9k magukhoz az \u00e9telt. Dics\u0151\u00edtett\u00e9k Istent, \u00e9s az eg\u00e9sz n\u00e9p szerette \u0151ket. Az \u00dar pedig naponk\u00e9nt vezetett hozz\u00e1juk olyanokat, akik hagyt\u00e1k, hogy megments\u00e9k \u0151ket.<br \/>\nEz az Isten ig\u00e9je.<\/p>\n<p align=\"justify\"><span style=\"color: #ff6600;\">V\u00c1LASZOS ZSOLT\u00c1R (Zsolt 117,2-4.13-15.22-24)<\/span><\/p>\n<p align=\"justify\">V\u00e1lasz:\u00a0<strong>Adjatok h\u00e1l\u00e1t az \u00dar<u>nak<\/u>, mert j\u00f3, * mivel irgalma\u00a0<u>\u00f6<\/u>r\u00f6kk\u00e9 megmarad.<\/strong>\u00a06. t\u00f3nus.<br \/>\nVagy:\u00a0<strong>Alleluja, alleluja, alleluja.<\/strong>\u00a0V\u00f6. 6. sz\u00e1m.<br \/>\nEl\u0151\u00e9nekes: Mondja Izrael h\u00e1za, hogy j\u00f3 az Isten, * mivel irgalma \u00f6r\u00f6kk\u00e9 megmarad.<br \/>\nMondja \u00c1ron papi h\u00e1za is, * mivel irgalma \u00f6r\u00f6kk\u00e9 megmarad.<br \/>\nMondj\u00e1k, akik f\u00e9lik az Urat, * mivel irgalma \u00f6r\u00f6kk\u00e9 megmarad.<br \/>\nH\u00edvek:\u00a0<strong>Adjatok h\u00e1l\u00e1t az \u00dar<u>nak<\/u>, mert j\u00f3, * mivel irgalma\u00a0<u>\u00f6<\/u>r\u00f6kk\u00e9 megmarad.<\/strong><br \/>\nVagy: Alleluja, alleluja, alleluja.<br \/>\nE: Nekem j\u00f6ttek, \u00fctlegeltek, hogy elessem, * de az \u00dar megseg\u00edtett.<br \/>\nAz \u00dar er\u0151ss\u00e9gem \u00e9s dics\u0151s\u00e9gem, * \u0151 lett az \u00e9n szabad\u00edt\u00f3m.<br \/>\nAz igazak s\u00e1tra * \u00f6r\u00f6mujjong\u00e1st\u00f3l \u00e9s \u00e9nekt\u0151l hangos.<br \/>\nH:\u00a0<strong>Adjatok h\u00e1l\u00e1t az \u00dar<u>nak<\/u>, mert j\u00f3, * mivel irgalma\u00a0<u>\u00f6<\/u>r\u00f6kk\u00e9 megmarad.<\/strong><br \/>\nVagy: Alleluja, alleluja, alleluja.<br \/>\nE: A k\u0151, amelyet az \u00e9p\u00edt\u0151k f\u00e9lredobtak, * \u00edme, az v\u00e1lt szegletk\u0151v\u00e9.<br \/>\nMindezt az \u00dar vitte v\u00e9gbe, * csod\u00e1latra m\u00e9lt\u00f3 a mi szem\u00fcnkben.<br \/>\nEzt a napot az \u00daristen adta: * \u00f6rvendj\u00fcnk \u00e9s vigadjunk rajta.<br \/>\nH:\u00a0<strong>Adjatok h\u00e1l\u00e1t az \u00dar<u>nak<\/u>, mert j\u00f3, * mivel irgalma\u00a0<u>\u00f6<\/u>r\u00f6kk\u00e9 megmarad.<\/strong><br \/>\nVagy: Alleluja, alleluja, alleluja.<\/p>\n<p align=\"justify\"><span style=\"color: #ff6600;\">SZENTLECKE Szent P\u00e9ter apostol els\u0151 level\u00e9b\u0151l (1P\u00e9t 1,3-9)<\/span><br \/>\n<em>J\u00e9zus Krisztusnak a hal\u00e1lb\u00f3l val\u00f3 felt\u00e1mad\u00e1sa \u00e9l\u0151 rem\u00e9nyre teremtett \u00fajj\u00e1 benn\u00fcnket.<\/em><br \/>\nTestv\u00e9reim!<br \/>\n\u00c1ldott legyen az Isten, a mi Urunk J\u00e9zus Krisztus Atyja, aki nagy irgalmass\u00e1g\u00e1val, J\u00e9zus Krisztusnak a hal\u00e1lb\u00f3l val\u00f3 felt\u00e1mad\u00e1sa \u00e1ltal, \u00e9l\u0151 rem\u00e9nyre teremtett \u00fajj\u00e1 benn\u00fcnket, hogy a mennyben romolhatatlan, szepl\u0151telen \u00e9s el nem hervad\u00f3 \u00f6r\u00f6ks\u00e9g v\u00e1rjon r\u00e1tok. Isten hatalma meg\u0151rz\u00f6tt titeket a hitben az \u00f6r\u00f6k \u00fcdv\u00f6ss\u00e9gre, amely k\u00e9szen \u00e1ll, hogy az utols\u00f3 id\u0151ben megnyilv\u00e1nuljon.<br \/>\n\u00d6r\u00fcljetek teh\u00e1t, akkor is ha most egy kicsit szomorkodnotok kell, mert k\u00fcl\u00f6nf\u00e9le k\u00eds\u00e9rt\u00e9sek \u00e9rnek benneteket, hogy kipr\u00f3b\u00e1lt hitetek, mely \u00e9rt\u00e9kesebb a t\u0171zpr\u00f3b\u00e1t ki\u00e1llott veszend\u0151 aranyn\u00e1l, J\u00e9zus Krisztus megjelen\u00e9sekor m\u00e9lt\u00f3 legyen a dics\u00e9retre, a dics\u0151s\u00e9gre \u00e9s a tiszteletre. Mivel szeretitek Krisztust, b\u00e1r nem l\u00e1tt\u00e1tok, \u00e9s hisztek benne, noha nem tal\u00e1lkoztatok vele, amikor el\u00e9ritek hitetek c\u00e9lj\u00e1t, lelketek \u00fcdv\u00f6ss\u00e9g\u00e9t, \u2013 a megdics\u0151\u00fcltek kimondhatatlan \u00f6r\u00f6m\u00e9vel fogtok ujjongani.<br \/>\nEz az Isten ig\u00e9je.<\/p>\n<p><span style=\"color: #ff6600;\">ALLELUJA<\/span><br \/>\nJ\u00e9zus mondja: \u2020 \u201eMost m\u00e1r hiszel, Tam\u00e1s, mert l\u00e1tt\u00e1l engem. * Boldogok, akik nem l\u00e1ttak, \u00e9s m\u00e9gis hittek.\u201d Jn 20,29 \u2013 5. t\u00f3nus.<\/p>\n<p align=\"justify\"><span style=\"color: #ff6600;\">\u2020 EVANG\u00c9LIUM Szent J\u00e1nos k\u00f6nyv\u00e9b\u0151l (Jn 20,19-31)<\/span><br \/>\n<em>Nyolc nap m\u00falva elj\u00f6tt J\u00e9zus.<\/em><br \/>\nAmikor a h\u00e9t els\u0151 napj\u00e1n (H\u00fasv\u00e9tvas\u00e1rnap) beesteledett, J\u00e9zus megjelent a tan\u00edtv\u00e1nyoknak ott, ahol egy\u00fctt voltak, pedig a zsid\u00f3kt\u00f3l val\u00f3 f\u00e9lelm\u00fckben z\u00e1rva tartott\u00e1k az ajt\u00f3t. Bel\u00e9pett \u00e9s \u00edgy sz\u00f3lt hozz\u00e1juk: \u201eB\u00e9kess\u00e9g nektek!\u201d Miut\u00e1n ezt mondta, megmutatta nekik a kez\u00e9t \u00e9s az oldal\u00e1t. Az \u00dar l\u00e1tt\u00e1ra \u00f6r\u00f6m t\u00f6lt\u00f6tte el a tan\u00edtv\u00e1nyokat. J\u00e9zus megism\u00e9telte: \u201eB\u00e9kess\u00e9g nektek! Amint engem k\u00fcld\u00f6tt az Atya, \u00fagy k\u00fcldelek \u00e9n is titeket.\u201d E szavak ut\u00e1n r\u00e1juk lehelt \u00e9s \u00edgy folytatta: \u201eVegy\u00e9tek a Szentlelket! Akinek megbocs\u00e1tj\u00e1tok b\u0171neit, az bocs\u00e1natot nyer, s akinek nem bocs\u00e1tj\u00e1tok meg, az nem nyer bocs\u00e1natot.\u201d<br \/>\nA tizenkett\u0151 k\u00f6z\u00fcl az egyik, Tam\u00e1s, vagy mell\u00e9knev\u00e9n Iker, nem volt vel\u00fck, amikor J\u00e9zus megjelent nekik. K\u00e9s\u0151bb a tan\u00edtv\u00e1nyok elmondt\u00e1k neki: \u201eL\u00e1ttuk az Urat.\u201d De \u0151 \u00edgy sz\u00f3lt: \u201eHacsak nem l\u00e1tom kez\u00e9n a szegek nyom\u00e1t, ha nem \u00e9rintem ujjaimat a szegek hely\u00e9hez, \u00e9s nem tapintom meg kezemmel oldal\u00e1t, \u00e9n nem hiszem!\u201d<br \/>\nNyolc nap m\u00falva ism\u00e9t egy\u00fctt voltak a tan\u00edtv\u00e1nyok. Tam\u00e1s is ott volt vel\u00fck. Ekkor \u00fajra megjelent J\u00e9zus, b\u00e1r az ajt\u00f3 z\u00e1rva volt. Bel\u00e9pett \u00e9s k\u00f6sz\u00f6nt\u00f6tte \u0151ket: \u201eB\u00e9kess\u00e9g nektek!\u201d Tam\u00e1snak pedig ezt mondta: \u201eNy\u00fajtsd ide az ujjadat \u00e9s n\u00e9zd a kezemet! Ny\u00fajtsd ki a kezedet \u00e9s \u00e9rintsd meg oldalamat! Ne l\u00e9gy hitetlen, hanem h\u00edv\u0151!\u201d Tam\u00e1s \u00edgy v\u00e1laszolt: \u201e\u00c9n Uram, \u00e9n Istenem!\u201d J\u00e9zus ezt mondta neki: \u201eMost m\u00e1r hiszel, Tam\u00e1s, mert l\u00e1tt\u00e1l engem. Boldogok, akik nem l\u00e1ttak, \u00e9s m\u00e9gis hisznek!\u201d<br \/>\nJ\u00e9zus m\u00e9g sok m\u00e1s csodajelet is m\u0171velt tan\u00edtv\u00e1nyai szeme l\u00e1tt\u00e1ra, de azok nincsenek meg\u00edrva ebben a k\u00f6nyvben. Ezeket viszont meg\u00edrt\u00e1k, hogy higgy\u00e9tek: J\u00e9zus a Messi\u00e1s, az Isten Fia, \u00e9s hogy a hit \u00e1ltal \u00e9letetek legyen benne.<br \/>\nEzek az evang\u00e9lium ig\u00e9i.<\/p>\n<p align=\"justify\"><span style=\"color: #ff6600;\">EGYETEMES K\u00d6NY\u00d6RG\u00c9SEK<\/span><br \/>\nPap: Im\u00e1dkozzunk, testv\u00e9reim, mennyei Aty\u00e1nkhoz, aki Egyh\u00e1za \u00e1ltal h\u00edv benn\u00fcnket az \u00e9l\u0151 hit boldogs\u00e1g\u00e1ra!<br \/>\nLektor: 1. Add meg, Urunk, Szentaty\u00e1nknak, a p\u00fcsp\u00f6k\u00f6knek \u00e9s a papoknak a rend\u00edthetetlen hit kegyelm\u00e9t!<br \/>\nH\u00edvek: K\u00e9r\u00fcnk t\u00e9ged, hallgass meg minket!<br \/>\n2. Add meg, Urunk, az eg\u00e9sz vil\u00e1gnak az \u00e9l\u0151 hit aj\u00e1nd\u00e9k\u00e1t!<br \/>\nH\u00edvek: K\u00e9r\u00fcnk t\u00e9ged . . .<br \/>\n3. Er\u0151s\u00edts meg mindny\u00e1junkat, hogy hit\u00fcnkben soha meg ne inogjunk!<br \/>\nH\u00edvek: K\u00e9r\u00fcnk t\u00e9ged . . .<br \/>\n4. Vezesd vissza, Urunk, a hit \u00fatj\u00e1ra mindazokat, akik elp\u00e1rtoltak t\u0151led!<br \/>\nH\u00edvek: K\u00e9r\u00fcnk t\u00e9ged . . .<br \/>\n5. Adj hitb\u0151l fakad\u00f3 \u00e1llhatatoss\u00e1got a betegeknek \u00e9s a szomorkod\u00f3knak!<br \/>\nH\u00edvek: K\u00e9r\u00fcnk t\u00e9ged . . .<br \/>\nPap: Mennyei Aty\u00e1nk! Te meger\u0151s\u00edtetted hit\u00e9ben a k\u00e9telked\u0151 Tam\u00e1s apostolt, mid\u0151n szent Fiad test\u00e9t \u00e9rintette. Add meg nek\u00fcnk is, hogy J\u00e9zus test\u00e9t \u00e9s v\u00e9r\u00e9t magunkhoz v\u00e9ve, a megtapasztal\u00e1s boldogs\u00e1g\u00e1t \u00e9lvezz\u00fck! Krisztus, a mi Urunk \u00e1ltal.<br \/>\nH\u00edvek: \u00c1men.<\/p>\n<p><span style=\"color: #ff6600;\">Felaj\u00e1nl\u00f3 k\u00f6ny\u00f6rg\u00e9s:<\/span><br \/>\nUrunk, Isten\u00fcnk, fogadd kegyesen n\u00e9ped \u00e1ldozati adom\u00e1nyait, hogy neved megvall\u00e1s\u00e1ban \u00e9s a kereszts\u00e9gben \u00fajj\u00e1sz\u00fcletve eljussunk az \u00f6r\u00f6k boldogs\u00e1gra. Krisztus, a mi Urunk \u00e1ltal.<\/p>\n<p><span style=\"color: #ff6600;\">Pref\u00e1ci\u00f3:<\/span><br \/>\n<em>H\u00daSV\u00c9TI PREF\u00c1CI\u00d3 I.<br \/>\nH\u00fasv\u00e9t szent titka<\/em><br \/>\n<em>A k\u00f6vetkez\u0151 pref\u00e1ci\u00f3t a h\u00fasv\u00e9ti id\u0151ben mondjuk.<\/em><\/p>\n<p>Az \u00dar legyen veletek.<br \/>\nH.: \u00c9s a te lelkeddel.<br \/>\nEmelj\u00fck f\u00f6l sz\u00edv\u00fcnket.<br \/>\nH.: F\u00f6lemelt\u00fck az \u00darhoz.<br \/>\nAdjunk h\u00e1l\u00e1t Urunknak, Isten\u00fcnknek.<br \/>\nH.: M\u00e9lt\u00f3 \u00e9s igazs\u00e1gos.<br \/>\n(Mert) Val\u00f3ban m\u00e9lt\u00f3 \u00e9s igazs\u00e1gos, ill\u0151 \u00e9s \u00fcdv\u00f6s, hogy minden id\u0151ben magasztaljunk, Urunk, t\u00e9ged, de k\u00fcl\u00f6n\u00f6sen ezen a szent \u00fcnnepen, \u2013 mid\u0151n \u00e1ldozatt\u00e1 lett \u00e9rt\u00fcnk KRISZtus, a H\u00fasv\u00e9ti B\u00e1r\u00e1ny.<br \/>\nMert \u0151 az igazi B\u00e1r\u00e1ny, aki elvette a vil\u00e1g b\u0171neit, \u2013 hal\u00e1lunkat hal\u00e1l\u00e1val MEGt\u00f6rte, \u00e9s felt\u00e1mad\u00e1s\u00e1val \u00faj \u00e9letet szerzett n\u00e9k\u00fcnk.<br \/>\nA h\u00fasv\u00e9ti \u00f6r\u00f6m ez\u00e9rt ki\u00e1rad az eg\u00e9sz f\u00f6ldre, a nagyvil\u00e1g \u00f6rvendezve ujjong, a mennyei er\u0151k \u00e9s a hatalmas angyalok, \u2013 (a te) dics\u0151s\u00e9ged himnusz\u00e1t ZENgik, \u00e9s v\u00e9g n\u00e9lk\u00fcl mondj\u00e1k: (\u00e9neklik:)<\/p>\n<p><span style=\"color: #ff6600;\">\u00c1ldoz\u00e1si \u00e9nek:<\/span><br \/>\nNy\u00fajtsd ki a kezedet, tedd a szegek hely\u00e9re, \u00e9s ne l\u00e9gy hitetlen, hanem h\u00edv\u0151, alleluja. (V\u00f6. Jn 20,27)<\/p>\n<p><span style=\"color: #ff6600;\">\u00c1ldoz\u00e1s ut\u00e1ni k\u00f6ny\u00f6rg\u00e9s:<\/span><br \/>\nK\u00e9r\u00fcnk, mindenhat\u00f3 Isten\u00fcnk, hogy a magunkhoz vett h\u00fasv\u00e9ti szents\u00e9g ereje sz\u00fcntelen\u00fcl megmaradjon lelk\u00fcnkben. Krisztus, a mi Urunk \u00e1ltal.<\/p>\n<p><em>(K\u00e9p \u00e9s gondolatok forr\u00e1sa: Magyar Kur\u00edr)<\/em><\/p>\n","protected":false},"excerpt":{"rendered":"<p>\u201eAz emberis\u00e9g mindaddig nem tal\u00e1l b\u00e9k\u00e9t, m\u00edg nem fordul bizalommal irgalmamhoz.\u201d (Szent Faustyna Kowalska:\u00a0Napl\u00f3 300) Most k\u00fcl\u00f6n\u00f6sen is helyt\u00e1ll\u00f3 Fausztina n\u0151v\u00e9r napl\u00f3 bejegyz\u00e9se. H\u00fasv\u00e9t 2. vas\u00e1rnapj\u00e1n az Isteni Irgalmass\u00e1g vas\u00e1rnapj\u00e1t \u00fcnnepelj\u00fck.\u00a0 Szent II. J\u00e1nos P\u00e1l eg\u00e9sz p\u00e1pas\u00e1g\u00e1ban k\u00f6zponti helyet foglalt el az Isteni Irgalmass\u00e1g gondolata. M\u00e1r megv\u00e1laszt\u00e1sa ut\u00e1n k\u00e9t \u00e9vvel, 1980 adventj\u00e9nek kezdet\u00e9n kiadta m\u00e1sodik, Dives in misericordia (Irgalomban gazdag Isten) kezdet\u0171 enciklik\u00e1j\u00e1t, mellyel mintegy programot is adott: \u201eMin\u00e9l ink\u00e1bb elt\u00e1volodik az ember Istent\u0151l \u00e9s az irgalom miszt\u00e9rium\u00e1t\u00f3l, s min\u00e9l ink\u00e1bb elvesz\u00edti a vil\u00e1g eszm\u00e9inek hat\u00e1s\u00e1ra az irgalom sz\u00f3 \u00e9rtelm\u00e9t, az Egyh\u00e1znak ann\u00e1l ink\u00e1bb joga \u00e9s k\u00f6teless\u00e9ge, hogy \u00bbhathat\u00f3s ki\u00e1lt\u00e1ssal\u00ab forduljon az isteni irgalomhoz.\u201d (96) Az irgalmass\u00e1g gondolata \u00e9s \u00fczenete v\u00e9gig jelen van a Szent\u00edr\u00e1sban. A II. vil\u00e1gh\u00e1bor\u00fa el\u0151tt az Isteni Irgalmass\u00e1g \u00fczenete nagy er\u0151vel k\u00f6sz\u00f6nt vissza Fausztina n\u0151v\u00e9r \u00e9let\u00e9ben \u00e9s m\u0171k\u00f6d\u00e9s\u00e9ben. \u00a0Le\u00edr\u00e1sra ker\u00fclt: a vil\u00e1gban nem lesz b\u00e9ke addig, m\u00edg nem fordulunk az Isteni Irgalmass\u00e1ghoz. Jelen vil\u00e1gunk \u00fajra vissza kell, hogy forduljon az irgalmass\u00e1g fel\u00e9. Ez az orvoss\u00e1g, egyben a kegyelem, korunk vesz\u00e9lyes ideol\u00f3gi\u00e1ival folytatott harcaiban. Tal\u00e1n Isten \u00edgy ad \u00fatmutat\u00e1st: azt \u00fczeni, hogy irgalmass\u00e1g\u00e1hoz fordulva tudjuk a vil\u00e1g gondjait, probl\u00e9m\u00e1it orvosolni, gy\u00f3gy\u00edtani. Isten irgalm\u00e1ban b\u00e9k\u00e9re lelni! Kezd\u0151\u00e9nek: Mint \u00fajsz\u00fcl\u00f6tt csecsem\u0151k k\u00edv\u00e1njatok lelki, vizezetlen tejet, hogy t\u0151le feln\u0151jetek az \u00fcdv\u00f6ss\u00e9gre, alleluja. (1P\u00e9t 2,2) vagy \u00d6r\u00fcljetek dics\u0151s\u00e9gteknek, adjatok h\u00e1l\u00e1t Istennek, aki megh\u00edvott titeket a mennyek orsz\u00e1g\u00e1ba, alleluja. (4Ezdr 2,36-37) K\u00f6ny\u00f6rg\u00e9s:\u00a0 \u00d6r\u00f6kk\u00e9 irgalmas Isten\u00fcnk, te l\u00e1ngra lobbantod a neked szentelt n\u00e9p hit\u00e9t, amikor \u00e9vr\u0151l \u00e9vre visszat\u00e9r H\u00fasv\u00e9t \u00fcnnepe. N\u00f6veld kegyelmedet, amelyet megadt\u00e1l nek\u00fcnk. Add, hogy m\u00e9lt\u00f3k\u00e9ppen meg\u00e9rts\u00fck, milyen csod\u00e1latos, hogy megtisztultunk a keresztv\u00edz \u00e1ltal, \u00fajj\u00e1sz\u00fclett\u00fcnk a Szentl\u00e9lekb\u0151l, \u00e9s elnyert\u00fck a megv\u00e1lt\u00e1st Krisztus v\u00e9re \u00e1r\u00e1n. Aki veled \u00e9l \u00e9s uralkodik a Szentl\u00e9lekkel egys\u00e9gben, Isten mind\u00f6r\u00f6kk\u00f6n \u00f6r\u00f6kk\u00e9. OLVASM\u00c1NY az Apostolok Cselekedeteib\u0151l (ApCsel 2,42-47) A h\u00edvek mind \u00f6sszetartottak, \u00e9s k\u00f6z\u00f6s volt minden\u00fck. A jeruzs\u00e1lemi h\u00edvek \u00e1llhatatosan kitartottak az apostolok tan\u00edt\u00e1s\u00e1ban \u00e9s k\u00f6z\u00f6ss\u00e9g\u00e9ben, a keny\u00e9rt\u00f6r\u00e9sben&#8230; <\/p>\n<p><a class=\"readmore\" href=\"https:\/\/stuttgarti-katolikusok.de\/index.php\/husvet-2-vasarnapja-az-isteni-irgalmassag-vasarnapja\/\">R\u00e9szletek<\/a><\/p>\n","protected":false},"author":3,"featured_media":26636,"comment_status":"closed","ping_status":"closed","sticky":false,"template":"","format":"standard","meta":{"footnotes":""},"categories":[85,63],"tags":[],"class_list":["post-26635","post","type-post","status-publish","format-standard","has-post-thumbnail","hentry","category-a-liturgia-olvasmanyai","category-vasarnapi-gondolatok"],"yoast_head":"<!-- This site is optimized with the Yoast SEO plugin v27.3 - https:\/\/yoast.com\/product\/yoast-seo-wordpress\/ -->\n<title>H\u00fasv\u00e9t 2. vas\u00e1rnapja, az isteni Irgalmass\u00e1g vas\u00e1rnapja - Stuttgarti Katolikusok<\/title>\n<meta name=\"robots\" content=\"index, follow, max-snippet:-1, max-image-preview:large, max-video-preview:-1\" \/>\n<link rel=\"canonical\" href=\"https:\/\/stuttgarti-katolikusok.de\/index.php\/husvet-2-vasarnapja-az-isteni-irgalmassag-vasarnapja\/\" \/>\n<meta property=\"og:locale\" content=\"hu_HU\" \/>\n<meta property=\"og:type\" content=\"article\" \/>\n<meta property=\"og:title\" content=\"H\u00fasv\u00e9t 2. vas\u00e1rnapja, az isteni Irgalmass\u00e1g vas\u00e1rnapja - Stuttgarti Katolikusok\" \/>\n<meta property=\"og:description\" content=\"\u201eAz emberis\u00e9g mindaddig nem tal\u00e1l b\u00e9k\u00e9t, m\u00edg nem fordul bizalommal irgalmamhoz.\u201d (Szent Faustyna Kowalska:\u00a0Napl\u00f3 300) Most k\u00fcl\u00f6n\u00f6sen is helyt\u00e1ll\u00f3 Fausztina n\u0151v\u00e9r napl\u00f3 bejegyz\u00e9se. H\u00fasv\u00e9t 2. vas\u00e1rnapj\u00e1n az Isteni Irgalmass\u00e1g vas\u00e1rnapj\u00e1t \u00fcnnepelj\u00fck.\u00a0 Szent II. J\u00e1nos P\u00e1l eg\u00e9sz p\u00e1pas\u00e1g\u00e1ban k\u00f6zponti helyet foglalt el az Isteni Irgalmass\u00e1g gondolata. M\u00e1r megv\u00e1laszt\u00e1sa ut\u00e1n k\u00e9t \u00e9vvel, 1980 adventj\u00e9nek kezdet\u00e9n kiadta m\u00e1sodik, Dives in misericordia (Irgalomban gazdag Isten) kezdet\u0171 enciklik\u00e1j\u00e1t, mellyel mintegy programot is adott: \u201eMin\u00e9l ink\u00e1bb elt\u00e1volodik az ember Istent\u0151l \u00e9s az irgalom miszt\u00e9rium\u00e1t\u00f3l, s min\u00e9l ink\u00e1bb elvesz\u00edti a vil\u00e1g eszm\u00e9inek hat\u00e1s\u00e1ra az irgalom sz\u00f3 \u00e9rtelm\u00e9t, az Egyh\u00e1znak ann\u00e1l ink\u00e1bb joga \u00e9s k\u00f6teless\u00e9ge, hogy \u00bbhathat\u00f3s ki\u00e1lt\u00e1ssal\u00ab forduljon az isteni irgalomhoz.\u201d (96) Az irgalmass\u00e1g gondolata \u00e9s \u00fczenete v\u00e9gig jelen van a Szent\u00edr\u00e1sban. A II. vil\u00e1gh\u00e1bor\u00fa el\u0151tt az Isteni Irgalmass\u00e1g \u00fczenete nagy er\u0151vel k\u00f6sz\u00f6nt vissza Fausztina n\u0151v\u00e9r \u00e9let\u00e9ben \u00e9s m\u0171k\u00f6d\u00e9s\u00e9ben. \u00a0Le\u00edr\u00e1sra ker\u00fclt: a vil\u00e1gban nem lesz b\u00e9ke addig, m\u00edg nem fordulunk az Isteni Irgalmass\u00e1ghoz. Jelen vil\u00e1gunk \u00fajra vissza kell, hogy forduljon az irgalmass\u00e1g fel\u00e9. Ez az orvoss\u00e1g, egyben a kegyelem, korunk vesz\u00e9lyes ideol\u00f3gi\u00e1ival folytatott harcaiban. Tal\u00e1n Isten \u00edgy ad \u00fatmutat\u00e1st: azt \u00fczeni, hogy irgalmass\u00e1g\u00e1hoz fordulva tudjuk a vil\u00e1g gondjait, probl\u00e9m\u00e1it orvosolni, gy\u00f3gy\u00edtani. Isten irgalm\u00e1ban b\u00e9k\u00e9re lelni! Kezd\u0151\u00e9nek: Mint \u00fajsz\u00fcl\u00f6tt csecsem\u0151k k\u00edv\u00e1njatok lelki, vizezetlen tejet, hogy t\u0151le feln\u0151jetek az \u00fcdv\u00f6ss\u00e9gre, alleluja. (1P\u00e9t 2,2) vagy \u00d6r\u00fcljetek dics\u0151s\u00e9gteknek, adjatok h\u00e1l\u00e1t Istennek, aki megh\u00edvott titeket a mennyek orsz\u00e1g\u00e1ba, alleluja. (4Ezdr 2,36-37) K\u00f6ny\u00f6rg\u00e9s:\u00a0 \u00d6r\u00f6kk\u00e9 irgalmas Isten\u00fcnk, te l\u00e1ngra lobbantod a neked szentelt n\u00e9p hit\u00e9t, amikor \u00e9vr\u0151l \u00e9vre visszat\u00e9r H\u00fasv\u00e9t \u00fcnnepe. N\u00f6veld kegyelmedet, amelyet megadt\u00e1l nek\u00fcnk. Add, hogy m\u00e9lt\u00f3k\u00e9ppen meg\u00e9rts\u00fck, milyen csod\u00e1latos, hogy megtisztultunk a keresztv\u00edz \u00e1ltal, \u00fajj\u00e1sz\u00fclett\u00fcnk a Szentl\u00e9lekb\u0151l, \u00e9s elnyert\u00fck a megv\u00e1lt\u00e1st Krisztus v\u00e9re \u00e1r\u00e1n. Aki veled \u00e9l \u00e9s uralkodik a Szentl\u00e9lekkel egys\u00e9gben, Isten mind\u00f6r\u00f6kk\u00f6n \u00f6r\u00f6kk\u00e9. OLVASM\u00c1NY az Apostolok Cselekedeteib\u0151l (ApCsel 2,42-47) A h\u00edvek mind \u00f6sszetartottak, \u00e9s k\u00f6z\u00f6s volt minden\u00fck. A jeruzs\u00e1lemi h\u00edvek \u00e1llhatatosan kitartottak az apostolok tan\u00edt\u00e1s\u00e1ban \u00e9s k\u00f6z\u00f6ss\u00e9g\u00e9ben, a keny\u00e9rt\u00f6r\u00e9sben... R\u00e9szletek\" \/>\n<meta property=\"og:url\" content=\"https:\/\/stuttgarti-katolikusok.de\/index.php\/husvet-2-vasarnapja-az-isteni-irgalmassag-vasarnapja\/\" \/>\n<meta property=\"og:site_name\" content=\"Stuttgarti Katolikusok\" \/>\n<meta property=\"article:published_time\" content=\"2026-04-10T07:59:42+00:00\" \/>\n<meta property=\"article:modified_time\" content=\"2026-04-10T09:48:00+00:00\" \/>\n<meta property=\"og:image\" content=\"https:\/\/stuttgarti-katolikusok.de\/wp-content\/uploads\/2023\/04\/whatsapp-kep-2023-04-15-063039.jpg\" \/>\n\t<meta property=\"og:image:width\" content=\"900\" \/>\n\t<meta property=\"og:image:height\" content=\"400\" \/>\n\t<meta property=\"og:image:type\" content=\"image\/jpeg\" \/>\n<meta name=\"author\" content=\"Tibor atya\" \/>\n<meta name=\"twitter:card\" content=\"summary_large_image\" \/>\n<meta name=\"twitter:label1\" content=\"Szerz\u0151:\" \/>\n\t<meta name=\"twitter:data1\" content=\"Tibor atya\" \/>\n\t<meta name=\"twitter:label2\" content=\"Becs\u00fclt olvas\u00e1si id\u0151\" \/>\n\t<meta name=\"twitter:data2\" content=\"8 perc\" \/>\n<script type=\"application\/ld+json\" class=\"yoast-schema-graph\">{\"@context\":\"https:\\\/\\\/schema.org\",\"@graph\":[{\"@type\":\"Article\",\"@id\":\"https:\\\/\\\/stuttgarti-katolikusok.de\\\/index.php\\\/husvet-2-vasarnapja-az-isteni-irgalmassag-vasarnapja\\\/#article\",\"isPartOf\":{\"@id\":\"https:\\\/\\\/stuttgarti-katolikusok.de\\\/index.php\\\/husvet-2-vasarnapja-az-isteni-irgalmassag-vasarnapja\\\/\"},\"author\":{\"name\":\"Tibor atya\",\"@id\":\"https:\\\/\\\/stuttgarti-katolikusok.de\\\/#\\\/schema\\\/person\\\/75908d6f8fdc03a57889d27209df7795\"},\"headline\":\"H\u00fasv\u00e9t 2. vas\u00e1rnapja, az isteni Irgalmass\u00e1g vas\u00e1rnapja\",\"datePublished\":\"2026-04-10T07:59:42+00:00\",\"dateModified\":\"2026-04-10T09:48:00+00:00\",\"mainEntityOfPage\":{\"@id\":\"https:\\\/\\\/stuttgarti-katolikusok.de\\\/index.php\\\/husvet-2-vasarnapja-az-isteni-irgalmassag-vasarnapja\\\/\"},\"wordCount\":1923,\"image\":{\"@id\":\"https:\\\/\\\/stuttgarti-katolikusok.de\\\/index.php\\\/husvet-2-vasarnapja-az-isteni-irgalmassag-vasarnapja\\\/#primaryimage\"},\"thumbnailUrl\":\"https:\\\/\\\/stuttgarti-katolikusok.de\\\/wp-content\\\/uploads\\\/2023\\\/04\\\/whatsapp-kep-2023-04-15-063039.jpg\",\"articleSection\":[\"A liturgia olvasm\u00e1nyai\",\"Vas\u00e1rnapi gondolatok\"],\"inLanguage\":\"hu\"},{\"@type\":\"WebPage\",\"@id\":\"https:\\\/\\\/stuttgarti-katolikusok.de\\\/index.php\\\/husvet-2-vasarnapja-az-isteni-irgalmassag-vasarnapja\\\/\",\"url\":\"https:\\\/\\\/stuttgarti-katolikusok.de\\\/index.php\\\/husvet-2-vasarnapja-az-isteni-irgalmassag-vasarnapja\\\/\",\"name\":\"H\u00fasv\u00e9t 2. vas\u00e1rnapja, az isteni Irgalmass\u00e1g vas\u00e1rnapja - Stuttgarti Katolikusok\",\"isPartOf\":{\"@id\":\"https:\\\/\\\/stuttgarti-katolikusok.de\\\/#website\"},\"primaryImageOfPage\":{\"@id\":\"https:\\\/\\\/stuttgarti-katolikusok.de\\\/index.php\\\/husvet-2-vasarnapja-az-isteni-irgalmassag-vasarnapja\\\/#primaryimage\"},\"image\":{\"@id\":\"https:\\\/\\\/stuttgarti-katolikusok.de\\\/index.php\\\/husvet-2-vasarnapja-az-isteni-irgalmassag-vasarnapja\\\/#primaryimage\"},\"thumbnailUrl\":\"https:\\\/\\\/stuttgarti-katolikusok.de\\\/wp-content\\\/uploads\\\/2023\\\/04\\\/whatsapp-kep-2023-04-15-063039.jpg\",\"datePublished\":\"2026-04-10T07:59:42+00:00\",\"dateModified\":\"2026-04-10T09:48:00+00:00\",\"author\":{\"@id\":\"https:\\\/\\\/stuttgarti-katolikusok.de\\\/#\\\/schema\\\/person\\\/75908d6f8fdc03a57889d27209df7795\"},\"breadcrumb\":{\"@id\":\"https:\\\/\\\/stuttgarti-katolikusok.de\\\/index.php\\\/husvet-2-vasarnapja-az-isteni-irgalmassag-vasarnapja\\\/#breadcrumb\"},\"inLanguage\":\"hu\",\"potentialAction\":[{\"@type\":\"ReadAction\",\"target\":[\"https:\\\/\\\/stuttgarti-katolikusok.de\\\/index.php\\\/husvet-2-vasarnapja-az-isteni-irgalmassag-vasarnapja\\\/\"]}]},{\"@type\":\"ImageObject\",\"inLanguage\":\"hu\",\"@id\":\"https:\\\/\\\/stuttgarti-katolikusok.de\\\/index.php\\\/husvet-2-vasarnapja-az-isteni-irgalmassag-vasarnapja\\\/#primaryimage\",\"url\":\"https:\\\/\\\/stuttgarti-katolikusok.de\\\/wp-content\\\/uploads\\\/2023\\\/04\\\/whatsapp-kep-2023-04-15-063039.jpg\",\"contentUrl\":\"https:\\\/\\\/stuttgarti-katolikusok.de\\\/wp-content\\\/uploads\\\/2023\\\/04\\\/whatsapp-kep-2023-04-15-063039.jpg\",\"width\":900,\"height\":400},{\"@type\":\"BreadcrumbList\",\"@id\":\"https:\\\/\\\/stuttgarti-katolikusok.de\\\/index.php\\\/husvet-2-vasarnapja-az-isteni-irgalmassag-vasarnapja\\\/#breadcrumb\",\"itemListElement\":[{\"@type\":\"ListItem\",\"position\":1,\"name\":\"Kezd\u0151lap\",\"item\":\"https:\\\/\\\/stuttgarti-katolikusok.de\\\/\"},{\"@type\":\"ListItem\",\"position\":2,\"name\":\"H\u00fasv\u00e9t 2. vas\u00e1rnapja, az isteni Irgalmass\u00e1g vas\u00e1rnapja\"}]},{\"@type\":\"WebSite\",\"@id\":\"https:\\\/\\\/stuttgarti-katolikusok.de\\\/#website\",\"url\":\"https:\\\/\\\/stuttgarti-katolikusok.de\\\/\",\"name\":\"Stuttgarti Katolikusok\",\"description\":\"\",\"potentialAction\":[{\"@type\":\"SearchAction\",\"target\":{\"@type\":\"EntryPoint\",\"urlTemplate\":\"https:\\\/\\\/stuttgarti-katolikusok.de\\\/?s={search_term_string}\"},\"query-input\":{\"@type\":\"PropertyValueSpecification\",\"valueRequired\":true,\"valueName\":\"search_term_string\"}}],\"inLanguage\":\"hu\"},{\"@type\":\"Person\",\"@id\":\"https:\\\/\\\/stuttgarti-katolikusok.de\\\/#\\\/schema\\\/person\\\/75908d6f8fdc03a57889d27209df7795\",\"name\":\"Tibor atya\",\"image\":{\"@type\":\"ImageObject\",\"inLanguage\":\"hu\",\"@id\":\"https:\\\/\\\/secure.gravatar.com\\\/avatar\\\/61d268e57d1f4525b111222e29d2d5a7f8c420fdbf231ba5566a8ceac74fa960?s=96&d=mm&r=g\",\"url\":\"https:\\\/\\\/secure.gravatar.com\\\/avatar\\\/61d268e57d1f4525b111222e29d2d5a7f8c420fdbf231ba5566a8ceac74fa960?s=96&d=mm&r=g\",\"contentUrl\":\"https:\\\/\\\/secure.gravatar.com\\\/avatar\\\/61d268e57d1f4525b111222e29d2d5a7f8c420fdbf231ba5566a8ceac74fa960?s=96&d=mm&r=g\",\"caption\":\"Tibor atya\"},\"url\":\"https:\\\/\\\/stuttgarti-katolikusok.de\\\/index.php\\\/author\\\/tibor-atya\\\/\"}]}<\/script>\n<!-- \/ Yoast SEO plugin. -->","yoast_head_json":{"title":"H\u00fasv\u00e9t 2. vas\u00e1rnapja, az isteni Irgalmass\u00e1g vas\u00e1rnapja - Stuttgarti Katolikusok","robots":{"index":"index","follow":"follow","max-snippet":"max-snippet:-1","max-image-preview":"max-image-preview:large","max-video-preview":"max-video-preview:-1"},"canonical":"https:\/\/stuttgarti-katolikusok.de\/index.php\/husvet-2-vasarnapja-az-isteni-irgalmassag-vasarnapja\/","og_locale":"hu_HU","og_type":"article","og_title":"H\u00fasv\u00e9t 2. vas\u00e1rnapja, az isteni Irgalmass\u00e1g vas\u00e1rnapja - Stuttgarti Katolikusok","og_description":"\u201eAz emberis\u00e9g mindaddig nem tal\u00e1l b\u00e9k\u00e9t, m\u00edg nem fordul bizalommal irgalmamhoz.\u201d (Szent Faustyna Kowalska:\u00a0Napl\u00f3 300) Most k\u00fcl\u00f6n\u00f6sen is helyt\u00e1ll\u00f3 Fausztina n\u0151v\u00e9r napl\u00f3 bejegyz\u00e9se. H\u00fasv\u00e9t 2. vas\u00e1rnapj\u00e1n az Isteni Irgalmass\u00e1g vas\u00e1rnapj\u00e1t \u00fcnnepelj\u00fck.\u00a0 Szent II. J\u00e1nos P\u00e1l eg\u00e9sz p\u00e1pas\u00e1g\u00e1ban k\u00f6zponti helyet foglalt el az Isteni Irgalmass\u00e1g gondolata. M\u00e1r megv\u00e1laszt\u00e1sa ut\u00e1n k\u00e9t \u00e9vvel, 1980 adventj\u00e9nek kezdet\u00e9n kiadta m\u00e1sodik, Dives in misericordia (Irgalomban gazdag Isten) kezdet\u0171 enciklik\u00e1j\u00e1t, mellyel mintegy programot is adott: \u201eMin\u00e9l ink\u00e1bb elt\u00e1volodik az ember Istent\u0151l \u00e9s az irgalom miszt\u00e9rium\u00e1t\u00f3l, s min\u00e9l ink\u00e1bb elvesz\u00edti a vil\u00e1g eszm\u00e9inek hat\u00e1s\u00e1ra az irgalom sz\u00f3 \u00e9rtelm\u00e9t, az Egyh\u00e1znak ann\u00e1l ink\u00e1bb joga \u00e9s k\u00f6teless\u00e9ge, hogy \u00bbhathat\u00f3s ki\u00e1lt\u00e1ssal\u00ab forduljon az isteni irgalomhoz.\u201d (96) Az irgalmass\u00e1g gondolata \u00e9s \u00fczenete v\u00e9gig jelen van a Szent\u00edr\u00e1sban. A II. vil\u00e1gh\u00e1bor\u00fa el\u0151tt az Isteni Irgalmass\u00e1g \u00fczenete nagy er\u0151vel k\u00f6sz\u00f6nt vissza Fausztina n\u0151v\u00e9r \u00e9let\u00e9ben \u00e9s m\u0171k\u00f6d\u00e9s\u00e9ben. \u00a0Le\u00edr\u00e1sra ker\u00fclt: a vil\u00e1gban nem lesz b\u00e9ke addig, m\u00edg nem fordulunk az Isteni Irgalmass\u00e1ghoz. Jelen vil\u00e1gunk \u00fajra vissza kell, hogy forduljon az irgalmass\u00e1g fel\u00e9. Ez az orvoss\u00e1g, egyben a kegyelem, korunk vesz\u00e9lyes ideol\u00f3gi\u00e1ival folytatott harcaiban. Tal\u00e1n Isten \u00edgy ad \u00fatmutat\u00e1st: azt \u00fczeni, hogy irgalmass\u00e1g\u00e1hoz fordulva tudjuk a vil\u00e1g gondjait, probl\u00e9m\u00e1it orvosolni, gy\u00f3gy\u00edtani. Isten irgalm\u00e1ban b\u00e9k\u00e9re lelni! Kezd\u0151\u00e9nek: Mint \u00fajsz\u00fcl\u00f6tt csecsem\u0151k k\u00edv\u00e1njatok lelki, vizezetlen tejet, hogy t\u0151le feln\u0151jetek az \u00fcdv\u00f6ss\u00e9gre, alleluja. (1P\u00e9t 2,2) vagy \u00d6r\u00fcljetek dics\u0151s\u00e9gteknek, adjatok h\u00e1l\u00e1t Istennek, aki megh\u00edvott titeket a mennyek orsz\u00e1g\u00e1ba, alleluja. (4Ezdr 2,36-37) K\u00f6ny\u00f6rg\u00e9s:\u00a0 \u00d6r\u00f6kk\u00e9 irgalmas Isten\u00fcnk, te l\u00e1ngra lobbantod a neked szentelt n\u00e9p hit\u00e9t, amikor \u00e9vr\u0151l \u00e9vre visszat\u00e9r H\u00fasv\u00e9t \u00fcnnepe. N\u00f6veld kegyelmedet, amelyet megadt\u00e1l nek\u00fcnk. Add, hogy m\u00e9lt\u00f3k\u00e9ppen meg\u00e9rts\u00fck, milyen csod\u00e1latos, hogy megtisztultunk a keresztv\u00edz \u00e1ltal, \u00fajj\u00e1sz\u00fclett\u00fcnk a Szentl\u00e9lekb\u0151l, \u00e9s elnyert\u00fck a megv\u00e1lt\u00e1st Krisztus v\u00e9re \u00e1r\u00e1n. Aki veled \u00e9l \u00e9s uralkodik a Szentl\u00e9lekkel egys\u00e9gben, Isten mind\u00f6r\u00f6kk\u00f6n \u00f6r\u00f6kk\u00e9. OLVASM\u00c1NY az Apostolok Cselekedeteib\u0151l (ApCsel 2,42-47) A h\u00edvek mind \u00f6sszetartottak, \u00e9s k\u00f6z\u00f6s volt minden\u00fck. A jeruzs\u00e1lemi h\u00edvek \u00e1llhatatosan kitartottak az apostolok tan\u00edt\u00e1s\u00e1ban \u00e9s k\u00f6z\u00f6ss\u00e9g\u00e9ben, a keny\u00e9rt\u00f6r\u00e9sben... R\u00e9szletek","og_url":"https:\/\/stuttgarti-katolikusok.de\/index.php\/husvet-2-vasarnapja-az-isteni-irgalmassag-vasarnapja\/","og_site_name":"Stuttgarti Katolikusok","article_published_time":"2026-04-10T07:59:42+00:00","article_modified_time":"2026-04-10T09:48:00+00:00","og_image":[{"width":900,"height":400,"url":"https:\/\/stuttgarti-katolikusok.de\/wp-content\/uploads\/2023\/04\/whatsapp-kep-2023-04-15-063039.jpg","type":"image\/jpeg"}],"author":"Tibor atya","twitter_card":"summary_large_image","twitter_misc":{"Szerz\u0151:":"Tibor atya","Becs\u00fclt olvas\u00e1si id\u0151":"8 perc"},"schema":{"@context":"https:\/\/schema.org","@graph":[{"@type":"Article","@id":"https:\/\/stuttgarti-katolikusok.de\/index.php\/husvet-2-vasarnapja-az-isteni-irgalmassag-vasarnapja\/#article","isPartOf":{"@id":"https:\/\/stuttgarti-katolikusok.de\/index.php\/husvet-2-vasarnapja-az-isteni-irgalmassag-vasarnapja\/"},"author":{"name":"Tibor atya","@id":"https:\/\/stuttgarti-katolikusok.de\/#\/schema\/person\/75908d6f8fdc03a57889d27209df7795"},"headline":"H\u00fasv\u00e9t 2. vas\u00e1rnapja, az isteni Irgalmass\u00e1g vas\u00e1rnapja","datePublished":"2026-04-10T07:59:42+00:00","dateModified":"2026-04-10T09:48:00+00:00","mainEntityOfPage":{"@id":"https:\/\/stuttgarti-katolikusok.de\/index.php\/husvet-2-vasarnapja-az-isteni-irgalmassag-vasarnapja\/"},"wordCount":1923,"image":{"@id":"https:\/\/stuttgarti-katolikusok.de\/index.php\/husvet-2-vasarnapja-az-isteni-irgalmassag-vasarnapja\/#primaryimage"},"thumbnailUrl":"https:\/\/stuttgarti-katolikusok.de\/wp-content\/uploads\/2023\/04\/whatsapp-kep-2023-04-15-063039.jpg","articleSection":["A liturgia olvasm\u00e1nyai","Vas\u00e1rnapi gondolatok"],"inLanguage":"hu"},{"@type":"WebPage","@id":"https:\/\/stuttgarti-katolikusok.de\/index.php\/husvet-2-vasarnapja-az-isteni-irgalmassag-vasarnapja\/","url":"https:\/\/stuttgarti-katolikusok.de\/index.php\/husvet-2-vasarnapja-az-isteni-irgalmassag-vasarnapja\/","name":"H\u00fasv\u00e9t 2. vas\u00e1rnapja, az isteni Irgalmass\u00e1g vas\u00e1rnapja - Stuttgarti Katolikusok","isPartOf":{"@id":"https:\/\/stuttgarti-katolikusok.de\/#website"},"primaryImageOfPage":{"@id":"https:\/\/stuttgarti-katolikusok.de\/index.php\/husvet-2-vasarnapja-az-isteni-irgalmassag-vasarnapja\/#primaryimage"},"image":{"@id":"https:\/\/stuttgarti-katolikusok.de\/index.php\/husvet-2-vasarnapja-az-isteni-irgalmassag-vasarnapja\/#primaryimage"},"thumbnailUrl":"https:\/\/stuttgarti-katolikusok.de\/wp-content\/uploads\/2023\/04\/whatsapp-kep-2023-04-15-063039.jpg","datePublished":"2026-04-10T07:59:42+00:00","dateModified":"2026-04-10T09:48:00+00:00","author":{"@id":"https:\/\/stuttgarti-katolikusok.de\/#\/schema\/person\/75908d6f8fdc03a57889d27209df7795"},"breadcrumb":{"@id":"https:\/\/stuttgarti-katolikusok.de\/index.php\/husvet-2-vasarnapja-az-isteni-irgalmassag-vasarnapja\/#breadcrumb"},"inLanguage":"hu","potentialAction":[{"@type":"ReadAction","target":["https:\/\/stuttgarti-katolikusok.de\/index.php\/husvet-2-vasarnapja-az-isteni-irgalmassag-vasarnapja\/"]}]},{"@type":"ImageObject","inLanguage":"hu","@id":"https:\/\/stuttgarti-katolikusok.de\/index.php\/husvet-2-vasarnapja-az-isteni-irgalmassag-vasarnapja\/#primaryimage","url":"https:\/\/stuttgarti-katolikusok.de\/wp-content\/uploads\/2023\/04\/whatsapp-kep-2023-04-15-063039.jpg","contentUrl":"https:\/\/stuttgarti-katolikusok.de\/wp-content\/uploads\/2023\/04\/whatsapp-kep-2023-04-15-063039.jpg","width":900,"height":400},{"@type":"BreadcrumbList","@id":"https:\/\/stuttgarti-katolikusok.de\/index.php\/husvet-2-vasarnapja-az-isteni-irgalmassag-vasarnapja\/#breadcrumb","itemListElement":[{"@type":"ListItem","position":1,"name":"Kezd\u0151lap","item":"https:\/\/stuttgarti-katolikusok.de\/"},{"@type":"ListItem","position":2,"name":"H\u00fasv\u00e9t 2. vas\u00e1rnapja, az isteni Irgalmass\u00e1g vas\u00e1rnapja"}]},{"@type":"WebSite","@id":"https:\/\/stuttgarti-katolikusok.de\/#website","url":"https:\/\/stuttgarti-katolikusok.de\/","name":"Stuttgarti Katolikusok","description":"","potentialAction":[{"@type":"SearchAction","target":{"@type":"EntryPoint","urlTemplate":"https:\/\/stuttgarti-katolikusok.de\/?s={search_term_string}"},"query-input":{"@type":"PropertyValueSpecification","valueRequired":true,"valueName":"search_term_string"}}],"inLanguage":"hu"},{"@type":"Person","@id":"https:\/\/stuttgarti-katolikusok.de\/#\/schema\/person\/75908d6f8fdc03a57889d27209df7795","name":"Tibor atya","image":{"@type":"ImageObject","inLanguage":"hu","@id":"https:\/\/secure.gravatar.com\/avatar\/61d268e57d1f4525b111222e29d2d5a7f8c420fdbf231ba5566a8ceac74fa960?s=96&d=mm&r=g","url":"https:\/\/secure.gravatar.com\/avatar\/61d268e57d1f4525b111222e29d2d5a7f8c420fdbf231ba5566a8ceac74fa960?s=96&d=mm&r=g","contentUrl":"https:\/\/secure.gravatar.com\/avatar\/61d268e57d1f4525b111222e29d2d5a7f8c420fdbf231ba5566a8ceac74fa960?s=96&d=mm&r=g","caption":"Tibor atya"},"url":"https:\/\/stuttgarti-katolikusok.de\/index.php\/author\/tibor-atya\/"}]}},"_links":{"self":[{"href":"https:\/\/stuttgarti-katolikusok.de\/index.php\/wp-json\/wp\/v2\/posts\/26635","targetHints":{"allow":["GET"]}}],"collection":[{"href":"https:\/\/stuttgarti-katolikusok.de\/index.php\/wp-json\/wp\/v2\/posts"}],"about":[{"href":"https:\/\/stuttgarti-katolikusok.de\/index.php\/wp-json\/wp\/v2\/types\/post"}],"author":[{"embeddable":true,"href":"https:\/\/stuttgarti-katolikusok.de\/index.php\/wp-json\/wp\/v2\/users\/3"}],"replies":[{"embeddable":true,"href":"https:\/\/stuttgarti-katolikusok.de\/index.php\/wp-json\/wp\/v2\/comments?post=26635"}],"version-history":[{"count":4,"href":"https:\/\/stuttgarti-katolikusok.de\/index.php\/wp-json\/wp\/v2\/posts\/26635\/revisions"}],"predecessor-version":[{"id":32984,"href":"https:\/\/stuttgarti-katolikusok.de\/index.php\/wp-json\/wp\/v2\/posts\/26635\/revisions\/32984"}],"wp:featuredmedia":[{"embeddable":true,"href":"https:\/\/stuttgarti-katolikusok.de\/index.php\/wp-json\/wp\/v2\/media\/26636"}],"wp:attachment":[{"href":"https:\/\/stuttgarti-katolikusok.de\/index.php\/wp-json\/wp\/v2\/media?parent=26635"}],"wp:term":[{"taxonomy":"category","embeddable":true,"href":"https:\/\/stuttgarti-katolikusok.de\/index.php\/wp-json\/wp\/v2\/categories?post=26635"},{"taxonomy":"post_tag","embeddable":true,"href":"https:\/\/stuttgarti-katolikusok.de\/index.php\/wp-json\/wp\/v2\/tags?post=26635"}],"curies":[{"name":"wp","href":"https:\/\/api.w.org\/{rel}","templated":true}]}}