{"id":26626,"date":"2023-04-12T02:31:31","date_gmt":"2023-04-12T00:31:31","guid":{"rendered":"https:\/\/stuttgarti-katolikusok.de\/?p=26626"},"modified":"2023-04-12T07:46:04","modified_gmt":"2023-04-12T05:46:04","slug":"husvet-unnepe-ulmban","status":"publish","type":"post","link":"https:\/\/stuttgarti-katolikusok.de\/index.php\/husvet-unnepe-ulmban\/","title":{"rendered":"H\u00fasv\u00e9t \u00fcnnepe Ulmban"},"content":{"rendered":"<p>Szem\u00e9ly szerint mindig nagy \u00f6r\u00f6mmel \u00e9s v\u00e1rakoz\u00e1ssal k\u00e9sz\u00fcl\u00f6k egy-egy \u00fcnnepre. Nem volt ez m\u00e1sk\u00e9nt az idei H\u00fasv\u00e9t \u00fcnnep\u00e9vel sem.<\/p>\n<p>Egy kicsit feszesnek \u00edg\u00e9rkezett H\u00fasv\u00e9t vas\u00e1rnapja, ugyanis \u00fagy v\u00e1lasztottam ki a h\u00e1rom mis\u00e9z\u0151 helyet, hogy minden kedves h\u00edvemnek lehet\u0151s\u00e9get biztos\u00edtsak eljutni az \u00fcnnepi szentmis\u00e9re.<\/p>\n<p>Ez\u00e9rt h\u00e1t a v\u00e1laszt\u00e1s Stuttgartra, Ulmra \u00e9s Weingartenre esett. A megteend\u0151 t\u00e1vols\u00e1gok miatt volt bennem egy kicsi f\u00e9lelem, ellenben \u00fagy voltam vele, a magam r\u00e9sz\u00e9r\u0151l igyekszem mindent megtenni, a t\u00f6bbi pedig m\u00e1r nem az \u00e9n dolgom.<\/p>\n<p>Nagy \u00f6r\u00f6m\u00f6mre nagyh\u00e9ten megsz\u00f3l\u00edtott N\u00e9meti Gergely opera\u00e9nekes bar\u00e1tom, \u00e9s egyben felaj\u00e1nlotta, hogy sz\u00edvesen elk\u00eds\u00e9r engem H\u00fasv\u00e9tvas\u00e1rnap Ulmba \u00e9s Weingartenbe. S ha m\u00e1r velem tart, akkor Ulmban Kelemen J\u00f3zsef orgonam\u0171v\u00e9sz bar\u00e1tommal egy\u00fctt n\u00e9h\u00e1ny zenem\u0171vet is el\u0151adnak.<\/p>\n<p>Amikor pedig meg\u00e9rkezt\u00fcnk Ulmba, \u00f6r\u00f6mmel konstat\u00e1ltam, hogy nagyon sz\u00e9p sz\u00e1mban gy\u0171lt\u00fcnk \u00f6ssze Ulmb\u00f3l \u00e9s k\u00f6rny\u00e9k\u00e9r\u0151l, Heidenheimb\u00f3l, Biberachb\u00f3l, Eislingenb\u0151l, Geislingenb\u0151l, Heilbronnb\u00f3l, hogy csak a nagyobb helyeket eml\u00edtsem. Voltak olyan kedves h\u00edveim, akik t\u00f6bb mint 100 km t\u00e1vols\u00e1gb\u00f3l \u00e9rkeztek. Az\u00e9rt is \u00f6r\u00fcltem ennyire, mert itt Ulmban meg\u00e9lhettem Egyh\u00e1zk\u00f6zs\u00e9g\u00fcnk egys\u00e9g\u00e9t \u00e9s \u00f6sszetart\u00e1s\u00e1t.<\/p>\n<p>&#8222;A neh\u00e9z \u00e9s probl\u00e9m\u00e1s id\u0151k lehet\u0151s\u00e9get k\u00edn\u00e1lnak j\u00f3 megold\u00e1sok megtal\u00e1l\u00e1s\u00e1ra&#8221; &#8211; mondogatta biztat\u00e1sk\u00e9nt annak idej\u00e9n Alfred Weiss atya, kolpingos bar\u00e1tom B\u00e9csb\u0151l. Mennyire igaza volt!<\/p>\n<p>A h\u00e1rom elhangzott m\u0171 itt is el\u00e9rhet\u0151 ebben az \u00edr\u00e1sban. Fogadj\u00e1tok szeretettel!<\/p>\n<p>K\u00f6sz\u00f6n\u00f6m nagy szeretetben mindannyitok jelenl\u00e9t\u00e9t Stuttgartban, Ulmban \u00e9s Weingartenben.<\/p>\n<p>H\u00fasv\u00e9t, J\u00e9zus Krisztus hal\u00e1lb\u00f3l val\u00f3 felt\u00e1mad\u00e1s\u00e1nak \u00fcnnepe, s egyben lehet\u0151s\u00e9g sz\u00e1munkra az egy\u00e9ni \u00fajj\u00e1sz\u00fclet\u00e9sre. Ehhez azonban nagyon sok mindennek meg kell halnia bennem, hogy erre az \u00fajj\u00e1sz\u00fclet\u00e9sre m\u00e9lt\u00f3 legyek.<\/p>\n<p>J\u00f3zsi \u00e9s Gergely bar\u00e1taimnak pedig k\u00fcl\u00f6n is k\u00f6sz\u00f6n\u00f6m, hogy ilyen felemel\u0151v\u00e9 tett\u00e9tek \u00fcnnep\u00fcnket Ulmban.<\/p>\n<p><em>Tibor atya<\/em><\/p>\n<p><a href=\"https:\/\/stuttgarti-katolikusok.de\/wp-content\/uploads\/2023\/04\/jozsi-es-gergely.jpg\"><img loading=\"lazy\" decoding=\"async\" class=\"alignnone size-full wp-image-26628\" src=\"https:\/\/stuttgarti-katolikusok.de\/wp-content\/uploads\/2023\/04\/jozsi-es-gergely.jpg\" alt=\"\" width=\"2048\" height=\"1601\" srcset=\"https:\/\/stuttgarti-katolikusok.de\/wp-content\/uploads\/2023\/04\/jozsi-es-gergely.jpg 2048w, https:\/\/stuttgarti-katolikusok.de\/wp-content\/uploads\/2023\/04\/jozsi-es-gergely-300x235.jpg 300w, https:\/\/stuttgarti-katolikusok.de\/wp-content\/uploads\/2023\/04\/jozsi-es-gergely-1024x801.jpg 1024w, https:\/\/stuttgarti-katolikusok.de\/wp-content\/uploads\/2023\/04\/jozsi-es-gergely-1536x1201.jpg 1536w\" sizes=\"auto, (max-width: 2048px) 100vw, 2048px\" \/><\/a><\/p>\n<div class=\"brlbs-cmpnt-container brlbs-cmpnt-content-blocker brlbs-cmpnt-with-individual-styles\" data-borlabs-cookie-content-blocker-id=\"youtube-content-blocker\" data-borlabs-cookie-content=\"PGlmcmFtZSB0aXRsZT0iQWdudXMgRGVpIC0gQml6ZXQiIHdpZHRoPSI5NDAiIGhlaWdodD0iNzA1IiBzcmM9Imh0dHBzOi8vd3d3LnlvdXR1YmUtbm9jb29raWUuY29tL2VtYmVkL3NVSkxQWEVfNWtjP2ZlYXR1cmU9b2VtYmVkIiBmcmFtZWJvcmRlcj0iMCIgYWxsb3c9ImFjY2VsZXJvbWV0ZXI7IGF1dG9wbGF5OyBjbGlwYm9hcmQtd3JpdGU7IGVuY3J5cHRlZC1tZWRpYTsgZ3lyb3Njb3BlOyBwaWN0dXJlLWluLXBpY3R1cmU7IHdlYi1zaGFyZSIgYWxsb3dmdWxsc2NyZWVuPjwvaWZyYW1lPg==\">\n<div class=\"brlbs-cmpnt-cb-preset-c brlbs-cmpnt-cb-youtube\">\n<div class=\"brlbs-cmpnt-cb-thumbnail\" style=\"background-image: url('https:\/\/stuttgarti-katolikusok.de\/wp-content\/uploads\/borlabs-cookie\/1\/yt_sUJLPXE_5kc_hqdefault.jpg')\"><\/div>\n<div class=\"brlbs-cmpnt-cb-main\">\n<div class=\"brlbs-cmpnt-cb-play-button\"><\/div>\n<div class=\"brlbs-cmpnt-cb-content\">\n<p class=\"brlbs-cmpnt-cb-description\">You are currently viewing a placeholder content from <strong>YouTube<\/strong>. To access the actual content, click the button below. Please note that doing so will share data with third-party providers.<\/p>\n<p> <a class=\"brlbs-cmpnt-cb-provider-toggle\" href=\"#\" data-borlabs-cookie-show-provider-information role=\"button\">More Information<\/a> <\/div>\n<div class=\"brlbs-cmpnt-cb-buttons\"> <a class=\"brlbs-cmpnt-cb-btn\" href=\"#\" data-borlabs-cookie-unblock role=\"button\">Unblock content<\/a> <a class=\"brlbs-cmpnt-cb-btn\" href=\"#\" data-borlabs-cookie-accept-service role=\"button\" style=\"display: inherit\">Accept required service and unblock content<\/a> <\/div><\/div><\/div>\n<\/div>\n<div class=\"brlbs-cmpnt-container brlbs-cmpnt-content-blocker brlbs-cmpnt-with-individual-styles\" data-borlabs-cookie-content-blocker-id=\"youtube-content-blocker\" data-borlabs-cookie-content=\"PGlmcmFtZSB0aXRsZT0iQXZlIHZlcnVtIC0gTW96YXJ0IiB3aWR0aD0iOTQwIiBoZWlnaHQ9IjcwNSIgc3JjPSJodHRwczovL3d3dy55b3V0dWJlLW5vY29va2llLmNvbS9lbWJlZC9CcWZiYnl3S0ZIRT9mZWF0dXJlPW9lbWJlZCIgZnJhbWVib3JkZXI9IjAiIGFsbG93PSJhY2NlbGVyb21ldGVyOyBhdXRvcGxheTsgY2xpcGJvYXJkLXdyaXRlOyBlbmNyeXB0ZWQtbWVkaWE7IGd5cm9zY29wZTsgcGljdHVyZS1pbi1waWN0dXJlOyB3ZWItc2hhcmUiIGFsbG93ZnVsbHNjcmVlbj48L2lmcmFtZT4=\">\n<div class=\"brlbs-cmpnt-cb-preset-c brlbs-cmpnt-cb-youtube\">\n<div class=\"brlbs-cmpnt-cb-thumbnail\" style=\"background-image: url('https:\/\/stuttgarti-katolikusok.de\/wp-content\/uploads\/borlabs-cookie\/1\/yt_BqfbbywKFHE_hqdefault.jpg')\"><\/div>\n<div class=\"brlbs-cmpnt-cb-main\">\n<div class=\"brlbs-cmpnt-cb-play-button\"><\/div>\n<div class=\"brlbs-cmpnt-cb-content\">\n<p class=\"brlbs-cmpnt-cb-description\">You are currently viewing a placeholder content from <strong>YouTube<\/strong>. To access the actual content, click the button below. Please note that doing so will share data with third-party providers.<\/p>\n<p> <a class=\"brlbs-cmpnt-cb-provider-toggle\" href=\"#\" data-borlabs-cookie-show-provider-information role=\"button\">More Information<\/a> <\/div>\n<div class=\"brlbs-cmpnt-cb-buttons\"> <a class=\"brlbs-cmpnt-cb-btn\" href=\"#\" data-borlabs-cookie-unblock role=\"button\">Unblock content<\/a> <a class=\"brlbs-cmpnt-cb-btn\" href=\"#\" data-borlabs-cookie-accept-service role=\"button\" style=\"display: inherit\">Accept required service and unblock content<\/a> <\/div><\/div><\/div>\n<\/div>\n<div class=\"brlbs-cmpnt-container brlbs-cmpnt-content-blocker brlbs-cmpnt-with-individual-styles\" data-borlabs-cookie-content-blocker-id=\"youtube-content-blocker\" data-borlabs-cookie-content=\"PGlmcmFtZSB0aXRsZT0iVGhlIExvcmQgQmxlc3MgeW91IGFuZCBrZWVwIHlvdcKgLcKgSm9obsKgUnV0dGVyIiB3aWR0aD0iOTQwIiBoZWlnaHQ9IjcwNSIgc3JjPSJodHRwczovL3d3dy55b3V0dWJlLW5vY29va2llLmNvbS9lbWJlZC9LSk96RTdaa1hrOD9mZWF0dXJlPW9lbWJlZCIgZnJhbWVib3JkZXI9IjAiIGFsbG93PSJhY2NlbGVyb21ldGVyOyBhdXRvcGxheTsgY2xpcGJvYXJkLXdyaXRlOyBlbmNyeXB0ZWQtbWVkaWE7IGd5cm9zY29wZTsgcGljdHVyZS1pbi1waWN0dXJlOyB3ZWItc2hhcmUiIGFsbG93ZnVsbHNjcmVlbj48L2lmcmFtZT4=\">\n<div class=\"brlbs-cmpnt-cb-preset-c brlbs-cmpnt-cb-youtube\">\n<div class=\"brlbs-cmpnt-cb-thumbnail\" style=\"background-image: url('https:\/\/stuttgarti-katolikusok.de\/wp-content\/uploads\/borlabs-cookie\/1\/yt_KJOzE7ZkXk8_hqdefault.jpg')\"><\/div>\n<div class=\"brlbs-cmpnt-cb-main\">\n<div class=\"brlbs-cmpnt-cb-play-button\"><\/div>\n<div class=\"brlbs-cmpnt-cb-content\">\n<p class=\"brlbs-cmpnt-cb-description\">You are currently viewing a placeholder content from <strong>YouTube<\/strong>. To access the actual content, click the button below. Please note that doing so will share data with third-party providers.<\/p>\n<p> <a class=\"brlbs-cmpnt-cb-provider-toggle\" href=\"#\" data-borlabs-cookie-show-provider-information role=\"button\">More Information<\/a> <\/div>\n<div class=\"brlbs-cmpnt-cb-buttons\"> <a class=\"brlbs-cmpnt-cb-btn\" href=\"#\" data-borlabs-cookie-unblock role=\"button\">Unblock content<\/a> <a class=\"brlbs-cmpnt-cb-btn\" href=\"#\" data-borlabs-cookie-accept-service role=\"button\" style=\"display: inherit\">Accept required service and unblock content<\/a> <\/div><\/div><\/div>\n<\/div>\n","protected":false},"excerpt":{"rendered":"<p>Szem\u00e9ly szerint mindig nagy \u00f6r\u00f6mmel \u00e9s v\u00e1rakoz\u00e1ssal k\u00e9sz\u00fcl\u00f6k egy-egy \u00fcnnepre. Nem volt ez m\u00e1sk\u00e9nt az idei H\u00fasv\u00e9t \u00fcnnep\u00e9vel sem. Egy kicsit feszesnek \u00edg\u00e9rkezett H\u00fasv\u00e9t vas\u00e1rnapja, ugyanis \u00fagy v\u00e1lasztottam ki a h\u00e1rom mis\u00e9z\u0151 helyet, hogy minden kedves h\u00edvemnek lehet\u0151s\u00e9get biztos\u00edtsak eljutni az \u00fcnnepi szentmis\u00e9re. Ez\u00e9rt h\u00e1t a v\u00e1laszt\u00e1s Stuttgartra, Ulmra \u00e9s Weingartenre esett. A megteend\u0151 t\u00e1vols\u00e1gok miatt volt bennem egy kicsi f\u00e9lelem, ellenben \u00fagy voltam vele, a magam r\u00e9sz\u00e9r\u0151l igyekszem mindent megtenni, a t\u00f6bbi pedig m\u00e1r nem az \u00e9n dolgom. Nagy \u00f6r\u00f6m\u00f6mre nagyh\u00e9ten megsz\u00f3l\u00edtott N\u00e9meti Gergely opera\u00e9nekes bar\u00e1tom, \u00e9s egyben felaj\u00e1nlotta, hogy sz\u00edvesen elk\u00eds\u00e9r engem H\u00fasv\u00e9tvas\u00e1rnap Ulmba \u00e9s Weingartenbe. S ha m\u00e1r velem tart, akkor Ulmban Kelemen J\u00f3zsef orgonam\u0171v\u00e9sz bar\u00e1tommal egy\u00fctt n\u00e9h\u00e1ny zenem\u0171vet is el\u0151adnak. Amikor pedig meg\u00e9rkezt\u00fcnk Ulmba, \u00f6r\u00f6mmel konstat\u00e1ltam, hogy nagyon sz\u00e9p sz\u00e1mban gy\u0171lt\u00fcnk \u00f6ssze Ulmb\u00f3l \u00e9s k\u00f6rny\u00e9k\u00e9r\u0151l, Heidenheimb\u00f3l, Biberachb\u00f3l, Eislingenb\u0151l, Geislingenb\u0151l, Heilbronnb\u00f3l, hogy csak a nagyobb helyeket eml\u00edtsem. Voltak olyan kedves h\u00edveim, akik t\u00f6bb mint 100 km t\u00e1vols\u00e1gb\u00f3l \u00e9rkeztek. Az\u00e9rt is \u00f6r\u00fcltem ennyire, mert itt Ulmban meg\u00e9lhettem Egyh\u00e1zk\u00f6zs\u00e9g\u00fcnk egys\u00e9g\u00e9t \u00e9s \u00f6sszetart\u00e1s\u00e1t. &#8222;A neh\u00e9z \u00e9s probl\u00e9m\u00e1s id\u0151k lehet\u0151s\u00e9get k\u00edn\u00e1lnak j\u00f3 megold\u00e1sok megtal\u00e1l\u00e1s\u00e1ra&#8221; &#8211; mondogatta biztat\u00e1sk\u00e9nt annak idej\u00e9n Alfred Weiss atya, kolpingos bar\u00e1tom B\u00e9csb\u0151l. Mennyire igaza volt! A h\u00e1rom elhangzott m\u0171 itt is el\u00e9rhet\u0151 ebben az \u00edr\u00e1sban. Fogadj\u00e1tok szeretettel! K\u00f6sz\u00f6n\u00f6m nagy szeretetben mindannyitok jelenl\u00e9t\u00e9t Stuttgartban, Ulmban \u00e9s Weingartenben. H\u00fasv\u00e9t, J\u00e9zus Krisztus hal\u00e1lb\u00f3l val\u00f3 felt\u00e1mad\u00e1s\u00e1nak \u00fcnnepe, s egyben lehet\u0151s\u00e9g sz\u00e1munkra az egy\u00e9ni \u00fajj\u00e1sz\u00fclet\u00e9sre. Ehhez azonban nagyon sok mindennek meg kell halnia bennem, hogy erre az \u00fajj\u00e1sz\u00fclet\u00e9sre m\u00e9lt\u00f3 legyek. J\u00f3zsi \u00e9s Gergely bar\u00e1taimnak pedig k\u00fcl\u00f6n is k\u00f6sz\u00f6n\u00f6m, hogy ilyen felemel\u0151v\u00e9 tett\u00e9tek \u00fcnnep\u00fcnket Ulmban. Tibor atya You are currently viewing a placeholder content from YouTube. To access the actual content, click the button below. Please note that doing so will share data with third-party providers. More Information Unblock content Accept required service and unblock content You are currently viewing a placeholder content from&#8230; <\/p>\n<p><a class=\"readmore\" href=\"https:\/\/stuttgarti-katolikusok.de\/index.php\/husvet-unnepe-ulmban\/\">R\u00e9szletek<\/a><\/p>\n","protected":false},"author":3,"featured_media":26627,"comment_status":"closed","ping_status":"closed","sticky":false,"template":"","format":"standard","meta":{"footnotes":""},"categories":[5],"tags":[],"class_list":["post-26626","post","type-post","status-publish","format-standard","has-post-thumbnail","hentry","category-hirek"],"yoast_head":"<!-- This site is optimized with the Yoast SEO plugin v27.3 - https:\/\/yoast.com\/product\/yoast-seo-wordpress\/ -->\n<title>H\u00fasv\u00e9t \u00fcnnepe Ulmban - Stuttgarti Katolikusok<\/title>\n<meta name=\"robots\" content=\"index, follow, max-snippet:-1, max-image-preview:large, max-video-preview:-1\" \/>\n<link rel=\"canonical\" href=\"https:\/\/stuttgarti-katolikusok.de\/index.php\/husvet-unnepe-ulmban\/\" \/>\n<meta property=\"og:locale\" content=\"hu_HU\" \/>\n<meta property=\"og:type\" content=\"article\" \/>\n<meta property=\"og:title\" content=\"H\u00fasv\u00e9t \u00fcnnepe Ulmban - Stuttgarti Katolikusok\" \/>\n<meta property=\"og:description\" content=\"Szem\u00e9ly szerint mindig nagy \u00f6r\u00f6mmel \u00e9s v\u00e1rakoz\u00e1ssal k\u00e9sz\u00fcl\u00f6k egy-egy \u00fcnnepre. Nem volt ez m\u00e1sk\u00e9nt az idei H\u00fasv\u00e9t \u00fcnnep\u00e9vel sem. Egy kicsit feszesnek \u00edg\u00e9rkezett H\u00fasv\u00e9t vas\u00e1rnapja, ugyanis \u00fagy v\u00e1lasztottam ki a h\u00e1rom mis\u00e9z\u0151 helyet, hogy minden kedves h\u00edvemnek lehet\u0151s\u00e9get biztos\u00edtsak eljutni az \u00fcnnepi szentmis\u00e9re. Ez\u00e9rt h\u00e1t a v\u00e1laszt\u00e1s Stuttgartra, Ulmra \u00e9s Weingartenre esett. A megteend\u0151 t\u00e1vols\u00e1gok miatt volt bennem egy kicsi f\u00e9lelem, ellenben \u00fagy voltam vele, a magam r\u00e9sz\u00e9r\u0151l igyekszem mindent megtenni, a t\u00f6bbi pedig m\u00e1r nem az \u00e9n dolgom. Nagy \u00f6r\u00f6m\u00f6mre nagyh\u00e9ten megsz\u00f3l\u00edtott N\u00e9meti Gergely opera\u00e9nekes bar\u00e1tom, \u00e9s egyben felaj\u00e1nlotta, hogy sz\u00edvesen elk\u00eds\u00e9r engem H\u00fasv\u00e9tvas\u00e1rnap Ulmba \u00e9s Weingartenbe. S ha m\u00e1r velem tart, akkor Ulmban Kelemen J\u00f3zsef orgonam\u0171v\u00e9sz bar\u00e1tommal egy\u00fctt n\u00e9h\u00e1ny zenem\u0171vet is el\u0151adnak. Amikor pedig meg\u00e9rkezt\u00fcnk Ulmba, \u00f6r\u00f6mmel konstat\u00e1ltam, hogy nagyon sz\u00e9p sz\u00e1mban gy\u0171lt\u00fcnk \u00f6ssze Ulmb\u00f3l \u00e9s k\u00f6rny\u00e9k\u00e9r\u0151l, Heidenheimb\u00f3l, Biberachb\u00f3l, Eislingenb\u0151l, Geislingenb\u0151l, Heilbronnb\u00f3l, hogy csak a nagyobb helyeket eml\u00edtsem. Voltak olyan kedves h\u00edveim, akik t\u00f6bb mint 100 km t\u00e1vols\u00e1gb\u00f3l \u00e9rkeztek. Az\u00e9rt is \u00f6r\u00fcltem ennyire, mert itt Ulmban meg\u00e9lhettem Egyh\u00e1zk\u00f6zs\u00e9g\u00fcnk egys\u00e9g\u00e9t \u00e9s \u00f6sszetart\u00e1s\u00e1t. &#8222;A neh\u00e9z \u00e9s probl\u00e9m\u00e1s id\u0151k lehet\u0151s\u00e9get k\u00edn\u00e1lnak j\u00f3 megold\u00e1sok megtal\u00e1l\u00e1s\u00e1ra&#8221; &#8211; mondogatta biztat\u00e1sk\u00e9nt annak idej\u00e9n Alfred Weiss atya, kolpingos bar\u00e1tom B\u00e9csb\u0151l. Mennyire igaza volt! A h\u00e1rom elhangzott m\u0171 itt is el\u00e9rhet\u0151 ebben az \u00edr\u00e1sban. Fogadj\u00e1tok szeretettel! K\u00f6sz\u00f6n\u00f6m nagy szeretetben mindannyitok jelenl\u00e9t\u00e9t Stuttgartban, Ulmban \u00e9s Weingartenben. H\u00fasv\u00e9t, J\u00e9zus Krisztus hal\u00e1lb\u00f3l val\u00f3 felt\u00e1mad\u00e1s\u00e1nak \u00fcnnepe, s egyben lehet\u0151s\u00e9g sz\u00e1munkra az egy\u00e9ni \u00fajj\u00e1sz\u00fclet\u00e9sre. Ehhez azonban nagyon sok mindennek meg kell halnia bennem, hogy erre az \u00fajj\u00e1sz\u00fclet\u00e9sre m\u00e9lt\u00f3 legyek. J\u00f3zsi \u00e9s Gergely bar\u00e1taimnak pedig k\u00fcl\u00f6n is k\u00f6sz\u00f6n\u00f6m, hogy ilyen felemel\u0151v\u00e9 tett\u00e9tek \u00fcnnep\u00fcnket Ulmban. Tibor atya You are currently viewing a placeholder content from YouTube. To access the actual content, click the button below. Please note that doing so will share data with third-party providers. More Information Unblock content Accept required service and unblock content You are currently viewing a placeholder content from... R\u00e9szletek\" \/>\n<meta property=\"og:url\" content=\"https:\/\/stuttgarti-katolikusok.de\/index.php\/husvet-unnepe-ulmban\/\" \/>\n<meta property=\"og:site_name\" content=\"Stuttgarti Katolikusok\" \/>\n<meta property=\"article:published_time\" content=\"2023-04-12T00:31:31+00:00\" \/>\n<meta property=\"article:modified_time\" content=\"2023-04-12T05:46:04+00:00\" \/>\n<meta property=\"og:image\" content=\"https:\/\/stuttgarti-katolikusok.de\/wp-content\/uploads\/2023\/04\/ulm-husvet-scaled.jpg\" \/>\n\t<meta property=\"og:image:width\" content=\"2560\" \/>\n\t<meta property=\"og:image:height\" content=\"1215\" \/>\n\t<meta property=\"og:image:type\" content=\"image\/jpeg\" \/>\n<meta name=\"author\" content=\"Tibor atya\" \/>\n<meta name=\"twitter:card\" content=\"summary_large_image\" \/>\n<meta name=\"twitter:label1\" content=\"Szerz\u0151:\" \/>\n\t<meta name=\"twitter:data1\" content=\"Tibor atya\" \/>\n\t<meta name=\"twitter:label2\" content=\"Becs\u00fclt olvas\u00e1si id\u0151\" \/>\n\t<meta name=\"twitter:data2\" content=\"2 perc\" \/>\n<script type=\"application\/ld+json\" class=\"yoast-schema-graph\">{\"@context\":\"https:\\\/\\\/schema.org\",\"@graph\":[{\"@type\":\"Article\",\"@id\":\"https:\\\/\\\/stuttgarti-katolikusok.de\\\/index.php\\\/husvet-unnepe-ulmban\\\/#article\",\"isPartOf\":{\"@id\":\"https:\\\/\\\/stuttgarti-katolikusok.de\\\/index.php\\\/husvet-unnepe-ulmban\\\/\"},\"author\":{\"name\":\"Tibor atya\",\"@id\":\"https:\\\/\\\/stuttgarti-katolikusok.de\\\/#\\\/schema\\\/person\\\/75908d6f8fdc03a57889d27209df7795\"},\"headline\":\"H\u00fasv\u00e9t \u00fcnnepe Ulmban\",\"datePublished\":\"2023-04-12T00:31:31+00:00\",\"dateModified\":\"2023-04-12T05:46:04+00:00\",\"mainEntityOfPage\":{\"@id\":\"https:\\\/\\\/stuttgarti-katolikusok.de\\\/index.php\\\/husvet-unnepe-ulmban\\\/\"},\"wordCount\":423,\"image\":{\"@id\":\"https:\\\/\\\/stuttgarti-katolikusok.de\\\/index.php\\\/husvet-unnepe-ulmban\\\/#primaryimage\"},\"thumbnailUrl\":\"https:\\\/\\\/stuttgarti-katolikusok.de\\\/wp-content\\\/uploads\\\/2023\\\/04\\\/ulm-husvet-scaled.jpg\",\"articleSection\":[\"H\u00edrek\"],\"inLanguage\":\"hu\"},{\"@type\":\"WebPage\",\"@id\":\"https:\\\/\\\/stuttgarti-katolikusok.de\\\/index.php\\\/husvet-unnepe-ulmban\\\/\",\"url\":\"https:\\\/\\\/stuttgarti-katolikusok.de\\\/index.php\\\/husvet-unnepe-ulmban\\\/\",\"name\":\"H\u00fasv\u00e9t \u00fcnnepe Ulmban - Stuttgarti Katolikusok\",\"isPartOf\":{\"@id\":\"https:\\\/\\\/stuttgarti-katolikusok.de\\\/#website\"},\"primaryImageOfPage\":{\"@id\":\"https:\\\/\\\/stuttgarti-katolikusok.de\\\/index.php\\\/husvet-unnepe-ulmban\\\/#primaryimage\"},\"image\":{\"@id\":\"https:\\\/\\\/stuttgarti-katolikusok.de\\\/index.php\\\/husvet-unnepe-ulmban\\\/#primaryimage\"},\"thumbnailUrl\":\"https:\\\/\\\/stuttgarti-katolikusok.de\\\/wp-content\\\/uploads\\\/2023\\\/04\\\/ulm-husvet-scaled.jpg\",\"datePublished\":\"2023-04-12T00:31:31+00:00\",\"dateModified\":\"2023-04-12T05:46:04+00:00\",\"author\":{\"@id\":\"https:\\\/\\\/stuttgarti-katolikusok.de\\\/#\\\/schema\\\/person\\\/75908d6f8fdc03a57889d27209df7795\"},\"breadcrumb\":{\"@id\":\"https:\\\/\\\/stuttgarti-katolikusok.de\\\/index.php\\\/husvet-unnepe-ulmban\\\/#breadcrumb\"},\"inLanguage\":\"hu\",\"potentialAction\":[{\"@type\":\"ReadAction\",\"target\":[\"https:\\\/\\\/stuttgarti-katolikusok.de\\\/index.php\\\/husvet-unnepe-ulmban\\\/\"]}]},{\"@type\":\"ImageObject\",\"inLanguage\":\"hu\",\"@id\":\"https:\\\/\\\/stuttgarti-katolikusok.de\\\/index.php\\\/husvet-unnepe-ulmban\\\/#primaryimage\",\"url\":\"https:\\\/\\\/stuttgarti-katolikusok.de\\\/wp-content\\\/uploads\\\/2023\\\/04\\\/ulm-husvet-scaled.jpg\",\"contentUrl\":\"https:\\\/\\\/stuttgarti-katolikusok.de\\\/wp-content\\\/uploads\\\/2023\\\/04\\\/ulm-husvet-scaled.jpg\",\"width\":2560,\"height\":1215},{\"@type\":\"BreadcrumbList\",\"@id\":\"https:\\\/\\\/stuttgarti-katolikusok.de\\\/index.php\\\/husvet-unnepe-ulmban\\\/#breadcrumb\",\"itemListElement\":[{\"@type\":\"ListItem\",\"position\":1,\"name\":\"Kezd\u0151lap\",\"item\":\"https:\\\/\\\/stuttgarti-katolikusok.de\\\/\"},{\"@type\":\"ListItem\",\"position\":2,\"name\":\"H\u00fasv\u00e9t \u00fcnnepe Ulmban\"}]},{\"@type\":\"WebSite\",\"@id\":\"https:\\\/\\\/stuttgarti-katolikusok.de\\\/#website\",\"url\":\"https:\\\/\\\/stuttgarti-katolikusok.de\\\/\",\"name\":\"Stuttgarti Katolikusok\",\"description\":\"\",\"potentialAction\":[{\"@type\":\"SearchAction\",\"target\":{\"@type\":\"EntryPoint\",\"urlTemplate\":\"https:\\\/\\\/stuttgarti-katolikusok.de\\\/?s={search_term_string}\"},\"query-input\":{\"@type\":\"PropertyValueSpecification\",\"valueRequired\":true,\"valueName\":\"search_term_string\"}}],\"inLanguage\":\"hu\"},{\"@type\":\"Person\",\"@id\":\"https:\\\/\\\/stuttgarti-katolikusok.de\\\/#\\\/schema\\\/person\\\/75908d6f8fdc03a57889d27209df7795\",\"name\":\"Tibor atya\",\"image\":{\"@type\":\"ImageObject\",\"inLanguage\":\"hu\",\"@id\":\"https:\\\/\\\/secure.gravatar.com\\\/avatar\\\/61d268e57d1f4525b111222e29d2d5a7f8c420fdbf231ba5566a8ceac74fa960?s=96&d=mm&r=g\",\"url\":\"https:\\\/\\\/secure.gravatar.com\\\/avatar\\\/61d268e57d1f4525b111222e29d2d5a7f8c420fdbf231ba5566a8ceac74fa960?s=96&d=mm&r=g\",\"contentUrl\":\"https:\\\/\\\/secure.gravatar.com\\\/avatar\\\/61d268e57d1f4525b111222e29d2d5a7f8c420fdbf231ba5566a8ceac74fa960?s=96&d=mm&r=g\",\"caption\":\"Tibor atya\"},\"url\":\"https:\\\/\\\/stuttgarti-katolikusok.de\\\/index.php\\\/author\\\/tibor-atya\\\/\"}]}<\/script>\n<!-- \/ Yoast SEO plugin. -->","yoast_head_json":{"title":"H\u00fasv\u00e9t \u00fcnnepe Ulmban - Stuttgarti Katolikusok","robots":{"index":"index","follow":"follow","max-snippet":"max-snippet:-1","max-image-preview":"max-image-preview:large","max-video-preview":"max-video-preview:-1"},"canonical":"https:\/\/stuttgarti-katolikusok.de\/index.php\/husvet-unnepe-ulmban\/","og_locale":"hu_HU","og_type":"article","og_title":"H\u00fasv\u00e9t \u00fcnnepe Ulmban - Stuttgarti Katolikusok","og_description":"Szem\u00e9ly szerint mindig nagy \u00f6r\u00f6mmel \u00e9s v\u00e1rakoz\u00e1ssal k\u00e9sz\u00fcl\u00f6k egy-egy \u00fcnnepre. Nem volt ez m\u00e1sk\u00e9nt az idei H\u00fasv\u00e9t \u00fcnnep\u00e9vel sem. Egy kicsit feszesnek \u00edg\u00e9rkezett H\u00fasv\u00e9t vas\u00e1rnapja, ugyanis \u00fagy v\u00e1lasztottam ki a h\u00e1rom mis\u00e9z\u0151 helyet, hogy minden kedves h\u00edvemnek lehet\u0151s\u00e9get biztos\u00edtsak eljutni az \u00fcnnepi szentmis\u00e9re. Ez\u00e9rt h\u00e1t a v\u00e1laszt\u00e1s Stuttgartra, Ulmra \u00e9s Weingartenre esett. A megteend\u0151 t\u00e1vols\u00e1gok miatt volt bennem egy kicsi f\u00e9lelem, ellenben \u00fagy voltam vele, a magam r\u00e9sz\u00e9r\u0151l igyekszem mindent megtenni, a t\u00f6bbi pedig m\u00e1r nem az \u00e9n dolgom. Nagy \u00f6r\u00f6m\u00f6mre nagyh\u00e9ten megsz\u00f3l\u00edtott N\u00e9meti Gergely opera\u00e9nekes bar\u00e1tom, \u00e9s egyben felaj\u00e1nlotta, hogy sz\u00edvesen elk\u00eds\u00e9r engem H\u00fasv\u00e9tvas\u00e1rnap Ulmba \u00e9s Weingartenbe. S ha m\u00e1r velem tart, akkor Ulmban Kelemen J\u00f3zsef orgonam\u0171v\u00e9sz bar\u00e1tommal egy\u00fctt n\u00e9h\u00e1ny zenem\u0171vet is el\u0151adnak. Amikor pedig meg\u00e9rkezt\u00fcnk Ulmba, \u00f6r\u00f6mmel konstat\u00e1ltam, hogy nagyon sz\u00e9p sz\u00e1mban gy\u0171lt\u00fcnk \u00f6ssze Ulmb\u00f3l \u00e9s k\u00f6rny\u00e9k\u00e9r\u0151l, Heidenheimb\u00f3l, Biberachb\u00f3l, Eislingenb\u0151l, Geislingenb\u0151l, Heilbronnb\u00f3l, hogy csak a nagyobb helyeket eml\u00edtsem. Voltak olyan kedves h\u00edveim, akik t\u00f6bb mint 100 km t\u00e1vols\u00e1gb\u00f3l \u00e9rkeztek. Az\u00e9rt is \u00f6r\u00fcltem ennyire, mert itt Ulmban meg\u00e9lhettem Egyh\u00e1zk\u00f6zs\u00e9g\u00fcnk egys\u00e9g\u00e9t \u00e9s \u00f6sszetart\u00e1s\u00e1t. &#8222;A neh\u00e9z \u00e9s probl\u00e9m\u00e1s id\u0151k lehet\u0151s\u00e9get k\u00edn\u00e1lnak j\u00f3 megold\u00e1sok megtal\u00e1l\u00e1s\u00e1ra&#8221; &#8211; mondogatta biztat\u00e1sk\u00e9nt annak idej\u00e9n Alfred Weiss atya, kolpingos bar\u00e1tom B\u00e9csb\u0151l. Mennyire igaza volt! A h\u00e1rom elhangzott m\u0171 itt is el\u00e9rhet\u0151 ebben az \u00edr\u00e1sban. Fogadj\u00e1tok szeretettel! K\u00f6sz\u00f6n\u00f6m nagy szeretetben mindannyitok jelenl\u00e9t\u00e9t Stuttgartban, Ulmban \u00e9s Weingartenben. H\u00fasv\u00e9t, J\u00e9zus Krisztus hal\u00e1lb\u00f3l val\u00f3 felt\u00e1mad\u00e1s\u00e1nak \u00fcnnepe, s egyben lehet\u0151s\u00e9g sz\u00e1munkra az egy\u00e9ni \u00fajj\u00e1sz\u00fclet\u00e9sre. Ehhez azonban nagyon sok mindennek meg kell halnia bennem, hogy erre az \u00fajj\u00e1sz\u00fclet\u00e9sre m\u00e9lt\u00f3 legyek. J\u00f3zsi \u00e9s Gergely bar\u00e1taimnak pedig k\u00fcl\u00f6n is k\u00f6sz\u00f6n\u00f6m, hogy ilyen felemel\u0151v\u00e9 tett\u00e9tek \u00fcnnep\u00fcnket Ulmban. Tibor atya You are currently viewing a placeholder content from YouTube. To access the actual content, click the button below. Please note that doing so will share data with third-party providers. More Information Unblock content Accept required service and unblock content You are currently viewing a placeholder content from... R\u00e9szletek","og_url":"https:\/\/stuttgarti-katolikusok.de\/index.php\/husvet-unnepe-ulmban\/","og_site_name":"Stuttgarti Katolikusok","article_published_time":"2023-04-12T00:31:31+00:00","article_modified_time":"2023-04-12T05:46:04+00:00","og_image":[{"width":2560,"height":1215,"url":"https:\/\/stuttgarti-katolikusok.de\/wp-content\/uploads\/2023\/04\/ulm-husvet-scaled.jpg","type":"image\/jpeg"}],"author":"Tibor atya","twitter_card":"summary_large_image","twitter_misc":{"Szerz\u0151:":"Tibor atya","Becs\u00fclt olvas\u00e1si id\u0151":"2 perc"},"schema":{"@context":"https:\/\/schema.org","@graph":[{"@type":"Article","@id":"https:\/\/stuttgarti-katolikusok.de\/index.php\/husvet-unnepe-ulmban\/#article","isPartOf":{"@id":"https:\/\/stuttgarti-katolikusok.de\/index.php\/husvet-unnepe-ulmban\/"},"author":{"name":"Tibor atya","@id":"https:\/\/stuttgarti-katolikusok.de\/#\/schema\/person\/75908d6f8fdc03a57889d27209df7795"},"headline":"H\u00fasv\u00e9t \u00fcnnepe Ulmban","datePublished":"2023-04-12T00:31:31+00:00","dateModified":"2023-04-12T05:46:04+00:00","mainEntityOfPage":{"@id":"https:\/\/stuttgarti-katolikusok.de\/index.php\/husvet-unnepe-ulmban\/"},"wordCount":423,"image":{"@id":"https:\/\/stuttgarti-katolikusok.de\/index.php\/husvet-unnepe-ulmban\/#primaryimage"},"thumbnailUrl":"https:\/\/stuttgarti-katolikusok.de\/wp-content\/uploads\/2023\/04\/ulm-husvet-scaled.jpg","articleSection":["H\u00edrek"],"inLanguage":"hu"},{"@type":"WebPage","@id":"https:\/\/stuttgarti-katolikusok.de\/index.php\/husvet-unnepe-ulmban\/","url":"https:\/\/stuttgarti-katolikusok.de\/index.php\/husvet-unnepe-ulmban\/","name":"H\u00fasv\u00e9t \u00fcnnepe Ulmban - Stuttgarti Katolikusok","isPartOf":{"@id":"https:\/\/stuttgarti-katolikusok.de\/#website"},"primaryImageOfPage":{"@id":"https:\/\/stuttgarti-katolikusok.de\/index.php\/husvet-unnepe-ulmban\/#primaryimage"},"image":{"@id":"https:\/\/stuttgarti-katolikusok.de\/index.php\/husvet-unnepe-ulmban\/#primaryimage"},"thumbnailUrl":"https:\/\/stuttgarti-katolikusok.de\/wp-content\/uploads\/2023\/04\/ulm-husvet-scaled.jpg","datePublished":"2023-04-12T00:31:31+00:00","dateModified":"2023-04-12T05:46:04+00:00","author":{"@id":"https:\/\/stuttgarti-katolikusok.de\/#\/schema\/person\/75908d6f8fdc03a57889d27209df7795"},"breadcrumb":{"@id":"https:\/\/stuttgarti-katolikusok.de\/index.php\/husvet-unnepe-ulmban\/#breadcrumb"},"inLanguage":"hu","potentialAction":[{"@type":"ReadAction","target":["https:\/\/stuttgarti-katolikusok.de\/index.php\/husvet-unnepe-ulmban\/"]}]},{"@type":"ImageObject","inLanguage":"hu","@id":"https:\/\/stuttgarti-katolikusok.de\/index.php\/husvet-unnepe-ulmban\/#primaryimage","url":"https:\/\/stuttgarti-katolikusok.de\/wp-content\/uploads\/2023\/04\/ulm-husvet-scaled.jpg","contentUrl":"https:\/\/stuttgarti-katolikusok.de\/wp-content\/uploads\/2023\/04\/ulm-husvet-scaled.jpg","width":2560,"height":1215},{"@type":"BreadcrumbList","@id":"https:\/\/stuttgarti-katolikusok.de\/index.php\/husvet-unnepe-ulmban\/#breadcrumb","itemListElement":[{"@type":"ListItem","position":1,"name":"Kezd\u0151lap","item":"https:\/\/stuttgarti-katolikusok.de\/"},{"@type":"ListItem","position":2,"name":"H\u00fasv\u00e9t \u00fcnnepe Ulmban"}]},{"@type":"WebSite","@id":"https:\/\/stuttgarti-katolikusok.de\/#website","url":"https:\/\/stuttgarti-katolikusok.de\/","name":"Stuttgarti Katolikusok","description":"","potentialAction":[{"@type":"SearchAction","target":{"@type":"EntryPoint","urlTemplate":"https:\/\/stuttgarti-katolikusok.de\/?s={search_term_string}"},"query-input":{"@type":"PropertyValueSpecification","valueRequired":true,"valueName":"search_term_string"}}],"inLanguage":"hu"},{"@type":"Person","@id":"https:\/\/stuttgarti-katolikusok.de\/#\/schema\/person\/75908d6f8fdc03a57889d27209df7795","name":"Tibor atya","image":{"@type":"ImageObject","inLanguage":"hu","@id":"https:\/\/secure.gravatar.com\/avatar\/61d268e57d1f4525b111222e29d2d5a7f8c420fdbf231ba5566a8ceac74fa960?s=96&d=mm&r=g","url":"https:\/\/secure.gravatar.com\/avatar\/61d268e57d1f4525b111222e29d2d5a7f8c420fdbf231ba5566a8ceac74fa960?s=96&d=mm&r=g","contentUrl":"https:\/\/secure.gravatar.com\/avatar\/61d268e57d1f4525b111222e29d2d5a7f8c420fdbf231ba5566a8ceac74fa960?s=96&d=mm&r=g","caption":"Tibor atya"},"url":"https:\/\/stuttgarti-katolikusok.de\/index.php\/author\/tibor-atya\/"}]}},"_links":{"self":[{"href":"https:\/\/stuttgarti-katolikusok.de\/index.php\/wp-json\/wp\/v2\/posts\/26626","targetHints":{"allow":["GET"]}}],"collection":[{"href":"https:\/\/stuttgarti-katolikusok.de\/index.php\/wp-json\/wp\/v2\/posts"}],"about":[{"href":"https:\/\/stuttgarti-katolikusok.de\/index.php\/wp-json\/wp\/v2\/types\/post"}],"author":[{"embeddable":true,"href":"https:\/\/stuttgarti-katolikusok.de\/index.php\/wp-json\/wp\/v2\/users\/3"}],"replies":[{"embeddable":true,"href":"https:\/\/stuttgarti-katolikusok.de\/index.php\/wp-json\/wp\/v2\/comments?post=26626"}],"version-history":[{"count":2,"href":"https:\/\/stuttgarti-katolikusok.de\/index.php\/wp-json\/wp\/v2\/posts\/26626\/revisions"}],"predecessor-version":[{"id":26630,"href":"https:\/\/stuttgarti-katolikusok.de\/index.php\/wp-json\/wp\/v2\/posts\/26626\/revisions\/26630"}],"wp:featuredmedia":[{"embeddable":true,"href":"https:\/\/stuttgarti-katolikusok.de\/index.php\/wp-json\/wp\/v2\/media\/26627"}],"wp:attachment":[{"href":"https:\/\/stuttgarti-katolikusok.de\/index.php\/wp-json\/wp\/v2\/media?parent=26626"}],"wp:term":[{"taxonomy":"category","embeddable":true,"href":"https:\/\/stuttgarti-katolikusok.de\/index.php\/wp-json\/wp\/v2\/categories?post=26626"},{"taxonomy":"post_tag","embeddable":true,"href":"https:\/\/stuttgarti-katolikusok.de\/index.php\/wp-json\/wp\/v2\/tags?post=26626"}],"curies":[{"name":"wp","href":"https:\/\/api.w.org\/{rel}","templated":true}]}}