{"id":26615,"date":"2023-04-11T12:35:10","date_gmt":"2023-04-11T10:35:10","guid":{"rendered":"https:\/\/stuttgarti-katolikusok.de\/?p=26615"},"modified":"2023-04-11T12:35:10","modified_gmt":"2023-04-11T10:35:10","slug":"2023-aprilis-11-es-16-kozott","status":"publish","type":"post","link":"https:\/\/stuttgarti-katolikusok.de\/index.php\/2023-aprilis-11-es-16-kozott\/","title":{"rendered":"2023. \u00c1PRILIS 11 \u00c9S 16 K\u00d6Z\u00d6TT"},"content":{"rendered":"<p><span style=\"color: #ff6600;\"><strong><em>Programel\u0151zetes<\/em><\/strong><\/span><\/p>\n<p style=\"text-align: center;\"><span style=\"color: #ff6600;\"><em>\u00a0<strong>*<\/strong><\/em><\/span><\/p>\n<p><a href=\"https:\/\/stuttgarti-katolikusok.de\/wp-content\/uploads\/2023\/04\/melinda-7.jpg\"><img loading=\"lazy\" decoding=\"async\" class=\"alignnone size-full wp-image-26616\" src=\"https:\/\/stuttgarti-katolikusok.de\/wp-content\/uploads\/2023\/04\/melinda-7.jpg\" alt=\"\" width=\"1125\" height=\"2000\" srcset=\"https:\/\/stuttgarti-katolikusok.de\/wp-content\/uploads\/2023\/04\/melinda-7.jpg 1125w, https:\/\/stuttgarti-katolikusok.de\/wp-content\/uploads\/2023\/04\/melinda-7-169x300.jpg 169w, https:\/\/stuttgarti-katolikusok.de\/wp-content\/uploads\/2023\/04\/melinda-7-576x1024.jpg 576w, https:\/\/stuttgarti-katolikusok.de\/wp-content\/uploads\/2023\/04\/melinda-7-864x1536.jpg 864w\" sizes=\"auto, (max-width: 1125px) 100vw, 1125px\" \/><\/a><\/p>\n<p style=\"text-align: center;\"><em><span style=\"color: #ff6600;\">\u00a0*<\/span><\/em><\/p>\n<p><strong>\u00c1prilis 15-\u00e9n<\/strong><em>,<\/em> szombaton, <strong>Heidenheimban<em>\u00a0<\/em><\/strong>15.30 \u00f3rakor <em>szentmise. <\/em>Mivel a terem nem szabad, ez\u00e9rt m\u00e1s m\u00f3dj\u00e1t v\u00e1lasztjuk az <em>agap\u00e9nak.<\/em><\/p>\n<p style=\"text-align: center;\"><span style=\"color: #ff6600;\"><strong><em>*<\/em><\/strong><\/span><\/p>\n<p><strong>\u00c1prilis 16-\u00e1n<\/strong><em>, <span style=\"color: #ff6600;\"><strong>Feh\u00e9rvas\u00e1rnap<\/strong>, <strong>Isteni irgalmass\u00e1g vas\u00e1rnapja<\/strong><\/span>,<\/em><\/p>\n<p><strong>Stuttgartban<\/strong><em>,\u00a0<\/em>11.30 \u00f3rakor <em>szentmise,<\/em><\/p>\n<p><strong>Eislingenben<\/strong>\u00a015.30 \u00f3rakor\u00a0<em>szentmise, <\/em>ut\u00e1na <em>agap\u00e9.<\/em><\/p>\n<p style=\"text-align: center;\"><span style=\"color: #ff6600;\"><strong>*<\/strong><\/span><\/p>\n<p>Mindenkit szeretettel v\u00e1r a k\u00f6z\u00f6ss\u00e9g \u00e9s Tibor atya!<\/p>\n<p style=\"text-align: center;\"><span style=\"color: #ff6600;\"><strong>*<\/strong><\/span><\/p>\n<p><span style=\"color: #ff6600;\"><strong><em>Kegyelemteljes H\u00fasv\u00e9tot k\u00edv\u00e1nunk minden Kedves H\u00edv\u00fcnknek!<\/em><\/strong><\/span><\/p>\n<p style=\"text-align: center;\"><span style=\"color: #ff6600;\"><strong>*<\/strong><\/span><\/p>\n<p><span style=\"color: #ff6600;\"><strong><em>\u201eA H\u00fasv\u00e9t a legnagyobb m\u00e9lys\u00e9geket \u00e9s legnagyobb magass\u00e1gokat meg\u00e9l\u0151 \u00fcnnep\u00fcnk.\u201d<\/em><\/strong><\/span><em>\u00a0<\/em><em>(J\u00f3kai Anna \u2013 k\u00f6lt\u0151n\u0151 \u2013 1932-2017)<\/em><\/p>\n<p>&nbsp;<\/p>\n","protected":false},"excerpt":{"rendered":"<p>Programel\u0151zetes \u00a0* \u00a0* \u00c1prilis 15-\u00e9n, szombaton, Heidenheimban\u00a015.30 \u00f3rakor szentmise. Mivel a terem nem szabad, ez\u00e9rt m\u00e1s m\u00f3dj\u00e1t v\u00e1lasztjuk az agap\u00e9nak. * \u00c1prilis 16-\u00e1n, Feh\u00e9rvas\u00e1rnap, Isteni irgalmass\u00e1g vas\u00e1rnapja, Stuttgartban,\u00a011.30 \u00f3rakor szentmise, Eislingenben\u00a015.30 \u00f3rakor\u00a0szentmise, ut\u00e1na agap\u00e9. * Mindenkit szeretettel v\u00e1r a k\u00f6z\u00f6ss\u00e9g \u00e9s Tibor atya! * Kegyelemteljes H\u00fasv\u00e9tot k\u00edv\u00e1nunk minden Kedves H\u00edv\u00fcnknek! * \u201eA H\u00fasv\u00e9t a legnagyobb m\u00e9lys\u00e9geket \u00e9s legnagyobb magass\u00e1gokat meg\u00e9l\u0151 \u00fcnnep\u00fcnk.\u201d\u00a0(J\u00f3kai Anna \u2013 k\u00f6lt\u0151n\u0151 \u2013 1932-2017) &nbsp;<\/p>\n","protected":false},"author":3,"featured_media":26618,"comment_status":"closed","ping_status":"closed","sticky":false,"template":"","format":"standard","meta":{"footnotes":""},"categories":[37],"tags":[],"class_list":["post-26615","post","type-post","status-publish","format-standard","has-post-thumbnail","hentry","category-progamelozetes"],"yoast_head":"<!-- This site is optimized with the Yoast SEO plugin v27.3 - https:\/\/yoast.com\/product\/yoast-seo-wordpress\/ -->\n<title>2023. \u00c1PRILIS 11 \u00c9S 16 K\u00d6Z\u00d6TT - Stuttgarti Katolikusok<\/title>\n<meta name=\"robots\" content=\"index, follow, max-snippet:-1, max-image-preview:large, max-video-preview:-1\" \/>\n<link rel=\"canonical\" href=\"https:\/\/stuttgarti-katolikusok.de\/index.php\/2023-aprilis-11-es-16-kozott\/\" \/>\n<meta property=\"og:locale\" content=\"hu_HU\" \/>\n<meta property=\"og:type\" content=\"article\" \/>\n<meta property=\"og:title\" content=\"2023. \u00c1PRILIS 11 \u00c9S 16 K\u00d6Z\u00d6TT - Stuttgarti Katolikusok\" \/>\n<meta property=\"og:description\" content=\"Programel\u0151zetes \u00a0* \u00a0* \u00c1prilis 15-\u00e9n, szombaton, Heidenheimban\u00a015.30 \u00f3rakor szentmise. Mivel a terem nem szabad, ez\u00e9rt m\u00e1s m\u00f3dj\u00e1t v\u00e1lasztjuk az agap\u00e9nak. * \u00c1prilis 16-\u00e1n, Feh\u00e9rvas\u00e1rnap, Isteni irgalmass\u00e1g vas\u00e1rnapja, Stuttgartban,\u00a011.30 \u00f3rakor szentmise, Eislingenben\u00a015.30 \u00f3rakor\u00a0szentmise, ut\u00e1na agap\u00e9. * Mindenkit szeretettel v\u00e1r a k\u00f6z\u00f6ss\u00e9g \u00e9s Tibor atya! * Kegyelemteljes H\u00fasv\u00e9tot k\u00edv\u00e1nunk minden Kedves H\u00edv\u00fcnknek! * \u201eA H\u00fasv\u00e9t a legnagyobb m\u00e9lys\u00e9geket \u00e9s legnagyobb magass\u00e1gokat meg\u00e9l\u0151 \u00fcnnep\u00fcnk.\u201d\u00a0(J\u00f3kai Anna \u2013 k\u00f6lt\u0151n\u0151 \u2013 1932-2017) &nbsp;\" \/>\n<meta property=\"og:url\" content=\"https:\/\/stuttgarti-katolikusok.de\/index.php\/2023-aprilis-11-es-16-kozott\/\" \/>\n<meta property=\"og:site_name\" content=\"Stuttgarti Katolikusok\" \/>\n<meta property=\"article:published_time\" content=\"2023-04-11T10:35:10+00:00\" \/>\n<meta property=\"og:image\" content=\"https:\/\/stuttgarti-katolikusok.de\/wp-content\/uploads\/2023\/04\/programelozetes-web.jpg\" \/>\n\t<meta property=\"og:image:width\" content=\"1775\" \/>\n\t<meta property=\"og:image:height\" content=\"839\" \/>\n\t<meta property=\"og:image:type\" content=\"image\/jpeg\" \/>\n<meta name=\"author\" content=\"Tibor atya\" \/>\n<meta name=\"twitter:card\" content=\"summary_large_image\" \/>\n<meta name=\"twitter:label1\" content=\"Szerz\u0151:\" \/>\n\t<meta name=\"twitter:data1\" content=\"Tibor atya\" \/>\n\t<meta name=\"twitter:label2\" content=\"Becs\u00fclt olvas\u00e1si id\u0151\" \/>\n\t<meta name=\"twitter:data2\" content=\"1 perc\" \/>\n<script type=\"application\/ld+json\" class=\"yoast-schema-graph\">{\"@context\":\"https:\\\/\\\/schema.org\",\"@graph\":[{\"@type\":\"Article\",\"@id\":\"https:\\\/\\\/stuttgarti-katolikusok.de\\\/index.php\\\/2023-aprilis-11-es-16-kozott\\\/#article\",\"isPartOf\":{\"@id\":\"https:\\\/\\\/stuttgarti-katolikusok.de\\\/index.php\\\/2023-aprilis-11-es-16-kozott\\\/\"},\"author\":{\"name\":\"Tibor atya\",\"@id\":\"https:\\\/\\\/stuttgarti-katolikusok.de\\\/#\\\/schema\\\/person\\\/75908d6f8fdc03a57889d27209df7795\"},\"headline\":\"2023. \u00c1PRILIS 11 \u00c9S 16 K\u00d6Z\u00d6TT\",\"datePublished\":\"2023-04-11T10:35:10+00:00\",\"mainEntityOfPage\":{\"@id\":\"https:\\\/\\\/stuttgarti-katolikusok.de\\\/index.php\\\/2023-aprilis-11-es-16-kozott\\\/\"},\"wordCount\":100,\"image\":{\"@id\":\"https:\\\/\\\/stuttgarti-katolikusok.de\\\/index.php\\\/2023-aprilis-11-es-16-kozott\\\/#primaryimage\"},\"thumbnailUrl\":\"https:\\\/\\\/stuttgarti-katolikusok.de\\\/wp-content\\\/uploads\\\/2023\\\/04\\\/programelozetes-web.jpg\",\"articleSection\":[\"Progamel\u0151zetes\"],\"inLanguage\":\"hu\"},{\"@type\":\"WebPage\",\"@id\":\"https:\\\/\\\/stuttgarti-katolikusok.de\\\/index.php\\\/2023-aprilis-11-es-16-kozott\\\/\",\"url\":\"https:\\\/\\\/stuttgarti-katolikusok.de\\\/index.php\\\/2023-aprilis-11-es-16-kozott\\\/\",\"name\":\"2023. \u00c1PRILIS 11 \u00c9S 16 K\u00d6Z\u00d6TT - Stuttgarti Katolikusok\",\"isPartOf\":{\"@id\":\"https:\\\/\\\/stuttgarti-katolikusok.de\\\/#website\"},\"primaryImageOfPage\":{\"@id\":\"https:\\\/\\\/stuttgarti-katolikusok.de\\\/index.php\\\/2023-aprilis-11-es-16-kozott\\\/#primaryimage\"},\"image\":{\"@id\":\"https:\\\/\\\/stuttgarti-katolikusok.de\\\/index.php\\\/2023-aprilis-11-es-16-kozott\\\/#primaryimage\"},\"thumbnailUrl\":\"https:\\\/\\\/stuttgarti-katolikusok.de\\\/wp-content\\\/uploads\\\/2023\\\/04\\\/programelozetes-web.jpg\",\"datePublished\":\"2023-04-11T10:35:10+00:00\",\"author\":{\"@id\":\"https:\\\/\\\/stuttgarti-katolikusok.de\\\/#\\\/schema\\\/person\\\/75908d6f8fdc03a57889d27209df7795\"},\"breadcrumb\":{\"@id\":\"https:\\\/\\\/stuttgarti-katolikusok.de\\\/index.php\\\/2023-aprilis-11-es-16-kozott\\\/#breadcrumb\"},\"inLanguage\":\"hu\",\"potentialAction\":[{\"@type\":\"ReadAction\",\"target\":[\"https:\\\/\\\/stuttgarti-katolikusok.de\\\/index.php\\\/2023-aprilis-11-es-16-kozott\\\/\"]}]},{\"@type\":\"ImageObject\",\"inLanguage\":\"hu\",\"@id\":\"https:\\\/\\\/stuttgarti-katolikusok.de\\\/index.php\\\/2023-aprilis-11-es-16-kozott\\\/#primaryimage\",\"url\":\"https:\\\/\\\/stuttgarti-katolikusok.de\\\/wp-content\\\/uploads\\\/2023\\\/04\\\/programelozetes-web.jpg\",\"contentUrl\":\"https:\\\/\\\/stuttgarti-katolikusok.de\\\/wp-content\\\/uploads\\\/2023\\\/04\\\/programelozetes-web.jpg\",\"width\":1775,\"height\":839},{\"@type\":\"BreadcrumbList\",\"@id\":\"https:\\\/\\\/stuttgarti-katolikusok.de\\\/index.php\\\/2023-aprilis-11-es-16-kozott\\\/#breadcrumb\",\"itemListElement\":[{\"@type\":\"ListItem\",\"position\":1,\"name\":\"Kezd\u0151lap\",\"item\":\"https:\\\/\\\/stuttgarti-katolikusok.de\\\/\"},{\"@type\":\"ListItem\",\"position\":2,\"name\":\"2023. \u00c1PRILIS 11 \u00c9S 16 K\u00d6Z\u00d6TT\"}]},{\"@type\":\"WebSite\",\"@id\":\"https:\\\/\\\/stuttgarti-katolikusok.de\\\/#website\",\"url\":\"https:\\\/\\\/stuttgarti-katolikusok.de\\\/\",\"name\":\"Stuttgarti Katolikusok\",\"description\":\"\",\"potentialAction\":[{\"@type\":\"SearchAction\",\"target\":{\"@type\":\"EntryPoint\",\"urlTemplate\":\"https:\\\/\\\/stuttgarti-katolikusok.de\\\/?s={search_term_string}\"},\"query-input\":{\"@type\":\"PropertyValueSpecification\",\"valueRequired\":true,\"valueName\":\"search_term_string\"}}],\"inLanguage\":\"hu\"},{\"@type\":\"Person\",\"@id\":\"https:\\\/\\\/stuttgarti-katolikusok.de\\\/#\\\/schema\\\/person\\\/75908d6f8fdc03a57889d27209df7795\",\"name\":\"Tibor atya\",\"image\":{\"@type\":\"ImageObject\",\"inLanguage\":\"hu\",\"@id\":\"https:\\\/\\\/secure.gravatar.com\\\/avatar\\\/61d268e57d1f4525b111222e29d2d5a7f8c420fdbf231ba5566a8ceac74fa960?s=96&d=mm&r=g\",\"url\":\"https:\\\/\\\/secure.gravatar.com\\\/avatar\\\/61d268e57d1f4525b111222e29d2d5a7f8c420fdbf231ba5566a8ceac74fa960?s=96&d=mm&r=g\",\"contentUrl\":\"https:\\\/\\\/secure.gravatar.com\\\/avatar\\\/61d268e57d1f4525b111222e29d2d5a7f8c420fdbf231ba5566a8ceac74fa960?s=96&d=mm&r=g\",\"caption\":\"Tibor atya\"},\"url\":\"https:\\\/\\\/stuttgarti-katolikusok.de\\\/index.php\\\/author\\\/tibor-atya\\\/\"}]}<\/script>\n<!-- \/ Yoast SEO plugin. -->","yoast_head_json":{"title":"2023. \u00c1PRILIS 11 \u00c9S 16 K\u00d6Z\u00d6TT - Stuttgarti Katolikusok","robots":{"index":"index","follow":"follow","max-snippet":"max-snippet:-1","max-image-preview":"max-image-preview:large","max-video-preview":"max-video-preview:-1"},"canonical":"https:\/\/stuttgarti-katolikusok.de\/index.php\/2023-aprilis-11-es-16-kozott\/","og_locale":"hu_HU","og_type":"article","og_title":"2023. \u00c1PRILIS 11 \u00c9S 16 K\u00d6Z\u00d6TT - Stuttgarti Katolikusok","og_description":"Programel\u0151zetes \u00a0* \u00a0* \u00c1prilis 15-\u00e9n, szombaton, Heidenheimban\u00a015.30 \u00f3rakor szentmise. Mivel a terem nem szabad, ez\u00e9rt m\u00e1s m\u00f3dj\u00e1t v\u00e1lasztjuk az agap\u00e9nak. * \u00c1prilis 16-\u00e1n, Feh\u00e9rvas\u00e1rnap, Isteni irgalmass\u00e1g vas\u00e1rnapja, Stuttgartban,\u00a011.30 \u00f3rakor szentmise, Eislingenben\u00a015.30 \u00f3rakor\u00a0szentmise, ut\u00e1na agap\u00e9. * Mindenkit szeretettel v\u00e1r a k\u00f6z\u00f6ss\u00e9g \u00e9s Tibor atya! * Kegyelemteljes H\u00fasv\u00e9tot k\u00edv\u00e1nunk minden Kedves H\u00edv\u00fcnknek! * \u201eA H\u00fasv\u00e9t a legnagyobb m\u00e9lys\u00e9geket \u00e9s legnagyobb magass\u00e1gokat meg\u00e9l\u0151 \u00fcnnep\u00fcnk.\u201d\u00a0(J\u00f3kai Anna \u2013 k\u00f6lt\u0151n\u0151 \u2013 1932-2017) &nbsp;","og_url":"https:\/\/stuttgarti-katolikusok.de\/index.php\/2023-aprilis-11-es-16-kozott\/","og_site_name":"Stuttgarti Katolikusok","article_published_time":"2023-04-11T10:35:10+00:00","og_image":[{"width":1775,"height":839,"url":"https:\/\/stuttgarti-katolikusok.de\/wp-content\/uploads\/2023\/04\/programelozetes-web.jpg","type":"image\/jpeg"}],"author":"Tibor atya","twitter_card":"summary_large_image","twitter_misc":{"Szerz\u0151:":"Tibor atya","Becs\u00fclt olvas\u00e1si id\u0151":"1 perc"},"schema":{"@context":"https:\/\/schema.org","@graph":[{"@type":"Article","@id":"https:\/\/stuttgarti-katolikusok.de\/index.php\/2023-aprilis-11-es-16-kozott\/#article","isPartOf":{"@id":"https:\/\/stuttgarti-katolikusok.de\/index.php\/2023-aprilis-11-es-16-kozott\/"},"author":{"name":"Tibor atya","@id":"https:\/\/stuttgarti-katolikusok.de\/#\/schema\/person\/75908d6f8fdc03a57889d27209df7795"},"headline":"2023. \u00c1PRILIS 11 \u00c9S 16 K\u00d6Z\u00d6TT","datePublished":"2023-04-11T10:35:10+00:00","mainEntityOfPage":{"@id":"https:\/\/stuttgarti-katolikusok.de\/index.php\/2023-aprilis-11-es-16-kozott\/"},"wordCount":100,"image":{"@id":"https:\/\/stuttgarti-katolikusok.de\/index.php\/2023-aprilis-11-es-16-kozott\/#primaryimage"},"thumbnailUrl":"https:\/\/stuttgarti-katolikusok.de\/wp-content\/uploads\/2023\/04\/programelozetes-web.jpg","articleSection":["Progamel\u0151zetes"],"inLanguage":"hu"},{"@type":"WebPage","@id":"https:\/\/stuttgarti-katolikusok.de\/index.php\/2023-aprilis-11-es-16-kozott\/","url":"https:\/\/stuttgarti-katolikusok.de\/index.php\/2023-aprilis-11-es-16-kozott\/","name":"2023. \u00c1PRILIS 11 \u00c9S 16 K\u00d6Z\u00d6TT - Stuttgarti Katolikusok","isPartOf":{"@id":"https:\/\/stuttgarti-katolikusok.de\/#website"},"primaryImageOfPage":{"@id":"https:\/\/stuttgarti-katolikusok.de\/index.php\/2023-aprilis-11-es-16-kozott\/#primaryimage"},"image":{"@id":"https:\/\/stuttgarti-katolikusok.de\/index.php\/2023-aprilis-11-es-16-kozott\/#primaryimage"},"thumbnailUrl":"https:\/\/stuttgarti-katolikusok.de\/wp-content\/uploads\/2023\/04\/programelozetes-web.jpg","datePublished":"2023-04-11T10:35:10+00:00","author":{"@id":"https:\/\/stuttgarti-katolikusok.de\/#\/schema\/person\/75908d6f8fdc03a57889d27209df7795"},"breadcrumb":{"@id":"https:\/\/stuttgarti-katolikusok.de\/index.php\/2023-aprilis-11-es-16-kozott\/#breadcrumb"},"inLanguage":"hu","potentialAction":[{"@type":"ReadAction","target":["https:\/\/stuttgarti-katolikusok.de\/index.php\/2023-aprilis-11-es-16-kozott\/"]}]},{"@type":"ImageObject","inLanguage":"hu","@id":"https:\/\/stuttgarti-katolikusok.de\/index.php\/2023-aprilis-11-es-16-kozott\/#primaryimage","url":"https:\/\/stuttgarti-katolikusok.de\/wp-content\/uploads\/2023\/04\/programelozetes-web.jpg","contentUrl":"https:\/\/stuttgarti-katolikusok.de\/wp-content\/uploads\/2023\/04\/programelozetes-web.jpg","width":1775,"height":839},{"@type":"BreadcrumbList","@id":"https:\/\/stuttgarti-katolikusok.de\/index.php\/2023-aprilis-11-es-16-kozott\/#breadcrumb","itemListElement":[{"@type":"ListItem","position":1,"name":"Kezd\u0151lap","item":"https:\/\/stuttgarti-katolikusok.de\/"},{"@type":"ListItem","position":2,"name":"2023. \u00c1PRILIS 11 \u00c9S 16 K\u00d6Z\u00d6TT"}]},{"@type":"WebSite","@id":"https:\/\/stuttgarti-katolikusok.de\/#website","url":"https:\/\/stuttgarti-katolikusok.de\/","name":"Stuttgarti Katolikusok","description":"","potentialAction":[{"@type":"SearchAction","target":{"@type":"EntryPoint","urlTemplate":"https:\/\/stuttgarti-katolikusok.de\/?s={search_term_string}"},"query-input":{"@type":"PropertyValueSpecification","valueRequired":true,"valueName":"search_term_string"}}],"inLanguage":"hu"},{"@type":"Person","@id":"https:\/\/stuttgarti-katolikusok.de\/#\/schema\/person\/75908d6f8fdc03a57889d27209df7795","name":"Tibor atya","image":{"@type":"ImageObject","inLanguage":"hu","@id":"https:\/\/secure.gravatar.com\/avatar\/61d268e57d1f4525b111222e29d2d5a7f8c420fdbf231ba5566a8ceac74fa960?s=96&d=mm&r=g","url":"https:\/\/secure.gravatar.com\/avatar\/61d268e57d1f4525b111222e29d2d5a7f8c420fdbf231ba5566a8ceac74fa960?s=96&d=mm&r=g","contentUrl":"https:\/\/secure.gravatar.com\/avatar\/61d268e57d1f4525b111222e29d2d5a7f8c420fdbf231ba5566a8ceac74fa960?s=96&d=mm&r=g","caption":"Tibor atya"},"url":"https:\/\/stuttgarti-katolikusok.de\/index.php\/author\/tibor-atya\/"}]}},"_links":{"self":[{"href":"https:\/\/stuttgarti-katolikusok.de\/index.php\/wp-json\/wp\/v2\/posts\/26615","targetHints":{"allow":["GET"]}}],"collection":[{"href":"https:\/\/stuttgarti-katolikusok.de\/index.php\/wp-json\/wp\/v2\/posts"}],"about":[{"href":"https:\/\/stuttgarti-katolikusok.de\/index.php\/wp-json\/wp\/v2\/types\/post"}],"author":[{"embeddable":true,"href":"https:\/\/stuttgarti-katolikusok.de\/index.php\/wp-json\/wp\/v2\/users\/3"}],"replies":[{"embeddable":true,"href":"https:\/\/stuttgarti-katolikusok.de\/index.php\/wp-json\/wp\/v2\/comments?post=26615"}],"version-history":[{"count":1,"href":"https:\/\/stuttgarti-katolikusok.de\/index.php\/wp-json\/wp\/v2\/posts\/26615\/revisions"}],"predecessor-version":[{"id":26619,"href":"https:\/\/stuttgarti-katolikusok.de\/index.php\/wp-json\/wp\/v2\/posts\/26615\/revisions\/26619"}],"wp:featuredmedia":[{"embeddable":true,"href":"https:\/\/stuttgarti-katolikusok.de\/index.php\/wp-json\/wp\/v2\/media\/26618"}],"wp:attachment":[{"href":"https:\/\/stuttgarti-katolikusok.de\/index.php\/wp-json\/wp\/v2\/media?parent=26615"}],"wp:term":[{"taxonomy":"category","embeddable":true,"href":"https:\/\/stuttgarti-katolikusok.de\/index.php\/wp-json\/wp\/v2\/categories?post=26615"},{"taxonomy":"post_tag","embeddable":true,"href":"https:\/\/stuttgarti-katolikusok.de\/index.php\/wp-json\/wp\/v2\/tags?post=26615"}],"curies":[{"name":"wp","href":"https:\/\/api.w.org\/{rel}","templated":true}]}}