{"id":26598,"date":"2026-04-03T06:33:19","date_gmt":"2026-04-03T04:33:19","guid":{"rendered":"https:\/\/stuttgarti-katolikusok.de\/?p=26598"},"modified":"2026-04-03T09:06:29","modified_gmt":"2026-04-03T07:06:29","slug":"nagypentek","status":"publish","type":"post","link":"https:\/\/stuttgarti-katolikusok.de\/index.php\/nagypentek\/","title":{"rendered":"Nagyp\u00e9ntek"},"content":{"rendered":"<p><em>\u00a0 \u00a0<span style=\"color: #993366;\">A nagyp\u00e9nteki liturgia Urunk szenved\u00e9s\u00e9nek \u00e9s hal\u00e1l\u00e1nak a meg\u00fcnnepl\u00e9se. Ez az istentisztelet eg\u00e9szen m\u00e1s, mint a t\u00f6bbi, amelyet az egyh\u00e1zi \u00e9v sor\u00e1n \u00fcnnepl\u00fcnk.\u00a0 Ez\u00e9rt hadd vezessem be egy p\u00e1r sz\u00f3val.<\/span><\/em><\/p>\n<p><span style=\"color: #993366;\"><em>\u00a0 \u00a0Urunk k\u00ednszenved\u00e9s\u00e9nek \u00e9s hal\u00e1l\u00e1nak napj\u00e1n nincsen szentmise. A mai napon a kereszt\u00e1ldozatra, az \u00dajsz\u00f6vets\u00e9g egyetlen \u00e1ldozat\u00e1ra eml\u00e9kez\u00fcnk. Ma nem az \u00f6r\u00f6m, ker\u00fcl el\u0151t\u00e9rbe, hanem az a dr\u00e1ga \u00e1r, amivel Urunk J\u00e9zus megszerezte nek\u00fcnk az \u00fcdv\u00f6ss\u00e9get. Ez\u00e9rt hallgatnak a harangok, ez\u00e9rt \u00f6lt piros sz\u00ednt a liturgia.<\/em><\/span><\/p>\n<p><span style=\"color: #993366;\"><em>\u00a0 \u00a0A mai nap szertart\u00e1sa er\u0151teljes, a l\u00e9nyegre figyelmeztet\u0151 jelk\u00e9peket haszn\u00e1l. A csendes bevonul\u00e1s ut\u00e1n a pap arcra borul a kereszt el\u0151tt, a h\u00f3dolatnak, a mindenek felett \u00e1ll\u00f3 tiszteletnek jelek\u00e9nt, mik\u00f6zben valamennyien let\u00e9rdel\u00fcnk. A szertart\u00e1s elej\u00e9n elmarad a keresztvet\u00e9s, nincsen k\u00f6sz\u00f6nt\u00e9s sem. Egy r\u00f6vid k\u00f6ny\u00f6rg\u00e9sben Isten irgalmass\u00e1g\u00e1\u00e9rt folyamodunk. A k\u00f6ny\u00f6rg\u00e9s ut\u00e1n k\u00e9t olvasm\u00e1ny k\u00f6vetkezik, majd Urunk k\u00ednszenved\u00e9se Szent J\u00e1nos evang\u00e9liuma szerint. Az igeliturgia a nagyp\u00e9nteki egyetemes k\u00f6ny\u00f6rg\u00e9sekkel v\u00e9gz\u0151dik.<\/em><\/span><\/p>\n<p><span style=\"color: #993366;\"><em>\u00a0 \u00a0Ut\u00e1na k\u00f6vetkezik a Szent Kereszt el\u0151tti h\u00f3dolat: a lepellel bor\u00edtott keresztet k\u00f6rmenetben behozzuk, az olt\u00e1r el\u0151tt leleplezz\u00fck, fel\u00e1ll\u00edtjuk, hogy mindenki kifejezhesse el\u0151tte h\u00f3dolat\u00e1t.<\/em><\/span><\/p>\n<p><span style=\"color: #993366;\"><em>\u00a0 \u00a0A mai liturgia egy egyszer\u0171 szent\u00e1ldoz\u00e1ssal v\u00e9gz\u0151dik&#8230;<\/em><\/span><\/p>\n<p><a href=\"https:\/\/stuttgarti-katolikusok.de\/wp-content\/uploads\/2025\/04\/nagypentek-ro.jpg\"><img loading=\"lazy\" decoding=\"async\" class=\"alignnone size-full wp-image-32941\" src=\"https:\/\/stuttgarti-katolikusok.de\/wp-content\/uploads\/2025\/04\/nagypentek-ro.jpg\" alt=\"\" width=\"1200\" height=\"1200\" srcset=\"https:\/\/stuttgarti-katolikusok.de\/wp-content\/uploads\/2025\/04\/nagypentek-ro.jpg 1200w, https:\/\/stuttgarti-katolikusok.de\/wp-content\/uploads\/2025\/04\/nagypentek-ro-300x300.jpg 300w, https:\/\/stuttgarti-katolikusok.de\/wp-content\/uploads\/2025\/04\/nagypentek-ro-1024x1024.jpg 1024w, https:\/\/stuttgarti-katolikusok.de\/wp-content\/uploads\/2025\/04\/nagypentek-ro-150x150.jpg 150w, https:\/\/stuttgarti-katolikusok.de\/wp-content\/uploads\/2025\/04\/nagypentek-ro-460x460.jpg 460w\" sizes=\"auto, (max-width: 1200px) 100vw, 1200px\" \/><\/a><\/p>\n<p align=\"justify\"><span style=\"color: #993366;\"><em>OLVASM\u00c1NY Izaj\u00e1s pr\u00f3f\u00e9ta k\u00f6nyv\u00e9b\u0151l (Iz 52,13\u201353,12)<\/em><\/span><br \/>\n<em><span style=\"color: #000000;\">A<\/span> mi b\u0171neink\u00e9rt sz\u00fart\u00e1k \u00e1t.<\/em><br \/>\n\u00cdgy sz\u00f3l az \u00dar:<br \/>\n\u00cdme, szolg\u00e1m diadalmaskodik, f\u00f6ns\u00e9ges lesz \u00e9s felmagasztalj\u00e1k, \u00e9s nagy dics\u0151s\u00e9gre emelkedik. Amint sokan elborzadtak l\u00e1tt\u00e1n \u2013 hisz oly dicstelennek l\u00e1tszott, \u00e9s alig volt emberi \u00e1br\u00e1zata \u2013, \u00fagy fog majd sok nemzet \u00e1mulni rajta, \u00e9s kir\u00e1lyok n\u00e9mulnak el sz\u00edne el\u0151tt.<br \/>\nMert olyasmit fognak l\u00e1tni, amilyet m\u00e9g sohasem hirdettek nekik, \u00e9s olyan dolognak lesznek tan\u00fai, amilyenr\u0151l addig soha nem hallottak. Ki hitt abban, amit hallottunk, \u00e9s az \u00dar karja ki el\u0151tt nyilv\u00e1nult meg?<br \/>\n\u00dagy n\u0151tt f\u00f6l el\u0151tt\u00fcnk, mint a hajt\u00e1s, \u00e9s mint a gy\u00f6k\u00e9r a szomjas f\u00f6ldb\u0151l. Nem volt sem sz\u00e9p, sem \u00e9kes, hogy sz\u00edvesen n\u00e9zz\u00fck \u0151t, a k\u00fclsej\u00e9re n\u00e9zve nem volt vonz\u00f3.<br \/>\nMegvetett volt, utols\u00f3 az emberek k\u00f6z\u00f6tt, a f\u00e1jdalmak f\u00e9rfia, aki tudta, mi a szenved\u00e9s, olyan, aki el\u0151l iszonyattal eltakarjuk arcunkat, megvetett, akit bizony nem becs\u00fclt\u00fcnk sokra.<br \/>\nB\u00e1r a mi betegs\u00e9geinket viselte, \u00e9s a mi f\u00e1jdalmaink nehezedtek r\u00e1, m\u00e9gis (Istent\u0151l) megvertnek n\u00e9zt\u00fck, olyannak, akire les\u00fajtott az Isten, \u00e9s akit megal\u00e1zott.<br \/>\nIgen, a mi b\u0171neink\u00e9rt sz\u00fart\u00e1k \u00e1t, a mi gonoszs\u00e1gaink\u00e9rt t\u00f6rt\u00e9k \u00f6ssze, a mi b\u00e9kess\u00e9g\u00fcnk\u00e9rt \u00e9rte utol a b\u00fcntet\u00e9s, az \u0151 sebei szereztek nek\u00fcnk gy\u00f3gyul\u00e1st! Mi mindny\u00e1jan, mint a juhok, t\u00e9velyegt\u00fcnk, ki-ki a maga \u00fatj\u00e1ra t\u00e9rt, \u00e9s az \u00dar m\u00e9gis az \u0151 v\u00e1ll\u00e1ra rakta mindny\u00e1junk gonoszs\u00e1g\u00e1t.<br \/>\nMegk\u00ednozt\u00e1k, s \u0151 al\u00e1zattal elviselte, nem nyitotta ki sz\u00e1j\u00e1t. Mint a juh, amelyet le\u00f6lni visznek, vagy amint a b\u00e1r\u00e1ny eln\u00e9mul ny\u00edr\u00f3ja el\u0151tt, \u0151 sem nyitotta ki sz\u00e1j\u00e1t.<br \/>\nEr\u0151szakos \u00edt\u00e9lettel v\u00e9geztek vele. Ugyan ki t\u00f6r\u0151dik \u00fcgy\u00e9vel? Igen, kit\u00e9pt\u00e9k az \u00e9l\u0151k f\u00f6ldj\u00e9r\u0151l, \u00e9s n\u00e9pem b\u0171nei miatt hal\u00e1llal s\u00fajtott\u00e1k. A gonoszok k\u00f6z\u00f6tt adtak neki s\u00edrboltot, \u00e9s a gazdagok mell\u00e9 temett\u00e9k el, b\u00e1r nem vitt v\u00e9gbe gonoszs\u00e1got, sem \u00e1lnoks\u00e1g nem volt sz\u00e1j\u00e1ban.<br \/>\n\u00dagy tetszett az \u00darnak, hogy \u00f6sszet\u00f6ri a szenved\u00e9ssel. Ha odaadja \u00e9let\u00e9t engesztel\u0151 \u00e1ldozatul: l\u00e1tni fogja ut\u00f3dait, hossz\u00fara ny\u00falik \u00e9lete \u00e9s teljes\u00fcl \u00e1ltala az \u00dar akarata.<br \/>\nAz\u00e9rt, mert lelke szenvedett, l\u00e1tni fogja a vil\u00e1goss\u00e1got, \u00e9s betelik megel\u00e9ged\u00e9ssel.<br \/>\nSokakat megigazultakk\u00e1 tesz szolg\u00e1m, mivel gonoszs\u00e1gaikat mag\u00e1ra v\u00e1llalta. Ez\u00e9rt oszt\u00e1lyr\u00e9sz\u00fcl sokakat adok neki, \u00e9s a hatalmasok lesznek zs\u00e1km\u00e1nyai, ami\u00e9rt \u00e9let\u00e9t hal\u00e1lra adta, \u00e9s a gonosztev\u0151k k\u00f6z\u00e9 sorolt\u00e1k, noha sokak v\u00e9tkeit hordozta, \u00e9s k\u00f6zben a b\u0171n\u00f6s\u00f6k\u00e9rt im\u00e1dkozott.<br \/>\nEz az Isten ig\u00e9je.<\/p>\n<p align=\"justify\"><span style=\"color: #800080;\">V\u00c1LASZOS ZSOLT\u00c1R (Zsolt 30,2 \u00e9s 6.12-13.15-16.17)<\/span><br \/>\nV\u00e1lasz:\u00a0<strong>Aty\u00e1m, Istenem, * kezedbe aj\u00e1nlom lelkemet.<\/strong>\u00a02. t\u00f3nus.<br \/>\nEl\u0151\u00e9nekes: Te vagy, Uram, \u00e9n rem\u00e9nyem: \u2020 ne hagyj soha sz\u00e9gyent \u00e9rnem, * igaz voltodban szabad\u00edts meg engem.<br \/>\nUram, kezedbe aj\u00e1nlom lelkemet, * megv\u00e1ltott\u00e1l engem, h\u0171s\u00e9ges Istenem.<br \/>\nH\u00edvek: Aty\u00e1m, Istenem, * kezedbe aj\u00e1nlom lelkemet.<br \/>\nE: Ellens\u00e9geimnek g\u00fany t\u00e1rgya lettem, \u2020 szomsz\u00e9daimnak sz\u00e9gyene, bar\u00e1taimnak f\u00e9lelme, * kit\u00e9rnek el\u0151lem, akik az utc\u00e1n l\u00e1tnak.<br \/>\nSz\u00edv\u00fckben elfelednek, mintha meghaltam volna, * olyann\u00e1 lettem, mint az \u00f6sszet\u00f6rt ed\u00e9ny.<br \/>\nH: Aty\u00e1m, Istenem, * kezedbe aj\u00e1nlom lelkemet.<br \/>\nE: \u00c9n azonban benned rem\u00e9lek, Uram, * azt mondom: \u201eTe vagy Istenem, kezedben van sorsom.\u201d<br \/>\nRagadj ki az ellens\u00e9g kez\u00e9b\u0151l, * \u00e9s azokt\u00f3l, akik \u00fcld\u00f6znek engem.<br \/>\nH: Aty\u00e1m, Istenem, * kezedbe aj\u00e1nlom lelkemet.<br \/>\nE: Ragyogjon fel arcod szolg\u00e1d f\u00f6l\u00f6tt, * irgalmass\u00e1godban szabad\u00edts meg engem.<br \/>\nLegyetek b\u00e1trak, \u00e9s er\u0151s sz\u00edv\u0171ek, * mind, akik rem\u00e9nykedtek az \u00darban.<br \/>\nH: Aty\u00e1m, Istenem, * kezedbe aj\u00e1nlom lelkemet.<\/p>\n<p><span style=\"color: #800080;\">SZENTLECKE a Zsid\u00f3khoz \u00edrt lev\u00e9lb\u0151l (Zsid 4,14-16;5,7-9)<\/span><br \/>\n<em>A Fi\u00fa a szenved\u00e9sb\u0151l engedelmess\u00e9get tanult, \u00e9s h\u00f3dolat\u00e1\u00e9rt meghallgat\u00e1st nyert.<\/em><br \/>\nTestv\u00e9reim!<br \/>\nMivel olyan kiv\u00e1l\u00f3 f\u0151papunk van, aki \u00e1thatolt az egeken: J\u00e9zus, az Isten Fia, ez\u00e9rt legy\u00fcnk \u00e1llhatatosak a hitvall\u00e1sban. A mi f\u0151papunk ugyanis nem olyan, hogy ne tudna egy\u00fctt\u00e9rezni gy\u00f6nges\u00e9geinkkel, hanem olyan, aki hozz\u00e1nk hasonl\u00f3an mindenben k\u00eds\u00e9rt\u00e9st szenvedett, a b\u0171nt\u0151l azonban mentes maradt. J\u00e1ruljunk teh\u00e1t bizalommal a kegyelem tr\u00f3nj\u00e1hoz, hogy irgalmat tal\u00e1ljunk \u00e9s kegyelmet kapjunk, amikor seg\u00edts\u00e9gre szorulunk.<br \/>\nKrisztus f\u00f6ldi \u00e9let\u00e9ben hangos ki\u00e1lt\u00e1ssal \u00e9s k\u00f6nnyek k\u00f6z\u00f6tt im\u00e1dkozott, k\u00f6ny\u00f6rg\u00f6tt ahhoz, aki meg tudta menteni a hal\u00e1lt\u00f3l, \u00e9s h\u00f3dolat\u00e1\u00e9rt meghallgat\u00e1st nyert. Isten Fia volt, de a szenved\u00e9sb\u0151l engedelmess\u00e9get tanult. M\u0171ve befejezt\u00e9vel pedig \u00f6r\u00f6k \u00fcdv\u00f6ss\u00e9get szerzett azoknak, akik neki engedelmeskednek.<br \/>\nEz az Isten ig\u00e9je.<\/p>\n<p align=\"justify\"><span style=\"color: #800080;\">EVANG\u00c9LIUM EL\u0150TTI VERS<\/span><br \/>\nKrisztus engedelmes lett \u00e9rt\u00fcnk mindhal\u00e1lig, * m\u00e9gpedig a kereszthal\u00e1lig. Ez\u00e9rt Isten felmagasztalta, \u2020 \u00e9s olyan nevet adott neki, * amely f\u00f6l\u00f6tte \u00e1ll minden n\u00e9vnek. Fil 2,8-9 \u2013 7b. t\u00f3nus.<\/p>\n<p align=\"justify\"><span style=\"color: #800080;\">\u2020 A MI URUNK J\u00c9ZUS KRISZTUS K\u00cdNSZENVED\u00c9SE Szent J\u00e1nos szerint (Jn 18,1\u201319,42)<\/span><\/p>\n<p><em>Elfogt\u00e1k J\u00e9zust \u00e9s megk\u00f6t\u00f6zt\u00e9k.<\/em><\/p>\n<p>Abban az id\u0151ben: J\u00e9zus kiment tan\u00edtv\u00e1nyaival a Kedron v\u00f6lgy\u00e9n t\u00falra, ahol egy kert volt, s bement oda tan\u00edtv\u00e1nyaival. Ezt a helyet ismerte J\u00fad\u00e1s is, aki \u0151t el\u00e1rulta, mert J\u00e9zus gyakran j\u00e1rt ide tan\u00edtv\u00e1nyaival. J\u00fad\u00e1s kapott egy csapat katon\u00e1t, valamint a f\u0151papokt\u00f3l \u00e9s a farizeusokt\u00f3l szolg\u00e1kat, \u00e9s kiment vel\u00fck oda l\u00e1mp\u00e1kkal, f\u00e1kly\u00e1kkal, fegyverekkel f\u00f6lszerelkezve. J\u00e9zus tudott mindent, ami r\u00e1 v\u00e1rt. El\u00e9j\u00fck ment teh\u00e1t \u00e9s megk\u00e9rdezte t\u0151l\u00fck: \u201eKit kerestek?\u201d Azok ezt v\u00e1laszolt\u00e1k: \u201eA n\u00e1z\u00e1reti J\u00e9zust.\u201d J\u00e9zus erre \u00edgy sz\u00f3lt: \u201e\u00c9n vagyok\u201d. J\u00fad\u00e1s is ott volt k\u00f6zt\u00fck, aki el\u00e1rulta. Mikor azt mondta nekik: \u201e\u00c9n vagyok\u201d, megh\u00e1tr\u00e1ltak \u00e9s a f\u00f6ldre estek. Ez\u00e9rt \u00fajra megk\u00e9rdezte t\u0151l\u00fck: \u201eKit kerestek?\u201d Azok ezt v\u00e1laszolt\u00e1k: \u201eA N\u00e1z\u00e1reti J\u00e9zust.\u201d Erre J\u00e9zus \u00edgy sz\u00f3lt: \u201eMegmondtam m\u00e1r, hogy \u00e9n vagyok. Ha teh\u00e1t engem kerestek, engedj\u00e9tek el ezeket!\u201d \u00cdgy beteljesedett, amit kor\u00e1bban megmondott: \u201eSenkit sem vesz\u00edtettem el azok k\u00f6z\u00fcl, akiket nekem adt\u00e1l.\u201d Simon P\u00e9tern\u00e9l volt egy kard. Kir\u00e1ntotta \u00e9s a f\u0151pap szolg\u00e1j\u00e1ra s\u00fajtott vele: lev\u00e1gta a jobb f\u00fcl\u00e9t. A szolg\u00e1nak Malkusz volt a neve. De J\u00e9zus r\u00e1sz\u00f3lt P\u00e9terre: \u201eTedd vissza h\u00fcvely\u00e9be kardodat! Ne igyam ki tal\u00e1n a kelyhet, amelyet az Atya adott nekem?\u201d<\/p>\n<p><em>J\u00e9zust el\u0151sz\u00f6r Ann\u00e1shoz vezett\u00e9k.<\/em><\/p>\n<p>Ekkor a csapat, az ezredes \u00e9s a zsid\u00f3 szolg\u00e1k elfogt\u00e1k J\u00e9zust \u00e9s megk\u00f6t\u00f6zt\u00e9k. El\u0151sz\u00f6r Ann\u00e1shoz vezett\u00e9k, mert \u0151 ap\u00f3sa volt Kaif\u00e1snak, aki abban az \u00e9vben f\u0151pap volt. \u0150 adta a zsid\u00f3knak azt a tan\u00e1csot, hogy jobb, ha egy ember hal meg a n\u00e9p\u00e9rt. Simon P\u00e9ter \u00e9s egy m\u00e1sik tan\u00edtv\u00e1ny k\u00f6vette J\u00e9zust. Ez a tan\u00edtv\u00e1ny ismer\u0151se volt a f\u0151papnak, ez\u00e9rt bemehetett J\u00e9zussal a f\u0151pap udvar\u00e1ba, P\u00e9ter meg kint v\u00e1rakozott a kapu el\u0151tt. A m\u00e1sik tan\u00edtv\u00e1ny, aki ismer\u0151se volt a f\u0151papnak, visszaj\u00f6tt, sz\u00f3lt a kapuban \u0151rk\u00f6d\u0151 l\u00e1nynak, \u00e9s bevitte P\u00e9tert. A kaput \u0151rz\u0151 szolg\u00e1l\u00f3 k\u00f6zben megjegyezte: \u201eTal\u00e1n te is ennek az embernek a tan\u00edtv\u00e1nyai k\u00f6z\u00fcl vagy?\u201d \u0150 azt felelte: \u201eNem vagyok!\u201d Mivel hideg volt, a szolg\u00e1k \u00e9s a fegyveresek t\u00fczet raktak, hogy f\u00f6lmelegedjenek. P\u00e9ter is k\u00f6zt\u00fck \u00e1lldog\u00e1lt \u00e9s melegedett. A f\u0151pap ek\u00f6zben tan\u00edtv\u00e1nyai \u00e9s tan\u00edt\u00e1sa fel\u0151l faggatta J\u00e9zust. J\u00e9zus ezt v\u00e1laszolta neki: \u201e\u00c9n a vil\u00e1ghoz ny\u00edltan besz\u00e9ltem. Mindig a zsinag\u00f3g\u00e1kban \u00e9s a templomban tan\u00edtottam, ahova minden zsid\u00f3nak bej\u00e1r\u00e1sa van. Titokban nem mondtam semmit. Mi\u00e9rt k\u00e9rdezel h\u00e1t engem? K\u00e9rdezd azokat, akik hallott\u00e1k, amit besz\u00e9ltem. \u00cdme, \u0151k tudj\u00e1k, hogy miket mondtam!\u201d E szavakra az egyik ott \u00e1ll\u00f3 szolga arcul \u00fct\u00f6tte J\u00e9zust, \u00e9s \u00edgy sz\u00f3lt: \u201e\u00cdgy felelsz a f\u0151papnak?\u201d J\u00e9zus ezt mondta neki: \u201eHa rosszul sz\u00f3ltam, bizony\u00edtsd be a rosszat, ha viszont j\u00f3l, akkor mi\u00e9rt \u00fctsz engem?\u201d Ekkor Ann\u00e1s megk\u00f6t\u00f6zve elk\u00fcldte \u0151t Kaif\u00e1s f\u0151paphoz.<\/p>\n<p><em>Tal\u00e1n te is az \u0151 tan\u00edtv\u00e1nyai k\u00f6z\u00fcl vagy? Nem vagyok!<\/em><\/p>\n<p>Simon P\u00e9ter m\u00e9g mindig ott \u00e1llt \u00e9s melegedett. \u00dajra megk\u00e9rdezt\u00e9k t\u0151le: \u201eTal\u00e1n te is az \u0151 tan\u00edtv\u00e1nyai k\u00f6z\u00fcl vagy?\u201d \u0150 \u00edgy felelt: \u201eNem vagyok!\u201d A f\u0151pap egyik szolg\u00e1ja, aki rokona volt annak, akinek P\u00e9ter lev\u00e1gta a f\u00fcl\u00e9t, megjegyezte: \u201eNem t\u00e9ged l\u00e1ttalak \u00e9n a kertben \u0151vele?\u201d De P\u00e9ter ism\u00e9t tagadta; \u00e9s ekkor mindj\u00e1rt megsz\u00f3lalt a kakas.<\/p>\n<p><em>Az \u00e9n orsz\u00e1gom nem ebb\u0151l a vil\u00e1gb\u00f3l val\u00f3!<\/em><\/p>\n<p>Kaif\u00e1st\u00f3l teh\u00e1t elvezett\u00e9k J\u00e9zust a helytart\u00f3s\u00e1gra. Kora reggel volt. A zsid\u00f3k nem mentek be a helytart\u00f3s\u00e1gra, hogy tiszt\u00e1talann\u00e1 ne v\u00e1ljanak \u00e9s elk\u00f6lthess\u00e9k a h\u00fasv\u00e9ti b\u00e1r\u00e1nyt. Ez\u00e9rt Pil\u00e1tus j\u00f6tt ki hozz\u00e1juk, \u00e9s megk\u00e9rdezte: \u201eMivel v\u00e1dolj\u00e1tok ezt az embert?\u201d Azok azt felelt\u00e9k: \u201eHa nem volna gonosztev\u0151, nem adtuk volna \u0151t a kezedbe!\u201d Pil\u00e1tus ezt mondta: \u201eVigy\u00e9tek el \u00e9s \u00edt\u00e9lkezzetek f\u00f6l\u00f6tte ti a saj\u00e1t t\u00f6rv\u00e9nyetek szerint!\u201d A zsid\u00f3k ezt v\u00e1laszolt\u00e1k neki: \u201eNek\u00fcnk senkit sem szabad meg\u00f6ln\u00fcnk!\u201d \u00cdgy beteljesedett, amit J\u00e9zus arr\u00f3l mondott, hogy milyen hal\u00e1llal fog meghalni. Pil\u00e1tus visszament a helytart\u00f3s\u00e1gra, maga el\u00e9 h\u00edvatta J\u00e9zust, \u00e9s megk\u00e9rdezte t\u0151le: \u201eTe vagy-e a zsid\u00f3k kir\u00e1lya?\u201d J\u00e9zus \u00edgy v\u00e1laszolt: \u201eMagadt\u00f3l mondod ezt, vagy m\u00e1sok mondt\u00e1k neked r\u00f3lam?\u201d Pil\u00e1tus ezt felelte: \u201eH\u00e1t zsid\u00f3 vagyok \u00e9n? Saj\u00e1t n\u00e9ped \u00e9s a f\u0151papok adtak a kezembe. Mit tett\u00e9l?\u201d Ekkor J\u00e9zus \u00edgy sz\u00f3lt: \u201eAz \u00e9n orsz\u00e1gom nem ebb\u0151l a vil\u00e1gb\u00f3l val\u00f3. Ha ebb\u0151l a vil\u00e1gb\u00f3l volna az orsz\u00e1gom, szolg\u00e1im harcra keln\u00e9nek, hogy ne ker\u00fcljek a zsid\u00f3k kez\u00e9re. De az \u00e9n orsz\u00e1gom nem inn\u00e9t val\u00f3.\u201d Pil\u00e1tus megk\u00e9rdezte: \u201eTeh\u00e1t kir\u00e1ly vagy?\u201d J\u00e9zus \u00edgy felelt: \u201eTe mondod, hogy kir\u00e1ly vagyok. \u00c9n arra sz\u00fclettem, \u00e9s az\u00e9rt j\u00f6ttem a vil\u00e1gba, hogy tan\u00fas\u00e1got tegyek az igazs\u00e1gr\u00f3l. Aki az igazs\u00e1gb\u00f3l val\u00f3, az hallgat a szavamra!\u201d Erre Pil\u00e1tus azt mondta: \u201eMi az igazs\u00e1g?\u201d E szavak ut\u00e1n Pil\u00e1tus \u00fajra kiment a zsid\u00f3khoz \u00e9s ezt mondta nekik: \u201e\u00c9n semmi v\u00e9tket sem tal\u00e1lok benne. Szok\u00e1s azonban n\u00e1latok, hogy h\u00fasv\u00e9tkor valakit szabadon bocs\u00e1ssak. Akarj\u00e1tok-e, hogy elbocs\u00e1ssam nektek a zsid\u00f3k kir\u00e1ly\u00e1t?\u201d De \u0151k ism\u00e9t ki\u00e1ltozni kezdtek: \u201eNe ezt, hanem Barab\u00e1st!\u201d Barab\u00e1s rabl\u00f3 volt.<\/p>\n<p><em>\u00dcdv\u00f6z l\u00e9gy, zsid\u00f3k kir\u00e1lya!<\/em><\/p>\n<p>Ekkor Pil\u00e1tus fogta J\u00e9zust \u00e9s megostoroztatta. A katon\u00e1k t\u00f6visb\u0151l koszor\u00fat fontak, a fej\u00e9re tett\u00e9k, \u00e9s b\u00edborsz\u00edn\u0171 k\u00f6nt\u00f6st adtak r\u00e1. Azut\u00e1n el\u00e9je j\u00e1rultak \u00e9s \u00edgy g\u00fanyolt\u00e1k: \u201e\u00dcdv\u00f6z l\u00e9gy, zsid\u00f3k kir\u00e1lya!\u201d \u00c9s k\u00f6zben arcul vert\u00e9k. Pil\u00e1tus ezut\u00e1n \u00fajra kiment \u00e9s \u00edgy sz\u00f3lt hozz\u00e1juk: \u201e\u00cdme, el\u00e9tek vezetem \u0151t, hogy megtudj\u00e1tok: nem tal\u00e1lok benne semmi v\u00e9tket.\u201d \u00c9s kij\u00f6tt J\u00e9zus, t\u00f6viskoron\u00e1val, b\u00edborruh\u00e1ban. Pil\u00e1tus pedig \u00edgy sz\u00f3lt: \u201e\u00cdme, az embert\u201d A f\u0151papok \u00e9s a szolg\u00e1k, mihelyt megl\u00e1tt\u00e1k \u0151t, ki\u00e1ltozni kezdtek: \u201eFesz\u00edtsd meg! Fesz\u00edtsd meg!\u201d Pil\u00e1tus azt mondta nekik: \u201eVigy\u00e9tek, fesz\u00edts\u00e9tek \u0151t ti keresztre, mert \u00e9n semmi v\u00e9tket sem tal\u00e1lok benne!\u201d De a zsid\u00f3k ezt felelt\u00e9k: \u201eNek\u00fcnk t\u00f6rv\u00e9ny\u00fcnk van, \u00e9s a t\u00f6rv\u00e9ny szerint meg kell halnia, mert Isten fi\u00e1v\u00e1 tette mag\u00e1t.\u201d Amikor Pil\u00e1tus meghallotta ezt, m\u00e9g jobban megijedt. Visszament a helytart\u00f3s\u00e1gra, \u00e9s \u00fajra megk\u00e9rdezte J\u00e9zust: \u201eHonnan val\u00f3 vagy?\u201d De J\u00e9zus nem v\u00e1laszolt neki semmit. Erre Pil\u00e1tus azt mondta neki: \u201eNem felelsz nekem? Tal\u00e1n nem tudod, hogy hatalmam van arra, hogy megfesz\u00edtselek, vagy arra, hogy elbocs\u00e1ssalak?\u201d Erre J\u00e9zus azt mondta: \u201eSemmi hatalmad sem volna f\u00f6l\u00f6ttem, ha onnan fel\u00fclr\u0151l nem kaptad volna. Ez\u00e9rt annak, aki engem a kezedbe adott, nagyobb a b\u0171ne.\u201d<\/p>\n<p><em>El vele, el vele! Fesz\u00edtsd meg!<\/em><\/p>\n<p>Ett\u0151l fogva Pil\u00e1tus azon volt, hogy szabadon bocs\u00e1ssa J\u00e9zust. A zsid\u00f3k azonban ezt ki\u00e1ltozt\u00e1k: \u201eHa szabadon bocs\u00e1tod, nem vagy a cs\u00e1sz\u00e1r bar\u00e1tja. Mert mindaz, aki kir\u00e1lly\u00e1 teszi mag\u00e1t, ellene szeg\u00fcl a cs\u00e1sz\u00e1rnak.\u201d E szavak hallat\u00e1ra Pil\u00e1tus kivezettette J\u00e9zust, maga pedig a b\u00edr\u00f3i sz\u00e9kbe \u00fclt a k\u00f6vezett udvaron, amelyet h\u00e9ber\u00fcl Gabbat\u00e1nak h\u00edvnak. A h\u00fasv\u00e9ti k\u00e9sz\u00fclet napja volt, a hatodik \u00f3ra k\u00f6r\u00fcl. \u00cdgy sz\u00f3lt a zsid\u00f3khoz: \u201e\u00cdme, a kir\u00e1lyotok!\u201d De azok \u00edgy ki\u00e1ltoztak: \u201eEl vele, el vele! Fesz\u00edtsd meg!\u201d Pil\u00e1tus megk\u00e9rdezte: \u201eKeresztre fesz\u00edttessem a kir\u00e1lyotokat?\u201d A f\u0151papok azonban ezt felelt\u00e9k: \u201eNincs kir\u00e1lyunk, csak cs\u00e1sz\u00e1runk!\u201d Erre kiszolg\u00e1ltatta nekik, hogy keresztre fesz\u00edts\u00e9k.<\/p>\n<p><em>Keresztre fesz\u00edtett\u00e9k \u0151t, \u00e9s vele m\u00e1sik kett\u0151t.<\/em><\/p>\n<p>Ekkor a zsid\u00f3k \u00e1tvett\u00e9k J\u00e9zust. A keresztet \u0151 maga vitte, m\u00edg oda nem \u00e9rt az \u00fagynevezett Kopony\u00e1k hely\u00e9re, amelyet h\u00e9ber\u00fcl Golgot\u00e1nak h\u00edvnak. Ott keresztre fesz\u00edtett\u00e9k \u0151t, s k\u00e9t m\u00e1sikat is vele, jobb \u00e9s bal fel\u0151l, J\u00e9zust meg k\u00f6z\u00e9pen. Pil\u00e1tus feliratot is k\u00e9sz\u00edtett, \u00e9s a keresztf\u00e1ra t\u00e9tette. Ez volt r\u00e1\u00edrva: \u201eA n\u00e1z\u00e1reti J\u00e9zus, a zsid\u00f3k kir\u00e1lya.\u201d A feliratot sokan olvast\u00e1k a zsid\u00f3k k\u00f6z\u00fcl, mert az a hely, ahol J\u00e9zust megfesz\u00edtett\u00e9k, k\u00f6zel volt a v\u00e1roshoz. H\u00e9ber\u00fcl, latinul \u00e9s g\u00f6r\u00f6g\u00fcl volt fel\u00edrva. A zsid\u00f3 f\u0151papok k\u00e9rt\u00e9k Pil\u00e1tust: \u201eNe azt \u00edrd: \u00bbA zsid\u00f3k kir\u00e1lya\u00ab, hanem hogy \u0151 mondta: \u00bbA zsid\u00f3k kir\u00e1lya vagyok!\u00ab\u201d Pil\u00e1tus azonban ezt v\u00e1laszolta: \u201eAmit \u00edrtam, meg\u00edrtam.\u201d<\/p>\n<p><em>Sz\u00e9tosztott\u00e1k maguk k\u00f6z\u00f6tt ruh\u00e1imat.<\/em><\/p>\n<p>A katon\u00e1k pedig, miut\u00e1n J\u00e9zust keresztre fesz\u00edtett\u00e9k, fogt\u00e1k a ruh\u00e1it, n\u00e9gy fel\u00e9 osztott\u00e1k, mindegyik katon\u00e1nak egy r\u00e9szt. Azut\u00e1n a k\u00f6nt\u00f6se k\u00f6vetkezett. A k\u00f6nt\u00f6s varratlan volt, egy darabb\u00f3l szabva, ez\u00e9rt \u00edgy sz\u00f3ltak egym\u00e1shoz: \u201eEzt ne v\u00e1gjuk sz\u00e9t, ink\u00e1bb vess\u00fcnk r\u00e1 sorsot, hogy ki\u00e9 legyen!\u201d \u00cdgy beteljesedett az \u00cdr\u00e1s: \u201eSz\u00e9tosztott\u00e1k maguk k\u00f6z\u00f6tt ruh\u00e1imat, s a k\u00f6nt\u00f6s\u00f6mre sorsot vetettek.\u201d A katon\u00e1k pontosan ezt tett\u00e9k.<\/p>\n<p><em>\u00cdme, a te fiad! \u2013 \u00cdme, a te any\u00e1d!<\/em><\/p>\n<p>J\u00e9zus keresztje mellett ott \u00e1llt anyja, anyj\u00e1nak n\u0151v\u00e9re, M\u00e1ria, Kleof\u00e1s feles\u00e9ge, \u00e9s M\u00e1ria Magdolna. Amikor J\u00e9zus l\u00e1tta, hogy ott \u00e1ll anyja \u00e9s a tan\u00edtv\u00e1ny, akit szeretett, \u00edgy sz\u00f3lt anyj\u00e1hoz: \u201eAsszony, \u00edme, a te fiad!\u201d Azut\u00e1n a tan\u00edtv\u00e1nyhoz sz\u00f3lt: \u201e\u00cdme, a te any\u00e1d!\u201d Att\u00f3l az \u00f3r\u00e1t\u00f3l fogva h\u00e1z\u00e1ba fogadta \u0151t a tan\u00edtv\u00e1ny.<\/p>\n<p><em>Beteljesedett!<\/em><\/p>\n<p>J\u00e9zus tudta, hogy minden beteljesedett. De hogy beteljesedj\u00e9k az \u00cdr\u00e1s, \u00edgy sz\u00f3lt: \u201eSzomjazom.\u201d Volt ott egy ecettel telt ed\u00e9ny. Belem\u00e1rtottak egy szivacsot, izs\u00f3pra t\u0171zt\u00e9k \u00e9s a sz\u00e1j\u00e1hoz emelt\u00e9k. Mikor J\u00e9zus meg\u00edzlelte az ecetet, \u00edgy sz\u00f3lt: \u201eBeteljesedett!\u201d \u00c9s fej\u00e9t lehajtva kilehelte lelk\u00e9t.<\/p>\n<p><em>(Most t\u00e9rdre borulunk, \u00e9s egy keveset csendben id\u0151z\u00fcnk.)<\/em><\/p>\n<p><em>Ekkor v\u00e9r \u00e9s v\u00edz folyt ki bel\u0151le.<\/em><\/p>\n<p>A zsid\u00f3k pedig, mivel az el\u0151k\u00e9sz\u00fclet napja volt, \u00e9s a holttestek nem maradhattak a kereszten, megk\u00e9rt\u00e9k Pil\u00e1tust, hogy t\u00f6resse meg a keresztre fesz\u00edtettek l\u00e1bsz\u00e1r\u00e1t, \u00e9s vetesse le \u0151ket a keresztr\u0151l. Az a szombat ugyanis nagy \u00fcnnep volt. Elmentek teh\u00e1t a katon\u00e1k, \u00e9s megt\u00f6rt\u00e9k a l\u00e1bsz\u00e1r\u00e1t az egyiknek is, a m\u00e1siknak is, akit vele egy\u00fctt f\u00f6lfesz\u00edtettek. Amikor azonban J\u00e9zushoz \u00e9rtek, l\u00e1tt\u00e1k, hogy m\u00e1r meghalt. Ez\u00e9rt nem t\u00f6rt\u00e9k meg a l\u00e1bsz\u00e1r\u00e1t, hanem az egyik katona beled\u00f6fte l\u00e1ndzs\u00e1j\u00e1t az oldal\u00e1ba. Ekkor v\u00e9r \u00e9s v\u00edz folyt ki bel\u0151le. Az tan\u00faskodik err\u0151l, aki l\u00e1tta ezt, \u00e9s az \u0151 tan\u00fas\u00e1gt\u00e9tele igaz. J\u00f3l tudja \u0151, hogy igazat mond, hogy ti is higgyetek. Mert mindez az\u00e9rt t\u00f6rt\u00e9nt, hogy beteljesedj\u00e9k az \u00cdr\u00e1s: \u201eCsontot ne t\u00f6rjetek benne!\u201d \u00c9s ami az \u00cdr\u00e1s m\u00e1s hely\u00e9n \u00e1ll: \u201eF\u00f6ltekintenek arra, akit kereszt\u00fclsz\u00fartak.\u201d<\/p>\n<p><em>J\u00e9zus test\u00e9t, f\u0171szerekkel egy\u00fctt gyolcsleplekbe g\u00f6ngy\u00f6lt\u00e9k.<\/em><\/p>\n<p>Arimateai J\u00f3zsef, aki J\u00e9zus tan\u00edtv\u00e1nya volt, b\u00e1r a zsid\u00f3kt\u00f3l val\u00f3 f\u00e9lelm\u00e9ben csak titokban, enged\u00e9lyt k\u00e9rt Pil\u00e1tust\u00f3l, hogy levehesse J\u00e9zus test\u00e9t. Pil\u00e1tus megengedte. El is ment, \u00e9s levette J\u00e9zus test\u00e9t. Elj\u00f6tt Nikod\u00e9mus is, aki kor\u00e1bban egyszer \u00e9jszaka ment J\u00e9zushoz. Hozott mintegy sz\u00e1z font mirha- \u00e9s \u00e1lo\u00e9kever\u00e9ket. Fogt\u00e1k J\u00e9zus test\u00e9t, \u00e9s f\u0171szerekkel egy\u00fctt gyolcsleplekbe g\u00f6ngy\u00f6lt\u00e9k. \u00cdgy szok\u00e1s temetni a zsid\u00f3kn\u00e1l. Azon a helyen, ahol keresztre fesz\u00edtett\u00e9k, volt egy kert, a kertben pedig egy \u00faj s\u00edrbolt, ahova m\u00e9g nem temettek senkit. Mivel a s\u00edr k\u00f6zel volt, a zsid\u00f3k k\u00e9sz\u00fcleti napja miatt oda temett\u00e9k J\u00e9zust.<br \/>\nEzek az evang\u00e9lium ig\u00e9i.<\/p>\n<p align=\"justify\">EGYETEMES K\u00d6NY\u00d6RG\u00c9SEK<br \/>\nI. Az Isten Egyh\u00e1z\u00e1\u00e9rt im\u00e1dkozzunk, testv\u00e9rek, hogy Urunk, Isten\u00fcnk vezesse b\u00e9k\u00e9ben, n\u00f6velje egys\u00e9gben, s az eg\u00e9sz vil\u00e1gon tartsa meg \u00e9ps\u00e9gben, \u00e9s adja meg nek\u00fcnk, hogy b\u00e9k\u00e9s nyugalomban \u00e9lj\u00fcnk, \u00e9s dics\u0151\u00edthess\u00fck a mindenhat\u00f3 Atyaistent!<br \/>\n<em>(A k\u00f6ny\u00f6rg\u00e9sek el\u0151tt csendben im\u00e1dkozunk.)<\/em><br \/>\nMindenhat\u00f3, \u00f6r\u00f6k Isten, te \u00f6r\u00f6k dics\u0151s\u00e9gedet Krisztus Urunkban minden n\u00e9pnek megmutattad: \u0151rizd meg a megv\u00e1lt\u00e1s m\u0171v\u00e9t, hogy Egyh\u00e1zad az eg\u00e9sz vil\u00e1gon elterjedjen, \u00e9s \u00e1llhatatos hittel kitartson neved megvall\u00e1s\u00e1ban. Krisztus, a mi Urunk \u00e1ltal. \u2013\u00a0<strong>\u00c1men.<\/strong><\/p>\n<p>II. A Szentaty\u00e1\u00e9rt, N. p\u00e1p\u00e1\u00e9rt im\u00e1dkozzunk, testv\u00e9rek, az \u00daristen kiv\u00e1lts\u00e1gos helyre emelte \u0151t a p\u00fcsp\u00f6ki rendben. Az Egyh\u00e1z jav\u00e1ra tartsa meg j\u00f3 eg\u00e9szs\u00e9gben \u00e9s er\u0151ben, hogy tov\u00e1bb korm\u00e1nyozhassa Isten szent n\u00e9p\u00e9t.<br \/>\nMindenhat\u00f3, \u00f6r\u00f6k Isten, te ir\u00e1ny\u00edtasz mindent a vil\u00e1gon: hallgasd meg irgalmasan k\u00f6ny\u00f6rg\u00e9s\u00fcnket, \u00e9s tartsd meg kegyesen Szentaty\u00e1nkat; seg\u00edts, hogy a kereszt\u00e9ny n\u00e9p gondvisel\u00e9sed korm\u00e1nyz\u00e1s\u00e1val ennek a p\u00e1p\u00e1nak vezet\u00e9se alatt gyarapodj\u00e9k hitben \u00e9s \u00e9rdemekben. Krisztus, a mi Urunk \u00e1ltal. \u2013\u00a0<strong>\u00c1men.<\/strong><\/p>\n<p>III. Most N. p\u00fcsp\u00f6k\u00fcnk\u00e9rt \u00e9s minden p\u00fcsp\u00f6k\u00e9rt, az \u00e1ldoz\u00f3papok\u00e9rt, a szerpapok\u00e9rt \u00e9s az Egyh\u00e1zban szolg\u00e1latot teljes\u00edt\u0151 h\u00edvek\u00e9rt im\u00e1dkozzunk, testv\u00e9rek, valamint Isten eg\u00e9sz n\u00e9p\u00e9\u00e9rt.<br \/>\nMindenhat\u00f3, \u00f6r\u00f6k Isten, Szentlelked megszenteli \u00e9s vezeti Egyh\u00e1zad minden tagj\u00e1t: hallgass meg minket, amikor a paps\u00e1g\u00e9rt \u00e9s az \u00f6sszes h\u00edvek\u00e9rt hozz\u00e1d esedez\u00fcnk, hogy kegyelmed seg\u00edts\u00e9g\u00e9vel mindny\u00e1jan h\u0171s\u00e9gesen szolg\u00e1ljunk neked. Krisztus, a mi Urunk \u00e1ltal. \u2013\u00a0<strong>\u00c1men.<\/strong><\/p>\n<p>IV. A kereszts\u00e9g el\u0151tt \u00e1ll\u00f3k\u00e9rt im\u00e1dkozzunk, testv\u00e9rek: az \u00daristen nyissa meg sz\u00edv\u00fcket, \u00e9s t\u00e1rja fel el\u0151tt\u00fck a kegyelem kapuj\u00e1t, hogy \u00fajj\u00e1sz\u00fcletve a kereszts\u00e9g viz\u00e9ben, b\u0171neik bocs\u00e1nat\u00e1t elnyerj\u00e9k, \u00e9s imm\u00e1r \u0151k is a mi Urunk J\u00e9zus Krisztusban \u00e9ljenek.<br \/>\nMindenhat\u00f3, \u00f6r\u00f6k Isten, Egyh\u00e1zadat mindig \u00faj tagokkal gyarap\u00edtod: n\u00f6veld a keresztelend\u0151kben a hitet \u00e9s igazs\u00e1gaid meg\u00e9rt\u00e9s\u00e9t; add, hogy a kereszts\u00e9g viz\u00e9ben \u00fajj\u00e1sz\u00fcletve gyermekeid k\u00f6z\u00e9 ker\u00fcljenek. Krisztus, a mi Urunk \u00e1ltal. \u2013\u00a0<strong>\u00c1men.<\/strong><\/p>\n<p>V. Most im\u00e1dkozzunk \u00f6sszes testv\u00e9r\u00fcnk\u00e9rt, akik Krisztusban hisznek, hogy Urunk \u00e9s Isten\u00fcnk \u0151ket igaz tetteik \u00fatj\u00e1n az egyetlen egyh\u00e1zba gy\u0171jtse \u00f6ssze, \u00e9s \u0151rizze.<br \/>\nMindenhat\u00f3, \u00f6r\u00f6k Isten, ami sz\u00e9tsz\u00f3r\u00f3dott, te \u00f6sszegy\u0171jt\u00f6d, \u00e9s amit \u00f6sszegy\u0171jt\u00f6tt\u00e9l, meg\u0151rz\u00f6d: tekints kegyesen Fiad ny\u00e1j\u00e1ra, \u00e9s add, hogy a hit osztatlan \u00e9ps\u00e9ge \u00e9s a szeretet k\u00f6tel\u00e9ke egyes\u00edtse azokat, akiket megszentelt az egy kereszts\u00e9g. Krisztus, a mi Urunk \u00e1ltal. \u2013\u00a0<strong>\u00c1men.<\/strong><\/p>\n<p>VI. A zsid\u00f3k\u00e9rt is im\u00e1dkozzunk, testv\u00e9rek, hogy azok, akikhez el\u0151bb sz\u00f3lott Urunk, Isten\u00fcnk, \u0151t egyre jobban szeress\u00e9k, \u00e1llhatatosan \u0151rizz\u00e9k a sz\u00f6vets\u00e9gi h\u0171s\u00e9get.<br \/>\nMindenhat\u00f3, \u00f6r\u00f6k Isten, te \u00edg\u00e9reteidet \u00c1brah\u00e1mnak \u00e9s ut\u00f3dainak adtad: hallgasd meg kegyesen Egyh\u00e1zad k\u00f6ny\u00f6rg\u00e9s\u00e9t, hogy az \u00d3sz\u00f6vets\u00e9g v\u00e1lasztott n\u00e9pe eljuthasson a megv\u00e1lt\u00e1s teljess\u00e9g\u00e9re. Krisztus, a mi Urunk \u00e1ltal. \u2013\u00a0<strong>\u00c1men.<\/strong><\/p>\n<p>VII. Most azok\u00e9rt im\u00e1dkozzunk, akik nem hisznek Krisztusban! A Szentl\u00e9lek vil\u00e1goss\u00e1ga t\u00f6ltse el \u0151ket, hogy megtal\u00e1lj\u00e1k \u0151k is az \u00fcdv\u00f6ss\u00e9g \u00fatj\u00e1t.<br \/>\nMindenhat\u00f3, \u00f6r\u00f6k Isten, add, hogy azok, akik m\u00e9g nem hisznek Krisztusban, \u0151szinte sz\u00edvvel j\u00e1rjanak el\u0151tted, \u00e9s tal\u00e1lj\u00e1k meg az igazs\u00e1got; mi pedig a k\u00f6lcs\u00f6n\u00f6s szeretetben mindig el\u0151bbre haladjunk, \u00e9s isteni \u00e9leted titk\u00e1nak m\u00e9lyebb meg\u00e9rt\u00e9s\u00e9re v\u00e1gyakozva t\u00f6k\u00e9letesebb tan\u00fas\u00e1got tegy\u00fcnk a vil\u00e1gban isteni szeretetedr\u0151l. Krisztus, a mi Urunk \u00e1ltal. \u2013\u00a0<strong>\u00c1men.<\/strong><\/p>\n<p>VIII. Most azok\u00e9rt im\u00e1dkozzunk, akik nem hisznek Istenben, hogy \u0151szinte sz\u00edvvel az igazs\u00e1got keresve megtal\u00e1lj\u00e1k Istent, \u00e9s kegyelm\u00e9vel eljussanak hozz\u00e1!<br \/>\nMindenhat\u00f3, \u00f6r\u00f6k Isten, te \u00fagy alkott\u00e1l meg minden embert, hogy v\u00e1gyakoz\u00f3 sz\u00edvvel keressen t\u00e9ged, \u00e9s csak benned tal\u00e1lja meg nyugalm\u00e1t: k\u00e9r\u00fcnk, add, hogy az emberek minden akad\u00e1ly ellen\u00e9re \u00f6r\u00f6mmel valljanak igaz Istennek \u00e9s az emberi nem Atyj\u00e1nak, \u00e9s mindenki felismerje atyai j\u00f3s\u00e1god jeleit, valamint h\u00edveid j\u00f3tetteinek tan\u00fas\u00e1gt\u00e9tel\u00e9t. Krisztus, a mi Urunk \u00e1ltal. \u2013\u00a0<strong>\u00c1men.<\/strong><\/p>\n<p>IX. Az \u00e1llamf\u0151k\u00e9rt \u00e9s a hat\u00f3s\u00e1gok\u00e9rt im\u00e1dkozzunk, testv\u00e9rek: az \u00daristen ir\u00e1ny\u00edtsa \u00e9rtelm\u00fcket \u00e9s sz\u00edv\u00fcket, \u2013 hogy sz\u00e1nd\u00e9ka szerint szolg\u00e1lj\u00e1k mindenki szabads\u00e1g\u00e1t \u00e9s az \u00e1ldott b\u00e9k\u00e9t.<br \/>\nMindenhat\u00f3, \u00f6r\u00f6k Isten, kezedben van az emberek sorsa \u00e9s megszabod a n\u00e9pek jogait: tekints kegyesen azokra, akik f\u00f6l\u00f6tt\u00fcnk hatalmat gyakorolnak, \u00e9s add, hogy az igazi b\u00e9kess\u00e9g, a vall\u00e1s szabads\u00e1ga \u00e9s a n\u00e9pek j\u00f3l\u00e9te megval\u00f3suljon az eg\u00e9sz vil\u00e1gon. Krisztus, a mi Urunk \u00e1ltal. \u2013\u00a0<strong>\u00c1men.<\/strong><\/p>\n<p>X. Most az\u00e9rt im\u00e1dkozzunk, kedves testv\u00e9reim, a mindenhat\u00f3 Istenhez, hogy tiszt\u00edtsa meg a vil\u00e1got minden t\u00e9velyt\u0151l, a betegs\u00e9get tartsa t\u00e1vol t\u0151l\u00fcnk, az \u00e9h\u00edns\u00e9get \u0171zze el, a b\u00f6rt\u00f6n\u00f6ket nyissa meg, a bilincseket oldja fel, az utaz\u00f3knak adjon biztons\u00e1got \u00e9s szerencs\u00e9s \u00e9rkez\u00e9st, a betegeknek gy\u00f3gyul\u00e1st, a haldokl\u00f3knak pedig \u00f6r\u00f6k \u00e9letet.<br \/>\nMindenhat\u00f3, \u00f6r\u00f6k Isten, szomor\u00faak vigasztal\u00f3ja, bajbajutottak er\u0151ss\u00e9ge: jusson el hozz\u00e1d k\u00f6ny\u00f6rg\u00e9s\u00fcnk, amikor a sokf\u00e9le bajb\u00f3l hozz\u00e1d ki\u00e1ltunk; \u00e9rezz\u00fck mindny\u00e1jan boldog \u00f6r\u00f6mmel, hogy a megpr\u00f3b\u00e1ltat\u00e1sok idej\u00e9n vel\u00fcnk van irgalmas j\u00f3s\u00e1god. Krisztus, a mi Urunk \u00e1ltal. \u2013\u00a0<strong>\u00c1men.<\/strong><\/p>\n","protected":false},"excerpt":{"rendered":"<p>\u00a0 \u00a0A nagyp\u00e9nteki liturgia Urunk szenved\u00e9s\u00e9nek \u00e9s hal\u00e1l\u00e1nak a meg\u00fcnnepl\u00e9se. Ez az istentisztelet eg\u00e9szen m\u00e1s, mint a t\u00f6bbi, amelyet az egyh\u00e1zi \u00e9v sor\u00e1n \u00fcnnepl\u00fcnk.\u00a0 Ez\u00e9rt hadd vezessem be egy p\u00e1r sz\u00f3val. \u00a0 \u00a0Urunk k\u00ednszenved\u00e9s\u00e9nek \u00e9s hal\u00e1l\u00e1nak napj\u00e1n nincsen szentmise. A mai napon a kereszt\u00e1ldozatra, az \u00dajsz\u00f6vets\u00e9g egyetlen \u00e1ldozat\u00e1ra eml\u00e9kez\u00fcnk. Ma nem az \u00f6r\u00f6m, ker\u00fcl el\u0151t\u00e9rbe, hanem az a dr\u00e1ga \u00e1r, amivel Urunk J\u00e9zus megszerezte nek\u00fcnk az \u00fcdv\u00f6ss\u00e9get. Ez\u00e9rt hallgatnak a harangok, ez\u00e9rt \u00f6lt piros sz\u00ednt a liturgia. \u00a0 \u00a0A mai nap szertart\u00e1sa er\u0151teljes, a l\u00e9nyegre figyelmeztet\u0151 jelk\u00e9peket haszn\u00e1l. A csendes bevonul\u00e1s ut\u00e1n a pap arcra borul a kereszt el\u0151tt, a h\u00f3dolatnak, a mindenek felett \u00e1ll\u00f3 tiszteletnek jelek\u00e9nt, mik\u00f6zben valamennyien let\u00e9rdel\u00fcnk. A szertart\u00e1s elej\u00e9n elmarad a keresztvet\u00e9s, nincsen k\u00f6sz\u00f6nt\u00e9s sem. Egy r\u00f6vid k\u00f6ny\u00f6rg\u00e9sben Isten irgalmass\u00e1g\u00e1\u00e9rt folyamodunk. A k\u00f6ny\u00f6rg\u00e9s ut\u00e1n k\u00e9t olvasm\u00e1ny k\u00f6vetkezik, majd Urunk k\u00ednszenved\u00e9se Szent J\u00e1nos evang\u00e9liuma szerint. Az igeliturgia a nagyp\u00e9nteki egyetemes k\u00f6ny\u00f6rg\u00e9sekkel v\u00e9gz\u0151dik. \u00a0 \u00a0Ut\u00e1na k\u00f6vetkezik a Szent Kereszt el\u0151tti h\u00f3dolat: a lepellel bor\u00edtott keresztet k\u00f6rmenetben behozzuk, az olt\u00e1r el\u0151tt leleplezz\u00fck, fel\u00e1ll\u00edtjuk, hogy mindenki kifejezhesse el\u0151tte h\u00f3dolat\u00e1t. \u00a0 \u00a0A mai liturgia egy egyszer\u0171 szent\u00e1ldoz\u00e1ssal v\u00e9gz\u0151dik&#8230; OLVASM\u00c1NY Izaj\u00e1s pr\u00f3f\u00e9ta k\u00f6nyv\u00e9b\u0151l (Iz 52,13\u201353,12) A mi b\u0171neink\u00e9rt sz\u00fart\u00e1k \u00e1t. \u00cdgy sz\u00f3l az \u00dar: \u00cdme, szolg\u00e1m diadalmaskodik, f\u00f6ns\u00e9ges lesz \u00e9s felmagasztalj\u00e1k, \u00e9s nagy dics\u0151s\u00e9gre emelkedik. Amint sokan elborzadtak l\u00e1tt\u00e1n \u2013 hisz oly dicstelennek l\u00e1tszott, \u00e9s alig volt emberi \u00e1br\u00e1zata \u2013, \u00fagy fog majd sok nemzet \u00e1mulni rajta, \u00e9s kir\u00e1lyok n\u00e9mulnak el sz\u00edne el\u0151tt. Mert olyasmit fognak l\u00e1tni, amilyet m\u00e9g sohasem hirdettek nekik, \u00e9s olyan dolognak lesznek tan\u00fai, amilyenr\u0151l addig soha nem hallottak. Ki hitt abban, amit hallottunk, \u00e9s az \u00dar karja ki el\u0151tt nyilv\u00e1nult meg? \u00dagy n\u0151tt f\u00f6l el\u0151tt\u00fcnk, mint a hajt\u00e1s, \u00e9s mint a gy\u00f6k\u00e9r a szomjas f\u00f6ldb\u0151l. Nem volt sem sz\u00e9p, sem \u00e9kes, hogy sz\u00edvesen n\u00e9zz\u00fck \u0151t, a k\u00fclsej\u00e9re n\u00e9zve nem volt vonz\u00f3. Megvetett volt, utols\u00f3 az emberek k\u00f6z\u00f6tt, a&#8230; <\/p>\n<p><a class=\"readmore\" href=\"https:\/\/stuttgarti-katolikusok.de\/index.php\/nagypentek\/\">R\u00e9szletek<\/a><\/p>\n","protected":false},"author":3,"featured_media":21580,"comment_status":"closed","ping_status":"closed","sticky":false,"template":"","format":"standard","meta":{"footnotes":""},"categories":[85,24],"tags":[],"class_list":["post-26598","post","type-post","status-publish","format-standard","has-post-thumbnail","hentry","category-a-liturgia-olvasmanyai","category-gondolatok"],"yoast_head":"<!-- This site is optimized with the Yoast SEO plugin v27.3 - https:\/\/yoast.com\/product\/yoast-seo-wordpress\/ -->\n<title>Nagyp\u00e9ntek - Stuttgarti Katolikusok<\/title>\n<meta name=\"robots\" content=\"index, follow, max-snippet:-1, max-image-preview:large, max-video-preview:-1\" \/>\n<link rel=\"canonical\" href=\"https:\/\/stuttgarti-katolikusok.de\/index.php\/nagypentek\/\" \/>\n<meta property=\"og:locale\" content=\"hu_HU\" \/>\n<meta property=\"og:type\" content=\"article\" \/>\n<meta property=\"og:title\" content=\"Nagyp\u00e9ntek - Stuttgarti Katolikusok\" \/>\n<meta property=\"og:description\" content=\"\u00a0 \u00a0A nagyp\u00e9nteki liturgia Urunk szenved\u00e9s\u00e9nek \u00e9s hal\u00e1l\u00e1nak a meg\u00fcnnepl\u00e9se. Ez az istentisztelet eg\u00e9szen m\u00e1s, mint a t\u00f6bbi, amelyet az egyh\u00e1zi \u00e9v sor\u00e1n \u00fcnnepl\u00fcnk.\u00a0 Ez\u00e9rt hadd vezessem be egy p\u00e1r sz\u00f3val. \u00a0 \u00a0Urunk k\u00ednszenved\u00e9s\u00e9nek \u00e9s hal\u00e1l\u00e1nak napj\u00e1n nincsen szentmise. A mai napon a kereszt\u00e1ldozatra, az \u00dajsz\u00f6vets\u00e9g egyetlen \u00e1ldozat\u00e1ra eml\u00e9kez\u00fcnk. Ma nem az \u00f6r\u00f6m, ker\u00fcl el\u0151t\u00e9rbe, hanem az a dr\u00e1ga \u00e1r, amivel Urunk J\u00e9zus megszerezte nek\u00fcnk az \u00fcdv\u00f6ss\u00e9get. Ez\u00e9rt hallgatnak a harangok, ez\u00e9rt \u00f6lt piros sz\u00ednt a liturgia. \u00a0 \u00a0A mai nap szertart\u00e1sa er\u0151teljes, a l\u00e9nyegre figyelmeztet\u0151 jelk\u00e9peket haszn\u00e1l. A csendes bevonul\u00e1s ut\u00e1n a pap arcra borul a kereszt el\u0151tt, a h\u00f3dolatnak, a mindenek felett \u00e1ll\u00f3 tiszteletnek jelek\u00e9nt, mik\u00f6zben valamennyien let\u00e9rdel\u00fcnk. A szertart\u00e1s elej\u00e9n elmarad a keresztvet\u00e9s, nincsen k\u00f6sz\u00f6nt\u00e9s sem. Egy r\u00f6vid k\u00f6ny\u00f6rg\u00e9sben Isten irgalmass\u00e1g\u00e1\u00e9rt folyamodunk. A k\u00f6ny\u00f6rg\u00e9s ut\u00e1n k\u00e9t olvasm\u00e1ny k\u00f6vetkezik, majd Urunk k\u00ednszenved\u00e9se Szent J\u00e1nos evang\u00e9liuma szerint. Az igeliturgia a nagyp\u00e9nteki egyetemes k\u00f6ny\u00f6rg\u00e9sekkel v\u00e9gz\u0151dik. \u00a0 \u00a0Ut\u00e1na k\u00f6vetkezik a Szent Kereszt el\u0151tti h\u00f3dolat: a lepellel bor\u00edtott keresztet k\u00f6rmenetben behozzuk, az olt\u00e1r el\u0151tt leleplezz\u00fck, fel\u00e1ll\u00edtjuk, hogy mindenki kifejezhesse el\u0151tte h\u00f3dolat\u00e1t. \u00a0 \u00a0A mai liturgia egy egyszer\u0171 szent\u00e1ldoz\u00e1ssal v\u00e9gz\u0151dik&#8230; OLVASM\u00c1NY Izaj\u00e1s pr\u00f3f\u00e9ta k\u00f6nyv\u00e9b\u0151l (Iz 52,13\u201353,12) A mi b\u0171neink\u00e9rt sz\u00fart\u00e1k \u00e1t. \u00cdgy sz\u00f3l az \u00dar: \u00cdme, szolg\u00e1m diadalmaskodik, f\u00f6ns\u00e9ges lesz \u00e9s felmagasztalj\u00e1k, \u00e9s nagy dics\u0151s\u00e9gre emelkedik. Amint sokan elborzadtak l\u00e1tt\u00e1n \u2013 hisz oly dicstelennek l\u00e1tszott, \u00e9s alig volt emberi \u00e1br\u00e1zata \u2013, \u00fagy fog majd sok nemzet \u00e1mulni rajta, \u00e9s kir\u00e1lyok n\u00e9mulnak el sz\u00edne el\u0151tt. Mert olyasmit fognak l\u00e1tni, amilyet m\u00e9g sohasem hirdettek nekik, \u00e9s olyan dolognak lesznek tan\u00fai, amilyenr\u0151l addig soha nem hallottak. Ki hitt abban, amit hallottunk, \u00e9s az \u00dar karja ki el\u0151tt nyilv\u00e1nult meg? \u00dagy n\u0151tt f\u00f6l el\u0151tt\u00fcnk, mint a hajt\u00e1s, \u00e9s mint a gy\u00f6k\u00e9r a szomjas f\u00f6ldb\u0151l. Nem volt sem sz\u00e9p, sem \u00e9kes, hogy sz\u00edvesen n\u00e9zz\u00fck \u0151t, a k\u00fclsej\u00e9re n\u00e9zve nem volt vonz\u00f3. Megvetett volt, utols\u00f3 az emberek k\u00f6z\u00f6tt, a... R\u00e9szletek\" \/>\n<meta property=\"og:url\" content=\"https:\/\/stuttgarti-katolikusok.de\/index.php\/nagypentek\/\" \/>\n<meta property=\"og:site_name\" content=\"Stuttgarti Katolikusok\" \/>\n<meta property=\"article:published_time\" content=\"2026-04-03T04:33:19+00:00\" \/>\n<meta property=\"article:modified_time\" content=\"2026-04-03T07:06:29+00:00\" \/>\n<meta property=\"og:image\" content=\"https:\/\/stuttgarti-katolikusok.de\/wp-content\/uploads\/2021\/04\/nagycsutortok2.jpg\" \/>\n\t<meta property=\"og:image:width\" content=\"900\" \/>\n\t<meta property=\"og:image:height\" content=\"600\" \/>\n\t<meta property=\"og:image:type\" content=\"image\/jpeg\" \/>\n<meta name=\"author\" content=\"Tibor atya\" \/>\n<meta name=\"twitter:card\" content=\"summary_large_image\" \/>\n<meta name=\"twitter:label1\" content=\"Szerz\u0151:\" \/>\n\t<meta name=\"twitter:data1\" content=\"Tibor atya\" \/>\n\t<meta name=\"twitter:label2\" content=\"Becs\u00fclt olvas\u00e1si id\u0151\" \/>\n\t<meta name=\"twitter:data2\" content=\"18 perc\" \/>\n<script type=\"application\/ld+json\" class=\"yoast-schema-graph\">{\"@context\":\"https:\\\/\\\/schema.org\",\"@graph\":[{\"@type\":\"Article\",\"@id\":\"https:\\\/\\\/stuttgarti-katolikusok.de\\\/index.php\\\/nagypentek\\\/#article\",\"isPartOf\":{\"@id\":\"https:\\\/\\\/stuttgarti-katolikusok.de\\\/index.php\\\/nagypentek\\\/\"},\"author\":{\"name\":\"Tibor atya\",\"@id\":\"https:\\\/\\\/stuttgarti-katolikusok.de\\\/#\\\/schema\\\/person\\\/75908d6f8fdc03a57889d27209df7795\"},\"headline\":\"Nagyp\u00e9ntek\",\"datePublished\":\"2026-04-03T04:33:19+00:00\",\"dateModified\":\"2026-04-03T07:06:29+00:00\",\"mainEntityOfPage\":{\"@id\":\"https:\\\/\\\/stuttgarti-katolikusok.de\\\/index.php\\\/nagypentek\\\/\"},\"wordCount\":4522,\"image\":{\"@id\":\"https:\\\/\\\/stuttgarti-katolikusok.de\\\/index.php\\\/nagypentek\\\/#primaryimage\"},\"thumbnailUrl\":\"https:\\\/\\\/stuttgarti-katolikusok.de\\\/wp-content\\\/uploads\\\/2021\\\/04\\\/nagycsutortok2.jpg\",\"articleSection\":[\"A liturgia olvasm\u00e1nyai\",\"Gondolatok\"],\"inLanguage\":\"hu\"},{\"@type\":\"WebPage\",\"@id\":\"https:\\\/\\\/stuttgarti-katolikusok.de\\\/index.php\\\/nagypentek\\\/\",\"url\":\"https:\\\/\\\/stuttgarti-katolikusok.de\\\/index.php\\\/nagypentek\\\/\",\"name\":\"Nagyp\u00e9ntek - Stuttgarti Katolikusok\",\"isPartOf\":{\"@id\":\"https:\\\/\\\/stuttgarti-katolikusok.de\\\/#website\"},\"primaryImageOfPage\":{\"@id\":\"https:\\\/\\\/stuttgarti-katolikusok.de\\\/index.php\\\/nagypentek\\\/#primaryimage\"},\"image\":{\"@id\":\"https:\\\/\\\/stuttgarti-katolikusok.de\\\/index.php\\\/nagypentek\\\/#primaryimage\"},\"thumbnailUrl\":\"https:\\\/\\\/stuttgarti-katolikusok.de\\\/wp-content\\\/uploads\\\/2021\\\/04\\\/nagycsutortok2.jpg\",\"datePublished\":\"2026-04-03T04:33:19+00:00\",\"dateModified\":\"2026-04-03T07:06:29+00:00\",\"author\":{\"@id\":\"https:\\\/\\\/stuttgarti-katolikusok.de\\\/#\\\/schema\\\/person\\\/75908d6f8fdc03a57889d27209df7795\"},\"breadcrumb\":{\"@id\":\"https:\\\/\\\/stuttgarti-katolikusok.de\\\/index.php\\\/nagypentek\\\/#breadcrumb\"},\"inLanguage\":\"hu\",\"potentialAction\":[{\"@type\":\"ReadAction\",\"target\":[\"https:\\\/\\\/stuttgarti-katolikusok.de\\\/index.php\\\/nagypentek\\\/\"]}]},{\"@type\":\"ImageObject\",\"inLanguage\":\"hu\",\"@id\":\"https:\\\/\\\/stuttgarti-katolikusok.de\\\/index.php\\\/nagypentek\\\/#primaryimage\",\"url\":\"https:\\\/\\\/stuttgarti-katolikusok.de\\\/wp-content\\\/uploads\\\/2021\\\/04\\\/nagycsutortok2.jpg\",\"contentUrl\":\"https:\\\/\\\/stuttgarti-katolikusok.de\\\/wp-content\\\/uploads\\\/2021\\\/04\\\/nagycsutortok2.jpg\",\"width\":900,\"height\":600},{\"@type\":\"BreadcrumbList\",\"@id\":\"https:\\\/\\\/stuttgarti-katolikusok.de\\\/index.php\\\/nagypentek\\\/#breadcrumb\",\"itemListElement\":[{\"@type\":\"ListItem\",\"position\":1,\"name\":\"Kezd\u0151lap\",\"item\":\"https:\\\/\\\/stuttgarti-katolikusok.de\\\/\"},{\"@type\":\"ListItem\",\"position\":2,\"name\":\"Nagyp\u00e9ntek\"}]},{\"@type\":\"WebSite\",\"@id\":\"https:\\\/\\\/stuttgarti-katolikusok.de\\\/#website\",\"url\":\"https:\\\/\\\/stuttgarti-katolikusok.de\\\/\",\"name\":\"Stuttgarti Katolikusok\",\"description\":\"\",\"potentialAction\":[{\"@type\":\"SearchAction\",\"target\":{\"@type\":\"EntryPoint\",\"urlTemplate\":\"https:\\\/\\\/stuttgarti-katolikusok.de\\\/?s={search_term_string}\"},\"query-input\":{\"@type\":\"PropertyValueSpecification\",\"valueRequired\":true,\"valueName\":\"search_term_string\"}}],\"inLanguage\":\"hu\"},{\"@type\":\"Person\",\"@id\":\"https:\\\/\\\/stuttgarti-katolikusok.de\\\/#\\\/schema\\\/person\\\/75908d6f8fdc03a57889d27209df7795\",\"name\":\"Tibor atya\",\"image\":{\"@type\":\"ImageObject\",\"inLanguage\":\"hu\",\"@id\":\"https:\\\/\\\/secure.gravatar.com\\\/avatar\\\/61d268e57d1f4525b111222e29d2d5a7f8c420fdbf231ba5566a8ceac74fa960?s=96&d=mm&r=g\",\"url\":\"https:\\\/\\\/secure.gravatar.com\\\/avatar\\\/61d268e57d1f4525b111222e29d2d5a7f8c420fdbf231ba5566a8ceac74fa960?s=96&d=mm&r=g\",\"contentUrl\":\"https:\\\/\\\/secure.gravatar.com\\\/avatar\\\/61d268e57d1f4525b111222e29d2d5a7f8c420fdbf231ba5566a8ceac74fa960?s=96&d=mm&r=g\",\"caption\":\"Tibor atya\"},\"url\":\"https:\\\/\\\/stuttgarti-katolikusok.de\\\/index.php\\\/author\\\/tibor-atya\\\/\"}]}<\/script>\n<!-- \/ Yoast SEO plugin. -->","yoast_head_json":{"title":"Nagyp\u00e9ntek - Stuttgarti Katolikusok","robots":{"index":"index","follow":"follow","max-snippet":"max-snippet:-1","max-image-preview":"max-image-preview:large","max-video-preview":"max-video-preview:-1"},"canonical":"https:\/\/stuttgarti-katolikusok.de\/index.php\/nagypentek\/","og_locale":"hu_HU","og_type":"article","og_title":"Nagyp\u00e9ntek - Stuttgarti Katolikusok","og_description":"\u00a0 \u00a0A nagyp\u00e9nteki liturgia Urunk szenved\u00e9s\u00e9nek \u00e9s hal\u00e1l\u00e1nak a meg\u00fcnnepl\u00e9se. Ez az istentisztelet eg\u00e9szen m\u00e1s, mint a t\u00f6bbi, amelyet az egyh\u00e1zi \u00e9v sor\u00e1n \u00fcnnepl\u00fcnk.\u00a0 Ez\u00e9rt hadd vezessem be egy p\u00e1r sz\u00f3val. \u00a0 \u00a0Urunk k\u00ednszenved\u00e9s\u00e9nek \u00e9s hal\u00e1l\u00e1nak napj\u00e1n nincsen szentmise. A mai napon a kereszt\u00e1ldozatra, az \u00dajsz\u00f6vets\u00e9g egyetlen \u00e1ldozat\u00e1ra eml\u00e9kez\u00fcnk. Ma nem az \u00f6r\u00f6m, ker\u00fcl el\u0151t\u00e9rbe, hanem az a dr\u00e1ga \u00e1r, amivel Urunk J\u00e9zus megszerezte nek\u00fcnk az \u00fcdv\u00f6ss\u00e9get. Ez\u00e9rt hallgatnak a harangok, ez\u00e9rt \u00f6lt piros sz\u00ednt a liturgia. \u00a0 \u00a0A mai nap szertart\u00e1sa er\u0151teljes, a l\u00e9nyegre figyelmeztet\u0151 jelk\u00e9peket haszn\u00e1l. A csendes bevonul\u00e1s ut\u00e1n a pap arcra borul a kereszt el\u0151tt, a h\u00f3dolatnak, a mindenek felett \u00e1ll\u00f3 tiszteletnek jelek\u00e9nt, mik\u00f6zben valamennyien let\u00e9rdel\u00fcnk. A szertart\u00e1s elej\u00e9n elmarad a keresztvet\u00e9s, nincsen k\u00f6sz\u00f6nt\u00e9s sem. Egy r\u00f6vid k\u00f6ny\u00f6rg\u00e9sben Isten irgalmass\u00e1g\u00e1\u00e9rt folyamodunk. A k\u00f6ny\u00f6rg\u00e9s ut\u00e1n k\u00e9t olvasm\u00e1ny k\u00f6vetkezik, majd Urunk k\u00ednszenved\u00e9se Szent J\u00e1nos evang\u00e9liuma szerint. Az igeliturgia a nagyp\u00e9nteki egyetemes k\u00f6ny\u00f6rg\u00e9sekkel v\u00e9gz\u0151dik. \u00a0 \u00a0Ut\u00e1na k\u00f6vetkezik a Szent Kereszt el\u0151tti h\u00f3dolat: a lepellel bor\u00edtott keresztet k\u00f6rmenetben behozzuk, az olt\u00e1r el\u0151tt leleplezz\u00fck, fel\u00e1ll\u00edtjuk, hogy mindenki kifejezhesse el\u0151tte h\u00f3dolat\u00e1t. \u00a0 \u00a0A mai liturgia egy egyszer\u0171 szent\u00e1ldoz\u00e1ssal v\u00e9gz\u0151dik&#8230; OLVASM\u00c1NY Izaj\u00e1s pr\u00f3f\u00e9ta k\u00f6nyv\u00e9b\u0151l (Iz 52,13\u201353,12) A mi b\u0171neink\u00e9rt sz\u00fart\u00e1k \u00e1t. \u00cdgy sz\u00f3l az \u00dar: \u00cdme, szolg\u00e1m diadalmaskodik, f\u00f6ns\u00e9ges lesz \u00e9s felmagasztalj\u00e1k, \u00e9s nagy dics\u0151s\u00e9gre emelkedik. Amint sokan elborzadtak l\u00e1tt\u00e1n \u2013 hisz oly dicstelennek l\u00e1tszott, \u00e9s alig volt emberi \u00e1br\u00e1zata \u2013, \u00fagy fog majd sok nemzet \u00e1mulni rajta, \u00e9s kir\u00e1lyok n\u00e9mulnak el sz\u00edne el\u0151tt. Mert olyasmit fognak l\u00e1tni, amilyet m\u00e9g sohasem hirdettek nekik, \u00e9s olyan dolognak lesznek tan\u00fai, amilyenr\u0151l addig soha nem hallottak. Ki hitt abban, amit hallottunk, \u00e9s az \u00dar karja ki el\u0151tt nyilv\u00e1nult meg? \u00dagy n\u0151tt f\u00f6l el\u0151tt\u00fcnk, mint a hajt\u00e1s, \u00e9s mint a gy\u00f6k\u00e9r a szomjas f\u00f6ldb\u0151l. Nem volt sem sz\u00e9p, sem \u00e9kes, hogy sz\u00edvesen n\u00e9zz\u00fck \u0151t, a k\u00fclsej\u00e9re n\u00e9zve nem volt vonz\u00f3. Megvetett volt, utols\u00f3 az emberek k\u00f6z\u00f6tt, a... R\u00e9szletek","og_url":"https:\/\/stuttgarti-katolikusok.de\/index.php\/nagypentek\/","og_site_name":"Stuttgarti Katolikusok","article_published_time":"2026-04-03T04:33:19+00:00","article_modified_time":"2026-04-03T07:06:29+00:00","og_image":[{"width":900,"height":600,"url":"https:\/\/stuttgarti-katolikusok.de\/wp-content\/uploads\/2021\/04\/nagycsutortok2.jpg","type":"image\/jpeg"}],"author":"Tibor atya","twitter_card":"summary_large_image","twitter_misc":{"Szerz\u0151:":"Tibor atya","Becs\u00fclt olvas\u00e1si id\u0151":"18 perc"},"schema":{"@context":"https:\/\/schema.org","@graph":[{"@type":"Article","@id":"https:\/\/stuttgarti-katolikusok.de\/index.php\/nagypentek\/#article","isPartOf":{"@id":"https:\/\/stuttgarti-katolikusok.de\/index.php\/nagypentek\/"},"author":{"name":"Tibor atya","@id":"https:\/\/stuttgarti-katolikusok.de\/#\/schema\/person\/75908d6f8fdc03a57889d27209df7795"},"headline":"Nagyp\u00e9ntek","datePublished":"2026-04-03T04:33:19+00:00","dateModified":"2026-04-03T07:06:29+00:00","mainEntityOfPage":{"@id":"https:\/\/stuttgarti-katolikusok.de\/index.php\/nagypentek\/"},"wordCount":4522,"image":{"@id":"https:\/\/stuttgarti-katolikusok.de\/index.php\/nagypentek\/#primaryimage"},"thumbnailUrl":"https:\/\/stuttgarti-katolikusok.de\/wp-content\/uploads\/2021\/04\/nagycsutortok2.jpg","articleSection":["A liturgia olvasm\u00e1nyai","Gondolatok"],"inLanguage":"hu"},{"@type":"WebPage","@id":"https:\/\/stuttgarti-katolikusok.de\/index.php\/nagypentek\/","url":"https:\/\/stuttgarti-katolikusok.de\/index.php\/nagypentek\/","name":"Nagyp\u00e9ntek - Stuttgarti Katolikusok","isPartOf":{"@id":"https:\/\/stuttgarti-katolikusok.de\/#website"},"primaryImageOfPage":{"@id":"https:\/\/stuttgarti-katolikusok.de\/index.php\/nagypentek\/#primaryimage"},"image":{"@id":"https:\/\/stuttgarti-katolikusok.de\/index.php\/nagypentek\/#primaryimage"},"thumbnailUrl":"https:\/\/stuttgarti-katolikusok.de\/wp-content\/uploads\/2021\/04\/nagycsutortok2.jpg","datePublished":"2026-04-03T04:33:19+00:00","dateModified":"2026-04-03T07:06:29+00:00","author":{"@id":"https:\/\/stuttgarti-katolikusok.de\/#\/schema\/person\/75908d6f8fdc03a57889d27209df7795"},"breadcrumb":{"@id":"https:\/\/stuttgarti-katolikusok.de\/index.php\/nagypentek\/#breadcrumb"},"inLanguage":"hu","potentialAction":[{"@type":"ReadAction","target":["https:\/\/stuttgarti-katolikusok.de\/index.php\/nagypentek\/"]}]},{"@type":"ImageObject","inLanguage":"hu","@id":"https:\/\/stuttgarti-katolikusok.de\/index.php\/nagypentek\/#primaryimage","url":"https:\/\/stuttgarti-katolikusok.de\/wp-content\/uploads\/2021\/04\/nagycsutortok2.jpg","contentUrl":"https:\/\/stuttgarti-katolikusok.de\/wp-content\/uploads\/2021\/04\/nagycsutortok2.jpg","width":900,"height":600},{"@type":"BreadcrumbList","@id":"https:\/\/stuttgarti-katolikusok.de\/index.php\/nagypentek\/#breadcrumb","itemListElement":[{"@type":"ListItem","position":1,"name":"Kezd\u0151lap","item":"https:\/\/stuttgarti-katolikusok.de\/"},{"@type":"ListItem","position":2,"name":"Nagyp\u00e9ntek"}]},{"@type":"WebSite","@id":"https:\/\/stuttgarti-katolikusok.de\/#website","url":"https:\/\/stuttgarti-katolikusok.de\/","name":"Stuttgarti Katolikusok","description":"","potentialAction":[{"@type":"SearchAction","target":{"@type":"EntryPoint","urlTemplate":"https:\/\/stuttgarti-katolikusok.de\/?s={search_term_string}"},"query-input":{"@type":"PropertyValueSpecification","valueRequired":true,"valueName":"search_term_string"}}],"inLanguage":"hu"},{"@type":"Person","@id":"https:\/\/stuttgarti-katolikusok.de\/#\/schema\/person\/75908d6f8fdc03a57889d27209df7795","name":"Tibor atya","image":{"@type":"ImageObject","inLanguage":"hu","@id":"https:\/\/secure.gravatar.com\/avatar\/61d268e57d1f4525b111222e29d2d5a7f8c420fdbf231ba5566a8ceac74fa960?s=96&d=mm&r=g","url":"https:\/\/secure.gravatar.com\/avatar\/61d268e57d1f4525b111222e29d2d5a7f8c420fdbf231ba5566a8ceac74fa960?s=96&d=mm&r=g","contentUrl":"https:\/\/secure.gravatar.com\/avatar\/61d268e57d1f4525b111222e29d2d5a7f8c420fdbf231ba5566a8ceac74fa960?s=96&d=mm&r=g","caption":"Tibor atya"},"url":"https:\/\/stuttgarti-katolikusok.de\/index.php\/author\/tibor-atya\/"}]}},"_links":{"self":[{"href":"https:\/\/stuttgarti-katolikusok.de\/index.php\/wp-json\/wp\/v2\/posts\/26598","targetHints":{"allow":["GET"]}}],"collection":[{"href":"https:\/\/stuttgarti-katolikusok.de\/index.php\/wp-json\/wp\/v2\/posts"}],"about":[{"href":"https:\/\/stuttgarti-katolikusok.de\/index.php\/wp-json\/wp\/v2\/types\/post"}],"author":[{"embeddable":true,"href":"https:\/\/stuttgarti-katolikusok.de\/index.php\/wp-json\/wp\/v2\/users\/3"}],"replies":[{"embeddable":true,"href":"https:\/\/stuttgarti-katolikusok.de\/index.php\/wp-json\/wp\/v2\/comments?post=26598"}],"version-history":[{"count":6,"href":"https:\/\/stuttgarti-katolikusok.de\/index.php\/wp-json\/wp\/v2\/posts\/26598\/revisions"}],"predecessor-version":[{"id":32943,"href":"https:\/\/stuttgarti-katolikusok.de\/index.php\/wp-json\/wp\/v2\/posts\/26598\/revisions\/32943"}],"wp:featuredmedia":[{"embeddable":true,"href":"https:\/\/stuttgarti-katolikusok.de\/index.php\/wp-json\/wp\/v2\/media\/21580"}],"wp:attachment":[{"href":"https:\/\/stuttgarti-katolikusok.de\/index.php\/wp-json\/wp\/v2\/media?parent=26598"}],"wp:term":[{"taxonomy":"category","embeddable":true,"href":"https:\/\/stuttgarti-katolikusok.de\/index.php\/wp-json\/wp\/v2\/categories?post=26598"},{"taxonomy":"post_tag","embeddable":true,"href":"https:\/\/stuttgarti-katolikusok.de\/index.php\/wp-json\/wp\/v2\/tags?post=26598"}],"curies":[{"name":"wp","href":"https:\/\/api.w.org\/{rel}","templated":true}]}}