{"id":26596,"date":"2026-04-02T00:00:34","date_gmt":"2026-04-01T22:00:34","guid":{"rendered":"https:\/\/stuttgarti-katolikusok.de\/?p=26596"},"modified":"2026-04-02T00:19:45","modified_gmt":"2026-04-01T22:19:45","slug":"nagycsutortok-az-utolso-vacsora-miseje","status":"publish","type":"post","link":"https:\/\/stuttgarti-katolikusok.de\/index.php\/nagycsutortok-az-utolso-vacsora-miseje\/","title":{"rendered":"Nagycs\u00fct\u00f6rt\u00f6k, az utols\u00f3 vacsora mis\u00e9je"},"content":{"rendered":"<p><span style=\"color: #ff6600;\"><em><strong>Bar\u00e1ti szeretet Nagycs\u00fct\u00f6rt\u00f6k f\u00e9ny\u00e9ben<\/strong><\/em><\/span><\/p>\n<p><span style=\"color: #ff6600;\"><em>Mindig is mag\u00e1val ragadott a Szent H\u00e1romnap liturgi\u00e1ja, hiszen annyi csod\u00e1latos \u00e9s m\u00e9ly \u00fczenet, tan\u00edt\u00e1s van benne. Egyben b\u0151s\u00e9ggel k\u00edn\u00e1lja kincseit mindazoknak, akik k\u00e9rnek bel\u0151le. S ami\u00f3ta lelkip\u00e1sztork\u00e9nt szolg\u00e1lok, sz\u00e1momra ezek a liturgi\u00e1k a cs\u00facspontot is jelentik egyben.<\/em><\/span><\/p>\n<p><span style=\"color: #ff6600;\"><em>Az utols\u00f3 vacsora egyik megrend\u00edt\u0151 t\u00f6rt\u00e9n\u00e9se, amikor J\u00e9zus kend\u0151t k\u00f6t \u00e9s sorra megmossa az apostolok l\u00e1b\u00e1t. \u00a0Nem tesz kiv\u00e9telt, hiszen az \u00e1rul\u00f3 J\u00fad\u00e1s is r\u00e9szese e nemes \u00e9s bar\u00e1ti tettnek. \u201eMiut\u00e1n megmosta l\u00e1bukat, f\u00f6lvette fels\u0151 ruh\u00e1j\u00e1t, \u00fajra asztalhoz \u00fclt \u00e9s \u00edgy sz\u00f3lt hozz\u00e1juk: Meg\u00e9rtett\u00e9tek, hogy mit tettem veletek?&#8230; P\u00e9ld\u00e1t adtam nektek, hogy amit \u00e9n tettem, ti is tegy\u00e9tek meg.\u201d (Jn 13,12.15). <\/em><\/span><\/p>\n<p><span style=\"color: #ff6600;\"><em>E gesztus \u00e9rtelme alapvet\u0151en kett\u0151s: egyr\u00e9szt ugyanazt tenni, amire J\u00e9zus p\u00e9ld\u00e1t mutatott, m\u00e1sr\u00e9szt \u00fcnnepelni \u00e9s \u00e1t\u00e9lni azt a szeretetet, amely J\u00e9zus h\u00fasv\u00e9ti titk\u00e1nak l\u00e9nyege. Ez pedig, \u00fcdv\u00f6ss\u00e9g\u00fcnk\u00e9rt ki\u00fcres\u00edtette \u00f6nmag\u00e1t, szolg\u00e1v\u00e1 lett, \u00e9let\u00e9t szeretetb\u0151l mindenki\u00e9rt odaadta.<\/em><\/span><\/p>\n<p><span style=\"color: #ff6600;\"><em>B\u00e1r a liturgia keret\u00e9ben nem v\u00e9gezz\u00fck el ma a l\u00e1bmos\u00e1s szertart\u00e1s\u00e1t, az\u00e9rt az \u00fczenetet \u00e9rdemes egy kicsit tov\u00e1bb gondolni.<\/em><\/span><\/p>\n<p><span style=\"color: #ff6600;\"><em>Sz\u00e1momra meghat\u00f3 volt mindannyiszor, amikor megmoshattam az arra kijel\u00f6ltek l\u00e1b\u00e1t. S ugyanakkor azt is tapasztaltam, hogy minden alkalommal egy\u00e9nileg \u0151ket is m\u00e9lyen megrend\u00edtette. A kett\u0151s \u00fczenet m\u00e1sodik r\u00e9sz\u00e9t emeln\u00e9m ki: J\u00e9zus Krisztus ki\u00fcres\u00edtette \u00f6nmag\u00e1t, \u00e9let\u00e9t szeretetb\u0151l mindenki\u00e9rt odaadta.<\/em><\/span><\/p>\n<p><span style=\"color: #ff6600;\"><em>A g\u00f6r\u00f6g <strong>ken\u00f3zisz<\/strong> sz\u00f3 (\u00f6nmaga kifoszt\u00e1sa) magyarul ki\u00fcres\u00edt\u00e9st jelent. Vagyis sz\u00e1momra azt jelenti, hogy J\u00e9zus Krisztus mindent odaadott szeretet\u00e9b\u0151l, kifosztotta \u00f6nmag\u00e1t. M\u00e9g J\u00fad\u00e1snak is, aki el\u00e9g fura m\u00f3dj\u00e1t v\u00e1lasztotta a h\u00e1l\u00e1nak.<\/em><\/span><\/p>\n<p><span style=\"color: #ff6600;\"><em>Ennek f\u00e9ny\u00e9ben szeretn\u00e9m megosztani veletek a bar\u00e1ti szeretetr\u0151l vallott gondolataimat. Bar\u00e1tok k\u00f6z\u00f6tti szeretet\u00e9rz\u00e9s egyik legcsod\u00e1latosabb a vil\u00e1gon, hiszen benne van a m\u00falt, a k\u00f6z\u00f6sen megtett \u00fat, a k\u00f6z\u00f6s \u00e9lm\u00e9nyek, de ugyanakkor a f\u00e1jdalmak, kudarcok \u00fagyszint\u00e9n. Ez adja a bar\u00e1ti kapcsolat l\u00e9nyeg\u00e9t! \u00c9ppen ez\u00e9rt bar\u00e1ts\u00e1got elvesz\u00edteni azt is jelenti, hogy lemondasz a m\u00faltadr\u00f3l, es\u00e9lyt sem adva a j\u00f6v\u0151nek. A bar\u00e1ts\u00e1g alapja nem az, hogy \u00e1lland\u00f3an h\u00e1l\u00e1t, k\u00f6sz\u00f6netet, elismer\u00e9st, esetleges el\u0151ny\u00f6ket v\u00e1rok. Sokkal ink\u00e1bb az, hogyan tudom \u201ekifosztani \u00f6nmagamat\u201d bar\u00e1tom sz\u00e1m\u00e1ra. Azaz nem azt n\u00e9zem, hogy mit kapok cser\u00e9be, hanem, hogy oda tudok-e adni mindent, semmit sem v\u00e1rva \u00e9rte. Hal\u00e1los a pillanat, amikor azon gondolkodom, hogy mennyit adtam, s cser\u00e9be mennyit kaptam. A bar\u00e1ts\u00e1g hal\u00e1la ez!<\/em><\/span><\/p>\n<p><span style=\"color: #ff6600;\"><em>Bar\u00e1ts\u00e1g \u00e9s szeretet felemel\u0151 \u00e9rz\u00e9se legyen a jutalmunk!<\/em><\/span><\/p>\n<p><a href=\"https:\/\/stuttgarti-katolikusok.de\/wp-content\/uploads\/2025\/04\/nagycsutortok-ro.jpg\"><img loading=\"lazy\" decoding=\"async\" class=\"alignnone size-full wp-image-32936\" src=\"https:\/\/stuttgarti-katolikusok.de\/wp-content\/uploads\/2025\/04\/nagycsutortok-ro.jpg\" alt=\"\" width=\"1200\" height=\"1200\" srcset=\"https:\/\/stuttgarti-katolikusok.de\/wp-content\/uploads\/2025\/04\/nagycsutortok-ro.jpg 1200w, https:\/\/stuttgarti-katolikusok.de\/wp-content\/uploads\/2025\/04\/nagycsutortok-ro-300x300.jpg 300w, https:\/\/stuttgarti-katolikusok.de\/wp-content\/uploads\/2025\/04\/nagycsutortok-ro-1024x1024.jpg 1024w, https:\/\/stuttgarti-katolikusok.de\/wp-content\/uploads\/2025\/04\/nagycsutortok-ro-150x150.jpg 150w, https:\/\/stuttgarti-katolikusok.de\/wp-content\/uploads\/2025\/04\/nagycsutortok-ro-460x460.jpg 460w\" sizes=\"auto, (max-width: 1200px) 100vw, 1200px\" \/><\/a><\/p>\n<p align=\"justify\"><span style=\"color: #ff6600;\">OLVASM\u00c1NY M\u00f3zes m\u00e1sodik k\u00f6nyv\u00e9b\u0151l (Kiv 12,1-8.11-14)<\/span><br \/>\n<i>A h\u00fasv\u00e9ti vacsora parancsa.<\/i><br \/>\nAz \u00dar \u00edgy sz\u00f3lt M\u00f3zeshez \u00e9s \u00c1ronhoz Egyiptomban: \u201eEz a h\u00f3nap legyen sz\u00e1motokra a kezd\u0151 h\u00f3nap: ez legyen az \u00e9v els\u0151 h\u00f3napja. Hirdess\u00e9tek ki Izrael eg\u00e9sz k\u00f6z\u00f6ss\u00e9g\u00e9nek: A h\u00f3nap tizedik napj\u00e1n mindenki szerezzen egy b\u00e1r\u00e1nyt csal\u00e1donk\u00e9nt, egy b\u00e1r\u00e1nyt h\u00e1zank\u00e9nt. De ha a csal\u00e1d kicsi egy b\u00e1r\u00e1nyhoz, akkor a szem\u00e9lyek sz\u00e1m\u00e1nak megfelel\u0151en a szomsz\u00e9dos csal\u00e1ddal egy\u00fctt vegyen egyet. Aszerint sz\u00e1molj\u00e1tok a megh\u00edvottakat, hogy ki-ki mennyit eszik. Az \u00e1llat legyen hib\u00e1tlan, h\u00edm \u00e9s egy\u00e9ves. Vehettek b\u00e1r\u00e1nyt vagy kecsk\u00e9t. Tarts\u00e1tok a h\u00f3nap tizennegyedik napj\u00e1ig. Akkor Izrael k\u00f6z\u00f6ss\u00e9g\u00e9nek eg\u00e9sz gy\u00fclekezete estefel\u00e9 v\u00e1gja le. Vegyenek a v\u00e9r\u00e9b\u0151l \u00e9s kenjenek bel\u0151le annak a h\u00e1znak a k\u00e9t ajt\u00f3f\u00e9lf\u00e1j\u00e1ra \u00e9s szem\u00f6ld\u00f6kf\u00e1j\u00e1ra, amelyben elk\u00f6ltik. A h\u00fas\u00e1t \u2013 t\u0171z\u00f6n megs\u00fctve \u2013 m\u00e9g akkor \u00e9jszaka egy\u00e9k meg. Kov\u00e1sztalan keny\u00e9rrel \u00e9s keser\u0171 sal\u00e1t\u00e1val fogyassz\u00e1k. \u00cdgy fogyassz\u00e1tok: Legyen a derekatok fel\u00f6vezve, saru a l\u00e1batokon, bot a kezetekben. Sietve egy\u00e9tek, mert ez az \u00dar \u00e1tvonul\u00e1sa. \u00c9n v\u00e9gigvonulok azon az \u00e9jszak\u00e1n Egyiptomon \u00e9s meg\u00f6l\u00f6k minden els\u0151sz\u00fcl\u00f6ttet Egyiptomban: embert \u00e9s \u00e1llatot, s \u00edt\u00e9letet tartok Egyiptom minden istene f\u00f6l\u00f6tt, \u00e9n, az \u00dar. A v\u00e9rt haszn\u00e1lj\u00e1tok annak a h\u00e1znak a megjel\u00f6l\u00e9s\u00e9re, amelyben laktok. Ha l\u00e1tom a v\u00e9rt, kihagylak benneteket. Titeket nem \u00e9r a megsemmis\u00edt\u0151 csap\u00e1s, amellyel Egyiptomot megverem. Ez a nap legyen sz\u00e1motokra eml\u00e9knap, \u00e9s \u00fclj\u00e9tek meg \u00fagy, mint az \u00dar \u00fcnnep\u00e9t. Nemzed\u00e9kr\u0151l nemzed\u00e9kre tegy\u00e9tek meg \u00fcnnepnapnak mind\u00f6r\u00f6kre.\u201d<br \/>\nEz az Isten ig\u00e9je.<\/p>\n<p align=\"justify\"><span style=\"color: #ff6600;\">V\u00c1LASZOS ZSOLT\u00c1R (Zsolt 115,12-13.15-16bc.17-18)<\/span><br \/>\nV\u00e1lasz:\u00a0<b>Az \u00e1ld\u00e1s kelyhe, amelyet nek\u00fcnk adt\u00e1l, * Krisztus v\u00e9r\u00e9ben r\u00e9szes\u00edt minket.<\/b>\u00a07b. t\u00f3nus.<br \/>\nEl\u0151\u00e9nekes: Az \u00darnak mit adhatn\u00e9k, * mindaz\u00e9rt, amit n\u00e9kem adott?<br \/>\nVeszem az \u00fcdv\u00f6ss\u00e9g kelyh\u00e9t, * \u00e9s az \u00dar nev\u00e9t h\u00edvom seg\u00edts\u00e9g\u00fcl.<br \/>\nH\u00edvek: Az \u00e1ld\u00e1s kelyhe, amelyet nek\u00fcnk adt\u00e1l, * Krisztus v\u00e9r\u00e9ben r\u00e9szes\u00edt minket.<br \/>\nE: Dr\u00e1ga dolog a \u00dar sz\u00edne el\u0151tt, * szentjei dics\u0151 hal\u00e1la.<br \/>\nSzolg\u00e1d vagyok, Uram, \u00e9s szolg\u00e1l\u00f3d gyermeke, * bilincseimet sz\u00e9jjel t\u00f6rted.<br \/>\nH: Az \u00e1ld\u00e1s kelyhe, amelyet nek\u00fcnk adt\u00e1l, * Krisztus v\u00e9r\u00e9ben r\u00e9szes\u00edt minket.<br \/>\nE: Bemutatom n\u00e9ked a dics\u00e9ret \u00e1ldozat\u00e1t, * \u00e9s az \u00dar nev\u00e9t h\u00edvom seg\u00edts\u00e9g\u00fcl.<br \/>\nMegadom az \u00darnak, amit fogadtam, * eg\u00e9sz n\u00e9p\u00e9nek sz\u00edne el\u0151tt.<br \/>\nH: Az \u00e1ld\u00e1s kelyhe, amelyet nek\u00fcnk adt\u00e1l, * Krisztus v\u00e9r\u00e9ben r\u00e9szes\u00edt minket.<\/p>\n<p><span style=\"color: #ff6600;\">SZENTLECKE Szent P\u00e1l apostolnak a korintusiakhoz \u00edrt els\u0151 level\u00e9b\u0151l (1Kor 11,23-26)<\/span><br \/>\n<i>Valah\u00e1nyszor eszitek e kenyeret \u00e9s isztok a kehelyb\u0151l, az \u00dar hal\u00e1l\u00e1t hirdetitek.<\/i><br \/>\nTestv\u00e9reim!<br \/>\n\u00c9n az \u00dart\u00f3l kaptam, amit k\u00f6z\u00f6ltem is veletek: Urunk J\u00e9zus azon az \u00e9jszak\u00e1n, amikor el\u00e1rult\u00e1k, fogta a kenyeret, h\u00e1l\u00e1t adott, megt\u00f6rte, \u00e9s \u00edgy sz\u00f3lt: \u201eVegy\u00e9tek \u00e9s egy\u00e9tek, ez az \u00e9n testem, amely \u00e9rtetek adatik! Ezt cselekedj\u00e9tek az \u00e9n eml\u00e9kezetemre!\u201d A vacsora ut\u00e1n ugyan\u00edgy fogta a kelyhet is, \u00e9s \u00edgy sz\u00f3lt: \u201eEz a kehely az \u00fajsz\u00f6vets\u00e9g kelyhe az \u00e9n v\u00e9remben. Valah\u00e1nyszor isztok bel\u0151le, tegy\u00e9tek ezt az \u00e9n eml\u00e9kezetemre!\u201d Amikor ugyanis e kenyeret eszitek \u00e9s e kehelyb\u0151l isztok, az \u00dar hal\u00e1l\u00e1t hirdetitek, am\u00edg el nem j\u00f6n.<br \/>\nEz az Isten ig\u00e9je.<\/p>\n<p align=\"justify\"><span style=\"color: #ff6600;\">EVANG\u00c9LIUM EL\u0150TTI VERS<\/span><br \/>\nJ\u00e9zus mondja: \u2020 \u201e\u00daj parancsot adok nektek. * Szeress\u00e9tek egym\u00e1st, ahogy \u00e9n szeretlek titeket.\u201d Jn 13,34 \u2013 8 G. t\u00f3nus.<\/p>\n<p align=\"justify\"><span style=\"color: #ff6600;\">\u2020 EVANG\u00c9LIUM Szent J\u00e1nos k\u00f6nyv\u00e9b\u0151l (Jn 13,1-15)<\/span><br \/>\n<i>Mindv\u00e9gig szerette \u0151ket.<\/i><br \/>\nH\u00fasv\u00e9t \u00fcnnepe el\u0151tt t\u00f6rt\u00e9nt. J\u00e9zus tudta, hogy el\u00e9rkezett az \u00f3ra, amikor ebb\u0151l a vil\u00e1gb\u00f3l vissza kell t\u00e9rnie az Aty\u00e1hoz. Mivel szerette \u00f6v\u00e9it, akik a vil\u00e1gban voltak, m\u00e9g egy v\u00e9gs\u0151 jel\u00e9t adta szeretet\u00e9nek. Vacsora k\u00f6zben t\u00f6rt\u00e9nt, amikor a s\u00e1t\u00e1n m\u00e1r f\u00f6l\u00e9bresztette J\u00fad\u00e1snak, Kari\u00f3ti Simon fi\u00e1nak sz\u00edv\u00e9ben a gondolatot, hogy \u00e1rulja el \u0151t. J\u00e9zus tudta, hogy az Atya mindent a kez\u00e9be adott, s hogy Istent\u0151l j\u00f6tt \u00e9s Istenhez t\u00e9r vissza. F\u00f6lkelt h\u00e1t a vacsora mell\u0151l, letette fels\u0151 ruh\u00e1j\u00e1t, fogott egy v\u00e1szonkend\u0151t \u00e9s a derek\u00e1ra k\u00f6t\u00f6tte. Azut\u00e1n vizet \u00f6nt\u00f6tt egy mosd\u00f3t\u00e1lba, \u00e9s mosni kezdte tan\u00edtv\u00e1nyainak a l\u00e1b\u00e1t, majd a derek\u00e1ra k\u00f6t\u00f6tt kend\u0151vel meg is t\u00f6r\u00f6lte.<br \/>\nAmikor Simon P\u00e9terhez \u00e9rt, az \u00edgy sz\u00f3lt: \u201eUram, te akarod megmosni az \u00e9n l\u00e1bamat?\u201d J\u00e9zus \u00edgy felelt: \u201eMost m\u00e9g nem \u00e9rted, mit teszek, de k\u00e9s\u0151bb majd meg\u00e9rted.\u201d De P\u00e9ter tiltakozott: \u201eAz \u00e9n l\u00e1bamat ugyan meg nem mosod soha?\u201d J\u00e9zus azt felelte: \u201eHa nem moslak meg, nem lesz semmi k\u00f6z\u00f6d hozz\u00e1m!\u201d Erre P\u00e9ter \u00edgy sz\u00f3lt: \u201eUram, akkor ne csak a l\u00e1bamat, hanem a fejemet \u00e9s a kezemet is!\u201d J\u00e9zus azonban kijelentette: \u201eAki megmosdott, annak csak a l\u00e1b\u00e1t kell megmosni, \u00e9s eg\u00e9szen tiszta lesz. Ti tiszt\u00e1k vagytok, de nem mindny\u00e1jan.\u201d Tudta ugyanis, hogy egyik\u00fck el\u00e1rulja, az\u00e9rt mondta: \u201eNem vagytok mindny\u00e1jan tiszt\u00e1k.\u201d Miut\u00e1n megmosta l\u00e1bukat, f\u00f6lvette fels\u0151 ruh\u00e1j\u00e1t, \u00fajra asztalhoz \u00fclt, \u00e9s \u00edgy sz\u00f3lt hozz\u00e1juk: \u201eMeg\u00e9rtett\u00e9tek-e, hogy mit tettem veletek? Ti Mesternek \u00e9s \u00darnak h\u00edvtok engem, \u00e9s j\u00f3l teszitek, mert az vagyok. Ha teh\u00e1t \u00e9n, az \u00dar \u00e9s Mester megmostam l\u00e1batokat, nektek is meg kell mosnotok egym\u00e1s l\u00e1b\u00e1t. P\u00e9ld\u00e1t adtam nektek, hogy amit \u00e9n tettem, ti is tegy\u00e9tek meg.\u201d<br \/>\nEzek az evang\u00e9lium ig\u00e9i.<\/p>\n<p align=\"justify\"><span style=\"color: #ff6600;\">EGYETEMES K\u00d6NY\u00d6RG\u00c9SEK<\/span><br \/>\nPap: K\u00e9rj\u00fck, testv\u00e9reim, a mennyei Aty\u00e1t ebben az \u00fcnnepi \u00f3r\u00e1ban, amikor Isteni F\u0151papunk, J\u00e9zus Krisztus r\u00e1nk hagyta szenved\u00e9s\u00e9nek eml\u00e9k\u00e9t, az Olt\u00e1riszents\u00e9get!<br \/>\nLektor: 1. K\u00f6ny\u00f6rg\u00fcnk, Urunk, szent Egyh\u00e1zad\u00e9rt, a p\u00e1p\u00e1\u00e9rt, a p\u00fcsp\u00f6k\u00f6k\u00e9rt, a paps\u00e1g\u00e9rt \u00e9s a h\u00edvek\u00e9rt, hogy kegyelmed \u0151rizzen meg mindny\u00e1junkat hitben, egys\u00e9gben \u00e9s szeretetben.<br \/>\nH\u00edvek: K\u00e9r\u00fcnk t\u00e9ged, hallgass meg minket!<br \/>\n2. K\u00f6ny\u00f6rg\u00fcnk, Urunk, az eg\u00e9sz vil\u00e1g b\u00e9k\u00e9j\u00e9\u00e9rt, n\u00e9p\u00fcnk j\u00f3l\u00e9t\u00e9\u00e9rt \u00e9s haz\u00e1nk vezet\u0151i\u00e9rt.<br \/>\nH\u00edvek: K\u00e9r\u00fcnk t\u00e9ged . . .<br \/>\n3. K\u00f6ny\u00f6rg\u00fcnk, Urunk, azok\u00e9rt a testv\u00e9reink\u00e9rt, akik J\u00e9zust elhagyt\u00e1k.<br \/>\nH\u00edvek: K\u00e9r\u00fcnk t\u00e9ged . . .<br \/>\n4. K\u00f6ny\u00f6rg\u00fcnk, Urunk, hogy az Olt\u00e1riszents\u00e9g magunkhoz v\u00e9tele h\u00edv\u0151 k\u00f6z\u00f6ss\u00e9g\u00fcnket a szeretet csal\u00e1dj\u00e1v\u00e1 tegye.<br \/>\nH\u00edvek: K\u00e9r\u00fcnk t\u00e9ged . . .<br \/>\n5. K\u00f6ny\u00f6rg\u00fcnk, Urunk, elhunyt szeretteink\u00e9rt, hogy a szent \u00e1ldozat gy\u00fcm\u00f6lcsek\u00e9nt felragyogjon el\u0151tt\u00fck az \u00f6r\u00f6k \u00e9let boldog\u00edt\u00f3 vil\u00e1goss\u00e1ga.<br \/>\nH\u00edvek: K\u00e9r\u00fcnk t\u00e9ged . . .<br \/>\nPap: \u0150rizd meg, mennyei Aty\u00e1nk, mindenhat\u00f3 \u00f6r\u00f6k Isten, mindazokat, akiket szent Fiadnak adt\u00e1l, hogy mindannyian egyek legy\u00fcnk, \u00e9s szent hit\u00fcnkben meger\u0151s\u00f6dj\u00fcnk! Krisztus, a mi Urunk \u00e1ltal.<br \/>\nH\u00edvek: \u00c1men.<\/p>\n","protected":false},"excerpt":{"rendered":"<p>Bar\u00e1ti szeretet Nagycs\u00fct\u00f6rt\u00f6k f\u00e9ny\u00e9ben Mindig is mag\u00e1val ragadott a Szent H\u00e1romnap liturgi\u00e1ja, hiszen annyi csod\u00e1latos \u00e9s m\u00e9ly \u00fczenet, tan\u00edt\u00e1s van benne. Egyben b\u0151s\u00e9ggel k\u00edn\u00e1lja kincseit mindazoknak, akik k\u00e9rnek bel\u0151le. S ami\u00f3ta lelkip\u00e1sztork\u00e9nt szolg\u00e1lok, sz\u00e1momra ezek a liturgi\u00e1k a cs\u00facspontot is jelentik egyben. Az utols\u00f3 vacsora egyik megrend\u00edt\u0151 t\u00f6rt\u00e9n\u00e9se, amikor J\u00e9zus kend\u0151t k\u00f6t \u00e9s sorra megmossa az apostolok l\u00e1b\u00e1t. \u00a0Nem tesz kiv\u00e9telt, hiszen az \u00e1rul\u00f3 J\u00fad\u00e1s is r\u00e9szese e nemes \u00e9s bar\u00e1ti tettnek. \u201eMiut\u00e1n megmosta l\u00e1bukat, f\u00f6lvette fels\u0151 ruh\u00e1j\u00e1t, \u00fajra asztalhoz \u00fclt \u00e9s \u00edgy sz\u00f3lt hozz\u00e1juk: Meg\u00e9rtett\u00e9tek, hogy mit tettem veletek?&#8230; P\u00e9ld\u00e1t adtam nektek, hogy amit \u00e9n tettem, ti is tegy\u00e9tek meg.\u201d (Jn 13,12.15). E gesztus \u00e9rtelme alapvet\u0151en kett\u0151s: egyr\u00e9szt ugyanazt tenni, amire J\u00e9zus p\u00e9ld\u00e1t mutatott, m\u00e1sr\u00e9szt \u00fcnnepelni \u00e9s \u00e1t\u00e9lni azt a szeretetet, amely J\u00e9zus h\u00fasv\u00e9ti titk\u00e1nak l\u00e9nyege. Ez pedig, \u00fcdv\u00f6ss\u00e9g\u00fcnk\u00e9rt ki\u00fcres\u00edtette \u00f6nmag\u00e1t, szolg\u00e1v\u00e1 lett, \u00e9let\u00e9t szeretetb\u0151l mindenki\u00e9rt odaadta. B\u00e1r a liturgia keret\u00e9ben nem v\u00e9gezz\u00fck el ma a l\u00e1bmos\u00e1s szertart\u00e1s\u00e1t, az\u00e9rt az \u00fczenetet \u00e9rdemes egy kicsit tov\u00e1bb gondolni. Sz\u00e1momra meghat\u00f3 volt mindannyiszor, amikor megmoshattam az arra kijel\u00f6ltek l\u00e1b\u00e1t. S ugyanakkor azt is tapasztaltam, hogy minden alkalommal egy\u00e9nileg \u0151ket is m\u00e9lyen megrend\u00edtette. A kett\u0151s \u00fczenet m\u00e1sodik r\u00e9sz\u00e9t emeln\u00e9m ki: J\u00e9zus Krisztus ki\u00fcres\u00edtette \u00f6nmag\u00e1t, \u00e9let\u00e9t szeretetb\u0151l mindenki\u00e9rt odaadta. A g\u00f6r\u00f6g ken\u00f3zisz sz\u00f3 (\u00f6nmaga kifoszt\u00e1sa) magyarul ki\u00fcres\u00edt\u00e9st jelent. Vagyis sz\u00e1momra azt jelenti, hogy J\u00e9zus Krisztus mindent odaadott szeretet\u00e9b\u0151l, kifosztotta \u00f6nmag\u00e1t. M\u00e9g J\u00fad\u00e1snak is, aki el\u00e9g fura m\u00f3dj\u00e1t v\u00e1lasztotta a h\u00e1l\u00e1nak. Ennek f\u00e9ny\u00e9ben szeretn\u00e9m megosztani veletek a bar\u00e1ti szeretetr\u0151l vallott gondolataimat. Bar\u00e1tok k\u00f6z\u00f6tti szeretet\u00e9rz\u00e9s egyik legcsod\u00e1latosabb a vil\u00e1gon, hiszen benne van a m\u00falt, a k\u00f6z\u00f6sen megtett \u00fat, a k\u00f6z\u00f6s \u00e9lm\u00e9nyek, de ugyanakkor a f\u00e1jdalmak, kudarcok \u00fagyszint\u00e9n. Ez adja a bar\u00e1ti kapcsolat l\u00e9nyeg\u00e9t! \u00c9ppen ez\u00e9rt bar\u00e1ts\u00e1got elvesz\u00edteni azt is jelenti, hogy lemondasz a m\u00faltadr\u00f3l, es\u00e9lyt sem adva a j\u00f6v\u0151nek. A bar\u00e1ts\u00e1g alapja nem az, hogy \u00e1lland\u00f3an h\u00e1l\u00e1t, k\u00f6sz\u00f6netet, elismer\u00e9st, esetleges el\u0151ny\u00f6ket v\u00e1rok. Sokkal ink\u00e1bb az, hogyan&#8230; <\/p>\n<p><a class=\"readmore\" href=\"https:\/\/stuttgarti-katolikusok.de\/index.php\/nagycsutortok-az-utolso-vacsora-miseje\/\">R\u00e9szletek<\/a><\/p>\n","protected":false},"author":3,"featured_media":23213,"comment_status":"closed","ping_status":"closed","sticky":false,"template":"","format":"standard","meta":{"footnotes":""},"categories":[85,24],"tags":[],"class_list":["post-26596","post","type-post","status-publish","format-standard","has-post-thumbnail","hentry","category-a-liturgia-olvasmanyai","category-gondolatok"],"yoast_head":"<!-- This site is optimized with the Yoast SEO plugin v27.3 - https:\/\/yoast.com\/product\/yoast-seo-wordpress\/ -->\n<title>Nagycs\u00fct\u00f6rt\u00f6k, az utols\u00f3 vacsora mis\u00e9je - Stuttgarti Katolikusok<\/title>\n<meta name=\"robots\" content=\"index, follow, max-snippet:-1, max-image-preview:large, max-video-preview:-1\" \/>\n<link rel=\"canonical\" href=\"https:\/\/stuttgarti-katolikusok.de\/index.php\/nagycsutortok-az-utolso-vacsora-miseje\/\" \/>\n<meta property=\"og:locale\" content=\"hu_HU\" \/>\n<meta property=\"og:type\" content=\"article\" \/>\n<meta property=\"og:title\" content=\"Nagycs\u00fct\u00f6rt\u00f6k, az utols\u00f3 vacsora mis\u00e9je - Stuttgarti Katolikusok\" \/>\n<meta property=\"og:description\" content=\"Bar\u00e1ti szeretet Nagycs\u00fct\u00f6rt\u00f6k f\u00e9ny\u00e9ben Mindig is mag\u00e1val ragadott a Szent H\u00e1romnap liturgi\u00e1ja, hiszen annyi csod\u00e1latos \u00e9s m\u00e9ly \u00fczenet, tan\u00edt\u00e1s van benne. Egyben b\u0151s\u00e9ggel k\u00edn\u00e1lja kincseit mindazoknak, akik k\u00e9rnek bel\u0151le. S ami\u00f3ta lelkip\u00e1sztork\u00e9nt szolg\u00e1lok, sz\u00e1momra ezek a liturgi\u00e1k a cs\u00facspontot is jelentik egyben. Az utols\u00f3 vacsora egyik megrend\u00edt\u0151 t\u00f6rt\u00e9n\u00e9se, amikor J\u00e9zus kend\u0151t k\u00f6t \u00e9s sorra megmossa az apostolok l\u00e1b\u00e1t. \u00a0Nem tesz kiv\u00e9telt, hiszen az \u00e1rul\u00f3 J\u00fad\u00e1s is r\u00e9szese e nemes \u00e9s bar\u00e1ti tettnek. \u201eMiut\u00e1n megmosta l\u00e1bukat, f\u00f6lvette fels\u0151 ruh\u00e1j\u00e1t, \u00fajra asztalhoz \u00fclt \u00e9s \u00edgy sz\u00f3lt hozz\u00e1juk: Meg\u00e9rtett\u00e9tek, hogy mit tettem veletek?&#8230; P\u00e9ld\u00e1t adtam nektek, hogy amit \u00e9n tettem, ti is tegy\u00e9tek meg.\u201d (Jn 13,12.15). E gesztus \u00e9rtelme alapvet\u0151en kett\u0151s: egyr\u00e9szt ugyanazt tenni, amire J\u00e9zus p\u00e9ld\u00e1t mutatott, m\u00e1sr\u00e9szt \u00fcnnepelni \u00e9s \u00e1t\u00e9lni azt a szeretetet, amely J\u00e9zus h\u00fasv\u00e9ti titk\u00e1nak l\u00e9nyege. Ez pedig, \u00fcdv\u00f6ss\u00e9g\u00fcnk\u00e9rt ki\u00fcres\u00edtette \u00f6nmag\u00e1t, szolg\u00e1v\u00e1 lett, \u00e9let\u00e9t szeretetb\u0151l mindenki\u00e9rt odaadta. B\u00e1r a liturgia keret\u00e9ben nem v\u00e9gezz\u00fck el ma a l\u00e1bmos\u00e1s szertart\u00e1s\u00e1t, az\u00e9rt az \u00fczenetet \u00e9rdemes egy kicsit tov\u00e1bb gondolni. Sz\u00e1momra meghat\u00f3 volt mindannyiszor, amikor megmoshattam az arra kijel\u00f6ltek l\u00e1b\u00e1t. S ugyanakkor azt is tapasztaltam, hogy minden alkalommal egy\u00e9nileg \u0151ket is m\u00e9lyen megrend\u00edtette. A kett\u0151s \u00fczenet m\u00e1sodik r\u00e9sz\u00e9t emeln\u00e9m ki: J\u00e9zus Krisztus ki\u00fcres\u00edtette \u00f6nmag\u00e1t, \u00e9let\u00e9t szeretetb\u0151l mindenki\u00e9rt odaadta. A g\u00f6r\u00f6g ken\u00f3zisz sz\u00f3 (\u00f6nmaga kifoszt\u00e1sa) magyarul ki\u00fcres\u00edt\u00e9st jelent. Vagyis sz\u00e1momra azt jelenti, hogy J\u00e9zus Krisztus mindent odaadott szeretet\u00e9b\u0151l, kifosztotta \u00f6nmag\u00e1t. M\u00e9g J\u00fad\u00e1snak is, aki el\u00e9g fura m\u00f3dj\u00e1t v\u00e1lasztotta a h\u00e1l\u00e1nak. Ennek f\u00e9ny\u00e9ben szeretn\u00e9m megosztani veletek a bar\u00e1ti szeretetr\u0151l vallott gondolataimat. Bar\u00e1tok k\u00f6z\u00f6tti szeretet\u00e9rz\u00e9s egyik legcsod\u00e1latosabb a vil\u00e1gon, hiszen benne van a m\u00falt, a k\u00f6z\u00f6sen megtett \u00fat, a k\u00f6z\u00f6s \u00e9lm\u00e9nyek, de ugyanakkor a f\u00e1jdalmak, kudarcok \u00fagyszint\u00e9n. Ez adja a bar\u00e1ti kapcsolat l\u00e9nyeg\u00e9t! \u00c9ppen ez\u00e9rt bar\u00e1ts\u00e1got elvesz\u00edteni azt is jelenti, hogy lemondasz a m\u00faltadr\u00f3l, es\u00e9lyt sem adva a j\u00f6v\u0151nek. A bar\u00e1ts\u00e1g alapja nem az, hogy \u00e1lland\u00f3an h\u00e1l\u00e1t, k\u00f6sz\u00f6netet, elismer\u00e9st, esetleges el\u0151ny\u00f6ket v\u00e1rok. Sokkal ink\u00e1bb az, hogyan... R\u00e9szletek\" \/>\n<meta property=\"og:url\" content=\"https:\/\/stuttgarti-katolikusok.de\/index.php\/nagycsutortok-az-utolso-vacsora-miseje\/\" \/>\n<meta property=\"og:site_name\" content=\"Stuttgarti Katolikusok\" \/>\n<meta property=\"article:published_time\" content=\"2026-04-01T22:00:34+00:00\" \/>\n<meta property=\"article:modified_time\" content=\"2026-04-01T22:19:45+00:00\" \/>\n<meta property=\"og:image\" content=\"https:\/\/stuttgarti-katolikusok.de\/wp-content\/uploads\/2022\/04\/holy-thursday-g6d80b5ec7-1280.jpg\" \/>\n\t<meta property=\"og:image:width\" content=\"1280\" \/>\n\t<meta property=\"og:image:height\" content=\"720\" \/>\n\t<meta property=\"og:image:type\" content=\"image\/jpeg\" \/>\n<meta name=\"author\" content=\"Tibor atya\" \/>\n<meta name=\"twitter:card\" content=\"summary_large_image\" \/>\n<meta name=\"twitter:label1\" content=\"Szerz\u0151:\" \/>\n\t<meta name=\"twitter:data1\" content=\"Tibor atya\" \/>\n\t<meta name=\"twitter:label2\" content=\"Becs\u00fclt olvas\u00e1si id\u0151\" \/>\n\t<meta name=\"twitter:data2\" content=\"8 perc\" \/>\n<script type=\"application\/ld+json\" class=\"yoast-schema-graph\">{\"@context\":\"https:\\\/\\\/schema.org\",\"@graph\":[{\"@type\":\"Article\",\"@id\":\"https:\\\/\\\/stuttgarti-katolikusok.de\\\/index.php\\\/nagycsutortok-az-utolso-vacsora-miseje\\\/#article\",\"isPartOf\":{\"@id\":\"https:\\\/\\\/stuttgarti-katolikusok.de\\\/index.php\\\/nagycsutortok-az-utolso-vacsora-miseje\\\/\"},\"author\":{\"name\":\"Tibor atya\",\"@id\":\"https:\\\/\\\/stuttgarti-katolikusok.de\\\/#\\\/schema\\\/person\\\/75908d6f8fdc03a57889d27209df7795\"},\"headline\":\"Nagycs\u00fct\u00f6rt\u00f6k, az utols\u00f3 vacsora mis\u00e9je\",\"datePublished\":\"2026-04-01T22:00:34+00:00\",\"dateModified\":\"2026-04-01T22:19:45+00:00\",\"mainEntityOfPage\":{\"@id\":\"https:\\\/\\\/stuttgarti-katolikusok.de\\\/index.php\\\/nagycsutortok-az-utolso-vacsora-miseje\\\/\"},\"wordCount\":1881,\"image\":{\"@id\":\"https:\\\/\\\/stuttgarti-katolikusok.de\\\/index.php\\\/nagycsutortok-az-utolso-vacsora-miseje\\\/#primaryimage\"},\"thumbnailUrl\":\"https:\\\/\\\/stuttgarti-katolikusok.de\\\/wp-content\\\/uploads\\\/2022\\\/04\\\/holy-thursday-g6d80b5ec7-1280.jpg\",\"articleSection\":[\"A liturgia olvasm\u00e1nyai\",\"Gondolatok\"],\"inLanguage\":\"hu\"},{\"@type\":\"WebPage\",\"@id\":\"https:\\\/\\\/stuttgarti-katolikusok.de\\\/index.php\\\/nagycsutortok-az-utolso-vacsora-miseje\\\/\",\"url\":\"https:\\\/\\\/stuttgarti-katolikusok.de\\\/index.php\\\/nagycsutortok-az-utolso-vacsora-miseje\\\/\",\"name\":\"Nagycs\u00fct\u00f6rt\u00f6k, az utols\u00f3 vacsora mis\u00e9je - Stuttgarti Katolikusok\",\"isPartOf\":{\"@id\":\"https:\\\/\\\/stuttgarti-katolikusok.de\\\/#website\"},\"primaryImageOfPage\":{\"@id\":\"https:\\\/\\\/stuttgarti-katolikusok.de\\\/index.php\\\/nagycsutortok-az-utolso-vacsora-miseje\\\/#primaryimage\"},\"image\":{\"@id\":\"https:\\\/\\\/stuttgarti-katolikusok.de\\\/index.php\\\/nagycsutortok-az-utolso-vacsora-miseje\\\/#primaryimage\"},\"thumbnailUrl\":\"https:\\\/\\\/stuttgarti-katolikusok.de\\\/wp-content\\\/uploads\\\/2022\\\/04\\\/holy-thursday-g6d80b5ec7-1280.jpg\",\"datePublished\":\"2026-04-01T22:00:34+00:00\",\"dateModified\":\"2026-04-01T22:19:45+00:00\",\"author\":{\"@id\":\"https:\\\/\\\/stuttgarti-katolikusok.de\\\/#\\\/schema\\\/person\\\/75908d6f8fdc03a57889d27209df7795\"},\"breadcrumb\":{\"@id\":\"https:\\\/\\\/stuttgarti-katolikusok.de\\\/index.php\\\/nagycsutortok-az-utolso-vacsora-miseje\\\/#breadcrumb\"},\"inLanguage\":\"hu\",\"potentialAction\":[{\"@type\":\"ReadAction\",\"target\":[\"https:\\\/\\\/stuttgarti-katolikusok.de\\\/index.php\\\/nagycsutortok-az-utolso-vacsora-miseje\\\/\"]}]},{\"@type\":\"ImageObject\",\"inLanguage\":\"hu\",\"@id\":\"https:\\\/\\\/stuttgarti-katolikusok.de\\\/index.php\\\/nagycsutortok-az-utolso-vacsora-miseje\\\/#primaryimage\",\"url\":\"https:\\\/\\\/stuttgarti-katolikusok.de\\\/wp-content\\\/uploads\\\/2022\\\/04\\\/holy-thursday-g6d80b5ec7-1280.jpg\",\"contentUrl\":\"https:\\\/\\\/stuttgarti-katolikusok.de\\\/wp-content\\\/uploads\\\/2022\\\/04\\\/holy-thursday-g6d80b5ec7-1280.jpg\",\"width\":1280,\"height\":720},{\"@type\":\"BreadcrumbList\",\"@id\":\"https:\\\/\\\/stuttgarti-katolikusok.de\\\/index.php\\\/nagycsutortok-az-utolso-vacsora-miseje\\\/#breadcrumb\",\"itemListElement\":[{\"@type\":\"ListItem\",\"position\":1,\"name\":\"Kezd\u0151lap\",\"item\":\"https:\\\/\\\/stuttgarti-katolikusok.de\\\/\"},{\"@type\":\"ListItem\",\"position\":2,\"name\":\"Nagycs\u00fct\u00f6rt\u00f6k, az utols\u00f3 vacsora mis\u00e9je\"}]},{\"@type\":\"WebSite\",\"@id\":\"https:\\\/\\\/stuttgarti-katolikusok.de\\\/#website\",\"url\":\"https:\\\/\\\/stuttgarti-katolikusok.de\\\/\",\"name\":\"Stuttgarti Katolikusok\",\"description\":\"\",\"potentialAction\":[{\"@type\":\"SearchAction\",\"target\":{\"@type\":\"EntryPoint\",\"urlTemplate\":\"https:\\\/\\\/stuttgarti-katolikusok.de\\\/?s={search_term_string}\"},\"query-input\":{\"@type\":\"PropertyValueSpecification\",\"valueRequired\":true,\"valueName\":\"search_term_string\"}}],\"inLanguage\":\"hu\"},{\"@type\":\"Person\",\"@id\":\"https:\\\/\\\/stuttgarti-katolikusok.de\\\/#\\\/schema\\\/person\\\/75908d6f8fdc03a57889d27209df7795\",\"name\":\"Tibor atya\",\"image\":{\"@type\":\"ImageObject\",\"inLanguage\":\"hu\",\"@id\":\"https:\\\/\\\/secure.gravatar.com\\\/avatar\\\/61d268e57d1f4525b111222e29d2d5a7f8c420fdbf231ba5566a8ceac74fa960?s=96&d=mm&r=g\",\"url\":\"https:\\\/\\\/secure.gravatar.com\\\/avatar\\\/61d268e57d1f4525b111222e29d2d5a7f8c420fdbf231ba5566a8ceac74fa960?s=96&d=mm&r=g\",\"contentUrl\":\"https:\\\/\\\/secure.gravatar.com\\\/avatar\\\/61d268e57d1f4525b111222e29d2d5a7f8c420fdbf231ba5566a8ceac74fa960?s=96&d=mm&r=g\",\"caption\":\"Tibor atya\"},\"url\":\"https:\\\/\\\/stuttgarti-katolikusok.de\\\/index.php\\\/author\\\/tibor-atya\\\/\"}]}<\/script>\n<!-- \/ Yoast SEO plugin. -->","yoast_head_json":{"title":"Nagycs\u00fct\u00f6rt\u00f6k, az utols\u00f3 vacsora mis\u00e9je - Stuttgarti Katolikusok","robots":{"index":"index","follow":"follow","max-snippet":"max-snippet:-1","max-image-preview":"max-image-preview:large","max-video-preview":"max-video-preview:-1"},"canonical":"https:\/\/stuttgarti-katolikusok.de\/index.php\/nagycsutortok-az-utolso-vacsora-miseje\/","og_locale":"hu_HU","og_type":"article","og_title":"Nagycs\u00fct\u00f6rt\u00f6k, az utols\u00f3 vacsora mis\u00e9je - Stuttgarti Katolikusok","og_description":"Bar\u00e1ti szeretet Nagycs\u00fct\u00f6rt\u00f6k f\u00e9ny\u00e9ben Mindig is mag\u00e1val ragadott a Szent H\u00e1romnap liturgi\u00e1ja, hiszen annyi csod\u00e1latos \u00e9s m\u00e9ly \u00fczenet, tan\u00edt\u00e1s van benne. Egyben b\u0151s\u00e9ggel k\u00edn\u00e1lja kincseit mindazoknak, akik k\u00e9rnek bel\u0151le. S ami\u00f3ta lelkip\u00e1sztork\u00e9nt szolg\u00e1lok, sz\u00e1momra ezek a liturgi\u00e1k a cs\u00facspontot is jelentik egyben. Az utols\u00f3 vacsora egyik megrend\u00edt\u0151 t\u00f6rt\u00e9n\u00e9se, amikor J\u00e9zus kend\u0151t k\u00f6t \u00e9s sorra megmossa az apostolok l\u00e1b\u00e1t. \u00a0Nem tesz kiv\u00e9telt, hiszen az \u00e1rul\u00f3 J\u00fad\u00e1s is r\u00e9szese e nemes \u00e9s bar\u00e1ti tettnek. \u201eMiut\u00e1n megmosta l\u00e1bukat, f\u00f6lvette fels\u0151 ruh\u00e1j\u00e1t, \u00fajra asztalhoz \u00fclt \u00e9s \u00edgy sz\u00f3lt hozz\u00e1juk: Meg\u00e9rtett\u00e9tek, hogy mit tettem veletek?&#8230; P\u00e9ld\u00e1t adtam nektek, hogy amit \u00e9n tettem, ti is tegy\u00e9tek meg.\u201d (Jn 13,12.15). E gesztus \u00e9rtelme alapvet\u0151en kett\u0151s: egyr\u00e9szt ugyanazt tenni, amire J\u00e9zus p\u00e9ld\u00e1t mutatott, m\u00e1sr\u00e9szt \u00fcnnepelni \u00e9s \u00e1t\u00e9lni azt a szeretetet, amely J\u00e9zus h\u00fasv\u00e9ti titk\u00e1nak l\u00e9nyege. Ez pedig, \u00fcdv\u00f6ss\u00e9g\u00fcnk\u00e9rt ki\u00fcres\u00edtette \u00f6nmag\u00e1t, szolg\u00e1v\u00e1 lett, \u00e9let\u00e9t szeretetb\u0151l mindenki\u00e9rt odaadta. B\u00e1r a liturgia keret\u00e9ben nem v\u00e9gezz\u00fck el ma a l\u00e1bmos\u00e1s szertart\u00e1s\u00e1t, az\u00e9rt az \u00fczenetet \u00e9rdemes egy kicsit tov\u00e1bb gondolni. Sz\u00e1momra meghat\u00f3 volt mindannyiszor, amikor megmoshattam az arra kijel\u00f6ltek l\u00e1b\u00e1t. S ugyanakkor azt is tapasztaltam, hogy minden alkalommal egy\u00e9nileg \u0151ket is m\u00e9lyen megrend\u00edtette. A kett\u0151s \u00fczenet m\u00e1sodik r\u00e9sz\u00e9t emeln\u00e9m ki: J\u00e9zus Krisztus ki\u00fcres\u00edtette \u00f6nmag\u00e1t, \u00e9let\u00e9t szeretetb\u0151l mindenki\u00e9rt odaadta. A g\u00f6r\u00f6g ken\u00f3zisz sz\u00f3 (\u00f6nmaga kifoszt\u00e1sa) magyarul ki\u00fcres\u00edt\u00e9st jelent. Vagyis sz\u00e1momra azt jelenti, hogy J\u00e9zus Krisztus mindent odaadott szeretet\u00e9b\u0151l, kifosztotta \u00f6nmag\u00e1t. M\u00e9g J\u00fad\u00e1snak is, aki el\u00e9g fura m\u00f3dj\u00e1t v\u00e1lasztotta a h\u00e1l\u00e1nak. Ennek f\u00e9ny\u00e9ben szeretn\u00e9m megosztani veletek a bar\u00e1ti szeretetr\u0151l vallott gondolataimat. Bar\u00e1tok k\u00f6z\u00f6tti szeretet\u00e9rz\u00e9s egyik legcsod\u00e1latosabb a vil\u00e1gon, hiszen benne van a m\u00falt, a k\u00f6z\u00f6sen megtett \u00fat, a k\u00f6z\u00f6s \u00e9lm\u00e9nyek, de ugyanakkor a f\u00e1jdalmak, kudarcok \u00fagyszint\u00e9n. Ez adja a bar\u00e1ti kapcsolat l\u00e9nyeg\u00e9t! \u00c9ppen ez\u00e9rt bar\u00e1ts\u00e1got elvesz\u00edteni azt is jelenti, hogy lemondasz a m\u00faltadr\u00f3l, es\u00e9lyt sem adva a j\u00f6v\u0151nek. A bar\u00e1ts\u00e1g alapja nem az, hogy \u00e1lland\u00f3an h\u00e1l\u00e1t, k\u00f6sz\u00f6netet, elismer\u00e9st, esetleges el\u0151ny\u00f6ket v\u00e1rok. Sokkal ink\u00e1bb az, hogyan... R\u00e9szletek","og_url":"https:\/\/stuttgarti-katolikusok.de\/index.php\/nagycsutortok-az-utolso-vacsora-miseje\/","og_site_name":"Stuttgarti Katolikusok","article_published_time":"2026-04-01T22:00:34+00:00","article_modified_time":"2026-04-01T22:19:45+00:00","og_image":[{"width":1280,"height":720,"url":"https:\/\/stuttgarti-katolikusok.de\/wp-content\/uploads\/2022\/04\/holy-thursday-g6d80b5ec7-1280.jpg","type":"image\/jpeg"}],"author":"Tibor atya","twitter_card":"summary_large_image","twitter_misc":{"Szerz\u0151:":"Tibor atya","Becs\u00fclt olvas\u00e1si id\u0151":"8 perc"},"schema":{"@context":"https:\/\/schema.org","@graph":[{"@type":"Article","@id":"https:\/\/stuttgarti-katolikusok.de\/index.php\/nagycsutortok-az-utolso-vacsora-miseje\/#article","isPartOf":{"@id":"https:\/\/stuttgarti-katolikusok.de\/index.php\/nagycsutortok-az-utolso-vacsora-miseje\/"},"author":{"name":"Tibor atya","@id":"https:\/\/stuttgarti-katolikusok.de\/#\/schema\/person\/75908d6f8fdc03a57889d27209df7795"},"headline":"Nagycs\u00fct\u00f6rt\u00f6k, az utols\u00f3 vacsora mis\u00e9je","datePublished":"2026-04-01T22:00:34+00:00","dateModified":"2026-04-01T22:19:45+00:00","mainEntityOfPage":{"@id":"https:\/\/stuttgarti-katolikusok.de\/index.php\/nagycsutortok-az-utolso-vacsora-miseje\/"},"wordCount":1881,"image":{"@id":"https:\/\/stuttgarti-katolikusok.de\/index.php\/nagycsutortok-az-utolso-vacsora-miseje\/#primaryimage"},"thumbnailUrl":"https:\/\/stuttgarti-katolikusok.de\/wp-content\/uploads\/2022\/04\/holy-thursday-g6d80b5ec7-1280.jpg","articleSection":["A liturgia olvasm\u00e1nyai","Gondolatok"],"inLanguage":"hu"},{"@type":"WebPage","@id":"https:\/\/stuttgarti-katolikusok.de\/index.php\/nagycsutortok-az-utolso-vacsora-miseje\/","url":"https:\/\/stuttgarti-katolikusok.de\/index.php\/nagycsutortok-az-utolso-vacsora-miseje\/","name":"Nagycs\u00fct\u00f6rt\u00f6k, az utols\u00f3 vacsora mis\u00e9je - Stuttgarti Katolikusok","isPartOf":{"@id":"https:\/\/stuttgarti-katolikusok.de\/#website"},"primaryImageOfPage":{"@id":"https:\/\/stuttgarti-katolikusok.de\/index.php\/nagycsutortok-az-utolso-vacsora-miseje\/#primaryimage"},"image":{"@id":"https:\/\/stuttgarti-katolikusok.de\/index.php\/nagycsutortok-az-utolso-vacsora-miseje\/#primaryimage"},"thumbnailUrl":"https:\/\/stuttgarti-katolikusok.de\/wp-content\/uploads\/2022\/04\/holy-thursday-g6d80b5ec7-1280.jpg","datePublished":"2026-04-01T22:00:34+00:00","dateModified":"2026-04-01T22:19:45+00:00","author":{"@id":"https:\/\/stuttgarti-katolikusok.de\/#\/schema\/person\/75908d6f8fdc03a57889d27209df7795"},"breadcrumb":{"@id":"https:\/\/stuttgarti-katolikusok.de\/index.php\/nagycsutortok-az-utolso-vacsora-miseje\/#breadcrumb"},"inLanguage":"hu","potentialAction":[{"@type":"ReadAction","target":["https:\/\/stuttgarti-katolikusok.de\/index.php\/nagycsutortok-az-utolso-vacsora-miseje\/"]}]},{"@type":"ImageObject","inLanguage":"hu","@id":"https:\/\/stuttgarti-katolikusok.de\/index.php\/nagycsutortok-az-utolso-vacsora-miseje\/#primaryimage","url":"https:\/\/stuttgarti-katolikusok.de\/wp-content\/uploads\/2022\/04\/holy-thursday-g6d80b5ec7-1280.jpg","contentUrl":"https:\/\/stuttgarti-katolikusok.de\/wp-content\/uploads\/2022\/04\/holy-thursday-g6d80b5ec7-1280.jpg","width":1280,"height":720},{"@type":"BreadcrumbList","@id":"https:\/\/stuttgarti-katolikusok.de\/index.php\/nagycsutortok-az-utolso-vacsora-miseje\/#breadcrumb","itemListElement":[{"@type":"ListItem","position":1,"name":"Kezd\u0151lap","item":"https:\/\/stuttgarti-katolikusok.de\/"},{"@type":"ListItem","position":2,"name":"Nagycs\u00fct\u00f6rt\u00f6k, az utols\u00f3 vacsora mis\u00e9je"}]},{"@type":"WebSite","@id":"https:\/\/stuttgarti-katolikusok.de\/#website","url":"https:\/\/stuttgarti-katolikusok.de\/","name":"Stuttgarti Katolikusok","description":"","potentialAction":[{"@type":"SearchAction","target":{"@type":"EntryPoint","urlTemplate":"https:\/\/stuttgarti-katolikusok.de\/?s={search_term_string}"},"query-input":{"@type":"PropertyValueSpecification","valueRequired":true,"valueName":"search_term_string"}}],"inLanguage":"hu"},{"@type":"Person","@id":"https:\/\/stuttgarti-katolikusok.de\/#\/schema\/person\/75908d6f8fdc03a57889d27209df7795","name":"Tibor atya","image":{"@type":"ImageObject","inLanguage":"hu","@id":"https:\/\/secure.gravatar.com\/avatar\/61d268e57d1f4525b111222e29d2d5a7f8c420fdbf231ba5566a8ceac74fa960?s=96&d=mm&r=g","url":"https:\/\/secure.gravatar.com\/avatar\/61d268e57d1f4525b111222e29d2d5a7f8c420fdbf231ba5566a8ceac74fa960?s=96&d=mm&r=g","contentUrl":"https:\/\/secure.gravatar.com\/avatar\/61d268e57d1f4525b111222e29d2d5a7f8c420fdbf231ba5566a8ceac74fa960?s=96&d=mm&r=g","caption":"Tibor atya"},"url":"https:\/\/stuttgarti-katolikusok.de\/index.php\/author\/tibor-atya\/"}]}},"_links":{"self":[{"href":"https:\/\/stuttgarti-katolikusok.de\/index.php\/wp-json\/wp\/v2\/posts\/26596","targetHints":{"allow":["GET"]}}],"collection":[{"href":"https:\/\/stuttgarti-katolikusok.de\/index.php\/wp-json\/wp\/v2\/posts"}],"about":[{"href":"https:\/\/stuttgarti-katolikusok.de\/index.php\/wp-json\/wp\/v2\/types\/post"}],"author":[{"embeddable":true,"href":"https:\/\/stuttgarti-katolikusok.de\/index.php\/wp-json\/wp\/v2\/users\/3"}],"replies":[{"embeddable":true,"href":"https:\/\/stuttgarti-katolikusok.de\/index.php\/wp-json\/wp\/v2\/comments?post=26596"}],"version-history":[{"count":6,"href":"https:\/\/stuttgarti-katolikusok.de\/index.php\/wp-json\/wp\/v2\/posts\/26596\/revisions"}],"predecessor-version":[{"id":32938,"href":"https:\/\/stuttgarti-katolikusok.de\/index.php\/wp-json\/wp\/v2\/posts\/26596\/revisions\/32938"}],"wp:featuredmedia":[{"embeddable":true,"href":"https:\/\/stuttgarti-katolikusok.de\/index.php\/wp-json\/wp\/v2\/media\/23213"}],"wp:attachment":[{"href":"https:\/\/stuttgarti-katolikusok.de\/index.php\/wp-json\/wp\/v2\/media?parent=26596"}],"wp:term":[{"taxonomy":"category","embeddable":true,"href":"https:\/\/stuttgarti-katolikusok.de\/index.php\/wp-json\/wp\/v2\/categories?post=26596"},{"taxonomy":"post_tag","embeddable":true,"href":"https:\/\/stuttgarti-katolikusok.de\/index.php\/wp-json\/wp\/v2\/tags?post=26596"}],"curies":[{"name":"wp","href":"https:\/\/api.w.org\/{rel}","templated":true}]}}