{"id":26587,"date":"2023-03-31T00:33:51","date_gmt":"2023-03-30T22:33:51","guid":{"rendered":"https:\/\/stuttgarti-katolikusok.de\/?p=26587"},"modified":"2023-04-04T00:40:18","modified_gmt":"2023-04-03T22:40:18","slug":"a-baratsagklub-marcius-24-ei-talalkozo-margojara","status":"publish","type":"post","link":"https:\/\/stuttgarti-katolikusok.de\/index.php\/a-baratsagklub-marcius-24-ei-talalkozo-margojara\/","title":{"rendered":"A Bar\u00e1ts\u00e1gklub m\u00e1rcius 24-ei tal\u00e1lkoz\u00f3 marg\u00f3j\u00e1ra"},"content":{"rendered":"<p>P\u00e9nteken, m\u00e1rcius 24-\u00e9n, \u00fajb\u00f3l tal\u00e1lkoz\u00f3ra h\u00edvtak meg benn\u00fcnket Tibor atya \u00e9s a Bar\u00e1ts\u00e1gklub szervez\u0151i, Erika \u00e9s S\u00e1ndor.<\/p>\n<p>Ezen a napon megeml\u00e9kezt\u00fcnk az 1848. m\u00e1rcius 15-i forradalom \u00e9s szabads\u00e1gharc 175. \u00e9vfordul\u00f3j\u00e1r\u00f3l. Megh\u00edvott vend\u00e9geink, a Kratochvil K\u00e1roly ny. alt\u00e1bornagy nev\u00e9t visel\u0151 Dal\u00e1rda, katonadalokkal \u00e9s verssel sz\u00ednes\u00edtett\u00e9k az \u00fcnnepi megeml\u00e9kez\u00e9st.<\/p>\n<p>A tal\u00e1lkoz\u00f3t a Bruder Klaus templomban kereszt\u00fat im\u00e1dkoz\u00e1s\u00e1val \u00e9s szentmis\u00e9vel kezdt\u00fck, majd \u00e1tvonultunk a k\u00f6z\u00f6ss\u00e9gi terembe, ahol agap\u00e9t tartottunk \u00e9s a ter\u00edtett asztaln\u00e1l az otthonr\u00f3l hozott szendvicseket, \u00e9des \u00e9s s\u00f3s s\u00fctem\u00e9nyeket fogyasztottuk el.<\/p>\n<p>Egy PowerPoint-\u00f6ssze\u00e1ll\u00edt\u00e1ssal mutatta be Erika a m\u00e1rcius 15-i esem\u00e9nyeket Pest-Bud\u00e1n. Ezen a napon az eur\u00f3pai v\u00e1rosok sor\u00e1ban n\u00e1lunk is kit\u00f6rt a forradalom \u00e9s a pesti Ellenz\u00e9ki K\u00f6r tagjai, Pet\u0151fi S\u00e1ndor, Vasv\u00e1ri P\u00e1l, J\u00f3kai M\u00f3r \u00e9s Bulyovszky Gyula vezet\u00e9s\u00e9vel a Pilvax k\u00e1v\u00e9h\u00e1zban gy\u00fclekeztek a fiatal \u00e9rtelmis\u00e9giek radik\u00e1lis csoportja, ahol felolvast\u00e1k ki\u00e1ltv\u00e1nyukat.<\/p>\n<p>Erika k\u00e9r\u00e9s\u00e9re felolvastuk a forradalm\u00e1rok k\u00f6vetel\u00e9seit tartalmaz\u00f3 Tizenk\u00e9t pontot:<\/p>\n<p>\u201eMit k\u00edv\u00e1n a magyar nemzet.<\/p>\n<p>Legyen b\u00e9ke, szabads\u00e1g \u00e9s egyet\u00e9rt\u00e9s.<\/p>\n<ol>\n<li>K\u00edv\u00e1njuk a sajt\u00f3 szabads\u00e1g\u00e1t, censura elt\u00f6rl\u00e9s\u00e9t.<\/li>\n<li>Felel\u0151s ministeriumot Buda-Pesten.<\/li>\n<li>\u00c9venkinti orsz\u00e1ggy\u0171l\u00e9st Pesten.<\/li>\n<li>T\u00f6rv\u00e9ny el\u0151tti egyenl\u0151s\u00e9get polg\u00e1ri \u00e9s vall\u00e1si tekintetben.<\/li>\n<li>Nemzeti \u0151rsereg.<\/li>\n<li>K\u00f6z\u00f6s tehervisel\u00e9s.<\/li>\n<li>\u00darb\u00e9ri viszonyok megsz\u00fcntet\u00e9se.<\/li>\n<li>Esk\u00fcdtsz\u00e9k, k\u00e9pviselet egyenl\u0151s\u00e9g alapj\u00e1n.<\/li>\n<li>Nemzeti bank.<\/li>\n<li>A katonas\u00e1g esk\u00fcdj\u00e9k meg az alkotm\u00e1nyra, magyar katon\u00e1inkat ne vigy\u00e9k k\u00fclf\u00f6ldre, a k\u00fclf\u00f6ldieket vigy\u00e9k el t\u0151l\u00fcnk.<\/li>\n<li>A politikai statusfoglyok szabadon bocs\u00e1ttassanak.<\/li>\n<li>Unio<\/li>\n<\/ol>\n<p>Egyenl\u0151s\u00e9g, szabads\u00e1g, testv\u00e9ris\u00e9g.\u201d<\/p>\n<p><a href=\"https:\/\/stuttgarti-katolikusok.de\/wp-content\/uploads\/2023\/04\/whatsapp-kep-2023-03-24-213422-1.jpg\"><img loading=\"lazy\" decoding=\"async\" class=\"alignnone size-full wp-image-26589\" src=\"https:\/\/stuttgarti-katolikusok.de\/wp-content\/uploads\/2023\/04\/whatsapp-kep-2023-03-24-213422-1.jpg\" alt=\"\" width=\"2000\" height=\"1125\" srcset=\"https:\/\/stuttgarti-katolikusok.de\/wp-content\/uploads\/2023\/04\/whatsapp-kep-2023-03-24-213422-1.jpg 2000w, https:\/\/stuttgarti-katolikusok.de\/wp-content\/uploads\/2023\/04\/whatsapp-kep-2023-03-24-213422-1-300x169.jpg 300w, https:\/\/stuttgarti-katolikusok.de\/wp-content\/uploads\/2023\/04\/whatsapp-kep-2023-03-24-213422-1-1024x576.jpg 1024w, https:\/\/stuttgarti-katolikusok.de\/wp-content\/uploads\/2023\/04\/whatsapp-kep-2023-03-24-213422-1-1536x864.jpg 1536w\" sizes=\"auto, (max-width: 2000px) 100vw, 2000px\" \/><\/a><\/p>\n<p>Judit elszavalta Pet\u0151fi S\u00e1ndor \u201eNemzeti dal\u201d c\u00edm\u0171 vers\u00e9t, amelynek refr\u00e9nj\u00e9t minden versszak ut\u00e1n k\u00f6z\u00f6sen mondtuk el:<\/p>\n<p>\u201eA magyarok isten\u00e9re<br \/>\nEsk\u00fcsz\u00fcnk,<br \/>\nEsk\u00fcsz\u00fcnk, hogy rabok tov\u00e1bb<br \/>\nNem lesz\u00fcnk!\u201c<\/p>\n<p><a href=\"https:\/\/stuttgarti-katolikusok.de\/wp-content\/uploads\/2023\/04\/whatsapp-kep-2023-03-24-213423.jpg\"><img loading=\"lazy\" decoding=\"async\" class=\"alignnone size-full wp-image-26590\" src=\"https:\/\/stuttgarti-katolikusok.de\/wp-content\/uploads\/2023\/04\/whatsapp-kep-2023-03-24-213423.jpg\" alt=\"\" width=\"2000\" height=\"1125\" srcset=\"https:\/\/stuttgarti-katolikusok.de\/wp-content\/uploads\/2023\/04\/whatsapp-kep-2023-03-24-213423.jpg 2000w, https:\/\/stuttgarti-katolikusok.de\/wp-content\/uploads\/2023\/04\/whatsapp-kep-2023-03-24-213423-300x169.jpg 300w, https:\/\/stuttgarti-katolikusok.de\/wp-content\/uploads\/2023\/04\/whatsapp-kep-2023-03-24-213423-1024x576.jpg 1024w, https:\/\/stuttgarti-katolikusok.de\/wp-content\/uploads\/2023\/04\/whatsapp-kep-2023-03-24-213423-1536x864.jpg 1536w\" sizes=\"auto, (max-width: 2000px) 100vw, 2000px\" \/><\/a><\/p>\n<p>Ezut\u00e1n k\u00f6vetkezett a Dal\u00e1rda el\u0151ad\u00e1sa. Szebbn\u00e9l szebb katonadalokat \u00e9nekelt el a 10-tag\u00fa f\u00e9rfizenekar. Nagy r\u00e9sz\u00e9t ismert\u00fck, \u00edgy egy\u00fctt \u00e9nekelt\u00fcnk a Dal\u00e1rd\u00e1val.<\/p>\n<p>Vastapssal k\u00f6sz\u00f6nt\u00fck meg a Dal\u00e1rd\u00e1nak a gy\u00f6ny\u00f6r\u0171 el\u0151ad\u00e1st \u00e9s Fischer J\u00f3zsef lelkes szavalat\u00e1t, aki Pet\u0151fi S\u00e1ndor &#8211; \u201eA Magyar Nemzet\u201d c\u00edm\u0171 verssel ismertetett meg benn\u00fcnket.<\/p>\n<p>A Bar\u00e1ts\u00e1gklub tal\u00e1lkoz\u00f3j\u00e1t a szok\u00e1sos n\u00f3t\u00e1z\u00e1ssal fejezt\u00fck be. Zongor\u00e1n k\u00eds\u00e9rt benn\u00fcnket Kov\u00e1cs Edit zongoram\u0171v\u00e9sz\u00fcnk, aki mindig sz\u00edvesen j\u00f6n el k\u00f6z\u00e9nk \u00e9s minden n\u00f3t\u00e1t ismer.<\/p>\n<p>H\u00e1l\u00e1s k\u00f6sz\u00f6net Tibor aty\u00e1nak, Erik\u00e1nak \u00e9s S\u00e1ndornak a szervez\u00e9s\u00e9rt, Kov\u00e1cs Editnek a zen\u00e9s k\u00eds\u00e9ret\u00e9rt, a Kratochvil K\u00e1roly Dal\u00e1rd\u00e1nak a felejthetetlen el\u0151ad\u00e1s\u00e9rt, a Dal\u00e1rda hozz\u00e1tartoz\u00f3inak, akik jelenl\u00e9t\u00fckkel megtisztelt\u00e9k tal\u00e1lkoz\u00f3nkat \u00e9s minden jelenlev\u0151nek, aki \u00e9rt\u00e9keli \u00e9s rendszeresen l\u00e1togatja a Bar\u00e1ts\u00e1gklub rendezv\u00e9nyeit.<\/p>\n<p><em>D\u00e1vid Melinda<\/em><\/p>\n","protected":false},"excerpt":{"rendered":"<p>P\u00e9nteken, m\u00e1rcius 24-\u00e9n, \u00fajb\u00f3l tal\u00e1lkoz\u00f3ra h\u00edvtak meg benn\u00fcnket Tibor atya \u00e9s a Bar\u00e1ts\u00e1gklub szervez\u0151i, Erika \u00e9s S\u00e1ndor. Ezen a napon megeml\u00e9kezt\u00fcnk az 1848. m\u00e1rcius 15-i forradalom \u00e9s szabads\u00e1gharc 175. \u00e9vfordul\u00f3j\u00e1r\u00f3l. Megh\u00edvott vend\u00e9geink, a Kratochvil K\u00e1roly ny. alt\u00e1bornagy nev\u00e9t visel\u0151 Dal\u00e1rda, katonadalokkal \u00e9s verssel sz\u00ednes\u00edtett\u00e9k az \u00fcnnepi megeml\u00e9kez\u00e9st. A tal\u00e1lkoz\u00f3t a Bruder Klaus templomban kereszt\u00fat im\u00e1dkoz\u00e1s\u00e1val \u00e9s szentmis\u00e9vel kezdt\u00fck, majd \u00e1tvonultunk a k\u00f6z\u00f6ss\u00e9gi terembe, ahol agap\u00e9t tartottunk \u00e9s a ter\u00edtett asztaln\u00e1l az otthonr\u00f3l hozott szendvicseket, \u00e9des \u00e9s s\u00f3s s\u00fctem\u00e9nyeket fogyasztottuk el. Egy PowerPoint-\u00f6ssze\u00e1ll\u00edt\u00e1ssal mutatta be Erika a m\u00e1rcius 15-i esem\u00e9nyeket Pest-Bud\u00e1n. Ezen a napon az eur\u00f3pai v\u00e1rosok sor\u00e1ban n\u00e1lunk is kit\u00f6rt a forradalom \u00e9s a pesti Ellenz\u00e9ki K\u00f6r tagjai, Pet\u0151fi S\u00e1ndor, Vasv\u00e1ri P\u00e1l, J\u00f3kai M\u00f3r \u00e9s Bulyovszky Gyula vezet\u00e9s\u00e9vel a Pilvax k\u00e1v\u00e9h\u00e1zban gy\u00fclekeztek a fiatal \u00e9rtelmis\u00e9giek radik\u00e1lis csoportja, ahol felolvast\u00e1k ki\u00e1ltv\u00e1nyukat. Erika k\u00e9r\u00e9s\u00e9re felolvastuk a forradalm\u00e1rok k\u00f6vetel\u00e9seit tartalmaz\u00f3 Tizenk\u00e9t pontot: \u201eMit k\u00edv\u00e1n a magyar nemzet. Legyen b\u00e9ke, szabads\u00e1g \u00e9s egyet\u00e9rt\u00e9s. K\u00edv\u00e1njuk a sajt\u00f3 szabads\u00e1g\u00e1t, censura elt\u00f6rl\u00e9s\u00e9t. Felel\u0151s ministeriumot Buda-Pesten. \u00c9venkinti orsz\u00e1ggy\u0171l\u00e9st Pesten. T\u00f6rv\u00e9ny el\u0151tti egyenl\u0151s\u00e9get polg\u00e1ri \u00e9s vall\u00e1si tekintetben. Nemzeti \u0151rsereg. K\u00f6z\u00f6s tehervisel\u00e9s. \u00darb\u00e9ri viszonyok megsz\u00fcntet\u00e9se. Esk\u00fcdtsz\u00e9k, k\u00e9pviselet egyenl\u0151s\u00e9g alapj\u00e1n. Nemzeti bank. A katonas\u00e1g esk\u00fcdj\u00e9k meg az alkotm\u00e1nyra, magyar katon\u00e1inkat ne vigy\u00e9k k\u00fclf\u00f6ldre, a k\u00fclf\u00f6ldieket vigy\u00e9k el t\u0151l\u00fcnk. A politikai statusfoglyok szabadon bocs\u00e1ttassanak. Unio Egyenl\u0151s\u00e9g, szabads\u00e1g, testv\u00e9ris\u00e9g.\u201d Judit elszavalta Pet\u0151fi S\u00e1ndor \u201eNemzeti dal\u201d c\u00edm\u0171 vers\u00e9t, amelynek refr\u00e9nj\u00e9t minden versszak ut\u00e1n k\u00f6z\u00f6sen mondtuk el: \u201eA magyarok isten\u00e9re Esk\u00fcsz\u00fcnk, Esk\u00fcsz\u00fcnk, hogy rabok tov\u00e1bb Nem lesz\u00fcnk!\u201c Ezut\u00e1n k\u00f6vetkezett a Dal\u00e1rda el\u0151ad\u00e1sa. Szebbn\u00e9l szebb katonadalokat \u00e9nekelt el a 10-tag\u00fa f\u00e9rfizenekar. Nagy r\u00e9sz\u00e9t ismert\u00fck, \u00edgy egy\u00fctt \u00e9nekelt\u00fcnk a Dal\u00e1rd\u00e1val. Vastapssal k\u00f6sz\u00f6nt\u00fck meg a Dal\u00e1rd\u00e1nak a gy\u00f6ny\u00f6r\u0171 el\u0151ad\u00e1st \u00e9s Fischer J\u00f3zsef lelkes szavalat\u00e1t, aki Pet\u0151fi S\u00e1ndor &#8211; \u201eA Magyar Nemzet\u201d c\u00edm\u0171 verssel ismertetett meg benn\u00fcnket. A Bar\u00e1ts\u00e1gklub tal\u00e1lkoz\u00f3j\u00e1t a szok\u00e1sos n\u00f3t\u00e1z\u00e1ssal fejezt\u00fck be. Zongor\u00e1n k\u00eds\u00e9rt benn\u00fcnket Kov\u00e1cs Edit zongoram\u0171v\u00e9sz\u00fcnk, aki mindig sz\u00edvesen j\u00f6n el k\u00f6z\u00e9nk \u00e9s minden&#8230; <\/p>\n<p><a class=\"readmore\" href=\"https:\/\/stuttgarti-katolikusok.de\/index.php\/a-baratsagklub-marcius-24-ei-talalkozo-margojara\/\">R\u00e9szletek<\/a><\/p>\n","protected":false},"author":3,"featured_media":26588,"comment_status":"closed","ping_status":"closed","sticky":false,"template":"","format":"standard","meta":{"footnotes":""},"categories":[1],"tags":[],"class_list":["post-26587","post","type-post","status-publish","format-standard","has-post-thumbnail","hentry","category-valogatott"],"yoast_head":"<!-- This site is optimized with the Yoast SEO plugin v27.3 - https:\/\/yoast.com\/product\/yoast-seo-wordpress\/ -->\n<title>A Bar\u00e1ts\u00e1gklub m\u00e1rcius 24-ei tal\u00e1lkoz\u00f3 marg\u00f3j\u00e1ra - Stuttgarti Katolikusok<\/title>\n<meta name=\"robots\" content=\"index, follow, max-snippet:-1, max-image-preview:large, max-video-preview:-1\" \/>\n<link rel=\"canonical\" href=\"https:\/\/stuttgarti-katolikusok.de\/index.php\/a-baratsagklub-marcius-24-ei-talalkozo-margojara\/\" \/>\n<meta property=\"og:locale\" content=\"hu_HU\" \/>\n<meta property=\"og:type\" content=\"article\" \/>\n<meta property=\"og:title\" content=\"A Bar\u00e1ts\u00e1gklub m\u00e1rcius 24-ei tal\u00e1lkoz\u00f3 marg\u00f3j\u00e1ra - Stuttgarti Katolikusok\" \/>\n<meta property=\"og:description\" content=\"P\u00e9nteken, m\u00e1rcius 24-\u00e9n, \u00fajb\u00f3l tal\u00e1lkoz\u00f3ra h\u00edvtak meg benn\u00fcnket Tibor atya \u00e9s a Bar\u00e1ts\u00e1gklub szervez\u0151i, Erika \u00e9s S\u00e1ndor. Ezen a napon megeml\u00e9kezt\u00fcnk az 1848. m\u00e1rcius 15-i forradalom \u00e9s szabads\u00e1gharc 175. \u00e9vfordul\u00f3j\u00e1r\u00f3l. Megh\u00edvott vend\u00e9geink, a Kratochvil K\u00e1roly ny. alt\u00e1bornagy nev\u00e9t visel\u0151 Dal\u00e1rda, katonadalokkal \u00e9s verssel sz\u00ednes\u00edtett\u00e9k az \u00fcnnepi megeml\u00e9kez\u00e9st. A tal\u00e1lkoz\u00f3t a Bruder Klaus templomban kereszt\u00fat im\u00e1dkoz\u00e1s\u00e1val \u00e9s szentmis\u00e9vel kezdt\u00fck, majd \u00e1tvonultunk a k\u00f6z\u00f6ss\u00e9gi terembe, ahol agap\u00e9t tartottunk \u00e9s a ter\u00edtett asztaln\u00e1l az otthonr\u00f3l hozott szendvicseket, \u00e9des \u00e9s s\u00f3s s\u00fctem\u00e9nyeket fogyasztottuk el. Egy PowerPoint-\u00f6ssze\u00e1ll\u00edt\u00e1ssal mutatta be Erika a m\u00e1rcius 15-i esem\u00e9nyeket Pest-Bud\u00e1n. Ezen a napon az eur\u00f3pai v\u00e1rosok sor\u00e1ban n\u00e1lunk is kit\u00f6rt a forradalom \u00e9s a pesti Ellenz\u00e9ki K\u00f6r tagjai, Pet\u0151fi S\u00e1ndor, Vasv\u00e1ri P\u00e1l, J\u00f3kai M\u00f3r \u00e9s Bulyovszky Gyula vezet\u00e9s\u00e9vel a Pilvax k\u00e1v\u00e9h\u00e1zban gy\u00fclekeztek a fiatal \u00e9rtelmis\u00e9giek radik\u00e1lis csoportja, ahol felolvast\u00e1k ki\u00e1ltv\u00e1nyukat. Erika k\u00e9r\u00e9s\u00e9re felolvastuk a forradalm\u00e1rok k\u00f6vetel\u00e9seit tartalmaz\u00f3 Tizenk\u00e9t pontot: \u201eMit k\u00edv\u00e1n a magyar nemzet. Legyen b\u00e9ke, szabads\u00e1g \u00e9s egyet\u00e9rt\u00e9s. K\u00edv\u00e1njuk a sajt\u00f3 szabads\u00e1g\u00e1t, censura elt\u00f6rl\u00e9s\u00e9t. Felel\u0151s ministeriumot Buda-Pesten. \u00c9venkinti orsz\u00e1ggy\u0171l\u00e9st Pesten. T\u00f6rv\u00e9ny el\u0151tti egyenl\u0151s\u00e9get polg\u00e1ri \u00e9s vall\u00e1si tekintetben. Nemzeti \u0151rsereg. K\u00f6z\u00f6s tehervisel\u00e9s. \u00darb\u00e9ri viszonyok megsz\u00fcntet\u00e9se. Esk\u00fcdtsz\u00e9k, k\u00e9pviselet egyenl\u0151s\u00e9g alapj\u00e1n. Nemzeti bank. A katonas\u00e1g esk\u00fcdj\u00e9k meg az alkotm\u00e1nyra, magyar katon\u00e1inkat ne vigy\u00e9k k\u00fclf\u00f6ldre, a k\u00fclf\u00f6ldieket vigy\u00e9k el t\u0151l\u00fcnk. A politikai statusfoglyok szabadon bocs\u00e1ttassanak. Unio Egyenl\u0151s\u00e9g, szabads\u00e1g, testv\u00e9ris\u00e9g.\u201d Judit elszavalta Pet\u0151fi S\u00e1ndor \u201eNemzeti dal\u201d c\u00edm\u0171 vers\u00e9t, amelynek refr\u00e9nj\u00e9t minden versszak ut\u00e1n k\u00f6z\u00f6sen mondtuk el: \u201eA magyarok isten\u00e9re Esk\u00fcsz\u00fcnk, Esk\u00fcsz\u00fcnk, hogy rabok tov\u00e1bb Nem lesz\u00fcnk!\u201c Ezut\u00e1n k\u00f6vetkezett a Dal\u00e1rda el\u0151ad\u00e1sa. Szebbn\u00e9l szebb katonadalokat \u00e9nekelt el a 10-tag\u00fa f\u00e9rfizenekar. Nagy r\u00e9sz\u00e9t ismert\u00fck, \u00edgy egy\u00fctt \u00e9nekelt\u00fcnk a Dal\u00e1rd\u00e1val. Vastapssal k\u00f6sz\u00f6nt\u00fck meg a Dal\u00e1rd\u00e1nak a gy\u00f6ny\u00f6r\u0171 el\u0151ad\u00e1st \u00e9s Fischer J\u00f3zsef lelkes szavalat\u00e1t, aki Pet\u0151fi S\u00e1ndor &#8211; \u201eA Magyar Nemzet\u201d c\u00edm\u0171 verssel ismertetett meg benn\u00fcnket. A Bar\u00e1ts\u00e1gklub tal\u00e1lkoz\u00f3j\u00e1t a szok\u00e1sos n\u00f3t\u00e1z\u00e1ssal fejezt\u00fck be. Zongor\u00e1n k\u00eds\u00e9rt benn\u00fcnket Kov\u00e1cs Edit zongoram\u0171v\u00e9sz\u00fcnk, aki mindig sz\u00edvesen j\u00f6n el k\u00f6z\u00e9nk \u00e9s minden... R\u00e9szletek\" \/>\n<meta property=\"og:url\" content=\"https:\/\/stuttgarti-katolikusok.de\/index.php\/a-baratsagklub-marcius-24-ei-talalkozo-margojara\/\" \/>\n<meta property=\"og:site_name\" content=\"Stuttgarti Katolikusok\" \/>\n<meta property=\"article:published_time\" content=\"2023-03-30T22:33:51+00:00\" \/>\n<meta property=\"article:modified_time\" content=\"2023-04-03T22:40:18+00:00\" \/>\n<meta property=\"og:image\" content=\"https:\/\/stuttgarti-katolikusok.de\/wp-content\/uploads\/2023\/04\/whatsapp-kep-2023-03-24-213422.jpg\" \/>\n\t<meta property=\"og:image:width\" content=\"2000\" \/>\n\t<meta property=\"og:image:height\" content=\"1125\" \/>\n\t<meta property=\"og:image:type\" content=\"image\/jpeg\" \/>\n<meta name=\"author\" content=\"Tibor atya\" \/>\n<meta name=\"twitter:card\" content=\"summary_large_image\" \/>\n<meta name=\"twitter:label1\" content=\"Szerz\u0151:\" \/>\n\t<meta name=\"twitter:data1\" content=\"Tibor atya\" \/>\n\t<meta name=\"twitter:label2\" content=\"Becs\u00fclt olvas\u00e1si id\u0151\" \/>\n\t<meta name=\"twitter:data2\" content=\"3 perc\" \/>\n<script type=\"application\/ld+json\" class=\"yoast-schema-graph\">{\"@context\":\"https:\\\/\\\/schema.org\",\"@graph\":[{\"@type\":\"Article\",\"@id\":\"https:\\\/\\\/stuttgarti-katolikusok.de\\\/index.php\\\/a-baratsagklub-marcius-24-ei-talalkozo-margojara\\\/#article\",\"isPartOf\":{\"@id\":\"https:\\\/\\\/stuttgarti-katolikusok.de\\\/index.php\\\/a-baratsagklub-marcius-24-ei-talalkozo-margojara\\\/\"},\"author\":{\"name\":\"Tibor atya\",\"@id\":\"https:\\\/\\\/stuttgarti-katolikusok.de\\\/#\\\/schema\\\/person\\\/75908d6f8fdc03a57889d27209df7795\"},\"headline\":\"A Bar\u00e1ts\u00e1gklub m\u00e1rcius 24-ei tal\u00e1lkoz\u00f3 marg\u00f3j\u00e1ra\",\"datePublished\":\"2023-03-30T22:33:51+00:00\",\"dateModified\":\"2023-04-03T22:40:18+00:00\",\"mainEntityOfPage\":{\"@id\":\"https:\\\/\\\/stuttgarti-katolikusok.de\\\/index.php\\\/a-baratsagklub-marcius-24-ei-talalkozo-margojara\\\/\"},\"wordCount\":598,\"image\":{\"@id\":\"https:\\\/\\\/stuttgarti-katolikusok.de\\\/index.php\\\/a-baratsagklub-marcius-24-ei-talalkozo-margojara\\\/#primaryimage\"},\"thumbnailUrl\":\"https:\\\/\\\/stuttgarti-katolikusok.de\\\/wp-content\\\/uploads\\\/2023\\\/04\\\/whatsapp-kep-2023-03-24-213422.jpg\",\"articleSection\":[\"V\u00e1logatott \u00edr\u00e1sok\"],\"inLanguage\":\"hu\"},{\"@type\":\"WebPage\",\"@id\":\"https:\\\/\\\/stuttgarti-katolikusok.de\\\/index.php\\\/a-baratsagklub-marcius-24-ei-talalkozo-margojara\\\/\",\"url\":\"https:\\\/\\\/stuttgarti-katolikusok.de\\\/index.php\\\/a-baratsagklub-marcius-24-ei-talalkozo-margojara\\\/\",\"name\":\"A Bar\u00e1ts\u00e1gklub m\u00e1rcius 24-ei tal\u00e1lkoz\u00f3 marg\u00f3j\u00e1ra - Stuttgarti Katolikusok\",\"isPartOf\":{\"@id\":\"https:\\\/\\\/stuttgarti-katolikusok.de\\\/#website\"},\"primaryImageOfPage\":{\"@id\":\"https:\\\/\\\/stuttgarti-katolikusok.de\\\/index.php\\\/a-baratsagklub-marcius-24-ei-talalkozo-margojara\\\/#primaryimage\"},\"image\":{\"@id\":\"https:\\\/\\\/stuttgarti-katolikusok.de\\\/index.php\\\/a-baratsagklub-marcius-24-ei-talalkozo-margojara\\\/#primaryimage\"},\"thumbnailUrl\":\"https:\\\/\\\/stuttgarti-katolikusok.de\\\/wp-content\\\/uploads\\\/2023\\\/04\\\/whatsapp-kep-2023-03-24-213422.jpg\",\"datePublished\":\"2023-03-30T22:33:51+00:00\",\"dateModified\":\"2023-04-03T22:40:18+00:00\",\"author\":{\"@id\":\"https:\\\/\\\/stuttgarti-katolikusok.de\\\/#\\\/schema\\\/person\\\/75908d6f8fdc03a57889d27209df7795\"},\"breadcrumb\":{\"@id\":\"https:\\\/\\\/stuttgarti-katolikusok.de\\\/index.php\\\/a-baratsagklub-marcius-24-ei-talalkozo-margojara\\\/#breadcrumb\"},\"inLanguage\":\"hu\",\"potentialAction\":[{\"@type\":\"ReadAction\",\"target\":[\"https:\\\/\\\/stuttgarti-katolikusok.de\\\/index.php\\\/a-baratsagklub-marcius-24-ei-talalkozo-margojara\\\/\"]}]},{\"@type\":\"ImageObject\",\"inLanguage\":\"hu\",\"@id\":\"https:\\\/\\\/stuttgarti-katolikusok.de\\\/index.php\\\/a-baratsagklub-marcius-24-ei-talalkozo-margojara\\\/#primaryimage\",\"url\":\"https:\\\/\\\/stuttgarti-katolikusok.de\\\/wp-content\\\/uploads\\\/2023\\\/04\\\/whatsapp-kep-2023-03-24-213422.jpg\",\"contentUrl\":\"https:\\\/\\\/stuttgarti-katolikusok.de\\\/wp-content\\\/uploads\\\/2023\\\/04\\\/whatsapp-kep-2023-03-24-213422.jpg\",\"width\":2000,\"height\":1125},{\"@type\":\"BreadcrumbList\",\"@id\":\"https:\\\/\\\/stuttgarti-katolikusok.de\\\/index.php\\\/a-baratsagklub-marcius-24-ei-talalkozo-margojara\\\/#breadcrumb\",\"itemListElement\":[{\"@type\":\"ListItem\",\"position\":1,\"name\":\"Kezd\u0151lap\",\"item\":\"https:\\\/\\\/stuttgarti-katolikusok.de\\\/\"},{\"@type\":\"ListItem\",\"position\":2,\"name\":\"A Bar\u00e1ts\u00e1gklub m\u00e1rcius 24-ei tal\u00e1lkoz\u00f3 marg\u00f3j\u00e1ra\"}]},{\"@type\":\"WebSite\",\"@id\":\"https:\\\/\\\/stuttgarti-katolikusok.de\\\/#website\",\"url\":\"https:\\\/\\\/stuttgarti-katolikusok.de\\\/\",\"name\":\"Stuttgarti Katolikusok\",\"description\":\"\",\"potentialAction\":[{\"@type\":\"SearchAction\",\"target\":{\"@type\":\"EntryPoint\",\"urlTemplate\":\"https:\\\/\\\/stuttgarti-katolikusok.de\\\/?s={search_term_string}\"},\"query-input\":{\"@type\":\"PropertyValueSpecification\",\"valueRequired\":true,\"valueName\":\"search_term_string\"}}],\"inLanguage\":\"hu\"},{\"@type\":\"Person\",\"@id\":\"https:\\\/\\\/stuttgarti-katolikusok.de\\\/#\\\/schema\\\/person\\\/75908d6f8fdc03a57889d27209df7795\",\"name\":\"Tibor atya\",\"image\":{\"@type\":\"ImageObject\",\"inLanguage\":\"hu\",\"@id\":\"https:\\\/\\\/secure.gravatar.com\\\/avatar\\\/61d268e57d1f4525b111222e29d2d5a7f8c420fdbf231ba5566a8ceac74fa960?s=96&d=mm&r=g\",\"url\":\"https:\\\/\\\/secure.gravatar.com\\\/avatar\\\/61d268e57d1f4525b111222e29d2d5a7f8c420fdbf231ba5566a8ceac74fa960?s=96&d=mm&r=g\",\"contentUrl\":\"https:\\\/\\\/secure.gravatar.com\\\/avatar\\\/61d268e57d1f4525b111222e29d2d5a7f8c420fdbf231ba5566a8ceac74fa960?s=96&d=mm&r=g\",\"caption\":\"Tibor atya\"},\"url\":\"https:\\\/\\\/stuttgarti-katolikusok.de\\\/index.php\\\/author\\\/tibor-atya\\\/\"}]}<\/script>\n<!-- \/ Yoast SEO plugin. -->","yoast_head_json":{"title":"A Bar\u00e1ts\u00e1gklub m\u00e1rcius 24-ei tal\u00e1lkoz\u00f3 marg\u00f3j\u00e1ra - Stuttgarti Katolikusok","robots":{"index":"index","follow":"follow","max-snippet":"max-snippet:-1","max-image-preview":"max-image-preview:large","max-video-preview":"max-video-preview:-1"},"canonical":"https:\/\/stuttgarti-katolikusok.de\/index.php\/a-baratsagklub-marcius-24-ei-talalkozo-margojara\/","og_locale":"hu_HU","og_type":"article","og_title":"A Bar\u00e1ts\u00e1gklub m\u00e1rcius 24-ei tal\u00e1lkoz\u00f3 marg\u00f3j\u00e1ra - Stuttgarti Katolikusok","og_description":"P\u00e9nteken, m\u00e1rcius 24-\u00e9n, \u00fajb\u00f3l tal\u00e1lkoz\u00f3ra h\u00edvtak meg benn\u00fcnket Tibor atya \u00e9s a Bar\u00e1ts\u00e1gklub szervez\u0151i, Erika \u00e9s S\u00e1ndor. Ezen a napon megeml\u00e9kezt\u00fcnk az 1848. m\u00e1rcius 15-i forradalom \u00e9s szabads\u00e1gharc 175. \u00e9vfordul\u00f3j\u00e1r\u00f3l. Megh\u00edvott vend\u00e9geink, a Kratochvil K\u00e1roly ny. alt\u00e1bornagy nev\u00e9t visel\u0151 Dal\u00e1rda, katonadalokkal \u00e9s verssel sz\u00ednes\u00edtett\u00e9k az \u00fcnnepi megeml\u00e9kez\u00e9st. A tal\u00e1lkoz\u00f3t a Bruder Klaus templomban kereszt\u00fat im\u00e1dkoz\u00e1s\u00e1val \u00e9s szentmis\u00e9vel kezdt\u00fck, majd \u00e1tvonultunk a k\u00f6z\u00f6ss\u00e9gi terembe, ahol agap\u00e9t tartottunk \u00e9s a ter\u00edtett asztaln\u00e1l az otthonr\u00f3l hozott szendvicseket, \u00e9des \u00e9s s\u00f3s s\u00fctem\u00e9nyeket fogyasztottuk el. Egy PowerPoint-\u00f6ssze\u00e1ll\u00edt\u00e1ssal mutatta be Erika a m\u00e1rcius 15-i esem\u00e9nyeket Pest-Bud\u00e1n. Ezen a napon az eur\u00f3pai v\u00e1rosok sor\u00e1ban n\u00e1lunk is kit\u00f6rt a forradalom \u00e9s a pesti Ellenz\u00e9ki K\u00f6r tagjai, Pet\u0151fi S\u00e1ndor, Vasv\u00e1ri P\u00e1l, J\u00f3kai M\u00f3r \u00e9s Bulyovszky Gyula vezet\u00e9s\u00e9vel a Pilvax k\u00e1v\u00e9h\u00e1zban gy\u00fclekeztek a fiatal \u00e9rtelmis\u00e9giek radik\u00e1lis csoportja, ahol felolvast\u00e1k ki\u00e1ltv\u00e1nyukat. Erika k\u00e9r\u00e9s\u00e9re felolvastuk a forradalm\u00e1rok k\u00f6vetel\u00e9seit tartalmaz\u00f3 Tizenk\u00e9t pontot: \u201eMit k\u00edv\u00e1n a magyar nemzet. Legyen b\u00e9ke, szabads\u00e1g \u00e9s egyet\u00e9rt\u00e9s. K\u00edv\u00e1njuk a sajt\u00f3 szabads\u00e1g\u00e1t, censura elt\u00f6rl\u00e9s\u00e9t. Felel\u0151s ministeriumot Buda-Pesten. \u00c9venkinti orsz\u00e1ggy\u0171l\u00e9st Pesten. T\u00f6rv\u00e9ny el\u0151tti egyenl\u0151s\u00e9get polg\u00e1ri \u00e9s vall\u00e1si tekintetben. Nemzeti \u0151rsereg. K\u00f6z\u00f6s tehervisel\u00e9s. \u00darb\u00e9ri viszonyok megsz\u00fcntet\u00e9se. Esk\u00fcdtsz\u00e9k, k\u00e9pviselet egyenl\u0151s\u00e9g alapj\u00e1n. Nemzeti bank. A katonas\u00e1g esk\u00fcdj\u00e9k meg az alkotm\u00e1nyra, magyar katon\u00e1inkat ne vigy\u00e9k k\u00fclf\u00f6ldre, a k\u00fclf\u00f6ldieket vigy\u00e9k el t\u0151l\u00fcnk. A politikai statusfoglyok szabadon bocs\u00e1ttassanak. Unio Egyenl\u0151s\u00e9g, szabads\u00e1g, testv\u00e9ris\u00e9g.\u201d Judit elszavalta Pet\u0151fi S\u00e1ndor \u201eNemzeti dal\u201d c\u00edm\u0171 vers\u00e9t, amelynek refr\u00e9nj\u00e9t minden versszak ut\u00e1n k\u00f6z\u00f6sen mondtuk el: \u201eA magyarok isten\u00e9re Esk\u00fcsz\u00fcnk, Esk\u00fcsz\u00fcnk, hogy rabok tov\u00e1bb Nem lesz\u00fcnk!\u201c Ezut\u00e1n k\u00f6vetkezett a Dal\u00e1rda el\u0151ad\u00e1sa. Szebbn\u00e9l szebb katonadalokat \u00e9nekelt el a 10-tag\u00fa f\u00e9rfizenekar. Nagy r\u00e9sz\u00e9t ismert\u00fck, \u00edgy egy\u00fctt \u00e9nekelt\u00fcnk a Dal\u00e1rd\u00e1val. Vastapssal k\u00f6sz\u00f6nt\u00fck meg a Dal\u00e1rd\u00e1nak a gy\u00f6ny\u00f6r\u0171 el\u0151ad\u00e1st \u00e9s Fischer J\u00f3zsef lelkes szavalat\u00e1t, aki Pet\u0151fi S\u00e1ndor &#8211; \u201eA Magyar Nemzet\u201d c\u00edm\u0171 verssel ismertetett meg benn\u00fcnket. A Bar\u00e1ts\u00e1gklub tal\u00e1lkoz\u00f3j\u00e1t a szok\u00e1sos n\u00f3t\u00e1z\u00e1ssal fejezt\u00fck be. Zongor\u00e1n k\u00eds\u00e9rt benn\u00fcnket Kov\u00e1cs Edit zongoram\u0171v\u00e9sz\u00fcnk, aki mindig sz\u00edvesen j\u00f6n el k\u00f6z\u00e9nk \u00e9s minden... R\u00e9szletek","og_url":"https:\/\/stuttgarti-katolikusok.de\/index.php\/a-baratsagklub-marcius-24-ei-talalkozo-margojara\/","og_site_name":"Stuttgarti Katolikusok","article_published_time":"2023-03-30T22:33:51+00:00","article_modified_time":"2023-04-03T22:40:18+00:00","og_image":[{"width":2000,"height":1125,"url":"https:\/\/stuttgarti-katolikusok.de\/wp-content\/uploads\/2023\/04\/whatsapp-kep-2023-03-24-213422.jpg","type":"image\/jpeg"}],"author":"Tibor atya","twitter_card":"summary_large_image","twitter_misc":{"Szerz\u0151:":"Tibor atya","Becs\u00fclt olvas\u00e1si id\u0151":"3 perc"},"schema":{"@context":"https:\/\/schema.org","@graph":[{"@type":"Article","@id":"https:\/\/stuttgarti-katolikusok.de\/index.php\/a-baratsagklub-marcius-24-ei-talalkozo-margojara\/#article","isPartOf":{"@id":"https:\/\/stuttgarti-katolikusok.de\/index.php\/a-baratsagklub-marcius-24-ei-talalkozo-margojara\/"},"author":{"name":"Tibor atya","@id":"https:\/\/stuttgarti-katolikusok.de\/#\/schema\/person\/75908d6f8fdc03a57889d27209df7795"},"headline":"A Bar\u00e1ts\u00e1gklub m\u00e1rcius 24-ei tal\u00e1lkoz\u00f3 marg\u00f3j\u00e1ra","datePublished":"2023-03-30T22:33:51+00:00","dateModified":"2023-04-03T22:40:18+00:00","mainEntityOfPage":{"@id":"https:\/\/stuttgarti-katolikusok.de\/index.php\/a-baratsagklub-marcius-24-ei-talalkozo-margojara\/"},"wordCount":598,"image":{"@id":"https:\/\/stuttgarti-katolikusok.de\/index.php\/a-baratsagklub-marcius-24-ei-talalkozo-margojara\/#primaryimage"},"thumbnailUrl":"https:\/\/stuttgarti-katolikusok.de\/wp-content\/uploads\/2023\/04\/whatsapp-kep-2023-03-24-213422.jpg","articleSection":["V\u00e1logatott \u00edr\u00e1sok"],"inLanguage":"hu"},{"@type":"WebPage","@id":"https:\/\/stuttgarti-katolikusok.de\/index.php\/a-baratsagklub-marcius-24-ei-talalkozo-margojara\/","url":"https:\/\/stuttgarti-katolikusok.de\/index.php\/a-baratsagklub-marcius-24-ei-talalkozo-margojara\/","name":"A Bar\u00e1ts\u00e1gklub m\u00e1rcius 24-ei tal\u00e1lkoz\u00f3 marg\u00f3j\u00e1ra - Stuttgarti Katolikusok","isPartOf":{"@id":"https:\/\/stuttgarti-katolikusok.de\/#website"},"primaryImageOfPage":{"@id":"https:\/\/stuttgarti-katolikusok.de\/index.php\/a-baratsagklub-marcius-24-ei-talalkozo-margojara\/#primaryimage"},"image":{"@id":"https:\/\/stuttgarti-katolikusok.de\/index.php\/a-baratsagklub-marcius-24-ei-talalkozo-margojara\/#primaryimage"},"thumbnailUrl":"https:\/\/stuttgarti-katolikusok.de\/wp-content\/uploads\/2023\/04\/whatsapp-kep-2023-03-24-213422.jpg","datePublished":"2023-03-30T22:33:51+00:00","dateModified":"2023-04-03T22:40:18+00:00","author":{"@id":"https:\/\/stuttgarti-katolikusok.de\/#\/schema\/person\/75908d6f8fdc03a57889d27209df7795"},"breadcrumb":{"@id":"https:\/\/stuttgarti-katolikusok.de\/index.php\/a-baratsagklub-marcius-24-ei-talalkozo-margojara\/#breadcrumb"},"inLanguage":"hu","potentialAction":[{"@type":"ReadAction","target":["https:\/\/stuttgarti-katolikusok.de\/index.php\/a-baratsagklub-marcius-24-ei-talalkozo-margojara\/"]}]},{"@type":"ImageObject","inLanguage":"hu","@id":"https:\/\/stuttgarti-katolikusok.de\/index.php\/a-baratsagklub-marcius-24-ei-talalkozo-margojara\/#primaryimage","url":"https:\/\/stuttgarti-katolikusok.de\/wp-content\/uploads\/2023\/04\/whatsapp-kep-2023-03-24-213422.jpg","contentUrl":"https:\/\/stuttgarti-katolikusok.de\/wp-content\/uploads\/2023\/04\/whatsapp-kep-2023-03-24-213422.jpg","width":2000,"height":1125},{"@type":"BreadcrumbList","@id":"https:\/\/stuttgarti-katolikusok.de\/index.php\/a-baratsagklub-marcius-24-ei-talalkozo-margojara\/#breadcrumb","itemListElement":[{"@type":"ListItem","position":1,"name":"Kezd\u0151lap","item":"https:\/\/stuttgarti-katolikusok.de\/"},{"@type":"ListItem","position":2,"name":"A Bar\u00e1ts\u00e1gklub m\u00e1rcius 24-ei tal\u00e1lkoz\u00f3 marg\u00f3j\u00e1ra"}]},{"@type":"WebSite","@id":"https:\/\/stuttgarti-katolikusok.de\/#website","url":"https:\/\/stuttgarti-katolikusok.de\/","name":"Stuttgarti Katolikusok","description":"","potentialAction":[{"@type":"SearchAction","target":{"@type":"EntryPoint","urlTemplate":"https:\/\/stuttgarti-katolikusok.de\/?s={search_term_string}"},"query-input":{"@type":"PropertyValueSpecification","valueRequired":true,"valueName":"search_term_string"}}],"inLanguage":"hu"},{"@type":"Person","@id":"https:\/\/stuttgarti-katolikusok.de\/#\/schema\/person\/75908d6f8fdc03a57889d27209df7795","name":"Tibor atya","image":{"@type":"ImageObject","inLanguage":"hu","@id":"https:\/\/secure.gravatar.com\/avatar\/61d268e57d1f4525b111222e29d2d5a7f8c420fdbf231ba5566a8ceac74fa960?s=96&d=mm&r=g","url":"https:\/\/secure.gravatar.com\/avatar\/61d268e57d1f4525b111222e29d2d5a7f8c420fdbf231ba5566a8ceac74fa960?s=96&d=mm&r=g","contentUrl":"https:\/\/secure.gravatar.com\/avatar\/61d268e57d1f4525b111222e29d2d5a7f8c420fdbf231ba5566a8ceac74fa960?s=96&d=mm&r=g","caption":"Tibor atya"},"url":"https:\/\/stuttgarti-katolikusok.de\/index.php\/author\/tibor-atya\/"}]}},"_links":{"self":[{"href":"https:\/\/stuttgarti-katolikusok.de\/index.php\/wp-json\/wp\/v2\/posts\/26587","targetHints":{"allow":["GET"]}}],"collection":[{"href":"https:\/\/stuttgarti-katolikusok.de\/index.php\/wp-json\/wp\/v2\/posts"}],"about":[{"href":"https:\/\/stuttgarti-katolikusok.de\/index.php\/wp-json\/wp\/v2\/types\/post"}],"author":[{"embeddable":true,"href":"https:\/\/stuttgarti-katolikusok.de\/index.php\/wp-json\/wp\/v2\/users\/3"}],"replies":[{"embeddable":true,"href":"https:\/\/stuttgarti-katolikusok.de\/index.php\/wp-json\/wp\/v2\/comments?post=26587"}],"version-history":[{"count":2,"href":"https:\/\/stuttgarti-katolikusok.de\/index.php\/wp-json\/wp\/v2\/posts\/26587\/revisions"}],"predecessor-version":[{"id":26592,"href":"https:\/\/stuttgarti-katolikusok.de\/index.php\/wp-json\/wp\/v2\/posts\/26587\/revisions\/26592"}],"wp:featuredmedia":[{"embeddable":true,"href":"https:\/\/stuttgarti-katolikusok.de\/index.php\/wp-json\/wp\/v2\/media\/26588"}],"wp:attachment":[{"href":"https:\/\/stuttgarti-katolikusok.de\/index.php\/wp-json\/wp\/v2\/media?parent=26587"}],"wp:term":[{"taxonomy":"category","embeddable":true,"href":"https:\/\/stuttgarti-katolikusok.de\/index.php\/wp-json\/wp\/v2\/categories?post=26587"},{"taxonomy":"post_tag","embeddable":true,"href":"https:\/\/stuttgarti-katolikusok.de\/index.php\/wp-json\/wp\/v2\/tags?post=26587"}],"curies":[{"name":"wp","href":"https:\/\/api.w.org\/{rel}","templated":true}]}}