{"id":26560,"date":"2026-03-28T00:27:59","date_gmt":"2026-03-27T23:27:59","guid":{"rendered":"https:\/\/stuttgarti-katolikusok.de\/?p=26560"},"modified":"2026-03-28T08:33:04","modified_gmt":"2026-03-28T07:33:04","slug":"viragvasarnap-2","status":"publish","type":"post","link":"https:\/\/stuttgarti-katolikusok.de\/index.php\/viragvasarnap-2\/","title":{"rendered":"Vir\u00e1gvas\u00e1rnap &#8211; az \u00dar szenved\u00e9s\u00e9nek vas\u00e1rnapja"},"content":{"rendered":"<div>\n<p><span style=\"color: #ff0000;\"><em>A vir\u00e1gvas\u00e1rnapi barkaszentel\u00e9s \u00e9s k\u00f6rmenet J\u00e9zus \u00fcnnep\u00e9lyes jeruzs\u00e1lemi bevonul\u00e1sra eml\u00e9keztet. Csatlakozzunk mi is a lelkes t\u00f6meghez, k\u00f6sz\u00f6nj\u00fck meg D\u00e1vid Fi\u00e1nak, hogy elj\u00f6tt hozz\u00e1nk az \u00dar nev\u00e9ben, \u00e9s elhozta k\u00f6z\u00e9nk Isten orsz\u00e1g\u00e1t.<\/em><\/span><\/p>\n<p><span style=\"color: #ff0000;\"><em>Az olvasm\u00e1ny arr\u00f3l sz\u00f3l, hogy a Messi\u00e1s az \u00dar szenved\u0151 szolg\u00e1ja lesz. Nem menek\u00fcl el a szenved\u00e9st\u0151l, hanem el\u00e9be megy, mert b\u00edzik az \u00darban, hogy megseg\u00edti \u00e9s nem vall sz\u00e9gyent.<\/em><\/span><\/p>\n<p><span style=\"color: #ff0000;\"><em>A szentlecke az egyik legm\u00e9lyebb teol\u00f3giai tan\u00edt\u00e1s. Krisztus szolgai alakot vett fel \u00e9s ki\u00fcres\u00edtette \u00f6nmag\u00e1t. Ezzel mintegy k\u00f6vetend\u0151 utat is mutat a ma embere sz\u00e1m\u00e1ra. A teljes\u00edtm\u00e9ny n\u00e9lk\u00fcli celebek kor\u00e1ban, \u0151ket k\u00f6vetve, sokan a neki juttatott c\u00edm \u00e9s poz\u00edci\u00f3 m\u00f6g\u00e9 rejt\u0151\u00edznek. M\u00e9lys\u00e9g \u00e9s tartalom n\u00e9lk\u00fcl! Cser\u00e9be elv\u00e1rj\u00e1k, hogy emiatt tisztelj\u00e9k \u0151ket. K\u00f6z\u00e9j\u00fck tartozom? &#8211; megv\u00e1laszoland\u00f3 k\u00e9rd\u00e9s.<\/em><\/span><\/p>\n<p><span style=\"color: #ff0000;\"><em>A szenved\u00e9st\u00f6rt\u00e9net, azaz a passi\u00f3, karaktereket \u00e1ll\u00edt el\u00e9m. Mik\u00f6zben hallgatom \u00e9s gondolkodom, helyem is keresem a szenved\u00e9st\u00f6rt\u00e9netben. Ilyen \u00e9rtelemben egyfajta t\u00fck\u00f6rk\u00e9nt is tekinthetek r\u00e1, amelyben megl\u00e1tom magam. Maradjak \u0151szinte \u00f6nmagamhoz, s akkor igencsak tisztul ez a k\u00e9p.\u00a0<\/em><\/span><\/p>\n<\/div>\n<div><span style=\"color: #ff0000;\">Kezd\u0151\u00e9nek:<\/span><br \/>\nHat nappal H\u00fasv\u00e9t \u00fcnnepe el\u0151tt f\u00f6lment J\u00e9zus Jeruzs\u00e1lembe. Kivonultak el\u00e9je a gyermekek, kez\u00fckben p\u00e1lma\u00e1gakkal. \u00c9s ki\u00e1ltozt\u00e1k hangos sz\u00f3val: Hozsanna a magass\u00e1gban! \u00c1ldott vagy, aki nagy irgalommal hozz\u00e1nk j\u00f6tt\u00e9l.<\/div>\n<div><\/div>\n<div><span style=\"color: #ff0000;\">K\u00f6ny\u00f6rg\u00e9s:<\/span><br \/>\nMindenhat\u00f3, \u00f6r\u00f6k Isten, \u00dcdv\u00f6z\u00edt\u0151nk p\u00e9ld\u00e1t adott nek\u00fcnk az al\u00e1zatoss\u00e1gra, amikor szent akaratodb\u00f3l emberi testet \u00f6lt\u00f6tt \u00e9s v\u00e1llalta a kereszthal\u00e1lt. Seg\u00edts j\u00f3s\u00e1gosan, hogy k\u00ednszenved\u00e9s\u00e9nek tan\u00edt\u00e1s\u00e1t meg\u00e9rts\u00fck, \u00e9s t\u00e1rsai lehess\u00fcnk felt\u00e1mad\u00e1s\u00e1ban. Aki veled \u00e9l \u00e9s uralkodik a Szentl\u00e9lekkel egys\u00e9gben, Isten mind\u00f6r\u00f6kk\u00f6n \u00f6r\u00f6kk\u00e9.<\/div>\n<div><\/div>\n<div><span style=\"color: #ff0000;\">OLVASM\u00c1NY Izaj\u00e1s pr\u00f3f\u00e9ta k\u00f6nyv\u00e9b\u0151l (Iz 50,4-7)<\/span><br \/>\n<em>Nem rejtettem el arcomat azok el\u0151l, akik gyal\u00e1ztak, de tudom, hogy nem vallok sz\u00e9gyent.<\/em><br \/>\nIzaj\u00e1s \u00edgy j\u00f6vend\u00f6lt a Megv\u00e1lt\u00f3r\u00f3l: Ezt mondja az \u00dar Szolg\u00e1ja: \u201eIsten, az \u00dar tan\u00edtotta nyelvemet, hogy az ig\u00e9vel t\u00e1masza lehessek a megf\u00e1radtaknak. Reggelenk\u00e9nt \u0151 teszi figyelmess\u00e9 f\u00fclemet, hogy r\u00e1 hallgassak, mint a tan\u00edtv\u00e1nyok. Isten, az \u00dar nyitotta meg f\u00fclemet. S \u00e9n nem \u00e1lltam ellen \u00e9s nem h\u00e1tr\u00e1ltam meg. H\u00e1tamat odaadtam azoknak, akik vertek, arcomat meg azoknak, akik t\u00e9p\u00e1ztak. Nem rejtettem el arcomat azok el\u0151l, akik gyal\u00e1ztak \u00e9s lek\u00f6pd\u00f6stek. Isten, az \u00dar megseg\u00edt, ez\u00e9rt nem vallok sz\u00e9gyent. Arcomat megkem\u00e9ny\u00edtem, mint a k\u0151szikla, s tudom, hogy nem kell sz\u00e9gyenkeznem.<br \/>\nEz az Isten ig\u00e9je.<\/div>\n<div><span style=\"color: #ff0000;\">V\u00c1LASZOS ZSOLT\u00c1R (Zsolt 21,8-9.17-18a.19-20.23-24)<\/span><br \/>\nV\u00e1lasz:\u00a0<strong>Istenem,\u00a0<u>Is<\/u>tenem, * mi\u00e9rt hagyt\u00e1l\u00a0<u>el<\/u>\u00a0engem?<\/strong>\u00a02. t\u00f3nus.<br \/>\nEl\u0151\u00e9nekes: Aki csak r\u00e1m n\u00e9z, mind kinevet, * elh\u00fazza sz\u00e1j\u00e1t, fej\u00e9t cs\u00f3v\u00e1lja.<br \/>\nAz \u00darban rem\u00e9lt, h\u00e1t mentse meg, * ha szereti \u0151t, szabad\u00edtsa meg.<br \/>\nH\u00edvek: Istenem, Istenem, * mi\u00e9rt hagyt\u00e1l el engem?<br \/>\nE: Kuty\u00e1k falk\u00e1ja vett k\u00f6r\u00fcl, * gonosztev\u0151k serege szorongat engem.<br \/>\n\u00c1tlyuggatt\u00e1k kezemet \u00e9s l\u00e1bamat, * megsz\u00e1ml\u00e1lhatom minden csontomat.<br \/>\nH: Istenem, Istenem, * mi\u00e9rt hagyt\u00e1l el engem?<br \/>\nE: Elosztj\u00e1k maguk k\u00f6zt ruh\u00e1mat, * \u00e9s k\u00f6nt\u00f6s\u00f6mre sorsot vetnek.<br \/>\nTe azonban, Uram, ne maradj t\u00e1vol, * er\u0151ss\u00e9gem siess \u00e9s seg\u00edts.<br \/>\nH: Istenem, Istenem, * mi\u00e9rt hagyt\u00e1l el engem?<br \/>\nE: Hirdetni fogom nevedet testv\u00e9reim el\u0151tt, * a gy\u00fclekezetben dics\u0151\u00edtelek t\u00e9ged.<br \/>\nTi, akik f\u00e9litek az Urat, \u00e1ldj\u00e1tok, \u2020 magasztalj\u00e1tok \u0151t, J\u00e1kob fiai, * Izrael minden gyermeke f\u00e9lje \u0151t.<br \/>\nH: Istenem, Istenem, * mi\u00e9rt hagyt\u00e1l el engem?<\/div>\n<div><span style=\"color: #ff0000;\">SZENTLECKE Szent P\u00e1l apostolnak a filippiekhez \u00edrt level\u00e9b\u0151l (Fil 2,6-11)<\/span><br \/>\n<em>Megal\u00e1zta \u00f6nmag\u00e1t, ez\u00e9rt Isten felmagasztalta \u0151t.<\/em><br \/>\nTestv\u00e9reim!<br \/>\nKrisztus J\u00e9zus, mint Isten, az Istennel val\u00f3 egyenl\u0151s\u00e9get nem tartotta olyan dolognak, amelyhez felt\u00e9tlen\u00fcl ragaszkodnia kell, hanem szolgai alakot \u00f6lt\u00f6tt, ki\u00fcres\u00edtette \u00f6nmag\u00e1t, \u00e9s hasonl\u00f3 lett az emberekhez. Megal\u00e1zta \u00f6nmag\u00e1t, \u00e9s engedelmes lett a hal\u00e1lig, m\u00e9gpedig a kereszthal\u00e1lig.<br \/>\nEz\u00e9rt Isten felmagasztalta \u0151t, \u00e9s olyan nevet adott neki, amely f\u00f6l\u00f6tte van minden n\u00e9vnek, hogy J\u00e9zus nev\u00e9re hajoljon meg minden t\u00e9rd a mennyben, a f\u00f6ld\u00f6n, \u00e9s az alvil\u00e1gban, \u00e9s minden nyelv hirdesse az Atyaisten dics\u0151s\u00e9g\u00e9re, hogy J\u00e9zus Krisztus az \u00dar.<br \/>\nEz az Isten ig\u00e9je.<\/div>\n<div><span style=\"color: #ff0000;\">EVANG\u00c9LIUM EL\u0150TTI VERS<\/span><br \/>\nKrisztus engedelmes lett \u00e9rt\u00fcnk mindhal\u00e1lig, * m\u00e9gpedig a kereszthal\u00e1lig. Ez\u00e9rt Isten felmagasztalta, \u2020 \u00e9s olyan nevet adott neki, * amely f\u00f6l\u00f6tte \u00e1ll minden n\u00e9vnek. Fil 2,8-9 \u2013 7b. t\u00f3nus.<\/div>\n<div><\/div>\n<div><em>Hosszabb forma:<\/em><br \/>\n<span style=\"color: #ff0000;\"><span style=\"color: #ff0000;\">A MI URUNK J\u00c9ZUS KRISZTUS K\u00cdNSZENVED\u00c9SE Szent M\u00e1t\u00e9 szerint (<\/span>Mt 26,14-27.66 r\u00f6videbb: Mt 27,11-54)<\/span><em>Mit adtok nekem, ha a kezetekbe juttatom \u0151t?<\/em>Abban az id\u0151ben: A tizenkett\u0151 k\u00f6z\u00fcl az egyik, akit kari\u00f3ti J\u00fad\u00e1snak h\u00edvtak, elment a f\u0151papokhoz \u00e9s megk\u00e9rdezte t\u0151l\u00fck: \u201eMit adtok nekem, ha kezetekbe juttatom \u0151t?\u201d Azok harminc ez\u00fcst\u00f6t \u00edg\u00e9rtek neki. Ett\u0151l kezdve csak a kedvez\u0151 alkalmat kereste, hogy kiszolg\u00e1ltassa \u0151t nekik.<em>Hogyan akarod, hol k\u00e9sz\u00edts\u00fck el neked a h\u00fasv\u00e9ti vacsor\u00e1t?<\/em><\/p>\n<p>A kov\u00e1sztalan keny\u00e9r \u00fcnnep\u00e9nek els\u0151 napj\u00e1n a tan\u00edtv\u00e1nyok ezzel a k\u00e9rd\u00e9ssel fordultak J\u00e9zushoz: \u201eHogyan akarod, hol k\u00e9sz\u00edts\u00fck el neked a h\u00fasv\u00e9ti vacsor\u00e1t?\u201d \u0150 \u00edgy felelt: \u201eMenjetek be a v\u00e1rosba, egy bizonyos emberhez, \u00e9s mondj\u00e1tok neki: A Mester \u00fczeni: K\u00f6zel van az id\u0151m, \u00e9s tan\u00edtv\u00e1nyaimmal n\u00e1lad k\u00f6lt\u00f6m el a h\u00fasv\u00e9ti vacsor\u00e1t. A tan\u00edtv\u00e1nyok \u00fagy tettek, ahogy J\u00e9zus meghagyta nekik, \u00e9s elk\u00e9sz\u00edtett\u00e9k a h\u00fasv\u00e9ti vacsor\u00e1t.<\/p>\n<p><em>Ez az \u00e9n testem, ez az \u00e9n v\u00e9rem.<\/em><\/p>\n<p>Amikor beesteledett, a tizenk\u00e9t tan\u00edtv\u00e1nnyal asztalhoz telepedett. Mik\u00f6zben ettek, \u00edgy sz\u00f3lt hozz\u00e1juk: \u201eBizony mondom nektek, k\u00f6z\u00fcletek egyvalaki el\u00e1rul engem!\u201d Erre nagyon elszomorodtak, \u00e9s sorra megk\u00e9rdezt\u00e9k: \u201eCsak nem \u00e9n vagyok az, Uram?\u201d \u0150 \u00edgy v\u00e1laszolt: \u201eAki velem egyszerre ny\u00fal a t\u00e1lba, az \u00e1rul el engem. Az Emberfia ugyan elmegy, amint meg\u00edrt\u00e1k r\u00f3la, de jaj annak, aki az Emberfi\u00e1t el\u00e1rulja! Jobb lett volna annak az embernek, ha meg sem sz\u00fcletik!\u201d Erre J\u00fad\u00e1s, az \u00e1rul\u00f3 is megk\u00e9rdezte: \u201eCsak nem \u00e9n vagyok az, Mester?\u201d \u0150 \u00edgy felelt: \u201eMagad mondtad!\u201d<br \/>\nMik\u00f6zben ettek, J\u00e9zus kez\u00e9be vette a kenyeret, \u00e1ld\u00e1st mondott, azut\u00e1n megt\u00f6rte, \u00e9s odaadta tan\u00edtv\u00e1nyainak ezekkel a szavakkal: \u201eVegy\u00e9tek \u00e9s egy\u00e9tek: ez az \u00e9n testem!\u201d Azut\u00e1n a kelyhet vette a kez\u00e9be, h\u00e1l\u00e1t adott, \u00e9s odaadta nekik ezekkel a szavakkal: \u201eIgyatok ebb\u0151l mindny\u00e1jan, mert ez az \u00e9n v\u00e9rem, a sz\u00f6vets\u00e9g v\u00e9re, amely sokak\u00e9rt kiontatik a b\u0171n\u00f6k bocs\u00e1nat\u00e1ra. Mondom nektek, mostant\u00f3l nem iszom a sz\u0151l\u0151t\u0151 term\u00e9s\u00e9b\u0151l mindaddig, m\u00edg az \u00fajat nem iszom veletek Aty\u00e1m orsz\u00e1g\u00e1ban.\u201d<\/p>\n<p><em>Megverem a p\u00e1sztort, \u00e9s sz\u00e9tsz\u00e9lednek a ny\u00e1jb\u00f3l a juhok.<\/em><\/p>\n<p>Ezut\u00e1n zsolt\u00e1rokat \u00e9nekelve kimentek az Olajf\u00e1k-hegy\u00e9re. Amikor oda\u00e9rtek, J\u00e9zus \u00edgy sz\u00f3lt: \u201eMa \u00e9jszaka ti mindannyian megbotr\u00e1nkoztok bennem. Hiszen meg\u00edrt\u00e1k: \u00bbMegverem a p\u00e1sztort, \u00e9s sz\u00e9tsz\u00e9lednek a ny\u00e1jb\u00f3l a juhok.\u00ab De felt\u00e1mad\u00e1som ut\u00e1n majd el\u0151ttetek megyek Galile\u00e1ba.\u201d Ekkor P\u00e9ter ezt mondta neki: \u201eHa mindny\u00e1jan megbotr\u00e1nkoznak is benned, \u00e9n soha meg nem botr\u00e1nkozom!\u201d J\u00e9zus ezt v\u00e1laszolta neki: \u201eBizony mondom neked, m\u00e9g ma \u00e9jjel, miel\u0151tt a kakas sz\u00f3l, h\u00e1romszor is megtagadsz engem!\u201d De P\u00e9ter ism\u00e9t \u00edgy sz\u00f3lt: \u201eM\u00e9g ha meg is kellene halnom veled, akkor sem tagadn\u00e1lak meg!\u201d Ugyan\u00edgy fogadkozott a t\u00f6bbi tan\u00edtv\u00e1ny is.<\/p>\n<p><em>Szomor\u00fas\u00e1g \u00e9s keser\u0171s\u00e9g vett er\u0151t rajta.<\/em><\/p>\n<p>K\u00f6zben J\u00e9zus oda\u00e9rt vel\u00fck a Getszem\u00e1ni nev\u0171 kertbe. \u00cdgy sz\u00f3lt tan\u00edtv\u00e1nyaihoz: \u201e\u00dcljetek le itt, m\u00edg \u00e9n elmegyek im\u00e1dkozni!\u201d Azut\u00e1n P\u00e9tert \u00e9s Zebedeus k\u00e9t fi\u00e1t mag\u00e1val h\u00edvta. Egyszerre szomor\u00fas\u00e1g \u00e9s keser\u0171s\u00e9g vett er\u0151t rajta. Ezt mondta nekik: \u201eHal\u00e1losan szomor\u00fa az \u00e9n lelkem. Maradjatok itt \u00e9s virrasszatok velem!\u201d Azut\u00e1n kiss\u00e9 t\u00e1volabb ment t\u0151l\u00fck, arccal a f\u00f6ldre borult \u00e9s \u00edgy im\u00e1dkozott: \u201eAty\u00e1m! Ha lehet, m\u00falj\u00e9k el t\u0151lem ez a kehely, de ne az legyen, amit \u00e9n akarok, hanem amit te!\u201d Azut\u00e1n odament a tan\u00edtv\u00e1nyokhoz, \u00e9s alva tal\u00e1lta \u0151ket. Ezt mondta P\u00e9ternek: \u201eH\u00e1t k\u00e9ptelenek vagytok egy \u00f3r\u00e1t virrasztani velem? Virrasszatok \u00e9s im\u00e1dkozzatok, hogy k\u00eds\u00e9rt\u00e9sbe ne essetek! Mert a l\u00e9lek k\u00e9sz, de a test er\u0151tlen.\u201d Azut\u00e1n m\u00e1sodszor is elment \u00e9s im\u00e1dkozott: \u201eAty\u00e1m, ha nem m\u00falhat el ez a kehely an\u00e9lk\u00fcl, hogy ki ne inn\u00e1m, legyen meg a te akaratod!\u201d Majd visszat\u00e9rve ism\u00e9t alva tal\u00e1lta \u0151ket. A szem\u00fck ugyanis nagyon elnehezedett. Otthagyta \u0151ket, \u00e9s ism\u00e9t elment im\u00e1dkozni, harmadszor is ugyanazokkal a szavakkal. Azut\u00e1n odament a tan\u00edtv\u00e1nyokhoz, \u00e9s \u00edgy sz\u00f3lt: \u201eAludjatok csak nyugodtan, \u00e9s pihenjetek! \u00cdme, el\u00e9rkezett az \u00f3ra, amikor az Emberfi\u00e1t a b\u0171n\u00f6s\u00f6k kez\u00e9re adj\u00e1k. Keljetek fel, menj\u00fcnk! N\u00e9zz\u00e9tek, meg\u00e9rkezett, aki el\u00e1rul engem!\u201d<\/p>\n<p><em>Kez\u00fcket J\u00e9zusra emelt\u00e9k \u00e9s foglyul ejtett\u00e9k \u0151t.<\/em><\/p>\n<p>M\u00e9g besz\u00e9lt, amikor \u00edme, oda\u00e9rt J\u00fad\u00e1s, egy a tizenkett\u0151 k\u00f6z\u00fcl, \u00e9s vele a f\u0151papokt\u00f3l \u00e9s a n\u00e9p v\u00e9neit\u0151l egy nagy csapat, kardokkal \u00e9s hus\u00e1ngokkal f\u00f6lszerelkezve. Az, aki el\u00e1rulta \u0151t, ebben a jelad\u00e1sban egyezett meg vel\u00fck: \u201eAkit megcs\u00f3kolok, \u0151 az, \u0151t fogj\u00e1tok el!\u201d Mindj\u00e1rt oda is l\u00e9pett J\u00e9zushoz \u00e9s \u00edgy sz\u00f3lt: \u201e\u00dcdv\u00f6z l\u00e9gy, Rabbi!\u201d Azut\u00e1n megcs\u00f3kolta. J\u00e9zus ezt mondta neki: \u201eBar\u00e1tom, mi\u00e9rt j\u00f6tt\u00e9l?\u201d K\u00f6zben a t\u00f6bbiek m\u00e1r kezet is emeltek J\u00e9zusra, \u00e9s foglyul ejtett\u00e9k. Ekkor \u00edme, egy azok k\u00f6z\u00fcl, akik J\u00e9zussal voltak, kardj\u00e1hoz kapott, kir\u00e1ntotta \u00e9s a f\u0151pap szolg\u00e1j\u00e1ra s\u00fajtott: lev\u00e1gta az egyik f\u00fcl\u00e9t. Ekkor J\u00e9zus \u00edgy sz\u00f3lt hozz\u00e1: \u201eTedd csak vissza h\u00fcvely\u00e9be a kardodat! Mert kard \u00e1ltal v\u00e9sz el, ki kardot ragad! Vagy azt hiszed, nem k\u00e9rhetn\u00e9m Aty\u00e1mat, s nem k\u00fcldene seg\u00edts\u00e9gemre ak\u00e1r tizenk\u00e9t l\u00e9gi\u00f3 angyaln\u00e1l is t\u00f6bbet? De akkor hogyan teljesedn\u00e9k be az \u00cdr\u00e1s, amely szerint ennek meg kell t\u00f6rt\u00e9nnie?\u201d Abban az \u00f3r\u00e1ban \u00edgy sz\u00f3lt J\u00e9zus a csapathoz: \u201eMint valami rabl\u00f3 ellen, \u00fagy vonultok fel kardokkal \u00e9s dorongokkal, hogy elfogjatok. Nappal a templomban \u00fcltem \u00e9s tan\u00edtottam, ott nem fogtatok el!\u201d<br \/>\nMindez az\u00e9rt t\u00f6rt\u00e9nt, hogy beteljesedjenek a pr\u00f3f\u00e9t\u00e1k \u00edr\u00e1sai. Ekkor a tan\u00edtv\u00e1nyok mindny\u00e1jan elhagyt\u00e1k \u0151t, \u00e9s elfutottak.<\/p>\n<p><em>L\u00e1tni fogj\u00e1tok az Emberfi\u00e1t, hogy a hatalmas Isten jobbj\u00e1n \u00fcl.<\/em><\/p>\n<p>Akik J\u00e9zust elfogt\u00e1k, elvezett\u00e9k \u0151t Kaif\u00e1s f\u0151pap el\u00e9, ahol ekkorra m\u00e1r \u00f6sszegy\u0171ltek az \u00edr\u00e1stud\u00f3k \u00e9s a v\u00e9nek. K\u00f6zben P\u00e9ter messzir\u0151l k\u00f6vette \u0151t, eg\u00e9szen a f\u0151pap udvar\u00e1ig. Oda\u00e9rve le\u00fclt odakint a szolg\u00e1k k\u00f6zt, hogy l\u00e1ssa, mi lesz a dolog v\u00e9ge.<br \/>\nA f\u0151papok pedig \u00e9s az eg\u00e9sz f\u0151tan\u00e1cs hamis bizony\u00edt\u00e9kokat kerestek J\u00e9zus ellen, hogy hal\u00e1lra adhass\u00e1k \u0151t; de nem tal\u00e1ltak, b\u00e1r sok hamis tan\u00fa felsorakozott. V\u00e9g\u00fcl el\u0151l\u00e9pett kett\u0151, \u00e9s \u00edgy sz\u00f3lt: \u201eEz azt mondta: \u00bbLe tudom rombolni az Isten templom\u00e1t, \u00e9s h\u00e1rom nap m\u00falva fel tudom \u00e9p\u00edteni.\u00ab\u201d Erre fel\u00e1llt a f\u0151pap \u00e9s megk\u00e9rdezte \u0151t: \u201eNem felelsz semmit sem arra, amivel ezek v\u00e1dolnak?\u201d J\u00e9zus azonban csak hallgatott. Ekkor a f\u0151pap azt mondta neki: \u201eEsk\u00fcdj meg az \u00e9l\u0151 Istenre \u00e9s mondd meg nek\u00fcnk, hogy te vagy-e a Messi\u00e1s, az Isten Fia?\u201d J\u00e9zus ezt v\u00e1laszolta neki: \u201eMagad mondtad! \u00c9s mondom nektek: Ezent\u00fal az Emberfi\u00e1t a Hatalmas (Isten) jobbj\u00e1n l\u00e1tj\u00e1tok \u00fclni, \u00e9s l\u00e1tni fogj\u00e1tok \u0151t elj\u00f6nni az \u00e9g felh\u0151in.\u201d Erre a f\u0151pap megszaggatta a ruh\u00e1j\u00e1t \u00e9s \u00edgy sz\u00f3lt: \u201eK\u00e1romkodott! Mi sz\u00fcks\u00e9g\u00fcnk van m\u00e9g tan\u00fakra? L\u00e1m, most ti is hallott\u00e1tok a k\u00e1roml\u00e1st. Hogyan \u00edt\u00e9ltek?\u201d Azok ezt v\u00e1laszolt\u00e1k: \u201eB\u0171nh\u0151dj\u00e9k hal\u00e1llal!\u201d<br \/>\nEzut\u00e1n szembek\u00f6pd\u00f6st\u00e9k, \u00f6k\u00f6llel vert\u00e9k, m\u00e1sok pedig pofon \u00fct\u00f6tt\u00e9k, \u00e9s k\u00e9rdezgett\u00e9k: \u201ePr\u00f3f\u00e9t\u00e1lj, Messi\u00e1s, ki \u00fct\u00f6tt meg t\u00e9ged?\u201d<\/p>\n<p><em>Miel\u0151tt a kakas sz\u00f3l, h\u00e1romszor is megtagadsz engem.<\/em><\/p>\n<p>Ek\u00f6zben P\u00e9ter kint \u00fclt az udvaron. Odament hozz\u00e1 egy szolg\u00e1l\u00f3, \u00e9s megsz\u00f3l\u00edtotta: \u201eTe is a galileai J\u00e9zussal volt\u00e1l!\u201d De \u0151 mindenki hallat\u00e1ra letagadta: \u201eNem tudom, mit besz\u00e9lsz!\u201d Amint a kapun\u00e1l kifel\u00e9 tartott, felismerte \u0151t egy m\u00e1sik is, \u00e9s \u00edgy sz\u00f3lt az ott l\u00e9v\u0151kh\u00f6z: \u201eEz is a n\u00e1z\u00e1reti J\u00e9zussal volt!\u201d Erre \u0151 ism\u00e9t tagadni kezdte, m\u00e9ghozz\u00e1 esk\u00fcvel, hogy: \u201eNem ismerem azt az embert!\u201d Kis id\u0151 m\u00falt\u00e1n az ott \u00e1csorg\u00f3k odamentek P\u00e9terhez, \u00e9s \u00edgy sz\u00f3ltak hozz\u00e1: \u201eK\u00f6z\u00fcl\u00fck val\u00f3 vagy biztosan, el\u00e1rul a kiejt\u00e9sed is!\u201d Most m\u00e1r esk\u00fcd\u00f6zni \u00e9s \u00e1tkoz\u00f3dni kezdett: \u201eNem ismerem azt az ember!\u201d \u00c9s azon nyomban megsz\u00f3lalt a kakas. P\u00e9ternek ekkor esz\u00e9be jutottak J\u00e9zus szavai: \u201eMiel\u0151tt a kakas sz\u00f3l, h\u00e1romszor is megtagadsz engem.\u201d Kiment, \u00e9s odakint keserves s\u00edr\u00e1sra fakadt.<\/p>\n<p><em>\u00c1tadt\u00e1k \u0151t Poncius Pil\u00e1tus helytart\u00f3nak.<\/em><\/p>\n<p>Amikor reggel lett, a f\u0151papok \u00e9s a n\u00e9p v\u00e9nei meghozt\u00e1k a d\u00f6nt\u00e9st J\u00e9zus ellen, hogy hal\u00e1llal b\u00fcntetik \u0151t. Megk\u00f6t\u00f6zt\u00e9k, azut\u00e1n elvezett\u00e9k \u00e9s \u00e1tadt\u00e1k Pil\u00e1tus helytart\u00f3nak.<\/p>\n<p><em>Nem szabad a kincst\u00e1rba tenni, mert v\u00e9rd\u00edj volt!<\/em><\/p>\n<p>Amikor J\u00fad\u00e1s, az \u00e1rul\u00f3 l\u00e1tta, hogy (J\u00e9zust) el\u00edt\u00e9lt\u00e9k, tett\u00e9t megb\u00e1nva visszavitte a harminc ez\u00fcst\u00f6t a f\u0151papoknak \u00e9s a v\u00e9neknek. Ezt mondta nekik: \u201eV\u00e9tkeztem, mert \u00e1rtatlan v\u00e9rt \u00e1rultam el!\u201d Azok \u00edgy sz\u00f3ltak: \u201eMi k\u00f6z\u00fcnk hozz\u00e1? Ez a te dolgod!\u201d \u0150 erre az ez\u00fcst\u00f6ket eldobta a templomban, azut\u00e1n elment s felakasztotta mag\u00e1t. A f\u0151papok \u00f6sszeszedt\u00e9k a p\u00e9nzt, de ezt mondt\u00e1k: \u201eNem szabad a templomkincst\u00e1rba tenni, mert v\u00e9rd\u00edj volt!\u201d Megtan\u00e1cskozt\u00e1k a dolgot, azut\u00e1n megvett\u00e9k rajta a fazekas telk\u00e9t az idegenek sz\u00e1m\u00e1ra temet\u0151nek. Ez\u00e9rt h\u00edvj\u00e1k azt a f\u00f6ldet mindm\u00e1ig V\u00e9rmez\u0151nek.<br \/>\nEkkor beteljesedett, amit Jeremi\u00e1s pr\u00f3f\u00e9ta mondott: Fogt\u00e1k a harminc ez\u00fcst\u00f6t, a felbecs\u00fcltnek \u00e1r\u00e1t; \u2013 Izrael fiai becs\u00fclt\u00e9k \u0151t ennyire \u2013, \u00e9s odaadt\u00e1k a fazekas telk\u00e9\u00e9rt, amint az \u00dar megparancsolta nekem.<\/p>\n<p>*\u00a0<em>Te vagy-e a zsid\u00f3k kir\u00e1lya?<\/em><\/p>\n<p>K\u00f6zben J\u00e9zust a helytart\u00f3 el\u00e9 \u00e1ll\u00edtott\u00e1k. A helytart\u00f3 megk\u00e9rdezte t\u0151le: \u201eTe vagy-e zsid\u00f3k kir\u00e1lya?\u201d J\u00e9zus ezt felelte: \u201eMagad mondtad!\u201d S mik\u00f6zben a f\u0151papok \u00e9s a v\u00e9nek v\u00e1daskodtak ellene, \u0151 nem sz\u00f3lt egy sz\u00f3t sem. Pil\u00e1tus v\u00e9g\u00fcl megk\u00e9rdezte: \u201eNem hallod, mi mindennel v\u00e1dolnak?\u201d \u0150 azonban neki sem v\u00e1laszolt egyetlen sz\u00f3val sem, \u00e9s a helytart\u00f3 nagyon csod\u00e1lkozott ezen.<br \/>\nSzok\u00e1sban volt, hogy az \u00fcnnep alkalm\u00e1val a helytart\u00f3 szabadon bocs\u00e1t egyet a foglyok k\u00f6z\u00fcl, akit a n\u00e9p k\u00edv\u00e1n. Volt akkor egy Barab\u00e1s nevezet\u0171, h\u00edrhedt rabjuk. Amikor \u00f6sszegy\u00fclekeztek, Pil\u00e1tus megk\u00e9rdezte: \u201eMit akartok, melyiket bocs\u00e1ssam el a kett\u0151 k\u00f6z\u00fcl: Barab\u00e1st vagy J\u00e9zust, akit Krisztusnak is neveznek?\u201d Tudta ugyanis, hogy csak irigys\u00e9gb\u0151l adt\u00e1k \u0151t a kez\u00e9be.<br \/>\nM\u00edg ott \u00fclt \u00edt\u00e9l\u0151sz\u00e9k\u00e9ben, a feles\u00e9ge \u00fczenetet k\u00fcld\u00f6tt neki: \u201eNe avatkozz annak az igaznak a dolg\u00e1ba! Ma \u00e9jjel \u00e1lmomban sokat szenvedtem miatta!\u201d<br \/>\nDe a f\u0151papok \u00e9s a v\u00e9nek felbiztatt\u00e1k a n\u00e9pet, hogy Barab\u00e1st k\u00e9rj\u00e9k, J\u00e9zust pedig vesz\u00edts\u00e9k el. Amikor teh\u00e1t a helytart\u00f3 feltette a k\u00e9rd\u00e9st: \u201eMit akartok, melyiket bocs\u00e1ssam el a kett\u0151 k\u00f6z\u00fcl?\u201d, \u0151k ezt v\u00e1laszolt\u00e1k: \u201eBarab\u00e1st!\u201d Erre Pil\u00e1tus megk\u00e9rdezte: \u201e\u00c9s mit tegyek J\u00e9zussal, akit Krisztusnak neveznek?\u201d Mindannyian ezt felelt\u00e9k: \u201eKeresztre vele!\u201d \u0150 \u00fajra k\u00e9rdezte: \u201eDe h\u00e1t mit k\u00f6vetett el?\u201d Mire azok m\u00e9g hangosabban ki\u00e1ltozt\u00e1k: \u201eKeresztre vele!\u201d<br \/>\nPil\u00e1tus l\u00e1tta, hogy semmire sem megy vel\u00fck, s\u0151t, csak fokoz\u00f3dik a zavarg\u00e1s. Ez\u00e9rt vizet hozatott, \u00e9s a n\u00e9p szeme l\u00e1tt\u00e1ra megmosta a kez\u00e9t ezekkel a szavakkal: \u201e\u00c9n \u00e1rtatlan vagyok ennek az igaznak v\u00e9re ont\u00e1s\u00e1ban. Ez a ti dolgotok!\u201d Erre az eg\u00e9sz n\u00e9p \u00edgy ki\u00e1ltott: \u201eA v\u00e9re rajtunk \u00e9s a gyermekeinken!\u201d Ekkor szabadon bocs\u00e1totta nekik Barab\u00e1st, J\u00e9zust pedig megostoroztatta, \u00e9s elrendelte a keresztre fesz\u00edt\u00e9st.<\/p>\n<p><em>\u00dcdv\u00f6z l\u00e9gy, zsid\u00f3k kir\u00e1lya!<\/em><\/p>\n<p>A helytart\u00f3 katon\u00e1i bevitt\u00e9k J\u00e9zust a helytart\u00f3s\u00e1gra, \u00e9s k\u00f6r\u00e9je gy\u0171jt\u00f6tt\u00e9k az eg\u00e9sz hely\u0151rs\u00e9get. Levetk\u0151ztett\u00e9k, b\u00edborsz\u00edn\u0171 k\u00f6penyt adtak r\u00e1, t\u00f6visb\u0151l koron\u00e1t fontak, \u00e9s a fej\u00e9re helyezt\u00e9k, a jobbj\u00e1ba pedig n\u00e1dsz\u00e1lat nyomtak, azut\u00e1n t\u00e9rdet hajtva el\u0151tte \u00edgy g\u00fanyolt\u00e1k: \u201e\u00dcdv\u00f6z l\u00e9gy, zsid\u00f3k kir\u00e1lya!\u201d K\u00f6zben lek\u00f6pd\u00f6st\u00e9k, elvett\u00e9k t\u0151le a n\u00e1dat, \u00e9s a fej\u00e9t vert\u00e9k vele. Miut\u00e1n \u00edgy cs\u00fafot \u0171ztek bel\u0151le, levett\u00e9k r\u00f3la a k\u00f6penyt, fel\u00f6lt\u00f6ztett\u00e9k a saj\u00e1t ruh\u00e1iba, \u00e9s elvezett\u00e9k, hogy keresztre fesz\u00edts\u00e9k.<\/p>\n<p><em>Vele egy\u00fctt k\u00e9t rabl\u00f3t is megfesz\u00edtettek.<\/em><\/p>\n<p>Amint kifel\u00e9 haladtak, tal\u00e1lkoztak egy Simon nev\u0171 cirenei emberrel; \u0151t k\u00e9nyszer\u00edtett\u00e9k, hogy vigye (J\u00e9zus) keresztj\u00e9t. V\u00e9g\u00fcl oda\u00e9rtek arra a helyre, amelyet Golgot\u00e1nak, azaz Kopony\u00e1k hely\u00e9nek h\u00edvnak. Itt ep\u00e9vel kevert bort adtak neki. \u0150 meg\u00edzlelte, de nem k\u00e9rt bel\u0151le. Azut\u00e1n keresztre fesz\u00edtett\u00e9k. Sorsot vetve sz\u00e9tosztott\u00e1k egym\u00e1s k\u00f6z\u00f6tt a ruh\u00e1it, majd letelepedtek ott, \u00e9s \u0151rizt\u00e9k. Feje f\u00f6l\u00e9 oda\u00edrt\u00e1k el\u00edt\u00e9l\u00e9s\u00e9nek ok\u00e1t: \u201eEz J\u00e9zus, a zsid\u00f3k kir\u00e1lya.\u201d<br \/>\nUgyanakkor k\u00e9t rabl\u00f3t is keresztre fesz\u00edtettek vele: az egyiket jobbr\u00f3l, a m\u00e1sikat balr\u00f3l.<\/p>\n<p><em>Ha Isten Fia vagy, sz\u00e1lj le a keresztr\u0151l!<\/em><\/p>\n<p>Akik arra j\u00e1rtak, k\u00e1romolt\u00e1k \u0151t, b\u00f3logattak a fej\u00fckkel \u00e9s ezt mondt\u00e1k: \u201eLe akartad rombolni a templomot, \u00e9s harmadnapra f\u00f6l\u00e9p\u00edteni? Szabad\u00edtsd h\u00e1t meg \u00f6nmagadat! Ha Isten Fia vagy, sz\u00e1llj le a keresztr\u0151l!\u201d Ugyan\u00edgy g\u00fanyolt\u00e1k \u0151t a f\u0151papok is az \u00edr\u00e1stud\u00f3kkal \u00e9s a v\u00e9nekkel egy\u00fctt: \u201eM\u00e1sokat megmentett, de mag\u00e1t nem tudja megmenteni! Ha Izrael kir\u00e1lya \u0151, h\u00e1t j\u00f6jj\u00f6n le most a keresztr\u0151l, \u00e9s hisz\u00fcnk benne! B\u00edzott az Istenben? Mentse meg \u0151t most, ha akarja! Hiszen azt mondta: Az Isten Fia vagyok!\u201d Ugyan\u00edgy gyal\u00e1zt\u00e1k \u0151t a vele megfesz\u00edtett rabl\u00f3k is.<\/p>\n<p><em>\u00c9li, \u00c9li, l\u00e1m\u00e1 sz\u00e1b\u00e1kt\u00e1ni?<\/em><\/p>\n<p>Hat \u00f3r\u00e1t\u00f3l s\u00f6t\u00e9ts\u00e9g borult az eg\u00e9sz f\u00f6ldre kilenc \u00f3r\u00e1ig. Kilenc \u00f3ra k\u00f6r\u00fcl J\u00e9zus hangosan felki\u00e1ltott: \u201e\u00c9li, \u00c9li, l\u00e1m\u00e1 sz\u00e1b\u00e1kt\u00e1ni?, azaz: Istenem, Istenem! Mi\u00e9rt hagyt\u00e1l el engem?\u201d Az ott \u00e1ll\u00f3k hallott\u00e1k ezt, \u00e9s egyesek megjegyezt\u00e9k: \u201eEz Ill\u00e9st h\u00edvja!\u201d Egyik\u00fck mindj\u00e1rt odafutott, fogott egy ecetbe m\u00e1rtott szivacsot, r\u00e1t\u0171zte egy n\u00e1dsz\u00e1lra, \u00e9s inni adott neki. A t\u00f6bbiek azonban ezt mondt\u00e1k: \u201eHadd l\u00e1ssuk, elj\u00f6n- e Ill\u00e9s, hogy megszabad\u00edtsa?\u201d J\u00e9zus pedig m\u00e9g egyszer hangosan felki\u00e1ltott, \u00e9s kilehelte lelk\u00e9t.<\/p>\n<p><em>(Most t\u00e9rdre borulunk, \u00e9s egy keveset csendben id\u0151z\u00fcnk.)<\/em><\/p>\n<p>Ekkor a templom f\u00fcgg\u00f6nye kett\u00e9hasadt, fel\u00fclr\u0151l eg\u00e9szen az alj\u00e1ig. A f\u00f6ld megmozdult, a szikl\u00e1k megrepedtek. S\u00edrok ny\u00edltak meg, \u00e9s sok elhunyt szentnek felt\u00e1madt a teste. Az \u0151 felt\u00e1mad\u00e1sa ut\u00e1n el\u0151j\u00f6ttek a s\u00edrokb\u00f3l, bementek a szent v\u00e1rosba, \u00e9s sokaknak megjelentek. A sz\u00e1zados \u00e9s a t\u00f6bbiek is, akik J\u00e9zust \u0151rizt\u00e9k, a f\u00f6ldreng\u00e9s \u00e9s a t\u00f6rt\u00e9ntek l\u00e1tt\u00e1ra igen megr\u00e9m\u00fcltek, \u00e9s \u00edgy sz\u00f3ltak: \u201eEz val\u00f3ban Isten Fia volt!\u201d *<\/p>\n<p>Sok asszony is volt ott. Messzir\u0151l figyelt\u00e9k mindazok, akik Galile\u00e1t\u00f3l kezdve k\u00f6vett\u00e9k \u0151t \u00e9s szolg\u00e1ltak neki. K\u00f6zt\u00fck volt M\u00e1ria Magdolna, azut\u00e1n M\u00e1ria, Jakab \u00e9s J\u00f3zsef anyja, valamint Zebedeus fiainak az anyja.<\/p>\n<p><em>J\u00f3zsef a saj\u00e1t, \u00faj s\u00edrboltj\u00e1ba helyezte J\u00e9zus test\u00e9t.<\/em><\/p>\n<p>Amikor beesteledett, j\u00f6tt egy Arimate\u00e1b\u00f3l val\u00f3 gazdag ember, n\u00e9v szerint J\u00f3zsef, aki maga is J\u00e9zus tan\u00edtv\u00e1nya volt. Bement Pil\u00e1tushoz, \u00e9s elk\u00e9rte J\u00e9zus holttest\u00e9t. Pil\u00e1tus elrendelte, hogy adj\u00e1k \u00e1t neki. J\u00f3zsef levette a testet, beburkolta tiszta lenv\u00e1szonnal, \u00e9s saj\u00e1t, szikl\u00e1ba v\u00e1jt, \u00faj s\u00edrboltj\u00e1ba helyezte. A s\u00edr bej\u00e1rata el\u00e9 nagy k\u00f6vet g\u00f6rd\u00edtett, \u00e9s elment. M\u00e1ria Magdolna \u00e9s a m\u00e1sik M\u00e1ria ott \u00fcltek a s\u00edrral szemben.<\/p>\n<p><em>Van \u0151rs\u00e9getek: \u0151rizz\u00e9tek ti, ahogy tudj\u00e1tok!<\/em><\/p>\n<p>M\u00e1snap, vagyis a k\u00e9sz\u00fcletnap elm\u00falt\u00e1val a f\u0151papok \u00e9s a farizeusok \u00f6sszegy\u0171ltek Pil\u00e1tus el\u0151tt, \u00e9s \u00edgy sz\u00f3ltak: \u201e\u00dagy eml\u00e9ksz\u00fcnk, hogy ez a csal\u00f3 m\u00e9g \u00e9let\u00e9ben ezt mondta: Harmadnapra felt\u00e1madok. Rendeld h\u00e1t el, hogy harmadnapig \u0151rizz\u00e9k a s\u00edrt, nehogy odamenjenek tan\u00edtv\u00e1nyai \u00e9s ellopj\u00e1k, azt\u00e1n \u00edgy sz\u00f3ljanak a n\u00e9phez: Felt\u00e1madt a halottak k\u00f6z\u00fcl! Ez a csal\u00e1s rosszabb lenne az el\u0151z\u0151n\u00e9l!\u201d Pil\u00e1tus azonban csak ennyit mondott: \u201eVan \u0151rs\u00e9getek: \u0151rizz\u00e9tek ti, ahogy tudj\u00e1tok!\u201d Erre azok elmentek, lepecs\u00e9telt\u00e9k a k\u00f6vet, \u00e9s \u0151rs\u00e9get \u00e1ll\u00edtottak a s\u00edrbolt el\u00e9.<\/p>\n<p>Ezek az evang\u00e9lium ig\u00e9i.<\/p>\n<p><span style=\"color: #ff0000;\">EGYETEMES K\u00d6NY\u00d6RG\u00c9SEK<\/span><br \/>\nPap: Im\u00e1dkozzunk, testv\u00e9reim, hogy Megv\u00e1lt\u00f3 kir\u00e1lyunkhoz mindenkor h\u0171s\u00e9gesek maradjunk!<br \/>\nLektor: 1. Urunk, ismerje fel minden ember, hogy \u00f6nfel\u00e1ldoz\u00f3 szenved\u00e9sed \u00e1r\u00e1n v\u00e1ltott\u00e1l meg benn\u00fcnket!<br \/>\nH\u00edvek: K\u00e9r\u00fcnk T\u00e9ged, hallgass meg minket!<br \/>\n2. Tedd k\u00e9szs\u00e9gess\u00e9 Egyh\u00e1zad tagjait a kereszt hordoz\u00e1s\u00e1ra \u00e9s a kegyelem k\u00f6zvet\u00edt\u00e9s\u00e9re!<br \/>\nH\u00edvek: K\u00e9r\u00fcnk T\u00e9ged, hallgass meg minket!<br \/>\n3. Keresztedb\u0151l fakadjon b\u00e9ke \u00e9s egyet\u00e9rt\u00e9s minden n\u00e9p sz\u00e1m\u00e1ra!<br \/>\nH\u00edvek: K\u00e9r\u00fcnk T\u00e9ged, hallgass meg minket!<br \/>\n4. Egyes\u00edtsd szenved\u00e9seinket megv\u00e1lt\u00f3 szenved\u00e9seddel, hogy egy lehess\u00fcnk veled a mennyei boldogs\u00e1gban is!<br \/>\nH\u00edvek: K\u00e9r\u00fcnk T\u00e9ged, hallgass meg minket!<br \/>\n5. Megv\u00e1lt\u00f3 kereszthal\u00e1lod \u00e1ltal adj \u00f6r\u00f6k \u00e9letet az elhunyt h\u00edveknek!<br \/>\nH\u00edvek: K\u00e9r\u00fcnk T\u00e9ged, hallgass meg minket!<br \/>\nPap: Urunk J\u00e9zus, Te vonakod\u00e1s n\u00e9lk\u00fcl v\u00e1llaltad a kereszthal\u00e1l gy\u00f6trelm\u00e9t n\u00e9ped \u00fcdv\u00f6ss\u00e9g\u00e9\u00e9rt. Tan\u00edts meg minket az \u00e1ldozatos szeretetre, hogy r\u00e9sz\u00fcnk legyen az \u00f6r\u00f6k dics\u0151s\u00e9gben! Aki \u00e9lsz \u00e9s uralkodol mind\u00f6r\u00f6kk\u00f6n \u00f6r\u00f6kk\u00e9.<br \/>\nH\u00edvek: \u00c1men.<\/p>\n<p><span style=\"color: #ff0000;\">Felaj\u00e1nl\u00f3 k\u00f6ny\u00f6rg\u00e9s:<\/span><br \/>\nUrunk, Isten\u00fcnk, egysz\u00fcl\u00f6tt Fiad szenved\u00e9se engeszteljen ki t\u00e9ged ir\u00e1ntunk, \u00e9s amit cselekedeteinkkel nem tudunk ki\u00e9rdemelni, ennek a v\u00e9gtelen \u00e9rt\u00e9k\u0171 \u00e1ldozatnak \u00e9rdem\u00e9b\u0151l adja meg nek\u00fcnk a te irgalmad. Krisztus, a mi Urunk \u00e1ltal.<\/p>\n<\/div>\n<div><\/div>\n<div><span style=\"color: #ff0000;\">Pref\u00e1ci\u00f3:<\/span><br \/>\nAz \u00dar legyen veletek.<br \/>\nH.: \u00c9s a te lelkeddel.<br \/>\nEmelj\u00fck f\u00f6l sz\u00edv\u00fcnket.<br \/>\nH.: F\u00f6lemelt\u00fck az \u00darhoz.<br \/>\nAdjunk h\u00e1l\u00e1t Urunknak, Isten\u00fcnknek.<br \/>\nH.: M\u00e9lt\u00f3 \u00e9s igazs\u00e1gos.<br \/>\n(Mert) Val\u00f3ban m\u00e9lt\u00f3 \u00e9s igazs\u00e1gos, ill\u0151 \u00e9s \u00fcdv\u00f6s, hogy mindig \u00e9s minden\u00fctt h\u00e1l\u00e1t adjunk n\u00e9ked, mi Urunk, szents\u00e9ges Aty\u00e1nk, mindenhat\u00f3 \u00f6r\u00f6k Isten: Krisztus, a mi Urunk \u00e1ltal.<br \/>\nB\u00e1r \u0151maga semmit sem v\u00e9tett, az \u00edt\u00e9let \u00e1rtatlanul \u00e9rte, \u2013 a b\u0171n\u00f6s\u00f6k\u00e9rt M\u00c9Gis szenved\u00e9st v\u00e1llalt. Az \u0151 hal\u00e1la b\u0171neinket elvette, felt\u00e1mad\u00e1sa megigazul\u00e1st adott nek\u00fcnk.<br \/>\nAz \u0151 dics\u0151s\u00e9g\u00e9t vallja \u00e9g \u00e9s f\u00f6ld, vallj\u00e1k az angyalok \u00e9s f\u0151angyalok, \u2013 hangos sz\u00f3val HIRdetik, \u00e9s v\u00e9g n\u00e9lk\u00fcl mondj\u00e1k: (zengik:)<\/div>\n<div><\/div>\n<div><span style=\"color: #ff0000;\">\u00c1ldoz\u00e1si \u00e9nek:<\/span><br \/>\nAty\u00e1m, ha nem ker\u00fclhet el ez a kehely an\u00e9lk\u00fcl, hogy ki ne igyam, legyen akaratod szerint. (Mt 26,42)<\/div>\n<div><\/div>\n<div><span style=\"color: #ff0000;\">\u00c1ldoz\u00e1s ut\u00e1ni k\u00f6ny\u00f6rg\u00e9s:<\/span><br \/>\nMennyei eledellel t\u00e1pl\u00e1lt\u00e1l minket, Isten\u00fcnk. K\u00f6ny\u00f6r\u00f6gve k\u00e9r\u00fcnk, hogy akik szent Fiad hal\u00e1l\u00e1b\u00f3l m\u00e1r biztosan rem\u00e9lhetj\u00fck azt, amiben hisz\u00fcnk, felt\u00e1mad\u00e1s\u00e1nak erej\u00e9b\u0151l eljuthassunk oda, ahov\u00e1 t\u00f6reksz\u00fcnk. Krisztus, a mi Urunk \u00e1ltal.<\/div>\n<div><em>(K\u00e9p forr\u00e1sa: pixabay.com)<\/em><\/div>\n","protected":false},"excerpt":{"rendered":"<p>A vir\u00e1gvas\u00e1rnapi barkaszentel\u00e9s \u00e9s k\u00f6rmenet J\u00e9zus \u00fcnnep\u00e9lyes jeruzs\u00e1lemi bevonul\u00e1sra eml\u00e9keztet. Csatlakozzunk mi is a lelkes t\u00f6meghez, k\u00f6sz\u00f6nj\u00fck meg D\u00e1vid Fi\u00e1nak, hogy elj\u00f6tt hozz\u00e1nk az \u00dar nev\u00e9ben, \u00e9s elhozta k\u00f6z\u00e9nk Isten orsz\u00e1g\u00e1t. Az olvasm\u00e1ny arr\u00f3l sz\u00f3l, hogy a Messi\u00e1s az \u00dar szenved\u0151 szolg\u00e1ja lesz. Nem menek\u00fcl el a szenved\u00e9st\u0151l, hanem el\u00e9be megy, mert b\u00edzik az \u00darban, hogy megseg\u00edti \u00e9s nem vall sz\u00e9gyent. A szentlecke az egyik legm\u00e9lyebb teol\u00f3giai tan\u00edt\u00e1s. Krisztus szolgai alakot vett fel \u00e9s ki\u00fcres\u00edtette \u00f6nmag\u00e1t. Ezzel mintegy k\u00f6vetend\u0151 utat is mutat a ma embere sz\u00e1m\u00e1ra. A teljes\u00edtm\u00e9ny n\u00e9lk\u00fcli celebek kor\u00e1ban, \u0151ket k\u00f6vetve, sokan a neki juttatott c\u00edm \u00e9s poz\u00edci\u00f3 m\u00f6g\u00e9 rejt\u0151\u00edznek. M\u00e9lys\u00e9g \u00e9s tartalom n\u00e9lk\u00fcl! Cser\u00e9be elv\u00e1rj\u00e1k, hogy emiatt tisztelj\u00e9k \u0151ket. K\u00f6z\u00e9j\u00fck tartozom? &#8211; megv\u00e1laszoland\u00f3 k\u00e9rd\u00e9s. A szenved\u00e9st\u00f6rt\u00e9net, azaz a passi\u00f3, karaktereket \u00e1ll\u00edt el\u00e9m. Mik\u00f6zben hallgatom \u00e9s gondolkodom, helyem is keresem a szenved\u00e9st\u00f6rt\u00e9netben. Ilyen \u00e9rtelemben egyfajta t\u00fck\u00f6rk\u00e9nt is tekinthetek r\u00e1, amelyben megl\u00e1tom magam. Maradjak \u0151szinte \u00f6nmagamhoz, s akkor igencsak tisztul ez a k\u00e9p.\u00a0 Kezd\u0151\u00e9nek: Hat nappal H\u00fasv\u00e9t \u00fcnnepe el\u0151tt f\u00f6lment J\u00e9zus Jeruzs\u00e1lembe. Kivonultak el\u00e9je a gyermekek, kez\u00fckben p\u00e1lma\u00e1gakkal. \u00c9s ki\u00e1ltozt\u00e1k hangos sz\u00f3val: Hozsanna a magass\u00e1gban! \u00c1ldott vagy, aki nagy irgalommal hozz\u00e1nk j\u00f6tt\u00e9l. K\u00f6ny\u00f6rg\u00e9s: Mindenhat\u00f3, \u00f6r\u00f6k Isten, \u00dcdv\u00f6z\u00edt\u0151nk p\u00e9ld\u00e1t adott nek\u00fcnk az al\u00e1zatoss\u00e1gra, amikor szent akaratodb\u00f3l emberi testet \u00f6lt\u00f6tt \u00e9s v\u00e1llalta a kereszthal\u00e1lt. Seg\u00edts j\u00f3s\u00e1gosan, hogy k\u00ednszenved\u00e9s\u00e9nek tan\u00edt\u00e1s\u00e1t meg\u00e9rts\u00fck, \u00e9s t\u00e1rsai lehess\u00fcnk felt\u00e1mad\u00e1s\u00e1ban. Aki veled \u00e9l \u00e9s uralkodik a Szentl\u00e9lekkel egys\u00e9gben, Isten mind\u00f6r\u00f6kk\u00f6n \u00f6r\u00f6kk\u00e9. OLVASM\u00c1NY Izaj\u00e1s pr\u00f3f\u00e9ta k\u00f6nyv\u00e9b\u0151l (Iz 50,4-7) Nem rejtettem el arcomat azok el\u0151l, akik gyal\u00e1ztak, de tudom, hogy nem vallok sz\u00e9gyent. Izaj\u00e1s \u00edgy j\u00f6vend\u00f6lt a Megv\u00e1lt\u00f3r\u00f3l: Ezt mondja az \u00dar Szolg\u00e1ja: \u201eIsten, az \u00dar tan\u00edtotta nyelvemet, hogy az ig\u00e9vel t\u00e1masza lehessek a megf\u00e1radtaknak. Reggelenk\u00e9nt \u0151 teszi figyelmess\u00e9 f\u00fclemet, hogy r\u00e1 hallgassak, mint a tan\u00edtv\u00e1nyok. Isten, az \u00dar nyitotta meg f\u00fclemet. S \u00e9n nem \u00e1lltam ellen \u00e9s nem h\u00e1tr\u00e1ltam meg. H\u00e1tamat odaadtam azoknak, akik vertek, arcomat meg azoknak,&#8230; <\/p>\n<p><a class=\"readmore\" href=\"https:\/\/stuttgarti-katolikusok.de\/index.php\/viragvasarnap-2\/\">R\u00e9szletek<\/a><\/p>\n","protected":false},"author":3,"featured_media":23134,"comment_status":"closed","ping_status":"closed","sticky":false,"template":"","format":"standard","meta":{"footnotes":""},"categories":[63],"tags":[],"class_list":["post-26560","post","type-post","status-publish","format-standard","has-post-thumbnail","hentry","category-vasarnapi-gondolatok"],"yoast_head":"<!-- This site is optimized with the Yoast SEO plugin v27.3 - https:\/\/yoast.com\/product\/yoast-seo-wordpress\/ -->\n<title>Vir\u00e1gvas\u00e1rnap - az \u00dar szenved\u00e9s\u00e9nek vas\u00e1rnapja - Stuttgarti Katolikusok<\/title>\n<meta name=\"robots\" content=\"index, follow, max-snippet:-1, max-image-preview:large, max-video-preview:-1\" \/>\n<link rel=\"canonical\" href=\"https:\/\/stuttgarti-katolikusok.de\/index.php\/viragvasarnap-2\/\" \/>\n<meta property=\"og:locale\" content=\"hu_HU\" \/>\n<meta property=\"og:type\" content=\"article\" \/>\n<meta property=\"og:title\" content=\"Vir\u00e1gvas\u00e1rnap - az \u00dar szenved\u00e9s\u00e9nek vas\u00e1rnapja - Stuttgarti Katolikusok\" \/>\n<meta property=\"og:description\" content=\"A vir\u00e1gvas\u00e1rnapi barkaszentel\u00e9s \u00e9s k\u00f6rmenet J\u00e9zus \u00fcnnep\u00e9lyes jeruzs\u00e1lemi bevonul\u00e1sra eml\u00e9keztet. Csatlakozzunk mi is a lelkes t\u00f6meghez, k\u00f6sz\u00f6nj\u00fck meg D\u00e1vid Fi\u00e1nak, hogy elj\u00f6tt hozz\u00e1nk az \u00dar nev\u00e9ben, \u00e9s elhozta k\u00f6z\u00e9nk Isten orsz\u00e1g\u00e1t. Az olvasm\u00e1ny arr\u00f3l sz\u00f3l, hogy a Messi\u00e1s az \u00dar szenved\u0151 szolg\u00e1ja lesz. Nem menek\u00fcl el a szenved\u00e9st\u0151l, hanem el\u00e9be megy, mert b\u00edzik az \u00darban, hogy megseg\u00edti \u00e9s nem vall sz\u00e9gyent. A szentlecke az egyik legm\u00e9lyebb teol\u00f3giai tan\u00edt\u00e1s. Krisztus szolgai alakot vett fel \u00e9s ki\u00fcres\u00edtette \u00f6nmag\u00e1t. Ezzel mintegy k\u00f6vetend\u0151 utat is mutat a ma embere sz\u00e1m\u00e1ra. A teljes\u00edtm\u00e9ny n\u00e9lk\u00fcli celebek kor\u00e1ban, \u0151ket k\u00f6vetve, sokan a neki juttatott c\u00edm \u00e9s poz\u00edci\u00f3 m\u00f6g\u00e9 rejt\u0151\u00edznek. M\u00e9lys\u00e9g \u00e9s tartalom n\u00e9lk\u00fcl! Cser\u00e9be elv\u00e1rj\u00e1k, hogy emiatt tisztelj\u00e9k \u0151ket. K\u00f6z\u00e9j\u00fck tartozom? &#8211; megv\u00e1laszoland\u00f3 k\u00e9rd\u00e9s. A szenved\u00e9st\u00f6rt\u00e9net, azaz a passi\u00f3, karaktereket \u00e1ll\u00edt el\u00e9m. Mik\u00f6zben hallgatom \u00e9s gondolkodom, helyem is keresem a szenved\u00e9st\u00f6rt\u00e9netben. Ilyen \u00e9rtelemben egyfajta t\u00fck\u00f6rk\u00e9nt is tekinthetek r\u00e1, amelyben megl\u00e1tom magam. Maradjak \u0151szinte \u00f6nmagamhoz, s akkor igencsak tisztul ez a k\u00e9p.\u00a0 Kezd\u0151\u00e9nek: Hat nappal H\u00fasv\u00e9t \u00fcnnepe el\u0151tt f\u00f6lment J\u00e9zus Jeruzs\u00e1lembe. Kivonultak el\u00e9je a gyermekek, kez\u00fckben p\u00e1lma\u00e1gakkal. \u00c9s ki\u00e1ltozt\u00e1k hangos sz\u00f3val: Hozsanna a magass\u00e1gban! \u00c1ldott vagy, aki nagy irgalommal hozz\u00e1nk j\u00f6tt\u00e9l. K\u00f6ny\u00f6rg\u00e9s: Mindenhat\u00f3, \u00f6r\u00f6k Isten, \u00dcdv\u00f6z\u00edt\u0151nk p\u00e9ld\u00e1t adott nek\u00fcnk az al\u00e1zatoss\u00e1gra, amikor szent akaratodb\u00f3l emberi testet \u00f6lt\u00f6tt \u00e9s v\u00e1llalta a kereszthal\u00e1lt. Seg\u00edts j\u00f3s\u00e1gosan, hogy k\u00ednszenved\u00e9s\u00e9nek tan\u00edt\u00e1s\u00e1t meg\u00e9rts\u00fck, \u00e9s t\u00e1rsai lehess\u00fcnk felt\u00e1mad\u00e1s\u00e1ban. Aki veled \u00e9l \u00e9s uralkodik a Szentl\u00e9lekkel egys\u00e9gben, Isten mind\u00f6r\u00f6kk\u00f6n \u00f6r\u00f6kk\u00e9. OLVASM\u00c1NY Izaj\u00e1s pr\u00f3f\u00e9ta k\u00f6nyv\u00e9b\u0151l (Iz 50,4-7) Nem rejtettem el arcomat azok el\u0151l, akik gyal\u00e1ztak, de tudom, hogy nem vallok sz\u00e9gyent. Izaj\u00e1s \u00edgy j\u00f6vend\u00f6lt a Megv\u00e1lt\u00f3r\u00f3l: Ezt mondja az \u00dar Szolg\u00e1ja: \u201eIsten, az \u00dar tan\u00edtotta nyelvemet, hogy az ig\u00e9vel t\u00e1masza lehessek a megf\u00e1radtaknak. Reggelenk\u00e9nt \u0151 teszi figyelmess\u00e9 f\u00fclemet, hogy r\u00e1 hallgassak, mint a tan\u00edtv\u00e1nyok. Isten, az \u00dar nyitotta meg f\u00fclemet. S \u00e9n nem \u00e1lltam ellen \u00e9s nem h\u00e1tr\u00e1ltam meg. H\u00e1tamat odaadtam azoknak, akik vertek, arcomat meg azoknak,... R\u00e9szletek\" \/>\n<meta property=\"og:url\" content=\"https:\/\/stuttgarti-katolikusok.de\/index.php\/viragvasarnap-2\/\" \/>\n<meta property=\"og:site_name\" content=\"Stuttgarti Katolikusok\" \/>\n<meta property=\"article:published_time\" content=\"2026-03-27T23:27:59+00:00\" \/>\n<meta property=\"article:modified_time\" content=\"2026-03-28T07:33:04+00:00\" \/>\n<meta property=\"og:image\" content=\"https:\/\/stuttgarti-katolikusok.de\/wp-content\/uploads\/2022\/04\/mosaic-4124646-1280.jpg\" \/>\n\t<meta property=\"og:image:width\" content=\"848\" \/>\n\t<meta property=\"og:image:height\" content=\"1280\" \/>\n\t<meta property=\"og:image:type\" content=\"image\/jpeg\" \/>\n<meta name=\"author\" content=\"Tibor atya\" \/>\n<meta name=\"twitter:card\" content=\"summary_large_image\" \/>\n<meta name=\"twitter:label1\" content=\"Szerz\u0151:\" \/>\n\t<meta name=\"twitter:data1\" content=\"Tibor atya\" \/>\n\t<meta name=\"twitter:label2\" content=\"Becs\u00fclt olvas\u00e1si id\u0151\" \/>\n\t<meta name=\"twitter:data2\" content=\"17 perc\" \/>\n<script type=\"application\/ld+json\" class=\"yoast-schema-graph\">{\"@context\":\"https:\\\/\\\/schema.org\",\"@graph\":[{\"@type\":\"Article\",\"@id\":\"https:\\\/\\\/stuttgarti-katolikusok.de\\\/index.php\\\/viragvasarnap-2\\\/#article\",\"isPartOf\":{\"@id\":\"https:\\\/\\\/stuttgarti-katolikusok.de\\\/index.php\\\/viragvasarnap-2\\\/\"},\"author\":{\"name\":\"Tibor atya\",\"@id\":\"https:\\\/\\\/stuttgarti-katolikusok.de\\\/#\\\/schema\\\/person\\\/75908d6f8fdc03a57889d27209df7795\"},\"headline\":\"Vir\u00e1gvas\u00e1rnap &#8211; az \u00dar szenved\u00e9s\u00e9nek vas\u00e1rnapja\",\"datePublished\":\"2026-03-27T23:27:59+00:00\",\"dateModified\":\"2026-03-28T07:33:04+00:00\",\"mainEntityOfPage\":{\"@id\":\"https:\\\/\\\/stuttgarti-katolikusok.de\\\/index.php\\\/viragvasarnap-2\\\/\"},\"wordCount\":4489,\"image\":{\"@id\":\"https:\\\/\\\/stuttgarti-katolikusok.de\\\/index.php\\\/viragvasarnap-2\\\/#primaryimage\"},\"thumbnailUrl\":\"https:\\\/\\\/stuttgarti-katolikusok.de\\\/wp-content\\\/uploads\\\/2022\\\/04\\\/mosaic-4124646-1280.jpg\",\"articleSection\":[\"Vas\u00e1rnapi gondolatok\"],\"inLanguage\":\"hu\"},{\"@type\":\"WebPage\",\"@id\":\"https:\\\/\\\/stuttgarti-katolikusok.de\\\/index.php\\\/viragvasarnap-2\\\/\",\"url\":\"https:\\\/\\\/stuttgarti-katolikusok.de\\\/index.php\\\/viragvasarnap-2\\\/\",\"name\":\"Vir\u00e1gvas\u00e1rnap - az \u00dar szenved\u00e9s\u00e9nek vas\u00e1rnapja - Stuttgarti Katolikusok\",\"isPartOf\":{\"@id\":\"https:\\\/\\\/stuttgarti-katolikusok.de\\\/#website\"},\"primaryImageOfPage\":{\"@id\":\"https:\\\/\\\/stuttgarti-katolikusok.de\\\/index.php\\\/viragvasarnap-2\\\/#primaryimage\"},\"image\":{\"@id\":\"https:\\\/\\\/stuttgarti-katolikusok.de\\\/index.php\\\/viragvasarnap-2\\\/#primaryimage\"},\"thumbnailUrl\":\"https:\\\/\\\/stuttgarti-katolikusok.de\\\/wp-content\\\/uploads\\\/2022\\\/04\\\/mosaic-4124646-1280.jpg\",\"datePublished\":\"2026-03-27T23:27:59+00:00\",\"dateModified\":\"2026-03-28T07:33:04+00:00\",\"author\":{\"@id\":\"https:\\\/\\\/stuttgarti-katolikusok.de\\\/#\\\/schema\\\/person\\\/75908d6f8fdc03a57889d27209df7795\"},\"breadcrumb\":{\"@id\":\"https:\\\/\\\/stuttgarti-katolikusok.de\\\/index.php\\\/viragvasarnap-2\\\/#breadcrumb\"},\"inLanguage\":\"hu\",\"potentialAction\":[{\"@type\":\"ReadAction\",\"target\":[\"https:\\\/\\\/stuttgarti-katolikusok.de\\\/index.php\\\/viragvasarnap-2\\\/\"]}]},{\"@type\":\"ImageObject\",\"inLanguage\":\"hu\",\"@id\":\"https:\\\/\\\/stuttgarti-katolikusok.de\\\/index.php\\\/viragvasarnap-2\\\/#primaryimage\",\"url\":\"https:\\\/\\\/stuttgarti-katolikusok.de\\\/wp-content\\\/uploads\\\/2022\\\/04\\\/mosaic-4124646-1280.jpg\",\"contentUrl\":\"https:\\\/\\\/stuttgarti-katolikusok.de\\\/wp-content\\\/uploads\\\/2022\\\/04\\\/mosaic-4124646-1280.jpg\",\"width\":848,\"height\":1280},{\"@type\":\"BreadcrumbList\",\"@id\":\"https:\\\/\\\/stuttgarti-katolikusok.de\\\/index.php\\\/viragvasarnap-2\\\/#breadcrumb\",\"itemListElement\":[{\"@type\":\"ListItem\",\"position\":1,\"name\":\"Kezd\u0151lap\",\"item\":\"https:\\\/\\\/stuttgarti-katolikusok.de\\\/\"},{\"@type\":\"ListItem\",\"position\":2,\"name\":\"Vir\u00e1gvas\u00e1rnap &#8211; az \u00dar szenved\u00e9s\u00e9nek vas\u00e1rnapja\"}]},{\"@type\":\"WebSite\",\"@id\":\"https:\\\/\\\/stuttgarti-katolikusok.de\\\/#website\",\"url\":\"https:\\\/\\\/stuttgarti-katolikusok.de\\\/\",\"name\":\"Stuttgarti Katolikusok\",\"description\":\"\",\"potentialAction\":[{\"@type\":\"SearchAction\",\"target\":{\"@type\":\"EntryPoint\",\"urlTemplate\":\"https:\\\/\\\/stuttgarti-katolikusok.de\\\/?s={search_term_string}\"},\"query-input\":{\"@type\":\"PropertyValueSpecification\",\"valueRequired\":true,\"valueName\":\"search_term_string\"}}],\"inLanguage\":\"hu\"},{\"@type\":\"Person\",\"@id\":\"https:\\\/\\\/stuttgarti-katolikusok.de\\\/#\\\/schema\\\/person\\\/75908d6f8fdc03a57889d27209df7795\",\"name\":\"Tibor atya\",\"image\":{\"@type\":\"ImageObject\",\"inLanguage\":\"hu\",\"@id\":\"https:\\\/\\\/secure.gravatar.com\\\/avatar\\\/61d268e57d1f4525b111222e29d2d5a7f8c420fdbf231ba5566a8ceac74fa960?s=96&d=mm&r=g\",\"url\":\"https:\\\/\\\/secure.gravatar.com\\\/avatar\\\/61d268e57d1f4525b111222e29d2d5a7f8c420fdbf231ba5566a8ceac74fa960?s=96&d=mm&r=g\",\"contentUrl\":\"https:\\\/\\\/secure.gravatar.com\\\/avatar\\\/61d268e57d1f4525b111222e29d2d5a7f8c420fdbf231ba5566a8ceac74fa960?s=96&d=mm&r=g\",\"caption\":\"Tibor atya\"},\"url\":\"https:\\\/\\\/stuttgarti-katolikusok.de\\\/index.php\\\/author\\\/tibor-atya\\\/\"}]}<\/script>\n<!-- \/ Yoast SEO plugin. -->","yoast_head_json":{"title":"Vir\u00e1gvas\u00e1rnap - az \u00dar szenved\u00e9s\u00e9nek vas\u00e1rnapja - Stuttgarti Katolikusok","robots":{"index":"index","follow":"follow","max-snippet":"max-snippet:-1","max-image-preview":"max-image-preview:large","max-video-preview":"max-video-preview:-1"},"canonical":"https:\/\/stuttgarti-katolikusok.de\/index.php\/viragvasarnap-2\/","og_locale":"hu_HU","og_type":"article","og_title":"Vir\u00e1gvas\u00e1rnap - az \u00dar szenved\u00e9s\u00e9nek vas\u00e1rnapja - Stuttgarti Katolikusok","og_description":"A vir\u00e1gvas\u00e1rnapi barkaszentel\u00e9s \u00e9s k\u00f6rmenet J\u00e9zus \u00fcnnep\u00e9lyes jeruzs\u00e1lemi bevonul\u00e1sra eml\u00e9keztet. Csatlakozzunk mi is a lelkes t\u00f6meghez, k\u00f6sz\u00f6nj\u00fck meg D\u00e1vid Fi\u00e1nak, hogy elj\u00f6tt hozz\u00e1nk az \u00dar nev\u00e9ben, \u00e9s elhozta k\u00f6z\u00e9nk Isten orsz\u00e1g\u00e1t. Az olvasm\u00e1ny arr\u00f3l sz\u00f3l, hogy a Messi\u00e1s az \u00dar szenved\u0151 szolg\u00e1ja lesz. Nem menek\u00fcl el a szenved\u00e9st\u0151l, hanem el\u00e9be megy, mert b\u00edzik az \u00darban, hogy megseg\u00edti \u00e9s nem vall sz\u00e9gyent. A szentlecke az egyik legm\u00e9lyebb teol\u00f3giai tan\u00edt\u00e1s. Krisztus szolgai alakot vett fel \u00e9s ki\u00fcres\u00edtette \u00f6nmag\u00e1t. Ezzel mintegy k\u00f6vetend\u0151 utat is mutat a ma embere sz\u00e1m\u00e1ra. A teljes\u00edtm\u00e9ny n\u00e9lk\u00fcli celebek kor\u00e1ban, \u0151ket k\u00f6vetve, sokan a neki juttatott c\u00edm \u00e9s poz\u00edci\u00f3 m\u00f6g\u00e9 rejt\u0151\u00edznek. M\u00e9lys\u00e9g \u00e9s tartalom n\u00e9lk\u00fcl! Cser\u00e9be elv\u00e1rj\u00e1k, hogy emiatt tisztelj\u00e9k \u0151ket. K\u00f6z\u00e9j\u00fck tartozom? &#8211; megv\u00e1laszoland\u00f3 k\u00e9rd\u00e9s. A szenved\u00e9st\u00f6rt\u00e9net, azaz a passi\u00f3, karaktereket \u00e1ll\u00edt el\u00e9m. Mik\u00f6zben hallgatom \u00e9s gondolkodom, helyem is keresem a szenved\u00e9st\u00f6rt\u00e9netben. Ilyen \u00e9rtelemben egyfajta t\u00fck\u00f6rk\u00e9nt is tekinthetek r\u00e1, amelyben megl\u00e1tom magam. Maradjak \u0151szinte \u00f6nmagamhoz, s akkor igencsak tisztul ez a k\u00e9p.\u00a0 Kezd\u0151\u00e9nek: Hat nappal H\u00fasv\u00e9t \u00fcnnepe el\u0151tt f\u00f6lment J\u00e9zus Jeruzs\u00e1lembe. Kivonultak el\u00e9je a gyermekek, kez\u00fckben p\u00e1lma\u00e1gakkal. \u00c9s ki\u00e1ltozt\u00e1k hangos sz\u00f3val: Hozsanna a magass\u00e1gban! \u00c1ldott vagy, aki nagy irgalommal hozz\u00e1nk j\u00f6tt\u00e9l. K\u00f6ny\u00f6rg\u00e9s: Mindenhat\u00f3, \u00f6r\u00f6k Isten, \u00dcdv\u00f6z\u00edt\u0151nk p\u00e9ld\u00e1t adott nek\u00fcnk az al\u00e1zatoss\u00e1gra, amikor szent akaratodb\u00f3l emberi testet \u00f6lt\u00f6tt \u00e9s v\u00e1llalta a kereszthal\u00e1lt. Seg\u00edts j\u00f3s\u00e1gosan, hogy k\u00ednszenved\u00e9s\u00e9nek tan\u00edt\u00e1s\u00e1t meg\u00e9rts\u00fck, \u00e9s t\u00e1rsai lehess\u00fcnk felt\u00e1mad\u00e1s\u00e1ban. Aki veled \u00e9l \u00e9s uralkodik a Szentl\u00e9lekkel egys\u00e9gben, Isten mind\u00f6r\u00f6kk\u00f6n \u00f6r\u00f6kk\u00e9. OLVASM\u00c1NY Izaj\u00e1s pr\u00f3f\u00e9ta k\u00f6nyv\u00e9b\u0151l (Iz 50,4-7) Nem rejtettem el arcomat azok el\u0151l, akik gyal\u00e1ztak, de tudom, hogy nem vallok sz\u00e9gyent. Izaj\u00e1s \u00edgy j\u00f6vend\u00f6lt a Megv\u00e1lt\u00f3r\u00f3l: Ezt mondja az \u00dar Szolg\u00e1ja: \u201eIsten, az \u00dar tan\u00edtotta nyelvemet, hogy az ig\u00e9vel t\u00e1masza lehessek a megf\u00e1radtaknak. Reggelenk\u00e9nt \u0151 teszi figyelmess\u00e9 f\u00fclemet, hogy r\u00e1 hallgassak, mint a tan\u00edtv\u00e1nyok. Isten, az \u00dar nyitotta meg f\u00fclemet. S \u00e9n nem \u00e1lltam ellen \u00e9s nem h\u00e1tr\u00e1ltam meg. H\u00e1tamat odaadtam azoknak, akik vertek, arcomat meg azoknak,... R\u00e9szletek","og_url":"https:\/\/stuttgarti-katolikusok.de\/index.php\/viragvasarnap-2\/","og_site_name":"Stuttgarti Katolikusok","article_published_time":"2026-03-27T23:27:59+00:00","article_modified_time":"2026-03-28T07:33:04+00:00","og_image":[{"width":848,"height":1280,"url":"https:\/\/stuttgarti-katolikusok.de\/wp-content\/uploads\/2022\/04\/mosaic-4124646-1280.jpg","type":"image\/jpeg"}],"author":"Tibor atya","twitter_card":"summary_large_image","twitter_misc":{"Szerz\u0151:":"Tibor atya","Becs\u00fclt olvas\u00e1si id\u0151":"17 perc"},"schema":{"@context":"https:\/\/schema.org","@graph":[{"@type":"Article","@id":"https:\/\/stuttgarti-katolikusok.de\/index.php\/viragvasarnap-2\/#article","isPartOf":{"@id":"https:\/\/stuttgarti-katolikusok.de\/index.php\/viragvasarnap-2\/"},"author":{"name":"Tibor atya","@id":"https:\/\/stuttgarti-katolikusok.de\/#\/schema\/person\/75908d6f8fdc03a57889d27209df7795"},"headline":"Vir\u00e1gvas\u00e1rnap &#8211; az \u00dar szenved\u00e9s\u00e9nek vas\u00e1rnapja","datePublished":"2026-03-27T23:27:59+00:00","dateModified":"2026-03-28T07:33:04+00:00","mainEntityOfPage":{"@id":"https:\/\/stuttgarti-katolikusok.de\/index.php\/viragvasarnap-2\/"},"wordCount":4489,"image":{"@id":"https:\/\/stuttgarti-katolikusok.de\/index.php\/viragvasarnap-2\/#primaryimage"},"thumbnailUrl":"https:\/\/stuttgarti-katolikusok.de\/wp-content\/uploads\/2022\/04\/mosaic-4124646-1280.jpg","articleSection":["Vas\u00e1rnapi gondolatok"],"inLanguage":"hu"},{"@type":"WebPage","@id":"https:\/\/stuttgarti-katolikusok.de\/index.php\/viragvasarnap-2\/","url":"https:\/\/stuttgarti-katolikusok.de\/index.php\/viragvasarnap-2\/","name":"Vir\u00e1gvas\u00e1rnap - az \u00dar szenved\u00e9s\u00e9nek vas\u00e1rnapja - Stuttgarti Katolikusok","isPartOf":{"@id":"https:\/\/stuttgarti-katolikusok.de\/#website"},"primaryImageOfPage":{"@id":"https:\/\/stuttgarti-katolikusok.de\/index.php\/viragvasarnap-2\/#primaryimage"},"image":{"@id":"https:\/\/stuttgarti-katolikusok.de\/index.php\/viragvasarnap-2\/#primaryimage"},"thumbnailUrl":"https:\/\/stuttgarti-katolikusok.de\/wp-content\/uploads\/2022\/04\/mosaic-4124646-1280.jpg","datePublished":"2026-03-27T23:27:59+00:00","dateModified":"2026-03-28T07:33:04+00:00","author":{"@id":"https:\/\/stuttgarti-katolikusok.de\/#\/schema\/person\/75908d6f8fdc03a57889d27209df7795"},"breadcrumb":{"@id":"https:\/\/stuttgarti-katolikusok.de\/index.php\/viragvasarnap-2\/#breadcrumb"},"inLanguage":"hu","potentialAction":[{"@type":"ReadAction","target":["https:\/\/stuttgarti-katolikusok.de\/index.php\/viragvasarnap-2\/"]}]},{"@type":"ImageObject","inLanguage":"hu","@id":"https:\/\/stuttgarti-katolikusok.de\/index.php\/viragvasarnap-2\/#primaryimage","url":"https:\/\/stuttgarti-katolikusok.de\/wp-content\/uploads\/2022\/04\/mosaic-4124646-1280.jpg","contentUrl":"https:\/\/stuttgarti-katolikusok.de\/wp-content\/uploads\/2022\/04\/mosaic-4124646-1280.jpg","width":848,"height":1280},{"@type":"BreadcrumbList","@id":"https:\/\/stuttgarti-katolikusok.de\/index.php\/viragvasarnap-2\/#breadcrumb","itemListElement":[{"@type":"ListItem","position":1,"name":"Kezd\u0151lap","item":"https:\/\/stuttgarti-katolikusok.de\/"},{"@type":"ListItem","position":2,"name":"Vir\u00e1gvas\u00e1rnap &#8211; az \u00dar szenved\u00e9s\u00e9nek vas\u00e1rnapja"}]},{"@type":"WebSite","@id":"https:\/\/stuttgarti-katolikusok.de\/#website","url":"https:\/\/stuttgarti-katolikusok.de\/","name":"Stuttgarti Katolikusok","description":"","potentialAction":[{"@type":"SearchAction","target":{"@type":"EntryPoint","urlTemplate":"https:\/\/stuttgarti-katolikusok.de\/?s={search_term_string}"},"query-input":{"@type":"PropertyValueSpecification","valueRequired":true,"valueName":"search_term_string"}}],"inLanguage":"hu"},{"@type":"Person","@id":"https:\/\/stuttgarti-katolikusok.de\/#\/schema\/person\/75908d6f8fdc03a57889d27209df7795","name":"Tibor atya","image":{"@type":"ImageObject","inLanguage":"hu","@id":"https:\/\/secure.gravatar.com\/avatar\/61d268e57d1f4525b111222e29d2d5a7f8c420fdbf231ba5566a8ceac74fa960?s=96&d=mm&r=g","url":"https:\/\/secure.gravatar.com\/avatar\/61d268e57d1f4525b111222e29d2d5a7f8c420fdbf231ba5566a8ceac74fa960?s=96&d=mm&r=g","contentUrl":"https:\/\/secure.gravatar.com\/avatar\/61d268e57d1f4525b111222e29d2d5a7f8c420fdbf231ba5566a8ceac74fa960?s=96&d=mm&r=g","caption":"Tibor atya"},"url":"https:\/\/stuttgarti-katolikusok.de\/index.php\/author\/tibor-atya\/"}]}},"_links":{"self":[{"href":"https:\/\/stuttgarti-katolikusok.de\/index.php\/wp-json\/wp\/v2\/posts\/26560","targetHints":{"allow":["GET"]}}],"collection":[{"href":"https:\/\/stuttgarti-katolikusok.de\/index.php\/wp-json\/wp\/v2\/posts"}],"about":[{"href":"https:\/\/stuttgarti-katolikusok.de\/index.php\/wp-json\/wp\/v2\/types\/post"}],"author":[{"embeddable":true,"href":"https:\/\/stuttgarti-katolikusok.de\/index.php\/wp-json\/wp\/v2\/users\/3"}],"replies":[{"embeddable":true,"href":"https:\/\/stuttgarti-katolikusok.de\/index.php\/wp-json\/wp\/v2\/comments?post=26560"}],"version-history":[{"count":5,"href":"https:\/\/stuttgarti-katolikusok.de\/index.php\/wp-json\/wp\/v2\/posts\/26560\/revisions"}],"predecessor-version":[{"id":32889,"href":"https:\/\/stuttgarti-katolikusok.de\/index.php\/wp-json\/wp\/v2\/posts\/26560\/revisions\/32889"}],"wp:featuredmedia":[{"embeddable":true,"href":"https:\/\/stuttgarti-katolikusok.de\/index.php\/wp-json\/wp\/v2\/media\/23134"}],"wp:attachment":[{"href":"https:\/\/stuttgarti-katolikusok.de\/index.php\/wp-json\/wp\/v2\/media?parent=26560"}],"wp:term":[{"taxonomy":"category","embeddable":true,"href":"https:\/\/stuttgarti-katolikusok.de\/index.php\/wp-json\/wp\/v2\/categories?post=26560"},{"taxonomy":"post_tag","embeddable":true,"href":"https:\/\/stuttgarti-katolikusok.de\/index.php\/wp-json\/wp\/v2\/tags?post=26560"}],"curies":[{"name":"wp","href":"https:\/\/api.w.org\/{rel}","templated":true}]}}