{"id":26526,"date":"2026-03-21T23:20:19","date_gmt":"2026-03-21T22:20:19","guid":{"rendered":"https:\/\/stuttgarti-katolikusok.de\/?p=26526"},"modified":"2026-03-23T21:56:05","modified_gmt":"2026-03-23T20:56:05","slug":"nagybojt-5-vasarnapja-3","status":"publish","type":"post","link":"https:\/\/stuttgarti-katolikusok.de\/index.php\/nagybojt-5-vasarnapja-3\/","title":{"rendered":"Nagyb\u00f6jt 5. vas\u00e1rnapja"},"content":{"rendered":"<p><span style=\"color: #800080;\">A 42. zsolt\u00e1rban arra k\u00e9ri Istent a zsolt\u00e1rost, hogy szolg\u00e1ltasson neki igazs\u00e1got. Nem a maga igazs\u00e1g\u00e1t keresi, s ez az, amire fel kell figyeln\u00fcnk. Amennyiben a magam igaz\u00e1t keresem, elv\u00e1gom annak es\u00e9ly\u00e9t, hogy r\u00e1tal\u00e1ljak az igazs\u00e1gra.\u00a0<\/span><\/p>\n<p><span style=\"color: #800080;\">Az olvasm\u00e1nyban Ezekiel pr\u00f3f\u00e9ta a babiloni fogs\u00e1gban l\u00e9v\u0151ket vigasztalja. A rem\u00e9ny hangj\u00e1n sz\u00f3l\u00edtja meg \u0151ket. Haza fognak t\u00e9rni! Jelenleg olyanok, mint a lelki halottak. A nagyb\u00f6jt \u00e9ppen ezt jelenti sz\u00e1munkra: rem\u00e9nyt \u00e9s lehet\u0151s\u00e9get k\u00edn\u00e1l, hogy lelki hal\u00e1lunkb\u00f3l felt\u00e1madva, meg\u00fajuljon \u00e9let\u00fcnk.<\/span><\/p>\n<p><span style=\"color: #800080;\">A v\u00e1laszos zsolt\u00e1r egy mondat\u00e1t hozom most ide: A m\u00e9lys\u00e9gb\u0151l ki\u00e1ltok, Uram, hozz\u00e1d! A m\u00e9lys\u00e9g, lelki\u00e9letem m\u00e9lys\u00e9g\u00e9ra vonatkozik. H\u00e1l\u00e1snak kell lennem, hogy \u00e9letem m\u00e9lys\u00e9geib\u0151l Isten seg\u00edts\u00e9g\u00e9vel talpra tudok \u00e1llni.<\/span><\/p>\n<p><span style=\"color: #800080;\">Az evang\u00e9lium ismert t\u00f6rt\u00e9nettel aj\u00e1nd\u00e9koz meg. J\u00e9zus j\u00f3 bar\u00e1tj\u00e1nak, L\u00e1z\u00e1r felt\u00e1maszt\u00e1s\u00e1nak t\u00f6rt\u00e9net\u00e9t mindannyian j\u00f3l ismerj\u00fck. Mindaz, ami L\u00e1z\u00e1rral t\u00f6rt\u00e9nik, \u00fcdv\u00e9re szolg\u00e1l. \u00cdgy van ez a magam \u00e9let\u00e9ben is. Mindaz, ami velem t\u00f6rt\u00e9nik, \u00fcdv\u00f6ss\u00e9gemet szolg\u00e1lja.<\/span><\/p>\n<p><span style=\"color: #800080;\">Kezd\u0151\u00e9nek:<\/span><br \/>\nSzolg\u00e1ltass nekem igazs\u00e1got, Istenem, az istentelen n\u00e9ppel szemben v\u00e9dd \u00fcgyemet, ments meg a gonosz \u00e9s \u00e1lnok emberekt\u0151l, mert te vagy az \u00e9n megment\u0151 Istenem. (Zsolt 42,1-2)<\/p>\n<p><span style=\"color: #800080;\">K\u00f6ny\u00f6rg\u00e9s:<\/span><br \/>\nUrunk, Isten\u00fcnk, seg\u00edts minket, hogy \u00e9let\u00fcnkben az a f\u00e1radhatatlan szeretet vezessen, amellyel Krisztus szerette a vil\u00e1got, \u00e9s hal\u00e1lra adta \u00e9rt\u00fcnk \u00f6nmag\u00e1t. Aki veled \u00e9l \u00e9s uralkodik a Szentl\u00e9lekkel egys\u00e9gben, Isten mind\u00f6r\u00f6kk\u00f6n \u00f6r\u00f6kk\u00e9.<\/p>\n<p align=\"justify\"><span style=\"color: #800080;\">OLVASM\u00c1NY Ezekiel pr\u00f3f\u00e9ta k\u00f6nyv\u00e9b\u0151l (Ez 37,12-14)<\/span><\/p>\n<p align=\"justify\"><em>Bel\u00e9tek oltom lelkemet \u00e9s \u00e9letre keltek.<\/em><br \/>\n\u00cdgy sz\u00f3lt az \u00dar Ezekiel pr\u00f3f\u00e9t\u00e1hoz:<br \/>\n\u201eJ\u00f6vend\u00f6lj \u00e9s \u00edgy besz\u00e9lj n\u00e9pemhez: Ezt mondja az \u00dar, az Isten: \u00bb\u00cdme, kinyitom s\u00edrjaitokat \u00e9s kihozlak titeket s\u00edrjaitokb\u00f3l, \u00e9n n\u00e9pem, \u00e9s elvezetlek Izrael f\u00f6ldj\u00e9re. Akkor majd megtudj\u00e1tok, hogy \u00e9n vagyok az \u00dar, amikor kinyitom s\u00edrjaitokat \u00e9s kihozlak benneteket s\u00edrjaitokb\u00f3l, \u00e9n n\u00e9pem. Bel\u00e9tek oltom lelkemet \u00e9s \u00e9letre keltek. Letelep\u00edtelek titeket f\u00f6ldeteken, \u00e9s megtudj\u00e1tok, hogy \u00e9n, az \u00dar mondtam ezt, \u00e9s v\u00e9gbe is vittem\u00ab\u201d \u2013 mondja az \u00dar.<br \/>\nEz az Isten ig\u00e9je.<\/p>\n<p align=\"justify\"><span style=\"color: #800080;\">V\u00c1LASZOS ZSOLT\u00c1R (Zsolt 129,1-2.3-4ab.4c-6.7-89)<\/span><\/p>\n<p align=\"justify\">V\u00e1lasz:\u00a0<strong>Az \u00darn\u00e1l az irgalom, * \u00e9s b\u0151s\u00e9ges a megv\u00e1lt\u00e1s n\u00e1la.<\/strong>\u00a0\u2013 1 D<sup><small>2<\/small><\/sup>. t\u00f3nus.<br \/>\nEl\u0151\u00e9nekes: A m\u00e9lys\u00e9gb\u0151l ki\u00e1ltok, Uram, hozz\u00e1d, * Istenem, hallgass a sz\u00f3mra.<br \/>\nF\u00fcled figyeljen fel * k\u00f6ny\u00f6rg\u0151 szavamra.<br \/>\nH\u00edvek: Az \u00darn\u00e1l az irgalom, * \u00e9s b\u0151s\u00e9ges a megv\u00e1lt\u00e1s n\u00e1la.<br \/>\nE: Ha sz\u00e1mon tartod a v\u00e9tkeket, Uram, * Uram, ki az, aki el\u0151tted meg\u00e1llhat?<br \/>\nDe n\u00e1lad bocs\u00e1natot nyer a v\u00e9tek, * ez\u00e9rt f\u00e9lve tisztel\u00fcnk t\u00e9ged.<br \/>\nH: Az \u00darn\u00e1l az irgalom, * \u00e9s b\u0151s\u00e9ges a megv\u00e1lt\u00e1s n\u00e1la.<br \/>\nE: Tebenned rem\u00e9lek, Uram, * \u00e9s ig\u00e9dben rem\u00e9nykedik lelkem.<br \/>\nLelkem v\u00e1rja az Urat, * jobban, mint \u00e9ji \u0151r a hajnalt.<br \/>\nH: Az \u00darn\u00e1l az irgalom, * \u00e9s b\u0151s\u00e9ges a megv\u00e1lt\u00e1s n\u00e1la.<br \/>\nE: Jobban, mint \u00e9ji \u0151r a hajnalt, * v\u00e1rja az Urat Izrael.<br \/>\nMert az \u00darn\u00e1l az irgalom, \u2020 \u00e9s b\u0151s\u00e9ges a megv\u00e1lt\u00e1s n\u00e1la, * \u0151 v\u00e1ltja meg Izraelt minden b\u0171n\u00e9t\u0151l.<br \/>\nH: Az \u00darn\u00e1l az irgalom, * \u00e9s b\u0151s\u00e9ges a megv\u00e1lt\u00e1s n\u00e1la.<\/p>\n<p align=\"justify\"><span style=\"color: #800080;\">SZENTLECKE Szent P\u00e1l apostolnak a r\u00f3maiakhoz \u00edrt level\u00e9b\u0151l (R\u00f3m 8,8-11)<\/span><br \/>\n<em>Isten Lelke, aki J\u00e9zust felt\u00e1masztotta a hal\u00e1lb\u00f3l, bennetek lakik.<\/em><br \/>\nTestv\u00e9reim!<br \/>\nAki test szerint \u00e9l, nem lehet kedves Isten el\u0151tt. Ti azonban nem test, hanem l\u00e9lek szerint \u00e9ltek, ha val\u00f3ban Isten Lelke lakik bennetek. De akiben nem lakik Krisztus Lelke, az nem Krisztus\u00e9. Ha Krisztus bennetek lakik, j\u00f3llehet a test a b\u0171n miatt halott, a l\u00e9lek a megigazul\u00e1s k\u00f6vetkezt\u00e9ben \u00e9l. Ha pedig bennetek lakik annak Lelke, aki felt\u00e1masztotta J\u00e9zust a hal\u00e1lb\u00f3l, \u0151, aki Krisztust felt\u00e1masztotta a halottak k\u00f6z\u00fcl, haland\u00f3 testeteket is \u00e9letre kelti a bennetek lak\u00f3 Lelke \u00e1ltal.<br \/>\nEz az Isten ig\u00e9je.<\/p>\n<p align=\"justify\"><span style=\"color: #800080;\">EVANG\u00c9LIUM EL\u0150TTI VERS<\/span><br \/>\nJ\u00e9zus mondja: \u2020 \u201e\u00c9n vagyok a felt\u00e1mad\u00e1s \u00e9s az \u00e9let: * aki bennem hisz, nem hal meg \u00f6r\u00f6kre.\u201d Jn 11,25a \u00e9s 26 \u2013 6. t\u00f3nus.<\/p>\n<p align=\"justify\"><em>Hosszabb forma:<\/em><br \/>\n<span style=\"color: #800080;\">\u2020 EVANG\u00c9LIUM Szent J\u00e1nos k\u00f6nyv\u00e9b\u0151l\u00a0 (Jn 11,1-45 )<\/span><br \/>\n<em>\u00c9n vagyok a felt\u00e1mad\u00e1s \u00e9s az \u00e9let.<\/em><br \/>\nAbban az id\u0151ben:<br \/>\nL\u00e1z\u00e1r beteg volt Bet\u00e1ni\u00e1ban, M\u00e1ri\u00e1nak \u00e9s n\u0151v\u00e9r\u00e9nek, M\u00e1rt\u00e1nak a faluj\u00e1ban. Ez a M\u00e1ria kente meg az Urat mirh\u00e1val, \u00e9s t\u00f6r\u00f6lte meg l\u00e1bait a haj\u00e1val. A beteg L\u00e1z\u00e1r, az \u0151 testv\u00e9r\u00fck volt.<br \/>\nA k\u00e9t le\u00e1nytestv\u00e9r meg\u00fczente J\u00e9zusnak: \u201eUram, n\u00e9zd, beteg, akit szeretsz!\u201d Amikor J\u00e9zus meghallotta ezt, \u00edgy sz\u00f3lt: \u201eEz a betegs\u00e9g nem hal\u00e1los, hanem Isten dics\u0151s\u00e9g\u00e9re fog szolg\u00e1lni, hogy az Isten Fia megdics\u0151\u00fclj\u00f6n.\u201d<br \/>\nJ\u00e9zus szerette \u0151ket: M\u00e1rt\u00e1t, M\u00e1ri\u00e1t \u00e9s L\u00e1z\u00e1rt. Amikor teh\u00e1t meghallotta, hogy L\u00e1z\u00e1r beteg, k\u00e9t napig ott id\u0151z\u00f6tt m\u00e9g, ahol volt, azut\u00e1n \u00edgy sz\u00f3lt a tan\u00edtv\u00e1nyokhoz: \u201eMenj\u00fcnk el ism\u00e9t Jude\u00e1ba?\u201d<br \/>\nA tan\u00edtv\u00e1nyok ezt mondt\u00e1k neki: \u201eMester, most akartak megk\u00f6vezni a zsid\u00f3k, \u00e9s te megint odam\u00e9gy?\u201d J\u00e9zus ezt felelte: \u201eNem tizenk\u00e9t \u00f3r\u00e1ja van a nappalnak? Aki nappal j\u00e1r, nem botlik el, mert l\u00e1tja a vil\u00e1g vil\u00e1goss\u00e1g\u00e1t. De aki \u00e9jszaka j\u00e1r, elbotlik, mert hi\u00e1nyzik bel\u0151le a vil\u00e1goss\u00e1g.\u201d Ezt mondta, azut\u00e1n hozz\u00e1tette: \u201eL\u00e1z\u00e1r, a mi bar\u00e1tunk elaludt. De \u00e9n megyek \u00e9s f\u00f6lkeltem.\u201d A tan\u00edtv\u00e1nyok \u00edgy sz\u00f3ltak: \u201eUram, ha elaludt, akkor meggy\u00f3gyul.\u201d<br \/>\nJ\u00e9zus L\u00e1z\u00e1r hal\u00e1l\u00e1r\u00f3l besz\u00e9lt, \u0151k azonban azt hitt\u00e9k, hogy az \u00e1lomba mer\u00fcl\u00e9sre gondol. Erre J\u00e9zus ny\u00edltan megmondta nekik: \u201eL\u00e1z\u00e1r meghalt. \u00c9s hogy nem voltam ott, \u00f6r\u00f6m\u00f6mre szolg\u00e1l miattatok, hogy higgyetek. Most azonban induljunk hozz\u00e1!\u201d<br \/>\nTam\u00e1s, akinek Iker volt a mell\u00e9kneve, \u00edgy sz\u00f3lt tan\u00edtv\u00e1nyt\u00e1rsaihoz: \u201eMenj\u00fcnk, \u00e9s haljunk meg mi is vele egy\u00fctt!\u201d<br \/>\nAmikor J\u00e9zus meg\u00e9rkezett, L\u00e1z\u00e1r m\u00e1r n\u00e9gy napja a s\u00edrban fek\u00fcdt. Bet\u00e1nia Jeruzs\u00e1lem k\u00f6zel\u00e9ben volt, mintegy tizen\u00f6t st\u00e1diumra (f\u00e9l \u00f3ra j\u00e1r\u00e1snyira). \u00cdgy sok zsid\u00f3 j\u00f6tt M\u00e1ri\u00e1hoz \u00e9s M\u00e1rt\u00e1hoz, hogy vigasztalj\u00e1k \u0151ket testv\u00e9r\u00fck miatt.<br \/>\nAmint M\u00e1rta meghallotta, hogy J\u00e9zus j\u00f6n, el\u00e9je sietett, m\u00edg M\u00e1ria otthon maradt. M\u00e1rta \u00edgy sz\u00f3lt J\u00e9zushoz: \u201eUram, ha itt lett\u00e9l volna, nem halt volna meg a testv\u00e9rem! De tudom, hogy most is, b\u00e1rmit k\u00e9rsz Istent\u0151l, megadja neked.\u201d J\u00e9zus ezt felelte neki: \u201eTestv\u00e9red fel fog t\u00e1madni!\u201d Erre M\u00e1rta \u00edgy sz\u00f3lt: \u201eTudom, hogy felt\u00e1mad a felt\u00e1mad\u00e1skor, az utols\u00f3 napon.\u201d<br \/>\nJ\u00e9zus folytatta: \u201e\u00c9n vagyok a felt\u00e1mad\u00e1s \u00e9s az \u00e9let. Aki hisz bennem, m\u00e9g ha meg is hal, \u00e9lni fog. Mindaz, aki \u00e9l \u00e9s hisz \u00e9nbennem, az nem hal meg \u00f6r\u00f6kre. Hiszed ezt?\u201d M\u00e1rta ezt v\u00e1laszolta neki: \u201eIgen, Uram! Hiszem, hogy te vagy a Messi\u00e1s, az Isten Fia, aki a vil\u00e1gba j\u00f6n!\u201d<br \/>\nE szavak ut\u00e1n elment \u00e9s h\u00edvta a testv\u00e9r\u00e9t, M\u00e1ri\u00e1t. Halkan odasz\u00f3lt neki: \u201eMegj\u00f6tt a Mester, \u00e9s h\u00edv t\u00e9ged!\u201d Ennek hallat\u00e1ra \u0151 r\u00f6gt\u00f6n f\u00f6lkelt, \u00e9s J\u00e9zushoz sietett. J\u00e9zus ugyanis m\u00e9g nem \u00e9rt be a faluba, hanem azon a helyen volt, ahol M\u00e1rt\u00e1val tal\u00e1lkozott.<br \/>\nA zsid\u00f3k pedig, akik M\u00e1ri\u00e1val egy\u00fctt a h\u00e1zban voltak \u00e9s vigasztalt\u00e1k \u0151t, amikor l\u00e1tt\u00e1k, hogy M\u00e1ria gyorsan f\u00f6lkel \u00e9s kimegy, ut\u00e1na siettek.<br \/>\nAzt gondolt\u00e1k, hogy a s\u00edrhoz megy, hogy ott kis\u00edrja mag\u00e1t.<br \/>\nAmikor M\u00e1ria oda\u00e9rt, ahol J\u00e9zus volt, \u00e9s megl\u00e1tta \u0151t, e szavakkal borult l\u00e1baihoz: \u201eUram, ha itt lett\u00e9l volna, nem halt volna meg a testv\u00e9rem!\u201d<br \/>\nMikor J\u00e9zus l\u00e1tta, hogy M\u00e1ria s\u00edr, \u00e9s hogy a vele j\u00f6tt zsid\u00f3k is s\u00edrnak, lelke m\u00e9ly\u00e9ig megrend\u00fclt \u00e9s megindult. Megk\u00e9rdezte: \u201eHova temett\u00e9tek?\u201d Azok \u00edgy sz\u00f3ltak: ,J\u00f6jj, Uram, \u00e9s l\u00e1sd!\u201d Ekkor J\u00e9zus k\u00f6nnyekre fakadt. Erre a zsid\u00f3k megjegyezt\u00e9k: \u201eN\u00e9zz\u00e9tek, mennyire szerette \u0151t!\u201d N\u00e9melyek azonban \u00edgy sz\u00f3ltak: \u201e\u0150, aki visszaadta a vak l\u00e1t\u00e1s\u00e1t, nem akad\u00e1lyozhatta volna meg, hogy meghaljon?\u201d<br \/>\nJ\u00e9zus pedig, m\u00e9g mindig m\u00e9lyen megrend\u00fclve a s\u00edrhoz ment, amely egy k\u0151vel elz\u00e1rt barlang volt. J\u00e9zus \u00edgy sz\u00f3lt: \u201eVegy\u00e9tek el a k\u00f6vet!\u201d M\u00e1rta, az elhunyt testv\u00e9re megjegyezte: \u201eUram, m\u00e1r szaga van, hiszen negyednapos.\u201d J\u00e9zus ezt v\u00e1laszolta neki: \u201eMondtam m\u00e1r neked, hogy ha hiszel, megl\u00e1tod Isten dics\u0151s\u00e9g\u00e9t!\u201d Elvett\u00e9k teh\u00e1t a k\u00f6vet. J\u00e9zus az \u00e9gre emelte szem\u00e9t, \u00e9s \u00edgy sz\u00f3lt: \u201eAty\u00e1m, h\u00e1l\u00e1t adok neked, hogy meghallgatt\u00e1l. \u00c9n ugyan tudom, hogy mindenkor meghallgatsz, csak a k\u00f6r\u00fcl\u00e1ll\u00f3 n\u00e9p miatt mondom, hogy higgy\u00e9k: te k\u00fcld\u00f6tt\u00e9l engem!\u201d<br \/>\nE szavak ut\u00e1n J\u00e9zus hangos sz\u00f3val ki\u00e1ltotta: \u201eL\u00e1z\u00e1r, j\u00f6jj ki!\u201d A halott azonnal kij\u00f6tt, kez\u00e9n \u00e9s l\u00e1b\u00e1n a r\u00e1tekert leplekkel, arc\u00e1n pedig a kend\u0151vel, amelyet fej\u00e9re csavartak. J\u00e9zus megparancsolta: \u201eOldj\u00e1tok fel, hogy j\u00e1rni tudjon!\u201d<br \/>\nA zsid\u00f3k k\u00f6z\u00fcl, akik M\u00e1ri\u00e1hoz j\u00f6ttek, sokan hittek J\u00e9zusban, miut\u00e1n l\u00e1tt\u00e1k, amit cselekedett.<br \/>\nEzek az evang\u00e9lium ig\u00e9i.<\/p>\n<p><em>Vagy r\u00f6videbb forma:<\/em><br \/>\n<span style=\"color: #800080;\">\u2020 EVANG\u00c9LIUM Szent J\u00e1nos k\u00f6nyv\u00e9b\u0151l ( Jn 11,3-7.17.20-27.33b-45)<\/span><br \/>\n<em>\u00c9n vagyok a felt\u00e1mad\u00e1s \u00e9s az \u00e9let.<\/em><br \/>\nAbban az id\u0151ben:<br \/>\nL\u00e1z\u00e1r testv\u00e9rei meg\u00fczent\u00e9k J\u00e9zusnak: \u201eUram, n\u00e9zd, beteg, akit szeretsz!\u201d Amikor J\u00e9zus meghallotta ezt, \u00edgy sz\u00f3lt: \u201eEz a betegs\u00e9g nem hal\u00e1los, hanem Isten dics\u0151s\u00e9g\u00e9re fog szolg\u00e1lni, hogy az Isten Fia megdics\u0151\u00fclj\u00f6n.\u201d<br \/>\nJ\u00e9zus szerette \u0151ket: M\u00e1rt\u00e1t, M\u00e1ri\u00e1t \u00e9s L\u00e1z\u00e1rt. Amikor teh\u00e1t meghallotta, hogy L\u00e1z\u00e1r beteg, k\u00e9t napig ott id\u0151z\u00f6tt m\u00e9g, ahol volt, azt\u00e1n \u00edgy sz\u00f3lt a tan\u00edtv\u00e1nyokhoz: \u201eMenj\u00fcnk el ism\u00e9t Jude\u00e1ba!\u201d<br \/>\nAmikor J\u00e9zus meg\u00e9rkezett, L\u00e1z\u00e1r m\u00e1r n\u00e9gy napja a s\u00edrban fek\u00fcdt.<br \/>\nAmint M\u00e1rta meghallotta, hogy J\u00e9zus j\u00f6n, el\u00e9je sietett, m\u00edg M\u00e1ria otthon maradt. M\u00e1rta \u00edgy sz\u00f3lt J\u00e9zushoz: \u201eUram, ha itt lett\u00e9l volna, nem halt volna meg a testv\u00e9rem! De tudom, hogy most is, b\u00e1rmit k\u00e9rsz Istent\u0151l, megadja neked.\u201d J\u00e9zus ezt felelte neki: \u201eTestv\u00e9red fel fog t\u00e1madni.\u201d Erre M\u00e1rta \u00edgy sz\u00f3lt: \u201eTudom, hogy felt\u00e1mad a felt\u00e1mad\u00e1skor, az utols\u00f3 napon.\u201d<br \/>\nJ\u00e9zus folytatta: \u201e\u00c9n vagyok a felt\u00e1mad\u00e1s \u00e9s az \u00e9let. Aki hisz bennem, m\u00e9g ha meg is hal, \u00e9lni fog. Mindaz, aki \u00e9l \u00e9s hisz \u00e9nbennem, az nem hal meg \u00f6r\u00f6kre. Hiszed ezt?\u201d M\u00e1rta ezt v\u00e1laszolta neki: \u201eIgen, Uram! Hiszem, hogy te vagy a Messi\u00e1s, az Isten Fia, aki a vil\u00e1gba j\u00f6n!\u201d<br \/>\nJ\u00e9zus a lelke m\u00e9ly\u00e9ig megrend\u00fclt \u00e9s megindult. Megk\u00e9rdezt: \u201eHova temett\u00e9tek?\u201d Azok \u00edgy sz\u00f3ltak: ,j\u00f6jj, Uram, \u00e9s l\u00e1sd!\u201d Ekkor J\u00e9zus k\u00f6nnyekre fakadt. Erre a zsid\u00f3k megjegyezt\u00e9k: \u201eN\u00e9zz\u00e9tek, mennyire szerette \u0151t!\u201d N\u00e9melyek azonban \u00edgy sz\u00f3ltak: \u201e\u0150, aki visszaadta a vak l\u00e1t\u00e1s\u00e1t, nem akad\u00e1lyozhatta volna meg, hogy meghaljon?\u201d<br \/>\nJ\u00e9zus pedig, m\u00e9g mindig m\u00e9lyen megrend\u00fclve a s\u00edrhoz ment, amely egy k\u0151vel elz\u00e1rt barlang volt. J\u00e9zus \u00edgy sz\u00f3lt: \u201eVegy\u00e9tek el a k\u00f6vet!\u201d M\u00e1rta, az elhunyt testv\u00e9re megjegyezte: \u201eUram, m\u00e1r szaga van, hiszen negyednapos.\u201d J\u00e9zus ezt v\u00e1laszolta neki: \u201eMondtam m\u00e1r neked, hogy ha hiszel, megl\u00e1tod Isten dics\u0151s\u00e9g\u00e9t!\u201d Elvett\u00e9k teh\u00e1t a k\u00f6vet. J\u00e9zus az \u00e9gre emelte szem\u00e9t, \u00e9s \u00edgy sz\u00f3lt: \u201eAty\u00e1m, h\u00e1l\u00e1t adok neked, hogy meghallgatt\u00e1l. \u00c9n ugyan tudom, hogy mindenkor meghallgatsz, csak a k\u00f6r\u00fcl\u00e1ll\u00f3 n\u00e9p miatt mondom, hogy higgy\u00e9k: te k\u00fcld\u00f6tt\u00e9l engem!\u201d<br \/>\nE szavak ut\u00e1n J\u00e9zus hangos sz\u00f3val ki\u00e1ltotta: \u201eL\u00e1z\u00e1r, j\u00f6jj ki!\u201d A halott azonnal kij\u00f6tt, kez\u00e9n \u00e9s l\u00e1b\u00e1n a r\u00e1tekert leplekkel, arc\u00e1n pedig a kend\u0151vel, amelyet fej\u00e9re csavartak. J\u00e9zus megparancsolta: \u201eOldj\u00e1tok f\u00f6l, hogy j\u00e1rni tudjon!\u201d<br \/>\nA zsid\u00f3k k\u00f6z\u00fcl, akik M\u00e1ri\u00e1hoz j\u00f6ttek, sokan hittek J\u00e9zusban, miut\u00e1n l\u00e1tt\u00e1k, amit cselekedett.<br \/>\nEzek az evang\u00e9lium ig\u00e9i.<\/p>\n<p><span style=\"color: #800080;\">EGYETEMES K\u00d6NY\u00d6RG\u00c9SEK<\/span><br \/>\nPap: Im\u00e1dkozzunk, testv\u00e9reim, a mi Urunk J\u00e9zus Krisztushoz, aki L\u00e1z\u00e1r felt\u00e1maszt\u00e1s\u00e1val megmutatta, hogy \u0151 a Felt\u00e1mad\u00e1s \u00e9s az \u00c9let!<br \/>\nLektor: 1. Hogy Egyh\u00e1zad szents\u00e9gei \u00e1ltal min\u00e9l t\u00f6bben \u00e9letre t\u00e1madjanak a lelki hal\u00e1lb\u00f3l!<br \/>\nH\u00edvek: K\u00e9r\u00fcnk T\u00e9ged, hallgass meg minket!<br \/>\n2. Hogy az \u00e9let szolg\u00e1lat\u00e1ban a n\u00e9pek \u00f6sszefogjanak a h\u00e1bor\u00fak, a j\u00e1rv\u00e1nyok \u00e9s az \u00e9h\u00edns\u00e9g lek\u00fczd\u00e9s\u00e9re!<br \/>\nH\u00edvek: K\u00e9r\u00fcnk T\u00e9ged, hallgass meg minket!<br \/>\n3. Hogy mindny\u00e1jan er\u0151t \u00e9s b\u00e1tor\u00edt\u00e1st nyerj\u00fcnk a felt\u00e1mad\u00e1s hit\u00e9b\u0151l!<br \/>\nH\u00edvek: K\u00e9r\u00fcnk T\u00e9ged, hallgass meg minket!<br \/>\n4. Hogy betegeink id\u0151ben r\u00e9szes\u00fcljenek J\u00e9zus vigasztal\u00e1s\u00e1ban \u00e9s szents\u00e9geinek kegyelm\u00e9ben!<br \/>\nH\u00edvek: K\u00e9r\u00fcnk T\u00e9ged, hallgass meg minket!<br \/>\n5. Hogy J\u00e9zus szavai er\u0151s\u00edtsenek meg benn\u00fcnket, amikor szeretteinket gy\u00e1szoljuk!<br \/>\nH\u00edvek: K\u00e9r\u00fcnk T\u00e9ged, hallgass meg minket!<br \/>\nPap: Mennyei Aty\u00e1nk! Te szent Fiadat az \u00e9let \u00e9s a hal\u00e1l Ur\u00e1v\u00e1 tetted. Seg\u00edts kegyelmeddel, hogy a lelki hal\u00e1lb\u00f3l mindig fel tudjunk t\u00e1madni, \u00e9s f\u00f6ldi \u00e9let\u00fcnk ut\u00e1n r\u00e9sz\u00fcnk legyen az \u00f6r\u00f6k \u00e9letben. Krisztus, a mi Urunk \u00e1ltal.<br \/>\nH\u00edvek: \u00c1men.<\/p>\n<p><span style=\"color: #800080;\">Felaj\u00e1nl\u00f3 k\u00f6ny\u00f6rg\u00e9s:<\/span><br \/>\nHallgass meg minket, mindenhat\u00f3 Isten\u00fcnk, \u00e9s add, hogy h\u00edveidet tiszt\u00edtsa meg ennek az \u00e1ldozatnak az ereje, miut\u00e1n a kereszt\u00e9ny hit tan\u00edt\u00e1s\u00e1ban r\u00e9szes\u00fcltek. Krisztus, a mi Urunk \u00e1ltal.<\/p>\n<p><span style=\"color: #800080;\">Pref\u00e1ci\u00f3:<\/span><br \/>\n<em>Ha az Evang\u00e9lium L\u00e1z\u00e1r felt\u00e1maszt\u00e1s\u00e1r\u00f3l sz\u00f3lt, a k\u00f6vetkez\u0151 saj\u00e1t pref\u00e1ci\u00f3t kell venni:<\/em><br \/>\nAz \u00dar legyen veletek.<br \/>\nH.: \u00c9s a te lelkeddel.<br \/>\nEmelj\u00fck f\u00f6l sz\u00edv\u00fcnket.<br \/>\nH.: F\u00f6lemelt\u00fck az \u00darhoz.<br \/>\nAdjunk h\u00e1l\u00e1t Urunknak, Isten\u00fcnknek,<br \/>\nH.: M\u00e9lt\u00f3 \u00e9s igazs\u00e1gos.<br \/>\n(Mert) Val\u00f3ban m\u00e9lt\u00f3 \u00e9s igazs\u00e1gos, ill\u0151 \u00e9s \u00fcdv\u00f6s, hogy mindig \u00e9s minden\u00fctt h\u00e1l\u00e1t adjunk n\u00e9ked, mi Urunk, szents\u00e9ges Aty\u00e1nk, mindenhat\u00f3 \u00f6r\u00f6k Isten: Krisztus, a mi Urunk \u00e1ltal.<br \/>\n(\u0150) Mint val\u00f3s\u00e1gos ember, megsiratta bar\u00e1tj\u00e1t, L\u00e1z\u00e1rt, \u2013 mint \u00f6r\u00f6k ISten felt\u00e1masztotta \u0151t a s\u00edrb\u00f3l. Az eg\u00e9sz emberis\u00e9get is megsz\u00e1nta \u2013 \u00e9s h\u00fasv\u00e9ti szents\u00e9gei \u00c1Ltal, \u00faj \u00e9letre t\u00e1masztott minket.<br \/>\nA te F\u00f6ls\u00e9gedet \u00e1ltala im\u00e1dj\u00e1k az angyalok, kik sz\u00fcnet n\u00e9lk\u00fcl \u00f6rvendeznek sz\u00edned el\u0151tt. Add, k\u00e9r\u00fcnk, hogy az \u0151 szavukkal a mi\u00e9nk is eljusson hozz\u00e1d, \u2013 mid\u0151n vel\u00fck EGY\u00fctt ujjongva mondjuk: (zengj\u00fck:)<\/p>\n<p><span style=\"color: #800080;\">\u00c1ldoz\u00e1si \u00e9nek:<\/span><br \/>\n<em>Ha a L\u00e1z\u00e1rr\u00f3l sz\u00f3l\u00f3 evang\u00e9liumot olvastuk:<\/em><br \/>\nAz, aki \u00fagy \u00e9l, hogy hisz bennem, nem hal meg \u00f6r\u00f6kre \u2013 mondja az \u00dar. (Jn 11,26)<\/p>\n<p><span style=\"color: #800080;\">\u00c1ldoz\u00e1s ut\u00e1ni k\u00f6ny\u00f6rg\u00e9s:<\/span><br \/>\nK\u00e9r\u00fcnk, mindenhat\u00f3 Isten\u00fcnk, add, hogy mindig \u00e9l\u0151 tagjai maradjunk szent Fiadnak, akinek test\u00e9t \u00e9s v\u00e9r\u00e9t magunkhoz vett\u00fck. Aki \u00e9l \u00e9s uralkodik mind\u00f6r\u00f6kk\u00f6n \u00f6r\u00f6kk\u00e9.<\/p>\n<p><em>(K\u00e9p forr\u00e1sa: pixabay.com)<\/em><\/p>\n","protected":false},"excerpt":{"rendered":"<p>A 42. zsolt\u00e1rban arra k\u00e9ri Istent a zsolt\u00e1rost, hogy szolg\u00e1ltasson neki igazs\u00e1got. Nem a maga igazs\u00e1g\u00e1t keresi, s ez az, amire fel kell figyeln\u00fcnk. Amennyiben a magam igaz\u00e1t keresem, elv\u00e1gom annak es\u00e9ly\u00e9t, hogy r\u00e1tal\u00e1ljak az igazs\u00e1gra.\u00a0 Az olvasm\u00e1nyban Ezekiel pr\u00f3f\u00e9ta a babiloni fogs\u00e1gban l\u00e9v\u0151ket vigasztalja. A rem\u00e9ny hangj\u00e1n sz\u00f3l\u00edtja meg \u0151ket. Haza fognak t\u00e9rni! Jelenleg olyanok, mint a lelki halottak. A nagyb\u00f6jt \u00e9ppen ezt jelenti sz\u00e1munkra: rem\u00e9nyt \u00e9s lehet\u0151s\u00e9get k\u00edn\u00e1l, hogy lelki hal\u00e1lunkb\u00f3l felt\u00e1madva, meg\u00fajuljon \u00e9let\u00fcnk. A v\u00e1laszos zsolt\u00e1r egy mondat\u00e1t hozom most ide: A m\u00e9lys\u00e9gb\u0151l ki\u00e1ltok, Uram, hozz\u00e1d! A m\u00e9lys\u00e9g, lelki\u00e9letem m\u00e9lys\u00e9g\u00e9ra vonatkozik. H\u00e1l\u00e1snak kell lennem, hogy \u00e9letem m\u00e9lys\u00e9geib\u0151l Isten seg\u00edts\u00e9g\u00e9vel talpra tudok \u00e1llni. Az evang\u00e9lium ismert t\u00f6rt\u00e9nettel aj\u00e1nd\u00e9koz meg. J\u00e9zus j\u00f3 bar\u00e1tj\u00e1nak, L\u00e1z\u00e1r felt\u00e1maszt\u00e1s\u00e1nak t\u00f6rt\u00e9net\u00e9t mindannyian j\u00f3l ismerj\u00fck. Mindaz, ami L\u00e1z\u00e1rral t\u00f6rt\u00e9nik, \u00fcdv\u00e9re szolg\u00e1l. \u00cdgy van ez a magam \u00e9let\u00e9ben is. Mindaz, ami velem t\u00f6rt\u00e9nik, \u00fcdv\u00f6ss\u00e9gemet szolg\u00e1lja. Kezd\u0151\u00e9nek: Szolg\u00e1ltass nekem igazs\u00e1got, Istenem, az istentelen n\u00e9ppel szemben v\u00e9dd \u00fcgyemet, ments meg a gonosz \u00e9s \u00e1lnok emberekt\u0151l, mert te vagy az \u00e9n megment\u0151 Istenem. (Zsolt 42,1-2) K\u00f6ny\u00f6rg\u00e9s: Urunk, Isten\u00fcnk, seg\u00edts minket, hogy \u00e9let\u00fcnkben az a f\u00e1radhatatlan szeretet vezessen, amellyel Krisztus szerette a vil\u00e1got, \u00e9s hal\u00e1lra adta \u00e9rt\u00fcnk \u00f6nmag\u00e1t. Aki veled \u00e9l \u00e9s uralkodik a Szentl\u00e9lekkel egys\u00e9gben, Isten mind\u00f6r\u00f6kk\u00f6n \u00f6r\u00f6kk\u00e9. OLVASM\u00c1NY Ezekiel pr\u00f3f\u00e9ta k\u00f6nyv\u00e9b\u0151l (Ez 37,12-14) Bel\u00e9tek oltom lelkemet \u00e9s \u00e9letre keltek. \u00cdgy sz\u00f3lt az \u00dar Ezekiel pr\u00f3f\u00e9t\u00e1hoz: \u201eJ\u00f6vend\u00f6lj \u00e9s \u00edgy besz\u00e9lj n\u00e9pemhez: Ezt mondja az \u00dar, az Isten: \u00bb\u00cdme, kinyitom s\u00edrjaitokat \u00e9s kihozlak titeket s\u00edrjaitokb\u00f3l, \u00e9n n\u00e9pem, \u00e9s elvezetlek Izrael f\u00f6ldj\u00e9re. Akkor majd megtudj\u00e1tok, hogy \u00e9n vagyok az \u00dar, amikor kinyitom s\u00edrjaitokat \u00e9s kihozlak benneteket s\u00edrjaitokb\u00f3l, \u00e9n n\u00e9pem. Bel\u00e9tek oltom lelkemet \u00e9s \u00e9letre keltek. Letelep\u00edtelek titeket f\u00f6ldeteken, \u00e9s megtudj\u00e1tok, hogy \u00e9n, az \u00dar mondtam ezt, \u00e9s v\u00e9gbe is vittem\u00ab\u201d \u2013 mondja az \u00dar. Ez az Isten ig\u00e9je. V\u00c1LASZOS ZSOLT\u00c1R (Zsolt 129,1-2.3-4ab.4c-6.7-89) V\u00e1lasz:\u00a0Az \u00darn\u00e1l az irgalom, * \u00e9s b\u0151s\u00e9ges a megv\u00e1lt\u00e1s&#8230; <\/p>\n<p><a class=\"readmore\" href=\"https:\/\/stuttgarti-katolikusok.de\/index.php\/nagybojt-5-vasarnapja-3\/\">R\u00e9szletek<\/a><\/p>\n","protected":false},"author":3,"featured_media":26527,"comment_status":"closed","ping_status":"closed","sticky":false,"template":"","format":"standard","meta":{"footnotes":""},"categories":[63],"tags":[],"class_list":["post-26526","post","type-post","status-publish","format-standard","has-post-thumbnail","hentry","category-vasarnapi-gondolatok"],"yoast_head":"<!-- This site is optimized with the Yoast SEO plugin v27.3 - https:\/\/yoast.com\/product\/yoast-seo-wordpress\/ -->\n<title>Nagyb\u00f6jt 5. vas\u00e1rnapja - Stuttgarti Katolikusok<\/title>\n<meta name=\"robots\" content=\"index, follow, max-snippet:-1, max-image-preview:large, max-video-preview:-1\" \/>\n<link rel=\"canonical\" href=\"https:\/\/stuttgarti-katolikusok.de\/index.php\/nagybojt-5-vasarnapja-3\/\" \/>\n<meta property=\"og:locale\" content=\"hu_HU\" \/>\n<meta property=\"og:type\" content=\"article\" \/>\n<meta property=\"og:title\" content=\"Nagyb\u00f6jt 5. vas\u00e1rnapja - Stuttgarti Katolikusok\" \/>\n<meta property=\"og:description\" content=\"A 42. zsolt\u00e1rban arra k\u00e9ri Istent a zsolt\u00e1rost, hogy szolg\u00e1ltasson neki igazs\u00e1got. Nem a maga igazs\u00e1g\u00e1t keresi, s ez az, amire fel kell figyeln\u00fcnk. Amennyiben a magam igaz\u00e1t keresem, elv\u00e1gom annak es\u00e9ly\u00e9t, hogy r\u00e1tal\u00e1ljak az igazs\u00e1gra.\u00a0 Az olvasm\u00e1nyban Ezekiel pr\u00f3f\u00e9ta a babiloni fogs\u00e1gban l\u00e9v\u0151ket vigasztalja. A rem\u00e9ny hangj\u00e1n sz\u00f3l\u00edtja meg \u0151ket. Haza fognak t\u00e9rni! Jelenleg olyanok, mint a lelki halottak. A nagyb\u00f6jt \u00e9ppen ezt jelenti sz\u00e1munkra: rem\u00e9nyt \u00e9s lehet\u0151s\u00e9get k\u00edn\u00e1l, hogy lelki hal\u00e1lunkb\u00f3l felt\u00e1madva, meg\u00fajuljon \u00e9let\u00fcnk. A v\u00e1laszos zsolt\u00e1r egy mondat\u00e1t hozom most ide: A m\u00e9lys\u00e9gb\u0151l ki\u00e1ltok, Uram, hozz\u00e1d! A m\u00e9lys\u00e9g, lelki\u00e9letem m\u00e9lys\u00e9g\u00e9ra vonatkozik. H\u00e1l\u00e1snak kell lennem, hogy \u00e9letem m\u00e9lys\u00e9geib\u0151l Isten seg\u00edts\u00e9g\u00e9vel talpra tudok \u00e1llni. Az evang\u00e9lium ismert t\u00f6rt\u00e9nettel aj\u00e1nd\u00e9koz meg. J\u00e9zus j\u00f3 bar\u00e1tj\u00e1nak, L\u00e1z\u00e1r felt\u00e1maszt\u00e1s\u00e1nak t\u00f6rt\u00e9net\u00e9t mindannyian j\u00f3l ismerj\u00fck. Mindaz, ami L\u00e1z\u00e1rral t\u00f6rt\u00e9nik, \u00fcdv\u00e9re szolg\u00e1l. \u00cdgy van ez a magam \u00e9let\u00e9ben is. Mindaz, ami velem t\u00f6rt\u00e9nik, \u00fcdv\u00f6ss\u00e9gemet szolg\u00e1lja. Kezd\u0151\u00e9nek: Szolg\u00e1ltass nekem igazs\u00e1got, Istenem, az istentelen n\u00e9ppel szemben v\u00e9dd \u00fcgyemet, ments meg a gonosz \u00e9s \u00e1lnok emberekt\u0151l, mert te vagy az \u00e9n megment\u0151 Istenem. (Zsolt 42,1-2) K\u00f6ny\u00f6rg\u00e9s: Urunk, Isten\u00fcnk, seg\u00edts minket, hogy \u00e9let\u00fcnkben az a f\u00e1radhatatlan szeretet vezessen, amellyel Krisztus szerette a vil\u00e1got, \u00e9s hal\u00e1lra adta \u00e9rt\u00fcnk \u00f6nmag\u00e1t. Aki veled \u00e9l \u00e9s uralkodik a Szentl\u00e9lekkel egys\u00e9gben, Isten mind\u00f6r\u00f6kk\u00f6n \u00f6r\u00f6kk\u00e9. OLVASM\u00c1NY Ezekiel pr\u00f3f\u00e9ta k\u00f6nyv\u00e9b\u0151l (Ez 37,12-14) Bel\u00e9tek oltom lelkemet \u00e9s \u00e9letre keltek. \u00cdgy sz\u00f3lt az \u00dar Ezekiel pr\u00f3f\u00e9t\u00e1hoz: \u201eJ\u00f6vend\u00f6lj \u00e9s \u00edgy besz\u00e9lj n\u00e9pemhez: Ezt mondja az \u00dar, az Isten: \u00bb\u00cdme, kinyitom s\u00edrjaitokat \u00e9s kihozlak titeket s\u00edrjaitokb\u00f3l, \u00e9n n\u00e9pem, \u00e9s elvezetlek Izrael f\u00f6ldj\u00e9re. Akkor majd megtudj\u00e1tok, hogy \u00e9n vagyok az \u00dar, amikor kinyitom s\u00edrjaitokat \u00e9s kihozlak benneteket s\u00edrjaitokb\u00f3l, \u00e9n n\u00e9pem. Bel\u00e9tek oltom lelkemet \u00e9s \u00e9letre keltek. Letelep\u00edtelek titeket f\u00f6ldeteken, \u00e9s megtudj\u00e1tok, hogy \u00e9n, az \u00dar mondtam ezt, \u00e9s v\u00e9gbe is vittem\u00ab\u201d \u2013 mondja az \u00dar. Ez az Isten ig\u00e9je. V\u00c1LASZOS ZSOLT\u00c1R (Zsolt 129,1-2.3-4ab.4c-6.7-89) V\u00e1lasz:\u00a0Az \u00darn\u00e1l az irgalom, * \u00e9s b\u0151s\u00e9ges a megv\u00e1lt\u00e1s... R\u00e9szletek\" \/>\n<meta property=\"og:url\" content=\"https:\/\/stuttgarti-katolikusok.de\/index.php\/nagybojt-5-vasarnapja-3\/\" \/>\n<meta property=\"og:site_name\" content=\"Stuttgarti Katolikusok\" \/>\n<meta property=\"article:published_time\" content=\"2026-03-21T22:20:19+00:00\" \/>\n<meta property=\"article:modified_time\" content=\"2026-03-23T20:56:05+00:00\" \/>\n<meta property=\"og:image\" content=\"https:\/\/stuttgarti-katolikusok.de\/wp-content\/uploads\/2023\/03\/the-raising-of-lazarus-2069644-1280.jpg\" \/>\n\t<meta property=\"og:image:width\" content=\"942\" \/>\n\t<meta property=\"og:image:height\" content=\"1280\" \/>\n\t<meta property=\"og:image:type\" content=\"image\/jpeg\" \/>\n<meta name=\"author\" content=\"Tibor atya\" \/>\n<meta name=\"twitter:card\" content=\"summary_large_image\" \/>\n<meta name=\"twitter:label1\" content=\"Szerz\u0151:\" \/>\n\t<meta name=\"twitter:data1\" content=\"Tibor atya\" \/>\n\t<meta name=\"twitter:label2\" content=\"Becs\u00fclt olvas\u00e1si id\u0151\" \/>\n\t<meta name=\"twitter:data2\" content=\"11 perc\" \/>\n<script type=\"application\/ld+json\" class=\"yoast-schema-graph\">{\"@context\":\"https:\\\/\\\/schema.org\",\"@graph\":[{\"@type\":\"Article\",\"@id\":\"https:\\\/\\\/stuttgarti-katolikusok.de\\\/index.php\\\/nagybojt-5-vasarnapja-3\\\/#article\",\"isPartOf\":{\"@id\":\"https:\\\/\\\/stuttgarti-katolikusok.de\\\/index.php\\\/nagybojt-5-vasarnapja-3\\\/\"},\"author\":{\"name\":\"Tibor atya\",\"@id\":\"https:\\\/\\\/stuttgarti-katolikusok.de\\\/#\\\/schema\\\/person\\\/75908d6f8fdc03a57889d27209df7795\"},\"headline\":\"Nagyb\u00f6jt 5. vas\u00e1rnapja\",\"datePublished\":\"2026-03-21T22:20:19+00:00\",\"dateModified\":\"2026-03-23T20:56:05+00:00\",\"mainEntityOfPage\":{\"@id\":\"https:\\\/\\\/stuttgarti-katolikusok.de\\\/index.php\\\/nagybojt-5-vasarnapja-3\\\/\"},\"wordCount\":2866,\"image\":{\"@id\":\"https:\\\/\\\/stuttgarti-katolikusok.de\\\/index.php\\\/nagybojt-5-vasarnapja-3\\\/#primaryimage\"},\"thumbnailUrl\":\"https:\\\/\\\/stuttgarti-katolikusok.de\\\/wp-content\\\/uploads\\\/2023\\\/03\\\/the-raising-of-lazarus-2069644-1280.jpg\",\"articleSection\":[\"Vas\u00e1rnapi gondolatok\"],\"inLanguage\":\"hu\"},{\"@type\":\"WebPage\",\"@id\":\"https:\\\/\\\/stuttgarti-katolikusok.de\\\/index.php\\\/nagybojt-5-vasarnapja-3\\\/\",\"url\":\"https:\\\/\\\/stuttgarti-katolikusok.de\\\/index.php\\\/nagybojt-5-vasarnapja-3\\\/\",\"name\":\"Nagyb\u00f6jt 5. vas\u00e1rnapja - Stuttgarti Katolikusok\",\"isPartOf\":{\"@id\":\"https:\\\/\\\/stuttgarti-katolikusok.de\\\/#website\"},\"primaryImageOfPage\":{\"@id\":\"https:\\\/\\\/stuttgarti-katolikusok.de\\\/index.php\\\/nagybojt-5-vasarnapja-3\\\/#primaryimage\"},\"image\":{\"@id\":\"https:\\\/\\\/stuttgarti-katolikusok.de\\\/index.php\\\/nagybojt-5-vasarnapja-3\\\/#primaryimage\"},\"thumbnailUrl\":\"https:\\\/\\\/stuttgarti-katolikusok.de\\\/wp-content\\\/uploads\\\/2023\\\/03\\\/the-raising-of-lazarus-2069644-1280.jpg\",\"datePublished\":\"2026-03-21T22:20:19+00:00\",\"dateModified\":\"2026-03-23T20:56:05+00:00\",\"author\":{\"@id\":\"https:\\\/\\\/stuttgarti-katolikusok.de\\\/#\\\/schema\\\/person\\\/75908d6f8fdc03a57889d27209df7795\"},\"breadcrumb\":{\"@id\":\"https:\\\/\\\/stuttgarti-katolikusok.de\\\/index.php\\\/nagybojt-5-vasarnapja-3\\\/#breadcrumb\"},\"inLanguage\":\"hu\",\"potentialAction\":[{\"@type\":\"ReadAction\",\"target\":[\"https:\\\/\\\/stuttgarti-katolikusok.de\\\/index.php\\\/nagybojt-5-vasarnapja-3\\\/\"]}]},{\"@type\":\"ImageObject\",\"inLanguage\":\"hu\",\"@id\":\"https:\\\/\\\/stuttgarti-katolikusok.de\\\/index.php\\\/nagybojt-5-vasarnapja-3\\\/#primaryimage\",\"url\":\"https:\\\/\\\/stuttgarti-katolikusok.de\\\/wp-content\\\/uploads\\\/2023\\\/03\\\/the-raising-of-lazarus-2069644-1280.jpg\",\"contentUrl\":\"https:\\\/\\\/stuttgarti-katolikusok.de\\\/wp-content\\\/uploads\\\/2023\\\/03\\\/the-raising-of-lazarus-2069644-1280.jpg\",\"width\":942,\"height\":1280},{\"@type\":\"BreadcrumbList\",\"@id\":\"https:\\\/\\\/stuttgarti-katolikusok.de\\\/index.php\\\/nagybojt-5-vasarnapja-3\\\/#breadcrumb\",\"itemListElement\":[{\"@type\":\"ListItem\",\"position\":1,\"name\":\"Kezd\u0151lap\",\"item\":\"https:\\\/\\\/stuttgarti-katolikusok.de\\\/\"},{\"@type\":\"ListItem\",\"position\":2,\"name\":\"Nagyb\u00f6jt 5. vas\u00e1rnapja\"}]},{\"@type\":\"WebSite\",\"@id\":\"https:\\\/\\\/stuttgarti-katolikusok.de\\\/#website\",\"url\":\"https:\\\/\\\/stuttgarti-katolikusok.de\\\/\",\"name\":\"Stuttgarti Katolikusok\",\"description\":\"\",\"potentialAction\":[{\"@type\":\"SearchAction\",\"target\":{\"@type\":\"EntryPoint\",\"urlTemplate\":\"https:\\\/\\\/stuttgarti-katolikusok.de\\\/?s={search_term_string}\"},\"query-input\":{\"@type\":\"PropertyValueSpecification\",\"valueRequired\":true,\"valueName\":\"search_term_string\"}}],\"inLanguage\":\"hu\"},{\"@type\":\"Person\",\"@id\":\"https:\\\/\\\/stuttgarti-katolikusok.de\\\/#\\\/schema\\\/person\\\/75908d6f8fdc03a57889d27209df7795\",\"name\":\"Tibor atya\",\"image\":{\"@type\":\"ImageObject\",\"inLanguage\":\"hu\",\"@id\":\"https:\\\/\\\/secure.gravatar.com\\\/avatar\\\/61d268e57d1f4525b111222e29d2d5a7f8c420fdbf231ba5566a8ceac74fa960?s=96&d=mm&r=g\",\"url\":\"https:\\\/\\\/secure.gravatar.com\\\/avatar\\\/61d268e57d1f4525b111222e29d2d5a7f8c420fdbf231ba5566a8ceac74fa960?s=96&d=mm&r=g\",\"contentUrl\":\"https:\\\/\\\/secure.gravatar.com\\\/avatar\\\/61d268e57d1f4525b111222e29d2d5a7f8c420fdbf231ba5566a8ceac74fa960?s=96&d=mm&r=g\",\"caption\":\"Tibor atya\"},\"url\":\"https:\\\/\\\/stuttgarti-katolikusok.de\\\/index.php\\\/author\\\/tibor-atya\\\/\"}]}<\/script>\n<!-- \/ Yoast SEO plugin. -->","yoast_head_json":{"title":"Nagyb\u00f6jt 5. vas\u00e1rnapja - Stuttgarti Katolikusok","robots":{"index":"index","follow":"follow","max-snippet":"max-snippet:-1","max-image-preview":"max-image-preview:large","max-video-preview":"max-video-preview:-1"},"canonical":"https:\/\/stuttgarti-katolikusok.de\/index.php\/nagybojt-5-vasarnapja-3\/","og_locale":"hu_HU","og_type":"article","og_title":"Nagyb\u00f6jt 5. vas\u00e1rnapja - Stuttgarti Katolikusok","og_description":"A 42. zsolt\u00e1rban arra k\u00e9ri Istent a zsolt\u00e1rost, hogy szolg\u00e1ltasson neki igazs\u00e1got. Nem a maga igazs\u00e1g\u00e1t keresi, s ez az, amire fel kell figyeln\u00fcnk. Amennyiben a magam igaz\u00e1t keresem, elv\u00e1gom annak es\u00e9ly\u00e9t, hogy r\u00e1tal\u00e1ljak az igazs\u00e1gra.\u00a0 Az olvasm\u00e1nyban Ezekiel pr\u00f3f\u00e9ta a babiloni fogs\u00e1gban l\u00e9v\u0151ket vigasztalja. A rem\u00e9ny hangj\u00e1n sz\u00f3l\u00edtja meg \u0151ket. Haza fognak t\u00e9rni! Jelenleg olyanok, mint a lelki halottak. A nagyb\u00f6jt \u00e9ppen ezt jelenti sz\u00e1munkra: rem\u00e9nyt \u00e9s lehet\u0151s\u00e9get k\u00edn\u00e1l, hogy lelki hal\u00e1lunkb\u00f3l felt\u00e1madva, meg\u00fajuljon \u00e9let\u00fcnk. A v\u00e1laszos zsolt\u00e1r egy mondat\u00e1t hozom most ide: A m\u00e9lys\u00e9gb\u0151l ki\u00e1ltok, Uram, hozz\u00e1d! A m\u00e9lys\u00e9g, lelki\u00e9letem m\u00e9lys\u00e9g\u00e9ra vonatkozik. H\u00e1l\u00e1snak kell lennem, hogy \u00e9letem m\u00e9lys\u00e9geib\u0151l Isten seg\u00edts\u00e9g\u00e9vel talpra tudok \u00e1llni. Az evang\u00e9lium ismert t\u00f6rt\u00e9nettel aj\u00e1nd\u00e9koz meg. J\u00e9zus j\u00f3 bar\u00e1tj\u00e1nak, L\u00e1z\u00e1r felt\u00e1maszt\u00e1s\u00e1nak t\u00f6rt\u00e9net\u00e9t mindannyian j\u00f3l ismerj\u00fck. Mindaz, ami L\u00e1z\u00e1rral t\u00f6rt\u00e9nik, \u00fcdv\u00e9re szolg\u00e1l. \u00cdgy van ez a magam \u00e9let\u00e9ben is. Mindaz, ami velem t\u00f6rt\u00e9nik, \u00fcdv\u00f6ss\u00e9gemet szolg\u00e1lja. Kezd\u0151\u00e9nek: Szolg\u00e1ltass nekem igazs\u00e1got, Istenem, az istentelen n\u00e9ppel szemben v\u00e9dd \u00fcgyemet, ments meg a gonosz \u00e9s \u00e1lnok emberekt\u0151l, mert te vagy az \u00e9n megment\u0151 Istenem. (Zsolt 42,1-2) K\u00f6ny\u00f6rg\u00e9s: Urunk, Isten\u00fcnk, seg\u00edts minket, hogy \u00e9let\u00fcnkben az a f\u00e1radhatatlan szeretet vezessen, amellyel Krisztus szerette a vil\u00e1got, \u00e9s hal\u00e1lra adta \u00e9rt\u00fcnk \u00f6nmag\u00e1t. Aki veled \u00e9l \u00e9s uralkodik a Szentl\u00e9lekkel egys\u00e9gben, Isten mind\u00f6r\u00f6kk\u00f6n \u00f6r\u00f6kk\u00e9. OLVASM\u00c1NY Ezekiel pr\u00f3f\u00e9ta k\u00f6nyv\u00e9b\u0151l (Ez 37,12-14) Bel\u00e9tek oltom lelkemet \u00e9s \u00e9letre keltek. \u00cdgy sz\u00f3lt az \u00dar Ezekiel pr\u00f3f\u00e9t\u00e1hoz: \u201eJ\u00f6vend\u00f6lj \u00e9s \u00edgy besz\u00e9lj n\u00e9pemhez: Ezt mondja az \u00dar, az Isten: \u00bb\u00cdme, kinyitom s\u00edrjaitokat \u00e9s kihozlak titeket s\u00edrjaitokb\u00f3l, \u00e9n n\u00e9pem, \u00e9s elvezetlek Izrael f\u00f6ldj\u00e9re. Akkor majd megtudj\u00e1tok, hogy \u00e9n vagyok az \u00dar, amikor kinyitom s\u00edrjaitokat \u00e9s kihozlak benneteket s\u00edrjaitokb\u00f3l, \u00e9n n\u00e9pem. Bel\u00e9tek oltom lelkemet \u00e9s \u00e9letre keltek. Letelep\u00edtelek titeket f\u00f6ldeteken, \u00e9s megtudj\u00e1tok, hogy \u00e9n, az \u00dar mondtam ezt, \u00e9s v\u00e9gbe is vittem\u00ab\u201d \u2013 mondja az \u00dar. Ez az Isten ig\u00e9je. V\u00c1LASZOS ZSOLT\u00c1R (Zsolt 129,1-2.3-4ab.4c-6.7-89) V\u00e1lasz:\u00a0Az \u00darn\u00e1l az irgalom, * \u00e9s b\u0151s\u00e9ges a megv\u00e1lt\u00e1s... R\u00e9szletek","og_url":"https:\/\/stuttgarti-katolikusok.de\/index.php\/nagybojt-5-vasarnapja-3\/","og_site_name":"Stuttgarti Katolikusok","article_published_time":"2026-03-21T22:20:19+00:00","article_modified_time":"2026-03-23T20:56:05+00:00","og_image":[{"width":942,"height":1280,"url":"https:\/\/stuttgarti-katolikusok.de\/wp-content\/uploads\/2023\/03\/the-raising-of-lazarus-2069644-1280.jpg","type":"image\/jpeg"}],"author":"Tibor atya","twitter_card":"summary_large_image","twitter_misc":{"Szerz\u0151:":"Tibor atya","Becs\u00fclt olvas\u00e1si id\u0151":"11 perc"},"schema":{"@context":"https:\/\/schema.org","@graph":[{"@type":"Article","@id":"https:\/\/stuttgarti-katolikusok.de\/index.php\/nagybojt-5-vasarnapja-3\/#article","isPartOf":{"@id":"https:\/\/stuttgarti-katolikusok.de\/index.php\/nagybojt-5-vasarnapja-3\/"},"author":{"name":"Tibor atya","@id":"https:\/\/stuttgarti-katolikusok.de\/#\/schema\/person\/75908d6f8fdc03a57889d27209df7795"},"headline":"Nagyb\u00f6jt 5. vas\u00e1rnapja","datePublished":"2026-03-21T22:20:19+00:00","dateModified":"2026-03-23T20:56:05+00:00","mainEntityOfPage":{"@id":"https:\/\/stuttgarti-katolikusok.de\/index.php\/nagybojt-5-vasarnapja-3\/"},"wordCount":2866,"image":{"@id":"https:\/\/stuttgarti-katolikusok.de\/index.php\/nagybojt-5-vasarnapja-3\/#primaryimage"},"thumbnailUrl":"https:\/\/stuttgarti-katolikusok.de\/wp-content\/uploads\/2023\/03\/the-raising-of-lazarus-2069644-1280.jpg","articleSection":["Vas\u00e1rnapi gondolatok"],"inLanguage":"hu"},{"@type":"WebPage","@id":"https:\/\/stuttgarti-katolikusok.de\/index.php\/nagybojt-5-vasarnapja-3\/","url":"https:\/\/stuttgarti-katolikusok.de\/index.php\/nagybojt-5-vasarnapja-3\/","name":"Nagyb\u00f6jt 5. vas\u00e1rnapja - Stuttgarti Katolikusok","isPartOf":{"@id":"https:\/\/stuttgarti-katolikusok.de\/#website"},"primaryImageOfPage":{"@id":"https:\/\/stuttgarti-katolikusok.de\/index.php\/nagybojt-5-vasarnapja-3\/#primaryimage"},"image":{"@id":"https:\/\/stuttgarti-katolikusok.de\/index.php\/nagybojt-5-vasarnapja-3\/#primaryimage"},"thumbnailUrl":"https:\/\/stuttgarti-katolikusok.de\/wp-content\/uploads\/2023\/03\/the-raising-of-lazarus-2069644-1280.jpg","datePublished":"2026-03-21T22:20:19+00:00","dateModified":"2026-03-23T20:56:05+00:00","author":{"@id":"https:\/\/stuttgarti-katolikusok.de\/#\/schema\/person\/75908d6f8fdc03a57889d27209df7795"},"breadcrumb":{"@id":"https:\/\/stuttgarti-katolikusok.de\/index.php\/nagybojt-5-vasarnapja-3\/#breadcrumb"},"inLanguage":"hu","potentialAction":[{"@type":"ReadAction","target":["https:\/\/stuttgarti-katolikusok.de\/index.php\/nagybojt-5-vasarnapja-3\/"]}]},{"@type":"ImageObject","inLanguage":"hu","@id":"https:\/\/stuttgarti-katolikusok.de\/index.php\/nagybojt-5-vasarnapja-3\/#primaryimage","url":"https:\/\/stuttgarti-katolikusok.de\/wp-content\/uploads\/2023\/03\/the-raising-of-lazarus-2069644-1280.jpg","contentUrl":"https:\/\/stuttgarti-katolikusok.de\/wp-content\/uploads\/2023\/03\/the-raising-of-lazarus-2069644-1280.jpg","width":942,"height":1280},{"@type":"BreadcrumbList","@id":"https:\/\/stuttgarti-katolikusok.de\/index.php\/nagybojt-5-vasarnapja-3\/#breadcrumb","itemListElement":[{"@type":"ListItem","position":1,"name":"Kezd\u0151lap","item":"https:\/\/stuttgarti-katolikusok.de\/"},{"@type":"ListItem","position":2,"name":"Nagyb\u00f6jt 5. vas\u00e1rnapja"}]},{"@type":"WebSite","@id":"https:\/\/stuttgarti-katolikusok.de\/#website","url":"https:\/\/stuttgarti-katolikusok.de\/","name":"Stuttgarti Katolikusok","description":"","potentialAction":[{"@type":"SearchAction","target":{"@type":"EntryPoint","urlTemplate":"https:\/\/stuttgarti-katolikusok.de\/?s={search_term_string}"},"query-input":{"@type":"PropertyValueSpecification","valueRequired":true,"valueName":"search_term_string"}}],"inLanguage":"hu"},{"@type":"Person","@id":"https:\/\/stuttgarti-katolikusok.de\/#\/schema\/person\/75908d6f8fdc03a57889d27209df7795","name":"Tibor atya","image":{"@type":"ImageObject","inLanguage":"hu","@id":"https:\/\/secure.gravatar.com\/avatar\/61d268e57d1f4525b111222e29d2d5a7f8c420fdbf231ba5566a8ceac74fa960?s=96&d=mm&r=g","url":"https:\/\/secure.gravatar.com\/avatar\/61d268e57d1f4525b111222e29d2d5a7f8c420fdbf231ba5566a8ceac74fa960?s=96&d=mm&r=g","contentUrl":"https:\/\/secure.gravatar.com\/avatar\/61d268e57d1f4525b111222e29d2d5a7f8c420fdbf231ba5566a8ceac74fa960?s=96&d=mm&r=g","caption":"Tibor atya"},"url":"https:\/\/stuttgarti-katolikusok.de\/index.php\/author\/tibor-atya\/"}]}},"_links":{"self":[{"href":"https:\/\/stuttgarti-katolikusok.de\/index.php\/wp-json\/wp\/v2\/posts\/26526","targetHints":{"allow":["GET"]}}],"collection":[{"href":"https:\/\/stuttgarti-katolikusok.de\/index.php\/wp-json\/wp\/v2\/posts"}],"about":[{"href":"https:\/\/stuttgarti-katolikusok.de\/index.php\/wp-json\/wp\/v2\/types\/post"}],"author":[{"embeddable":true,"href":"https:\/\/stuttgarti-katolikusok.de\/index.php\/wp-json\/wp\/v2\/users\/3"}],"replies":[{"embeddable":true,"href":"https:\/\/stuttgarti-katolikusok.de\/index.php\/wp-json\/wp\/v2\/comments?post=26526"}],"version-history":[{"count":4,"href":"https:\/\/stuttgarti-katolikusok.de\/index.php\/wp-json\/wp\/v2\/posts\/26526\/revisions"}],"predecessor-version":[{"id":32863,"href":"https:\/\/stuttgarti-katolikusok.de\/index.php\/wp-json\/wp\/v2\/posts\/26526\/revisions\/32863"}],"wp:featuredmedia":[{"embeddable":true,"href":"https:\/\/stuttgarti-katolikusok.de\/index.php\/wp-json\/wp\/v2\/media\/26527"}],"wp:attachment":[{"href":"https:\/\/stuttgarti-katolikusok.de\/index.php\/wp-json\/wp\/v2\/media?parent=26526"}],"wp:term":[{"taxonomy":"category","embeddable":true,"href":"https:\/\/stuttgarti-katolikusok.de\/index.php\/wp-json\/wp\/v2\/categories?post=26526"},{"taxonomy":"post_tag","embeddable":true,"href":"https:\/\/stuttgarti-katolikusok.de\/index.php\/wp-json\/wp\/v2\/tags?post=26526"}],"curies":[{"name":"wp","href":"https:\/\/api.w.org\/{rel}","templated":true}]}}