{"id":26507,"date":"2026-03-14T19:14:25","date_gmt":"2026-03-14T18:14:25","guid":{"rendered":"https:\/\/stuttgarti-katolikusok.de\/?p=26507"},"modified":"2026-03-14T23:56:25","modified_gmt":"2026-03-14T22:56:25","slug":"nagybojt-4-vasarnapja-2","status":"publish","type":"post","link":"https:\/\/stuttgarti-katolikusok.de\/index.php\/nagybojt-4-vasarnapja-2\/","title":{"rendered":"Nagyb\u00f6jt 4. vas\u00e1rnapja &#8211; Laetare vas\u00e1rnap"},"content":{"rendered":"<p><span style=\"color: #e34faa;\">A kezd\u0151\u00e9nek kezd\u0151 szava alapj\u00e1n a mostani nagyb\u00f6jti vas\u00e1rnapot &#8222;Laetare vas\u00e1rnap&#8221;-nak, azaz &#8222;\u00d6r\u00f6m vas\u00e1rnap&#8221;-nak&#8221; nevezz\u00fck. Az \u00f6r\u00f6m emberi \u00e9let\u00fcnk egyik legnagyobb kincse \u00e9s aj\u00e1nd\u00e9ka is egyben. \u00d6r\u00f6mben \u00e9s \u00f6r\u00f6mmel \u00e9lni! \u00c9rdemes belegondolnom, hogy mekkora nagy aj\u00e1nd\u00e9k sz\u00e1momra az, hogy \u00e9lek. Amennyiben \u00f6r\u00f6mben \u00e9s \u00f6r\u00f6mmel \u00e9lek, k\u00e9pes vagyok m\u00e1sok sz\u00edv\u00e9ben is feler\u0151s\u00edteni az \u00f6r\u00f6m csod\u00e1latos \u00e9rz\u00e9s\u00e9t. Nyom\u00e1ban pedig megjelenik a maga term\u00e9szetess\u00e9g\u00e9ben a h\u00e1la \u00e9s a k\u00f6sz\u00f6net \u00e9rz\u00e9se is egyben. Vegyem csak \u00e9szre \u00e9letem megannyi apr\u00f3 \u00f6r\u00f6m\u00e9t. <\/span><\/p>\n<p><span style=\"color: #e34faa;\">Nagyb\u00f6jt folyam\u00e1n a kereszt\u00e9ny \u00f6r\u00f6m egyben el\u0151v\u00e9telez\u00e9se a h\u00fasv\u00e9ti \u00f6r\u00f6mnek. Ne feledjem, csak a tiszta sz\u00edv\u0171 ember tud igaz\u00e1n \u00f6rvendezni. Ez\u00e9rt s\u00fcrgeti Egyh\u00e1zunk a b\u0171nb\u00e1natot, a megt\u00e9r\u00e9st, a lelki megtisztul\u00e1st. Izaj\u00e1s pr\u00f3f\u00e9ta \u00f6r\u00f6mre sz\u00f3l\u00edt\u00f3 felh\u00edv\u00e1sa \u00e9ppen akkor \u00e9s ott hangzik el, amikor aligha volt oka a v\u00e1lasztott n\u00e9pnek \u00f6rvendezni. A pr\u00f3f\u00e9ta egy m\u00e1sik gy\u00f6ny\u00f6r\u0171 k\u00e9pet is alkalmaz: a gyermek, aki megnyugszik anyja kebel\u00e9n. A mai nap egy fiatal p\u00e1rt l\u00e1togattam meg B\u00f6blingenben. Kisl\u00e1nyuk keresztel\u0151j\u00e9re k\u00e9sz\u00fcl\u00fcnk. Az \u00e9desanyja karjaiban, fej\u00e9t annak kebel\u00e9re hajtva, boldogan pihent. \u00d6r\u00f6m, boldogs\u00e1g, biztons\u00e1g! Nemde \u00e9n magam is erre v\u00e1gy\u00f3dom? <\/span><\/p>\n<p><span style=\"color: #e34faa;\">Megkap\u00f3 sz\u00e1momra a szentmise k\u00f6ny\u00f6rg\u00e9s\u00e9nek els\u0151 mondata is: &#8222;&#8230;te szent Fiad \u00e1ltal magadhoz b\u00e9k\u00edtetted az emberis\u00e9get.&#8221; Ady Endre \u00e9ppen ezt a v\u00e1gyat \u00e9s a benne megh\u00faz\u00f3d\u00f3 \u00f6r\u00f6mteli \u00e9rz\u00e9st fogalmazza meg az &#8222;Im\u00e1ds\u00e1g h\u00e1bor\u00fa ut\u00e1n&#8221; c\u00edm\u0171 vers\u00e9ben: <\/span><\/p>\n<p><span style=\"color: #e34faa;\">Uram, h\u00e1bor\u00fab\u00f3l j\u00f6v\u00f6k \u00e9n,<br \/>\nMindennek v\u00e9ge, v\u00e9ge:<br \/>\nB\u00e9k\u00edts ki Magaddal s magammal,<br \/>\nHiszen Te vagy a B\u00e9ke. <\/span><\/p>\n<p><span style=\"color: #e34faa;\">&#8230;<\/span><\/p>\n<p><span style=\"color: #e34faa;\">Uram, l\u00e1ss meg Te is engemet,<br \/>\nMindennek v\u00e9ge, v\u00e9ge.<br \/>\nB\u00e9k\u00edts ki Magaddal s magammal,<br \/>\nHiszen Te vagy a B\u00e9ke. <\/span><\/p>\n<p><span style=\"color: #e34faa;\">Megb\u00e9k\u00e9l\u00e9s Istennel \u00e9s \u00f6nmagammal &#8211; igazi nagyb\u00f6jti feladat. Ennek felt\u00e9tele pedig, hogy felhagyok minden harccal. Nem akarom a magam erej\u00e9t \u00e9rtelmetlen \u00e9s sehov\u00e1 sem vezet\u0151 harcokban elpazarolni. Helyette a megb\u00e9k\u00e9l\u00e9s, kib\u00e9k\u00fcl\u00e9s, elenged\u00e9s \u00fatj\u00e1ra akarok l\u00e9pni. Csakis ez vezethet el a sz\u00edv b\u00e9k\u00e9j\u00e9hez \u00e9s a benne meg\u00e9lt \u00f6r\u00f6mh\u00f6z. <\/span><\/p>\n<p><span style=\"color: #e34faa;\">Az olvasm\u00e1ny nagyon fontos igazs\u00e1gra ir\u00e1ny\u00edtja r\u00e1 figyelmem: \u201eNe a k\u00fclsej\u00e9t \u00e9s magas termet\u00e9t n\u00e9zd, mert hisz elvetettem. Isten ugyanis nem azt n\u00e9zi, amit az ember. Az ember a k\u00fcls\u0151t n\u00e9zi, az \u00dar azonban a sz\u00edvet.\u201d\u00a0 Ilyen \u00e9rtelemben, ez sz\u00e1momra nagyon biztat\u00f3 \u00fczenet. T\u00f6rekedjem a sz\u00edv, bens\u0151 igazi kincseinek birtokl\u00e1s\u00e1ra. Merthogy, igaz\u00e1b\u00f3l csak ez sz\u00e1m\u00edt! <\/span><\/p>\n<p><span style=\"color: #e34faa;\">A vakon sz\u00fcletett olyan kincset kap J\u00e9zust\u00f3l, amellyel sohasem rendelkezett. Persze ennek van el\u0151felt\u00e9tele is. E vaknak el kell mennie, \u00e9s meg kell mosakodnia a Siloe tav\u00e1ban. Mindez azt \u00fczeni sz\u00e1momra, hogy cselekv\u0151, akt\u00edv \u00e9letem felt\u00e9tele annak, hogy J\u00e9zus megaj\u00e1nd\u00e9kozzon engem is.\u00a0<\/span><\/p>\n<p><span style=\"color: #e34faa;\">Kezd\u0151\u00e9nek:<\/span><br \/>\n\u00d6rvendezz, Isten n\u00e9pe! Gy\u0171ljetek \u00f6ssze mind, akiknek kedves az \u00dar \u00fcgye. Sz\u00edvb\u0151l \u00f6r\u00fcljetek, akik azel\u0151tt szomorkodtatok. Vigasztal\u00f3djatok meg, mint a gyermek megnyugszik anyja kebel\u00e9n. (V\u00f6. Iz 66,10-11)<\/p>\n<p><span style=\"color: #e34faa;\">K\u00f6ny\u00f6rg\u00e9s:<\/span><br \/>\nIsten\u00fcnk, te szent Fiad \u00e1ltal csod\u00e1latos m\u00f3don magadhoz b\u00e9k\u00edtetted az emberis\u00e9get. Engedd, k\u00e9r\u00fcnk, hogy kereszt\u00e9ny n\u00e9ped k\u00e9szs\u00e9ges \u00f6n\u00e1tad\u00e1ssal \u00e9s \u00e9l\u0151 hittel k\u00e9sz\u00fclj\u00f6n a k\u00f6zelg\u0151 \u00fcnnepekre. A mi Urunk, J\u00e9zus Krisztus, a te Fiad \u00e1ltal, aki veled \u00e9l \u00e9s uralkodik a Szentl\u00e9lekkel egys\u00e9gben, Isten mind\u00f6r\u00f6kk\u00f6n \u00f6r\u00f6kk\u00e9.<\/p>\n<p align=\"justify\"><span style=\"color: #e34faa;\">OLVASM\u00c1NY S\u00e1muel els\u0151 k\u00f6nyv\u00e9b\u0151l (1S\u00e1m 16,1b.6-7.10-13a)<\/span><br \/>\n<em>D\u00e1vidot Izrael kir\u00e1ly\u00e1v\u00e1 kenik.<\/em><br \/>\nAz \u00dar \u00edgy sz\u00f3lt S\u00e1muelhez: \u201eT\u00f6ltsd meg szarudat olajjal \u00e9s kelj \u00fatra. Menj el Iz\u00e1jhoz Betlehembe, mert fiai k\u00f6z\u00fcl szemeltem ki a kir\u00e1lyt.\u201d<br \/>\nAmikor meg\u00e9rkezett, s megl\u00e1tta Eli\u00e1bot, azt gondolta: \u201eNos, itt \u00e1ll az \u00dar el\u0151tt az \u0151 f\u00f6lkentje.\u201d Az \u00dar azonban ezt mondta S\u00e1muelnek: \u201eNe a k\u00fclsej\u00e9t \u00e9s magas termet\u00e9t n\u00e9zd, mert hisz elvetettem. Isten ugyanis nem azt n\u00e9zi, amit az ember. Az ember a k\u00fcls\u0151t n\u00e9zi, az \u00dar azonban a sz\u00edvet.\u201d<br \/>\nIz\u00e1j \u00edgy bemutatta S\u00e1muelnek h\u00e9t fi\u00e1t, de S\u00e1muel \u00edgy sz\u00f3lt Iz\u00e1jhoz: \u201eEzeket nem v\u00e1lasztotta ki az \u00dar.\u201d Azt\u00e1n S\u00e1muel megk\u00e9rdezte Iz\u00e1jt: \u201eMind itt vannak fiaid?\u201d \u201eA legkisebb nincs itt \u2013 v\u00e1laszolta \u2013, a ny\u00e1jat \u0151rzi.\u201d S\u00e1muel erre meghagyta Iz\u00e1jnak: \u201eK\u00fcldj el valakit, keresse meg, mert addig nem \u00fcl\u00fcnk az \u00e1ldozati lakom\u00e1hoz, am\u00edg nincs itt.\u201d Iz\u00e1j elk\u00fcld\u00f6tt \u00e9rte. V\u00f6r\u00f6s volt, ny\u00edlt tekintet\u0171 \u00e9s sz\u00e9p termet\u0171. Az \u00dar \u00edgy sz\u00f3lt: \u201eRajta, kend f\u00f6l, mert \u0151 azt\u201d Erre S\u00e1muel fogta az olajosszarut, \u00e9s f\u00f6lkente testv\u00e9rei k\u00f6r\u00e9ben. Att\u00f3l a napt\u00f3l elt\u00f6lt\u00f6tte D\u00e1vidot az \u00dar lelke.<br \/>\nEz az Isten ig\u00e9je.<\/p>\n<p align=\"justify\"><span style=\"color: #e34faa;\">V\u00c1LASZOS ZSOLT\u00c1R (Zsolt 22,1-3a.3b-4.5-6)<\/span><\/p>\n<p align=\"justify\">V\u00e1lasz: <strong>Az\u00a0<u>\u00dar<\/u>\u00a0n\u00e9kem p\u00e1sztorom, * \u00edns\u00e9<u>get<\/u>\u00a0nem kell l\u00e1tnom.<\/strong>\u00a09. t\u00f3nus.<br \/>\nEl\u0151\u00e9nekes: Az \u00dar n\u00e9kem p\u00e1sztorom, * \u00edns\u00e9get nem kell l\u00e1tnom.<br \/>\nZ\u00f6ldell\u0151 mez\u0151k\u00f6n, terelget engem, * csendes vizekhez vezet, \u00e9s lelkemet fel\u00fcd\u00edti.<br \/>\nH\u00edvek: Az \u00dar n\u00e9kem p\u00e1sztorom, * \u00edns\u00e9get nem kell l\u00e1tnom.<br \/>\nE: Az igazs\u00e1g \u00f6sv\u00e9ny\u00e9n vezet engem, * ahogyan \u0151 meg\u00edg\u00e9rte.<br \/>\nA hal\u00e1l s\u00f6t\u00e9t v\u00f6lgy\u00e9ben sem f\u00e9lek, mert ott vagy v\u00e9lem, * biztons\u00e1got ad vessz\u0151d \u00e9s p\u00e1sztorbotod.<br \/>\nH: Az \u00dar n\u00e9kem p\u00e1sztorom, * \u00edns\u00e9get nem kell l\u00e1tnom.<br \/>\nE: Sz\u00e1momra asztalt ter\u00edtett\u00e9l, * hogy \u00fcld\u00f6z\u0151imet sz\u00e9gyen \u00e9rje.<br \/>\nFejemet megkented olajoddal, * serlegemet csordultig megt\u00f6lt\u00f6tted.<br \/>\nH: Az \u00dar n\u00e9kem p\u00e1sztorom, * \u00edns\u00e9get nem kell l\u00e1tnom.<br \/>\nE: J\u00f3s\u00e1god \u00e9s irgalmad nyomon k\u00f6vet, * \u00e9letemnek minden napj\u00e1n.<br \/>\nOtthonom lesz az Isten h\u00e1za, * mind\u00f6r\u00f6kk\u00e9 sz\u00fcnet n\u00e9lk\u00fcl.<br \/>\nH: Az \u00dar n\u00e9kem p\u00e1sztorom, * \u00edns\u00e9get nem kell l\u00e1tnom.<\/p>\n<p align=\"justify\"><span style=\"color: #e34faa;\">SZENTLECKE Szent P\u00e1l apostolnak az efezusiakhoz \u00edrt level\u00e9b\u0151l (Ef 5,8-14)<\/span><br \/>\n<em>T\u00e1madj fel holtodb\u00f3l, \u00e9s Krisztus r\u00e1d ragyog.<\/em><br \/>\nTestv\u00e9reim!<br \/>\nTi, akik egykor s\u00f6t\u00e9ts\u00e9g voltatok, most vil\u00e1goss\u00e1g vagytok az \u00darban. \u00c9ljetek h\u00e1t \u00fagy, mint a f\u00e9ny fiai! A vil\u00e1goss\u00e1g gy\u00fcm\u00f6lcse csupa j\u00f3s\u00e1g, igazs\u00e1g, egyeness\u00e9g. Azt keress\u00e9tek, ami kedves az \u00dar szem\u00e9ben. Ne legyen r\u00e9szetek a s\u00f6t\u00e9ts\u00e9g medd\u0151 cselekedeteiben, ink\u00e1bb \u00edt\u00e9lj\u00e9tek el azokat. Amit ugyanis a b\u0171n\u00f6s\u00f6k titokban tesznek, azt m\u00e9g kimondani is sz\u00e9gyen.<br \/>\nAmit felt\u00e1runk, arra f\u00e9ny der\u00fcl, \u00e9s amire f\u00e9ny der\u00fclt, az maga is f\u00e9ny. Ez\u00e9rt mondj\u00e1k:<br \/>\n\u00c9bredj, ki alszol, t\u00e1madj fel holtodb\u00f3l, \u00e9s Krisztus r\u00e1d ragyog!<br \/>\nEz az Isten ig\u00e9je.<\/p>\n<p align=\"justify\"><span style=\"color: #e34faa;\">EVANG\u00c9LIUM EL\u0150TTI VERS<\/span><br \/>\n\u201e\u00c9n a vil\u00e1g vil\u00e1goss\u00e1ga vagyok\u201d, mondja a mi Urunk, * \u201eAki engem k\u00f6vet, \u00f6v\u00e9 lesz az \u00e9let vil\u00e1goss\u00e1ga\u201d. Jn 8,12 \u2013 4g. t\u00f3nus.<\/p>\n<p align=\"justify\"><em>Hosszabb forma:<\/em><br \/>\n<span style=\"color: #e34faa;\">\u2020 EVANG\u00c9LIUM Szent J\u00e1nos k\u00f6nyv\u00e9b\u0151l (Jn 9,1-41)<\/span><br \/>\n<em>Elment megmosakodni, \u00e9s amikor visszat\u00e9rt, m\u00e1r l\u00e1tott.<\/em><br \/>\nAbban az id\u0151ben: J\u00e9zus \u00fatk\u00f6zben l\u00e1tott egy vakon sz\u00fcletett embert. Tan\u00edtv\u00e1nyai megk\u00e9rdezt\u00e9k t\u0151le: \u201eMester, ki v\u00e9tkezett, ez vagy a sz\u00fclei, hogy vakon sz\u00fcletett?\u201d J\u00e9zus ezt felelte: \u201eSem ez nem v\u00e9tkezett, sem a sz\u00fclei. Mindez az\u00e9rt van, hogy megnyilv\u00e1nuljanak rajta Isten tettei. Am\u00edg nappal van, nek\u00fcnk annak tetteit kell cselekedn\u00fcnk, aki engem k\u00fcld\u00f6tt. Elj\u00f6n ugyanis az \u00e9jszaka, amikor senki sem cselekedhet. Am\u00edg a vil\u00e1gban vagyok, vil\u00e1goss\u00e1ga vagyok a vil\u00e1gnak.\u201d<br \/>\nE szavak ut\u00e1n a f\u00f6ldre k\u00f6p\u00f6tt, sarat csin\u00e1lt a ny\u00e1llal, a sarat a vak szemeire kente, \u00e9s \u00edgy sz\u00f3lt hozz\u00e1: \u201eMenj, mosakodj meg a Siloe tav\u00e1ban.\u201d Siloe annyit jelent, mint K\u00fcld\u00f6tt. \u0150 elment, megmosdott, \u00e9s amikor visszat\u00e9rt, m\u00e1r l\u00e1tott.<br \/>\nA szomsz\u00e9dok, \u00e9s akik azel\u0151tt koldusk\u00e9nt ismert\u00e9k, \u00edgy sz\u00f3ltak: \u201eNem ez az, aki itt \u00fclt \u00e9s koldult?\u201d Egyesek azt mondt\u00e1k, hogy: \u201eEz az!\u201d M\u00e1sok pedig: \u201eNem, csak hasonl\u00edt r\u00e1.\u201d \u0150 azonban kijelentette: \u201e\u00c9n vagyok az!\u201d<br \/>\nErre megk\u00e9rdezt\u00e9k t\u0151le: \u201eHogyan ny\u00edltak meg a szemeid?\u201d \u0150 azt felelte: \u201eAz az ember, akit J\u00e9zusnak h\u00edvnak, sarat csin\u00e1lt, megkente vele a szemeimet, \u00e9s azt mondta: \u00bbMenj el a Siloe t\u00f3hoz \u00e9s mosakodj meg!\u00ab El is mentem, megmosdottam, \u00e9s most l\u00e1tok.\u201d Ekkor megk\u00e9rdezt\u00e9k t\u0151le: \u201eHol van az az ember?\u201d \u0150 azt felelte: \u201eNem tudom.\u201d<br \/>\nErre az embert, aki nemr\u00e9g m\u00e9g vak volt, odavitt\u00e9k a farizeusokhoz. Aznap ugyanis, amikor J\u00e9zus sarat csin\u00e1lt \u00e9s megnyitotta a vak szem\u00e9t, szombat volt. Ez\u00e9rt a farizeusok is megk\u00e9rdezt\u00e9k t\u0151le, hogy hogyan kezdett l\u00e1tni. Ezt v\u00e1laszolta: \u201eSarat tett a szememre, megmosdottam, \u00e9s most l\u00e1tok.\u201d<br \/>\nA farizeusok k\u00f6z\u00fcl egyesek megjegyezt\u00e9k: \u201eNem Istent\u0151l val\u00f3 az az ember, hiszen nem tartja meg a szombatot.\u201d M\u00e1sok azonban \u00edgy sz\u00f3ltak: \u201eB\u0171n\u00f6s ember hogyan tudna ilyen csod\u00e1kat tenni?\u201d \u00c9s szakad\u00e1s t\u00e1madt k\u00f6zt\u00fck.<br \/>\nAzut\u00e1n \u00fajb\u00f3l faggatni kezdt\u00e9k a vakot: \u201eTe mit gondolsz arr\u00f3l, aki megnyitotta szemeidet?\u201d \u0150 azt felelte: \u201eHogy pr\u00f3f\u00e9ta!\u201d<br \/>\nA zsid\u00f3k ekkor m\u00e1r nem is hitt\u00e9k el neki, hogy vak volt \u00e9s \u00fajra l\u00e1t, olyannyira, hogy el\u0151h\u00edvatt\u00e1k a sz\u00fcleit, \u00e9s megk\u00e9rdezt\u00e9k t\u0151l\u00fck: \u201eEz a ti fiatok, akir\u0151l azt \u00e1ll\u00edtj\u00e1tok, hogy vakon sz\u00fcletett? Hogyan lehet, hogy most l\u00e1t?\u201d Azok ezt v\u00e1laszolt\u00e1k: \u201eAzt tudjuk, hogy ez a mi fi\u00fank, \u00e9s hogy vakon sz\u00fcletett. De hogy most mi\u00e9rt l\u00e1t, vagy ki nyitotta meg a szemeit, azt nem tudjuk. K\u00e9rdezz\u00e9tek meg t\u0151le mag\u00e1t\u00f3l, hisz megvan a kora, hogy mag\u00e1r\u00f3l besz\u00e9ljen!\u201d A sz\u00fcl\u0151k az\u00e9rt mondt\u00e1k ezt, mert f\u00e9ltek a zsid\u00f3kt\u00f3l. A zsid\u00f3k ugyanis ekkor m\u00e1r elhat\u00e1rozt\u00e1k, hogy aki J\u00e9zust Messi\u00e1snak meri vallani, azt kiz\u00e1rj\u00e1k a zsinag\u00f3g\u00e1b\u00f3l. Ez\u00e9rt mondt\u00e1k a sz\u00fclei, hogy megvan a kora, k\u00e9rdezz\u00e9k meg \u0151t.<br \/>\nM\u00e1sodszor is h\u00edvt\u00e1k teh\u00e1t a vakon sz\u00fcletett embert, \u00e9s figyelmeztett\u00e9k: \u201eDics\u0151\u00edtsd meg az Istent! Mi tudjuk, hogy ez az ember b\u0171n\u00f6s!\u201d \u0150 \u00edgy felelt: \u201eHogy b\u0171n\u00f6s-e, vagy sem, azt nem tudom. Egyet tudok: hogy vak voltam, \u00e9s most l\u00e1tok!\u201d Erre ism\u00e9t megk\u00e9rdezt\u00e9k \u201eMit csin\u00e1lt veled? Hogyan nyitotta meg a szemeidet?\u201d \u0150 ezt felelte: \u201eMi\u00e9rt akarj\u00e1tok \u00fajra hallani? Csak nem akartok ti is a tan\u00edtv\u00e1nyai lenni?\u201d Erre meg\u00e1tkozt\u00e1k, \u00e9s azt mondt\u00e1k: \u201eTe magad vagy az \u0151 tan\u00edtv\u00e1nya! Mi M\u00f3zes tan\u00edtv\u00e1nyai vagyunk! Azt tudjuk, hogy M\u00f3zeshez sz\u00f3lt az Isten, de hogy ez honn\u00e9t j\u00f6tt, azt nem tudjuk!\u201d<br \/>\nAz ember azonban ezt felelte nekik: \u201e\u00c9ppen az a k\u00fcl\u00f6n\u00f6s, hogy ti nem tudj\u00e1tok, honnan van \u0151, \u00e9s \u0151 m\u00e9gis megnyitotta a szemeimet. J\u00f3l tudjuk, hogy a b\u0171n\u00f6s\u00f6ket nem hallgatja meg az Isten, de aki istenf\u00e9l\u0151 \u00e9s teljes\u00edti Isten akarat\u00e1t, azt meghallgatja. Mi\u00f3ta a vil\u00e1g vil\u00e1g, sohasem lehetett hallani, hogy valaki megnyitotta volna egy vakon sz\u00fcletett szemeit. Ha \u0151 nem Istent\u0151l volna, nem tehetett volna semmit.\u201d A zsid\u00f3k ezt felelt\u00e9k neki: \u201eTe oktatsz minket, aki mindenest\u00fcl b\u0171nben sz\u00fclett\u00e9l?\u201d \u00c9s kitasz\u00edtott\u00e1k \u0151t.<br \/>\nJ\u00e9zus meghallotta, hogy kitasz\u00edtott\u00e1k. Amikor tal\u00e1lkozott vele, megk\u00e9rdezte t\u0151le: \u201eHiszel-e az Emberfi\u00e1ban?\u201d \u0150 \u00edgy v\u00e1laszolt: \u201eKi az, Uram, hogy higgyek benne?\u201d J\u00e9zus ezt felelte: \u201eL\u00e1tod \u0151t, aki veled besz\u00e9l: \u0151 az!\u201d Mire az ember \u00edgy sz\u00f3lt: \u201eHiszek, Uram!\u201d \u00c9s leborult el\u0151tte.<br \/>\nAzut\u00e1n J\u00e9zus ezt mondta: \u201e\u00cdt\u00e9lkezni j\u00f6ttem e vil\u00e1gra, hogy akik nem l\u00e1tnak, l\u00e1ssanak, \u00e9s akik l\u00e1tnak, megvakuljanak.\u201d Meghallotta ezt n\u00e9h\u00e1ny k\u00f6r\u00fcl\u00f6tte \u00e1ll\u00f3 farizeus, \u00e9s megk\u00e9rdezte: \u201eCsak nem vagyunk mi is vakok?\u201d J\u00e9zus \u00edgy felelt: \u201eHa vakok voln\u00e1tok, b\u0171n\u00f6t\u00f6k nem volna. De ti azt mondj\u00e1tok, hogy l\u00e1ttok, ez\u00e9rt megmarad b\u0171n\u00f6t\u00f6k.\u201d<br \/>\nEzek az evang\u00e9lium ig\u00e9i.<\/p>\n<p><em>Vagy r\u00f6videbb forma:<\/em><br \/>\n<span style=\"color: #e34faa;\">\u2020 EVANG\u00c9LIUM Szent J\u00e1nos k\u00f6nyv\u00e9b\u0151l (Jn 9,1.6-9.13-17.34-38)<\/span><br \/>\n<em>Elment megmosakodni, \u00e9s amikor visszat\u00e9rt, m\u00e1r l\u00e1tott.<\/em><br \/>\nAbban az id\u0151ben:<br \/>\nJ\u00e9zus \u00fatk\u00f6zben l\u00e1tott egy vakon sz\u00fcletett embert. A f\u00f6ldre k\u00f6p\u00f6tt, sarat csin\u00e1lt a ny\u00e1llal, a sarat a vak szemeire kente, \u00e9s \u00edgy sz\u00f3lt hozz\u00e1: \u201eMenj, mosakodj meg a Siloe tav\u00e1ban.\u201d Siloe annyit jelent, mint K\u00fcld\u00f6tt. \u0150 elment, megmosdott, \u00e9s amikor visszat\u00e9rt, m\u00e1r l\u00e1tott.<br \/>\nA szomsz\u00e9dok, \u00e9s akik azel\u0151tt koldusk\u00e9nt ismert\u00e9k, \u00edgy sz\u00f3ltak: \u201eNem ez az, aki itt \u00fclt \u00e9s koldult?\u201d Egyesek azt mondt\u00e1k, hogy: \u201eEz az!\u201d M\u00e1sok pedig: \u201eNem, csak hasonl\u00edt r\u00e1.\u201d \u0150 azonban kijelentette: \u201e\u00c9n vagyok az?\u201d<br \/>\nErre az embert, aki nemr\u00e9g m\u00e9g vak volt, odavitt\u00e9k a farizeusokhoz. Aznap ugyanis, amikor J\u00e9zus sarat csin\u00e1lt \u00e9s megnyitotta a vak szem\u00e9t, szombat volt. Ez\u00e9rt a farizeusok is megk\u00e9rdezt\u00e9k t\u0151le, hogy hogyan kezdett l\u00e1tni. Ezt v\u00e1laszolta: \u201eSarat tett a szememre, megmosdottam, is most l\u00e1tok.\u201d<br \/>\nA farizeusok k\u00f6z\u00fcl egyesek megjegyezt\u00e9k: \u201eNem Istent\u0151l val\u00f3 az az ember, hiszen nem tartja meg a szombatot.\u201d M\u00e1sok azonban \u00edgy sz\u00f3ltak: \u201eB\u0171n\u00f6s ember hogyan tudna ilyen csod\u00e1kat tenni?\u201d \u00c9s szakad\u00e1s t\u00e1madt k\u00f6zt\u00fck.<br \/>\nAzut\u00e1n \u00fajb\u00f3l faggatni kezdt\u00e9k a vakot: \u201eTe mit gondolsz arr\u00f3l, aki megnyitotta szemeidet?\u201d \u0150 azt felelte: \u201eHogy pr\u00f3f\u00e9ta!\u201d<br \/>\nA zsid\u00f3k ezt felelt\u00e9k neki: \u201eTe oktatsz minket, aki mindenest\u00fcl b\u0171nben sz\u00fclett\u00e9l?\u201d \u00c9s kitasz\u00edtott\u00e1k \u0151t.<br \/>\nJ\u00e9zus meghallotta, hogy kitasz\u00edtott\u00e1k. Amikor tal\u00e1lkozott vele, megk\u00e9rdezte t\u0151le: \u201eHiszel-e az Emberfi\u00e1ban?\u201d \u0150 \u00edgy v\u00e1laszolt: \u201eKi az, Uram, hogy higgyek benne?\u201d J\u00e9zus ezt felelte: \u201eL\u00e1tod \u0151t, aki veled besz\u00e9l: \u0151 az!\u201d Mire az ember \u00edgy sz\u00f3lt: \u201eHiszek, Uram!\u201d \u00c9s leborult el\u0151tte.<br \/>\nAzut\u00e1n J\u00e9zus ezt mondta: \u201e\u00cdt\u00e9lkezni j\u00f6ttem e vil\u00e1gra, hogy akik nem l\u00e1tnak, l\u00e1ssanak, \u00e9s akik l\u00e1tnak, megvakuljanak.\u201d Meghallotta ezt n\u00e9h\u00e1ny k\u00f6r\u00fcl\u00f6tte \u00e1ll\u00f3 farizeus, \u00e9s megk\u00e9rdezte: \u201eCsak nem vagyunk mi is vakok?\u201d J\u00e9zus \u00edgy felelt: \u201eHa vakok voln\u00e1tok, b\u0171n\u00f6t\u00f6k nem volna. De ti azt mondj\u00e1tok, hogy l\u00e1ttok, ez\u00e9rt megmarad b\u0171n\u00f6t\u00f6k.\u201d<br \/>\nEzek az evang\u00e9lium ig\u00e9i.<\/p>\n<p align=\"justify\"><span style=\"color: #e34faa;\">EGYETEMES K\u00d6NY\u00d6RG\u00c9SEK<\/span><br \/>\nPap: K\u00e9rj\u00fck, testv\u00e9reim, mennyei Aty\u00e1nkat, hogy Krisztus vil\u00e1goss\u00e1ga vezessen benn\u00fcnket f\u00f6ldi \u00e9let\u00fcnkben!<br \/>\nLektor: 1. Add, Urunk, hogy Egyh\u00e1zad a b\u0171n \u00e9s a tudatlans\u00e1g vaks\u00e1g\u00e1t az igaz hit vil\u00e1goss\u00e1g\u00e1val orvosolja!<br \/>\nH\u00edvek: K\u00e9r\u00fcnk T\u00e9ged, hallgass meg minket!<br \/>\n2. Vil\u00e1gos\u00edtsd meg kegyelmeddel a n\u00e9pek vezet\u0151it, hogy tiszt\u00e1n l\u00e1ss\u00e1k, mit kell a k\u00f6z\u00f6ss\u00e9g jav\u00e1ra tenni\u00fck!<br \/>\nH\u00edvek: K\u00e9r\u00fcnk T\u00e9ged, hallgass meg minket!<br \/>\n3. Vezesd el, Urunk, a nemh\u00edv\u0151ket \u00e9s a k\u00e9telked\u0151ket az evang\u00e9lium vil\u00e1goss\u00e1g\u00e1ra!<br \/>\nH\u00edvek: K\u00e9r\u00fcnk T\u00e9ged, hallgass meg minket!<br \/>\n4. Gyarap\u00edtsd, Urunk, egyh\u00e1zk\u00f6zs\u00e9g\u00fcnkben a szeretet f\u00e9ny\u00e9t \u00e9s meleg\u00e9t!<br \/>\nH\u00edvek: K\u00e9r\u00fcnk T\u00e9ged, hallgass meg minket!<br \/>\n5. A nagyb\u00f6jti lelkigyakorlatok nyiss\u00e1k meg szem\u00fcnket szent akaratod felismer\u00e9s\u00e9re!<br \/>\nH\u00edvek: K\u00e9r\u00fcnk T\u00e9ged, hallgass meg minket!<br \/>\nPap: Urunk \u00e9s Isten\u00fcnk! Te vagy a vil\u00e1g Vil\u00e1goss\u00e1ga! Kegyelmed f\u00e9nye oszlassa el lelk\u00fcnkben a b\u0171n s\u00f6t\u00e9ts\u00e9g\u00e9t. Krisztus, a mi Urunk \u00e1ltal.<br \/>\nH\u00edvek: \u00c1men.<\/p>\n<p><span style=\"color: #e34faa;\">Felaj\u00e1nl\u00f3 k\u00f6ny\u00f6rg\u00e9s:<\/span><br \/>\n\u00d6r\u00f6mmel aj\u00e1nljuk fel Neked, Isten\u00fcnk, \u00e1ldozatunkat, hogy az \u00f6r\u00f6k \u00e9let kenyere legyen bel\u0151le. K\u00e9rve k\u00e9r\u00fcnk, seg\u00edts, hogy h\u00edv\u0151 tisztelettel vegy\u00fck k\u00f6r\u00fcl, \u00e9s m\u00e9lt\u00f3k\u00e9ppen mutassuk be a vil\u00e1g \u00fcdv\u00f6ss\u00e9g\u00e9re. Krisztus, a mi Urunk \u00e1ltal.<\/p>\n<p><span style=\"color: #e34faa;\">Pref\u00e1ci\u00f3:<\/span><br \/>\n<em>a vakon sz\u00fcletettr\u0151l<\/em><br \/>\nAz \u00dar legyen veletek.<br \/>\nH.: \u00c9s a te lelkeddel.<br \/>\nEmelj\u00fck f\u00f6l sz\u00edv\u00fcnket.<br \/>\nH.: F\u00f6lemelt\u00fck az \u00darhoz.<br \/>\nAdjunk h\u00e1l\u00e1t Urunknak, Isten\u00fcnknek.<br \/>\nH.: M\u00e9lt\u00f3 \u00e9s igazs\u00e1gos.<br \/>\n(Mert) Val\u00f3ban m\u00e9lt\u00f3 \u00e9s igazs\u00e1gos, ill\u0151 \u00e9s \u00fcdv\u00f6s, hogy mindig \u00e9s minden\u00fctt h\u00e1l\u00e1t adjunk n\u00e9ked, mi Urunk, szents\u00e9ges Aty\u00e1nk, mindenhat\u00f3 \u00f6r\u00f6k Isten: Krisztus, a mi Urunk \u00e1ltal.<br \/>\nAz emberis\u00e9g a s\u00f6t\u00e9tben t\u00e9velygett, de \u0151 a hit vil\u00e1goss\u00e1g\u00e1ra vezette megtestes\u00fcl\u00e9s\u00e9nek titka \u00e1ltal, \u00e9s akiket az \u0151sb\u0171n sz\u00fclet\u00e9s\u00fckt\u0151l szolgas\u00e1gra vetett, \u2013 a keresztv\u00edz \u00c1Ltal Isten gyermekeiv\u00e9 fogadta.<br \/>\nAz \u00e9g \u00e9s a f\u00f6ld ez\u00e9rt \u00e9nekli n\u00e9ked az im\u00e1d\u00e1s \u00faj \u00e9nek\u00e9t, \u00e9s mi is, az angyalok sereg\u00e9vel egy\u00fctt \u2013 hangos sz\u00f3val HIRdetj\u00fck \u00e9s v\u00e9g n\u00e9lk\u00fcl mondjuk: (zengj\u00fck:)<\/p>\n<p><span style=\"color: #e34faa;\">\u00c1ldoz\u00e1si \u00e9nek:<\/span><br \/>\n<em>Ha a vakon sz\u00fcletettr\u0151l sz\u00f3l\u00f3 Evang\u00e9liumot olvastuk:<\/em><br \/>\nAz \u00dar megkente szememet; elmentem, megmostam, \u00edme l\u00e1tok \u00e9s hiszek Istenben. (V\u00f6. Jn 9,11)<\/p>\n<p><span style=\"color: #e34faa;\">\u00c1ldoz\u00e1s ut\u00e1ni k\u00f6ny\u00f6rg\u00e9s:<\/span><br \/>\nIsten\u00fcnk, Te megvil\u00e1gos\u00edtasz minden embert, aki a vil\u00e1gra sz\u00fcletik. K\u00e9r\u00fcnk, ragyogja be sz\u00edv\u00fcnket kegyelmed f\u00e9nye, hogy mindig \u00fagy gondolkodjunk, ahogy hozz\u00e1d m\u00e9lt\u00f3, f\u00f6ls\u00e9gednek kedves, \u00e9s \u0151szint\u00e9n szeress\u00fcnk t\u00e9ged. Krisztus, a mi Urunk \u00e1ltal.<\/p>\n<p><em>(K\u00e9p forr\u00e1sa: pixabay.com)<\/em><\/p>\n","protected":false},"excerpt":{"rendered":"<p>A kezd\u0151\u00e9nek kezd\u0151 szava alapj\u00e1n a mostani nagyb\u00f6jti vas\u00e1rnapot &#8222;Laetare vas\u00e1rnap&#8221;-nak, azaz &#8222;\u00d6r\u00f6m vas\u00e1rnap&#8221;-nak&#8221; nevezz\u00fck. Az \u00f6r\u00f6m emberi \u00e9let\u00fcnk egyik legnagyobb kincse \u00e9s aj\u00e1nd\u00e9ka is egyben. \u00d6r\u00f6mben \u00e9s \u00f6r\u00f6mmel \u00e9lni! \u00c9rdemes belegondolnom, hogy mekkora nagy aj\u00e1nd\u00e9k sz\u00e1momra az, hogy \u00e9lek. Amennyiben \u00f6r\u00f6mben \u00e9s \u00f6r\u00f6mmel \u00e9lek, k\u00e9pes vagyok m\u00e1sok sz\u00edv\u00e9ben is feler\u0151s\u00edteni az \u00f6r\u00f6m csod\u00e1latos \u00e9rz\u00e9s\u00e9t. Nyom\u00e1ban pedig megjelenik a maga term\u00e9szetess\u00e9g\u00e9ben a h\u00e1la \u00e9s a k\u00f6sz\u00f6net \u00e9rz\u00e9se is egyben. Vegyem csak \u00e9szre \u00e9letem megannyi apr\u00f3 \u00f6r\u00f6m\u00e9t. Nagyb\u00f6jt folyam\u00e1n a kereszt\u00e9ny \u00f6r\u00f6m egyben el\u0151v\u00e9telez\u00e9se a h\u00fasv\u00e9ti \u00f6r\u00f6mnek. Ne feledjem, csak a tiszta sz\u00edv\u0171 ember tud igaz\u00e1n \u00f6rvendezni. Ez\u00e9rt s\u00fcrgeti Egyh\u00e1zunk a b\u0171nb\u00e1natot, a megt\u00e9r\u00e9st, a lelki megtisztul\u00e1st. Izaj\u00e1s pr\u00f3f\u00e9ta \u00f6r\u00f6mre sz\u00f3l\u00edt\u00f3 felh\u00edv\u00e1sa \u00e9ppen akkor \u00e9s ott hangzik el, amikor aligha volt oka a v\u00e1lasztott n\u00e9pnek \u00f6rvendezni. A pr\u00f3f\u00e9ta egy m\u00e1sik gy\u00f6ny\u00f6r\u0171 k\u00e9pet is alkalmaz: a gyermek, aki megnyugszik anyja kebel\u00e9n. A mai nap egy fiatal p\u00e1rt l\u00e1togattam meg B\u00f6blingenben. Kisl\u00e1nyuk keresztel\u0151j\u00e9re k\u00e9sz\u00fcl\u00fcnk. Az \u00e9desanyja karjaiban, fej\u00e9t annak kebel\u00e9re hajtva, boldogan pihent. \u00d6r\u00f6m, boldogs\u00e1g, biztons\u00e1g! Nemde \u00e9n magam is erre v\u00e1gy\u00f3dom? Megkap\u00f3 sz\u00e1momra a szentmise k\u00f6ny\u00f6rg\u00e9s\u00e9nek els\u0151 mondata is: &#8222;&#8230;te szent Fiad \u00e1ltal magadhoz b\u00e9k\u00edtetted az emberis\u00e9get.&#8221; Ady Endre \u00e9ppen ezt a v\u00e1gyat \u00e9s a benne megh\u00faz\u00f3d\u00f3 \u00f6r\u00f6mteli \u00e9rz\u00e9st fogalmazza meg az &#8222;Im\u00e1ds\u00e1g h\u00e1bor\u00fa ut\u00e1n&#8221; c\u00edm\u0171 vers\u00e9ben: Uram, h\u00e1bor\u00fab\u00f3l j\u00f6v\u00f6k \u00e9n, Mindennek v\u00e9ge, v\u00e9ge: B\u00e9k\u00edts ki Magaddal s magammal, Hiszen Te vagy a B\u00e9ke. &#8230; Uram, l\u00e1ss meg Te is engemet, Mindennek v\u00e9ge, v\u00e9ge. B\u00e9k\u00edts ki Magaddal s magammal, Hiszen Te vagy a B\u00e9ke. Megb\u00e9k\u00e9l\u00e9s Istennel \u00e9s \u00f6nmagammal &#8211; igazi nagyb\u00f6jti feladat. Ennek felt\u00e9tele pedig, hogy felhagyok minden harccal. Nem akarom a magam erej\u00e9t \u00e9rtelmetlen \u00e9s sehov\u00e1 sem vezet\u0151 harcokban elpazarolni. Helyette a megb\u00e9k\u00e9l\u00e9s, kib\u00e9k\u00fcl\u00e9s, elenged\u00e9s \u00fatj\u00e1ra akarok l\u00e9pni. Csakis ez vezethet el a sz\u00edv b\u00e9k\u00e9j\u00e9hez \u00e9s a benne meg\u00e9lt \u00f6r\u00f6mh\u00f6z. Az olvasm\u00e1ny nagyon fontos igazs\u00e1gra ir\u00e1ny\u00edtja r\u00e1 figyelmem: \u201eNe a k\u00fclsej\u00e9t&#8230; <\/p>\n<p><a class=\"readmore\" href=\"https:\/\/stuttgarti-katolikusok.de\/index.php\/nagybojt-4-vasarnapja-2\/\">R\u00e9szletek<\/a><\/p>\n","protected":false},"author":3,"featured_media":26508,"comment_status":"closed","ping_status":"closed","sticky":false,"template":"","format":"standard","meta":{"footnotes":""},"categories":[85,63],"tags":[],"class_list":["post-26507","post","type-post","status-publish","format-standard","has-post-thumbnail","hentry","category-a-liturgia-olvasmanyai","category-vasarnapi-gondolatok"],"yoast_head":"<!-- This site is optimized with the Yoast SEO plugin v27.3 - https:\/\/yoast.com\/product\/yoast-seo-wordpress\/ -->\n<title>Nagyb\u00f6jt 4. vas\u00e1rnapja - Laetare vas\u00e1rnap - Stuttgarti Katolikusok<\/title>\n<meta name=\"robots\" content=\"index, follow, max-snippet:-1, max-image-preview:large, max-video-preview:-1\" \/>\n<link rel=\"canonical\" href=\"https:\/\/stuttgarti-katolikusok.de\/index.php\/nagybojt-4-vasarnapja-2\/\" \/>\n<meta property=\"og:locale\" content=\"hu_HU\" \/>\n<meta property=\"og:type\" content=\"article\" \/>\n<meta property=\"og:title\" content=\"Nagyb\u00f6jt 4. vas\u00e1rnapja - Laetare vas\u00e1rnap - Stuttgarti Katolikusok\" \/>\n<meta property=\"og:description\" content=\"A kezd\u0151\u00e9nek kezd\u0151 szava alapj\u00e1n a mostani nagyb\u00f6jti vas\u00e1rnapot &#8222;Laetare vas\u00e1rnap&#8221;-nak, azaz &#8222;\u00d6r\u00f6m vas\u00e1rnap&#8221;-nak&#8221; nevezz\u00fck. Az \u00f6r\u00f6m emberi \u00e9let\u00fcnk egyik legnagyobb kincse \u00e9s aj\u00e1nd\u00e9ka is egyben. \u00d6r\u00f6mben \u00e9s \u00f6r\u00f6mmel \u00e9lni! \u00c9rdemes belegondolnom, hogy mekkora nagy aj\u00e1nd\u00e9k sz\u00e1momra az, hogy \u00e9lek. Amennyiben \u00f6r\u00f6mben \u00e9s \u00f6r\u00f6mmel \u00e9lek, k\u00e9pes vagyok m\u00e1sok sz\u00edv\u00e9ben is feler\u0151s\u00edteni az \u00f6r\u00f6m csod\u00e1latos \u00e9rz\u00e9s\u00e9t. Nyom\u00e1ban pedig megjelenik a maga term\u00e9szetess\u00e9g\u00e9ben a h\u00e1la \u00e9s a k\u00f6sz\u00f6net \u00e9rz\u00e9se is egyben. Vegyem csak \u00e9szre \u00e9letem megannyi apr\u00f3 \u00f6r\u00f6m\u00e9t. Nagyb\u00f6jt folyam\u00e1n a kereszt\u00e9ny \u00f6r\u00f6m egyben el\u0151v\u00e9telez\u00e9se a h\u00fasv\u00e9ti \u00f6r\u00f6mnek. Ne feledjem, csak a tiszta sz\u00edv\u0171 ember tud igaz\u00e1n \u00f6rvendezni. Ez\u00e9rt s\u00fcrgeti Egyh\u00e1zunk a b\u0171nb\u00e1natot, a megt\u00e9r\u00e9st, a lelki megtisztul\u00e1st. Izaj\u00e1s pr\u00f3f\u00e9ta \u00f6r\u00f6mre sz\u00f3l\u00edt\u00f3 felh\u00edv\u00e1sa \u00e9ppen akkor \u00e9s ott hangzik el, amikor aligha volt oka a v\u00e1lasztott n\u00e9pnek \u00f6rvendezni. A pr\u00f3f\u00e9ta egy m\u00e1sik gy\u00f6ny\u00f6r\u0171 k\u00e9pet is alkalmaz: a gyermek, aki megnyugszik anyja kebel\u00e9n. A mai nap egy fiatal p\u00e1rt l\u00e1togattam meg B\u00f6blingenben. Kisl\u00e1nyuk keresztel\u0151j\u00e9re k\u00e9sz\u00fcl\u00fcnk. Az \u00e9desanyja karjaiban, fej\u00e9t annak kebel\u00e9re hajtva, boldogan pihent. \u00d6r\u00f6m, boldogs\u00e1g, biztons\u00e1g! Nemde \u00e9n magam is erre v\u00e1gy\u00f3dom? Megkap\u00f3 sz\u00e1momra a szentmise k\u00f6ny\u00f6rg\u00e9s\u00e9nek els\u0151 mondata is: &#8222;&#8230;te szent Fiad \u00e1ltal magadhoz b\u00e9k\u00edtetted az emberis\u00e9get.&#8221; Ady Endre \u00e9ppen ezt a v\u00e1gyat \u00e9s a benne megh\u00faz\u00f3d\u00f3 \u00f6r\u00f6mteli \u00e9rz\u00e9st fogalmazza meg az &#8222;Im\u00e1ds\u00e1g h\u00e1bor\u00fa ut\u00e1n&#8221; c\u00edm\u0171 vers\u00e9ben: Uram, h\u00e1bor\u00fab\u00f3l j\u00f6v\u00f6k \u00e9n, Mindennek v\u00e9ge, v\u00e9ge: B\u00e9k\u00edts ki Magaddal s magammal, Hiszen Te vagy a B\u00e9ke. &#8230; Uram, l\u00e1ss meg Te is engemet, Mindennek v\u00e9ge, v\u00e9ge. B\u00e9k\u00edts ki Magaddal s magammal, Hiszen Te vagy a B\u00e9ke. Megb\u00e9k\u00e9l\u00e9s Istennel \u00e9s \u00f6nmagammal &#8211; igazi nagyb\u00f6jti feladat. Ennek felt\u00e9tele pedig, hogy felhagyok minden harccal. Nem akarom a magam erej\u00e9t \u00e9rtelmetlen \u00e9s sehov\u00e1 sem vezet\u0151 harcokban elpazarolni. Helyette a megb\u00e9k\u00e9l\u00e9s, kib\u00e9k\u00fcl\u00e9s, elenged\u00e9s \u00fatj\u00e1ra akarok l\u00e9pni. Csakis ez vezethet el a sz\u00edv b\u00e9k\u00e9j\u00e9hez \u00e9s a benne meg\u00e9lt \u00f6r\u00f6mh\u00f6z. Az olvasm\u00e1ny nagyon fontos igazs\u00e1gra ir\u00e1ny\u00edtja r\u00e1 figyelmem: \u201eNe a k\u00fclsej\u00e9t... R\u00e9szletek\" \/>\n<meta property=\"og:url\" content=\"https:\/\/stuttgarti-katolikusok.de\/index.php\/nagybojt-4-vasarnapja-2\/\" \/>\n<meta property=\"og:site_name\" content=\"Stuttgarti Katolikusok\" \/>\n<meta property=\"article:published_time\" content=\"2026-03-14T18:14:25+00:00\" \/>\n<meta property=\"article:modified_time\" content=\"2026-03-14T22:56:25+00:00\" \/>\n<meta property=\"og:image\" content=\"https:\/\/stuttgarti-katolikusok.de\/wp-content\/uploads\/2023\/03\/eye-g9d71fd899-1280.jpg\" \/>\n\t<meta property=\"og:image:width\" content=\"1280\" \/>\n\t<meta property=\"og:image:height\" content=\"720\" \/>\n\t<meta property=\"og:image:type\" content=\"image\/jpeg\" \/>\n<meta name=\"author\" content=\"Tibor atya\" \/>\n<meta name=\"twitter:card\" content=\"summary_large_image\" \/>\n<meta name=\"twitter:label1\" content=\"Szerz\u0151:\" \/>\n\t<meta name=\"twitter:data1\" content=\"Tibor atya\" \/>\n\t<meta name=\"twitter:label2\" content=\"Becs\u00fclt olvas\u00e1si id\u0151\" \/>\n\t<meta name=\"twitter:data2\" content=\"13 perc\" \/>\n<script type=\"application\/ld+json\" class=\"yoast-schema-graph\">{\"@context\":\"https:\\\/\\\/schema.org\",\"@graph\":[{\"@type\":\"Article\",\"@id\":\"https:\\\/\\\/stuttgarti-katolikusok.de\\\/index.php\\\/nagybojt-4-vasarnapja-2\\\/#article\",\"isPartOf\":{\"@id\":\"https:\\\/\\\/stuttgarti-katolikusok.de\\\/index.php\\\/nagybojt-4-vasarnapja-2\\\/\"},\"author\":{\"name\":\"Tibor atya\",\"@id\":\"https:\\\/\\\/stuttgarti-katolikusok.de\\\/#\\\/schema\\\/person\\\/75908d6f8fdc03a57889d27209df7795\"},\"headline\":\"Nagyb\u00f6jt 4. vas\u00e1rnapja &#8211; Laetare vas\u00e1rnap\",\"datePublished\":\"2026-03-14T18:14:25+00:00\",\"dateModified\":\"2026-03-14T22:56:25+00:00\",\"mainEntityOfPage\":{\"@id\":\"https:\\\/\\\/stuttgarti-katolikusok.de\\\/index.php\\\/nagybojt-4-vasarnapja-2\\\/\"},\"wordCount\":3177,\"image\":{\"@id\":\"https:\\\/\\\/stuttgarti-katolikusok.de\\\/index.php\\\/nagybojt-4-vasarnapja-2\\\/#primaryimage\"},\"thumbnailUrl\":\"https:\\\/\\\/stuttgarti-katolikusok.de\\\/wp-content\\\/uploads\\\/2023\\\/03\\\/eye-g9d71fd899-1280.jpg\",\"articleSection\":[\"A liturgia olvasm\u00e1nyai\",\"Vas\u00e1rnapi gondolatok\"],\"inLanguage\":\"hu\"},{\"@type\":\"WebPage\",\"@id\":\"https:\\\/\\\/stuttgarti-katolikusok.de\\\/index.php\\\/nagybojt-4-vasarnapja-2\\\/\",\"url\":\"https:\\\/\\\/stuttgarti-katolikusok.de\\\/index.php\\\/nagybojt-4-vasarnapja-2\\\/\",\"name\":\"Nagyb\u00f6jt 4. vas\u00e1rnapja - Laetare vas\u00e1rnap - Stuttgarti Katolikusok\",\"isPartOf\":{\"@id\":\"https:\\\/\\\/stuttgarti-katolikusok.de\\\/#website\"},\"primaryImageOfPage\":{\"@id\":\"https:\\\/\\\/stuttgarti-katolikusok.de\\\/index.php\\\/nagybojt-4-vasarnapja-2\\\/#primaryimage\"},\"image\":{\"@id\":\"https:\\\/\\\/stuttgarti-katolikusok.de\\\/index.php\\\/nagybojt-4-vasarnapja-2\\\/#primaryimage\"},\"thumbnailUrl\":\"https:\\\/\\\/stuttgarti-katolikusok.de\\\/wp-content\\\/uploads\\\/2023\\\/03\\\/eye-g9d71fd899-1280.jpg\",\"datePublished\":\"2026-03-14T18:14:25+00:00\",\"dateModified\":\"2026-03-14T22:56:25+00:00\",\"author\":{\"@id\":\"https:\\\/\\\/stuttgarti-katolikusok.de\\\/#\\\/schema\\\/person\\\/75908d6f8fdc03a57889d27209df7795\"},\"breadcrumb\":{\"@id\":\"https:\\\/\\\/stuttgarti-katolikusok.de\\\/index.php\\\/nagybojt-4-vasarnapja-2\\\/#breadcrumb\"},\"inLanguage\":\"hu\",\"potentialAction\":[{\"@type\":\"ReadAction\",\"target\":[\"https:\\\/\\\/stuttgarti-katolikusok.de\\\/index.php\\\/nagybojt-4-vasarnapja-2\\\/\"]}]},{\"@type\":\"ImageObject\",\"inLanguage\":\"hu\",\"@id\":\"https:\\\/\\\/stuttgarti-katolikusok.de\\\/index.php\\\/nagybojt-4-vasarnapja-2\\\/#primaryimage\",\"url\":\"https:\\\/\\\/stuttgarti-katolikusok.de\\\/wp-content\\\/uploads\\\/2023\\\/03\\\/eye-g9d71fd899-1280.jpg\",\"contentUrl\":\"https:\\\/\\\/stuttgarti-katolikusok.de\\\/wp-content\\\/uploads\\\/2023\\\/03\\\/eye-g9d71fd899-1280.jpg\",\"width\":1280,\"height\":720},{\"@type\":\"BreadcrumbList\",\"@id\":\"https:\\\/\\\/stuttgarti-katolikusok.de\\\/index.php\\\/nagybojt-4-vasarnapja-2\\\/#breadcrumb\",\"itemListElement\":[{\"@type\":\"ListItem\",\"position\":1,\"name\":\"Kezd\u0151lap\",\"item\":\"https:\\\/\\\/stuttgarti-katolikusok.de\\\/\"},{\"@type\":\"ListItem\",\"position\":2,\"name\":\"Nagyb\u00f6jt 4. vas\u00e1rnapja &#8211; Laetare vas\u00e1rnap\"}]},{\"@type\":\"WebSite\",\"@id\":\"https:\\\/\\\/stuttgarti-katolikusok.de\\\/#website\",\"url\":\"https:\\\/\\\/stuttgarti-katolikusok.de\\\/\",\"name\":\"Stuttgarti Katolikusok\",\"description\":\"\",\"potentialAction\":[{\"@type\":\"SearchAction\",\"target\":{\"@type\":\"EntryPoint\",\"urlTemplate\":\"https:\\\/\\\/stuttgarti-katolikusok.de\\\/?s={search_term_string}\"},\"query-input\":{\"@type\":\"PropertyValueSpecification\",\"valueRequired\":true,\"valueName\":\"search_term_string\"}}],\"inLanguage\":\"hu\"},{\"@type\":\"Person\",\"@id\":\"https:\\\/\\\/stuttgarti-katolikusok.de\\\/#\\\/schema\\\/person\\\/75908d6f8fdc03a57889d27209df7795\",\"name\":\"Tibor atya\",\"image\":{\"@type\":\"ImageObject\",\"inLanguage\":\"hu\",\"@id\":\"https:\\\/\\\/secure.gravatar.com\\\/avatar\\\/61d268e57d1f4525b111222e29d2d5a7f8c420fdbf231ba5566a8ceac74fa960?s=96&d=mm&r=g\",\"url\":\"https:\\\/\\\/secure.gravatar.com\\\/avatar\\\/61d268e57d1f4525b111222e29d2d5a7f8c420fdbf231ba5566a8ceac74fa960?s=96&d=mm&r=g\",\"contentUrl\":\"https:\\\/\\\/secure.gravatar.com\\\/avatar\\\/61d268e57d1f4525b111222e29d2d5a7f8c420fdbf231ba5566a8ceac74fa960?s=96&d=mm&r=g\",\"caption\":\"Tibor atya\"},\"url\":\"https:\\\/\\\/stuttgarti-katolikusok.de\\\/index.php\\\/author\\\/tibor-atya\\\/\"}]}<\/script>\n<!-- \/ Yoast SEO plugin. -->","yoast_head_json":{"title":"Nagyb\u00f6jt 4. vas\u00e1rnapja - Laetare vas\u00e1rnap - Stuttgarti Katolikusok","robots":{"index":"index","follow":"follow","max-snippet":"max-snippet:-1","max-image-preview":"max-image-preview:large","max-video-preview":"max-video-preview:-1"},"canonical":"https:\/\/stuttgarti-katolikusok.de\/index.php\/nagybojt-4-vasarnapja-2\/","og_locale":"hu_HU","og_type":"article","og_title":"Nagyb\u00f6jt 4. vas\u00e1rnapja - Laetare vas\u00e1rnap - Stuttgarti Katolikusok","og_description":"A kezd\u0151\u00e9nek kezd\u0151 szava alapj\u00e1n a mostani nagyb\u00f6jti vas\u00e1rnapot &#8222;Laetare vas\u00e1rnap&#8221;-nak, azaz &#8222;\u00d6r\u00f6m vas\u00e1rnap&#8221;-nak&#8221; nevezz\u00fck. Az \u00f6r\u00f6m emberi \u00e9let\u00fcnk egyik legnagyobb kincse \u00e9s aj\u00e1nd\u00e9ka is egyben. \u00d6r\u00f6mben \u00e9s \u00f6r\u00f6mmel \u00e9lni! \u00c9rdemes belegondolnom, hogy mekkora nagy aj\u00e1nd\u00e9k sz\u00e1momra az, hogy \u00e9lek. Amennyiben \u00f6r\u00f6mben \u00e9s \u00f6r\u00f6mmel \u00e9lek, k\u00e9pes vagyok m\u00e1sok sz\u00edv\u00e9ben is feler\u0151s\u00edteni az \u00f6r\u00f6m csod\u00e1latos \u00e9rz\u00e9s\u00e9t. Nyom\u00e1ban pedig megjelenik a maga term\u00e9szetess\u00e9g\u00e9ben a h\u00e1la \u00e9s a k\u00f6sz\u00f6net \u00e9rz\u00e9se is egyben. Vegyem csak \u00e9szre \u00e9letem megannyi apr\u00f3 \u00f6r\u00f6m\u00e9t. Nagyb\u00f6jt folyam\u00e1n a kereszt\u00e9ny \u00f6r\u00f6m egyben el\u0151v\u00e9telez\u00e9se a h\u00fasv\u00e9ti \u00f6r\u00f6mnek. Ne feledjem, csak a tiszta sz\u00edv\u0171 ember tud igaz\u00e1n \u00f6rvendezni. Ez\u00e9rt s\u00fcrgeti Egyh\u00e1zunk a b\u0171nb\u00e1natot, a megt\u00e9r\u00e9st, a lelki megtisztul\u00e1st. Izaj\u00e1s pr\u00f3f\u00e9ta \u00f6r\u00f6mre sz\u00f3l\u00edt\u00f3 felh\u00edv\u00e1sa \u00e9ppen akkor \u00e9s ott hangzik el, amikor aligha volt oka a v\u00e1lasztott n\u00e9pnek \u00f6rvendezni. A pr\u00f3f\u00e9ta egy m\u00e1sik gy\u00f6ny\u00f6r\u0171 k\u00e9pet is alkalmaz: a gyermek, aki megnyugszik anyja kebel\u00e9n. A mai nap egy fiatal p\u00e1rt l\u00e1togattam meg B\u00f6blingenben. Kisl\u00e1nyuk keresztel\u0151j\u00e9re k\u00e9sz\u00fcl\u00fcnk. Az \u00e9desanyja karjaiban, fej\u00e9t annak kebel\u00e9re hajtva, boldogan pihent. \u00d6r\u00f6m, boldogs\u00e1g, biztons\u00e1g! Nemde \u00e9n magam is erre v\u00e1gy\u00f3dom? Megkap\u00f3 sz\u00e1momra a szentmise k\u00f6ny\u00f6rg\u00e9s\u00e9nek els\u0151 mondata is: &#8222;&#8230;te szent Fiad \u00e1ltal magadhoz b\u00e9k\u00edtetted az emberis\u00e9get.&#8221; Ady Endre \u00e9ppen ezt a v\u00e1gyat \u00e9s a benne megh\u00faz\u00f3d\u00f3 \u00f6r\u00f6mteli \u00e9rz\u00e9st fogalmazza meg az &#8222;Im\u00e1ds\u00e1g h\u00e1bor\u00fa ut\u00e1n&#8221; c\u00edm\u0171 vers\u00e9ben: Uram, h\u00e1bor\u00fab\u00f3l j\u00f6v\u00f6k \u00e9n, Mindennek v\u00e9ge, v\u00e9ge: B\u00e9k\u00edts ki Magaddal s magammal, Hiszen Te vagy a B\u00e9ke. &#8230; Uram, l\u00e1ss meg Te is engemet, Mindennek v\u00e9ge, v\u00e9ge. B\u00e9k\u00edts ki Magaddal s magammal, Hiszen Te vagy a B\u00e9ke. Megb\u00e9k\u00e9l\u00e9s Istennel \u00e9s \u00f6nmagammal &#8211; igazi nagyb\u00f6jti feladat. Ennek felt\u00e9tele pedig, hogy felhagyok minden harccal. Nem akarom a magam erej\u00e9t \u00e9rtelmetlen \u00e9s sehov\u00e1 sem vezet\u0151 harcokban elpazarolni. Helyette a megb\u00e9k\u00e9l\u00e9s, kib\u00e9k\u00fcl\u00e9s, elenged\u00e9s \u00fatj\u00e1ra akarok l\u00e9pni. Csakis ez vezethet el a sz\u00edv b\u00e9k\u00e9j\u00e9hez \u00e9s a benne meg\u00e9lt \u00f6r\u00f6mh\u00f6z. Az olvasm\u00e1ny nagyon fontos igazs\u00e1gra ir\u00e1ny\u00edtja r\u00e1 figyelmem: \u201eNe a k\u00fclsej\u00e9t... R\u00e9szletek","og_url":"https:\/\/stuttgarti-katolikusok.de\/index.php\/nagybojt-4-vasarnapja-2\/","og_site_name":"Stuttgarti Katolikusok","article_published_time":"2026-03-14T18:14:25+00:00","article_modified_time":"2026-03-14T22:56:25+00:00","og_image":[{"width":1280,"height":720,"url":"https:\/\/stuttgarti-katolikusok.de\/wp-content\/uploads\/2023\/03\/eye-g9d71fd899-1280.jpg","type":"image\/jpeg"}],"author":"Tibor atya","twitter_card":"summary_large_image","twitter_misc":{"Szerz\u0151:":"Tibor atya","Becs\u00fclt olvas\u00e1si id\u0151":"13 perc"},"schema":{"@context":"https:\/\/schema.org","@graph":[{"@type":"Article","@id":"https:\/\/stuttgarti-katolikusok.de\/index.php\/nagybojt-4-vasarnapja-2\/#article","isPartOf":{"@id":"https:\/\/stuttgarti-katolikusok.de\/index.php\/nagybojt-4-vasarnapja-2\/"},"author":{"name":"Tibor atya","@id":"https:\/\/stuttgarti-katolikusok.de\/#\/schema\/person\/75908d6f8fdc03a57889d27209df7795"},"headline":"Nagyb\u00f6jt 4. vas\u00e1rnapja &#8211; Laetare vas\u00e1rnap","datePublished":"2026-03-14T18:14:25+00:00","dateModified":"2026-03-14T22:56:25+00:00","mainEntityOfPage":{"@id":"https:\/\/stuttgarti-katolikusok.de\/index.php\/nagybojt-4-vasarnapja-2\/"},"wordCount":3177,"image":{"@id":"https:\/\/stuttgarti-katolikusok.de\/index.php\/nagybojt-4-vasarnapja-2\/#primaryimage"},"thumbnailUrl":"https:\/\/stuttgarti-katolikusok.de\/wp-content\/uploads\/2023\/03\/eye-g9d71fd899-1280.jpg","articleSection":["A liturgia olvasm\u00e1nyai","Vas\u00e1rnapi gondolatok"],"inLanguage":"hu"},{"@type":"WebPage","@id":"https:\/\/stuttgarti-katolikusok.de\/index.php\/nagybojt-4-vasarnapja-2\/","url":"https:\/\/stuttgarti-katolikusok.de\/index.php\/nagybojt-4-vasarnapja-2\/","name":"Nagyb\u00f6jt 4. vas\u00e1rnapja - Laetare vas\u00e1rnap - Stuttgarti Katolikusok","isPartOf":{"@id":"https:\/\/stuttgarti-katolikusok.de\/#website"},"primaryImageOfPage":{"@id":"https:\/\/stuttgarti-katolikusok.de\/index.php\/nagybojt-4-vasarnapja-2\/#primaryimage"},"image":{"@id":"https:\/\/stuttgarti-katolikusok.de\/index.php\/nagybojt-4-vasarnapja-2\/#primaryimage"},"thumbnailUrl":"https:\/\/stuttgarti-katolikusok.de\/wp-content\/uploads\/2023\/03\/eye-g9d71fd899-1280.jpg","datePublished":"2026-03-14T18:14:25+00:00","dateModified":"2026-03-14T22:56:25+00:00","author":{"@id":"https:\/\/stuttgarti-katolikusok.de\/#\/schema\/person\/75908d6f8fdc03a57889d27209df7795"},"breadcrumb":{"@id":"https:\/\/stuttgarti-katolikusok.de\/index.php\/nagybojt-4-vasarnapja-2\/#breadcrumb"},"inLanguage":"hu","potentialAction":[{"@type":"ReadAction","target":["https:\/\/stuttgarti-katolikusok.de\/index.php\/nagybojt-4-vasarnapja-2\/"]}]},{"@type":"ImageObject","inLanguage":"hu","@id":"https:\/\/stuttgarti-katolikusok.de\/index.php\/nagybojt-4-vasarnapja-2\/#primaryimage","url":"https:\/\/stuttgarti-katolikusok.de\/wp-content\/uploads\/2023\/03\/eye-g9d71fd899-1280.jpg","contentUrl":"https:\/\/stuttgarti-katolikusok.de\/wp-content\/uploads\/2023\/03\/eye-g9d71fd899-1280.jpg","width":1280,"height":720},{"@type":"BreadcrumbList","@id":"https:\/\/stuttgarti-katolikusok.de\/index.php\/nagybojt-4-vasarnapja-2\/#breadcrumb","itemListElement":[{"@type":"ListItem","position":1,"name":"Kezd\u0151lap","item":"https:\/\/stuttgarti-katolikusok.de\/"},{"@type":"ListItem","position":2,"name":"Nagyb\u00f6jt 4. vas\u00e1rnapja &#8211; Laetare vas\u00e1rnap"}]},{"@type":"WebSite","@id":"https:\/\/stuttgarti-katolikusok.de\/#website","url":"https:\/\/stuttgarti-katolikusok.de\/","name":"Stuttgarti Katolikusok","description":"","potentialAction":[{"@type":"SearchAction","target":{"@type":"EntryPoint","urlTemplate":"https:\/\/stuttgarti-katolikusok.de\/?s={search_term_string}"},"query-input":{"@type":"PropertyValueSpecification","valueRequired":true,"valueName":"search_term_string"}}],"inLanguage":"hu"},{"@type":"Person","@id":"https:\/\/stuttgarti-katolikusok.de\/#\/schema\/person\/75908d6f8fdc03a57889d27209df7795","name":"Tibor atya","image":{"@type":"ImageObject","inLanguage":"hu","@id":"https:\/\/secure.gravatar.com\/avatar\/61d268e57d1f4525b111222e29d2d5a7f8c420fdbf231ba5566a8ceac74fa960?s=96&d=mm&r=g","url":"https:\/\/secure.gravatar.com\/avatar\/61d268e57d1f4525b111222e29d2d5a7f8c420fdbf231ba5566a8ceac74fa960?s=96&d=mm&r=g","contentUrl":"https:\/\/secure.gravatar.com\/avatar\/61d268e57d1f4525b111222e29d2d5a7f8c420fdbf231ba5566a8ceac74fa960?s=96&d=mm&r=g","caption":"Tibor atya"},"url":"https:\/\/stuttgarti-katolikusok.de\/index.php\/author\/tibor-atya\/"}]}},"_links":{"self":[{"href":"https:\/\/stuttgarti-katolikusok.de\/index.php\/wp-json\/wp\/v2\/posts\/26507","targetHints":{"allow":["GET"]}}],"collection":[{"href":"https:\/\/stuttgarti-katolikusok.de\/index.php\/wp-json\/wp\/v2\/posts"}],"about":[{"href":"https:\/\/stuttgarti-katolikusok.de\/index.php\/wp-json\/wp\/v2\/types\/post"}],"author":[{"embeddable":true,"href":"https:\/\/stuttgarti-katolikusok.de\/index.php\/wp-json\/wp\/v2\/users\/3"}],"replies":[{"embeddable":true,"href":"https:\/\/stuttgarti-katolikusok.de\/index.php\/wp-json\/wp\/v2\/comments?post=26507"}],"version-history":[{"count":4,"href":"https:\/\/stuttgarti-katolikusok.de\/index.php\/wp-json\/wp\/v2\/posts\/26507\/revisions"}],"predecessor-version":[{"id":32827,"href":"https:\/\/stuttgarti-katolikusok.de\/index.php\/wp-json\/wp\/v2\/posts\/26507\/revisions\/32827"}],"wp:featuredmedia":[{"embeddable":true,"href":"https:\/\/stuttgarti-katolikusok.de\/index.php\/wp-json\/wp\/v2\/media\/26508"}],"wp:attachment":[{"href":"https:\/\/stuttgarti-katolikusok.de\/index.php\/wp-json\/wp\/v2\/media?parent=26507"}],"wp:term":[{"taxonomy":"category","embeddable":true,"href":"https:\/\/stuttgarti-katolikusok.de\/index.php\/wp-json\/wp\/v2\/categories?post=26507"},{"taxonomy":"post_tag","embeddable":true,"href":"https:\/\/stuttgarti-katolikusok.de\/index.php\/wp-json\/wp\/v2\/tags?post=26507"}],"curies":[{"name":"wp","href":"https:\/\/api.w.org\/{rel}","templated":true}]}}