{"id":26480,"date":"2023-03-16T13:15:55","date_gmt":"2023-03-16T12:15:55","guid":{"rendered":"https:\/\/stuttgarti-katolikusok.de\/?p=26480"},"modified":"2023-03-16T13:15:55","modified_gmt":"2023-03-16T12:15:55","slug":"a-mas-anyanyelvu-pasztoracioban-dolgozok-talalkozoja","status":"publish","type":"post","link":"https:\/\/stuttgarti-katolikusok.de\/index.php\/a-mas-anyanyelvu-pasztoracioban-dolgozok-talalkozoja\/","title":{"rendered":"A m\u00e1s anyanyelv\u0171 pasztor\u00e1ci\u00f3ban dolgoz\u00f3k tal\u00e1lkoz\u00f3ja"},"content":{"rendered":"<p>2023. m\u00e1rcius 15-\u00e9n a Szent Gell\u00e9rt Egyh\u00e1zk\u00f6zs\u00e9g adott otthont a m\u00e1s anyanyelv\u0171 lelkip\u00e1sztorkod\u00e1sban szolg\u00e1l\u00f3 paptesv\u00e9rek \u00e9s munkat\u00e1rsak konferenci\u00e1j\u00e1nak.<\/p>\n<p>Tal\u00e1lkoz\u00f3nkat a Bruder Klaus templomban kezdt\u00fck, ahol H\u00e4fner-Geiger Ildik\u00f3, zongoram\u0171v\u00e9szn\u0151\/egyh\u00e1zzen\u00e9sz \u00e9s N\u00e9meti Gergely opera\u00e9nekes\/tenor egy zenem\u0171vel, Alessandro Stradella &#8211; Pieta Signore, aj\u00e1nd\u00e9koztak meg benn\u00fcnket.<\/p>\n<p>A vide\u00f3felv\u00e9tel itt \u00e9rhet\u0151 el:\u00a0<span style=\"font-size: 18pt; color: #800080;\">\u00a0<a style=\"color: #800080;\" href=\"https:\/\/www.youtube.com\/watch?v=VcmVezUShio\" target=\"_blank\" rel=\"noopener\">Alessandro Stradella &#8211; Pieta Signore<\/a><\/span><\/p>\n<p><a href=\"https:\/\/stuttgarti-katolikusok.de\/wp-content\/uploads\/2023\/03\/ildiko-es-gergely.jpg\"><img loading=\"lazy\" decoding=\"async\" class=\"alignnone size-full wp-image-26482\" src=\"https:\/\/stuttgarti-katolikusok.de\/wp-content\/uploads\/2023\/03\/ildiko-es-gergely.jpg\" alt=\"\" width=\"1920\" height=\"1080\" srcset=\"https:\/\/stuttgarti-katolikusok.de\/wp-content\/uploads\/2023\/03\/ildiko-es-gergely.jpg 1920w, https:\/\/stuttgarti-katolikusok.de\/wp-content\/uploads\/2023\/03\/ildiko-es-gergely-300x169.jpg 300w, https:\/\/stuttgarti-katolikusok.de\/wp-content\/uploads\/2023\/03\/ildiko-es-gergely-1024x576.jpg 1024w, https:\/\/stuttgarti-katolikusok.de\/wp-content\/uploads\/2023\/03\/ildiko-es-gergely-1536x864.jpg 1536w\" sizes=\"auto, (max-width: 1920px) 100vw, 1920px\" \/><\/a><\/p>\n<p>A lelki impulzust k\u00f6vet\u0151en, amely nagyon nagy sikert aratott, folytattuk munk\u00e1nkat.<\/p>\n<p>Ennek r\u00e9szleteir\u0151l, s mindarr\u00f3l, ami benn\u00fcnket is \u00e9rint hamarosan r\u00e9szletesen besz\u00e1molok.<\/p>\n<p><em>Tibor atya<\/em><\/p>\n","protected":false},"excerpt":{"rendered":"<p>2023. m\u00e1rcius 15-\u00e9n a Szent Gell\u00e9rt Egyh\u00e1zk\u00f6zs\u00e9g adott otthont a m\u00e1s anyanyelv\u0171 lelkip\u00e1sztorkod\u00e1sban szolg\u00e1l\u00f3 paptesv\u00e9rek \u00e9s munkat\u00e1rsak konferenci\u00e1j\u00e1nak. Tal\u00e1lkoz\u00f3nkat a Bruder Klaus templomban kezdt\u00fck, ahol H\u00e4fner-Geiger Ildik\u00f3, zongoram\u0171v\u00e9szn\u0151\/egyh\u00e1zzen\u00e9sz \u00e9s N\u00e9meti Gergely opera\u00e9nekes\/tenor egy zenem\u0171vel, Alessandro Stradella &#8211; Pieta Signore, aj\u00e1nd\u00e9koztak meg benn\u00fcnket. A vide\u00f3felv\u00e9tel itt \u00e9rhet\u0151 el:\u00a0\u00a0Alessandro Stradella &#8211; Pieta Signore A lelki impulzust k\u00f6vet\u0151en, amely nagyon nagy sikert aratott, folytattuk munk\u00e1nkat. Ennek r\u00e9szleteir\u0151l, s mindarr\u00f3l, ami benn\u00fcnket is \u00e9rint hamarosan r\u00e9szletesen besz\u00e1molok. Tibor atya<\/p>\n","protected":false},"author":3,"featured_media":26481,"comment_status":"closed","ping_status":"closed","sticky":false,"template":"","format":"standard","meta":{"footnotes":""},"categories":[5],"tags":[],"class_list":["post-26480","post","type-post","status-publish","format-standard","has-post-thumbnail","hentry","category-hirek"],"yoast_head":"<!-- This site is optimized with the Yoast SEO plugin v27.3 - https:\/\/yoast.com\/product\/yoast-seo-wordpress\/ -->\n<title>A m\u00e1s anyanyelv\u0171 pasztor\u00e1ci\u00f3ban dolgoz\u00f3k tal\u00e1lkoz\u00f3ja - Stuttgarti Katolikusok<\/title>\n<meta name=\"robots\" content=\"index, follow, max-snippet:-1, max-image-preview:large, max-video-preview:-1\" \/>\n<link rel=\"canonical\" href=\"https:\/\/stuttgarti-katolikusok.de\/index.php\/a-mas-anyanyelvu-pasztoracioban-dolgozok-talalkozoja\/\" \/>\n<meta property=\"og:locale\" content=\"hu_HU\" \/>\n<meta property=\"og:type\" content=\"article\" \/>\n<meta property=\"og:title\" content=\"A m\u00e1s anyanyelv\u0171 pasztor\u00e1ci\u00f3ban dolgoz\u00f3k tal\u00e1lkoz\u00f3ja - Stuttgarti Katolikusok\" \/>\n<meta property=\"og:description\" content=\"2023. m\u00e1rcius 15-\u00e9n a Szent Gell\u00e9rt Egyh\u00e1zk\u00f6zs\u00e9g adott otthont a m\u00e1s anyanyelv\u0171 lelkip\u00e1sztorkod\u00e1sban szolg\u00e1l\u00f3 paptesv\u00e9rek \u00e9s munkat\u00e1rsak konferenci\u00e1j\u00e1nak. Tal\u00e1lkoz\u00f3nkat a Bruder Klaus templomban kezdt\u00fck, ahol H\u00e4fner-Geiger Ildik\u00f3, zongoram\u0171v\u00e9szn\u0151\/egyh\u00e1zzen\u00e9sz \u00e9s N\u00e9meti Gergely opera\u00e9nekes\/tenor egy zenem\u0171vel, Alessandro Stradella &#8211; Pieta Signore, aj\u00e1nd\u00e9koztak meg benn\u00fcnket. A vide\u00f3felv\u00e9tel itt \u00e9rhet\u0151 el:\u00a0\u00a0Alessandro Stradella &#8211; Pieta Signore A lelki impulzust k\u00f6vet\u0151en, amely nagyon nagy sikert aratott, folytattuk munk\u00e1nkat. Ennek r\u00e9szleteir\u0151l, s mindarr\u00f3l, ami benn\u00fcnket is \u00e9rint hamarosan r\u00e9szletesen besz\u00e1molok. Tibor atya\" \/>\n<meta property=\"og:url\" content=\"https:\/\/stuttgarti-katolikusok.de\/index.php\/a-mas-anyanyelvu-pasztoracioban-dolgozok-talalkozoja\/\" \/>\n<meta property=\"og:site_name\" content=\"Stuttgarti Katolikusok\" \/>\n<meta property=\"article:published_time\" content=\"2023-03-16T12:15:55+00:00\" \/>\n<meta property=\"og:image\" content=\"https:\/\/stuttgarti-katolikusok.de\/wp-content\/uploads\/2023\/03\/diozesan-konferenz-1.jpg\" \/>\n\t<meta property=\"og:image:width\" content=\"2000\" \/>\n\t<meta property=\"og:image:height\" content=\"1500\" \/>\n\t<meta property=\"og:image:type\" content=\"image\/jpeg\" \/>\n<meta name=\"author\" content=\"Tibor atya\" \/>\n<meta name=\"twitter:card\" content=\"summary_large_image\" \/>\n<meta name=\"twitter:label1\" content=\"Szerz\u0151:\" \/>\n\t<meta name=\"twitter:data1\" content=\"Tibor atya\" \/>\n\t<meta name=\"twitter:label2\" content=\"Becs\u00fclt olvas\u00e1si id\u0151\" \/>\n\t<meta name=\"twitter:data2\" content=\"1 perc\" \/>\n<script type=\"application\/ld+json\" class=\"yoast-schema-graph\">{\"@context\":\"https:\\\/\\\/schema.org\",\"@graph\":[{\"@type\":\"Article\",\"@id\":\"https:\\\/\\\/stuttgarti-katolikusok.de\\\/index.php\\\/a-mas-anyanyelvu-pasztoracioban-dolgozok-talalkozoja\\\/#article\",\"isPartOf\":{\"@id\":\"https:\\\/\\\/stuttgarti-katolikusok.de\\\/index.php\\\/a-mas-anyanyelvu-pasztoracioban-dolgozok-talalkozoja\\\/\"},\"author\":{\"name\":\"Tibor atya\",\"@id\":\"https:\\\/\\\/stuttgarti-katolikusok.de\\\/#\\\/schema\\\/person\\\/75908d6f8fdc03a57889d27209df7795\"},\"headline\":\"A m\u00e1s anyanyelv\u0171 pasztor\u00e1ci\u00f3ban dolgoz\u00f3k tal\u00e1lkoz\u00f3ja\",\"datePublished\":\"2023-03-16T12:15:55+00:00\",\"mainEntityOfPage\":{\"@id\":\"https:\\\/\\\/stuttgarti-katolikusok.de\\\/index.php\\\/a-mas-anyanyelvu-pasztoracioban-dolgozok-talalkozoja\\\/\"},\"wordCount\":128,\"image\":{\"@id\":\"https:\\\/\\\/stuttgarti-katolikusok.de\\\/index.php\\\/a-mas-anyanyelvu-pasztoracioban-dolgozok-talalkozoja\\\/#primaryimage\"},\"thumbnailUrl\":\"https:\\\/\\\/stuttgarti-katolikusok.de\\\/wp-content\\\/uploads\\\/2023\\\/03\\\/diozesan-konferenz-1.jpg\",\"articleSection\":[\"H\u00edrek\"],\"inLanguage\":\"hu\"},{\"@type\":\"WebPage\",\"@id\":\"https:\\\/\\\/stuttgarti-katolikusok.de\\\/index.php\\\/a-mas-anyanyelvu-pasztoracioban-dolgozok-talalkozoja\\\/\",\"url\":\"https:\\\/\\\/stuttgarti-katolikusok.de\\\/index.php\\\/a-mas-anyanyelvu-pasztoracioban-dolgozok-talalkozoja\\\/\",\"name\":\"A m\u00e1s anyanyelv\u0171 pasztor\u00e1ci\u00f3ban dolgoz\u00f3k tal\u00e1lkoz\u00f3ja - Stuttgarti Katolikusok\",\"isPartOf\":{\"@id\":\"https:\\\/\\\/stuttgarti-katolikusok.de\\\/#website\"},\"primaryImageOfPage\":{\"@id\":\"https:\\\/\\\/stuttgarti-katolikusok.de\\\/index.php\\\/a-mas-anyanyelvu-pasztoracioban-dolgozok-talalkozoja\\\/#primaryimage\"},\"image\":{\"@id\":\"https:\\\/\\\/stuttgarti-katolikusok.de\\\/index.php\\\/a-mas-anyanyelvu-pasztoracioban-dolgozok-talalkozoja\\\/#primaryimage\"},\"thumbnailUrl\":\"https:\\\/\\\/stuttgarti-katolikusok.de\\\/wp-content\\\/uploads\\\/2023\\\/03\\\/diozesan-konferenz-1.jpg\",\"datePublished\":\"2023-03-16T12:15:55+00:00\",\"author\":{\"@id\":\"https:\\\/\\\/stuttgarti-katolikusok.de\\\/#\\\/schema\\\/person\\\/75908d6f8fdc03a57889d27209df7795\"},\"breadcrumb\":{\"@id\":\"https:\\\/\\\/stuttgarti-katolikusok.de\\\/index.php\\\/a-mas-anyanyelvu-pasztoracioban-dolgozok-talalkozoja\\\/#breadcrumb\"},\"inLanguage\":\"hu\",\"potentialAction\":[{\"@type\":\"ReadAction\",\"target\":[\"https:\\\/\\\/stuttgarti-katolikusok.de\\\/index.php\\\/a-mas-anyanyelvu-pasztoracioban-dolgozok-talalkozoja\\\/\"]}]},{\"@type\":\"ImageObject\",\"inLanguage\":\"hu\",\"@id\":\"https:\\\/\\\/stuttgarti-katolikusok.de\\\/index.php\\\/a-mas-anyanyelvu-pasztoracioban-dolgozok-talalkozoja\\\/#primaryimage\",\"url\":\"https:\\\/\\\/stuttgarti-katolikusok.de\\\/wp-content\\\/uploads\\\/2023\\\/03\\\/diozesan-konferenz-1.jpg\",\"contentUrl\":\"https:\\\/\\\/stuttgarti-katolikusok.de\\\/wp-content\\\/uploads\\\/2023\\\/03\\\/diozesan-konferenz-1.jpg\",\"width\":2000,\"height\":1500},{\"@type\":\"BreadcrumbList\",\"@id\":\"https:\\\/\\\/stuttgarti-katolikusok.de\\\/index.php\\\/a-mas-anyanyelvu-pasztoracioban-dolgozok-talalkozoja\\\/#breadcrumb\",\"itemListElement\":[{\"@type\":\"ListItem\",\"position\":1,\"name\":\"Kezd\u0151lap\",\"item\":\"https:\\\/\\\/stuttgarti-katolikusok.de\\\/\"},{\"@type\":\"ListItem\",\"position\":2,\"name\":\"A m\u00e1s anyanyelv\u0171 pasztor\u00e1ci\u00f3ban dolgoz\u00f3k tal\u00e1lkoz\u00f3ja\"}]},{\"@type\":\"WebSite\",\"@id\":\"https:\\\/\\\/stuttgarti-katolikusok.de\\\/#website\",\"url\":\"https:\\\/\\\/stuttgarti-katolikusok.de\\\/\",\"name\":\"Stuttgarti Katolikusok\",\"description\":\"\",\"potentialAction\":[{\"@type\":\"SearchAction\",\"target\":{\"@type\":\"EntryPoint\",\"urlTemplate\":\"https:\\\/\\\/stuttgarti-katolikusok.de\\\/?s={search_term_string}\"},\"query-input\":{\"@type\":\"PropertyValueSpecification\",\"valueRequired\":true,\"valueName\":\"search_term_string\"}}],\"inLanguage\":\"hu\"},{\"@type\":\"Person\",\"@id\":\"https:\\\/\\\/stuttgarti-katolikusok.de\\\/#\\\/schema\\\/person\\\/75908d6f8fdc03a57889d27209df7795\",\"name\":\"Tibor atya\",\"image\":{\"@type\":\"ImageObject\",\"inLanguage\":\"hu\",\"@id\":\"https:\\\/\\\/secure.gravatar.com\\\/avatar\\\/61d268e57d1f4525b111222e29d2d5a7f8c420fdbf231ba5566a8ceac74fa960?s=96&d=mm&r=g\",\"url\":\"https:\\\/\\\/secure.gravatar.com\\\/avatar\\\/61d268e57d1f4525b111222e29d2d5a7f8c420fdbf231ba5566a8ceac74fa960?s=96&d=mm&r=g\",\"contentUrl\":\"https:\\\/\\\/secure.gravatar.com\\\/avatar\\\/61d268e57d1f4525b111222e29d2d5a7f8c420fdbf231ba5566a8ceac74fa960?s=96&d=mm&r=g\",\"caption\":\"Tibor atya\"},\"url\":\"https:\\\/\\\/stuttgarti-katolikusok.de\\\/index.php\\\/author\\\/tibor-atya\\\/\"}]}<\/script>\n<!-- \/ Yoast SEO plugin. -->","yoast_head_json":{"title":"A m\u00e1s anyanyelv\u0171 pasztor\u00e1ci\u00f3ban dolgoz\u00f3k tal\u00e1lkoz\u00f3ja - Stuttgarti Katolikusok","robots":{"index":"index","follow":"follow","max-snippet":"max-snippet:-1","max-image-preview":"max-image-preview:large","max-video-preview":"max-video-preview:-1"},"canonical":"https:\/\/stuttgarti-katolikusok.de\/index.php\/a-mas-anyanyelvu-pasztoracioban-dolgozok-talalkozoja\/","og_locale":"hu_HU","og_type":"article","og_title":"A m\u00e1s anyanyelv\u0171 pasztor\u00e1ci\u00f3ban dolgoz\u00f3k tal\u00e1lkoz\u00f3ja - Stuttgarti Katolikusok","og_description":"2023. m\u00e1rcius 15-\u00e9n a Szent Gell\u00e9rt Egyh\u00e1zk\u00f6zs\u00e9g adott otthont a m\u00e1s anyanyelv\u0171 lelkip\u00e1sztorkod\u00e1sban szolg\u00e1l\u00f3 paptesv\u00e9rek \u00e9s munkat\u00e1rsak konferenci\u00e1j\u00e1nak. Tal\u00e1lkoz\u00f3nkat a Bruder Klaus templomban kezdt\u00fck, ahol H\u00e4fner-Geiger Ildik\u00f3, zongoram\u0171v\u00e9szn\u0151\/egyh\u00e1zzen\u00e9sz \u00e9s N\u00e9meti Gergely opera\u00e9nekes\/tenor egy zenem\u0171vel, Alessandro Stradella &#8211; Pieta Signore, aj\u00e1nd\u00e9koztak meg benn\u00fcnket. A vide\u00f3felv\u00e9tel itt \u00e9rhet\u0151 el:\u00a0\u00a0Alessandro Stradella &#8211; Pieta Signore A lelki impulzust k\u00f6vet\u0151en, amely nagyon nagy sikert aratott, folytattuk munk\u00e1nkat. Ennek r\u00e9szleteir\u0151l, s mindarr\u00f3l, ami benn\u00fcnket is \u00e9rint hamarosan r\u00e9szletesen besz\u00e1molok. Tibor atya","og_url":"https:\/\/stuttgarti-katolikusok.de\/index.php\/a-mas-anyanyelvu-pasztoracioban-dolgozok-talalkozoja\/","og_site_name":"Stuttgarti Katolikusok","article_published_time":"2023-03-16T12:15:55+00:00","og_image":[{"width":2000,"height":1500,"url":"https:\/\/stuttgarti-katolikusok.de\/wp-content\/uploads\/2023\/03\/diozesan-konferenz-1.jpg","type":"image\/jpeg"}],"author":"Tibor atya","twitter_card":"summary_large_image","twitter_misc":{"Szerz\u0151:":"Tibor atya","Becs\u00fclt olvas\u00e1si id\u0151":"1 perc"},"schema":{"@context":"https:\/\/schema.org","@graph":[{"@type":"Article","@id":"https:\/\/stuttgarti-katolikusok.de\/index.php\/a-mas-anyanyelvu-pasztoracioban-dolgozok-talalkozoja\/#article","isPartOf":{"@id":"https:\/\/stuttgarti-katolikusok.de\/index.php\/a-mas-anyanyelvu-pasztoracioban-dolgozok-talalkozoja\/"},"author":{"name":"Tibor atya","@id":"https:\/\/stuttgarti-katolikusok.de\/#\/schema\/person\/75908d6f8fdc03a57889d27209df7795"},"headline":"A m\u00e1s anyanyelv\u0171 pasztor\u00e1ci\u00f3ban dolgoz\u00f3k tal\u00e1lkoz\u00f3ja","datePublished":"2023-03-16T12:15:55+00:00","mainEntityOfPage":{"@id":"https:\/\/stuttgarti-katolikusok.de\/index.php\/a-mas-anyanyelvu-pasztoracioban-dolgozok-talalkozoja\/"},"wordCount":128,"image":{"@id":"https:\/\/stuttgarti-katolikusok.de\/index.php\/a-mas-anyanyelvu-pasztoracioban-dolgozok-talalkozoja\/#primaryimage"},"thumbnailUrl":"https:\/\/stuttgarti-katolikusok.de\/wp-content\/uploads\/2023\/03\/diozesan-konferenz-1.jpg","articleSection":["H\u00edrek"],"inLanguage":"hu"},{"@type":"WebPage","@id":"https:\/\/stuttgarti-katolikusok.de\/index.php\/a-mas-anyanyelvu-pasztoracioban-dolgozok-talalkozoja\/","url":"https:\/\/stuttgarti-katolikusok.de\/index.php\/a-mas-anyanyelvu-pasztoracioban-dolgozok-talalkozoja\/","name":"A m\u00e1s anyanyelv\u0171 pasztor\u00e1ci\u00f3ban dolgoz\u00f3k tal\u00e1lkoz\u00f3ja - Stuttgarti Katolikusok","isPartOf":{"@id":"https:\/\/stuttgarti-katolikusok.de\/#website"},"primaryImageOfPage":{"@id":"https:\/\/stuttgarti-katolikusok.de\/index.php\/a-mas-anyanyelvu-pasztoracioban-dolgozok-talalkozoja\/#primaryimage"},"image":{"@id":"https:\/\/stuttgarti-katolikusok.de\/index.php\/a-mas-anyanyelvu-pasztoracioban-dolgozok-talalkozoja\/#primaryimage"},"thumbnailUrl":"https:\/\/stuttgarti-katolikusok.de\/wp-content\/uploads\/2023\/03\/diozesan-konferenz-1.jpg","datePublished":"2023-03-16T12:15:55+00:00","author":{"@id":"https:\/\/stuttgarti-katolikusok.de\/#\/schema\/person\/75908d6f8fdc03a57889d27209df7795"},"breadcrumb":{"@id":"https:\/\/stuttgarti-katolikusok.de\/index.php\/a-mas-anyanyelvu-pasztoracioban-dolgozok-talalkozoja\/#breadcrumb"},"inLanguage":"hu","potentialAction":[{"@type":"ReadAction","target":["https:\/\/stuttgarti-katolikusok.de\/index.php\/a-mas-anyanyelvu-pasztoracioban-dolgozok-talalkozoja\/"]}]},{"@type":"ImageObject","inLanguage":"hu","@id":"https:\/\/stuttgarti-katolikusok.de\/index.php\/a-mas-anyanyelvu-pasztoracioban-dolgozok-talalkozoja\/#primaryimage","url":"https:\/\/stuttgarti-katolikusok.de\/wp-content\/uploads\/2023\/03\/diozesan-konferenz-1.jpg","contentUrl":"https:\/\/stuttgarti-katolikusok.de\/wp-content\/uploads\/2023\/03\/diozesan-konferenz-1.jpg","width":2000,"height":1500},{"@type":"BreadcrumbList","@id":"https:\/\/stuttgarti-katolikusok.de\/index.php\/a-mas-anyanyelvu-pasztoracioban-dolgozok-talalkozoja\/#breadcrumb","itemListElement":[{"@type":"ListItem","position":1,"name":"Kezd\u0151lap","item":"https:\/\/stuttgarti-katolikusok.de\/"},{"@type":"ListItem","position":2,"name":"A m\u00e1s anyanyelv\u0171 pasztor\u00e1ci\u00f3ban dolgoz\u00f3k tal\u00e1lkoz\u00f3ja"}]},{"@type":"WebSite","@id":"https:\/\/stuttgarti-katolikusok.de\/#website","url":"https:\/\/stuttgarti-katolikusok.de\/","name":"Stuttgarti Katolikusok","description":"","potentialAction":[{"@type":"SearchAction","target":{"@type":"EntryPoint","urlTemplate":"https:\/\/stuttgarti-katolikusok.de\/?s={search_term_string}"},"query-input":{"@type":"PropertyValueSpecification","valueRequired":true,"valueName":"search_term_string"}}],"inLanguage":"hu"},{"@type":"Person","@id":"https:\/\/stuttgarti-katolikusok.de\/#\/schema\/person\/75908d6f8fdc03a57889d27209df7795","name":"Tibor atya","image":{"@type":"ImageObject","inLanguage":"hu","@id":"https:\/\/secure.gravatar.com\/avatar\/61d268e57d1f4525b111222e29d2d5a7f8c420fdbf231ba5566a8ceac74fa960?s=96&d=mm&r=g","url":"https:\/\/secure.gravatar.com\/avatar\/61d268e57d1f4525b111222e29d2d5a7f8c420fdbf231ba5566a8ceac74fa960?s=96&d=mm&r=g","contentUrl":"https:\/\/secure.gravatar.com\/avatar\/61d268e57d1f4525b111222e29d2d5a7f8c420fdbf231ba5566a8ceac74fa960?s=96&d=mm&r=g","caption":"Tibor atya"},"url":"https:\/\/stuttgarti-katolikusok.de\/index.php\/author\/tibor-atya\/"}]}},"_links":{"self":[{"href":"https:\/\/stuttgarti-katolikusok.de\/index.php\/wp-json\/wp\/v2\/posts\/26480","targetHints":{"allow":["GET"]}}],"collection":[{"href":"https:\/\/stuttgarti-katolikusok.de\/index.php\/wp-json\/wp\/v2\/posts"}],"about":[{"href":"https:\/\/stuttgarti-katolikusok.de\/index.php\/wp-json\/wp\/v2\/types\/post"}],"author":[{"embeddable":true,"href":"https:\/\/stuttgarti-katolikusok.de\/index.php\/wp-json\/wp\/v2\/users\/3"}],"replies":[{"embeddable":true,"href":"https:\/\/stuttgarti-katolikusok.de\/index.php\/wp-json\/wp\/v2\/comments?post=26480"}],"version-history":[{"count":1,"href":"https:\/\/stuttgarti-katolikusok.de\/index.php\/wp-json\/wp\/v2\/posts\/26480\/revisions"}],"predecessor-version":[{"id":26483,"href":"https:\/\/stuttgarti-katolikusok.de\/index.php\/wp-json\/wp\/v2\/posts\/26480\/revisions\/26483"}],"wp:featuredmedia":[{"embeddable":true,"href":"https:\/\/stuttgarti-katolikusok.de\/index.php\/wp-json\/wp\/v2\/media\/26481"}],"wp:attachment":[{"href":"https:\/\/stuttgarti-katolikusok.de\/index.php\/wp-json\/wp\/v2\/media?parent=26480"}],"wp:term":[{"taxonomy":"category","embeddable":true,"href":"https:\/\/stuttgarti-katolikusok.de\/index.php\/wp-json\/wp\/v2\/categories?post=26480"},{"taxonomy":"post_tag","embeddable":true,"href":"https:\/\/stuttgarti-katolikusok.de\/index.php\/wp-json\/wp\/v2\/tags?post=26480"}],"curies":[{"name":"wp","href":"https:\/\/api.w.org\/{rel}","templated":true}]}}