{"id":26477,"date":"2023-03-13T21:53:00","date_gmt":"2023-03-13T20:53:00","guid":{"rendered":"https:\/\/stuttgarti-katolikusok.de\/?p=26477"},"modified":"2023-03-13T21:53:00","modified_gmt":"2023-03-13T20:53:00","slug":"nonapi-unneples-stuttgartban","status":"publish","type":"post","link":"https:\/\/stuttgarti-katolikusok.de\/index.php\/nonapi-unneples-stuttgartban\/","title":{"rendered":"N\u0151napi \u00fcnnepl\u00e9s Stuttgartban"},"content":{"rendered":"<p>Tavaly novemberben \u00fajra alakult Egyh\u00e1zk\u00f6zs\u00e9g\u00fcnk Bar\u00e1ts\u00e1gklubja. Tibor atya sikeres keres\u00e9s\u00e9nek eredm\u00e9nyek\u00e9ppen Erd\u0151sn\u00e9 Erika \u00e9s Erd\u0151s S\u00e1ndor v\u00e1llalta a Bar\u00e1ts\u00e1gklub vezet\u00e9s\u00e9t.<\/p>\n<p>Erika, aki anyaorsz\u00e1gunkban is szoci\u00e1lis projektekkel foglalkozott \u00e9s f\u00e9rje, S\u00e1ndor, a sikeres klubvezet\u00e9s titk\u00e1t is megoldott\u00e1k: minden tal\u00e1lkoz\u00f3ra \u00faj programot gondoltak ki, amit vet\u00edt\u00e9ssel, zenei al\u00e1fest\u00e9ssel, megh\u00edvott m\u0171v\u00e9szekkel tark\u00edtottak \u00e9s minden alkalommal m\u0171v\u00e9szi m\u00f3don elk\u00e9sz\u00edtett megh\u00edv\u00f3t k\u00fcldtek Egyh\u00e1zk\u00f6zs\u00e9g\u00fcnk h\u00edveinek. A Bar\u00e1ts\u00e1gklub d\u00e9lut\u00e1nj\u00e1n minden koroszt\u00e1ly j\u00f3l \u00e9rzi mag\u00e1t, \u00f6rvend\u00fcnk, hogy tal\u00e1lkozhatunk \u00e9s p\u00e1r \u00f3r\u00e1t gondtalanul elt\u00f6lthet\u00fcnk.<\/p>\n<ul style=\"list-style-type: square;\">\n<li>Erika \u00f6tlete nyom\u00e1n, Kar\u00e1csony el\u0151tt, sorsh\u00faz\u00e1ssal kis, szem\u00e9lyesen elk\u00e9sz\u00edtett aj\u00e1nd\u00e9kokkal lept\u00fck meg egym\u00e1st.<\/li>\n<li>A farsangi tal\u00e1lkoz\u00f3n Tibor atya az egyh\u00e1z szempontj\u00e1b\u00f3l mutatta be nek\u00fcnk ezt a v\u00edg id\u0151szakot, Erika farsangi szok\u00e1sokat eleven\u00edtett fel \u00e9s S\u00e1ndor biztos\u00edtotta a zenei al\u00e1fest\u00e9st \u00e9s a f\u00e9nyj\u00e1t\u00e9kot, ami olyan j\u00f3 volt, hogy t\u00f6bben t\u00e1ncra is perd\u00fclt\u00fcnk.<\/li>\n<li>A b\u00f6jti egyh\u00e1zi vonatkoz\u00e1s\u00fa tudnival\u00f3kat Tibor atya mutatta be, Erika pedig n\u00e9pi trad\u00edci\u00f3kkal ismertetett meg benn\u00fcnket.<\/li>\n<li>P\u00e9nteken, m\u00e1rcius 10-\u00e9n, n\u0151napi \u00fcnneps\u00e9gre h\u00edvtak meg benn\u00fcnket Tibor atya, Erika \u00e9s S\u00e1ndor.<\/li>\n<\/ul>\n<p>Nagy meglepet\u00e9s v\u00e1rt r\u00e1nk: Tibor atya k\u00e9r\u00e9s\u00e9re N\u00e9meti Gergely opera\u00e9nekes\/tenor olasz canzonett\u00e1kkal k\u00f6sz\u00f6nt\u00f6tte a jelenl\u00e9v\u0151 h\u00f6lgyeket. A megh\u00edvott sz\u00f3lista Sz\u00e9kelyf\u00f6ldr\u0151l, Gyergy\u00f3szentmikl\u00f3sr\u00f3l sz\u00e1rmazik \u00e9s 2012 \u00f3ta \u00e9l csal\u00e1dj\u00e1val egy\u00fctt Stuttgartban. Mint sz\u00f3lista fell\u00e9pett t\u00f6bbek k\u00f6z\u00f6tt a b\u00e9csi \u00e1llami sz\u00ednh\u00e1zban, a z\u00fcrichi, toki\u00f3i \u00e9s stuttgarti oper\u00e1ban.<\/p>\n<p>A Bar\u00e1ts\u00e1gklub d\u00e9lut\u00e1nj\u00e1n N\u00e9meti Gergely opera\u00e9nekes k\u00e9t canzonett\u00e1val \u00f6rvendeztetett meg benn\u00fcnket. Az els\u0151 canzonetta az \u00e9desany\u00e1r\u00f3l sz\u00f3lt <em><strong>\u201eMamma son tanto felice\u201d<\/strong><\/em> c\u00edmmel, amit a m\u0171v\u00e9sz \u00far k\u00e9t \u00e9ve elhunyt \u00e9desanyja eml\u00e9k\u00e9re \u00e9nekelt el nek\u00fcnk, a m\u00e1sodik <strong><em>\u201eNon ti scordar di me\u201d<\/em><\/strong>, <em><strong>\u201eNe felejts el\u201d<\/strong><\/em> c\u00edm\u0171 canzonett\u00e1t a k\u00f6zt\u00fcnk jelenlev\u0151 kisl\u00e1ny\u00e1nak, Kat\u00e1nak, dedik\u00e1lta.<\/p>\n<p>A vastaps ut\u00e1n r\u00e1ad\u00e1sk\u00e9nt k\u00f6vetkezett <em><strong>Puccini \u201eTosca\u201d<\/strong> <\/em>c\u00edm\u0171 oper\u00e1j\u00e1b\u00f3l a <em><strong>\u201eLev\u00e9l\u00e1ria\u201d<\/strong><\/em>.<\/p>\n<p>Ezzel viszont nem \u00e9rt v\u00e9get a meglepet\u00e9sek d\u00e9lut\u00e1nja: Erika k\u00f6vetkezett, aki a klub h\u00f6lgyeit vir\u00e1gokkal m\u0171v\u00e9szi m\u00f3don d\u00edsz\u00edtett Isler s\u00fctem\u00e9nnyel \u00e9s n\u0151napi k\u00f6sz\u00f6nt\u0151 k\u00e1rty\u00e1val aj\u00e1nd\u00e9kozott meg.<\/p>\n<p>A tal\u00e1lkoz\u00f3t a ter\u00edtett asztaln\u00e1l fejezt\u00fck be, ahol a klub r\u00e9sztvev\u0151it\u0151l hozott szendvicsek, \u00e9des \u00e9s s\u00f3s s\u00fctem\u00e9nyek v\u00e1rtak r\u00e1nk.<\/p>\n<p>H\u00e1l\u00e1s k\u00f6sz\u00f6net Tibor aty\u00e1nak, N\u00e9meti Gergely opera\u00e9nekesnek, valamint az Erd\u0151s csal\u00e1dnak a mes\u00e9s d\u00e9lut\u00e1n\u00e9rt.<\/p>\n<p><em>D\u00e1vid Melinda<\/em><\/p>\n","protected":false},"excerpt":{"rendered":"<p>Tavaly novemberben \u00fajra alakult Egyh\u00e1zk\u00f6zs\u00e9g\u00fcnk Bar\u00e1ts\u00e1gklubja. Tibor atya sikeres keres\u00e9s\u00e9nek eredm\u00e9nyek\u00e9ppen Erd\u0151sn\u00e9 Erika \u00e9s Erd\u0151s S\u00e1ndor v\u00e1llalta a Bar\u00e1ts\u00e1gklub vezet\u00e9s\u00e9t. Erika, aki anyaorsz\u00e1gunkban is szoci\u00e1lis projektekkel foglalkozott \u00e9s f\u00e9rje, S\u00e1ndor, a sikeres klubvezet\u00e9s titk\u00e1t is megoldott\u00e1k: minden tal\u00e1lkoz\u00f3ra \u00faj programot gondoltak ki, amit vet\u00edt\u00e9ssel, zenei al\u00e1fest\u00e9ssel, megh\u00edvott m\u0171v\u00e9szekkel tark\u00edtottak \u00e9s minden alkalommal m\u0171v\u00e9szi m\u00f3don elk\u00e9sz\u00edtett megh\u00edv\u00f3t k\u00fcldtek Egyh\u00e1zk\u00f6zs\u00e9g\u00fcnk h\u00edveinek. A Bar\u00e1ts\u00e1gklub d\u00e9lut\u00e1nj\u00e1n minden koroszt\u00e1ly j\u00f3l \u00e9rzi mag\u00e1t, \u00f6rvend\u00fcnk, hogy tal\u00e1lkozhatunk \u00e9s p\u00e1r \u00f3r\u00e1t gondtalanul elt\u00f6lthet\u00fcnk. Erika \u00f6tlete nyom\u00e1n, Kar\u00e1csony el\u0151tt, sorsh\u00faz\u00e1ssal kis, szem\u00e9lyesen elk\u00e9sz\u00edtett aj\u00e1nd\u00e9kokkal lept\u00fck meg egym\u00e1st. A farsangi tal\u00e1lkoz\u00f3n Tibor atya az egyh\u00e1z szempontj\u00e1b\u00f3l mutatta be nek\u00fcnk ezt a v\u00edg id\u0151szakot, Erika farsangi szok\u00e1sokat eleven\u00edtett fel \u00e9s S\u00e1ndor biztos\u00edtotta a zenei al\u00e1fest\u00e9st \u00e9s a f\u00e9nyj\u00e1t\u00e9kot, ami olyan j\u00f3 volt, hogy t\u00f6bben t\u00e1ncra is perd\u00fclt\u00fcnk. A b\u00f6jti egyh\u00e1zi vonatkoz\u00e1s\u00fa tudnival\u00f3kat Tibor atya mutatta be, Erika pedig n\u00e9pi trad\u00edci\u00f3kkal ismertetett meg benn\u00fcnket. P\u00e9nteken, m\u00e1rcius 10-\u00e9n, n\u0151napi \u00fcnneps\u00e9gre h\u00edvtak meg benn\u00fcnket Tibor atya, Erika \u00e9s S\u00e1ndor. Nagy meglepet\u00e9s v\u00e1rt r\u00e1nk: Tibor atya k\u00e9r\u00e9s\u00e9re N\u00e9meti Gergely opera\u00e9nekes\/tenor olasz canzonett\u00e1kkal k\u00f6sz\u00f6nt\u00f6tte a jelenl\u00e9v\u0151 h\u00f6lgyeket. A megh\u00edvott sz\u00f3lista Sz\u00e9kelyf\u00f6ldr\u0151l, Gyergy\u00f3szentmikl\u00f3sr\u00f3l sz\u00e1rmazik \u00e9s 2012 \u00f3ta \u00e9l csal\u00e1dj\u00e1val egy\u00fctt Stuttgartban. Mint sz\u00f3lista fell\u00e9pett t\u00f6bbek k\u00f6z\u00f6tt a b\u00e9csi \u00e1llami sz\u00ednh\u00e1zban, a z\u00fcrichi, toki\u00f3i \u00e9s stuttgarti oper\u00e1ban. A Bar\u00e1ts\u00e1gklub d\u00e9lut\u00e1nj\u00e1n N\u00e9meti Gergely opera\u00e9nekes k\u00e9t canzonett\u00e1val \u00f6rvendeztetett meg benn\u00fcnket. Az els\u0151 canzonetta az \u00e9desany\u00e1r\u00f3l sz\u00f3lt \u201eMamma son tanto felice\u201d c\u00edmmel, amit a m\u0171v\u00e9sz \u00far k\u00e9t \u00e9ve elhunyt \u00e9desanyja eml\u00e9k\u00e9re \u00e9nekelt el nek\u00fcnk, a m\u00e1sodik \u201eNon ti scordar di me\u201d, \u201eNe felejts el\u201d c\u00edm\u0171 canzonett\u00e1t a k\u00f6zt\u00fcnk jelenlev\u0151 kisl\u00e1ny\u00e1nak, Kat\u00e1nak, dedik\u00e1lta. A vastaps ut\u00e1n r\u00e1ad\u00e1sk\u00e9nt k\u00f6vetkezett Puccini \u201eTosca\u201d c\u00edm\u0171 oper\u00e1j\u00e1b\u00f3l a \u201eLev\u00e9l\u00e1ria\u201d. Ezzel viszont nem \u00e9rt v\u00e9get a meglepet\u00e9sek d\u00e9lut\u00e1nja: Erika k\u00f6vetkezett, aki a klub h\u00f6lgyeit vir\u00e1gokkal m\u0171v\u00e9szi m\u00f3don d\u00edsz\u00edtett Isler s\u00fctem\u00e9nnyel \u00e9s n\u0151napi k\u00f6sz\u00f6nt\u0151 k\u00e1rty\u00e1val aj\u00e1nd\u00e9kozott meg. A tal\u00e1lkoz\u00f3t a ter\u00edtett asztaln\u00e1l fejezt\u00fck be, ahol a klub r\u00e9sztvev\u0151it\u0151l hozott&#8230; <\/p>\n<p><a class=\"readmore\" href=\"https:\/\/stuttgarti-katolikusok.de\/index.php\/nonapi-unneples-stuttgartban\/\">R\u00e9szletek<\/a><\/p>\n","protected":false},"author":3,"featured_media":26478,"comment_status":"closed","ping_status":"closed","sticky":false,"template":"","format":"standard","meta":{"footnotes":""},"categories":[1],"tags":[],"class_list":["post-26477","post","type-post","status-publish","format-standard","has-post-thumbnail","hentry","category-valogatott"],"yoast_head":"<!-- This site is optimized with the Yoast SEO plugin v27.3 - https:\/\/yoast.com\/product\/yoast-seo-wordpress\/ -->\n<title>N\u0151napi \u00fcnnepl\u00e9s Stuttgartban - Stuttgarti Katolikusok<\/title>\n<meta name=\"robots\" content=\"index, follow, max-snippet:-1, max-image-preview:large, max-video-preview:-1\" \/>\n<link rel=\"canonical\" href=\"https:\/\/stuttgarti-katolikusok.de\/index.php\/nonapi-unneples-stuttgartban\/\" \/>\n<meta property=\"og:locale\" content=\"hu_HU\" \/>\n<meta property=\"og:type\" content=\"article\" \/>\n<meta property=\"og:title\" content=\"N\u0151napi \u00fcnnepl\u00e9s Stuttgartban - Stuttgarti Katolikusok\" \/>\n<meta property=\"og:description\" content=\"Tavaly novemberben \u00fajra alakult Egyh\u00e1zk\u00f6zs\u00e9g\u00fcnk Bar\u00e1ts\u00e1gklubja. Tibor atya sikeres keres\u00e9s\u00e9nek eredm\u00e9nyek\u00e9ppen Erd\u0151sn\u00e9 Erika \u00e9s Erd\u0151s S\u00e1ndor v\u00e1llalta a Bar\u00e1ts\u00e1gklub vezet\u00e9s\u00e9t. Erika, aki anyaorsz\u00e1gunkban is szoci\u00e1lis projektekkel foglalkozott \u00e9s f\u00e9rje, S\u00e1ndor, a sikeres klubvezet\u00e9s titk\u00e1t is megoldott\u00e1k: minden tal\u00e1lkoz\u00f3ra \u00faj programot gondoltak ki, amit vet\u00edt\u00e9ssel, zenei al\u00e1fest\u00e9ssel, megh\u00edvott m\u0171v\u00e9szekkel tark\u00edtottak \u00e9s minden alkalommal m\u0171v\u00e9szi m\u00f3don elk\u00e9sz\u00edtett megh\u00edv\u00f3t k\u00fcldtek Egyh\u00e1zk\u00f6zs\u00e9g\u00fcnk h\u00edveinek. A Bar\u00e1ts\u00e1gklub d\u00e9lut\u00e1nj\u00e1n minden koroszt\u00e1ly j\u00f3l \u00e9rzi mag\u00e1t, \u00f6rvend\u00fcnk, hogy tal\u00e1lkozhatunk \u00e9s p\u00e1r \u00f3r\u00e1t gondtalanul elt\u00f6lthet\u00fcnk. Erika \u00f6tlete nyom\u00e1n, Kar\u00e1csony el\u0151tt, sorsh\u00faz\u00e1ssal kis, szem\u00e9lyesen elk\u00e9sz\u00edtett aj\u00e1nd\u00e9kokkal lept\u00fck meg egym\u00e1st. A farsangi tal\u00e1lkoz\u00f3n Tibor atya az egyh\u00e1z szempontj\u00e1b\u00f3l mutatta be nek\u00fcnk ezt a v\u00edg id\u0151szakot, Erika farsangi szok\u00e1sokat eleven\u00edtett fel \u00e9s S\u00e1ndor biztos\u00edtotta a zenei al\u00e1fest\u00e9st \u00e9s a f\u00e9nyj\u00e1t\u00e9kot, ami olyan j\u00f3 volt, hogy t\u00f6bben t\u00e1ncra is perd\u00fclt\u00fcnk. A b\u00f6jti egyh\u00e1zi vonatkoz\u00e1s\u00fa tudnival\u00f3kat Tibor atya mutatta be, Erika pedig n\u00e9pi trad\u00edci\u00f3kkal ismertetett meg benn\u00fcnket. P\u00e9nteken, m\u00e1rcius 10-\u00e9n, n\u0151napi \u00fcnneps\u00e9gre h\u00edvtak meg benn\u00fcnket Tibor atya, Erika \u00e9s S\u00e1ndor. Nagy meglepet\u00e9s v\u00e1rt r\u00e1nk: Tibor atya k\u00e9r\u00e9s\u00e9re N\u00e9meti Gergely opera\u00e9nekes\/tenor olasz canzonett\u00e1kkal k\u00f6sz\u00f6nt\u00f6tte a jelenl\u00e9v\u0151 h\u00f6lgyeket. A megh\u00edvott sz\u00f3lista Sz\u00e9kelyf\u00f6ldr\u0151l, Gyergy\u00f3szentmikl\u00f3sr\u00f3l sz\u00e1rmazik \u00e9s 2012 \u00f3ta \u00e9l csal\u00e1dj\u00e1val egy\u00fctt Stuttgartban. Mint sz\u00f3lista fell\u00e9pett t\u00f6bbek k\u00f6z\u00f6tt a b\u00e9csi \u00e1llami sz\u00ednh\u00e1zban, a z\u00fcrichi, toki\u00f3i \u00e9s stuttgarti oper\u00e1ban. A Bar\u00e1ts\u00e1gklub d\u00e9lut\u00e1nj\u00e1n N\u00e9meti Gergely opera\u00e9nekes k\u00e9t canzonett\u00e1val \u00f6rvendeztetett meg benn\u00fcnket. Az els\u0151 canzonetta az \u00e9desany\u00e1r\u00f3l sz\u00f3lt \u201eMamma son tanto felice\u201d c\u00edmmel, amit a m\u0171v\u00e9sz \u00far k\u00e9t \u00e9ve elhunyt \u00e9desanyja eml\u00e9k\u00e9re \u00e9nekelt el nek\u00fcnk, a m\u00e1sodik \u201eNon ti scordar di me\u201d, \u201eNe felejts el\u201d c\u00edm\u0171 canzonett\u00e1t a k\u00f6zt\u00fcnk jelenlev\u0151 kisl\u00e1ny\u00e1nak, Kat\u00e1nak, dedik\u00e1lta. A vastaps ut\u00e1n r\u00e1ad\u00e1sk\u00e9nt k\u00f6vetkezett Puccini \u201eTosca\u201d c\u00edm\u0171 oper\u00e1j\u00e1b\u00f3l a \u201eLev\u00e9l\u00e1ria\u201d. Ezzel viszont nem \u00e9rt v\u00e9get a meglepet\u00e9sek d\u00e9lut\u00e1nja: Erika k\u00f6vetkezett, aki a klub h\u00f6lgyeit vir\u00e1gokkal m\u0171v\u00e9szi m\u00f3don d\u00edsz\u00edtett Isler s\u00fctem\u00e9nnyel \u00e9s n\u0151napi k\u00f6sz\u00f6nt\u0151 k\u00e1rty\u00e1val aj\u00e1nd\u00e9kozott meg. A tal\u00e1lkoz\u00f3t a ter\u00edtett asztaln\u00e1l fejezt\u00fck be, ahol a klub r\u00e9sztvev\u0151it\u0151l hozott... R\u00e9szletek\" \/>\n<meta property=\"og:url\" content=\"https:\/\/stuttgarti-katolikusok.de\/index.php\/nonapi-unneples-stuttgartban\/\" \/>\n<meta property=\"og:site_name\" content=\"Stuttgarti Katolikusok\" \/>\n<meta property=\"article:published_time\" content=\"2023-03-13T20:53:00+00:00\" \/>\n<meta property=\"og:image\" content=\"https:\/\/stuttgarti-katolikusok.de\/wp-content\/uploads\/2023\/03\/whatsapp-kep-2023-03-11-231125.jpg\" \/>\n\t<meta property=\"og:image:width\" content=\"1600\" \/>\n\t<meta property=\"og:image:height\" content=\"1200\" \/>\n\t<meta property=\"og:image:type\" content=\"image\/jpeg\" \/>\n<meta name=\"author\" content=\"Tibor atya\" \/>\n<meta name=\"twitter:card\" content=\"summary_large_image\" \/>\n<meta name=\"twitter:label1\" content=\"Szerz\u0151:\" \/>\n\t<meta name=\"twitter:data1\" content=\"Tibor atya\" \/>\n\t<meta name=\"twitter:label2\" content=\"Becs\u00fclt olvas\u00e1si id\u0151\" \/>\n\t<meta name=\"twitter:data2\" content=\"2 perc\" \/>\n<script type=\"application\/ld+json\" class=\"yoast-schema-graph\">{\"@context\":\"https:\\\/\\\/schema.org\",\"@graph\":[{\"@type\":\"Article\",\"@id\":\"https:\\\/\\\/stuttgarti-katolikusok.de\\\/index.php\\\/nonapi-unneples-stuttgartban\\\/#article\",\"isPartOf\":{\"@id\":\"https:\\\/\\\/stuttgarti-katolikusok.de\\\/index.php\\\/nonapi-unneples-stuttgartban\\\/\"},\"author\":{\"name\":\"Tibor atya\",\"@id\":\"https:\\\/\\\/stuttgarti-katolikusok.de\\\/#\\\/schema\\\/person\\\/75908d6f8fdc03a57889d27209df7795\"},\"headline\":\"N\u0151napi \u00fcnnepl\u00e9s Stuttgartban\",\"datePublished\":\"2023-03-13T20:53:00+00:00\",\"mainEntityOfPage\":{\"@id\":\"https:\\\/\\\/stuttgarti-katolikusok.de\\\/index.php\\\/nonapi-unneples-stuttgartban\\\/\"},\"wordCount\":564,\"image\":{\"@id\":\"https:\\\/\\\/stuttgarti-katolikusok.de\\\/index.php\\\/nonapi-unneples-stuttgartban\\\/#primaryimage\"},\"thumbnailUrl\":\"https:\\\/\\\/stuttgarti-katolikusok.de\\\/wp-content\\\/uploads\\\/2023\\\/03\\\/whatsapp-kep-2023-03-11-231125.jpg\",\"articleSection\":[\"V\u00e1logatott \u00edr\u00e1sok\"],\"inLanguage\":\"hu\"},{\"@type\":\"WebPage\",\"@id\":\"https:\\\/\\\/stuttgarti-katolikusok.de\\\/index.php\\\/nonapi-unneples-stuttgartban\\\/\",\"url\":\"https:\\\/\\\/stuttgarti-katolikusok.de\\\/index.php\\\/nonapi-unneples-stuttgartban\\\/\",\"name\":\"N\u0151napi \u00fcnnepl\u00e9s Stuttgartban - Stuttgarti Katolikusok\",\"isPartOf\":{\"@id\":\"https:\\\/\\\/stuttgarti-katolikusok.de\\\/#website\"},\"primaryImageOfPage\":{\"@id\":\"https:\\\/\\\/stuttgarti-katolikusok.de\\\/index.php\\\/nonapi-unneples-stuttgartban\\\/#primaryimage\"},\"image\":{\"@id\":\"https:\\\/\\\/stuttgarti-katolikusok.de\\\/index.php\\\/nonapi-unneples-stuttgartban\\\/#primaryimage\"},\"thumbnailUrl\":\"https:\\\/\\\/stuttgarti-katolikusok.de\\\/wp-content\\\/uploads\\\/2023\\\/03\\\/whatsapp-kep-2023-03-11-231125.jpg\",\"datePublished\":\"2023-03-13T20:53:00+00:00\",\"author\":{\"@id\":\"https:\\\/\\\/stuttgarti-katolikusok.de\\\/#\\\/schema\\\/person\\\/75908d6f8fdc03a57889d27209df7795\"},\"breadcrumb\":{\"@id\":\"https:\\\/\\\/stuttgarti-katolikusok.de\\\/index.php\\\/nonapi-unneples-stuttgartban\\\/#breadcrumb\"},\"inLanguage\":\"hu\",\"potentialAction\":[{\"@type\":\"ReadAction\",\"target\":[\"https:\\\/\\\/stuttgarti-katolikusok.de\\\/index.php\\\/nonapi-unneples-stuttgartban\\\/\"]}]},{\"@type\":\"ImageObject\",\"inLanguage\":\"hu\",\"@id\":\"https:\\\/\\\/stuttgarti-katolikusok.de\\\/index.php\\\/nonapi-unneples-stuttgartban\\\/#primaryimage\",\"url\":\"https:\\\/\\\/stuttgarti-katolikusok.de\\\/wp-content\\\/uploads\\\/2023\\\/03\\\/whatsapp-kep-2023-03-11-231125.jpg\",\"contentUrl\":\"https:\\\/\\\/stuttgarti-katolikusok.de\\\/wp-content\\\/uploads\\\/2023\\\/03\\\/whatsapp-kep-2023-03-11-231125.jpg\",\"width\":1600,\"height\":1200},{\"@type\":\"BreadcrumbList\",\"@id\":\"https:\\\/\\\/stuttgarti-katolikusok.de\\\/index.php\\\/nonapi-unneples-stuttgartban\\\/#breadcrumb\",\"itemListElement\":[{\"@type\":\"ListItem\",\"position\":1,\"name\":\"Kezd\u0151lap\",\"item\":\"https:\\\/\\\/stuttgarti-katolikusok.de\\\/\"},{\"@type\":\"ListItem\",\"position\":2,\"name\":\"N\u0151napi \u00fcnnepl\u00e9s Stuttgartban\"}]},{\"@type\":\"WebSite\",\"@id\":\"https:\\\/\\\/stuttgarti-katolikusok.de\\\/#website\",\"url\":\"https:\\\/\\\/stuttgarti-katolikusok.de\\\/\",\"name\":\"Stuttgarti Katolikusok\",\"description\":\"\",\"potentialAction\":[{\"@type\":\"SearchAction\",\"target\":{\"@type\":\"EntryPoint\",\"urlTemplate\":\"https:\\\/\\\/stuttgarti-katolikusok.de\\\/?s={search_term_string}\"},\"query-input\":{\"@type\":\"PropertyValueSpecification\",\"valueRequired\":true,\"valueName\":\"search_term_string\"}}],\"inLanguage\":\"hu\"},{\"@type\":\"Person\",\"@id\":\"https:\\\/\\\/stuttgarti-katolikusok.de\\\/#\\\/schema\\\/person\\\/75908d6f8fdc03a57889d27209df7795\",\"name\":\"Tibor atya\",\"image\":{\"@type\":\"ImageObject\",\"inLanguage\":\"hu\",\"@id\":\"https:\\\/\\\/secure.gravatar.com\\\/avatar\\\/61d268e57d1f4525b111222e29d2d5a7f8c420fdbf231ba5566a8ceac74fa960?s=96&d=mm&r=g\",\"url\":\"https:\\\/\\\/secure.gravatar.com\\\/avatar\\\/61d268e57d1f4525b111222e29d2d5a7f8c420fdbf231ba5566a8ceac74fa960?s=96&d=mm&r=g\",\"contentUrl\":\"https:\\\/\\\/secure.gravatar.com\\\/avatar\\\/61d268e57d1f4525b111222e29d2d5a7f8c420fdbf231ba5566a8ceac74fa960?s=96&d=mm&r=g\",\"caption\":\"Tibor atya\"},\"url\":\"https:\\\/\\\/stuttgarti-katolikusok.de\\\/index.php\\\/author\\\/tibor-atya\\\/\"}]}<\/script>\n<!-- \/ Yoast SEO plugin. -->","yoast_head_json":{"title":"N\u0151napi \u00fcnnepl\u00e9s Stuttgartban - Stuttgarti Katolikusok","robots":{"index":"index","follow":"follow","max-snippet":"max-snippet:-1","max-image-preview":"max-image-preview:large","max-video-preview":"max-video-preview:-1"},"canonical":"https:\/\/stuttgarti-katolikusok.de\/index.php\/nonapi-unneples-stuttgartban\/","og_locale":"hu_HU","og_type":"article","og_title":"N\u0151napi \u00fcnnepl\u00e9s Stuttgartban - Stuttgarti Katolikusok","og_description":"Tavaly novemberben \u00fajra alakult Egyh\u00e1zk\u00f6zs\u00e9g\u00fcnk Bar\u00e1ts\u00e1gklubja. Tibor atya sikeres keres\u00e9s\u00e9nek eredm\u00e9nyek\u00e9ppen Erd\u0151sn\u00e9 Erika \u00e9s Erd\u0151s S\u00e1ndor v\u00e1llalta a Bar\u00e1ts\u00e1gklub vezet\u00e9s\u00e9t. Erika, aki anyaorsz\u00e1gunkban is szoci\u00e1lis projektekkel foglalkozott \u00e9s f\u00e9rje, S\u00e1ndor, a sikeres klubvezet\u00e9s titk\u00e1t is megoldott\u00e1k: minden tal\u00e1lkoz\u00f3ra \u00faj programot gondoltak ki, amit vet\u00edt\u00e9ssel, zenei al\u00e1fest\u00e9ssel, megh\u00edvott m\u0171v\u00e9szekkel tark\u00edtottak \u00e9s minden alkalommal m\u0171v\u00e9szi m\u00f3don elk\u00e9sz\u00edtett megh\u00edv\u00f3t k\u00fcldtek Egyh\u00e1zk\u00f6zs\u00e9g\u00fcnk h\u00edveinek. A Bar\u00e1ts\u00e1gklub d\u00e9lut\u00e1nj\u00e1n minden koroszt\u00e1ly j\u00f3l \u00e9rzi mag\u00e1t, \u00f6rvend\u00fcnk, hogy tal\u00e1lkozhatunk \u00e9s p\u00e1r \u00f3r\u00e1t gondtalanul elt\u00f6lthet\u00fcnk. Erika \u00f6tlete nyom\u00e1n, Kar\u00e1csony el\u0151tt, sorsh\u00faz\u00e1ssal kis, szem\u00e9lyesen elk\u00e9sz\u00edtett aj\u00e1nd\u00e9kokkal lept\u00fck meg egym\u00e1st. A farsangi tal\u00e1lkoz\u00f3n Tibor atya az egyh\u00e1z szempontj\u00e1b\u00f3l mutatta be nek\u00fcnk ezt a v\u00edg id\u0151szakot, Erika farsangi szok\u00e1sokat eleven\u00edtett fel \u00e9s S\u00e1ndor biztos\u00edtotta a zenei al\u00e1fest\u00e9st \u00e9s a f\u00e9nyj\u00e1t\u00e9kot, ami olyan j\u00f3 volt, hogy t\u00f6bben t\u00e1ncra is perd\u00fclt\u00fcnk. A b\u00f6jti egyh\u00e1zi vonatkoz\u00e1s\u00fa tudnival\u00f3kat Tibor atya mutatta be, Erika pedig n\u00e9pi trad\u00edci\u00f3kkal ismertetett meg benn\u00fcnket. P\u00e9nteken, m\u00e1rcius 10-\u00e9n, n\u0151napi \u00fcnneps\u00e9gre h\u00edvtak meg benn\u00fcnket Tibor atya, Erika \u00e9s S\u00e1ndor. Nagy meglepet\u00e9s v\u00e1rt r\u00e1nk: Tibor atya k\u00e9r\u00e9s\u00e9re N\u00e9meti Gergely opera\u00e9nekes\/tenor olasz canzonett\u00e1kkal k\u00f6sz\u00f6nt\u00f6tte a jelenl\u00e9v\u0151 h\u00f6lgyeket. A megh\u00edvott sz\u00f3lista Sz\u00e9kelyf\u00f6ldr\u0151l, Gyergy\u00f3szentmikl\u00f3sr\u00f3l sz\u00e1rmazik \u00e9s 2012 \u00f3ta \u00e9l csal\u00e1dj\u00e1val egy\u00fctt Stuttgartban. Mint sz\u00f3lista fell\u00e9pett t\u00f6bbek k\u00f6z\u00f6tt a b\u00e9csi \u00e1llami sz\u00ednh\u00e1zban, a z\u00fcrichi, toki\u00f3i \u00e9s stuttgarti oper\u00e1ban. A Bar\u00e1ts\u00e1gklub d\u00e9lut\u00e1nj\u00e1n N\u00e9meti Gergely opera\u00e9nekes k\u00e9t canzonett\u00e1val \u00f6rvendeztetett meg benn\u00fcnket. Az els\u0151 canzonetta az \u00e9desany\u00e1r\u00f3l sz\u00f3lt \u201eMamma son tanto felice\u201d c\u00edmmel, amit a m\u0171v\u00e9sz \u00far k\u00e9t \u00e9ve elhunyt \u00e9desanyja eml\u00e9k\u00e9re \u00e9nekelt el nek\u00fcnk, a m\u00e1sodik \u201eNon ti scordar di me\u201d, \u201eNe felejts el\u201d c\u00edm\u0171 canzonett\u00e1t a k\u00f6zt\u00fcnk jelenlev\u0151 kisl\u00e1ny\u00e1nak, Kat\u00e1nak, dedik\u00e1lta. A vastaps ut\u00e1n r\u00e1ad\u00e1sk\u00e9nt k\u00f6vetkezett Puccini \u201eTosca\u201d c\u00edm\u0171 oper\u00e1j\u00e1b\u00f3l a \u201eLev\u00e9l\u00e1ria\u201d. Ezzel viszont nem \u00e9rt v\u00e9get a meglepet\u00e9sek d\u00e9lut\u00e1nja: Erika k\u00f6vetkezett, aki a klub h\u00f6lgyeit vir\u00e1gokkal m\u0171v\u00e9szi m\u00f3don d\u00edsz\u00edtett Isler s\u00fctem\u00e9nnyel \u00e9s n\u0151napi k\u00f6sz\u00f6nt\u0151 k\u00e1rty\u00e1val aj\u00e1nd\u00e9kozott meg. A tal\u00e1lkoz\u00f3t a ter\u00edtett asztaln\u00e1l fejezt\u00fck be, ahol a klub r\u00e9sztvev\u0151it\u0151l hozott... R\u00e9szletek","og_url":"https:\/\/stuttgarti-katolikusok.de\/index.php\/nonapi-unneples-stuttgartban\/","og_site_name":"Stuttgarti Katolikusok","article_published_time":"2023-03-13T20:53:00+00:00","og_image":[{"width":1600,"height":1200,"url":"https:\/\/stuttgarti-katolikusok.de\/wp-content\/uploads\/2023\/03\/whatsapp-kep-2023-03-11-231125.jpg","type":"image\/jpeg"}],"author":"Tibor atya","twitter_card":"summary_large_image","twitter_misc":{"Szerz\u0151:":"Tibor atya","Becs\u00fclt olvas\u00e1si id\u0151":"2 perc"},"schema":{"@context":"https:\/\/schema.org","@graph":[{"@type":"Article","@id":"https:\/\/stuttgarti-katolikusok.de\/index.php\/nonapi-unneples-stuttgartban\/#article","isPartOf":{"@id":"https:\/\/stuttgarti-katolikusok.de\/index.php\/nonapi-unneples-stuttgartban\/"},"author":{"name":"Tibor atya","@id":"https:\/\/stuttgarti-katolikusok.de\/#\/schema\/person\/75908d6f8fdc03a57889d27209df7795"},"headline":"N\u0151napi \u00fcnnepl\u00e9s Stuttgartban","datePublished":"2023-03-13T20:53:00+00:00","mainEntityOfPage":{"@id":"https:\/\/stuttgarti-katolikusok.de\/index.php\/nonapi-unneples-stuttgartban\/"},"wordCount":564,"image":{"@id":"https:\/\/stuttgarti-katolikusok.de\/index.php\/nonapi-unneples-stuttgartban\/#primaryimage"},"thumbnailUrl":"https:\/\/stuttgarti-katolikusok.de\/wp-content\/uploads\/2023\/03\/whatsapp-kep-2023-03-11-231125.jpg","articleSection":["V\u00e1logatott \u00edr\u00e1sok"],"inLanguage":"hu"},{"@type":"WebPage","@id":"https:\/\/stuttgarti-katolikusok.de\/index.php\/nonapi-unneples-stuttgartban\/","url":"https:\/\/stuttgarti-katolikusok.de\/index.php\/nonapi-unneples-stuttgartban\/","name":"N\u0151napi \u00fcnnepl\u00e9s Stuttgartban - Stuttgarti Katolikusok","isPartOf":{"@id":"https:\/\/stuttgarti-katolikusok.de\/#website"},"primaryImageOfPage":{"@id":"https:\/\/stuttgarti-katolikusok.de\/index.php\/nonapi-unneples-stuttgartban\/#primaryimage"},"image":{"@id":"https:\/\/stuttgarti-katolikusok.de\/index.php\/nonapi-unneples-stuttgartban\/#primaryimage"},"thumbnailUrl":"https:\/\/stuttgarti-katolikusok.de\/wp-content\/uploads\/2023\/03\/whatsapp-kep-2023-03-11-231125.jpg","datePublished":"2023-03-13T20:53:00+00:00","author":{"@id":"https:\/\/stuttgarti-katolikusok.de\/#\/schema\/person\/75908d6f8fdc03a57889d27209df7795"},"breadcrumb":{"@id":"https:\/\/stuttgarti-katolikusok.de\/index.php\/nonapi-unneples-stuttgartban\/#breadcrumb"},"inLanguage":"hu","potentialAction":[{"@type":"ReadAction","target":["https:\/\/stuttgarti-katolikusok.de\/index.php\/nonapi-unneples-stuttgartban\/"]}]},{"@type":"ImageObject","inLanguage":"hu","@id":"https:\/\/stuttgarti-katolikusok.de\/index.php\/nonapi-unneples-stuttgartban\/#primaryimage","url":"https:\/\/stuttgarti-katolikusok.de\/wp-content\/uploads\/2023\/03\/whatsapp-kep-2023-03-11-231125.jpg","contentUrl":"https:\/\/stuttgarti-katolikusok.de\/wp-content\/uploads\/2023\/03\/whatsapp-kep-2023-03-11-231125.jpg","width":1600,"height":1200},{"@type":"BreadcrumbList","@id":"https:\/\/stuttgarti-katolikusok.de\/index.php\/nonapi-unneples-stuttgartban\/#breadcrumb","itemListElement":[{"@type":"ListItem","position":1,"name":"Kezd\u0151lap","item":"https:\/\/stuttgarti-katolikusok.de\/"},{"@type":"ListItem","position":2,"name":"N\u0151napi \u00fcnnepl\u00e9s Stuttgartban"}]},{"@type":"WebSite","@id":"https:\/\/stuttgarti-katolikusok.de\/#website","url":"https:\/\/stuttgarti-katolikusok.de\/","name":"Stuttgarti Katolikusok","description":"","potentialAction":[{"@type":"SearchAction","target":{"@type":"EntryPoint","urlTemplate":"https:\/\/stuttgarti-katolikusok.de\/?s={search_term_string}"},"query-input":{"@type":"PropertyValueSpecification","valueRequired":true,"valueName":"search_term_string"}}],"inLanguage":"hu"},{"@type":"Person","@id":"https:\/\/stuttgarti-katolikusok.de\/#\/schema\/person\/75908d6f8fdc03a57889d27209df7795","name":"Tibor atya","image":{"@type":"ImageObject","inLanguage":"hu","@id":"https:\/\/secure.gravatar.com\/avatar\/61d268e57d1f4525b111222e29d2d5a7f8c420fdbf231ba5566a8ceac74fa960?s=96&d=mm&r=g","url":"https:\/\/secure.gravatar.com\/avatar\/61d268e57d1f4525b111222e29d2d5a7f8c420fdbf231ba5566a8ceac74fa960?s=96&d=mm&r=g","contentUrl":"https:\/\/secure.gravatar.com\/avatar\/61d268e57d1f4525b111222e29d2d5a7f8c420fdbf231ba5566a8ceac74fa960?s=96&d=mm&r=g","caption":"Tibor atya"},"url":"https:\/\/stuttgarti-katolikusok.de\/index.php\/author\/tibor-atya\/"}]}},"_links":{"self":[{"href":"https:\/\/stuttgarti-katolikusok.de\/index.php\/wp-json\/wp\/v2\/posts\/26477","targetHints":{"allow":["GET"]}}],"collection":[{"href":"https:\/\/stuttgarti-katolikusok.de\/index.php\/wp-json\/wp\/v2\/posts"}],"about":[{"href":"https:\/\/stuttgarti-katolikusok.de\/index.php\/wp-json\/wp\/v2\/types\/post"}],"author":[{"embeddable":true,"href":"https:\/\/stuttgarti-katolikusok.de\/index.php\/wp-json\/wp\/v2\/users\/3"}],"replies":[{"embeddable":true,"href":"https:\/\/stuttgarti-katolikusok.de\/index.php\/wp-json\/wp\/v2\/comments?post=26477"}],"version-history":[{"count":1,"href":"https:\/\/stuttgarti-katolikusok.de\/index.php\/wp-json\/wp\/v2\/posts\/26477\/revisions"}],"predecessor-version":[{"id":26479,"href":"https:\/\/stuttgarti-katolikusok.de\/index.php\/wp-json\/wp\/v2\/posts\/26477\/revisions\/26479"}],"wp:featuredmedia":[{"embeddable":true,"href":"https:\/\/stuttgarti-katolikusok.de\/index.php\/wp-json\/wp\/v2\/media\/26478"}],"wp:attachment":[{"href":"https:\/\/stuttgarti-katolikusok.de\/index.php\/wp-json\/wp\/v2\/media?parent=26477"}],"wp:term":[{"taxonomy":"category","embeddable":true,"href":"https:\/\/stuttgarti-katolikusok.de\/index.php\/wp-json\/wp\/v2\/categories?post=26477"},{"taxonomy":"post_tag","embeddable":true,"href":"https:\/\/stuttgarti-katolikusok.de\/index.php\/wp-json\/wp\/v2\/tags?post=26477"}],"curies":[{"name":"wp","href":"https:\/\/api.w.org\/{rel}","templated":true}]}}