{"id":26466,"date":"2023-03-13T21:16:53","date_gmt":"2023-03-13T20:16:53","guid":{"rendered":"https:\/\/stuttgarti-katolikusok.de\/?p=26466"},"modified":"2023-03-13T21:19:44","modified_gmt":"2023-03-13T20:19:44","slug":"2023-marcius-13-es-19-kozott","status":"publish","type":"post","link":"https:\/\/stuttgarti-katolikusok.de\/index.php\/2023-marcius-13-es-19-kozott\/","title":{"rendered":"2023. M\u00c1RCIUS 13 \u00c9S 19 K\u00d6Z\u00d6TT"},"content":{"rendered":"<p style=\"text-align: left;\"><span style=\"color: #800080;\"><strong>Programel\u0151zetes<\/strong><\/span><\/p>\n<p style=\"text-align: center;\"><strong><span style=\"color: #800080;\">*<\/span><\/strong><\/p>\n<p style=\"text-align: center;\"><span style=\"color: #800080; font-size: 14pt;\"><strong><em>\u00a0Stuttgarti Csendes Napok &#8211; 2023. m\u00e1rcius 17 &#8211; 19.<\/em><\/strong><\/span><\/p>\n<p><a href=\"https:\/\/stuttgarti-katolikusok.de\/wp-content\/uploads\/2023\/03\/whatsapp-kep-2023-03-11-115130.jpg\"><img loading=\"lazy\" decoding=\"async\" class=\"alignnone size-full wp-image-26438\" src=\"https:\/\/stuttgarti-katolikusok.de\/wp-content\/uploads\/2023\/03\/whatsapp-kep-2023-03-11-115130.jpg\" alt=\"\" width=\"1600\" height=\"1129\" srcset=\"https:\/\/stuttgarti-katolikusok.de\/wp-content\/uploads\/2023\/03\/whatsapp-kep-2023-03-11-115130.jpg 1600w, https:\/\/stuttgarti-katolikusok.de\/wp-content\/uploads\/2023\/03\/whatsapp-kep-2023-03-11-115130-300x212.jpg 300w, https:\/\/stuttgarti-katolikusok.de\/wp-content\/uploads\/2023\/03\/whatsapp-kep-2023-03-11-115130-1024x723.jpg 1024w, https:\/\/stuttgarti-katolikusok.de\/wp-content\/uploads\/2023\/03\/whatsapp-kep-2023-03-11-115130-1536x1084.jpg 1536w\" sizes=\"auto, (max-width: 1600px) 100vw, 1600px\" \/><\/a><\/p>\n<p>A fenti programon t\u00fal <strong><em>p\u00e9nteken<\/em><\/strong>, 2023. m\u00e1rcius 17-\u00e9n:<\/p>\n<ul>\n<li>17.30 \u00f3rakor <em>kereszt\u00fati \u00e1jtatoss\u00e1g,<\/em><\/li>\n<li>19.00 \u00f3rakor az <strong>Erasmus Akad\u00e9mia<\/strong> tal\u00e1lkoz\u00f3j\u00e1ra ker\u00fcl sor.<\/li>\n<\/ul>\n<p>T\u00e9m\u00e1nk: Szinod\u00e1lis \u00dat az Egyh\u00e1zban<\/p>\n<p>El\u0151ad\u00f3k: Merl\u00e1s Tibor atya<\/p>\n<p>Helysz\u00edn: Bruder Klaus templom k\u00f6z\u00f6ss\u00e9gi terme<\/p>\n<p>Term\u00e9szetesen Szmutku R\u00f3bert atya is besz\u00e1mol tapasztalatair\u00f3l a szatm\u00e1ri egyh\u00e1zmegy\u00e9t illet\u0151en.<\/p>\n<p style=\"text-align: center;\"><span style=\"color: #800080;\"><strong>*<\/strong><\/span><\/p>\n<p><strong>M\u00e1rcius 18-\u00e1n<\/strong><em>,<\/em> szombaton<em>,<\/em><strong> Heidenheimban <\/strong>15.30 \u00f3rakor<em> szentmise, <\/em><em>ut\u00e1na <\/em><em>agap\u00e9. <\/em>A szentmise keret\u00e9ben kiszolg\u00e1ltatom a <em>szentkenet szents\u00e9g\u00e9t.<\/em><\/p>\n<p style=\"text-align: center;\"><span style=\"color: #800080;\"><strong>*<\/strong><\/span><\/p>\n<p><strong>M\u00e1rcius 19-\u00e9n<\/strong><em><strong>,<\/strong><\/em> <em><strong><span style=\"color: #800080;\">Nagyb\u00f6jt 4. vas\u00e1rnapja<\/span><\/strong><\/em><em>,\u00a0<\/em><\/p>\n<p><strong>Stuttgartban <\/strong><\/p>\n<p>11.30 \u00f3rakor <em>\u00fcnnepi z\u00e1r\u00f3 szentmise, <\/em><\/p>\n<p>12.30 \u00f3rakor <span style=\"color: #800080;\"><em><strong>\u201eStabat Mater dolorosa\u201d <\/strong><\/em><\/span><em>nagyb\u00f6jti zen\u00e9s medit\u00e1ci\u00f3<\/em><\/p>\n<p><a href=\"https:\/\/stuttgarti-katolikusok.de\/wp-content\/uploads\/2023\/03\/stuttgart-hu-1903-scaled.jpg\"><img loading=\"lazy\" decoding=\"async\" class=\"alignnone size-full wp-image-26439\" src=\"https:\/\/stuttgarti-katolikusok.de\/wp-content\/uploads\/2023\/03\/stuttgart-hu-1903-scaled.jpg\" alt=\"\" width=\"1810\" height=\"2560\" srcset=\"https:\/\/stuttgarti-katolikusok.de\/wp-content\/uploads\/2023\/03\/stuttgart-hu-1903-scaled.jpg 1810w, https:\/\/stuttgarti-katolikusok.de\/wp-content\/uploads\/2023\/03\/stuttgart-hu-1903-212x300.jpg 212w, https:\/\/stuttgarti-katolikusok.de\/wp-content\/uploads\/2023\/03\/stuttgart-hu-1903-724x1024.jpg 724w, https:\/\/stuttgarti-katolikusok.de\/wp-content\/uploads\/2023\/03\/stuttgart-hu-1903-1086x1536.jpg 1086w, https:\/\/stuttgarti-katolikusok.de\/wp-content\/uploads\/2023\/03\/stuttgart-hu-1903-1448x2048.jpg 1448w\" sizes=\"auto, (max-width: 1810px) 100vw, 1810px\" \/><\/a><\/p>\n<p>&nbsp;<\/p>\n<p><strong>Eislingenben <\/strong>15.30 \u00f3rakor <em>szentmise<\/em>, keret\u00e9ben a <em>szentkenet szents\u00e9g\u00e9nek kiszolg\u00e1ltat\u00e1sa, <\/em>ut\u00e1na <em>agap\u00e9.<\/em><\/p>\n<p style=\"text-align: center;\"><span style=\"color: #800080;\"><em>*<\/em><\/span><\/p>\n<p>Minden helyen mindenkit szeretettel v\u00e1r a k\u00f6z\u00f6ss\u00e9g \u00e9s Tibor atya!<\/p>\n<p style=\"text-align: center;\"><strong>\u00a0<span style=\"color: #800080;\">*<\/span><\/strong><\/p>\n<p><a href=\"https:\/\/stuttgarti-katolikusok.de\/wp-content\/uploads\/2021\/03\/thorn-4265860-1280.jpg\"><img loading=\"lazy\" decoding=\"async\" class=\"alignnone size-full wp-image-21415\" src=\"https:\/\/stuttgarti-katolikusok.de\/wp-content\/uploads\/2021\/03\/thorn-4265860-1280.jpg\" alt=\"\" width=\"1280\" height=\"723\" srcset=\"https:\/\/stuttgarti-katolikusok.de\/wp-content\/uploads\/2021\/03\/thorn-4265860-1280.jpg 1280w, https:\/\/stuttgarti-katolikusok.de\/wp-content\/uploads\/2021\/03\/thorn-4265860-1280-300x169.jpg 300w, https:\/\/stuttgarti-katolikusok.de\/wp-content\/uploads\/2021\/03\/thorn-4265860-1280-1024x578.jpg 1024w, https:\/\/stuttgarti-katolikusok.de\/wp-content\/uploads\/2021\/03\/thorn-4265860-1280-518x294.jpg 518w\" sizes=\"auto, (max-width: 1280px) 100vw, 1280px\" \/><\/a><\/p>\n<p style=\"text-align: center;\"><span style=\"color: #800080;\"><em><strong>*<\/strong><\/em><\/span><\/p>\n<p><span style=\"color: #800080;\"><em><strong>Bens\u0151s\u00e9ges nagyb\u00f6jti napokat, j\u00f3 munk\u00e1t, tartalmas besz\u00e9lget\u00e9seket \u00e9s \u00f6r\u00f6mteli tal\u00e1lkoz\u00e1sokat k\u00edv\u00e1nunk minden Kedves H\u00edv\u00fcnknek!<\/strong><\/em><\/span><\/p>\n<p style=\"text-align: center;\"><span style=\"color: #800080;\"><em><strong>*<\/strong><\/em><\/span><\/p>\n<p><em><strong>\u201eNem b\u00fcntethetn\u00e9 Isten \u00e9rz\u00e9<\/strong><\/em><em><strong>kenyebben az embert, mint ha megengedn\u00e9, hogy minden k\u00edv\u00e1ns\u00e1ga szerint t\u00f6rt\u00e9njen.<\/strong><\/em><\/p>\n<p><em><strong>J\u00f3zsefnek testv\u00e9rei sohasem haszn\u00e1lhattak volna annyit szeretet\u00fckkel, mint amennyit haszn\u00e1ltak gonoszs\u00e1gukkal \u00e9s gy\u0171l\u00f6let\u00fckkel.\u201d <\/strong><\/em><em>(Morus Szent Tam\u00e1s \u2013 angol humanista &#8211; 1478 \u2013 1535)<\/em><\/p>\n<p><em>(K\u00e9p forr\u00e1sa: Pixabay)<\/em><\/p>\n","protected":false},"excerpt":{"rendered":"<p>Programel\u0151zetes * \u00a0Stuttgarti Csendes Napok &#8211; 2023. m\u00e1rcius 17 &#8211; 19. A fenti programon t\u00fal p\u00e9nteken, 2023. m\u00e1rcius 17-\u00e9n: 17.30 \u00f3rakor kereszt\u00fati \u00e1jtatoss\u00e1g, 19.00 \u00f3rakor az Erasmus Akad\u00e9mia tal\u00e1lkoz\u00f3j\u00e1ra ker\u00fcl sor. T\u00e9m\u00e1nk: Szinod\u00e1lis \u00dat az Egyh\u00e1zban El\u0151ad\u00f3k: Merl\u00e1s Tibor atya Helysz\u00edn: Bruder Klaus templom k\u00f6z\u00f6ss\u00e9gi terme Term\u00e9szetesen Szmutku R\u00f3bert atya is besz\u00e1mol tapasztalatair\u00f3l a szatm\u00e1ri egyh\u00e1zmegy\u00e9t illet\u0151en. * M\u00e1rcius 18-\u00e1n, szombaton, Heidenheimban 15.30 \u00f3rakor szentmise, ut\u00e1na agap\u00e9. A szentmise keret\u00e9ben kiszolg\u00e1ltatom a szentkenet szents\u00e9g\u00e9t. * M\u00e1rcius 19-\u00e9n, Nagyb\u00f6jt 4. vas\u00e1rnapja,\u00a0 Stuttgartban 11.30 \u00f3rakor \u00fcnnepi z\u00e1r\u00f3 szentmise, 12.30 \u00f3rakor \u201eStabat Mater dolorosa\u201d nagyb\u00f6jti zen\u00e9s medit\u00e1ci\u00f3 &nbsp; Eislingenben 15.30 \u00f3rakor szentmise, keret\u00e9ben a szentkenet szents\u00e9g\u00e9nek kiszolg\u00e1ltat\u00e1sa, ut\u00e1na agap\u00e9. * Minden helyen mindenkit szeretettel v\u00e1r a k\u00f6z\u00f6ss\u00e9g \u00e9s Tibor atya! \u00a0* * Bens\u0151s\u00e9ges nagyb\u00f6jti napokat, j\u00f3 munk\u00e1t, tartalmas besz\u00e9lget\u00e9seket \u00e9s \u00f6r\u00f6mteli tal\u00e1lkoz\u00e1sokat k\u00edv\u00e1nunk minden Kedves H\u00edv\u00fcnknek! * \u201eNem b\u00fcntethetn\u00e9 Isten \u00e9rz\u00e9kenyebben az embert, mint ha megengedn\u00e9, hogy minden k\u00edv\u00e1ns\u00e1ga szerint t\u00f6rt\u00e9njen. J\u00f3zsefnek testv\u00e9rei sohasem haszn\u00e1lhattak volna annyit szeretet\u00fckkel, mint amennyit haszn\u00e1ltak gonoszs\u00e1gukkal \u00e9s gy\u0171l\u00f6let\u00fckkel.\u201d (Morus Szent Tam\u00e1s \u2013 angol humanista &#8211; 1478 \u2013 1535) (K\u00e9p forr\u00e1sa: Pixabay)<\/p>\n","protected":false},"author":3,"featured_media":21416,"comment_status":"closed","ping_status":"closed","sticky":false,"template":"","format":"standard","meta":{"footnotes":""},"categories":[37],"tags":[],"class_list":["post-26466","post","type-post","status-publish","format-standard","has-post-thumbnail","hentry","category-progamelozetes"],"yoast_head":"<!-- This site is optimized with the Yoast SEO plugin v27.3 - https:\/\/yoast.com\/product\/yoast-seo-wordpress\/ -->\n<title>2023. M\u00c1RCIUS 13 \u00c9S 19 K\u00d6Z\u00d6TT - Stuttgarti Katolikusok<\/title>\n<meta name=\"robots\" content=\"index, follow, max-snippet:-1, max-image-preview:large, max-video-preview:-1\" \/>\n<link rel=\"canonical\" href=\"https:\/\/stuttgarti-katolikusok.de\/index.php\/2023-marcius-13-es-19-kozott\/\" \/>\n<meta property=\"og:locale\" content=\"hu_HU\" \/>\n<meta property=\"og:type\" content=\"article\" \/>\n<meta property=\"og:title\" content=\"2023. M\u00c1RCIUS 13 \u00c9S 19 K\u00d6Z\u00d6TT - Stuttgarti Katolikusok\" \/>\n<meta property=\"og:description\" content=\"Programel\u0151zetes * \u00a0Stuttgarti Csendes Napok &#8211; 2023. m\u00e1rcius 17 &#8211; 19. A fenti programon t\u00fal p\u00e9nteken, 2023. m\u00e1rcius 17-\u00e9n: 17.30 \u00f3rakor kereszt\u00fati \u00e1jtatoss\u00e1g, 19.00 \u00f3rakor az Erasmus Akad\u00e9mia tal\u00e1lkoz\u00f3j\u00e1ra ker\u00fcl sor. T\u00e9m\u00e1nk: Szinod\u00e1lis \u00dat az Egyh\u00e1zban El\u0151ad\u00f3k: Merl\u00e1s Tibor atya Helysz\u00edn: Bruder Klaus templom k\u00f6z\u00f6ss\u00e9gi terme Term\u00e9szetesen Szmutku R\u00f3bert atya is besz\u00e1mol tapasztalatair\u00f3l a szatm\u00e1ri egyh\u00e1zmegy\u00e9t illet\u0151en. * M\u00e1rcius 18-\u00e1n, szombaton, Heidenheimban 15.30 \u00f3rakor szentmise, ut\u00e1na agap\u00e9. A szentmise keret\u00e9ben kiszolg\u00e1ltatom a szentkenet szents\u00e9g\u00e9t. * M\u00e1rcius 19-\u00e9n, Nagyb\u00f6jt 4. vas\u00e1rnapja,\u00a0 Stuttgartban 11.30 \u00f3rakor \u00fcnnepi z\u00e1r\u00f3 szentmise, 12.30 \u00f3rakor \u201eStabat Mater dolorosa\u201d nagyb\u00f6jti zen\u00e9s medit\u00e1ci\u00f3 &nbsp; Eislingenben 15.30 \u00f3rakor szentmise, keret\u00e9ben a szentkenet szents\u00e9g\u00e9nek kiszolg\u00e1ltat\u00e1sa, ut\u00e1na agap\u00e9. * Minden helyen mindenkit szeretettel v\u00e1r a k\u00f6z\u00f6ss\u00e9g \u00e9s Tibor atya! \u00a0* * Bens\u0151s\u00e9ges nagyb\u00f6jti napokat, j\u00f3 munk\u00e1t, tartalmas besz\u00e9lget\u00e9seket \u00e9s \u00f6r\u00f6mteli tal\u00e1lkoz\u00e1sokat k\u00edv\u00e1nunk minden Kedves H\u00edv\u00fcnknek! * \u201eNem b\u00fcntethetn\u00e9 Isten \u00e9rz\u00e9kenyebben az embert, mint ha megengedn\u00e9, hogy minden k\u00edv\u00e1ns\u00e1ga szerint t\u00f6rt\u00e9njen. J\u00f3zsefnek testv\u00e9rei sohasem haszn\u00e1lhattak volna annyit szeretet\u00fckkel, mint amennyit haszn\u00e1ltak gonoszs\u00e1gukkal \u00e9s gy\u0171l\u00f6let\u00fckkel.\u201d (Morus Szent Tam\u00e1s \u2013 angol humanista &#8211; 1478 \u2013 1535) (K\u00e9p forr\u00e1sa: Pixabay)\" \/>\n<meta property=\"og:url\" content=\"https:\/\/stuttgarti-katolikusok.de\/index.php\/2023-marcius-13-es-19-kozott\/\" \/>\n<meta property=\"og:site_name\" content=\"Stuttgarti Katolikusok\" \/>\n<meta property=\"article:published_time\" content=\"2023-03-13T20:16:53+00:00\" \/>\n<meta property=\"article:modified_time\" content=\"2023-03-13T20:19:44+00:00\" \/>\n<meta property=\"og:image\" content=\"https:\/\/stuttgarti-katolikusok.de\/wp-content\/uploads\/2021\/03\/cross-689658-640.jpg\" \/>\n\t<meta property=\"og:image:width\" content=\"640\" \/>\n\t<meta property=\"og:image:height\" content=\"426\" \/>\n\t<meta property=\"og:image:type\" content=\"image\/jpeg\" \/>\n<meta name=\"author\" content=\"Tibor atya\" \/>\n<meta name=\"twitter:card\" content=\"summary_large_image\" \/>\n<meta name=\"twitter:label1\" content=\"Szerz\u0151:\" \/>\n\t<meta name=\"twitter:data1\" content=\"Tibor atya\" \/>\n\t<meta name=\"twitter:label2\" content=\"Becs\u00fclt olvas\u00e1si id\u0151\" \/>\n\t<meta name=\"twitter:data2\" content=\"2 perc\" \/>\n<script type=\"application\/ld+json\" class=\"yoast-schema-graph\">{\"@context\":\"https:\\\/\\\/schema.org\",\"@graph\":[{\"@type\":\"Article\",\"@id\":\"https:\\\/\\\/stuttgarti-katolikusok.de\\\/index.php\\\/2023-marcius-13-es-19-kozott\\\/#article\",\"isPartOf\":{\"@id\":\"https:\\\/\\\/stuttgarti-katolikusok.de\\\/index.php\\\/2023-marcius-13-es-19-kozott\\\/\"},\"author\":{\"name\":\"Tibor atya\",\"@id\":\"https:\\\/\\\/stuttgarti-katolikusok.de\\\/#\\\/schema\\\/person\\\/75908d6f8fdc03a57889d27209df7795\"},\"headline\":\"2023. M\u00c1RCIUS 13 \u00c9S 19 K\u00d6Z\u00d6TT\",\"datePublished\":\"2023-03-13T20:16:53+00:00\",\"dateModified\":\"2023-03-13T20:19:44+00:00\",\"mainEntityOfPage\":{\"@id\":\"https:\\\/\\\/stuttgarti-katolikusok.de\\\/index.php\\\/2023-marcius-13-es-19-kozott\\\/\"},\"wordCount\":247,\"image\":{\"@id\":\"https:\\\/\\\/stuttgarti-katolikusok.de\\\/index.php\\\/2023-marcius-13-es-19-kozott\\\/#primaryimage\"},\"thumbnailUrl\":\"https:\\\/\\\/stuttgarti-katolikusok.de\\\/wp-content\\\/uploads\\\/2021\\\/03\\\/cross-689658-640.jpg\",\"articleSection\":[\"Progamel\u0151zetes\"],\"inLanguage\":\"hu\"},{\"@type\":\"WebPage\",\"@id\":\"https:\\\/\\\/stuttgarti-katolikusok.de\\\/index.php\\\/2023-marcius-13-es-19-kozott\\\/\",\"url\":\"https:\\\/\\\/stuttgarti-katolikusok.de\\\/index.php\\\/2023-marcius-13-es-19-kozott\\\/\",\"name\":\"2023. M\u00c1RCIUS 13 \u00c9S 19 K\u00d6Z\u00d6TT - Stuttgarti Katolikusok\",\"isPartOf\":{\"@id\":\"https:\\\/\\\/stuttgarti-katolikusok.de\\\/#website\"},\"primaryImageOfPage\":{\"@id\":\"https:\\\/\\\/stuttgarti-katolikusok.de\\\/index.php\\\/2023-marcius-13-es-19-kozott\\\/#primaryimage\"},\"image\":{\"@id\":\"https:\\\/\\\/stuttgarti-katolikusok.de\\\/index.php\\\/2023-marcius-13-es-19-kozott\\\/#primaryimage\"},\"thumbnailUrl\":\"https:\\\/\\\/stuttgarti-katolikusok.de\\\/wp-content\\\/uploads\\\/2021\\\/03\\\/cross-689658-640.jpg\",\"datePublished\":\"2023-03-13T20:16:53+00:00\",\"dateModified\":\"2023-03-13T20:19:44+00:00\",\"author\":{\"@id\":\"https:\\\/\\\/stuttgarti-katolikusok.de\\\/#\\\/schema\\\/person\\\/75908d6f8fdc03a57889d27209df7795\"},\"breadcrumb\":{\"@id\":\"https:\\\/\\\/stuttgarti-katolikusok.de\\\/index.php\\\/2023-marcius-13-es-19-kozott\\\/#breadcrumb\"},\"inLanguage\":\"hu\",\"potentialAction\":[{\"@type\":\"ReadAction\",\"target\":[\"https:\\\/\\\/stuttgarti-katolikusok.de\\\/index.php\\\/2023-marcius-13-es-19-kozott\\\/\"]}]},{\"@type\":\"ImageObject\",\"inLanguage\":\"hu\",\"@id\":\"https:\\\/\\\/stuttgarti-katolikusok.de\\\/index.php\\\/2023-marcius-13-es-19-kozott\\\/#primaryimage\",\"url\":\"https:\\\/\\\/stuttgarti-katolikusok.de\\\/wp-content\\\/uploads\\\/2021\\\/03\\\/cross-689658-640.jpg\",\"contentUrl\":\"https:\\\/\\\/stuttgarti-katolikusok.de\\\/wp-content\\\/uploads\\\/2021\\\/03\\\/cross-689658-640.jpg\",\"width\":640,\"height\":426},{\"@type\":\"BreadcrumbList\",\"@id\":\"https:\\\/\\\/stuttgarti-katolikusok.de\\\/index.php\\\/2023-marcius-13-es-19-kozott\\\/#breadcrumb\",\"itemListElement\":[{\"@type\":\"ListItem\",\"position\":1,\"name\":\"Kezd\u0151lap\",\"item\":\"https:\\\/\\\/stuttgarti-katolikusok.de\\\/\"},{\"@type\":\"ListItem\",\"position\":2,\"name\":\"2023. M\u00c1RCIUS 13 \u00c9S 19 K\u00d6Z\u00d6TT\"}]},{\"@type\":\"WebSite\",\"@id\":\"https:\\\/\\\/stuttgarti-katolikusok.de\\\/#website\",\"url\":\"https:\\\/\\\/stuttgarti-katolikusok.de\\\/\",\"name\":\"Stuttgarti Katolikusok\",\"description\":\"\",\"potentialAction\":[{\"@type\":\"SearchAction\",\"target\":{\"@type\":\"EntryPoint\",\"urlTemplate\":\"https:\\\/\\\/stuttgarti-katolikusok.de\\\/?s={search_term_string}\"},\"query-input\":{\"@type\":\"PropertyValueSpecification\",\"valueRequired\":true,\"valueName\":\"search_term_string\"}}],\"inLanguage\":\"hu\"},{\"@type\":\"Person\",\"@id\":\"https:\\\/\\\/stuttgarti-katolikusok.de\\\/#\\\/schema\\\/person\\\/75908d6f8fdc03a57889d27209df7795\",\"name\":\"Tibor atya\",\"image\":{\"@type\":\"ImageObject\",\"inLanguage\":\"hu\",\"@id\":\"https:\\\/\\\/secure.gravatar.com\\\/avatar\\\/61d268e57d1f4525b111222e29d2d5a7f8c420fdbf231ba5566a8ceac74fa960?s=96&d=mm&r=g\",\"url\":\"https:\\\/\\\/secure.gravatar.com\\\/avatar\\\/61d268e57d1f4525b111222e29d2d5a7f8c420fdbf231ba5566a8ceac74fa960?s=96&d=mm&r=g\",\"contentUrl\":\"https:\\\/\\\/secure.gravatar.com\\\/avatar\\\/61d268e57d1f4525b111222e29d2d5a7f8c420fdbf231ba5566a8ceac74fa960?s=96&d=mm&r=g\",\"caption\":\"Tibor atya\"},\"url\":\"https:\\\/\\\/stuttgarti-katolikusok.de\\\/index.php\\\/author\\\/tibor-atya\\\/\"}]}<\/script>\n<!-- \/ Yoast SEO plugin. -->","yoast_head_json":{"title":"2023. M\u00c1RCIUS 13 \u00c9S 19 K\u00d6Z\u00d6TT - Stuttgarti Katolikusok","robots":{"index":"index","follow":"follow","max-snippet":"max-snippet:-1","max-image-preview":"max-image-preview:large","max-video-preview":"max-video-preview:-1"},"canonical":"https:\/\/stuttgarti-katolikusok.de\/index.php\/2023-marcius-13-es-19-kozott\/","og_locale":"hu_HU","og_type":"article","og_title":"2023. M\u00c1RCIUS 13 \u00c9S 19 K\u00d6Z\u00d6TT - Stuttgarti Katolikusok","og_description":"Programel\u0151zetes * \u00a0Stuttgarti Csendes Napok &#8211; 2023. m\u00e1rcius 17 &#8211; 19. A fenti programon t\u00fal p\u00e9nteken, 2023. m\u00e1rcius 17-\u00e9n: 17.30 \u00f3rakor kereszt\u00fati \u00e1jtatoss\u00e1g, 19.00 \u00f3rakor az Erasmus Akad\u00e9mia tal\u00e1lkoz\u00f3j\u00e1ra ker\u00fcl sor. T\u00e9m\u00e1nk: Szinod\u00e1lis \u00dat az Egyh\u00e1zban El\u0151ad\u00f3k: Merl\u00e1s Tibor atya Helysz\u00edn: Bruder Klaus templom k\u00f6z\u00f6ss\u00e9gi terme Term\u00e9szetesen Szmutku R\u00f3bert atya is besz\u00e1mol tapasztalatair\u00f3l a szatm\u00e1ri egyh\u00e1zmegy\u00e9t illet\u0151en. * M\u00e1rcius 18-\u00e1n, szombaton, Heidenheimban 15.30 \u00f3rakor szentmise, ut\u00e1na agap\u00e9. A szentmise keret\u00e9ben kiszolg\u00e1ltatom a szentkenet szents\u00e9g\u00e9t. * M\u00e1rcius 19-\u00e9n, Nagyb\u00f6jt 4. vas\u00e1rnapja,\u00a0 Stuttgartban 11.30 \u00f3rakor \u00fcnnepi z\u00e1r\u00f3 szentmise, 12.30 \u00f3rakor \u201eStabat Mater dolorosa\u201d nagyb\u00f6jti zen\u00e9s medit\u00e1ci\u00f3 &nbsp; Eislingenben 15.30 \u00f3rakor szentmise, keret\u00e9ben a szentkenet szents\u00e9g\u00e9nek kiszolg\u00e1ltat\u00e1sa, ut\u00e1na agap\u00e9. * Minden helyen mindenkit szeretettel v\u00e1r a k\u00f6z\u00f6ss\u00e9g \u00e9s Tibor atya! \u00a0* * Bens\u0151s\u00e9ges nagyb\u00f6jti napokat, j\u00f3 munk\u00e1t, tartalmas besz\u00e9lget\u00e9seket \u00e9s \u00f6r\u00f6mteli tal\u00e1lkoz\u00e1sokat k\u00edv\u00e1nunk minden Kedves H\u00edv\u00fcnknek! * \u201eNem b\u00fcntethetn\u00e9 Isten \u00e9rz\u00e9kenyebben az embert, mint ha megengedn\u00e9, hogy minden k\u00edv\u00e1ns\u00e1ga szerint t\u00f6rt\u00e9njen. J\u00f3zsefnek testv\u00e9rei sohasem haszn\u00e1lhattak volna annyit szeretet\u00fckkel, mint amennyit haszn\u00e1ltak gonoszs\u00e1gukkal \u00e9s gy\u0171l\u00f6let\u00fckkel.\u201d (Morus Szent Tam\u00e1s \u2013 angol humanista &#8211; 1478 \u2013 1535) (K\u00e9p forr\u00e1sa: Pixabay)","og_url":"https:\/\/stuttgarti-katolikusok.de\/index.php\/2023-marcius-13-es-19-kozott\/","og_site_name":"Stuttgarti Katolikusok","article_published_time":"2023-03-13T20:16:53+00:00","article_modified_time":"2023-03-13T20:19:44+00:00","og_image":[{"width":640,"height":426,"url":"https:\/\/stuttgarti-katolikusok.de\/wp-content\/uploads\/2021\/03\/cross-689658-640.jpg","type":"image\/jpeg"}],"author":"Tibor atya","twitter_card":"summary_large_image","twitter_misc":{"Szerz\u0151:":"Tibor atya","Becs\u00fclt olvas\u00e1si id\u0151":"2 perc"},"schema":{"@context":"https:\/\/schema.org","@graph":[{"@type":"Article","@id":"https:\/\/stuttgarti-katolikusok.de\/index.php\/2023-marcius-13-es-19-kozott\/#article","isPartOf":{"@id":"https:\/\/stuttgarti-katolikusok.de\/index.php\/2023-marcius-13-es-19-kozott\/"},"author":{"name":"Tibor atya","@id":"https:\/\/stuttgarti-katolikusok.de\/#\/schema\/person\/75908d6f8fdc03a57889d27209df7795"},"headline":"2023. M\u00c1RCIUS 13 \u00c9S 19 K\u00d6Z\u00d6TT","datePublished":"2023-03-13T20:16:53+00:00","dateModified":"2023-03-13T20:19:44+00:00","mainEntityOfPage":{"@id":"https:\/\/stuttgarti-katolikusok.de\/index.php\/2023-marcius-13-es-19-kozott\/"},"wordCount":247,"image":{"@id":"https:\/\/stuttgarti-katolikusok.de\/index.php\/2023-marcius-13-es-19-kozott\/#primaryimage"},"thumbnailUrl":"https:\/\/stuttgarti-katolikusok.de\/wp-content\/uploads\/2021\/03\/cross-689658-640.jpg","articleSection":["Progamel\u0151zetes"],"inLanguage":"hu"},{"@type":"WebPage","@id":"https:\/\/stuttgarti-katolikusok.de\/index.php\/2023-marcius-13-es-19-kozott\/","url":"https:\/\/stuttgarti-katolikusok.de\/index.php\/2023-marcius-13-es-19-kozott\/","name":"2023. M\u00c1RCIUS 13 \u00c9S 19 K\u00d6Z\u00d6TT - Stuttgarti Katolikusok","isPartOf":{"@id":"https:\/\/stuttgarti-katolikusok.de\/#website"},"primaryImageOfPage":{"@id":"https:\/\/stuttgarti-katolikusok.de\/index.php\/2023-marcius-13-es-19-kozott\/#primaryimage"},"image":{"@id":"https:\/\/stuttgarti-katolikusok.de\/index.php\/2023-marcius-13-es-19-kozott\/#primaryimage"},"thumbnailUrl":"https:\/\/stuttgarti-katolikusok.de\/wp-content\/uploads\/2021\/03\/cross-689658-640.jpg","datePublished":"2023-03-13T20:16:53+00:00","dateModified":"2023-03-13T20:19:44+00:00","author":{"@id":"https:\/\/stuttgarti-katolikusok.de\/#\/schema\/person\/75908d6f8fdc03a57889d27209df7795"},"breadcrumb":{"@id":"https:\/\/stuttgarti-katolikusok.de\/index.php\/2023-marcius-13-es-19-kozott\/#breadcrumb"},"inLanguage":"hu","potentialAction":[{"@type":"ReadAction","target":["https:\/\/stuttgarti-katolikusok.de\/index.php\/2023-marcius-13-es-19-kozott\/"]}]},{"@type":"ImageObject","inLanguage":"hu","@id":"https:\/\/stuttgarti-katolikusok.de\/index.php\/2023-marcius-13-es-19-kozott\/#primaryimage","url":"https:\/\/stuttgarti-katolikusok.de\/wp-content\/uploads\/2021\/03\/cross-689658-640.jpg","contentUrl":"https:\/\/stuttgarti-katolikusok.de\/wp-content\/uploads\/2021\/03\/cross-689658-640.jpg","width":640,"height":426},{"@type":"BreadcrumbList","@id":"https:\/\/stuttgarti-katolikusok.de\/index.php\/2023-marcius-13-es-19-kozott\/#breadcrumb","itemListElement":[{"@type":"ListItem","position":1,"name":"Kezd\u0151lap","item":"https:\/\/stuttgarti-katolikusok.de\/"},{"@type":"ListItem","position":2,"name":"2023. M\u00c1RCIUS 13 \u00c9S 19 K\u00d6Z\u00d6TT"}]},{"@type":"WebSite","@id":"https:\/\/stuttgarti-katolikusok.de\/#website","url":"https:\/\/stuttgarti-katolikusok.de\/","name":"Stuttgarti Katolikusok","description":"","potentialAction":[{"@type":"SearchAction","target":{"@type":"EntryPoint","urlTemplate":"https:\/\/stuttgarti-katolikusok.de\/?s={search_term_string}"},"query-input":{"@type":"PropertyValueSpecification","valueRequired":true,"valueName":"search_term_string"}}],"inLanguage":"hu"},{"@type":"Person","@id":"https:\/\/stuttgarti-katolikusok.de\/#\/schema\/person\/75908d6f8fdc03a57889d27209df7795","name":"Tibor atya","image":{"@type":"ImageObject","inLanguage":"hu","@id":"https:\/\/secure.gravatar.com\/avatar\/61d268e57d1f4525b111222e29d2d5a7f8c420fdbf231ba5566a8ceac74fa960?s=96&d=mm&r=g","url":"https:\/\/secure.gravatar.com\/avatar\/61d268e57d1f4525b111222e29d2d5a7f8c420fdbf231ba5566a8ceac74fa960?s=96&d=mm&r=g","contentUrl":"https:\/\/secure.gravatar.com\/avatar\/61d268e57d1f4525b111222e29d2d5a7f8c420fdbf231ba5566a8ceac74fa960?s=96&d=mm&r=g","caption":"Tibor atya"},"url":"https:\/\/stuttgarti-katolikusok.de\/index.php\/author\/tibor-atya\/"}]}},"_links":{"self":[{"href":"https:\/\/stuttgarti-katolikusok.de\/index.php\/wp-json\/wp\/v2\/posts\/26466","targetHints":{"allow":["GET"]}}],"collection":[{"href":"https:\/\/stuttgarti-katolikusok.de\/index.php\/wp-json\/wp\/v2\/posts"}],"about":[{"href":"https:\/\/stuttgarti-katolikusok.de\/index.php\/wp-json\/wp\/v2\/types\/post"}],"author":[{"embeddable":true,"href":"https:\/\/stuttgarti-katolikusok.de\/index.php\/wp-json\/wp\/v2\/users\/3"}],"replies":[{"embeddable":true,"href":"https:\/\/stuttgarti-katolikusok.de\/index.php\/wp-json\/wp\/v2\/comments?post=26466"}],"version-history":[{"count":3,"href":"https:\/\/stuttgarti-katolikusok.de\/index.php\/wp-json\/wp\/v2\/posts\/26466\/revisions"}],"predecessor-version":[{"id":26469,"href":"https:\/\/stuttgarti-katolikusok.de\/index.php\/wp-json\/wp\/v2\/posts\/26466\/revisions\/26469"}],"wp:featuredmedia":[{"embeddable":true,"href":"https:\/\/stuttgarti-katolikusok.de\/index.php\/wp-json\/wp\/v2\/media\/21416"}],"wp:attachment":[{"href":"https:\/\/stuttgarti-katolikusok.de\/index.php\/wp-json\/wp\/v2\/media?parent=26466"}],"wp:term":[{"taxonomy":"category","embeddable":true,"href":"https:\/\/stuttgarti-katolikusok.de\/index.php\/wp-json\/wp\/v2\/categories?post=26466"},{"taxonomy":"post_tag","embeddable":true,"href":"https:\/\/stuttgarti-katolikusok.de\/index.php\/wp-json\/wp\/v2\/tags?post=26466"}],"curies":[{"name":"wp","href":"https:\/\/api.w.org\/{rel}","templated":true}]}}