{"id":26455,"date":"2023-03-11T23:59:59","date_gmt":"2023-03-11T22:59:59","guid":{"rendered":"https:\/\/stuttgarti-katolikusok.de\/?p=26455"},"modified":"2023-03-12T00:02:23","modified_gmt":"2023-03-11T23:02:23","slug":"baratsagklub-2023-marcius-10","status":"publish","type":"post","link":"https:\/\/stuttgarti-katolikusok.de\/index.php\/baratsagklub-2023-marcius-10\/","title":{"rendered":"Bar\u00e1ts\u00e1gklub &#8211; 2023. m\u00e1rcius 10."},"content":{"rendered":"<div dir=\"auto\">2023. m\u00e1rcius 10-\u00e9n a Bar\u00e1ts\u00e1gklub meglepet\u00e9s vend\u00e9ge N\u00e9meti Gergely opera\u00e9nekes\/tenor volt.<\/div>\n<div dir=\"auto\">Ez alkalommal a k\u00f6zeli N\u0151nap alkalm\u00e1b\u00f3l, a jelenl\u00e9v\u0151 h\u00f6lgyeket k\u00f6sz\u00f6ntend\u0151, olasz canzonett\u00e1kat hozott:<\/div>\n<div dir=\"auto\"><\/div>\n<ul style=\"list-style-type: square;\">\n<li dir=\"auto\">Mamma son tanto felice<\/li>\n<li dir=\"auto\">Non ti scordar di me &#8211; Vergiss mein nicht<\/li>\n<li dir=\"auto\">Puccini &#8211; Tosca &#8211; Lev\u00e9l\u00e1ria<\/li>\n<\/ul>\n<div dir=\"auto\"><\/div>\n<div dir=\"auto\">A r\u00f6vid vide\u00f3 \u00f6ssze\u00e1ll\u00edt\u00e1s itt tekinthet\u0151 meg:<\/div>\n<div dir=\"auto\"><\/div>\n<div dir=\"auto\"><span style=\"font-size: 18pt; color: #ff00ff;\"><strong><a style=\"color: #ff00ff;\" href=\"https:\/\/youtu.be\/0cNwW3uqBpU\" target=\"_blank\" rel=\"noopener\">Canzonett\u00e1k N\u00e9meti Gergely el\u0151ad\u00e1s\u00e1ban<\/a><\/strong><\/span><\/div>\n<div dir=\"auto\"><\/div>\n<div dir=\"auto\"><\/div>\n<div dir=\"auto\"><\/div>\n<div dir=\"auto\"><\/div>\n<div dir=\"auto\"><a href=\"https:\/\/stuttgarti-katolikusok.de\/wp-content\/uploads\/2023\/03\/whatsapp-kep-2023-03-11-231812.jpg\"><img loading=\"lazy\" decoding=\"async\" class=\"alignnone size-full wp-image-26457\" src=\"https:\/\/stuttgarti-katolikusok.de\/wp-content\/uploads\/2023\/03\/whatsapp-kep-2023-03-11-231812.jpg\" alt=\"\" width=\"1600\" height=\"1200\" srcset=\"https:\/\/stuttgarti-katolikusok.de\/wp-content\/uploads\/2023\/03\/whatsapp-kep-2023-03-11-231812.jpg 1600w, https:\/\/stuttgarti-katolikusok.de\/wp-content\/uploads\/2023\/03\/whatsapp-kep-2023-03-11-231812-300x225.jpg 300w, https:\/\/stuttgarti-katolikusok.de\/wp-content\/uploads\/2023\/03\/whatsapp-kep-2023-03-11-231812-1024x768.jpg 1024w, https:\/\/stuttgarti-katolikusok.de\/wp-content\/uploads\/2023\/03\/whatsapp-kep-2023-03-11-231812-1536x1152.jpg 1536w, https:\/\/stuttgarti-katolikusok.de\/wp-content\/uploads\/2023\/03\/whatsapp-kep-2023-03-11-231812-164x124.jpg 164w\" sizes=\"auto, (max-width: 1600px) 100vw, 1600px\" \/><\/a><\/div>\n<div dir=\"auto\"><\/div>\n<div dir=\"auto\">Hamarosan az ott k\u00e9sz\u00edtett k\u00e9pekkel is jelentkez\u00fcnk. S egyben egy b\u0151vebb besz\u00e1mol\u00f3val is.<\/div>\n<div dir=\"auto\"><\/div>\n<div dir=\"auto\"><em>Tibor atya<\/em><\/div>\n<div dir=\"auto\"><\/div>\n","protected":false},"excerpt":{"rendered":"<p>2023. m\u00e1rcius 10-\u00e9n a Bar\u00e1ts\u00e1gklub meglepet\u00e9s vend\u00e9ge N\u00e9meti Gergely opera\u00e9nekes\/tenor volt. Ez alkalommal a k\u00f6zeli N\u0151nap alkalm\u00e1b\u00f3l, a jelenl\u00e9v\u0151 h\u00f6lgyeket k\u00f6sz\u00f6ntend\u0151, olasz canzonett\u00e1kat hozott: Mamma son tanto felice Non ti scordar di me &#8211; Vergiss mein nicht Puccini &#8211; Tosca &#8211; Lev\u00e9l\u00e1ria A r\u00f6vid vide\u00f3 \u00f6ssze\u00e1ll\u00edt\u00e1s itt tekinthet\u0151 meg: Canzonett\u00e1k N\u00e9meti Gergely el\u0151ad\u00e1s\u00e1ban Hamarosan az ott k\u00e9sz\u00edtett k\u00e9pekkel is jelentkez\u00fcnk. S egyben egy b\u0151vebb besz\u00e1mol\u00f3val is. Tibor atya<\/p>\n","protected":false},"author":3,"featured_media":26456,"comment_status":"closed","ping_status":"closed","sticky":false,"template":"","format":"standard","meta":{"footnotes":""},"categories":[32],"tags":[],"class_list":["post-26455","post","type-post","status-publish","format-standard","has-post-thumbnail","hentry","category-baratsag-klub"],"yoast_head":"<!-- This site is optimized with the Yoast SEO plugin v27.3 - https:\/\/yoast.com\/product\/yoast-seo-wordpress\/ -->\n<title>Bar\u00e1ts\u00e1gklub - 2023. m\u00e1rcius 10. - Stuttgarti Katolikusok<\/title>\n<meta name=\"robots\" content=\"index, follow, max-snippet:-1, max-image-preview:large, max-video-preview:-1\" \/>\n<link rel=\"canonical\" href=\"https:\/\/stuttgarti-katolikusok.de\/index.php\/baratsagklub-2023-marcius-10\/\" \/>\n<meta property=\"og:locale\" content=\"hu_HU\" \/>\n<meta property=\"og:type\" content=\"article\" \/>\n<meta property=\"og:title\" content=\"Bar\u00e1ts\u00e1gklub - 2023. m\u00e1rcius 10. - Stuttgarti Katolikusok\" \/>\n<meta property=\"og:description\" content=\"2023. m\u00e1rcius 10-\u00e9n a Bar\u00e1ts\u00e1gklub meglepet\u00e9s vend\u00e9ge N\u00e9meti Gergely opera\u00e9nekes\/tenor volt. Ez alkalommal a k\u00f6zeli N\u0151nap alkalm\u00e1b\u00f3l, a jelenl\u00e9v\u0151 h\u00f6lgyeket k\u00f6sz\u00f6ntend\u0151, olasz canzonett\u00e1kat hozott: Mamma son tanto felice Non ti scordar di me &#8211; Vergiss mein nicht Puccini &#8211; Tosca &#8211; Lev\u00e9l\u00e1ria A r\u00f6vid vide\u00f3 \u00f6ssze\u00e1ll\u00edt\u00e1s itt tekinthet\u0151 meg: Canzonett\u00e1k N\u00e9meti Gergely el\u0151ad\u00e1s\u00e1ban Hamarosan az ott k\u00e9sz\u00edtett k\u00e9pekkel is jelentkez\u00fcnk. S egyben egy b\u0151vebb besz\u00e1mol\u00f3val is. Tibor atya\" \/>\n<meta property=\"og:url\" content=\"https:\/\/stuttgarti-katolikusok.de\/index.php\/baratsagklub-2023-marcius-10\/\" \/>\n<meta property=\"og:site_name\" content=\"Stuttgarti Katolikusok\" \/>\n<meta property=\"article:published_time\" content=\"2023-03-11T22:59:59+00:00\" \/>\n<meta property=\"article:modified_time\" content=\"2023-03-11T23:02:23+00:00\" \/>\n<meta property=\"og:image\" content=\"https:\/\/stuttgarti-katolikusok.de\/wp-content\/uploads\/2023\/03\/whatsapp-kep-2023-03-11-230937.jpg\" \/>\n\t<meta property=\"og:image:width\" content=\"1600\" \/>\n\t<meta property=\"og:image:height\" content=\"1200\" \/>\n\t<meta property=\"og:image:type\" content=\"image\/jpeg\" \/>\n<meta name=\"author\" content=\"Tibor atya\" \/>\n<meta name=\"twitter:card\" content=\"summary_large_image\" \/>\n<meta name=\"twitter:label1\" content=\"Szerz\u0151:\" \/>\n\t<meta name=\"twitter:data1\" content=\"Tibor atya\" \/>\n\t<meta name=\"twitter:label2\" content=\"Becs\u00fclt olvas\u00e1si id\u0151\" \/>\n\t<meta name=\"twitter:data2\" content=\"1 perc\" \/>\n<script type=\"application\/ld+json\" class=\"yoast-schema-graph\">{\"@context\":\"https:\\\/\\\/schema.org\",\"@graph\":[{\"@type\":\"Article\",\"@id\":\"https:\\\/\\\/stuttgarti-katolikusok.de\\\/index.php\\\/baratsagklub-2023-marcius-10\\\/#article\",\"isPartOf\":{\"@id\":\"https:\\\/\\\/stuttgarti-katolikusok.de\\\/index.php\\\/baratsagklub-2023-marcius-10\\\/\"},\"author\":{\"name\":\"Tibor atya\",\"@id\":\"https:\\\/\\\/stuttgarti-katolikusok.de\\\/#\\\/schema\\\/person\\\/75908d6f8fdc03a57889d27209df7795\"},\"headline\":\"Bar\u00e1ts\u00e1gklub &#8211; 2023. m\u00e1rcius 10.\",\"datePublished\":\"2023-03-11T22:59:59+00:00\",\"dateModified\":\"2023-03-11T23:02:23+00:00\",\"mainEntityOfPage\":{\"@id\":\"https:\\\/\\\/stuttgarti-katolikusok.de\\\/index.php\\\/baratsagklub-2023-marcius-10\\\/\"},\"wordCount\":109,\"image\":{\"@id\":\"https:\\\/\\\/stuttgarti-katolikusok.de\\\/index.php\\\/baratsagklub-2023-marcius-10\\\/#primaryimage\"},\"thumbnailUrl\":\"https:\\\/\\\/stuttgarti-katolikusok.de\\\/wp-content\\\/uploads\\\/2023\\\/03\\\/whatsapp-kep-2023-03-11-230937.jpg\",\"articleSection\":[\"Bar\u00e1ts\u00e1g Klub\"],\"inLanguage\":\"hu\"},{\"@type\":\"WebPage\",\"@id\":\"https:\\\/\\\/stuttgarti-katolikusok.de\\\/index.php\\\/baratsagklub-2023-marcius-10\\\/\",\"url\":\"https:\\\/\\\/stuttgarti-katolikusok.de\\\/index.php\\\/baratsagklub-2023-marcius-10\\\/\",\"name\":\"Bar\u00e1ts\u00e1gklub - 2023. m\u00e1rcius 10. - Stuttgarti Katolikusok\",\"isPartOf\":{\"@id\":\"https:\\\/\\\/stuttgarti-katolikusok.de\\\/#website\"},\"primaryImageOfPage\":{\"@id\":\"https:\\\/\\\/stuttgarti-katolikusok.de\\\/index.php\\\/baratsagklub-2023-marcius-10\\\/#primaryimage\"},\"image\":{\"@id\":\"https:\\\/\\\/stuttgarti-katolikusok.de\\\/index.php\\\/baratsagklub-2023-marcius-10\\\/#primaryimage\"},\"thumbnailUrl\":\"https:\\\/\\\/stuttgarti-katolikusok.de\\\/wp-content\\\/uploads\\\/2023\\\/03\\\/whatsapp-kep-2023-03-11-230937.jpg\",\"datePublished\":\"2023-03-11T22:59:59+00:00\",\"dateModified\":\"2023-03-11T23:02:23+00:00\",\"author\":{\"@id\":\"https:\\\/\\\/stuttgarti-katolikusok.de\\\/#\\\/schema\\\/person\\\/75908d6f8fdc03a57889d27209df7795\"},\"breadcrumb\":{\"@id\":\"https:\\\/\\\/stuttgarti-katolikusok.de\\\/index.php\\\/baratsagklub-2023-marcius-10\\\/#breadcrumb\"},\"inLanguage\":\"hu\",\"potentialAction\":[{\"@type\":\"ReadAction\",\"target\":[\"https:\\\/\\\/stuttgarti-katolikusok.de\\\/index.php\\\/baratsagklub-2023-marcius-10\\\/\"]}]},{\"@type\":\"ImageObject\",\"inLanguage\":\"hu\",\"@id\":\"https:\\\/\\\/stuttgarti-katolikusok.de\\\/index.php\\\/baratsagklub-2023-marcius-10\\\/#primaryimage\",\"url\":\"https:\\\/\\\/stuttgarti-katolikusok.de\\\/wp-content\\\/uploads\\\/2023\\\/03\\\/whatsapp-kep-2023-03-11-230937.jpg\",\"contentUrl\":\"https:\\\/\\\/stuttgarti-katolikusok.de\\\/wp-content\\\/uploads\\\/2023\\\/03\\\/whatsapp-kep-2023-03-11-230937.jpg\",\"width\":1600,\"height\":1200},{\"@type\":\"BreadcrumbList\",\"@id\":\"https:\\\/\\\/stuttgarti-katolikusok.de\\\/index.php\\\/baratsagklub-2023-marcius-10\\\/#breadcrumb\",\"itemListElement\":[{\"@type\":\"ListItem\",\"position\":1,\"name\":\"Kezd\u0151lap\",\"item\":\"https:\\\/\\\/stuttgarti-katolikusok.de\\\/\"},{\"@type\":\"ListItem\",\"position\":2,\"name\":\"Bar\u00e1ts\u00e1gklub &#8211; 2023. m\u00e1rcius 10.\"}]},{\"@type\":\"WebSite\",\"@id\":\"https:\\\/\\\/stuttgarti-katolikusok.de\\\/#website\",\"url\":\"https:\\\/\\\/stuttgarti-katolikusok.de\\\/\",\"name\":\"Stuttgarti Katolikusok\",\"description\":\"\",\"potentialAction\":[{\"@type\":\"SearchAction\",\"target\":{\"@type\":\"EntryPoint\",\"urlTemplate\":\"https:\\\/\\\/stuttgarti-katolikusok.de\\\/?s={search_term_string}\"},\"query-input\":{\"@type\":\"PropertyValueSpecification\",\"valueRequired\":true,\"valueName\":\"search_term_string\"}}],\"inLanguage\":\"hu\"},{\"@type\":\"Person\",\"@id\":\"https:\\\/\\\/stuttgarti-katolikusok.de\\\/#\\\/schema\\\/person\\\/75908d6f8fdc03a57889d27209df7795\",\"name\":\"Tibor atya\",\"image\":{\"@type\":\"ImageObject\",\"inLanguage\":\"hu\",\"@id\":\"https:\\\/\\\/secure.gravatar.com\\\/avatar\\\/61d268e57d1f4525b111222e29d2d5a7f8c420fdbf231ba5566a8ceac74fa960?s=96&d=mm&r=g\",\"url\":\"https:\\\/\\\/secure.gravatar.com\\\/avatar\\\/61d268e57d1f4525b111222e29d2d5a7f8c420fdbf231ba5566a8ceac74fa960?s=96&d=mm&r=g\",\"contentUrl\":\"https:\\\/\\\/secure.gravatar.com\\\/avatar\\\/61d268e57d1f4525b111222e29d2d5a7f8c420fdbf231ba5566a8ceac74fa960?s=96&d=mm&r=g\",\"caption\":\"Tibor atya\"},\"url\":\"https:\\\/\\\/stuttgarti-katolikusok.de\\\/index.php\\\/author\\\/tibor-atya\\\/\"}]}<\/script>\n<!-- \/ Yoast SEO plugin. -->","yoast_head_json":{"title":"Bar\u00e1ts\u00e1gklub - 2023. m\u00e1rcius 10. - Stuttgarti Katolikusok","robots":{"index":"index","follow":"follow","max-snippet":"max-snippet:-1","max-image-preview":"max-image-preview:large","max-video-preview":"max-video-preview:-1"},"canonical":"https:\/\/stuttgarti-katolikusok.de\/index.php\/baratsagklub-2023-marcius-10\/","og_locale":"hu_HU","og_type":"article","og_title":"Bar\u00e1ts\u00e1gklub - 2023. m\u00e1rcius 10. - Stuttgarti Katolikusok","og_description":"2023. m\u00e1rcius 10-\u00e9n a Bar\u00e1ts\u00e1gklub meglepet\u00e9s vend\u00e9ge N\u00e9meti Gergely opera\u00e9nekes\/tenor volt. Ez alkalommal a k\u00f6zeli N\u0151nap alkalm\u00e1b\u00f3l, a jelenl\u00e9v\u0151 h\u00f6lgyeket k\u00f6sz\u00f6ntend\u0151, olasz canzonett\u00e1kat hozott: Mamma son tanto felice Non ti scordar di me &#8211; Vergiss mein nicht Puccini &#8211; Tosca &#8211; Lev\u00e9l\u00e1ria A r\u00f6vid vide\u00f3 \u00f6ssze\u00e1ll\u00edt\u00e1s itt tekinthet\u0151 meg: Canzonett\u00e1k N\u00e9meti Gergely el\u0151ad\u00e1s\u00e1ban Hamarosan az ott k\u00e9sz\u00edtett k\u00e9pekkel is jelentkez\u00fcnk. S egyben egy b\u0151vebb besz\u00e1mol\u00f3val is. Tibor atya","og_url":"https:\/\/stuttgarti-katolikusok.de\/index.php\/baratsagklub-2023-marcius-10\/","og_site_name":"Stuttgarti Katolikusok","article_published_time":"2023-03-11T22:59:59+00:00","article_modified_time":"2023-03-11T23:02:23+00:00","og_image":[{"width":1600,"height":1200,"url":"https:\/\/stuttgarti-katolikusok.de\/wp-content\/uploads\/2023\/03\/whatsapp-kep-2023-03-11-230937.jpg","type":"image\/jpeg"}],"author":"Tibor atya","twitter_card":"summary_large_image","twitter_misc":{"Szerz\u0151:":"Tibor atya","Becs\u00fclt olvas\u00e1si id\u0151":"1 perc"},"schema":{"@context":"https:\/\/schema.org","@graph":[{"@type":"Article","@id":"https:\/\/stuttgarti-katolikusok.de\/index.php\/baratsagklub-2023-marcius-10\/#article","isPartOf":{"@id":"https:\/\/stuttgarti-katolikusok.de\/index.php\/baratsagklub-2023-marcius-10\/"},"author":{"name":"Tibor atya","@id":"https:\/\/stuttgarti-katolikusok.de\/#\/schema\/person\/75908d6f8fdc03a57889d27209df7795"},"headline":"Bar\u00e1ts\u00e1gklub &#8211; 2023. m\u00e1rcius 10.","datePublished":"2023-03-11T22:59:59+00:00","dateModified":"2023-03-11T23:02:23+00:00","mainEntityOfPage":{"@id":"https:\/\/stuttgarti-katolikusok.de\/index.php\/baratsagklub-2023-marcius-10\/"},"wordCount":109,"image":{"@id":"https:\/\/stuttgarti-katolikusok.de\/index.php\/baratsagklub-2023-marcius-10\/#primaryimage"},"thumbnailUrl":"https:\/\/stuttgarti-katolikusok.de\/wp-content\/uploads\/2023\/03\/whatsapp-kep-2023-03-11-230937.jpg","articleSection":["Bar\u00e1ts\u00e1g Klub"],"inLanguage":"hu"},{"@type":"WebPage","@id":"https:\/\/stuttgarti-katolikusok.de\/index.php\/baratsagklub-2023-marcius-10\/","url":"https:\/\/stuttgarti-katolikusok.de\/index.php\/baratsagklub-2023-marcius-10\/","name":"Bar\u00e1ts\u00e1gklub - 2023. m\u00e1rcius 10. - Stuttgarti Katolikusok","isPartOf":{"@id":"https:\/\/stuttgarti-katolikusok.de\/#website"},"primaryImageOfPage":{"@id":"https:\/\/stuttgarti-katolikusok.de\/index.php\/baratsagklub-2023-marcius-10\/#primaryimage"},"image":{"@id":"https:\/\/stuttgarti-katolikusok.de\/index.php\/baratsagklub-2023-marcius-10\/#primaryimage"},"thumbnailUrl":"https:\/\/stuttgarti-katolikusok.de\/wp-content\/uploads\/2023\/03\/whatsapp-kep-2023-03-11-230937.jpg","datePublished":"2023-03-11T22:59:59+00:00","dateModified":"2023-03-11T23:02:23+00:00","author":{"@id":"https:\/\/stuttgarti-katolikusok.de\/#\/schema\/person\/75908d6f8fdc03a57889d27209df7795"},"breadcrumb":{"@id":"https:\/\/stuttgarti-katolikusok.de\/index.php\/baratsagklub-2023-marcius-10\/#breadcrumb"},"inLanguage":"hu","potentialAction":[{"@type":"ReadAction","target":["https:\/\/stuttgarti-katolikusok.de\/index.php\/baratsagklub-2023-marcius-10\/"]}]},{"@type":"ImageObject","inLanguage":"hu","@id":"https:\/\/stuttgarti-katolikusok.de\/index.php\/baratsagklub-2023-marcius-10\/#primaryimage","url":"https:\/\/stuttgarti-katolikusok.de\/wp-content\/uploads\/2023\/03\/whatsapp-kep-2023-03-11-230937.jpg","contentUrl":"https:\/\/stuttgarti-katolikusok.de\/wp-content\/uploads\/2023\/03\/whatsapp-kep-2023-03-11-230937.jpg","width":1600,"height":1200},{"@type":"BreadcrumbList","@id":"https:\/\/stuttgarti-katolikusok.de\/index.php\/baratsagklub-2023-marcius-10\/#breadcrumb","itemListElement":[{"@type":"ListItem","position":1,"name":"Kezd\u0151lap","item":"https:\/\/stuttgarti-katolikusok.de\/"},{"@type":"ListItem","position":2,"name":"Bar\u00e1ts\u00e1gklub &#8211; 2023. m\u00e1rcius 10."}]},{"@type":"WebSite","@id":"https:\/\/stuttgarti-katolikusok.de\/#website","url":"https:\/\/stuttgarti-katolikusok.de\/","name":"Stuttgarti Katolikusok","description":"","potentialAction":[{"@type":"SearchAction","target":{"@type":"EntryPoint","urlTemplate":"https:\/\/stuttgarti-katolikusok.de\/?s={search_term_string}"},"query-input":{"@type":"PropertyValueSpecification","valueRequired":true,"valueName":"search_term_string"}}],"inLanguage":"hu"},{"@type":"Person","@id":"https:\/\/stuttgarti-katolikusok.de\/#\/schema\/person\/75908d6f8fdc03a57889d27209df7795","name":"Tibor atya","image":{"@type":"ImageObject","inLanguage":"hu","@id":"https:\/\/secure.gravatar.com\/avatar\/61d268e57d1f4525b111222e29d2d5a7f8c420fdbf231ba5566a8ceac74fa960?s=96&d=mm&r=g","url":"https:\/\/secure.gravatar.com\/avatar\/61d268e57d1f4525b111222e29d2d5a7f8c420fdbf231ba5566a8ceac74fa960?s=96&d=mm&r=g","contentUrl":"https:\/\/secure.gravatar.com\/avatar\/61d268e57d1f4525b111222e29d2d5a7f8c420fdbf231ba5566a8ceac74fa960?s=96&d=mm&r=g","caption":"Tibor atya"},"url":"https:\/\/stuttgarti-katolikusok.de\/index.php\/author\/tibor-atya\/"}]}},"_links":{"self":[{"href":"https:\/\/stuttgarti-katolikusok.de\/index.php\/wp-json\/wp\/v2\/posts\/26455","targetHints":{"allow":["GET"]}}],"collection":[{"href":"https:\/\/stuttgarti-katolikusok.de\/index.php\/wp-json\/wp\/v2\/posts"}],"about":[{"href":"https:\/\/stuttgarti-katolikusok.de\/index.php\/wp-json\/wp\/v2\/types\/post"}],"author":[{"embeddable":true,"href":"https:\/\/stuttgarti-katolikusok.de\/index.php\/wp-json\/wp\/v2\/users\/3"}],"replies":[{"embeddable":true,"href":"https:\/\/stuttgarti-katolikusok.de\/index.php\/wp-json\/wp\/v2\/comments?post=26455"}],"version-history":[{"count":4,"href":"https:\/\/stuttgarti-katolikusok.de\/index.php\/wp-json\/wp\/v2\/posts\/26455\/revisions"}],"predecessor-version":[{"id":26461,"href":"https:\/\/stuttgarti-katolikusok.de\/index.php\/wp-json\/wp\/v2\/posts\/26455\/revisions\/26461"}],"wp:featuredmedia":[{"embeddable":true,"href":"https:\/\/stuttgarti-katolikusok.de\/index.php\/wp-json\/wp\/v2\/media\/26456"}],"wp:attachment":[{"href":"https:\/\/stuttgarti-katolikusok.de\/index.php\/wp-json\/wp\/v2\/media?parent=26455"}],"wp:term":[{"taxonomy":"category","embeddable":true,"href":"https:\/\/stuttgarti-katolikusok.de\/index.php\/wp-json\/wp\/v2\/categories?post=26455"},{"taxonomy":"post_tag","embeddable":true,"href":"https:\/\/stuttgarti-katolikusok.de\/index.php\/wp-json\/wp\/v2\/tags?post=26455"}],"curies":[{"name":"wp","href":"https:\/\/api.w.org\/{rel}","templated":true}]}}