{"id":26434,"date":"2026-03-07T12:58:42","date_gmt":"2026-03-07T11:58:42","guid":{"rendered":"https:\/\/stuttgarti-katolikusok.de\/?p=26434"},"modified":"2026-03-07T14:38:17","modified_gmt":"2026-03-07T13:38:17","slug":"nagybojt-3-vasarnapja","status":"publish","type":"post","link":"https:\/\/stuttgarti-katolikusok.de\/index.php\/nagybojt-3-vasarnapja\/","title":{"rendered":"Nagyb\u00f6jt 3. vas\u00e1rnapja"},"content":{"rendered":"<p><em><span style=\"color: #800080;\">Nagyb\u00f6jt 3. vas\u00e1rnap az ember alapvet\u0151 v\u00e1gyair\u00f3l \u00e9s ig\u00e9nyeir\u0151l is sz\u00f3l. Az \u00e9hez\u0151 ember keny\u00e9rre, a szomjaz\u00f3 pedig tiszta v\u00edzre v\u00e1gy\u00f3dik. Sajn\u00e1latos m\u00f3don azonban kev\u00e9s becs\u00fclete van a keny\u00e9rnek. Hatalmas pazarl\u00e1s t\u00f6rt\u00e9nik, melynek k\u00f6vetkezm\u00e9nye, hogy nagy r\u00e9sz\u00e9t eldobj\u00e1k, avagy szem\u00e9tre ker\u00fcl. Vizeink nagy r\u00e9sze pedig fert\u0151z\u00f6tt, ihatatlan. Mindez azonban a test\u00fcnk t\u00e1pl\u00e1l\u00e1s\u00e1r\u00f3l sz\u00f3l. Pedig ott van a lelk\u00fcnk is. Valljuk, sz\u00fcks\u00e9g\u00fcnk van a lelki t\u00e1pl\u00e1l\u00e9kra \u00e9s italra is. Nagyb\u00f6jt, mint kegyelmi id\u0151, \u00e9ppen erre k\u00edn\u00e1l lehet\u0151s\u00e9get. <\/span><\/em><\/p>\n<p><em><span style=\"color: #800080;\">Gazdag \u00fczenettel aj\u00e1nd\u00e9koz meg liturgi\u00e1nk a szentmise k\u00f6ny\u00f6rg\u00e9s\u00e9ben. B\u0171neinknek gy\u00f3gyulniuk kell. Ez azt is jelenti, hogy id\u0151re van sz\u00fcks\u00e9g\u00fcnk. Ebben pedig seg\u00edts\u00e9get jelentenek a nagyb\u00f6jti gyakorlatok: im\u00e1ds\u00e1g, b\u00f6jt \u00e9s az irgalmas szeretet gyakorl\u00e1sa. R\u00f6viden tal\u00e1n \u00edgy tudn\u00e1m \u00f6sszefoglalni: megtanulni \u00fajb\u00f3l szeretetben \u00e9lni. Csod\u00e1latos \u00e9s felemel\u0151 \u00e9rz\u00e9s! <\/span><\/em><\/p>\n<p><em><span style=\"color: #800080;\">Az olvasm\u00e1ny a v\u00e1lasztott n\u00e9p pusztai v\u00e1ndorl\u00e1s\u00e1nak kritikus id\u0151szak\u00e1b\u00f3l egy olyan jelenetet eleven\u00edt meg, amely a magunk \u00e9let\u00e9ben is jelent\u0151s\u00e9ggel b\u00edr. F\u00e1sults\u00e1g, k\u00e9ts\u00e9gbees\u00e9s, rem\u00e9nytelens\u00e9g, el\u00e9gedetlens\u00e9g, l\u00e1zad\u00e1s \u00e9s z\u00fagol\u00f3d\u00e1s szelleme. Ebben a pillanatban \u00fagy \u00e9rezz\u00fck, ez a t\u00f6rt\u00e9net m\u00e1r nem is a v\u00e1lasztott n\u00e9pr\u0151l, hanem r\u00f3lam sz\u00f3l. Ugyanis ezek az emberi \u00e9rz\u00e9sek olykor engem is szem\u00e9ly szerint hatalmukba ker\u00edtenek. A helyet M\u00f3zes Massz\u00e1nak \u00e9s Merib\u00e1nak nevezi el: a K\u00eds\u00e9rt\u00e9s \u00e9s P\u00f6r\u00f6l\u00e9s helye. Korunk nagy k\u00eds\u00e9rt\u00e9se \u00e9s a nyom\u00e1ban megjelen\u0151 p\u00f6r\u00f6l\u00e9s, el\u00e9gedetlens\u00e9g, hogy \u00farr\u00e1 lett rajtunk egyfajta gondolkod\u00e1sm\u00f3d: &#8222;Ami van, az m\u00e1r nincs!&#8221; Az \u00f6r\u00f6k\u00f6s el\u00e9gedetlens\u00e9g \u00e9s h\u00e1l\u00e1tlans\u00e1g sajnos k\u00e9pes feledtetni el\u0151djeink \u00e1ldozatos munk\u00e1j\u00e1t \u00e9s f\u00e1radoz\u00e1s\u00e1t. S ami m\u00e9g f\u00e1j\u00f3bb, a magam el\u00e9rt eredm\u00e9nyeire is kudarck\u00e9nt tekintek. J\u00f3 lenne, ha magam esetleges kudarcai\u00e9rt, sikertelens\u00e9gei\u00e9rt nem m\u00e1sokat okoln\u00e9k. Helyette v\u00e1llalnom kell a magam felel\u0151ss\u00e9g\u00e9t. <\/span><\/em><\/p>\n<p><em><span style=\"color: #800080;\">A szentlecke a hit fontoss\u00e1g\u00e1t emeli ki. Ennek a hitnek aj\u00e1nd\u00e9ka a megigazul\u00e1s \u00e9s az Istennel t\u00f6rt\u00e9n\u0151 megb\u00e9k\u00e9l\u00e9s Krisztus J\u00e9zus \u00e1ltal. B\u00e9k\u00e9ben \u00e9lni, megb\u00e9k\u00e9lten \u00e9lni Istennel, sz\u00e1momra az elenged\u00e9st is jelenti. Elengedni \u00e9letemb\u0151l a s\u00e9rtetts\u00e9g, a megb\u00e1ntotts\u00e1g, az el\u00e9gedetlens\u00e9g \u00e9letemet megterhel\u0151 \u00e9rz\u00e9seit. Mit kell nekem a magam \u00e9let\u00e9b\u0151l elengednem, hogy \u00e9lvezhessem lelkem bens\u0151 b\u00e9k\u00e9j\u00e9t \u00e9s a benne megh\u00faz\u00f3d\u00f3 bens\u0151 harm\u00f3ni\u00e1t? <\/span><\/em><\/p>\n<p><em><span style=\"color: #800080;\">Az evang\u00e9liumban a szamariai asszonyr\u00f3l hallunk, akit\u0151l J\u00e9zus inni k\u00e9r. Ennek a szimbolikus t\u00f6rt\u00e9netnek is t\u00f6bb fontos eleme van. Egyr\u00e9szt sz\u00f3l az \u00e9letemben jelenl\u00e9v\u0151 el\u0151\u00edt\u00e9letekr\u0151l, a bennem kialakult stigm\u00e1kr\u00f3l, megb\u00e9lyegz\u00e9sekr\u0151l, c\u00edmk\u00e9z\u00e9sekr\u0151l. Egyr\u00e9szt nem akarok m\u00e1sokat a magam el\u0151\u00edt\u00e9leteiben tekinteni. M\u00e1sr\u00e9szt pedig f\u00fcggetlen\u00edteni akarom magam a m\u00e1sok el\u0151\u00edt\u00e9leteit\u0151l. Igazi \u00f6nmagam akarok lenni, f\u00fcggetlen\u00fcl m\u00e1sok velem szemben t\u00e1pl\u00e1lt elv\u00e1r\u00e1sait\u00f3l. Az \u00f6r\u00f6k\u00f6s megfelel\u00e9si k\u00e9nyszer \u00f3ri\u00e1si teherr\u00e9 v\u00e1lhat \u00e9letemben. <\/span><\/em><\/p>\n<p><em><span style=\"color: #800080;\">A m\u00e1sik fontos \u00fczenete e t\u00f6rt\u00e9netnek, hogy J\u00e9zusnak a szamariai asszony mer\u00edtette v\u00edzre van sz\u00fcks\u00e9ge. A m\u00e1sok \u00e1ltal tal\u00e1n megb\u00e9lyegzett \u00e9s len\u00e9zett asszony v\u00edz\u00e9re. Cser\u00e9be J\u00e9zus az &#8222;\u00e9l\u0151 vizet&#8221; k\u00edn\u00e1lja&#8230; \u00d6nk\u00e9nt k\u00edn\u00e1lja mag\u00e1t a p\u00e1rhuzam! Oda kell adnom az \u00e9n vizemet, hogy cser\u00e9be megkaphassam J\u00e9zust\u00f3l az &#8222;\u00e9l\u0151 vizet&#8221;. Csakis J\u00e9zus k\u00e9pes \u00e9letem viz\u00e9t \u00e9l\u0151 v\u00edzz\u00e9 v\u00e1ltoztatni. Odaadni b\u0171neimmel terhelt \u00e9letemet, hogy azt \u0150 \u00e9l\u0151v\u00e9 tegye! <\/span><\/em><\/p>\n<p><em><span style=\"color: #800080;\">Tibor atya\u00a0 \u00a0<\/span><\/em><\/p>\n<p><span style=\"color: #800080;\">Kezd\u0151\u00e9nek:<\/span><br \/>\nSzemem mindig az \u00darra tekint, hiszen \u0151 vonja ki l\u00e1bam a csapd\u00e1b\u00f3l. Tekints r\u00e1m \u00e9s irgalmazz: elhagyatott vagyok \u00e9s nyomorult. (Zsolt 24,15-16)<br \/>\n<span style=\"color: #800080;\"><em>vagy<\/em><\/span><br \/>\nHa majd elismeritek, hogy \u00e9n vagyok a ti szent Istenetek: egybegy\u0171jtelek titeket az eg\u00e9sz vil\u00e1gr\u00f3l. Tiszta vizet hintek r\u00e1tok, \u00e9s megtiszt\u00edtlak minden gonoszs\u00e1gt\u00f3l: \u00faj lelket adok bel\u00e9tek \u2013 mondja az \u00dar. (Ez 36,23-26)<\/p>\n<p><span style=\"color: #800080;\">K\u00f6ny\u00f6rg\u00e9s:<\/span><br \/>\nIsten\u00fcnk, minden irgalom \u00e9s j\u00f3s\u00e1g forr\u00e1sa, te a b\u00f6jt, az im\u00e1ds\u00e1g \u00e9s az irgalmas szeretet gyakorl\u00e1sa \u00e1ltal gy\u00f3gyul\u00e1st adsz b\u0171neinkre. N\u00e9zd j\u00f3s\u00e1gosan \u0151szinte b\u0171nb\u00e1natunkat, \u00e9s amikor v\u00e9tkeinket beismerve meghajlunk el\u0151tted, emelj f\u00f6l minket sz\u00fcntelen irgalmaddal. A mi Urunk, J\u00e9zus Krisztus, a te Fiad \u00e1ltal, aki veled \u00e9l \u00e9s uralkodik a Szentl\u00e9lekkel egys\u00e9gben, Isten mind\u00f6r\u00f6kk\u00f6n \u00f6r\u00f6kk\u00e9.<\/p>\n<p align=\"justify\"><span style=\"color: #800080;\">OLVASM\u00c1NY M\u00f3zes m\u00e1sodik k\u00f6nyv\u00e9b\u0151l (Kiv 17,3-7)<\/span><\/p>\n<p align=\"justify\"><em>Adj nek\u00fcnk vizet, hogy ihassunk.<\/em><br \/>\nRefidimben a n\u00e9p szomjas volt, az\u00e9rt z\u00fagol\u00f3dott M\u00f3zes ellen: \u201eMi\u00e9rt hozt\u00e1l ki minket Egyiptomb\u00f3l, tal\u00e1n az\u00e9rt, hogy szomj\u00fas\u00e1ggal \u00f6lj meg benn\u00fcnket gyermekeinkkel \u00e9s \u00e1llatainkkal egy\u00fctt?\u201d M\u00f3zes ilyen szavakkal foh\u00e1szkodott az \u00darhoz: \u201eMit tegyek ezzel a n\u00e9ppel? Kev\u00e9s h\u00edja \u00e9s megk\u00f6vez.\u201d<br \/>\nAz \u00dar ezt v\u00e1laszolta M\u00f3zesnek: \u201eHaladj a n\u00e9p el\u0151tt, vedd magadhoz Izrael v\u00e9neit, fogd kezedbe a botodat, amellyel a N\u00edlusra csapt\u00e1l \u00e9s menj. \u00c9n oda\u00e1llok el\u00e9d a szikl\u00e1ra a H\u00f3rebn\u00e9l. \u00dcss r\u00e1 a szikl\u00e1ra, v\u00edz folyik majd bel\u0151le, hogy igy\u00e9k a n\u00e9p.\u201d<br \/>\nM\u00f3zes \u00fagy is tett Izrael v\u00e9neinek jelenl\u00e9t\u00e9ben.<br \/>\nA helyet Massz\u00e1nak \u00e9s Merib\u00e1nak nevezte el, ami annyit jelent mint K\u00eds\u00e9rt\u00e9s \u00e9s P\u00f6r\u00f6l\u00e9s, mivel Izrael fiai ott z\u00fagol\u00f3dtak \u00e9s k\u00eds\u00e9rtett\u00e9k az Urat. Ezt k\u00e9rdezt\u00e9k ugyanis: \u201eK\u00f6z\u00f6tt\u00fcnk van-e az \u00dar vagy nincs?\u201d<br \/>\nEz az Isten ig\u00e9je.<\/p>\n<p align=\"justify\"><span style=\"color: #800080;\">V\u00c1LASZOS ZSOLT\u00c1R (Zsolt 94,1-2.6-7.8-9)<\/span><\/p>\n<p>V\u00e1lasz:\u00a0<strong>B\u00e1r hallgatn\u00e1tok ma Isten szav\u00e1ra,* \u201eN\u00e9pem, ne l\u00e9gy kem\u00e9ny sz\u00edv\u0171.\u201d<\/strong>\u00a02. t\u00f3nus.<br \/>\nEl\u0151\u00e9nekes: J\u00f6jjetek, \u00f6rvendezz\u00fcnk az \u00darnak, * \u00e9s ujjongjunk \u00fcdv\u00fcnk szikl\u00e1ja el\u0151tt.<br \/>\nDics\u0151\u00edt\u0151 \u00e9nekkel l\u00e9pj\u00fcnk sz\u00edne el\u00e9, * magasztaljuk \u0151t zsolt\u00e1rt zengve.<br \/>\nH\u00edvek: B\u00e1r hallgatn\u00e1tok ma Isten szav\u00e1ra,* \u201eN\u00e9pem, ne l\u00e9gy kem\u00e9ny sz\u00edv\u0171.\u201d<br \/>\nE: J\u00f6jjetek, boruljunk le, h\u00f3doljunk el\u0151tte, * hulljunk t\u00e9rdre Urunk, Alkot\u00f3nk el\u0151tt.<br \/>\nMert \u0151 a mi Isten\u00fcnk, * mi pedig az \u0151 n\u00e9pe, \u00e9s kez\u00e9re b\u00edzott ny\u00e1j vagyunk.<br \/>\nH: B\u00e1r hallgatn\u00e1tok ma Isten szav\u00e1ra,* \u201eN\u00e9pem, ne l\u00e9gy kem\u00e9ny sz\u00edv\u0171.\u201d<br \/>\nE: B\u00e1rcsak hallgatn\u00e1tok ma az \u0151 szav\u00e1ra: * \u201eNe kem\u00e9ny\u00edts\u00e9tek meg sz\u00edveteket,<br \/>\nmint egykor Merib\u00e1n\u00e1l, Massza napj\u00e1n a puszt\u00e1ban, \u2020 ahol aty\u00e1itok megk\u00eds\u00e9rtettek engem, * pr\u00f3b\u00e1ra tettek, b\u00e1r l\u00e1tt\u00e1k sz\u00e1mos csod\u00e1mat.\u201d<br \/>\nH: B\u00e1r hallgatn\u00e1tok ma Isten szav\u00e1ra,* \u201eN\u00e9pem, ne l\u00e9gy kem\u00e9ny sz\u00edv\u0171.\u201d<\/p>\n<p align=\"justify\"><span style=\"color: #800080;\">SZENTLECKE Szent P\u00e1l apostolnak a r\u00f3maiakhoz \u00edrt level\u00e9b\u0151l (R\u00f3m 5,1-2.5-8)<\/span><\/p>\n<p align=\"justify\"><em>A nek\u00fcnk aj\u00e1nd\u00e9kozott Szentl\u00e9lekkel ki\u00e1radt sz\u00edv\u00fcnkbe az Isten szeretete.<\/em><br \/>\nTestv\u00e9reim!<br \/>\nMivel a hit r\u00e9v\u00e9n megigazultunk, b\u00e9k\u00e9ben \u00e9l\u00fcnk Istennel \u201e Urunk J\u00e9zus Krisztus \u00e1ltal. \u00c1ltala jutottunk hozz\u00e1 a hitben a kegyelemhez, amelyben \u00e9l\u00fcnk, \u00e9s dicseksz\u00fcnk a rem\u00e9nys\u00e9ggel, hogy az isteni dics\u0151s\u00e9g r\u00e9szesei lehet\u00fcnk.<br \/>\nRem\u00e9ny\u00fcnkben nem csalatkozunk, mert a nek\u00fcnk aj\u00e1nd\u00e9kozott Szentl\u00e9lekkel ki\u00e1radt sz\u00edv\u00fcnkbe az Isten szeretete. Amikor m\u00e9g er\u0151tlenek voltunk, Krisztus az erre alkalmas id\u0151ben meghalt a b\u0171n\u00f6s\u00f6k\u00e9rt, pedig az igaz\u00e9rt is alig hal meg valaki, legfeljebb a j\u00f3tev\u0151\u00e9rt adja \u00e9let\u00e9t az ember. Isten azonban azzal bizony\u00edtja ir\u00e1ntunk val\u00f3 szeretet\u00e9t, hogy amikor m\u00e9g b\u0171n\u00f6s\u00f6k voltunk, Krisztus meghalt \u00e9rt\u00fcnk.<br \/>\nEz az Isten ig\u00e9je.<\/p>\n<p align=\"justify\"><span style=\"color: #800080;\">EVANG\u00c9LIUM EL\u0150TTI VERS<\/span><br \/>\nVal\u00f3ban te vagy a vil\u00e1g Megv\u00e1lt\u00f3ja, Uram. * Adj innom az \u00e9l\u0151 v\u00edzb\u0151l, hogy ne szomjazzam soha t\u00f6bb\u00e9! Jn 4,42 \u00e9s 15 \u2013 11. t\u00f3nus.<\/p>\n<p align=\"justify\"><em>Hosszabb forma:<\/em><br \/>\n<span style=\"color: #800080;\">\u2020 EVANG\u00c9LIUM Szent J\u00e1nos k\u00f6nyv\u00e9b\u0151l (Jn 4,5-42)<\/span><br \/>\n<em>Az a v\u00edz, amelyet \u00e9n adok, \u00f6r\u00f6k \u00e9letre sz\u00f6kell\u0151 v\u00edzforr\u00e1s.<\/em><br \/>\nAbban az id\u0151ben:<br \/>\nJ\u00e9zus Szamaria egyik v\u00e1ros\u00e1ba, Szik\u00e1rba \u00e9rkezett, k\u00f6zel ahhoz a f\u00f6ldh\u00f6z, amelyet J\u00e1kob adott fi\u00e1nak, J\u00f3zsefnek. Ott volt J\u00e1kob k\u00fatja. Mivel J\u00e9zus \u00fatk\u00f6zben elf\u00e1radt, le\u00fclt a k\u00fatn\u00e1l. Az id\u0151 d\u00e9l fel\u00e9 j\u00e1rt. K\u00f6zben odaj\u00f6tt egy szamariai asszony, hogy vizet mer\u00edtsen. J\u00e9zus megk\u00e9rte: \u201eAdj innom!\u201d Tan\u00edtv\u00e1nyai ugyanis elmentek a v\u00e1rosba, hogy ennival\u00f3t vegyenek. Az asszony elcsod\u00e1lkozott: \u201eHogyan k\u00e9rhetsz te, zsid\u00f3 l\u00e9tedre t\u0151lem, szamariai asszonyt\u00f3l inni?\u201d A zsid\u00f3k ugyanis nem \u00e9rintkeznek a szamarit\u00e1nusokkal.<br \/>\nJ\u00e9zus \u00edgy felelt: \u201eHa ismern\u00e9d Isten aj\u00e1nd\u00e9k\u00e1t, \u00e9s tudn\u00e1d, hogy ki mondja neked: \u00bbAdj innom!\u00ab, ink\u00e1bb te k\u00e9rn\u00e9d \u0151t, \u00e9s \u0151 \u00e9l\u0151 vizet adna neked.\u201d<br \/>\nAz asszony ezt felelte: \u201eUram, hiszen v\u00f6dr\u00f6d sincs, a k\u00fat pedig m\u00e9ly. Honnan venn\u00e9d az \u00e9l\u0151 vizet? Csak nem vagy nagyobb J\u00e1kob aty\u00e1nkn\u00e1l, aki nek\u00fcnk ezt a kutat adta, amelyb\u0151l \u0151 maga is ivott, meg a fiai \u00e9s az \u00e1llatai?\u201d<br \/>\nJ\u00e9zus erre megjegyezte: \u201eMindaz, aki ebb\u0151l a v\u00edzb\u0151l iszik, \u00fajra megszomjazik. De aki abb\u00f3l a v\u00edzb\u0151l iszik, amelyet \u00e9n adok neki, nem szomjazik meg soha t\u00f6bb\u00e9. Az a v\u00edz, amelyet \u00e9n adok, \u00f6r\u00f6k \u00e9letre sz\u00f6kell\u0151 v\u00edzforr\u00e1s lesz benne.\u201d<br \/>\nErre az asszony megk\u00e9rte: \u201eUram, add nekem azt a vizet, hogy ne legyek szomjas, \u00e9s ne kelljen ide j\u00e1rnom vizet mer\u00edteni!\u201d J\u00e9zus \u00edgy sz\u00f3lt: \u201eMenj, h\u00edvd a f\u00e9rjedet, \u00e9s j\u00f6jj ide!\u201d Az asszony ezt felelte: \u201eNincs is f\u00e9rjem!\u201d<br \/>\nMire J\u00e9zus: \u201eJ\u00f3l mondod, hogy nincs f\u00e9rjed. Mert \u00f6t f\u00e9rjed volt, \u00e9s akid most van, az sem a f\u00e9rjed. Ezt helyesen mondtad.\u201d Ekkor \u00edgy sz\u00f3lt az asszony: \u201eUram, l\u00e1tom, hogy pr\u00f3f\u00e9ta vagy! Aty\u00e1ink ezen a hegyen im\u00e1dt\u00e1k Istent, ti pedig azt mondj\u00e1tok, hogy Jeruzs\u00e1lem az a hely, ahol im\u00e1dni kell \u0151t.\u201d<br \/>\nJ\u00e9zus ezt felelte: \u201eHidd el nekem, asszony, hogy elj\u00f6n az \u00f3ra, amikor az Aty\u00e1t nem itt \u00e9s nem is Jeruzs\u00e1lemben fogj\u00e1tok im\u00e1dni. Ti azt im\u00e1dj\u00e1tok, akit nem ismertek, mi pedig azt, akit ismer\u00fcnk, hiszen az \u00fcdv\u00f6ss\u00e9g a zsid\u00f3kt\u00f3l ered. De elj\u00f6n az \u00f3ra, s\u0151t m\u00e1r itt is van, amikor az igazi im\u00e1d\u00f3k l\u00e9lekben \u00e9s igazs\u00e1gban im\u00e1dj\u00e1k az Aty\u00e1t. Mert az Atya ilyen im\u00e1d\u00f3kat v\u00e1r. Isten ugyanis L\u00e9lek, ez\u00e9rt akik \u0151t im\u00e1dj\u00e1k, l\u00e9lekben \u00e9s igazs\u00e1gban kell im\u00e1dniuk.\u201d<br \/>\nAz asszony \u00edgy sz\u00f3lt: \u201eTudom, hogy elj\u00f6n a Messi\u00e1s, akit Krisztusnak neveznek. Ha majd elj\u00f6n, \u0151 tudtunkra ad mindent.\u201d<br \/>\nErre J\u00e9zus kijelentette: \u201e\u00c9n vagyok az, aki veled besz\u00e9lek.\u201d Tan\u00edtv\u00e1nyai \u00e9ppen vissza\u00e9rkeztek, \u00e9s meglep\u0151dtek, hogy asszonnyal besz\u00e9lget. De nem k\u00e9rdezte meg egyik\u00fck sem: \u201eMit akarsz t\u0151le?\u201d, vagy: \u201eMi\u00e9rt besz\u00e9lgetsz vele?\u201d<br \/>\nAz asszony pedig otthagyva kors\u00f3j\u00e1t, elsietett a v\u00e1rosba \u00e9s elmondta az embereknek: \u201eGyertek, n\u00e9zz\u00e9tek meg azt az embert, aki mindent elmondott, amit tettem! Lehet, hogy \u0151 a Krisztus?\u201d Ki is j\u00f6ttek a v\u00e1rosb\u00f3l, \u00e9s odagy\u0171ltek k\u00f6r\u00e9je.<br \/>\nK\u00f6zben a tan\u00edtv\u00e1nyok megk\u00edn\u00e1lt\u00e1k \u0151t: \u201eMester, egy\u00e9l!\u201d J\u00e9zus azonban ezt mondta nekik: \u201eVan nekem olyan \u00e9telem, amelyr\u0151l ti nem tudtok!\u201d Erre a tan\u00edtv\u00e1nyok k\u00e9rdezgetni kezdt\u00e9k egym\u00e1st: \u201eTal\u00e1n valaki hozott neki ennival\u00f3t?\u201d De J\u00e9zus megmagyar\u00e1zta: \u201eAz \u00e9n \u00e9telem az, hogy megtegyem annak akarat\u00e1t, aki engem k\u00fcld\u00f6tt, \u00e9s hogy befejezzem az \u0151 m\u0171v\u00e9t. Ugye, azt mondj\u00e1tok: M\u00e9g n\u00e9gy h\u00f3nap, \u00e9s itt az arat\u00e1s. \u00cdme, \u00e9n azt mondom nektek: Emelj\u00e9tek fel szemeteket \u00e9s n\u00e9zz\u00e9tek a f\u00f6ldeket, aranys\u00e1rg\u00e1k m\u00e1r, k\u00e9szek az arat\u00e1sra. Az arat\u00f3 elnyeri most jutalm\u00e1t: Begy\u0171jti a term\u00e9st az \u00f6r\u00f6k \u00e9letre, hogy aki vetett, egy\u00fctt \u00f6r\u00fclhessen azzal, aki arat. Mert igaza van a k\u00f6zmond\u00e1snak: Az egyik vet, a m\u00e1sik arat. \u00c9n az\u00e9rt k\u00fcldtelek titeket, hogy learass\u00e1tok, amivel nem ti f\u00e1radtatok. M\u00e1sok f\u00e1radoztak, ti pedig az \u0151 munk\u00e1jukba \u00e1lltatok be.\u201d Abb\u00f3l a v\u00e1rosb\u00f3l, a szamarit\u00e1nusok k\u00f6z\u00fcl sokan hittek benne, mivel az asszony tan\u00fas\u00edtotta: \u201eMindent elmondott, amit tettem.\u201d Mikor azut\u00e1n kij\u00f6ttek hozz\u00e1 a szamarit\u00e1nusok, megk\u00e9rt\u00e9k \u0151t, hogy maradjon n\u00e1luk. Ott is maradt k\u00e9t napig. Ezut\u00e1n \u00edgy sz\u00f3ltak az asszonyhoz: \u201eMost m\u00e1r nem a te szavadra hisz\u00fcnk. Hallottuk \u0151t mi magunk is, \u00e9s tudjuk, hogy val\u00f3ban \u0151 a vil\u00e1g \u00dcdv\u00f6z\u00edt\u0151je.\u201d<br \/>\nEzek az evang\u00e9lium ig\u00e9i.<\/p>\n<p><em>Vagy r\u00f6videbb forma:<\/em><br \/>\n<span style=\"color: #800080;\">\u2020 EVANG\u00c9LIUM Szent J\u00e1nos k\u00f6nyv\u00e9b\u0151l (Jn 4,5-15.19b-26.39a.40-42)<\/span><br \/>\n<em>Az a v\u00edz, amelyet \u00e9n adok, \u00f6r\u00f6k \u00e9letre sz\u00f6kell\u0151 v\u00edzforr\u00e1s.<\/em><br \/>\nAbban az id\u0151ben: J\u00e9zus Szamaria egyik v\u00e1ros\u00e1ba, Szik\u00e1rba \u00e9rkezett, k\u00f6zel ahhoz a f\u00f6ldh\u00f6z, amelyet J\u00e1kob adott fi\u00e1nak, J\u00f3zsefnek. Ott volt J\u00e1kob k\u00fatja. Mivel J\u00e9zus \u00fatk\u00f6zben elf\u00e1radt, le\u00fclt a k\u00fatn\u00e1l. Az id\u0151 d\u00e9l fel\u00e9 j\u00e1rt. K\u00f6zben odaj\u00f6tt egy szamariai asszony, hogy vizet mer\u00edtsen. J\u00e9zus megk\u00e9rte: \u201eAdj innom!\u201d Tan\u00edtv\u00e1nyai ugyanis elmentek a v\u00e1rosba, hogy ennival\u00f3t vegyenek. Az asszony elcsod\u00e1lkozott: \u201eHogyan k\u00e9rhetsz te, zsid\u00f3 l\u00e9tedre t\u0151lem, szamariai asszonyt\u00f3l inni?\u201d A zsid\u00f3k ugyanis nem \u00e9rintkeznek a szamarit\u00e1nusokkal.<br \/>\nJ\u00e9zus \u00edgy felelt: \u201eHa ismern\u00e9d Isten aj\u00e1nd\u00e9k\u00e1t, \u00e9s tudn\u00e1d, hogy ki mondja neked: \u00bbAdj innom!\u00ab, ink\u00e1bb te k\u00e9rn\u00e9d \u0151t, \u00e9s \u0151 \u00e9l\u0151 vizet adna neked.\u201d<br \/>\nAz asszony ezt felelte: \u201eUram, hiszen v\u00f6dr\u00f6d sincs, a k\u00fat pedig m\u00e9ly. Honnan venn\u00e9d az \u00e9l\u0151 vizet? Csak nem vagy nagyobb J\u00e1kob aty\u00e1nkn\u00e1l, aki nek\u00fcnk ezt a kutat adta, amelyb\u0151l \u0151 maga is ivott, meg a fiai \u00e9s az \u00e1llatai?\u201d<br \/>\nJ\u00e9zus erre megjegyezte: \u201eMindaz, aki ebb\u0151l a v\u00edzb\u0151l iszik, \u00fajra megszomjazik. De aki abb\u00f3l a v\u00edzb\u0151l iszik, amelyet \u00e9n adok neki, nem szomjazik meg soha t\u00f6bb\u00e9. Az a v\u00edz, amelyet \u00e9n adok, \u00f6r\u00f6k \u00e9letre sz\u00f6kell\u0151 v\u00edzforr\u00e1s lesz benne.\u201d<br \/>\nErre az asszony megk\u00e9rte: \u201eUram, add nekem azt a vizet, hogy ne legyek szomjas, \u00e9s ne kelljen ide j\u00e1rnom vizet mer\u00edteni. L\u00e1tom, hogy pr\u00f3f\u00e9ta vagy! Aty\u00e1ink ezen a hegyen im\u00e1dt\u00e1k Istent, ti pedig azt mondj\u00e1tok, hogy Jeruzs\u00e1lem az a hely, ahol im\u00e1dni kell \u0151t.\u201d<br \/>\nJ\u00e9zus ezt felelte: \u201eHidd el nekem, asszony, hogy elj\u00f6n az \u00f3ra, amikor az Aty\u00e1t nem itt \u00e9s nem is Jeruzs\u00e1lemben fogj\u00e1tok im\u00e1dni. Ti azt im\u00e1dj\u00e1tok, akit nem ismertek, mi pedig azt, akit ismer\u00fcnk, hiszen az \u00fcdv\u00f6ss\u00e9g a zsid\u00f3kt\u00f3l ered. De elj\u00f6n az \u00f3ra, s\u0151t m\u00e1r itt is van, amikor az igazi im\u00e1d\u00f3k l\u00e9lekben \u00e9s igazs\u00e1gban im\u00e1dj\u00e1k az Aty\u00e1t. Mert az Atya ilyen im\u00e1d\u00f3kat v\u00e1r. Isten ugyanis L\u00e9lek, ez\u00e9rt akik \u0151t im\u00e1dj\u00e1k, l\u00e9lekben \u00e9s igazs\u00e1gban kell im\u00e1dniuk.\u201d<br \/>\nAz asszony \u00edgy sz\u00f3lt: \u201eTudom, hogy elj\u00f6n a Messi\u00e1s, akit Krisztusnak neveznek. Ha majd elj\u00f6n, \u0151 tudtunkra ad mindent.\u201d<br \/>\nErre J\u00e9zus kijelentette: \u201e\u00c9n vagyok az, aki veled besz\u00e9lek.\u201d<br \/>\nAbb\u00f3l a v\u00e1rosb\u00f3l a szamarit\u00e1nusok k\u00f6z\u00fcl sokan hittek benne. Mikor kij\u00f6ttek hozz\u00e1 a szamarit\u00e1nusok, megk\u00e9rt\u00e9k \u0151t, hogy maradjon n\u00e1luk. Ott is maradt k\u00e9t napig. Ezut\u00e1n \u00edgy sz\u00f3ltak az asszonyhoz: \u201eMost m\u00e1r nem a te szavadra hisz\u00fcnk. Hallottuk \u0151t mi magunk is, \u00e9s tudjuk, hogy val\u00f3ban \u0151 a vil\u00e1g \u00dcdv\u00f6z\u00edt\u0151je.\u201d<br \/>\nEzek az evang\u00e9lium ig\u00e9i<\/p>\n<p><span style=\"color: #800080;\">EGYETEMES K\u00d6NY\u00d6RG\u00c9SEK<\/span><br \/>\nPap: Im\u00e1dkozzunk, testv\u00e9reim, mennyei Aty\u00e1nkhoz, aki J\u00e9zus Krisztusban megnyitja sz\u00e1munkra a kegyelem forr\u00e1s\u00e1t!<br \/>\nLektor: 1. Add, Urunk, hogy h\u00edveid az evang\u00e9lium \u00e9l\u0151 viz\u00e9vel enyh\u00edts\u00e9k lelk\u00fck szomj\u00fas\u00e1g\u00e1t!<br \/>\nH\u00edvek: K\u00e9r\u00fcnk T\u00e9ged, hallgass meg minket!<br \/>\n2. Add meg, Urunk, a n\u00e9peknek, hogy l\u00e9lekben \u00e9s igazs\u00e1gban im\u00e1djanak t\u00e9ged!<br \/>\nH\u00edvek: K\u00e9r\u00fcnk T\u00e9ged, hallgass meg minket!<br \/>\n3. Vezess, Urunk, mindny\u00e1junkat a h\u00fasv\u00e9ti szents\u00e9gek kegyelmi forr\u00e1s\u00e1hoz!<br \/>\nH\u00edvek: K\u00e9r\u00fcnk T\u00e9ged, hallgass meg minket!<br \/>\n4. Vezesd vissza, Urunk, a b\u0171n\u00f6s\u00f6ket parancsaid \u00fatj\u00e1ra!<br \/>\nH\u00edvek: K\u00e9r\u00fcnk T\u00e9ged, hallgass meg minket!<br \/>\n5. Add, Urunk, hogy a feln\u00f6vekv\u0151 \u00faj nemzed\u00e9k is meggy\u0151z\u0151d\u00e9ssel vallja Fiadat a vil\u00e1g \u00dcdv\u00f6z\u00edt\u0151j\u00e9nek!<br \/>\nH\u00edvek: K\u00e9r\u00fcnk T\u00e9ged, hallgass meg minket!<br \/>\nPap: Mindenhat\u00f3 Aty\u00e1nk! Te szent Fiad \u00e1ltal az \u00e9l\u0151 vizek forr\u00e1s\u00e1t nyitottad meg a benned b\u00edz\u00f3k sz\u00edv\u00e9ben. Add, hogy b\u0171neink miatt soha el ne apadjon benn\u00fcnk \u00e9ltet\u0151 kegyelmed, amelyet nek\u00fcnk adt\u00e1l. Krisztus, a mi Urunk \u00e1ltal.<br \/>\nH\u00edvek: \u00c1men.<\/p>\n<p><span style=\"color: #800080;\">Felaj\u00e1nl\u00f3 k\u00f6ny\u00f6rg\u00e9s:<\/span><br \/>\nUrunk, Isten\u00fcnk, engeszteljen meg ez az \u00e1ldozat. Hallgasd meg im\u00e1ds\u00e1gunkat, amikor b\u0171neink\u00e9rt bocs\u00e1natodat k\u00e9rj\u00fck, \u00e9s add, hogy mi is sz\u00edvb\u0151l megbocs\u00e1ssunk embert\u00e1rsainknak. Krisztus, a mi Urunk \u00e1ltal.<\/p>\n<p><span style=\"color: #800080;\">Pref\u00e1ci\u00f3:<\/span><br \/>\n<em>a szamariai asszonyr\u00f3l<\/em><br \/>\nAz \u00dar legyen veletek.<br \/>\nH.: \u00c9s a te lelkeddel.<br \/>\nEmelj\u00fck f\u00f6l sz\u00edv\u00fcnket.<br \/>\nH.: F\u00f6lemelt\u00fck az \u00darhoz.<br \/>\nAdjunk h\u00e1l\u00e1t Urunknak, Isten\u00fcnknek.<br \/>\nH.: M\u00e9lt\u00f3 \u00e9s igazs\u00e1gos.<br \/>\n(Mert) Val\u00f3ban m\u00e9lt\u00f3 \u00e9s igazs\u00e1gos, ill\u0151 \u00e9s \u00fcdv\u00f6s, hogy mindig \u00e9s minden\u00fctt h\u00e1l\u00e1t adjunk n\u00e9ked, mi Urunk, szents\u00e9ges Aty\u00e1nk, mindenhat\u00f3 \u00f6r\u00f6k Isten: Krisztus, a mi Urunk \u00e1ltal.<br \/>\n\u0150 mik\u00f6zben vizet k\u00e9rt a szamariai asszonyt\u00f3l a hit aj\u00e1nd\u00e9k\u00e1t ny\u00fajtotta n\u00e9ki, \u2013 az asszony hit\u00e9re SZOMjazott, hogy az istenszeretet t\u00fcz\u00e9t l\u00e1ngra gy\u00fajtsa benne. \u00cdgy mi is h\u00e1l\u00e1t adunk n\u00e9ked, \u2013 hatalmas tetteidet HIRdetj\u00fck, s az angyalokhoz t\u00e1rsulva mondjuk: (zengj\u00fck:)<\/p>\n<p><span style=\"color: #800080;\">\u00c1ldoz\u00e1si \u00e9nek:<\/span><br \/>\n<em>Ha a szamariai asszonyr\u00f3l sz\u00f3l\u00f3 Evang\u00e9liumot olvastuk:<\/em><br \/>\nAki abb\u00f3l a v\u00edzb\u0151l iszik, amelyet \u00e9n adok neki, abban \u00f6r\u00f6k \u00e9letre sz\u00f6kell\u0151 v\u00edzforr\u00e1s fakad \u2013 mondja az \u00dar. (Jn 4,13-14)<br \/>\n<em>vagy ha m\u00e1sr\u00f3l sz\u00f3lt az Evang\u00e9lium:<\/em><br \/>\nA ver\u00e9b is otthont tal\u00e1l mag\u00e1nak, \u00e9s f\u00e9szket a gerle, ahov\u00e1 fiait helyezze; \u00e9n a te olt\u00e1rodn\u00e1l, Seregek Ura, Istenem \u00e9s Kir\u00e1lyom! Boldogok, akik h\u00e1zadban laknak, \u00e9s t\u00e9ged \u00f6r\u00f6kk\u00e9 magasztalnak. (Zsolt 83,4-5)<\/p>\n<p><span style=\"color: #800080;\">\u00c1ldoz\u00e1s ut\u00e1ni k\u00f6ny\u00f6rg\u00e9s:<\/span><br \/>\nUrunk, Isten\u00fcnk, \u00fcdv\u00f6ss\u00e9g\u00fcnk z\u00e1log\u00e1t vett\u00fck magunkhoz, amikor itt a f\u00f6ld\u00f6n mennyei keny\u00e9rrel t\u00e1pl\u00e1lt\u00e1l minket. Al\u00e1zattal k\u00e9r\u00fcnk: mutatkozz\u00e9k meg tetteinkben is, hogy e szents\u00e9gben veled tal\u00e1lkoztunk. Krisztus, a mi Urunk \u00e1ltal.<\/p>\n<p><em>(K\u00e9p forr\u00e1sa: pixabay.com)<\/em><\/p>\n","protected":false},"excerpt":{"rendered":"<p>Nagyb\u00f6jt 3. vas\u00e1rnap az ember alapvet\u0151 v\u00e1gyair\u00f3l \u00e9s ig\u00e9nyeir\u0151l is sz\u00f3l. Az \u00e9hez\u0151 ember keny\u00e9rre, a szomjaz\u00f3 pedig tiszta v\u00edzre v\u00e1gy\u00f3dik. Sajn\u00e1latos m\u00f3don azonban kev\u00e9s becs\u00fclete van a keny\u00e9rnek. Hatalmas pazarl\u00e1s t\u00f6rt\u00e9nik, melynek k\u00f6vetkezm\u00e9nye, hogy nagy r\u00e9sz\u00e9t eldobj\u00e1k, avagy szem\u00e9tre ker\u00fcl. Vizeink nagy r\u00e9sze pedig fert\u0151z\u00f6tt, ihatatlan. Mindez azonban a test\u00fcnk t\u00e1pl\u00e1l\u00e1s\u00e1r\u00f3l sz\u00f3l. Pedig ott van a lelk\u00fcnk is. Valljuk, sz\u00fcks\u00e9g\u00fcnk van a lelki t\u00e1pl\u00e1l\u00e9kra \u00e9s italra is. Nagyb\u00f6jt, mint kegyelmi id\u0151, \u00e9ppen erre k\u00edn\u00e1l lehet\u0151s\u00e9get. Gazdag \u00fczenettel aj\u00e1nd\u00e9koz meg liturgi\u00e1nk a szentmise k\u00f6ny\u00f6rg\u00e9s\u00e9ben. B\u0171neinknek gy\u00f3gyulniuk kell. Ez azt is jelenti, hogy id\u0151re van sz\u00fcks\u00e9g\u00fcnk. Ebben pedig seg\u00edts\u00e9get jelentenek a nagyb\u00f6jti gyakorlatok: im\u00e1ds\u00e1g, b\u00f6jt \u00e9s az irgalmas szeretet gyakorl\u00e1sa. R\u00f6viden tal\u00e1n \u00edgy tudn\u00e1m \u00f6sszefoglalni: megtanulni \u00fajb\u00f3l szeretetben \u00e9lni. Csod\u00e1latos \u00e9s felemel\u0151 \u00e9rz\u00e9s! Az olvasm\u00e1ny a v\u00e1lasztott n\u00e9p pusztai v\u00e1ndorl\u00e1s\u00e1nak kritikus id\u0151szak\u00e1b\u00f3l egy olyan jelenetet eleven\u00edt meg, amely a magunk \u00e9let\u00e9ben is jelent\u0151s\u00e9ggel b\u00edr. F\u00e1sults\u00e1g, k\u00e9ts\u00e9gbees\u00e9s, rem\u00e9nytelens\u00e9g, el\u00e9gedetlens\u00e9g, l\u00e1zad\u00e1s \u00e9s z\u00fagol\u00f3d\u00e1s szelleme. Ebben a pillanatban \u00fagy \u00e9rezz\u00fck, ez a t\u00f6rt\u00e9net m\u00e1r nem is a v\u00e1lasztott n\u00e9pr\u0151l, hanem r\u00f3lam sz\u00f3l. Ugyanis ezek az emberi \u00e9rz\u00e9sek olykor engem is szem\u00e9ly szerint hatalmukba ker\u00edtenek. A helyet M\u00f3zes Massz\u00e1nak \u00e9s Merib\u00e1nak nevezi el: a K\u00eds\u00e9rt\u00e9s \u00e9s P\u00f6r\u00f6l\u00e9s helye. Korunk nagy k\u00eds\u00e9rt\u00e9se \u00e9s a nyom\u00e1ban megjelen\u0151 p\u00f6r\u00f6l\u00e9s, el\u00e9gedetlens\u00e9g, hogy \u00farr\u00e1 lett rajtunk egyfajta gondolkod\u00e1sm\u00f3d: &#8222;Ami van, az m\u00e1r nincs!&#8221; Az \u00f6r\u00f6k\u00f6s el\u00e9gedetlens\u00e9g \u00e9s h\u00e1l\u00e1tlans\u00e1g sajnos k\u00e9pes feledtetni el\u0151djeink \u00e1ldozatos munk\u00e1j\u00e1t \u00e9s f\u00e1radoz\u00e1s\u00e1t. S ami m\u00e9g f\u00e1j\u00f3bb, a magam el\u00e9rt eredm\u00e9nyeire is kudarck\u00e9nt tekintek. J\u00f3 lenne, ha magam esetleges kudarcai\u00e9rt, sikertelens\u00e9gei\u00e9rt nem m\u00e1sokat okoln\u00e9k. Helyette v\u00e1llalnom kell a magam felel\u0151ss\u00e9g\u00e9t. A szentlecke a hit fontoss\u00e1g\u00e1t emeli ki. Ennek a hitnek aj\u00e1nd\u00e9ka a megigazul\u00e1s \u00e9s az Istennel t\u00f6rt\u00e9n\u0151 megb\u00e9k\u00e9l\u00e9s Krisztus J\u00e9zus \u00e1ltal. B\u00e9k\u00e9ben \u00e9lni, megb\u00e9k\u00e9lten \u00e9lni Istennel, sz\u00e1momra az elenged\u00e9st is jelenti. Elengedni \u00e9letemb\u0151l a s\u00e9rtetts\u00e9g, a megb\u00e1ntotts\u00e1g, az el\u00e9gedetlens\u00e9g \u00e9letemet megterhel\u0151 \u00e9rz\u00e9seit. Mit kell nekem a magam&#8230; <\/p>\n<p><a class=\"readmore\" href=\"https:\/\/stuttgarti-katolikusok.de\/index.php\/nagybojt-3-vasarnapja\/\">R\u00e9szletek<\/a><\/p>\n","protected":false},"author":3,"featured_media":26435,"comment_status":"closed","ping_status":"closed","sticky":false,"template":"","format":"standard","meta":{"footnotes":""},"categories":[63],"tags":[],"class_list":["post-26434","post","type-post","status-publish","format-standard","has-post-thumbnail","hentry","category-vasarnapi-gondolatok"],"yoast_head":"<!-- This site is optimized with the Yoast SEO plugin v27.3 - https:\/\/yoast.com\/product\/yoast-seo-wordpress\/ -->\n<title>Nagyb\u00f6jt 3. vas\u00e1rnapja - Stuttgarti Katolikusok<\/title>\n<meta name=\"robots\" content=\"index, follow, max-snippet:-1, max-image-preview:large, max-video-preview:-1\" \/>\n<link rel=\"canonical\" href=\"https:\/\/stuttgarti-katolikusok.de\/index.php\/nagybojt-3-vasarnapja\/\" \/>\n<meta property=\"og:locale\" content=\"hu_HU\" \/>\n<meta property=\"og:type\" content=\"article\" \/>\n<meta property=\"og:title\" content=\"Nagyb\u00f6jt 3. vas\u00e1rnapja - Stuttgarti Katolikusok\" \/>\n<meta property=\"og:description\" content=\"Nagyb\u00f6jt 3. vas\u00e1rnap az ember alapvet\u0151 v\u00e1gyair\u00f3l \u00e9s ig\u00e9nyeir\u0151l is sz\u00f3l. Az \u00e9hez\u0151 ember keny\u00e9rre, a szomjaz\u00f3 pedig tiszta v\u00edzre v\u00e1gy\u00f3dik. Sajn\u00e1latos m\u00f3don azonban kev\u00e9s becs\u00fclete van a keny\u00e9rnek. Hatalmas pazarl\u00e1s t\u00f6rt\u00e9nik, melynek k\u00f6vetkezm\u00e9nye, hogy nagy r\u00e9sz\u00e9t eldobj\u00e1k, avagy szem\u00e9tre ker\u00fcl. Vizeink nagy r\u00e9sze pedig fert\u0151z\u00f6tt, ihatatlan. Mindez azonban a test\u00fcnk t\u00e1pl\u00e1l\u00e1s\u00e1r\u00f3l sz\u00f3l. Pedig ott van a lelk\u00fcnk is. Valljuk, sz\u00fcks\u00e9g\u00fcnk van a lelki t\u00e1pl\u00e1l\u00e9kra \u00e9s italra is. Nagyb\u00f6jt, mint kegyelmi id\u0151, \u00e9ppen erre k\u00edn\u00e1l lehet\u0151s\u00e9get. Gazdag \u00fczenettel aj\u00e1nd\u00e9koz meg liturgi\u00e1nk a szentmise k\u00f6ny\u00f6rg\u00e9s\u00e9ben. B\u0171neinknek gy\u00f3gyulniuk kell. Ez azt is jelenti, hogy id\u0151re van sz\u00fcks\u00e9g\u00fcnk. Ebben pedig seg\u00edts\u00e9get jelentenek a nagyb\u00f6jti gyakorlatok: im\u00e1ds\u00e1g, b\u00f6jt \u00e9s az irgalmas szeretet gyakorl\u00e1sa. R\u00f6viden tal\u00e1n \u00edgy tudn\u00e1m \u00f6sszefoglalni: megtanulni \u00fajb\u00f3l szeretetben \u00e9lni. Csod\u00e1latos \u00e9s felemel\u0151 \u00e9rz\u00e9s! Az olvasm\u00e1ny a v\u00e1lasztott n\u00e9p pusztai v\u00e1ndorl\u00e1s\u00e1nak kritikus id\u0151szak\u00e1b\u00f3l egy olyan jelenetet eleven\u00edt meg, amely a magunk \u00e9let\u00e9ben is jelent\u0151s\u00e9ggel b\u00edr. F\u00e1sults\u00e1g, k\u00e9ts\u00e9gbees\u00e9s, rem\u00e9nytelens\u00e9g, el\u00e9gedetlens\u00e9g, l\u00e1zad\u00e1s \u00e9s z\u00fagol\u00f3d\u00e1s szelleme. Ebben a pillanatban \u00fagy \u00e9rezz\u00fck, ez a t\u00f6rt\u00e9net m\u00e1r nem is a v\u00e1lasztott n\u00e9pr\u0151l, hanem r\u00f3lam sz\u00f3l. Ugyanis ezek az emberi \u00e9rz\u00e9sek olykor engem is szem\u00e9ly szerint hatalmukba ker\u00edtenek. A helyet M\u00f3zes Massz\u00e1nak \u00e9s Merib\u00e1nak nevezi el: a K\u00eds\u00e9rt\u00e9s \u00e9s P\u00f6r\u00f6l\u00e9s helye. Korunk nagy k\u00eds\u00e9rt\u00e9se \u00e9s a nyom\u00e1ban megjelen\u0151 p\u00f6r\u00f6l\u00e9s, el\u00e9gedetlens\u00e9g, hogy \u00farr\u00e1 lett rajtunk egyfajta gondolkod\u00e1sm\u00f3d: &#8222;Ami van, az m\u00e1r nincs!&#8221; Az \u00f6r\u00f6k\u00f6s el\u00e9gedetlens\u00e9g \u00e9s h\u00e1l\u00e1tlans\u00e1g sajnos k\u00e9pes feledtetni el\u0151djeink \u00e1ldozatos munk\u00e1j\u00e1t \u00e9s f\u00e1radoz\u00e1s\u00e1t. S ami m\u00e9g f\u00e1j\u00f3bb, a magam el\u00e9rt eredm\u00e9nyeire is kudarck\u00e9nt tekintek. J\u00f3 lenne, ha magam esetleges kudarcai\u00e9rt, sikertelens\u00e9gei\u00e9rt nem m\u00e1sokat okoln\u00e9k. Helyette v\u00e1llalnom kell a magam felel\u0151ss\u00e9g\u00e9t. A szentlecke a hit fontoss\u00e1g\u00e1t emeli ki. Ennek a hitnek aj\u00e1nd\u00e9ka a megigazul\u00e1s \u00e9s az Istennel t\u00f6rt\u00e9n\u0151 megb\u00e9k\u00e9l\u00e9s Krisztus J\u00e9zus \u00e1ltal. B\u00e9k\u00e9ben \u00e9lni, megb\u00e9k\u00e9lten \u00e9lni Istennel, sz\u00e1momra az elenged\u00e9st is jelenti. Elengedni \u00e9letemb\u0151l a s\u00e9rtetts\u00e9g, a megb\u00e1ntotts\u00e1g, az el\u00e9gedetlens\u00e9g \u00e9letemet megterhel\u0151 \u00e9rz\u00e9seit. Mit kell nekem a magam... R\u00e9szletek\" \/>\n<meta property=\"og:url\" content=\"https:\/\/stuttgarti-katolikusok.de\/index.php\/nagybojt-3-vasarnapja\/\" \/>\n<meta property=\"og:site_name\" content=\"Stuttgarti Katolikusok\" \/>\n<meta property=\"article:published_time\" content=\"2026-03-07T11:58:42+00:00\" \/>\n<meta property=\"article:modified_time\" content=\"2026-03-07T13:38:17+00:00\" \/>\n<meta property=\"og:image\" content=\"https:\/\/stuttgarti-katolikusok.de\/wp-content\/uploads\/2023\/03\/spring-water-1116786-1280.jpg\" \/>\n\t<meta property=\"og:image:width\" content=\"1280\" \/>\n\t<meta property=\"og:image:height\" content=\"720\" \/>\n\t<meta property=\"og:image:type\" content=\"image\/jpeg\" \/>\n<meta name=\"author\" content=\"Tibor atya\" \/>\n<meta name=\"twitter:card\" content=\"summary_large_image\" \/>\n<meta name=\"twitter:label1\" content=\"Szerz\u0151:\" \/>\n\t<meta name=\"twitter:data1\" content=\"Tibor atya\" \/>\n\t<meta name=\"twitter:label2\" content=\"Becs\u00fclt olvas\u00e1si id\u0151\" \/>\n\t<meta name=\"twitter:data2\" content=\"14 perc\" \/>\n<script type=\"application\/ld+json\" class=\"yoast-schema-graph\">{\"@context\":\"https:\\\/\\\/schema.org\",\"@graph\":[{\"@type\":\"Article\",\"@id\":\"https:\\\/\\\/stuttgarti-katolikusok.de\\\/index.php\\\/nagybojt-3-vasarnapja\\\/#article\",\"isPartOf\":{\"@id\":\"https:\\\/\\\/stuttgarti-katolikusok.de\\\/index.php\\\/nagybojt-3-vasarnapja\\\/\"},\"author\":{\"name\":\"Tibor atya\",\"@id\":\"https:\\\/\\\/stuttgarti-katolikusok.de\\\/#\\\/schema\\\/person\\\/75908d6f8fdc03a57889d27209df7795\"},\"headline\":\"Nagyb\u00f6jt 3. vas\u00e1rnapja\",\"datePublished\":\"2026-03-07T11:58:42+00:00\",\"dateModified\":\"2026-03-07T13:38:17+00:00\",\"mainEntityOfPage\":{\"@id\":\"https:\\\/\\\/stuttgarti-katolikusok.de\\\/index.php\\\/nagybojt-3-vasarnapja\\\/\"},\"wordCount\":3445,\"image\":{\"@id\":\"https:\\\/\\\/stuttgarti-katolikusok.de\\\/index.php\\\/nagybojt-3-vasarnapja\\\/#primaryimage\"},\"thumbnailUrl\":\"https:\\\/\\\/stuttgarti-katolikusok.de\\\/wp-content\\\/uploads\\\/2023\\\/03\\\/spring-water-1116786-1280.jpg\",\"articleSection\":[\"Vas\u00e1rnapi gondolatok\"],\"inLanguage\":\"hu\"},{\"@type\":\"WebPage\",\"@id\":\"https:\\\/\\\/stuttgarti-katolikusok.de\\\/index.php\\\/nagybojt-3-vasarnapja\\\/\",\"url\":\"https:\\\/\\\/stuttgarti-katolikusok.de\\\/index.php\\\/nagybojt-3-vasarnapja\\\/\",\"name\":\"Nagyb\u00f6jt 3. vas\u00e1rnapja - Stuttgarti Katolikusok\",\"isPartOf\":{\"@id\":\"https:\\\/\\\/stuttgarti-katolikusok.de\\\/#website\"},\"primaryImageOfPage\":{\"@id\":\"https:\\\/\\\/stuttgarti-katolikusok.de\\\/index.php\\\/nagybojt-3-vasarnapja\\\/#primaryimage\"},\"image\":{\"@id\":\"https:\\\/\\\/stuttgarti-katolikusok.de\\\/index.php\\\/nagybojt-3-vasarnapja\\\/#primaryimage\"},\"thumbnailUrl\":\"https:\\\/\\\/stuttgarti-katolikusok.de\\\/wp-content\\\/uploads\\\/2023\\\/03\\\/spring-water-1116786-1280.jpg\",\"datePublished\":\"2026-03-07T11:58:42+00:00\",\"dateModified\":\"2026-03-07T13:38:17+00:00\",\"author\":{\"@id\":\"https:\\\/\\\/stuttgarti-katolikusok.de\\\/#\\\/schema\\\/person\\\/75908d6f8fdc03a57889d27209df7795\"},\"breadcrumb\":{\"@id\":\"https:\\\/\\\/stuttgarti-katolikusok.de\\\/index.php\\\/nagybojt-3-vasarnapja\\\/#breadcrumb\"},\"inLanguage\":\"hu\",\"potentialAction\":[{\"@type\":\"ReadAction\",\"target\":[\"https:\\\/\\\/stuttgarti-katolikusok.de\\\/index.php\\\/nagybojt-3-vasarnapja\\\/\"]}]},{\"@type\":\"ImageObject\",\"inLanguage\":\"hu\",\"@id\":\"https:\\\/\\\/stuttgarti-katolikusok.de\\\/index.php\\\/nagybojt-3-vasarnapja\\\/#primaryimage\",\"url\":\"https:\\\/\\\/stuttgarti-katolikusok.de\\\/wp-content\\\/uploads\\\/2023\\\/03\\\/spring-water-1116786-1280.jpg\",\"contentUrl\":\"https:\\\/\\\/stuttgarti-katolikusok.de\\\/wp-content\\\/uploads\\\/2023\\\/03\\\/spring-water-1116786-1280.jpg\",\"width\":1280,\"height\":720},{\"@type\":\"BreadcrumbList\",\"@id\":\"https:\\\/\\\/stuttgarti-katolikusok.de\\\/index.php\\\/nagybojt-3-vasarnapja\\\/#breadcrumb\",\"itemListElement\":[{\"@type\":\"ListItem\",\"position\":1,\"name\":\"Kezd\u0151lap\",\"item\":\"https:\\\/\\\/stuttgarti-katolikusok.de\\\/\"},{\"@type\":\"ListItem\",\"position\":2,\"name\":\"Nagyb\u00f6jt 3. vas\u00e1rnapja\"}]},{\"@type\":\"WebSite\",\"@id\":\"https:\\\/\\\/stuttgarti-katolikusok.de\\\/#website\",\"url\":\"https:\\\/\\\/stuttgarti-katolikusok.de\\\/\",\"name\":\"Stuttgarti Katolikusok\",\"description\":\"\",\"potentialAction\":[{\"@type\":\"SearchAction\",\"target\":{\"@type\":\"EntryPoint\",\"urlTemplate\":\"https:\\\/\\\/stuttgarti-katolikusok.de\\\/?s={search_term_string}\"},\"query-input\":{\"@type\":\"PropertyValueSpecification\",\"valueRequired\":true,\"valueName\":\"search_term_string\"}}],\"inLanguage\":\"hu\"},{\"@type\":\"Person\",\"@id\":\"https:\\\/\\\/stuttgarti-katolikusok.de\\\/#\\\/schema\\\/person\\\/75908d6f8fdc03a57889d27209df7795\",\"name\":\"Tibor atya\",\"image\":{\"@type\":\"ImageObject\",\"inLanguage\":\"hu\",\"@id\":\"https:\\\/\\\/secure.gravatar.com\\\/avatar\\\/61d268e57d1f4525b111222e29d2d5a7f8c420fdbf231ba5566a8ceac74fa960?s=96&d=mm&r=g\",\"url\":\"https:\\\/\\\/secure.gravatar.com\\\/avatar\\\/61d268e57d1f4525b111222e29d2d5a7f8c420fdbf231ba5566a8ceac74fa960?s=96&d=mm&r=g\",\"contentUrl\":\"https:\\\/\\\/secure.gravatar.com\\\/avatar\\\/61d268e57d1f4525b111222e29d2d5a7f8c420fdbf231ba5566a8ceac74fa960?s=96&d=mm&r=g\",\"caption\":\"Tibor atya\"},\"url\":\"https:\\\/\\\/stuttgarti-katolikusok.de\\\/index.php\\\/author\\\/tibor-atya\\\/\"}]}<\/script>\n<!-- \/ Yoast SEO plugin. -->","yoast_head_json":{"title":"Nagyb\u00f6jt 3. vas\u00e1rnapja - Stuttgarti Katolikusok","robots":{"index":"index","follow":"follow","max-snippet":"max-snippet:-1","max-image-preview":"max-image-preview:large","max-video-preview":"max-video-preview:-1"},"canonical":"https:\/\/stuttgarti-katolikusok.de\/index.php\/nagybojt-3-vasarnapja\/","og_locale":"hu_HU","og_type":"article","og_title":"Nagyb\u00f6jt 3. vas\u00e1rnapja - Stuttgarti Katolikusok","og_description":"Nagyb\u00f6jt 3. vas\u00e1rnap az ember alapvet\u0151 v\u00e1gyair\u00f3l \u00e9s ig\u00e9nyeir\u0151l is sz\u00f3l. Az \u00e9hez\u0151 ember keny\u00e9rre, a szomjaz\u00f3 pedig tiszta v\u00edzre v\u00e1gy\u00f3dik. Sajn\u00e1latos m\u00f3don azonban kev\u00e9s becs\u00fclete van a keny\u00e9rnek. Hatalmas pazarl\u00e1s t\u00f6rt\u00e9nik, melynek k\u00f6vetkezm\u00e9nye, hogy nagy r\u00e9sz\u00e9t eldobj\u00e1k, avagy szem\u00e9tre ker\u00fcl. Vizeink nagy r\u00e9sze pedig fert\u0151z\u00f6tt, ihatatlan. Mindez azonban a test\u00fcnk t\u00e1pl\u00e1l\u00e1s\u00e1r\u00f3l sz\u00f3l. Pedig ott van a lelk\u00fcnk is. Valljuk, sz\u00fcks\u00e9g\u00fcnk van a lelki t\u00e1pl\u00e1l\u00e9kra \u00e9s italra is. Nagyb\u00f6jt, mint kegyelmi id\u0151, \u00e9ppen erre k\u00edn\u00e1l lehet\u0151s\u00e9get. Gazdag \u00fczenettel aj\u00e1nd\u00e9koz meg liturgi\u00e1nk a szentmise k\u00f6ny\u00f6rg\u00e9s\u00e9ben. B\u0171neinknek gy\u00f3gyulniuk kell. Ez azt is jelenti, hogy id\u0151re van sz\u00fcks\u00e9g\u00fcnk. Ebben pedig seg\u00edts\u00e9get jelentenek a nagyb\u00f6jti gyakorlatok: im\u00e1ds\u00e1g, b\u00f6jt \u00e9s az irgalmas szeretet gyakorl\u00e1sa. R\u00f6viden tal\u00e1n \u00edgy tudn\u00e1m \u00f6sszefoglalni: megtanulni \u00fajb\u00f3l szeretetben \u00e9lni. Csod\u00e1latos \u00e9s felemel\u0151 \u00e9rz\u00e9s! Az olvasm\u00e1ny a v\u00e1lasztott n\u00e9p pusztai v\u00e1ndorl\u00e1s\u00e1nak kritikus id\u0151szak\u00e1b\u00f3l egy olyan jelenetet eleven\u00edt meg, amely a magunk \u00e9let\u00e9ben is jelent\u0151s\u00e9ggel b\u00edr. F\u00e1sults\u00e1g, k\u00e9ts\u00e9gbees\u00e9s, rem\u00e9nytelens\u00e9g, el\u00e9gedetlens\u00e9g, l\u00e1zad\u00e1s \u00e9s z\u00fagol\u00f3d\u00e1s szelleme. Ebben a pillanatban \u00fagy \u00e9rezz\u00fck, ez a t\u00f6rt\u00e9net m\u00e1r nem is a v\u00e1lasztott n\u00e9pr\u0151l, hanem r\u00f3lam sz\u00f3l. Ugyanis ezek az emberi \u00e9rz\u00e9sek olykor engem is szem\u00e9ly szerint hatalmukba ker\u00edtenek. A helyet M\u00f3zes Massz\u00e1nak \u00e9s Merib\u00e1nak nevezi el: a K\u00eds\u00e9rt\u00e9s \u00e9s P\u00f6r\u00f6l\u00e9s helye. Korunk nagy k\u00eds\u00e9rt\u00e9se \u00e9s a nyom\u00e1ban megjelen\u0151 p\u00f6r\u00f6l\u00e9s, el\u00e9gedetlens\u00e9g, hogy \u00farr\u00e1 lett rajtunk egyfajta gondolkod\u00e1sm\u00f3d: &#8222;Ami van, az m\u00e1r nincs!&#8221; Az \u00f6r\u00f6k\u00f6s el\u00e9gedetlens\u00e9g \u00e9s h\u00e1l\u00e1tlans\u00e1g sajnos k\u00e9pes feledtetni el\u0151djeink \u00e1ldozatos munk\u00e1j\u00e1t \u00e9s f\u00e1radoz\u00e1s\u00e1t. S ami m\u00e9g f\u00e1j\u00f3bb, a magam el\u00e9rt eredm\u00e9nyeire is kudarck\u00e9nt tekintek. J\u00f3 lenne, ha magam esetleges kudarcai\u00e9rt, sikertelens\u00e9gei\u00e9rt nem m\u00e1sokat okoln\u00e9k. Helyette v\u00e1llalnom kell a magam felel\u0151ss\u00e9g\u00e9t. A szentlecke a hit fontoss\u00e1g\u00e1t emeli ki. Ennek a hitnek aj\u00e1nd\u00e9ka a megigazul\u00e1s \u00e9s az Istennel t\u00f6rt\u00e9n\u0151 megb\u00e9k\u00e9l\u00e9s Krisztus J\u00e9zus \u00e1ltal. B\u00e9k\u00e9ben \u00e9lni, megb\u00e9k\u00e9lten \u00e9lni Istennel, sz\u00e1momra az elenged\u00e9st is jelenti. Elengedni \u00e9letemb\u0151l a s\u00e9rtetts\u00e9g, a megb\u00e1ntotts\u00e1g, az el\u00e9gedetlens\u00e9g \u00e9letemet megterhel\u0151 \u00e9rz\u00e9seit. Mit kell nekem a magam... R\u00e9szletek","og_url":"https:\/\/stuttgarti-katolikusok.de\/index.php\/nagybojt-3-vasarnapja\/","og_site_name":"Stuttgarti Katolikusok","article_published_time":"2026-03-07T11:58:42+00:00","article_modified_time":"2026-03-07T13:38:17+00:00","og_image":[{"width":1280,"height":720,"url":"https:\/\/stuttgarti-katolikusok.de\/wp-content\/uploads\/2023\/03\/spring-water-1116786-1280.jpg","type":"image\/jpeg"}],"author":"Tibor atya","twitter_card":"summary_large_image","twitter_misc":{"Szerz\u0151:":"Tibor atya","Becs\u00fclt olvas\u00e1si id\u0151":"14 perc"},"schema":{"@context":"https:\/\/schema.org","@graph":[{"@type":"Article","@id":"https:\/\/stuttgarti-katolikusok.de\/index.php\/nagybojt-3-vasarnapja\/#article","isPartOf":{"@id":"https:\/\/stuttgarti-katolikusok.de\/index.php\/nagybojt-3-vasarnapja\/"},"author":{"name":"Tibor atya","@id":"https:\/\/stuttgarti-katolikusok.de\/#\/schema\/person\/75908d6f8fdc03a57889d27209df7795"},"headline":"Nagyb\u00f6jt 3. vas\u00e1rnapja","datePublished":"2026-03-07T11:58:42+00:00","dateModified":"2026-03-07T13:38:17+00:00","mainEntityOfPage":{"@id":"https:\/\/stuttgarti-katolikusok.de\/index.php\/nagybojt-3-vasarnapja\/"},"wordCount":3445,"image":{"@id":"https:\/\/stuttgarti-katolikusok.de\/index.php\/nagybojt-3-vasarnapja\/#primaryimage"},"thumbnailUrl":"https:\/\/stuttgarti-katolikusok.de\/wp-content\/uploads\/2023\/03\/spring-water-1116786-1280.jpg","articleSection":["Vas\u00e1rnapi gondolatok"],"inLanguage":"hu"},{"@type":"WebPage","@id":"https:\/\/stuttgarti-katolikusok.de\/index.php\/nagybojt-3-vasarnapja\/","url":"https:\/\/stuttgarti-katolikusok.de\/index.php\/nagybojt-3-vasarnapja\/","name":"Nagyb\u00f6jt 3. vas\u00e1rnapja - Stuttgarti Katolikusok","isPartOf":{"@id":"https:\/\/stuttgarti-katolikusok.de\/#website"},"primaryImageOfPage":{"@id":"https:\/\/stuttgarti-katolikusok.de\/index.php\/nagybojt-3-vasarnapja\/#primaryimage"},"image":{"@id":"https:\/\/stuttgarti-katolikusok.de\/index.php\/nagybojt-3-vasarnapja\/#primaryimage"},"thumbnailUrl":"https:\/\/stuttgarti-katolikusok.de\/wp-content\/uploads\/2023\/03\/spring-water-1116786-1280.jpg","datePublished":"2026-03-07T11:58:42+00:00","dateModified":"2026-03-07T13:38:17+00:00","author":{"@id":"https:\/\/stuttgarti-katolikusok.de\/#\/schema\/person\/75908d6f8fdc03a57889d27209df7795"},"breadcrumb":{"@id":"https:\/\/stuttgarti-katolikusok.de\/index.php\/nagybojt-3-vasarnapja\/#breadcrumb"},"inLanguage":"hu","potentialAction":[{"@type":"ReadAction","target":["https:\/\/stuttgarti-katolikusok.de\/index.php\/nagybojt-3-vasarnapja\/"]}]},{"@type":"ImageObject","inLanguage":"hu","@id":"https:\/\/stuttgarti-katolikusok.de\/index.php\/nagybojt-3-vasarnapja\/#primaryimage","url":"https:\/\/stuttgarti-katolikusok.de\/wp-content\/uploads\/2023\/03\/spring-water-1116786-1280.jpg","contentUrl":"https:\/\/stuttgarti-katolikusok.de\/wp-content\/uploads\/2023\/03\/spring-water-1116786-1280.jpg","width":1280,"height":720},{"@type":"BreadcrumbList","@id":"https:\/\/stuttgarti-katolikusok.de\/index.php\/nagybojt-3-vasarnapja\/#breadcrumb","itemListElement":[{"@type":"ListItem","position":1,"name":"Kezd\u0151lap","item":"https:\/\/stuttgarti-katolikusok.de\/"},{"@type":"ListItem","position":2,"name":"Nagyb\u00f6jt 3. vas\u00e1rnapja"}]},{"@type":"WebSite","@id":"https:\/\/stuttgarti-katolikusok.de\/#website","url":"https:\/\/stuttgarti-katolikusok.de\/","name":"Stuttgarti Katolikusok","description":"","potentialAction":[{"@type":"SearchAction","target":{"@type":"EntryPoint","urlTemplate":"https:\/\/stuttgarti-katolikusok.de\/?s={search_term_string}"},"query-input":{"@type":"PropertyValueSpecification","valueRequired":true,"valueName":"search_term_string"}}],"inLanguage":"hu"},{"@type":"Person","@id":"https:\/\/stuttgarti-katolikusok.de\/#\/schema\/person\/75908d6f8fdc03a57889d27209df7795","name":"Tibor atya","image":{"@type":"ImageObject","inLanguage":"hu","@id":"https:\/\/secure.gravatar.com\/avatar\/61d268e57d1f4525b111222e29d2d5a7f8c420fdbf231ba5566a8ceac74fa960?s=96&d=mm&r=g","url":"https:\/\/secure.gravatar.com\/avatar\/61d268e57d1f4525b111222e29d2d5a7f8c420fdbf231ba5566a8ceac74fa960?s=96&d=mm&r=g","contentUrl":"https:\/\/secure.gravatar.com\/avatar\/61d268e57d1f4525b111222e29d2d5a7f8c420fdbf231ba5566a8ceac74fa960?s=96&d=mm&r=g","caption":"Tibor atya"},"url":"https:\/\/stuttgarti-katolikusok.de\/index.php\/author\/tibor-atya\/"}]}},"_links":{"self":[{"href":"https:\/\/stuttgarti-katolikusok.de\/index.php\/wp-json\/wp\/v2\/posts\/26434","targetHints":{"allow":["GET"]}}],"collection":[{"href":"https:\/\/stuttgarti-katolikusok.de\/index.php\/wp-json\/wp\/v2\/posts"}],"about":[{"href":"https:\/\/stuttgarti-katolikusok.de\/index.php\/wp-json\/wp\/v2\/types\/post"}],"author":[{"embeddable":true,"href":"https:\/\/stuttgarti-katolikusok.de\/index.php\/wp-json\/wp\/v2\/users\/3"}],"replies":[{"embeddable":true,"href":"https:\/\/stuttgarti-katolikusok.de\/index.php\/wp-json\/wp\/v2\/comments?post=26434"}],"version-history":[{"count":3,"href":"https:\/\/stuttgarti-katolikusok.de\/index.php\/wp-json\/wp\/v2\/posts\/26434\/revisions"}],"predecessor-version":[{"id":32792,"href":"https:\/\/stuttgarti-katolikusok.de\/index.php\/wp-json\/wp\/v2\/posts\/26434\/revisions\/32792"}],"wp:featuredmedia":[{"embeddable":true,"href":"https:\/\/stuttgarti-katolikusok.de\/index.php\/wp-json\/wp\/v2\/media\/26435"}],"wp:attachment":[{"href":"https:\/\/stuttgarti-katolikusok.de\/index.php\/wp-json\/wp\/v2\/media?parent=26434"}],"wp:term":[{"taxonomy":"category","embeddable":true,"href":"https:\/\/stuttgarti-katolikusok.de\/index.php\/wp-json\/wp\/v2\/categories?post=26434"},{"taxonomy":"post_tag","embeddable":true,"href":"https:\/\/stuttgarti-katolikusok.de\/index.php\/wp-json\/wp\/v2\/tags?post=26434"}],"curies":[{"name":"wp","href":"https:\/\/api.w.org\/{rel}","templated":true}]}}