{"id":26391,"date":"2026-03-01T10:21:47","date_gmt":"2026-03-01T09:21:47","guid":{"rendered":"https:\/\/stuttgarti-katolikusok.de\/?p=26391"},"modified":"2026-03-02T14:44:24","modified_gmt":"2026-03-02T13:44:24","slug":"nagybojt-2-vasarnapja","status":"publish","type":"post","link":"https:\/\/stuttgarti-katolikusok.de\/index.php\/nagybojt-2-vasarnapja\/","title":{"rendered":"Nagyb\u00f6jt 2. vas\u00e1rnapja"},"content":{"rendered":"<p><em><span style=\"color: #800080;\">&#8222;Ez az \u00e9n szeretett Fiam&#8230;\u0150t hallgass\u00e1tok!&#8221; &#8211; hangzott a mennyei Atya hangja a sz\u00ednev\u00e1ltoz\u00e1s hegy\u00e9n. Fogadjuk meg mi is a figyelmeztet\u00e9st, hallgassunk J\u00e9zusra. Most a nagyb\u00f6jti id\u0151ben tartsunk b\u0171nb\u00e1natot, \u00faj\u00edtsuk meg \u00e9let\u00fcnket, hogy Isten szeretett gyermekei lehess\u00fcnk. <\/span><\/em><\/p>\n<p><em><span style=\"color: #800080;\">Az olvasm\u00e1ny \u00c1brah\u00e1m hitben t\u00f6rt\u00e9n\u0151 pr\u00f3bat\u00e9tel\u00e9r\u0151l sz\u00f3l. Ennek l\u00e9nyege, hogy el kell hagynia sz\u00fcl\u0151f\u00f6ldj\u00e9t, otthon\u00e1t. Engedelmess\u00e9g\u00e9nek jutalma, hogy Isten nagy n\u00e9pp\u00e9 teszi \u0151t. \u00c1brah\u00e1m engedelmeskedik. Elk\u00f6lt\u00f6zik. A t\u00f6rt\u00e9net folytat\u00e1s\u00e1t ismerj\u00fck&#8230;Biztat\u00e1st \u00e9s b\u00e1tor\u00edt\u00e1st tartalmaz sz\u00e1momra \u00c1brah\u00e1m pr\u00f3bat\u00e9tele. P\u00e9ld\u00e1ja szerint \u00e9n is hitemben akarok Istenre hagyatkozni, akkor is, ha nem \u00e9rtek mindent \u00e9letemben. <\/span><\/em><\/p>\n<p><em><span style=\"color: #800080;\">Hivat\u00e1s \u00e9s \u00e1ldozatv\u00e1llal\u00e1s elv\u00e1laszthatatlan fogalmak. Ez pedig nem kev\u00e9s lemond\u00e1st k\u00edv\u00e1n meg az egy\u00e9nt\u0151l. Er\u0151s\u00edtsen benn\u00fcnket Szent P\u00e1l apostolnak szem\u00e9lyes \u00e9lete \u00e9s tan\u00fas\u00e1gt\u00e9tele, amelyben v\u00e1llalta \u00e9lethivat\u00e1s\u00e1t \u00e9s a hozz\u00e1 kapcsol\u00f3d\u00f3 szenved\u00e9seket. <\/span><\/em><\/p>\n<p><em><span style=\"color: #800080;\">Az apostolokat csod\u00e1lattal \u00e9s \u00f6r\u00f6mmel t\u00f6lt\u00f6tte el J\u00e9zus Krisztus sz\u00ednev\u00e1ltoz\u00e1sa. Ez a fajta meger\u0151s\u00edt\u00e9s a h\u00e1rom kiv\u00e1lasztott apostol sz\u00e1m\u00e1ra nagy jelent\u0151s\u00e9ggel b\u00edr majd J\u00e9zus szenved\u00e9sekor \u00e9s keresztre fesz\u00edt\u00e9sekor. Visszaeml\u00e9keznek ugyanis csod\u00e1latos, meg\u00e9lt \u00e9lm\u00e9ny\u00fckre, s abb\u00f3l pr\u00f3b\u00e1lnak er\u0151t mer\u00edteni a maguk pr\u00f3bat\u00e9tel\u00e9hez \u00e9s tan\u00fas\u00e1g tev\u00e9s\u00e9hez.\u00a0<\/span><\/em><\/p>\n<p><span style=\"color: #800080;\">Kezd\u0151\u00e9nek:<\/span><br \/>\nSz\u00edvem r\u00f3lad mondta: \u201eKeress\u00e9tek az \u0151 arc\u00e1t!\u201d A te arcodat keresem, Uram. Ne rejtsd el el\u0151lem arcodat! (Zsolt 26,8-9)<br \/>\n<span style=\"color: #800080;\"><em>vagy<\/em><\/span><br \/>\nIrgalmass\u00e1godra gondolj, Uram, \u00e9s k\u00f6ny\u00f6r\u00fcletedre, mely \u00f6r\u00f6kt\u0151l val\u00f3. Ne ujjongjon ellens\u00e9g f\u00f6l\u00f6tt\u00fcnk; szabad\u00edtsd meg, Istenem, n\u00e9pedet minden sanyar\u00fas\u00e1g\u00e1b\u00f3l. (Zsolt 24.6.3.22)<\/p>\n<p><span style=\"color: #800080;\">K\u00f6ny\u00f6rg\u00e9s:<\/span><br \/>\nIsten\u00fcnk, te megparancsoltad nek\u00fcnk, hogy hallgassunk szeretett Fiadra. T\u00e1pl\u00e1lj minket szent ig\u00e9ddel, hogy megtisztult l\u00e9lekkel, \u00f6rvendezve szeml\u00e9lj\u00fck majd dics\u0151s\u00e9gedet. A mi Urunk, J\u00e9zus Krisztus, a te Fiad \u00e1ltal, aki veled \u00e9l \u00e9s uralkodik a Szentl\u00e9lekkel egys\u00e9gben, Isten mind\u00f6r\u00f6kk\u00f6n \u00f6r\u00f6kk\u00e9.<\/p>\n<p align=\"justify\"><span style=\"color: #800080;\">OLVASM\u00c1NY M\u00f3zes els\u0151 k\u00f6nyv\u00e9b\u0151l (Ter 12,1-4a)<\/span><br \/>\n<em>\u00c1brah\u00e1mnak, Isten n\u00e9pe \u0151satyj\u00e1nak megh\u00edv\u00e1sa.<\/em><br \/>\nAz \u00dar \u00edgy sz\u00f3lt \u00c1brah\u00e1mhoz:<br \/>\n\u201eVonulj ki f\u00f6ldedr\u0151l, rokons\u00e1god k\u00f6r\u00e9b\u0151l \u00e9s aty\u00e1d h\u00e1z\u00e1b\u00f3l arra a f\u00f6ldre, amelyet majd mutatok neked. Nagy n\u00e9pp\u00e9 teszlek. Meg\u00e1ldalak \u00e9s naggy\u00e1 teszem nevedet, s te magad is \u00e1ld\u00e1s leszel. Meg\u00e1ldom azokat, akik \u00e1ldanak t\u00e9ged, de akik \u00e1tkoznak t\u00e9ged, azokat \u00e9n is meg\u00e1tkozom. \u00c1ltalad nyer \u00e1ld\u00e1st a f\u00f6ld minden nemzets\u00e9ge.\u201d<br \/>\n\u00c1brah\u00e1m teh\u00e1t elk\u00f6lt\u00f6z\u00f6tt, ahogy az \u00dar megparancsolta neki.<br \/>\nEz az Isten ig\u00e9je.<\/p>\n<p align=\"justify\"><span style=\"color: #800080;\">V\u00c1LASZOS ZSOLT\u00c1R (Zsolt 32,4-5.18-19.20 \u00e9s 22)<\/span><\/p>\n<p align=\"justify\">V\u00e1lasz:\u00a0<strong>Kegyes szemed legyen rajtunk, * tebenned van bizodalmunk.<\/strong>\u00a05. t\u00f3nus.<br \/>\nEl\u0151\u00e9nekes: Sziklaszil\u00e1rd az \u00dar ig\u00e9je, * minden tett\u00e9t h\u0171s\u00e9g vezeti.<br \/>\nAz igazlelk\u0171s\u00e9get \u00e9s a t\u00f6rv\u00e9nyt szereti, * telve van a f\u00f6ld az \u00dar irgalm\u00e1val.<br \/>\nH\u00edvek: Kegyes szemed legyen rajtunk, * tebenned van bizodalmunk.<br \/>\nE: Az istenf\u00e9l\u0151kre \u00fcgyel az \u00dar szeme, * akik b\u00edznak az \u0151 irgalm\u00e1ban.<br \/>\nMegmenti lelk\u00fcket a hal\u00e1lt\u00f3l, * \u00e9s t\u00e1pl\u00e1lja \u0151ket \u00e9h\u00edns\u00e9g idej\u00e9n.<br \/>\nH: Kegyes szemed legyen rajtunk, * tebenned van bizodalmunk.<br \/>\nE: Az \u00darra hagyatkozik lelk\u00fcnk, * \u0151 a seg\u00edt\u0151nk, \u00e9s \u0151 a mi oltalmunk.<br \/>\nKegyes szemed legyen rajtunk, * tebenned van bizodalmunk.<br \/>\nH: Kegyes szemed legyen rajtunk, * tebenned van bizodalmunk.<\/p>\n<p align=\"justify\"><span style=\"color: #800080;\">SZENTLECKE Szent P\u00e1l apostolnak Tim\u00f3teushoz \u00edrt m\u00e1sodik level\u00e9b\u0151l (2Tim 1,8b-10)<\/span><br \/>\n<em>Isten h\u00edv \u00e9s megvil\u00e1gos\u00edt minket.<\/em><br \/>\nKedves Fiam!<br \/>\nV\u00e1llald velem egy\u00fctt a szenved\u00e9seket az evang\u00e9lium\u00e9rt, Isten erej\u00e9re t\u00e1maszkodva, aki megv\u00e1ltott minket, \u00e9s szent h\u00edv\u00e1ssal h\u00edvott, nem tetteink miatt, hanem saj\u00e1t elhat\u00e1roz\u00e1sa \u00e9s kegyelme alapj\u00e1n, amely megnyilv\u00e1nult most Megv\u00e1lt\u00f3nknak, J\u00e9zus Krisztusnak megjelen\u00e9s\u00e9vel. \u0150 legy\u0151zte a hal\u00e1lt, \u00e9s felragyogtatta el\u0151tt\u00fcnk az \u00e9letet \u00e9s a halhatatlans\u00e1got.<br \/>\nEz az Isten ig\u00e9je.<\/p>\n<p align=\"justify\"><span style=\"color: #800080;\">EVANG\u00c9LIUM EL\u0150TTI VERS<\/span><br \/>\nA f\u00e9nyes felh\u0151b\u0151l az Atya sz\u00f3zata hallatszott: * \u201eEz az \u00e9n szeretett Fiam, \u0151t hallgass\u00e1tok!\u201d V\u00f6. 2P\u00e9t 1,17 \u2013 3a t\u00f3nus.<\/p>\n<p align=\"justify\"><span style=\"color: #800080;\">\u2020 EVANG\u00c9LIUM Szent M\u00e1t\u00e9 k\u00f6nyv\u00e9b\u0151l (Mt 17,1-9)<\/span><\/p>\n<p align=\"justify\"><em>\u00dagy f\u00e9nylett az arca, mint a nap.<\/em><br \/>\nAbban az id\u0151ben:<br \/>\nJ\u00e9zus maga mell\u00e9 vette P\u00e9tert, Jakabot \u00e9s (ennek) testv\u00e9r\u00e9t J\u00e1nost, s k\u00fcl\u00f6n vel\u00fck f\u00f6lment egy magas hegyre. Ott elv\u00e1ltozott el\u0151tt\u00fck: az arca ragyogni kezdett, mint a nap, a ruh\u00e1ja pedig vak\u00edt\u00f3 feh\u00e9r lett, mint a f\u00e9ny. \u00c9s \u00edme, megjelent nekik M\u00f3zes \u00e9s Ill\u00e9s: J\u00e9zussal besz\u00e9lgettek. Ekkor P\u00e9ter \u00edgy sz\u00f3lt J\u00e9zushoz: \u201eUram, j\u00f3 nek\u00fcnk itt lenn\u00fcnk! Ha akarod, fel\u00e1ll\u00edtok itt h\u00e1rom s\u00e1trat, neked egyet, M\u00f3zesnek egyet \u00e9s Ill\u00e9snek egyet!\u201d M\u00e9g besz\u00e9lt, amikor \u00edme, f\u00e9nyes felh\u0151 bor\u00edtotta be \u0151ket, \u00e9s a felh\u0151b\u0151l egy hang hallatszott: \u201eEz az \u00e9n szeretett Fiam, akiben kedvem telik. \u0150t hallgass\u00e1tok!\u201d<br \/>\nEnnek hallat\u00e1ra a tan\u00edtv\u00e1nyok f\u00f6ldre borultak \u00e9s nagyon megr\u00e9m\u00fcltek. De J\u00e9zus odament hozz\u00e1juk, meg\u00e9rintette \u0151ket, \u00e9s ezt mondta: \u201eKeljetek fel, \u00e9s ne f\u00e9ljetek!\u201d Amikor szem\u00fcket f\u00f6lemelt\u00e9k, nem l\u00e1ttak m\u00e1st, csak J\u00e9zust egymag\u00e1t.<br \/>\nA hegyr\u0151l lej\u00f6vet J\u00e9zus a lelk\u00fckre k\u00f6t\u00f6tte: \u201eSenkinek se sz\u00f3ljatok a l\u00e1tom\u00e1sr\u00f3l, m\u00edg az Emberfia a holtak k\u00f6z\u00fcl fel nem t\u00e1mad!\u201d<br \/>\nEzek az evang\u00e9lium ig\u00e9i.<\/p>\n<p align=\"justify\"><span style=\"color: #800080;\">EGYETEMES K\u00d6NY\u00d6RG\u00c9SEK<\/span><br \/>\nPap: Forduljunk most, testv\u00e9reim, mennyei Aty\u00e1nkhoz, akinek templom\u00e1ban megtal\u00e1ljuk zaklatott sz\u00edv\u00fcnk b\u00e9k\u00e9j\u00e9t \u00e9s nyugalm\u00e1t!<br \/>\nLektor: 1. Add, Urunk, hogy h\u00edv\u0151 n\u00e9ped \u00e9rezze: milyen j\u00f3 egy\u00fctt lenn\u00fcnk ten\u00e1lad!<br \/>\nH\u00edvek: K\u00e9r\u00fcnk T\u00e9ged, hallgass meg minket!<br \/>\n2. R\u00e9szes\u00edtsd, Urunk, Egyh\u00e1zad tagjait a veled val\u00f3 tal\u00e1lkoz\u00e1s boldogs\u00e1g\u00e1ban!<br \/>\nH\u00edvek: K\u00e9r\u00fcnk T\u00e9ged, hallgass meg minket!<br \/>\n3. Engedd, Urunk, hogy Krisztusban minden n\u00e9p felismerje a te dics\u0151s\u00e9ges Fiadat!<br \/>\nH\u00edvek: K\u00e9r\u00fcnk T\u00e9ged, hallgass meg minket!<br \/>\n4. T\u00f6ltsd el, Urunk, boldogs\u00e1ggal lelk\u00fcnket, amikor az im\u00e1ds\u00e1gban veled besz\u00e9lget\u00fcnk!<br \/>\nH\u00edvek: K\u00e9r\u00fcnk T\u00e9ged, hallgass meg minket!<br \/>\n5. Add, Urunk, hogy a mennyei dics\u0151s\u00e9g \u00edg\u00e9rete enyh\u00edtse a betegek szenved\u00e9seit!<br \/>\nH\u00edvek: K\u00e9r\u00fcnk T\u00e9ged, hallgass meg minket!<br \/>\nPap: Isten\u00fcnk, minden vil\u00e1goss\u00e1g Atyja! Seg\u00edts minket, hogy asztalod k\u00f6r\u00fcl \u00f6sszegy\u0171lve m\u00e1r f\u00f6ldi \u00e9let\u00fcnkben \u00e9rezhess\u00fck boldog\u00edt\u00f3 k\u00f6zels\u00e9gedet. Krisztus, a mi Urunk \u00e1ltal.<br \/>\nH\u00edvek: \u00c1men.<\/p>\n<p><span style=\"color: #800080;\">Felaj\u00e1nl\u00f3 k\u00f6ny\u00f6rg\u00e9s:<\/span><br \/>\nUrunk, Isten\u00fcnk, tiszt\u00edtson meg b\u0171neinkt\u0151l ez az \u00e1ldozat: szentelje meg szolg\u00e1id test\u00e9t \u00e9s lelk\u00e9t, hogy m\u00e9lt\u00f3 m\u00f3don \u00fcnnepelj\u00fck meg H\u00fasv\u00e9t \u00fcnnep\u00e9t. Krisztus, a mi Urunk \u00e1ltal.<\/p>\n<p><span style=\"color: #800080;\">Pref\u00e1ci\u00f3:<\/span><br \/>\n<em>az \u00dar sz\u00ednev\u00e1ltoz\u00e1s\u00e1r\u00f3l<\/em><br \/>\nAz \u00dar legyen veletek.<br \/>\nH.: \u00c9s a te lelkeddel.<br \/>\nEmelj\u00fck f\u00f6l sz\u00edv\u00fcnket.<br \/>\nH.: F\u00f6lemelt\u00fck az \u00darhoz.<br \/>\nAdjunk h\u00e1l\u00e1t Urunknak, Isten\u00fcnknek.<br \/>\nH.: M\u00e9lt\u00f3 \u00e9s igazs\u00e1gos.<br \/>\n(Mert) Val\u00f3ban m\u00e9lt\u00f3 \u00e9s igazs\u00e1gos, ill\u0151 \u00e9s \u00fcdv\u00f6s, hogy mindig \u00e9s minden\u00fctt h\u00e1l\u00e1t adjunk n\u00e9ked, mi Urunk, szents\u00e9ges Aty\u00e1nk, mindenhat\u00f3 \u00f6r\u00f6k Isten: Krisztus, a mi Urunk \u00e1ltal.<br \/>\n\u0150 tan\u00edtv\u00e1nyainak saj\u00e1t hal\u00e1l\u00e1t el\u0151re megmondta, \u2013 a szent hegyen megmutatta N\u00c9kik dics\u0151s\u00e9g\u00e9nek f\u00e9ny\u00e9t. \u00cdgy vil\u00e1goss\u00e1 tette sz\u00e1munkra, amit a t\u00f6rv\u00e9ny \u00e9s a pr\u00f3f\u00e9t\u00e1k tan\u00fas\u00e1ga hirdet, hogy szenved\u00e9s\u00e9re a felt\u00e1mad\u00e1s \u00f6r\u00f6k f\u00e9nye virrad.<br \/>\n(\u00c9s) Ez\u00e9rt a mennyei hatalmas angyalokkal egy\u00fctt a f\u00f6ld\u00f6n mi is sz\u00fcntelen\u00fcl magasztalunk t\u00e9ged, \u2013 f\u00f6ls\u00e9gedet DIcs\u00e9rj\u00fck, \u00e9s hangos sz\u00f3val v\u00e9g n\u00e9lk\u00fcl mondjuk: (zengj\u00fck)<\/p>\n<p><span style=\"color: #800080;\">\u00c1ldoz\u00e1si \u00e9nek:<\/span><br \/>\nEz az \u00e9n szeretett Fiam, akiben kedvem telik, \u0151t hallgass\u00e1tok! (Mt 17,5)<\/p>\n<p><span style=\"color: #800080;\">\u00c1ldoz\u00e1s ut\u00e1ni k\u00f6ny\u00f6rg\u00e9s:<\/span><br \/>\nDics\u0151s\u00e9ges szent testedet \u00e9s v\u00e9redet magunkhoz v\u00e9ve h\u00e1l\u00e1t adunk neked, Urunk, mert m\u00e1r itt a f\u00f6ld\u00f6n mennyei aj\u00e1nd\u00e9kaidban r\u00e9szes\u00edtesz minket. Aki \u00e9lsz \u00e9s uralkodol mind\u00f6r\u00f6kk\u00f6n \u00f6r\u00f6kk\u00e9.<\/p>\n<p><em>(K\u00e9p forr\u00e1sa: pixabay.com)<\/em><\/p>\n","protected":false},"excerpt":{"rendered":"<p>&#8222;Ez az \u00e9n szeretett Fiam&#8230;\u0150t hallgass\u00e1tok!&#8221; &#8211; hangzott a mennyei Atya hangja a sz\u00ednev\u00e1ltoz\u00e1s hegy\u00e9n. Fogadjuk meg mi is a figyelmeztet\u00e9st, hallgassunk J\u00e9zusra. Most a nagyb\u00f6jti id\u0151ben tartsunk b\u0171nb\u00e1natot, \u00faj\u00edtsuk meg \u00e9let\u00fcnket, hogy Isten szeretett gyermekei lehess\u00fcnk. Az olvasm\u00e1ny \u00c1brah\u00e1m hitben t\u00f6rt\u00e9n\u0151 pr\u00f3bat\u00e9tel\u00e9r\u0151l sz\u00f3l. Ennek l\u00e9nyege, hogy el kell hagynia sz\u00fcl\u0151f\u00f6ldj\u00e9t, otthon\u00e1t. Engedelmess\u00e9g\u00e9nek jutalma, hogy Isten nagy n\u00e9pp\u00e9 teszi \u0151t. \u00c1brah\u00e1m engedelmeskedik. Elk\u00f6lt\u00f6zik. A t\u00f6rt\u00e9net folytat\u00e1s\u00e1t ismerj\u00fck&#8230;Biztat\u00e1st \u00e9s b\u00e1tor\u00edt\u00e1st tartalmaz sz\u00e1momra \u00c1brah\u00e1m pr\u00f3bat\u00e9tele. P\u00e9ld\u00e1ja szerint \u00e9n is hitemben akarok Istenre hagyatkozni, akkor is, ha nem \u00e9rtek mindent \u00e9letemben. Hivat\u00e1s \u00e9s \u00e1ldozatv\u00e1llal\u00e1s elv\u00e1laszthatatlan fogalmak. Ez pedig nem kev\u00e9s lemond\u00e1st k\u00edv\u00e1n meg az egy\u00e9nt\u0151l. Er\u0151s\u00edtsen benn\u00fcnket Szent P\u00e1l apostolnak szem\u00e9lyes \u00e9lete \u00e9s tan\u00fas\u00e1gt\u00e9tele, amelyben v\u00e1llalta \u00e9lethivat\u00e1s\u00e1t \u00e9s a hozz\u00e1 kapcsol\u00f3d\u00f3 szenved\u00e9seket. Az apostolokat csod\u00e1lattal \u00e9s \u00f6r\u00f6mmel t\u00f6lt\u00f6tte el J\u00e9zus Krisztus sz\u00ednev\u00e1ltoz\u00e1sa. Ez a fajta meger\u0151s\u00edt\u00e9s a h\u00e1rom kiv\u00e1lasztott apostol sz\u00e1m\u00e1ra nagy jelent\u0151s\u00e9ggel b\u00edr majd J\u00e9zus szenved\u00e9sekor \u00e9s keresztre fesz\u00edt\u00e9sekor. Visszaeml\u00e9keznek ugyanis csod\u00e1latos, meg\u00e9lt \u00e9lm\u00e9ny\u00fckre, s abb\u00f3l pr\u00f3b\u00e1lnak er\u0151t mer\u00edteni a maguk pr\u00f3bat\u00e9tel\u00e9hez \u00e9s tan\u00fas\u00e1g tev\u00e9s\u00e9hez.\u00a0 Kezd\u0151\u00e9nek: Sz\u00edvem r\u00f3lad mondta: \u201eKeress\u00e9tek az \u0151 arc\u00e1t!\u201d A te arcodat keresem, Uram. Ne rejtsd el el\u0151lem arcodat! (Zsolt 26,8-9) vagy Irgalmass\u00e1godra gondolj, Uram, \u00e9s k\u00f6ny\u00f6r\u00fcletedre, mely \u00f6r\u00f6kt\u0151l val\u00f3. Ne ujjongjon ellens\u00e9g f\u00f6l\u00f6tt\u00fcnk; szabad\u00edtsd meg, Istenem, n\u00e9pedet minden sanyar\u00fas\u00e1g\u00e1b\u00f3l. (Zsolt 24.6.3.22) K\u00f6ny\u00f6rg\u00e9s: Isten\u00fcnk, te megparancsoltad nek\u00fcnk, hogy hallgassunk szeretett Fiadra. T\u00e1pl\u00e1lj minket szent ig\u00e9ddel, hogy megtisztult l\u00e9lekkel, \u00f6rvendezve szeml\u00e9lj\u00fck majd dics\u0151s\u00e9gedet. A mi Urunk, J\u00e9zus Krisztus, a te Fiad \u00e1ltal, aki veled \u00e9l \u00e9s uralkodik a Szentl\u00e9lekkel egys\u00e9gben, Isten mind\u00f6r\u00f6kk\u00f6n \u00f6r\u00f6kk\u00e9. OLVASM\u00c1NY M\u00f3zes els\u0151 k\u00f6nyv\u00e9b\u0151l (Ter 12,1-4a) \u00c1brah\u00e1mnak, Isten n\u00e9pe \u0151satyj\u00e1nak megh\u00edv\u00e1sa. Az \u00dar \u00edgy sz\u00f3lt \u00c1brah\u00e1mhoz: \u201eVonulj ki f\u00f6ldedr\u0151l, rokons\u00e1god k\u00f6r\u00e9b\u0151l \u00e9s aty\u00e1d h\u00e1z\u00e1b\u00f3l arra a f\u00f6ldre, amelyet majd mutatok neked. Nagy n\u00e9pp\u00e9 teszlek. Meg\u00e1ldalak \u00e9s naggy\u00e1 teszem nevedet, s te magad is \u00e1ld\u00e1s leszel. Meg\u00e1ldom azokat, akik \u00e1ldanak t\u00e9ged, de akik \u00e1tkoznak t\u00e9ged, azokat \u00e9n&#8230; <\/p>\n<p><a class=\"readmore\" href=\"https:\/\/stuttgarti-katolikusok.de\/index.php\/nagybojt-2-vasarnapja\/\">R\u00e9szletek<\/a><\/p>\n","protected":false},"author":3,"featured_media":26392,"comment_status":"closed","ping_status":"closed","sticky":false,"template":"","format":"standard","meta":{"footnotes":""},"categories":[63],"tags":[],"class_list":["post-26391","post","type-post","status-publish","format-standard","has-post-thumbnail","hentry","category-vasarnapi-gondolatok"],"yoast_head":"<!-- This site is optimized with the Yoast SEO plugin v27.3 - https:\/\/yoast.com\/product\/yoast-seo-wordpress\/ -->\n<title>Nagyb\u00f6jt 2. vas\u00e1rnapja - Stuttgarti Katolikusok<\/title>\n<meta name=\"robots\" content=\"index, follow, max-snippet:-1, max-image-preview:large, max-video-preview:-1\" \/>\n<link rel=\"canonical\" href=\"https:\/\/stuttgarti-katolikusok.de\/index.php\/nagybojt-2-vasarnapja\/\" \/>\n<meta property=\"og:locale\" content=\"hu_HU\" \/>\n<meta property=\"og:type\" content=\"article\" \/>\n<meta property=\"og:title\" content=\"Nagyb\u00f6jt 2. vas\u00e1rnapja - Stuttgarti Katolikusok\" \/>\n<meta property=\"og:description\" content=\"&#8222;Ez az \u00e9n szeretett Fiam&#8230;\u0150t hallgass\u00e1tok!&#8221; &#8211; hangzott a mennyei Atya hangja a sz\u00ednev\u00e1ltoz\u00e1s hegy\u00e9n. Fogadjuk meg mi is a figyelmeztet\u00e9st, hallgassunk J\u00e9zusra. Most a nagyb\u00f6jti id\u0151ben tartsunk b\u0171nb\u00e1natot, \u00faj\u00edtsuk meg \u00e9let\u00fcnket, hogy Isten szeretett gyermekei lehess\u00fcnk. Az olvasm\u00e1ny \u00c1brah\u00e1m hitben t\u00f6rt\u00e9n\u0151 pr\u00f3bat\u00e9tel\u00e9r\u0151l sz\u00f3l. Ennek l\u00e9nyege, hogy el kell hagynia sz\u00fcl\u0151f\u00f6ldj\u00e9t, otthon\u00e1t. Engedelmess\u00e9g\u00e9nek jutalma, hogy Isten nagy n\u00e9pp\u00e9 teszi \u0151t. \u00c1brah\u00e1m engedelmeskedik. Elk\u00f6lt\u00f6zik. A t\u00f6rt\u00e9net folytat\u00e1s\u00e1t ismerj\u00fck&#8230;Biztat\u00e1st \u00e9s b\u00e1tor\u00edt\u00e1st tartalmaz sz\u00e1momra \u00c1brah\u00e1m pr\u00f3bat\u00e9tele. P\u00e9ld\u00e1ja szerint \u00e9n is hitemben akarok Istenre hagyatkozni, akkor is, ha nem \u00e9rtek mindent \u00e9letemben. Hivat\u00e1s \u00e9s \u00e1ldozatv\u00e1llal\u00e1s elv\u00e1laszthatatlan fogalmak. Ez pedig nem kev\u00e9s lemond\u00e1st k\u00edv\u00e1n meg az egy\u00e9nt\u0151l. Er\u0151s\u00edtsen benn\u00fcnket Szent P\u00e1l apostolnak szem\u00e9lyes \u00e9lete \u00e9s tan\u00fas\u00e1gt\u00e9tele, amelyben v\u00e1llalta \u00e9lethivat\u00e1s\u00e1t \u00e9s a hozz\u00e1 kapcsol\u00f3d\u00f3 szenved\u00e9seket. Az apostolokat csod\u00e1lattal \u00e9s \u00f6r\u00f6mmel t\u00f6lt\u00f6tte el J\u00e9zus Krisztus sz\u00ednev\u00e1ltoz\u00e1sa. Ez a fajta meger\u0151s\u00edt\u00e9s a h\u00e1rom kiv\u00e1lasztott apostol sz\u00e1m\u00e1ra nagy jelent\u0151s\u00e9ggel b\u00edr majd J\u00e9zus szenved\u00e9sekor \u00e9s keresztre fesz\u00edt\u00e9sekor. Visszaeml\u00e9keznek ugyanis csod\u00e1latos, meg\u00e9lt \u00e9lm\u00e9ny\u00fckre, s abb\u00f3l pr\u00f3b\u00e1lnak er\u0151t mer\u00edteni a maguk pr\u00f3bat\u00e9tel\u00e9hez \u00e9s tan\u00fas\u00e1g tev\u00e9s\u00e9hez.\u00a0 Kezd\u0151\u00e9nek: Sz\u00edvem r\u00f3lad mondta: \u201eKeress\u00e9tek az \u0151 arc\u00e1t!\u201d A te arcodat keresem, Uram. Ne rejtsd el el\u0151lem arcodat! (Zsolt 26,8-9) vagy Irgalmass\u00e1godra gondolj, Uram, \u00e9s k\u00f6ny\u00f6r\u00fcletedre, mely \u00f6r\u00f6kt\u0151l val\u00f3. Ne ujjongjon ellens\u00e9g f\u00f6l\u00f6tt\u00fcnk; szabad\u00edtsd meg, Istenem, n\u00e9pedet minden sanyar\u00fas\u00e1g\u00e1b\u00f3l. (Zsolt 24.6.3.22) K\u00f6ny\u00f6rg\u00e9s: Isten\u00fcnk, te megparancsoltad nek\u00fcnk, hogy hallgassunk szeretett Fiadra. T\u00e1pl\u00e1lj minket szent ig\u00e9ddel, hogy megtisztult l\u00e9lekkel, \u00f6rvendezve szeml\u00e9lj\u00fck majd dics\u0151s\u00e9gedet. A mi Urunk, J\u00e9zus Krisztus, a te Fiad \u00e1ltal, aki veled \u00e9l \u00e9s uralkodik a Szentl\u00e9lekkel egys\u00e9gben, Isten mind\u00f6r\u00f6kk\u00f6n \u00f6r\u00f6kk\u00e9. OLVASM\u00c1NY M\u00f3zes els\u0151 k\u00f6nyv\u00e9b\u0151l (Ter 12,1-4a) \u00c1brah\u00e1mnak, Isten n\u00e9pe \u0151satyj\u00e1nak megh\u00edv\u00e1sa. Az \u00dar \u00edgy sz\u00f3lt \u00c1brah\u00e1mhoz: \u201eVonulj ki f\u00f6ldedr\u0151l, rokons\u00e1god k\u00f6r\u00e9b\u0151l \u00e9s aty\u00e1d h\u00e1z\u00e1b\u00f3l arra a f\u00f6ldre, amelyet majd mutatok neked. Nagy n\u00e9pp\u00e9 teszlek. Meg\u00e1ldalak \u00e9s naggy\u00e1 teszem nevedet, s te magad is \u00e1ld\u00e1s leszel. Meg\u00e1ldom azokat, akik \u00e1ldanak t\u00e9ged, de akik \u00e1tkoznak t\u00e9ged, azokat \u00e9n... R\u00e9szletek\" \/>\n<meta property=\"og:url\" content=\"https:\/\/stuttgarti-katolikusok.de\/index.php\/nagybojt-2-vasarnapja\/\" \/>\n<meta property=\"og:site_name\" content=\"Stuttgarti Katolikusok\" \/>\n<meta property=\"article:published_time\" content=\"2026-03-01T09:21:47+00:00\" \/>\n<meta property=\"article:modified_time\" content=\"2026-03-02T13:44:24+00:00\" \/>\n<meta property=\"og:image\" content=\"https:\/\/stuttgarti-katolikusok.de\/wp-content\/uploads\/2023\/03\/mountain-gd7b40703a-1280.jpg\" \/>\n\t<meta property=\"og:image:width\" content=\"1280\" \/>\n\t<meta property=\"og:image:height\" content=\"853\" \/>\n\t<meta property=\"og:image:type\" content=\"image\/jpeg\" \/>\n<meta name=\"author\" content=\"Tibor atya\" \/>\n<meta name=\"twitter:card\" content=\"summary_large_image\" \/>\n<meta name=\"twitter:label1\" content=\"Szerz\u0151:\" \/>\n\t<meta name=\"twitter:data1\" content=\"Tibor atya\" \/>\n\t<meta name=\"twitter:label2\" content=\"Becs\u00fclt olvas\u00e1si id\u0151\" \/>\n\t<meta name=\"twitter:data2\" content=\"6 perc\" \/>\n<script type=\"application\/ld+json\" class=\"yoast-schema-graph\">{\"@context\":\"https:\\\/\\\/schema.org\",\"@graph\":[{\"@type\":\"Article\",\"@id\":\"https:\\\/\\\/stuttgarti-katolikusok.de\\\/index.php\\\/nagybojt-2-vasarnapja\\\/#article\",\"isPartOf\":{\"@id\":\"https:\\\/\\\/stuttgarti-katolikusok.de\\\/index.php\\\/nagybojt-2-vasarnapja\\\/\"},\"author\":{\"name\":\"Tibor atya\",\"@id\":\"https:\\\/\\\/stuttgarti-katolikusok.de\\\/#\\\/schema\\\/person\\\/75908d6f8fdc03a57889d27209df7795\"},\"headline\":\"Nagyb\u00f6jt 2. vas\u00e1rnapja\",\"datePublished\":\"2026-03-01T09:21:47+00:00\",\"dateModified\":\"2026-03-02T13:44:24+00:00\",\"mainEntityOfPage\":{\"@id\":\"https:\\\/\\\/stuttgarti-katolikusok.de\\\/index.php\\\/nagybojt-2-vasarnapja\\\/\"},\"wordCount\":1519,\"image\":{\"@id\":\"https:\\\/\\\/stuttgarti-katolikusok.de\\\/index.php\\\/nagybojt-2-vasarnapja\\\/#primaryimage\"},\"thumbnailUrl\":\"https:\\\/\\\/stuttgarti-katolikusok.de\\\/wp-content\\\/uploads\\\/2023\\\/03\\\/mountain-gd7b40703a-1280.jpg\",\"articleSection\":[\"Vas\u00e1rnapi gondolatok\"],\"inLanguage\":\"hu\"},{\"@type\":\"WebPage\",\"@id\":\"https:\\\/\\\/stuttgarti-katolikusok.de\\\/index.php\\\/nagybojt-2-vasarnapja\\\/\",\"url\":\"https:\\\/\\\/stuttgarti-katolikusok.de\\\/index.php\\\/nagybojt-2-vasarnapja\\\/\",\"name\":\"Nagyb\u00f6jt 2. vas\u00e1rnapja - Stuttgarti Katolikusok\",\"isPartOf\":{\"@id\":\"https:\\\/\\\/stuttgarti-katolikusok.de\\\/#website\"},\"primaryImageOfPage\":{\"@id\":\"https:\\\/\\\/stuttgarti-katolikusok.de\\\/index.php\\\/nagybojt-2-vasarnapja\\\/#primaryimage\"},\"image\":{\"@id\":\"https:\\\/\\\/stuttgarti-katolikusok.de\\\/index.php\\\/nagybojt-2-vasarnapja\\\/#primaryimage\"},\"thumbnailUrl\":\"https:\\\/\\\/stuttgarti-katolikusok.de\\\/wp-content\\\/uploads\\\/2023\\\/03\\\/mountain-gd7b40703a-1280.jpg\",\"datePublished\":\"2026-03-01T09:21:47+00:00\",\"dateModified\":\"2026-03-02T13:44:24+00:00\",\"author\":{\"@id\":\"https:\\\/\\\/stuttgarti-katolikusok.de\\\/#\\\/schema\\\/person\\\/75908d6f8fdc03a57889d27209df7795\"},\"breadcrumb\":{\"@id\":\"https:\\\/\\\/stuttgarti-katolikusok.de\\\/index.php\\\/nagybojt-2-vasarnapja\\\/#breadcrumb\"},\"inLanguage\":\"hu\",\"potentialAction\":[{\"@type\":\"ReadAction\",\"target\":[\"https:\\\/\\\/stuttgarti-katolikusok.de\\\/index.php\\\/nagybojt-2-vasarnapja\\\/\"]}]},{\"@type\":\"ImageObject\",\"inLanguage\":\"hu\",\"@id\":\"https:\\\/\\\/stuttgarti-katolikusok.de\\\/index.php\\\/nagybojt-2-vasarnapja\\\/#primaryimage\",\"url\":\"https:\\\/\\\/stuttgarti-katolikusok.de\\\/wp-content\\\/uploads\\\/2023\\\/03\\\/mountain-gd7b40703a-1280.jpg\",\"contentUrl\":\"https:\\\/\\\/stuttgarti-katolikusok.de\\\/wp-content\\\/uploads\\\/2023\\\/03\\\/mountain-gd7b40703a-1280.jpg\",\"width\":1280,\"height\":853},{\"@type\":\"BreadcrumbList\",\"@id\":\"https:\\\/\\\/stuttgarti-katolikusok.de\\\/index.php\\\/nagybojt-2-vasarnapja\\\/#breadcrumb\",\"itemListElement\":[{\"@type\":\"ListItem\",\"position\":1,\"name\":\"Kezd\u0151lap\",\"item\":\"https:\\\/\\\/stuttgarti-katolikusok.de\\\/\"},{\"@type\":\"ListItem\",\"position\":2,\"name\":\"Nagyb\u00f6jt 2. vas\u00e1rnapja\"}]},{\"@type\":\"WebSite\",\"@id\":\"https:\\\/\\\/stuttgarti-katolikusok.de\\\/#website\",\"url\":\"https:\\\/\\\/stuttgarti-katolikusok.de\\\/\",\"name\":\"Stuttgarti Katolikusok\",\"description\":\"\",\"potentialAction\":[{\"@type\":\"SearchAction\",\"target\":{\"@type\":\"EntryPoint\",\"urlTemplate\":\"https:\\\/\\\/stuttgarti-katolikusok.de\\\/?s={search_term_string}\"},\"query-input\":{\"@type\":\"PropertyValueSpecification\",\"valueRequired\":true,\"valueName\":\"search_term_string\"}}],\"inLanguage\":\"hu\"},{\"@type\":\"Person\",\"@id\":\"https:\\\/\\\/stuttgarti-katolikusok.de\\\/#\\\/schema\\\/person\\\/75908d6f8fdc03a57889d27209df7795\",\"name\":\"Tibor atya\",\"image\":{\"@type\":\"ImageObject\",\"inLanguage\":\"hu\",\"@id\":\"https:\\\/\\\/secure.gravatar.com\\\/avatar\\\/61d268e57d1f4525b111222e29d2d5a7f8c420fdbf231ba5566a8ceac74fa960?s=96&d=mm&r=g\",\"url\":\"https:\\\/\\\/secure.gravatar.com\\\/avatar\\\/61d268e57d1f4525b111222e29d2d5a7f8c420fdbf231ba5566a8ceac74fa960?s=96&d=mm&r=g\",\"contentUrl\":\"https:\\\/\\\/secure.gravatar.com\\\/avatar\\\/61d268e57d1f4525b111222e29d2d5a7f8c420fdbf231ba5566a8ceac74fa960?s=96&d=mm&r=g\",\"caption\":\"Tibor atya\"},\"url\":\"https:\\\/\\\/stuttgarti-katolikusok.de\\\/index.php\\\/author\\\/tibor-atya\\\/\"}]}<\/script>\n<!-- \/ Yoast SEO plugin. -->","yoast_head_json":{"title":"Nagyb\u00f6jt 2. vas\u00e1rnapja - Stuttgarti Katolikusok","robots":{"index":"index","follow":"follow","max-snippet":"max-snippet:-1","max-image-preview":"max-image-preview:large","max-video-preview":"max-video-preview:-1"},"canonical":"https:\/\/stuttgarti-katolikusok.de\/index.php\/nagybojt-2-vasarnapja\/","og_locale":"hu_HU","og_type":"article","og_title":"Nagyb\u00f6jt 2. vas\u00e1rnapja - Stuttgarti Katolikusok","og_description":"&#8222;Ez az \u00e9n szeretett Fiam&#8230;\u0150t hallgass\u00e1tok!&#8221; &#8211; hangzott a mennyei Atya hangja a sz\u00ednev\u00e1ltoz\u00e1s hegy\u00e9n. Fogadjuk meg mi is a figyelmeztet\u00e9st, hallgassunk J\u00e9zusra. Most a nagyb\u00f6jti id\u0151ben tartsunk b\u0171nb\u00e1natot, \u00faj\u00edtsuk meg \u00e9let\u00fcnket, hogy Isten szeretett gyermekei lehess\u00fcnk. Az olvasm\u00e1ny \u00c1brah\u00e1m hitben t\u00f6rt\u00e9n\u0151 pr\u00f3bat\u00e9tel\u00e9r\u0151l sz\u00f3l. Ennek l\u00e9nyege, hogy el kell hagynia sz\u00fcl\u0151f\u00f6ldj\u00e9t, otthon\u00e1t. Engedelmess\u00e9g\u00e9nek jutalma, hogy Isten nagy n\u00e9pp\u00e9 teszi \u0151t. \u00c1brah\u00e1m engedelmeskedik. Elk\u00f6lt\u00f6zik. A t\u00f6rt\u00e9net folytat\u00e1s\u00e1t ismerj\u00fck&#8230;Biztat\u00e1st \u00e9s b\u00e1tor\u00edt\u00e1st tartalmaz sz\u00e1momra \u00c1brah\u00e1m pr\u00f3bat\u00e9tele. P\u00e9ld\u00e1ja szerint \u00e9n is hitemben akarok Istenre hagyatkozni, akkor is, ha nem \u00e9rtek mindent \u00e9letemben. Hivat\u00e1s \u00e9s \u00e1ldozatv\u00e1llal\u00e1s elv\u00e1laszthatatlan fogalmak. Ez pedig nem kev\u00e9s lemond\u00e1st k\u00edv\u00e1n meg az egy\u00e9nt\u0151l. Er\u0151s\u00edtsen benn\u00fcnket Szent P\u00e1l apostolnak szem\u00e9lyes \u00e9lete \u00e9s tan\u00fas\u00e1gt\u00e9tele, amelyben v\u00e1llalta \u00e9lethivat\u00e1s\u00e1t \u00e9s a hozz\u00e1 kapcsol\u00f3d\u00f3 szenved\u00e9seket. Az apostolokat csod\u00e1lattal \u00e9s \u00f6r\u00f6mmel t\u00f6lt\u00f6tte el J\u00e9zus Krisztus sz\u00ednev\u00e1ltoz\u00e1sa. Ez a fajta meger\u0151s\u00edt\u00e9s a h\u00e1rom kiv\u00e1lasztott apostol sz\u00e1m\u00e1ra nagy jelent\u0151s\u00e9ggel b\u00edr majd J\u00e9zus szenved\u00e9sekor \u00e9s keresztre fesz\u00edt\u00e9sekor. Visszaeml\u00e9keznek ugyanis csod\u00e1latos, meg\u00e9lt \u00e9lm\u00e9ny\u00fckre, s abb\u00f3l pr\u00f3b\u00e1lnak er\u0151t mer\u00edteni a maguk pr\u00f3bat\u00e9tel\u00e9hez \u00e9s tan\u00fas\u00e1g tev\u00e9s\u00e9hez.\u00a0 Kezd\u0151\u00e9nek: Sz\u00edvem r\u00f3lad mondta: \u201eKeress\u00e9tek az \u0151 arc\u00e1t!\u201d A te arcodat keresem, Uram. Ne rejtsd el el\u0151lem arcodat! (Zsolt 26,8-9) vagy Irgalmass\u00e1godra gondolj, Uram, \u00e9s k\u00f6ny\u00f6r\u00fcletedre, mely \u00f6r\u00f6kt\u0151l val\u00f3. Ne ujjongjon ellens\u00e9g f\u00f6l\u00f6tt\u00fcnk; szabad\u00edtsd meg, Istenem, n\u00e9pedet minden sanyar\u00fas\u00e1g\u00e1b\u00f3l. (Zsolt 24.6.3.22) K\u00f6ny\u00f6rg\u00e9s: Isten\u00fcnk, te megparancsoltad nek\u00fcnk, hogy hallgassunk szeretett Fiadra. T\u00e1pl\u00e1lj minket szent ig\u00e9ddel, hogy megtisztult l\u00e9lekkel, \u00f6rvendezve szeml\u00e9lj\u00fck majd dics\u0151s\u00e9gedet. A mi Urunk, J\u00e9zus Krisztus, a te Fiad \u00e1ltal, aki veled \u00e9l \u00e9s uralkodik a Szentl\u00e9lekkel egys\u00e9gben, Isten mind\u00f6r\u00f6kk\u00f6n \u00f6r\u00f6kk\u00e9. OLVASM\u00c1NY M\u00f3zes els\u0151 k\u00f6nyv\u00e9b\u0151l (Ter 12,1-4a) \u00c1brah\u00e1mnak, Isten n\u00e9pe \u0151satyj\u00e1nak megh\u00edv\u00e1sa. Az \u00dar \u00edgy sz\u00f3lt \u00c1brah\u00e1mhoz: \u201eVonulj ki f\u00f6ldedr\u0151l, rokons\u00e1god k\u00f6r\u00e9b\u0151l \u00e9s aty\u00e1d h\u00e1z\u00e1b\u00f3l arra a f\u00f6ldre, amelyet majd mutatok neked. Nagy n\u00e9pp\u00e9 teszlek. Meg\u00e1ldalak \u00e9s naggy\u00e1 teszem nevedet, s te magad is \u00e1ld\u00e1s leszel. Meg\u00e1ldom azokat, akik \u00e1ldanak t\u00e9ged, de akik \u00e1tkoznak t\u00e9ged, azokat \u00e9n... R\u00e9szletek","og_url":"https:\/\/stuttgarti-katolikusok.de\/index.php\/nagybojt-2-vasarnapja\/","og_site_name":"Stuttgarti Katolikusok","article_published_time":"2026-03-01T09:21:47+00:00","article_modified_time":"2026-03-02T13:44:24+00:00","og_image":[{"width":1280,"height":853,"url":"https:\/\/stuttgarti-katolikusok.de\/wp-content\/uploads\/2023\/03\/mountain-gd7b40703a-1280.jpg","type":"image\/jpeg"}],"author":"Tibor atya","twitter_card":"summary_large_image","twitter_misc":{"Szerz\u0151:":"Tibor atya","Becs\u00fclt olvas\u00e1si id\u0151":"6 perc"},"schema":{"@context":"https:\/\/schema.org","@graph":[{"@type":"Article","@id":"https:\/\/stuttgarti-katolikusok.de\/index.php\/nagybojt-2-vasarnapja\/#article","isPartOf":{"@id":"https:\/\/stuttgarti-katolikusok.de\/index.php\/nagybojt-2-vasarnapja\/"},"author":{"name":"Tibor atya","@id":"https:\/\/stuttgarti-katolikusok.de\/#\/schema\/person\/75908d6f8fdc03a57889d27209df7795"},"headline":"Nagyb\u00f6jt 2. vas\u00e1rnapja","datePublished":"2026-03-01T09:21:47+00:00","dateModified":"2026-03-02T13:44:24+00:00","mainEntityOfPage":{"@id":"https:\/\/stuttgarti-katolikusok.de\/index.php\/nagybojt-2-vasarnapja\/"},"wordCount":1519,"image":{"@id":"https:\/\/stuttgarti-katolikusok.de\/index.php\/nagybojt-2-vasarnapja\/#primaryimage"},"thumbnailUrl":"https:\/\/stuttgarti-katolikusok.de\/wp-content\/uploads\/2023\/03\/mountain-gd7b40703a-1280.jpg","articleSection":["Vas\u00e1rnapi gondolatok"],"inLanguage":"hu"},{"@type":"WebPage","@id":"https:\/\/stuttgarti-katolikusok.de\/index.php\/nagybojt-2-vasarnapja\/","url":"https:\/\/stuttgarti-katolikusok.de\/index.php\/nagybojt-2-vasarnapja\/","name":"Nagyb\u00f6jt 2. vas\u00e1rnapja - Stuttgarti Katolikusok","isPartOf":{"@id":"https:\/\/stuttgarti-katolikusok.de\/#website"},"primaryImageOfPage":{"@id":"https:\/\/stuttgarti-katolikusok.de\/index.php\/nagybojt-2-vasarnapja\/#primaryimage"},"image":{"@id":"https:\/\/stuttgarti-katolikusok.de\/index.php\/nagybojt-2-vasarnapja\/#primaryimage"},"thumbnailUrl":"https:\/\/stuttgarti-katolikusok.de\/wp-content\/uploads\/2023\/03\/mountain-gd7b40703a-1280.jpg","datePublished":"2026-03-01T09:21:47+00:00","dateModified":"2026-03-02T13:44:24+00:00","author":{"@id":"https:\/\/stuttgarti-katolikusok.de\/#\/schema\/person\/75908d6f8fdc03a57889d27209df7795"},"breadcrumb":{"@id":"https:\/\/stuttgarti-katolikusok.de\/index.php\/nagybojt-2-vasarnapja\/#breadcrumb"},"inLanguage":"hu","potentialAction":[{"@type":"ReadAction","target":["https:\/\/stuttgarti-katolikusok.de\/index.php\/nagybojt-2-vasarnapja\/"]}]},{"@type":"ImageObject","inLanguage":"hu","@id":"https:\/\/stuttgarti-katolikusok.de\/index.php\/nagybojt-2-vasarnapja\/#primaryimage","url":"https:\/\/stuttgarti-katolikusok.de\/wp-content\/uploads\/2023\/03\/mountain-gd7b40703a-1280.jpg","contentUrl":"https:\/\/stuttgarti-katolikusok.de\/wp-content\/uploads\/2023\/03\/mountain-gd7b40703a-1280.jpg","width":1280,"height":853},{"@type":"BreadcrumbList","@id":"https:\/\/stuttgarti-katolikusok.de\/index.php\/nagybojt-2-vasarnapja\/#breadcrumb","itemListElement":[{"@type":"ListItem","position":1,"name":"Kezd\u0151lap","item":"https:\/\/stuttgarti-katolikusok.de\/"},{"@type":"ListItem","position":2,"name":"Nagyb\u00f6jt 2. vas\u00e1rnapja"}]},{"@type":"WebSite","@id":"https:\/\/stuttgarti-katolikusok.de\/#website","url":"https:\/\/stuttgarti-katolikusok.de\/","name":"Stuttgarti Katolikusok","description":"","potentialAction":[{"@type":"SearchAction","target":{"@type":"EntryPoint","urlTemplate":"https:\/\/stuttgarti-katolikusok.de\/?s={search_term_string}"},"query-input":{"@type":"PropertyValueSpecification","valueRequired":true,"valueName":"search_term_string"}}],"inLanguage":"hu"},{"@type":"Person","@id":"https:\/\/stuttgarti-katolikusok.de\/#\/schema\/person\/75908d6f8fdc03a57889d27209df7795","name":"Tibor atya","image":{"@type":"ImageObject","inLanguage":"hu","@id":"https:\/\/secure.gravatar.com\/avatar\/61d268e57d1f4525b111222e29d2d5a7f8c420fdbf231ba5566a8ceac74fa960?s=96&d=mm&r=g","url":"https:\/\/secure.gravatar.com\/avatar\/61d268e57d1f4525b111222e29d2d5a7f8c420fdbf231ba5566a8ceac74fa960?s=96&d=mm&r=g","contentUrl":"https:\/\/secure.gravatar.com\/avatar\/61d268e57d1f4525b111222e29d2d5a7f8c420fdbf231ba5566a8ceac74fa960?s=96&d=mm&r=g","caption":"Tibor atya"},"url":"https:\/\/stuttgarti-katolikusok.de\/index.php\/author\/tibor-atya\/"}]}},"_links":{"self":[{"href":"https:\/\/stuttgarti-katolikusok.de\/index.php\/wp-json\/wp\/v2\/posts\/26391","targetHints":{"allow":["GET"]}}],"collection":[{"href":"https:\/\/stuttgarti-katolikusok.de\/index.php\/wp-json\/wp\/v2\/posts"}],"about":[{"href":"https:\/\/stuttgarti-katolikusok.de\/index.php\/wp-json\/wp\/v2\/types\/post"}],"author":[{"embeddable":true,"href":"https:\/\/stuttgarti-katolikusok.de\/index.php\/wp-json\/wp\/v2\/users\/3"}],"replies":[{"embeddable":true,"href":"https:\/\/stuttgarti-katolikusok.de\/index.php\/wp-json\/wp\/v2\/comments?post=26391"}],"version-history":[{"count":4,"href":"https:\/\/stuttgarti-katolikusok.de\/index.php\/wp-json\/wp\/v2\/posts\/26391\/revisions"}],"predecessor-version":[{"id":32743,"href":"https:\/\/stuttgarti-katolikusok.de\/index.php\/wp-json\/wp\/v2\/posts\/26391\/revisions\/32743"}],"wp:featuredmedia":[{"embeddable":true,"href":"https:\/\/stuttgarti-katolikusok.de\/index.php\/wp-json\/wp\/v2\/media\/26392"}],"wp:attachment":[{"href":"https:\/\/stuttgarti-katolikusok.de\/index.php\/wp-json\/wp\/v2\/media?parent=26391"}],"wp:term":[{"taxonomy":"category","embeddable":true,"href":"https:\/\/stuttgarti-katolikusok.de\/index.php\/wp-json\/wp\/v2\/categories?post=26391"},{"taxonomy":"post_tag","embeddable":true,"href":"https:\/\/stuttgarti-katolikusok.de\/index.php\/wp-json\/wp\/v2\/tags?post=26391"}],"curies":[{"name":"wp","href":"https:\/\/api.w.org\/{rel}","templated":true}]}}