{"id":26318,"date":"2023-02-18T12:55:33","date_gmt":"2023-02-18T11:55:33","guid":{"rendered":"https:\/\/stuttgarti-katolikusok.de\/?p=26318"},"modified":"2023-02-18T12:57:27","modified_gmt":"2023-02-18T11:57:27","slug":"evkozi-7-vasarnap","status":"publish","type":"post","link":"https:\/\/stuttgarti-katolikusok.de\/index.php\/evkozi-7-vasarnap\/","title":{"rendered":"\u00c9vk\u00f6zi 7. vas\u00e1rnap"},"content":{"rendered":"<p><span style=\"color: #008000;\"><strong>\u00c9vk\u00f6zi 7. vas\u00e1rnap<\/strong><\/span><\/p>\n<p><span style=\"color: #008000;\">Kezd\u0151\u00e9nek:<\/span><br \/>\nIrgalmass\u00e1godban rem\u00e9nykedem, Uram. Sz\u00edvem ujjong \u00fcdv\u00f6z\u00edt\u0151 j\u00f3s\u00e1god miatt; j\u00f3t\u00e9tem\u00e9nyei\u00e9rt dics\u0151\u00edtem az Urat. (Zsolt 12,6)<\/p>\n<p><span style=\"color: #008000;\">K\u00f6ny\u00f6rg\u00e9s:<\/span><br \/>\nMindenhat\u00f3 Isten\u00fcnk, seg\u00edts, hogy t\u00f6rv\u00e9nyedet mindenkor szem el\u0151tt tartsuk, akaratodat pedig sz\u00f3val \u00e9s tettel meg is val\u00f3s\u00edtsuk. A mi Urunk, J\u00e9zus Krisztus, a te Fiad \u00e1ltal, aki veled \u00e9l \u00e9s uralkodik a Szentl\u00e9lekkel egys\u00e9gben, Isten mind\u00f6r\u00f6kk\u00f6n \u00f6r\u00f6kk\u00e9.<\/p>\n<p align=\"justify\"><span style=\"color: #008000;\">OLVASM\u00c1NY M\u00f3zes harmadik k\u00f6nyv\u00e9b\u0151l (Lev 19,1-2.17-18)<\/span><br \/>\n<em>Szeresd embert\u00e1rsadat \u00fagy, mint magadat!<\/em><br \/>\nAz \u00dar \u00edgy sz\u00f3lt M\u00f3zeshez:<br \/>\n\u201eSz\u00f3lj Izrael fiai eg\u00e9sz k\u00f6z\u00f6ss\u00e9g\u00e9hez \u00e9s mondd meg nekik: Legyetek szentek, mert \u00e9n, az \u00dar, a ti Istenetek szent vagyok.<br \/>\nNe t\u00e1pl\u00e1lj gy\u0171l\u00f6letet sz\u00edvedben testv\u00e9red ir\u00e1nt. Fedd meg embert\u00e1rsadat, s akkor nem osztozol b\u0171n\u00e9ben. Ne l\u00e9gy bossz\u00fa\u00e1ll\u00f3, \u00e9s ne gy\u0171l\u00f6lk\u00f6dj n\u00e9ped fiaival. Szeresd embert\u00e1rsadat \u00fagy, mint magadat. \u00c9n vagyok az \u00dar.\u201d<br \/>\nEz az Isten ig\u00e9je.<\/p>\n<p align=\"justify\"><span style=\"color: #008000;\">V\u00c1LASZOS ZSOLT\u00c1R\u00a0 (Zsolt 102,1-2.3-4.8 \u00e9s 10.12-13)<\/span><br \/>\nV\u00e1lasz:\u00a0<strong>Irgalmas a mi Urunk, Isten\u00fcnk: * k\u00f6ny\u00f6r\u00fcletre hajlik sz\u00edve.<\/strong>\u00a011. t\u00f3nus.<br \/>\nEl\u0151\u00e9nekes: \u00c1ldjad, lelkem, az Urat, * eg\u00e9sz bens\u0151m az \u0151 szent nev\u00e9t \u00e1ldja.<br \/>\n\u00c1ldjad, lelkem, az Urat, * \u00e9s ne feledd, hogy hozz\u00e1d milyen j\u00f3 volt.<br \/>\nH\u00edvek: Irgalmas a mi Urunk, Isten\u00fcnk: * k\u00f6ny\u00f6r\u00fcletre hajlik sz\u00edve.<br \/>\nE: Megbocs\u00e1tja minden v\u00e9tked, * meggy\u00f3gy\u00edtja minden gyenges\u00e9ged.<br \/>\nA pusztul\u00e1st\u00f3l megmenti \u00e9leted, * kegyelm\u00e9ben \u00e9s irgalm\u00e1ban meg is koron\u00e1zza.<br \/>\nH: Irgalmas a mi Urunk, Isten\u00fcnk: * k\u00f6ny\u00f6r\u00fcletre hajlik sz\u00edve.<br \/>\nE: Irgalmas \u00e9s kegyes a mi Isten\u00fcnk: * nagy irgalm\u00fa \u00e9s hosszan t\u0171r\u0151.<br \/>\nNem b\u0171neink szerint b\u00e1nik vel\u00fcnk, * \u00e9s nem gonoszs\u00e1gunk szerint fizet vissza nek\u00fcnk.<br \/>\nH: Irgalmas a mi Urunk, Isten\u00fcnk: * k\u00f6ny\u00f6r\u00fcletre hajlik sz\u00edve.<br \/>\nE: Amilyen messze van napkelett\u0151l a napnyugat, * b\u0171neinket olyan messze dobja t\u0151l\u00fcnk.<br \/>\nAhogyan az atya megk\u00f6ny\u00f6r\u00fcl fiain, * \u00fagy k\u00f6ny\u00f6r\u00fcl meg az \u00dar az istenf\u00e9l\u0151n.<br \/>\nH: Irgalmas a mi Urunk, Isten\u00fcnk: * k\u00f6ny\u00f6r\u00fcletre hajlik sz\u00edve.<\/p>\n<p align=\"justify\"><span style=\"color: #008000;\">SZENTLECKE Szent P\u00e1l apostolnak a korintusiakhoz \u00edrt els\u0151 level\u00e9b\u0151l (1Kor 3,16-23)<\/span><br \/>\n<em>Minden a ti\u00e9tek, ti Krisztus\u00e9 vagytok, Krisztus pedig az Isten\u00e9.<\/em><br \/>\nTestv\u00e9reim!<br \/>\nNem tudj\u00e1tok, hogy ti Isten temploma vagytok, \u00e9s Isten Lelke lakik bennetek? \u00c9s aki Isten templom\u00e1t lerontja, azt Isten elpuszt\u00edtja. Isten temploma ugyanis szent, \u00e9s ti vagytok az!<br \/>\nSenki ne \u00e1m\u00edtsa \u00f6nmag\u00e1t! Aki k\u00f6z\u00fcletek b\u00f6lcsnek tartja mag\u00e1t ezen a vil\u00e1gon, v\u00e1lj\u00e9k oktalann\u00e1, hogy csakugyan b\u00f6lcs lehessen. E vil\u00e1g b\u00f6lcsess\u00e9ge ugyanis oktalans\u00e1g Isten el\u0151tt. Hiszen \u00edrva van: \u201eSaj\u00e1t ravaszs\u00e1gukkal fogja meg a b\u00f6lcseket\u201d, tov\u00e1bb\u00e1:<br \/>\nT\u00e1rva az \u00dar el\u0151tt az ember gondolata,<br \/>\ncsupa hi\u00fas\u00e1g annak foglalata.<br \/>\nSenki se k\u00e9rkedj\u00e9k teh\u00e1t emberekkel! Hisz minden a ti\u00e9tek: P\u00e1l, Apoll\u00f3, P\u00e9ter, a vil\u00e1g, az \u00e9let, a hal\u00e1l, a jelenval\u00f3k, az elj\u00f6vend\u0151k: Minden a ti\u00e9tek; ti Krisztus\u00e9 vagytok, Krisztus pedig az Isten\u00e9.<br \/>\nEz az Isten ig\u00e9je.<\/p>\n<p align=\"justify\"><span style=\"color: #008000;\">ALLELUJA<\/span><br \/>\nAki megtartja Krisztus ig\u00e9j\u00e9t, * az val\u00f3ban szereti az Istent. 1Jn 2,5 \u2013 4g. t\u00f3nus.<\/p>\n<p align=\"justify\"><span style=\"color: #008000;\">\u2020 EVANG\u00c9LIUM Szent M\u00e1t\u00e9 k\u00f6nyv\u00e9b\u0151l (Mt 5,38-48)<\/span><br \/>\n<em>Szeress\u00e9tek ellens\u00e9geiteket!<\/em><br \/>\nAbban az id\u0151ben J\u00e9zus \u00edgy sz\u00f3lt tan\u00edtv\u00e1nyaihoz:<br \/>\nHallott\u00e1tok, hogy a r\u00e9gieknek ezt mondt\u00e1k: Szemet szem\u00e9rt, fogat fog\u00e9rt. \u00c9n pedig azt mondom nektek: Ne sz\u00e1lljatok szembe a gonosszal, hanem ha valaki arcul \u00fct t\u00e9ged jobb fel\u0151l, tartsd oda neki a bal arcodat. Aki perbe fog, hogy elvegye a ruh\u00e1dat, annak add oda a k\u00f6nt\u00f6s\u00f6det is. \u00c9s ha valaki egy m\u00e9rf\u00f6ldnyire k\u00e9nyszer\u00edt, menj vele k\u00e9tannyira. Adj annak, aki k\u00e9r, \u00e9s aki k\u00f6lcs\u00f6nt akar, el ne fordulj t\u0151le.<br \/>\nHallott\u00e1tok, hogy ezt mondt\u00e1k: Szeresd felebar\u00e1todat \u00e9s gy\u0171l\u00f6ld ellens\u00e9gedet. \u00c9n pedig azt mondom nektek: Szeress\u00e9tek ellens\u00e9geiteket, tegyetek j\u00f3t azokkal, akik gy\u0171l\u00f6lnek benneteket, im\u00e1dkozzatok azok\u00e9rt, akik \u00fcld\u00f6znek \u00e9s gyal\u00e1znak titeket, hogy gyermekei legyetek mennyei Aty\u00e1toknak, aki f\u00f6lkelti napj\u00e1t j\u00f3kra \u00e9s gonoszokra egyar\u00e1nt, \u00e9s es\u0151t ad mind az igazaknak, mind a b\u0171n\u00f6s\u00f6knek.<br \/>\nHa ugyanis csak azokat szeretitek, akik titeket szeretnek, ugyan mi lesz a jutalmatok? Nem teszik meg ezt a v\u00e1mosok is? \u00c9s ha csak a testv\u00e9reiteknek k\u00f6sz\u00f6nt\u00f6k, mi az, amivel t\u00f6bbet tesztek? Nem teszik meg ezt a pog\u00e1nyok is? Ti legyetek olyan t\u00f6k\u00e9letesek, mint amilyen t\u00f6k\u00e9letes a ti mennyei Aty\u00e1tok!<br \/>\nEzek az evang\u00e9lium ig\u00e9i.<\/p>\n<p><span style=\"color: #008000;\">EGYETEMES K\u00d6NY\u00d6RG\u00c9SEK<\/span><br \/>\nPap: Testv\u00e9reim! A legf\u0151bb t\u00f6rv\u00e9ny a szeretet. K\u00e9rj\u00fck mennyei Aty\u00e1nkat, hogy ezt a parancsot min\u00e9l t\u00f6k\u00e9letesebben val\u00f3ra v\u00e1ltsuk \u00e9let\u00fcnkkel!<br \/>\nLektor: 1. T\u00e1vol\u00edtsd el, Urunk, a sz\u00e9th\u00faz\u00e1s szellem\u00e9t h\u00edveid k\u00f6r\u00e9b\u0151l, hogy megval\u00f3suljon k\u00f6zt\u00fcnk a szeretet egys\u00e9ge!<br \/>\nH\u00edvek: K\u00e9r\u00fcnk T\u00e9ged, hallgass meg minket!<br \/>\n2. T\u00e1vol\u00edtsd el, Urunk, a vil\u00e1gb\u00f3l a gy\u0171l\u00f6lk\u00f6d\u00e9st \u00e9s az ellens\u00e9gesked\u00e9st, hogy a nemzetek b\u00e9k\u00e9ben \u00e9ljenek egym\u00e1ssal!<br \/>\nH\u00edvek: K\u00e9r\u00fcnk T\u00e9ged, hallgass meg minket!<br \/>\n3. T\u00e1vol\u00edtsd el, Urunk, a kereszt\u00e9ny csal\u00e1dokb\u00f3l az \u00f6nz\u00e9st \u00e9s k\u00e9nyelemszeretetet, hogy egyet\u00e9rt\u00e9sben \u00e9ljenek!<br \/>\nH\u00edvek: K\u00e9r\u00fcnk T\u00e9ged, hallgass meg minket!<br \/>\n4. T\u00e1vol\u00edtsd el lelk\u00fcnkb\u0151l a k\u00f6z\u00f6mb\u00f6ss\u00e9get, hogy embert\u00e1rsainkat is \u00fagy szeress\u00fck, mint \u00f6nmagunkat!<br \/>\nH\u00edvek: K\u00e9r\u00fcnk T\u00e9ged, hallgass meg minket!<br \/>\n5. T\u00e1vol\u00edtsd el sz\u00edv\u00fcnkb\u0151l a bossz\u00fa\u00e1ll\u00e1s szellem\u00e9t, hogy a rossz\u00e9rt is j\u00f3val tudjunk fizetni!<br \/>\nH\u00edvek: K\u00e9r\u00fcnk T\u00e9ged, hallgass meg minket!<br \/>\nPap: Mennyei Aty\u00e1nk! Add kegyelmedet, hogy az \u00e1ldozatk\u00e9sz \u00e9s megbocs\u00e1t\u00f3 szeretet gyakorl\u00e1s\u00e1ban min\u00e9l t\u00f6k\u00e9letesebben hasonl\u00edtsunk hozz\u00e1d. Krisztus, a mi Urunk \u00e1ltal.<br \/>\nH\u00edvek: \u00c1men.<\/p>\n<p><span style=\"color: #008000;\">Felaj\u00e1nl\u00f3 k\u00f6ny\u00f6rg\u00e9s:<\/span><br \/>\nIsten\u00fcnk, k\u00f6teles gyermeki h\u00f3dolattal mutatjuk be \u00e1ldozatunkat. K\u00f6ny\u00f6r\u00f6gve k\u00e9r\u00fcnk, hogy amit f\u00f6ls\u00e9ged dics\u0151s\u00e9g\u00e9re felaj\u00e1nlunk, hozza meg nek\u00fcnk az \u00fcdv\u00f6ss\u00e9get. Krisztus, a mi Urunk \u00e1ltal.<\/p>\n<p><span style=\"color: #008000;\">\u00c1ldoz\u00e1si \u00e9nek:<\/span><br \/>\n\u00d6sszes csod\u00e1idat elbesz\u00e9lem, ujjongok \u00e9s \u00f6rvendezem benned, nevedr\u0151l sz\u00f3l \u00e9nekem, f\u00f6ls\u00e9ges Isten! (Zsolt 9,2-3)<br \/>\n<span style=\"color: #008000;\"><em>vagy<\/em><\/span><br \/>\nUram, hiszem, hogy Te vagy a Messi\u00e1s, az \u00e9l\u0151 Isten Fia, aki a vil\u00e1gra j\u00f6tt\u00e9l. (Jn 11,27)<\/p>\n<p><span style=\"color: #008000;\">\u00c1ldoz\u00e1s ut\u00e1ni k\u00f6ny\u00f6rg\u00e9s:<\/span><br \/>\nMindenhat\u00f3 Isten\u00fcnk, add, hogy val\u00f3ban elnyerhess\u00fck az \u00fcdv\u00f6ss\u00e9get, amelynek z\u00e1log\u00e1t ebben a szents\u00e9gben magunkhoz vett\u00fck. Krisztus, a mi Urunk \u00e1ltal.<\/p>\n<p><em>(K\u00e9p forr\u00e1sa: pixabay.com)<\/em><\/p>\n","protected":false},"excerpt":{"rendered":"<p>\u00c9vk\u00f6zi 7. vas\u00e1rnap Kezd\u0151\u00e9nek: Irgalmass\u00e1godban rem\u00e9nykedem, Uram. Sz\u00edvem ujjong \u00fcdv\u00f6z\u00edt\u0151 j\u00f3s\u00e1god miatt; j\u00f3t\u00e9tem\u00e9nyei\u00e9rt dics\u0151\u00edtem az Urat. (Zsolt 12,6) K\u00f6ny\u00f6rg\u00e9s: Mindenhat\u00f3 Isten\u00fcnk, seg\u00edts, hogy t\u00f6rv\u00e9nyedet mindenkor szem el\u0151tt tartsuk, akaratodat pedig sz\u00f3val \u00e9s tettel meg is val\u00f3s\u00edtsuk. A mi Urunk, J\u00e9zus Krisztus, a te Fiad \u00e1ltal, aki veled \u00e9l \u00e9s uralkodik a Szentl\u00e9lekkel egys\u00e9gben, Isten mind\u00f6r\u00f6kk\u00f6n \u00f6r\u00f6kk\u00e9. OLVASM\u00c1NY M\u00f3zes harmadik k\u00f6nyv\u00e9b\u0151l (Lev 19,1-2.17-18) Szeresd embert\u00e1rsadat \u00fagy, mint magadat! Az \u00dar \u00edgy sz\u00f3lt M\u00f3zeshez: \u201eSz\u00f3lj Izrael fiai eg\u00e9sz k\u00f6z\u00f6ss\u00e9g\u00e9hez \u00e9s mondd meg nekik: Legyetek szentek, mert \u00e9n, az \u00dar, a ti Istenetek szent vagyok. Ne t\u00e1pl\u00e1lj gy\u0171l\u00f6letet sz\u00edvedben testv\u00e9red ir\u00e1nt. Fedd meg embert\u00e1rsadat, s akkor nem osztozol b\u0171n\u00e9ben. Ne l\u00e9gy bossz\u00fa\u00e1ll\u00f3, \u00e9s ne gy\u0171l\u00f6lk\u00f6dj n\u00e9ped fiaival. Szeresd embert\u00e1rsadat \u00fagy, mint magadat. \u00c9n vagyok az \u00dar.\u201d Ez az Isten ig\u00e9je. V\u00c1LASZOS ZSOLT\u00c1R\u00a0 (Zsolt 102,1-2.3-4.8 \u00e9s 10.12-13) V\u00e1lasz:\u00a0Irgalmas a mi Urunk, Isten\u00fcnk: * k\u00f6ny\u00f6r\u00fcletre hajlik sz\u00edve.\u00a011. t\u00f3nus. El\u0151\u00e9nekes: \u00c1ldjad, lelkem, az Urat, * eg\u00e9sz bens\u0151m az \u0151 szent nev\u00e9t \u00e1ldja. \u00c1ldjad, lelkem, az Urat, * \u00e9s ne feledd, hogy hozz\u00e1d milyen j\u00f3 volt. H\u00edvek: Irgalmas a mi Urunk, Isten\u00fcnk: * k\u00f6ny\u00f6r\u00fcletre hajlik sz\u00edve. E: Megbocs\u00e1tja minden v\u00e9tked, * meggy\u00f3gy\u00edtja minden gyenges\u00e9ged. A pusztul\u00e1st\u00f3l megmenti \u00e9leted, * kegyelm\u00e9ben \u00e9s irgalm\u00e1ban meg is koron\u00e1zza. H: Irgalmas a mi Urunk, Isten\u00fcnk: * k\u00f6ny\u00f6r\u00fcletre hajlik sz\u00edve. E: Irgalmas \u00e9s kegyes a mi Isten\u00fcnk: * nagy irgalm\u00fa \u00e9s hosszan t\u0171r\u0151. Nem b\u0171neink szerint b\u00e1nik vel\u00fcnk, * \u00e9s nem gonoszs\u00e1gunk szerint fizet vissza nek\u00fcnk. H: Irgalmas a mi Urunk, Isten\u00fcnk: * k\u00f6ny\u00f6r\u00fcletre hajlik sz\u00edve. E: Amilyen messze van napkelett\u0151l a napnyugat, * b\u0171neinket olyan messze dobja t\u0151l\u00fcnk. Ahogyan az atya megk\u00f6ny\u00f6r\u00fcl fiain, * \u00fagy k\u00f6ny\u00f6r\u00fcl meg az \u00dar az istenf\u00e9l\u0151n. H: Irgalmas a mi Urunk, Isten\u00fcnk: * k\u00f6ny\u00f6r\u00fcletre hajlik sz\u00edve. SZENTLECKE Szent P\u00e1l apostolnak a korintusiakhoz \u00edrt els\u0151 level\u00e9b\u0151l (1Kor 3,16-23) Minden a ti\u00e9tek, ti Krisztus\u00e9 vagytok, Krisztus pedig az&#8230; <\/p>\n<p><a class=\"readmore\" href=\"https:\/\/stuttgarti-katolikusok.de\/index.php\/evkozi-7-vasarnap\/\">R\u00e9szletek<\/a><\/p>\n","protected":false},"author":3,"featured_media":26319,"comment_status":"closed","ping_status":"closed","sticky":false,"template":"","format":"standard","meta":{"footnotes":""},"categories":[63],"tags":[],"class_list":["post-26318","post","type-post","status-publish","format-standard","has-post-thumbnail","hentry","category-vasarnapi-gondolatok"],"yoast_head":"<!-- This site is optimized with the Yoast SEO plugin v27.3 - https:\/\/yoast.com\/product\/yoast-seo-wordpress\/ -->\n<title>\u00c9vk\u00f6zi 7. vas\u00e1rnap - Stuttgarti Katolikusok<\/title>\n<meta name=\"robots\" content=\"index, follow, max-snippet:-1, max-image-preview:large, max-video-preview:-1\" \/>\n<link rel=\"canonical\" href=\"https:\/\/stuttgarti-katolikusok.de\/index.php\/evkozi-7-vasarnap\/\" \/>\n<meta property=\"og:locale\" content=\"hu_HU\" \/>\n<meta property=\"og:type\" content=\"article\" \/>\n<meta property=\"og:title\" content=\"\u00c9vk\u00f6zi 7. vas\u00e1rnap - Stuttgarti Katolikusok\" \/>\n<meta property=\"og:description\" content=\"\u00c9vk\u00f6zi 7. vas\u00e1rnap Kezd\u0151\u00e9nek: Irgalmass\u00e1godban rem\u00e9nykedem, Uram. Sz\u00edvem ujjong \u00fcdv\u00f6z\u00edt\u0151 j\u00f3s\u00e1god miatt; j\u00f3t\u00e9tem\u00e9nyei\u00e9rt dics\u0151\u00edtem az Urat. (Zsolt 12,6) K\u00f6ny\u00f6rg\u00e9s: Mindenhat\u00f3 Isten\u00fcnk, seg\u00edts, hogy t\u00f6rv\u00e9nyedet mindenkor szem el\u0151tt tartsuk, akaratodat pedig sz\u00f3val \u00e9s tettel meg is val\u00f3s\u00edtsuk. A mi Urunk, J\u00e9zus Krisztus, a te Fiad \u00e1ltal, aki veled \u00e9l \u00e9s uralkodik a Szentl\u00e9lekkel egys\u00e9gben, Isten mind\u00f6r\u00f6kk\u00f6n \u00f6r\u00f6kk\u00e9. OLVASM\u00c1NY M\u00f3zes harmadik k\u00f6nyv\u00e9b\u0151l (Lev 19,1-2.17-18) Szeresd embert\u00e1rsadat \u00fagy, mint magadat! Az \u00dar \u00edgy sz\u00f3lt M\u00f3zeshez: \u201eSz\u00f3lj Izrael fiai eg\u00e9sz k\u00f6z\u00f6ss\u00e9g\u00e9hez \u00e9s mondd meg nekik: Legyetek szentek, mert \u00e9n, az \u00dar, a ti Istenetek szent vagyok. Ne t\u00e1pl\u00e1lj gy\u0171l\u00f6letet sz\u00edvedben testv\u00e9red ir\u00e1nt. Fedd meg embert\u00e1rsadat, s akkor nem osztozol b\u0171n\u00e9ben. Ne l\u00e9gy bossz\u00fa\u00e1ll\u00f3, \u00e9s ne gy\u0171l\u00f6lk\u00f6dj n\u00e9ped fiaival. Szeresd embert\u00e1rsadat \u00fagy, mint magadat. \u00c9n vagyok az \u00dar.\u201d Ez az Isten ig\u00e9je. V\u00c1LASZOS ZSOLT\u00c1R\u00a0 (Zsolt 102,1-2.3-4.8 \u00e9s 10.12-13) V\u00e1lasz:\u00a0Irgalmas a mi Urunk, Isten\u00fcnk: * k\u00f6ny\u00f6r\u00fcletre hajlik sz\u00edve.\u00a011. t\u00f3nus. El\u0151\u00e9nekes: \u00c1ldjad, lelkem, az Urat, * eg\u00e9sz bens\u0151m az \u0151 szent nev\u00e9t \u00e1ldja. \u00c1ldjad, lelkem, az Urat, * \u00e9s ne feledd, hogy hozz\u00e1d milyen j\u00f3 volt. H\u00edvek: Irgalmas a mi Urunk, Isten\u00fcnk: * k\u00f6ny\u00f6r\u00fcletre hajlik sz\u00edve. E: Megbocs\u00e1tja minden v\u00e9tked, * meggy\u00f3gy\u00edtja minden gyenges\u00e9ged. A pusztul\u00e1st\u00f3l megmenti \u00e9leted, * kegyelm\u00e9ben \u00e9s irgalm\u00e1ban meg is koron\u00e1zza. H: Irgalmas a mi Urunk, Isten\u00fcnk: * k\u00f6ny\u00f6r\u00fcletre hajlik sz\u00edve. E: Irgalmas \u00e9s kegyes a mi Isten\u00fcnk: * nagy irgalm\u00fa \u00e9s hosszan t\u0171r\u0151. Nem b\u0171neink szerint b\u00e1nik vel\u00fcnk, * \u00e9s nem gonoszs\u00e1gunk szerint fizet vissza nek\u00fcnk. H: Irgalmas a mi Urunk, Isten\u00fcnk: * k\u00f6ny\u00f6r\u00fcletre hajlik sz\u00edve. E: Amilyen messze van napkelett\u0151l a napnyugat, * b\u0171neinket olyan messze dobja t\u0151l\u00fcnk. Ahogyan az atya megk\u00f6ny\u00f6r\u00fcl fiain, * \u00fagy k\u00f6ny\u00f6r\u00fcl meg az \u00dar az istenf\u00e9l\u0151n. H: Irgalmas a mi Urunk, Isten\u00fcnk: * k\u00f6ny\u00f6r\u00fcletre hajlik sz\u00edve. SZENTLECKE Szent P\u00e1l apostolnak a korintusiakhoz \u00edrt els\u0151 level\u00e9b\u0151l (1Kor 3,16-23) Minden a ti\u00e9tek, ti Krisztus\u00e9 vagytok, Krisztus pedig az... R\u00e9szletek\" \/>\n<meta property=\"og:url\" content=\"https:\/\/stuttgarti-katolikusok.de\/index.php\/evkozi-7-vasarnap\/\" \/>\n<meta property=\"og:site_name\" content=\"Stuttgarti Katolikusok\" \/>\n<meta property=\"article:published_time\" content=\"2023-02-18T11:55:33+00:00\" \/>\n<meta property=\"article:modified_time\" content=\"2023-02-18T11:57:27+00:00\" \/>\n<meta property=\"og:image\" content=\"https:\/\/stuttgarti-katolikusok.de\/wp-content\/uploads\/2023\/02\/hands-2168901-1280.jpg\" \/>\n\t<meta property=\"og:image:width\" content=\"1280\" \/>\n\t<meta property=\"og:image:height\" content=\"671\" \/>\n\t<meta property=\"og:image:type\" content=\"image\/jpeg\" \/>\n<meta name=\"author\" content=\"Tibor atya\" \/>\n<meta name=\"twitter:card\" content=\"summary_large_image\" \/>\n<meta name=\"twitter:label1\" content=\"Szerz\u0151:\" \/>\n\t<meta name=\"twitter:data1\" content=\"Tibor atya\" \/>\n\t<meta name=\"twitter:label2\" content=\"Becs\u00fclt olvas\u00e1si id\u0151\" \/>\n\t<meta name=\"twitter:data2\" content=\"5 perc\" \/>\n<script type=\"application\/ld+json\" class=\"yoast-schema-graph\">{\"@context\":\"https:\\\/\\\/schema.org\",\"@graph\":[{\"@type\":\"Article\",\"@id\":\"https:\\\/\\\/stuttgarti-katolikusok.de\\\/index.php\\\/evkozi-7-vasarnap\\\/#article\",\"isPartOf\":{\"@id\":\"https:\\\/\\\/stuttgarti-katolikusok.de\\\/index.php\\\/evkozi-7-vasarnap\\\/\"},\"author\":{\"name\":\"Tibor atya\",\"@id\":\"https:\\\/\\\/stuttgarti-katolikusok.de\\\/#\\\/schema\\\/person\\\/75908d6f8fdc03a57889d27209df7795\"},\"headline\":\"\u00c9vk\u00f6zi 7. vas\u00e1rnap\",\"datePublished\":\"2023-02-18T11:55:33+00:00\",\"dateModified\":\"2023-02-18T11:57:27+00:00\",\"mainEntityOfPage\":{\"@id\":\"https:\\\/\\\/stuttgarti-katolikusok.de\\\/index.php\\\/evkozi-7-vasarnap\\\/\"},\"wordCount\":1230,\"image\":{\"@id\":\"https:\\\/\\\/stuttgarti-katolikusok.de\\\/index.php\\\/evkozi-7-vasarnap\\\/#primaryimage\"},\"thumbnailUrl\":\"https:\\\/\\\/stuttgarti-katolikusok.de\\\/wp-content\\\/uploads\\\/2023\\\/02\\\/hands-2168901-1280.jpg\",\"articleSection\":[\"Vas\u00e1rnapi gondolatok\"],\"inLanguage\":\"hu\"},{\"@type\":\"WebPage\",\"@id\":\"https:\\\/\\\/stuttgarti-katolikusok.de\\\/index.php\\\/evkozi-7-vasarnap\\\/\",\"url\":\"https:\\\/\\\/stuttgarti-katolikusok.de\\\/index.php\\\/evkozi-7-vasarnap\\\/\",\"name\":\"\u00c9vk\u00f6zi 7. vas\u00e1rnap - Stuttgarti Katolikusok\",\"isPartOf\":{\"@id\":\"https:\\\/\\\/stuttgarti-katolikusok.de\\\/#website\"},\"primaryImageOfPage\":{\"@id\":\"https:\\\/\\\/stuttgarti-katolikusok.de\\\/index.php\\\/evkozi-7-vasarnap\\\/#primaryimage\"},\"image\":{\"@id\":\"https:\\\/\\\/stuttgarti-katolikusok.de\\\/index.php\\\/evkozi-7-vasarnap\\\/#primaryimage\"},\"thumbnailUrl\":\"https:\\\/\\\/stuttgarti-katolikusok.de\\\/wp-content\\\/uploads\\\/2023\\\/02\\\/hands-2168901-1280.jpg\",\"datePublished\":\"2023-02-18T11:55:33+00:00\",\"dateModified\":\"2023-02-18T11:57:27+00:00\",\"author\":{\"@id\":\"https:\\\/\\\/stuttgarti-katolikusok.de\\\/#\\\/schema\\\/person\\\/75908d6f8fdc03a57889d27209df7795\"},\"breadcrumb\":{\"@id\":\"https:\\\/\\\/stuttgarti-katolikusok.de\\\/index.php\\\/evkozi-7-vasarnap\\\/#breadcrumb\"},\"inLanguage\":\"hu\",\"potentialAction\":[{\"@type\":\"ReadAction\",\"target\":[\"https:\\\/\\\/stuttgarti-katolikusok.de\\\/index.php\\\/evkozi-7-vasarnap\\\/\"]}]},{\"@type\":\"ImageObject\",\"inLanguage\":\"hu\",\"@id\":\"https:\\\/\\\/stuttgarti-katolikusok.de\\\/index.php\\\/evkozi-7-vasarnap\\\/#primaryimage\",\"url\":\"https:\\\/\\\/stuttgarti-katolikusok.de\\\/wp-content\\\/uploads\\\/2023\\\/02\\\/hands-2168901-1280.jpg\",\"contentUrl\":\"https:\\\/\\\/stuttgarti-katolikusok.de\\\/wp-content\\\/uploads\\\/2023\\\/02\\\/hands-2168901-1280.jpg\",\"width\":1280,\"height\":671},{\"@type\":\"BreadcrumbList\",\"@id\":\"https:\\\/\\\/stuttgarti-katolikusok.de\\\/index.php\\\/evkozi-7-vasarnap\\\/#breadcrumb\",\"itemListElement\":[{\"@type\":\"ListItem\",\"position\":1,\"name\":\"Kezd\u0151lap\",\"item\":\"https:\\\/\\\/stuttgarti-katolikusok.de\\\/\"},{\"@type\":\"ListItem\",\"position\":2,\"name\":\"\u00c9vk\u00f6zi 7. vas\u00e1rnap\"}]},{\"@type\":\"WebSite\",\"@id\":\"https:\\\/\\\/stuttgarti-katolikusok.de\\\/#website\",\"url\":\"https:\\\/\\\/stuttgarti-katolikusok.de\\\/\",\"name\":\"Stuttgarti Katolikusok\",\"description\":\"\",\"potentialAction\":[{\"@type\":\"SearchAction\",\"target\":{\"@type\":\"EntryPoint\",\"urlTemplate\":\"https:\\\/\\\/stuttgarti-katolikusok.de\\\/?s={search_term_string}\"},\"query-input\":{\"@type\":\"PropertyValueSpecification\",\"valueRequired\":true,\"valueName\":\"search_term_string\"}}],\"inLanguage\":\"hu\"},{\"@type\":\"Person\",\"@id\":\"https:\\\/\\\/stuttgarti-katolikusok.de\\\/#\\\/schema\\\/person\\\/75908d6f8fdc03a57889d27209df7795\",\"name\":\"Tibor atya\",\"image\":{\"@type\":\"ImageObject\",\"inLanguage\":\"hu\",\"@id\":\"https:\\\/\\\/secure.gravatar.com\\\/avatar\\\/61d268e57d1f4525b111222e29d2d5a7f8c420fdbf231ba5566a8ceac74fa960?s=96&d=mm&r=g\",\"url\":\"https:\\\/\\\/secure.gravatar.com\\\/avatar\\\/61d268e57d1f4525b111222e29d2d5a7f8c420fdbf231ba5566a8ceac74fa960?s=96&d=mm&r=g\",\"contentUrl\":\"https:\\\/\\\/secure.gravatar.com\\\/avatar\\\/61d268e57d1f4525b111222e29d2d5a7f8c420fdbf231ba5566a8ceac74fa960?s=96&d=mm&r=g\",\"caption\":\"Tibor atya\"},\"url\":\"https:\\\/\\\/stuttgarti-katolikusok.de\\\/index.php\\\/author\\\/tibor-atya\\\/\"}]}<\/script>\n<!-- \/ Yoast SEO plugin. -->","yoast_head_json":{"title":"\u00c9vk\u00f6zi 7. vas\u00e1rnap - Stuttgarti Katolikusok","robots":{"index":"index","follow":"follow","max-snippet":"max-snippet:-1","max-image-preview":"max-image-preview:large","max-video-preview":"max-video-preview:-1"},"canonical":"https:\/\/stuttgarti-katolikusok.de\/index.php\/evkozi-7-vasarnap\/","og_locale":"hu_HU","og_type":"article","og_title":"\u00c9vk\u00f6zi 7. vas\u00e1rnap - Stuttgarti Katolikusok","og_description":"\u00c9vk\u00f6zi 7. vas\u00e1rnap Kezd\u0151\u00e9nek: Irgalmass\u00e1godban rem\u00e9nykedem, Uram. Sz\u00edvem ujjong \u00fcdv\u00f6z\u00edt\u0151 j\u00f3s\u00e1god miatt; j\u00f3t\u00e9tem\u00e9nyei\u00e9rt dics\u0151\u00edtem az Urat. (Zsolt 12,6) K\u00f6ny\u00f6rg\u00e9s: Mindenhat\u00f3 Isten\u00fcnk, seg\u00edts, hogy t\u00f6rv\u00e9nyedet mindenkor szem el\u0151tt tartsuk, akaratodat pedig sz\u00f3val \u00e9s tettel meg is val\u00f3s\u00edtsuk. A mi Urunk, J\u00e9zus Krisztus, a te Fiad \u00e1ltal, aki veled \u00e9l \u00e9s uralkodik a Szentl\u00e9lekkel egys\u00e9gben, Isten mind\u00f6r\u00f6kk\u00f6n \u00f6r\u00f6kk\u00e9. OLVASM\u00c1NY M\u00f3zes harmadik k\u00f6nyv\u00e9b\u0151l (Lev 19,1-2.17-18) Szeresd embert\u00e1rsadat \u00fagy, mint magadat! Az \u00dar \u00edgy sz\u00f3lt M\u00f3zeshez: \u201eSz\u00f3lj Izrael fiai eg\u00e9sz k\u00f6z\u00f6ss\u00e9g\u00e9hez \u00e9s mondd meg nekik: Legyetek szentek, mert \u00e9n, az \u00dar, a ti Istenetek szent vagyok. Ne t\u00e1pl\u00e1lj gy\u0171l\u00f6letet sz\u00edvedben testv\u00e9red ir\u00e1nt. Fedd meg embert\u00e1rsadat, s akkor nem osztozol b\u0171n\u00e9ben. Ne l\u00e9gy bossz\u00fa\u00e1ll\u00f3, \u00e9s ne gy\u0171l\u00f6lk\u00f6dj n\u00e9ped fiaival. Szeresd embert\u00e1rsadat \u00fagy, mint magadat. \u00c9n vagyok az \u00dar.\u201d Ez az Isten ig\u00e9je. V\u00c1LASZOS ZSOLT\u00c1R\u00a0 (Zsolt 102,1-2.3-4.8 \u00e9s 10.12-13) V\u00e1lasz:\u00a0Irgalmas a mi Urunk, Isten\u00fcnk: * k\u00f6ny\u00f6r\u00fcletre hajlik sz\u00edve.\u00a011. t\u00f3nus. El\u0151\u00e9nekes: \u00c1ldjad, lelkem, az Urat, * eg\u00e9sz bens\u0151m az \u0151 szent nev\u00e9t \u00e1ldja. \u00c1ldjad, lelkem, az Urat, * \u00e9s ne feledd, hogy hozz\u00e1d milyen j\u00f3 volt. H\u00edvek: Irgalmas a mi Urunk, Isten\u00fcnk: * k\u00f6ny\u00f6r\u00fcletre hajlik sz\u00edve. E: Megbocs\u00e1tja minden v\u00e9tked, * meggy\u00f3gy\u00edtja minden gyenges\u00e9ged. A pusztul\u00e1st\u00f3l megmenti \u00e9leted, * kegyelm\u00e9ben \u00e9s irgalm\u00e1ban meg is koron\u00e1zza. H: Irgalmas a mi Urunk, Isten\u00fcnk: * k\u00f6ny\u00f6r\u00fcletre hajlik sz\u00edve. E: Irgalmas \u00e9s kegyes a mi Isten\u00fcnk: * nagy irgalm\u00fa \u00e9s hosszan t\u0171r\u0151. Nem b\u0171neink szerint b\u00e1nik vel\u00fcnk, * \u00e9s nem gonoszs\u00e1gunk szerint fizet vissza nek\u00fcnk. H: Irgalmas a mi Urunk, Isten\u00fcnk: * k\u00f6ny\u00f6r\u00fcletre hajlik sz\u00edve. E: Amilyen messze van napkelett\u0151l a napnyugat, * b\u0171neinket olyan messze dobja t\u0151l\u00fcnk. Ahogyan az atya megk\u00f6ny\u00f6r\u00fcl fiain, * \u00fagy k\u00f6ny\u00f6r\u00fcl meg az \u00dar az istenf\u00e9l\u0151n. H: Irgalmas a mi Urunk, Isten\u00fcnk: * k\u00f6ny\u00f6r\u00fcletre hajlik sz\u00edve. SZENTLECKE Szent P\u00e1l apostolnak a korintusiakhoz \u00edrt els\u0151 level\u00e9b\u0151l (1Kor 3,16-23) Minden a ti\u00e9tek, ti Krisztus\u00e9 vagytok, Krisztus pedig az... R\u00e9szletek","og_url":"https:\/\/stuttgarti-katolikusok.de\/index.php\/evkozi-7-vasarnap\/","og_site_name":"Stuttgarti Katolikusok","article_published_time":"2023-02-18T11:55:33+00:00","article_modified_time":"2023-02-18T11:57:27+00:00","og_image":[{"width":1280,"height":671,"url":"https:\/\/stuttgarti-katolikusok.de\/wp-content\/uploads\/2023\/02\/hands-2168901-1280.jpg","type":"image\/jpeg"}],"author":"Tibor atya","twitter_card":"summary_large_image","twitter_misc":{"Szerz\u0151:":"Tibor atya","Becs\u00fclt olvas\u00e1si id\u0151":"5 perc"},"schema":{"@context":"https:\/\/schema.org","@graph":[{"@type":"Article","@id":"https:\/\/stuttgarti-katolikusok.de\/index.php\/evkozi-7-vasarnap\/#article","isPartOf":{"@id":"https:\/\/stuttgarti-katolikusok.de\/index.php\/evkozi-7-vasarnap\/"},"author":{"name":"Tibor atya","@id":"https:\/\/stuttgarti-katolikusok.de\/#\/schema\/person\/75908d6f8fdc03a57889d27209df7795"},"headline":"\u00c9vk\u00f6zi 7. vas\u00e1rnap","datePublished":"2023-02-18T11:55:33+00:00","dateModified":"2023-02-18T11:57:27+00:00","mainEntityOfPage":{"@id":"https:\/\/stuttgarti-katolikusok.de\/index.php\/evkozi-7-vasarnap\/"},"wordCount":1230,"image":{"@id":"https:\/\/stuttgarti-katolikusok.de\/index.php\/evkozi-7-vasarnap\/#primaryimage"},"thumbnailUrl":"https:\/\/stuttgarti-katolikusok.de\/wp-content\/uploads\/2023\/02\/hands-2168901-1280.jpg","articleSection":["Vas\u00e1rnapi gondolatok"],"inLanguage":"hu"},{"@type":"WebPage","@id":"https:\/\/stuttgarti-katolikusok.de\/index.php\/evkozi-7-vasarnap\/","url":"https:\/\/stuttgarti-katolikusok.de\/index.php\/evkozi-7-vasarnap\/","name":"\u00c9vk\u00f6zi 7. vas\u00e1rnap - Stuttgarti Katolikusok","isPartOf":{"@id":"https:\/\/stuttgarti-katolikusok.de\/#website"},"primaryImageOfPage":{"@id":"https:\/\/stuttgarti-katolikusok.de\/index.php\/evkozi-7-vasarnap\/#primaryimage"},"image":{"@id":"https:\/\/stuttgarti-katolikusok.de\/index.php\/evkozi-7-vasarnap\/#primaryimage"},"thumbnailUrl":"https:\/\/stuttgarti-katolikusok.de\/wp-content\/uploads\/2023\/02\/hands-2168901-1280.jpg","datePublished":"2023-02-18T11:55:33+00:00","dateModified":"2023-02-18T11:57:27+00:00","author":{"@id":"https:\/\/stuttgarti-katolikusok.de\/#\/schema\/person\/75908d6f8fdc03a57889d27209df7795"},"breadcrumb":{"@id":"https:\/\/stuttgarti-katolikusok.de\/index.php\/evkozi-7-vasarnap\/#breadcrumb"},"inLanguage":"hu","potentialAction":[{"@type":"ReadAction","target":["https:\/\/stuttgarti-katolikusok.de\/index.php\/evkozi-7-vasarnap\/"]}]},{"@type":"ImageObject","inLanguage":"hu","@id":"https:\/\/stuttgarti-katolikusok.de\/index.php\/evkozi-7-vasarnap\/#primaryimage","url":"https:\/\/stuttgarti-katolikusok.de\/wp-content\/uploads\/2023\/02\/hands-2168901-1280.jpg","contentUrl":"https:\/\/stuttgarti-katolikusok.de\/wp-content\/uploads\/2023\/02\/hands-2168901-1280.jpg","width":1280,"height":671},{"@type":"BreadcrumbList","@id":"https:\/\/stuttgarti-katolikusok.de\/index.php\/evkozi-7-vasarnap\/#breadcrumb","itemListElement":[{"@type":"ListItem","position":1,"name":"Kezd\u0151lap","item":"https:\/\/stuttgarti-katolikusok.de\/"},{"@type":"ListItem","position":2,"name":"\u00c9vk\u00f6zi 7. vas\u00e1rnap"}]},{"@type":"WebSite","@id":"https:\/\/stuttgarti-katolikusok.de\/#website","url":"https:\/\/stuttgarti-katolikusok.de\/","name":"Stuttgarti Katolikusok","description":"","potentialAction":[{"@type":"SearchAction","target":{"@type":"EntryPoint","urlTemplate":"https:\/\/stuttgarti-katolikusok.de\/?s={search_term_string}"},"query-input":{"@type":"PropertyValueSpecification","valueRequired":true,"valueName":"search_term_string"}}],"inLanguage":"hu"},{"@type":"Person","@id":"https:\/\/stuttgarti-katolikusok.de\/#\/schema\/person\/75908d6f8fdc03a57889d27209df7795","name":"Tibor atya","image":{"@type":"ImageObject","inLanguage":"hu","@id":"https:\/\/secure.gravatar.com\/avatar\/61d268e57d1f4525b111222e29d2d5a7f8c420fdbf231ba5566a8ceac74fa960?s=96&d=mm&r=g","url":"https:\/\/secure.gravatar.com\/avatar\/61d268e57d1f4525b111222e29d2d5a7f8c420fdbf231ba5566a8ceac74fa960?s=96&d=mm&r=g","contentUrl":"https:\/\/secure.gravatar.com\/avatar\/61d268e57d1f4525b111222e29d2d5a7f8c420fdbf231ba5566a8ceac74fa960?s=96&d=mm&r=g","caption":"Tibor atya"},"url":"https:\/\/stuttgarti-katolikusok.de\/index.php\/author\/tibor-atya\/"}]}},"_links":{"self":[{"href":"https:\/\/stuttgarti-katolikusok.de\/index.php\/wp-json\/wp\/v2\/posts\/26318","targetHints":{"allow":["GET"]}}],"collection":[{"href":"https:\/\/stuttgarti-katolikusok.de\/index.php\/wp-json\/wp\/v2\/posts"}],"about":[{"href":"https:\/\/stuttgarti-katolikusok.de\/index.php\/wp-json\/wp\/v2\/types\/post"}],"author":[{"embeddable":true,"href":"https:\/\/stuttgarti-katolikusok.de\/index.php\/wp-json\/wp\/v2\/users\/3"}],"replies":[{"embeddable":true,"href":"https:\/\/stuttgarti-katolikusok.de\/index.php\/wp-json\/wp\/v2\/comments?post=26318"}],"version-history":[{"count":2,"href":"https:\/\/stuttgarti-katolikusok.de\/index.php\/wp-json\/wp\/v2\/posts\/26318\/revisions"}],"predecessor-version":[{"id":26321,"href":"https:\/\/stuttgarti-katolikusok.de\/index.php\/wp-json\/wp\/v2\/posts\/26318\/revisions\/26321"}],"wp:featuredmedia":[{"embeddable":true,"href":"https:\/\/stuttgarti-katolikusok.de\/index.php\/wp-json\/wp\/v2\/media\/26319"}],"wp:attachment":[{"href":"https:\/\/stuttgarti-katolikusok.de\/index.php\/wp-json\/wp\/v2\/media?parent=26318"}],"wp:term":[{"taxonomy":"category","embeddable":true,"href":"https:\/\/stuttgarti-katolikusok.de\/index.php\/wp-json\/wp\/v2\/categories?post=26318"},{"taxonomy":"post_tag","embeddable":true,"href":"https:\/\/stuttgarti-katolikusok.de\/index.php\/wp-json\/wp\/v2\/tags?post=26318"}],"curies":[{"name":"wp","href":"https:\/\/api.w.org\/{rel}","templated":true}]}}