{"id":26303,"date":"2023-02-15T14:40:42","date_gmt":"2023-02-15T13:40:42","guid":{"rendered":"https:\/\/stuttgarti-katolikusok.de\/?p=26303"},"modified":"2023-02-15T14:40:42","modified_gmt":"2023-02-15T13:40:42","slug":"halaado-szentmise-a-hazassagi-kotelekben-elok-szamara","status":"publish","type":"post","link":"https:\/\/stuttgarti-katolikusok.de\/index.php\/halaado-szentmise-a-hazassagi-kotelekben-elok-szamara\/","title":{"rendered":"H\u00e1laad\u00f3 szentmise a h\u00e1zass\u00e1gi k\u00f6tel\u00e9kben \u00e9l\u0151k sz\u00e1m\u00e1ra"},"content":{"rendered":"<p style=\"text-align: center;\"><span style=\"color: #ff9900;\"><em><strong>\u201eNem j\u00f3 az embernek egyed\u00fcl lennie. Alkotok neki seg\u00edt\u0151t\u00e1rsat, aki hozz\u00e1 ill\u0151.\u201d (Ter 2,18)<\/strong><\/em><\/span><\/p>\n<p>&nbsp;<\/p>\n<p><a href=\"https:\/\/stuttgarti-katolikusok.de\/wp-content\/uploads\/2023\/02\/tapolyai-eloadasplakat-hh2023.jpg\"><img loading=\"lazy\" decoding=\"async\" class=\"alignnone size-full wp-image-26305\" src=\"https:\/\/stuttgarti-katolikusok.de\/wp-content\/uploads\/2023\/02\/tapolyai-eloadasplakat-hh2023.jpg\" alt=\"\" width=\"1069\" height=\"732\" srcset=\"https:\/\/stuttgarti-katolikusok.de\/wp-content\/uploads\/2023\/02\/tapolyai-eloadasplakat-hh2023.jpg 1069w, https:\/\/stuttgarti-katolikusok.de\/wp-content\/uploads\/2023\/02\/tapolyai-eloadasplakat-hh2023-300x205.jpg 300w, https:\/\/stuttgarti-katolikusok.de\/wp-content\/uploads\/2023\/02\/tapolyai-eloadasplakat-hh2023-1024x701.jpg 1024w\" sizes=\"auto, (max-width: 1069px) 100vw, 1069px\" \/><\/a><\/p>\n<p>Kedves H\u00edveim \u00e9s Bar\u00e1taim!<\/p>\n<p>Nagy szeretettel h\u00edvlak benneteket csal\u00e1dtagjaitokkal egy\u00fctt k\u00f6z\u00f6s h\u00e1laad\u00f3 szentmis\u00e9re 2023. febru\u00e1r 19-\u00e9n a 11.30 \u00f3rakor kezd\u0151d\u0151 szentmis\u00e9re Stuttgartba a Bruder Klaus templomba.<\/p>\n<p>A H\u00e1zass\u00e1g Hete keret\u00e9ben, szem\u00fcnk el\u0151tt tartva az idei jelmondatot: &#8222;Szeretetbe kapaszkodva&#8221;, szeretn\u00e9nk k\u00f6sz\u00f6netet mondani a j\u00f3 Istennek, hogy csal\u00e1di \u00e9letre h\u00edvott meg benn\u00fcnket.<\/p>\n<p>A h\u00e1laad\u00f3 szentmise keret\u00e9ben pedig k\u00f6z\u00f6sen meg\u00faj\u00edthatj\u00e1tok h\u00e1zass\u00e1gi \u00edg\u00e9reteteket \u00e9s egyben k\u00f6z\u00f6s \u00e1ld\u00e1sban is r\u00e9szes\u00fclt\u00f6k.<\/p>\n<p><em>Tibor atya<\/em><\/p>\n","protected":false},"excerpt":{"rendered":"<p>\u201eNem j\u00f3 az embernek egyed\u00fcl lennie. Alkotok neki seg\u00edt\u0151t\u00e1rsat, aki hozz\u00e1 ill\u0151.\u201d (Ter 2,18) &nbsp; Kedves H\u00edveim \u00e9s Bar\u00e1taim! Nagy szeretettel h\u00edvlak benneteket csal\u00e1dtagjaitokkal egy\u00fctt k\u00f6z\u00f6s h\u00e1laad\u00f3 szentmis\u00e9re 2023. febru\u00e1r 19-\u00e9n a 11.30 \u00f3rakor kezd\u0151d\u0151 szentmis\u00e9re Stuttgartba a Bruder Klaus templomba. A H\u00e1zass\u00e1g Hete keret\u00e9ben, szem\u00fcnk el\u0151tt tartva az idei jelmondatot: &#8222;Szeretetbe kapaszkodva&#8221;, szeretn\u00e9nk k\u00f6sz\u00f6netet mondani a j\u00f3 Istennek, hogy csal\u00e1di \u00e9letre h\u00edvott meg benn\u00fcnket. A h\u00e1laad\u00f3 szentmise keret\u00e9ben pedig k\u00f6z\u00f6sen meg\u00faj\u00edthatj\u00e1tok h\u00e1zass\u00e1gi \u00edg\u00e9reteteket \u00e9s egyben k\u00f6z\u00f6s \u00e1ld\u00e1sban is r\u00e9szes\u00fclt\u00f6k. Tibor atya<\/p>\n","protected":false},"author":3,"featured_media":26304,"comment_status":"closed","ping_status":"closed","sticky":false,"template":"","format":"standard","meta":{"footnotes":""},"categories":[5],"tags":[],"class_list":["post-26303","post","type-post","status-publish","format-standard","has-post-thumbnail","hentry","category-hirek"],"yoast_head":"<!-- This site is optimized with the Yoast SEO plugin v27.3 - https:\/\/yoast.com\/product\/yoast-seo-wordpress\/ -->\n<title>H\u00e1laad\u00f3 szentmise a h\u00e1zass\u00e1gi k\u00f6tel\u00e9kben \u00e9l\u0151k sz\u00e1m\u00e1ra - Stuttgarti Katolikusok<\/title>\n<meta name=\"robots\" content=\"index, follow, max-snippet:-1, max-image-preview:large, max-video-preview:-1\" \/>\n<link rel=\"canonical\" href=\"https:\/\/stuttgarti-katolikusok.de\/index.php\/halaado-szentmise-a-hazassagi-kotelekben-elok-szamara\/\" \/>\n<meta property=\"og:locale\" content=\"hu_HU\" \/>\n<meta property=\"og:type\" content=\"article\" \/>\n<meta property=\"og:title\" content=\"H\u00e1laad\u00f3 szentmise a h\u00e1zass\u00e1gi k\u00f6tel\u00e9kben \u00e9l\u0151k sz\u00e1m\u00e1ra - Stuttgarti Katolikusok\" \/>\n<meta property=\"og:description\" content=\"\u201eNem j\u00f3 az embernek egyed\u00fcl lennie. Alkotok neki seg\u00edt\u0151t\u00e1rsat, aki hozz\u00e1 ill\u0151.\u201d (Ter 2,18) &nbsp; Kedves H\u00edveim \u00e9s Bar\u00e1taim! Nagy szeretettel h\u00edvlak benneteket csal\u00e1dtagjaitokkal egy\u00fctt k\u00f6z\u00f6s h\u00e1laad\u00f3 szentmis\u00e9re 2023. febru\u00e1r 19-\u00e9n a 11.30 \u00f3rakor kezd\u0151d\u0151 szentmis\u00e9re Stuttgartba a Bruder Klaus templomba. A H\u00e1zass\u00e1g Hete keret\u00e9ben, szem\u00fcnk el\u0151tt tartva az idei jelmondatot: &#8222;Szeretetbe kapaszkodva&#8221;, szeretn\u00e9nk k\u00f6sz\u00f6netet mondani a j\u00f3 Istennek, hogy csal\u00e1di \u00e9letre h\u00edvott meg benn\u00fcnket. A h\u00e1laad\u00f3 szentmise keret\u00e9ben pedig k\u00f6z\u00f6sen meg\u00faj\u00edthatj\u00e1tok h\u00e1zass\u00e1gi \u00edg\u00e9reteteket \u00e9s egyben k\u00f6z\u00f6s \u00e1ld\u00e1sban is r\u00e9szes\u00fclt\u00f6k. Tibor atya\" \/>\n<meta property=\"og:url\" content=\"https:\/\/stuttgarti-katolikusok.de\/index.php\/halaado-szentmise-a-hazassagi-kotelekben-elok-szamara\/\" \/>\n<meta property=\"og:site_name\" content=\"Stuttgarti Katolikusok\" \/>\n<meta property=\"article:published_time\" content=\"2023-02-15T13:40:42+00:00\" \/>\n<meta property=\"og:image\" content=\"https:\/\/stuttgarti-katolikusok.de\/wp-content\/uploads\/2023\/02\/kepernyofelvetel-128.png\" \/>\n\t<meta property=\"og:image:width\" content=\"1538\" \/>\n\t<meta property=\"og:image:height\" content=\"1075\" \/>\n\t<meta property=\"og:image:type\" content=\"image\/png\" \/>\n<meta name=\"author\" content=\"Tibor atya\" \/>\n<meta name=\"twitter:card\" content=\"summary_large_image\" \/>\n<meta name=\"twitter:label1\" content=\"Szerz\u0151:\" \/>\n\t<meta name=\"twitter:data1\" content=\"Tibor atya\" \/>\n\t<meta name=\"twitter:label2\" content=\"Becs\u00fclt olvas\u00e1si id\u0151\" \/>\n\t<meta name=\"twitter:data2\" content=\"1 perc\" \/>\n<script type=\"application\/ld+json\" class=\"yoast-schema-graph\">{\"@context\":\"https:\\\/\\\/schema.org\",\"@graph\":[{\"@type\":\"Article\",\"@id\":\"https:\\\/\\\/stuttgarti-katolikusok.de\\\/index.php\\\/halaado-szentmise-a-hazassagi-kotelekben-elok-szamara\\\/#article\",\"isPartOf\":{\"@id\":\"https:\\\/\\\/stuttgarti-katolikusok.de\\\/index.php\\\/halaado-szentmise-a-hazassagi-kotelekben-elok-szamara\\\/\"},\"author\":{\"name\":\"Tibor atya\",\"@id\":\"https:\\\/\\\/stuttgarti-katolikusok.de\\\/#\\\/schema\\\/person\\\/75908d6f8fdc03a57889d27209df7795\"},\"headline\":\"H\u00e1laad\u00f3 szentmise a h\u00e1zass\u00e1gi k\u00f6tel\u00e9kben \u00e9l\u0151k sz\u00e1m\u00e1ra\",\"datePublished\":\"2023-02-15T13:40:42+00:00\",\"mainEntityOfPage\":{\"@id\":\"https:\\\/\\\/stuttgarti-katolikusok.de\\\/index.php\\\/halaado-szentmise-a-hazassagi-kotelekben-elok-szamara\\\/\"},\"wordCount\":138,\"image\":{\"@id\":\"https:\\\/\\\/stuttgarti-katolikusok.de\\\/index.php\\\/halaado-szentmise-a-hazassagi-kotelekben-elok-szamara\\\/#primaryimage\"},\"thumbnailUrl\":\"https:\\\/\\\/stuttgarti-katolikusok.de\\\/wp-content\\\/uploads\\\/2023\\\/02\\\/kepernyofelvetel-128.png\",\"articleSection\":[\"H\u00edrek\"],\"inLanguage\":\"hu\"},{\"@type\":\"WebPage\",\"@id\":\"https:\\\/\\\/stuttgarti-katolikusok.de\\\/index.php\\\/halaado-szentmise-a-hazassagi-kotelekben-elok-szamara\\\/\",\"url\":\"https:\\\/\\\/stuttgarti-katolikusok.de\\\/index.php\\\/halaado-szentmise-a-hazassagi-kotelekben-elok-szamara\\\/\",\"name\":\"H\u00e1laad\u00f3 szentmise a h\u00e1zass\u00e1gi k\u00f6tel\u00e9kben \u00e9l\u0151k sz\u00e1m\u00e1ra - Stuttgarti Katolikusok\",\"isPartOf\":{\"@id\":\"https:\\\/\\\/stuttgarti-katolikusok.de\\\/#website\"},\"primaryImageOfPage\":{\"@id\":\"https:\\\/\\\/stuttgarti-katolikusok.de\\\/index.php\\\/halaado-szentmise-a-hazassagi-kotelekben-elok-szamara\\\/#primaryimage\"},\"image\":{\"@id\":\"https:\\\/\\\/stuttgarti-katolikusok.de\\\/index.php\\\/halaado-szentmise-a-hazassagi-kotelekben-elok-szamara\\\/#primaryimage\"},\"thumbnailUrl\":\"https:\\\/\\\/stuttgarti-katolikusok.de\\\/wp-content\\\/uploads\\\/2023\\\/02\\\/kepernyofelvetel-128.png\",\"datePublished\":\"2023-02-15T13:40:42+00:00\",\"author\":{\"@id\":\"https:\\\/\\\/stuttgarti-katolikusok.de\\\/#\\\/schema\\\/person\\\/75908d6f8fdc03a57889d27209df7795\"},\"breadcrumb\":{\"@id\":\"https:\\\/\\\/stuttgarti-katolikusok.de\\\/index.php\\\/halaado-szentmise-a-hazassagi-kotelekben-elok-szamara\\\/#breadcrumb\"},\"inLanguage\":\"hu\",\"potentialAction\":[{\"@type\":\"ReadAction\",\"target\":[\"https:\\\/\\\/stuttgarti-katolikusok.de\\\/index.php\\\/halaado-szentmise-a-hazassagi-kotelekben-elok-szamara\\\/\"]}]},{\"@type\":\"ImageObject\",\"inLanguage\":\"hu\",\"@id\":\"https:\\\/\\\/stuttgarti-katolikusok.de\\\/index.php\\\/halaado-szentmise-a-hazassagi-kotelekben-elok-szamara\\\/#primaryimage\",\"url\":\"https:\\\/\\\/stuttgarti-katolikusok.de\\\/wp-content\\\/uploads\\\/2023\\\/02\\\/kepernyofelvetel-128.png\",\"contentUrl\":\"https:\\\/\\\/stuttgarti-katolikusok.de\\\/wp-content\\\/uploads\\\/2023\\\/02\\\/kepernyofelvetel-128.png\",\"width\":1538,\"height\":1075},{\"@type\":\"BreadcrumbList\",\"@id\":\"https:\\\/\\\/stuttgarti-katolikusok.de\\\/index.php\\\/halaado-szentmise-a-hazassagi-kotelekben-elok-szamara\\\/#breadcrumb\",\"itemListElement\":[{\"@type\":\"ListItem\",\"position\":1,\"name\":\"Kezd\u0151lap\",\"item\":\"https:\\\/\\\/stuttgarti-katolikusok.de\\\/\"},{\"@type\":\"ListItem\",\"position\":2,\"name\":\"H\u00e1laad\u00f3 szentmise a h\u00e1zass\u00e1gi k\u00f6tel\u00e9kben \u00e9l\u0151k sz\u00e1m\u00e1ra\"}]},{\"@type\":\"WebSite\",\"@id\":\"https:\\\/\\\/stuttgarti-katolikusok.de\\\/#website\",\"url\":\"https:\\\/\\\/stuttgarti-katolikusok.de\\\/\",\"name\":\"Stuttgarti Katolikusok\",\"description\":\"\",\"potentialAction\":[{\"@type\":\"SearchAction\",\"target\":{\"@type\":\"EntryPoint\",\"urlTemplate\":\"https:\\\/\\\/stuttgarti-katolikusok.de\\\/?s={search_term_string}\"},\"query-input\":{\"@type\":\"PropertyValueSpecification\",\"valueRequired\":true,\"valueName\":\"search_term_string\"}}],\"inLanguage\":\"hu\"},{\"@type\":\"Person\",\"@id\":\"https:\\\/\\\/stuttgarti-katolikusok.de\\\/#\\\/schema\\\/person\\\/75908d6f8fdc03a57889d27209df7795\",\"name\":\"Tibor atya\",\"image\":{\"@type\":\"ImageObject\",\"inLanguage\":\"hu\",\"@id\":\"https:\\\/\\\/secure.gravatar.com\\\/avatar\\\/61d268e57d1f4525b111222e29d2d5a7f8c420fdbf231ba5566a8ceac74fa960?s=96&d=mm&r=g\",\"url\":\"https:\\\/\\\/secure.gravatar.com\\\/avatar\\\/61d268e57d1f4525b111222e29d2d5a7f8c420fdbf231ba5566a8ceac74fa960?s=96&d=mm&r=g\",\"contentUrl\":\"https:\\\/\\\/secure.gravatar.com\\\/avatar\\\/61d268e57d1f4525b111222e29d2d5a7f8c420fdbf231ba5566a8ceac74fa960?s=96&d=mm&r=g\",\"caption\":\"Tibor atya\"},\"url\":\"https:\\\/\\\/stuttgarti-katolikusok.de\\\/index.php\\\/author\\\/tibor-atya\\\/\"}]}<\/script>\n<!-- \/ Yoast SEO plugin. -->","yoast_head_json":{"title":"H\u00e1laad\u00f3 szentmise a h\u00e1zass\u00e1gi k\u00f6tel\u00e9kben \u00e9l\u0151k sz\u00e1m\u00e1ra - Stuttgarti Katolikusok","robots":{"index":"index","follow":"follow","max-snippet":"max-snippet:-1","max-image-preview":"max-image-preview:large","max-video-preview":"max-video-preview:-1"},"canonical":"https:\/\/stuttgarti-katolikusok.de\/index.php\/halaado-szentmise-a-hazassagi-kotelekben-elok-szamara\/","og_locale":"hu_HU","og_type":"article","og_title":"H\u00e1laad\u00f3 szentmise a h\u00e1zass\u00e1gi k\u00f6tel\u00e9kben \u00e9l\u0151k sz\u00e1m\u00e1ra - Stuttgarti Katolikusok","og_description":"\u201eNem j\u00f3 az embernek egyed\u00fcl lennie. Alkotok neki seg\u00edt\u0151t\u00e1rsat, aki hozz\u00e1 ill\u0151.\u201d (Ter 2,18) &nbsp; Kedves H\u00edveim \u00e9s Bar\u00e1taim! Nagy szeretettel h\u00edvlak benneteket csal\u00e1dtagjaitokkal egy\u00fctt k\u00f6z\u00f6s h\u00e1laad\u00f3 szentmis\u00e9re 2023. febru\u00e1r 19-\u00e9n a 11.30 \u00f3rakor kezd\u0151d\u0151 szentmis\u00e9re Stuttgartba a Bruder Klaus templomba. A H\u00e1zass\u00e1g Hete keret\u00e9ben, szem\u00fcnk el\u0151tt tartva az idei jelmondatot: &#8222;Szeretetbe kapaszkodva&#8221;, szeretn\u00e9nk k\u00f6sz\u00f6netet mondani a j\u00f3 Istennek, hogy csal\u00e1di \u00e9letre h\u00edvott meg benn\u00fcnket. A h\u00e1laad\u00f3 szentmise keret\u00e9ben pedig k\u00f6z\u00f6sen meg\u00faj\u00edthatj\u00e1tok h\u00e1zass\u00e1gi \u00edg\u00e9reteteket \u00e9s egyben k\u00f6z\u00f6s \u00e1ld\u00e1sban is r\u00e9szes\u00fclt\u00f6k. Tibor atya","og_url":"https:\/\/stuttgarti-katolikusok.de\/index.php\/halaado-szentmise-a-hazassagi-kotelekben-elok-szamara\/","og_site_name":"Stuttgarti Katolikusok","article_published_time":"2023-02-15T13:40:42+00:00","og_image":[{"width":1538,"height":1075,"url":"https:\/\/stuttgarti-katolikusok.de\/wp-content\/uploads\/2023\/02\/kepernyofelvetel-128.png","type":"image\/png"}],"author":"Tibor atya","twitter_card":"summary_large_image","twitter_misc":{"Szerz\u0151:":"Tibor atya","Becs\u00fclt olvas\u00e1si id\u0151":"1 perc"},"schema":{"@context":"https:\/\/schema.org","@graph":[{"@type":"Article","@id":"https:\/\/stuttgarti-katolikusok.de\/index.php\/halaado-szentmise-a-hazassagi-kotelekben-elok-szamara\/#article","isPartOf":{"@id":"https:\/\/stuttgarti-katolikusok.de\/index.php\/halaado-szentmise-a-hazassagi-kotelekben-elok-szamara\/"},"author":{"name":"Tibor atya","@id":"https:\/\/stuttgarti-katolikusok.de\/#\/schema\/person\/75908d6f8fdc03a57889d27209df7795"},"headline":"H\u00e1laad\u00f3 szentmise a h\u00e1zass\u00e1gi k\u00f6tel\u00e9kben \u00e9l\u0151k sz\u00e1m\u00e1ra","datePublished":"2023-02-15T13:40:42+00:00","mainEntityOfPage":{"@id":"https:\/\/stuttgarti-katolikusok.de\/index.php\/halaado-szentmise-a-hazassagi-kotelekben-elok-szamara\/"},"wordCount":138,"image":{"@id":"https:\/\/stuttgarti-katolikusok.de\/index.php\/halaado-szentmise-a-hazassagi-kotelekben-elok-szamara\/#primaryimage"},"thumbnailUrl":"https:\/\/stuttgarti-katolikusok.de\/wp-content\/uploads\/2023\/02\/kepernyofelvetel-128.png","articleSection":["H\u00edrek"],"inLanguage":"hu"},{"@type":"WebPage","@id":"https:\/\/stuttgarti-katolikusok.de\/index.php\/halaado-szentmise-a-hazassagi-kotelekben-elok-szamara\/","url":"https:\/\/stuttgarti-katolikusok.de\/index.php\/halaado-szentmise-a-hazassagi-kotelekben-elok-szamara\/","name":"H\u00e1laad\u00f3 szentmise a h\u00e1zass\u00e1gi k\u00f6tel\u00e9kben \u00e9l\u0151k sz\u00e1m\u00e1ra - Stuttgarti Katolikusok","isPartOf":{"@id":"https:\/\/stuttgarti-katolikusok.de\/#website"},"primaryImageOfPage":{"@id":"https:\/\/stuttgarti-katolikusok.de\/index.php\/halaado-szentmise-a-hazassagi-kotelekben-elok-szamara\/#primaryimage"},"image":{"@id":"https:\/\/stuttgarti-katolikusok.de\/index.php\/halaado-szentmise-a-hazassagi-kotelekben-elok-szamara\/#primaryimage"},"thumbnailUrl":"https:\/\/stuttgarti-katolikusok.de\/wp-content\/uploads\/2023\/02\/kepernyofelvetel-128.png","datePublished":"2023-02-15T13:40:42+00:00","author":{"@id":"https:\/\/stuttgarti-katolikusok.de\/#\/schema\/person\/75908d6f8fdc03a57889d27209df7795"},"breadcrumb":{"@id":"https:\/\/stuttgarti-katolikusok.de\/index.php\/halaado-szentmise-a-hazassagi-kotelekben-elok-szamara\/#breadcrumb"},"inLanguage":"hu","potentialAction":[{"@type":"ReadAction","target":["https:\/\/stuttgarti-katolikusok.de\/index.php\/halaado-szentmise-a-hazassagi-kotelekben-elok-szamara\/"]}]},{"@type":"ImageObject","inLanguage":"hu","@id":"https:\/\/stuttgarti-katolikusok.de\/index.php\/halaado-szentmise-a-hazassagi-kotelekben-elok-szamara\/#primaryimage","url":"https:\/\/stuttgarti-katolikusok.de\/wp-content\/uploads\/2023\/02\/kepernyofelvetel-128.png","contentUrl":"https:\/\/stuttgarti-katolikusok.de\/wp-content\/uploads\/2023\/02\/kepernyofelvetel-128.png","width":1538,"height":1075},{"@type":"BreadcrumbList","@id":"https:\/\/stuttgarti-katolikusok.de\/index.php\/halaado-szentmise-a-hazassagi-kotelekben-elok-szamara\/#breadcrumb","itemListElement":[{"@type":"ListItem","position":1,"name":"Kezd\u0151lap","item":"https:\/\/stuttgarti-katolikusok.de\/"},{"@type":"ListItem","position":2,"name":"H\u00e1laad\u00f3 szentmise a h\u00e1zass\u00e1gi k\u00f6tel\u00e9kben \u00e9l\u0151k sz\u00e1m\u00e1ra"}]},{"@type":"WebSite","@id":"https:\/\/stuttgarti-katolikusok.de\/#website","url":"https:\/\/stuttgarti-katolikusok.de\/","name":"Stuttgarti Katolikusok","description":"","potentialAction":[{"@type":"SearchAction","target":{"@type":"EntryPoint","urlTemplate":"https:\/\/stuttgarti-katolikusok.de\/?s={search_term_string}"},"query-input":{"@type":"PropertyValueSpecification","valueRequired":true,"valueName":"search_term_string"}}],"inLanguage":"hu"},{"@type":"Person","@id":"https:\/\/stuttgarti-katolikusok.de\/#\/schema\/person\/75908d6f8fdc03a57889d27209df7795","name":"Tibor atya","image":{"@type":"ImageObject","inLanguage":"hu","@id":"https:\/\/secure.gravatar.com\/avatar\/61d268e57d1f4525b111222e29d2d5a7f8c420fdbf231ba5566a8ceac74fa960?s=96&d=mm&r=g","url":"https:\/\/secure.gravatar.com\/avatar\/61d268e57d1f4525b111222e29d2d5a7f8c420fdbf231ba5566a8ceac74fa960?s=96&d=mm&r=g","contentUrl":"https:\/\/secure.gravatar.com\/avatar\/61d268e57d1f4525b111222e29d2d5a7f8c420fdbf231ba5566a8ceac74fa960?s=96&d=mm&r=g","caption":"Tibor atya"},"url":"https:\/\/stuttgarti-katolikusok.de\/index.php\/author\/tibor-atya\/"}]}},"_links":{"self":[{"href":"https:\/\/stuttgarti-katolikusok.de\/index.php\/wp-json\/wp\/v2\/posts\/26303","targetHints":{"allow":["GET"]}}],"collection":[{"href":"https:\/\/stuttgarti-katolikusok.de\/index.php\/wp-json\/wp\/v2\/posts"}],"about":[{"href":"https:\/\/stuttgarti-katolikusok.de\/index.php\/wp-json\/wp\/v2\/types\/post"}],"author":[{"embeddable":true,"href":"https:\/\/stuttgarti-katolikusok.de\/index.php\/wp-json\/wp\/v2\/users\/3"}],"replies":[{"embeddable":true,"href":"https:\/\/stuttgarti-katolikusok.de\/index.php\/wp-json\/wp\/v2\/comments?post=26303"}],"version-history":[{"count":1,"href":"https:\/\/stuttgarti-katolikusok.de\/index.php\/wp-json\/wp\/v2\/posts\/26303\/revisions"}],"predecessor-version":[{"id":26306,"href":"https:\/\/stuttgarti-katolikusok.de\/index.php\/wp-json\/wp\/v2\/posts\/26303\/revisions\/26306"}],"wp:featuredmedia":[{"embeddable":true,"href":"https:\/\/stuttgarti-katolikusok.de\/index.php\/wp-json\/wp\/v2\/media\/26304"}],"wp:attachment":[{"href":"https:\/\/stuttgarti-katolikusok.de\/index.php\/wp-json\/wp\/v2\/media?parent=26303"}],"wp:term":[{"taxonomy":"category","embeddable":true,"href":"https:\/\/stuttgarti-katolikusok.de\/index.php\/wp-json\/wp\/v2\/categories?post=26303"},{"taxonomy":"post_tag","embeddable":true,"href":"https:\/\/stuttgarti-katolikusok.de\/index.php\/wp-json\/wp\/v2\/tags?post=26303"}],"curies":[{"name":"wp","href":"https:\/\/api.w.org\/{rel}","templated":true}]}}