{"id":26293,"date":"2023-02-14T01:35:39","date_gmt":"2023-02-14T00:35:39","guid":{"rendered":"https:\/\/stuttgarti-katolikusok.de\/?p=26293"},"modified":"2023-02-16T09:26:14","modified_gmt":"2023-02-16T08:26:14","slug":"hazassag-hete-letezik-e-tartos-szeretetkapcsolat","status":"publish","type":"post","link":"https:\/\/stuttgarti-katolikusok.de\/index.php\/hazassag-hete-letezik-e-tartos-szeretetkapcsolat\/","title":{"rendered":"H\u00e1zass\u00e1g hete: L\u00e9tezik-e tart\u00f3s szeretetkapcsolat?"},"content":{"rendered":"<div class=\"bee-row bee-row-2\">\n<div class=\"bee-row-content\">\n<div class=\"bee-col bee-col-1 bee-col-w12\">\n<div class=\"bee-block bee-block-2 bee-text\">\n<div class=\"bee-text-content\">\n<p><span style=\"color: #ff6600;\">1. T\u00c9MA:<\/span><\/p>\n<p><span style=\"color: #ff6600;\"><strong>L\u00e9tezik-e tart\u00f3s szeretetkapcsolat?<\/strong><\/span><\/p>\n<p>Szeretet, szerelem v\u00e1ltoz\u00e1sai<\/p>\n<p><span style=\"color: #ff6600;\"><em>Sz\u00e1szi Bal\u00e1zs \u00e9s Sz\u00e1szin\u00e9 Feh\u00e9rv\u00e1ry Anik\u00f3<\/em><\/span><\/p>\n<\/div>\n<\/div>\n<\/div>\n<\/div>\n<\/div>\n<div class=\"bee-row bee-row-3\">\n<div class=\"bee-row-content\">\n<div class=\"bee-col bee-col-1 bee-col-w12\">\n<div class=\"bee-block bee-block-1 bee-text\">\n<div class=\"bee-text-content\">\n<p><strong>Hogyan alakul a p\u00e1rkapcsolatban a szerelem, a szeretet? Mik\u00e9nt v\u00e1ltozhat?<\/strong>\u00a0<strong>Ezekr\u0151l a k\u00e9rd\u00e9sekr\u0151l besz\u00e9lgettem Sz\u00e1szi Bal\u00e1zs \u00e9s Sz\u00e1szin\u00e9 Feh\u00e9rv\u00e1ry Anik\u00f3 csal\u00e1dterapeuta h\u00e1zasp\u00e1rral.<\/strong><\/p>\n<p><strong>Anik\u00f3:\u00a0<\/strong>Egy modell szerint p\u00e1rhuzam van az anya-gyermek kapcsolat \u00e9s a p\u00e1rkapcsolat k\u00f6z\u00f6tt. Ugyanis a p\u00e1rkapcsolat elej\u00e9n is van egy szimbi\u00f3zis, ahogy az anya \u00e9s a gyerek k\u00f6z\u00f6tt is. Ebben az id\u0151szakban nagyon azonosan gondolkodunk egym\u00e1sr\u00f3l, a vil\u00e1gr\u00f3l. Szinte \u00e9szre se vessz\u00fck a k\u00fcl\u00f6nb\u00f6z\u0151s\u00e9geket.<br \/>\nA hangs\u00faly az egys\u00e9gen van. Ez sz\u00fcks\u00e9ges is a k\u00f6z\u00f6ss\u00e9g\u00fcnk megalapoz\u00e1s\u00e1hoz. K\u00e9s\u0151bb, a kisgyermek eltotyog az \u00e9desanyj\u00e1t\u00f3l, hogy a saj\u00e1t erej\u00e9t meg\u00e9lje, kezdi kialak\u00edtani \u00e9rdekl\u0151d\u00e9si k\u00f6r\u00e9t, k\u00e9pess\u00e9geit fejleszti.<\/p>\n<p><strong>A h\u00e1zass\u00e1gban is elk\u00f6vetkezik egy szakasz, amikor a f\u00e9rfi \u00e9s a n\u0151 saj\u00e1t mag\u00e1t pr\u00f3b\u00e1lgatja.<\/strong><\/p>\n<p>Ez a fajta term\u00e9szetes differenci\u00e1l\u00f3d\u00e1s ijeszt\u0151en hathat a t\u00e1rsakra, mert konfliktusokat sz\u00fcl, \u00fajfajta egyeztet\u00e9sekre van sz\u00fcks\u00e9g. Kifejez\u00e9sre ker\u00fclnek a szem\u00e9lyes ig\u00e9nyeik.\u00a0A k\u00e9rd\u00e9s: ebben a szakaszban tudunk-e egym\u00e1snak t\u00e1maszai lenni.<\/p>\n<p>Mindenki t\u00fckr\u00f6t tart sz\u00e1munkra. A kisgyermeknek m\u00e9g az anyja a t\u00fck\u00f6r, a kamasznak m\u00e1r a vil\u00e1g.<br \/>\nA dolgoz\u00f3 anya m\u00e1s t\u00fckr\u00f6t kap a munkahely\u00e9t\u0151l, ahol j\u00f3l \u00f6lt\u00f6z\u00f6tt, prec\u00edz, m\u00edg otthon a f\u00e9rj a kiss\u00e9 sz\u00e9tesett, pongyol\u00e1s feles\u00e9g arc\u00e1t l\u00e1tja. Az \u00e9vek m\u00fal\u00e1s\u00e1val k\u00edv\u00e1natos, hogy az egys\u00e9g n\u00f6vekedjen a h\u00e1zasp\u00e1rok k\u00f6z\u00f6tt, \u00edgy tudnak egy\u00fctt maradni. Ezt a hossz\u00fa folyamatot tark\u00edtj\u00e1k az \u00e9letciklusok: kisgyermekek nevel\u00e9se, kamaszkori probl\u00e9m\u00e1k, \u00fcres f\u00e9szek szindr\u00f3ma, sz\u00fcl\u0151k elm\u00fal\u00e1sa, stb.<br \/>\nA kapcsolatot megterhel\u0151 esem\u00e9nyek k\u00f6zepette a k\u00fcl\u00f6nb\u00f6z\u0151 szerepeinkkel (anya, feles\u00e9g, apa, munkav\u00e1llal\u00f3, stb.) is zsongl\u0151rk\u00f6d\u00fcnk. Mindegyik szerep\u00fcnket t\u00e1pl\u00e1lni kell, att\u00f3l f\u00fcgg\u0151en, melyik, mikor, mennyit k\u00edv\u00e1n t\u0151l\u00fcnk. P\u00e9ld\u00e1ul a kisgyermeket nevel\u0151 csal\u00e1dn\u00e1l az anya szerepe nagyon jelent\u0151s, sok energi\u00e1t ig\u00e9nyel, emiatt gyeng\u00fcl a p\u00e1rkapcsolati szerepe.<\/p>\n<p>Egy csal\u00e1dban sz\u00fcks\u00e9g van mindk\u00e9t sz\u00fcl\u0151re, a figyelm\u00fckre, az energi\u00e1jukra. Id\u0151ben \u00e9szre kell venni, ha t\u00fals\u00falyba ker\u00fcl p\u00e9ld\u00e1ul az anya figyelme a gyerekekre. Szerepekkel zs\u00fafolt \u00e9letet \u00e9l\u00fcnk, beleadunk apait-anyait, ennek ellen\u00e9re m\u00e9gis elromolhat valami. Ha nem kapunk meg valamit a m\u00e1sikt\u00f3l, akkor hib\u00e1ztatjuk egym\u00e1st.<\/p>\n<p><strong>\u00c9rdemes id\u0151ben megtanulni, hogy az egym\u00e1st v\u00e1dol\u00f3 konfliktusok m\u00e9ly\u00edtik a neh\u00e9zs\u00e9geket. Ha hib\u00e1ztatok, akkor er\u0151sebbnek \u00e9rzem magam. Ellenben, ha a neh\u00e9zs\u00e9geimr\u0151l, f\u00e1jdalmaimr\u00f3l besz\u00e9lek, akkor kiszolg\u00e1ltatott\u00e1 v\u00e1lok.<\/strong>\u00a0<strong>Sz\u00fcks\u00e9ges, hogy megtanuljunk kommunik\u00e1lni az ig\u00e9nyeinkr\u0151l, k\u00e9pesek legy\u00fcnk v\u00e1llalni a kiszolg\u00e1ltatotts\u00e1got a m\u00e1sik el\u0151tt. Ha csak a saj\u00e1t f\u00e1jdalmamat fejezem ki, nem t\u00e1madok, akkor a p\u00e1romnak nem kell v\u00e9dekeznie \u00e9s kifejezheti az egy\u00fctt\u00e9rz\u00e9s\u00e9t. Sokszor m\u00e1r a m\u00e1sik meg\u00e9rt\u00e9se is el\u00e9g ahhoz, hogy enyh\u00fclj\u00f6n a konfliktus. Persze, ezut\u00e1n sz\u00fcks\u00e9ges kidolgozni egy \u00faj strat\u00e9gi\u00e1t erre a helyzetre. A k\u00f6vetel\u0151z\u00e9s nem ind\u00edtja el a k\u00f6z\u00f6s p\u00e1rbesz\u00e9det.<\/strong><\/p>\n<p><strong>A h\u00e1zass\u00e1gban az \u00e9vek sor\u00e1n a min\u00e9l m\u00e9lyebb egym\u00e1sra hangol\u00f3d\u00e1s a h\u0171s\u00e9g, az elk\u00f6telez\u0151d\u00e9s egyik kulcsa.<\/strong>\u00a0\u00c9rz\u00e9kenyen, folyamatosan csiszol\u00f3dunk egym\u00e1shoz. \u00cdgy lesz eggy\u00e9 a k\u00e9t ember, akiket h\u00e1zasp\u00e1roknak tekint\u00fcnk.<\/p>\n<p><strong>Fontos megeml\u00edteni a szexualit\u00e1st.<\/strong><br \/>\nSok f\u00e9rfi sok n\u0151t \u00e9szrevesz, ez term\u00e9szetes. Amikor m\u00e1r a kellet\u00e9n\u00e9l nagyobb figyelmet szentel egy n\u0151nek, annak h\u00e1tter\u00e9ben egy hi\u00e1nyos p\u00e1rkapcsolat \u00e1ll. A kiegyens\u00falyozott szexu\u00e1lis \u00e9let nagyban hozz\u00e1seg\u00edt ahhoz, hogy ne t\u00f6rt\u00e9njen meg a kifel\u00e9 kacsingat\u00e1s. Ne menek\u00fclj\u00f6n el a t\u00e1rsam el\u0151lem egy m\u00e1sik karj\u00e1ba, vagy a porn\u00f3ba, az alkoholba, a sportba, esetleg a hobbij\u00e1ba! \u00dagy gondolom, erre nem fektetnek nagy hangs\u00falyt a p\u00e1rok. Nem pr\u00f3b\u00e1lnak meg a v\u00e1ltoz\u00e1sra reflekt\u00e1lni, megold\u00e1st keresni. Term\u00e9szetes, hogy a gyermekv\u00e1llal\u00e1sokkal a h\u00e1zas\u00e9let hull\u00e1mz\u00f3. Mindez sokat k\u00f6vetel a f\u00e9rfit\u00f3l. Meg kell tanulnia \u00fagy szab\u00e1lyoznia a saj\u00e1t rendszer\u00e9t, hogy ne az azonnali kiel\u00e9g\u00fcl\u00e9s legyen a c\u00e9l, ne k\u00f6vetel\u0151zz\u00f6n.<br \/>\nA n\u0151 pedig k\u00e9pes legyen a meg\u00e9rt\u00e9sre, ne t\u00e1mad\u00f3k\u00e9nt tekintsen r\u00e1, hanem tudja biztos\u00edtani a meghitts\u00e9get.<br \/>\nA gyermekek megsz\u00fclet\u00e9se ut\u00e1n a szexualit\u00e1ssal biztons\u00e1got tudunk teremteni a feln\u00f6vekv\u0151 gyermekeinknek.<\/p>\n<p><strong>Bal\u00e1zs:<\/strong>\u00a0Nagyobb jelent\u0151s\u00e9ge van elsaj\u00e1t\u00edtani a gyeng\u00e9ds\u00e9get, az intimit\u00e1st, mint az orgazmus alap\u00fa szexualit\u00e1st \u00e9lni. Mondj\u00e1k p\u00e1rok, hogy van a j\u00f3 \u00e9s a gyors szex. Sokszor csak a gyorsra van id\u0151. Lehet, de nagyon fontos, hogy a kett\u0151 kell\u0151 ar\u00e1nyban legyen. A val\u00f3s ig\u00e9nyek kifejez\u00e9s\u00e9t is meg kell tanulni.<\/p>\n<p><strong>Anik\u00f3:<\/strong>\u00a0Igen. Ezzel kapcsolatban elmes\u00e9ln\u00e9k egy k\u00f6zelm\u00faltban t\u00f6rt\u00e9nt \u00e9lm\u00e9ny\u00fcnket.<\/p>\n<p>Hallgattunk egy m\u0171sort, melyben sz\u00f3 volt a b\u00f6jt\u00f6l\u00e9sr\u0151l. Hangs\u00falyozt\u00e1k, hogy ne csak az ev\u00e9sben t\u00f6rt\u00e9njen lemond\u00e1s, hanem b\u00e1rmi olyanban, amiben az embernek fejl\u0151dnie, v\u00e1ltoznia kell. Bal\u00e1zs el\u00e9m \u00e1llt \u00e9s arra tett fogadalmat, hogy ha egy \u00e9rz\u00e9keny gondolatomat osztom meg vele, akkor \u0151 azt nem \u00fcti el tr\u00e9f\u00e1val, ahogyan szokta. Ez nagyon j\u00f3l esett, mert egy m\u00e9ly, bels\u0151 ig\u00e9nyemre pr\u00f3b\u00e1l v\u00e1laszolni. \u00c9n meg arra az elhat\u00e1roz\u00e1sra jutottam, hogy ha \u00e9rz\u00e9keny \u00e1llapotba ker\u00fcl\u00f6k, akkor ne s\u00e9rt\u0151djek meg Bal\u00e1zs tr\u00e9f\u00e1j\u00e1n, hanem vegyem a helyzetet laz\u00e1n. Neki cs\u00f6kkennie, nekem n\u00f6vekednem kell. \u00cdgy, 34 \u00e9vnyi h\u00e1zass\u00e1g ut\u00e1n is tudunk apr\u00f3 kih\u00edv\u00e1sokat adni egym\u00e1snak, ami szerintem izgalmas.<\/p>\n<p><strong>Bal\u00e1zs:\u00a0<\/strong>Egy r\u00e9gi b\u00f6lcsess\u00e9g jutott eszembe. &#8222;<em>Igazs\u00e1g mindenben van, s\u0151t, mindenkinek van igazs\u00e1ga, de egy a fontos, a szeretet.\u201d<\/em>\u00a0Fontos megadni egym\u00e1s sz\u00e1m\u00e1ra az igazs\u00e1got, de amire igaz\u00e1n v\u00e1gyunk, az az igazs\u00e1g felett \u00e1ll\u00f3 szeretet.<\/p>\n<p><em>(K\u00f6sz\u00f6net Vereb Istv\u00e1nnak, a Laudetur K\u00f6z\u00f6ss\u00e9g \u00e9s Kiad\u00f3 vezet\u0151j\u00e9nek a rendelkez\u00e9s\u00fcnkre bocs\u00e1tott t\u00e9m\u00e1k\u00e9rt)<\/em><\/p>\n<\/div>\n<\/div>\n<\/div>\n<\/div>\n<\/div>\n","protected":false},"excerpt":{"rendered":"<p>1. T\u00c9MA: L\u00e9tezik-e tart\u00f3s szeretetkapcsolat? Szeretet, szerelem v\u00e1ltoz\u00e1sai Sz\u00e1szi Bal\u00e1zs \u00e9s Sz\u00e1szin\u00e9 Feh\u00e9rv\u00e1ry Anik\u00f3 Hogyan alakul a p\u00e1rkapcsolatban a szerelem, a szeretet? Mik\u00e9nt v\u00e1ltozhat?\u00a0Ezekr\u0151l a k\u00e9rd\u00e9sekr\u0151l besz\u00e9lgettem Sz\u00e1szi Bal\u00e1zs \u00e9s Sz\u00e1szin\u00e9 Feh\u00e9rv\u00e1ry Anik\u00f3 csal\u00e1dterapeuta h\u00e1zasp\u00e1rral. Anik\u00f3:\u00a0Egy modell szerint p\u00e1rhuzam van az anya-gyermek kapcsolat \u00e9s a p\u00e1rkapcsolat k\u00f6z\u00f6tt. Ugyanis a p\u00e1rkapcsolat elej\u00e9n is van egy szimbi\u00f3zis, ahogy az anya \u00e9s a gyerek k\u00f6z\u00f6tt is. Ebben az id\u0151szakban nagyon azonosan gondolkodunk egym\u00e1sr\u00f3l, a vil\u00e1gr\u00f3l. Szinte \u00e9szre se vessz\u00fck a k\u00fcl\u00f6nb\u00f6z\u0151s\u00e9geket. A hangs\u00faly az egys\u00e9gen van. Ez sz\u00fcks\u00e9ges is a k\u00f6z\u00f6ss\u00e9g\u00fcnk megalapoz\u00e1s\u00e1hoz. K\u00e9s\u0151bb, a kisgyermek eltotyog az \u00e9desanyj\u00e1t\u00f3l, hogy a saj\u00e1t erej\u00e9t meg\u00e9lje, kezdi kialak\u00edtani \u00e9rdekl\u0151d\u00e9si k\u00f6r\u00e9t, k\u00e9pess\u00e9geit fejleszti. A h\u00e1zass\u00e1gban is elk\u00f6vetkezik egy szakasz, amikor a f\u00e9rfi \u00e9s a n\u0151 saj\u00e1t mag\u00e1t pr\u00f3b\u00e1lgatja. Ez a fajta term\u00e9szetes differenci\u00e1l\u00f3d\u00e1s ijeszt\u0151en hathat a t\u00e1rsakra, mert konfliktusokat sz\u00fcl, \u00fajfajta egyeztet\u00e9sekre van sz\u00fcks\u00e9g. Kifejez\u00e9sre ker\u00fclnek a szem\u00e9lyes ig\u00e9nyeik.\u00a0A k\u00e9rd\u00e9s: ebben a szakaszban tudunk-e egym\u00e1snak t\u00e1maszai lenni. Mindenki t\u00fckr\u00f6t tart sz\u00e1munkra. A kisgyermeknek m\u00e9g az anyja a t\u00fck\u00f6r, a kamasznak m\u00e1r a vil\u00e1g. A dolgoz\u00f3 anya m\u00e1s t\u00fckr\u00f6t kap a munkahely\u00e9t\u0151l, ahol j\u00f3l \u00f6lt\u00f6z\u00f6tt, prec\u00edz, m\u00edg otthon a f\u00e9rj a kiss\u00e9 sz\u00e9tesett, pongyol\u00e1s feles\u00e9g arc\u00e1t l\u00e1tja. Az \u00e9vek m\u00fal\u00e1s\u00e1val k\u00edv\u00e1natos, hogy az egys\u00e9g n\u00f6vekedjen a h\u00e1zasp\u00e1rok k\u00f6z\u00f6tt, \u00edgy tudnak egy\u00fctt maradni. Ezt a hossz\u00fa folyamatot tark\u00edtj\u00e1k az \u00e9letciklusok: kisgyermekek nevel\u00e9se, kamaszkori probl\u00e9m\u00e1k, \u00fcres f\u00e9szek szindr\u00f3ma, sz\u00fcl\u0151k elm\u00fal\u00e1sa, stb. A kapcsolatot megterhel\u0151 esem\u00e9nyek k\u00f6zepette a k\u00fcl\u00f6nb\u00f6z\u0151 szerepeinkkel (anya, feles\u00e9g, apa, munkav\u00e1llal\u00f3, stb.) is zsongl\u0151rk\u00f6d\u00fcnk. Mindegyik szerep\u00fcnket t\u00e1pl\u00e1lni kell, att\u00f3l f\u00fcgg\u0151en, melyik, mikor, mennyit k\u00edv\u00e1n t\u0151l\u00fcnk. P\u00e9ld\u00e1ul a kisgyermeket nevel\u0151 csal\u00e1dn\u00e1l az anya szerepe nagyon jelent\u0151s, sok energi\u00e1t ig\u00e9nyel, emiatt gyeng\u00fcl a p\u00e1rkapcsolati szerepe. Egy csal\u00e1dban sz\u00fcks\u00e9g van mindk\u00e9t sz\u00fcl\u0151re, a figyelm\u00fckre, az energi\u00e1jukra. Id\u0151ben \u00e9szre kell venni, ha t\u00fals\u00falyba ker\u00fcl p\u00e9ld\u00e1ul az anya figyelme a gyerekekre. Szerepekkel zs\u00fafolt \u00e9letet \u00e9l\u00fcnk, beleadunk apait-anyait, ennek ellen\u00e9re m\u00e9gis elromolhat valami. Ha&#8230; <\/p>\n<p><a class=\"readmore\" href=\"https:\/\/stuttgarti-katolikusok.de\/index.php\/hazassag-hete-letezik-e-tartos-szeretetkapcsolat\/\">R\u00e9szletek<\/a><\/p>\n","protected":false},"author":3,"featured_media":26297,"comment_status":"closed","ping_status":"closed","sticky":false,"template":"","format":"standard","meta":{"footnotes":""},"categories":[1],"tags":[],"class_list":["post-26293","post","type-post","status-publish","format-standard","has-post-thumbnail","hentry","category-valogatott"],"yoast_head":"<!-- This site is optimized with the Yoast SEO plugin v27.3 - https:\/\/yoast.com\/product\/yoast-seo-wordpress\/ -->\n<title>H\u00e1zass\u00e1g hete: L\u00e9tezik-e tart\u00f3s szeretetkapcsolat? - Stuttgarti Katolikusok<\/title>\n<meta name=\"robots\" content=\"index, follow, max-snippet:-1, max-image-preview:large, max-video-preview:-1\" \/>\n<link rel=\"canonical\" href=\"https:\/\/stuttgarti-katolikusok.de\/index.php\/hazassag-hete-letezik-e-tartos-szeretetkapcsolat\/\" \/>\n<meta property=\"og:locale\" content=\"hu_HU\" \/>\n<meta property=\"og:type\" content=\"article\" \/>\n<meta property=\"og:title\" content=\"H\u00e1zass\u00e1g hete: L\u00e9tezik-e tart\u00f3s szeretetkapcsolat? - Stuttgarti Katolikusok\" \/>\n<meta property=\"og:description\" content=\"1. T\u00c9MA: L\u00e9tezik-e tart\u00f3s szeretetkapcsolat? Szeretet, szerelem v\u00e1ltoz\u00e1sai Sz\u00e1szi Bal\u00e1zs \u00e9s Sz\u00e1szin\u00e9 Feh\u00e9rv\u00e1ry Anik\u00f3 Hogyan alakul a p\u00e1rkapcsolatban a szerelem, a szeretet? Mik\u00e9nt v\u00e1ltozhat?\u00a0Ezekr\u0151l a k\u00e9rd\u00e9sekr\u0151l besz\u00e9lgettem Sz\u00e1szi Bal\u00e1zs \u00e9s Sz\u00e1szin\u00e9 Feh\u00e9rv\u00e1ry Anik\u00f3 csal\u00e1dterapeuta h\u00e1zasp\u00e1rral. Anik\u00f3:\u00a0Egy modell szerint p\u00e1rhuzam van az anya-gyermek kapcsolat \u00e9s a p\u00e1rkapcsolat k\u00f6z\u00f6tt. Ugyanis a p\u00e1rkapcsolat elej\u00e9n is van egy szimbi\u00f3zis, ahogy az anya \u00e9s a gyerek k\u00f6z\u00f6tt is. Ebben az id\u0151szakban nagyon azonosan gondolkodunk egym\u00e1sr\u00f3l, a vil\u00e1gr\u00f3l. Szinte \u00e9szre se vessz\u00fck a k\u00fcl\u00f6nb\u00f6z\u0151s\u00e9geket. A hangs\u00faly az egys\u00e9gen van. Ez sz\u00fcks\u00e9ges is a k\u00f6z\u00f6ss\u00e9g\u00fcnk megalapoz\u00e1s\u00e1hoz. K\u00e9s\u0151bb, a kisgyermek eltotyog az \u00e9desanyj\u00e1t\u00f3l, hogy a saj\u00e1t erej\u00e9t meg\u00e9lje, kezdi kialak\u00edtani \u00e9rdekl\u0151d\u00e9si k\u00f6r\u00e9t, k\u00e9pess\u00e9geit fejleszti. A h\u00e1zass\u00e1gban is elk\u00f6vetkezik egy szakasz, amikor a f\u00e9rfi \u00e9s a n\u0151 saj\u00e1t mag\u00e1t pr\u00f3b\u00e1lgatja. Ez a fajta term\u00e9szetes differenci\u00e1l\u00f3d\u00e1s ijeszt\u0151en hathat a t\u00e1rsakra, mert konfliktusokat sz\u00fcl, \u00fajfajta egyeztet\u00e9sekre van sz\u00fcks\u00e9g. Kifejez\u00e9sre ker\u00fclnek a szem\u00e9lyes ig\u00e9nyeik.\u00a0A k\u00e9rd\u00e9s: ebben a szakaszban tudunk-e egym\u00e1snak t\u00e1maszai lenni. Mindenki t\u00fckr\u00f6t tart sz\u00e1munkra. A kisgyermeknek m\u00e9g az anyja a t\u00fck\u00f6r, a kamasznak m\u00e1r a vil\u00e1g. A dolgoz\u00f3 anya m\u00e1s t\u00fckr\u00f6t kap a munkahely\u00e9t\u0151l, ahol j\u00f3l \u00f6lt\u00f6z\u00f6tt, prec\u00edz, m\u00edg otthon a f\u00e9rj a kiss\u00e9 sz\u00e9tesett, pongyol\u00e1s feles\u00e9g arc\u00e1t l\u00e1tja. Az \u00e9vek m\u00fal\u00e1s\u00e1val k\u00edv\u00e1natos, hogy az egys\u00e9g n\u00f6vekedjen a h\u00e1zasp\u00e1rok k\u00f6z\u00f6tt, \u00edgy tudnak egy\u00fctt maradni. Ezt a hossz\u00fa folyamatot tark\u00edtj\u00e1k az \u00e9letciklusok: kisgyermekek nevel\u00e9se, kamaszkori probl\u00e9m\u00e1k, \u00fcres f\u00e9szek szindr\u00f3ma, sz\u00fcl\u0151k elm\u00fal\u00e1sa, stb. A kapcsolatot megterhel\u0151 esem\u00e9nyek k\u00f6zepette a k\u00fcl\u00f6nb\u00f6z\u0151 szerepeinkkel (anya, feles\u00e9g, apa, munkav\u00e1llal\u00f3, stb.) is zsongl\u0151rk\u00f6d\u00fcnk. Mindegyik szerep\u00fcnket t\u00e1pl\u00e1lni kell, att\u00f3l f\u00fcgg\u0151en, melyik, mikor, mennyit k\u00edv\u00e1n t\u0151l\u00fcnk. P\u00e9ld\u00e1ul a kisgyermeket nevel\u0151 csal\u00e1dn\u00e1l az anya szerepe nagyon jelent\u0151s, sok energi\u00e1t ig\u00e9nyel, emiatt gyeng\u00fcl a p\u00e1rkapcsolati szerepe. Egy csal\u00e1dban sz\u00fcks\u00e9g van mindk\u00e9t sz\u00fcl\u0151re, a figyelm\u00fckre, az energi\u00e1jukra. Id\u0151ben \u00e9szre kell venni, ha t\u00fals\u00falyba ker\u00fcl p\u00e9ld\u00e1ul az anya figyelme a gyerekekre. Szerepekkel zs\u00fafolt \u00e9letet \u00e9l\u00fcnk, beleadunk apait-anyait, ennek ellen\u00e9re m\u00e9gis elromolhat valami. Ha... R\u00e9szletek\" \/>\n<meta property=\"og:url\" content=\"https:\/\/stuttgarti-katolikusok.de\/index.php\/hazassag-hete-letezik-e-tartos-szeretetkapcsolat\/\" \/>\n<meta property=\"og:site_name\" content=\"Stuttgarti Katolikusok\" \/>\n<meta property=\"article:published_time\" content=\"2023-02-14T00:35:39+00:00\" \/>\n<meta property=\"article:modified_time\" content=\"2023-02-16T08:26:14+00:00\" \/>\n<meta property=\"og:image\" content=\"https:\/\/stuttgarti-katolikusok.de\/wp-content\/uploads\/2023\/02\/hazassag-hete-fb-logo.jpg\" \/>\n\t<meta property=\"og:image:width\" content=\"1451\" \/>\n\t<meta property=\"og:image:height\" content=\"857\" \/>\n\t<meta property=\"og:image:type\" content=\"image\/jpeg\" \/>\n<meta name=\"author\" content=\"Tibor atya\" \/>\n<meta name=\"twitter:card\" content=\"summary_large_image\" \/>\n<meta name=\"twitter:label1\" content=\"Szerz\u0151:\" \/>\n\t<meta name=\"twitter:data1\" content=\"Tibor atya\" \/>\n\t<meta name=\"twitter:label2\" content=\"Becs\u00fclt olvas\u00e1si id\u0151\" \/>\n\t<meta name=\"twitter:data2\" content=\"5 perc\" \/>\n<script type=\"application\/ld+json\" class=\"yoast-schema-graph\">{\"@context\":\"https:\\\/\\\/schema.org\",\"@graph\":[{\"@type\":\"Article\",\"@id\":\"https:\\\/\\\/stuttgarti-katolikusok.de\\\/index.php\\\/hazassag-hete-letezik-e-tartos-szeretetkapcsolat\\\/#article\",\"isPartOf\":{\"@id\":\"https:\\\/\\\/stuttgarti-katolikusok.de\\\/index.php\\\/hazassag-hete-letezik-e-tartos-szeretetkapcsolat\\\/\"},\"author\":{\"name\":\"Tibor atya\",\"@id\":\"https:\\\/\\\/stuttgarti-katolikusok.de\\\/#\\\/schema\\\/person\\\/75908d6f8fdc03a57889d27209df7795\"},\"headline\":\"H\u00e1zass\u00e1g hete: L\u00e9tezik-e tart\u00f3s szeretetkapcsolat?\",\"datePublished\":\"2023-02-14T00:35:39+00:00\",\"dateModified\":\"2023-02-16T08:26:14+00:00\",\"mainEntityOfPage\":{\"@id\":\"https:\\\/\\\/stuttgarti-katolikusok.de\\\/index.php\\\/hazassag-hete-letezik-e-tartos-szeretetkapcsolat\\\/\"},\"wordCount\":1215,\"image\":{\"@id\":\"https:\\\/\\\/stuttgarti-katolikusok.de\\\/index.php\\\/hazassag-hete-letezik-e-tartos-szeretetkapcsolat\\\/#primaryimage\"},\"thumbnailUrl\":\"https:\\\/\\\/stuttgarti-katolikusok.de\\\/wp-content\\\/uploads\\\/2023\\\/02\\\/hazassag-hete-fb-logo.jpg\",\"articleSection\":[\"V\u00e1logatott \u00edr\u00e1sok\"],\"inLanguage\":\"hu\"},{\"@type\":\"WebPage\",\"@id\":\"https:\\\/\\\/stuttgarti-katolikusok.de\\\/index.php\\\/hazassag-hete-letezik-e-tartos-szeretetkapcsolat\\\/\",\"url\":\"https:\\\/\\\/stuttgarti-katolikusok.de\\\/index.php\\\/hazassag-hete-letezik-e-tartos-szeretetkapcsolat\\\/\",\"name\":\"H\u00e1zass\u00e1g hete: L\u00e9tezik-e tart\u00f3s szeretetkapcsolat? - Stuttgarti Katolikusok\",\"isPartOf\":{\"@id\":\"https:\\\/\\\/stuttgarti-katolikusok.de\\\/#website\"},\"primaryImageOfPage\":{\"@id\":\"https:\\\/\\\/stuttgarti-katolikusok.de\\\/index.php\\\/hazassag-hete-letezik-e-tartos-szeretetkapcsolat\\\/#primaryimage\"},\"image\":{\"@id\":\"https:\\\/\\\/stuttgarti-katolikusok.de\\\/index.php\\\/hazassag-hete-letezik-e-tartos-szeretetkapcsolat\\\/#primaryimage\"},\"thumbnailUrl\":\"https:\\\/\\\/stuttgarti-katolikusok.de\\\/wp-content\\\/uploads\\\/2023\\\/02\\\/hazassag-hete-fb-logo.jpg\",\"datePublished\":\"2023-02-14T00:35:39+00:00\",\"dateModified\":\"2023-02-16T08:26:14+00:00\",\"author\":{\"@id\":\"https:\\\/\\\/stuttgarti-katolikusok.de\\\/#\\\/schema\\\/person\\\/75908d6f8fdc03a57889d27209df7795\"},\"breadcrumb\":{\"@id\":\"https:\\\/\\\/stuttgarti-katolikusok.de\\\/index.php\\\/hazassag-hete-letezik-e-tartos-szeretetkapcsolat\\\/#breadcrumb\"},\"inLanguage\":\"hu\",\"potentialAction\":[{\"@type\":\"ReadAction\",\"target\":[\"https:\\\/\\\/stuttgarti-katolikusok.de\\\/index.php\\\/hazassag-hete-letezik-e-tartos-szeretetkapcsolat\\\/\"]}]},{\"@type\":\"ImageObject\",\"inLanguage\":\"hu\",\"@id\":\"https:\\\/\\\/stuttgarti-katolikusok.de\\\/index.php\\\/hazassag-hete-letezik-e-tartos-szeretetkapcsolat\\\/#primaryimage\",\"url\":\"https:\\\/\\\/stuttgarti-katolikusok.de\\\/wp-content\\\/uploads\\\/2023\\\/02\\\/hazassag-hete-fb-logo.jpg\",\"contentUrl\":\"https:\\\/\\\/stuttgarti-katolikusok.de\\\/wp-content\\\/uploads\\\/2023\\\/02\\\/hazassag-hete-fb-logo.jpg\",\"width\":1451,\"height\":857},{\"@type\":\"BreadcrumbList\",\"@id\":\"https:\\\/\\\/stuttgarti-katolikusok.de\\\/index.php\\\/hazassag-hete-letezik-e-tartos-szeretetkapcsolat\\\/#breadcrumb\",\"itemListElement\":[{\"@type\":\"ListItem\",\"position\":1,\"name\":\"Kezd\u0151lap\",\"item\":\"https:\\\/\\\/stuttgarti-katolikusok.de\\\/\"},{\"@type\":\"ListItem\",\"position\":2,\"name\":\"H\u00e1zass\u00e1g hete: L\u00e9tezik-e tart\u00f3s szeretetkapcsolat?\"}]},{\"@type\":\"WebSite\",\"@id\":\"https:\\\/\\\/stuttgarti-katolikusok.de\\\/#website\",\"url\":\"https:\\\/\\\/stuttgarti-katolikusok.de\\\/\",\"name\":\"Stuttgarti Katolikusok\",\"description\":\"\",\"potentialAction\":[{\"@type\":\"SearchAction\",\"target\":{\"@type\":\"EntryPoint\",\"urlTemplate\":\"https:\\\/\\\/stuttgarti-katolikusok.de\\\/?s={search_term_string}\"},\"query-input\":{\"@type\":\"PropertyValueSpecification\",\"valueRequired\":true,\"valueName\":\"search_term_string\"}}],\"inLanguage\":\"hu\"},{\"@type\":\"Person\",\"@id\":\"https:\\\/\\\/stuttgarti-katolikusok.de\\\/#\\\/schema\\\/person\\\/75908d6f8fdc03a57889d27209df7795\",\"name\":\"Tibor atya\",\"image\":{\"@type\":\"ImageObject\",\"inLanguage\":\"hu\",\"@id\":\"https:\\\/\\\/secure.gravatar.com\\\/avatar\\\/61d268e57d1f4525b111222e29d2d5a7f8c420fdbf231ba5566a8ceac74fa960?s=96&d=mm&r=g\",\"url\":\"https:\\\/\\\/secure.gravatar.com\\\/avatar\\\/61d268e57d1f4525b111222e29d2d5a7f8c420fdbf231ba5566a8ceac74fa960?s=96&d=mm&r=g\",\"contentUrl\":\"https:\\\/\\\/secure.gravatar.com\\\/avatar\\\/61d268e57d1f4525b111222e29d2d5a7f8c420fdbf231ba5566a8ceac74fa960?s=96&d=mm&r=g\",\"caption\":\"Tibor atya\"},\"url\":\"https:\\\/\\\/stuttgarti-katolikusok.de\\\/index.php\\\/author\\\/tibor-atya\\\/\"}]}<\/script>\n<!-- \/ Yoast SEO plugin. -->","yoast_head_json":{"title":"H\u00e1zass\u00e1g hete: L\u00e9tezik-e tart\u00f3s szeretetkapcsolat? - Stuttgarti Katolikusok","robots":{"index":"index","follow":"follow","max-snippet":"max-snippet:-1","max-image-preview":"max-image-preview:large","max-video-preview":"max-video-preview:-1"},"canonical":"https:\/\/stuttgarti-katolikusok.de\/index.php\/hazassag-hete-letezik-e-tartos-szeretetkapcsolat\/","og_locale":"hu_HU","og_type":"article","og_title":"H\u00e1zass\u00e1g hete: L\u00e9tezik-e tart\u00f3s szeretetkapcsolat? - Stuttgarti Katolikusok","og_description":"1. T\u00c9MA: L\u00e9tezik-e tart\u00f3s szeretetkapcsolat? Szeretet, szerelem v\u00e1ltoz\u00e1sai Sz\u00e1szi Bal\u00e1zs \u00e9s Sz\u00e1szin\u00e9 Feh\u00e9rv\u00e1ry Anik\u00f3 Hogyan alakul a p\u00e1rkapcsolatban a szerelem, a szeretet? Mik\u00e9nt v\u00e1ltozhat?\u00a0Ezekr\u0151l a k\u00e9rd\u00e9sekr\u0151l besz\u00e9lgettem Sz\u00e1szi Bal\u00e1zs \u00e9s Sz\u00e1szin\u00e9 Feh\u00e9rv\u00e1ry Anik\u00f3 csal\u00e1dterapeuta h\u00e1zasp\u00e1rral. Anik\u00f3:\u00a0Egy modell szerint p\u00e1rhuzam van az anya-gyermek kapcsolat \u00e9s a p\u00e1rkapcsolat k\u00f6z\u00f6tt. Ugyanis a p\u00e1rkapcsolat elej\u00e9n is van egy szimbi\u00f3zis, ahogy az anya \u00e9s a gyerek k\u00f6z\u00f6tt is. Ebben az id\u0151szakban nagyon azonosan gondolkodunk egym\u00e1sr\u00f3l, a vil\u00e1gr\u00f3l. Szinte \u00e9szre se vessz\u00fck a k\u00fcl\u00f6nb\u00f6z\u0151s\u00e9geket. A hangs\u00faly az egys\u00e9gen van. Ez sz\u00fcks\u00e9ges is a k\u00f6z\u00f6ss\u00e9g\u00fcnk megalapoz\u00e1s\u00e1hoz. K\u00e9s\u0151bb, a kisgyermek eltotyog az \u00e9desanyj\u00e1t\u00f3l, hogy a saj\u00e1t erej\u00e9t meg\u00e9lje, kezdi kialak\u00edtani \u00e9rdekl\u0151d\u00e9si k\u00f6r\u00e9t, k\u00e9pess\u00e9geit fejleszti. A h\u00e1zass\u00e1gban is elk\u00f6vetkezik egy szakasz, amikor a f\u00e9rfi \u00e9s a n\u0151 saj\u00e1t mag\u00e1t pr\u00f3b\u00e1lgatja. Ez a fajta term\u00e9szetes differenci\u00e1l\u00f3d\u00e1s ijeszt\u0151en hathat a t\u00e1rsakra, mert konfliktusokat sz\u00fcl, \u00fajfajta egyeztet\u00e9sekre van sz\u00fcks\u00e9g. Kifejez\u00e9sre ker\u00fclnek a szem\u00e9lyes ig\u00e9nyeik.\u00a0A k\u00e9rd\u00e9s: ebben a szakaszban tudunk-e egym\u00e1snak t\u00e1maszai lenni. Mindenki t\u00fckr\u00f6t tart sz\u00e1munkra. A kisgyermeknek m\u00e9g az anyja a t\u00fck\u00f6r, a kamasznak m\u00e1r a vil\u00e1g. A dolgoz\u00f3 anya m\u00e1s t\u00fckr\u00f6t kap a munkahely\u00e9t\u0151l, ahol j\u00f3l \u00f6lt\u00f6z\u00f6tt, prec\u00edz, m\u00edg otthon a f\u00e9rj a kiss\u00e9 sz\u00e9tesett, pongyol\u00e1s feles\u00e9g arc\u00e1t l\u00e1tja. Az \u00e9vek m\u00fal\u00e1s\u00e1val k\u00edv\u00e1natos, hogy az egys\u00e9g n\u00f6vekedjen a h\u00e1zasp\u00e1rok k\u00f6z\u00f6tt, \u00edgy tudnak egy\u00fctt maradni. Ezt a hossz\u00fa folyamatot tark\u00edtj\u00e1k az \u00e9letciklusok: kisgyermekek nevel\u00e9se, kamaszkori probl\u00e9m\u00e1k, \u00fcres f\u00e9szek szindr\u00f3ma, sz\u00fcl\u0151k elm\u00fal\u00e1sa, stb. A kapcsolatot megterhel\u0151 esem\u00e9nyek k\u00f6zepette a k\u00fcl\u00f6nb\u00f6z\u0151 szerepeinkkel (anya, feles\u00e9g, apa, munkav\u00e1llal\u00f3, stb.) is zsongl\u0151rk\u00f6d\u00fcnk. Mindegyik szerep\u00fcnket t\u00e1pl\u00e1lni kell, att\u00f3l f\u00fcgg\u0151en, melyik, mikor, mennyit k\u00edv\u00e1n t\u0151l\u00fcnk. P\u00e9ld\u00e1ul a kisgyermeket nevel\u0151 csal\u00e1dn\u00e1l az anya szerepe nagyon jelent\u0151s, sok energi\u00e1t ig\u00e9nyel, emiatt gyeng\u00fcl a p\u00e1rkapcsolati szerepe. Egy csal\u00e1dban sz\u00fcks\u00e9g van mindk\u00e9t sz\u00fcl\u0151re, a figyelm\u00fckre, az energi\u00e1jukra. Id\u0151ben \u00e9szre kell venni, ha t\u00fals\u00falyba ker\u00fcl p\u00e9ld\u00e1ul az anya figyelme a gyerekekre. Szerepekkel zs\u00fafolt \u00e9letet \u00e9l\u00fcnk, beleadunk apait-anyait, ennek ellen\u00e9re m\u00e9gis elromolhat valami. Ha... R\u00e9szletek","og_url":"https:\/\/stuttgarti-katolikusok.de\/index.php\/hazassag-hete-letezik-e-tartos-szeretetkapcsolat\/","og_site_name":"Stuttgarti Katolikusok","article_published_time":"2023-02-14T00:35:39+00:00","article_modified_time":"2023-02-16T08:26:14+00:00","og_image":[{"width":1451,"height":857,"url":"https:\/\/stuttgarti-katolikusok.de\/wp-content\/uploads\/2023\/02\/hazassag-hete-fb-logo.jpg","type":"image\/jpeg"}],"author":"Tibor atya","twitter_card":"summary_large_image","twitter_misc":{"Szerz\u0151:":"Tibor atya","Becs\u00fclt olvas\u00e1si id\u0151":"5 perc"},"schema":{"@context":"https:\/\/schema.org","@graph":[{"@type":"Article","@id":"https:\/\/stuttgarti-katolikusok.de\/index.php\/hazassag-hete-letezik-e-tartos-szeretetkapcsolat\/#article","isPartOf":{"@id":"https:\/\/stuttgarti-katolikusok.de\/index.php\/hazassag-hete-letezik-e-tartos-szeretetkapcsolat\/"},"author":{"name":"Tibor atya","@id":"https:\/\/stuttgarti-katolikusok.de\/#\/schema\/person\/75908d6f8fdc03a57889d27209df7795"},"headline":"H\u00e1zass\u00e1g hete: L\u00e9tezik-e tart\u00f3s szeretetkapcsolat?","datePublished":"2023-02-14T00:35:39+00:00","dateModified":"2023-02-16T08:26:14+00:00","mainEntityOfPage":{"@id":"https:\/\/stuttgarti-katolikusok.de\/index.php\/hazassag-hete-letezik-e-tartos-szeretetkapcsolat\/"},"wordCount":1215,"image":{"@id":"https:\/\/stuttgarti-katolikusok.de\/index.php\/hazassag-hete-letezik-e-tartos-szeretetkapcsolat\/#primaryimage"},"thumbnailUrl":"https:\/\/stuttgarti-katolikusok.de\/wp-content\/uploads\/2023\/02\/hazassag-hete-fb-logo.jpg","articleSection":["V\u00e1logatott \u00edr\u00e1sok"],"inLanguage":"hu"},{"@type":"WebPage","@id":"https:\/\/stuttgarti-katolikusok.de\/index.php\/hazassag-hete-letezik-e-tartos-szeretetkapcsolat\/","url":"https:\/\/stuttgarti-katolikusok.de\/index.php\/hazassag-hete-letezik-e-tartos-szeretetkapcsolat\/","name":"H\u00e1zass\u00e1g hete: L\u00e9tezik-e tart\u00f3s szeretetkapcsolat? - Stuttgarti Katolikusok","isPartOf":{"@id":"https:\/\/stuttgarti-katolikusok.de\/#website"},"primaryImageOfPage":{"@id":"https:\/\/stuttgarti-katolikusok.de\/index.php\/hazassag-hete-letezik-e-tartos-szeretetkapcsolat\/#primaryimage"},"image":{"@id":"https:\/\/stuttgarti-katolikusok.de\/index.php\/hazassag-hete-letezik-e-tartos-szeretetkapcsolat\/#primaryimage"},"thumbnailUrl":"https:\/\/stuttgarti-katolikusok.de\/wp-content\/uploads\/2023\/02\/hazassag-hete-fb-logo.jpg","datePublished":"2023-02-14T00:35:39+00:00","dateModified":"2023-02-16T08:26:14+00:00","author":{"@id":"https:\/\/stuttgarti-katolikusok.de\/#\/schema\/person\/75908d6f8fdc03a57889d27209df7795"},"breadcrumb":{"@id":"https:\/\/stuttgarti-katolikusok.de\/index.php\/hazassag-hete-letezik-e-tartos-szeretetkapcsolat\/#breadcrumb"},"inLanguage":"hu","potentialAction":[{"@type":"ReadAction","target":["https:\/\/stuttgarti-katolikusok.de\/index.php\/hazassag-hete-letezik-e-tartos-szeretetkapcsolat\/"]}]},{"@type":"ImageObject","inLanguage":"hu","@id":"https:\/\/stuttgarti-katolikusok.de\/index.php\/hazassag-hete-letezik-e-tartos-szeretetkapcsolat\/#primaryimage","url":"https:\/\/stuttgarti-katolikusok.de\/wp-content\/uploads\/2023\/02\/hazassag-hete-fb-logo.jpg","contentUrl":"https:\/\/stuttgarti-katolikusok.de\/wp-content\/uploads\/2023\/02\/hazassag-hete-fb-logo.jpg","width":1451,"height":857},{"@type":"BreadcrumbList","@id":"https:\/\/stuttgarti-katolikusok.de\/index.php\/hazassag-hete-letezik-e-tartos-szeretetkapcsolat\/#breadcrumb","itemListElement":[{"@type":"ListItem","position":1,"name":"Kezd\u0151lap","item":"https:\/\/stuttgarti-katolikusok.de\/"},{"@type":"ListItem","position":2,"name":"H\u00e1zass\u00e1g hete: L\u00e9tezik-e tart\u00f3s szeretetkapcsolat?"}]},{"@type":"WebSite","@id":"https:\/\/stuttgarti-katolikusok.de\/#website","url":"https:\/\/stuttgarti-katolikusok.de\/","name":"Stuttgarti Katolikusok","description":"","potentialAction":[{"@type":"SearchAction","target":{"@type":"EntryPoint","urlTemplate":"https:\/\/stuttgarti-katolikusok.de\/?s={search_term_string}"},"query-input":{"@type":"PropertyValueSpecification","valueRequired":true,"valueName":"search_term_string"}}],"inLanguage":"hu"},{"@type":"Person","@id":"https:\/\/stuttgarti-katolikusok.de\/#\/schema\/person\/75908d6f8fdc03a57889d27209df7795","name":"Tibor atya","image":{"@type":"ImageObject","inLanguage":"hu","@id":"https:\/\/secure.gravatar.com\/avatar\/61d268e57d1f4525b111222e29d2d5a7f8c420fdbf231ba5566a8ceac74fa960?s=96&d=mm&r=g","url":"https:\/\/secure.gravatar.com\/avatar\/61d268e57d1f4525b111222e29d2d5a7f8c420fdbf231ba5566a8ceac74fa960?s=96&d=mm&r=g","contentUrl":"https:\/\/secure.gravatar.com\/avatar\/61d268e57d1f4525b111222e29d2d5a7f8c420fdbf231ba5566a8ceac74fa960?s=96&d=mm&r=g","caption":"Tibor atya"},"url":"https:\/\/stuttgarti-katolikusok.de\/index.php\/author\/tibor-atya\/"}]}},"_links":{"self":[{"href":"https:\/\/stuttgarti-katolikusok.de\/index.php\/wp-json\/wp\/v2\/posts\/26293","targetHints":{"allow":["GET"]}}],"collection":[{"href":"https:\/\/stuttgarti-katolikusok.de\/index.php\/wp-json\/wp\/v2\/posts"}],"about":[{"href":"https:\/\/stuttgarti-katolikusok.de\/index.php\/wp-json\/wp\/v2\/types\/post"}],"author":[{"embeddable":true,"href":"https:\/\/stuttgarti-katolikusok.de\/index.php\/wp-json\/wp\/v2\/users\/3"}],"replies":[{"embeddable":true,"href":"https:\/\/stuttgarti-katolikusok.de\/index.php\/wp-json\/wp\/v2\/comments?post=26293"}],"version-history":[{"count":4,"href":"https:\/\/stuttgarti-katolikusok.de\/index.php\/wp-json\/wp\/v2\/posts\/26293\/revisions"}],"predecessor-version":[{"id":26315,"href":"https:\/\/stuttgarti-katolikusok.de\/index.php\/wp-json\/wp\/v2\/posts\/26293\/revisions\/26315"}],"wp:featuredmedia":[{"embeddable":true,"href":"https:\/\/stuttgarti-katolikusok.de\/index.php\/wp-json\/wp\/v2\/media\/26297"}],"wp:attachment":[{"href":"https:\/\/stuttgarti-katolikusok.de\/index.php\/wp-json\/wp\/v2\/media?parent=26293"}],"wp:term":[{"taxonomy":"category","embeddable":true,"href":"https:\/\/stuttgarti-katolikusok.de\/index.php\/wp-json\/wp\/v2\/categories?post=26293"},{"taxonomy":"post_tag","embeddable":true,"href":"https:\/\/stuttgarti-katolikusok.de\/index.php\/wp-json\/wp\/v2\/tags?post=26293"}],"curies":[{"name":"wp","href":"https:\/\/api.w.org\/{rel}","templated":true}]}}