{"id":26288,"date":"2023-02-15T01:13:09","date_gmt":"2023-02-15T00:13:09","guid":{"rendered":"https:\/\/stuttgarti-katolikusok.de\/?p=26288"},"modified":"2023-02-15T11:24:01","modified_gmt":"2023-02-15T10:24:01","slug":"schlachter-ferenc-es-erzsebet-70-eves-hazassagi-evforduloja","status":"publish","type":"post","link":"https:\/\/stuttgarti-katolikusok.de\/index.php\/schlachter-ferenc-es-erzsebet-70-eves-hazassagi-evforduloja\/","title":{"rendered":"Schlachter Ferenc \u00e9s Erzs\u00e9bet 70 \u00e9ves h\u00e1zass\u00e1gi \u00e9vfordul\u00f3ja"},"content":{"rendered":"<p>\u00d6r\u00f6mmel \u00e9s nagy v\u00e1rakoz\u00e1ssal k\u00e9sz\u00fclt\u00fcnk Biberachban\u00a0 a h\u00f3nap m\u00e1sodik szombatj\u00e1n k\u00f6z\u00f6ss\u00e9gi szentmis\u00e9nkre.<\/p>\n<p>Egyr\u00e9szt \u00f6r\u00fclt\u00fcnk, hogy ha csak ez alkalommal, de visszat\u00e9rhett\u00fcnk a Spitalkirche-be. Oda, ahol eg\u00e9szen a koronav\u00edrus j\u00e1rv\u00e1ny kezdet\u00e9ig rendszeresen otthonra lelt\u00fcnk.<\/p>\n<p>M\u00e1sr\u00e9szt k\u00e9sz\u00fclt\u00fcnk mi is, hogy a szentmise keret\u00e9ben k\u00f6sz\u00f6nthess\u00fck Schlachter Feri b\u00e1csit \u00e9s kedves feles\u00e9g\u00e9t, Erzsike n\u00e9nit 70 \u00e9ves h\u00e1zass\u00e1gi \u00e9vfordul\u00f3juk alkalm\u00e1val.<\/p>\n<p><strong><em>Kegyelmi lakodalom<\/em><\/strong> e k\u00fcl\u00f6n\u00f6s h\u00e1zass\u00e1gi \u00e9vfordul\u00f3 megnevez\u00e9se. N\u00e9h\u00e1ny nappal kor\u00e1bban, azaz febru\u00e1r 8-\u00e1n Biberach v\u00e1ros polg\u00e1rmestere szem\u00e9lyesen k\u00f6sz\u00f6nt\u00f6tte \u0151ket. Ugyanis 1953. febru\u00e1r 8-\u00e1n k\u00f6t\u00f6ttek h\u00e1zass\u00e1got a Szatm\u00e1rn\u00e9metit\u0151l mintegy 20 km-re fekv\u0151 Gilv\u00e1cson.<\/p>\n<p>Term\u00e9szetes volt teh\u00e1t, hogy ez a szentmise szombaton a h\u00e1laad\u00e1s \u00e9s k\u00f6sz\u00f6net kegyelmi \u00f3r\u00e1ja volt. Feri b\u00e1csi 99, m\u00edg Erzsike n\u00e9ni 89 \u00e9ves. Mindannyiunkat, akik jelen voltunk \u00e9s r\u00e9szt vett\u00fcnk ez \u00fcnnepen, k\u00fcl\u00f6n\u00f6s \u00e9rz\u00e9s t\u00f6lt\u00f6tt el. Csod\u00e1latos der\u0171 \u00e9s nyugalom \u00fclt ki arcukra.<\/p>\n<p>Sok\u00e1ig fogunk m\u00e9g eml\u00e9kezni erre a csod\u00e1latos napra! K\u00f6sz\u00f6nj\u00fck Schlachter Ferencnek \u00e9s Erzs\u00e9betnek csod\u00e1latos p\u00e9ld\u00e1j\u00e1t!<\/p>\n<p>\u00dagy gondolom, hogy nem is lehetett volna m\u00e9lt\u00f3bb nyit\u00e1nya a H\u00e1zass\u00e1g Het\u00e9nek egyh\u00e1zk\u00f6zs\u00e9g\u00fcnkben, melynek mott\u00f3ja: &#8222;Szeretetbe kapaszkodva&#8221;.<\/p>\n<p><em>Tibor atya<\/em><\/p>\n","protected":false},"excerpt":{"rendered":"<p>\u00d6r\u00f6mmel \u00e9s nagy v\u00e1rakoz\u00e1ssal k\u00e9sz\u00fclt\u00fcnk Biberachban\u00a0 a h\u00f3nap m\u00e1sodik szombatj\u00e1n k\u00f6z\u00f6ss\u00e9gi szentmis\u00e9nkre. Egyr\u00e9szt \u00f6r\u00fclt\u00fcnk, hogy ha csak ez alkalommal, de visszat\u00e9rhett\u00fcnk a Spitalkirche-be. Oda, ahol eg\u00e9szen a koronav\u00edrus j\u00e1rv\u00e1ny kezdet\u00e9ig rendszeresen otthonra lelt\u00fcnk. M\u00e1sr\u00e9szt k\u00e9sz\u00fclt\u00fcnk mi is, hogy a szentmise keret\u00e9ben k\u00f6sz\u00f6nthess\u00fck Schlachter Feri b\u00e1csit \u00e9s kedves feles\u00e9g\u00e9t, Erzsike n\u00e9nit 70 \u00e9ves h\u00e1zass\u00e1gi \u00e9vfordul\u00f3juk alkalm\u00e1val. Kegyelmi lakodalom e k\u00fcl\u00f6n\u00f6s h\u00e1zass\u00e1gi \u00e9vfordul\u00f3 megnevez\u00e9se. N\u00e9h\u00e1ny nappal kor\u00e1bban, azaz febru\u00e1r 8-\u00e1n Biberach v\u00e1ros polg\u00e1rmestere szem\u00e9lyesen k\u00f6sz\u00f6nt\u00f6tte \u0151ket. Ugyanis 1953. febru\u00e1r 8-\u00e1n k\u00f6t\u00f6ttek h\u00e1zass\u00e1got a Szatm\u00e1rn\u00e9metit\u0151l mintegy 20 km-re fekv\u0151 Gilv\u00e1cson. Term\u00e9szetes volt teh\u00e1t, hogy ez a szentmise szombaton a h\u00e1laad\u00e1s \u00e9s k\u00f6sz\u00f6net kegyelmi \u00f3r\u00e1ja volt. Feri b\u00e1csi 99, m\u00edg Erzsike n\u00e9ni 89 \u00e9ves. Mindannyiunkat, akik jelen voltunk \u00e9s r\u00e9szt vett\u00fcnk ez \u00fcnnepen, k\u00fcl\u00f6n\u00f6s \u00e9rz\u00e9s t\u00f6lt\u00f6tt el. Csod\u00e1latos der\u0171 \u00e9s nyugalom \u00fclt ki arcukra. Sok\u00e1ig fogunk m\u00e9g eml\u00e9kezni erre a csod\u00e1latos napra! K\u00f6sz\u00f6nj\u00fck Schlachter Ferencnek \u00e9s Erzs\u00e9betnek csod\u00e1latos p\u00e9ld\u00e1j\u00e1t! \u00dagy gondolom, hogy nem is lehetett volna m\u00e9lt\u00f3bb nyit\u00e1nya a H\u00e1zass\u00e1g Het\u00e9nek egyh\u00e1zk\u00f6zs\u00e9g\u00fcnkben, melynek mott\u00f3ja: &#8222;Szeretetbe kapaszkodva&#8221;. Tibor atya<\/p>\n","protected":false},"author":3,"featured_media":26289,"comment_status":"closed","ping_status":"closed","sticky":false,"template":"","format":"standard","meta":{"footnotes":""},"categories":[5],"tags":[],"class_list":["post-26288","post","type-post","status-publish","format-standard","has-post-thumbnail","hentry","category-hirek"],"yoast_head":"<!-- This site is optimized with the Yoast SEO plugin v27.3 - https:\/\/yoast.com\/product\/yoast-seo-wordpress\/ -->\n<title>Schlachter Ferenc \u00e9s Erzs\u00e9bet 70 \u00e9ves h\u00e1zass\u00e1gi \u00e9vfordul\u00f3ja - Stuttgarti Katolikusok<\/title>\n<meta name=\"robots\" content=\"index, follow, max-snippet:-1, max-image-preview:large, max-video-preview:-1\" \/>\n<link rel=\"canonical\" href=\"https:\/\/stuttgarti-katolikusok.de\/index.php\/schlachter-ferenc-es-erzsebet-70-eves-hazassagi-evforduloja\/\" \/>\n<meta property=\"og:locale\" content=\"hu_HU\" \/>\n<meta property=\"og:type\" content=\"article\" \/>\n<meta property=\"og:title\" content=\"Schlachter Ferenc \u00e9s Erzs\u00e9bet 70 \u00e9ves h\u00e1zass\u00e1gi \u00e9vfordul\u00f3ja - Stuttgarti Katolikusok\" \/>\n<meta property=\"og:description\" content=\"\u00d6r\u00f6mmel \u00e9s nagy v\u00e1rakoz\u00e1ssal k\u00e9sz\u00fclt\u00fcnk Biberachban\u00a0 a h\u00f3nap m\u00e1sodik szombatj\u00e1n k\u00f6z\u00f6ss\u00e9gi szentmis\u00e9nkre. Egyr\u00e9szt \u00f6r\u00fclt\u00fcnk, hogy ha csak ez alkalommal, de visszat\u00e9rhett\u00fcnk a Spitalkirche-be. Oda, ahol eg\u00e9szen a koronav\u00edrus j\u00e1rv\u00e1ny kezdet\u00e9ig rendszeresen otthonra lelt\u00fcnk. M\u00e1sr\u00e9szt k\u00e9sz\u00fclt\u00fcnk mi is, hogy a szentmise keret\u00e9ben k\u00f6sz\u00f6nthess\u00fck Schlachter Feri b\u00e1csit \u00e9s kedves feles\u00e9g\u00e9t, Erzsike n\u00e9nit 70 \u00e9ves h\u00e1zass\u00e1gi \u00e9vfordul\u00f3juk alkalm\u00e1val. Kegyelmi lakodalom e k\u00fcl\u00f6n\u00f6s h\u00e1zass\u00e1gi \u00e9vfordul\u00f3 megnevez\u00e9se. N\u00e9h\u00e1ny nappal kor\u00e1bban, azaz febru\u00e1r 8-\u00e1n Biberach v\u00e1ros polg\u00e1rmestere szem\u00e9lyesen k\u00f6sz\u00f6nt\u00f6tte \u0151ket. Ugyanis 1953. febru\u00e1r 8-\u00e1n k\u00f6t\u00f6ttek h\u00e1zass\u00e1got a Szatm\u00e1rn\u00e9metit\u0151l mintegy 20 km-re fekv\u0151 Gilv\u00e1cson. Term\u00e9szetes volt teh\u00e1t, hogy ez a szentmise szombaton a h\u00e1laad\u00e1s \u00e9s k\u00f6sz\u00f6net kegyelmi \u00f3r\u00e1ja volt. Feri b\u00e1csi 99, m\u00edg Erzsike n\u00e9ni 89 \u00e9ves. Mindannyiunkat, akik jelen voltunk \u00e9s r\u00e9szt vett\u00fcnk ez \u00fcnnepen, k\u00fcl\u00f6n\u00f6s \u00e9rz\u00e9s t\u00f6lt\u00f6tt el. Csod\u00e1latos der\u0171 \u00e9s nyugalom \u00fclt ki arcukra. Sok\u00e1ig fogunk m\u00e9g eml\u00e9kezni erre a csod\u00e1latos napra! K\u00f6sz\u00f6nj\u00fck Schlachter Ferencnek \u00e9s Erzs\u00e9betnek csod\u00e1latos p\u00e9ld\u00e1j\u00e1t! \u00dagy gondolom, hogy nem is lehetett volna m\u00e9lt\u00f3bb nyit\u00e1nya a H\u00e1zass\u00e1g Het\u00e9nek egyh\u00e1zk\u00f6zs\u00e9g\u00fcnkben, melynek mott\u00f3ja: &#8222;Szeretetbe kapaszkodva&#8221;. Tibor atya\" \/>\n<meta property=\"og:url\" content=\"https:\/\/stuttgarti-katolikusok.de\/index.php\/schlachter-ferenc-es-erzsebet-70-eves-hazassagi-evforduloja\/\" \/>\n<meta property=\"og:site_name\" content=\"Stuttgarti Katolikusok\" \/>\n<meta property=\"article:published_time\" content=\"2023-02-15T00:13:09+00:00\" \/>\n<meta property=\"article:modified_time\" content=\"2023-02-15T10:24:01+00:00\" \/>\n<meta property=\"og:image\" content=\"https:\/\/stuttgarti-katolikusok.de\/wp-content\/uploads\/2023\/02\/70-eves-jubileum.jpg\" \/>\n\t<meta property=\"og:image:width\" content=\"1600\" \/>\n\t<meta property=\"og:image:height\" content=\"1200\" \/>\n\t<meta property=\"og:image:type\" content=\"image\/jpeg\" \/>\n<meta name=\"author\" content=\"Tibor atya\" \/>\n<meta name=\"twitter:card\" content=\"summary_large_image\" \/>\n<meta name=\"twitter:label1\" content=\"Szerz\u0151:\" \/>\n\t<meta name=\"twitter:data1\" content=\"Tibor atya\" \/>\n\t<meta name=\"twitter:label2\" content=\"Becs\u00fclt olvas\u00e1si id\u0151\" \/>\n\t<meta name=\"twitter:data2\" content=\"1 perc\" \/>\n<script type=\"application\/ld+json\" class=\"yoast-schema-graph\">{\"@context\":\"https:\\\/\\\/schema.org\",\"@graph\":[{\"@type\":\"Article\",\"@id\":\"https:\\\/\\\/stuttgarti-katolikusok.de\\\/index.php\\\/schlachter-ferenc-es-erzsebet-70-eves-hazassagi-evforduloja\\\/#article\",\"isPartOf\":{\"@id\":\"https:\\\/\\\/stuttgarti-katolikusok.de\\\/index.php\\\/schlachter-ferenc-es-erzsebet-70-eves-hazassagi-evforduloja\\\/\"},\"author\":{\"name\":\"Tibor atya\",\"@id\":\"https:\\\/\\\/stuttgarti-katolikusok.de\\\/#\\\/schema\\\/person\\\/75908d6f8fdc03a57889d27209df7795\"},\"headline\":\"Schlachter Ferenc \u00e9s Erzs\u00e9bet 70 \u00e9ves h\u00e1zass\u00e1gi \u00e9vfordul\u00f3ja\",\"datePublished\":\"2023-02-15T00:13:09+00:00\",\"dateModified\":\"2023-02-15T10:24:01+00:00\",\"mainEntityOfPage\":{\"@id\":\"https:\\\/\\\/stuttgarti-katolikusok.de\\\/index.php\\\/schlachter-ferenc-es-erzsebet-70-eves-hazassagi-evforduloja\\\/\"},\"wordCount\":280,\"image\":{\"@id\":\"https:\\\/\\\/stuttgarti-katolikusok.de\\\/index.php\\\/schlachter-ferenc-es-erzsebet-70-eves-hazassagi-evforduloja\\\/#primaryimage\"},\"thumbnailUrl\":\"https:\\\/\\\/stuttgarti-katolikusok.de\\\/wp-content\\\/uploads\\\/2023\\\/02\\\/70-eves-jubileum.jpg\",\"articleSection\":[\"H\u00edrek\"],\"inLanguage\":\"hu\"},{\"@type\":\"WebPage\",\"@id\":\"https:\\\/\\\/stuttgarti-katolikusok.de\\\/index.php\\\/schlachter-ferenc-es-erzsebet-70-eves-hazassagi-evforduloja\\\/\",\"url\":\"https:\\\/\\\/stuttgarti-katolikusok.de\\\/index.php\\\/schlachter-ferenc-es-erzsebet-70-eves-hazassagi-evforduloja\\\/\",\"name\":\"Schlachter Ferenc \u00e9s Erzs\u00e9bet 70 \u00e9ves h\u00e1zass\u00e1gi \u00e9vfordul\u00f3ja - Stuttgarti Katolikusok\",\"isPartOf\":{\"@id\":\"https:\\\/\\\/stuttgarti-katolikusok.de\\\/#website\"},\"primaryImageOfPage\":{\"@id\":\"https:\\\/\\\/stuttgarti-katolikusok.de\\\/index.php\\\/schlachter-ferenc-es-erzsebet-70-eves-hazassagi-evforduloja\\\/#primaryimage\"},\"image\":{\"@id\":\"https:\\\/\\\/stuttgarti-katolikusok.de\\\/index.php\\\/schlachter-ferenc-es-erzsebet-70-eves-hazassagi-evforduloja\\\/#primaryimage\"},\"thumbnailUrl\":\"https:\\\/\\\/stuttgarti-katolikusok.de\\\/wp-content\\\/uploads\\\/2023\\\/02\\\/70-eves-jubileum.jpg\",\"datePublished\":\"2023-02-15T00:13:09+00:00\",\"dateModified\":\"2023-02-15T10:24:01+00:00\",\"author\":{\"@id\":\"https:\\\/\\\/stuttgarti-katolikusok.de\\\/#\\\/schema\\\/person\\\/75908d6f8fdc03a57889d27209df7795\"},\"breadcrumb\":{\"@id\":\"https:\\\/\\\/stuttgarti-katolikusok.de\\\/index.php\\\/schlachter-ferenc-es-erzsebet-70-eves-hazassagi-evforduloja\\\/#breadcrumb\"},\"inLanguage\":\"hu\",\"potentialAction\":[{\"@type\":\"ReadAction\",\"target\":[\"https:\\\/\\\/stuttgarti-katolikusok.de\\\/index.php\\\/schlachter-ferenc-es-erzsebet-70-eves-hazassagi-evforduloja\\\/\"]}]},{\"@type\":\"ImageObject\",\"inLanguage\":\"hu\",\"@id\":\"https:\\\/\\\/stuttgarti-katolikusok.de\\\/index.php\\\/schlachter-ferenc-es-erzsebet-70-eves-hazassagi-evforduloja\\\/#primaryimage\",\"url\":\"https:\\\/\\\/stuttgarti-katolikusok.de\\\/wp-content\\\/uploads\\\/2023\\\/02\\\/70-eves-jubileum.jpg\",\"contentUrl\":\"https:\\\/\\\/stuttgarti-katolikusok.de\\\/wp-content\\\/uploads\\\/2023\\\/02\\\/70-eves-jubileum.jpg\",\"width\":1600,\"height\":1200},{\"@type\":\"BreadcrumbList\",\"@id\":\"https:\\\/\\\/stuttgarti-katolikusok.de\\\/index.php\\\/schlachter-ferenc-es-erzsebet-70-eves-hazassagi-evforduloja\\\/#breadcrumb\",\"itemListElement\":[{\"@type\":\"ListItem\",\"position\":1,\"name\":\"Kezd\u0151lap\",\"item\":\"https:\\\/\\\/stuttgarti-katolikusok.de\\\/\"},{\"@type\":\"ListItem\",\"position\":2,\"name\":\"Schlachter Ferenc \u00e9s Erzs\u00e9bet 70 \u00e9ves h\u00e1zass\u00e1gi \u00e9vfordul\u00f3ja\"}]},{\"@type\":\"WebSite\",\"@id\":\"https:\\\/\\\/stuttgarti-katolikusok.de\\\/#website\",\"url\":\"https:\\\/\\\/stuttgarti-katolikusok.de\\\/\",\"name\":\"Stuttgarti Katolikusok\",\"description\":\"\",\"potentialAction\":[{\"@type\":\"SearchAction\",\"target\":{\"@type\":\"EntryPoint\",\"urlTemplate\":\"https:\\\/\\\/stuttgarti-katolikusok.de\\\/?s={search_term_string}\"},\"query-input\":{\"@type\":\"PropertyValueSpecification\",\"valueRequired\":true,\"valueName\":\"search_term_string\"}}],\"inLanguage\":\"hu\"},{\"@type\":\"Person\",\"@id\":\"https:\\\/\\\/stuttgarti-katolikusok.de\\\/#\\\/schema\\\/person\\\/75908d6f8fdc03a57889d27209df7795\",\"name\":\"Tibor atya\",\"image\":{\"@type\":\"ImageObject\",\"inLanguage\":\"hu\",\"@id\":\"https:\\\/\\\/secure.gravatar.com\\\/avatar\\\/61d268e57d1f4525b111222e29d2d5a7f8c420fdbf231ba5566a8ceac74fa960?s=96&d=mm&r=g\",\"url\":\"https:\\\/\\\/secure.gravatar.com\\\/avatar\\\/61d268e57d1f4525b111222e29d2d5a7f8c420fdbf231ba5566a8ceac74fa960?s=96&d=mm&r=g\",\"contentUrl\":\"https:\\\/\\\/secure.gravatar.com\\\/avatar\\\/61d268e57d1f4525b111222e29d2d5a7f8c420fdbf231ba5566a8ceac74fa960?s=96&d=mm&r=g\",\"caption\":\"Tibor atya\"},\"url\":\"https:\\\/\\\/stuttgarti-katolikusok.de\\\/index.php\\\/author\\\/tibor-atya\\\/\"}]}<\/script>\n<!-- \/ Yoast SEO plugin. -->","yoast_head_json":{"title":"Schlachter Ferenc \u00e9s Erzs\u00e9bet 70 \u00e9ves h\u00e1zass\u00e1gi \u00e9vfordul\u00f3ja - Stuttgarti Katolikusok","robots":{"index":"index","follow":"follow","max-snippet":"max-snippet:-1","max-image-preview":"max-image-preview:large","max-video-preview":"max-video-preview:-1"},"canonical":"https:\/\/stuttgarti-katolikusok.de\/index.php\/schlachter-ferenc-es-erzsebet-70-eves-hazassagi-evforduloja\/","og_locale":"hu_HU","og_type":"article","og_title":"Schlachter Ferenc \u00e9s Erzs\u00e9bet 70 \u00e9ves h\u00e1zass\u00e1gi \u00e9vfordul\u00f3ja - Stuttgarti Katolikusok","og_description":"\u00d6r\u00f6mmel \u00e9s nagy v\u00e1rakoz\u00e1ssal k\u00e9sz\u00fclt\u00fcnk Biberachban\u00a0 a h\u00f3nap m\u00e1sodik szombatj\u00e1n k\u00f6z\u00f6ss\u00e9gi szentmis\u00e9nkre. Egyr\u00e9szt \u00f6r\u00fclt\u00fcnk, hogy ha csak ez alkalommal, de visszat\u00e9rhett\u00fcnk a Spitalkirche-be. Oda, ahol eg\u00e9szen a koronav\u00edrus j\u00e1rv\u00e1ny kezdet\u00e9ig rendszeresen otthonra lelt\u00fcnk. M\u00e1sr\u00e9szt k\u00e9sz\u00fclt\u00fcnk mi is, hogy a szentmise keret\u00e9ben k\u00f6sz\u00f6nthess\u00fck Schlachter Feri b\u00e1csit \u00e9s kedves feles\u00e9g\u00e9t, Erzsike n\u00e9nit 70 \u00e9ves h\u00e1zass\u00e1gi \u00e9vfordul\u00f3juk alkalm\u00e1val. Kegyelmi lakodalom e k\u00fcl\u00f6n\u00f6s h\u00e1zass\u00e1gi \u00e9vfordul\u00f3 megnevez\u00e9se. N\u00e9h\u00e1ny nappal kor\u00e1bban, azaz febru\u00e1r 8-\u00e1n Biberach v\u00e1ros polg\u00e1rmestere szem\u00e9lyesen k\u00f6sz\u00f6nt\u00f6tte \u0151ket. Ugyanis 1953. febru\u00e1r 8-\u00e1n k\u00f6t\u00f6ttek h\u00e1zass\u00e1got a Szatm\u00e1rn\u00e9metit\u0151l mintegy 20 km-re fekv\u0151 Gilv\u00e1cson. Term\u00e9szetes volt teh\u00e1t, hogy ez a szentmise szombaton a h\u00e1laad\u00e1s \u00e9s k\u00f6sz\u00f6net kegyelmi \u00f3r\u00e1ja volt. Feri b\u00e1csi 99, m\u00edg Erzsike n\u00e9ni 89 \u00e9ves. Mindannyiunkat, akik jelen voltunk \u00e9s r\u00e9szt vett\u00fcnk ez \u00fcnnepen, k\u00fcl\u00f6n\u00f6s \u00e9rz\u00e9s t\u00f6lt\u00f6tt el. Csod\u00e1latos der\u0171 \u00e9s nyugalom \u00fclt ki arcukra. Sok\u00e1ig fogunk m\u00e9g eml\u00e9kezni erre a csod\u00e1latos napra! K\u00f6sz\u00f6nj\u00fck Schlachter Ferencnek \u00e9s Erzs\u00e9betnek csod\u00e1latos p\u00e9ld\u00e1j\u00e1t! \u00dagy gondolom, hogy nem is lehetett volna m\u00e9lt\u00f3bb nyit\u00e1nya a H\u00e1zass\u00e1g Het\u00e9nek egyh\u00e1zk\u00f6zs\u00e9g\u00fcnkben, melynek mott\u00f3ja: &#8222;Szeretetbe kapaszkodva&#8221;. Tibor atya","og_url":"https:\/\/stuttgarti-katolikusok.de\/index.php\/schlachter-ferenc-es-erzsebet-70-eves-hazassagi-evforduloja\/","og_site_name":"Stuttgarti Katolikusok","article_published_time":"2023-02-15T00:13:09+00:00","article_modified_time":"2023-02-15T10:24:01+00:00","og_image":[{"width":1600,"height":1200,"url":"https:\/\/stuttgarti-katolikusok.de\/wp-content\/uploads\/2023\/02\/70-eves-jubileum.jpg","type":"image\/jpeg"}],"author":"Tibor atya","twitter_card":"summary_large_image","twitter_misc":{"Szerz\u0151:":"Tibor atya","Becs\u00fclt olvas\u00e1si id\u0151":"1 perc"},"schema":{"@context":"https:\/\/schema.org","@graph":[{"@type":"Article","@id":"https:\/\/stuttgarti-katolikusok.de\/index.php\/schlachter-ferenc-es-erzsebet-70-eves-hazassagi-evforduloja\/#article","isPartOf":{"@id":"https:\/\/stuttgarti-katolikusok.de\/index.php\/schlachter-ferenc-es-erzsebet-70-eves-hazassagi-evforduloja\/"},"author":{"name":"Tibor atya","@id":"https:\/\/stuttgarti-katolikusok.de\/#\/schema\/person\/75908d6f8fdc03a57889d27209df7795"},"headline":"Schlachter Ferenc \u00e9s Erzs\u00e9bet 70 \u00e9ves h\u00e1zass\u00e1gi \u00e9vfordul\u00f3ja","datePublished":"2023-02-15T00:13:09+00:00","dateModified":"2023-02-15T10:24:01+00:00","mainEntityOfPage":{"@id":"https:\/\/stuttgarti-katolikusok.de\/index.php\/schlachter-ferenc-es-erzsebet-70-eves-hazassagi-evforduloja\/"},"wordCount":280,"image":{"@id":"https:\/\/stuttgarti-katolikusok.de\/index.php\/schlachter-ferenc-es-erzsebet-70-eves-hazassagi-evforduloja\/#primaryimage"},"thumbnailUrl":"https:\/\/stuttgarti-katolikusok.de\/wp-content\/uploads\/2023\/02\/70-eves-jubileum.jpg","articleSection":["H\u00edrek"],"inLanguage":"hu"},{"@type":"WebPage","@id":"https:\/\/stuttgarti-katolikusok.de\/index.php\/schlachter-ferenc-es-erzsebet-70-eves-hazassagi-evforduloja\/","url":"https:\/\/stuttgarti-katolikusok.de\/index.php\/schlachter-ferenc-es-erzsebet-70-eves-hazassagi-evforduloja\/","name":"Schlachter Ferenc \u00e9s Erzs\u00e9bet 70 \u00e9ves h\u00e1zass\u00e1gi \u00e9vfordul\u00f3ja - Stuttgarti Katolikusok","isPartOf":{"@id":"https:\/\/stuttgarti-katolikusok.de\/#website"},"primaryImageOfPage":{"@id":"https:\/\/stuttgarti-katolikusok.de\/index.php\/schlachter-ferenc-es-erzsebet-70-eves-hazassagi-evforduloja\/#primaryimage"},"image":{"@id":"https:\/\/stuttgarti-katolikusok.de\/index.php\/schlachter-ferenc-es-erzsebet-70-eves-hazassagi-evforduloja\/#primaryimage"},"thumbnailUrl":"https:\/\/stuttgarti-katolikusok.de\/wp-content\/uploads\/2023\/02\/70-eves-jubileum.jpg","datePublished":"2023-02-15T00:13:09+00:00","dateModified":"2023-02-15T10:24:01+00:00","author":{"@id":"https:\/\/stuttgarti-katolikusok.de\/#\/schema\/person\/75908d6f8fdc03a57889d27209df7795"},"breadcrumb":{"@id":"https:\/\/stuttgarti-katolikusok.de\/index.php\/schlachter-ferenc-es-erzsebet-70-eves-hazassagi-evforduloja\/#breadcrumb"},"inLanguage":"hu","potentialAction":[{"@type":"ReadAction","target":["https:\/\/stuttgarti-katolikusok.de\/index.php\/schlachter-ferenc-es-erzsebet-70-eves-hazassagi-evforduloja\/"]}]},{"@type":"ImageObject","inLanguage":"hu","@id":"https:\/\/stuttgarti-katolikusok.de\/index.php\/schlachter-ferenc-es-erzsebet-70-eves-hazassagi-evforduloja\/#primaryimage","url":"https:\/\/stuttgarti-katolikusok.de\/wp-content\/uploads\/2023\/02\/70-eves-jubileum.jpg","contentUrl":"https:\/\/stuttgarti-katolikusok.de\/wp-content\/uploads\/2023\/02\/70-eves-jubileum.jpg","width":1600,"height":1200},{"@type":"BreadcrumbList","@id":"https:\/\/stuttgarti-katolikusok.de\/index.php\/schlachter-ferenc-es-erzsebet-70-eves-hazassagi-evforduloja\/#breadcrumb","itemListElement":[{"@type":"ListItem","position":1,"name":"Kezd\u0151lap","item":"https:\/\/stuttgarti-katolikusok.de\/"},{"@type":"ListItem","position":2,"name":"Schlachter Ferenc \u00e9s Erzs\u00e9bet 70 \u00e9ves h\u00e1zass\u00e1gi \u00e9vfordul\u00f3ja"}]},{"@type":"WebSite","@id":"https:\/\/stuttgarti-katolikusok.de\/#website","url":"https:\/\/stuttgarti-katolikusok.de\/","name":"Stuttgarti Katolikusok","description":"","potentialAction":[{"@type":"SearchAction","target":{"@type":"EntryPoint","urlTemplate":"https:\/\/stuttgarti-katolikusok.de\/?s={search_term_string}"},"query-input":{"@type":"PropertyValueSpecification","valueRequired":true,"valueName":"search_term_string"}}],"inLanguage":"hu"},{"@type":"Person","@id":"https:\/\/stuttgarti-katolikusok.de\/#\/schema\/person\/75908d6f8fdc03a57889d27209df7795","name":"Tibor atya","image":{"@type":"ImageObject","inLanguage":"hu","@id":"https:\/\/secure.gravatar.com\/avatar\/61d268e57d1f4525b111222e29d2d5a7f8c420fdbf231ba5566a8ceac74fa960?s=96&d=mm&r=g","url":"https:\/\/secure.gravatar.com\/avatar\/61d268e57d1f4525b111222e29d2d5a7f8c420fdbf231ba5566a8ceac74fa960?s=96&d=mm&r=g","contentUrl":"https:\/\/secure.gravatar.com\/avatar\/61d268e57d1f4525b111222e29d2d5a7f8c420fdbf231ba5566a8ceac74fa960?s=96&d=mm&r=g","caption":"Tibor atya"},"url":"https:\/\/stuttgarti-katolikusok.de\/index.php\/author\/tibor-atya\/"}]}},"_links":{"self":[{"href":"https:\/\/stuttgarti-katolikusok.de\/index.php\/wp-json\/wp\/v2\/posts\/26288","targetHints":{"allow":["GET"]}}],"collection":[{"href":"https:\/\/stuttgarti-katolikusok.de\/index.php\/wp-json\/wp\/v2\/posts"}],"about":[{"href":"https:\/\/stuttgarti-katolikusok.de\/index.php\/wp-json\/wp\/v2\/types\/post"}],"author":[{"embeddable":true,"href":"https:\/\/stuttgarti-katolikusok.de\/index.php\/wp-json\/wp\/v2\/users\/3"}],"replies":[{"embeddable":true,"href":"https:\/\/stuttgarti-katolikusok.de\/index.php\/wp-json\/wp\/v2\/comments?post=26288"}],"version-history":[{"count":4,"href":"https:\/\/stuttgarti-katolikusok.de\/index.php\/wp-json\/wp\/v2\/posts\/26288\/revisions"}],"predecessor-version":[{"id":26302,"href":"https:\/\/stuttgarti-katolikusok.de\/index.php\/wp-json\/wp\/v2\/posts\/26288\/revisions\/26302"}],"wp:featuredmedia":[{"embeddable":true,"href":"https:\/\/stuttgarti-katolikusok.de\/index.php\/wp-json\/wp\/v2\/media\/26289"}],"wp:attachment":[{"href":"https:\/\/stuttgarti-katolikusok.de\/index.php\/wp-json\/wp\/v2\/media?parent=26288"}],"wp:term":[{"taxonomy":"category","embeddable":true,"href":"https:\/\/stuttgarti-katolikusok.de\/index.php\/wp-json\/wp\/v2\/categories?post=26288"},{"taxonomy":"post_tag","embeddable":true,"href":"https:\/\/stuttgarti-katolikusok.de\/index.php\/wp-json\/wp\/v2\/tags?post=26288"}],"curies":[{"name":"wp","href":"https:\/\/api.w.org\/{rel}","templated":true}]}}