{"id":26272,"date":"2023-02-13T10:40:29","date_gmt":"2023-02-13T09:40:29","guid":{"rendered":"https:\/\/stuttgarti-katolikusok.de\/?p=26272"},"modified":"2023-02-13T22:54:02","modified_gmt":"2023-02-13T21:54:02","slug":"2023-februar-13-es-19-kozott","status":"publish","type":"post","link":"https:\/\/stuttgarti-katolikusok.de\/index.php\/2023-februar-13-es-19-kozott\/","title":{"rendered":"2023. FEBRU\u00c1R 13 \u00c9S 19 K\u00d6Z\u00d6TT"},"content":{"rendered":"<p><strong><span style=\"color: #008000;\">Programel\u0151zetes<\/span><\/strong><\/p>\n<p style=\"text-align: center;\"><strong><span style=\"color: #008000;\"><em>*<\/em><\/span><\/strong><\/p>\n<p><strong>Febru\u00e1r 17-\u00e9n, <\/strong>p\u00e9nteken<em>, <strong>Stuttgarti d\u00e9lut\u00e1n, <\/strong><\/em>18.00 \u00f3rakor<em> szentmise, <\/em>el\u0151tte<em> r\u00f3zsaf\u00fcz\u00e9rt im\u00e1dkozunk. <\/em>Szentmise keret\u00e9ben <em>Besz\u00e9lget\u00e9sek a katekizmusr\u00f3l<\/em><em>.<\/em><\/p>\n<p style=\"text-align: center;\"><span style=\"color: #008000;\"><em><strong>*<\/strong><\/em><\/span><\/p>\n<p><strong>Febru\u00e1r 18-\u00e1n<\/strong>, szombaton<em>,<\/em><strong> Heidenheimban <\/strong>15.30 \u00f3rakor<em> szentmise,\u00a0<\/em>ut\u00e1na\u00a0<em>agap\u00e9.<\/em><\/p>\n<p><span style=\"color: #ff00ff;\"><em><strong>Helysz\u00edn:<\/strong> <strong>\u00d6kumenisches Gemeindezentrum<\/strong><\/em> Mittelrain, Hans-Thoma-Stra\u00dfe 50, 89520 Heidenheim an der Brenz<\/span><\/p>\n<p style=\"text-align: center;\"><strong><span style=\"color: #008000;\"><em>*<\/em><\/span><\/strong><\/p>\n<p><strong>Febru\u00e1r 19-\u00e9n<\/strong><em><strong>,<\/strong><\/em> <span style=\"color: #008000;\"><em><strong>\u00c9vk\u00f6zi 7. vas\u00e1rnap<\/strong><\/em><\/span><em>,<\/em><\/p>\n<p><strong>Stuttgartban <\/strong>11.30 \u00f3rakor<em> szentmise,<\/em><\/p>\n<p><strong>Eislingenben <\/strong>15.30 \u00f3rakor<em> szentmise,\u00a0<\/em>ut\u00e1na <em>agap\u00e9<\/em>, benne hagyom\u00e1nyos k\u00f6z\u00f6s\u00a0<em>farsangol\u00e1s.<\/em><\/p>\n<p style=\"text-align: center;\"><em>\u00a0<\/em><span style=\"color: #008000;\"><em><strong>*<\/strong><\/em><\/span><\/p>\n<p>Minden helyen mindenkit szeretettel v\u00e1r a k\u00f6z\u00f6ss\u00e9g \u00e9s Tibor atya!<\/p>\n<p style=\"text-align: center;\"><span style=\"color: #008000;\"><strong>*<\/strong><\/span><\/p>\n<p><a href=\"https:\/\/stuttgarti-katolikusok.de\/wp-content\/uploads\/2022\/02\/szeretet.jpg\"><img loading=\"lazy\" decoding=\"async\" class=\"alignnone size-full wp-image-22925\" src=\"https:\/\/stuttgarti-katolikusok.de\/wp-content\/uploads\/2022\/02\/szeretet.jpg\" alt=\"\" width=\"1280\" height=\"853\" srcset=\"https:\/\/stuttgarti-katolikusok.de\/wp-content\/uploads\/2022\/02\/szeretet.jpg 1280w, https:\/\/stuttgarti-katolikusok.de\/wp-content\/uploads\/2022\/02\/szeretet-300x200.jpg 300w, https:\/\/stuttgarti-katolikusok.de\/wp-content\/uploads\/2022\/02\/szeretet-1024x682.jpg 1024w, https:\/\/stuttgarti-katolikusok.de\/wp-content\/uploads\/2022\/02\/szeretet-420x280.jpg 420w, https:\/\/stuttgarti-katolikusok.de\/wp-content\/uploads\/2022\/02\/szeretet-690x460.jpg 690w\" sizes=\"auto, (max-width: 1280px) 100vw, 1280px\" \/><\/a><\/p>\n<p><span style=\"color: #008000;\"><em><strong>Bens\u0151s\u00e9ges \u00e9s kellemes farsangi napokat, j\u00f3 tal\u00e1lkoz\u00e1sokat \u00e9s sok \u00f6r\u00f6met k\u00edv\u00e1nok minden kedves H\u00edvemnek.<\/strong><\/em><\/span><\/p>\n<p style=\"text-align: center;\"><span style=\"color: #008000;\"><em><strong>*<\/strong><\/em><\/span><\/p>\n<p><span style=\"color: #008000;\"><em><strong>\u00a0<\/strong><\/em><em><strong>\u201eAz \u00e9let minden csat\u00e1ja arra j\u00f3, hogy tanuljunk valamit bel\u0151le, m\u00e9g azokb\u00f3l is, amelyeket elvesz\u00edt\u00fcnk.\u201d<\/strong><\/em> <\/span><em>(Paulo Coelho \u2013 sz. 1947 \u2013 brazil \u00edr\u00f3)<\/em><\/p>\n<p><em>(K\u00e9p forr\u00e1sa: pixabay)<\/em><\/p>\n","protected":false},"excerpt":{"rendered":"<p>Programel\u0151zetes * Febru\u00e1r 17-\u00e9n, p\u00e9nteken, Stuttgarti d\u00e9lut\u00e1n, 18.00 \u00f3rakor szentmise, el\u0151tte r\u00f3zsaf\u00fcz\u00e9rt im\u00e1dkozunk. Szentmise keret\u00e9ben Besz\u00e9lget\u00e9sek a katekizmusr\u00f3l. * Febru\u00e1r 18-\u00e1n, szombaton, Heidenheimban 15.30 \u00f3rakor szentmise,\u00a0ut\u00e1na\u00a0agap\u00e9. Helysz\u00edn: \u00d6kumenisches Gemeindezentrum Mittelrain, Hans-Thoma-Stra\u00dfe 50, 89520 Heidenheim an der Brenz * Febru\u00e1r 19-\u00e9n, \u00c9vk\u00f6zi 7. vas\u00e1rnap, Stuttgartban 11.30 \u00f3rakor szentmise, Eislingenben 15.30 \u00f3rakor szentmise,\u00a0ut\u00e1na agap\u00e9, benne hagyom\u00e1nyos k\u00f6z\u00f6s\u00a0farsangol\u00e1s. \u00a0* Minden helyen mindenkit szeretettel v\u00e1r a k\u00f6z\u00f6ss\u00e9g \u00e9s Tibor atya! * Bens\u0151s\u00e9ges \u00e9s kellemes farsangi napokat, j\u00f3 tal\u00e1lkoz\u00e1sokat \u00e9s sok \u00f6r\u00f6met k\u00edv\u00e1nok minden kedves H\u00edvemnek. * \u00a0\u201eAz \u00e9let minden csat\u00e1ja arra j\u00f3, hogy tanuljunk valamit bel\u0151le, m\u00e9g azokb\u00f3l is, amelyeket elvesz\u00edt\u00fcnk.\u201d (Paulo Coelho \u2013 sz. 1947 \u2013 brazil \u00edr\u00f3) (K\u00e9p forr\u00e1sa: pixabay)<\/p>\n","protected":false},"author":3,"featured_media":22926,"comment_status":"closed","ping_status":"closed","sticky":false,"template":"","format":"standard","meta":{"footnotes":""},"categories":[37],"tags":[],"class_list":["post-26272","post","type-post","status-publish","format-standard","has-post-thumbnail","hentry","category-progamelozetes"],"yoast_head":"<!-- This site is optimized with the Yoast SEO plugin v27.3 - https:\/\/yoast.com\/product\/yoast-seo-wordpress\/ -->\n<title>2023. FEBRU\u00c1R 13 \u00c9S 19 K\u00d6Z\u00d6TT - Stuttgarti Katolikusok<\/title>\n<meta name=\"robots\" content=\"index, follow, max-snippet:-1, max-image-preview:large, max-video-preview:-1\" \/>\n<link rel=\"canonical\" href=\"https:\/\/stuttgarti-katolikusok.de\/index.php\/2023-februar-13-es-19-kozott\/\" \/>\n<meta property=\"og:locale\" content=\"hu_HU\" \/>\n<meta property=\"og:type\" content=\"article\" \/>\n<meta property=\"og:title\" content=\"2023. FEBRU\u00c1R 13 \u00c9S 19 K\u00d6Z\u00d6TT - Stuttgarti Katolikusok\" \/>\n<meta property=\"og:description\" content=\"Programel\u0151zetes * Febru\u00e1r 17-\u00e9n, p\u00e9nteken, Stuttgarti d\u00e9lut\u00e1n, 18.00 \u00f3rakor szentmise, el\u0151tte r\u00f3zsaf\u00fcz\u00e9rt im\u00e1dkozunk. Szentmise keret\u00e9ben Besz\u00e9lget\u00e9sek a katekizmusr\u00f3l. * Febru\u00e1r 18-\u00e1n, szombaton, Heidenheimban 15.30 \u00f3rakor szentmise,\u00a0ut\u00e1na\u00a0agap\u00e9. Helysz\u00edn: \u00d6kumenisches Gemeindezentrum Mittelrain, Hans-Thoma-Stra\u00dfe 50, 89520 Heidenheim an der Brenz * Febru\u00e1r 19-\u00e9n, \u00c9vk\u00f6zi 7. vas\u00e1rnap, Stuttgartban 11.30 \u00f3rakor szentmise, Eislingenben 15.30 \u00f3rakor szentmise,\u00a0ut\u00e1na agap\u00e9, benne hagyom\u00e1nyos k\u00f6z\u00f6s\u00a0farsangol\u00e1s. \u00a0* Minden helyen mindenkit szeretettel v\u00e1r a k\u00f6z\u00f6ss\u00e9g \u00e9s Tibor atya! * Bens\u0151s\u00e9ges \u00e9s kellemes farsangi napokat, j\u00f3 tal\u00e1lkoz\u00e1sokat \u00e9s sok \u00f6r\u00f6met k\u00edv\u00e1nok minden kedves H\u00edvemnek. * \u00a0\u201eAz \u00e9let minden csat\u00e1ja arra j\u00f3, hogy tanuljunk valamit bel\u0151le, m\u00e9g azokb\u00f3l is, amelyeket elvesz\u00edt\u00fcnk.\u201d (Paulo Coelho \u2013 sz. 1947 \u2013 brazil \u00edr\u00f3) (K\u00e9p forr\u00e1sa: pixabay)\" \/>\n<meta property=\"og:url\" content=\"https:\/\/stuttgarti-katolikusok.de\/index.php\/2023-februar-13-es-19-kozott\/\" \/>\n<meta property=\"og:site_name\" content=\"Stuttgarti Katolikusok\" \/>\n<meta property=\"article:published_time\" content=\"2023-02-13T09:40:29+00:00\" \/>\n<meta property=\"article:modified_time\" content=\"2023-02-13T21:54:02+00:00\" \/>\n<meta property=\"og:image\" content=\"https:\/\/stuttgarti-katolikusok.de\/wp-content\/uploads\/2022\/02\/szeretet-es-kereszt.jpg\" \/>\n\t<meta property=\"og:image:width\" content=\"1280\" \/>\n\t<meta property=\"og:image:height\" content=\"853\" \/>\n\t<meta property=\"og:image:type\" content=\"image\/jpeg\" \/>\n<meta name=\"author\" content=\"Tibor atya\" \/>\n<meta name=\"twitter:card\" content=\"summary_large_image\" \/>\n<meta name=\"twitter:label1\" content=\"Szerz\u0151:\" \/>\n\t<meta name=\"twitter:data1\" content=\"Tibor atya\" \/>\n\t<meta name=\"twitter:label2\" content=\"Becs\u00fclt olvas\u00e1si id\u0151\" \/>\n\t<meta name=\"twitter:data2\" content=\"1 perc\" \/>\n<script type=\"application\/ld+json\" class=\"yoast-schema-graph\">{\"@context\":\"https:\\\/\\\/schema.org\",\"@graph\":[{\"@type\":\"Article\",\"@id\":\"https:\\\/\\\/stuttgarti-katolikusok.de\\\/index.php\\\/2023-februar-13-es-19-kozott\\\/#article\",\"isPartOf\":{\"@id\":\"https:\\\/\\\/stuttgarti-katolikusok.de\\\/index.php\\\/2023-februar-13-es-19-kozott\\\/\"},\"author\":{\"name\":\"Tibor atya\",\"@id\":\"https:\\\/\\\/stuttgarti-katolikusok.de\\\/#\\\/schema\\\/person\\\/75908d6f8fdc03a57889d27209df7795\"},\"headline\":\"2023. FEBRU\u00c1R 13 \u00c9S 19 K\u00d6Z\u00d6TT\",\"datePublished\":\"2023-02-13T09:40:29+00:00\",\"dateModified\":\"2023-02-13T21:54:02+00:00\",\"mainEntityOfPage\":{\"@id\":\"https:\\\/\\\/stuttgarti-katolikusok.de\\\/index.php\\\/2023-februar-13-es-19-kozott\\\/\"},\"wordCount\":151,\"image\":{\"@id\":\"https:\\\/\\\/stuttgarti-katolikusok.de\\\/index.php\\\/2023-februar-13-es-19-kozott\\\/#primaryimage\"},\"thumbnailUrl\":\"https:\\\/\\\/stuttgarti-katolikusok.de\\\/wp-content\\\/uploads\\\/2022\\\/02\\\/szeretet-es-kereszt.jpg\",\"articleSection\":[\"Progamel\u0151zetes\"],\"inLanguage\":\"hu\"},{\"@type\":\"WebPage\",\"@id\":\"https:\\\/\\\/stuttgarti-katolikusok.de\\\/index.php\\\/2023-februar-13-es-19-kozott\\\/\",\"url\":\"https:\\\/\\\/stuttgarti-katolikusok.de\\\/index.php\\\/2023-februar-13-es-19-kozott\\\/\",\"name\":\"2023. FEBRU\u00c1R 13 \u00c9S 19 K\u00d6Z\u00d6TT - Stuttgarti Katolikusok\",\"isPartOf\":{\"@id\":\"https:\\\/\\\/stuttgarti-katolikusok.de\\\/#website\"},\"primaryImageOfPage\":{\"@id\":\"https:\\\/\\\/stuttgarti-katolikusok.de\\\/index.php\\\/2023-februar-13-es-19-kozott\\\/#primaryimage\"},\"image\":{\"@id\":\"https:\\\/\\\/stuttgarti-katolikusok.de\\\/index.php\\\/2023-februar-13-es-19-kozott\\\/#primaryimage\"},\"thumbnailUrl\":\"https:\\\/\\\/stuttgarti-katolikusok.de\\\/wp-content\\\/uploads\\\/2022\\\/02\\\/szeretet-es-kereszt.jpg\",\"datePublished\":\"2023-02-13T09:40:29+00:00\",\"dateModified\":\"2023-02-13T21:54:02+00:00\",\"author\":{\"@id\":\"https:\\\/\\\/stuttgarti-katolikusok.de\\\/#\\\/schema\\\/person\\\/75908d6f8fdc03a57889d27209df7795\"},\"breadcrumb\":{\"@id\":\"https:\\\/\\\/stuttgarti-katolikusok.de\\\/index.php\\\/2023-februar-13-es-19-kozott\\\/#breadcrumb\"},\"inLanguage\":\"hu\",\"potentialAction\":[{\"@type\":\"ReadAction\",\"target\":[\"https:\\\/\\\/stuttgarti-katolikusok.de\\\/index.php\\\/2023-februar-13-es-19-kozott\\\/\"]}]},{\"@type\":\"ImageObject\",\"inLanguage\":\"hu\",\"@id\":\"https:\\\/\\\/stuttgarti-katolikusok.de\\\/index.php\\\/2023-februar-13-es-19-kozott\\\/#primaryimage\",\"url\":\"https:\\\/\\\/stuttgarti-katolikusok.de\\\/wp-content\\\/uploads\\\/2022\\\/02\\\/szeretet-es-kereszt.jpg\",\"contentUrl\":\"https:\\\/\\\/stuttgarti-katolikusok.de\\\/wp-content\\\/uploads\\\/2022\\\/02\\\/szeretet-es-kereszt.jpg\",\"width\":1280,\"height\":853},{\"@type\":\"BreadcrumbList\",\"@id\":\"https:\\\/\\\/stuttgarti-katolikusok.de\\\/index.php\\\/2023-februar-13-es-19-kozott\\\/#breadcrumb\",\"itemListElement\":[{\"@type\":\"ListItem\",\"position\":1,\"name\":\"Kezd\u0151lap\",\"item\":\"https:\\\/\\\/stuttgarti-katolikusok.de\\\/\"},{\"@type\":\"ListItem\",\"position\":2,\"name\":\"2023. FEBRU\u00c1R 13 \u00c9S 19 K\u00d6Z\u00d6TT\"}]},{\"@type\":\"WebSite\",\"@id\":\"https:\\\/\\\/stuttgarti-katolikusok.de\\\/#website\",\"url\":\"https:\\\/\\\/stuttgarti-katolikusok.de\\\/\",\"name\":\"Stuttgarti Katolikusok\",\"description\":\"\",\"potentialAction\":[{\"@type\":\"SearchAction\",\"target\":{\"@type\":\"EntryPoint\",\"urlTemplate\":\"https:\\\/\\\/stuttgarti-katolikusok.de\\\/?s={search_term_string}\"},\"query-input\":{\"@type\":\"PropertyValueSpecification\",\"valueRequired\":true,\"valueName\":\"search_term_string\"}}],\"inLanguage\":\"hu\"},{\"@type\":\"Person\",\"@id\":\"https:\\\/\\\/stuttgarti-katolikusok.de\\\/#\\\/schema\\\/person\\\/75908d6f8fdc03a57889d27209df7795\",\"name\":\"Tibor atya\",\"image\":{\"@type\":\"ImageObject\",\"inLanguage\":\"hu\",\"@id\":\"https:\\\/\\\/secure.gravatar.com\\\/avatar\\\/61d268e57d1f4525b111222e29d2d5a7f8c420fdbf231ba5566a8ceac74fa960?s=96&d=mm&r=g\",\"url\":\"https:\\\/\\\/secure.gravatar.com\\\/avatar\\\/61d268e57d1f4525b111222e29d2d5a7f8c420fdbf231ba5566a8ceac74fa960?s=96&d=mm&r=g\",\"contentUrl\":\"https:\\\/\\\/secure.gravatar.com\\\/avatar\\\/61d268e57d1f4525b111222e29d2d5a7f8c420fdbf231ba5566a8ceac74fa960?s=96&d=mm&r=g\",\"caption\":\"Tibor atya\"},\"url\":\"https:\\\/\\\/stuttgarti-katolikusok.de\\\/index.php\\\/author\\\/tibor-atya\\\/\"}]}<\/script>\n<!-- \/ Yoast SEO plugin. -->","yoast_head_json":{"title":"2023. FEBRU\u00c1R 13 \u00c9S 19 K\u00d6Z\u00d6TT - Stuttgarti Katolikusok","robots":{"index":"index","follow":"follow","max-snippet":"max-snippet:-1","max-image-preview":"max-image-preview:large","max-video-preview":"max-video-preview:-1"},"canonical":"https:\/\/stuttgarti-katolikusok.de\/index.php\/2023-februar-13-es-19-kozott\/","og_locale":"hu_HU","og_type":"article","og_title":"2023. FEBRU\u00c1R 13 \u00c9S 19 K\u00d6Z\u00d6TT - Stuttgarti Katolikusok","og_description":"Programel\u0151zetes * Febru\u00e1r 17-\u00e9n, p\u00e9nteken, Stuttgarti d\u00e9lut\u00e1n, 18.00 \u00f3rakor szentmise, el\u0151tte r\u00f3zsaf\u00fcz\u00e9rt im\u00e1dkozunk. Szentmise keret\u00e9ben Besz\u00e9lget\u00e9sek a katekizmusr\u00f3l. * Febru\u00e1r 18-\u00e1n, szombaton, Heidenheimban 15.30 \u00f3rakor szentmise,\u00a0ut\u00e1na\u00a0agap\u00e9. Helysz\u00edn: \u00d6kumenisches Gemeindezentrum Mittelrain, Hans-Thoma-Stra\u00dfe 50, 89520 Heidenheim an der Brenz * Febru\u00e1r 19-\u00e9n, \u00c9vk\u00f6zi 7. vas\u00e1rnap, Stuttgartban 11.30 \u00f3rakor szentmise, Eislingenben 15.30 \u00f3rakor szentmise,\u00a0ut\u00e1na agap\u00e9, benne hagyom\u00e1nyos k\u00f6z\u00f6s\u00a0farsangol\u00e1s. \u00a0* Minden helyen mindenkit szeretettel v\u00e1r a k\u00f6z\u00f6ss\u00e9g \u00e9s Tibor atya! * Bens\u0151s\u00e9ges \u00e9s kellemes farsangi napokat, j\u00f3 tal\u00e1lkoz\u00e1sokat \u00e9s sok \u00f6r\u00f6met k\u00edv\u00e1nok minden kedves H\u00edvemnek. * \u00a0\u201eAz \u00e9let minden csat\u00e1ja arra j\u00f3, hogy tanuljunk valamit bel\u0151le, m\u00e9g azokb\u00f3l is, amelyeket elvesz\u00edt\u00fcnk.\u201d (Paulo Coelho \u2013 sz. 1947 \u2013 brazil \u00edr\u00f3) (K\u00e9p forr\u00e1sa: pixabay)","og_url":"https:\/\/stuttgarti-katolikusok.de\/index.php\/2023-februar-13-es-19-kozott\/","og_site_name":"Stuttgarti Katolikusok","article_published_time":"2023-02-13T09:40:29+00:00","article_modified_time":"2023-02-13T21:54:02+00:00","og_image":[{"width":1280,"height":853,"url":"https:\/\/stuttgarti-katolikusok.de\/wp-content\/uploads\/2022\/02\/szeretet-es-kereszt.jpg","type":"image\/jpeg"}],"author":"Tibor atya","twitter_card":"summary_large_image","twitter_misc":{"Szerz\u0151:":"Tibor atya","Becs\u00fclt olvas\u00e1si id\u0151":"1 perc"},"schema":{"@context":"https:\/\/schema.org","@graph":[{"@type":"Article","@id":"https:\/\/stuttgarti-katolikusok.de\/index.php\/2023-februar-13-es-19-kozott\/#article","isPartOf":{"@id":"https:\/\/stuttgarti-katolikusok.de\/index.php\/2023-februar-13-es-19-kozott\/"},"author":{"name":"Tibor atya","@id":"https:\/\/stuttgarti-katolikusok.de\/#\/schema\/person\/75908d6f8fdc03a57889d27209df7795"},"headline":"2023. FEBRU\u00c1R 13 \u00c9S 19 K\u00d6Z\u00d6TT","datePublished":"2023-02-13T09:40:29+00:00","dateModified":"2023-02-13T21:54:02+00:00","mainEntityOfPage":{"@id":"https:\/\/stuttgarti-katolikusok.de\/index.php\/2023-februar-13-es-19-kozott\/"},"wordCount":151,"image":{"@id":"https:\/\/stuttgarti-katolikusok.de\/index.php\/2023-februar-13-es-19-kozott\/#primaryimage"},"thumbnailUrl":"https:\/\/stuttgarti-katolikusok.de\/wp-content\/uploads\/2022\/02\/szeretet-es-kereszt.jpg","articleSection":["Progamel\u0151zetes"],"inLanguage":"hu"},{"@type":"WebPage","@id":"https:\/\/stuttgarti-katolikusok.de\/index.php\/2023-februar-13-es-19-kozott\/","url":"https:\/\/stuttgarti-katolikusok.de\/index.php\/2023-februar-13-es-19-kozott\/","name":"2023. FEBRU\u00c1R 13 \u00c9S 19 K\u00d6Z\u00d6TT - Stuttgarti Katolikusok","isPartOf":{"@id":"https:\/\/stuttgarti-katolikusok.de\/#website"},"primaryImageOfPage":{"@id":"https:\/\/stuttgarti-katolikusok.de\/index.php\/2023-februar-13-es-19-kozott\/#primaryimage"},"image":{"@id":"https:\/\/stuttgarti-katolikusok.de\/index.php\/2023-februar-13-es-19-kozott\/#primaryimage"},"thumbnailUrl":"https:\/\/stuttgarti-katolikusok.de\/wp-content\/uploads\/2022\/02\/szeretet-es-kereszt.jpg","datePublished":"2023-02-13T09:40:29+00:00","dateModified":"2023-02-13T21:54:02+00:00","author":{"@id":"https:\/\/stuttgarti-katolikusok.de\/#\/schema\/person\/75908d6f8fdc03a57889d27209df7795"},"breadcrumb":{"@id":"https:\/\/stuttgarti-katolikusok.de\/index.php\/2023-februar-13-es-19-kozott\/#breadcrumb"},"inLanguage":"hu","potentialAction":[{"@type":"ReadAction","target":["https:\/\/stuttgarti-katolikusok.de\/index.php\/2023-februar-13-es-19-kozott\/"]}]},{"@type":"ImageObject","inLanguage":"hu","@id":"https:\/\/stuttgarti-katolikusok.de\/index.php\/2023-februar-13-es-19-kozott\/#primaryimage","url":"https:\/\/stuttgarti-katolikusok.de\/wp-content\/uploads\/2022\/02\/szeretet-es-kereszt.jpg","contentUrl":"https:\/\/stuttgarti-katolikusok.de\/wp-content\/uploads\/2022\/02\/szeretet-es-kereszt.jpg","width":1280,"height":853},{"@type":"BreadcrumbList","@id":"https:\/\/stuttgarti-katolikusok.de\/index.php\/2023-februar-13-es-19-kozott\/#breadcrumb","itemListElement":[{"@type":"ListItem","position":1,"name":"Kezd\u0151lap","item":"https:\/\/stuttgarti-katolikusok.de\/"},{"@type":"ListItem","position":2,"name":"2023. FEBRU\u00c1R 13 \u00c9S 19 K\u00d6Z\u00d6TT"}]},{"@type":"WebSite","@id":"https:\/\/stuttgarti-katolikusok.de\/#website","url":"https:\/\/stuttgarti-katolikusok.de\/","name":"Stuttgarti Katolikusok","description":"","potentialAction":[{"@type":"SearchAction","target":{"@type":"EntryPoint","urlTemplate":"https:\/\/stuttgarti-katolikusok.de\/?s={search_term_string}"},"query-input":{"@type":"PropertyValueSpecification","valueRequired":true,"valueName":"search_term_string"}}],"inLanguage":"hu"},{"@type":"Person","@id":"https:\/\/stuttgarti-katolikusok.de\/#\/schema\/person\/75908d6f8fdc03a57889d27209df7795","name":"Tibor atya","image":{"@type":"ImageObject","inLanguage":"hu","@id":"https:\/\/secure.gravatar.com\/avatar\/61d268e57d1f4525b111222e29d2d5a7f8c420fdbf231ba5566a8ceac74fa960?s=96&d=mm&r=g","url":"https:\/\/secure.gravatar.com\/avatar\/61d268e57d1f4525b111222e29d2d5a7f8c420fdbf231ba5566a8ceac74fa960?s=96&d=mm&r=g","contentUrl":"https:\/\/secure.gravatar.com\/avatar\/61d268e57d1f4525b111222e29d2d5a7f8c420fdbf231ba5566a8ceac74fa960?s=96&d=mm&r=g","caption":"Tibor atya"},"url":"https:\/\/stuttgarti-katolikusok.de\/index.php\/author\/tibor-atya\/"}]}},"_links":{"self":[{"href":"https:\/\/stuttgarti-katolikusok.de\/index.php\/wp-json\/wp\/v2\/posts\/26272","targetHints":{"allow":["GET"]}}],"collection":[{"href":"https:\/\/stuttgarti-katolikusok.de\/index.php\/wp-json\/wp\/v2\/posts"}],"about":[{"href":"https:\/\/stuttgarti-katolikusok.de\/index.php\/wp-json\/wp\/v2\/types\/post"}],"author":[{"embeddable":true,"href":"https:\/\/stuttgarti-katolikusok.de\/index.php\/wp-json\/wp\/v2\/users\/3"}],"replies":[{"embeddable":true,"href":"https:\/\/stuttgarti-katolikusok.de\/index.php\/wp-json\/wp\/v2\/comments?post=26272"}],"version-history":[{"count":5,"href":"https:\/\/stuttgarti-katolikusok.de\/index.php\/wp-json\/wp\/v2\/posts\/26272\/revisions"}],"predecessor-version":[{"id":26285,"href":"https:\/\/stuttgarti-katolikusok.de\/index.php\/wp-json\/wp\/v2\/posts\/26272\/revisions\/26285"}],"wp:featuredmedia":[{"embeddable":true,"href":"https:\/\/stuttgarti-katolikusok.de\/index.php\/wp-json\/wp\/v2\/media\/22926"}],"wp:attachment":[{"href":"https:\/\/stuttgarti-katolikusok.de\/index.php\/wp-json\/wp\/v2\/media?parent=26272"}],"wp:term":[{"taxonomy":"category","embeddable":true,"href":"https:\/\/stuttgarti-katolikusok.de\/index.php\/wp-json\/wp\/v2\/categories?post=26272"},{"taxonomy":"post_tag","embeddable":true,"href":"https:\/\/stuttgarti-katolikusok.de\/index.php\/wp-json\/wp\/v2\/tags?post=26272"}],"curies":[{"name":"wp","href":"https:\/\/api.w.org\/{rel}","templated":true}]}}