{"id":24762,"date":"2023-01-23T16:16:00","date_gmt":"2023-01-23T15:16:00","guid":{"rendered":"https:\/\/stuttgarti-katolikusok.de\/?p=24762"},"modified":"2023-01-23T16:16:00","modified_gmt":"2023-01-23T15:16:00","slug":"bali-meghivonk","status":"publish","type":"post","link":"https:\/\/stuttgarti-katolikusok.de\/index.php\/bali-meghivonk\/","title":{"rendered":"B\u00e1li megh\u00edv\u00f3nk"},"content":{"rendered":"<p><span style=\"color: #ff6600;\">Kedves H\u00edveink, Bar\u00e1taink!<\/span><\/p>\n<p>&nbsp;<\/p>\n<p><span style=\"color: #ff6600;\">M\u00e1r csak n\u00e9h\u00e1ny nap v\u00e1laszt el benn\u00fcnket idei, 48. Stuttgarti Magyar Katolikus J\u00f3t\u00e9konys\u00e1gi B\u00e1lunkt\u00f3l.<\/span><\/p>\n<p><span style=\"color: #ff6600;\">Kimondhatatlanul nagy \u00f6r\u00f6m mindannyiunk sz\u00e1m\u00e1ra, hogy \u00fajb\u00f3l, minden korl\u00e1toz\u00e1s n\u00e9lk\u00fcl, egy\u00fctt lehet\u00fcnk.<\/span><\/p>\n<p><span style=\"color: #ff6600;\">K\u00f6sz\u00f6net mindenkinek, aki sz\u00edv\u00fcgy\u00e9nek tekintette mostani j\u00f3t\u00e9konys\u00e1gi b\u00e1lunk megtart\u00e1s\u00e1t \u00e9s annak n\u00e9pszer\u0171s\u00edt\u00e9s\u00e9t.\u00a0<\/span><\/p>\n<p><span style=\"color: #ff6600;\">M\u00e1ra, minden v\u00e1rakoz\u00e1sunkat fel\u00fclm\u00falva, szinte minden bel\u00e9p\u0151jegy elkelt!\u00a0<\/span><\/p>\n<p><em><span style=\"color: #ff00ff;\">Honlapunkon kereszt\u00fcl m\u00e1r nem lehet jegyet ig\u00e9nyelni!<\/span><\/em><\/p>\n<p><em><span style=\"color: #ff00ff;\">A helysz\u00ednen viszont janu\u00e1r 28-\u00e1n, szombaton, 18.00 &#8211; 19.00 \u00f3ra k\u00f6z\u00f6tt m\u00e9g korl\u00e1tozott sz\u00e1mban v\u00e1s\u00e1rolhat\u00f3 bel\u00e9p\u0151jegy.\u00a0<\/span><\/em><\/p>\n<p><em><span style=\"color: #ff00ff;\">Az el\u0151csarnokban vannak m\u00e9g helyeink!<\/span><\/em><\/p>\n<p><span style=\"color: #ff6600;\"><em>Magyar B\u00e1l Rendez\u0151 Bizotts\u00e1ga<\/em><\/span><\/p>\n<p><span style=\"color: #ff6600;\"><a href=\"https:\/\/stuttgarti-katolikusok.de\/wp-content\/uploads\/2022\/12\/Meghivo_Magyar_Bal_Web.pdf\" class=\"pdfemb-viewer\" style=\"\" data-width=\"max\" data-height=\"max\" data-toolbar=\"bottom\" data-toolbar-fixed=\"off\">Meghivo_Magyar_Bal_Web<\/a><\/span><\/p>\n","protected":false},"excerpt":{"rendered":"<p>Kedves H\u00edveink, Bar\u00e1taink! &nbsp; M\u00e1r csak n\u00e9h\u00e1ny nap v\u00e1laszt el benn\u00fcnket idei, 48. Stuttgarti Magyar Katolikus J\u00f3t\u00e9konys\u00e1gi B\u00e1lunkt\u00f3l. Kimondhatatlanul nagy \u00f6r\u00f6m mindannyiunk sz\u00e1m\u00e1ra, hogy \u00fajb\u00f3l, minden korl\u00e1toz\u00e1s n\u00e9lk\u00fcl, egy\u00fctt lehet\u00fcnk. K\u00f6sz\u00f6net mindenkinek, aki sz\u00edv\u00fcgy\u00e9nek tekintette mostani j\u00f3t\u00e9konys\u00e1gi b\u00e1lunk megtart\u00e1s\u00e1t \u00e9s annak n\u00e9pszer\u0171s\u00edt\u00e9s\u00e9t.\u00a0 M\u00e1ra, minden v\u00e1rakoz\u00e1sunkat fel\u00fclm\u00falva, szinte minden bel\u00e9p\u0151jegy elkelt!\u00a0 Honlapunkon kereszt\u00fcl m\u00e1r nem lehet jegyet ig\u00e9nyelni! A helysz\u00ednen viszont janu\u00e1r 28-\u00e1n, szombaton, 18.00 &#8211; 19.00 \u00f3ra k\u00f6z\u00f6tt m\u00e9g korl\u00e1tozott sz\u00e1mban v\u00e1s\u00e1rolhat\u00f3 bel\u00e9p\u0151jegy.\u00a0 Az el\u0151csarnokban vannak m\u00e9g helyeink! Magyar B\u00e1l Rendez\u0151 Bizotts\u00e1ga<\/p>\n","protected":false},"author":3,"featured_media":24030,"comment_status":"closed","ping_status":"closed","sticky":false,"template":"","format":"standard","meta":{"footnotes":""},"categories":[5],"tags":[],"class_list":["post-24762","post","type-post","status-publish","format-standard","has-post-thumbnail","hentry","category-hirek"],"yoast_head":"<!-- This site is optimized with the Yoast SEO plugin v27.3 - https:\/\/yoast.com\/product\/yoast-seo-wordpress\/ -->\n<title>B\u00e1li megh\u00edv\u00f3nk - Stuttgarti Katolikusok<\/title>\n<meta name=\"robots\" content=\"index, follow, max-snippet:-1, max-image-preview:large, max-video-preview:-1\" \/>\n<link rel=\"canonical\" href=\"https:\/\/stuttgarti-katolikusok.de\/index.php\/bali-meghivonk\/\" \/>\n<meta property=\"og:locale\" content=\"hu_HU\" \/>\n<meta property=\"og:type\" content=\"article\" \/>\n<meta property=\"og:title\" content=\"B\u00e1li megh\u00edv\u00f3nk - Stuttgarti Katolikusok\" \/>\n<meta property=\"og:description\" content=\"Kedves H\u00edveink, Bar\u00e1taink! &nbsp; M\u00e1r csak n\u00e9h\u00e1ny nap v\u00e1laszt el benn\u00fcnket idei, 48. Stuttgarti Magyar Katolikus J\u00f3t\u00e9konys\u00e1gi B\u00e1lunkt\u00f3l. Kimondhatatlanul nagy \u00f6r\u00f6m mindannyiunk sz\u00e1m\u00e1ra, hogy \u00fajb\u00f3l, minden korl\u00e1toz\u00e1s n\u00e9lk\u00fcl, egy\u00fctt lehet\u00fcnk. K\u00f6sz\u00f6net mindenkinek, aki sz\u00edv\u00fcgy\u00e9nek tekintette mostani j\u00f3t\u00e9konys\u00e1gi b\u00e1lunk megtart\u00e1s\u00e1t \u00e9s annak n\u00e9pszer\u0171s\u00edt\u00e9s\u00e9t.\u00a0 M\u00e1ra, minden v\u00e1rakoz\u00e1sunkat fel\u00fclm\u00falva, szinte minden bel\u00e9p\u0151jegy elkelt!\u00a0 Honlapunkon kereszt\u00fcl m\u00e1r nem lehet jegyet ig\u00e9nyelni! A helysz\u00ednen viszont janu\u00e1r 28-\u00e1n, szombaton, 18.00 &#8211; 19.00 \u00f3ra k\u00f6z\u00f6tt m\u00e9g korl\u00e1tozott sz\u00e1mban v\u00e1s\u00e1rolhat\u00f3 bel\u00e9p\u0151jegy.\u00a0 Az el\u0151csarnokban vannak m\u00e9g helyeink! Magyar B\u00e1l Rendez\u0151 Bizotts\u00e1ga\" \/>\n<meta property=\"og:url\" content=\"https:\/\/stuttgarti-katolikusok.de\/index.php\/bali-meghivonk\/\" \/>\n<meta property=\"og:site_name\" content=\"Stuttgarti Katolikusok\" \/>\n<meta property=\"article:published_time\" content=\"2023-01-23T15:16:00+00:00\" \/>\n<meta property=\"og:image\" content=\"https:\/\/stuttgarti-katolikusok.de\/wp-content\/uploads\/2022\/11\/whatsapp-kep-2022-11-28-234714.jpg\" \/>\n\t<meta property=\"og:image:width\" content=\"2048\" \/>\n\t<meta property=\"og:image:height\" content=\"1365\" \/>\n\t<meta property=\"og:image:type\" content=\"image\/jpeg\" \/>\n<meta name=\"author\" content=\"Tibor atya\" \/>\n<meta name=\"twitter:card\" content=\"summary_large_image\" \/>\n<meta name=\"twitter:label1\" content=\"Szerz\u0151:\" \/>\n\t<meta name=\"twitter:data1\" content=\"Tibor atya\" \/>\n\t<meta name=\"twitter:label2\" content=\"Becs\u00fclt olvas\u00e1si id\u0151\" \/>\n\t<meta name=\"twitter:data2\" content=\"1 perc\" \/>\n<script type=\"application\/ld+json\" class=\"yoast-schema-graph\">{\"@context\":\"https:\\\/\\\/schema.org\",\"@graph\":[{\"@type\":\"Article\",\"@id\":\"https:\\\/\\\/stuttgarti-katolikusok.de\\\/index.php\\\/bali-meghivonk\\\/#article\",\"isPartOf\":{\"@id\":\"https:\\\/\\\/stuttgarti-katolikusok.de\\\/index.php\\\/bali-meghivonk\\\/\"},\"author\":{\"name\":\"Tibor atya\",\"@id\":\"https:\\\/\\\/stuttgarti-katolikusok.de\\\/#\\\/schema\\\/person\\\/75908d6f8fdc03a57889d27209df7795\"},\"headline\":\"B\u00e1li megh\u00edv\u00f3nk\",\"datePublished\":\"2023-01-23T15:16:00+00:00\",\"mainEntityOfPage\":{\"@id\":\"https:\\\/\\\/stuttgarti-katolikusok.de\\\/index.php\\\/bali-meghivonk\\\/\"},\"wordCount\":160,\"image\":{\"@id\":\"https:\\\/\\\/stuttgarti-katolikusok.de\\\/index.php\\\/bali-meghivonk\\\/#primaryimage\"},\"thumbnailUrl\":\"https:\\\/\\\/stuttgarti-katolikusok.de\\\/wp-content\\\/uploads\\\/2022\\\/11\\\/whatsapp-kep-2022-11-28-234714.jpg\",\"articleSection\":[\"H\u00edrek\"],\"inLanguage\":\"hu\"},{\"@type\":\"WebPage\",\"@id\":\"https:\\\/\\\/stuttgarti-katolikusok.de\\\/index.php\\\/bali-meghivonk\\\/\",\"url\":\"https:\\\/\\\/stuttgarti-katolikusok.de\\\/index.php\\\/bali-meghivonk\\\/\",\"name\":\"B\u00e1li megh\u00edv\u00f3nk - Stuttgarti Katolikusok\",\"isPartOf\":{\"@id\":\"https:\\\/\\\/stuttgarti-katolikusok.de\\\/#website\"},\"primaryImageOfPage\":{\"@id\":\"https:\\\/\\\/stuttgarti-katolikusok.de\\\/index.php\\\/bali-meghivonk\\\/#primaryimage\"},\"image\":{\"@id\":\"https:\\\/\\\/stuttgarti-katolikusok.de\\\/index.php\\\/bali-meghivonk\\\/#primaryimage\"},\"thumbnailUrl\":\"https:\\\/\\\/stuttgarti-katolikusok.de\\\/wp-content\\\/uploads\\\/2022\\\/11\\\/whatsapp-kep-2022-11-28-234714.jpg\",\"datePublished\":\"2023-01-23T15:16:00+00:00\",\"author\":{\"@id\":\"https:\\\/\\\/stuttgarti-katolikusok.de\\\/#\\\/schema\\\/person\\\/75908d6f8fdc03a57889d27209df7795\"},\"breadcrumb\":{\"@id\":\"https:\\\/\\\/stuttgarti-katolikusok.de\\\/index.php\\\/bali-meghivonk\\\/#breadcrumb\"},\"inLanguage\":\"hu\",\"potentialAction\":[{\"@type\":\"ReadAction\",\"target\":[\"https:\\\/\\\/stuttgarti-katolikusok.de\\\/index.php\\\/bali-meghivonk\\\/\"]}]},{\"@type\":\"ImageObject\",\"inLanguage\":\"hu\",\"@id\":\"https:\\\/\\\/stuttgarti-katolikusok.de\\\/index.php\\\/bali-meghivonk\\\/#primaryimage\",\"url\":\"https:\\\/\\\/stuttgarti-katolikusok.de\\\/wp-content\\\/uploads\\\/2022\\\/11\\\/whatsapp-kep-2022-11-28-234714.jpg\",\"contentUrl\":\"https:\\\/\\\/stuttgarti-katolikusok.de\\\/wp-content\\\/uploads\\\/2022\\\/11\\\/whatsapp-kep-2022-11-28-234714.jpg\",\"width\":2048,\"height\":1365},{\"@type\":\"BreadcrumbList\",\"@id\":\"https:\\\/\\\/stuttgarti-katolikusok.de\\\/index.php\\\/bali-meghivonk\\\/#breadcrumb\",\"itemListElement\":[{\"@type\":\"ListItem\",\"position\":1,\"name\":\"Kezd\u0151lap\",\"item\":\"https:\\\/\\\/stuttgarti-katolikusok.de\\\/\"},{\"@type\":\"ListItem\",\"position\":2,\"name\":\"B\u00e1li megh\u00edv\u00f3nk\"}]},{\"@type\":\"WebSite\",\"@id\":\"https:\\\/\\\/stuttgarti-katolikusok.de\\\/#website\",\"url\":\"https:\\\/\\\/stuttgarti-katolikusok.de\\\/\",\"name\":\"Stuttgarti Katolikusok\",\"description\":\"\",\"potentialAction\":[{\"@type\":\"SearchAction\",\"target\":{\"@type\":\"EntryPoint\",\"urlTemplate\":\"https:\\\/\\\/stuttgarti-katolikusok.de\\\/?s={search_term_string}\"},\"query-input\":{\"@type\":\"PropertyValueSpecification\",\"valueRequired\":true,\"valueName\":\"search_term_string\"}}],\"inLanguage\":\"hu\"},{\"@type\":\"Person\",\"@id\":\"https:\\\/\\\/stuttgarti-katolikusok.de\\\/#\\\/schema\\\/person\\\/75908d6f8fdc03a57889d27209df7795\",\"name\":\"Tibor atya\",\"image\":{\"@type\":\"ImageObject\",\"inLanguage\":\"hu\",\"@id\":\"https:\\\/\\\/secure.gravatar.com\\\/avatar\\\/61d268e57d1f4525b111222e29d2d5a7f8c420fdbf231ba5566a8ceac74fa960?s=96&d=mm&r=g\",\"url\":\"https:\\\/\\\/secure.gravatar.com\\\/avatar\\\/61d268e57d1f4525b111222e29d2d5a7f8c420fdbf231ba5566a8ceac74fa960?s=96&d=mm&r=g\",\"contentUrl\":\"https:\\\/\\\/secure.gravatar.com\\\/avatar\\\/61d268e57d1f4525b111222e29d2d5a7f8c420fdbf231ba5566a8ceac74fa960?s=96&d=mm&r=g\",\"caption\":\"Tibor atya\"},\"url\":\"https:\\\/\\\/stuttgarti-katolikusok.de\\\/index.php\\\/author\\\/tibor-atya\\\/\"}]}<\/script>\n<!-- \/ Yoast SEO plugin. -->","yoast_head_json":{"title":"B\u00e1li megh\u00edv\u00f3nk - Stuttgarti Katolikusok","robots":{"index":"index","follow":"follow","max-snippet":"max-snippet:-1","max-image-preview":"max-image-preview:large","max-video-preview":"max-video-preview:-1"},"canonical":"https:\/\/stuttgarti-katolikusok.de\/index.php\/bali-meghivonk\/","og_locale":"hu_HU","og_type":"article","og_title":"B\u00e1li megh\u00edv\u00f3nk - Stuttgarti Katolikusok","og_description":"Kedves H\u00edveink, Bar\u00e1taink! &nbsp; M\u00e1r csak n\u00e9h\u00e1ny nap v\u00e1laszt el benn\u00fcnket idei, 48. Stuttgarti Magyar Katolikus J\u00f3t\u00e9konys\u00e1gi B\u00e1lunkt\u00f3l. Kimondhatatlanul nagy \u00f6r\u00f6m mindannyiunk sz\u00e1m\u00e1ra, hogy \u00fajb\u00f3l, minden korl\u00e1toz\u00e1s n\u00e9lk\u00fcl, egy\u00fctt lehet\u00fcnk. K\u00f6sz\u00f6net mindenkinek, aki sz\u00edv\u00fcgy\u00e9nek tekintette mostani j\u00f3t\u00e9konys\u00e1gi b\u00e1lunk megtart\u00e1s\u00e1t \u00e9s annak n\u00e9pszer\u0171s\u00edt\u00e9s\u00e9t.\u00a0 M\u00e1ra, minden v\u00e1rakoz\u00e1sunkat fel\u00fclm\u00falva, szinte minden bel\u00e9p\u0151jegy elkelt!\u00a0 Honlapunkon kereszt\u00fcl m\u00e1r nem lehet jegyet ig\u00e9nyelni! A helysz\u00ednen viszont janu\u00e1r 28-\u00e1n, szombaton, 18.00 &#8211; 19.00 \u00f3ra k\u00f6z\u00f6tt m\u00e9g korl\u00e1tozott sz\u00e1mban v\u00e1s\u00e1rolhat\u00f3 bel\u00e9p\u0151jegy.\u00a0 Az el\u0151csarnokban vannak m\u00e9g helyeink! Magyar B\u00e1l Rendez\u0151 Bizotts\u00e1ga","og_url":"https:\/\/stuttgarti-katolikusok.de\/index.php\/bali-meghivonk\/","og_site_name":"Stuttgarti Katolikusok","article_published_time":"2023-01-23T15:16:00+00:00","og_image":[{"width":2048,"height":1365,"url":"https:\/\/stuttgarti-katolikusok.de\/wp-content\/uploads\/2022\/11\/whatsapp-kep-2022-11-28-234714.jpg","type":"image\/jpeg"}],"author":"Tibor atya","twitter_card":"summary_large_image","twitter_misc":{"Szerz\u0151:":"Tibor atya","Becs\u00fclt olvas\u00e1si id\u0151":"1 perc"},"schema":{"@context":"https:\/\/schema.org","@graph":[{"@type":"Article","@id":"https:\/\/stuttgarti-katolikusok.de\/index.php\/bali-meghivonk\/#article","isPartOf":{"@id":"https:\/\/stuttgarti-katolikusok.de\/index.php\/bali-meghivonk\/"},"author":{"name":"Tibor atya","@id":"https:\/\/stuttgarti-katolikusok.de\/#\/schema\/person\/75908d6f8fdc03a57889d27209df7795"},"headline":"B\u00e1li megh\u00edv\u00f3nk","datePublished":"2023-01-23T15:16:00+00:00","mainEntityOfPage":{"@id":"https:\/\/stuttgarti-katolikusok.de\/index.php\/bali-meghivonk\/"},"wordCount":160,"image":{"@id":"https:\/\/stuttgarti-katolikusok.de\/index.php\/bali-meghivonk\/#primaryimage"},"thumbnailUrl":"https:\/\/stuttgarti-katolikusok.de\/wp-content\/uploads\/2022\/11\/whatsapp-kep-2022-11-28-234714.jpg","articleSection":["H\u00edrek"],"inLanguage":"hu"},{"@type":"WebPage","@id":"https:\/\/stuttgarti-katolikusok.de\/index.php\/bali-meghivonk\/","url":"https:\/\/stuttgarti-katolikusok.de\/index.php\/bali-meghivonk\/","name":"B\u00e1li megh\u00edv\u00f3nk - Stuttgarti Katolikusok","isPartOf":{"@id":"https:\/\/stuttgarti-katolikusok.de\/#website"},"primaryImageOfPage":{"@id":"https:\/\/stuttgarti-katolikusok.de\/index.php\/bali-meghivonk\/#primaryimage"},"image":{"@id":"https:\/\/stuttgarti-katolikusok.de\/index.php\/bali-meghivonk\/#primaryimage"},"thumbnailUrl":"https:\/\/stuttgarti-katolikusok.de\/wp-content\/uploads\/2022\/11\/whatsapp-kep-2022-11-28-234714.jpg","datePublished":"2023-01-23T15:16:00+00:00","author":{"@id":"https:\/\/stuttgarti-katolikusok.de\/#\/schema\/person\/75908d6f8fdc03a57889d27209df7795"},"breadcrumb":{"@id":"https:\/\/stuttgarti-katolikusok.de\/index.php\/bali-meghivonk\/#breadcrumb"},"inLanguage":"hu","potentialAction":[{"@type":"ReadAction","target":["https:\/\/stuttgarti-katolikusok.de\/index.php\/bali-meghivonk\/"]}]},{"@type":"ImageObject","inLanguage":"hu","@id":"https:\/\/stuttgarti-katolikusok.de\/index.php\/bali-meghivonk\/#primaryimage","url":"https:\/\/stuttgarti-katolikusok.de\/wp-content\/uploads\/2022\/11\/whatsapp-kep-2022-11-28-234714.jpg","contentUrl":"https:\/\/stuttgarti-katolikusok.de\/wp-content\/uploads\/2022\/11\/whatsapp-kep-2022-11-28-234714.jpg","width":2048,"height":1365},{"@type":"BreadcrumbList","@id":"https:\/\/stuttgarti-katolikusok.de\/index.php\/bali-meghivonk\/#breadcrumb","itemListElement":[{"@type":"ListItem","position":1,"name":"Kezd\u0151lap","item":"https:\/\/stuttgarti-katolikusok.de\/"},{"@type":"ListItem","position":2,"name":"B\u00e1li megh\u00edv\u00f3nk"}]},{"@type":"WebSite","@id":"https:\/\/stuttgarti-katolikusok.de\/#website","url":"https:\/\/stuttgarti-katolikusok.de\/","name":"Stuttgarti Katolikusok","description":"","potentialAction":[{"@type":"SearchAction","target":{"@type":"EntryPoint","urlTemplate":"https:\/\/stuttgarti-katolikusok.de\/?s={search_term_string}"},"query-input":{"@type":"PropertyValueSpecification","valueRequired":true,"valueName":"search_term_string"}}],"inLanguage":"hu"},{"@type":"Person","@id":"https:\/\/stuttgarti-katolikusok.de\/#\/schema\/person\/75908d6f8fdc03a57889d27209df7795","name":"Tibor atya","image":{"@type":"ImageObject","inLanguage":"hu","@id":"https:\/\/secure.gravatar.com\/avatar\/61d268e57d1f4525b111222e29d2d5a7f8c420fdbf231ba5566a8ceac74fa960?s=96&d=mm&r=g","url":"https:\/\/secure.gravatar.com\/avatar\/61d268e57d1f4525b111222e29d2d5a7f8c420fdbf231ba5566a8ceac74fa960?s=96&d=mm&r=g","contentUrl":"https:\/\/secure.gravatar.com\/avatar\/61d268e57d1f4525b111222e29d2d5a7f8c420fdbf231ba5566a8ceac74fa960?s=96&d=mm&r=g","caption":"Tibor atya"},"url":"https:\/\/stuttgarti-katolikusok.de\/index.php\/author\/tibor-atya\/"}]}},"_links":{"self":[{"href":"https:\/\/stuttgarti-katolikusok.de\/index.php\/wp-json\/wp\/v2\/posts\/24762","targetHints":{"allow":["GET"]}}],"collection":[{"href":"https:\/\/stuttgarti-katolikusok.de\/index.php\/wp-json\/wp\/v2\/posts"}],"about":[{"href":"https:\/\/stuttgarti-katolikusok.de\/index.php\/wp-json\/wp\/v2\/types\/post"}],"author":[{"embeddable":true,"href":"https:\/\/stuttgarti-katolikusok.de\/index.php\/wp-json\/wp\/v2\/users\/3"}],"replies":[{"embeddable":true,"href":"https:\/\/stuttgarti-katolikusok.de\/index.php\/wp-json\/wp\/v2\/comments?post=24762"}],"version-history":[{"count":1,"href":"https:\/\/stuttgarti-katolikusok.de\/index.php\/wp-json\/wp\/v2\/posts\/24762\/revisions"}],"predecessor-version":[{"id":24763,"href":"https:\/\/stuttgarti-katolikusok.de\/index.php\/wp-json\/wp\/v2\/posts\/24762\/revisions\/24763"}],"wp:featuredmedia":[{"embeddable":true,"href":"https:\/\/stuttgarti-katolikusok.de\/index.php\/wp-json\/wp\/v2\/media\/24030"}],"wp:attachment":[{"href":"https:\/\/stuttgarti-katolikusok.de\/index.php\/wp-json\/wp\/v2\/media?parent=24762"}],"wp:term":[{"taxonomy":"category","embeddable":true,"href":"https:\/\/stuttgarti-katolikusok.de\/index.php\/wp-json\/wp\/v2\/categories?post=24762"},{"taxonomy":"post_tag","embeddable":true,"href":"https:\/\/stuttgarti-katolikusok.de\/index.php\/wp-json\/wp\/v2\/tags?post=24762"}],"curies":[{"name":"wp","href":"https:\/\/api.w.org\/{rel}","templated":true}]}}