{"id":24729,"date":"2026-01-24T10:15:01","date_gmt":"2026-01-24T09:15:01","guid":{"rendered":"https:\/\/stuttgarti-katolikusok.de\/?p=24729"},"modified":"2026-01-25T00:21:05","modified_gmt":"2026-01-24T23:21:05","slug":"evkozi-3-vasarnap-isten-igejenek-vasarnapja","status":"publish","type":"post","link":"https:\/\/stuttgarti-katolikusok.de\/index.php\/evkozi-3-vasarnap-isten-igejenek-vasarnapja\/","title":{"rendered":"\u00c9vk\u00f6zi 3. vas\u00e1rnap \u2013 Isten ig\u00e9j\u00e9nek vas\u00e1rnapja"},"content":{"rendered":"<p><span style=\"color: #ff6600;\"><em>Nyilv\u00e1nos m\u0171k\u00f6d\u00e9s\u00e9nek kezdet\u00e9n, err\u0151l hallhattunk az elm\u00falt vas\u00e1rnapokon, J\u00e9zus meghirdeti tan\u00edt\u00e1s\u00e1nak k\u00f6zponti \u00fczenet\u00e9t: Isten orsz\u00e1g\u00e1ba csak az l\u00e9phet be, aki b\u0171nb\u00e1natot tart \u00e9s megt\u00e9r. A megt\u00e9r\u00e9s nem egy pillanat m\u0171ve, hanem egy \u00e1lland\u00f3, \u00e9let\u00fcnket v\u00e9gig k\u00eds\u00e9r\u0151 folyamat. \u00d6nreflexi\u00f3nak is nevezhetn\u00e9m. Benne \u00fajra \u00e9rt\u00e9kelem \u00e9letemet Krisztus megh\u00edv\u00f3 szav\u00e1nak t\u00fckr\u00e9ben. Amennyiben ezt teszem, \u00fagy folyamatosan \u00e9p\u00edtem lelkemben Isten orsz\u00e1g\u00e1t. Eszk\u00f6zei: a hitb\u0151l fakad\u00f3 im\u00e1ds\u00e1g, az egyet\u00e9rt\u00e9sre t\u00f6rekv\u0151 testv\u00e9ri szeretet \u00e9s J\u00e9zus Krisztus megsz\u00f3l\u00edt\u00f3 \u00e9s h\u00edv\u00f3 szav\u00e1nak h\u0171s\u00e9ges k\u00f6vet\u00e9se.<\/em><\/span><\/p>\n<p><span style=\"color: #ff6600;\"><em>Az olvasm\u00e1nyban Izaj\u00e1s pr\u00f3f\u00e9ta, Kr. e. 732-ben vagyunk, amikoris Izrael \u00e9szaki r\u00e9sz\u00e9t elfoglalj\u00e1k az assz\u00edrok, \u00e9s a lakoss\u00e1got fogs\u00e1gba hurcolj\u00e1k, a <strong>REM\u00c9NY<\/strong> hangj\u00e1n sz\u00f3lal meg. B\u00e1r sorsuk, ott \u00e9s akkor, kil\u00e1t\u00e1stalannak t\u0171nik, m\u00e9gis b\u00edztatja \u0151ket: &#8222;A n\u00e9p, amely s\u00f6t\u00e9ts\u00e9gben j\u00e1r, nagy f\u00e9nyess\u00e9get l\u00e1t.&#8221; \u00dczenete az olvasm\u00e1nynak sz\u00e1momra egy\u00e9rtelm\u0171: \u0151riznem kell lelkemben a rem\u00e9nynek \u00e9letem s\u00f6t\u00e9ts\u00e9g\u00e9n is \u00e1tragyog\u00f3 erej\u00e9t \u00e9s f\u00e9ny\u00e9t. Ezt az \u00e9rz\u00e9st er\u0151s\u00edti fel a v\u00e1laszos zsolt\u00e1r visszat\u00e9r\u0151 foh\u00e1sza: &#8221; Vil\u00e1goss\u00e1gom az Isten, * \u00fcdv\u00f6z\u00edt engem.&#8221;<\/em><\/span><\/p>\n<p><span style=\"color: #ff6600;\"><em>A <strong>p\u00e1rtoskod\u00e1s<\/strong> \u00e9s nyom\u00e1ban jelentkez\u0151 <strong>megosztotts\u00e1g<\/strong> t\u00f6nkre teszi egy\u00e9nek \u00e9s k\u00f6z\u00f6ss\u00e9gek \u00e9let\u00e9t. P\u00e1l apostol tollat ragad, \u00e9s levelet \u00edr a Korintusban \u00e9l\u0151, sz\u00e1m\u00e1ra nagyon kedves h\u00edveknek. Err\u0151l hallunk a szentleck\u00e9ben. \u00c9rdemes megfigyelni, hogy J\u00e9zus Krisztus nev\u00e9re hivatkozva sz\u00f3l\u00edtja meg \u0151ket. Mit is jelent mindez? A korintusi k\u00f6z\u00f6ss\u00e9g J\u00e9zus Krisztus nev\u00e9ben sz\u00fcletett. Vagyis, amikor fel\u00fcti a fej\u00e9t a p\u00e1rtoskod\u00e1s szelleme, a korintusi k\u00f6z\u00f6ss\u00e9g tagjai c\u00e9lt t\u00e9vesztenek. Megfeledkeznek a k\u00f6z\u00f6ss\u00e9g alap\u00edt\u00f3j\u00e1r\u00f3l, szek\u00e9rt\u00e1borokat alkotnak: \u201e\u00c9n P\u00e1llal tartok, \u00e9n meg Apoll\u00f3val, \u00e9n K\u00e9f\u00e1ssal, \u00e9n meg Krisztussal!\u201d B\u00e1r n\u00e9h\u00e1nyuk sz\u00e1m\u00e1ra vil\u00e1gos, hogy Krisztushoz kell tartozniuk, a t\u00f6bbiek megoszt\u00f3 aknamunk\u00e1ja az eg\u00e9sz k\u00f6z\u00f6ss\u00e9get rombolja. C\u00e9lt t\u00e9vesztettek azok, akik P\u00e1lhoz, Apoll\u00f3hoz, vagy K\u00e9f\u00e1shoz tartoz\u00f3nak vallott\u00e1k magukat. Szem\u00e9lyhez ragaszkodni azt jelenti, hogy elvesz\u00edtem a f\u00f3kuszt, a l\u00e9nyeget. Nincs ez m\u00e1sk\u00e9nt ma sem! Itt \u00e9rdemes mindenkinek elv\u00e9gezni a maga munk\u00e1j\u00e1t&#8230;<\/em><\/span><\/p>\n<p><span style=\"color: #ff6600;\"><em>Az evang\u00e9liumban megh\u00edv\u00e1s t\u00f6rt\u00e9neteket hallunk. Saj\u00e1tos dinamik\u00e1ja van minden egy\u00e9ni megh\u00edv\u00e1snak. Elhangzik Krisztus h\u00edv\u00f3 szava. Az egy\u00e9n szabadon meghozott d\u00f6nt\u00e9se pedig az arra adott v\u00e1lasz. Radik\u00e1lis d\u00f6nt\u00e9s ez! J\u00e9zus k\u00e9t-k\u00e9t testv\u00e9rp\u00e1rt h\u00edv k\u00f6vet\u00e9s\u00e9re, olvassuk a mai evang\u00e9liumi r\u00e9szben. K\u00f6z\u00f6s benn\u00fck: &#8222;Erre azok otthagyt\u00e1k h\u00e1l\u00f3ikat \u00e9s k\u00f6vett\u00e9k \u0151t.&#8221;; &#8222;Otthagyt\u00e1k a cs\u00f3nakot \u00e9s az apjukat, \u00e9s k\u00f6vett\u00e9k \u0151t.&#8221; &#8211; <strong>OTTHAGYT\u00c1K!<\/strong>\u00a0<\/em><\/span><\/p>\n<p><span style=\"color: #ff6600;\"><em>Tegnap, 2026. janu\u00e1r 23-\u00e1n vett\u00fcnk b\u00facs\u00fat S\u00e1rossy L\u00e1szl\u00f3 testv\u00e9r\u00fcnkt\u0151l, aki 94 esztend\u0151 volt. Csod\u00e1latos \u00e9s nagyon tartalmas \u00e9let volt az \u00f6v\u00e9, benne 68 esztend\u0151 feles\u00e9g\u00e9vel, \u00c9v\u00e1val. Ami \u00e9let\u00e9vel kapcsolatosan engem m\u00e9lyen meg\u00e9rintett, mindezeken t\u00fal, hogy 58 esztend\u0151 volt, amikor otthagyott mindent, sz\u00fcl\u0151f\u00f6ldj\u00e9t s mindazt, ami a biztons\u00e1got jelentette. \u00daj \u00e9letet kezdett, imm\u00e1r \u00fajb\u00f3l mindenkivel, feles\u00e9g\u00e9vel, gyermekeivel, testv\u00e9r\u00e9vel. Csal\u00e1di \u00e9rt\u00e9keket tekintve folytatt\u00e1k ott, ahol abba hagyt\u00e1k. Szakmai \u00e9rtelemben viszont testv\u00e9r\u00e9vel szintet l\u00e9ptek. Ehhez azonban ott kellett hagyni mindent.\u00a0<\/em><\/span><\/p>\n<p><strong><span style=\"color: #ff6600;\"><em>Otthagyni &#8211; elhagyni &#8211; elengedni&#8230; Mindez az egy\u00e9ni megh\u00edv\u00e1s t\u00f6rt\u00e9netek \u00f6r\u00f6k felt\u00e9tele. Mindenkin\u00e9l! N\u00e1lam is! <\/em><\/span><\/strong><\/p>\n<p><span style=\"color: #ff6600;\"><em>Tibor atya<\/em><\/span><\/p>\n<p><span style=\"color: #339966; font-family: 'book antiqua', palatino, serif;\"><em><strong>Kezd\u0151\u00e9nek:<\/strong><\/em><\/span><br \/>\n<span style=\"font-family: 'book antiqua', palatino, serif;\">\u00c9nekeljetek az \u00darnak \u00faj \u00e9neket, minden f\u00f6ld az \u00darnak \u00e9nekeljen. Sz\u00edne el\u0151tt j\u00e1r a f\u00e9nyess\u00e9g \u00e9s a f\u00f6ns\u00e9g, szent\u00e9ly\u00e9ben er\u0151 \u00e9s dics\u0151s\u00e9g! (Zsolt 95,1.6)<\/span><\/p>\n<p><span style=\"color: #339966;\"><em><strong><span style=\"font-family: 'book antiqua', palatino, serif;\">K\u00f6ny\u00f6rg\u00e9s:<\/span><\/strong><\/em><\/span><br \/>\n<span style=\"font-family: 'book antiqua', palatino, serif;\">Mindenhat\u00f3, \u00f6r\u00f6k Isten, ir\u00e1ny\u00edtsd tetteinket tetsz\u00e9sed szerint, hogy szent Fiad nev\u00e9ben min\u00e9l t\u00f6bb j\u00f3t tegy\u00fcnk. Aki veled \u00e9l \u00e9s uralkodik a Szentl\u00e9lekkel egys\u00e9gben, Isten mind\u00f6r\u00f6kk\u00f6n-\u00f6r\u00f6kk\u00e9.<\/span><\/p>\n<p align=\"justify\"><em><strong><span style=\"font-family: 'book antiqua', palatino, serif; color: #339966;\">OLVASM\u00c1NY Izaj\u00e1s pr\u00f3f\u00e9ta k\u00f6nyv\u00e9b\u0151l (<span style=\"font-family: 'book antiqua', palatino, serif;\">Iz 8,23b\u20139,3)<\/span><\/span><\/strong><\/em><br \/>\n<span style=\"font-family: 'book antiqua', palatino, serif;\"><em>A pog\u00e1ny nemzetek ter\u00fclet\u00e9n a n\u00e9p nagy f\u00e9nyess\u00e9get l\u00e1t.<\/em><\/span><br \/>\n<span style=\"font-family: 'book antiqua', palatino, serif;\">Egykor megal\u00e1zta az \u00dar Zabulon f\u00f6ldj\u00e9t \u00e9s Neftali f\u00f6ldj\u00e9t. De az elj\u00f6vend\u0151 napokban megdics\u0151\u00edti majd a Tenger \u00fatj\u00e1t, a Jord\u00e1non t\u00fali vid\u00e9ket, a pog\u00e1ny nemzetek ter\u00fclet\u00e9t. A n\u00e9p, amely s\u00f6t\u00e9ts\u00e9gben j\u00e1r, nagy f\u00e9nyess\u00e9get l\u00e1t.<\/span><br \/>\n<span style=\"font-family: 'book antiqua', palatino, serif;\">Akik a hal\u00e1l \u00e1rny\u00e9k\u00e1nak orsz\u00e1g\u00e1ban laknak, azoknak nagy vil\u00e1goss\u00e1g t\u00e1mad. Nagy ujjong\u00e1ssal t\u00f6lt\u00f6d el \u0151ket, kit\u00f6r\u0151 \u00f6r\u00f6m\u00f6t adsz nekik. \u00dagy \u00f6r\u00fclnek majd sz\u00edned el\u0151tt, ahogyan arat\u00e1skor szoktak \u00f6r\u00fclni, s ahogy akkor \u00f6r\u00fclnek, amikor a zs\u00e1km\u00e1nyt osztj\u00e1k. Mert terhes ig\u00e1j\u00e1t, a v\u00e1ll\u00e1ra nehezed\u0151 rudat, sanyargat\u00f3ja botj\u00e1t \u00f6sszet\u00f6r\u00f6d, mint Midi\u00e1ra idej\u00e9ben.<\/span><br \/>\n<span style=\"font-family: 'book antiqua', palatino, serif;\">Ez az Isten ig\u00e9je.<\/span><\/p>\n<p align=\"justify\"><span style=\"color: #339966;\"><em><strong><span style=\"font-family: 'book antiqua', palatino, serif;\">V\u00c1LASZOS ZSOLT\u00c1R (Zsolt 26,1.4.13-14)<\/span><\/strong><\/em><\/span><br \/>\n<span style=\"font-family: 'book antiqua', palatino, serif;\">V\u00e1lasz:\u00a0<strong>Vil\u00e1goss\u00e1gom az Isten, * \u00fcdv\u00f6z\u00edt engem.<\/strong>\u00a02. t\u00f3nus.<\/span><br \/>\n<span style=\"font-family: 'book antiqua', palatino, serif;\">El\u0151\u00e9nekes: Vil\u00e1goss\u00e1gom \u00e9s \u00fcdv\u00f6ss\u00e9gem az \u00dar, * kit\u0151l f\u00e9ln\u00e9k?<\/span><br \/>\n<span style=\"font-family: 'book antiqua', palatino, serif;\">\u00c9letem oltalmaz\u00f3ja az \u00dar, * kit\u0151l rettegn\u00e9k?<\/span><br \/>\n<span style=\"font-family: 'book antiqua', palatino, serif;\">H\u00edvek: Vil\u00e1goss\u00e1gom az Isten, * \u00fcdv\u00f6z\u00edt engem.<\/span><br \/>\n<span style=\"font-family: 'book antiqua', palatino, serif;\">E: Egyet k\u00e9rek az \u00dart\u00f3l, \u2020 csak egy a v\u00e1gyam, * hogy az \u00dar h\u00e1z\u00e1ban lakjam \u00e9letem minden napj\u00e1n,<\/span><br \/>\n<span style=\"font-family: 'book antiqua', palatino, serif;\">hogy \u00e9lvezhessem az \u00dar \u00f6r\u00f6m\u00e9t, * \u00e9s hogy szeml\u00e9lhessem szent templom\u00e1t.<\/span><br \/>\n<span style=\"font-family: 'book antiqua', palatino, serif;\">H: Vil\u00e1goss\u00e1gom az Isten, * \u00fcdv\u00f6z\u00edt engem.<\/span><br \/>\n<span style=\"font-family: 'book antiqua', palatino, serif;\">E: Hiszem, hogy megl\u00e1tom az \u00dar javait * az \u00e9l\u0151k f\u00f6ldj\u00e9n.<\/span><br \/>\n<span style=\"font-family: 'book antiqua', palatino, serif;\">Rem\u00e9lj az \u00darban, b\u00e1tran cselekedj, * sz\u00edved legyen er\u0151s, \u00e9s b\u00edzz\u00e1l az \u00darban.<\/span><br \/>\n<span style=\"font-family: 'book antiqua', palatino, serif;\">H: Vil\u00e1goss\u00e1gom az Isten, * \u00fcdv\u00f6z\u00edt engem.<\/span><\/p>\n<p align=\"justify\"><span style=\"color: #339966;\"><em><strong><span style=\"font-family: 'book antiqua', palatino, serif;\">SZENTLECKE Szent P\u00e1l apostolnak a korintusiakhoz \u00edrt els\u0151 level\u00e9b\u0151l (1Kor 1,10-13.17)<\/span><\/strong><\/em><\/span><br \/>\n<span style=\"font-family: 'book antiqua', palatino, serif;\"><em>\u00c9jetek mindny\u00e1jan egyet\u00e9rt\u00e9sben, \u00e9s ne szakadjatok p\u00e1rtokra!<\/em><\/span><br \/>\n<span style=\"font-family: 'book antiqua', palatino, serif;\">Testv\u00e9reim!<\/span><br \/>\n<span style=\"font-family: 'book antiqua', palatino, serif;\">Urunk J\u00e9zus Krisztus nev\u00e9re k\u00e9rlek titeket, \u00e9ljetek mindny\u00e1jan egyet\u00e9rt\u00e9sben, \u00e9s ne szakadjatok p\u00e1rtokra! Forrjatok eggy\u00e9 ugyanabban a lelk\u00fcletben, ugyanabban a felfog\u00e1sban! Klo\u00e9 hozz\u00e1tartoz\u00f3i ugyanis azt a h\u00edrt hozt\u00e1k fel\u0151letek, testv\u00e9rek, hogy p\u00e1rtokra szakadtatok. Arra gondolok, hogy akadnak k\u00f6ztetek, akik azt mondj\u00e1k: \u201e\u00c9n P\u00e1llal tartok, \u00e9n meg Apoll\u00f3val, \u00e9n K\u00e9f\u00e1ssal, \u00e9n meg Krisztussal!\u201d<\/span><br \/>\n<span style=\"font-family: 'book antiqua', palatino, serif;\">Tal\u00e1n megoszlott Krisztus? Vajon P\u00e1lt fesz\u00edtett\u00e9k \u00e9rtetek keresztre, vagy P\u00e1l nev\u00e9ben keresztelkedtetek meg?<\/span><br \/>\n<span style=\"font-family: 'book antiqua', palatino, serif;\">Krisztus engem nem keresztelni k\u00fcld\u00f6tt, hanem az\u00e9rt, hogy hirdessem az evang\u00e9liumot, \u2013 de ne b\u00f6lcselked\u0151 besz\u00e9ddel, hogy Krisztus keresztje erej\u00e9t ne vesz\u00edtse.<\/span><br \/>\n<span style=\"font-family: 'book antiqua', palatino, serif;\">Ez az Isten ig\u00e9je.<\/span><\/p>\n<p align=\"justify\"><span style=\"color: #339966;\"><em><strong><span style=\"font-family: 'book antiqua', palatino, serif;\">ALLELUJA<\/span><\/strong><\/em><\/span><br \/>\n<span style=\"font-family: 'book antiqua', palatino, serif;\">J\u00e9zus hirdette orsz\u00e1g\u00e1nak \u00f6r\u00f6mh\u00edr\u00e9t, * \u00e9s minden betegs\u00e9get meggy\u00f3gy\u00edtott a n\u00e9p k\u00f6r\u00e9ben. Mt 4,23 \u2013 2. t\u00f3nus.<\/span><\/p>\n<p align=\"justify\"><span style=\"font-family: 'book antiqua', palatino, serif;\"><em>Hosszabb forma:<\/em><\/span><br \/>\n<span style=\"color: #339966;\"><em><strong><span style=\"font-family: 'book antiqua', palatino, serif;\">\u2020 EVANG\u00c9LIUM Szent M\u00e1t\u00e9 k\u00f6nyv\u00e9b\u0151l (Mt 4,12-23 r\u00f6videbb: Mt 4,12-17)<\/span><\/strong><\/em><\/span><br \/>\n<span style=\"font-family: 'book antiqua', palatino, serif;\"><em>J\u00e9zus Kafarnaumba j\u00f6tt, hogy beteljesedj\u00e9k, amit Izaj\u00e1s mondott.<\/em><\/span><br \/>\n<span style=\"font-family: 'book antiqua', palatino, serif;\">Amikor J\u00e9zus meghallotta, hogy (Keresztel\u0151) J\u00e1nost fogs\u00e1gba vetett\u00e9k, visszat\u00e9rt Galile\u00e1ba. Elhagyta N\u00e1z\u00e1retet, \u00e9s a tengerparti Kafarnaumban telepedett le, Zabulon \u00e9s Neftali vid\u00e9k\u00e9n, hogy beteljesedj\u00e9k, amit Izaj\u00e1s pr\u00f3f\u00e9ta mondott:<\/span><br \/>\n<span style=\"font-family: 'book antiqua', palatino, serif;\">Zabulon f\u00f6ldje \u00e9s Neftali f\u00f6ldje, a tenger \u00fatja, a Jord\u00e1n vid\u00e9ke, a pog\u00e1nyok Galile\u00e1ja: A s\u00f6t\u00e9tben lak\u00f3 n\u00e9p nagy f\u00e9nyt l\u00e1t, \u00e9s f\u00e9ny virrad a hal\u00e1l hon\u00e1ban s \u00e1rny\u00e9k\u00e1ban \u00fcl\u0151kre.<\/span><br \/>\n<span style=\"font-family: 'book antiqua', palatino, serif;\">Ett\u0151l kezdve J\u00e9zus tan\u00edtani kezdett. Ezt hirdette: \u201eT\u00e9rjetek meg, mert elk\u00f6zelgett a mennyek orsz\u00e1ga!\u201d<strong><span style=\"color: #339966;\"> *<\/span><\/strong><\/span><\/p>\n<p align=\"justify\"><span style=\"font-family: 'book antiqua', palatino, serif;\">A Galileai-tenger ment\u00e9n j\u00e1rva megl\u00e1tott k\u00e9t testv\u00e9rt: Simont, akit P\u00e9ternek is neveznek, \u00e9s Andr\u00e1st, a testv\u00e9r\u00e9t. \u00c9ppen h\u00e1l\u00f3t vetettek a tengerbe, mert hal\u00e1szok voltak. \u00cdgy sz\u00f3lt hozz\u00e1juk: \u201eK\u00f6vessetek engem, \u00e9s \u00e9n emberek hal\u00e1sz\u00e1v\u00e1 teszlek titeket!\u201d Erre azok otthagyt\u00e1k h\u00e1l\u00f3ikat \u00e9s k\u00f6vett\u00e9k \u0151t. Amint onnan tov\u00e1bbment, megl\u00e1tott m\u00e1sik k\u00e9t testv\u00e9rt is: Zebedeus fi\u00e1t, Jakabot \u00e9s testv\u00e9r\u00e9t, J\u00e1nost. Apjukkal, Zebedeussal a h\u00e1l\u00f3ikat jav\u00edtott\u00e1k a cs\u00f3nakban. \u0150ket is elh\u00edvta. \u0150k is otthagyt\u00e1k a cs\u00f3nakot \u00e9s az apjukat, \u00e9s k\u00f6vett\u00e9k \u0151t.<\/span><br \/>\n<span style=\"font-family: 'book antiqua', palatino, serif;\">J\u00e9zus pedig bej\u00e1rta eg\u00e9sz Galile\u00e1t. Tan\u00edtott a zsinag\u00f3g\u00e1kban, hirdette a mennyek orsz\u00e1ga \u00f6r\u00f6mh\u00edr\u00e9t, \u00e9s meggy\u00f3gy\u00edtott a n\u00e9p k\u00f6r\u00e9ben minden betegs\u00e9get \u00e9s minden gy\u00f6trelmet.<\/span><br \/>\n<span style=\"font-family: 'book antiqua', palatino, serif;\">Ezek az evang\u00e9lium ig\u00e9i.<\/span><\/p>\n<p><span style=\"font-family: 'book antiqua', palatino, serif; color: #339966;\"><em>Vagy r\u00f6videbb forma a *-ig<\/em><\/span><\/p>\n<p><span style=\"color: #339966;\"><em><strong><span style=\"font-family: 'book antiqua', palatino, serif;\">EGYETEMES K\u00d6NY\u00d6RG\u00c9SEK<\/span><\/strong><\/em><\/span><br \/>\n<span style=\"font-family: 'book antiqua', palatino, serif;\">Pap: Im\u00e1dkozzunk, testv\u00e9reim, hogy ne az emberi b\u00f6lcsess\u00e9g, hanem Isten gondolatai ir\u00e1ny\u00edts\u00e1k \u00e9let\u00fcnket!<\/span><br \/>\n<span style=\"font-family: 'book antiqua', palatino, serif;\">Lektor: 1. Adj, Urunk, Egyh\u00e1zadnak f\u00e1radhatatlan buzg\u00f3s\u00e1got az evang\u00e9lium hirdet\u00e9s\u00e9re!<\/span><br \/>\n<span style=\"font-family: 'book antiqua', palatino, serif;\">H\u00edvek: K\u00e9r\u00fcnk T\u00e9ged, hallgass meg minket!<\/span><br \/>\n<span style=\"font-family: 'book antiqua', palatino, serif;\">2. K\u00eds\u00e9rje, Urunk, b\u0151s\u00e9ges kegyelmed a hithirdet\u0151k \u00e1ldozatos munk\u00e1j\u00e1t!<\/span><br \/>\n<span style=\"font-family: 'book antiqua', palatino, serif;\">H\u00edvek: K\u00e9r\u00fcnk T\u00e9ged, hallgass meg minket!<\/span><br \/>\n<span style=\"font-family: 'book antiqua', palatino, serif;\">3. Add, Urunk, hogy az emberek k\u00e9szs\u00e9gesen hallgass\u00e1k \u00e9s \u00e1ldozatos l\u00e9lekkel k\u00f6vess\u00e9k tan\u00edt\u00e1sodat!<\/span><br \/>\n<span style=\"font-family: 'book antiqua', palatino, serif;\">H\u00edvek: K\u00e9r\u00fcnk T\u00e9ged, hallgass meg minket!<\/span><br \/>\n<span style=\"font-family: 'book antiqua', palatino, serif;\">4. Add, Urunk, hogy a hit \u00e9s a tudom\u00e1ny egym\u00e1st kieg\u00e9sz\u00edtve szolg\u00e1lja az emberek f\u00f6ldi boldogs\u00e1g\u00e1t \u00e9s \u00f6r\u00f6k \u00fcdv\u00f6ss\u00e9g\u00e9t!<\/span><br \/>\n<span style=\"font-family: 'book antiqua', palatino, serif;\">H\u00edvek: K\u00e9r\u00fcnk T\u00e9ged, hallgass meg minket!<\/span><br \/>\n<span style=\"font-family: 'book antiqua', palatino, serif;\">5. Add meg, Urunk, a sz\u00fcl\u0151knek, hogy gyermekeik vall\u00e1sos nevel\u00e9s\u00e9t sz\u00edv\u00fcgy\u00fcknek tekints\u00e9k!<\/span><br \/>\n<span style=\"font-family: 'book antiqua', palatino, serif;\">H\u00edvek: K\u00e9r\u00fcnk T\u00e9ged, hallgass meg minket!<\/span><br \/>\n<span style=\"font-family: 'book antiqua', palatino, serif;\">Pap: Mennyei Aty\u00e1nk! Seg\u00edts kegyelmeddel, hogy szent igazs\u00e1gaid lelk\u00fcnkben \u0151szinte visszhangra tal\u00e1ljanak, \u00e9s boldog \u00f6r\u00f6mmel j\u00e1rjunk parancsaid \u00fatj\u00e1n! Krisztus, a mi Urunk \u00e1ltal.<\/span><br \/>\n<span style=\"font-family: 'book antiqua', palatino, serif;\">H\u00edvek: \u00c1men.<\/span><\/p>\n<p><span style=\"color: #339966;\"><em><strong><span style=\"font-family: 'book antiqua', palatino, serif;\">Felaj\u00e1nl\u00f3 k\u00f6ny\u00f6rg\u00e9s:<\/span><\/strong><\/em><\/span><br \/>\n<span style=\"font-family: 'book antiqua', palatino, serif;\">Isten\u00fcnk, fogadd atyai szeretettel \u00e9s szenteld meg \u00e1ldozati adom\u00e1nyainkat, hogy megszerezz\u00e9k sz\u00e1munkra az \u00fcdv\u00f6ss\u00e9get. Krisztus, a mi Urunk \u00e1ltal.<\/span><\/p>\n<p><span style=\"color: #339966;\"><em><strong><span style=\"font-family: 'book antiqua', palatino, serif;\">Pref\u00e1ci\u00f3:<\/span><\/strong><\/em><\/span><br \/>\nMert val\u00f3ban m\u00e9lt\u00f3 \u00e9s igazs\u00e1gos, ill\u0151 \u00e9s \u00fcdv\u00f6s, hogy mindig \u00e9s minden\u00fctt h\u00e1l\u00e1t adjunk n\u00e9ked, mi Urunk, szents\u00e9ges Aty\u00e1nk, mindenhat\u00f3, \u00f6r\u00f6k Isten:<br \/>\nA te v\u00e9gtelen dics\u0151s\u00e9gedhez tartozik, hogy isteni er\u0151ddel seg\u00edtesz a haland\u00f3 emberen, \u00e9s \u00e9ppen haland\u00f3 voltunkb\u00f3l szerzel gy\u00f3gyul\u00e1st.<br \/>\n\u00cdgy amit vesztes\u00e9gnek tartunk, azt \u00fcdv\u00f6ss\u00e9g\u00fcnkre ford\u00edtod Krisztus, a mi Urunk \u00e1ltal.<br \/>\nA te f\u00f6ls\u00e9gedet \u0151\u00e1ltala dics\u0151\u00edti az angyalok hatalmas k\u00f3rusa: boldogan \u00e1ldanak, mert mind\u00f6r\u00f6kk\u00e9 l\u00e1tnak t\u00e9ged. Add, k\u00e9r\u00fcnk, hogy az \u0151 szavukhoz t\u00e1rsuljon sz\u00f3zatunk, \u00e9s vel\u00fck egy\u00fctt sz\u00fcntelen ujjong\u00e1ssal zengj\u00fck:<\/p>\n<p><span style=\"color: #339966;\"><em><strong><span style=\"font-family: 'book antiqua', palatino, serif;\">\u00c1ldoz\u00e1si \u00e9nek:<\/span><\/strong><\/em><\/span><br \/>\n<span style=\"font-family: 'book antiqua', palatino, serif;\">J\u00e1ruljatok az \u00darhoz, \u00e9s el\u00e1raszt a f\u00e9ny benneteket, \u00e9s arcotokat nem \u00e9rheti sz\u00e9gyen. (Zsolt 33,6)<\/span><br \/>\n<span style=\"font-family: 'book antiqua', palatino, serif;\"><em>vagy<\/em><\/span><br \/>\n<span style=\"font-family: 'book antiqua', palatino, serif;\">\u00c9n vagyok a vil\u00e1g vil\u00e1goss\u00e1ga. Aki k\u00f6vet, nem j\u00e1r t\u00f6bb\u00e9 s\u00f6t\u00e9ts\u00e9gben, hanem \u00f6v\u00e9 lesz az \u00e9let vil\u00e1goss\u00e1ga \u2013 mondja az \u00dar. (Jn 8,12)<\/span><\/p>\n<p><span style=\"color: #339966;\"><em><strong><span style=\"font-family: 'book antiqua', palatino, serif;\">\u00c1ldoz\u00e1s ut\u00e1ni k\u00f6ny\u00f6rg\u00e9s:<\/span><\/strong><\/em><\/span><br \/>\n<span style=\"font-family: 'book antiqua', palatino, serif;\">K\u00e9r\u00fcnk, mindenhat\u00f3 Isten\u00fcnk: add, hogy \u00e9ltet\u0151 kegyelmed erej\u00e9b\u0151l mindig boldogan szolg\u00e1ljunk neked. Krisztus, a mi Urunk \u00e1ltal.<\/span><\/p>\n<p><em>(K\u00e9p forr\u00e1sa: pixabay.com)<\/em><\/p>\n","protected":false},"excerpt":{"rendered":"<p>Nyilv\u00e1nos m\u0171k\u00f6d\u00e9s\u00e9nek kezdet\u00e9n, err\u0151l hallhattunk az elm\u00falt vas\u00e1rnapokon, J\u00e9zus meghirdeti tan\u00edt\u00e1s\u00e1nak k\u00f6zponti \u00fczenet\u00e9t: Isten orsz\u00e1g\u00e1ba csak az l\u00e9phet be, aki b\u0171nb\u00e1natot tart \u00e9s megt\u00e9r. A megt\u00e9r\u00e9s nem egy pillanat m\u0171ve, hanem egy \u00e1lland\u00f3, \u00e9let\u00fcnket v\u00e9gig k\u00eds\u00e9r\u0151 folyamat. \u00d6nreflexi\u00f3nak is nevezhetn\u00e9m. Benne \u00fajra \u00e9rt\u00e9kelem \u00e9letemet Krisztus megh\u00edv\u00f3 szav\u00e1nak t\u00fckr\u00e9ben. Amennyiben ezt teszem, \u00fagy folyamatosan \u00e9p\u00edtem lelkemben Isten orsz\u00e1g\u00e1t. Eszk\u00f6zei: a hitb\u0151l fakad\u00f3 im\u00e1ds\u00e1g, az egyet\u00e9rt\u00e9sre t\u00f6rekv\u0151 testv\u00e9ri szeretet \u00e9s J\u00e9zus Krisztus megsz\u00f3l\u00edt\u00f3 \u00e9s h\u00edv\u00f3 szav\u00e1nak h\u0171s\u00e9ges k\u00f6vet\u00e9se. Az olvasm\u00e1nyban Izaj\u00e1s pr\u00f3f\u00e9ta, Kr. e. 732-ben vagyunk, amikoris Izrael \u00e9szaki r\u00e9sz\u00e9t elfoglalj\u00e1k az assz\u00edrok, \u00e9s a lakoss\u00e1got fogs\u00e1gba hurcolj\u00e1k, a REM\u00c9NY hangj\u00e1n sz\u00f3lal meg. B\u00e1r sorsuk, ott \u00e9s akkor, kil\u00e1t\u00e1stalannak t\u0171nik, m\u00e9gis b\u00edztatja \u0151ket: &#8222;A n\u00e9p, amely s\u00f6t\u00e9ts\u00e9gben j\u00e1r, nagy f\u00e9nyess\u00e9get l\u00e1t.&#8221; \u00dczenete az olvasm\u00e1nynak sz\u00e1momra egy\u00e9rtelm\u0171: \u0151riznem kell lelkemben a rem\u00e9nynek \u00e9letem s\u00f6t\u00e9ts\u00e9g\u00e9n is \u00e1tragyog\u00f3 erej\u00e9t \u00e9s f\u00e9ny\u00e9t. Ezt az \u00e9rz\u00e9st er\u0151s\u00edti fel a v\u00e1laszos zsolt\u00e1r visszat\u00e9r\u0151 foh\u00e1sza: &#8221; Vil\u00e1goss\u00e1gom az Isten, * \u00fcdv\u00f6z\u00edt engem.&#8221; A p\u00e1rtoskod\u00e1s \u00e9s nyom\u00e1ban jelentkez\u0151 megosztotts\u00e1g t\u00f6nkre teszi egy\u00e9nek \u00e9s k\u00f6z\u00f6ss\u00e9gek \u00e9let\u00e9t. P\u00e1l apostol tollat ragad, \u00e9s levelet \u00edr a Korintusban \u00e9l\u0151, sz\u00e1m\u00e1ra nagyon kedves h\u00edveknek. Err\u0151l hallunk a szentleck\u00e9ben. \u00c9rdemes megfigyelni, hogy J\u00e9zus Krisztus nev\u00e9re hivatkozva sz\u00f3l\u00edtja meg \u0151ket. Mit is jelent mindez? A korintusi k\u00f6z\u00f6ss\u00e9g J\u00e9zus Krisztus nev\u00e9ben sz\u00fcletett. Vagyis, amikor fel\u00fcti a fej\u00e9t a p\u00e1rtoskod\u00e1s szelleme, a korintusi k\u00f6z\u00f6ss\u00e9g tagjai c\u00e9lt t\u00e9vesztenek. Megfeledkeznek a k\u00f6z\u00f6ss\u00e9g alap\u00edt\u00f3j\u00e1r\u00f3l, szek\u00e9rt\u00e1borokat alkotnak: \u201e\u00c9n P\u00e1llal tartok, \u00e9n meg Apoll\u00f3val, \u00e9n K\u00e9f\u00e1ssal, \u00e9n meg Krisztussal!\u201d B\u00e1r n\u00e9h\u00e1nyuk sz\u00e1m\u00e1ra vil\u00e1gos, hogy Krisztushoz kell tartozniuk, a t\u00f6bbiek megoszt\u00f3 aknamunk\u00e1ja az eg\u00e9sz k\u00f6z\u00f6ss\u00e9get rombolja. C\u00e9lt t\u00e9vesztettek azok, akik P\u00e1lhoz, Apoll\u00f3hoz, vagy K\u00e9f\u00e1shoz tartoz\u00f3nak vallott\u00e1k magukat. Szem\u00e9lyhez ragaszkodni azt jelenti, hogy elvesz\u00edtem a f\u00f3kuszt, a l\u00e9nyeget. Nincs ez m\u00e1sk\u00e9nt ma sem! Itt \u00e9rdemes mindenkinek elv\u00e9gezni a maga munk\u00e1j\u00e1t&#8230; Az evang\u00e9liumban megh\u00edv\u00e1s t\u00f6rt\u00e9neteket hallunk. Saj\u00e1tos dinamik\u00e1ja van minden egy\u00e9ni megh\u00edv\u00e1snak. Elhangzik Krisztus h\u00edv\u00f3 szava. Az&#8230; <\/p>\n<p><a class=\"readmore\" href=\"https:\/\/stuttgarti-katolikusok.de\/index.php\/evkozi-3-vasarnap-isten-igejenek-vasarnapja\/\">R\u00e9szletek<\/a><\/p>\n","protected":false},"author":3,"featured_media":24730,"comment_status":"closed","ping_status":"closed","sticky":false,"template":"","format":"standard","meta":{"footnotes":""},"categories":[85,63],"tags":[],"class_list":["post-24729","post","type-post","status-publish","format-standard","has-post-thumbnail","hentry","category-a-liturgia-olvasmanyai","category-vasarnapi-gondolatok"],"yoast_head":"<!-- This site is optimized with the Yoast SEO plugin v27.3 - https:\/\/yoast.com\/product\/yoast-seo-wordpress\/ -->\n<title>\u00c9vk\u00f6zi 3. vas\u00e1rnap \u2013 Isten ig\u00e9j\u00e9nek vas\u00e1rnapja - Stuttgarti Katolikusok<\/title>\n<meta name=\"robots\" content=\"index, follow, max-snippet:-1, max-image-preview:large, max-video-preview:-1\" \/>\n<link rel=\"canonical\" href=\"https:\/\/stuttgarti-katolikusok.de\/index.php\/evkozi-3-vasarnap-isten-igejenek-vasarnapja\/\" \/>\n<meta property=\"og:locale\" content=\"hu_HU\" \/>\n<meta property=\"og:type\" content=\"article\" \/>\n<meta property=\"og:title\" content=\"\u00c9vk\u00f6zi 3. vas\u00e1rnap \u2013 Isten ig\u00e9j\u00e9nek vas\u00e1rnapja - Stuttgarti Katolikusok\" \/>\n<meta property=\"og:description\" content=\"Nyilv\u00e1nos m\u0171k\u00f6d\u00e9s\u00e9nek kezdet\u00e9n, err\u0151l hallhattunk az elm\u00falt vas\u00e1rnapokon, J\u00e9zus meghirdeti tan\u00edt\u00e1s\u00e1nak k\u00f6zponti \u00fczenet\u00e9t: Isten orsz\u00e1g\u00e1ba csak az l\u00e9phet be, aki b\u0171nb\u00e1natot tart \u00e9s megt\u00e9r. A megt\u00e9r\u00e9s nem egy pillanat m\u0171ve, hanem egy \u00e1lland\u00f3, \u00e9let\u00fcnket v\u00e9gig k\u00eds\u00e9r\u0151 folyamat. \u00d6nreflexi\u00f3nak is nevezhetn\u00e9m. Benne \u00fajra \u00e9rt\u00e9kelem \u00e9letemet Krisztus megh\u00edv\u00f3 szav\u00e1nak t\u00fckr\u00e9ben. Amennyiben ezt teszem, \u00fagy folyamatosan \u00e9p\u00edtem lelkemben Isten orsz\u00e1g\u00e1t. Eszk\u00f6zei: a hitb\u0151l fakad\u00f3 im\u00e1ds\u00e1g, az egyet\u00e9rt\u00e9sre t\u00f6rekv\u0151 testv\u00e9ri szeretet \u00e9s J\u00e9zus Krisztus megsz\u00f3l\u00edt\u00f3 \u00e9s h\u00edv\u00f3 szav\u00e1nak h\u0171s\u00e9ges k\u00f6vet\u00e9se. Az olvasm\u00e1nyban Izaj\u00e1s pr\u00f3f\u00e9ta, Kr. e. 732-ben vagyunk, amikoris Izrael \u00e9szaki r\u00e9sz\u00e9t elfoglalj\u00e1k az assz\u00edrok, \u00e9s a lakoss\u00e1got fogs\u00e1gba hurcolj\u00e1k, a REM\u00c9NY hangj\u00e1n sz\u00f3lal meg. B\u00e1r sorsuk, ott \u00e9s akkor, kil\u00e1t\u00e1stalannak t\u0171nik, m\u00e9gis b\u00edztatja \u0151ket: &#8222;A n\u00e9p, amely s\u00f6t\u00e9ts\u00e9gben j\u00e1r, nagy f\u00e9nyess\u00e9get l\u00e1t.&#8221; \u00dczenete az olvasm\u00e1nynak sz\u00e1momra egy\u00e9rtelm\u0171: \u0151riznem kell lelkemben a rem\u00e9nynek \u00e9letem s\u00f6t\u00e9ts\u00e9g\u00e9n is \u00e1tragyog\u00f3 erej\u00e9t \u00e9s f\u00e9ny\u00e9t. Ezt az \u00e9rz\u00e9st er\u0151s\u00edti fel a v\u00e1laszos zsolt\u00e1r visszat\u00e9r\u0151 foh\u00e1sza: &#8221; Vil\u00e1goss\u00e1gom az Isten, * \u00fcdv\u00f6z\u00edt engem.&#8221; A p\u00e1rtoskod\u00e1s \u00e9s nyom\u00e1ban jelentkez\u0151 megosztotts\u00e1g t\u00f6nkre teszi egy\u00e9nek \u00e9s k\u00f6z\u00f6ss\u00e9gek \u00e9let\u00e9t. P\u00e1l apostol tollat ragad, \u00e9s levelet \u00edr a Korintusban \u00e9l\u0151, sz\u00e1m\u00e1ra nagyon kedves h\u00edveknek. Err\u0151l hallunk a szentleck\u00e9ben. \u00c9rdemes megfigyelni, hogy J\u00e9zus Krisztus nev\u00e9re hivatkozva sz\u00f3l\u00edtja meg \u0151ket. Mit is jelent mindez? A korintusi k\u00f6z\u00f6ss\u00e9g J\u00e9zus Krisztus nev\u00e9ben sz\u00fcletett. Vagyis, amikor fel\u00fcti a fej\u00e9t a p\u00e1rtoskod\u00e1s szelleme, a korintusi k\u00f6z\u00f6ss\u00e9g tagjai c\u00e9lt t\u00e9vesztenek. Megfeledkeznek a k\u00f6z\u00f6ss\u00e9g alap\u00edt\u00f3j\u00e1r\u00f3l, szek\u00e9rt\u00e1borokat alkotnak: \u201e\u00c9n P\u00e1llal tartok, \u00e9n meg Apoll\u00f3val, \u00e9n K\u00e9f\u00e1ssal, \u00e9n meg Krisztussal!\u201d B\u00e1r n\u00e9h\u00e1nyuk sz\u00e1m\u00e1ra vil\u00e1gos, hogy Krisztushoz kell tartozniuk, a t\u00f6bbiek megoszt\u00f3 aknamunk\u00e1ja az eg\u00e9sz k\u00f6z\u00f6ss\u00e9get rombolja. C\u00e9lt t\u00e9vesztettek azok, akik P\u00e1lhoz, Apoll\u00f3hoz, vagy K\u00e9f\u00e1shoz tartoz\u00f3nak vallott\u00e1k magukat. Szem\u00e9lyhez ragaszkodni azt jelenti, hogy elvesz\u00edtem a f\u00f3kuszt, a l\u00e9nyeget. Nincs ez m\u00e1sk\u00e9nt ma sem! Itt \u00e9rdemes mindenkinek elv\u00e9gezni a maga munk\u00e1j\u00e1t&#8230; Az evang\u00e9liumban megh\u00edv\u00e1s t\u00f6rt\u00e9neteket hallunk. Saj\u00e1tos dinamik\u00e1ja van minden egy\u00e9ni megh\u00edv\u00e1snak. Elhangzik Krisztus h\u00edv\u00f3 szava. Az... R\u00e9szletek\" \/>\n<meta property=\"og:url\" content=\"https:\/\/stuttgarti-katolikusok.de\/index.php\/evkozi-3-vasarnap-isten-igejenek-vasarnapja\/\" \/>\n<meta property=\"og:site_name\" content=\"Stuttgarti Katolikusok\" \/>\n<meta property=\"article:published_time\" content=\"2026-01-24T09:15:01+00:00\" \/>\n<meta property=\"article:modified_time\" content=\"2026-01-24T23:21:05+00:00\" \/>\n<meta property=\"og:image\" content=\"https:\/\/stuttgarti-katolikusok.de\/wp-content\/uploads\/2023\/01\/man-6342665-1280.jpg\" \/>\n\t<meta property=\"og:image:width\" content=\"1280\" \/>\n\t<meta property=\"og:image:height\" content=\"854\" \/>\n\t<meta property=\"og:image:type\" content=\"image\/jpeg\" \/>\n<meta name=\"author\" content=\"Tibor atya\" \/>\n<meta name=\"twitter:card\" content=\"summary_large_image\" \/>\n<meta name=\"twitter:label1\" content=\"Szerz\u0151:\" \/>\n\t<meta name=\"twitter:data1\" content=\"Tibor atya\" \/>\n\t<meta name=\"twitter:label2\" content=\"Becs\u00fclt olvas\u00e1si id\u0151\" \/>\n\t<meta name=\"twitter:data2\" content=\"8 perc\" \/>\n<script type=\"application\/ld+json\" class=\"yoast-schema-graph\">{\"@context\":\"https:\\\/\\\/schema.org\",\"@graph\":[{\"@type\":\"Article\",\"@id\":\"https:\\\/\\\/stuttgarti-katolikusok.de\\\/index.php\\\/evkozi-3-vasarnap-isten-igejenek-vasarnapja\\\/#article\",\"isPartOf\":{\"@id\":\"https:\\\/\\\/stuttgarti-katolikusok.de\\\/index.php\\\/evkozi-3-vasarnap-isten-igejenek-vasarnapja\\\/\"},\"author\":{\"name\":\"Tibor atya\",\"@id\":\"https:\\\/\\\/stuttgarti-katolikusok.de\\\/#\\\/schema\\\/person\\\/75908d6f8fdc03a57889d27209df7795\"},\"headline\":\"\u00c9vk\u00f6zi 3. vas\u00e1rnap \u2013 Isten ig\u00e9j\u00e9nek vas\u00e1rnapja\",\"datePublished\":\"2026-01-24T09:15:01+00:00\",\"dateModified\":\"2026-01-24T23:21:05+00:00\",\"mainEntityOfPage\":{\"@id\":\"https:\\\/\\\/stuttgarti-katolikusok.de\\\/index.php\\\/evkozi-3-vasarnap-isten-igejenek-vasarnapja\\\/\"},\"wordCount\":2053,\"image\":{\"@id\":\"https:\\\/\\\/stuttgarti-katolikusok.de\\\/index.php\\\/evkozi-3-vasarnap-isten-igejenek-vasarnapja\\\/#primaryimage\"},\"thumbnailUrl\":\"https:\\\/\\\/stuttgarti-katolikusok.de\\\/wp-content\\\/uploads\\\/2023\\\/01\\\/man-6342665-1280.jpg\",\"articleSection\":[\"A liturgia olvasm\u00e1nyai\",\"Vas\u00e1rnapi gondolatok\"],\"inLanguage\":\"hu\"},{\"@type\":\"WebPage\",\"@id\":\"https:\\\/\\\/stuttgarti-katolikusok.de\\\/index.php\\\/evkozi-3-vasarnap-isten-igejenek-vasarnapja\\\/\",\"url\":\"https:\\\/\\\/stuttgarti-katolikusok.de\\\/index.php\\\/evkozi-3-vasarnap-isten-igejenek-vasarnapja\\\/\",\"name\":\"\u00c9vk\u00f6zi 3. vas\u00e1rnap \u2013 Isten ig\u00e9j\u00e9nek vas\u00e1rnapja - Stuttgarti Katolikusok\",\"isPartOf\":{\"@id\":\"https:\\\/\\\/stuttgarti-katolikusok.de\\\/#website\"},\"primaryImageOfPage\":{\"@id\":\"https:\\\/\\\/stuttgarti-katolikusok.de\\\/index.php\\\/evkozi-3-vasarnap-isten-igejenek-vasarnapja\\\/#primaryimage\"},\"image\":{\"@id\":\"https:\\\/\\\/stuttgarti-katolikusok.de\\\/index.php\\\/evkozi-3-vasarnap-isten-igejenek-vasarnapja\\\/#primaryimage\"},\"thumbnailUrl\":\"https:\\\/\\\/stuttgarti-katolikusok.de\\\/wp-content\\\/uploads\\\/2023\\\/01\\\/man-6342665-1280.jpg\",\"datePublished\":\"2026-01-24T09:15:01+00:00\",\"dateModified\":\"2026-01-24T23:21:05+00:00\",\"author\":{\"@id\":\"https:\\\/\\\/stuttgarti-katolikusok.de\\\/#\\\/schema\\\/person\\\/75908d6f8fdc03a57889d27209df7795\"},\"breadcrumb\":{\"@id\":\"https:\\\/\\\/stuttgarti-katolikusok.de\\\/index.php\\\/evkozi-3-vasarnap-isten-igejenek-vasarnapja\\\/#breadcrumb\"},\"inLanguage\":\"hu\",\"potentialAction\":[{\"@type\":\"ReadAction\",\"target\":[\"https:\\\/\\\/stuttgarti-katolikusok.de\\\/index.php\\\/evkozi-3-vasarnap-isten-igejenek-vasarnapja\\\/\"]}]},{\"@type\":\"ImageObject\",\"inLanguage\":\"hu\",\"@id\":\"https:\\\/\\\/stuttgarti-katolikusok.de\\\/index.php\\\/evkozi-3-vasarnap-isten-igejenek-vasarnapja\\\/#primaryimage\",\"url\":\"https:\\\/\\\/stuttgarti-katolikusok.de\\\/wp-content\\\/uploads\\\/2023\\\/01\\\/man-6342665-1280.jpg\",\"contentUrl\":\"https:\\\/\\\/stuttgarti-katolikusok.de\\\/wp-content\\\/uploads\\\/2023\\\/01\\\/man-6342665-1280.jpg\",\"width\":1280,\"height\":854},{\"@type\":\"BreadcrumbList\",\"@id\":\"https:\\\/\\\/stuttgarti-katolikusok.de\\\/index.php\\\/evkozi-3-vasarnap-isten-igejenek-vasarnapja\\\/#breadcrumb\",\"itemListElement\":[{\"@type\":\"ListItem\",\"position\":1,\"name\":\"Kezd\u0151lap\",\"item\":\"https:\\\/\\\/stuttgarti-katolikusok.de\\\/\"},{\"@type\":\"ListItem\",\"position\":2,\"name\":\"\u00c9vk\u00f6zi 3. vas\u00e1rnap \u2013 Isten ig\u00e9j\u00e9nek vas\u00e1rnapja\"}]},{\"@type\":\"WebSite\",\"@id\":\"https:\\\/\\\/stuttgarti-katolikusok.de\\\/#website\",\"url\":\"https:\\\/\\\/stuttgarti-katolikusok.de\\\/\",\"name\":\"Stuttgarti Katolikusok\",\"description\":\"\",\"potentialAction\":[{\"@type\":\"SearchAction\",\"target\":{\"@type\":\"EntryPoint\",\"urlTemplate\":\"https:\\\/\\\/stuttgarti-katolikusok.de\\\/?s={search_term_string}\"},\"query-input\":{\"@type\":\"PropertyValueSpecification\",\"valueRequired\":true,\"valueName\":\"search_term_string\"}}],\"inLanguage\":\"hu\"},{\"@type\":\"Person\",\"@id\":\"https:\\\/\\\/stuttgarti-katolikusok.de\\\/#\\\/schema\\\/person\\\/75908d6f8fdc03a57889d27209df7795\",\"name\":\"Tibor atya\",\"image\":{\"@type\":\"ImageObject\",\"inLanguage\":\"hu\",\"@id\":\"https:\\\/\\\/secure.gravatar.com\\\/avatar\\\/61d268e57d1f4525b111222e29d2d5a7f8c420fdbf231ba5566a8ceac74fa960?s=96&d=mm&r=g\",\"url\":\"https:\\\/\\\/secure.gravatar.com\\\/avatar\\\/61d268e57d1f4525b111222e29d2d5a7f8c420fdbf231ba5566a8ceac74fa960?s=96&d=mm&r=g\",\"contentUrl\":\"https:\\\/\\\/secure.gravatar.com\\\/avatar\\\/61d268e57d1f4525b111222e29d2d5a7f8c420fdbf231ba5566a8ceac74fa960?s=96&d=mm&r=g\",\"caption\":\"Tibor atya\"},\"url\":\"https:\\\/\\\/stuttgarti-katolikusok.de\\\/index.php\\\/author\\\/tibor-atya\\\/\"}]}<\/script>\n<!-- \/ Yoast SEO plugin. -->","yoast_head_json":{"title":"\u00c9vk\u00f6zi 3. vas\u00e1rnap \u2013 Isten ig\u00e9j\u00e9nek vas\u00e1rnapja - Stuttgarti Katolikusok","robots":{"index":"index","follow":"follow","max-snippet":"max-snippet:-1","max-image-preview":"max-image-preview:large","max-video-preview":"max-video-preview:-1"},"canonical":"https:\/\/stuttgarti-katolikusok.de\/index.php\/evkozi-3-vasarnap-isten-igejenek-vasarnapja\/","og_locale":"hu_HU","og_type":"article","og_title":"\u00c9vk\u00f6zi 3. vas\u00e1rnap \u2013 Isten ig\u00e9j\u00e9nek vas\u00e1rnapja - Stuttgarti Katolikusok","og_description":"Nyilv\u00e1nos m\u0171k\u00f6d\u00e9s\u00e9nek kezdet\u00e9n, err\u0151l hallhattunk az elm\u00falt vas\u00e1rnapokon, J\u00e9zus meghirdeti tan\u00edt\u00e1s\u00e1nak k\u00f6zponti \u00fczenet\u00e9t: Isten orsz\u00e1g\u00e1ba csak az l\u00e9phet be, aki b\u0171nb\u00e1natot tart \u00e9s megt\u00e9r. A megt\u00e9r\u00e9s nem egy pillanat m\u0171ve, hanem egy \u00e1lland\u00f3, \u00e9let\u00fcnket v\u00e9gig k\u00eds\u00e9r\u0151 folyamat. \u00d6nreflexi\u00f3nak is nevezhetn\u00e9m. Benne \u00fajra \u00e9rt\u00e9kelem \u00e9letemet Krisztus megh\u00edv\u00f3 szav\u00e1nak t\u00fckr\u00e9ben. Amennyiben ezt teszem, \u00fagy folyamatosan \u00e9p\u00edtem lelkemben Isten orsz\u00e1g\u00e1t. Eszk\u00f6zei: a hitb\u0151l fakad\u00f3 im\u00e1ds\u00e1g, az egyet\u00e9rt\u00e9sre t\u00f6rekv\u0151 testv\u00e9ri szeretet \u00e9s J\u00e9zus Krisztus megsz\u00f3l\u00edt\u00f3 \u00e9s h\u00edv\u00f3 szav\u00e1nak h\u0171s\u00e9ges k\u00f6vet\u00e9se. Az olvasm\u00e1nyban Izaj\u00e1s pr\u00f3f\u00e9ta, Kr. e. 732-ben vagyunk, amikoris Izrael \u00e9szaki r\u00e9sz\u00e9t elfoglalj\u00e1k az assz\u00edrok, \u00e9s a lakoss\u00e1got fogs\u00e1gba hurcolj\u00e1k, a REM\u00c9NY hangj\u00e1n sz\u00f3lal meg. B\u00e1r sorsuk, ott \u00e9s akkor, kil\u00e1t\u00e1stalannak t\u0171nik, m\u00e9gis b\u00edztatja \u0151ket: &#8222;A n\u00e9p, amely s\u00f6t\u00e9ts\u00e9gben j\u00e1r, nagy f\u00e9nyess\u00e9get l\u00e1t.&#8221; \u00dczenete az olvasm\u00e1nynak sz\u00e1momra egy\u00e9rtelm\u0171: \u0151riznem kell lelkemben a rem\u00e9nynek \u00e9letem s\u00f6t\u00e9ts\u00e9g\u00e9n is \u00e1tragyog\u00f3 erej\u00e9t \u00e9s f\u00e9ny\u00e9t. Ezt az \u00e9rz\u00e9st er\u0151s\u00edti fel a v\u00e1laszos zsolt\u00e1r visszat\u00e9r\u0151 foh\u00e1sza: &#8221; Vil\u00e1goss\u00e1gom az Isten, * \u00fcdv\u00f6z\u00edt engem.&#8221; A p\u00e1rtoskod\u00e1s \u00e9s nyom\u00e1ban jelentkez\u0151 megosztotts\u00e1g t\u00f6nkre teszi egy\u00e9nek \u00e9s k\u00f6z\u00f6ss\u00e9gek \u00e9let\u00e9t. P\u00e1l apostol tollat ragad, \u00e9s levelet \u00edr a Korintusban \u00e9l\u0151, sz\u00e1m\u00e1ra nagyon kedves h\u00edveknek. Err\u0151l hallunk a szentleck\u00e9ben. \u00c9rdemes megfigyelni, hogy J\u00e9zus Krisztus nev\u00e9re hivatkozva sz\u00f3l\u00edtja meg \u0151ket. Mit is jelent mindez? A korintusi k\u00f6z\u00f6ss\u00e9g J\u00e9zus Krisztus nev\u00e9ben sz\u00fcletett. Vagyis, amikor fel\u00fcti a fej\u00e9t a p\u00e1rtoskod\u00e1s szelleme, a korintusi k\u00f6z\u00f6ss\u00e9g tagjai c\u00e9lt t\u00e9vesztenek. Megfeledkeznek a k\u00f6z\u00f6ss\u00e9g alap\u00edt\u00f3j\u00e1r\u00f3l, szek\u00e9rt\u00e1borokat alkotnak: \u201e\u00c9n P\u00e1llal tartok, \u00e9n meg Apoll\u00f3val, \u00e9n K\u00e9f\u00e1ssal, \u00e9n meg Krisztussal!\u201d B\u00e1r n\u00e9h\u00e1nyuk sz\u00e1m\u00e1ra vil\u00e1gos, hogy Krisztushoz kell tartozniuk, a t\u00f6bbiek megoszt\u00f3 aknamunk\u00e1ja az eg\u00e9sz k\u00f6z\u00f6ss\u00e9get rombolja. C\u00e9lt t\u00e9vesztettek azok, akik P\u00e1lhoz, Apoll\u00f3hoz, vagy K\u00e9f\u00e1shoz tartoz\u00f3nak vallott\u00e1k magukat. Szem\u00e9lyhez ragaszkodni azt jelenti, hogy elvesz\u00edtem a f\u00f3kuszt, a l\u00e9nyeget. Nincs ez m\u00e1sk\u00e9nt ma sem! Itt \u00e9rdemes mindenkinek elv\u00e9gezni a maga munk\u00e1j\u00e1t&#8230; Az evang\u00e9liumban megh\u00edv\u00e1s t\u00f6rt\u00e9neteket hallunk. Saj\u00e1tos dinamik\u00e1ja van minden egy\u00e9ni megh\u00edv\u00e1snak. Elhangzik Krisztus h\u00edv\u00f3 szava. Az... R\u00e9szletek","og_url":"https:\/\/stuttgarti-katolikusok.de\/index.php\/evkozi-3-vasarnap-isten-igejenek-vasarnapja\/","og_site_name":"Stuttgarti Katolikusok","article_published_time":"2026-01-24T09:15:01+00:00","article_modified_time":"2026-01-24T23:21:05+00:00","og_image":[{"width":1280,"height":854,"url":"https:\/\/stuttgarti-katolikusok.de\/wp-content\/uploads\/2023\/01\/man-6342665-1280.jpg","type":"image\/jpeg"}],"author":"Tibor atya","twitter_card":"summary_large_image","twitter_misc":{"Szerz\u0151:":"Tibor atya","Becs\u00fclt olvas\u00e1si id\u0151":"8 perc"},"schema":{"@context":"https:\/\/schema.org","@graph":[{"@type":"Article","@id":"https:\/\/stuttgarti-katolikusok.de\/index.php\/evkozi-3-vasarnap-isten-igejenek-vasarnapja\/#article","isPartOf":{"@id":"https:\/\/stuttgarti-katolikusok.de\/index.php\/evkozi-3-vasarnap-isten-igejenek-vasarnapja\/"},"author":{"name":"Tibor atya","@id":"https:\/\/stuttgarti-katolikusok.de\/#\/schema\/person\/75908d6f8fdc03a57889d27209df7795"},"headline":"\u00c9vk\u00f6zi 3. vas\u00e1rnap \u2013 Isten ig\u00e9j\u00e9nek vas\u00e1rnapja","datePublished":"2026-01-24T09:15:01+00:00","dateModified":"2026-01-24T23:21:05+00:00","mainEntityOfPage":{"@id":"https:\/\/stuttgarti-katolikusok.de\/index.php\/evkozi-3-vasarnap-isten-igejenek-vasarnapja\/"},"wordCount":2053,"image":{"@id":"https:\/\/stuttgarti-katolikusok.de\/index.php\/evkozi-3-vasarnap-isten-igejenek-vasarnapja\/#primaryimage"},"thumbnailUrl":"https:\/\/stuttgarti-katolikusok.de\/wp-content\/uploads\/2023\/01\/man-6342665-1280.jpg","articleSection":["A liturgia olvasm\u00e1nyai","Vas\u00e1rnapi gondolatok"],"inLanguage":"hu"},{"@type":"WebPage","@id":"https:\/\/stuttgarti-katolikusok.de\/index.php\/evkozi-3-vasarnap-isten-igejenek-vasarnapja\/","url":"https:\/\/stuttgarti-katolikusok.de\/index.php\/evkozi-3-vasarnap-isten-igejenek-vasarnapja\/","name":"\u00c9vk\u00f6zi 3. vas\u00e1rnap \u2013 Isten ig\u00e9j\u00e9nek vas\u00e1rnapja - Stuttgarti Katolikusok","isPartOf":{"@id":"https:\/\/stuttgarti-katolikusok.de\/#website"},"primaryImageOfPage":{"@id":"https:\/\/stuttgarti-katolikusok.de\/index.php\/evkozi-3-vasarnap-isten-igejenek-vasarnapja\/#primaryimage"},"image":{"@id":"https:\/\/stuttgarti-katolikusok.de\/index.php\/evkozi-3-vasarnap-isten-igejenek-vasarnapja\/#primaryimage"},"thumbnailUrl":"https:\/\/stuttgarti-katolikusok.de\/wp-content\/uploads\/2023\/01\/man-6342665-1280.jpg","datePublished":"2026-01-24T09:15:01+00:00","dateModified":"2026-01-24T23:21:05+00:00","author":{"@id":"https:\/\/stuttgarti-katolikusok.de\/#\/schema\/person\/75908d6f8fdc03a57889d27209df7795"},"breadcrumb":{"@id":"https:\/\/stuttgarti-katolikusok.de\/index.php\/evkozi-3-vasarnap-isten-igejenek-vasarnapja\/#breadcrumb"},"inLanguage":"hu","potentialAction":[{"@type":"ReadAction","target":["https:\/\/stuttgarti-katolikusok.de\/index.php\/evkozi-3-vasarnap-isten-igejenek-vasarnapja\/"]}]},{"@type":"ImageObject","inLanguage":"hu","@id":"https:\/\/stuttgarti-katolikusok.de\/index.php\/evkozi-3-vasarnap-isten-igejenek-vasarnapja\/#primaryimage","url":"https:\/\/stuttgarti-katolikusok.de\/wp-content\/uploads\/2023\/01\/man-6342665-1280.jpg","contentUrl":"https:\/\/stuttgarti-katolikusok.de\/wp-content\/uploads\/2023\/01\/man-6342665-1280.jpg","width":1280,"height":854},{"@type":"BreadcrumbList","@id":"https:\/\/stuttgarti-katolikusok.de\/index.php\/evkozi-3-vasarnap-isten-igejenek-vasarnapja\/#breadcrumb","itemListElement":[{"@type":"ListItem","position":1,"name":"Kezd\u0151lap","item":"https:\/\/stuttgarti-katolikusok.de\/"},{"@type":"ListItem","position":2,"name":"\u00c9vk\u00f6zi 3. vas\u00e1rnap \u2013 Isten ig\u00e9j\u00e9nek vas\u00e1rnapja"}]},{"@type":"WebSite","@id":"https:\/\/stuttgarti-katolikusok.de\/#website","url":"https:\/\/stuttgarti-katolikusok.de\/","name":"Stuttgarti Katolikusok","description":"","potentialAction":[{"@type":"SearchAction","target":{"@type":"EntryPoint","urlTemplate":"https:\/\/stuttgarti-katolikusok.de\/?s={search_term_string}"},"query-input":{"@type":"PropertyValueSpecification","valueRequired":true,"valueName":"search_term_string"}}],"inLanguage":"hu"},{"@type":"Person","@id":"https:\/\/stuttgarti-katolikusok.de\/#\/schema\/person\/75908d6f8fdc03a57889d27209df7795","name":"Tibor atya","image":{"@type":"ImageObject","inLanguage":"hu","@id":"https:\/\/secure.gravatar.com\/avatar\/61d268e57d1f4525b111222e29d2d5a7f8c420fdbf231ba5566a8ceac74fa960?s=96&d=mm&r=g","url":"https:\/\/secure.gravatar.com\/avatar\/61d268e57d1f4525b111222e29d2d5a7f8c420fdbf231ba5566a8ceac74fa960?s=96&d=mm&r=g","contentUrl":"https:\/\/secure.gravatar.com\/avatar\/61d268e57d1f4525b111222e29d2d5a7f8c420fdbf231ba5566a8ceac74fa960?s=96&d=mm&r=g","caption":"Tibor atya"},"url":"https:\/\/stuttgarti-katolikusok.de\/index.php\/author\/tibor-atya\/"}]}},"_links":{"self":[{"href":"https:\/\/stuttgarti-katolikusok.de\/index.php\/wp-json\/wp\/v2\/posts\/24729","targetHints":{"allow":["GET"]}}],"collection":[{"href":"https:\/\/stuttgarti-katolikusok.de\/index.php\/wp-json\/wp\/v2\/posts"}],"about":[{"href":"https:\/\/stuttgarti-katolikusok.de\/index.php\/wp-json\/wp\/v2\/types\/post"}],"author":[{"embeddable":true,"href":"https:\/\/stuttgarti-katolikusok.de\/index.php\/wp-json\/wp\/v2\/users\/3"}],"replies":[{"embeddable":true,"href":"https:\/\/stuttgarti-katolikusok.de\/index.php\/wp-json\/wp\/v2\/comments?post=24729"}],"version-history":[{"count":7,"href":"https:\/\/stuttgarti-katolikusok.de\/index.php\/wp-json\/wp\/v2\/posts\/24729\/revisions"}],"predecessor-version":[{"id":32513,"href":"https:\/\/stuttgarti-katolikusok.de\/index.php\/wp-json\/wp\/v2\/posts\/24729\/revisions\/32513"}],"wp:featuredmedia":[{"embeddable":true,"href":"https:\/\/stuttgarti-katolikusok.de\/index.php\/wp-json\/wp\/v2\/media\/24730"}],"wp:attachment":[{"href":"https:\/\/stuttgarti-katolikusok.de\/index.php\/wp-json\/wp\/v2\/media?parent=24729"}],"wp:term":[{"taxonomy":"category","embeddable":true,"href":"https:\/\/stuttgarti-katolikusok.de\/index.php\/wp-json\/wp\/v2\/categories?post=24729"},{"taxonomy":"post_tag","embeddable":true,"href":"https:\/\/stuttgarti-katolikusok.de\/index.php\/wp-json\/wp\/v2\/tags?post=24729"}],"curies":[{"name":"wp","href":"https:\/\/api.w.org\/{rel}","templated":true}]}}