{"id":24300,"date":"2023-01-14T23:52:21","date_gmt":"2023-01-14T22:52:21","guid":{"rendered":"https:\/\/stuttgarti-katolikusok.de\/?p=24300"},"modified":"2023-01-14T23:52:21","modified_gmt":"2023-01-14T22:52:21","slug":"ujevi-koszonto-pezsgos-koccintassal","status":"publish","type":"post","link":"https:\/\/stuttgarti-katolikusok.de\/index.php\/ujevi-koszonto-pezsgos-koccintassal\/","title":{"rendered":"\u00daj\u00e9vi k\u00f6sz\u00f6nt\u0151 pezsg\u0151s koccint\u00e1ssal"},"content":{"rendered":"<p>R\u00f6viddel n\u00e9gy \u00f3ra el\u00f6tt \u00e9rkeztem meg<strong>\u00a0<\/strong>a terembe, ahol m\u00e1r ny\u00fczs\u00f6gtek az emberek. D\u00fasan ter\u00edtett asztalok v\u00e1rtak minket. Erika nagyon kedvesen, egy-egy b\u00f3kkal szem\u00e9lyesen k\u00f6sz\u00f6nt\u00f6tte a bel\u00e9p\u0151ket. Sokkal t\u00f6bben lett\u00fcnk, mint gondoltuk, \u00edgy m\u00e9g vagy h\u00e1rom asztallal ki is b\u0151v\u00edtett\u00fck a sort. Janu\u00e1r 6-a volt, V\u00edzkereszt \u00fcnnepe.<\/p>\n<p><a href=\"https:\/\/stuttgarti-katolikusok.de\/wp-content\/uploads\/2023\/01\/gaspar-scaled.jpg\"><img loading=\"lazy\" decoding=\"async\" class=\"alignnone size-full wp-image-24302\" src=\"https:\/\/stuttgarti-katolikusok.de\/wp-content\/uploads\/2023\/01\/gaspar-scaled.jpg\" alt=\"\" width=\"2560\" height=\"1920\" srcset=\"https:\/\/stuttgarti-katolikusok.de\/wp-content\/uploads\/2023\/01\/gaspar-scaled.jpg 2560w, https:\/\/stuttgarti-katolikusok.de\/wp-content\/uploads\/2023\/01\/gaspar-300x225.jpg 300w, https:\/\/stuttgarti-katolikusok.de\/wp-content\/uploads\/2023\/01\/gaspar-1024x768.jpg 1024w, https:\/\/stuttgarti-katolikusok.de\/wp-content\/uploads\/2023\/01\/gaspar-1536x1152.jpg 1536w, https:\/\/stuttgarti-katolikusok.de\/wp-content\/uploads\/2023\/01\/gaspar-2048x1536.jpg 2048w, https:\/\/stuttgarti-katolikusok.de\/wp-content\/uploads\/2023\/01\/gaspar-164x124.jpg 164w\" sizes=\"auto, (max-width: 2560px) 100vw, 2560px\" \/><\/a><\/p>\n<p>K\u00f6z\u00f6ss\u00e9g\u00fcnkben pedig van egy nagyon r\u00e9gi h\u0171s\u00e9ges tagunk, G\u00e1sp\u00e1r. Nem csak n\u00e9vnapja, hanem kilencvenedik sz\u00fclet\u00e9snapja is volt. \u0150 ez\u00e9rt saj\u00e1t \u00f6ssze\u00e1ll\u00edt\u00e1s\u00fa nagyon j\u00f3\u00edz\u0171 k\u00f6sz\u00f6nt\u0151vel kezdte a d\u00e9lut\u00e1ni programot. Szem\u00fcveg n\u00e9lk\u00fcl olvasta fel a sz\u00e9p, vid\u00e1m, meghat\u00f3 sz\u00f6veg\u00e9t. Mi pedig spont\u00e1n vastapssal h\u00e1l\u00e1ltuk meg neki.\u00a0Term\u00e9szetesen fel is k\u00f6sz\u00f6nt\u00f6tt\u00fck, t\u00f6bbsz\u00f6r is a d\u00e9lut\u00e1n folyam\u00e1n.<\/p>\n<p>Nem G\u00e1sp\u00e1r volt a legid\u0151sebb, n\u00e1la voltak m\u00e9g id\u0151sebbek is. Ez k\u00fcl\u00f6n\u00f6s \u00f6r\u00f6m volt, hogy k\u00f6lcs\u00f6n\u00f6sen ilyen j\u00f3l \u00e9rezt\u00fck magunkat, mi a valamivel fiatalabbak a sz\u00e9pkor\u00fa koroszt\u00e1llyal.<\/p>\n<p>K\u00f6zben Erika feleleven\u00edtette a r\u00e9gi magyar \u00faj\u00e9vi n\u00e9phagyom\u00e1nyokat, verseket, k\u00f6sz\u00f6nt\u0151ket. R\u00e9szint voltak ismer\u0151s szok\u00e1sok, de sok \u00fajat is hallottunk, amelyeken j\u00f3kat der\u00fclt\u00fcnk.<\/p>\n<p>Ezek ut\u00e1n j\u00f6tt a meg\u00edg\u00e9rt koccint\u00e1s. Lehet, hogy a pezsg\u0151 tette, de egyszerre hangos lett a terem. Keveredt\u00fcnk egym\u00e1s k\u00f6z\u00f6tt, j\u00f3kat besz\u00e9lgett\u00fcnk, \u00e9s term\u00e9szetesen a finom falatokat se vetett\u00fck meg. K\u00f6zben Erika meglepett m\u00e9g benn\u00fcnket egy szerencse katicabog\u00e1rral, egy mond\u00e1st f\u0171zve hozz\u00e1. Ezek a mond\u00e1sok valahogy mindig passzoltak r\u00e1nk. Sebes sz\u00e1rnyon sz\u00e1llt el a d\u00e9lut\u00e1n, vid\u00e1man b\u00facs\u00faztunk. Azt\u00e1n indultunk szentmis\u00e9re.<\/p>\n<p>Erik\u00e1nak \u00e9s mindenkinek h\u00e1l\u00e1s k\u00f6sz\u00f6net ez\u00e9rt a sz\u00e9p d\u00e9lut\u00e1n\u00e9rt.<\/p>\n<p>Tal\u00e1lkozunk \u00fajb\u00f3l janu\u00e1r 27-\u00e9n. V\u00e1runk szeretettel!<\/p>\n<p><em>Sahin Korn\u00e9lia<\/em><\/p>\n","protected":false},"excerpt":{"rendered":"<p>R\u00f6viddel n\u00e9gy \u00f3ra el\u00f6tt \u00e9rkeztem meg\u00a0a terembe, ahol m\u00e1r ny\u00fczs\u00f6gtek az emberek. D\u00fasan ter\u00edtett asztalok v\u00e1rtak minket. Erika nagyon kedvesen, egy-egy b\u00f3kkal szem\u00e9lyesen k\u00f6sz\u00f6nt\u00f6tte a bel\u00e9p\u0151ket. Sokkal t\u00f6bben lett\u00fcnk, mint gondoltuk, \u00edgy m\u00e9g vagy h\u00e1rom asztallal ki is b\u0151v\u00edtett\u00fck a sort. Janu\u00e1r 6-a volt, V\u00edzkereszt \u00fcnnepe. K\u00f6z\u00f6ss\u00e9g\u00fcnkben pedig van egy nagyon r\u00e9gi h\u0171s\u00e9ges tagunk, G\u00e1sp\u00e1r. Nem csak n\u00e9vnapja, hanem kilencvenedik sz\u00fclet\u00e9snapja is volt. \u0150 ez\u00e9rt saj\u00e1t \u00f6ssze\u00e1ll\u00edt\u00e1s\u00fa nagyon j\u00f3\u00edz\u0171 k\u00f6sz\u00f6nt\u0151vel kezdte a d\u00e9lut\u00e1ni programot. Szem\u00fcveg n\u00e9lk\u00fcl olvasta fel a sz\u00e9p, vid\u00e1m, meghat\u00f3 sz\u00f6veg\u00e9t. Mi pedig spont\u00e1n vastapssal h\u00e1l\u00e1ltuk meg neki.\u00a0Term\u00e9szetesen fel is k\u00f6sz\u00f6nt\u00f6tt\u00fck, t\u00f6bbsz\u00f6r is a d\u00e9lut\u00e1n folyam\u00e1n. Nem G\u00e1sp\u00e1r volt a legid\u0151sebb, n\u00e1la voltak m\u00e9g id\u0151sebbek is. Ez k\u00fcl\u00f6n\u00f6s \u00f6r\u00f6m volt, hogy k\u00f6lcs\u00f6n\u00f6sen ilyen j\u00f3l \u00e9rezt\u00fck magunkat, mi a valamivel fiatalabbak a sz\u00e9pkor\u00fa koroszt\u00e1llyal. K\u00f6zben Erika feleleven\u00edtette a r\u00e9gi magyar \u00faj\u00e9vi n\u00e9phagyom\u00e1nyokat, verseket, k\u00f6sz\u00f6nt\u0151ket. R\u00e9szint voltak ismer\u0151s szok\u00e1sok, de sok \u00fajat is hallottunk, amelyeken j\u00f3kat der\u00fclt\u00fcnk. Ezek ut\u00e1n j\u00f6tt a meg\u00edg\u00e9rt koccint\u00e1s. Lehet, hogy a pezsg\u0151 tette, de egyszerre hangos lett a terem. Keveredt\u00fcnk egym\u00e1s k\u00f6z\u00f6tt, j\u00f3kat besz\u00e9lgett\u00fcnk, \u00e9s term\u00e9szetesen a finom falatokat se vetett\u00fck meg. K\u00f6zben Erika meglepett m\u00e9g benn\u00fcnket egy szerencse katicabog\u00e1rral, egy mond\u00e1st f\u0171zve hozz\u00e1. Ezek a mond\u00e1sok valahogy mindig passzoltak r\u00e1nk. Sebes sz\u00e1rnyon sz\u00e1llt el a d\u00e9lut\u00e1n, vid\u00e1man b\u00facs\u00faztunk. Azt\u00e1n indultunk szentmis\u00e9re. Erik\u00e1nak \u00e9s mindenkinek h\u00e1l\u00e1s k\u00f6sz\u00f6net ez\u00e9rt a sz\u00e9p d\u00e9lut\u00e1n\u00e9rt. Tal\u00e1lkozunk \u00fajb\u00f3l janu\u00e1r 27-\u00e9n. V\u00e1runk szeretettel! Sahin Korn\u00e9lia<\/p>\n","protected":false},"author":3,"featured_media":24301,"comment_status":"closed","ping_status":"closed","sticky":false,"template":"","format":"standard","meta":{"footnotes":""},"categories":[28],"tags":[],"class_list":["post-24300","post","type-post","status-publish","format-standard","has-post-thumbnail","hentry","category-olvasoink-irjak"],"yoast_head":"<!-- This site is optimized with the Yoast SEO plugin v27.3 - https:\/\/yoast.com\/product\/yoast-seo-wordpress\/ -->\n<title>\u00daj\u00e9vi k\u00f6sz\u00f6nt\u0151 pezsg\u0151s koccint\u00e1ssal - Stuttgarti Katolikusok<\/title>\n<meta name=\"robots\" content=\"index, follow, max-snippet:-1, max-image-preview:large, max-video-preview:-1\" \/>\n<link rel=\"canonical\" href=\"https:\/\/stuttgarti-katolikusok.de\/index.php\/ujevi-koszonto-pezsgos-koccintassal\/\" \/>\n<meta property=\"og:locale\" content=\"hu_HU\" \/>\n<meta property=\"og:type\" content=\"article\" \/>\n<meta property=\"og:title\" content=\"\u00daj\u00e9vi k\u00f6sz\u00f6nt\u0151 pezsg\u0151s koccint\u00e1ssal - Stuttgarti Katolikusok\" \/>\n<meta property=\"og:description\" content=\"R\u00f6viddel n\u00e9gy \u00f3ra el\u00f6tt \u00e9rkeztem meg\u00a0a terembe, ahol m\u00e1r ny\u00fczs\u00f6gtek az emberek. D\u00fasan ter\u00edtett asztalok v\u00e1rtak minket. Erika nagyon kedvesen, egy-egy b\u00f3kkal szem\u00e9lyesen k\u00f6sz\u00f6nt\u00f6tte a bel\u00e9p\u0151ket. Sokkal t\u00f6bben lett\u00fcnk, mint gondoltuk, \u00edgy m\u00e9g vagy h\u00e1rom asztallal ki is b\u0151v\u00edtett\u00fck a sort. Janu\u00e1r 6-a volt, V\u00edzkereszt \u00fcnnepe. K\u00f6z\u00f6ss\u00e9g\u00fcnkben pedig van egy nagyon r\u00e9gi h\u0171s\u00e9ges tagunk, G\u00e1sp\u00e1r. Nem csak n\u00e9vnapja, hanem kilencvenedik sz\u00fclet\u00e9snapja is volt. \u0150 ez\u00e9rt saj\u00e1t \u00f6ssze\u00e1ll\u00edt\u00e1s\u00fa nagyon j\u00f3\u00edz\u0171 k\u00f6sz\u00f6nt\u0151vel kezdte a d\u00e9lut\u00e1ni programot. Szem\u00fcveg n\u00e9lk\u00fcl olvasta fel a sz\u00e9p, vid\u00e1m, meghat\u00f3 sz\u00f6veg\u00e9t. Mi pedig spont\u00e1n vastapssal h\u00e1l\u00e1ltuk meg neki.\u00a0Term\u00e9szetesen fel is k\u00f6sz\u00f6nt\u00f6tt\u00fck, t\u00f6bbsz\u00f6r is a d\u00e9lut\u00e1n folyam\u00e1n. Nem G\u00e1sp\u00e1r volt a legid\u0151sebb, n\u00e1la voltak m\u00e9g id\u0151sebbek is. Ez k\u00fcl\u00f6n\u00f6s \u00f6r\u00f6m volt, hogy k\u00f6lcs\u00f6n\u00f6sen ilyen j\u00f3l \u00e9rezt\u00fck magunkat, mi a valamivel fiatalabbak a sz\u00e9pkor\u00fa koroszt\u00e1llyal. K\u00f6zben Erika feleleven\u00edtette a r\u00e9gi magyar \u00faj\u00e9vi n\u00e9phagyom\u00e1nyokat, verseket, k\u00f6sz\u00f6nt\u0151ket. R\u00e9szint voltak ismer\u0151s szok\u00e1sok, de sok \u00fajat is hallottunk, amelyeken j\u00f3kat der\u00fclt\u00fcnk. Ezek ut\u00e1n j\u00f6tt a meg\u00edg\u00e9rt koccint\u00e1s. Lehet, hogy a pezsg\u0151 tette, de egyszerre hangos lett a terem. Keveredt\u00fcnk egym\u00e1s k\u00f6z\u00f6tt, j\u00f3kat besz\u00e9lgett\u00fcnk, \u00e9s term\u00e9szetesen a finom falatokat se vetett\u00fck meg. K\u00f6zben Erika meglepett m\u00e9g benn\u00fcnket egy szerencse katicabog\u00e1rral, egy mond\u00e1st f\u0171zve hozz\u00e1. Ezek a mond\u00e1sok valahogy mindig passzoltak r\u00e1nk. Sebes sz\u00e1rnyon sz\u00e1llt el a d\u00e9lut\u00e1n, vid\u00e1man b\u00facs\u00faztunk. Azt\u00e1n indultunk szentmis\u00e9re. Erik\u00e1nak \u00e9s mindenkinek h\u00e1l\u00e1s k\u00f6sz\u00f6net ez\u00e9rt a sz\u00e9p d\u00e9lut\u00e1n\u00e9rt. Tal\u00e1lkozunk \u00fajb\u00f3l janu\u00e1r 27-\u00e9n. V\u00e1runk szeretettel! Sahin Korn\u00e9lia\" \/>\n<meta property=\"og:url\" content=\"https:\/\/stuttgarti-katolikusok.de\/index.php\/ujevi-koszonto-pezsgos-koccintassal\/\" \/>\n<meta property=\"og:site_name\" content=\"Stuttgarti Katolikusok\" \/>\n<meta property=\"article:published_time\" content=\"2023-01-14T22:52:21+00:00\" \/>\n<meta property=\"og:image\" content=\"https:\/\/stuttgarti-katolikusok.de\/wp-content\/uploads\/2023\/01\/baratsagklub-januar-6.jpg\" \/>\n\t<meta property=\"og:image:width\" content=\"2000\" \/>\n\t<meta property=\"og:image:height\" content=\"1125\" \/>\n\t<meta property=\"og:image:type\" content=\"image\/jpeg\" \/>\n<meta name=\"author\" content=\"Tibor atya\" \/>\n<meta name=\"twitter:card\" content=\"summary_large_image\" \/>\n<meta name=\"twitter:label1\" content=\"Szerz\u0151:\" \/>\n\t<meta name=\"twitter:data1\" content=\"Tibor atya\" \/>\n\t<meta name=\"twitter:label2\" content=\"Becs\u00fclt olvas\u00e1si id\u0151\" \/>\n\t<meta name=\"twitter:data2\" content=\"2 perc\" \/>\n<script type=\"application\/ld+json\" class=\"yoast-schema-graph\">{\"@context\":\"https:\\\/\\\/schema.org\",\"@graph\":[{\"@type\":\"Article\",\"@id\":\"https:\\\/\\\/stuttgarti-katolikusok.de\\\/index.php\\\/ujevi-koszonto-pezsgos-koccintassal\\\/#article\",\"isPartOf\":{\"@id\":\"https:\\\/\\\/stuttgarti-katolikusok.de\\\/index.php\\\/ujevi-koszonto-pezsgos-koccintassal\\\/\"},\"author\":{\"name\":\"Tibor atya\",\"@id\":\"https:\\\/\\\/stuttgarti-katolikusok.de\\\/#\\\/schema\\\/person\\\/75908d6f8fdc03a57889d27209df7795\"},\"headline\":\"\u00daj\u00e9vi k\u00f6sz\u00f6nt\u0151 pezsg\u0151s koccint\u00e1ssal\",\"datePublished\":\"2023-01-14T22:52:21+00:00\",\"mainEntityOfPage\":{\"@id\":\"https:\\\/\\\/stuttgarti-katolikusok.de\\\/index.php\\\/ujevi-koszonto-pezsgos-koccintassal\\\/\"},\"wordCount\":381,\"image\":{\"@id\":\"https:\\\/\\\/stuttgarti-katolikusok.de\\\/index.php\\\/ujevi-koszonto-pezsgos-koccintassal\\\/#primaryimage\"},\"thumbnailUrl\":\"https:\\\/\\\/stuttgarti-katolikusok.de\\\/wp-content\\\/uploads\\\/2023\\\/01\\\/baratsagklub-januar-6.jpg\",\"articleSection\":[\"Olvas\u00f3ink \u00edrj\u00e1k\"],\"inLanguage\":\"hu\"},{\"@type\":\"WebPage\",\"@id\":\"https:\\\/\\\/stuttgarti-katolikusok.de\\\/index.php\\\/ujevi-koszonto-pezsgos-koccintassal\\\/\",\"url\":\"https:\\\/\\\/stuttgarti-katolikusok.de\\\/index.php\\\/ujevi-koszonto-pezsgos-koccintassal\\\/\",\"name\":\"\u00daj\u00e9vi k\u00f6sz\u00f6nt\u0151 pezsg\u0151s koccint\u00e1ssal - Stuttgarti Katolikusok\",\"isPartOf\":{\"@id\":\"https:\\\/\\\/stuttgarti-katolikusok.de\\\/#website\"},\"primaryImageOfPage\":{\"@id\":\"https:\\\/\\\/stuttgarti-katolikusok.de\\\/index.php\\\/ujevi-koszonto-pezsgos-koccintassal\\\/#primaryimage\"},\"image\":{\"@id\":\"https:\\\/\\\/stuttgarti-katolikusok.de\\\/index.php\\\/ujevi-koszonto-pezsgos-koccintassal\\\/#primaryimage\"},\"thumbnailUrl\":\"https:\\\/\\\/stuttgarti-katolikusok.de\\\/wp-content\\\/uploads\\\/2023\\\/01\\\/baratsagklub-januar-6.jpg\",\"datePublished\":\"2023-01-14T22:52:21+00:00\",\"author\":{\"@id\":\"https:\\\/\\\/stuttgarti-katolikusok.de\\\/#\\\/schema\\\/person\\\/75908d6f8fdc03a57889d27209df7795\"},\"breadcrumb\":{\"@id\":\"https:\\\/\\\/stuttgarti-katolikusok.de\\\/index.php\\\/ujevi-koszonto-pezsgos-koccintassal\\\/#breadcrumb\"},\"inLanguage\":\"hu\",\"potentialAction\":[{\"@type\":\"ReadAction\",\"target\":[\"https:\\\/\\\/stuttgarti-katolikusok.de\\\/index.php\\\/ujevi-koszonto-pezsgos-koccintassal\\\/\"]}]},{\"@type\":\"ImageObject\",\"inLanguage\":\"hu\",\"@id\":\"https:\\\/\\\/stuttgarti-katolikusok.de\\\/index.php\\\/ujevi-koszonto-pezsgos-koccintassal\\\/#primaryimage\",\"url\":\"https:\\\/\\\/stuttgarti-katolikusok.de\\\/wp-content\\\/uploads\\\/2023\\\/01\\\/baratsagklub-januar-6.jpg\",\"contentUrl\":\"https:\\\/\\\/stuttgarti-katolikusok.de\\\/wp-content\\\/uploads\\\/2023\\\/01\\\/baratsagklub-januar-6.jpg\",\"width\":2000,\"height\":1125},{\"@type\":\"BreadcrumbList\",\"@id\":\"https:\\\/\\\/stuttgarti-katolikusok.de\\\/index.php\\\/ujevi-koszonto-pezsgos-koccintassal\\\/#breadcrumb\",\"itemListElement\":[{\"@type\":\"ListItem\",\"position\":1,\"name\":\"Kezd\u0151lap\",\"item\":\"https:\\\/\\\/stuttgarti-katolikusok.de\\\/\"},{\"@type\":\"ListItem\",\"position\":2,\"name\":\"\u00daj\u00e9vi k\u00f6sz\u00f6nt\u0151 pezsg\u0151s koccint\u00e1ssal\"}]},{\"@type\":\"WebSite\",\"@id\":\"https:\\\/\\\/stuttgarti-katolikusok.de\\\/#website\",\"url\":\"https:\\\/\\\/stuttgarti-katolikusok.de\\\/\",\"name\":\"Stuttgarti Katolikusok\",\"description\":\"\",\"potentialAction\":[{\"@type\":\"SearchAction\",\"target\":{\"@type\":\"EntryPoint\",\"urlTemplate\":\"https:\\\/\\\/stuttgarti-katolikusok.de\\\/?s={search_term_string}\"},\"query-input\":{\"@type\":\"PropertyValueSpecification\",\"valueRequired\":true,\"valueName\":\"search_term_string\"}}],\"inLanguage\":\"hu\"},{\"@type\":\"Person\",\"@id\":\"https:\\\/\\\/stuttgarti-katolikusok.de\\\/#\\\/schema\\\/person\\\/75908d6f8fdc03a57889d27209df7795\",\"name\":\"Tibor atya\",\"image\":{\"@type\":\"ImageObject\",\"inLanguage\":\"hu\",\"@id\":\"https:\\\/\\\/secure.gravatar.com\\\/avatar\\\/61d268e57d1f4525b111222e29d2d5a7f8c420fdbf231ba5566a8ceac74fa960?s=96&d=mm&r=g\",\"url\":\"https:\\\/\\\/secure.gravatar.com\\\/avatar\\\/61d268e57d1f4525b111222e29d2d5a7f8c420fdbf231ba5566a8ceac74fa960?s=96&d=mm&r=g\",\"contentUrl\":\"https:\\\/\\\/secure.gravatar.com\\\/avatar\\\/61d268e57d1f4525b111222e29d2d5a7f8c420fdbf231ba5566a8ceac74fa960?s=96&d=mm&r=g\",\"caption\":\"Tibor atya\"},\"url\":\"https:\\\/\\\/stuttgarti-katolikusok.de\\\/index.php\\\/author\\\/tibor-atya\\\/\"}]}<\/script>\n<!-- \/ Yoast SEO plugin. -->","yoast_head_json":{"title":"\u00daj\u00e9vi k\u00f6sz\u00f6nt\u0151 pezsg\u0151s koccint\u00e1ssal - Stuttgarti Katolikusok","robots":{"index":"index","follow":"follow","max-snippet":"max-snippet:-1","max-image-preview":"max-image-preview:large","max-video-preview":"max-video-preview:-1"},"canonical":"https:\/\/stuttgarti-katolikusok.de\/index.php\/ujevi-koszonto-pezsgos-koccintassal\/","og_locale":"hu_HU","og_type":"article","og_title":"\u00daj\u00e9vi k\u00f6sz\u00f6nt\u0151 pezsg\u0151s koccint\u00e1ssal - Stuttgarti Katolikusok","og_description":"R\u00f6viddel n\u00e9gy \u00f3ra el\u00f6tt \u00e9rkeztem meg\u00a0a terembe, ahol m\u00e1r ny\u00fczs\u00f6gtek az emberek. D\u00fasan ter\u00edtett asztalok v\u00e1rtak minket. Erika nagyon kedvesen, egy-egy b\u00f3kkal szem\u00e9lyesen k\u00f6sz\u00f6nt\u00f6tte a bel\u00e9p\u0151ket. Sokkal t\u00f6bben lett\u00fcnk, mint gondoltuk, \u00edgy m\u00e9g vagy h\u00e1rom asztallal ki is b\u0151v\u00edtett\u00fck a sort. Janu\u00e1r 6-a volt, V\u00edzkereszt \u00fcnnepe. K\u00f6z\u00f6ss\u00e9g\u00fcnkben pedig van egy nagyon r\u00e9gi h\u0171s\u00e9ges tagunk, G\u00e1sp\u00e1r. Nem csak n\u00e9vnapja, hanem kilencvenedik sz\u00fclet\u00e9snapja is volt. \u0150 ez\u00e9rt saj\u00e1t \u00f6ssze\u00e1ll\u00edt\u00e1s\u00fa nagyon j\u00f3\u00edz\u0171 k\u00f6sz\u00f6nt\u0151vel kezdte a d\u00e9lut\u00e1ni programot. Szem\u00fcveg n\u00e9lk\u00fcl olvasta fel a sz\u00e9p, vid\u00e1m, meghat\u00f3 sz\u00f6veg\u00e9t. Mi pedig spont\u00e1n vastapssal h\u00e1l\u00e1ltuk meg neki.\u00a0Term\u00e9szetesen fel is k\u00f6sz\u00f6nt\u00f6tt\u00fck, t\u00f6bbsz\u00f6r is a d\u00e9lut\u00e1n folyam\u00e1n. Nem G\u00e1sp\u00e1r volt a legid\u0151sebb, n\u00e1la voltak m\u00e9g id\u0151sebbek is. Ez k\u00fcl\u00f6n\u00f6s \u00f6r\u00f6m volt, hogy k\u00f6lcs\u00f6n\u00f6sen ilyen j\u00f3l \u00e9rezt\u00fck magunkat, mi a valamivel fiatalabbak a sz\u00e9pkor\u00fa koroszt\u00e1llyal. K\u00f6zben Erika feleleven\u00edtette a r\u00e9gi magyar \u00faj\u00e9vi n\u00e9phagyom\u00e1nyokat, verseket, k\u00f6sz\u00f6nt\u0151ket. R\u00e9szint voltak ismer\u0151s szok\u00e1sok, de sok \u00fajat is hallottunk, amelyeken j\u00f3kat der\u00fclt\u00fcnk. Ezek ut\u00e1n j\u00f6tt a meg\u00edg\u00e9rt koccint\u00e1s. Lehet, hogy a pezsg\u0151 tette, de egyszerre hangos lett a terem. Keveredt\u00fcnk egym\u00e1s k\u00f6z\u00f6tt, j\u00f3kat besz\u00e9lgett\u00fcnk, \u00e9s term\u00e9szetesen a finom falatokat se vetett\u00fck meg. K\u00f6zben Erika meglepett m\u00e9g benn\u00fcnket egy szerencse katicabog\u00e1rral, egy mond\u00e1st f\u0171zve hozz\u00e1. Ezek a mond\u00e1sok valahogy mindig passzoltak r\u00e1nk. Sebes sz\u00e1rnyon sz\u00e1llt el a d\u00e9lut\u00e1n, vid\u00e1man b\u00facs\u00faztunk. Azt\u00e1n indultunk szentmis\u00e9re. Erik\u00e1nak \u00e9s mindenkinek h\u00e1l\u00e1s k\u00f6sz\u00f6net ez\u00e9rt a sz\u00e9p d\u00e9lut\u00e1n\u00e9rt. Tal\u00e1lkozunk \u00fajb\u00f3l janu\u00e1r 27-\u00e9n. V\u00e1runk szeretettel! Sahin Korn\u00e9lia","og_url":"https:\/\/stuttgarti-katolikusok.de\/index.php\/ujevi-koszonto-pezsgos-koccintassal\/","og_site_name":"Stuttgarti Katolikusok","article_published_time":"2023-01-14T22:52:21+00:00","og_image":[{"width":2000,"height":1125,"url":"https:\/\/stuttgarti-katolikusok.de\/wp-content\/uploads\/2023\/01\/baratsagklub-januar-6.jpg","type":"image\/jpeg"}],"author":"Tibor atya","twitter_card":"summary_large_image","twitter_misc":{"Szerz\u0151:":"Tibor atya","Becs\u00fclt olvas\u00e1si id\u0151":"2 perc"},"schema":{"@context":"https:\/\/schema.org","@graph":[{"@type":"Article","@id":"https:\/\/stuttgarti-katolikusok.de\/index.php\/ujevi-koszonto-pezsgos-koccintassal\/#article","isPartOf":{"@id":"https:\/\/stuttgarti-katolikusok.de\/index.php\/ujevi-koszonto-pezsgos-koccintassal\/"},"author":{"name":"Tibor atya","@id":"https:\/\/stuttgarti-katolikusok.de\/#\/schema\/person\/75908d6f8fdc03a57889d27209df7795"},"headline":"\u00daj\u00e9vi k\u00f6sz\u00f6nt\u0151 pezsg\u0151s koccint\u00e1ssal","datePublished":"2023-01-14T22:52:21+00:00","mainEntityOfPage":{"@id":"https:\/\/stuttgarti-katolikusok.de\/index.php\/ujevi-koszonto-pezsgos-koccintassal\/"},"wordCount":381,"image":{"@id":"https:\/\/stuttgarti-katolikusok.de\/index.php\/ujevi-koszonto-pezsgos-koccintassal\/#primaryimage"},"thumbnailUrl":"https:\/\/stuttgarti-katolikusok.de\/wp-content\/uploads\/2023\/01\/baratsagklub-januar-6.jpg","articleSection":["Olvas\u00f3ink \u00edrj\u00e1k"],"inLanguage":"hu"},{"@type":"WebPage","@id":"https:\/\/stuttgarti-katolikusok.de\/index.php\/ujevi-koszonto-pezsgos-koccintassal\/","url":"https:\/\/stuttgarti-katolikusok.de\/index.php\/ujevi-koszonto-pezsgos-koccintassal\/","name":"\u00daj\u00e9vi k\u00f6sz\u00f6nt\u0151 pezsg\u0151s koccint\u00e1ssal - Stuttgarti Katolikusok","isPartOf":{"@id":"https:\/\/stuttgarti-katolikusok.de\/#website"},"primaryImageOfPage":{"@id":"https:\/\/stuttgarti-katolikusok.de\/index.php\/ujevi-koszonto-pezsgos-koccintassal\/#primaryimage"},"image":{"@id":"https:\/\/stuttgarti-katolikusok.de\/index.php\/ujevi-koszonto-pezsgos-koccintassal\/#primaryimage"},"thumbnailUrl":"https:\/\/stuttgarti-katolikusok.de\/wp-content\/uploads\/2023\/01\/baratsagklub-januar-6.jpg","datePublished":"2023-01-14T22:52:21+00:00","author":{"@id":"https:\/\/stuttgarti-katolikusok.de\/#\/schema\/person\/75908d6f8fdc03a57889d27209df7795"},"breadcrumb":{"@id":"https:\/\/stuttgarti-katolikusok.de\/index.php\/ujevi-koszonto-pezsgos-koccintassal\/#breadcrumb"},"inLanguage":"hu","potentialAction":[{"@type":"ReadAction","target":["https:\/\/stuttgarti-katolikusok.de\/index.php\/ujevi-koszonto-pezsgos-koccintassal\/"]}]},{"@type":"ImageObject","inLanguage":"hu","@id":"https:\/\/stuttgarti-katolikusok.de\/index.php\/ujevi-koszonto-pezsgos-koccintassal\/#primaryimage","url":"https:\/\/stuttgarti-katolikusok.de\/wp-content\/uploads\/2023\/01\/baratsagklub-januar-6.jpg","contentUrl":"https:\/\/stuttgarti-katolikusok.de\/wp-content\/uploads\/2023\/01\/baratsagklub-januar-6.jpg","width":2000,"height":1125},{"@type":"BreadcrumbList","@id":"https:\/\/stuttgarti-katolikusok.de\/index.php\/ujevi-koszonto-pezsgos-koccintassal\/#breadcrumb","itemListElement":[{"@type":"ListItem","position":1,"name":"Kezd\u0151lap","item":"https:\/\/stuttgarti-katolikusok.de\/"},{"@type":"ListItem","position":2,"name":"\u00daj\u00e9vi k\u00f6sz\u00f6nt\u0151 pezsg\u0151s koccint\u00e1ssal"}]},{"@type":"WebSite","@id":"https:\/\/stuttgarti-katolikusok.de\/#website","url":"https:\/\/stuttgarti-katolikusok.de\/","name":"Stuttgarti Katolikusok","description":"","potentialAction":[{"@type":"SearchAction","target":{"@type":"EntryPoint","urlTemplate":"https:\/\/stuttgarti-katolikusok.de\/?s={search_term_string}"},"query-input":{"@type":"PropertyValueSpecification","valueRequired":true,"valueName":"search_term_string"}}],"inLanguage":"hu"},{"@type":"Person","@id":"https:\/\/stuttgarti-katolikusok.de\/#\/schema\/person\/75908d6f8fdc03a57889d27209df7795","name":"Tibor atya","image":{"@type":"ImageObject","inLanguage":"hu","@id":"https:\/\/secure.gravatar.com\/avatar\/61d268e57d1f4525b111222e29d2d5a7f8c420fdbf231ba5566a8ceac74fa960?s=96&d=mm&r=g","url":"https:\/\/secure.gravatar.com\/avatar\/61d268e57d1f4525b111222e29d2d5a7f8c420fdbf231ba5566a8ceac74fa960?s=96&d=mm&r=g","contentUrl":"https:\/\/secure.gravatar.com\/avatar\/61d268e57d1f4525b111222e29d2d5a7f8c420fdbf231ba5566a8ceac74fa960?s=96&d=mm&r=g","caption":"Tibor atya"},"url":"https:\/\/stuttgarti-katolikusok.de\/index.php\/author\/tibor-atya\/"}]}},"_links":{"self":[{"href":"https:\/\/stuttgarti-katolikusok.de\/index.php\/wp-json\/wp\/v2\/posts\/24300","targetHints":{"allow":["GET"]}}],"collection":[{"href":"https:\/\/stuttgarti-katolikusok.de\/index.php\/wp-json\/wp\/v2\/posts"}],"about":[{"href":"https:\/\/stuttgarti-katolikusok.de\/index.php\/wp-json\/wp\/v2\/types\/post"}],"author":[{"embeddable":true,"href":"https:\/\/stuttgarti-katolikusok.de\/index.php\/wp-json\/wp\/v2\/users\/3"}],"replies":[{"embeddable":true,"href":"https:\/\/stuttgarti-katolikusok.de\/index.php\/wp-json\/wp\/v2\/comments?post=24300"}],"version-history":[{"count":1,"href":"https:\/\/stuttgarti-katolikusok.de\/index.php\/wp-json\/wp\/v2\/posts\/24300\/revisions"}],"predecessor-version":[{"id":24303,"href":"https:\/\/stuttgarti-katolikusok.de\/index.php\/wp-json\/wp\/v2\/posts\/24300\/revisions\/24303"}],"wp:featuredmedia":[{"embeddable":true,"href":"https:\/\/stuttgarti-katolikusok.de\/index.php\/wp-json\/wp\/v2\/media\/24301"}],"wp:attachment":[{"href":"https:\/\/stuttgarti-katolikusok.de\/index.php\/wp-json\/wp\/v2\/media?parent=24300"}],"wp:term":[{"taxonomy":"category","embeddable":true,"href":"https:\/\/stuttgarti-katolikusok.de\/index.php\/wp-json\/wp\/v2\/categories?post=24300"},{"taxonomy":"post_tag","embeddable":true,"href":"https:\/\/stuttgarti-katolikusok.de\/index.php\/wp-json\/wp\/v2\/tags?post=24300"}],"curies":[{"name":"wp","href":"https:\/\/api.w.org\/{rel}","templated":true}]}}