{"id":24295,"date":"2026-01-17T10:31:35","date_gmt":"2026-01-17T09:31:35","guid":{"rendered":"https:\/\/stuttgarti-katolikusok.de\/?p=24295"},"modified":"2026-01-17T12:25:05","modified_gmt":"2026-01-17T11:25:05","slug":"evkozi-2-vasarnap-2","status":"publish","type":"post","link":"https:\/\/stuttgarti-katolikusok.de\/index.php\/evkozi-2-vasarnap-2\/","title":{"rendered":"\u00c9vk\u00f6zi 2. vas\u00e1rnap"},"content":{"rendered":"<p><span style=\"color: #ff6600;\"><em>Megkap\u00f3 \u00e9s mag\u00e1val ragad\u00f3 a nyit\u00f3k\u00e9p, k\u00f6sz\u00f6net N\u00e9meti Gergely bar\u00e1tomnak, \u00fczenete. A t\u00e1bl\u00e1t elhelyez\u0151 ismeretlen k\u00e9ri az arra elhalad\u00f3 v\u00e1ndort, hogy \u00e9rte im\u00e1dkozzon, hiszen holnap majd valaki m\u00e1s \u00e9rte, a most im\u00e1dkoz\u00f3\u00e9rt, fog im\u00e1dkozni. Sz\u00e1momra a k\u00e9p \u00fczeni, hogy im\u00e1ds\u00e1gainkon kereszt\u00fcl lelki kapcsolatban maradunk egym\u00e1ssal. Az im\u00e1ds\u00e1gnak megtart\u00f3 ereje van!<\/em><\/span><\/p>\n<p><span style=\"color: #ff6600;\"><em>Mi\u00e9rt im\u00e1dkozunk most k\u00fcl\u00f6n\u00f6sen? Erre a k\u00e9rd\u00e9sre a v\u00e1laszt az els\u0151 k\u00f6ny\u00f6rg\u00e9s adja meg: &#8222;Adj b\u00e9k\u00e9t napjainkban!&#8221;. Sz\u00e1nd\u00e9kosan felki\u00e1lt\u00f3jelet tettem, jelezve, hogy ez a k\u00e9r\u00e9s hangs\u00falyosabb \u00e9s id\u0151szer\u0171bb, mint kor\u00e1bban. K\u00f6r\u00fcl\u00f6tt\u00fcnk sokan a fegyverek erej\u00e9ben hisznek, h\u00e1bor\u00fara k\u00e9sz\u00fcl\u0151dnek. Mi magunk azonban valljuk, hogy egyetlen &#8222;fegyver\u00fcnk az im\u00e1ds\u00e1g&#8221;. Gy\u0151zelemre \u00edt\u00e9ltett\u00fcnk, amennyiben hisz\u00fcnk a kitart\u00f3 im\u00e1ds\u00e1g erej\u00e9ben!<\/em><\/span><\/p>\n<p><span style=\"color: #ff6600;\"><em>A k\u00f6ny\u00f6rg\u00e9snek az els\u0151 r\u00e9sze azonban m\u00e9g egy fontos dologra ir\u00e1ny\u00edtja r\u00e1 a figyelm\u00fcnket. Els\u0151 l\u00e9p\u00e9sk\u00e9nt el kell ismern\u00fcnk, hogy a teremt\u0151 \u00e9s \u00f6r\u00f6k Isten a t\u00f6rt\u00e9nelem Ura. Mi emberek, csup\u00e1n kivitelez\u0151i vagyunk az \u00f6r\u00f6k isteni sz\u00e1nd\u00e9knak \u00e9s tervnek. Az \u0150 sz\u00e1nd\u00e9ka pedig, hogy b\u00e9k\u00e9ben l\u00e1sson benn\u00fcnket.<\/em><\/span><\/p>\n<p><span style=\"color: #ff6600;\"><em>Az olvasm\u00e1ny fontos \u00fczenete: Isten benn\u00fcnk is meg akar dics\u0151\u00fclni! Emberi m\u00e9lt\u00f3s\u00e1gomb\u00f3l fakad\u00f3 egy\u00e9ni hivat\u00e1som m\u00e9lt\u00f3s\u00e1ga ez. Csod\u00e1latos kincs \u00e9s aj\u00e1nd\u00e9k ez! Az olvasm\u00e1ny lez\u00e1r\u00f3 szakasza \u00fagy is \u00e9rtelmezhet\u0151, mint az egy\u00e9n csod\u00e1latos hivat\u00e1s\u00e1nak meger\u0151s\u00edt\u00e9se: &#8222;Kev\u00e9s az, hogy a szolg\u00e1m l\u00e9gy, s f\u00f6lemeld J\u00e1kob t\u00f6rzseit, \u00e9s visszat\u00e9r\u00edtsd Izrael marad\u00e9k\u00e1t. A nemzetek vil\u00e1goss\u00e1g\u00e1v\u00e1 teszlek, hogy \u00fcdv\u00f6ss\u00e9gem eljusson a f\u00f6ld hat\u00e1r\u00e1ig.&#8221;\u00a0 Izrael marad\u00e9ka a k\u00e9s\u0151bbiekben az \u00fajj\u00e1sz\u00fclet\u00e9s rem\u00e9ny\u00e9nek hordoz\u00f3ja \u00e9s biztos let\u00e9tem\u00e9nyese is egyben. Ennek anal\u00f3gi\u00e1jak\u00e9nt elmondhatjuk, hogy mi magunk is, akik a gyakorl\u00f3, magkereszt\u00e9nyek k\u00f6z\u00e9 tartoz\u00f3knak valljuk magunkat, az \u00fajj\u00e1sz\u00fclet\u00e9s rem\u00e9ny\u00e9t k\u00f6zvet\u00edthetj\u00fck.<\/em><\/span><\/p>\n<p><span style=\"color: #ff6600;\"><em>A szentleck\u00e9nek v\u00e9g\u00e9n szerepl\u0151 felh\u00edv\u00e1s beleker\u00fclt szent liturgi\u00e1nkba is. Ugyanis a szentmise kezdet\u00e9n, a keresztvet\u00e9st k\u00f6vet\u0151en, \u00edgy sz\u00f3l\u00edthatjuk meg a jelenl\u00e9v\u0151 h\u00edveket: &#8222;Kegyelem nektek \u00e9s b\u00e9kess\u00e9g Aty\u00e1nkt\u00f3l, az Istent\u0151l, \u00e9s az \u00dar J\u00e9zus Krisztust\u00f3l!&#8221;. T\u00f6rekszem-e kegyelemben \u00e9s b\u00e9kess\u00e9gben \u00e9lni?\u00a0<\/em><\/span><\/p>\n<p><span style=\"color: #ff6600;\"><em>Keresztel\u0151 J\u00e1nos r\u00e1mutat J\u00e9zusra: &#8222;\u00cdme az Isten B\u00e1r\u00e1nya!&#8221; Majd ezt k\u00f6vet\u0151en tan\u00fas\u00e1got tesz, hogy J\u00e9zus Krisztus az Isten Fia. Mindezt annak f\u00e9ny\u00e9ben teszi, hogy szem\u00e9lyes meg\u00e9l\u00e9se \u00e9s tapasztalata volt, ott a Jord\u00e1n foly\u00f3n\u00e1l. Magamra vonatkoztatva pedig elmondhatom, hogy csakis akkor tudok J\u00e9zus Krisztusr\u00f3l tan\u00fas\u00e1got tenni, amennyiben bens\u0151 \u00e9s szem\u00e9lyes kapcsolatom van vele. Erre kell t\u00f6rekednem!<\/em><\/span><\/p>\n<p><span style=\"color: #ff6600;\"><em>Tibor atya<\/em><\/span><\/p>\n<p><span style=\"color: #339966;\">Kezd\u0151\u00e9nek:<\/span><br \/>\nAz eg\u00e9sz f\u00f6ld t\u00e9ged im\u00e1djon \u00e9s magasztaljon, Isten\u00fcnk, nevedet \u00e9nekkel dics\u00e9rje, f\u00f6ls\u00e9ges Urunk! (Zsolt 65,4)<\/p>\n<p><span style=\"color: #339966;\">K\u00f6ny\u00f6rg\u00e9s:<\/span><br \/>\nMindenhat\u00f3, \u00f6r\u00f6k Isten, te korm\u00e1nyozod a mennyet \u00e9s a f\u00f6ldet: hallgasd meg n\u00e9ped esdekl\u0151 im\u00e1j\u00e1t, \u00e9s adj b\u00e9k\u00e9t napjainkban. A mi Urunk, J\u00e9zus Krisztus a te Fiad \u00e1ltal, aki veled \u00e9l \u00e9s uralkodik a Szentl\u00e9lekkel egys\u00e9gben, Isten mind\u00f6r\u00f6kk\u00f6n \u00f6r\u00f6kk\u00e9.<\/p>\n<p align=\"justify\"><span style=\"color: #339966;\">OLVASM\u00c1NY Izaj\u00e1s pr\u00f3f\u00e9ta k\u00f6nyv\u00e9b\u0151l (Iz 49,3.5-6)<\/span><br \/>\n<em>A nemzetek vil\u00e1goss\u00e1g\u00e1v\u00e1 teszlek, hogy \u00fcdv\u00f6ss\u00e9gem l\u00e9gy.<\/em><br \/>\nAz \u00dar \u00edgy sz\u00f3lt hozz\u00e1m: \u201eA szolg\u00e1m vagy, Izrael, benned fogok megdics\u0151\u00fclni!\u201d<br \/>\nAz \u00dar mondja ezt, aki m\u00e1r any\u00e1m m\u00e9h\u00e9t\u0151l fogva szolg\u00e1j\u00e1v\u00e1 lett, hogy visszavezessem hozz\u00e1 J\u00e1kobot, \u00e9s Izraelt k\u00f6r\u00e9je gy\u0171jtsem. \u00cdgy lettem becses az \u00dar szem\u00e9ben, \u00e9s Istenem lett az er\u0151m.<br \/>\n\u00c9s mondotta: \u201eKev\u00e9s az, hogy a szolg\u00e1m l\u00e9gy, s f\u00f6lemeld J\u00e1kob t\u00f6rzseit, \u00e9s visszat\u00e9r\u00edtsd Izrael marad\u00e9k\u00e1t. A nemzetek vil\u00e1goss\u00e1g\u00e1v\u00e1 teszlek, hogy \u00fcdv\u00f6ss\u00e9gem eljusson a f\u00f6ld hat\u00e1r\u00e1ig.\u201d<br \/>\nEz az Isten ig\u00e9je.<\/p>\n<p align=\"justify\"><span style=\"color: #339966;\">V\u00c1LASZOS ZSOLT\u00c1R (Zsolt 39,2 \u00e9s 4ab.7-8a.8b-9.10)<\/span><br \/>\nV\u00e1lasz:\u00a0<strong>\u00cdme, elj\u00f6v\u00f6k, Uram, * hogy teljes\u00edtsem azt, amit k\u00edv\u00e1nsz.<\/strong>\u00a07b. t\u00f3nus.<br \/>\nEl\u0151\u00e9nekes: V\u00e1rva v\u00e1rtam az Urat, * \u00e9s \u0151 lehajolt hozz\u00e1m.<br \/>\n\u00daj \u00e9neket adott az ajkamra, * Isten\u00fcnknek zeng\u0151 \u00e9neket.<br \/>\nH\u00edvek: \u00cdme, elj\u00f6v\u00f6k, Uram, * hogy teljes\u00edtsem azt, amit k\u00edv\u00e1nsz.<br \/>\nE: Sem v\u00e9res, sem \u00e9tel\u00e1ldozat nem kellett neked, * f\u00fclemet azonban megnyitottad.<br \/>\nNem k\u00f6vetelt\u00e9l \u00e9g\u0151- \u00e9s engesztel\u0151 \u00e1ldozatot, * \u00edgy sz\u00f3ltam akkor: \u201e\u00cdme, elj\u00f6v\u00f6k.\u201d<br \/>\nH: \u00cdme, elj\u00f6v\u00f6k, Uram, * hogy teljes\u00edtsem azt, amit k\u00edv\u00e1nsz.<br \/>\nE: A k\u00f6nyvtekercsben r\u00f3lam \u00edrva \u00e1ll, * hogy akaratodat teljes\u00edtsem.<br \/>\nErre v\u00e1gyom, Istenem, * t\u00f6rv\u00e9nyed sz\u00edvemet \u00f6r\u00f6mmel t\u00f6lti el.<br \/>\nH: \u00cdme, elj\u00f6v\u00f6k, Uram, * hogy teljes\u00edtsem azt, amit k\u00edv\u00e1nsz.<br \/>\nE: Igazs\u00e1godat hirdetem a nagy k\u00f6z\u00f6ss\u00e9gben, * ajkam el nem hallgat, Uram, j\u00f3l tudod.<br \/>\nH: \u00cdme, elj\u00f6v\u00f6k, Uram, * hogy teljes\u00edtsem azt, amit k\u00edv\u00e1nsz.<\/p>\n<p><span style=\"color: #339966;\">SZENTLECKE Szent P\u00e1l apostolnak a korintusiakhoz \u00edrt els\u0151 level\u00e9b\u0151l (1Kor 1,1-3)<\/span><\/p>\n<p><em>Kegyelem nektek \u00e9s b\u00e9kess\u00e9g Aty\u00e1nkt\u00f3l, az Istent\u0151l, \u00e9s az \u00dar J\u00e9zus Krisztust\u00f3l!<\/em><br \/>\nP\u00e1l, J\u00e9zus Krisztusnak Isten akarat\u00e1b\u00f3l megh\u00edvott apostola \u00e9s Szoszten\u00e9sz testv\u00e9r k\u00f6sz\u00f6nti Isten korintusi egyh\u00e1z\u00e1t, a Krisztus J\u00e9zusban megszentelteket, a megh\u00edvott szenteket \u00e9s mindazokat, akik n\u00e1luk vagy n\u00e1lunk seg\u00edts\u00e9g\u00fcl h\u00edvj\u00e1k, J\u00e9zus Krisztusnak, a mi Urunknak nev\u00e9t.<br \/>\nKegyelem nektek \u00e9s b\u00e9kess\u00e9g Aty\u00e1nkt\u00f3l, az Istent\u0151l, \u00e9s az \u00dar J\u00e9zus Krisztust\u00f3l!<br \/>\nEz az Isten ig\u00e9je.ALLELUJA<br \/>\nAz Ige emberr\u00e9 lett, \u00e9s itt \u00e9lt k\u00f6zt\u00fcnk. * Befogad\u00f3inak megadta, hogy Isten fiai legyenek. Jn 1,14.12b \u2013 4g. t\u00f3nus.<\/p>\n<p><span style=\"color: #339966;\">\u2020 EVANG\u00c9LIUM Szent J\u00e1nos k\u00f6nyv\u00e9b\u0151l\u00a0 (Jn 1,29-34)<\/span><br \/>\n<em>\u00cdme, az Isten B\u00e1r\u00e1nya, aki elveszi a vil\u00e1g b\u0171neit!<\/em><br \/>\nAbban az id\u0151ben:<br \/>\nAmikor J\u00e1nos l\u00e1tta, hogy J\u00e9zus k\u00f6zeledik fel\u00e9je, \u00edgy sz\u00f3lt: \u201e\u00cdme, az Isten B\u00e1r\u00e1nya, aki elveszi a vil\u00e1g b\u0171neit! \u0150 az, akir\u0151l \u00e9n azt mondtam: Ut\u00e1nam j\u00f6n egy f\u00e9rfi, aki megel\u0151z engem, mert el\u0151bb volt, mint \u00e9n. \u00c9n sem ismertem \u0151t, de az\u00e9rt j\u00f6ttem, \u00e9s az\u00e9rt keresztelek v\u00edzzel, hogy megismertessem \u0151t Izraelben.\u201d<br \/>\nJ\u00e1nos azut\u00e1n \u00edgy folytatta tan\u00fas\u00e1gt\u00e9tel\u00e9t: \u201eL\u00e1ttam, hogy az \u00e9gb\u0151l, mint egy galamb, lesz\u00e1ll r\u00e1 a L\u00e9lek, \u00e9s rajta marad. \u00c9n sem ismertem \u0151t, de aki k\u00fcld\u00f6tt, hogy v\u00edzzel kereszteljek, az mondta nekem: Akire l\u00e1tod, hogy r\u00e1sz\u00e1ll a L\u00e9lek, \u00e9s rajta marad, \u0151 az, aki L\u00e9lekkel keresztel. \u00c9n l\u00e1ttam, \u00e9s tan\u00faskodom arr\u00f3l, hogy \u0151 az Isten Fia!\u201d<br \/>\nEzek az evang\u00e9lium ig\u00e9i.<\/p>\n<p><span style=\"color: #339966;\">EGYETEMES K\u00d6NY\u00d6RG\u00c9SEK<\/span><br \/>\nPap: Im\u00e1dkozzunk, testv\u00e9reim, a mennyei Aty\u00e1hoz, aki J\u00e9zus Krisztust a nemzetek vil\u00e1goss\u00e1g\u00e1v\u00e1 tette!<br \/>\nLektor: 1. Hogy Egyh\u00e1zad Krisztus vil\u00e1goss\u00e1g\u00e1t terjessze a f\u00f6ld\u00f6n!<br \/>\nH\u00edvek: K\u00e9r\u00fcnk t\u00e9ged, hallgass meg minket!<br \/>\n2. Hogy Krisztus tan\u00edtv\u00e1nyai a hit f\u00e9ny\u00e9ben \u00e9ljenek \u00e9s dolgozzanak!<br \/>\nH\u00edvek: K\u00e9r\u00fcnk t\u00e9ged . . .<br \/>\n3. Hogy a n\u00e9pek vezet\u0151i tiszteletben tarts\u00e1k Isten t\u00f6rv\u00e9nyeit!<br \/>\nH\u00edvek: K\u00e9r\u00fcnk t\u00e9ged . . .<br \/>\n4. Hogy J\u00e9zusban mindenki felismerje az Isten B\u00e1r\u00e1ny\u00e1t, aki elveszi a vil\u00e1g b\u0171neit!<br \/>\nH\u00edvek: K\u00e9r\u00fcnk t\u00e9ged . . .<br \/>\n5. Hogy minden kereszt\u00e9ny egym\u00e1sra tal\u00e1ljon szent Fiad olt\u00e1ra k\u00f6r\u00fcl!<br \/>\nH\u00edvek: K\u00e9r\u00fcnk t\u00e9ged . . .<br \/>\nPap: Urunk \u00e9s Isten\u00fcnk! Add kegyelmedet, hogy f\u00f6ldi \u00e9let\u00fcnkben h\u0171s\u00e9gesen k\u00f6vess\u00fck Krisztust, a vil\u00e1g vil\u00e1goss\u00e1g\u00e1t, \u00e9s \u00e1ltala eljussunk hozz\u00e1d, \u00fcdv\u00f6ss\u00e9g\u00fcnk forr\u00e1s\u00e1hoz. Aki \u00e9lsz \u00e9s uralkodol mind\u00f6r\u00f6kk\u00f6n \u00f6r\u00f6kk\u00e9.<br \/>\nH\u00edvek: \u00c1men.<\/p>\n<p><span style=\"color: #339966;\">Felaj\u00e1nl\u00f3 k\u00f6ny\u00f6rg\u00e9s:<\/span><br \/>\nK\u00e9r\u00fcnk, Urunk, Isten\u00fcnk, add, hogy m\u00e9lt\u00f3n vegy\u00fcnk r\u00e9szt ebben a szent cselekm\u00e9nyben, mert valah\u00e1nyszor Fiad \u00e1ldozat\u00e1nak eml\u00e9k\u00e9t \u00fcnnepelj\u00fck, megv\u00e1lt\u00e1sunk m\u0171ve folytat\u00f3dik. Krisztus, a mi Urunk \u00e1ltal.<\/p>\n<p><span style=\"color: #339966;\">Pref\u00e1ci\u00f3:<\/span><br \/>\nMert val\u00f3ban m\u00e9lt\u00f3 \u00e9s igazs\u00e1gos, ill\u0151 \u00e9s \u00fcdv\u00f6s, hogy mindig \u00e9s minden\u00fctt h\u00e1l\u00e1t adjunk n\u00e9ked, mi Urunk, szents\u00e9ges Aty\u00e1nk, mindenhat\u00f3, \u00f6r\u00f6k Isten: Krisztus, a mi Urunk \u00e1ltal.<br \/>\nKi megsz\u00e1nva a t\u00e9velyg\u0151 embert, vil\u00e1gra sz\u00fcletett a Szent Sz\u0171zt\u0151l, majd kereszthal\u00e1la \u00e1ltal az \u00f6r\u00f6k hal\u00e1lt\u00f3l megmentett minket, \u00e9s felt\u00e1madva a hal\u00e1lb\u00f3l \u00f6r\u00f6k \u00e9letet aj\u00e1nd\u00e9kozott n\u00e9k\u00fcnk.<br \/>\n\u00c9s ez\u00e9rt mi is, mik\u00e9nt az angyalok \u00e9s f\u0151angyalok, a tr\u00f3nod k\u00f6r\u00fcl \u00e1ll\u00f3 hatalmas \u00e9gi szellemek, \u00e9s minden seregek a mennyben, a te dics\u0151s\u00e9ged himnusz\u00e1t zengj\u00fck, \u00e9s vel\u00fck egy\u00fctt v\u00e9g n\u00e9lk\u00fcl \u00e9nekelj\u00fck:<\/p>\n<p><span style=\"color: #339966;\">\u00c1ldoz\u00e1si \u00e9nek:<\/span><br \/>\nAsztalt ter\u00edtett\u00e9l nekem, \u00e9s pomp\u00e1s itallal t\u00f6lt\u00f6d meg serlegem. (Zsolt 22,5)<br \/>\n<em>vagy<\/em><br \/>\nMegismert\u00fck a szeretetet, amelyet Isten oltott bel\u00e9nk, \u00e9s hitt\u00fcnk benne. (1Jn 4,16)<\/p>\n<p><span style=\"color: #339966;\">\u00c1ldoz\u00e1s ut\u00e1ni k\u00f6ny\u00f6rg\u00e9s:<\/span><br \/>\nIsten\u00fcnk, \u00e1raszd sz\u00edv\u00fcnkbe szereteted Szentlelk\u00e9t, hogy minket, akiket egyazon mennyei keny\u00e9rrel t\u00e1pl\u00e1lt\u00e1l, egyazon szeretet kapcsoljon \u00f6ssze. Krisztus, a mi Urunk \u00e1ltal.<\/p>\n<p><em>(K\u00e9p forr\u00e1sa: N\u00e9meti Gergely)<\/em><\/p>\n","protected":false},"excerpt":{"rendered":"<p>Megkap\u00f3 \u00e9s mag\u00e1val ragad\u00f3 a nyit\u00f3k\u00e9p, k\u00f6sz\u00f6net N\u00e9meti Gergely bar\u00e1tomnak, \u00fczenete. A t\u00e1bl\u00e1t elhelyez\u0151 ismeretlen k\u00e9ri az arra elhalad\u00f3 v\u00e1ndort, hogy \u00e9rte im\u00e1dkozzon, hiszen holnap majd valaki m\u00e1s \u00e9rte, a most im\u00e1dkoz\u00f3\u00e9rt, fog im\u00e1dkozni. Sz\u00e1momra a k\u00e9p \u00fczeni, hogy im\u00e1ds\u00e1gainkon kereszt\u00fcl lelki kapcsolatban maradunk egym\u00e1ssal. Az im\u00e1ds\u00e1gnak megtart\u00f3 ereje van! Mi\u00e9rt im\u00e1dkozunk most k\u00fcl\u00f6n\u00f6sen? Erre a k\u00e9rd\u00e9sre a v\u00e1laszt az els\u0151 k\u00f6ny\u00f6rg\u00e9s adja meg: &#8222;Adj b\u00e9k\u00e9t napjainkban!&#8221;. Sz\u00e1nd\u00e9kosan felki\u00e1lt\u00f3jelet tettem, jelezve, hogy ez a k\u00e9r\u00e9s hangs\u00falyosabb \u00e9s id\u0151szer\u0171bb, mint kor\u00e1bban. K\u00f6r\u00fcl\u00f6tt\u00fcnk sokan a fegyverek erej\u00e9ben hisznek, h\u00e1bor\u00fara k\u00e9sz\u00fcl\u0151dnek. Mi magunk azonban valljuk, hogy egyetlen &#8222;fegyver\u00fcnk az im\u00e1ds\u00e1g&#8221;. Gy\u0151zelemre \u00edt\u00e9ltett\u00fcnk, amennyiben hisz\u00fcnk a kitart\u00f3 im\u00e1ds\u00e1g erej\u00e9ben! A k\u00f6ny\u00f6rg\u00e9snek az els\u0151 r\u00e9sze azonban m\u00e9g egy fontos dologra ir\u00e1ny\u00edtja r\u00e1 a figyelm\u00fcnket. Els\u0151 l\u00e9p\u00e9sk\u00e9nt el kell ismern\u00fcnk, hogy a teremt\u0151 \u00e9s \u00f6r\u00f6k Isten a t\u00f6rt\u00e9nelem Ura. Mi emberek, csup\u00e1n kivitelez\u0151i vagyunk az \u00f6r\u00f6k isteni sz\u00e1nd\u00e9knak \u00e9s tervnek. Az \u0150 sz\u00e1nd\u00e9ka pedig, hogy b\u00e9k\u00e9ben l\u00e1sson benn\u00fcnket. Az olvasm\u00e1ny fontos \u00fczenete: Isten benn\u00fcnk is meg akar dics\u0151\u00fclni! Emberi m\u00e9lt\u00f3s\u00e1gomb\u00f3l fakad\u00f3 egy\u00e9ni hivat\u00e1som m\u00e9lt\u00f3s\u00e1ga ez. Csod\u00e1latos kincs \u00e9s aj\u00e1nd\u00e9k ez! Az olvasm\u00e1ny lez\u00e1r\u00f3 szakasza \u00fagy is \u00e9rtelmezhet\u0151, mint az egy\u00e9n csod\u00e1latos hivat\u00e1s\u00e1nak meger\u0151s\u00edt\u00e9se: &#8222;Kev\u00e9s az, hogy a szolg\u00e1m l\u00e9gy, s f\u00f6lemeld J\u00e1kob t\u00f6rzseit, \u00e9s visszat\u00e9r\u00edtsd Izrael marad\u00e9k\u00e1t. A nemzetek vil\u00e1goss\u00e1g\u00e1v\u00e1 teszlek, hogy \u00fcdv\u00f6ss\u00e9gem eljusson a f\u00f6ld hat\u00e1r\u00e1ig.&#8221;\u00a0 Izrael marad\u00e9ka a k\u00e9s\u0151bbiekben az \u00fajj\u00e1sz\u00fclet\u00e9s rem\u00e9ny\u00e9nek hordoz\u00f3ja \u00e9s biztos let\u00e9tem\u00e9nyese is egyben. Ennek anal\u00f3gi\u00e1jak\u00e9nt elmondhatjuk, hogy mi magunk is, akik a gyakorl\u00f3, magkereszt\u00e9nyek k\u00f6z\u00e9 tartoz\u00f3knak valljuk magunkat, az \u00fajj\u00e1sz\u00fclet\u00e9s rem\u00e9ny\u00e9t k\u00f6zvet\u00edthetj\u00fck. A szentleck\u00e9nek v\u00e9g\u00e9n szerepl\u0151 felh\u00edv\u00e1s beleker\u00fclt szent liturgi\u00e1nkba is. Ugyanis a szentmise kezdet\u00e9n, a keresztvet\u00e9st k\u00f6vet\u0151en, \u00edgy sz\u00f3l\u00edthatjuk meg a jelenl\u00e9v\u0151 h\u00edveket: &#8222;Kegyelem nektek \u00e9s b\u00e9kess\u00e9g Aty\u00e1nkt\u00f3l, az Istent\u0151l, \u00e9s az \u00dar J\u00e9zus Krisztust\u00f3l!&#8221;. T\u00f6rekszem-e kegyelemben \u00e9s b\u00e9kess\u00e9gben \u00e9lni?\u00a0 Keresztel\u0151 J\u00e1nos r\u00e1mutat J\u00e9zusra: &#8222;\u00cdme az Isten B\u00e1r\u00e1nya!&#8221; Majd ezt k\u00f6vet\u0151en tan\u00fas\u00e1got tesz, hogy J\u00e9zus Krisztus az Isten&#8230; <\/p>\n<p><a class=\"readmore\" href=\"https:\/\/stuttgarti-katolikusok.de\/index.php\/evkozi-2-vasarnap-2\/\">R\u00e9szletek<\/a><\/p>\n","protected":false},"author":3,"featured_media":24296,"comment_status":"closed","ping_status":"closed","sticky":false,"template":"","format":"standard","meta":{"footnotes":""},"categories":[85,63],"tags":[],"class_list":["post-24295","post","type-post","status-publish","format-standard","has-post-thumbnail","hentry","category-a-liturgia-olvasmanyai","category-vasarnapi-gondolatok"],"yoast_head":"<!-- This site is optimized with the Yoast SEO plugin v27.3 - https:\/\/yoast.com\/product\/yoast-seo-wordpress\/ -->\n<title>\u00c9vk\u00f6zi 2. vas\u00e1rnap - Stuttgarti Katolikusok<\/title>\n<meta name=\"robots\" content=\"index, follow, max-snippet:-1, max-image-preview:large, max-video-preview:-1\" \/>\n<link rel=\"canonical\" href=\"https:\/\/stuttgarti-katolikusok.de\/index.php\/evkozi-2-vasarnap-2\/\" \/>\n<meta property=\"og:locale\" content=\"hu_HU\" \/>\n<meta property=\"og:type\" content=\"article\" \/>\n<meta property=\"og:title\" content=\"\u00c9vk\u00f6zi 2. vas\u00e1rnap - Stuttgarti Katolikusok\" \/>\n<meta property=\"og:description\" content=\"Megkap\u00f3 \u00e9s mag\u00e1val ragad\u00f3 a nyit\u00f3k\u00e9p, k\u00f6sz\u00f6net N\u00e9meti Gergely bar\u00e1tomnak, \u00fczenete. A t\u00e1bl\u00e1t elhelyez\u0151 ismeretlen k\u00e9ri az arra elhalad\u00f3 v\u00e1ndort, hogy \u00e9rte im\u00e1dkozzon, hiszen holnap majd valaki m\u00e1s \u00e9rte, a most im\u00e1dkoz\u00f3\u00e9rt, fog im\u00e1dkozni. Sz\u00e1momra a k\u00e9p \u00fczeni, hogy im\u00e1ds\u00e1gainkon kereszt\u00fcl lelki kapcsolatban maradunk egym\u00e1ssal. Az im\u00e1ds\u00e1gnak megtart\u00f3 ereje van! Mi\u00e9rt im\u00e1dkozunk most k\u00fcl\u00f6n\u00f6sen? Erre a k\u00e9rd\u00e9sre a v\u00e1laszt az els\u0151 k\u00f6ny\u00f6rg\u00e9s adja meg: &#8222;Adj b\u00e9k\u00e9t napjainkban!&#8221;. Sz\u00e1nd\u00e9kosan felki\u00e1lt\u00f3jelet tettem, jelezve, hogy ez a k\u00e9r\u00e9s hangs\u00falyosabb \u00e9s id\u0151szer\u0171bb, mint kor\u00e1bban. K\u00f6r\u00fcl\u00f6tt\u00fcnk sokan a fegyverek erej\u00e9ben hisznek, h\u00e1bor\u00fara k\u00e9sz\u00fcl\u0151dnek. Mi magunk azonban valljuk, hogy egyetlen &#8222;fegyver\u00fcnk az im\u00e1ds\u00e1g&#8221;. Gy\u0151zelemre \u00edt\u00e9ltett\u00fcnk, amennyiben hisz\u00fcnk a kitart\u00f3 im\u00e1ds\u00e1g erej\u00e9ben! A k\u00f6ny\u00f6rg\u00e9snek az els\u0151 r\u00e9sze azonban m\u00e9g egy fontos dologra ir\u00e1ny\u00edtja r\u00e1 a figyelm\u00fcnket. Els\u0151 l\u00e9p\u00e9sk\u00e9nt el kell ismern\u00fcnk, hogy a teremt\u0151 \u00e9s \u00f6r\u00f6k Isten a t\u00f6rt\u00e9nelem Ura. Mi emberek, csup\u00e1n kivitelez\u0151i vagyunk az \u00f6r\u00f6k isteni sz\u00e1nd\u00e9knak \u00e9s tervnek. Az \u0150 sz\u00e1nd\u00e9ka pedig, hogy b\u00e9k\u00e9ben l\u00e1sson benn\u00fcnket. Az olvasm\u00e1ny fontos \u00fczenete: Isten benn\u00fcnk is meg akar dics\u0151\u00fclni! Emberi m\u00e9lt\u00f3s\u00e1gomb\u00f3l fakad\u00f3 egy\u00e9ni hivat\u00e1som m\u00e9lt\u00f3s\u00e1ga ez. Csod\u00e1latos kincs \u00e9s aj\u00e1nd\u00e9k ez! Az olvasm\u00e1ny lez\u00e1r\u00f3 szakasza \u00fagy is \u00e9rtelmezhet\u0151, mint az egy\u00e9n csod\u00e1latos hivat\u00e1s\u00e1nak meger\u0151s\u00edt\u00e9se: &#8222;Kev\u00e9s az, hogy a szolg\u00e1m l\u00e9gy, s f\u00f6lemeld J\u00e1kob t\u00f6rzseit, \u00e9s visszat\u00e9r\u00edtsd Izrael marad\u00e9k\u00e1t. A nemzetek vil\u00e1goss\u00e1g\u00e1v\u00e1 teszlek, hogy \u00fcdv\u00f6ss\u00e9gem eljusson a f\u00f6ld hat\u00e1r\u00e1ig.&#8221;\u00a0 Izrael marad\u00e9ka a k\u00e9s\u0151bbiekben az \u00fajj\u00e1sz\u00fclet\u00e9s rem\u00e9ny\u00e9nek hordoz\u00f3ja \u00e9s biztos let\u00e9tem\u00e9nyese is egyben. Ennek anal\u00f3gi\u00e1jak\u00e9nt elmondhatjuk, hogy mi magunk is, akik a gyakorl\u00f3, magkereszt\u00e9nyek k\u00f6z\u00e9 tartoz\u00f3knak valljuk magunkat, az \u00fajj\u00e1sz\u00fclet\u00e9s rem\u00e9ny\u00e9t k\u00f6zvet\u00edthetj\u00fck. A szentleck\u00e9nek v\u00e9g\u00e9n szerepl\u0151 felh\u00edv\u00e1s beleker\u00fclt szent liturgi\u00e1nkba is. Ugyanis a szentmise kezdet\u00e9n, a keresztvet\u00e9st k\u00f6vet\u0151en, \u00edgy sz\u00f3l\u00edthatjuk meg a jelenl\u00e9v\u0151 h\u00edveket: &#8222;Kegyelem nektek \u00e9s b\u00e9kess\u00e9g Aty\u00e1nkt\u00f3l, az Istent\u0151l, \u00e9s az \u00dar J\u00e9zus Krisztust\u00f3l!&#8221;. T\u00f6rekszem-e kegyelemben \u00e9s b\u00e9kess\u00e9gben \u00e9lni?\u00a0 Keresztel\u0151 J\u00e1nos r\u00e1mutat J\u00e9zusra: &#8222;\u00cdme az Isten B\u00e1r\u00e1nya!&#8221; Majd ezt k\u00f6vet\u0151en tan\u00fas\u00e1got tesz, hogy J\u00e9zus Krisztus az Isten... R\u00e9szletek\" \/>\n<meta property=\"og:url\" content=\"https:\/\/stuttgarti-katolikusok.de\/index.php\/evkozi-2-vasarnap-2\/\" \/>\n<meta property=\"og:site_name\" content=\"Stuttgarti Katolikusok\" \/>\n<meta property=\"article:published_time\" content=\"2026-01-17T09:31:35+00:00\" \/>\n<meta property=\"article:modified_time\" content=\"2026-01-17T11:25:05+00:00\" \/>\n<meta property=\"og:image\" content=\"https:\/\/stuttgarti-katolikusok.de\/wp-content\/uploads\/2023\/01\/nemeti-gergely-januar-14.jpg\" \/>\n\t<meta property=\"og:image:width\" content=\"2048\" \/>\n\t<meta property=\"og:image:height\" content=\"1365\" \/>\n\t<meta property=\"og:image:type\" content=\"image\/jpeg\" \/>\n<meta name=\"author\" content=\"Tibor atya\" \/>\n<meta name=\"twitter:card\" content=\"summary_large_image\" \/>\n<meta name=\"twitter:label1\" content=\"Szerz\u0151:\" \/>\n\t<meta name=\"twitter:data1\" content=\"Tibor atya\" \/>\n\t<meta name=\"twitter:label2\" content=\"Becs\u00fclt olvas\u00e1si id\u0151\" \/>\n\t<meta name=\"twitter:data2\" content=\"7 perc\" \/>\n<script type=\"application\/ld+json\" class=\"yoast-schema-graph\">{\"@context\":\"https:\\\/\\\/schema.org\",\"@graph\":[{\"@type\":\"Article\",\"@id\":\"https:\\\/\\\/stuttgarti-katolikusok.de\\\/index.php\\\/evkozi-2-vasarnap-2\\\/#article\",\"isPartOf\":{\"@id\":\"https:\\\/\\\/stuttgarti-katolikusok.de\\\/index.php\\\/evkozi-2-vasarnap-2\\\/\"},\"author\":{\"name\":\"Tibor atya\",\"@id\":\"https:\\\/\\\/stuttgarti-katolikusok.de\\\/#\\\/schema\\\/person\\\/75908d6f8fdc03a57889d27209df7795\"},\"headline\":\"\u00c9vk\u00f6zi 2. vas\u00e1rnap\",\"datePublished\":\"2026-01-17T09:31:35+00:00\",\"dateModified\":\"2026-01-17T11:25:05+00:00\",\"mainEntityOfPage\":{\"@id\":\"https:\\\/\\\/stuttgarti-katolikusok.de\\\/index.php\\\/evkozi-2-vasarnap-2\\\/\"},\"wordCount\":1709,\"image\":{\"@id\":\"https:\\\/\\\/stuttgarti-katolikusok.de\\\/index.php\\\/evkozi-2-vasarnap-2\\\/#primaryimage\"},\"thumbnailUrl\":\"https:\\\/\\\/stuttgarti-katolikusok.de\\\/wp-content\\\/uploads\\\/2023\\\/01\\\/nemeti-gergely-januar-14.jpg\",\"articleSection\":[\"A liturgia olvasm\u00e1nyai\",\"Vas\u00e1rnapi gondolatok\"],\"inLanguage\":\"hu\"},{\"@type\":\"WebPage\",\"@id\":\"https:\\\/\\\/stuttgarti-katolikusok.de\\\/index.php\\\/evkozi-2-vasarnap-2\\\/\",\"url\":\"https:\\\/\\\/stuttgarti-katolikusok.de\\\/index.php\\\/evkozi-2-vasarnap-2\\\/\",\"name\":\"\u00c9vk\u00f6zi 2. vas\u00e1rnap - Stuttgarti Katolikusok\",\"isPartOf\":{\"@id\":\"https:\\\/\\\/stuttgarti-katolikusok.de\\\/#website\"},\"primaryImageOfPage\":{\"@id\":\"https:\\\/\\\/stuttgarti-katolikusok.de\\\/index.php\\\/evkozi-2-vasarnap-2\\\/#primaryimage\"},\"image\":{\"@id\":\"https:\\\/\\\/stuttgarti-katolikusok.de\\\/index.php\\\/evkozi-2-vasarnap-2\\\/#primaryimage\"},\"thumbnailUrl\":\"https:\\\/\\\/stuttgarti-katolikusok.de\\\/wp-content\\\/uploads\\\/2023\\\/01\\\/nemeti-gergely-januar-14.jpg\",\"datePublished\":\"2026-01-17T09:31:35+00:00\",\"dateModified\":\"2026-01-17T11:25:05+00:00\",\"author\":{\"@id\":\"https:\\\/\\\/stuttgarti-katolikusok.de\\\/#\\\/schema\\\/person\\\/75908d6f8fdc03a57889d27209df7795\"},\"breadcrumb\":{\"@id\":\"https:\\\/\\\/stuttgarti-katolikusok.de\\\/index.php\\\/evkozi-2-vasarnap-2\\\/#breadcrumb\"},\"inLanguage\":\"hu\",\"potentialAction\":[{\"@type\":\"ReadAction\",\"target\":[\"https:\\\/\\\/stuttgarti-katolikusok.de\\\/index.php\\\/evkozi-2-vasarnap-2\\\/\"]}]},{\"@type\":\"ImageObject\",\"inLanguage\":\"hu\",\"@id\":\"https:\\\/\\\/stuttgarti-katolikusok.de\\\/index.php\\\/evkozi-2-vasarnap-2\\\/#primaryimage\",\"url\":\"https:\\\/\\\/stuttgarti-katolikusok.de\\\/wp-content\\\/uploads\\\/2023\\\/01\\\/nemeti-gergely-januar-14.jpg\",\"contentUrl\":\"https:\\\/\\\/stuttgarti-katolikusok.de\\\/wp-content\\\/uploads\\\/2023\\\/01\\\/nemeti-gergely-januar-14.jpg\",\"width\":2048,\"height\":1365},{\"@type\":\"BreadcrumbList\",\"@id\":\"https:\\\/\\\/stuttgarti-katolikusok.de\\\/index.php\\\/evkozi-2-vasarnap-2\\\/#breadcrumb\",\"itemListElement\":[{\"@type\":\"ListItem\",\"position\":1,\"name\":\"Kezd\u0151lap\",\"item\":\"https:\\\/\\\/stuttgarti-katolikusok.de\\\/\"},{\"@type\":\"ListItem\",\"position\":2,\"name\":\"\u00c9vk\u00f6zi 2. vas\u00e1rnap\"}]},{\"@type\":\"WebSite\",\"@id\":\"https:\\\/\\\/stuttgarti-katolikusok.de\\\/#website\",\"url\":\"https:\\\/\\\/stuttgarti-katolikusok.de\\\/\",\"name\":\"Stuttgarti Katolikusok\",\"description\":\"\",\"potentialAction\":[{\"@type\":\"SearchAction\",\"target\":{\"@type\":\"EntryPoint\",\"urlTemplate\":\"https:\\\/\\\/stuttgarti-katolikusok.de\\\/?s={search_term_string}\"},\"query-input\":{\"@type\":\"PropertyValueSpecification\",\"valueRequired\":true,\"valueName\":\"search_term_string\"}}],\"inLanguage\":\"hu\"},{\"@type\":\"Person\",\"@id\":\"https:\\\/\\\/stuttgarti-katolikusok.de\\\/#\\\/schema\\\/person\\\/75908d6f8fdc03a57889d27209df7795\",\"name\":\"Tibor atya\",\"image\":{\"@type\":\"ImageObject\",\"inLanguage\":\"hu\",\"@id\":\"https:\\\/\\\/secure.gravatar.com\\\/avatar\\\/61d268e57d1f4525b111222e29d2d5a7f8c420fdbf231ba5566a8ceac74fa960?s=96&d=mm&r=g\",\"url\":\"https:\\\/\\\/secure.gravatar.com\\\/avatar\\\/61d268e57d1f4525b111222e29d2d5a7f8c420fdbf231ba5566a8ceac74fa960?s=96&d=mm&r=g\",\"contentUrl\":\"https:\\\/\\\/secure.gravatar.com\\\/avatar\\\/61d268e57d1f4525b111222e29d2d5a7f8c420fdbf231ba5566a8ceac74fa960?s=96&d=mm&r=g\",\"caption\":\"Tibor atya\"},\"url\":\"https:\\\/\\\/stuttgarti-katolikusok.de\\\/index.php\\\/author\\\/tibor-atya\\\/\"}]}<\/script>\n<!-- \/ Yoast SEO plugin. -->","yoast_head_json":{"title":"\u00c9vk\u00f6zi 2. vas\u00e1rnap - Stuttgarti Katolikusok","robots":{"index":"index","follow":"follow","max-snippet":"max-snippet:-1","max-image-preview":"max-image-preview:large","max-video-preview":"max-video-preview:-1"},"canonical":"https:\/\/stuttgarti-katolikusok.de\/index.php\/evkozi-2-vasarnap-2\/","og_locale":"hu_HU","og_type":"article","og_title":"\u00c9vk\u00f6zi 2. vas\u00e1rnap - Stuttgarti Katolikusok","og_description":"Megkap\u00f3 \u00e9s mag\u00e1val ragad\u00f3 a nyit\u00f3k\u00e9p, k\u00f6sz\u00f6net N\u00e9meti Gergely bar\u00e1tomnak, \u00fczenete. A t\u00e1bl\u00e1t elhelyez\u0151 ismeretlen k\u00e9ri az arra elhalad\u00f3 v\u00e1ndort, hogy \u00e9rte im\u00e1dkozzon, hiszen holnap majd valaki m\u00e1s \u00e9rte, a most im\u00e1dkoz\u00f3\u00e9rt, fog im\u00e1dkozni. Sz\u00e1momra a k\u00e9p \u00fczeni, hogy im\u00e1ds\u00e1gainkon kereszt\u00fcl lelki kapcsolatban maradunk egym\u00e1ssal. Az im\u00e1ds\u00e1gnak megtart\u00f3 ereje van! Mi\u00e9rt im\u00e1dkozunk most k\u00fcl\u00f6n\u00f6sen? Erre a k\u00e9rd\u00e9sre a v\u00e1laszt az els\u0151 k\u00f6ny\u00f6rg\u00e9s adja meg: &#8222;Adj b\u00e9k\u00e9t napjainkban!&#8221;. Sz\u00e1nd\u00e9kosan felki\u00e1lt\u00f3jelet tettem, jelezve, hogy ez a k\u00e9r\u00e9s hangs\u00falyosabb \u00e9s id\u0151szer\u0171bb, mint kor\u00e1bban. K\u00f6r\u00fcl\u00f6tt\u00fcnk sokan a fegyverek erej\u00e9ben hisznek, h\u00e1bor\u00fara k\u00e9sz\u00fcl\u0151dnek. Mi magunk azonban valljuk, hogy egyetlen &#8222;fegyver\u00fcnk az im\u00e1ds\u00e1g&#8221;. Gy\u0151zelemre \u00edt\u00e9ltett\u00fcnk, amennyiben hisz\u00fcnk a kitart\u00f3 im\u00e1ds\u00e1g erej\u00e9ben! A k\u00f6ny\u00f6rg\u00e9snek az els\u0151 r\u00e9sze azonban m\u00e9g egy fontos dologra ir\u00e1ny\u00edtja r\u00e1 a figyelm\u00fcnket. Els\u0151 l\u00e9p\u00e9sk\u00e9nt el kell ismern\u00fcnk, hogy a teremt\u0151 \u00e9s \u00f6r\u00f6k Isten a t\u00f6rt\u00e9nelem Ura. Mi emberek, csup\u00e1n kivitelez\u0151i vagyunk az \u00f6r\u00f6k isteni sz\u00e1nd\u00e9knak \u00e9s tervnek. Az \u0150 sz\u00e1nd\u00e9ka pedig, hogy b\u00e9k\u00e9ben l\u00e1sson benn\u00fcnket. Az olvasm\u00e1ny fontos \u00fczenete: Isten benn\u00fcnk is meg akar dics\u0151\u00fclni! Emberi m\u00e9lt\u00f3s\u00e1gomb\u00f3l fakad\u00f3 egy\u00e9ni hivat\u00e1som m\u00e9lt\u00f3s\u00e1ga ez. Csod\u00e1latos kincs \u00e9s aj\u00e1nd\u00e9k ez! Az olvasm\u00e1ny lez\u00e1r\u00f3 szakasza \u00fagy is \u00e9rtelmezhet\u0151, mint az egy\u00e9n csod\u00e1latos hivat\u00e1s\u00e1nak meger\u0151s\u00edt\u00e9se: &#8222;Kev\u00e9s az, hogy a szolg\u00e1m l\u00e9gy, s f\u00f6lemeld J\u00e1kob t\u00f6rzseit, \u00e9s visszat\u00e9r\u00edtsd Izrael marad\u00e9k\u00e1t. A nemzetek vil\u00e1goss\u00e1g\u00e1v\u00e1 teszlek, hogy \u00fcdv\u00f6ss\u00e9gem eljusson a f\u00f6ld hat\u00e1r\u00e1ig.&#8221;\u00a0 Izrael marad\u00e9ka a k\u00e9s\u0151bbiekben az \u00fajj\u00e1sz\u00fclet\u00e9s rem\u00e9ny\u00e9nek hordoz\u00f3ja \u00e9s biztos let\u00e9tem\u00e9nyese is egyben. Ennek anal\u00f3gi\u00e1jak\u00e9nt elmondhatjuk, hogy mi magunk is, akik a gyakorl\u00f3, magkereszt\u00e9nyek k\u00f6z\u00e9 tartoz\u00f3knak valljuk magunkat, az \u00fajj\u00e1sz\u00fclet\u00e9s rem\u00e9ny\u00e9t k\u00f6zvet\u00edthetj\u00fck. A szentleck\u00e9nek v\u00e9g\u00e9n szerepl\u0151 felh\u00edv\u00e1s beleker\u00fclt szent liturgi\u00e1nkba is. Ugyanis a szentmise kezdet\u00e9n, a keresztvet\u00e9st k\u00f6vet\u0151en, \u00edgy sz\u00f3l\u00edthatjuk meg a jelenl\u00e9v\u0151 h\u00edveket: &#8222;Kegyelem nektek \u00e9s b\u00e9kess\u00e9g Aty\u00e1nkt\u00f3l, az Istent\u0151l, \u00e9s az \u00dar J\u00e9zus Krisztust\u00f3l!&#8221;. T\u00f6rekszem-e kegyelemben \u00e9s b\u00e9kess\u00e9gben \u00e9lni?\u00a0 Keresztel\u0151 J\u00e1nos r\u00e1mutat J\u00e9zusra: &#8222;\u00cdme az Isten B\u00e1r\u00e1nya!&#8221; Majd ezt k\u00f6vet\u0151en tan\u00fas\u00e1got tesz, hogy J\u00e9zus Krisztus az Isten... R\u00e9szletek","og_url":"https:\/\/stuttgarti-katolikusok.de\/index.php\/evkozi-2-vasarnap-2\/","og_site_name":"Stuttgarti Katolikusok","article_published_time":"2026-01-17T09:31:35+00:00","article_modified_time":"2026-01-17T11:25:05+00:00","og_image":[{"width":2048,"height":1365,"url":"https:\/\/stuttgarti-katolikusok.de\/wp-content\/uploads\/2023\/01\/nemeti-gergely-januar-14.jpg","type":"image\/jpeg"}],"author":"Tibor atya","twitter_card":"summary_large_image","twitter_misc":{"Szerz\u0151:":"Tibor atya","Becs\u00fclt olvas\u00e1si id\u0151":"7 perc"},"schema":{"@context":"https:\/\/schema.org","@graph":[{"@type":"Article","@id":"https:\/\/stuttgarti-katolikusok.de\/index.php\/evkozi-2-vasarnap-2\/#article","isPartOf":{"@id":"https:\/\/stuttgarti-katolikusok.de\/index.php\/evkozi-2-vasarnap-2\/"},"author":{"name":"Tibor atya","@id":"https:\/\/stuttgarti-katolikusok.de\/#\/schema\/person\/75908d6f8fdc03a57889d27209df7795"},"headline":"\u00c9vk\u00f6zi 2. vas\u00e1rnap","datePublished":"2026-01-17T09:31:35+00:00","dateModified":"2026-01-17T11:25:05+00:00","mainEntityOfPage":{"@id":"https:\/\/stuttgarti-katolikusok.de\/index.php\/evkozi-2-vasarnap-2\/"},"wordCount":1709,"image":{"@id":"https:\/\/stuttgarti-katolikusok.de\/index.php\/evkozi-2-vasarnap-2\/#primaryimage"},"thumbnailUrl":"https:\/\/stuttgarti-katolikusok.de\/wp-content\/uploads\/2023\/01\/nemeti-gergely-januar-14.jpg","articleSection":["A liturgia olvasm\u00e1nyai","Vas\u00e1rnapi gondolatok"],"inLanguage":"hu"},{"@type":"WebPage","@id":"https:\/\/stuttgarti-katolikusok.de\/index.php\/evkozi-2-vasarnap-2\/","url":"https:\/\/stuttgarti-katolikusok.de\/index.php\/evkozi-2-vasarnap-2\/","name":"\u00c9vk\u00f6zi 2. vas\u00e1rnap - Stuttgarti Katolikusok","isPartOf":{"@id":"https:\/\/stuttgarti-katolikusok.de\/#website"},"primaryImageOfPage":{"@id":"https:\/\/stuttgarti-katolikusok.de\/index.php\/evkozi-2-vasarnap-2\/#primaryimage"},"image":{"@id":"https:\/\/stuttgarti-katolikusok.de\/index.php\/evkozi-2-vasarnap-2\/#primaryimage"},"thumbnailUrl":"https:\/\/stuttgarti-katolikusok.de\/wp-content\/uploads\/2023\/01\/nemeti-gergely-januar-14.jpg","datePublished":"2026-01-17T09:31:35+00:00","dateModified":"2026-01-17T11:25:05+00:00","author":{"@id":"https:\/\/stuttgarti-katolikusok.de\/#\/schema\/person\/75908d6f8fdc03a57889d27209df7795"},"breadcrumb":{"@id":"https:\/\/stuttgarti-katolikusok.de\/index.php\/evkozi-2-vasarnap-2\/#breadcrumb"},"inLanguage":"hu","potentialAction":[{"@type":"ReadAction","target":["https:\/\/stuttgarti-katolikusok.de\/index.php\/evkozi-2-vasarnap-2\/"]}]},{"@type":"ImageObject","inLanguage":"hu","@id":"https:\/\/stuttgarti-katolikusok.de\/index.php\/evkozi-2-vasarnap-2\/#primaryimage","url":"https:\/\/stuttgarti-katolikusok.de\/wp-content\/uploads\/2023\/01\/nemeti-gergely-januar-14.jpg","contentUrl":"https:\/\/stuttgarti-katolikusok.de\/wp-content\/uploads\/2023\/01\/nemeti-gergely-januar-14.jpg","width":2048,"height":1365},{"@type":"BreadcrumbList","@id":"https:\/\/stuttgarti-katolikusok.de\/index.php\/evkozi-2-vasarnap-2\/#breadcrumb","itemListElement":[{"@type":"ListItem","position":1,"name":"Kezd\u0151lap","item":"https:\/\/stuttgarti-katolikusok.de\/"},{"@type":"ListItem","position":2,"name":"\u00c9vk\u00f6zi 2. vas\u00e1rnap"}]},{"@type":"WebSite","@id":"https:\/\/stuttgarti-katolikusok.de\/#website","url":"https:\/\/stuttgarti-katolikusok.de\/","name":"Stuttgarti Katolikusok","description":"","potentialAction":[{"@type":"SearchAction","target":{"@type":"EntryPoint","urlTemplate":"https:\/\/stuttgarti-katolikusok.de\/?s={search_term_string}"},"query-input":{"@type":"PropertyValueSpecification","valueRequired":true,"valueName":"search_term_string"}}],"inLanguage":"hu"},{"@type":"Person","@id":"https:\/\/stuttgarti-katolikusok.de\/#\/schema\/person\/75908d6f8fdc03a57889d27209df7795","name":"Tibor atya","image":{"@type":"ImageObject","inLanguage":"hu","@id":"https:\/\/secure.gravatar.com\/avatar\/61d268e57d1f4525b111222e29d2d5a7f8c420fdbf231ba5566a8ceac74fa960?s=96&d=mm&r=g","url":"https:\/\/secure.gravatar.com\/avatar\/61d268e57d1f4525b111222e29d2d5a7f8c420fdbf231ba5566a8ceac74fa960?s=96&d=mm&r=g","contentUrl":"https:\/\/secure.gravatar.com\/avatar\/61d268e57d1f4525b111222e29d2d5a7f8c420fdbf231ba5566a8ceac74fa960?s=96&d=mm&r=g","caption":"Tibor atya"},"url":"https:\/\/stuttgarti-katolikusok.de\/index.php\/author\/tibor-atya\/"}]}},"_links":{"self":[{"href":"https:\/\/stuttgarti-katolikusok.de\/index.php\/wp-json\/wp\/v2\/posts\/24295","targetHints":{"allow":["GET"]}}],"collection":[{"href":"https:\/\/stuttgarti-katolikusok.de\/index.php\/wp-json\/wp\/v2\/posts"}],"about":[{"href":"https:\/\/stuttgarti-katolikusok.de\/index.php\/wp-json\/wp\/v2\/types\/post"}],"author":[{"embeddable":true,"href":"https:\/\/stuttgarti-katolikusok.de\/index.php\/wp-json\/wp\/v2\/users\/3"}],"replies":[{"embeddable":true,"href":"https:\/\/stuttgarti-katolikusok.de\/index.php\/wp-json\/wp\/v2\/comments?post=24295"}],"version-history":[{"count":5,"href":"https:\/\/stuttgarti-katolikusok.de\/index.php\/wp-json\/wp\/v2\/posts\/24295\/revisions"}],"predecessor-version":[{"id":32472,"href":"https:\/\/stuttgarti-katolikusok.de\/index.php\/wp-json\/wp\/v2\/posts\/24295\/revisions\/32472"}],"wp:featuredmedia":[{"embeddable":true,"href":"https:\/\/stuttgarti-katolikusok.de\/index.php\/wp-json\/wp\/v2\/media\/24296"}],"wp:attachment":[{"href":"https:\/\/stuttgarti-katolikusok.de\/index.php\/wp-json\/wp\/v2\/media?parent=24295"}],"wp:term":[{"taxonomy":"category","embeddable":true,"href":"https:\/\/stuttgarti-katolikusok.de\/index.php\/wp-json\/wp\/v2\/categories?post=24295"},{"taxonomy":"post_tag","embeddable":true,"href":"https:\/\/stuttgarti-katolikusok.de\/index.php\/wp-json\/wp\/v2\/tags?post=24295"}],"curies":[{"name":"wp","href":"https:\/\/api.w.org\/{rel}","templated":true}]}}