{"id":24276,"date":"2026-01-10T00:15:03","date_gmt":"2026-01-09T23:15:03","guid":{"rendered":"https:\/\/stuttgarti-katolikusok.de\/?p=24276"},"modified":"2026-01-10T00:29:16","modified_gmt":"2026-01-09T23:29:16","slug":"urunk-megkeresztelkedesenek-unnepe","status":"publish","type":"post","link":"https:\/\/stuttgarti-katolikusok.de\/index.php\/urunk-megkeresztelkedesenek-unnepe\/","title":{"rendered":"Urunk megkeresztelked\u00e9s\u00e9nek \u00fcnnepe"},"content":{"rendered":"<p><span style=\"color: #ff6600;\">Mind V\u00edzkereszt \u00fcnnepe, mind Urunk megkeresztelked\u00e9s\u00e9nek \u00fcnnepe Isten nagys\u00e1g\u00e1nak kinyilatkoztat\u00e1sa. A mennyei Atya &#8222;szeretett &#8221; Fi\u00e1nak nevezi. Az \u00dar Lelke sz\u00e1ll r\u00e1, \u00e9s vezeti Galile\u00e1ban, Jeruzs\u00e1lemben \u00e9s a Golgot\u00e1n. A L\u00e9lek erej\u00e9ben \u00e1ldozza fel \u00f6nmag\u00e1t a vil\u00e1g \u00e9let\u00e9\u00e9rt. <\/span><\/p>\n<p><span style=\"color: #ff6600;\">A szentmise k\u00f6ny\u00f6rg\u00e9s\u00e9ben azt k\u00e9rj\u00fck mennyei Aty\u00e1nkt\u00f3l, hogy benn\u00fcnk, fogadott gyermekeiben mindig kedve telj\u00e9k. A kereszts\u00e9g szents\u00e9g\u00e9ben nyert\u00fck el ezt a kegyelmet. \u00c9ppen ez\u00e9rt a mai szentmise alkalom sz\u00e1munkra a kereszts\u00e9gi fogad\u00e1s meg\u00faj\u00edt\u00e1s\u00e1ra. \u00c9lj\u00fcnk ezzel a lehet\u0151s\u00e9ggel! <\/span><\/p>\n<p><span style=\"color: #ff6600;\">Izaj\u00e1s, mint a rem\u00e9ny pr\u00f3f\u00e9t\u00e1ja, er\u0151s\u00edti a v\u00e1lasztott n\u00e9pet. Hiszen a neh\u00e9zs\u00e9gek s\u00falya alatt \u00f6ssze lehet roppanni, olykor lelkesed\u00e9s\u00fcnk is pisl\u00e1kolhat. Isten azonban olyan megv\u00e1lt\u00f3t k\u00fcld, aki nem engedi \u00f6sszet\u00f6rni az embert, hit\u00e9nek f\u00e9ny\u00e9t nem engedi kialudni, hanem \u00fajj\u00e1\u00e9leszti azt. <\/span><\/p>\n<p><span style=\"color: #ff6600;\">&#8222;Isten nem szem\u00e9lyv\u00e1logat\u00f3. Mindenki kedves el\u0151tte.&#8221; &#8211; az Apostolok cselekedeteinek elhangz\u00f3 tan\u00edt\u00e1s\u00e1b\u00f3l egy\u00e9nileg er\u0151t mer\u00edthetek. Csod\u00e1latos lehet\u0151s\u00e9g ez! A Szentl\u00e9lek vezet arra, hogy min\u00e9l t\u00f6bb j\u00f3t tegyek, szeretettel legyek m\u00e1sok ir\u00e1nt. <\/span><\/p>\n<p><span style=\"color: #ff6600;\">Keresztel\u0151 J\u00e1nos a b\u0171nb\u00e1nat kereszts\u00e9g\u00e9t hirdette. Amikor J\u00e9zus megjelenik a Jord\u00e1n foly\u00f3n\u00e1l, l\u00e9nyeg\u00e9ben sorsk\u00f6z\u00f6ss\u00e9get v\u00e1llal vel\u00fcnk, b\u0171n\u00f6s emberekkel. Mindenben hasonl\u00f3v\u00e1 lett hozz\u00e1nk, a b\u0171nt kiv\u00e9ve. Lehet\u0151s\u00e9get k\u00edn\u00e1l \u00edgy sz\u00e1munkra,\u00a0 hogy mi magunk is a mennyei Atya szeretett gyermekeiv\u00e9 v\u00e1ljunk.<\/span><\/p>\n<p><span style=\"color: #ff6600;\">Kezd\u0151\u00e9nek:<\/span><br \/>\nAz \u00dar megkeresztelked\u00e9sekor megny\u00edlt az \u00e9g, a Szentl\u00e9lek mint galamb lebegett az \u00dar f\u00f6l\u00f6tt, \u00e9s a mennyei Atya szava hallatszott: Ez az \u00e9n szeretett Fiam, akiben kedvem telik. (V\u00f6. Mt 3,16-17)<\/p>\n<p><span style=\"color: #ff6600;\">K\u00f6ny\u00f6rg\u00e9s:<\/span><br \/>\nMindenhat\u00f3, \u00f6r\u00f6k Isten, te \u00fcnnep\u00e9lyesen kinyilatkoztattad nek\u00fcnk Krisztust mint szeretett Fiadat, amikor megkeresztelkedett a Jord\u00e1n foly\u00f3ban \u00e9s lesz\u00e1llt r\u00e1 a Szentl\u00e9lek. Add, hogy mindig kedved telj\u00e9k benn\u00fcnk, fogadott gyermekeidben, akik \u00fajj\u00e1sz\u00fclett\u00fcnk v\u00edzb\u0151l \u00e9s Szentl\u00e9lekb\u0151l. A mi Urunk, J\u00e9zus Krisztus, a te Fiad \u00e1ltal, aki veled \u00e9l \u00e9s uralkodik a Szentl\u00e9lekkel egys\u00e9gben, Isten mind\u00f6r\u00f6kk\u00f6n \u00f6r\u00f6kk\u00e9.<br \/>\n<em>vagy<\/em><br \/>\nIsten\u00fcnk, egysz\u00fcl\u00f6tt Fiad hozz\u00e1nk hasonl\u00f3 emberi testben jelent meg k\u00f6zt\u00fcnk. Add, k\u00e9r\u00fcnk, hogy bens\u0151leg alak\u00edtson \u00fajj\u00e1 minket J\u00e9zus, aki k\u00fclsej\u00e9t tekintve hasonl\u00f3 lett hozz\u00e1nk. Aki veled \u00e9l \u00e9s uralkodik a Szentl\u00e9lekkel egys\u00e9gben, Isten mind\u00f6r\u00f6kk\u00f6n \u00f6r\u00f6kk\u00e9.<\/p>\n<p align=\"justify\"><span style=\"color: #ff6600;\">OLVASM\u00c1NY Izaj\u00e1s pr\u00f3f\u00e9ta k\u00f6nyv\u00e9b\u0151l (Iz 42,1-4;6-7)<\/span><br \/>\n<em>\u00cdme az \u00e9n szolg\u00e1m, akiben kedvem telik.<\/em><br \/>\nEzt mondja az \u00dar:<br \/>\n\u00cdme, az \u00e9n szolg\u00e1m, akit t\u00e1mogatok, v\u00e1lasztottam, akiben kedvem telik. Ki\u00e1rasztom r\u00e1 lelkemet, \u00e9s igazs\u00e1got visz a nemzeteknek. Nem ki\u00e1lt majd, nem emeli f\u00f6l a hangj\u00e1t, \u00e9s szava se hallatszik az utc\u00e1kon. A megt\u00f6rt n\u00e1dsz\u00e1lat nem t\u00f6ri \u00f6ssze, a pisl\u00e1kol\u00f3 m\u00e9csbelet nem oltja ki. H\u0171s\u00e9gesen tan\u00edtja az igazs\u00e1got, nem lankad el, sem kedv\u00e9t el nem veszti, m\u00edg az igazs\u00e1got meg nem szil\u00e1rd\u00edtja a f\u00f6ld\u00f6n. Az \u0151 tan\u00edt\u00e1s\u00e1ra v\u00e1rnak a nemzetek.<br \/>\n\u00c9n, az \u00dar h\u00edvtalak meg igazs\u00e1gban, \u00e9n fogtam meg a kezed \u00e9s \u00e9n form\u00e1ltalak. \u00c1ltalad k\u00f6t\u00f6k sz\u00f6vets\u00e9get n\u00e9pemmel, \u00e9s adok vil\u00e1goss\u00e1got a nemzeteknek, hogy nyisd meg a vakok szem\u00e9t, \u00e9s szabad\u00edtsd ki a b\u00f6rt\u00f6nb\u0151l a foglyokat, \u00e9s a t\u00f6ml\u00f6cb\u0151l azokat, akik a s\u00f6t\u00e9tben \u00fclnek.<br \/>\nEz az Isten ig\u00e9je.<\/p>\n<p align=\"justify\"><span style=\"color: #ff6600;\">V\u00c1LASZOS ZSOLT\u00c1R (Zsolt 28,1a \u00e9s 2.3ac-4.3b \u00e9s 9b-10)<\/span><br \/>\nV\u00e1lasz:\u00a0<strong>\u00c1ldja meg Isten az \u0151 n\u00e9p\u00e9t, * adjon neki b\u00e9kess\u00e9get.<\/strong>\u00a04g. t\u00f3nus.<br \/>\nEl\u0151\u00e9nekes: Adj\u00e1tok meg az \u00darnak, * Isten gyermekei,<br \/>\nadj\u00e1tok meg az \u00darnak a nev\u00e9t megillet\u0151 dics\u0151s\u00e9get, * im\u00e1dj\u00e1tok az Urat szent \u00fcnnepi d\u00edszben!<br \/>\nH\u00edvek: \u00c1ldja meg Isten az \u0151 n\u00e9p\u00e9t, * adjon neki b\u00e9kess\u00e9get.<br \/>\nE: Az \u00dar szava z\u00fag a vizek \u00e1rj\u00e1n, * az \u00dar lebeg a nagy vizek f\u00f6l\u00f6tt.<br \/>\nAz \u00dar szava telve er\u0151vel, * az \u00dar szava telve f\u00f6ns\u00e9ggel.<br \/>\nH: \u00c1ldja meg Isten az \u0151 n\u00e9p\u00e9t, * adjon neki b\u00e9kess\u00e9get.<br \/>\nE: A dics\u0151s\u00e9g Istene mennyd\u00f6r\u00f6g, * templom\u00e1ban mindenek az \u0151 dics\u00e9ret\u00e9t zengik.<br \/>\nAz \u00dar tr\u00f3nol a v\u00edz\u00f6z\u00f6n f\u00f6l\u00f6tt, * az \u00dar kir\u00e1ly \u00f6r\u00f6kk\u00e9.<br \/>\nH: \u00c1ldja meg Isten az \u0151 n\u00e9p\u00e9t, * adjon neki b\u00e9kess\u00e9get.<\/p>\n<p align=\"justify\"><span style=\"color: #ff6600;\">SZENTLECKE az Apostolok Cselekedeteib\u0151l (ApCsel 10,34-38)<\/span><br \/>\n<em>Az \u00dar f\u00f6lkente \u0151t Szentl\u00e9lekkel.<\/em><br \/>\nKorn\u00e9liusz h\u00e1z\u00e1ban P\u00e9ter sz\u00f3l\u00e1sra nyitotta ajk\u00e1t, \u00e9s ezeket mondta: \u201eVal\u00f3ban el kell ismernem, hogy Isten nem szem\u00e9lyv\u00e1logat\u00f3. Mindenki kedves el\u0151tte, b\u00e1rmely n\u00e9phez tartozik is, aki f\u00e9li \u0151t \u00e9s az igazs\u00e1got cselekszi. Isten a tan\u00edt\u00e1st Izrael fiainak adta, \u00e9s a b\u00e9ke \u00f6r\u00f6mh\u00edr\u00e9t hirdette J\u00e9zus \u00e1ltal. \u0150 a mindens\u00e9g Ura.<br \/>\nTi tudj\u00e1tok, hogy mi minden t\u00f6rt\u00e9nt Galile\u00e1t\u00f3l eg\u00e9sz Jude\u00e1ig att\u00f3l kezdve, hogy J\u00e1nos hirdette a kereszts\u00e9get: Hogyan kente fel az Isten a n\u00e1z\u00e1reti J\u00e9zust Szentl\u00e9lekkel \u00e9s hatalommal. \u0150 pedig, amerre csak j\u00e1rt, j\u00f3tetteket vitt v\u00e9gbe, \u00e9s meggy\u00f3gy\u00edtott minden \u00f6rd\u00f6gt\u0151l megsz\u00e1llottat, mert vele volt az Isten.\u201d<br \/>\nEz az Isten ig\u00e9je.<\/p>\n<p align=\"justify\"><span style=\"color: #ff6600;\">ALLELUJA<\/span><br \/>\nMegny\u00edlt az \u00e9g, \u00e9s az Atya sz\u00f3zata hallatszott \u0151t * \u201eEz az \u00e9n szeretett Fiam, \u00f6t hallgass\u00e1tok!\u201d Mk 9,6 \u2013 3a. t\u00f3nus.<\/p>\n<p align=\"justify\"><span style=\"color: #ff6600;\">\u2020 EVANG\u00c9LIUM Szent M\u00e1t\u00e9 k\u00f6nyv\u00e9b\u0151l (Mt 3,13-17)<\/span><br \/>\n<em>Amikor J\u00e9zus megkeresztelkedett, l\u00e1tta, hogy lesz\u00e1ll r\u00e1 a Szentl\u00e9lek.<\/em><br \/>\nAbban az id\u0151ben:<br \/>\nJ\u00e9zus elment Galile\u00e1b\u00f3l a Jord\u00e1n (foly\u00f3) mell\u00e9 J\u00e1noshoz, hogy megkeresztelkedj\u00e9k n\u00e1la. J\u00e1nos azonban tiltakozott: \u201eNeked kellene megkeresztelned engem, \u00e9s te j\u00f6ssz hozz\u00e1m?\u201d J\u00e9zus azonban \u00edgy sz\u00f3lt: \u201eHagyd ezt most, mert \u00fagy illik, hogy teljes\u00edts\u00fck mindazt, ami igazs\u00e1gos.\u201d Erre, J\u00e1nos engedett neki.<br \/>\nJ\u00e9zus pedig megkeresztelkedett. Mihelyt felj\u00f6tt a v\u00edzb\u0151l, \u00edme, megny\u00edlt az \u00e9g, \u00e9s l\u00e1tta Isten Lelk\u00e9t galamb m\u00f3dj\u00e1ra mag\u00e1ra sz\u00e1llni. \u00c9s \u00edme, hang hallatszott az \u00e9gb\u0151l: \u201eEz az \u00e9n szeretett Fiam, akiben kedvem telik!\u201d<br \/>\nEzek az evang\u00e9lium ig\u00e9i.<\/p>\n<p align=\"justify\"><span style=\"color: #ff6600;\">EGYETEMES K\u00d6NY\u00d6RG\u00c9SEK<\/span><br \/>\nPap: Im\u00e1dkozzunk, testv\u00e9reim, hogy a vil\u00e1g megl\u00e1ssa benn\u00fcnk Isten kedves gyermekeit!<br \/>\nLektor:<br \/>\n1. Add, Urunk, hogy J\u00e9zus lelk\u00fclet\u00e9vel k\u00f6zeledj\u00fcnk az emberekhez, al\u00e1zatoss\u00e1gban \u00e9s szeretetben!<br \/>\nH\u00edvek: K\u00e9r\u00fcnk t\u00e9ged, hallgass meg minket!<br \/>\n2. Add, Urunk, Krisztus lelk\u00fclet\u00e9t p\u00fcsp\u00f6keinknek, papjainknak \u00e9s mindazoknak, akik seg\u00edtik munk\u00e1jukat!<br \/>\nH\u00edvek: K\u00e9r\u00fcnk t\u00e9ged . . .<br \/>\n3. Add, Urunk, hogy a n\u00e9pek \u00e9s a fajok k\u00f6z\u00f6tt megsz\u0171nj\u00e9k minden igazs\u00e1gtalan megk\u00fcl\u00f6nb\u00f6ztet\u00e9s!<br \/>\nH\u00edvek: K\u00e9r\u00fcnk t\u00e9ged . . .<br \/>\n4. Add, Urunk, hogy J\u00e9zushoz hasonl\u00f3an mi is mindenben teljes\u00edts\u00fck szent akaratodat!<br \/>\nH\u00edvek: K\u00e9r\u00fcnk t\u00e9ged . . .<br \/>\n5. Add, Urunk, hogy minden megkeresztelt gyermek meg\u0151rizze a fogadott fi\u00fas\u00e1g kegyelm\u00e9t!<br \/>\nH\u00edvek: K\u00e9r\u00fcnk t\u00e9ged . . .<br \/>\nPap: Isten\u00fcnk! Te a mai napon kinyilv\u00e1n\u00edtottad, hogy J\u00e9zus a te szeretett Fiad. Add, hogy akik a kereszts\u00e9gben vele eggy\u00e9 lett\u00fcnk, mindv\u00e9gig h\u0171s\u00e9ges gyermekeid maradjunk! Krisztus, a mi Urunk \u00e1ltal.<br \/>\nH\u00edvek: \u00c1men.<\/p>\n<p><span style=\"color: #ff6600;\">Felaj\u00e1nl\u00f3 k\u00f6ny\u00f6rg\u00e9s:<\/span><br \/>\nFogadd el, Isten\u00fcnk, \u00e1ldozati adom\u00e1nyainkat, amelyeket szent Fiad megkeresztelked\u00e9s\u00e9nek \u00fcnnep\u00e9n el\u00e9d hozunk. K\u00e9r\u00fcnk, hogy h\u00edveid adom\u00e1nya Krisztus \u00e1ldozat\u00e1v\u00e1 v\u00e1lj\u00e9k, aki irgalmass\u00e1g\u00e1ban a vil\u00e1g b\u0171neit elt\u00f6r\u00f6lte. Aki \u00e9l \u00e9s uralkodik mind\u00f6r\u00f6kk\u00f6n \u00f6r\u00f6kk\u00e9.<\/p>\n<p align=\"justify\"><span style=\"color: #ff6600;\">Pref\u00e1ci\u00f3:<\/span><br \/>\nAz \u00dar legyen veletek.<br \/>\nH.: \u00c9s a te lelkeddel.<br \/>\nEmelj\u00fck f\u00f6l sz\u00edv\u00fcnket.<br \/>\nH.: F\u00f6lemelt\u00fck az \u00darhoz.<br \/>\nAdjunk h\u00e1l\u00e1t Urunknak, Isten\u00fcnknek.<br \/>\nH.: M\u00e9lt\u00f3 \u00e9s igazs\u00e1gos.<br \/>\n(Mert) Val\u00f3ban m\u00e9lt\u00f3 \u00e9s igazs\u00e1gos, ill\u0151 \u00e9s \u00fcdv\u00f6s, hogy mindig \u00e9s minden\u00fctt h\u00e1l\u00e1t adjunk n\u00e9ked, \u2013 mi Urunk, szents\u00e9ges ATy\u00e1nk, mindenhat\u00f3 \u00f6r\u00f6k Isten:<br \/>\nTe csod\u00e1latos jelekkel vetted k\u00f6r\u00fcl J\u00e9zust, amikor megkeresztelkedett a Jord\u00e1n viz\u00e9ben: \u2013 mennyei sz\u00f3zatod HIRdette, hogy Ig\u00e9d itt lakik k\u00f6zt\u00fcnk. A galamb k\u00e9p\u00e9ben lesz\u00e1ll\u00f3 L\u00e9lek tan\u00fas\u00e1got tett arr\u00f3l, hogy Krisztust, a te szolg\u00e1dat az \u00f6r\u00f6m olaj\u00e1val f\u00f6lkented, \u2013 \u00e9s a szeg\u00e9nyekhez K\u00dcLDted az \u00fcdv\u00f6ss\u00e9g j\u00f3 h\u00edr\u00e9vel.<br \/>\n(\u00c9s) Ez\u00e9rt a mennyei hatalmas angyalokkal egy\u00fctt a f\u00f6ld\u00f6n mi is sz\u00fcntelen\u00fcl magasztalunk t\u00e9ged: \u2013 f\u00f6ls\u00e9gedet DIcs\u00e9rj\u00fck, \u00e9s hangos sz\u00f3val v\u00e9g n\u00e9lk\u00fcl mondjuk: (zengj\u00fck:)<\/p>\n<p align=\"justify\"><span style=\"color: #ff6600;\">\u00c1ldoz\u00e1si \u00e9nek:<\/span><br \/>\n\u00cdme, \u0151 az, akir\u0151l mondotta J\u00e1nos: \u00c9n l\u00e1ttam \u0151t, \u00e9s tan\u00fas\u00e1got tettem r\u00f3la, hogy \u0151 az Isten Fia. (Jn 1,32.34)<\/p>\n<p align=\"justify\"><span style=\"color: #ff6600;\">\u00c1ldoz\u00e1s ut\u00e1ni k\u00f6ny\u00f6rg\u00e9s:<\/span><br \/>\nSzent lakom\u00e1dban r\u00e9szes\u00edtett\u00e9l minket, Isten\u00fcnk. Buzg\u00f3n k\u00e9r\u00fcnk, hogy egysz\u00fcl\u00f6tt Fiad tan\u00edt\u00e1s\u00e1t k\u00e9szs\u00e9ges sz\u00edvvel hallgatva, Isten gyermekeinek h\u00edvassunk, \u00e9s val\u00f3ban azok is legy\u00fcnk. Krisztus, a mi Urunk \u00e1ltal.<\/p>\n","protected":false},"excerpt":{"rendered":"<p>Mind V\u00edzkereszt \u00fcnnepe, mind Urunk megkeresztelked\u00e9s\u00e9nek \u00fcnnepe Isten nagys\u00e1g\u00e1nak kinyilatkoztat\u00e1sa. A mennyei Atya &#8222;szeretett &#8221; Fi\u00e1nak nevezi. Az \u00dar Lelke sz\u00e1ll r\u00e1, \u00e9s vezeti Galile\u00e1ban, Jeruzs\u00e1lemben \u00e9s a Golgot\u00e1n. A L\u00e9lek erej\u00e9ben \u00e1ldozza fel \u00f6nmag\u00e1t a vil\u00e1g \u00e9let\u00e9\u00e9rt. A szentmise k\u00f6ny\u00f6rg\u00e9s\u00e9ben azt k\u00e9rj\u00fck mennyei Aty\u00e1nkt\u00f3l, hogy benn\u00fcnk, fogadott gyermekeiben mindig kedve telj\u00e9k. A kereszts\u00e9g szents\u00e9g\u00e9ben nyert\u00fck el ezt a kegyelmet. \u00c9ppen ez\u00e9rt a mai szentmise alkalom sz\u00e1munkra a kereszts\u00e9gi fogad\u00e1s meg\u00faj\u00edt\u00e1s\u00e1ra. \u00c9lj\u00fcnk ezzel a lehet\u0151s\u00e9ggel! Izaj\u00e1s, mint a rem\u00e9ny pr\u00f3f\u00e9t\u00e1ja, er\u0151s\u00edti a v\u00e1lasztott n\u00e9pet. Hiszen a neh\u00e9zs\u00e9gek s\u00falya alatt \u00f6ssze lehet roppanni, olykor lelkesed\u00e9s\u00fcnk is pisl\u00e1kolhat. Isten azonban olyan megv\u00e1lt\u00f3t k\u00fcld, aki nem engedi \u00f6sszet\u00f6rni az embert, hit\u00e9nek f\u00e9ny\u00e9t nem engedi kialudni, hanem \u00fajj\u00e1\u00e9leszti azt. &#8222;Isten nem szem\u00e9lyv\u00e1logat\u00f3. Mindenki kedves el\u0151tte.&#8221; &#8211; az Apostolok cselekedeteinek elhangz\u00f3 tan\u00edt\u00e1s\u00e1b\u00f3l egy\u00e9nileg er\u0151t mer\u00edthetek. Csod\u00e1latos lehet\u0151s\u00e9g ez! A Szentl\u00e9lek vezet arra, hogy min\u00e9l t\u00f6bb j\u00f3t tegyek, szeretettel legyek m\u00e1sok ir\u00e1nt. Keresztel\u0151 J\u00e1nos a b\u0171nb\u00e1nat kereszts\u00e9g\u00e9t hirdette. Amikor J\u00e9zus megjelenik a Jord\u00e1n foly\u00f3n\u00e1l, l\u00e9nyeg\u00e9ben sorsk\u00f6z\u00f6ss\u00e9get v\u00e1llal vel\u00fcnk, b\u0171n\u00f6s emberekkel. Mindenben hasonl\u00f3v\u00e1 lett hozz\u00e1nk, a b\u0171nt kiv\u00e9ve. Lehet\u0151s\u00e9get k\u00edn\u00e1l \u00edgy sz\u00e1munkra,\u00a0 hogy mi magunk is a mennyei Atya szeretett gyermekeiv\u00e9 v\u00e1ljunk. Kezd\u0151\u00e9nek: Az \u00dar megkeresztelked\u00e9sekor megny\u00edlt az \u00e9g, a Szentl\u00e9lek mint galamb lebegett az \u00dar f\u00f6l\u00f6tt, \u00e9s a mennyei Atya szava hallatszott: Ez az \u00e9n szeretett Fiam, akiben kedvem telik. (V\u00f6. Mt 3,16-17) K\u00f6ny\u00f6rg\u00e9s: Mindenhat\u00f3, \u00f6r\u00f6k Isten, te \u00fcnnep\u00e9lyesen kinyilatkoztattad nek\u00fcnk Krisztust mint szeretett Fiadat, amikor megkeresztelkedett a Jord\u00e1n foly\u00f3ban \u00e9s lesz\u00e1llt r\u00e1 a Szentl\u00e9lek. Add, hogy mindig kedved telj\u00e9k benn\u00fcnk, fogadott gyermekeidben, akik \u00fajj\u00e1sz\u00fclett\u00fcnk v\u00edzb\u0151l \u00e9s Szentl\u00e9lekb\u0151l. A mi Urunk, J\u00e9zus Krisztus, a te Fiad \u00e1ltal, aki veled \u00e9l \u00e9s uralkodik a Szentl\u00e9lekkel egys\u00e9gben, Isten mind\u00f6r\u00f6kk\u00f6n \u00f6r\u00f6kk\u00e9. vagy Isten\u00fcnk, egysz\u00fcl\u00f6tt Fiad hozz\u00e1nk hasonl\u00f3 emberi testben jelent meg k\u00f6zt\u00fcnk. Add, k\u00e9r\u00fcnk, hogy bens\u0151leg alak\u00edtson \u00fajj\u00e1 minket J\u00e9zus, aki k\u00fclsej\u00e9t tekintve hasonl\u00f3 lett hozz\u00e1nk. Aki veled \u00e9l&#8230; <\/p>\n<p><a class=\"readmore\" href=\"https:\/\/stuttgarti-katolikusok.de\/index.php\/urunk-megkeresztelkedesenek-unnepe\/\">R\u00e9szletek<\/a><\/p>\n","protected":false},"author":3,"featured_media":20950,"comment_status":"closed","ping_status":"closed","sticky":false,"template":"","format":"standard","meta":{"footnotes":""},"categories":[85,63],"tags":[],"class_list":["post-24276","post","type-post","status-publish","format-standard","has-post-thumbnail","hentry","category-a-liturgia-olvasmanyai","category-vasarnapi-gondolatok"],"yoast_head":"<!-- This site is optimized with the Yoast SEO plugin v27.3 - https:\/\/yoast.com\/product\/yoast-seo-wordpress\/ -->\n<title>Urunk megkeresztelked\u00e9s\u00e9nek \u00fcnnepe - Stuttgarti Katolikusok<\/title>\n<meta name=\"robots\" content=\"index, follow, max-snippet:-1, max-image-preview:large, max-video-preview:-1\" \/>\n<link rel=\"canonical\" href=\"https:\/\/stuttgarti-katolikusok.de\/index.php\/urunk-megkeresztelkedesenek-unnepe\/\" \/>\n<meta property=\"og:locale\" content=\"hu_HU\" \/>\n<meta property=\"og:type\" content=\"article\" \/>\n<meta property=\"og:title\" content=\"Urunk megkeresztelked\u00e9s\u00e9nek \u00fcnnepe - Stuttgarti Katolikusok\" \/>\n<meta property=\"og:description\" content=\"Mind V\u00edzkereszt \u00fcnnepe, mind Urunk megkeresztelked\u00e9s\u00e9nek \u00fcnnepe Isten nagys\u00e1g\u00e1nak kinyilatkoztat\u00e1sa. A mennyei Atya &#8222;szeretett &#8221; Fi\u00e1nak nevezi. Az \u00dar Lelke sz\u00e1ll r\u00e1, \u00e9s vezeti Galile\u00e1ban, Jeruzs\u00e1lemben \u00e9s a Golgot\u00e1n. A L\u00e9lek erej\u00e9ben \u00e1ldozza fel \u00f6nmag\u00e1t a vil\u00e1g \u00e9let\u00e9\u00e9rt. A szentmise k\u00f6ny\u00f6rg\u00e9s\u00e9ben azt k\u00e9rj\u00fck mennyei Aty\u00e1nkt\u00f3l, hogy benn\u00fcnk, fogadott gyermekeiben mindig kedve telj\u00e9k. A kereszts\u00e9g szents\u00e9g\u00e9ben nyert\u00fck el ezt a kegyelmet. \u00c9ppen ez\u00e9rt a mai szentmise alkalom sz\u00e1munkra a kereszts\u00e9gi fogad\u00e1s meg\u00faj\u00edt\u00e1s\u00e1ra. \u00c9lj\u00fcnk ezzel a lehet\u0151s\u00e9ggel! Izaj\u00e1s, mint a rem\u00e9ny pr\u00f3f\u00e9t\u00e1ja, er\u0151s\u00edti a v\u00e1lasztott n\u00e9pet. Hiszen a neh\u00e9zs\u00e9gek s\u00falya alatt \u00f6ssze lehet roppanni, olykor lelkesed\u00e9s\u00fcnk is pisl\u00e1kolhat. Isten azonban olyan megv\u00e1lt\u00f3t k\u00fcld, aki nem engedi \u00f6sszet\u00f6rni az embert, hit\u00e9nek f\u00e9ny\u00e9t nem engedi kialudni, hanem \u00fajj\u00e1\u00e9leszti azt. &#8222;Isten nem szem\u00e9lyv\u00e1logat\u00f3. Mindenki kedves el\u0151tte.&#8221; &#8211; az Apostolok cselekedeteinek elhangz\u00f3 tan\u00edt\u00e1s\u00e1b\u00f3l egy\u00e9nileg er\u0151t mer\u00edthetek. Csod\u00e1latos lehet\u0151s\u00e9g ez! A Szentl\u00e9lek vezet arra, hogy min\u00e9l t\u00f6bb j\u00f3t tegyek, szeretettel legyek m\u00e1sok ir\u00e1nt. Keresztel\u0151 J\u00e1nos a b\u0171nb\u00e1nat kereszts\u00e9g\u00e9t hirdette. Amikor J\u00e9zus megjelenik a Jord\u00e1n foly\u00f3n\u00e1l, l\u00e9nyeg\u00e9ben sorsk\u00f6z\u00f6ss\u00e9get v\u00e1llal vel\u00fcnk, b\u0171n\u00f6s emberekkel. Mindenben hasonl\u00f3v\u00e1 lett hozz\u00e1nk, a b\u0171nt kiv\u00e9ve. Lehet\u0151s\u00e9get k\u00edn\u00e1l \u00edgy sz\u00e1munkra,\u00a0 hogy mi magunk is a mennyei Atya szeretett gyermekeiv\u00e9 v\u00e1ljunk. Kezd\u0151\u00e9nek: Az \u00dar megkeresztelked\u00e9sekor megny\u00edlt az \u00e9g, a Szentl\u00e9lek mint galamb lebegett az \u00dar f\u00f6l\u00f6tt, \u00e9s a mennyei Atya szava hallatszott: Ez az \u00e9n szeretett Fiam, akiben kedvem telik. (V\u00f6. Mt 3,16-17) K\u00f6ny\u00f6rg\u00e9s: Mindenhat\u00f3, \u00f6r\u00f6k Isten, te \u00fcnnep\u00e9lyesen kinyilatkoztattad nek\u00fcnk Krisztust mint szeretett Fiadat, amikor megkeresztelkedett a Jord\u00e1n foly\u00f3ban \u00e9s lesz\u00e1llt r\u00e1 a Szentl\u00e9lek. Add, hogy mindig kedved telj\u00e9k benn\u00fcnk, fogadott gyermekeidben, akik \u00fajj\u00e1sz\u00fclett\u00fcnk v\u00edzb\u0151l \u00e9s Szentl\u00e9lekb\u0151l. A mi Urunk, J\u00e9zus Krisztus, a te Fiad \u00e1ltal, aki veled \u00e9l \u00e9s uralkodik a Szentl\u00e9lekkel egys\u00e9gben, Isten mind\u00f6r\u00f6kk\u00f6n \u00f6r\u00f6kk\u00e9. vagy Isten\u00fcnk, egysz\u00fcl\u00f6tt Fiad hozz\u00e1nk hasonl\u00f3 emberi testben jelent meg k\u00f6zt\u00fcnk. Add, k\u00e9r\u00fcnk, hogy bens\u0151leg alak\u00edtson \u00fajj\u00e1 minket J\u00e9zus, aki k\u00fclsej\u00e9t tekintve hasonl\u00f3 lett hozz\u00e1nk. Aki veled \u00e9l... R\u00e9szletek\" \/>\n<meta property=\"og:url\" content=\"https:\/\/stuttgarti-katolikusok.de\/index.php\/urunk-megkeresztelkedesenek-unnepe\/\" \/>\n<meta property=\"og:site_name\" content=\"Stuttgarti Katolikusok\" \/>\n<meta property=\"article:published_time\" content=\"2026-01-09T23:15:03+00:00\" \/>\n<meta property=\"article:modified_time\" content=\"2026-01-09T23:29:16+00:00\" \/>\n<meta property=\"og:image\" content=\"https:\/\/stuttgarti-katolikusok.de\/wp-content\/uploads\/2021\/01\/the-baptism-of-the-lord.jpg\" \/>\n\t<meta property=\"og:image:width\" content=\"640\" \/>\n\t<meta property=\"og:image:height\" content=\"282\" \/>\n\t<meta property=\"og:image:type\" content=\"image\/jpeg\" \/>\n<meta name=\"author\" content=\"Tibor atya\" \/>\n<meta name=\"twitter:card\" content=\"summary_large_image\" \/>\n<meta name=\"twitter:label1\" content=\"Szerz\u0151:\" \/>\n\t<meta name=\"twitter:data1\" content=\"Tibor atya\" \/>\n\t<meta name=\"twitter:label2\" content=\"Becs\u00fclt olvas\u00e1si id\u0151\" \/>\n\t<meta name=\"twitter:data2\" content=\"7 perc\" \/>\n<script type=\"application\/ld+json\" class=\"yoast-schema-graph\">{\"@context\":\"https:\\\/\\\/schema.org\",\"@graph\":[{\"@type\":\"Article\",\"@id\":\"https:\\\/\\\/stuttgarti-katolikusok.de\\\/index.php\\\/urunk-megkeresztelkedesenek-unnepe\\\/#article\",\"isPartOf\":{\"@id\":\"https:\\\/\\\/stuttgarti-katolikusok.de\\\/index.php\\\/urunk-megkeresztelkedesenek-unnepe\\\/\"},\"author\":{\"name\":\"Tibor atya\",\"@id\":\"https:\\\/\\\/stuttgarti-katolikusok.de\\\/#\\\/schema\\\/person\\\/75908d6f8fdc03a57889d27209df7795\"},\"headline\":\"Urunk megkeresztelked\u00e9s\u00e9nek \u00fcnnepe\",\"datePublished\":\"2026-01-09T23:15:03+00:00\",\"dateModified\":\"2026-01-09T23:29:16+00:00\",\"mainEntityOfPage\":{\"@id\":\"https:\\\/\\\/stuttgarti-katolikusok.de\\\/index.php\\\/urunk-megkeresztelkedesenek-unnepe\\\/\"},\"wordCount\":1659,\"image\":{\"@id\":\"https:\\\/\\\/stuttgarti-katolikusok.de\\\/index.php\\\/urunk-megkeresztelkedesenek-unnepe\\\/#primaryimage\"},\"thumbnailUrl\":\"https:\\\/\\\/stuttgarti-katolikusok.de\\\/wp-content\\\/uploads\\\/2021\\\/01\\\/the-baptism-of-the-lord.jpg\",\"articleSection\":[\"A liturgia olvasm\u00e1nyai\",\"Vas\u00e1rnapi gondolatok\"],\"inLanguage\":\"hu\"},{\"@type\":\"WebPage\",\"@id\":\"https:\\\/\\\/stuttgarti-katolikusok.de\\\/index.php\\\/urunk-megkeresztelkedesenek-unnepe\\\/\",\"url\":\"https:\\\/\\\/stuttgarti-katolikusok.de\\\/index.php\\\/urunk-megkeresztelkedesenek-unnepe\\\/\",\"name\":\"Urunk megkeresztelked\u00e9s\u00e9nek \u00fcnnepe - Stuttgarti Katolikusok\",\"isPartOf\":{\"@id\":\"https:\\\/\\\/stuttgarti-katolikusok.de\\\/#website\"},\"primaryImageOfPage\":{\"@id\":\"https:\\\/\\\/stuttgarti-katolikusok.de\\\/index.php\\\/urunk-megkeresztelkedesenek-unnepe\\\/#primaryimage\"},\"image\":{\"@id\":\"https:\\\/\\\/stuttgarti-katolikusok.de\\\/index.php\\\/urunk-megkeresztelkedesenek-unnepe\\\/#primaryimage\"},\"thumbnailUrl\":\"https:\\\/\\\/stuttgarti-katolikusok.de\\\/wp-content\\\/uploads\\\/2021\\\/01\\\/the-baptism-of-the-lord.jpg\",\"datePublished\":\"2026-01-09T23:15:03+00:00\",\"dateModified\":\"2026-01-09T23:29:16+00:00\",\"author\":{\"@id\":\"https:\\\/\\\/stuttgarti-katolikusok.de\\\/#\\\/schema\\\/person\\\/75908d6f8fdc03a57889d27209df7795\"},\"breadcrumb\":{\"@id\":\"https:\\\/\\\/stuttgarti-katolikusok.de\\\/index.php\\\/urunk-megkeresztelkedesenek-unnepe\\\/#breadcrumb\"},\"inLanguage\":\"hu\",\"potentialAction\":[{\"@type\":\"ReadAction\",\"target\":[\"https:\\\/\\\/stuttgarti-katolikusok.de\\\/index.php\\\/urunk-megkeresztelkedesenek-unnepe\\\/\"]}]},{\"@type\":\"ImageObject\",\"inLanguage\":\"hu\",\"@id\":\"https:\\\/\\\/stuttgarti-katolikusok.de\\\/index.php\\\/urunk-megkeresztelkedesenek-unnepe\\\/#primaryimage\",\"url\":\"https:\\\/\\\/stuttgarti-katolikusok.de\\\/wp-content\\\/uploads\\\/2021\\\/01\\\/the-baptism-of-the-lord.jpg\",\"contentUrl\":\"https:\\\/\\\/stuttgarti-katolikusok.de\\\/wp-content\\\/uploads\\\/2021\\\/01\\\/the-baptism-of-the-lord.jpg\",\"width\":640,\"height\":282},{\"@type\":\"BreadcrumbList\",\"@id\":\"https:\\\/\\\/stuttgarti-katolikusok.de\\\/index.php\\\/urunk-megkeresztelkedesenek-unnepe\\\/#breadcrumb\",\"itemListElement\":[{\"@type\":\"ListItem\",\"position\":1,\"name\":\"Kezd\u0151lap\",\"item\":\"https:\\\/\\\/stuttgarti-katolikusok.de\\\/\"},{\"@type\":\"ListItem\",\"position\":2,\"name\":\"Urunk megkeresztelked\u00e9s\u00e9nek \u00fcnnepe\"}]},{\"@type\":\"WebSite\",\"@id\":\"https:\\\/\\\/stuttgarti-katolikusok.de\\\/#website\",\"url\":\"https:\\\/\\\/stuttgarti-katolikusok.de\\\/\",\"name\":\"Stuttgarti Katolikusok\",\"description\":\"\",\"potentialAction\":[{\"@type\":\"SearchAction\",\"target\":{\"@type\":\"EntryPoint\",\"urlTemplate\":\"https:\\\/\\\/stuttgarti-katolikusok.de\\\/?s={search_term_string}\"},\"query-input\":{\"@type\":\"PropertyValueSpecification\",\"valueRequired\":true,\"valueName\":\"search_term_string\"}}],\"inLanguage\":\"hu\"},{\"@type\":\"Person\",\"@id\":\"https:\\\/\\\/stuttgarti-katolikusok.de\\\/#\\\/schema\\\/person\\\/75908d6f8fdc03a57889d27209df7795\",\"name\":\"Tibor atya\",\"image\":{\"@type\":\"ImageObject\",\"inLanguage\":\"hu\",\"@id\":\"https:\\\/\\\/secure.gravatar.com\\\/avatar\\\/61d268e57d1f4525b111222e29d2d5a7f8c420fdbf231ba5566a8ceac74fa960?s=96&d=mm&r=g\",\"url\":\"https:\\\/\\\/secure.gravatar.com\\\/avatar\\\/61d268e57d1f4525b111222e29d2d5a7f8c420fdbf231ba5566a8ceac74fa960?s=96&d=mm&r=g\",\"contentUrl\":\"https:\\\/\\\/secure.gravatar.com\\\/avatar\\\/61d268e57d1f4525b111222e29d2d5a7f8c420fdbf231ba5566a8ceac74fa960?s=96&d=mm&r=g\",\"caption\":\"Tibor atya\"},\"url\":\"https:\\\/\\\/stuttgarti-katolikusok.de\\\/index.php\\\/author\\\/tibor-atya\\\/\"}]}<\/script>\n<!-- \/ Yoast SEO plugin. -->","yoast_head_json":{"title":"Urunk megkeresztelked\u00e9s\u00e9nek \u00fcnnepe - Stuttgarti Katolikusok","robots":{"index":"index","follow":"follow","max-snippet":"max-snippet:-1","max-image-preview":"max-image-preview:large","max-video-preview":"max-video-preview:-1"},"canonical":"https:\/\/stuttgarti-katolikusok.de\/index.php\/urunk-megkeresztelkedesenek-unnepe\/","og_locale":"hu_HU","og_type":"article","og_title":"Urunk megkeresztelked\u00e9s\u00e9nek \u00fcnnepe - Stuttgarti Katolikusok","og_description":"Mind V\u00edzkereszt \u00fcnnepe, mind Urunk megkeresztelked\u00e9s\u00e9nek \u00fcnnepe Isten nagys\u00e1g\u00e1nak kinyilatkoztat\u00e1sa. A mennyei Atya &#8222;szeretett &#8221; Fi\u00e1nak nevezi. Az \u00dar Lelke sz\u00e1ll r\u00e1, \u00e9s vezeti Galile\u00e1ban, Jeruzs\u00e1lemben \u00e9s a Golgot\u00e1n. A L\u00e9lek erej\u00e9ben \u00e1ldozza fel \u00f6nmag\u00e1t a vil\u00e1g \u00e9let\u00e9\u00e9rt. A szentmise k\u00f6ny\u00f6rg\u00e9s\u00e9ben azt k\u00e9rj\u00fck mennyei Aty\u00e1nkt\u00f3l, hogy benn\u00fcnk, fogadott gyermekeiben mindig kedve telj\u00e9k. A kereszts\u00e9g szents\u00e9g\u00e9ben nyert\u00fck el ezt a kegyelmet. \u00c9ppen ez\u00e9rt a mai szentmise alkalom sz\u00e1munkra a kereszts\u00e9gi fogad\u00e1s meg\u00faj\u00edt\u00e1s\u00e1ra. \u00c9lj\u00fcnk ezzel a lehet\u0151s\u00e9ggel! Izaj\u00e1s, mint a rem\u00e9ny pr\u00f3f\u00e9t\u00e1ja, er\u0151s\u00edti a v\u00e1lasztott n\u00e9pet. Hiszen a neh\u00e9zs\u00e9gek s\u00falya alatt \u00f6ssze lehet roppanni, olykor lelkesed\u00e9s\u00fcnk is pisl\u00e1kolhat. Isten azonban olyan megv\u00e1lt\u00f3t k\u00fcld, aki nem engedi \u00f6sszet\u00f6rni az embert, hit\u00e9nek f\u00e9ny\u00e9t nem engedi kialudni, hanem \u00fajj\u00e1\u00e9leszti azt. &#8222;Isten nem szem\u00e9lyv\u00e1logat\u00f3. Mindenki kedves el\u0151tte.&#8221; &#8211; az Apostolok cselekedeteinek elhangz\u00f3 tan\u00edt\u00e1s\u00e1b\u00f3l egy\u00e9nileg er\u0151t mer\u00edthetek. Csod\u00e1latos lehet\u0151s\u00e9g ez! A Szentl\u00e9lek vezet arra, hogy min\u00e9l t\u00f6bb j\u00f3t tegyek, szeretettel legyek m\u00e1sok ir\u00e1nt. Keresztel\u0151 J\u00e1nos a b\u0171nb\u00e1nat kereszts\u00e9g\u00e9t hirdette. Amikor J\u00e9zus megjelenik a Jord\u00e1n foly\u00f3n\u00e1l, l\u00e9nyeg\u00e9ben sorsk\u00f6z\u00f6ss\u00e9get v\u00e1llal vel\u00fcnk, b\u0171n\u00f6s emberekkel. Mindenben hasonl\u00f3v\u00e1 lett hozz\u00e1nk, a b\u0171nt kiv\u00e9ve. Lehet\u0151s\u00e9get k\u00edn\u00e1l \u00edgy sz\u00e1munkra,\u00a0 hogy mi magunk is a mennyei Atya szeretett gyermekeiv\u00e9 v\u00e1ljunk. Kezd\u0151\u00e9nek: Az \u00dar megkeresztelked\u00e9sekor megny\u00edlt az \u00e9g, a Szentl\u00e9lek mint galamb lebegett az \u00dar f\u00f6l\u00f6tt, \u00e9s a mennyei Atya szava hallatszott: Ez az \u00e9n szeretett Fiam, akiben kedvem telik. (V\u00f6. Mt 3,16-17) K\u00f6ny\u00f6rg\u00e9s: Mindenhat\u00f3, \u00f6r\u00f6k Isten, te \u00fcnnep\u00e9lyesen kinyilatkoztattad nek\u00fcnk Krisztust mint szeretett Fiadat, amikor megkeresztelkedett a Jord\u00e1n foly\u00f3ban \u00e9s lesz\u00e1llt r\u00e1 a Szentl\u00e9lek. Add, hogy mindig kedved telj\u00e9k benn\u00fcnk, fogadott gyermekeidben, akik \u00fajj\u00e1sz\u00fclett\u00fcnk v\u00edzb\u0151l \u00e9s Szentl\u00e9lekb\u0151l. A mi Urunk, J\u00e9zus Krisztus, a te Fiad \u00e1ltal, aki veled \u00e9l \u00e9s uralkodik a Szentl\u00e9lekkel egys\u00e9gben, Isten mind\u00f6r\u00f6kk\u00f6n \u00f6r\u00f6kk\u00e9. vagy Isten\u00fcnk, egysz\u00fcl\u00f6tt Fiad hozz\u00e1nk hasonl\u00f3 emberi testben jelent meg k\u00f6zt\u00fcnk. Add, k\u00e9r\u00fcnk, hogy bens\u0151leg alak\u00edtson \u00fajj\u00e1 minket J\u00e9zus, aki k\u00fclsej\u00e9t tekintve hasonl\u00f3 lett hozz\u00e1nk. Aki veled \u00e9l... R\u00e9szletek","og_url":"https:\/\/stuttgarti-katolikusok.de\/index.php\/urunk-megkeresztelkedesenek-unnepe\/","og_site_name":"Stuttgarti Katolikusok","article_published_time":"2026-01-09T23:15:03+00:00","article_modified_time":"2026-01-09T23:29:16+00:00","og_image":[{"width":640,"height":282,"url":"https:\/\/stuttgarti-katolikusok.de\/wp-content\/uploads\/2021\/01\/the-baptism-of-the-lord.jpg","type":"image\/jpeg"}],"author":"Tibor atya","twitter_card":"summary_large_image","twitter_misc":{"Szerz\u0151:":"Tibor atya","Becs\u00fclt olvas\u00e1si id\u0151":"7 perc"},"schema":{"@context":"https:\/\/schema.org","@graph":[{"@type":"Article","@id":"https:\/\/stuttgarti-katolikusok.de\/index.php\/urunk-megkeresztelkedesenek-unnepe\/#article","isPartOf":{"@id":"https:\/\/stuttgarti-katolikusok.de\/index.php\/urunk-megkeresztelkedesenek-unnepe\/"},"author":{"name":"Tibor atya","@id":"https:\/\/stuttgarti-katolikusok.de\/#\/schema\/person\/75908d6f8fdc03a57889d27209df7795"},"headline":"Urunk megkeresztelked\u00e9s\u00e9nek \u00fcnnepe","datePublished":"2026-01-09T23:15:03+00:00","dateModified":"2026-01-09T23:29:16+00:00","mainEntityOfPage":{"@id":"https:\/\/stuttgarti-katolikusok.de\/index.php\/urunk-megkeresztelkedesenek-unnepe\/"},"wordCount":1659,"image":{"@id":"https:\/\/stuttgarti-katolikusok.de\/index.php\/urunk-megkeresztelkedesenek-unnepe\/#primaryimage"},"thumbnailUrl":"https:\/\/stuttgarti-katolikusok.de\/wp-content\/uploads\/2021\/01\/the-baptism-of-the-lord.jpg","articleSection":["A liturgia olvasm\u00e1nyai","Vas\u00e1rnapi gondolatok"],"inLanguage":"hu"},{"@type":"WebPage","@id":"https:\/\/stuttgarti-katolikusok.de\/index.php\/urunk-megkeresztelkedesenek-unnepe\/","url":"https:\/\/stuttgarti-katolikusok.de\/index.php\/urunk-megkeresztelkedesenek-unnepe\/","name":"Urunk megkeresztelked\u00e9s\u00e9nek \u00fcnnepe - Stuttgarti Katolikusok","isPartOf":{"@id":"https:\/\/stuttgarti-katolikusok.de\/#website"},"primaryImageOfPage":{"@id":"https:\/\/stuttgarti-katolikusok.de\/index.php\/urunk-megkeresztelkedesenek-unnepe\/#primaryimage"},"image":{"@id":"https:\/\/stuttgarti-katolikusok.de\/index.php\/urunk-megkeresztelkedesenek-unnepe\/#primaryimage"},"thumbnailUrl":"https:\/\/stuttgarti-katolikusok.de\/wp-content\/uploads\/2021\/01\/the-baptism-of-the-lord.jpg","datePublished":"2026-01-09T23:15:03+00:00","dateModified":"2026-01-09T23:29:16+00:00","author":{"@id":"https:\/\/stuttgarti-katolikusok.de\/#\/schema\/person\/75908d6f8fdc03a57889d27209df7795"},"breadcrumb":{"@id":"https:\/\/stuttgarti-katolikusok.de\/index.php\/urunk-megkeresztelkedesenek-unnepe\/#breadcrumb"},"inLanguage":"hu","potentialAction":[{"@type":"ReadAction","target":["https:\/\/stuttgarti-katolikusok.de\/index.php\/urunk-megkeresztelkedesenek-unnepe\/"]}]},{"@type":"ImageObject","inLanguage":"hu","@id":"https:\/\/stuttgarti-katolikusok.de\/index.php\/urunk-megkeresztelkedesenek-unnepe\/#primaryimage","url":"https:\/\/stuttgarti-katolikusok.de\/wp-content\/uploads\/2021\/01\/the-baptism-of-the-lord.jpg","contentUrl":"https:\/\/stuttgarti-katolikusok.de\/wp-content\/uploads\/2021\/01\/the-baptism-of-the-lord.jpg","width":640,"height":282},{"@type":"BreadcrumbList","@id":"https:\/\/stuttgarti-katolikusok.de\/index.php\/urunk-megkeresztelkedesenek-unnepe\/#breadcrumb","itemListElement":[{"@type":"ListItem","position":1,"name":"Kezd\u0151lap","item":"https:\/\/stuttgarti-katolikusok.de\/"},{"@type":"ListItem","position":2,"name":"Urunk megkeresztelked\u00e9s\u00e9nek \u00fcnnepe"}]},{"@type":"WebSite","@id":"https:\/\/stuttgarti-katolikusok.de\/#website","url":"https:\/\/stuttgarti-katolikusok.de\/","name":"Stuttgarti Katolikusok","description":"","potentialAction":[{"@type":"SearchAction","target":{"@type":"EntryPoint","urlTemplate":"https:\/\/stuttgarti-katolikusok.de\/?s={search_term_string}"},"query-input":{"@type":"PropertyValueSpecification","valueRequired":true,"valueName":"search_term_string"}}],"inLanguage":"hu"},{"@type":"Person","@id":"https:\/\/stuttgarti-katolikusok.de\/#\/schema\/person\/75908d6f8fdc03a57889d27209df7795","name":"Tibor atya","image":{"@type":"ImageObject","inLanguage":"hu","@id":"https:\/\/secure.gravatar.com\/avatar\/61d268e57d1f4525b111222e29d2d5a7f8c420fdbf231ba5566a8ceac74fa960?s=96&d=mm&r=g","url":"https:\/\/secure.gravatar.com\/avatar\/61d268e57d1f4525b111222e29d2d5a7f8c420fdbf231ba5566a8ceac74fa960?s=96&d=mm&r=g","contentUrl":"https:\/\/secure.gravatar.com\/avatar\/61d268e57d1f4525b111222e29d2d5a7f8c420fdbf231ba5566a8ceac74fa960?s=96&d=mm&r=g","caption":"Tibor atya"},"url":"https:\/\/stuttgarti-katolikusok.de\/index.php\/author\/tibor-atya\/"}]}},"_links":{"self":[{"href":"https:\/\/stuttgarti-katolikusok.de\/index.php\/wp-json\/wp\/v2\/posts\/24276","targetHints":{"allow":["GET"]}}],"collection":[{"href":"https:\/\/stuttgarti-katolikusok.de\/index.php\/wp-json\/wp\/v2\/posts"}],"about":[{"href":"https:\/\/stuttgarti-katolikusok.de\/index.php\/wp-json\/wp\/v2\/types\/post"}],"author":[{"embeddable":true,"href":"https:\/\/stuttgarti-katolikusok.de\/index.php\/wp-json\/wp\/v2\/users\/3"}],"replies":[{"embeddable":true,"href":"https:\/\/stuttgarti-katolikusok.de\/index.php\/wp-json\/wp\/v2\/comments?post=24276"}],"version-history":[{"count":3,"href":"https:\/\/stuttgarti-katolikusok.de\/index.php\/wp-json\/wp\/v2\/posts\/24276\/revisions"}],"predecessor-version":[{"id":32443,"href":"https:\/\/stuttgarti-katolikusok.de\/index.php\/wp-json\/wp\/v2\/posts\/24276\/revisions\/32443"}],"wp:featuredmedia":[{"embeddable":true,"href":"https:\/\/stuttgarti-katolikusok.de\/index.php\/wp-json\/wp\/v2\/media\/20950"}],"wp:attachment":[{"href":"https:\/\/stuttgarti-katolikusok.de\/index.php\/wp-json\/wp\/v2\/media?parent=24276"}],"wp:term":[{"taxonomy":"category","embeddable":true,"href":"https:\/\/stuttgarti-katolikusok.de\/index.php\/wp-json\/wp\/v2\/categories?post=24276"},{"taxonomy":"post_tag","embeddable":true,"href":"https:\/\/stuttgarti-katolikusok.de\/index.php\/wp-json\/wp\/v2\/tags?post=24276"}],"curies":[{"name":"wp","href":"https:\/\/api.w.org\/{rel}","templated":true}]}}