{"id":24262,"date":"2023-01-01T13:25:01","date_gmt":"2023-01-01T12:25:01","guid":{"rendered":"https:\/\/stuttgarti-katolikusok.de\/?p=24262"},"modified":"2023-01-05T13:28:04","modified_gmt":"2023-01-05T12:28:04","slug":"szuz-maria-isten-anyja-unnepe","status":"publish","type":"post","link":"https:\/\/stuttgarti-katolikusok.de\/index.php\/szuz-maria-isten-anyja-unnepe\/","title":{"rendered":"Sz\u0171z M\u00e1ria, Isten anyja \u00fcnnepe"},"content":{"rendered":"<p align=\"justify\"><span style=\"color: #ff6600;\">OLVASM\u00c1NY M\u00f3zes negyedik k\u00f6nyv\u00e9b\u0151l<\/span><br \/>\n<em>H\u00edvj\u00e1k le Izrael, fiaira a nevemet, \u00e9s \u00e9n meg\u00e1ldom \u0151ket.<\/em><br \/>\n\u00cdgy sz\u00f3lt az \u00dar M\u00f3zeshez:<br \/>\n\u201eMondd meg \u00c1ron f\u0151papnak \u00e9s fiainak, a papoknak: \u00cdgy \u00e1ldj\u00e1tok meg Izrael fiait, ezekkel a szavakkal:<br \/>\n\u00c1ldjon meg az \u00dar \u00e9s oltalmazzon! Ragyogtassa r\u00e1d arc\u00e1t az \u00dar, s legyen hozz\u00e1d j\u00f3s\u00e1gos! Ford\u00edtsa fel\u00e9d arc\u00e1t az \u00dar, \u00e9s szerezzen neked \u00fcdv\u00f6ss\u00e9get!<br \/>\nH\u00edvj\u00e1k le Izrael fiaira a nevemet, \u00e9s \u00e9n meg\u00e1ldom \u0151ket.\u201d<br \/>\nEz az Isten ig\u00e9je.<br \/>\n<strong>Sz\u00e1m 6,22-27<\/strong><\/p>\n<p><span style=\"color: #ff6600;\">V\u00c1LASZOS ZSOLT\u00c1R<\/span><br \/>\nV\u00e1lasz:\u00a0<strong>K\u00f6ny\u00f6r\u00fclj\u00f6n rajtunk az Isten, * \u00e9s \u00e1ldjon meg minket.<\/strong>\u00a05. t\u00f3nus.<br \/>\nEl\u0151\u00e9nekes: K\u00f6ny\u00f6r\u00fclj\u00f6n rajtunk az Isten, \u00e9s \u00e1ldjon meg minket,* ragyogtassa fel arc\u00e1t f\u00f6l\u00f6tt\u00fcnk,<br \/>\nhogy megismerj\u00e9k a f\u00f6ld\u00f6n utadat, * \u00e9s \u00fcdv\u00f6ss\u00e9gedet az \u00f6sszes nemzetek.<br \/>\nH\u00edvek: K\u00f6ny\u00f6r\u00fclj\u00f6n rajtunk az Isten, * \u00e9s \u00e1ldjon meg minket.<br \/>\nE: \u00d6rvendjenek \u00e9s ujjongjanak a nemzetek, \u2020 mert igazs\u00e1gosan \u00edt\u00e9led a n\u00e9peket, * \u00e9s te vez\u00e9rled \u0151ket a f\u00f6ld\u00f6n.<br \/>\nH: K\u00f6ny\u00f6r\u00fclj\u00f6n rajtunk az Isten, * \u00e9s \u00e1ldjon meg minket.<br \/>\nE: Magasztaljanak t\u00e9ged a n\u00e9pek, Isten\u00fcnk, * dics\u0151\u00edtsenek az \u00f6sszes nemzetek.<br \/>\n\u00c1ldjon meg minket az Isten, * f\u00e9lve tisztelje \u0151t a f\u00f6ld minden hat\u00e1ra.<br \/>\nH: K\u00f6ny\u00f6r\u00fclj\u00f6n rajtunk az Isten * \u00e9s \u00e1ldjon meg minket.<br \/>\n<strong>Zsolt 66,2-3.5.6 \u00e9s 8<\/strong><\/p>\n<p><span style=\"color: #ff6600;\">SZENTLECKE Szent P\u00e1l apostolnak a galat\u00e1khoz \u00edrt level\u00e9b\u0151l<\/span><br \/>\n<em>Isten elk\u00fcldte Fi\u00e1t, aki asszonyt\u00f3l sz\u00fcletett.<\/em><br \/>\nTestv\u00e9reim!<br \/>\nAmikor el\u00e9rkezett az id\u0151k teljess\u00e9ge, Isten elk\u00fcldte Fi\u00e1t, aki asszonyt\u00f3l sz\u00fcletett, al\u00e1vetette mag\u00e1t a m\u00f3zesi t\u00f6rv\u00e9nynek, hogy felszabad\u00edtson minket a t\u00f6rv\u00e9ny szolgas\u00e1g\u00e1b\u00f3l, \u00e9s a fogadott fi\u00fas\u00e1got elnyerj\u00fck.<br \/>\nMivel pedig Isten fiai vagyunk, Isten sz\u00edv\u00fcnkbe elk\u00fcldte Fi\u00e1nak Lelk\u00e9t, aki ezt ki\u00e1ltja: \u201eAbba! Aty\u00e1m!\u201d<br \/>\nNem vagy teh\u00e1t t\u00f6bb\u00e9 szolga, hanem fi\u00fa, \u00e9s ha fi\u00fa, akkor Isten kegyelm\u00e9b\u0151l \u00f6r\u00f6k\u00f6s is.<br \/>\nEz az Isten ig\u00e9je.<br \/>\n<strong>Gal 4,4-7<\/strong><\/p>\n<p align=\"justify\"><span style=\"color: #ff6600;\">ALLELUJA<\/span><br \/>\nSok \u00edzben sz\u00f3lt pr\u00f3f\u00e9t\u00e1i \u00e1ltal az \u0151saty\u00e1khoz egykor az Isten: * v\u00e9g\u00fcl a beteljesed\u00e9s napjaiban Fia \u00e1ltal sz\u00f3lt hozz\u00e1nk. Zsid 1,1-2 \u2013 6. t\u00f3nus.<\/p>\n<p><span style=\"color: #ff6600;\">\u2020 EVANG\u00c9LIUM Szent Luk\u00e1cs k\u00f6nyv\u00e9b\u0151l<\/span><br \/>\n<em>Megtal\u00e1lt\u00e1k M\u00e1ri\u00e1t, J\u00f3zsefet \u00e9s a Kisdedet. Eltelt nyolc nap, \u00e9s a J\u00e9zus nevet adt\u00e1k neki.<\/em><br \/>\nA p\u00e1sztorok sietve elindultak, \u00e9s megtal\u00e1lt\u00e1k M\u00e1ri\u00e1t, J\u00f3zsefet \u00e9s a j\u00e1szolban fekv\u0151 Kisdedet. Miut\u00e1n l\u00e1tt\u00e1k, elbesz\u00e9lt\u00e9k mindazt, amit m\u00e1r kor\u00e1bban megtudtak a Gyermekr\u0151l. Aki csak hallotta, csod\u00e1lkozott a p\u00e1sztorok elbesz\u00e9l\u00e9s\u00e9n. M\u00e1ria pedig sz\u00edv\u00e9be v\u00e9ste szavaikat, \u00e9s gyakran elgondolkodott rajtuk. A p\u00e1sztorok ezut\u00e1n hazat\u00e9rtek. Dics\u00e9rt\u00e9k \u00e9s magasztalt\u00e1k Istent mindaz\u00e9rt, amit l\u00e1ttak \u00e9s hallottak, pontosan \u00fagy, amint (az angyalok) el\u0151re megmondt\u00e1k nekik.<br \/>\nAzut\u00e1n eltelt nyolc nap, \u00e9s k\u00f6r\u00fclmet\u00e9lt\u00e9k a Gyermeket. A J\u00e9zus nevet adt\u00e1k neki, mert \u00edgy nevezte \u0151t az angyal, miel\u0151tt m\u00e9g anyja m\u00e9h\u00e9ben megfogant volna.<br \/>\nEzek az evang\u00e9lium ig\u00e9i.<br \/>\n<strong>Lk 2,16-21<\/strong><\/p>\n<p><span style=\"color: #ff6600;\">EGYETEMES K\u00d6NY\u00d6RG\u00c9SEK<\/span><br \/>\nSz\u0171z M\u00e1ria Istenanyas\u00e1g\u00e1nak \u00fcnnep\u00e9re<br \/>\nPap: Testv\u00e9reim! Az \u00faj esztend\u0151 els\u0151 napj\u00e1n k\u00e9rj\u00fck gondvisel\u0151 mennyei Aty\u00e1nkat, hogy az Istenanya k\u00f6zbenj\u00e1r\u00e1s\u00e1ra \u00e1ldjon meg benn\u00fcnket az eg\u00e9sz esztend\u0151ben!<br \/>\nLektor: 1. Add, Urunk, hogy Sz\u0171zany\u00e1nk k\u00f6zbenj\u00e1r\u00e1s\u00e1ra eredm\u00e9nyes legyen Szents\u00e9ges Aty\u00e1nknak, f\u0151p\u00e1sztorainknak \u00e9s papjainknak apostoli munk\u00e1ja!<br \/>\nH\u00edvek: K\u00e9r\u00fcnk T\u00e9ged, hallgass meg minket!<br \/>\n2. Add, Urunk, hogy az emberis\u00e9g felismerje a Boldogs\u00e1gos Sz\u0171z istenanyai m\u00e9lt\u00f3s\u00e1g\u00e1t, \u00e9s gyermeki bizalommal forduljon hozz\u00e1!<br \/>\nH\u00edvek: K\u00e9r\u00fcnk T\u00e9ged, hallgass meg minket!<br \/>\n3. Add, Urunk, hogy akik az Istenany\u00e1ban \u00e9gi \u00e9desany\u00e1t kaptunk, szeretettel mutassuk meg, hogy gyermekei vagyunk!<br \/>\nH\u00edvek: K\u00e9r\u00fcnk T\u00e9ged, hallgass meg minket!<br \/>\n4. Add, Urunk, hogy egyh\u00e1zk\u00f6zs\u00e9g\u00fcnk minden tagja eg\u00e9sz \u00e9vben \u00e9rezhesse a Szent Sz\u0171z anyai p\u00e1rtfog\u00e1s\u00e1t!<br \/>\nH\u00edvek: K\u00e9r\u00fcnk T\u00e9ged, hallgass meg minket!<br \/>\n5. Add, Urunk, hogy lelki v\u00e1ls\u00e1ggal k\u00fczd\u0151 h\u00edveid a Sz\u0171zanya k\u00f6zbenj\u00e1r\u00e1s\u00e1ra megtal\u00e1lj\u00e1k a hozz\u00e1d vezet\u0151 utat!<br \/>\nH\u00edvek: K\u00e9r\u00fcnk T\u00e9ged, hallgass meg minket!<br \/>\nPap: Gondvisel\u0151 Aty\u00e1nk! A Boldogs\u00e1gos Istenanya szem\u00e9ly\u00e9ben hatalmas p\u00e1rtfog\u00f3t adt\u00e1l gyermekeidnek. Add, k\u00e9r\u00fcnk, hogy akik Fiadnak h\u0171s\u00e9ges h\u00edvei akarunk maradni, mindhal\u00e1lig \u00e9rezz\u00fck sz\u0171zi Anyj\u00e1nak hathat\u00f3s seg\u00edts\u00e9g\u00e9t. Krisztus, a mi Urunk \u00e1ltal.<br \/>\nH\u00edvek: \u00c1men.<\/p>\n","protected":false},"excerpt":{"rendered":"<p>OLVASM\u00c1NY M\u00f3zes negyedik k\u00f6nyv\u00e9b\u0151l H\u00edvj\u00e1k le Izrael, fiaira a nevemet, \u00e9s \u00e9n meg\u00e1ldom \u0151ket. \u00cdgy sz\u00f3lt az \u00dar M\u00f3zeshez: \u201eMondd meg \u00c1ron f\u0151papnak \u00e9s fiainak, a papoknak: \u00cdgy \u00e1ldj\u00e1tok meg Izrael fiait, ezekkel a szavakkal: \u00c1ldjon meg az \u00dar \u00e9s oltalmazzon! Ragyogtassa r\u00e1d arc\u00e1t az \u00dar, s legyen hozz\u00e1d j\u00f3s\u00e1gos! Ford\u00edtsa fel\u00e9d arc\u00e1t az \u00dar, \u00e9s szerezzen neked \u00fcdv\u00f6ss\u00e9get! H\u00edvj\u00e1k le Izrael fiaira a nevemet, \u00e9s \u00e9n meg\u00e1ldom \u0151ket.\u201d Ez az Isten ig\u00e9je. Sz\u00e1m 6,22-27 V\u00c1LASZOS ZSOLT\u00c1R V\u00e1lasz:\u00a0K\u00f6ny\u00f6r\u00fclj\u00f6n rajtunk az Isten, * \u00e9s \u00e1ldjon meg minket.\u00a05. t\u00f3nus. El\u0151\u00e9nekes: K\u00f6ny\u00f6r\u00fclj\u00f6n rajtunk az Isten, \u00e9s \u00e1ldjon meg minket,* ragyogtassa fel arc\u00e1t f\u00f6l\u00f6tt\u00fcnk, hogy megismerj\u00e9k a f\u00f6ld\u00f6n utadat, * \u00e9s \u00fcdv\u00f6ss\u00e9gedet az \u00f6sszes nemzetek. H\u00edvek: K\u00f6ny\u00f6r\u00fclj\u00f6n rajtunk az Isten, * \u00e9s \u00e1ldjon meg minket. E: \u00d6rvendjenek \u00e9s ujjongjanak a nemzetek, \u2020 mert igazs\u00e1gosan \u00edt\u00e9led a n\u00e9peket, * \u00e9s te vez\u00e9rled \u0151ket a f\u00f6ld\u00f6n. H: K\u00f6ny\u00f6r\u00fclj\u00f6n rajtunk az Isten, * \u00e9s \u00e1ldjon meg minket. E: Magasztaljanak t\u00e9ged a n\u00e9pek, Isten\u00fcnk, * dics\u0151\u00edtsenek az \u00f6sszes nemzetek. \u00c1ldjon meg minket az Isten, * f\u00e9lve tisztelje \u0151t a f\u00f6ld minden hat\u00e1ra. H: K\u00f6ny\u00f6r\u00fclj\u00f6n rajtunk az Isten * \u00e9s \u00e1ldjon meg minket. Zsolt 66,2-3.5.6 \u00e9s 8 SZENTLECKE Szent P\u00e1l apostolnak a galat\u00e1khoz \u00edrt level\u00e9b\u0151l Isten elk\u00fcldte Fi\u00e1t, aki asszonyt\u00f3l sz\u00fcletett. Testv\u00e9reim! Amikor el\u00e9rkezett az id\u0151k teljess\u00e9ge, Isten elk\u00fcldte Fi\u00e1t, aki asszonyt\u00f3l sz\u00fcletett, al\u00e1vetette mag\u00e1t a m\u00f3zesi t\u00f6rv\u00e9nynek, hogy felszabad\u00edtson minket a t\u00f6rv\u00e9ny szolgas\u00e1g\u00e1b\u00f3l, \u00e9s a fogadott fi\u00fas\u00e1got elnyerj\u00fck. Mivel pedig Isten fiai vagyunk, Isten sz\u00edv\u00fcnkbe elk\u00fcldte Fi\u00e1nak Lelk\u00e9t, aki ezt ki\u00e1ltja: \u201eAbba! Aty\u00e1m!\u201d Nem vagy teh\u00e1t t\u00f6bb\u00e9 szolga, hanem fi\u00fa, \u00e9s ha fi\u00fa, akkor Isten kegyelm\u00e9b\u0151l \u00f6r\u00f6k\u00f6s is. Ez az Isten ig\u00e9je. Gal 4,4-7 ALLELUJA Sok \u00edzben sz\u00f3lt pr\u00f3f\u00e9t\u00e1i \u00e1ltal az \u0151saty\u00e1khoz egykor az Isten: * v\u00e9g\u00fcl a beteljesed\u00e9s napjaiban Fia \u00e1ltal sz\u00f3lt hozz\u00e1nk. Zsid 1,1-2 \u2013 6. t\u00f3nus. \u2020 EVANG\u00c9LIUM Szent Luk\u00e1cs k\u00f6nyv\u00e9b\u0151l Megtal\u00e1lt\u00e1k M\u00e1ri\u00e1t, J\u00f3zsefet \u00e9s&#8230; <\/p>\n<p><a class=\"readmore\" href=\"https:\/\/stuttgarti-katolikusok.de\/index.php\/szuz-maria-isten-anyja-unnepe\/\">R\u00e9szletek<\/a><\/p>\n","protected":false},"author":3,"featured_media":24164,"comment_status":"closed","ping_status":"closed","sticky":false,"template":"","format":"standard","meta":{"footnotes":""},"categories":[63],"tags":[],"class_list":["post-24262","post","type-post","status-publish","format-standard","has-post-thumbnail","hentry","category-vasarnapi-gondolatok"],"yoast_head":"<!-- This site is optimized with the Yoast SEO plugin v27.3 - https:\/\/yoast.com\/product\/yoast-seo-wordpress\/ -->\n<title>Sz\u0171z M\u00e1ria, Isten anyja \u00fcnnepe - Stuttgarti Katolikusok<\/title>\n<meta name=\"robots\" content=\"index, follow, max-snippet:-1, max-image-preview:large, max-video-preview:-1\" \/>\n<link rel=\"canonical\" href=\"https:\/\/stuttgarti-katolikusok.de\/index.php\/szuz-maria-isten-anyja-unnepe\/\" \/>\n<meta property=\"og:locale\" content=\"hu_HU\" \/>\n<meta property=\"og:type\" content=\"article\" \/>\n<meta property=\"og:title\" content=\"Sz\u0171z M\u00e1ria, Isten anyja \u00fcnnepe - Stuttgarti Katolikusok\" \/>\n<meta property=\"og:description\" content=\"OLVASM\u00c1NY M\u00f3zes negyedik k\u00f6nyv\u00e9b\u0151l H\u00edvj\u00e1k le Izrael, fiaira a nevemet, \u00e9s \u00e9n meg\u00e1ldom \u0151ket. \u00cdgy sz\u00f3lt az \u00dar M\u00f3zeshez: \u201eMondd meg \u00c1ron f\u0151papnak \u00e9s fiainak, a papoknak: \u00cdgy \u00e1ldj\u00e1tok meg Izrael fiait, ezekkel a szavakkal: \u00c1ldjon meg az \u00dar \u00e9s oltalmazzon! Ragyogtassa r\u00e1d arc\u00e1t az \u00dar, s legyen hozz\u00e1d j\u00f3s\u00e1gos! Ford\u00edtsa fel\u00e9d arc\u00e1t az \u00dar, \u00e9s szerezzen neked \u00fcdv\u00f6ss\u00e9get! H\u00edvj\u00e1k le Izrael fiaira a nevemet, \u00e9s \u00e9n meg\u00e1ldom \u0151ket.\u201d Ez az Isten ig\u00e9je. Sz\u00e1m 6,22-27 V\u00c1LASZOS ZSOLT\u00c1R V\u00e1lasz:\u00a0K\u00f6ny\u00f6r\u00fclj\u00f6n rajtunk az Isten, * \u00e9s \u00e1ldjon meg minket.\u00a05. t\u00f3nus. El\u0151\u00e9nekes: K\u00f6ny\u00f6r\u00fclj\u00f6n rajtunk az Isten, \u00e9s \u00e1ldjon meg minket,* ragyogtassa fel arc\u00e1t f\u00f6l\u00f6tt\u00fcnk, hogy megismerj\u00e9k a f\u00f6ld\u00f6n utadat, * \u00e9s \u00fcdv\u00f6ss\u00e9gedet az \u00f6sszes nemzetek. H\u00edvek: K\u00f6ny\u00f6r\u00fclj\u00f6n rajtunk az Isten, * \u00e9s \u00e1ldjon meg minket. E: \u00d6rvendjenek \u00e9s ujjongjanak a nemzetek, \u2020 mert igazs\u00e1gosan \u00edt\u00e9led a n\u00e9peket, * \u00e9s te vez\u00e9rled \u0151ket a f\u00f6ld\u00f6n. H: K\u00f6ny\u00f6r\u00fclj\u00f6n rajtunk az Isten, * \u00e9s \u00e1ldjon meg minket. E: Magasztaljanak t\u00e9ged a n\u00e9pek, Isten\u00fcnk, * dics\u0151\u00edtsenek az \u00f6sszes nemzetek. \u00c1ldjon meg minket az Isten, * f\u00e9lve tisztelje \u0151t a f\u00f6ld minden hat\u00e1ra. H: K\u00f6ny\u00f6r\u00fclj\u00f6n rajtunk az Isten * \u00e9s \u00e1ldjon meg minket. Zsolt 66,2-3.5.6 \u00e9s 8 SZENTLECKE Szent P\u00e1l apostolnak a galat\u00e1khoz \u00edrt level\u00e9b\u0151l Isten elk\u00fcldte Fi\u00e1t, aki asszonyt\u00f3l sz\u00fcletett. Testv\u00e9reim! Amikor el\u00e9rkezett az id\u0151k teljess\u00e9ge, Isten elk\u00fcldte Fi\u00e1t, aki asszonyt\u00f3l sz\u00fcletett, al\u00e1vetette mag\u00e1t a m\u00f3zesi t\u00f6rv\u00e9nynek, hogy felszabad\u00edtson minket a t\u00f6rv\u00e9ny szolgas\u00e1g\u00e1b\u00f3l, \u00e9s a fogadott fi\u00fas\u00e1got elnyerj\u00fck. Mivel pedig Isten fiai vagyunk, Isten sz\u00edv\u00fcnkbe elk\u00fcldte Fi\u00e1nak Lelk\u00e9t, aki ezt ki\u00e1ltja: \u201eAbba! Aty\u00e1m!\u201d Nem vagy teh\u00e1t t\u00f6bb\u00e9 szolga, hanem fi\u00fa, \u00e9s ha fi\u00fa, akkor Isten kegyelm\u00e9b\u0151l \u00f6r\u00f6k\u00f6s is. Ez az Isten ig\u00e9je. Gal 4,4-7 ALLELUJA Sok \u00edzben sz\u00f3lt pr\u00f3f\u00e9t\u00e1i \u00e1ltal az \u0151saty\u00e1khoz egykor az Isten: * v\u00e9g\u00fcl a beteljesed\u00e9s napjaiban Fia \u00e1ltal sz\u00f3lt hozz\u00e1nk. Zsid 1,1-2 \u2013 6. t\u00f3nus. \u2020 EVANG\u00c9LIUM Szent Luk\u00e1cs k\u00f6nyv\u00e9b\u0151l Megtal\u00e1lt\u00e1k M\u00e1ri\u00e1t, J\u00f3zsefet \u00e9s... R\u00e9szletek\" \/>\n<meta property=\"og:url\" content=\"https:\/\/stuttgarti-katolikusok.de\/index.php\/szuz-maria-isten-anyja-unnepe\/\" \/>\n<meta property=\"og:site_name\" content=\"Stuttgarti Katolikusok\" \/>\n<meta property=\"article:published_time\" content=\"2023-01-01T12:25:01+00:00\" \/>\n<meta property=\"article:modified_time\" content=\"2023-01-05T12:28:04+00:00\" \/>\n<meta property=\"og:image\" content=\"https:\/\/stuttgarti-katolikusok.de\/wp-content\/uploads\/2022\/12\/crib-1934818-640.jpg\" \/>\n\t<meta property=\"og:image:width\" content=\"640\" \/>\n\t<meta property=\"og:image:height\" content=\"473\" \/>\n\t<meta property=\"og:image:type\" content=\"image\/jpeg\" \/>\n<meta name=\"author\" content=\"Tibor atya\" \/>\n<meta name=\"twitter:card\" content=\"summary_large_image\" \/>\n<meta name=\"twitter:label1\" content=\"Szerz\u0151:\" \/>\n\t<meta name=\"twitter:data1\" content=\"Tibor atya\" \/>\n\t<meta name=\"twitter:label2\" content=\"Becs\u00fclt olvas\u00e1si id\u0151\" \/>\n\t<meta name=\"twitter:data2\" content=\"4 perc\" \/>\n<script type=\"application\/ld+json\" class=\"yoast-schema-graph\">{\"@context\":\"https:\\\/\\\/schema.org\",\"@graph\":[{\"@type\":\"Article\",\"@id\":\"https:\\\/\\\/stuttgarti-katolikusok.de\\\/index.php\\\/szuz-maria-isten-anyja-unnepe\\\/#article\",\"isPartOf\":{\"@id\":\"https:\\\/\\\/stuttgarti-katolikusok.de\\\/index.php\\\/szuz-maria-isten-anyja-unnepe\\\/\"},\"author\":{\"name\":\"Tibor atya\",\"@id\":\"https:\\\/\\\/stuttgarti-katolikusok.de\\\/#\\\/schema\\\/person\\\/75908d6f8fdc03a57889d27209df7795\"},\"headline\":\"Sz\u0171z M\u00e1ria, Isten anyja \u00fcnnepe\",\"datePublished\":\"2023-01-01T12:25:01+00:00\",\"dateModified\":\"2023-01-05T12:28:04+00:00\",\"mainEntityOfPage\":{\"@id\":\"https:\\\/\\\/stuttgarti-katolikusok.de\\\/index.php\\\/szuz-maria-isten-anyja-unnepe\\\/\"},\"wordCount\":853,\"image\":{\"@id\":\"https:\\\/\\\/stuttgarti-katolikusok.de\\\/index.php\\\/szuz-maria-isten-anyja-unnepe\\\/#primaryimage\"},\"thumbnailUrl\":\"https:\\\/\\\/stuttgarti-katolikusok.de\\\/wp-content\\\/uploads\\\/2022\\\/12\\\/crib-1934818-640.jpg\",\"articleSection\":[\"Vas\u00e1rnapi gondolatok\"],\"inLanguage\":\"hu\"},{\"@type\":\"WebPage\",\"@id\":\"https:\\\/\\\/stuttgarti-katolikusok.de\\\/index.php\\\/szuz-maria-isten-anyja-unnepe\\\/\",\"url\":\"https:\\\/\\\/stuttgarti-katolikusok.de\\\/index.php\\\/szuz-maria-isten-anyja-unnepe\\\/\",\"name\":\"Sz\u0171z M\u00e1ria, Isten anyja \u00fcnnepe - Stuttgarti Katolikusok\",\"isPartOf\":{\"@id\":\"https:\\\/\\\/stuttgarti-katolikusok.de\\\/#website\"},\"primaryImageOfPage\":{\"@id\":\"https:\\\/\\\/stuttgarti-katolikusok.de\\\/index.php\\\/szuz-maria-isten-anyja-unnepe\\\/#primaryimage\"},\"image\":{\"@id\":\"https:\\\/\\\/stuttgarti-katolikusok.de\\\/index.php\\\/szuz-maria-isten-anyja-unnepe\\\/#primaryimage\"},\"thumbnailUrl\":\"https:\\\/\\\/stuttgarti-katolikusok.de\\\/wp-content\\\/uploads\\\/2022\\\/12\\\/crib-1934818-640.jpg\",\"datePublished\":\"2023-01-01T12:25:01+00:00\",\"dateModified\":\"2023-01-05T12:28:04+00:00\",\"author\":{\"@id\":\"https:\\\/\\\/stuttgarti-katolikusok.de\\\/#\\\/schema\\\/person\\\/75908d6f8fdc03a57889d27209df7795\"},\"breadcrumb\":{\"@id\":\"https:\\\/\\\/stuttgarti-katolikusok.de\\\/index.php\\\/szuz-maria-isten-anyja-unnepe\\\/#breadcrumb\"},\"inLanguage\":\"hu\",\"potentialAction\":[{\"@type\":\"ReadAction\",\"target\":[\"https:\\\/\\\/stuttgarti-katolikusok.de\\\/index.php\\\/szuz-maria-isten-anyja-unnepe\\\/\"]}]},{\"@type\":\"ImageObject\",\"inLanguage\":\"hu\",\"@id\":\"https:\\\/\\\/stuttgarti-katolikusok.de\\\/index.php\\\/szuz-maria-isten-anyja-unnepe\\\/#primaryimage\",\"url\":\"https:\\\/\\\/stuttgarti-katolikusok.de\\\/wp-content\\\/uploads\\\/2022\\\/12\\\/crib-1934818-640.jpg\",\"contentUrl\":\"https:\\\/\\\/stuttgarti-katolikusok.de\\\/wp-content\\\/uploads\\\/2022\\\/12\\\/crib-1934818-640.jpg\",\"width\":640,\"height\":473},{\"@type\":\"BreadcrumbList\",\"@id\":\"https:\\\/\\\/stuttgarti-katolikusok.de\\\/index.php\\\/szuz-maria-isten-anyja-unnepe\\\/#breadcrumb\",\"itemListElement\":[{\"@type\":\"ListItem\",\"position\":1,\"name\":\"Kezd\u0151lap\",\"item\":\"https:\\\/\\\/stuttgarti-katolikusok.de\\\/\"},{\"@type\":\"ListItem\",\"position\":2,\"name\":\"Sz\u0171z M\u00e1ria, Isten anyja \u00fcnnepe\"}]},{\"@type\":\"WebSite\",\"@id\":\"https:\\\/\\\/stuttgarti-katolikusok.de\\\/#website\",\"url\":\"https:\\\/\\\/stuttgarti-katolikusok.de\\\/\",\"name\":\"Stuttgarti Katolikusok\",\"description\":\"\",\"potentialAction\":[{\"@type\":\"SearchAction\",\"target\":{\"@type\":\"EntryPoint\",\"urlTemplate\":\"https:\\\/\\\/stuttgarti-katolikusok.de\\\/?s={search_term_string}\"},\"query-input\":{\"@type\":\"PropertyValueSpecification\",\"valueRequired\":true,\"valueName\":\"search_term_string\"}}],\"inLanguage\":\"hu\"},{\"@type\":\"Person\",\"@id\":\"https:\\\/\\\/stuttgarti-katolikusok.de\\\/#\\\/schema\\\/person\\\/75908d6f8fdc03a57889d27209df7795\",\"name\":\"Tibor atya\",\"image\":{\"@type\":\"ImageObject\",\"inLanguage\":\"hu\",\"@id\":\"https:\\\/\\\/secure.gravatar.com\\\/avatar\\\/61d268e57d1f4525b111222e29d2d5a7f8c420fdbf231ba5566a8ceac74fa960?s=96&d=mm&r=g\",\"url\":\"https:\\\/\\\/secure.gravatar.com\\\/avatar\\\/61d268e57d1f4525b111222e29d2d5a7f8c420fdbf231ba5566a8ceac74fa960?s=96&d=mm&r=g\",\"contentUrl\":\"https:\\\/\\\/secure.gravatar.com\\\/avatar\\\/61d268e57d1f4525b111222e29d2d5a7f8c420fdbf231ba5566a8ceac74fa960?s=96&d=mm&r=g\",\"caption\":\"Tibor atya\"},\"url\":\"https:\\\/\\\/stuttgarti-katolikusok.de\\\/index.php\\\/author\\\/tibor-atya\\\/\"}]}<\/script>\n<!-- \/ Yoast SEO plugin. -->","yoast_head_json":{"title":"Sz\u0171z M\u00e1ria, Isten anyja \u00fcnnepe - Stuttgarti Katolikusok","robots":{"index":"index","follow":"follow","max-snippet":"max-snippet:-1","max-image-preview":"max-image-preview:large","max-video-preview":"max-video-preview:-1"},"canonical":"https:\/\/stuttgarti-katolikusok.de\/index.php\/szuz-maria-isten-anyja-unnepe\/","og_locale":"hu_HU","og_type":"article","og_title":"Sz\u0171z M\u00e1ria, Isten anyja \u00fcnnepe - Stuttgarti Katolikusok","og_description":"OLVASM\u00c1NY M\u00f3zes negyedik k\u00f6nyv\u00e9b\u0151l H\u00edvj\u00e1k le Izrael, fiaira a nevemet, \u00e9s \u00e9n meg\u00e1ldom \u0151ket. \u00cdgy sz\u00f3lt az \u00dar M\u00f3zeshez: \u201eMondd meg \u00c1ron f\u0151papnak \u00e9s fiainak, a papoknak: \u00cdgy \u00e1ldj\u00e1tok meg Izrael fiait, ezekkel a szavakkal: \u00c1ldjon meg az \u00dar \u00e9s oltalmazzon! Ragyogtassa r\u00e1d arc\u00e1t az \u00dar, s legyen hozz\u00e1d j\u00f3s\u00e1gos! Ford\u00edtsa fel\u00e9d arc\u00e1t az \u00dar, \u00e9s szerezzen neked \u00fcdv\u00f6ss\u00e9get! H\u00edvj\u00e1k le Izrael fiaira a nevemet, \u00e9s \u00e9n meg\u00e1ldom \u0151ket.\u201d Ez az Isten ig\u00e9je. Sz\u00e1m 6,22-27 V\u00c1LASZOS ZSOLT\u00c1R V\u00e1lasz:\u00a0K\u00f6ny\u00f6r\u00fclj\u00f6n rajtunk az Isten, * \u00e9s \u00e1ldjon meg minket.\u00a05. t\u00f3nus. El\u0151\u00e9nekes: K\u00f6ny\u00f6r\u00fclj\u00f6n rajtunk az Isten, \u00e9s \u00e1ldjon meg minket,* ragyogtassa fel arc\u00e1t f\u00f6l\u00f6tt\u00fcnk, hogy megismerj\u00e9k a f\u00f6ld\u00f6n utadat, * \u00e9s \u00fcdv\u00f6ss\u00e9gedet az \u00f6sszes nemzetek. H\u00edvek: K\u00f6ny\u00f6r\u00fclj\u00f6n rajtunk az Isten, * \u00e9s \u00e1ldjon meg minket. E: \u00d6rvendjenek \u00e9s ujjongjanak a nemzetek, \u2020 mert igazs\u00e1gosan \u00edt\u00e9led a n\u00e9peket, * \u00e9s te vez\u00e9rled \u0151ket a f\u00f6ld\u00f6n. H: K\u00f6ny\u00f6r\u00fclj\u00f6n rajtunk az Isten, * \u00e9s \u00e1ldjon meg minket. E: Magasztaljanak t\u00e9ged a n\u00e9pek, Isten\u00fcnk, * dics\u0151\u00edtsenek az \u00f6sszes nemzetek. \u00c1ldjon meg minket az Isten, * f\u00e9lve tisztelje \u0151t a f\u00f6ld minden hat\u00e1ra. H: K\u00f6ny\u00f6r\u00fclj\u00f6n rajtunk az Isten * \u00e9s \u00e1ldjon meg minket. Zsolt 66,2-3.5.6 \u00e9s 8 SZENTLECKE Szent P\u00e1l apostolnak a galat\u00e1khoz \u00edrt level\u00e9b\u0151l Isten elk\u00fcldte Fi\u00e1t, aki asszonyt\u00f3l sz\u00fcletett. Testv\u00e9reim! Amikor el\u00e9rkezett az id\u0151k teljess\u00e9ge, Isten elk\u00fcldte Fi\u00e1t, aki asszonyt\u00f3l sz\u00fcletett, al\u00e1vetette mag\u00e1t a m\u00f3zesi t\u00f6rv\u00e9nynek, hogy felszabad\u00edtson minket a t\u00f6rv\u00e9ny szolgas\u00e1g\u00e1b\u00f3l, \u00e9s a fogadott fi\u00fas\u00e1got elnyerj\u00fck. Mivel pedig Isten fiai vagyunk, Isten sz\u00edv\u00fcnkbe elk\u00fcldte Fi\u00e1nak Lelk\u00e9t, aki ezt ki\u00e1ltja: \u201eAbba! Aty\u00e1m!\u201d Nem vagy teh\u00e1t t\u00f6bb\u00e9 szolga, hanem fi\u00fa, \u00e9s ha fi\u00fa, akkor Isten kegyelm\u00e9b\u0151l \u00f6r\u00f6k\u00f6s is. Ez az Isten ig\u00e9je. Gal 4,4-7 ALLELUJA Sok \u00edzben sz\u00f3lt pr\u00f3f\u00e9t\u00e1i \u00e1ltal az \u0151saty\u00e1khoz egykor az Isten: * v\u00e9g\u00fcl a beteljesed\u00e9s napjaiban Fia \u00e1ltal sz\u00f3lt hozz\u00e1nk. Zsid 1,1-2 \u2013 6. t\u00f3nus. \u2020 EVANG\u00c9LIUM Szent Luk\u00e1cs k\u00f6nyv\u00e9b\u0151l Megtal\u00e1lt\u00e1k M\u00e1ri\u00e1t, J\u00f3zsefet \u00e9s... R\u00e9szletek","og_url":"https:\/\/stuttgarti-katolikusok.de\/index.php\/szuz-maria-isten-anyja-unnepe\/","og_site_name":"Stuttgarti Katolikusok","article_published_time":"2023-01-01T12:25:01+00:00","article_modified_time":"2023-01-05T12:28:04+00:00","og_image":[{"width":640,"height":473,"url":"https:\/\/stuttgarti-katolikusok.de\/wp-content\/uploads\/2022\/12\/crib-1934818-640.jpg","type":"image\/jpeg"}],"author":"Tibor atya","twitter_card":"summary_large_image","twitter_misc":{"Szerz\u0151:":"Tibor atya","Becs\u00fclt olvas\u00e1si id\u0151":"4 perc"},"schema":{"@context":"https:\/\/schema.org","@graph":[{"@type":"Article","@id":"https:\/\/stuttgarti-katolikusok.de\/index.php\/szuz-maria-isten-anyja-unnepe\/#article","isPartOf":{"@id":"https:\/\/stuttgarti-katolikusok.de\/index.php\/szuz-maria-isten-anyja-unnepe\/"},"author":{"name":"Tibor atya","@id":"https:\/\/stuttgarti-katolikusok.de\/#\/schema\/person\/75908d6f8fdc03a57889d27209df7795"},"headline":"Sz\u0171z M\u00e1ria, Isten anyja \u00fcnnepe","datePublished":"2023-01-01T12:25:01+00:00","dateModified":"2023-01-05T12:28:04+00:00","mainEntityOfPage":{"@id":"https:\/\/stuttgarti-katolikusok.de\/index.php\/szuz-maria-isten-anyja-unnepe\/"},"wordCount":853,"image":{"@id":"https:\/\/stuttgarti-katolikusok.de\/index.php\/szuz-maria-isten-anyja-unnepe\/#primaryimage"},"thumbnailUrl":"https:\/\/stuttgarti-katolikusok.de\/wp-content\/uploads\/2022\/12\/crib-1934818-640.jpg","articleSection":["Vas\u00e1rnapi gondolatok"],"inLanguage":"hu"},{"@type":"WebPage","@id":"https:\/\/stuttgarti-katolikusok.de\/index.php\/szuz-maria-isten-anyja-unnepe\/","url":"https:\/\/stuttgarti-katolikusok.de\/index.php\/szuz-maria-isten-anyja-unnepe\/","name":"Sz\u0171z M\u00e1ria, Isten anyja \u00fcnnepe - Stuttgarti Katolikusok","isPartOf":{"@id":"https:\/\/stuttgarti-katolikusok.de\/#website"},"primaryImageOfPage":{"@id":"https:\/\/stuttgarti-katolikusok.de\/index.php\/szuz-maria-isten-anyja-unnepe\/#primaryimage"},"image":{"@id":"https:\/\/stuttgarti-katolikusok.de\/index.php\/szuz-maria-isten-anyja-unnepe\/#primaryimage"},"thumbnailUrl":"https:\/\/stuttgarti-katolikusok.de\/wp-content\/uploads\/2022\/12\/crib-1934818-640.jpg","datePublished":"2023-01-01T12:25:01+00:00","dateModified":"2023-01-05T12:28:04+00:00","author":{"@id":"https:\/\/stuttgarti-katolikusok.de\/#\/schema\/person\/75908d6f8fdc03a57889d27209df7795"},"breadcrumb":{"@id":"https:\/\/stuttgarti-katolikusok.de\/index.php\/szuz-maria-isten-anyja-unnepe\/#breadcrumb"},"inLanguage":"hu","potentialAction":[{"@type":"ReadAction","target":["https:\/\/stuttgarti-katolikusok.de\/index.php\/szuz-maria-isten-anyja-unnepe\/"]}]},{"@type":"ImageObject","inLanguage":"hu","@id":"https:\/\/stuttgarti-katolikusok.de\/index.php\/szuz-maria-isten-anyja-unnepe\/#primaryimage","url":"https:\/\/stuttgarti-katolikusok.de\/wp-content\/uploads\/2022\/12\/crib-1934818-640.jpg","contentUrl":"https:\/\/stuttgarti-katolikusok.de\/wp-content\/uploads\/2022\/12\/crib-1934818-640.jpg","width":640,"height":473},{"@type":"BreadcrumbList","@id":"https:\/\/stuttgarti-katolikusok.de\/index.php\/szuz-maria-isten-anyja-unnepe\/#breadcrumb","itemListElement":[{"@type":"ListItem","position":1,"name":"Kezd\u0151lap","item":"https:\/\/stuttgarti-katolikusok.de\/"},{"@type":"ListItem","position":2,"name":"Sz\u0171z M\u00e1ria, Isten anyja \u00fcnnepe"}]},{"@type":"WebSite","@id":"https:\/\/stuttgarti-katolikusok.de\/#website","url":"https:\/\/stuttgarti-katolikusok.de\/","name":"Stuttgarti Katolikusok","description":"","potentialAction":[{"@type":"SearchAction","target":{"@type":"EntryPoint","urlTemplate":"https:\/\/stuttgarti-katolikusok.de\/?s={search_term_string}"},"query-input":{"@type":"PropertyValueSpecification","valueRequired":true,"valueName":"search_term_string"}}],"inLanguage":"hu"},{"@type":"Person","@id":"https:\/\/stuttgarti-katolikusok.de\/#\/schema\/person\/75908d6f8fdc03a57889d27209df7795","name":"Tibor atya","image":{"@type":"ImageObject","inLanguage":"hu","@id":"https:\/\/secure.gravatar.com\/avatar\/61d268e57d1f4525b111222e29d2d5a7f8c420fdbf231ba5566a8ceac74fa960?s=96&d=mm&r=g","url":"https:\/\/secure.gravatar.com\/avatar\/61d268e57d1f4525b111222e29d2d5a7f8c420fdbf231ba5566a8ceac74fa960?s=96&d=mm&r=g","contentUrl":"https:\/\/secure.gravatar.com\/avatar\/61d268e57d1f4525b111222e29d2d5a7f8c420fdbf231ba5566a8ceac74fa960?s=96&d=mm&r=g","caption":"Tibor atya"},"url":"https:\/\/stuttgarti-katolikusok.de\/index.php\/author\/tibor-atya\/"}]}},"_links":{"self":[{"href":"https:\/\/stuttgarti-katolikusok.de\/index.php\/wp-json\/wp\/v2\/posts\/24262","targetHints":{"allow":["GET"]}}],"collection":[{"href":"https:\/\/stuttgarti-katolikusok.de\/index.php\/wp-json\/wp\/v2\/posts"}],"about":[{"href":"https:\/\/stuttgarti-katolikusok.de\/index.php\/wp-json\/wp\/v2\/types\/post"}],"author":[{"embeddable":true,"href":"https:\/\/stuttgarti-katolikusok.de\/index.php\/wp-json\/wp\/v2\/users\/3"}],"replies":[{"embeddable":true,"href":"https:\/\/stuttgarti-katolikusok.de\/index.php\/wp-json\/wp\/v2\/comments?post=24262"}],"version-history":[{"count":1,"href":"https:\/\/stuttgarti-katolikusok.de\/index.php\/wp-json\/wp\/v2\/posts\/24262\/revisions"}],"predecessor-version":[{"id":24263,"href":"https:\/\/stuttgarti-katolikusok.de\/index.php\/wp-json\/wp\/v2\/posts\/24262\/revisions\/24263"}],"wp:featuredmedia":[{"embeddable":true,"href":"https:\/\/stuttgarti-katolikusok.de\/index.php\/wp-json\/wp\/v2\/media\/24164"}],"wp:attachment":[{"href":"https:\/\/stuttgarti-katolikusok.de\/index.php\/wp-json\/wp\/v2\/media?parent=24262"}],"wp:term":[{"taxonomy":"category","embeddable":true,"href":"https:\/\/stuttgarti-katolikusok.de\/index.php\/wp-json\/wp\/v2\/categories?post=24262"},{"taxonomy":"post_tag","embeddable":true,"href":"https:\/\/stuttgarti-katolikusok.de\/index.php\/wp-json\/wp\/v2\/tags?post=24262"}],"curies":[{"name":"wp","href":"https:\/\/api.w.org\/{rel}","templated":true}]}}