{"id":24260,"date":"2022-12-29T13:19:31","date_gmt":"2022-12-29T12:19:31","guid":{"rendered":"https:\/\/stuttgarti-katolikusok.de\/?p=24260"},"modified":"2023-01-05T13:23:19","modified_gmt":"2023-01-05T12:23:19","slug":"a-szent-csalad-jezus-maria-es-jozsef","status":"publish","type":"post","link":"https:\/\/stuttgarti-katolikusok.de\/index.php\/a-szent-csalad-jezus-maria-es-jozsef\/","title":{"rendered":"A Szent Csal\u00e1d: J\u00e9zus, M\u00e1ria \u00e9s J\u00f3zsef\u00a0"},"content":{"rendered":"<p><span style=\"color: #ff6600;\">Kezd\u0151\u00e9nek:<\/span><br \/>\nA p\u00e1sztorok gyorsan \u00fatra keltek \u00e9s megtal\u00e1lt\u00e1k M\u00e1ri\u00e1t, J\u00f3zsefet \u00e9s a j\u00e1szolban fekv\u0151 Gyermeket. (Lk 2,16)<\/p>\n<p><span style=\"color: #ff6600;\">K\u00f6ny\u00f6rg\u00e9s:<\/span><br \/>\nIsten\u00fcnk, te ragyog\u00f3 p\u00e9ldak\u00e9pnek \u00e1ll\u00edtod el\u00e9nk a Szent Csal\u00e1dot. Seg\u00edts, hogy nyomukban j\u00e1rjunk: gyakoroljuk a csal\u00e1di \u00e9let er\u00e9nyeit, mindig egyek maradjunk a szeretetben, \u00e9s \u00edgy atyai h\u00e1zadban \u00f6rvendezz\u00fcnk \u00f6r\u00f6k jutalmadnak. A mi Urunk, J\u00e9zus Krisztus, a te Fiad \u00e1ltal, aki veled \u00e9l \u00e9s uralkodik a Szentl\u00e9lekkel egys\u00e9gben, Isten mind\u00f6r\u00f6kk\u00f6n \u00f6r\u00f6kk\u00e9.<\/p>\n<p align=\"justify\"><em>Amennyiben nem vas\u00e1rnap \u00fcnneplik csak egy olvasm\u00e1nyt kell venni az evang\u00e9lium el\u0151tt.<\/em><br \/>\n<span style=\"color: #ff6600;\">OLVASM\u00c1NY Sir\u00e1k fia k\u00f6nyv\u00e9b\u0151l<\/span><br \/>\n<em>Aki f\u00e9li az Urat, tiszteli sz\u00fcleit.<\/em><br \/>\nIsten tekint\u00e9lyt adott az ap\u00e1nak a gyermekek el\u0151tt, \u00e9s megszabta az anya jog\u00e1t a gyermekekkel szemben. Aki tiszteli apj\u00e1t, b\u0171neit engeszteli, megszabadul t\u0151l\u00fck, \u00e9s mindennapi im\u00e1ja meghallgat\u00e1sra tal\u00e1l. Kincset gy\u0171jt mag\u00e1nak, aki megbecs\u00fcli anyj\u00e1t, aki pedig tiszteli apj\u00e1t, \u00f6r\u00f6m\u00e9t leli gyermekeiben, s amikor im\u00e1dkozik, meghallgat\u00e1sra tal\u00e1l. Aki becs\u00fcli apj\u00e1t, hossz\u00fa \u00e9let\u0171 lesz, s aki sz\u00f3t fogad apj\u00e1nak, fel\u00fcd\u00edti anyj\u00e1t.<br \/>\nFiam! Legyen gondod ap\u00e1dra \u00f6regs\u00e9g\u00e9ben, \u00e9s ne keser\u00edtsd \u0151t \u00e9let\u00e9ben. Ha meg is fogyatkozik erej\u00e9ben, l\u00e9gy eln\u00e9z\u0151 ir\u00e1nta, \u00e9s ne vesd meg \u00e9let\u00e9nek egy napj\u00e1n se. Ap\u00e1d ir\u00e1nt tan\u00fas\u00edtott j\u00f3 cselekedeted nem megy feled\u00e9sbe, \u00e9s elsz\u00e1molj\u00e1k neked b\u0171neid\u00e9rt. A j\u00f3tett fej\u00e9ben majd gyarapodni fogsz.<br \/>\nEz az Isten ig\u00e9je.<br \/>\n<strong>Sir 3,3-7.14-17a (gr. 2-6.12-14)<\/strong><\/p>\n<p><span style=\"color: #ff6600;\">V\u00c1LASZOS ZSOLT\u00c1R<\/span><br \/>\nV\u00e1lasz:\u00a0<strong>Boldog ember, ki f\u00e9li az Urat, * aki az \u00darnak \u00f6sv\u00e9ny\u00e9n halad.<\/strong>\u00a06. t\u00f3nus.<br \/>\nEl\u0151\u00e9nekes: Boldog mindaz, ki f\u00e9li az Urat, * aki az \u0151 \u00fatjain j\u00e1r.<br \/>\nKezed munk\u00e1j\u00e1b\u00f3l \u00e9lhetsz, * boldog leszel, \u00e9s j\u00f3l megy sorod.<br \/>\nH\u00edvek: Boldog ember, ki f\u00e9li az Urat, * aki az \u00darnak \u00f6sv\u00e9ny\u00e9n halad.<br \/>\nE: Feles\u00e9ged olyan, mint a term\u0151 sz\u0151l\u0151t\u0151, * a te h\u00e1zad bensej\u00e9ben.<br \/>\nFiaid olyanok, mint az olajfacsemet\u00e9k, * \u00fagy veszik k\u00f6r\u00fcl asztalodat.<br \/>\nH: Boldog ember, ki f\u00e9li az Urat, * aki az \u00darnak \u00f6sv\u00e9ny\u00e9n halad.<br \/>\nE: \u00cdme, ilyen \u00e1ld\u00e1sban r\u00e9szes\u00fcl az az ember, * aki f\u00e9li az Urat.<br \/>\n\u00c1ldjon meg az \u00dar Sionb\u00f3l, * hogy l\u00e1sd Jeruzs\u00e1lem j\u00f3l\u00e9t\u00e9t \u00e9leted minden napj\u00e1n.<br \/>\nH: Boldog ember, ki f\u00e9li az Urat, * aki az \u00darnak \u00f6sv\u00e9ny\u00e9n halad.<br \/>\n<span style=\"color: #ff6600;\"><strong>Zsolt 127,1-2.3.4-5<\/strong><\/span><\/p>\n<p><span style=\"color: #ff6600;\">SZENTLECKE Szent P\u00e1l apostolnak a kolosszeiekhez \u00edrt level\u00e9b\u0151l<\/span><br \/>\n<em>A csal\u00e1d \u00e9lete az \u00darban.<\/em><br \/>\nTestv\u00e9reim!<br \/>\nMint Istennek szent \u00e9s kedves v\u00e1lasztottai, \u00f6lts\u00e9tek magatokra az irgalmass\u00e1got, a j\u00f3s\u00e1got, a szel\u00edds\u00e9get \u00e9s a t\u00fcrelmet. Viselj\u00e9tek el egym\u00e1st, \u00e9s bocs\u00e1ssatok meg egym\u00e1snak, ha valakinek panasza van a m\u00e1sik ellen. Bocs\u00e1ssatok meg ti is \u00fagy, ahogyan az \u00dar megbocs\u00e1tott nektek. Legf\u0151k\u00e9nt pedig szeress\u00e9tek egym\u00e1st, mert ez a t\u00f6k\u00e9letess\u00e9g k\u00f6tel\u00e9ke.<br \/>\nKrisztus b\u00e9k\u00e9je t\u00f6ltse be sz\u00edveteket, hiszen erre kaptatok megh\u00edv\u00e1st az egy test k\u00f6z\u00f6ss\u00e9g\u00e9ben. Legyetek h\u00e1l\u00e1sak! Krisztus ig\u00e9je \u00e9ljen bennetek gazdagon! Tan\u00edts\u00e1tok \u00e9s ints\u00e9tek egym\u00e1st telve b\u00f6lcsess\u00e9ggel! \u00c9nekeljetek Istennek h\u00e1l\u00e1s sz\u00edvvel zsolt\u00e1rokat, himnuszokat \u00e9s szent \u00e9nekeket!<br \/>\nB\u00e1rmit mondtok vagy tesztek, mindent az \u00dar J\u00e9zus nev\u00e9ben tegyetek! \u00cdgy adjatok h\u00e1l\u00e1t \u00e1ltala az Atyaistennek!<br \/>\nAsszonyok! Engedelmeskedjetek f\u00e9rjeteknek, ahogy illik az \u00darban! F\u00e9rfiak! Szeress\u00e9tek feles\u00e9geteket, ne legyetek hozz\u00e1juk durv\u00e1k! Gyermekek! Fogadjatok sz\u00f3t sz\u00fcleiteknek mindenben, mert ez kedves az \u00dar el\u0151tt!<br \/>\nAp\u00e1k! Ne keser\u00edts\u00e9tek meg gyermekeitek \u00e9let\u00e9t, hogy kedv\u00fcket ne vesz\u00edts\u00e9k!<br \/>\nEz az Isten ig\u00e9je.<br \/>\n<strong>Kol 3,12-21<\/strong><\/p>\n<p align=\"justify\"><span style=\"color: #ff6600;\">ALLELUJA<\/span><br \/>\nSz\u00edvetekben uralkodj\u00e9k Krisztus\u00a0<u>b\u00e9<\/u>k\u00e9je, * Krisztus tan\u00edt\u00e1sa t\u00f6lts\u00f6n el\u00a0<u>ti<\/u>teket gazdagon. Kol 3,15a \u00e9s 16a \u2013 5. t\u00f3nus.<\/p>\n<p><span style=\"color: #ff6600;\">\u2020 EVANG\u00c9LIUM Szent M\u00e1t\u00e9 k\u00f6nyv\u00e9b\u0151l<\/span><br \/>\n<em>Vedd a gyermeket \u00e9s anyj\u00e1t \u00e9s menek\u00fclj Egyiptomba!<\/em><br \/>\nMiut\u00e1n a b\u00f6lcsek elt\u00e1voztak, \u00edme, az \u00dar angyala megjelent J\u00f3zsefnek \u00e1lm\u00e1ban, \u00e9s \u00edgy sz\u00f3lt: \u201eKelj fel, vedd a gyermeket \u00e9s anyj\u00e1t, \u00e9s menek\u00fclj Egyiptomba! Maradj ott, m\u00edg nem sz\u00f3lok neked! Her\u00f3des ugyanis arra k\u00e9sz\u00fcl, hogy megkeresi \u00e9s meg\u00f6li a gyermeket.\u201d J\u00f3zsef f\u00f6lkelt, fogta a gyermeket \u00e9s anyj\u00e1t, \u00e9s m\u00e9g azon \u00e9jjel elment Egyiptomba. Ott maradt Her\u00f3des hal\u00e1l\u00e1ig, hogy beteljesedj\u00e9k, amit az \u00dar a pr\u00f3f\u00e9ta \u00e1ltal mondott:<br \/>\nEgyiptomb\u00f3l h\u00edvtam az \u00e9n fiamat.<br \/>\nAmikor Her\u00f3des meghalt, \u00edme, az \u00dar angyala megjelent J\u00f3zsefnek \u00e1lm\u00e1ban, \u00e9s \u00edgy sz\u00f3lt: \u201eKelj fel, vedd a gyermeket \u00e9s anyj\u00e1t, \u00e9s menj Izrael f\u00f6ldj\u00e9re, mert meghaltak m\u00e1r, akik a gyermek \u00e9let\u00e9re t\u00f6rtek!\u201d J\u00f3zsef f\u00f6lkelt, fogta a gyermeket \u00e9s anyj\u00e1t, \u00e9s visszat\u00e9rt Izrael f\u00f6ldj\u00e9re. De amikor meghallotta, hogy Jude\u00e1ban Arkelausz uralkodik apja, Her\u00f3des ut\u00e1n, f\u00e9lt odamenni. Ez\u00e9rt az \u00e1lm\u00e1ban kapott utas\u00edt\u00e1st k\u00f6vetve Galilea vid\u00e9k\u00e9re ment. Oda\u00e9rve egy N\u00e1z\u00e1ret nev\u0171 v\u00e1rosban telepedett le, hogy beteljesedj\u00e9k, amit a pr\u00f3f\u00e9t\u00e1k mondtak: \u201eN\u00e1z\u00e1retinek fogj\u00e1k h\u00edvni\u201d.<br \/>\nEzek az evang\u00e9lium ig\u00e9i.<br \/>\n<strong>Mt 2,12-15.19-23<\/strong><\/p>\n<p><span style=\"color: #ff6600;\">EGYETEMES K\u00d6NY\u00d6RG\u00c9SEK<\/span><br \/>\nPap: K\u00e9rj\u00fck, testv\u00e9reim, a mennyei Aty\u00e1t, hogy a Szent Csal\u00e1d legyen p\u00e9ld\u00e1ja a kereszt\u00e9ny csal\u00e1doknak.<br \/>\nLektor:<br \/>\n1. Add, Urunk, hogy a kereszt\u00e9ny csal\u00e1dok \u00e1ltal n\u00f6vekedj\u00e9k Egyh\u00e1zunk!<br \/>\nH\u00edvek: K\u00e9r\u00fcnk T\u00e9ged, hallgass meg minket!<br \/>\n2. Add, Urunk, hogy a b\u00e9k\u00e9s csal\u00e1di \u00e9let \u00e1ltal er\u0151s\u00f6dj\u00e9k a nemzet \u00e9s a t\u00e1rsadalom!<br \/>\nH\u00edvek: K\u00e9r\u00fcnk T\u00e9ged, hallgass meg minket!<br \/>\n3. Add, Urunk, hogy a h\u00e1zast\u00e1rsak \u2013 esk\u00fcj\u00fckh\u00f6z h\u00edven \u2013 h\u0171s\u00e9gesek legyenek egym\u00e1shoz a s\u00edrig!<br \/>\nH\u00edvek: K\u00e9r\u00fcnk T\u00e9ged, hallgass meg minket!<br \/>\n4. Add, Urunk, hogy a gyermekek n\u00f6vekedjenek b\u00f6lcsess\u00e9gben \u00e9s kedvess\u00e9gben Isten \u00e9s az emberek el\u0151tt!<br \/>\nH\u00edvek: K\u00e9r\u00fcnk T\u00e9ged, hallgass meg minket!<br \/>\n5. Add, Urunk, hogy elhunyt hozz\u00e1tartoz\u00f3ink elnyerj\u00e9k szeretet\u00fck jutalm\u00e1t: az \u00f6r\u00f6k boldogs\u00e1got!<br \/>\nH\u00edvek: K\u00e9r\u00fcnk T\u00e9ged, hallgass meg minket!<br \/>\nPap: Mindenhat\u00f3, \u00f6r\u00f6k Isten, Te p\u00e9ldak\u00e9p\u00fcl adtad nek\u00fcnk a Szent Csal\u00e1dot, amelyben isteni Fiad f\u00f6ldi \u00e9let\u00e9t t\u00f6lt\u00f6tte. Add, hogy a csal\u00e1di \u00e9let szent legyen, \u00e9s \u00edgy elnyerhess\u00fck a f\u00f6ldi \u00e9s az \u00f6r\u00f6k boldogs\u00e1got. Krisztus, a mi Urunk \u00e1ltal.<br \/>\nH\u00edvek: \u00c1men.<\/p>\n<p><span style=\"color: #ff6600;\">Felaj\u00e1nl\u00f3 k\u00f6ny\u00f6rg\u00e9s:<\/span><br \/>\nUrunk, Isten\u00fcnk, felaj\u00e1nljuk neked engesztel\u0151 \u00e1ldozatunkat. K\u00f6ny\u00f6r\u00f6gve k\u00e9r\u00fcnk, hogy Isten Sz\u0171z Anyj\u00e1nak \u00e9s Szent J\u00f3zsefnek k\u00f6zbenj\u00e1r\u00e1s\u00e1ra er\u0151s\u00edtsd meg csal\u00e1djainkat kegyelmedben \u00e9s b\u00e9k\u00e9dben. Krisztus, a mi Urunk \u00e1ltal.<\/p>\n<p>Pref\u00e1ci\u00f3:<br \/>\n<em><span style=\"color: #ff6600;\">KAR\u00c1CSONYI II. PREF\u00c1CI\u00d3<\/span><br \/>\nA vil\u00e1g helyre\u00e1ll\u00edt\u00e1sa a megtestes\u00fcl\u00e9sben<br \/>\nA k\u00f6vetkez\u0151 pref\u00e1ci\u00f3t Urunk sz\u00fclet\u00e9se (kar\u00e1csony) f\u0151\u00fcnnep\u00e9nek \u00e9s nyolcad\u00e1nak mis\u00e9in mondjuk; Urunk sz\u00fclet\u00e9s\u00e9nek nyolcad\u00e1ban azokban a mis\u00e9kben is, amelyek k\u00fcl\u00f6nben saj\u00e1t pref\u00e1ci\u00f3juk lenne azon mis\u00e9k kiv\u00e9tel\u00e9vel, amelyek az isteni titkokr\u00f3l vagy szem\u00e9lyekr\u0151l sz\u00f3lnak; tov\u00e1bb\u00e1 a kar\u00e1csonyi id\u0151 k\u00f6znapjain.<\/em><\/p>\n<p>Az \u00dar legyen veletek.<br \/>\nH.: \u00c9s a te lelkeddel.<br \/>\nEmelj\u00fck f\u00f6l sz\u00edv\u00fcnket.<br \/>\nH.: F\u00f6lemelt\u00fck az \u00darhoz.<br \/>\nAdjunk h\u00e1l\u00e1t Urunknak, Isten\u00fcnknek.<br \/>\nH.: M\u00e9lt\u00f3 \u00e9s igazs\u00e1gos.<br \/>\n(Mert) Val\u00f3ban m\u00e9lt\u00f3 \u00e9s igazs\u00e1gos, ill\u0151 \u00e9s \u00fcdv\u00f6s, hogy mindig \u00e9s minden\u00fctt h\u00e1l\u00e1t adjunk n\u00e9ked, mi Urunk, szents\u00e9ges Aty\u00e1nk, mindenhat\u00f3, \u00f6r\u00f6k Isten: Krisztus, a mi Urunk \u00e1ltal.<br \/>\n(Mert) Vil\u00e1graj\u00f6tt\u00e9nek most \u00fcnnepelt szent titka r\u00e9v\u00e9n \u2013 l\u00e1that\u00f3an megjelent K\u00d6Zt\u00fcnk a l\u00e1thatatlan, \u00e9l\u0151 Isten. Az id\u0151 kezdete el\u0151tt sz\u00fcletett, m\u00e9gis id\u0151beli l\u00e9tez\u00e9st v\u00e1llalt: hogy \u00f6nmag\u00e1ban felemeljen mindent, ami veszni indult, \u00edgy helyre\u00e1ll\u00edtsa a vil\u00e1g rendj\u00e9t, \u2013 \u00e9s az elbukott EMbert ism\u00e9t a mennyek orsz\u00e1g\u00e1ba h\u00edvja.<br \/>\n(\u00c9s) Ez\u00e9rt mi is dics\u0151\u00edt\u00fcnk az \u00f6sszes angyalokkal egy\u00fctt, \u2013 vid\u00e1m l\u00e9lekkel \u00c9Nekl\u00fcnk, \u00e9s h\u00e1l\u00e1s sz\u00edvvel mondjuk: (zengj\u00fck:)<\/p>\n<p><span style=\"color: #ff6600;\">\u00c1ldoz\u00e1si \u00e9nek:<\/span><br \/>\nL\u00e1that\u00f3 alakban megjelent a f\u00f6ld\u00f6n Isten\u00fcnk, \u00e9s itt \u00e9lt az emberek k\u00f6z\u00f6tt. (B\u00e1r 3,38)<\/p>\n<p><span style=\"color: #ff6600;\">\u00c1ldoz\u00e1s ut\u00e1ni k\u00f6ny\u00f6rg\u00e9s:<\/span><br \/>\nJ\u00f3s\u00e1gos mennyei Aty\u00e1nk, te \u00e9gi eledellel t\u00e1pl\u00e1lsz minket. Seg\u00edts, hogy a Szent Csal\u00e1d p\u00e9ld\u00e1j\u00e1t mindenkor k\u00f6vess\u00fck, \u00e9s e f\u00f6ldi \u00e9let szenved\u00e9sei ut\u00e1n annak \u00f6r\u00f6k t\u00e1rsas\u00e1g\u00e1ba jussunk. Krisztus, a mi Urunk \u00e1ltal.<\/p>\n","protected":false},"excerpt":{"rendered":"<p>Kezd\u0151\u00e9nek: A p\u00e1sztorok gyorsan \u00fatra keltek \u00e9s megtal\u00e1lt\u00e1k M\u00e1ri\u00e1t, J\u00f3zsefet \u00e9s a j\u00e1szolban fekv\u0151 Gyermeket. (Lk 2,16) K\u00f6ny\u00f6rg\u00e9s: Isten\u00fcnk, te ragyog\u00f3 p\u00e9ldak\u00e9pnek \u00e1ll\u00edtod el\u00e9nk a Szent Csal\u00e1dot. Seg\u00edts, hogy nyomukban j\u00e1rjunk: gyakoroljuk a csal\u00e1di \u00e9let er\u00e9nyeit, mindig egyek maradjunk a szeretetben, \u00e9s \u00edgy atyai h\u00e1zadban \u00f6rvendezz\u00fcnk \u00f6r\u00f6k jutalmadnak. A mi Urunk, J\u00e9zus Krisztus, a te Fiad \u00e1ltal, aki veled \u00e9l \u00e9s uralkodik a Szentl\u00e9lekkel egys\u00e9gben, Isten mind\u00f6r\u00f6kk\u00f6n \u00f6r\u00f6kk\u00e9. Amennyiben nem vas\u00e1rnap \u00fcnneplik csak egy olvasm\u00e1nyt kell venni az evang\u00e9lium el\u0151tt. OLVASM\u00c1NY Sir\u00e1k fia k\u00f6nyv\u00e9b\u0151l Aki f\u00e9li az Urat, tiszteli sz\u00fcleit. Isten tekint\u00e9lyt adott az ap\u00e1nak a gyermekek el\u0151tt, \u00e9s megszabta az anya jog\u00e1t a gyermekekkel szemben. Aki tiszteli apj\u00e1t, b\u0171neit engeszteli, megszabadul t\u0151l\u00fck, \u00e9s mindennapi im\u00e1ja meghallgat\u00e1sra tal\u00e1l. Kincset gy\u0171jt mag\u00e1nak, aki megbecs\u00fcli anyj\u00e1t, aki pedig tiszteli apj\u00e1t, \u00f6r\u00f6m\u00e9t leli gyermekeiben, s amikor im\u00e1dkozik, meghallgat\u00e1sra tal\u00e1l. Aki becs\u00fcli apj\u00e1t, hossz\u00fa \u00e9let\u0171 lesz, s aki sz\u00f3t fogad apj\u00e1nak, fel\u00fcd\u00edti anyj\u00e1t. Fiam! Legyen gondod ap\u00e1dra \u00f6regs\u00e9g\u00e9ben, \u00e9s ne keser\u00edtsd \u0151t \u00e9let\u00e9ben. Ha meg is fogyatkozik erej\u00e9ben, l\u00e9gy eln\u00e9z\u0151 ir\u00e1nta, \u00e9s ne vesd meg \u00e9let\u00e9nek egy napj\u00e1n se. Ap\u00e1d ir\u00e1nt tan\u00fas\u00edtott j\u00f3 cselekedeted nem megy feled\u00e9sbe, \u00e9s elsz\u00e1molj\u00e1k neked b\u0171neid\u00e9rt. A j\u00f3tett fej\u00e9ben majd gyarapodni fogsz. Ez az Isten ig\u00e9je. Sir 3,3-7.14-17a (gr. 2-6.12-14) V\u00c1LASZOS ZSOLT\u00c1R V\u00e1lasz:\u00a0Boldog ember, ki f\u00e9li az Urat, * aki az \u00darnak \u00f6sv\u00e9ny\u00e9n halad.\u00a06. t\u00f3nus. El\u0151\u00e9nekes: Boldog mindaz, ki f\u00e9li az Urat, * aki az \u0151 \u00fatjain j\u00e1r. Kezed munk\u00e1j\u00e1b\u00f3l \u00e9lhetsz, * boldog leszel, \u00e9s j\u00f3l megy sorod. H\u00edvek: Boldog ember, ki f\u00e9li az Urat, * aki az \u00darnak \u00f6sv\u00e9ny\u00e9n halad. E: Feles\u00e9ged olyan, mint a term\u0151 sz\u0151l\u0151t\u0151, * a te h\u00e1zad bensej\u00e9ben. Fiaid olyanok, mint az olajfacsemet\u00e9k, * \u00fagy veszik k\u00f6r\u00fcl asztalodat. H: Boldog ember, ki f\u00e9li az Urat, * aki az \u00darnak \u00f6sv\u00e9ny\u00e9n halad. E: \u00cdme, ilyen \u00e1ld\u00e1sban r\u00e9szes\u00fcl az az ember, * aki f\u00e9li az Urat&#8230;. <\/p>\n<p><a class=\"readmore\" href=\"https:\/\/stuttgarti-katolikusok.de\/index.php\/a-szent-csalad-jezus-maria-es-jozsef\/\">R\u00e9szletek<\/a><\/p>\n","protected":false},"author":3,"featured_media":24211,"comment_status":"closed","ping_status":"closed","sticky":false,"template":"","format":"standard","meta":{"footnotes":""},"categories":[63],"tags":[],"class_list":["post-24260","post","type-post","status-publish","format-standard","has-post-thumbnail","hentry","category-vasarnapi-gondolatok"],"yoast_head":"<!-- This site is optimized with the Yoast SEO plugin v27.3 - https:\/\/yoast.com\/product\/yoast-seo-wordpress\/ -->\n<title>A Szent Csal\u00e1d: J\u00e9zus, M\u00e1ria \u00e9s J\u00f3zsef\u00a0 - Stuttgarti Katolikusok<\/title>\n<meta name=\"robots\" content=\"index, follow, max-snippet:-1, max-image-preview:large, max-video-preview:-1\" \/>\n<link rel=\"canonical\" href=\"https:\/\/stuttgarti-katolikusok.de\/index.php\/a-szent-csalad-jezus-maria-es-jozsef\/\" \/>\n<meta property=\"og:locale\" content=\"hu_HU\" \/>\n<meta property=\"og:type\" content=\"article\" \/>\n<meta property=\"og:title\" content=\"A Szent Csal\u00e1d: J\u00e9zus, M\u00e1ria \u00e9s J\u00f3zsef\u00a0 - Stuttgarti Katolikusok\" \/>\n<meta property=\"og:description\" content=\"Kezd\u0151\u00e9nek: A p\u00e1sztorok gyorsan \u00fatra keltek \u00e9s megtal\u00e1lt\u00e1k M\u00e1ri\u00e1t, J\u00f3zsefet \u00e9s a j\u00e1szolban fekv\u0151 Gyermeket. (Lk 2,16) K\u00f6ny\u00f6rg\u00e9s: Isten\u00fcnk, te ragyog\u00f3 p\u00e9ldak\u00e9pnek \u00e1ll\u00edtod el\u00e9nk a Szent Csal\u00e1dot. Seg\u00edts, hogy nyomukban j\u00e1rjunk: gyakoroljuk a csal\u00e1di \u00e9let er\u00e9nyeit, mindig egyek maradjunk a szeretetben, \u00e9s \u00edgy atyai h\u00e1zadban \u00f6rvendezz\u00fcnk \u00f6r\u00f6k jutalmadnak. A mi Urunk, J\u00e9zus Krisztus, a te Fiad \u00e1ltal, aki veled \u00e9l \u00e9s uralkodik a Szentl\u00e9lekkel egys\u00e9gben, Isten mind\u00f6r\u00f6kk\u00f6n \u00f6r\u00f6kk\u00e9. Amennyiben nem vas\u00e1rnap \u00fcnneplik csak egy olvasm\u00e1nyt kell venni az evang\u00e9lium el\u0151tt. OLVASM\u00c1NY Sir\u00e1k fia k\u00f6nyv\u00e9b\u0151l Aki f\u00e9li az Urat, tiszteli sz\u00fcleit. Isten tekint\u00e9lyt adott az ap\u00e1nak a gyermekek el\u0151tt, \u00e9s megszabta az anya jog\u00e1t a gyermekekkel szemben. Aki tiszteli apj\u00e1t, b\u0171neit engeszteli, megszabadul t\u0151l\u00fck, \u00e9s mindennapi im\u00e1ja meghallgat\u00e1sra tal\u00e1l. Kincset gy\u0171jt mag\u00e1nak, aki megbecs\u00fcli anyj\u00e1t, aki pedig tiszteli apj\u00e1t, \u00f6r\u00f6m\u00e9t leli gyermekeiben, s amikor im\u00e1dkozik, meghallgat\u00e1sra tal\u00e1l. Aki becs\u00fcli apj\u00e1t, hossz\u00fa \u00e9let\u0171 lesz, s aki sz\u00f3t fogad apj\u00e1nak, fel\u00fcd\u00edti anyj\u00e1t. Fiam! Legyen gondod ap\u00e1dra \u00f6regs\u00e9g\u00e9ben, \u00e9s ne keser\u00edtsd \u0151t \u00e9let\u00e9ben. Ha meg is fogyatkozik erej\u00e9ben, l\u00e9gy eln\u00e9z\u0151 ir\u00e1nta, \u00e9s ne vesd meg \u00e9let\u00e9nek egy napj\u00e1n se. Ap\u00e1d ir\u00e1nt tan\u00fas\u00edtott j\u00f3 cselekedeted nem megy feled\u00e9sbe, \u00e9s elsz\u00e1molj\u00e1k neked b\u0171neid\u00e9rt. A j\u00f3tett fej\u00e9ben majd gyarapodni fogsz. Ez az Isten ig\u00e9je. Sir 3,3-7.14-17a (gr. 2-6.12-14) V\u00c1LASZOS ZSOLT\u00c1R V\u00e1lasz:\u00a0Boldog ember, ki f\u00e9li az Urat, * aki az \u00darnak \u00f6sv\u00e9ny\u00e9n halad.\u00a06. t\u00f3nus. El\u0151\u00e9nekes: Boldog mindaz, ki f\u00e9li az Urat, * aki az \u0151 \u00fatjain j\u00e1r. Kezed munk\u00e1j\u00e1b\u00f3l \u00e9lhetsz, * boldog leszel, \u00e9s j\u00f3l megy sorod. H\u00edvek: Boldog ember, ki f\u00e9li az Urat, * aki az \u00darnak \u00f6sv\u00e9ny\u00e9n halad. E: Feles\u00e9ged olyan, mint a term\u0151 sz\u0151l\u0151t\u0151, * a te h\u00e1zad bensej\u00e9ben. Fiaid olyanok, mint az olajfacsemet\u00e9k, * \u00fagy veszik k\u00f6r\u00fcl asztalodat. H: Boldog ember, ki f\u00e9li az Urat, * aki az \u00darnak \u00f6sv\u00e9ny\u00e9n halad. E: \u00cdme, ilyen \u00e1ld\u00e1sban r\u00e9szes\u00fcl az az ember, * aki f\u00e9li az Urat.... R\u00e9szletek\" \/>\n<meta property=\"og:url\" content=\"https:\/\/stuttgarti-katolikusok.de\/index.php\/a-szent-csalad-jezus-maria-es-jozsef\/\" \/>\n<meta property=\"og:site_name\" content=\"Stuttgarti Katolikusok\" \/>\n<meta property=\"article:published_time\" content=\"2022-12-29T12:19:31+00:00\" \/>\n<meta property=\"article:modified_time\" content=\"2023-01-05T12:23:19+00:00\" \/>\n<meta property=\"og:image\" content=\"https:\/\/stuttgarti-katolikusok.de\/wp-content\/uploads\/2022\/12\/whatsapp-kep-2022-12-30-200234.jpg\" \/>\n\t<meta property=\"og:image:width\" content=\"2000\" \/>\n\t<meta property=\"og:image:height\" content=\"1125\" \/>\n\t<meta property=\"og:image:type\" content=\"image\/jpeg\" \/>\n<meta name=\"author\" content=\"Tibor atya\" \/>\n<meta name=\"twitter:card\" content=\"summary_large_image\" \/>\n<meta name=\"twitter:label1\" content=\"Szerz\u0151:\" \/>\n\t<meta name=\"twitter:data1\" content=\"Tibor atya\" \/>\n\t<meta name=\"twitter:label2\" content=\"Becs\u00fclt olvas\u00e1si id\u0151\" \/>\n\t<meta name=\"twitter:data2\" content=\"6 perc\" \/>\n<script type=\"application\/ld+json\" class=\"yoast-schema-graph\">{\"@context\":\"https:\\\/\\\/schema.org\",\"@graph\":[{\"@type\":\"Article\",\"@id\":\"https:\\\/\\\/stuttgarti-katolikusok.de\\\/index.php\\\/a-szent-csalad-jezus-maria-es-jozsef\\\/#article\",\"isPartOf\":{\"@id\":\"https:\\\/\\\/stuttgarti-katolikusok.de\\\/index.php\\\/a-szent-csalad-jezus-maria-es-jozsef\\\/\"},\"author\":{\"name\":\"Tibor atya\",\"@id\":\"https:\\\/\\\/stuttgarti-katolikusok.de\\\/#\\\/schema\\\/person\\\/75908d6f8fdc03a57889d27209df7795\"},\"headline\":\"A Szent Csal\u00e1d: J\u00e9zus, M\u00e1ria \u00e9s J\u00f3zsef\u00a0\",\"datePublished\":\"2022-12-29T12:19:31+00:00\",\"dateModified\":\"2023-01-05T12:23:19+00:00\",\"mainEntityOfPage\":{\"@id\":\"https:\\\/\\\/stuttgarti-katolikusok.de\\\/index.php\\\/a-szent-csalad-jezus-maria-es-jozsef\\\/\"},\"wordCount\":1587,\"image\":{\"@id\":\"https:\\\/\\\/stuttgarti-katolikusok.de\\\/index.php\\\/a-szent-csalad-jezus-maria-es-jozsef\\\/#primaryimage\"},\"thumbnailUrl\":\"https:\\\/\\\/stuttgarti-katolikusok.de\\\/wp-content\\\/uploads\\\/2022\\\/12\\\/whatsapp-kep-2022-12-30-200234.jpg\",\"articleSection\":[\"Vas\u00e1rnapi gondolatok\"],\"inLanguage\":\"hu\"},{\"@type\":\"WebPage\",\"@id\":\"https:\\\/\\\/stuttgarti-katolikusok.de\\\/index.php\\\/a-szent-csalad-jezus-maria-es-jozsef\\\/\",\"url\":\"https:\\\/\\\/stuttgarti-katolikusok.de\\\/index.php\\\/a-szent-csalad-jezus-maria-es-jozsef\\\/\",\"name\":\"A Szent Csal\u00e1d: J\u00e9zus, M\u00e1ria \u00e9s J\u00f3zsef\u00a0 - Stuttgarti Katolikusok\",\"isPartOf\":{\"@id\":\"https:\\\/\\\/stuttgarti-katolikusok.de\\\/#website\"},\"primaryImageOfPage\":{\"@id\":\"https:\\\/\\\/stuttgarti-katolikusok.de\\\/index.php\\\/a-szent-csalad-jezus-maria-es-jozsef\\\/#primaryimage\"},\"image\":{\"@id\":\"https:\\\/\\\/stuttgarti-katolikusok.de\\\/index.php\\\/a-szent-csalad-jezus-maria-es-jozsef\\\/#primaryimage\"},\"thumbnailUrl\":\"https:\\\/\\\/stuttgarti-katolikusok.de\\\/wp-content\\\/uploads\\\/2022\\\/12\\\/whatsapp-kep-2022-12-30-200234.jpg\",\"datePublished\":\"2022-12-29T12:19:31+00:00\",\"dateModified\":\"2023-01-05T12:23:19+00:00\",\"author\":{\"@id\":\"https:\\\/\\\/stuttgarti-katolikusok.de\\\/#\\\/schema\\\/person\\\/75908d6f8fdc03a57889d27209df7795\"},\"breadcrumb\":{\"@id\":\"https:\\\/\\\/stuttgarti-katolikusok.de\\\/index.php\\\/a-szent-csalad-jezus-maria-es-jozsef\\\/#breadcrumb\"},\"inLanguage\":\"hu\",\"potentialAction\":[{\"@type\":\"ReadAction\",\"target\":[\"https:\\\/\\\/stuttgarti-katolikusok.de\\\/index.php\\\/a-szent-csalad-jezus-maria-es-jozsef\\\/\"]}]},{\"@type\":\"ImageObject\",\"inLanguage\":\"hu\",\"@id\":\"https:\\\/\\\/stuttgarti-katolikusok.de\\\/index.php\\\/a-szent-csalad-jezus-maria-es-jozsef\\\/#primaryimage\",\"url\":\"https:\\\/\\\/stuttgarti-katolikusok.de\\\/wp-content\\\/uploads\\\/2022\\\/12\\\/whatsapp-kep-2022-12-30-200234.jpg\",\"contentUrl\":\"https:\\\/\\\/stuttgarti-katolikusok.de\\\/wp-content\\\/uploads\\\/2022\\\/12\\\/whatsapp-kep-2022-12-30-200234.jpg\",\"width\":2000,\"height\":1125},{\"@type\":\"BreadcrumbList\",\"@id\":\"https:\\\/\\\/stuttgarti-katolikusok.de\\\/index.php\\\/a-szent-csalad-jezus-maria-es-jozsef\\\/#breadcrumb\",\"itemListElement\":[{\"@type\":\"ListItem\",\"position\":1,\"name\":\"Kezd\u0151lap\",\"item\":\"https:\\\/\\\/stuttgarti-katolikusok.de\\\/\"},{\"@type\":\"ListItem\",\"position\":2,\"name\":\"A Szent Csal\u00e1d: J\u00e9zus, M\u00e1ria \u00e9s J\u00f3zsef\u00a0\"}]},{\"@type\":\"WebSite\",\"@id\":\"https:\\\/\\\/stuttgarti-katolikusok.de\\\/#website\",\"url\":\"https:\\\/\\\/stuttgarti-katolikusok.de\\\/\",\"name\":\"Stuttgarti Katolikusok\",\"description\":\"\",\"potentialAction\":[{\"@type\":\"SearchAction\",\"target\":{\"@type\":\"EntryPoint\",\"urlTemplate\":\"https:\\\/\\\/stuttgarti-katolikusok.de\\\/?s={search_term_string}\"},\"query-input\":{\"@type\":\"PropertyValueSpecification\",\"valueRequired\":true,\"valueName\":\"search_term_string\"}}],\"inLanguage\":\"hu\"},{\"@type\":\"Person\",\"@id\":\"https:\\\/\\\/stuttgarti-katolikusok.de\\\/#\\\/schema\\\/person\\\/75908d6f8fdc03a57889d27209df7795\",\"name\":\"Tibor atya\",\"image\":{\"@type\":\"ImageObject\",\"inLanguage\":\"hu\",\"@id\":\"https:\\\/\\\/secure.gravatar.com\\\/avatar\\\/61d268e57d1f4525b111222e29d2d5a7f8c420fdbf231ba5566a8ceac74fa960?s=96&d=mm&r=g\",\"url\":\"https:\\\/\\\/secure.gravatar.com\\\/avatar\\\/61d268e57d1f4525b111222e29d2d5a7f8c420fdbf231ba5566a8ceac74fa960?s=96&d=mm&r=g\",\"contentUrl\":\"https:\\\/\\\/secure.gravatar.com\\\/avatar\\\/61d268e57d1f4525b111222e29d2d5a7f8c420fdbf231ba5566a8ceac74fa960?s=96&d=mm&r=g\",\"caption\":\"Tibor atya\"},\"url\":\"https:\\\/\\\/stuttgarti-katolikusok.de\\\/index.php\\\/author\\\/tibor-atya\\\/\"}]}<\/script>\n<!-- \/ Yoast SEO plugin. -->","yoast_head_json":{"title":"A Szent Csal\u00e1d: J\u00e9zus, M\u00e1ria \u00e9s J\u00f3zsef\u00a0 - Stuttgarti Katolikusok","robots":{"index":"index","follow":"follow","max-snippet":"max-snippet:-1","max-image-preview":"max-image-preview:large","max-video-preview":"max-video-preview:-1"},"canonical":"https:\/\/stuttgarti-katolikusok.de\/index.php\/a-szent-csalad-jezus-maria-es-jozsef\/","og_locale":"hu_HU","og_type":"article","og_title":"A Szent Csal\u00e1d: J\u00e9zus, M\u00e1ria \u00e9s J\u00f3zsef\u00a0 - Stuttgarti Katolikusok","og_description":"Kezd\u0151\u00e9nek: A p\u00e1sztorok gyorsan \u00fatra keltek \u00e9s megtal\u00e1lt\u00e1k M\u00e1ri\u00e1t, J\u00f3zsefet \u00e9s a j\u00e1szolban fekv\u0151 Gyermeket. (Lk 2,16) K\u00f6ny\u00f6rg\u00e9s: Isten\u00fcnk, te ragyog\u00f3 p\u00e9ldak\u00e9pnek \u00e1ll\u00edtod el\u00e9nk a Szent Csal\u00e1dot. Seg\u00edts, hogy nyomukban j\u00e1rjunk: gyakoroljuk a csal\u00e1di \u00e9let er\u00e9nyeit, mindig egyek maradjunk a szeretetben, \u00e9s \u00edgy atyai h\u00e1zadban \u00f6rvendezz\u00fcnk \u00f6r\u00f6k jutalmadnak. A mi Urunk, J\u00e9zus Krisztus, a te Fiad \u00e1ltal, aki veled \u00e9l \u00e9s uralkodik a Szentl\u00e9lekkel egys\u00e9gben, Isten mind\u00f6r\u00f6kk\u00f6n \u00f6r\u00f6kk\u00e9. Amennyiben nem vas\u00e1rnap \u00fcnneplik csak egy olvasm\u00e1nyt kell venni az evang\u00e9lium el\u0151tt. OLVASM\u00c1NY Sir\u00e1k fia k\u00f6nyv\u00e9b\u0151l Aki f\u00e9li az Urat, tiszteli sz\u00fcleit. Isten tekint\u00e9lyt adott az ap\u00e1nak a gyermekek el\u0151tt, \u00e9s megszabta az anya jog\u00e1t a gyermekekkel szemben. Aki tiszteli apj\u00e1t, b\u0171neit engeszteli, megszabadul t\u0151l\u00fck, \u00e9s mindennapi im\u00e1ja meghallgat\u00e1sra tal\u00e1l. Kincset gy\u0171jt mag\u00e1nak, aki megbecs\u00fcli anyj\u00e1t, aki pedig tiszteli apj\u00e1t, \u00f6r\u00f6m\u00e9t leli gyermekeiben, s amikor im\u00e1dkozik, meghallgat\u00e1sra tal\u00e1l. Aki becs\u00fcli apj\u00e1t, hossz\u00fa \u00e9let\u0171 lesz, s aki sz\u00f3t fogad apj\u00e1nak, fel\u00fcd\u00edti anyj\u00e1t. Fiam! Legyen gondod ap\u00e1dra \u00f6regs\u00e9g\u00e9ben, \u00e9s ne keser\u00edtsd \u0151t \u00e9let\u00e9ben. Ha meg is fogyatkozik erej\u00e9ben, l\u00e9gy eln\u00e9z\u0151 ir\u00e1nta, \u00e9s ne vesd meg \u00e9let\u00e9nek egy napj\u00e1n se. Ap\u00e1d ir\u00e1nt tan\u00fas\u00edtott j\u00f3 cselekedeted nem megy feled\u00e9sbe, \u00e9s elsz\u00e1molj\u00e1k neked b\u0171neid\u00e9rt. A j\u00f3tett fej\u00e9ben majd gyarapodni fogsz. Ez az Isten ig\u00e9je. Sir 3,3-7.14-17a (gr. 2-6.12-14) V\u00c1LASZOS ZSOLT\u00c1R V\u00e1lasz:\u00a0Boldog ember, ki f\u00e9li az Urat, * aki az \u00darnak \u00f6sv\u00e9ny\u00e9n halad.\u00a06. t\u00f3nus. El\u0151\u00e9nekes: Boldog mindaz, ki f\u00e9li az Urat, * aki az \u0151 \u00fatjain j\u00e1r. Kezed munk\u00e1j\u00e1b\u00f3l \u00e9lhetsz, * boldog leszel, \u00e9s j\u00f3l megy sorod. H\u00edvek: Boldog ember, ki f\u00e9li az Urat, * aki az \u00darnak \u00f6sv\u00e9ny\u00e9n halad. E: Feles\u00e9ged olyan, mint a term\u0151 sz\u0151l\u0151t\u0151, * a te h\u00e1zad bensej\u00e9ben. Fiaid olyanok, mint az olajfacsemet\u00e9k, * \u00fagy veszik k\u00f6r\u00fcl asztalodat. H: Boldog ember, ki f\u00e9li az Urat, * aki az \u00darnak \u00f6sv\u00e9ny\u00e9n halad. E: \u00cdme, ilyen \u00e1ld\u00e1sban r\u00e9szes\u00fcl az az ember, * aki f\u00e9li az Urat.... R\u00e9szletek","og_url":"https:\/\/stuttgarti-katolikusok.de\/index.php\/a-szent-csalad-jezus-maria-es-jozsef\/","og_site_name":"Stuttgarti Katolikusok","article_published_time":"2022-12-29T12:19:31+00:00","article_modified_time":"2023-01-05T12:23:19+00:00","og_image":[{"width":2000,"height":1125,"url":"https:\/\/stuttgarti-katolikusok.de\/wp-content\/uploads\/2022\/12\/whatsapp-kep-2022-12-30-200234.jpg","type":"image\/jpeg"}],"author":"Tibor atya","twitter_card":"summary_large_image","twitter_misc":{"Szerz\u0151:":"Tibor atya","Becs\u00fclt olvas\u00e1si id\u0151":"6 perc"},"schema":{"@context":"https:\/\/schema.org","@graph":[{"@type":"Article","@id":"https:\/\/stuttgarti-katolikusok.de\/index.php\/a-szent-csalad-jezus-maria-es-jozsef\/#article","isPartOf":{"@id":"https:\/\/stuttgarti-katolikusok.de\/index.php\/a-szent-csalad-jezus-maria-es-jozsef\/"},"author":{"name":"Tibor atya","@id":"https:\/\/stuttgarti-katolikusok.de\/#\/schema\/person\/75908d6f8fdc03a57889d27209df7795"},"headline":"A Szent Csal\u00e1d: J\u00e9zus, M\u00e1ria \u00e9s J\u00f3zsef\u00a0","datePublished":"2022-12-29T12:19:31+00:00","dateModified":"2023-01-05T12:23:19+00:00","mainEntityOfPage":{"@id":"https:\/\/stuttgarti-katolikusok.de\/index.php\/a-szent-csalad-jezus-maria-es-jozsef\/"},"wordCount":1587,"image":{"@id":"https:\/\/stuttgarti-katolikusok.de\/index.php\/a-szent-csalad-jezus-maria-es-jozsef\/#primaryimage"},"thumbnailUrl":"https:\/\/stuttgarti-katolikusok.de\/wp-content\/uploads\/2022\/12\/whatsapp-kep-2022-12-30-200234.jpg","articleSection":["Vas\u00e1rnapi gondolatok"],"inLanguage":"hu"},{"@type":"WebPage","@id":"https:\/\/stuttgarti-katolikusok.de\/index.php\/a-szent-csalad-jezus-maria-es-jozsef\/","url":"https:\/\/stuttgarti-katolikusok.de\/index.php\/a-szent-csalad-jezus-maria-es-jozsef\/","name":"A Szent Csal\u00e1d: J\u00e9zus, M\u00e1ria \u00e9s J\u00f3zsef\u00a0 - Stuttgarti Katolikusok","isPartOf":{"@id":"https:\/\/stuttgarti-katolikusok.de\/#website"},"primaryImageOfPage":{"@id":"https:\/\/stuttgarti-katolikusok.de\/index.php\/a-szent-csalad-jezus-maria-es-jozsef\/#primaryimage"},"image":{"@id":"https:\/\/stuttgarti-katolikusok.de\/index.php\/a-szent-csalad-jezus-maria-es-jozsef\/#primaryimage"},"thumbnailUrl":"https:\/\/stuttgarti-katolikusok.de\/wp-content\/uploads\/2022\/12\/whatsapp-kep-2022-12-30-200234.jpg","datePublished":"2022-12-29T12:19:31+00:00","dateModified":"2023-01-05T12:23:19+00:00","author":{"@id":"https:\/\/stuttgarti-katolikusok.de\/#\/schema\/person\/75908d6f8fdc03a57889d27209df7795"},"breadcrumb":{"@id":"https:\/\/stuttgarti-katolikusok.de\/index.php\/a-szent-csalad-jezus-maria-es-jozsef\/#breadcrumb"},"inLanguage":"hu","potentialAction":[{"@type":"ReadAction","target":["https:\/\/stuttgarti-katolikusok.de\/index.php\/a-szent-csalad-jezus-maria-es-jozsef\/"]}]},{"@type":"ImageObject","inLanguage":"hu","@id":"https:\/\/stuttgarti-katolikusok.de\/index.php\/a-szent-csalad-jezus-maria-es-jozsef\/#primaryimage","url":"https:\/\/stuttgarti-katolikusok.de\/wp-content\/uploads\/2022\/12\/whatsapp-kep-2022-12-30-200234.jpg","contentUrl":"https:\/\/stuttgarti-katolikusok.de\/wp-content\/uploads\/2022\/12\/whatsapp-kep-2022-12-30-200234.jpg","width":2000,"height":1125},{"@type":"BreadcrumbList","@id":"https:\/\/stuttgarti-katolikusok.de\/index.php\/a-szent-csalad-jezus-maria-es-jozsef\/#breadcrumb","itemListElement":[{"@type":"ListItem","position":1,"name":"Kezd\u0151lap","item":"https:\/\/stuttgarti-katolikusok.de\/"},{"@type":"ListItem","position":2,"name":"A Szent Csal\u00e1d: J\u00e9zus, M\u00e1ria \u00e9s J\u00f3zsef\u00a0"}]},{"@type":"WebSite","@id":"https:\/\/stuttgarti-katolikusok.de\/#website","url":"https:\/\/stuttgarti-katolikusok.de\/","name":"Stuttgarti Katolikusok","description":"","potentialAction":[{"@type":"SearchAction","target":{"@type":"EntryPoint","urlTemplate":"https:\/\/stuttgarti-katolikusok.de\/?s={search_term_string}"},"query-input":{"@type":"PropertyValueSpecification","valueRequired":true,"valueName":"search_term_string"}}],"inLanguage":"hu"},{"@type":"Person","@id":"https:\/\/stuttgarti-katolikusok.de\/#\/schema\/person\/75908d6f8fdc03a57889d27209df7795","name":"Tibor atya","image":{"@type":"ImageObject","inLanguage":"hu","@id":"https:\/\/secure.gravatar.com\/avatar\/61d268e57d1f4525b111222e29d2d5a7f8c420fdbf231ba5566a8ceac74fa960?s=96&d=mm&r=g","url":"https:\/\/secure.gravatar.com\/avatar\/61d268e57d1f4525b111222e29d2d5a7f8c420fdbf231ba5566a8ceac74fa960?s=96&d=mm&r=g","contentUrl":"https:\/\/secure.gravatar.com\/avatar\/61d268e57d1f4525b111222e29d2d5a7f8c420fdbf231ba5566a8ceac74fa960?s=96&d=mm&r=g","caption":"Tibor atya"},"url":"https:\/\/stuttgarti-katolikusok.de\/index.php\/author\/tibor-atya\/"}]}},"_links":{"self":[{"href":"https:\/\/stuttgarti-katolikusok.de\/index.php\/wp-json\/wp\/v2\/posts\/24260","targetHints":{"allow":["GET"]}}],"collection":[{"href":"https:\/\/stuttgarti-katolikusok.de\/index.php\/wp-json\/wp\/v2\/posts"}],"about":[{"href":"https:\/\/stuttgarti-katolikusok.de\/index.php\/wp-json\/wp\/v2\/types\/post"}],"author":[{"embeddable":true,"href":"https:\/\/stuttgarti-katolikusok.de\/index.php\/wp-json\/wp\/v2\/users\/3"}],"replies":[{"embeddable":true,"href":"https:\/\/stuttgarti-katolikusok.de\/index.php\/wp-json\/wp\/v2\/comments?post=24260"}],"version-history":[{"count":1,"href":"https:\/\/stuttgarti-katolikusok.de\/index.php\/wp-json\/wp\/v2\/posts\/24260\/revisions"}],"predecessor-version":[{"id":24261,"href":"https:\/\/stuttgarti-katolikusok.de\/index.php\/wp-json\/wp\/v2\/posts\/24260\/revisions\/24261"}],"wp:featuredmedia":[{"embeddable":true,"href":"https:\/\/stuttgarti-katolikusok.de\/index.php\/wp-json\/wp\/v2\/media\/24211"}],"wp:attachment":[{"href":"https:\/\/stuttgarti-katolikusok.de\/index.php\/wp-json\/wp\/v2\/media?parent=24260"}],"wp:term":[{"taxonomy":"category","embeddable":true,"href":"https:\/\/stuttgarti-katolikusok.de\/index.php\/wp-json\/wp\/v2\/categories?post=24260"},{"taxonomy":"post_tag","embeddable":true,"href":"https:\/\/stuttgarti-katolikusok.de\/index.php\/wp-json\/wp\/v2\/tags?post=24260"}],"curies":[{"name":"wp","href":"https:\/\/api.w.org\/{rel}","templated":true}]}}